{"id":39596,"date":"2014-09-22T08:32:47","date_gmt":"2014-09-22T06:32:47","guid":{"rendered":"http:\/\/somos.vicencianos.org\/blog\/2011\/05\/pedro-jose-triest\/"},"modified":"2014-09-22T08:32:47","modified_gmt":"2014-09-22T06:32:47","slug":"pedro-jose-triest","status":"publish","type":"post","link":"http:\/\/vincentians.com\/es\/pedro-jose-triest\/","title":{"rendered":"Pedro Jos\u00e9 Triest"},"content":{"rendered":"<p>(1760\u20131836)<\/p>\n<h2>Fundador<\/h2>\n<ul>\n<li>de las Hermanas de la Caridad de Jes\u00fas y Mar\u00eda, (1803),<\/li>\n<li>de los Hermanos de la Caridad, (1807),<\/li>\n<li>de los Hermanos de San Juan de Dios (1825) y<\/li>\n<li>de las Hermanas de la Infancia de Jes\u00fas (1835).<\/li>\n<\/ul>\n<h2>Su vida<\/h2>\n<p><a href=\"https:\/\/i0.wp.com\/vicencianos.org\/wp-content\/2011\/05\/Canontriest.jpg\"><img data-recalc-dims=\"1\" loading=\"lazy\" decoding=\"async\" class=\"alignright size-medium wp-image-39597\" title=\"Canontriest\" src=\"https:\/\/i0.wp.com\/vicencianos.org\/wp-content\/2011\/05\/Canontriest-250x300.jpg?resize=250%2C300\" alt=\"\" width=\"250\" height=\"300\" \/><\/a>Pedro Jos\u00e9 Triest, llamado por muchos el Vicente de Pa\u00fal belga, marc\u00f3 un camino de Caritas y teji\u00f3 una red de instituciones para el cuidado de los pobres. Despu\u00e9s de la Revoluci\u00f3n francesa, curante la cual hab\u00eda vivido en la durante cinco a\u00f1os en Ronse como sacerdote, Triest fue la primera persona que inici\u00f3 varias iniciativas en la regi\u00f3n de Gante. Aquellas iniciativas van a comprometer plenamente a la Iglesia una vez m\u00e1s, e incluso ejercer un liderazgo eclesial en el cuidado de los pobres y de los enfermos. Ya en 1800, Triest inaugura en Ronse un taller para hu\u00e9rfanos. Tres a\u00f1os despu\u00e9s, siendo p\u00e1rroco de Lovendegem, funda con un grupo de mujeres una congregaci\u00f3n para el cuidado de los pobres, de los enfermos y para la educaci\u00f3n de los ni\u00f1os. Es su intenci\u00f3n de incorporar esta iniciativa local con las Hijas de la Caridad de san Vicente de Pa\u00fal. Sin embargo, esto no es aceptado por las Hijas de la Caridad. El obispo, Mons Fallot de Beaumont, decide reconocer esta congregaci\u00f3n bajo el nombre de las Hermanas de la Caridad de Jes\u00fas y Mar\u00eda. Triest. En la regla que escribe para ellos, Triest establece un equilibrio entre la contemplaci\u00f3n de san Bernardo y el compromiso caritativo activo de san Vicente de Pa\u00fal. Notado por su dedicaci\u00f3n, est\u00e1 llamado a Gante, junto con sus hermanas, para asumir el cuidado de los enfermos incurables en la vieja abad\u00eda de Ter Haegen. El 26 de Diciembre de 1806, se le designa oficialmente como Superior general de las Hermanas, y se le otorga el t\u00edtulo honorario de Can\u00f3nigo de la Catedral de San Bav\u00f3nel 14 de Enero de 1807.<\/p>\n<div>\n<div>1807 ser\u00e1 un a\u00f1o extraordinario para los 47 a\u00f1os del fundador: el 11 de Julio de 1807, est\u00e1 encargado del Hospital Civil de la Biloque. Menos de una semana m\u00e1s tarde, est\u00e1 nombrado miembro del \u00abComit\u00e9 de Orden y Econom\u00eda \u00ab, a fin de supervisar mejor la gesti\u00f3n de las diferentes instituciones de caridad de la ciudad. El 17 de Octubre de 1807, se le designa como miembro de la Comisi\u00f3n de los Hospicios Civiles de Gante y del Comit\u00e9 de Socorro a los pobres. Finalmente, el 12 de Diciembre del mismo a\u00f1o, es nombrado como administrador de los \u00abPeque\u00f1os Hospicios\u00bb y los exp\u00f3sitos y ni\u00f1os abandonados. Por lo tanto, Triest ocupa un puesto en la estructura de la coordinaci\u00f3n y la gesti\u00f3n de los servicios para los pobres y enfermos de la ciudad de Gante. Ocupar\u00e1 esas funciones por unos 30 a\u00f1os. En ese mismo a\u00f1o, el 28 de Diciembre de 1807, tambi\u00e9n inicia una segunda congregaci\u00f3n con unos cuantos hombres j\u00f3venes, en la Biloque, donde el cuidado a los ancianos dejaba mucho que desear. Esos j\u00f3venes ser\u00e1n conocidos como los Hermanos Hospitalarios de San Vicente, y m\u00e1s tarde como los Hermanos de la Caridad. Ser\u00e1n reconocidos como comunidad religiosa el 26 de Noviembre de 1811. Con ellos, Triest se har\u00e1 cargo en 1815 del cuidado de los enfermos mentales en el Castillo \u00abGerardo el Diablo\u00bb. Al hacerlo, llamar\u00e1 la atenci\u00f3n p\u00fablica sobre la condici\u00f3n de los enfermos mentales. Triest y sus congregaciones tambi\u00e9n se preocupar\u00e1n de la educaci\u00f3n de las personas con discapacidades. En 1815, las Hermanas de la Caridad abrir\u00e1n su primera escuela; y los Hermanos de la Caridad seguir\u00e1n su ejemplo un a\u00f1o despu\u00e9s la Byloke. En 1820, se iniciar\u00e1n proyectos de una escuela para ni\u00f1as sordas y, en 1825, para ni\u00f1os sordos. Para los cuidados a domicilio, Triest fundar\u00e1 una tercera congregaci\u00f3n en 1825: los Hermanos de San Juan de Dios. Un a\u00f1o antes de su muerte, en 1835, fundar\u00e1 una cuarta congregaci\u00f3n: las Hermanas de la Infancia de Jes\u00fas para la ayuda y el cuidado de los ni\u00f1os exp\u00f3sitos y abandonados. Triest fallece en Gante el 24 de Junio de 1836. Ser\u00e1 nombrado \u00abServidor de Dios\u00bb en 2001.<\/div>\n<\/div>\n<h2><strong>Una alta sensibilidad hacia los pobres<\/strong><\/h2>\n<p>Ya desde joven, Trieste manifiesta una extraordinaria sensibilidad hacia los pobres. Sus bi\u00f3grafos mencionan c\u00f3mo, siendo estudiante en Geel, compr\u00f3 con sus ahorros comida para los enfermos mentales. Tambi\u00e9n, como joven sacerdote, lo vemos cuidar de los hijos de madres solteras, y cuando, en 1795, surge un brote de fiebre tifoidea en Malinas, trabaja d\u00eda y noche para cuidar de los enfermos hasta que cae v\u00edctima de la enfermedad y tuvo que guardar cama durante meses. En Ronse, los cinco a\u00f1os durante los cuales Triest tuvo que vivir en la clandestinidad fueron determinantes para \u00e9l. Se consolid\u00f3 su vida espiritual, y lo que estaba presente en \u00e9l como una actitud de base se convirti\u00f3 en una decisi\u00f3n consciente: el amor de Dios lo llev\u00f3 a dedicar su vida sirviendo al pr\u00f3jimo, especialmente a los m\u00e1s necesitados. Su valor se manifest\u00f3 cuando, en Ronse, a pesar del riesgo de ser detenido, atendr\u00e1 a la esposa enferma del Brigadier Cotton en el mismo recinto del cuartel. Las palabras que utilizar\u00e1 en su primer serm\u00f3n p\u00fablico son bastante conmovedoras: \u00abAdem\u00e1s de mi ense\u00f1anza y de mi ejemplo, mi deber es mi servicio: Debo darles mi atenci\u00f3n, mi trabajo, mi descanso, no s\u00f3lo una vez, sino siempre, d\u00eda y noche\u00bb. Por as\u00ed decirlo, su ense\u00f1anza, su ejemplo y su servicio expresan su misi\u00f3n y el programa que inspirar\u00e1 el resto de su vida. Al momento en que, finalmente, la situaci\u00f3n le permite ampliar los servicios a los pobres, sus bi\u00f3grafos escriben: \u00abDesde hace mucho tiempo el Esp\u00edritu de Dios le hab\u00eda inspirado con gran y ardiente celo junto con el car\u00e1cter vivo, que era una prueba seria para \u00e9l durante muchos a\u00f1os, porque \u00e9l miraba el mal sin poder remediarlo.\u00bb \u00abAl Padre Triest ya viejo, le gustaba referirse a ese momento decisivo. El hablaba con l\u00e1grimas de la bondad de Dios que hab\u00eda alentado su celo y que apoyaba su esfuerzo constante por el bienestar del pr\u00f3jimo\u00bb.<\/p>\n<h2><strong>Un hombre con una visi\u00f3n clara del cuidado de los pobres<\/strong><\/h2>\n<p>Desde el punto de vista de los pobres, se puede describir a Triest en cuatro palabras: el amor es el manantial; el servicio es el camino; la atenci\u00f3n completa es el m\u00e9todo; y la alegr\u00eda de la resurrecci\u00f3n es la perspectiva.<\/p>\n<h3><strong>El amor como manantial<\/strong><\/h3>\n<p><a href=\"https:\/\/i0.wp.com\/vicencianos.org\/wp-content\/2011\/05\/Poemtriestesp.jpg\"><img data-recalc-dims=\"1\" loading=\"lazy\" decoding=\"async\" class=\"alignright size-large wp-image-39599\" title=\"Poemtriestesp\" src=\"https:\/\/i0.wp.com\/vicencianos.org\/wp-content\/2011\/05\/Poemtriestesp-514x1024.jpg?resize=365%2C728\" alt=\"\" width=\"365\" height=\"728\" \/><\/a>\u00abNada es m\u00e1s fuerte que el amor por que es la fuente de todas las cosas. Te digo que el amor tiene un poder especial para mover a alguien y conquistar su esp\u00edritu, porque su elocuencia llega a lo m\u00e1s profundo de los corazones\u00bb. De su relaci\u00f3n con Dios, Triest entiende que, finalmente, todo es amor. As\u00ed resulta que usar\u00e1 la fuerza del amor de Dios para ayudar a su pr\u00f3jimo. Un amor arraigado en el amor divino. \u00abEl que conf\u00eda en su propio poder se enga\u00f1a a s\u00ed mismo. Para amar con toda el alma, debemos confiar en la gracia, recurrir constantemente a Dios misericordioso. Siempre hacer nuestras obras de caridad en esp\u00edritu de fe, nuestra mente fijada en Dios. Dar nosotros mismos; y cuando estamos cansados y exhaustos de dar, ir al Se\u00f1or, llamar a la puerta de nuestro \u00fanico Maestro. Porque s\u00f3lo en el Se\u00f1or se encuentra la verdadera salvaci\u00f3n.\u00bb Movido por ese amor, Triest tambi\u00e9n intenta servir a Jes\u00fas mismo en los pobres. El amor al pr\u00f3jimo se convierte en un encuentro con Dios. \u00abVayan al enfermo con humildad y respeto, v\u00e9anlo como si fuera Cristo mismo sufriendo. Si algunas enfermedades les desaniman a ustedes, entonces deben apoyarse en la fuerza de la fe. El amor nos da fuerzas que la naturaleza no puede proporcionar.\u00bb<\/p>\n<h3><strong>Servicio como ruta de acceso<\/strong><\/h3>\n<p>En su declaraci\u00f3n de misi\u00f3n de 1802, Triest ya habla del servicio como la continuaci\u00f3n de su ense\u00f1anza y de su ejemplo. Les dice a sus feligreses: \u00abMi deber en tercer lugar, queridos amigos, es el servicio, en otras palabras, les debo mis vigilias, mi atenci\u00f3n, mi trabajo, mi descanso, no s\u00f3lo a horas fijas, pero en cada momento, cada d\u00eda y cada noche, incluso si los caminos son largos, malogrados y barrosos. Ll\u00e1menme cuando quieran y no tengan miedo de molestarme. Soy feliz cuando, a imitaci\u00f3n de Jesucristo, mi Se\u00f1or, puedo sacrificar mi descanso, mi salud e incluso mi vida.\u00bb Despu\u00e9s, \u00e9l cumplir\u00e1 estas palabras como una regla de vida. Una conocida historia es la de Triest renunciando a su propia cama por una persona enferma mientras se pasaba varias noches en una silla. El cuidado de los enfermos tambi\u00e9n debe llevarse a cabo en este esp\u00edritu de servicio. \u00abA fin de observar fielmente la promesa de servir a los enfermos, no basta con querer servir a unos s\u00ed y a otros no, dar con entusiasmo a unos todo lo que necesitan y servir a los dem\u00e1s a medias. Deben tener para cada uno el mismo amor y la misma atenci\u00f3n\u00bb. Este servicio se expresa en la misma sensibilidad que encontramos en san Vicente. \u00abTratar a todos con gentileza y amabilidad. Tratar de servir y agradar a la medida de lo posible. Ayudar a los enfermos y a los pobres con el mayor cuidado y la m\u00e1xima atenci\u00f3n.\u00bb<\/p>\n<h3><strong>Atenci\u00f3n completa como m\u00e9todo<\/strong><\/h3>\n<p>Triest tambi\u00e9n toma en consideraci\u00f3n al hombre completo en todas sus necesidades. Esta atenci\u00f3n completa es muy bellamente expresada en una carta a las Hermanas de la Caridad el 30 de Diciembre de 1828. \u00abDe hecho, ustedes imitan a la Providencia divina, por que alimentan a los pobres de Jesucristo, traen el man\u00e1 sobre los hambrientos, sacian la sed de los sedientos. \u00bfConocen la situaci\u00f3n de miseria de los desgraciados, de los pobres y enfermos que nunca disfrutan de un d\u00eda agradable, para quien, por as\u00ed decirlo, el sol no brilla y la tierra, que produce flores solamente para los ricos, s\u00f3lo produce espinos y abrojos; personas desafortunadas que, despojados de todo, parecen estar m\u00e1s muertas que vivas? \u00bfDar a la gente la ropa con la que pueden cubrirse a s\u00ed misma, los medicamentos para curar sus enfermedades, si no completamente, al menos para mitigarlos, proporcion\u00e1ndoles una cama, para que su cuerpo herido y enfermo pueda descansar; atender a sus heridas sucias y malolientes para aliviarlas: no es eso crear un sol para ellos, y producir una tierra nueva? \u00bfNo es como resucitarles y arrancarles de las garras de la muerte?\u00bb Cada acto de cuidado de los pobres debe basarse en el conocimiento de la persona. Y, por supuesto, en la atenci\u00f3n del dolor f\u00edsico ser\u00e1n tratadas tambi\u00e9n las necesidades psicol\u00f3gicas y sociales.<\/p>\n<h3><strong>La alegr\u00eda de la Resurrecci\u00f3n como perspectiva<\/strong><\/h3>\n<p>Sin embargo, la perspectiva \u00faltima es la alegr\u00eda de la Resurrecci\u00f3n: arrancarlos de las garras de la muerte, creando un sol para ellos. Para Triest, la atenci\u00f3n a los pobres ya es para ellos una imagen de la resurrecci\u00f3n, d\u00e1ndoles una nueva esperanza, a pesar de su pobreza y de sus sufrimientos. La resurrecci\u00f3n est\u00e1 fomentada a trav\u00e9s de obras concretas de misericordia donde ya uno puede experimentar lo que significa vivir como el pueblo de los resucitados.<\/p>\n<h2><strong>Conclusi\u00f3n<\/strong><\/h2>\n<p>El proceso de beatificaci\u00f3n del Siervo de Dios, Pedro Jos\u00e9 Triest fue inaugurado en 2001. Ya podemos rezar con estas palabras: En una \u00e9poca revuelta, \u00e9l abri\u00f3 su coraz\u00f3n al amor de Dios y movido por la caridad, dio a los pobres, enfermos, marginados y excluidos el mejor de su vida hasta el fin. Desea que participen tambi\u00e9n en la alegr\u00eda de la resurrecci\u00f3n. Traz\u00f3 un sendero de iniciativas de caridad. \u00a1Que su ejemplo nos inspire a comprender y testimoniar que Dios es amor!<\/p>\n","protected":false},"excerpt":{"rendered":"<p>(1760\u20131836) Fundador de las Hermanas de la Caridad de Jes\u00fas y Mar\u00eda, (1803), de los Hermanos de la Caridad, (1807), de los Hermanos de San Juan de Dios (1825) y de las Hermanas de la &#8230; <a href=\"http:\/\/vincentians.com\/es\/pedro-jose-triest\/\" class=\"more-link\">Read More<\/a><\/p>\n","protected":false},"author":4,"featured_media":39597,"comment_status":"open","ping_status":"open","sticky":false,"template":"","format":"standard","meta":{"jetpack_post_was_ever_published":false,"_jetpack_newsletter_access":"","_jetpack_dont_email_post_to_subs":false,"_jetpack_newsletter_tier_id":0,"_jetpack_memberships_contains_paywalled_content":false,"_jetpack_memberships_contains_paid_content":false,"footnotes":"","jetpack_publicize_message":"","jetpack_publicize_feature_enabled":true,"jetpack_social_post_already_shared":true,"jetpack_social_options":{"image_generator_settings":{"template":"highway","default_image_id":0,"font":"","enabled":false},"version":2}},"categories":[316],"tags":[172],"class_list":["post-39596","post","type-post","status-publish","format-standard","has-post-thumbnail","hentry","category-hermanos-de-la-caridad","tag-pobreza"],"yoast_head":"<!-- This site is optimized with the Yoast SEO plugin v26.3 - https:\/\/yoast.com\/wordpress\/plugins\/seo\/ -->\n<title>Pedro Jos\u00e9 Triest - Somos Vicencianos<\/title>\n<meta name=\"robots\" content=\"index, follow, max-snippet:-1, max-image-preview:large, max-video-preview:-1\" \/>\n<link rel=\"canonical\" href=\"http:\/\/vincentians.com\/es\/pedro-jose-triest\/\" \/>\n<meta property=\"og:locale\" content=\"es_ES\" \/>\n<meta property=\"og:type\" content=\"article\" \/>\n<meta property=\"og:title\" content=\"Pedro Jos\u00e9 Triest - Somos Vicencianos\" \/>\n<meta property=\"og:description\" content=\"(1760\u20131836) Fundador de las Hermanas de la Caridad de Jes\u00fas y Mar\u00eda, (1803), de los Hermanos de la Caridad, (1807), de los Hermanos de San Juan de Dios (1825) y de las Hermanas de la ... Read More\" \/>\n<meta property=\"og:url\" content=\"http:\/\/vincentians.com\/es\/pedro-jose-triest\/\" \/>\n<meta property=\"og:site_name\" content=\"Somos Vicencianos\" \/>\n<meta property=\"article:publisher\" content=\"https:\/\/www.facebook.com\/WeAreVincentians\/\" \/>\n<meta property=\"article:author\" content=\"https:\/\/www.facebook.com\/JavierChento\" \/>\n<meta property=\"article:published_time\" content=\"2014-09-22T06:32:47+00:00\" \/>\n<meta name=\"author\" content=\"Francisco Javier Fern\u00e1ndez Chento\" \/>\n<meta name=\"twitter:card\" content=\"summary_large_image\" \/>\n<meta name=\"twitter:creator\" content=\"@https:\/\/twitter.com\/javierchento\" \/>\n<meta name=\"twitter:site\" content=\"@WeVincentians\" \/>\n<meta name=\"twitter:label1\" content=\"Escrito por\" \/>\n\t<meta name=\"twitter:data1\" content=\"Francisco Javier Fern\u00e1ndez Chento\" \/>\n\t<meta name=\"twitter:label2\" content=\"Tiempo de lectura\" \/>\n\t<meta name=\"twitter:data2\" content=\"10 minutos\" \/>\n<script type=\"application\/ld+json\" class=\"yoast-schema-graph\">{\"@context\":\"https:\/\/schema.org\",\"@graph\":[{\"@type\":\"Article\",\"@id\":\"http:\/\/vincentians.com\/es\/pedro-jose-triest\/#article\",\"isPartOf\":{\"@id\":\"http:\/\/vincentians.com\/es\/pedro-jose-triest\/\"},\"author\":{\"name\":\"Francisco Javier Fern\u00e1ndez Chento\",\"@id\":\"http:\/\/vincentians.com\/es\/#\/schema\/person\/9623ef4d9aa3b2dfb8c061f1499288f2\"},\"headline\":\"Pedro Jos\u00e9 Triest\",\"datePublished\":\"2014-09-22T06:32:47+00:00\",\"mainEntityOfPage\":{\"@id\":\"http:\/\/vincentians.com\/es\/pedro-jose-triest\/\"},\"wordCount\":2066,\"commentCount\":0,\"publisher\":{\"@id\":\"http:\/\/vincentians.com\/es\/#organization\"},\"image\":{\"@id\":\"http:\/\/vincentians.com\/es\/pedro-jose-triest\/#primaryimage\"},\"thumbnailUrl\":\"\",\"keywords\":[\"Pobreza\"],\"articleSection\":[\"Hermanos de la Caridad\"],\"inLanguage\":\"es\",\"potentialAction\":[{\"@type\":\"CommentAction\",\"name\":\"Comment\",\"target\":[\"http:\/\/vincentians.com\/es\/pedro-jose-triest\/#respond\"]}]},{\"@type\":\"WebPage\",\"@id\":\"http:\/\/vincentians.com\/es\/pedro-jose-triest\/\",\"url\":\"http:\/\/vincentians.com\/es\/pedro-jose-triest\/\",\"name\":\"Pedro Jos\u00e9 Triest - Somos Vicencianos\",\"isPartOf\":{\"@id\":\"http:\/\/vincentians.com\/es\/#website\"},\"primaryImageOfPage\":{\"@id\":\"http:\/\/vincentians.com\/es\/pedro-jose-triest\/#primaryimage\"},\"image\":{\"@id\":\"http:\/\/vincentians.com\/es\/pedro-jose-triest\/#primaryimage\"},\"thumbnailUrl\":\"\",\"datePublished\":\"2014-09-22T06:32:47+00:00\",\"breadcrumb\":{\"@id\":\"http:\/\/vincentians.com\/es\/pedro-jose-triest\/#breadcrumb\"},\"inLanguage\":\"es\",\"potentialAction\":[{\"@type\":\"ReadAction\",\"target\":[\"http:\/\/vincentians.com\/es\/pedro-jose-triest\/\"]}]},{\"@type\":\"ImageObject\",\"inLanguage\":\"es\",\"@id\":\"http:\/\/vincentians.com\/es\/pedro-jose-triest\/#primaryimage\",\"url\":\"\",\"contentUrl\":\"\"},{\"@type\":\"BreadcrumbList\",\"@id\":\"http:\/\/vincentians.com\/es\/pedro-jose-triest\/#breadcrumb\",\"itemListElement\":[{\"@type\":\"ListItem\",\"position\":1,\"name\":\"Portada\",\"item\":\"http:\/\/vincentians.com\/es\/\"},{\"@type\":\"ListItem\",\"position\":2,\"name\":\"Pedro Jos\u00e9 Triest\"}]},{\"@type\":\"WebSite\",\"@id\":\"http:\/\/vincentians.com\/es\/#website\",\"url\":\"http:\/\/vincentians.com\/es\/\",\"name\":\"Somos Vicencianos\",\"description\":\"Know more to serve more\",\"publisher\":{\"@id\":\"http:\/\/vincentians.com\/es\/#organization\"},\"potentialAction\":[{\"@type\":\"SearchAction\",\"target\":{\"@type\":\"EntryPoint\",\"urlTemplate\":\"http:\/\/vincentians.com\/es\/?s={search_term_string}\"},\"query-input\":{\"@type\":\"PropertyValueSpecification\",\"valueRequired\":true,\"valueName\":\"search_term_string\"}}],\"inLanguage\":\"es\"},{\"@type\":\"Organization\",\"@id\":\"http:\/\/vincentians.com\/es\/#organization\",\"name\":\"The Vincentian Network\",\"url\":\"http:\/\/vincentians.com\/es\/\",\"logo\":{\"@type\":\"ImageObject\",\"inLanguage\":\"es\",\"@id\":\"http:\/\/vincentians.com\/es\/#\/schema\/logo\/image\/\",\"url\":\"https:\/\/i1.wp.com\/vincentians.com\/es\/wp-content\/uploads\/sites\/11\/2016\/06\/Vincentian-Network-logo-big.png?fit=778%2C778\",\"contentUrl\":\"https:\/\/i1.wp.com\/vincentians.com\/es\/wp-content\/uploads\/sites\/11\/2016\/06\/Vincentian-Network-logo-big.png?fit=778%2C778\",\"width\":778,\"height\":778,\"caption\":\"The Vincentian Network\"},\"image\":{\"@id\":\"http:\/\/vincentians.com\/es\/#\/schema\/logo\/image\/\"},\"sameAs\":[\"https:\/\/www.facebook.com\/WeAreVincentians\/\",\"https:\/\/x.com\/WeVincentians\"]},{\"@type\":\"Person\",\"@id\":\"http:\/\/vincentians.com\/es\/#\/schema\/person\/9623ef4d9aa3b2dfb8c061f1499288f2\",\"name\":\"Francisco Javier Fern\u00e1ndez Chento\",\"image\":{\"@type\":\"ImageObject\",\"inLanguage\":\"es\",\"@id\":\"http:\/\/vincentians.com\/es\/#\/schema\/person\/image\/\",\"url\":\"https:\/\/secure.gravatar.com\/avatar\/497d5cde87b4c3d097d0315953521681ba2cd523ee66e5077c3711f7021e65de?s=96&d=mm&r=g\",\"contentUrl\":\"https:\/\/secure.gravatar.com\/avatar\/497d5cde87b4c3d097d0315953521681ba2cd523ee66e5077c3711f7021e65de?s=96&d=mm&r=g\",\"caption\":\"Francisco Javier Fern\u00e1ndez Chento\"},\"description\":\"Director General y cofundador de La Red de Formaci\u00f3n Vicenciana. Javier es laico vicenciano, afiliado a la Congregaci\u00f3n de la Misi\u00f3n y miembro del Equipo de Misiones Populares de la provincia can\u00f3nica de Zaragoza (Espa\u00f1a) de la Congregaci\u00f3n de la Misi\u00f3n. Graduado en la Universidad Oberta de Catalunya con cuatro grados (Asistente de direcci\u00f3n, Gesti\u00f3n Administrativa, Recursos Humanos y Contabilidad Avanzada). Bil\u00edng\u00fce Espa\u00f1ol\/Ingl\u00e9s. gestiona y mantiene varias p\u00e1ginas web cristianas y vicencianas, incluida including La Red de Formaci\u00f3n Vicenciana, de la que es cofundador. Actualmente es responsable del \u00e1rea de Espa\u00f1ol de .famvin, la Red de Noticias de la Familia Vicenciana. Tambi\u00e9n es m\u00fasico cat\u00f3lico y ha editado varios discos. Es Director General y cofundador de Trovador, una reconocida compa\u00f1\u00eda discogr\u00e1fica critiana de Espa\u00f1a. Trabaja en las Tecnolog\u00edas de la Informaci\u00f3n, ofreciendo servicios de alojamiento, dise\u00f1o y mantenimiento Web, as\u00ed como asesoramiento, formaci\u00f3n y soluciones inform\u00e1ticas, gesti\u00f3n documental y digitalizaci\u00f3n de textos, edici\u00f3n y maquetaci\u00f3n de libros, revistas, flyers, etc.\",\"sameAs\":[\"http:\/\/chento.org\",\"https:\/\/www.facebook.com\/JavierChento\",\"https:\/\/x.com\/https:\/\/twitter.com\/javierchento\"],\"url\":\"http:\/\/vincentians.com\/es\/author\/chento\/\"}]}<\/script>\n<!-- \/ Yoast SEO plugin. -->","yoast_head_json":{"title":"Pedro Jos\u00e9 Triest - Somos Vicencianos","robots":{"index":"index","follow":"follow","max-snippet":"max-snippet:-1","max-image-preview":"max-image-preview:large","max-video-preview":"max-video-preview:-1"},"canonical":"http:\/\/vincentians.com\/es\/pedro-jose-triest\/","og_locale":"es_ES","og_type":"article","og_title":"Pedro Jos\u00e9 Triest - Somos Vicencianos","og_description":"(1760\u20131836) Fundador de las Hermanas de la Caridad de Jes\u00fas y Mar\u00eda, (1803), de los Hermanos de la Caridad, (1807), de los Hermanos de San Juan de Dios (1825) y de las Hermanas de la ... Read More","og_url":"http:\/\/vincentians.com\/es\/pedro-jose-triest\/","og_site_name":"Somos Vicencianos","article_publisher":"https:\/\/www.facebook.com\/WeAreVincentians\/","article_author":"https:\/\/www.facebook.com\/JavierChento","article_published_time":"2014-09-22T06:32:47+00:00","author":"Francisco Javier Fern\u00e1ndez Chento","twitter_card":"summary_large_image","twitter_creator":"@https:\/\/twitter.com\/javierchento","twitter_site":"@WeVincentians","twitter_misc":{"Escrito por":"Francisco Javier Fern\u00e1ndez Chento","Tiempo de lectura":"10 minutos"},"schema":{"@context":"https:\/\/schema.org","@graph":[{"@type":"Article","@id":"http:\/\/vincentians.com\/es\/pedro-jose-triest\/#article","isPartOf":{"@id":"http:\/\/vincentians.com\/es\/pedro-jose-triest\/"},"author":{"name":"Francisco Javier Fern\u00e1ndez Chento","@id":"http:\/\/vincentians.com\/es\/#\/schema\/person\/9623ef4d9aa3b2dfb8c061f1499288f2"},"headline":"Pedro Jos\u00e9 Triest","datePublished":"2014-09-22T06:32:47+00:00","mainEntityOfPage":{"@id":"http:\/\/vincentians.com\/es\/pedro-jose-triest\/"},"wordCount":2066,"commentCount":0,"publisher":{"@id":"http:\/\/vincentians.com\/es\/#organization"},"image":{"@id":"http:\/\/vincentians.com\/es\/pedro-jose-triest\/#primaryimage"},"thumbnailUrl":"","keywords":["Pobreza"],"articleSection":["Hermanos de la Caridad"],"inLanguage":"es","potentialAction":[{"@type":"CommentAction","name":"Comment","target":["http:\/\/vincentians.com\/es\/pedro-jose-triest\/#respond"]}]},{"@type":"WebPage","@id":"http:\/\/vincentians.com\/es\/pedro-jose-triest\/","url":"http:\/\/vincentians.com\/es\/pedro-jose-triest\/","name":"Pedro Jos\u00e9 Triest - Somos Vicencianos","isPartOf":{"@id":"http:\/\/vincentians.com\/es\/#website"},"primaryImageOfPage":{"@id":"http:\/\/vincentians.com\/es\/pedro-jose-triest\/#primaryimage"},"image":{"@id":"http:\/\/vincentians.com\/es\/pedro-jose-triest\/#primaryimage"},"thumbnailUrl":"","datePublished":"2014-09-22T06:32:47+00:00","breadcrumb":{"@id":"http:\/\/vincentians.com\/es\/pedro-jose-triest\/#breadcrumb"},"inLanguage":"es","potentialAction":[{"@type":"ReadAction","target":["http:\/\/vincentians.com\/es\/pedro-jose-triest\/"]}]},{"@type":"ImageObject","inLanguage":"es","@id":"http:\/\/vincentians.com\/es\/pedro-jose-triest\/#primaryimage","url":"","contentUrl":""},{"@type":"BreadcrumbList","@id":"http:\/\/vincentians.com\/es\/pedro-jose-triest\/#breadcrumb","itemListElement":[{"@type":"ListItem","position":1,"name":"Portada","item":"http:\/\/vincentians.com\/es\/"},{"@type":"ListItem","position":2,"name":"Pedro Jos\u00e9 Triest"}]},{"@type":"WebSite","@id":"http:\/\/vincentians.com\/es\/#website","url":"http:\/\/vincentians.com\/es\/","name":"Somos Vicencianos","description":"Know more to serve more","publisher":{"@id":"http:\/\/vincentians.com\/es\/#organization"},"potentialAction":[{"@type":"SearchAction","target":{"@type":"EntryPoint","urlTemplate":"http:\/\/vincentians.com\/es\/?s={search_term_string}"},"query-input":{"@type":"PropertyValueSpecification","valueRequired":true,"valueName":"search_term_string"}}],"inLanguage":"es"},{"@type":"Organization","@id":"http:\/\/vincentians.com\/es\/#organization","name":"The Vincentian Network","url":"http:\/\/vincentians.com\/es\/","logo":{"@type":"ImageObject","inLanguage":"es","@id":"http:\/\/vincentians.com\/es\/#\/schema\/logo\/image\/","url":"https:\/\/i1.wp.com\/vincentians.com\/es\/wp-content\/uploads\/sites\/11\/2016\/06\/Vincentian-Network-logo-big.png?fit=778%2C778","contentUrl":"https:\/\/i1.wp.com\/vincentians.com\/es\/wp-content\/uploads\/sites\/11\/2016\/06\/Vincentian-Network-logo-big.png?fit=778%2C778","width":778,"height":778,"caption":"The Vincentian Network"},"image":{"@id":"http:\/\/vincentians.com\/es\/#\/schema\/logo\/image\/"},"sameAs":["https:\/\/www.facebook.com\/WeAreVincentians\/","https:\/\/x.com\/WeVincentians"]},{"@type":"Person","@id":"http:\/\/vincentians.com\/es\/#\/schema\/person\/9623ef4d9aa3b2dfb8c061f1499288f2","name":"Francisco Javier Fern\u00e1ndez Chento","image":{"@type":"ImageObject","inLanguage":"es","@id":"http:\/\/vincentians.com\/es\/#\/schema\/person\/image\/","url":"https:\/\/secure.gravatar.com\/avatar\/497d5cde87b4c3d097d0315953521681ba2cd523ee66e5077c3711f7021e65de?s=96&d=mm&r=g","contentUrl":"https:\/\/secure.gravatar.com\/avatar\/497d5cde87b4c3d097d0315953521681ba2cd523ee66e5077c3711f7021e65de?s=96&d=mm&r=g","caption":"Francisco Javier Fern\u00e1ndez Chento"},"description":"Director General y cofundador de La Red de Formaci\u00f3n Vicenciana. Javier es laico vicenciano, afiliado a la Congregaci\u00f3n de la Misi\u00f3n y miembro del Equipo de Misiones Populares de la provincia can\u00f3nica de Zaragoza (Espa\u00f1a) de la Congregaci\u00f3n de la Misi\u00f3n. Graduado en la Universidad Oberta de Catalunya con cuatro grados (Asistente de direcci\u00f3n, Gesti\u00f3n Administrativa, Recursos Humanos y Contabilidad Avanzada). Bil\u00edng\u00fce Espa\u00f1ol\/Ingl\u00e9s. gestiona y mantiene varias p\u00e1ginas web cristianas y vicencianas, incluida including La Red de Formaci\u00f3n Vicenciana, de la que es cofundador. Actualmente es responsable del \u00e1rea de Espa\u00f1ol de .famvin, la Red de Noticias de la Familia Vicenciana. Tambi\u00e9n es m\u00fasico cat\u00f3lico y ha editado varios discos. Es Director General y cofundador de Trovador, una reconocida compa\u00f1\u00eda discogr\u00e1fica critiana de Espa\u00f1a. Trabaja en las Tecnolog\u00edas de la Informaci\u00f3n, ofreciendo servicios de alojamiento, dise\u00f1o y mantenimiento Web, as\u00ed como asesoramiento, formaci\u00f3n y soluciones inform\u00e1ticas, gesti\u00f3n documental y digitalizaci\u00f3n de textos, edici\u00f3n y maquetaci\u00f3n de libros, revistas, flyers, etc.","sameAs":["http:\/\/chento.org","https:\/\/www.facebook.com\/JavierChento","https:\/\/x.com\/https:\/\/twitter.com\/javierchento"],"url":"http:\/\/vincentians.com\/es\/author\/chento\/"}]}},"jetpack_publicize_connections":[],"jetpack_featured_media_url":"","jetpack_sharing_enabled":true,"jetpack_shortlink":"https:\/\/wp.me\/p7ETMF-aiE","jetpack-related-posts":[{"id":39593,"url":"http:\/\/vincentians.com\/es\/hermanos-de-la-caridad\/","url_meta":{"origin":39596,"position":0},"title":"Hermanos de la Caridad","author":"Francisco Javier Fern\u00e1ndez Chento","date":"23\/09\/2014","format":false,"excerpt":"200 A\u00f1os \u00a0 El 28 de diciembre de 1807, el can\u00f3nigo de Gante, Peter Joseph Triest fund\u00f3 los Hermanos Hos\u00adpitalarios de San Vicente, llamados posteriormente Hermanos de la Caridad. La Congregaci\u00f3n celebr\u00f3 este gozoso evento duran\u00adte las fiestas del bicente\u00adnario que comenzaron el 28 de diciembre de 2006 y concluyeron\u2026","rel":"","context":"En \u00abHermanos de la Caridad\u00bb","block_context":{"text":"Hermanos de la Caridad","link":"http:\/\/vincentians.com\/es\/category\/la-familia-vicenciana\/ramas\/hermanos-de-la-caridad\/"},"img":{"alt_text":"Peter Joseph Triest","src":"https:\/\/i0.wp.com\/vicencianos.org\/wp-content\/2011\/05\/triest-204x300.jpg?resize=350%2C200","width":350,"height":200},"classes":[]},{"id":398644,"url":"http:\/\/vincentians.com\/es\/aportacion-del-carisma-vicenciano-la-mision-la-iglesia-8\/","url_meta":{"origin":39596,"position":1},"title":"Aportaci\u00f3n del carisma vicenciano a la Misi\u00f3n de la Iglesia (8)","author":"Francisco Javier Fern\u00e1ndez Chento","date":"11\/08\/2016","format":false,"excerpt":"8.- La Caridad, que anima la Misi\u00f3n. La Misi\u00f3n que se hace Caridad. En la sinagoga de Nazaret y a partir de un texto del profeta Isa\u00edas (El Esp\u00edritu del Se\u00f1or est\u00e1 sobre m\u00ed, porque \u00e9l me ha ungido; me ha enviado para dar la buena noticia a los pobres\u2026),\u2026","rel":"","context":"En \u00abFormaci\u00f3n Vicenciana\u00bb","block_context":{"text":"Formaci\u00f3n Vicenciana","link":"http:\/\/vincentians.com\/es\/category\/formacion-vicenciana\/"},"img":{"alt_text":"","src":"https:\/\/i0.wp.com\/vincentians.com\/es\/wp-content\/uploads\/sites\/11\/2016\/06\/contributions-charism.jpg?fit=1200%2C630&resize=350%2C200","width":350,"height":200,"srcset":"https:\/\/i0.wp.com\/vincentians.com\/es\/wp-content\/uploads\/sites\/11\/2016\/06\/contributions-charism.jpg?fit=1200%2C630&resize=350%2C200 1x, https:\/\/i0.wp.com\/vincentians.com\/es\/wp-content\/uploads\/sites\/11\/2016\/06\/contributions-charism.jpg?fit=1200%2C630&resize=525%2C300 1.5x, https:\/\/i0.wp.com\/vincentians.com\/es\/wp-content\/uploads\/sites\/11\/2016\/06\/contributions-charism.jpg?fit=1200%2C630&resize=700%2C400 2x, https:\/\/i0.wp.com\/vincentians.com\/es\/wp-content\/uploads\/sites\/11\/2016\/06\/contributions-charism.jpg?fit=1200%2C630&resize=1050%2C600 3x"},"classes":[]},{"id":133949,"url":"http:\/\/vincentians.com\/es\/una-hermana-en-la-frontera-entre-la-vida-y-la-muerte\/","url_meta":{"origin":39596,"position":2},"title":"Una hermana en la frontera entre la vida y la muerte","author":"Francisco Javier Fern\u00e1ndez Chento","date":"26\/12\/2014","format":false,"excerpt":"En la frontera delicada entre la vida y la muerte es donde esa tremenda, casi enojada pregunta surge: \u00bfPor qu\u00e9 yo? \u00bfPor qu\u00e9 Dios me hace esto a m\u00ed? Si en estos momentos, adem\u00e1s de con una especializaci\u00f3n de doctor, puede usted tambi\u00e9n ser capaz de transmitir la esperanza y\u2026","rel":"","context":"En \u00abTestigos vicencianos\u00bb","block_context":{"text":"Testigos vicencianos","link":"http:\/\/vincentians.com\/es\/category\/la-familia-vicenciana\/testigos-vicencianos\/"},"img":{"alt_text":"sor_constanza","src":"https:\/\/i0.wp.com\/vicencianos.org\/wp-content\/2014\/12\/sor_constanza-300x206.jpg?resize=350%2C200","width":350,"height":200},"classes":[]},{"id":126690,"url":"http:\/\/vincentians.com\/es\/al-servicio-de-los-pobres-vi\/","url_meta":{"origin":39596,"position":3},"title":"Al servicio de los pobres (VI)","author":"Francisco Javier Fern\u00e1ndez Chento","date":"13\/02\/2024","format":false,"excerpt":"Formaci\u00f3n moral Las que empezaban, secundando a las antiguas, se ini\u00adcian poco a poco en el contacto con el pobre enfermo. Apren\u00adden de este modo, por la fuerza de las cosas, el valor de ser sufridas, cordiales, sumisas las unas con las otras, conser\u00advando el esp\u00edritu de dulzura y caridad\"\u2026","rel":"","context":"En \u00abFormaci\u00f3n Vicenciana\u00bb","block_context":{"text":"Formaci\u00f3n Vicenciana","link":"http:\/\/vincentians.com\/es\/category\/formacion-vicenciana\/"},"img":{"alt_text":"","src":"https:\/\/i0.wp.com\/vincentians.com\/es\/wp-content\/uploads\/sites\/11\/2013\/04\/n-1.jpg?fit=823%2C564&resize=350%2C200","width":350,"height":200,"srcset":"https:\/\/i0.wp.com\/vincentians.com\/es\/wp-content\/uploads\/sites\/11\/2013\/04\/n-1.jpg?fit=823%2C564&resize=350%2C200 1x, https:\/\/i0.wp.com\/vincentians.com\/es\/wp-content\/uploads\/sites\/11\/2013\/04\/n-1.jpg?fit=823%2C564&resize=525%2C300 1.5x, https:\/\/i0.wp.com\/vincentians.com\/es\/wp-content\/uploads\/sites\/11\/2013\/04\/n-1.jpg?fit=823%2C564&resize=700%2C400 2x"},"classes":[]},{"id":143163,"url":"http:\/\/vincentians.com\/es\/vidas-que-cambian-vidas-los-martires-de-espana\/","url_meta":{"origin":39596,"position":4},"title":"Vidas que cambian vidas: los m\u00e1rtires de Espa\u00f1a","author":"Francisco Javier Fern\u00e1ndez Chento","date":"16\/04\/2015","format":false,"excerpt":"Introducci\u00f3n \u201cDefender y custodiar la vida\u201d es el tema del a\u00f1o elegido para los Colegios de las Hijas de la Caridad en Espa\u00f1a. El lema que lo ilustra \u00a1Todo por la vida! La Comisi\u00f3n interprovincial de Hermanas ha elaborado para los alumnos y los profesores un material educativo, pedag\u00f3gico y\u2026","rel":"","context":"En \u00abTestigos vicencianos\u00bb","block_context":{"text":"Testigos vicencianos","link":"http:\/\/vincentians.com\/es\/category\/la-familia-vicenciana\/testigos-vicencianos\/"},"img":{"alt_text":"martires hijas de la caridad 2013","src":"https:\/\/i0.wp.com\/vicencianos.org\/wp-content\/2015\/04\/martires-hijas-de-la-caridad-2013-456x1024.jpg?resize=350%2C200","width":350,"height":200},"classes":[]},{"id":118131,"url":"http:\/\/vincentians.com\/es\/centenario-de-las-hermanas-de-la-caridad-en-el-hospicio-de-san-jose-manila-1965\/","url_meta":{"origin":39596,"position":5},"title":"Centenario de las Hermanas de la Caridad en el Hospicio de San Jos\u00e9 (Manila 1965)","author":"Mitxel Olabu\u00e9naga","date":"08\/03\/2013","format":false,"excerpt":"En el Hospicio de San Jos\u00e9, donde \"a ning\u00fan pobre le falt\u00f3 el pan de la tierra ni a ning\u00fan moribundo le falt\u00f3 el pan del Cielo\", se tuvo en los d\u00edas 27, 28 y 29 de junio de 1965 grandiosa celebra\u00adci\u00f3n del Centenario de la llegada de las Hermanas\u2026","rel":"","context":"En \u00abHistoria de las Hijas de la Caridad\u00bb","block_context":{"text":"Historia de las Hijas de la Caridad","link":"http:\/\/vincentians.com\/es\/category\/historia-de-la-familia-vicenciana\/historia-de-las-hijas-de-la-caridad\/"},"img":{"alt_text":"sam_0993","src":"https:\/\/i0.wp.com\/vicencianos.org\/wp-content\/2013\/02\/sam_0993.jpg?resize=350%2C200","width":350,"height":200},"classes":[]}],"_links":{"self":[{"href":"http:\/\/vincentians.com\/es\/wp-json\/wp\/v2\/posts\/39596","targetHints":{"allow":["GET"]}}],"collection":[{"href":"http:\/\/vincentians.com\/es\/wp-json\/wp\/v2\/posts"}],"about":[{"href":"http:\/\/vincentians.com\/es\/wp-json\/wp\/v2\/types\/post"}],"author":[{"embeddable":true,"href":"http:\/\/vincentians.com\/es\/wp-json\/wp\/v2\/users\/4"}],"replies":[{"embeddable":true,"href":"http:\/\/vincentians.com\/es\/wp-json\/wp\/v2\/comments?post=39596"}],"version-history":[{"count":0,"href":"http:\/\/vincentians.com\/es\/wp-json\/wp\/v2\/posts\/39596\/revisions"}],"wp:featuredmedia":[{"embeddable":true,"href":"http:\/\/vincentians.com\/es\/wp-json\/"}],"wp:attachment":[{"href":"http:\/\/vincentians.com\/es\/wp-json\/wp\/v2\/media?parent=39596"}],"wp:term":[{"taxonomy":"category","embeddable":true,"href":"http:\/\/vincentians.com\/es\/wp-json\/wp\/v2\/categories?post=39596"},{"taxonomy":"post_tag","embeddable":true,"href":"http:\/\/vincentians.com\/es\/wp-json\/wp\/v2\/tags?post=39596"}],"curies":[{"name":"wp","href":"https:\/\/api.w.org\/{rel}","templated":true}]}}