{"id":39503,"date":"2014-09-18T08:00:07","date_gmt":"2014-09-18T06:00:07","guid":{"rendered":"http:\/\/somos.vicencianos.org\/blog\/2011\/05\/espiritualidad-vicenciana-gracia\/"},"modified":"2014-09-18T08:00:07","modified_gmt":"2014-09-18T06:00:07","slug":"espiritualidad-vicenciana-gracia","status":"publish","type":"post","link":"http:\/\/vincentians.com\/es\/espiritualidad-vicenciana-gracia\/","title":{"rendered":"Espiritualidad vicenciana: Gracia"},"content":{"rendered":"<h2>Introducci\u00f3n<\/h2>\n<p><a href=\"https:\/\/i0.wp.com\/vicencianos.org\/wp-content\/2011\/05\/gracia.jpg\"><img data-recalc-dims=\"1\" loading=\"lazy\" decoding=\"async\" class=\"alignright size-medium wp-image-39504\" title=\"gracia\" src=\"https:\/\/i0.wp.com\/vicencianos.org\/wp-content\/2011\/05\/gracia-220x300.jpg?resize=220%2C300\" alt=\"\" width=\"220\" height=\"300\" \/><\/a>El concepto de gracia (\u00abjaris\u00bb en griego y \u00abgra\u00adtia\u00bb en lat\u00edn) es central en la reflexi\u00f3n teol\u00f3gica cristiana, pero a la vez es de los m\u00e1s discutidos y dif\u00edciles de comprender y definir por la plurali\u00addad de significados e interpretaciones que ha re\u00adcibido a lo largo de la historia.<\/p>\n<p>Varios son los significados de la palabra \u00abgra\u00adcia\u00bb: benevolencia, bondad, actitud favorable de una persona que quiere bien a otra sin \u00e9sta me\u00adrecerlo; belleza, encanto, atractivo de la persona agraciada; don, beneficio, regalo recibido gratui\u00adtamente; agradecimiento por el don recibido. Des\u00adde el plano teol\u00f3gico, se puede decir que gracia es esa comunicaci\u00f3n de la bondad del Dios-Amor libre y gratuitamente al hombre, manifestada so\u00adbre todo en Jesucristo, por la cual el hombre se siente amado por Dios y colmado de sus dones sin m\u00e9rito personal alguno, lo que le hace sentirse profundamente agradecido.<\/p>\n<p>Desde la experiencia de gracia en el A. T. (\u00abhe-sed\u00bb \u00abhen\u00bb) y en el N. T. (\u00abjaris\u00bb) muchos auto\u00adres han intentado acercarse al contenido de la experiencia de gracia desde diversas terminolo\u00adg\u00edas, perspectivas y sistemas teol\u00f3gicos de in\u00ad terpretaci\u00f3n; muchas veces lo han hecho con ca\u00adr\u00e1cter pol\u00e9mico, lo que en lugar de ayudar a des\u00adcubrir la bondad y gratuidad de Dios en la histo\u00adria humana, han convertido el tratado de gracia en un conglomerado de proposiciones abstractas pa\u00adra condenar algunos errores teol\u00f3gicos.<\/p>\n<p>Vicente de Pa\u00fal vive en una \u00e9poca de con\u00adtroversias sobre la gracia. Ello le obligar\u00e1, como hombre de Iglesia, a tomar postura y para ello reflexionar personalmente y guiar a sus comuni\u00addades en un tema tan discutido, defendiendo lo que considera la aut\u00e9ntica doctrina cristiana so\u00adbre la gracia frente a las \u00abnuevas opiniones teo\u00adl\u00f3gicas\u00bb. Incluso tiene que redactar un estudio sobre estas cuestiones, una reflexi\u00f3n sistem\u00e1ti\u00adca sobre el tema cuestionado de la relaci\u00f3n en\u00adtre gracia de Dios y libertad humana.<\/p>\n<p>Pero como Vicente es m\u00e1s hombre de ac\u00adci\u00f3n que te\u00f3logo especulativo, adem\u00e1s de esas reflexiones de car\u00e1cter apolog\u00e9tico y especulati\u00advo sobre la gracia, su pensamiento sobre el te\u00adma lo encontraremos a partir de su experiencia de fe y en su acci\u00f3n apost\u00f3lica, as\u00ed como en las exhortaciones de car\u00e1cter espiritual y pastoral a los miembros de sus comunidades en conferen\u00adcias y cartas. La reflexi\u00f3n vicenciana sobre la gracia se puede decir que tiene un car\u00e1cter ex\u00adperiencial, apolog\u00e9tico y paren\u00e9tico, poco siste\u00adm\u00e1tico, en sinton\u00eda con la Iglesia de su tiempo y con su propio carisma y espiritualidad.<\/p>\n<h2>I. Experiencia de gracia de Vicente de Pa\u00fal<\/h2>\n<p>La gracia, antes que un concepto teol\u00f3gico es una experiencia humana, en la que se descu\u00adbre vitalmente la bondad de Dios que se co\u00admunica gratuitamente al hombre. Vicente de Pa\u00fal antes de hablar sobre la gracia se ha dejado tocar y hablar por la gracia, ha experimentado en su vida la bondad de Dios.<\/p>\n<p>A trav\u00e9s de su vida y escritos se descubre a un creyente que ha tenido clara conciencia de ser un \u00abagraciado de Dios\u00bb, pues ha experimen\u00adtado la acci\u00f3n bondadosa de Dios en su vida y obras. Si un creyente es capaz de descubrir la presencia salvadora de Dios en los distintos momentos de su vida, hay algunas experiencias transcendentales, \u00abfundantes\u00bb, en las que el en\u00adcuentro con Dios produce un cambio fundamen\u00adtal en la persona.<\/p>\n<p>Una de esas experiencias \u00abfundantes\u00bb en la vida de Vicente es la que tiene lugar entre 1609 y 1617 aproximadamente, cuando va a experi\u00admentar a trav\u00e9s de una serie de acontecimientos la gracia de la conversi\u00f3n, lo que va a marcar el sentido de su vida, dando comienzo en \u00e9l un nue\u00advo modo de ser, de pensar y actuar, una nueva vida. Estos acontecimientos claves (calumnia de robo, tentaci\u00f3n contra la fe, encuentros con Berulle y A. Duval, encuentro con el mundo de la po\u00adbreza,\u2026) culminan en la experiencia de Gannes\u00adFolleville y Ch\u00e1till\u00f3n, donde descubre la pobreza material y espiritual del pobre pueblo, lo que le interpela y se convierte para \u00e9l en una gracia, en una llamada de Dios que va a dar un profundo gi\u00adro a su vida.<\/p>\n<p>Este proceso de b\u00fasqueda y conversi\u00f3n en la vida de Vicente puede considerarse como la co\u00admunicaci\u00f3n de la bondad de Dios que irrumpe en su vida, transform\u00e1ndole completamente: sus ide\u00adas, pensamientos, misi\u00f3n, nueva forma de enten\u00adder el Evangelio, la Iglesia, el mundo. Surge en \u00e9l un nuevo proyecto vital que produce una aut\u00e9nti\u00adca refundaci\u00f3n de su persona. Es una experiencia salv\u00edfica y liberadora; junto a un cambio moral, des\u00adcubre una nueva forma de \u00ablograr\u00bb su vida, de cum\u00adplir la voluntad de Dios: la entrega a los pobres.<\/p>\n<p>\u00c9l vive la gratuidad de esta experiencia, com\u00adprende que es un don de Dios, incomprensible s\u00f3\u00adlo con su esfuerzo. Dios es el que ha actuado en su persona. Ha experimentado claramente en su vida la gracia de Dios.<\/p>\n<p>Otra experiencia clave en su vida es la fun\u00addaci\u00f3n de sus comunidades. Si es Dios quien le ha transformado y regalado su misi\u00f3n, tambi\u00e9n en el nacimiento de sus comunidades experi\u00admenta la acci\u00f3n bondadosa de Dios que act\u00faa a trav\u00e9s suyo y que es el verdadero autor de estas obras. Partiendo del convencimiento de que \u00ablas obras cuyo autor no se puede encontrar provie\u00adnen indudablemente de Dios\u00bb, no puede sino destacar con gran insistencia a los suyos que \u00abDios es el que comenz\u00f3 esta obra\u00bb, \u00abque es Dios el que ha fundado esta peque\u00f1a compa\u00f1\u00eda y el que la dirige\u00bb (IV, 247;IX, 120, 232-233, 415, 543).<\/p>\n<p>Estas experiencias fundantes de esa actuaci\u00f3n de Dios en su persona son testimonio de su con\u00advencimiento de la continua presencia de la bon\u00addad de Dios en la vida del cristiano. La experien\u00adcia le confirma la necesidad del creyente de ser acompa\u00f1ado por la gracia de Dios; por eso exhorta a las Hijas de la Caridad: \u00abRecordad y confesad que sin esa gracia no pod\u00e9is dar un solo paso en el camino de la virtud. Nos enga\u00f1amos a noso\u00adtros mismos cuando creemos que hacemos algo con nuestras propias fuerzas. La experiencia nos lo demuestra\u00bb (IX, 475).<\/p>\n<p>As\u00ed pues, tanto a nivel personal como comu\u00adnitario, Vicente ha experimentado la presencia de Dios en el mundo y en el hombre, la bondad de Dios que sale al encuentro del hombre y la posi\u00adbilidad de apertura del hombre a Dios y a su amor. Esta experiencia est\u00e1 en el origen de su obra y de su carisma. La bondad de Dios que se comu\u00adnica a los hombres en Jes\u00fas y que se manifies\u00adta especialmente como salvaci\u00f3n para los pobres es el impulso y la llamada a ser testigos de la gracia de Dios, luchando contra las desgracias que sufre el hombre.<\/p>\n<h2>II. Postura de san Vicente en la controversia jansenista sobre la gracia<\/h2>\n<p>Vicente vive en una \u00e9poca de disputas y con\u00adtroversias en torno al tema de la gracia. Aunque hab\u00edan quedado atr\u00e1s las ideas de los reformado\u00adres, contestadas por el Concilio de Trento, vuel\u00adven las discusiones con la controversia \u00abde auxi\u00adbis\u00bb entre la escuela de los Dominicos (Tomismo) y la de los Jesuitas (Molinismo), en torno a la ac\u00adci\u00f3n de la gracia y la libertad en las obras merito\u00adrias. En estas disputas, que concluyen en 1607, por intervenci\u00f3n de la autoridad eclesi\u00e1stica, no in\u00adterviene Vicente, todav\u00eda un joven y desconocido sacerdote.<\/p>\n<p>Pero en 1640, con la publicaci\u00f3n de \u00abAugus\u00adtinus\u00bb, obra p\u00f3stuma de Jansenio, estalla de nue\u00advo la pol\u00e9mica entre los que le acusan de ten\u00addencias bayanistas y calvinistas y los que defienden su ortodoxia. Vicente no interviene di\u00adrectamente en esta primera pol\u00e9mica jansenista, hasta que en 1643 aparece el libro de Arnauld \u00abDe la frequente communion\u00bb, escrito con ayu\u00adda de Saint-Cyran. Si en otro tiempo hab\u00eda sido amigo de algunos de los defensores de las \u00abnue\u00advas opiniones\u00bb jansenistas, ante el peligro que su\u00adponen algunas de sus ideas -que Vicente consi\u00addera \u00abher\u00e9ticas\u00bb- para la Iglesia, se va a destacar, desde su puesto en el Consejo de Conciencia y como personaje influyente en la Iglesia de Fran\u00adcia, como una pieza clave en la oposici\u00f3n al jan\u00adsenismo, defendiendo lo que considera la doc\u00adtrina cat\u00f3lica sobre la gracia.<\/p>\n<p>No es Vicente un te\u00f3logo sistem\u00e1tico, amigo de discusiones doctrinales. Por eso su interven-clon en la lucha antijansenista va a ser m\u00e1s co\u00admo organizador que como te\u00f3logo. Esto no ex\u00adcluye que tenga que realizar un trabajo profundo de reflexi\u00f3n, estudio y oraci\u00f3n sobre los temas dis\u00adcutidos en relaci\u00f3n con la gracia. De hecho va a ser \u00e9ste el tema de uno de los pocos estudios sis\u00adtem\u00e1ticos que conservamos y que hay que situar en este ambiente de controversia (X, 189-197). Unas cartas a un compa\u00f1ero de Congregaci\u00f3n que parece adherirse a las nuevas doctrinas, son indicativas de su preocupaci\u00f3n por este tema y su dedicaci\u00f3n, mediante el estudio y la oraci\u00f3n, a clarificar las doctrinas discutidas sobre la gracia (cf. Ill, 295-305; 332-342).<\/p>\n<p>Estos documentos son el reflejo de la doctri\u00adna de Vicente sobre el tema de la gracia y los prin\u00adcipios b\u00e1sicos en que se fundamenta su reflexi\u00f3n. En ellos se observa un tono pol\u00e9mico y apolog\u00e9\u00adtico, pues son respuesta a algunas afirmaciones atribuidas al jansenismo, y que Vicente nos resu\u00adme as\u00ed: \u00abNo hay gracias suficientes que se den a todos los hombres\u00bb. \u00abNo hay m\u00e1s que gracias eficaces, que se dan a pocas personas, y que aqu\u00e9llas a las que se dan no pueden resistir a ellas\u00bb (X, 189).<\/p>\n<p>Debajo de estas afirmaciones se trasluce una determinada antropolog\u00eda, una visi\u00f3n muy pesi\u00admista de la naturaleza humana, y frente a ello una exaltaci\u00f3n exagerada del poder de la gracia, in\u00adfravalorando la cooperaci\u00f3n de la criatura a su propia santificaci\u00f3n. Y lo que m\u00e1s duele a Vi\u00adcente es que desde estas \u00abnuevas opiniones\u00bb se niegue la voluntad salv\u00edfica universal de Dios y, por tanto, que Jesucristo muri\u00f3 por todos los hombres. As\u00ed pues, estas doctrinas atentaban contra art\u00edculos de fe del cristianismo y dejaba sin fundamento la obra y espiritualidad vicen\u00adciana.<\/p>\n<p>No es de extra\u00f1ar que ante la insinuaci\u00f3n de su compa\u00f1ero, el P. Dehorgny, sobre la legitimi\u00addad de las \u00abnuevas opiniones\u00bb, pues se trata de \u00abcuestiones de escuela\u00bb, su Superior le respon\u00adda con claridad y firmeza: <em>\u00abLa doctrina que \u00e9l <\/em>(Jansenio) <em>combate, que Jesucristo muri\u00f3 por to\u00addo el mundo, \u00bfes acaso nueva? \u00bfEs nueva la doc\u00adtrina de S. Pablo y de S. Juan?\u2026 \u00bfLlamaremos tambi\u00e9n nueva a la que \u00e9l combate, contra la po\u00adsibilidad de observar los mandatos de Dios?\u2026 \u00bfY es nueva esa que usted dice, que nos importa po\u00adco saber si hay gracias suficientes o si son todas eficaces?\u2026 Me parece que es de gran importan\u00adcia que todos los cristianos sepan y crean que Dios es tan bueno que todos los cristianos pueden, con la gracia de Jesucristo, realizar su salvaci\u00f3n, que \u00e9l les da los medios para ello por Jesucristo y que esto manifiesta y ensalza mucho la infinita bondad de Dios\u00bb <\/em>(III, 302).<\/p>\n<p>Tanta importancia tiene este tema para Vi\u00adcente que, aunque en la lucha antijansenista no juegue un papel intelectual-teol\u00f3gico importante, redactar\u00e1 un estudio profundo y documentado sobre estas cuestiones discutidas sobre el tema de la gracia. Aunque no nos indica si lo compo\u00adne para uso personal, o para ofrec\u00e9rselo a los po\u00adlemistas, por su estilo y metodologia (se inspira en el \u00abpeque\u00f1o m\u00e9todo\u00bb vicenciano), este estu\u00addio parece original y \u00fatil para la discusi\u00f3n con los defensores de las \u00abnuevas opiniones\u00bb.<\/p>\n<p>Este \u00abEstudio sobre la gracia\u00bb est\u00e1 estructu\u00adrado en cinco apartados:<\/p>\n<ul>\n<li>La primera parte es una introducci\u00f3n que resalta los motivos para estar bien instruidos so\u00adbre este tema: no dejarse enga\u00f1ar por las nue\u00advas opiniones, necesidad de instrucci\u00f3n sobre la fe de la Iglesia, para la propia salvaci\u00f3n, necesi\u00addad de tener las ideas claras en religi\u00f3n.<\/li>\n<li>El segundo apartado estudia las diferencias entre la doctrina com\u00fan de la Iglesia y la que sos\u00adtienen las \u00abnuevas opiniones\u00bb sobre la gracia. Para explicar mejor esta cuesti\u00f3n hace un reco\u00adrrido hist\u00f3rico, repasando las disputas sobre la gracia desde la pelagiana y semipelagiana hasta llegar a las doctrinas de Bayo, concluyendo con las opiniones de Jansenio y Saint-Cyran.<\/li>\n<li>El tercer apartado estudia las razones de la doctrina tradicional de la Iglesia, argumentando desde la Sagrada Escritura, la Liturgia, los Conci\u00adlios, los Santos Padres, la raz\u00f3n y una compara\u00adci\u00f3n tomada de S. Francisco de Sales.<\/li>\n<li>En el cuarto apartado va desmontando las objecciones que hacen los jansenistas a esta doc\u00adtrina eclesial, objecciones que suelen basar en textos de S. Agust\u00edn y a las que Vicente respon\u00adde desde la Sagrada Escritura, desde S. Agust\u00edn o desde una razonada explicaci\u00f3n de estas afir\u00admaciones, mal interpretadas por las \u00abopiniones modernas\u00bb.<\/li>\n<li>El quinto apartado (perdido en el aut\u00f3grafo original) trataba de indicar los medios para con\u00adfirmarse y perseverar en la doctrina eclesial so\u00adbre la gracia (Cf. X, 189-197).<\/li>\n<\/ul>\n<h2>III. Convicciones de san Vicente sobre la gracia<\/h2>\n<p>Dado el car\u00e1cter asistem\u00e1tico del pensamiento vicenciano sobre este tema, es dif\u00edcil estructurar ordenadamente su doctrina sobre la gracia. Des\u00adde la lectura de sus textos, tanto los de car\u00e1cter apolog\u00e9tico-teol\u00f3gico como aqu\u00e9llos en que pre\u00addomina la exhortaci\u00f3n pastoral o espiritual, se desprenden unas convicciones sobre este tema que reflejan su comprensi\u00f3n sobre la gracia den\u00adtro de la vida cristiana.<\/p>\n<h3>1. Dios es gracia<\/h3>\n<p>Aunque la \u00abcosificaci\u00f3n\u00bb de la gracia ha sido una tentaci\u00f3n constante de la reflexi\u00f3n teol\u00f3gica, si se parte del concepto b\u00edblico de gracia se des\u00adcubre tras \u00e9l la imagen o forma de ser del Dios cristiano. La gracia designa ante todo una actitud o comportamiento de Dios que incluye la fideli\u00addad, magnanimidad, benevolencia,\u2026 La gracia es una realidad personal, el amor de Dios que bus\u00adca la comunicaci\u00f3n con el hombre. Dios mismo puede definirse como gracia, en cuanto que es amor, bondad, comunicaci\u00f3n.<\/p>\n<p>En el pensamiento vicenciano, tras el con\u00adcepto de gracia hay una determinada compren\u00adsi\u00f3n de Dios como \u00abel Padre de las misericordias y el Dios de todo consuelo\u00bb. Un Dios con rostro humano y misericordioso, el \u00abprotector de los pobres\u00bb, est\u00e1 en la base de su obra y espirituali\u00addad, as\u00ed como en su visi\u00f3n de la gracia, ya que la misericordia es el <em>\u00abesp\u00edritu propio de Dios\u00bb <\/em>(XI, 233-234). En Jesucristo, especialmente en su relaci\u00f3n con los pobres, ve Vicente la benevo\u00adlencia de Dios personificada.<\/p>\n<p>Esta forma de ser de Dios explica sus rela\u00adciones providentes con los hombres y ser\u00e1 un ar\u00adgumento para defender ese amor universal de Dios que a nadie niega sus gracias: <em>\u00abNo puedoexplicarme c\u00f3mo Dios, que es una bondad infi\u00adnita, que tiene siempre los brazos abiertos para abrazar a los pecadores\u2026, ser\u00eda capaz de negar sus gracias a todos los que se las piden<\/em>\u00bb (X, 193).<\/p>\n<p>El cristiano est\u00e1 llamado a ser espejo de la gra\u00adcia de Dios, ap\u00f3stol de esa \u00abbondad de Dios\u00bb y \u00abveh\u00edculo de su consuelo y misericordia\u00bb, pues -como recuerda a las Hijas de la Caridad- \u00abest\u00e1is llamadas a representar la bondad de Dios delan\u00adte de los pobres enfermos\u00bb (IX, 915; cf. IX, 1057; X, 952).<\/p>\n<h3><em>2. <\/em>El cristiano est\u00e1 llamado a vivir en \u00abestado de gracia\u00bb<\/h3>\n<p>Cuando Dios-Amor comunica su bondad pro\u00adduce alg\u00fan bien en la criatura, le sit\u00faa en un es\u00adtado de vida nueva, en amistad con \u00c9l, haci\u00e9ndole participar de su propia vida. La persona que vive esa comunicacion de la bondad de Dios, hace una opci\u00f3n de vida orientada y centrada en Dios, vive \u00aben estado de gracia\u00bb. Vicente comenta en varias ocasiones, en un contexto paren\u00e9tico y de forma sencilla, la importancia para el creyente de vivir \u00aben estado de gracia\u00bb, y lo que ello signifi\u00adca de oposici\u00f3n al pecado: \u00abEsto es lo que sig\u00adnifica mantenerse en estado de gracia; sentir un gran odio contra el pecado mortal y huir de \u00e9l co\u00admo del demonio, y tambi\u00e9n del venial; y cuando se haya cometido alguno, confesarse lo antes po\u00adsible, sobre todo si es mortal\u00bb (IX, 745; cf. X, 702).<\/p>\n<p>Con frecuencia en sus exhortaciones a los miembros de sus comunidades les invita a vivir en estado de gracia santificante o habitual y les explica lo que ello significa: \u00abMis queridas her\u00admanas, todo lo que hag\u00e1is, si va acompa\u00f1ado de estas tres hermosas virtudes (sencillez, humil\u00addad, caridad), todo se cambiaba en oro; y as\u00ed todas nuestras obras ser\u00e1n agradables a Dios. Esto se llama gracia santificante. Es una hermo\u00adsura que hace al alma agradable a Dios, que lo\u00adgra que Nuestro Se\u00f1or se complazca en ella y en todo lo que hace\u2026 \u00a1Qu\u00e9 hermosas son las almas que est\u00e1n adornadas de esta gracia santifican\u00adtel\u00bb (IX, 755; IX, 1129).<\/p>\n<h3><em>3. <\/em>La gracia es necesaria para la vida cristiana<\/h3>\n<p>Dios como gracia acompa\u00f1a al hombre en to\u00addas las situaciones de su vida. Aunque la gracia de Dios es una, se va concretando de diversas ma\u00adneras y en los diferentes momentos de la vida. Por eso la teolog\u00eda hace distintas clasificaciones de esa comunicaci\u00f3n de la bondad de Dios al hombre: gracia preveniente, concomitante, con\u00adsecuente, excitante, auxiliante, sanante, elevan-te, suficiente, eficaz, . .<\/p>\n<p>Vicente est\u00e1 convencido de esta continua co\u00admunicaci\u00f3n de gracia por parte de Dios en la vi\u00adda de los hombres y por ello insistir\u00e1 a los suyos en que <em>\u00absin la gracia no pod\u00e9is dar un paso en el camino de la virtud\u00bb, <\/em>por lo que <em>\u00abnos enga\u00f1amos a nosotros mismos cuando creemos que hacemos algo con nuestras propias fuerzas\u00bb <\/em>(IX, 474-475). A pesar de su relativo optimismo antropol\u00f3gico (sobre todo si lo comparamos con la visi\u00f3n jan\u00adsenista del hombre), conoce la fragilidad huma\u00adna, lo que le lleva a desconfiar de la obra huma\u00adna si no va acompa\u00f1ada de la gracia de Dios. La naturaleza humana inclinada al pecado, esto es, a la <em>\u00abaversi\u00f3n a Dios\u00bb y \u00abconversi\u00f3n a las crea\u00adturas\u00bb <\/em>(cf. IX, 62. 693), necesita la gracia para agra\u00addar a Dios:<\/p>\n<p>\u00abHemos de proponernos obrar bien, pero no seremos capaces de hacerlo si Dios no nos con\u00adcede esta gracia\u2026 Tenemos mucha necesidad de poner en pr\u00e1ctica nuestras resoluciones, pe\u00adro no podemos hacerlo sin la gracia de Dios, ya que sin \u00e9l no podemos tener ni un solo buen pen\u00adsamiento, ni pronunciar una sola palabra sin que el Padre eterno nos conceda esa gracia por los m\u00e9ritos de su Hijo\u00bb (IX, 1107; cf. IX, 1051).<\/p>\n<p>Consciente de la necesidad de la ayuda de Dios al creyente para que pueda mantenerse y progresar en el seguimiento de Jesucristo, insis\u00adtir\u00e1 en las conferencias a sus comunidades en que recurran a la gracia de Dios. Muchas de sus ex\u00adhortaciones concluyen con expresiones que re\u00adsaltan esta idea:<\/p>\n<p><em>\u00abAy\u00fadame con tu gracia, . .\u00bb; \u00abRuego a Nues\u00adtro Se\u00f1or que nos conceda la gracia\u2026\u00bb; \u00abTen\u00e9is que pedirle a Dios que os conceda la gracia\u2026\u00bb <\/em>(cf. IX, 229. 828. 560. 1063. 1045,\u2026).<\/p>\n<h3><em>4. <\/em>Dios concede su gracia a todos los hombres<\/h3>\n<p>La universalidad de la concesi\u00f3n de la gracia es uno de los aspectos discutidos en la contro\u00adversia jansenista. \u00abLos que tienen nuevas opi\u00adniones -afirma Vicente, recogiendo las ideas jansenistas- sostienen que no hay gracias sufi\u00adcientes que se dan a todos los hombres; que no hay m\u00e1s que gracias eficaces, que se dan a po\u00adcas personas y que aqu\u00e9llos a los que se dan no pueden resistir a ellas\u00bb (X, 189).<\/p>\n<p>Frente a esta postura, Vicente defiende que \u00abDios les da a todos los hombres, tanto fieles como infieles las gracias suficientes para salvar\u00adse, y que se puedan aceptar o rechazar esas gra\u00adcias\u00bb (X, 189).<\/p>\n<p>Est\u00e1 en juego la comprensi\u00f3n del cristianismo. Para Vicente es evidente, desde su experiencia de Dios, que \u00abla bondad de Dios es tan grande que les da medios a todos los hombres para sal\u00advarse\u00bb. Por eso, a un misionero que cuestiona que haya \u00abgracias suficientes\u00bb le responde que \u00ab<em>me parece que es de gran importancia que todos los cristianos sepan y crean que Dios es tan bueno que todos los cristianos pueden, con la gracia de Jesucristo, realizar su salvaci\u00f3n<\/em>\u00bb (III, 301-302).<\/p>\n<p>Dios ofrece su gracia a todos seg\u00fan la situa\u00adci\u00f3n y necesidades de cada uno. Vicente lo ex\u00adplica con la imagen de una fuente: \u00abDios nos con\u00adcede sus gracias seg\u00fan las necesidades que de ellas tenemos. Dios es una fuente de la que ca\u00adda uno saca el agua seg\u00fan sus necesidades. Co\u00admo una persona que necesita seis cubos de agua, saca seis, si necesita tres, tres\u2026\u00bb (XI, 37).<\/p>\n<p>En este sentido afirma que hay unas \u00abgracias de estado\u00bb, es decir, una asistencia especial que Dios ofrece a los hombres para cumplir bien su deber en una situaci\u00f3n concreta. Cuando Dios lla\u00adma a una misi\u00f3n concede las gracias suficientes para llevarla a cabo. Si alguien ha recibido un mi\u00adnisterio para el bien de la comunidad, recibir\u00e1 tambi\u00e9n la ayuda de Dios para realizarlo. As\u00ed lo apli\u00adca al ministerio de la \u00abHermana sirviente\u00bb: <em>\u00abDios da las gracias suficientes a las que llama a este cargo. No cre\u00e1is que se dan siempre los cargos a las m\u00e1s capaces o a las m\u00e1s virtuosas\u00bb <\/em>(IX, 599).<\/p>\n<h3>5. Gracia de Dios y libertad del hombre<\/h3>\n<p>El problema de la relaci\u00f3n entre gracia y li\u00adbertad ha sido muy discutido en la historia de la teolog\u00eda cristiana. La cuesti\u00f3n surge al tener que salvar dos afirmaciones fundamentales:<\/p>\n<ul>\n<li>para realizar un acto salv\u00edfico el hombre ne\u00adcesita la gracia divina;<\/li>\n<li>el hombre es libre y puede, por tanto, re\u00adchazar la gracia ofrecida por Dios.<\/li>\n<\/ul>\n<p>Ambos datos est\u00e1n atestiguados por la Sagra\u00adda Escritura, \u00bfc\u00f3mo conjugar el poder soberano de Dios y su gracia con el acto libre del hombre?<\/p>\n<p>Esta controversia renace una vez m\u00e1s en tiem\u00adpos de Vicente de Paul con la doctrina jansenis\u00adta, que no salva el dato de la libertad humana. Los jansenistas ven al hombre como un juguete de las fuerzas exteriores y pasiones interiores, contra las que nada puede. Es por tanto Dios el que por su gracia, que concede s\u00f3lo a algunos, hace que el hombre pueda observar los mandamientos de Dios. El hombre no es libre, sino esclavo de Dios. No hay m\u00e1s que gracias \u00abeficaces\u00bb, A LAS QUE NO SE PUEDE RESISTIR.<\/p>\n<p>Frente a esta postura Vicente defiende que \u00abDios da gracias suficientes a todos los hombres y que Nuestro Se\u00f1or, al darnos estas gracias, no coacciona nuestro libre albedr\u00edo, sino que lo de\u00adja en libertad de emplear bien esas gracias o de abusar de ellas\u00bb (X, 192).<\/p>\n<p>\u00c9l es consciente de que la salvaci\u00f3n se reali\u00adza en el horizonte de la libertad humana, pues el amor de Dios no fuerza, sino que solicita una res\u00adpuesta de amor. Por ello hay que afirmar que el hombre es capaz de rechazar la gracia de Dios y que no toda gracia es \u00abeficaz\u00bb. Muchos argu\u00admentos pone Vicente para justificar estas afir\u00admaciones (cf. X, 192-197), pero es en la expe\u00adriencia donde \u00e9l ve m\u00e1s claramente demostradas estas verdades. <em>\u00abLa experiencia lo demuestra continuamente\u00bb, <\/em>afirma al contemplar las infide\u00adlidades de los hombres a la gracia de Dios (cf. VI, 164). Uno de sus argumentos sobre la li\u00adbertad de rechazar la gracia parte dei concepto del \u00abm\u00e9rito\u00bb: <em>\u00abSi as\u00ed no fuera, el hombre lo har\u00eda to\u00addo por necesidad y por consiguiente no podr\u00eda te\u00adner m\u00e9rito alguno. \u00bfQu\u00e9 m\u00e9rito tiene un forzado en saludar al general de las galeras?\u2026Seg\u00fan es\u00adto se seguir\u00eda que el hombre no tendr\u00eda ning\u00fan m\u00e9rito en el bien que hace, ni en el mal que evi\u00adta, y por consiguiente que no habr\u00eda recompen\u00adsa\u2026\u00bb <\/em>(X, 195).<\/p>\n<p>La certeza de la posibilidad de rechazar la gra\u00adcia de Dios le lleva a insistir a los miembros de sus comunidades sobre el cuidado que hay que tener para no perder las gracias que Dios ofrece, pues <em>\u00abcuando uno no usa sus gracias debida\u00admente, \u00e9l se las pasa a otros\u00bb <\/em>(cf. XI, 803).<\/p>\n<h3>6. Gracia de Dios y colaboraci\u00f3n humana<\/h3>\n<p>Partiendo de un esp\u00edritu humanista y de la afirmaci\u00f3n de la libertad del hombre, Vicente des\u00adtaca que \u00e9ste ha de cooperar con la gracia de Dios en su propia justificaci\u00f3n. La gracia de Dios, ofrecida a todos los hombres, se hace eficaz a tra\u00adv\u00e9s de la colaboraci\u00f3n humana.<\/p>\n<p>En este sentido, Vicente hace suya la m\u00e1xi\u00adma ignaciana de \u00abconfiar como si Dios lo hiciera todo y nosotros nada y trabajar como si Dios no hiciera nada y nosotros todo\u00bb, cuando afirma: \u00abEncuentro buena la m\u00e1xima de servirse de to\u00addos los medios l\u00edcitos y posibles para la gloria de Dios, como si Dios no nos ayudara, con tal que se espere todo de su divina Providencia, como si no tuvi\u00e9ramos medios humanos\u00bb (cf. IV, 346).<\/p>\n<p>Para \u00e9l hay una relaci\u00f3n muy estrecha entre gracia de Dios y la fidelidad humana, de modo que <em>\u00abla fidelidad que cada uno ponga en las gra\u00adcias recibidas atrae cada vez m\u00e1s otras nuevas\u00bb. <\/em>As\u00ed se lo explica a las Hijas de la Caridad: \u00abDios le dar\u00e1 m\u00e1s al que utiliza bien lo que se le ha da\u00addo. Mis queridas hermanas, no hay nada que atrai\u00adga tanto las gracias de Dios para hacer el bien co\u00admo el ser fieles a ellas y poner en pr\u00e1ctica lo que se conoce; por el contrario, no hay nada que per\u00adjudique tanto al alma como la infidelidad. \u00bfSab\u00e9is c\u00f3mo act\u00faa Dios con un alma que desprecia sus gracias? Se las retira, y entonces cae en el endu\u00adrecimiento, luego en el hast\u00edo y finalmente en la imposibilidad para hacer nada; de forma que no s\u00f3\u00adlo pierde la gracia que se le ofreci\u00f3, sino tambi\u00e9n las virtudes que ten\u00eda\u00bb (IX, 372; cf. VI, 164; X1, 803).<\/p>\n<p>La gracia de Dios es un carisma que se reci\u00adbe para el servicio de los dem\u00e1s. Es el aspecto solidario de la gracia, que hace que, en cierta ma\u00adnera cada uno sea responsable de la gracia del otro y cada uno debe ser sacramento de gracia y sal\u00advaci\u00f3n para el otro. Vicente es consciente de que las gracias recibidas de Dios tienen que ponerse al servicio de los dem\u00e1s, pues Dios se comunica no s\u00f3lo para aumento de la propia virtud, sino pa\u00adra <em>\u00abtrabajar incesantemente en provecho del pr\u00f3\u00adjimo\u00bb <\/em>(cf. IX, 373). Por otra parte el mismo servi\u00adcio a los hermanos se convierte en testimonio y expresi\u00f3n de la gracia de Dios: <em>\u00abMe he enterado que esa pobre gente est\u00e1 muy agradecida a la gra\u00adcia que Dios les ha hecho y, al ver que van a asis\u00adtirles y que esas hermanas no tienen m\u00e1s inte\u00adr\u00e9s en ello que el amor de Dios, dicen que se dan cuenta entonces de que Dios es el protector de los pobres. <\/em><\/p>\n<p><em>Ved qu\u00e9 hermoso es ayudar a esas pobres gentes a reconocer la bondad de Dios\u00bb <\/em>(IX, 1057).<\/p>\n<h2>Bibliograf\u00eda elemental<\/h2>\n<p>Algunas obras generales asequibles son:<\/p>\n<p>L. BOFF, <em>Gracia y liberaci\u00f3n del hombre, <\/em>Cristian\u00addad, Madrid 1978.- AA. W., <em>Mysterium Salu\u00adtis, <\/em>IV\/2, Cristiandad, Madrid 1975, 575-938.- K. RAHNER, <em>La gracia como libertad, <\/em>Barcelo\u00adna 1972.- J. A. SAYES, <em>La gracia de Cristo, <\/em>BAC, Madrid 1993.<\/p>\n","protected":false},"excerpt":{"rendered":"<p>Introducci\u00f3n El concepto de gracia (\u00abjaris\u00bb en griego y \u00abgra\u00adtia\u00bb en lat\u00edn) es central en la reflexi\u00f3n teol\u00f3gica cristiana, pero a la vez es de los m\u00e1s discutidos y dif\u00edciles de comprender y definir por &#8230; <a href=\"http:\/\/vincentians.com\/es\/espiritualidad-vicenciana-gracia\/\" class=\"more-link\">Read More<\/a><\/p>\n","protected":false},"author":4,"featured_media":388395,"comment_status":"open","ping_status":"open","sticky":false,"template":"","format":"standard","meta":{"jetpack_post_was_ever_published":false,"_jetpack_newsletter_access":"","_jetpack_dont_email_post_to_subs":false,"_jetpack_newsletter_tier_id":0,"_jetpack_memberships_contains_paywalled_content":false,"_jetpack_memberships_contains_paid_content":false,"footnotes":"","jetpack_publicize_message":"","jetpack_publicize_feature_enabled":true,"jetpack_social_post_already_shared":true,"jetpack_social_options":{"image_generator_settings":{"template":"highway","default_image_id":0,"font":"","enabled":false},"version":2}},"categories":[226],"tags":[224,126,175,145,172],"class_list":["post-39503","post","type-post","status-publish","format-standard","has-post-thumbnail","hentry","category-espiritualidad-vicenciana","tag-berulle","tag-dehorgny","tag-folleville","tag-gannes","tag-pobreza"],"yoast_head":"<!-- This site is optimized with the Yoast SEO plugin v26.3 - https:\/\/yoast.com\/wordpress\/plugins\/seo\/ -->\n<title>Espiritualidad vicenciana: Gracia - Somos Vicencianos<\/title>\n<meta name=\"robots\" content=\"index, follow, max-snippet:-1, max-image-preview:large, max-video-preview:-1\" \/>\n<link rel=\"canonical\" href=\"https:\/\/vincentians.com\/es\/espiritualidad-vicenciana-gracia\/\" \/>\n<meta property=\"og:locale\" content=\"es_ES\" \/>\n<meta property=\"og:type\" content=\"article\" \/>\n<meta property=\"og:title\" content=\"Espiritualidad vicenciana: Gracia - Somos Vicencianos\" \/>\n<meta property=\"og:description\" content=\"Introducci\u00f3n El concepto de gracia (\u00abjaris\u00bb en griego y \u00abgra\u00adtia\u00bb en lat\u00edn) es central en la reflexi\u00f3n teol\u00f3gica cristiana, pero a la vez es de los m\u00e1s discutidos y dif\u00edciles de comprender y definir por ... Read More\" \/>\n<meta property=\"og:url\" content=\"https:\/\/vincentians.com\/es\/espiritualidad-vicenciana-gracia\/\" \/>\n<meta property=\"og:site_name\" content=\"Somos Vicencianos\" \/>\n<meta property=\"article:publisher\" content=\"https:\/\/www.facebook.com\/WeAreVincentians\/\" \/>\n<meta property=\"article:author\" content=\"https:\/\/www.facebook.com\/JavierChento\" \/>\n<meta property=\"article:published_time\" content=\"2014-09-18T06:00:07+00:00\" \/>\n<meta property=\"og:image\" content=\"https:\/\/i0.wp.com\/vincentians.com\/es\/wp-content\/uploads\/sites\/11\/2016\/07\/espiritualidad-vicenciana.jpg?fit=1200%2C630&ssl=1\" \/>\n\t<meta property=\"og:image:width\" content=\"1200\" \/>\n\t<meta property=\"og:image:height\" content=\"630\" \/>\n\t<meta property=\"og:image:type\" content=\"image\/jpeg\" \/>\n<meta name=\"author\" content=\"Francisco Javier Fern\u00e1ndez Chento\" \/>\n<meta name=\"twitter:card\" content=\"summary_large_image\" \/>\n<meta name=\"twitter:creator\" content=\"@https:\/\/twitter.com\/javierchento\" \/>\n<meta name=\"twitter:site\" content=\"@WeVincentians\" \/>\n<meta name=\"twitter:label1\" content=\"Escrito por\" \/>\n\t<meta name=\"twitter:data1\" content=\"Francisco Javier Fern\u00e1ndez Chento\" \/>\n\t<meta name=\"twitter:label2\" content=\"Tiempo de lectura\" \/>\n\t<meta name=\"twitter:data2\" content=\"24 minutos\" \/>\n<script type=\"application\/ld+json\" class=\"yoast-schema-graph\">{\"@context\":\"https:\/\/schema.org\",\"@graph\":[{\"@type\":\"Article\",\"@id\":\"https:\/\/vincentians.com\/es\/espiritualidad-vicenciana-gracia\/#article\",\"isPartOf\":{\"@id\":\"https:\/\/vincentians.com\/es\/espiritualidad-vicenciana-gracia\/\"},\"author\":{\"name\":\"Francisco Javier Fern\u00e1ndez Chento\",\"@id\":\"https:\/\/vincentians.com\/es\/#\/schema\/person\/9623ef4d9aa3b2dfb8c061f1499288f2\"},\"headline\":\"Espiritualidad vicenciana: Gracia\",\"datePublished\":\"2014-09-18T06:00:07+00:00\",\"mainEntityOfPage\":{\"@id\":\"https:\/\/vincentians.com\/es\/espiritualidad-vicenciana-gracia\/\"},\"wordCount\":4815,\"commentCount\":0,\"publisher\":{\"@id\":\"https:\/\/vincentians.com\/es\/#organization\"},\"image\":{\"@id\":\"https:\/\/vincentians.com\/es\/espiritualidad-vicenciana-gracia\/#primaryimage\"},\"thumbnailUrl\":\"https:\/\/i0.wp.com\/vincentians.com\/es\/wp-content\/uploads\/sites\/11\/2016\/07\/espiritualidad-vicenciana.jpg?fit=1200%2C630\",\"keywords\":[\"Berulle\",\"Dehorgny\",\"Folleville\",\"Gannes\",\"Pobreza\"],\"articleSection\":[\"Espiritualidad vicenciana\"],\"inLanguage\":\"es\",\"potentialAction\":[{\"@type\":\"CommentAction\",\"name\":\"Comment\",\"target\":[\"https:\/\/vincentians.com\/es\/espiritualidad-vicenciana-gracia\/#respond\"]}]},{\"@type\":\"WebPage\",\"@id\":\"https:\/\/vincentians.com\/es\/espiritualidad-vicenciana-gracia\/\",\"url\":\"https:\/\/vincentians.com\/es\/espiritualidad-vicenciana-gracia\/\",\"name\":\"Espiritualidad vicenciana: Gracia - Somos Vicencianos\",\"isPartOf\":{\"@id\":\"https:\/\/vincentians.com\/es\/#website\"},\"primaryImageOfPage\":{\"@id\":\"https:\/\/vincentians.com\/es\/espiritualidad-vicenciana-gracia\/#primaryimage\"},\"image\":{\"@id\":\"https:\/\/vincentians.com\/es\/espiritualidad-vicenciana-gracia\/#primaryimage\"},\"thumbnailUrl\":\"https:\/\/i0.wp.com\/vincentians.com\/es\/wp-content\/uploads\/sites\/11\/2016\/07\/espiritualidad-vicenciana.jpg?fit=1200%2C630\",\"datePublished\":\"2014-09-18T06:00:07+00:00\",\"breadcrumb\":{\"@id\":\"https:\/\/vincentians.com\/es\/espiritualidad-vicenciana-gracia\/#breadcrumb\"},\"inLanguage\":\"es\",\"potentialAction\":[{\"@type\":\"ReadAction\",\"target\":[\"https:\/\/vincentians.com\/es\/espiritualidad-vicenciana-gracia\/\"]}]},{\"@type\":\"ImageObject\",\"inLanguage\":\"es\",\"@id\":\"https:\/\/vincentians.com\/es\/espiritualidad-vicenciana-gracia\/#primaryimage\",\"url\":\"https:\/\/i0.wp.com\/vincentians.com\/es\/wp-content\/uploads\/sites\/11\/2016\/07\/espiritualidad-vicenciana.jpg?fit=1200%2C630\",\"contentUrl\":\"https:\/\/i0.wp.com\/vincentians.com\/es\/wp-content\/uploads\/sites\/11\/2016\/07\/espiritualidad-vicenciana.jpg?fit=1200%2C630\",\"width\":1200,\"height\":630},{\"@type\":\"BreadcrumbList\",\"@id\":\"https:\/\/vincentians.com\/es\/espiritualidad-vicenciana-gracia\/#breadcrumb\",\"itemListElement\":[{\"@type\":\"ListItem\",\"position\":1,\"name\":\"Portada\",\"item\":\"https:\/\/vincentians.com\/es\/\"},{\"@type\":\"ListItem\",\"position\":2,\"name\":\"Espiritualidad vicenciana: Gracia\"}]},{\"@type\":\"WebSite\",\"@id\":\"https:\/\/vincentians.com\/es\/#website\",\"url\":\"https:\/\/vincentians.com\/es\/\",\"name\":\"Somos Vicencianos\",\"description\":\"Know more to serve more\",\"publisher\":{\"@id\":\"https:\/\/vincentians.com\/es\/#organization\"},\"potentialAction\":[{\"@type\":\"SearchAction\",\"target\":{\"@type\":\"EntryPoint\",\"urlTemplate\":\"https:\/\/vincentians.com\/es\/?s={search_term_string}\"},\"query-input\":{\"@type\":\"PropertyValueSpecification\",\"valueRequired\":true,\"valueName\":\"search_term_string\"}}],\"inLanguage\":\"es\"},{\"@type\":\"Organization\",\"@id\":\"https:\/\/vincentians.com\/es\/#organization\",\"name\":\"The Vincentian Network\",\"url\":\"https:\/\/vincentians.com\/es\/\",\"logo\":{\"@type\":\"ImageObject\",\"inLanguage\":\"es\",\"@id\":\"https:\/\/vincentians.com\/es\/#\/schema\/logo\/image\/\",\"url\":\"https:\/\/i1.wp.com\/vincentians.com\/es\/wp-content\/uploads\/sites\/11\/2016\/06\/Vincentian-Network-logo-big.png?fit=778%2C778\",\"contentUrl\":\"https:\/\/i1.wp.com\/vincentians.com\/es\/wp-content\/uploads\/sites\/11\/2016\/06\/Vincentian-Network-logo-big.png?fit=778%2C778\",\"width\":778,\"height\":778,\"caption\":\"The Vincentian Network\"},\"image\":{\"@id\":\"https:\/\/vincentians.com\/es\/#\/schema\/logo\/image\/\"},\"sameAs\":[\"https:\/\/www.facebook.com\/WeAreVincentians\/\",\"https:\/\/x.com\/WeVincentians\"]},{\"@type\":\"Person\",\"@id\":\"https:\/\/vincentians.com\/es\/#\/schema\/person\/9623ef4d9aa3b2dfb8c061f1499288f2\",\"name\":\"Francisco Javier Fern\u00e1ndez Chento\",\"image\":{\"@type\":\"ImageObject\",\"inLanguage\":\"es\",\"@id\":\"https:\/\/vincentians.com\/es\/#\/schema\/person\/image\/\",\"url\":\"https:\/\/secure.gravatar.com\/avatar\/497d5cde87b4c3d097d0315953521681ba2cd523ee66e5077c3711f7021e65de?s=96&d=mm&r=g\",\"contentUrl\":\"https:\/\/secure.gravatar.com\/avatar\/497d5cde87b4c3d097d0315953521681ba2cd523ee66e5077c3711f7021e65de?s=96&d=mm&r=g\",\"caption\":\"Francisco Javier Fern\u00e1ndez Chento\"},\"description\":\"Director General y cofundador de La Red de Formaci\u00f3n Vicenciana. Javier es laico vicenciano, afiliado a la Congregaci\u00f3n de la Misi\u00f3n y miembro del Equipo de Misiones Populares de la provincia can\u00f3nica de Zaragoza (Espa\u00f1a) de la Congregaci\u00f3n de la Misi\u00f3n. Graduado en la Universidad Oberta de Catalunya con cuatro grados (Asistente de direcci\u00f3n, Gesti\u00f3n Administrativa, Recursos Humanos y Contabilidad Avanzada). Bil\u00edng\u00fce Espa\u00f1ol\/Ingl\u00e9s. gestiona y mantiene varias p\u00e1ginas web cristianas y vicencianas, incluida including La Red de Formaci\u00f3n Vicenciana, de la que es cofundador. Actualmente es responsable del \u00e1rea de Espa\u00f1ol de .famvin, la Red de Noticias de la Familia Vicenciana. Tambi\u00e9n es m\u00fasico cat\u00f3lico y ha editado varios discos. Es Director General y cofundador de Trovador, una reconocida compa\u00f1\u00eda discogr\u00e1fica critiana de Espa\u00f1a. Trabaja en las Tecnolog\u00edas de la Informaci\u00f3n, ofreciendo servicios de alojamiento, dise\u00f1o y mantenimiento Web, as\u00ed como asesoramiento, formaci\u00f3n y soluciones inform\u00e1ticas, gesti\u00f3n documental y digitalizaci\u00f3n de textos, edici\u00f3n y maquetaci\u00f3n de libros, revistas, flyers, etc.\",\"sameAs\":[\"http:\/\/chento.org\",\"https:\/\/www.facebook.com\/JavierChento\",\"https:\/\/x.com\/https:\/\/twitter.com\/javierchento\"],\"url\":\"http:\/\/vincentians.com\/es\/author\/chento\/\"}]}<\/script>\n<!-- \/ Yoast SEO plugin. -->","yoast_head_json":{"title":"Espiritualidad vicenciana: Gracia - Somos Vicencianos","robots":{"index":"index","follow":"follow","max-snippet":"max-snippet:-1","max-image-preview":"max-image-preview:large","max-video-preview":"max-video-preview:-1"},"canonical":"https:\/\/vincentians.com\/es\/espiritualidad-vicenciana-gracia\/","og_locale":"es_ES","og_type":"article","og_title":"Espiritualidad vicenciana: Gracia - Somos Vicencianos","og_description":"Introducci\u00f3n El concepto de gracia (\u00abjaris\u00bb en griego y \u00abgra\u00adtia\u00bb en lat\u00edn) es central en la reflexi\u00f3n teol\u00f3gica cristiana, pero a la vez es de los m\u00e1s discutidos y dif\u00edciles de comprender y definir por ... Read More","og_url":"https:\/\/vincentians.com\/es\/espiritualidad-vicenciana-gracia\/","og_site_name":"Somos Vicencianos","article_publisher":"https:\/\/www.facebook.com\/WeAreVincentians\/","article_author":"https:\/\/www.facebook.com\/JavierChento","article_published_time":"2014-09-18T06:00:07+00:00","og_image":[{"width":1200,"height":630,"url":"https:\/\/i0.wp.com\/vincentians.com\/es\/wp-content\/uploads\/sites\/11\/2016\/07\/espiritualidad-vicenciana.jpg?fit=1200%2C630&ssl=1","type":"image\/jpeg"}],"author":"Francisco Javier Fern\u00e1ndez Chento","twitter_card":"summary_large_image","twitter_creator":"@https:\/\/twitter.com\/javierchento","twitter_site":"@WeVincentians","twitter_misc":{"Escrito por":"Francisco Javier Fern\u00e1ndez Chento","Tiempo de lectura":"24 minutos"},"schema":{"@context":"https:\/\/schema.org","@graph":[{"@type":"Article","@id":"https:\/\/vincentians.com\/es\/espiritualidad-vicenciana-gracia\/#article","isPartOf":{"@id":"https:\/\/vincentians.com\/es\/espiritualidad-vicenciana-gracia\/"},"author":{"name":"Francisco Javier Fern\u00e1ndez Chento","@id":"https:\/\/vincentians.com\/es\/#\/schema\/person\/9623ef4d9aa3b2dfb8c061f1499288f2"},"headline":"Espiritualidad vicenciana: Gracia","datePublished":"2014-09-18T06:00:07+00:00","mainEntityOfPage":{"@id":"https:\/\/vincentians.com\/es\/espiritualidad-vicenciana-gracia\/"},"wordCount":4815,"commentCount":0,"publisher":{"@id":"https:\/\/vincentians.com\/es\/#organization"},"image":{"@id":"https:\/\/vincentians.com\/es\/espiritualidad-vicenciana-gracia\/#primaryimage"},"thumbnailUrl":"https:\/\/i0.wp.com\/vincentians.com\/es\/wp-content\/uploads\/sites\/11\/2016\/07\/espiritualidad-vicenciana.jpg?fit=1200%2C630","keywords":["Berulle","Dehorgny","Folleville","Gannes","Pobreza"],"articleSection":["Espiritualidad vicenciana"],"inLanguage":"es","potentialAction":[{"@type":"CommentAction","name":"Comment","target":["https:\/\/vincentians.com\/es\/espiritualidad-vicenciana-gracia\/#respond"]}]},{"@type":"WebPage","@id":"https:\/\/vincentians.com\/es\/espiritualidad-vicenciana-gracia\/","url":"https:\/\/vincentians.com\/es\/espiritualidad-vicenciana-gracia\/","name":"Espiritualidad vicenciana: Gracia - Somos Vicencianos","isPartOf":{"@id":"https:\/\/vincentians.com\/es\/#website"},"primaryImageOfPage":{"@id":"https:\/\/vincentians.com\/es\/espiritualidad-vicenciana-gracia\/#primaryimage"},"image":{"@id":"https:\/\/vincentians.com\/es\/espiritualidad-vicenciana-gracia\/#primaryimage"},"thumbnailUrl":"https:\/\/i0.wp.com\/vincentians.com\/es\/wp-content\/uploads\/sites\/11\/2016\/07\/espiritualidad-vicenciana.jpg?fit=1200%2C630","datePublished":"2014-09-18T06:00:07+00:00","breadcrumb":{"@id":"https:\/\/vincentians.com\/es\/espiritualidad-vicenciana-gracia\/#breadcrumb"},"inLanguage":"es","potentialAction":[{"@type":"ReadAction","target":["https:\/\/vincentians.com\/es\/espiritualidad-vicenciana-gracia\/"]}]},{"@type":"ImageObject","inLanguage":"es","@id":"https:\/\/vincentians.com\/es\/espiritualidad-vicenciana-gracia\/#primaryimage","url":"https:\/\/i0.wp.com\/vincentians.com\/es\/wp-content\/uploads\/sites\/11\/2016\/07\/espiritualidad-vicenciana.jpg?fit=1200%2C630","contentUrl":"https:\/\/i0.wp.com\/vincentians.com\/es\/wp-content\/uploads\/sites\/11\/2016\/07\/espiritualidad-vicenciana.jpg?fit=1200%2C630","width":1200,"height":630},{"@type":"BreadcrumbList","@id":"https:\/\/vincentians.com\/es\/espiritualidad-vicenciana-gracia\/#breadcrumb","itemListElement":[{"@type":"ListItem","position":1,"name":"Portada","item":"https:\/\/vincentians.com\/es\/"},{"@type":"ListItem","position":2,"name":"Espiritualidad vicenciana: Gracia"}]},{"@type":"WebSite","@id":"https:\/\/vincentians.com\/es\/#website","url":"https:\/\/vincentians.com\/es\/","name":"Somos Vicencianos","description":"Know more to serve more","publisher":{"@id":"https:\/\/vincentians.com\/es\/#organization"},"potentialAction":[{"@type":"SearchAction","target":{"@type":"EntryPoint","urlTemplate":"https:\/\/vincentians.com\/es\/?s={search_term_string}"},"query-input":{"@type":"PropertyValueSpecification","valueRequired":true,"valueName":"search_term_string"}}],"inLanguage":"es"},{"@type":"Organization","@id":"https:\/\/vincentians.com\/es\/#organization","name":"The Vincentian Network","url":"https:\/\/vincentians.com\/es\/","logo":{"@type":"ImageObject","inLanguage":"es","@id":"https:\/\/vincentians.com\/es\/#\/schema\/logo\/image\/","url":"https:\/\/i1.wp.com\/vincentians.com\/es\/wp-content\/uploads\/sites\/11\/2016\/06\/Vincentian-Network-logo-big.png?fit=778%2C778","contentUrl":"https:\/\/i1.wp.com\/vincentians.com\/es\/wp-content\/uploads\/sites\/11\/2016\/06\/Vincentian-Network-logo-big.png?fit=778%2C778","width":778,"height":778,"caption":"The Vincentian Network"},"image":{"@id":"https:\/\/vincentians.com\/es\/#\/schema\/logo\/image\/"},"sameAs":["https:\/\/www.facebook.com\/WeAreVincentians\/","https:\/\/x.com\/WeVincentians"]},{"@type":"Person","@id":"https:\/\/vincentians.com\/es\/#\/schema\/person\/9623ef4d9aa3b2dfb8c061f1499288f2","name":"Francisco Javier Fern\u00e1ndez Chento","image":{"@type":"ImageObject","inLanguage":"es","@id":"https:\/\/vincentians.com\/es\/#\/schema\/person\/image\/","url":"https:\/\/secure.gravatar.com\/avatar\/497d5cde87b4c3d097d0315953521681ba2cd523ee66e5077c3711f7021e65de?s=96&d=mm&r=g","contentUrl":"https:\/\/secure.gravatar.com\/avatar\/497d5cde87b4c3d097d0315953521681ba2cd523ee66e5077c3711f7021e65de?s=96&d=mm&r=g","caption":"Francisco Javier Fern\u00e1ndez Chento"},"description":"Director General y cofundador de La Red de Formaci\u00f3n Vicenciana. Javier es laico vicenciano, afiliado a la Congregaci\u00f3n de la Misi\u00f3n y miembro del Equipo de Misiones Populares de la provincia can\u00f3nica de Zaragoza (Espa\u00f1a) de la Congregaci\u00f3n de la Misi\u00f3n. Graduado en la Universidad Oberta de Catalunya con cuatro grados (Asistente de direcci\u00f3n, Gesti\u00f3n Administrativa, Recursos Humanos y Contabilidad Avanzada). Bil\u00edng\u00fce Espa\u00f1ol\/Ingl\u00e9s. gestiona y mantiene varias p\u00e1ginas web cristianas y vicencianas, incluida including La Red de Formaci\u00f3n Vicenciana, de la que es cofundador. Actualmente es responsable del \u00e1rea de Espa\u00f1ol de .famvin, la Red de Noticias de la Familia Vicenciana. Tambi\u00e9n es m\u00fasico cat\u00f3lico y ha editado varios discos. Es Director General y cofundador de Trovador, una reconocida compa\u00f1\u00eda discogr\u00e1fica critiana de Espa\u00f1a. Trabaja en las Tecnolog\u00edas de la Informaci\u00f3n, ofreciendo servicios de alojamiento, dise\u00f1o y mantenimiento Web, as\u00ed como asesoramiento, formaci\u00f3n y soluciones inform\u00e1ticas, gesti\u00f3n documental y digitalizaci\u00f3n de textos, edici\u00f3n y maquetaci\u00f3n de libros, revistas, flyers, etc.","sameAs":["http:\/\/chento.org","https:\/\/www.facebook.com\/JavierChento","https:\/\/x.com\/https:\/\/twitter.com\/javierchento"],"url":"http:\/\/vincentians.com\/es\/author\/chento\/"}]}},"jetpack_publicize_connections":[],"jetpack_featured_media_url":"https:\/\/i0.wp.com\/vincentians.com\/es\/wp-content\/uploads\/sites\/11\/2016\/07\/espiritualidad-vicenciana.jpg?fit=1200%2C630","jetpack_sharing_enabled":true,"jetpack_shortlink":"https:\/\/wp.me\/p7ETMF-ah9","jetpack-related-posts":[{"id":131666,"url":"http:\/\/vincentians.com\/es\/nuestro-senor-quiere-quehagamos-votos\/","url_meta":{"origin":39503,"position":0},"title":"\u00abNuestro Se\u00f1or quiere que hagamos votos\u00bb","author":"Francisco Javier Fern\u00e1ndez Chento","date":"30\/10\/2014","format":false,"excerpt":"\"Por ese cari\u00f1o de Dios os exhorto, hermanos, a que ofrezc\u00e1is vuestra propia existencia como sacrificio vivo, consagrado, agradable a Dios, como vuestro culto aut\u00e9ntico; y no os amold\u00e9is al mundo \u00e9ste, sino iros transformando con la nueva mentalidad, para ser vosotros capaces de distinguir lo que es la voluntad\u2026","rel":"","context":"En \u00abEspiritualidad vicenciana\u00bb","block_context":{"text":"Espiritualidad vicenciana","link":"http:\/\/vincentians.com\/es\/category\/espiritualidad\/espiritualidad-vicenciana\/"},"img":{"alt_text":"votos","src":"https:\/\/i0.wp.com\/vicencianos.org\/wp-content\/2014\/10\/votos-300x225.jpg?resize=350%2C200","width":350,"height":200},"classes":[]},{"id":141961,"url":"http:\/\/vincentians.com\/es\/castos-y-celibes-por-el-reino-de-los-cielos\/","url_meta":{"origin":39503,"position":1},"title":"Castos y c\u00e9libes por el Reino de los Cielos","author":"Francisco Javier Fern\u00e1ndez Chento","date":"29\/03\/2015","format":false,"excerpt":"\u00abHay eunucos que salieron as\u00ed del vientre de su madre, a otros les hicieron los hom\u00adbres, y hay otros que se hacen eunucos por el Reino de Dios. El que pueda con eso que lo haga\u00bb. (Mt 19,12). \u201cImitadores de Cristo en su amor universal a los hombres, abrazamos, en\u2026","rel":"","context":"En \u00abEspiritualidad vicenciana\u00bb","block_context":{"text":"Espiritualidad vicenciana","link":"http:\/\/vincentians.com\/es\/category\/espiritualidad\/espiritualidad-vicenciana\/"},"img":{"alt_text":"love-for-god-and-neighbor","src":"https:\/\/i0.wp.com\/vicencianos.org\/wp-content\/2015\/03\/love-for-god-and-neighbor-300x217.jpg?resize=350%2C200","width":350,"height":200},"classes":[]},{"id":124725,"url":"http:\/\/vincentians.com\/es\/imitadores-de-cristo-en-su-amor-universal-v\/","url_meta":{"origin":39503,"position":2},"title":"Imitadores de Cristo en su amor universal (V)","author":"Francisco Javier Fern\u00e1ndez Chento","date":"11\/10\/2023","format":false,"excerpt":"VALORES TEOL\u00d3GICOS DE LA CASTIDAD, RECOGIDOS EN LAS CONSTITUCIONES Don eximio de la gracia (PC 12) 60.- Todos los consejos evang\u00e9licos son un don divino de la gracia,.. dones particulares en la vida de la Iglesia ((LG 43). Sin embargo, cuando se trata de la castidad consagrada, se a\u00f1aden otros\u2026","rel":"","context":"En \u00abFormaci\u00f3n Vicenciana\u00bb","block_context":{"text":"Formaci\u00f3n Vicenciana","link":"http:\/\/vincentians.com\/es\/category\/formacion-vicenciana\/"},"img":{"alt_text":"","src":"https:\/\/i0.wp.com\/vincentians.com\/es\/wp-content\/uploads\/sites\/11\/2013\/04\/formacion_permanente-1.jpg?fit=303%2C303&resize=350%2C200","width":350,"height":200},"classes":[]},{"id":117965,"url":"http:\/\/vincentians.com\/es\/las-potencias-del-alma-de-la-cm-y-expresion-de-su-espiritu\/","url_meta":{"origin":39503,"position":3},"title":"Las potencias del alma de la CM y expresi\u00f3n de su Esp\u00edritu","author":"Francisco Javier Fern\u00e1ndez Chento","date":"21\/08\/2021","format":false,"excerpt":"LAS POTENCIAS DE ALMA.... En el cultivo y la pr\u00e1ctica de estas virtudes, la Congregaci\u00f3n ha de empe\u00ad\u00f1arse muy cuidadosamente, pues estas cinco virtudes son como las poten\u00adcias del alma de la Congregaci\u00f3n entera, y deben animar las acciones de todos nosotros (RC II, 14). 1) En la historia de\u2026","rel":"","context":"En \u00abFormaci\u00f3n Vicenciana\u00bb","block_context":{"text":"Formaci\u00f3n Vicenciana","link":"http:\/\/vincentians.com\/es\/category\/formacion-vicenciana\/"},"img":{"alt_text":"","src":"https:\/\/i0.wp.com\/vincentians.com\/es\/wp-content\/uploads\/sites\/11\/2017\/04\/vicente-y-eucaristia.jpg?fit=1200%2C630&resize=350%2C200","width":350,"height":200,"srcset":"https:\/\/i0.wp.com\/vincentians.com\/es\/wp-content\/uploads\/sites\/11\/2017\/04\/vicente-y-eucaristia.jpg?fit=1200%2C630&resize=350%2C200 1x, https:\/\/i0.wp.com\/vincentians.com\/es\/wp-content\/uploads\/sites\/11\/2017\/04\/vicente-y-eucaristia.jpg?fit=1200%2C630&resize=525%2C300 1.5x, https:\/\/i0.wp.com\/vincentians.com\/es\/wp-content\/uploads\/sites\/11\/2017\/04\/vicente-y-eucaristia.jpg?fit=1200%2C630&resize=700%2C400 2x, https:\/\/i0.wp.com\/vincentians.com\/es\/wp-content\/uploads\/sites\/11\/2017\/04\/vicente-y-eucaristia.jpg?fit=1200%2C630&resize=1050%2C600 3x"},"classes":[]},{"id":139374,"url":"http:\/\/vincentians.com\/es\/colaboradores-con-las-hijas-de-la-caridad\/","url_meta":{"origin":39503,"position":4},"title":"Colaboradores con las Hijas de la Caridad","author":"Francisco Javier Fern\u00e1ndez Chento","date":"11\/02\/2015","format":false,"excerpt":"\u00abLas dotes que cada uno ha \u00adrecibido \u00faselas para servir a los dem\u00e1s como buenos administradores de la m\u00faltiple gracia de Dios\u00bb.\u00ad (I Pe 4,10). \u00abTambi\u00e9n colaborar\u00e1n siempre son ellas (las Hijas de la Caridad) fraternalmente en las obras emprendidas de mutuo acuerdo\u00bb. (C 17). La ayuda espiritual a las\u2026","rel":"","context":"En \u00abEspiritualidad vicenciana\u00bb","block_context":{"text":"Espiritualidad vicenciana","link":"http:\/\/vincentians.com\/es\/category\/espiritualidad\/espiritualidad-vicenciana\/"},"img":{"alt_text":"Hijas-de-la-Caridad-","src":"https:\/\/i0.wp.com\/vicencianos.org\/wp-content\/2015\/02\/Hijas-de-la-Caridad--300x210.jpg?resize=350%2C200","width":350,"height":200},"classes":[]},{"id":122934,"url":"http:\/\/vincentians.com\/es\/introduccion-a-la-espiritualidad-vicenciana-laical\/","url_meta":{"origin":39503,"position":5},"title":"Introducci\u00f3n a la espiritualidad vicenciana laical","author":"Francisco Javier Fern\u00e1ndez Chento","date":"24\/06\/2015","format":false,"excerpt":"1. Lo que pretendo De momento, en este trabajo, no pretendo ofre\u00adcer un tratado perfecto y acabado de la espiritua\u00adlidad vicenciana laical, sino m\u00e1s bien asentar unos principios a modo de introducci\u00f3n. El pro\u00adyecto es ofrecer algunos criterios que puedan ayudar al laico vicenciano a vivir su condici\u00f3n de cristiano,\u2026","rel":"","context":"En \u00abEspiritualidad vicenciana\u00bb","block_context":{"text":"Espiritualidad vicenciana","link":"http:\/\/vincentians.com\/es\/category\/espiritualidad\/espiritualidad-vicenciana\/"},"img":{"alt_text":"sanvi_famvi","src":"https:\/\/i0.wp.com\/vicencianos.org\/wp-content\/2010\/12\/sanvi_famvi-300x296.jpg?resize=350%2C200","width":350,"height":200},"classes":[]}],"_links":{"self":[{"href":"http:\/\/vincentians.com\/es\/wp-json\/wp\/v2\/posts\/39503","targetHints":{"allow":["GET"]}}],"collection":[{"href":"http:\/\/vincentians.com\/es\/wp-json\/wp\/v2\/posts"}],"about":[{"href":"http:\/\/vincentians.com\/es\/wp-json\/wp\/v2\/types\/post"}],"author":[{"embeddable":true,"href":"http:\/\/vincentians.com\/es\/wp-json\/wp\/v2\/users\/4"}],"replies":[{"embeddable":true,"href":"http:\/\/vincentians.com\/es\/wp-json\/wp\/v2\/comments?post=39503"}],"version-history":[{"count":0,"href":"http:\/\/vincentians.com\/es\/wp-json\/wp\/v2\/posts\/39503\/revisions"}],"wp:featuredmedia":[{"embeddable":true,"href":"http:\/\/vincentians.com\/es\/wp-json\/wp\/v2\/media\/388395"}],"wp:attachment":[{"href":"http:\/\/vincentians.com\/es\/wp-json\/wp\/v2\/media?parent=39503"}],"wp:term":[{"taxonomy":"category","embeddable":true,"href":"http:\/\/vincentians.com\/es\/wp-json\/wp\/v2\/categories?post=39503"},{"taxonomy":"post_tag","embeddable":true,"href":"http:\/\/vincentians.com\/es\/wp-json\/wp\/v2\/tags?post=39503"}],"curies":[{"name":"wp","href":"https:\/\/api.w.org\/{rel}","templated":true}]}}