{"id":39432,"date":"2014-09-13T08:29:46","date_gmt":"2014-09-13T06:29:46","guid":{"rendered":"http:\/\/somos.vicencianos.org\/?p=39432"},"modified":"2014-09-13T08:29:46","modified_gmt":"2014-09-13T06:29:46","slug":"misiones-populares-en-espana-1975-2000-1-el-contexto-social","status":"publish","type":"post","link":"http:\/\/vincentians.com\/es\/misiones-populares-en-espana-1975-2000-1-el-contexto-social\/","title":{"rendered":"Misiones populares en Espa\u00f1a, 1975-2000: 1. El contexto social"},"content":{"rendered":"<h2><strong>1.- El contexto social<\/strong><\/h2>\n<p>&nbsp;<\/p>\n<p><a href=\"https:\/\/i0.wp.com\/vicencianos.org\/wp-content\/2011\/05\/svp_mision.jpg\"><img data-recalc-dims=\"1\" loading=\"lazy\" decoding=\"async\" class=\"alignright size-medium wp-image-39438\" title=\"svp_mision\" src=\"https:\/\/i0.wp.com\/vicencianos.org\/wp-content\/2011\/05\/svp_mision-277x300.jpg?resize=277%2C300\" alt=\"\" width=\"277\" height=\"300\" \/><\/a>Tras la muerte de Franco es proclamado Rey de Espa\u00f1a Don Juan Carlos de Borb\u00f3n (22 de noviembre de 1975). La sociedad espa\u00f1ola presenta en esos momentos varios frentes: los grupos populares demandando amnist\u00eda, libertad, autonom\u00eda y derechos para las mujeres; el ej\u00e9rcito a la expectativa y con su ala derecha con intenci\u00f3n de perpetuar un franquismo sin Franco; la Iglesia, tras su ruptura con el r\u00e9gimen en a\u00f1os anteriores, buscando su acomodaci\u00f3n a las nuevas circunstancias bajo el influjo del cardenal Taranc\u00f3n y soportando un duro anticlericalismo de derechas. En realidad la Iglesia hab\u00eda experimentado con anterioridad su propia transici\u00f3n siguiendo las pautas renovadoras del Vaticano II y las orientaciones personales de Pablo VI. Quienes se resistieron al cambio fueron una minor\u00eda (media docena de obispos, un reducido sector integrista del clero y n\u00facleos de cat\u00f3licos aferrados a la historia pasada).<\/p>\n<p>De singular importancia es la homil\u00eda que pronuncia el mismo cardenal Taranc\u00f3n en el Eucarist\u00eda del mismo 22 de noviembre de 1975. En ella, basado en el magisterio de Pablo VI, del Vaticano II y de los documentos colectivos del episcopado espa\u00f1ol, record\u00f3 a la suprema autoridad del Estado \u00ablos principios \u00e9ticos de un orden nuevo, los valores tradicionales del pueblo espa\u00f1ol y la voluntad de respeto, y a la vez de independencia, por parte de la Iglesia, con respeto a la nueva etapa pol\u00edtica, en la que no pedir\u00eda privilegios ni legitimar\u00eda ninguna opci\u00f3n pol\u00edtica, ni permitir\u00eda que partido alguno se sirviera de la Iglesia para sus propios intereses\u00bb.<span id='easy-footnote-1-39432' class='easy-footnote-margin-adjust'><\/span><span class='easy-footnote'><a href='http:\/\/vincentians.com\/es\/misiones-populares-en-espana-1975-2000-1-el-contexto-social\/#easy-footnote-bottom-1-39432' title='GARCIA C\u00c1RCEL, V.: \u00abBreve Historia de la Iglesia en Espa\u00f1a\u00bb p.463.'><sup>1<\/sup><\/a><\/span>\n<p>El rey mantendr\u00e1 a Carlos Arias Navarro como Presidente de Gobierno durante un a\u00f1o. En 1976 nombrar\u00e1 a Adolfo Su\u00e1rez cuyo principal logro (junto a Torcuato Fern\u00e1ndez Miranda, presidente del Consejo del Reino) ser\u00e1 la aprobaci\u00f3n por parte de las Cortes de la Ley de Reforma Pol\u00edtica (1976).<\/p>\n<p>Basados en ella se legalizar\u00e1n los Partidos Pol\u00edticos (incluido el PCE) y se convocar\u00e1n las elecciones de 1977, primeras democr\u00e1ticas desde 1936. En ellas triunfar\u00e1 la Uni\u00f3n de Centro Democr\u00e1tico (coalici\u00f3n de grupos y personalidades de centro derecha configurada por el mismo Su\u00e1rez de manera muy r\u00e1pida) aunque sin lograr la mayor\u00eda absoluta. Los grandes fracasados son el PCE (20 esca\u00f1os), la extrema derecha (0) y la Democracia Cristiana (0).<\/p>\n<p>La voz de la Iglesia, en estos momentos, despertaba un cierto inter\u00e9s aunque menos que el que era de esperar. Varios hechos se planteaban como retos a los que hacer frente: la progresiva descristianizaci\u00f3n de la comunidad espa\u00f1ola; la disminuci\u00f3n de la asistencia a misa, la escasez de lectura de literatura teol\u00f3gica y religiosa; matrimonios civiles; liberalismo en costumbres y espect\u00e1culos, disminuci\u00f3n del influjo de las familias en los hijos, reducci\u00f3n de la incidencia de los colegios confesionales\u2026<\/p>\n<h3>a) Transici\u00f3n a la democracia: los gobiernos de UCD (1977-1982).<\/h3>\n<p>Presentado el Gobierno, tres ser\u00e1n los principales problemas: la grave situaci\u00f3n econ\u00f3mica (Pactos de la Moncloa), las reivindicaciones regionalistas (reconocimiento de las autonom\u00edas) y la necesidad de una Carta Magna (Constituci\u00f3n de 1978). El art\u00edculo 16 de esta Constituci\u00f3n vela por el respeto de la religi\u00f3n no s\u00f3lo desde una perspectiva individual sino desde una dimensi\u00f3n social. Se introduce la libertad religiosa y la no confesionalidad del estado. La Constituci\u00f3n de 1978 se apoyaba en un compromiso entre los partidos pol\u00edticos. Por consiguiente, sus t\u00e9rminos en lo refe\u00adrente a la religi\u00f3n y la Iglesia rara vez eran espec\u00edficos, salvo en la cuesti\u00f3n de la liber\u00adtad religiosa. La Iglesia recib\u00eda el reconocimiento constitucional, la vaga promesa gene\u00adral de una futura cooperaci\u00f3n del Estado y el reconocimiento de la legitimidad de su red de colegios. La cuesti\u00f3n de la cuant\u00eda del sost\u00e9n econ\u00f3mico de los colegios de la Iglesia permanec\u00eda sin resolver. La Constituci\u00f3n tampoco satisfizo las expectativas del clero con respecto a la moral p\u00fablica.<span id='easy-footnote-2-39432' class='easy-footnote-margin-adjust'><\/span><span class='easy-footnote'><a href='http:\/\/vincentians.com\/es\/misiones-populares-en-espana-1975-2000-1-el-contexto-social\/#easy-footnote-bottom-2-39432' title='CALLAHAN, W.: \u00abLa Iglesia cat\u00f3lica en Espa\u00f1a\u00bb p. 439.'><sup>2<\/sup><\/a><\/span>\n<p>La postura de la Iglesia durante la transici\u00f3n adopt\u00f3 dos formas: evitar que el Gobierno le impusiera un convenio unilateral (como en la Rep\u00fablica) y participar en el debate y decisi\u00f3n pol\u00edtica a fin de obtener acuerdos favorables a sus intereses. En todos los sentidos, el paquete de cinco acuerdos firmados entre Madrid y el Vaticano en 1976 y 1979 constitu\u00eda un nuevo concordato, aunque ning\u00fan partido quer\u00eda utilizar un t\u00e9rmino que hab\u00eda dejado de ser del gusto del mundo posterior al Vaticano II.<span id='easy-footnote-3-39432' class='easy-footnote-margin-adjust'><\/span><span class='easy-footnote'><a href='http:\/\/vincentians.com\/es\/misiones-populares-en-espana-1975-2000-1-el-contexto-social\/#easy-footnote-bottom-3-39432' title='Id.: p. 429.'><sup>3<\/sup><\/a><\/span>\n<p>En las elecciones generales y municipales de 1979 el triunfo sonri\u00f3 de nuevo a la UCD aunque con menor holgura que en las anteriores. Junto a evidentes \u00e9xitos (configuraci\u00f3n del mapa auton\u00f3mico) varios problemas van saliendo a flote (crisis econ\u00f3mica, terrorismo y disensiones internas de UCD) que motivar\u00e1n la dimisi\u00f3n de Don Adolfo Su\u00e1rez en 1981.<\/p>\n<p>La propia UCD propone a Don Leopoldo Calvo Sotelo para sustituir a Adolfo Su\u00e1rez. En la sesi\u00f3n de \u00abconfianza\u00bb ante las Cortes, se produce el fracasado golpe de Estado del 23 de febrero. Lograda la confianza de la c\u00e1mara, sucesivas leyes (LOAPA, Divorcio) o acontecimientos (colza, Almer\u00eda, OTAN) crear\u00e1n una progresiva p\u00e9rdida de diputados del partido gobernante. Ante esta situaci\u00f3n, se convocan nuevas elecciones.<\/p>\n<p>b) Consolidaci\u00f3n democr\u00e1tica: la Era socialista (1982-1996) y los gobiernos del PP (1996-2000)<\/p>\n<p>El resultado de las elecciones de 1982 significa el triunfo absoluto del PSOE, el afianzamiento de Alianza Popular, la consolidaci\u00f3n de CIU y PNV y el hundimiento de UCD y PCE. El triunfo del PSOE, a pesar de la desintegraci\u00f3n progresiva de la UCD, cogi\u00f3 por sorpresa a la Iglesia. Lo mismo ocurrir\u00e1 en las elecciones de 1986 aunque el ingreso en la OTAN representar\u00e1 la p\u00e9rdida de 20 esca\u00f1os para el PSOE.<\/p>\n<p>Los a\u00f1os ochenta son de gran actividad legislativa en diversos campos como la educaci\u00f3n (LODE y LOGSE), social (aborto), ej\u00e9rcito (democratizaci\u00f3n) y pol\u00edtica exterior (ingreso en la CEE, permanencia en la OTAN). Algunas de estas cuestiones (aborto y ense\u00f1anza) suscitaron bastantes tensiones con la Iglesia. La Iglesia, no obstante, encontr\u00f3 las mayores dificultades en la actitud que mantuvo el PSOE durante los trece a\u00f1os de su gobierno, pues los socialistas fueron \u00abm\u00e1s triunfalistas que negociadores; m\u00e1s separadores que integradores; m\u00e1s inquisidores que generosos; m\u00e1s aferrados al poder que dispuestos a perderlo en un d\u00eda y m\u00e1s obligados a reconocer que Espa\u00f1a es una realidad m\u00e1s extensa y variada que los ocho o diez millones de votos que ese partido hab\u00eda obtenido en estos a\u00f1os\u00bb.<span id='easy-footnote-4-39432' class='easy-footnote-margin-adjust'><\/span><span class='easy-footnote'><a href='http:\/\/vincentians.com\/es\/misiones-populares-en-espana-1975-2000-1-el-contexto-social\/#easy-footnote-bottom-4-39432' title='GARCIA C\u00c1RCEL, V.: \u00abBreve Historia de la Iglesia en Espa\u00f1a\u00bb pp.463-464.'><sup>4<\/sup><\/a><\/span>\n<p>Son a\u00f1os de una notable mejor\u00eda econ\u00f3mica y de un significativo aumento de las prestaciones sociales. Todo ello repercutir\u00e1 en la imagen del pa\u00eds reflejada tanto en la Exposici\u00f3n Universal de Sevilla como en las Olimpiadas de Barcelona. Sin embargo, en el tr\u00e1nsito de la d\u00e9cada, el descontento de los sindicatos con la pol\u00edtica econ\u00f3mica del gobierno es manifiesto y la ruptura con los partidos pol\u00edticos m\u00e1s que evidente.<\/p>\n<p>Los a\u00f1os noventa ver\u00e1n a\u00fan dos nuevos gobiernos del PSOE (1989 \u2013mayor\u00eda absoluta- y 1993 \u2013mayor\u00eda relativa-) y otros dos del PP (1996 \u2013mayor\u00eda relativa- y 2000- mayor\u00eda absoluta-). Los primeros caracterizados por la corrupci\u00f3n (tr\u00e1fico de influencias, enriquecimiento r\u00e1pido, corrupci\u00f3n pol\u00edtica), la decepci\u00f3n europea (exigencias de Maastrich) y desprestigio del PSOE (fondos reservados, actuaci\u00f3n del GAL, escuchas telef\u00f3nicas, \u00abpelotazos\u00bb) y los segundos por la llegada al poder del Partido Popular.<\/p>\n<p>El mapa eclesi\u00e1stico de Espa\u00f1a a finales del siglo XX es similar a los a\u00f1os anteriores. La di\u00f3cesis es la base organizativa increment\u00e1ndose estas de 63 a 67 (Ciudad Real, Jerez, Alcal\u00e1 y Getafe). Se inicia, por otra parte, la proliferaci\u00f3n de diversos cuerpos consultivos que, en ocasiones, ser\u00e1n fuente de abundantes conflictos con las propias autoridades diocesanas. Igualmente se dieron pasos para responder positivamente al nombramiento de obispos nativos de las di\u00f3cesis (especialmente en lo que respecta a Catalu\u00f1a y el Pa\u00eds Vasco). La CEE adquirir\u00e1 un rango desconocido hasta el momento convirti\u00e9ndose en cuerpo negociador con los sucesivos gobiernos. A su vez, la parroquia (en progresivo ascenso, pasando de 18.869 en 1960 a 22.488 en 1987)<span id='easy-footnote-5-39432' class='easy-footnote-margin-adjust'><\/span><span class='easy-footnote'><a href='http:\/\/vincentians.com\/es\/misiones-populares-en-espana-1975-2000-1-el-contexto-social\/#easy-footnote-bottom-5-39432' title='CALLAHAN, W.: \u00abLa Iglesia cat\u00f3lica en Espa\u00f1a\u00bb p.470.'><sup>5<\/sup><\/a><\/span> sigui\u00f3 siendo la unidad local de la organizaci\u00f3n eclesi\u00e1stica pese a grupos o movimientos alternativos. Este aumento, no obstante, se ver\u00e1 matizado porque la mitad de ellas (sobre todo en el \u00e1mbito rural) estar\u00e1n sin p\u00e1rroco residente, reflejo de la grave crisis vocacional.<\/p>\n<p>El clero regular experiment\u00f3 un considerable descenso num\u00e9rico: 117.556 en 1960 a 90.323 en 1986<span id='easy-footnote-6-39432' class='easy-footnote-margin-adjust'><\/span><span class='easy-footnote'><a href='http:\/\/vincentians.com\/es\/misiones-populares-en-espana-1975-2000-1-el-contexto-social\/#easy-footnote-bottom-6-39432' title='Id.: p.475.'><sup>6<\/sup><\/a><\/span> incidiendo de la misma manera en el n\u00famero de sus candidatos mucho m\u00e1s significativo en las \u00f3rdenes femeninas que en las masculinas (6595 en 1966 a 751 en 1980). Disminuidas algunas de sus actividades preferentes y tradicionales (educaci\u00f3n, misiones populares\u2026) parte del clero regular se involucr\u00f3 en los trabajos parroquiales en un marco de colaboraci\u00f3n y coordinaci\u00f3n con el clero regular. De hecho entre 1971 y 1986 el n\u00famero de parroquias con personal de \u00f3rdenes religiosas pas\u00f3 de 382 a 917 y casi dos tercios de sus sacerdotes realizaban tareas pastorales diocesanas.<span id='easy-footnote-7-39432' class='easy-footnote-margin-adjust'><\/span><span class='easy-footnote'><a href='http:\/\/vincentians.com\/es\/misiones-populares-en-espana-1975-2000-1-el-contexto-social\/#easy-footnote-bottom-7-39432' title='Id.: p.476.'><sup>7<\/sup><\/a><\/span> A pesar de todo siguieron con sus funciones tradicionales de educadores y dispensadores de asistencia caritativa. \u00abA finales del decenio de 1980 proporcionaban personal a 1545 hospitales, orfanatos y asilos de ancianos de administraci\u00f3n eclesi\u00e1stica directa y brindaban 20.510 profesores a la red de colegios cat\u00f3licos. Adem\u00e1s proporcionaban personal a 127 instituciones m\u00e9dicas p\u00fablicas regidas por los gobiernos de las comunidades aut\u00f3nomas\u00bb.<span id='easy-footnote-8-39432' class='easy-footnote-margin-adjust'><\/span><span class='easy-footnote'><a href='http:\/\/vincentians.com\/es\/misiones-populares-en-espana-1975-2000-1-el-contexto-social\/#easy-footnote-bottom-8-39432' title='Id.: p.478.'><sup>8<\/sup><\/a><\/span>\n<p>El nuevo papel del laicado, recomendado por el Vaticano II, ser\u00e1 uno de los retos m\u00e1s importantes que afrontar\u00e1 la Iglesia. Su tradicional participaci\u00f3n en determinadas esferas no se consolidar\u00e1 en aspectos m\u00e1s trascendentes a pesar de algunos intentos. La Acci\u00f3n Cat\u00f3lica quedar\u00e1 supeditada a la acci\u00f3n episcopal a partir de 1966. Una innovaci\u00f3n importante fue la creaci\u00f3n de los Consejos Diocesanos de laicos, base de un consejo nacional laico. A nivel educativo la CONCAPA (Confederaci\u00f3n Cat\u00f3lica de Padres de Familia y Padres de alumnos) defender\u00e1 los intereses de la Iglesia en este \u00e1mbito. Junto a ellas, una gran gama de asociaciones piadosas, grupos especializados como los \u00abBoys scouts cat\u00f3licos\u00bb y las fundaciones de caridad. Resaltar el resurgir en torno a 1988 de la Acci\u00f3n Cat\u00f3lica, bajo la direcci\u00f3n de Eva G\u00f3mez Pina. Indicar, por \u00faltimo, la preocupaci\u00f3n eclesial de llegar a la gente a trav\u00e9s de los medios de comunicaci\u00f3n. Tras el abandono de los medios escritos (<em>Ya<\/em> y otros) en 1988, se centr\u00f3 todo su potencial en la red de emisoras que pose\u00eda y que aglutin\u00f3 en torno a COPE.<\/p>\n<p>La religiosidad popular sufre un profundo cambio m\u00e1s acentuado en el \u00e1mbito urbano que en el rural aunque se mantienen determinadas pr\u00e1cticas religiosas (procesiones, devociones\u2026) que apuntan a una religiosidad sociol\u00f3gica. \u00ab<em>Entre 1973 y 1990, el porcentaje de espa\u00f1oles que declaraban asistir con regularidad a la misa dominical descendi\u00f3 del 68 al 43 por 100<\/em>\u00ab.<span id='easy-footnote-9-39432' class='easy-footnote-margin-adjust'><\/span><span class='easy-footnote'><a href='http:\/\/vincentians.com\/es\/misiones-populares-en-espana-1975-2000-1-el-contexto-social\/#easy-footnote-bottom-9-39432' title='Id.: p.491'><sup>9<\/sup><\/a><\/span> Ante esta situaci\u00f3n fracasan los intentos tradicionales de \u00abevangelizaci\u00f3n\u00bb: misiones populares, ejercicios espirituales, sacramentalizaci\u00f3n\u2026 Aparecen, por el contrario, asociaciones que pretenden profundizar la fe en peque\u00f1os grupos aunque desde diversas perspectivas y con diferente aceptaci\u00f3n y relaci\u00f3n con la CEE: Opus Dei, Cristianos por el Socialismo, Neocatecumenales, Comunidades Cristianas Populares, Te\u00f3logos Progresistas\u2026<\/p>\n","protected":false},"excerpt":{"rendered":"<p>1.- El contexto social &nbsp; Tras la muerte de Franco es proclamado Rey de Espa\u00f1a Don Juan Carlos de Borb\u00f3n (22 de noviembre de 1975). La sociedad espa\u00f1ola presenta en esos momentos varios frentes: los &#8230; <a href=\"http:\/\/vincentians.com\/es\/misiones-populares-en-espana-1975-2000-1-el-contexto-social\/\" class=\"more-link\">Read More<\/a><\/p>\n","protected":false},"author":4,"featured_media":39438,"comment_status":"open","ping_status":"open","sticky":false,"template":"","format":"standard","meta":{"jetpack_post_was_ever_published":false,"_jetpack_newsletter_access":"","_jetpack_dont_email_post_to_subs":false,"_jetpack_newsletter_tier_id":0,"_jetpack_memberships_contains_paywalled_content":false,"_jetpack_memberships_contains_paid_content":false,"footnotes":"","jetpack_publicize_message":"","jetpack_publicize_feature_enabled":true,"jetpack_social_post_already_shared":true,"jetpack_social_options":{"image_generator_settings":{"template":"highway","default_image_id":0,"font":"","enabled":false},"version":2}},"categories":[201],"tags":[176],"class_list":["post-39432","post","type-post","status-publish","format-standard","has-post-thumbnail","hentry","category-misiones-ad-gentes","tag-misiones-populares"],"yoast_head":"<!-- This site is optimized with the Yoast SEO plugin v26.3 - https:\/\/yoast.com\/wordpress\/plugins\/seo\/ -->\n<title>Misiones populares en Espa\u00f1a, 1975-2000: 1. El contexto social - Somos Vicencianos<\/title>\n<meta name=\"robots\" content=\"index, follow, max-snippet:-1, max-image-preview:large, max-video-preview:-1\" \/>\n<link rel=\"canonical\" href=\"http:\/\/vincentians.com\/es\/misiones-populares-en-espana-1975-2000-1-el-contexto-social\/\" \/>\n<meta property=\"og:locale\" content=\"es_ES\" \/>\n<meta property=\"og:type\" content=\"article\" \/>\n<meta property=\"og:title\" content=\"Misiones populares en Espa\u00f1a, 1975-2000: 1. El contexto social - Somos Vicencianos\" \/>\n<meta property=\"og:description\" content=\"1.- El contexto social &nbsp; Tras la muerte de Franco es proclamado Rey de Espa\u00f1a Don Juan Carlos de Borb\u00f3n (22 de noviembre de 1975). La sociedad espa\u00f1ola presenta en esos momentos varios frentes: los ... Read More\" \/>\n<meta property=\"og:url\" content=\"http:\/\/vincentians.com\/es\/misiones-populares-en-espana-1975-2000-1-el-contexto-social\/\" \/>\n<meta property=\"og:site_name\" content=\"Somos Vicencianos\" \/>\n<meta property=\"article:publisher\" content=\"https:\/\/www.facebook.com\/WeAreVincentians\/\" \/>\n<meta property=\"article:author\" content=\"https:\/\/www.facebook.com\/JavierChento\" \/>\n<meta property=\"article:published_time\" content=\"2014-09-13T06:29:46+00:00\" \/>\n<meta name=\"author\" content=\"Francisco Javier Fern\u00e1ndez Chento\" \/>\n<meta name=\"twitter:card\" content=\"summary_large_image\" \/>\n<meta name=\"twitter:creator\" content=\"@https:\/\/twitter.com\/javierchento\" \/>\n<meta name=\"twitter:site\" content=\"@WeVincentians\" \/>\n<meta name=\"twitter:label1\" content=\"Escrito por\" \/>\n\t<meta name=\"twitter:data1\" content=\"Francisco Javier Fern\u00e1ndez Chento\" \/>\n\t<meta name=\"twitter:label2\" content=\"Tiempo de lectura\" \/>\n\t<meta name=\"twitter:data2\" content=\"10 minutos\" \/>\n<script type=\"application\/ld+json\" class=\"yoast-schema-graph\">{\"@context\":\"https:\/\/schema.org\",\"@graph\":[{\"@type\":\"Article\",\"@id\":\"http:\/\/vincentians.com\/es\/misiones-populares-en-espana-1975-2000-1-el-contexto-social\/#article\",\"isPartOf\":{\"@id\":\"http:\/\/vincentians.com\/es\/misiones-populares-en-espana-1975-2000-1-el-contexto-social\/\"},\"author\":{\"name\":\"Francisco Javier Fern\u00e1ndez Chento\",\"@id\":\"http:\/\/vincentians.com\/es\/#\/schema\/person\/9623ef4d9aa3b2dfb8c061f1499288f2\"},\"headline\":\"Misiones populares en Espa\u00f1a, 1975-2000: 1. El contexto social\",\"datePublished\":\"2014-09-13T06:29:46+00:00\",\"mainEntityOfPage\":{\"@id\":\"http:\/\/vincentians.com\/es\/misiones-populares-en-espana-1975-2000-1-el-contexto-social\/\"},\"wordCount\":2039,\"commentCount\":0,\"publisher\":{\"@id\":\"http:\/\/vincentians.com\/es\/#organization\"},\"image\":{\"@id\":\"http:\/\/vincentians.com\/es\/misiones-populares-en-espana-1975-2000-1-el-contexto-social\/#primaryimage\"},\"thumbnailUrl\":\"\",\"keywords\":[\"Misiones Populares\"],\"articleSection\":[\"Misiones \u00abAd gentes\u00bb\"],\"inLanguage\":\"es\",\"potentialAction\":[{\"@type\":\"CommentAction\",\"name\":\"Comment\",\"target\":[\"http:\/\/vincentians.com\/es\/misiones-populares-en-espana-1975-2000-1-el-contexto-social\/#respond\"]}]},{\"@type\":\"WebPage\",\"@id\":\"http:\/\/vincentians.com\/es\/misiones-populares-en-espana-1975-2000-1-el-contexto-social\/\",\"url\":\"http:\/\/vincentians.com\/es\/misiones-populares-en-espana-1975-2000-1-el-contexto-social\/\",\"name\":\"Misiones populares en Espa\u00f1a, 1975-2000: 1. El contexto social - Somos Vicencianos\",\"isPartOf\":{\"@id\":\"http:\/\/vincentians.com\/es\/#website\"},\"primaryImageOfPage\":{\"@id\":\"http:\/\/vincentians.com\/es\/misiones-populares-en-espana-1975-2000-1-el-contexto-social\/#primaryimage\"},\"image\":{\"@id\":\"http:\/\/vincentians.com\/es\/misiones-populares-en-espana-1975-2000-1-el-contexto-social\/#primaryimage\"},\"thumbnailUrl\":\"\",\"datePublished\":\"2014-09-13T06:29:46+00:00\",\"breadcrumb\":{\"@id\":\"http:\/\/vincentians.com\/es\/misiones-populares-en-espana-1975-2000-1-el-contexto-social\/#breadcrumb\"},\"inLanguage\":\"es\",\"potentialAction\":[{\"@type\":\"ReadAction\",\"target\":[\"http:\/\/vincentians.com\/es\/misiones-populares-en-espana-1975-2000-1-el-contexto-social\/\"]}]},{\"@type\":\"ImageObject\",\"inLanguage\":\"es\",\"@id\":\"http:\/\/vincentians.com\/es\/misiones-populares-en-espana-1975-2000-1-el-contexto-social\/#primaryimage\",\"url\":\"\",\"contentUrl\":\"\"},{\"@type\":\"BreadcrumbList\",\"@id\":\"http:\/\/vincentians.com\/es\/misiones-populares-en-espana-1975-2000-1-el-contexto-social\/#breadcrumb\",\"itemListElement\":[{\"@type\":\"ListItem\",\"position\":1,\"name\":\"Portada\",\"item\":\"http:\/\/vincentians.com\/es\/\"},{\"@type\":\"ListItem\",\"position\":2,\"name\":\"Misiones populares en Espa\u00f1a, 1975-2000: 1. El contexto social\"}]},{\"@type\":\"WebSite\",\"@id\":\"http:\/\/vincentians.com\/es\/#website\",\"url\":\"http:\/\/vincentians.com\/es\/\",\"name\":\"Somos Vicencianos\",\"description\":\"Know more to serve more\",\"publisher\":{\"@id\":\"http:\/\/vincentians.com\/es\/#organization\"},\"potentialAction\":[{\"@type\":\"SearchAction\",\"target\":{\"@type\":\"EntryPoint\",\"urlTemplate\":\"http:\/\/vincentians.com\/es\/?s={search_term_string}\"},\"query-input\":{\"@type\":\"PropertyValueSpecification\",\"valueRequired\":true,\"valueName\":\"search_term_string\"}}],\"inLanguage\":\"es\"},{\"@type\":\"Organization\",\"@id\":\"http:\/\/vincentians.com\/es\/#organization\",\"name\":\"The Vincentian Network\",\"url\":\"http:\/\/vincentians.com\/es\/\",\"logo\":{\"@type\":\"ImageObject\",\"inLanguage\":\"es\",\"@id\":\"http:\/\/vincentians.com\/es\/#\/schema\/logo\/image\/\",\"url\":\"https:\/\/i1.wp.com\/vincentians.com\/es\/wp-content\/uploads\/sites\/11\/2016\/06\/Vincentian-Network-logo-big.png?fit=778%2C778\",\"contentUrl\":\"https:\/\/i1.wp.com\/vincentians.com\/es\/wp-content\/uploads\/sites\/11\/2016\/06\/Vincentian-Network-logo-big.png?fit=778%2C778\",\"width\":778,\"height\":778,\"caption\":\"The Vincentian Network\"},\"image\":{\"@id\":\"http:\/\/vincentians.com\/es\/#\/schema\/logo\/image\/\"},\"sameAs\":[\"https:\/\/www.facebook.com\/WeAreVincentians\/\",\"https:\/\/x.com\/WeVincentians\"]},{\"@type\":\"Person\",\"@id\":\"http:\/\/vincentians.com\/es\/#\/schema\/person\/9623ef4d9aa3b2dfb8c061f1499288f2\",\"name\":\"Francisco Javier Fern\u00e1ndez Chento\",\"image\":{\"@type\":\"ImageObject\",\"inLanguage\":\"es\",\"@id\":\"http:\/\/vincentians.com\/es\/#\/schema\/person\/image\/\",\"url\":\"https:\/\/secure.gravatar.com\/avatar\/497d5cde87b4c3d097d0315953521681ba2cd523ee66e5077c3711f7021e65de?s=96&d=mm&r=g\",\"contentUrl\":\"https:\/\/secure.gravatar.com\/avatar\/497d5cde87b4c3d097d0315953521681ba2cd523ee66e5077c3711f7021e65de?s=96&d=mm&r=g\",\"caption\":\"Francisco Javier Fern\u00e1ndez Chento\"},\"description\":\"Director General y cofundador de La Red de Formaci\u00f3n Vicenciana. Javier es laico vicenciano, afiliado a la Congregaci\u00f3n de la Misi\u00f3n y miembro del Equipo de Misiones Populares de la provincia can\u00f3nica de Zaragoza (Espa\u00f1a) de la Congregaci\u00f3n de la Misi\u00f3n. Graduado en la Universidad Oberta de Catalunya con cuatro grados (Asistente de direcci\u00f3n, Gesti\u00f3n Administrativa, Recursos Humanos y Contabilidad Avanzada). Bil\u00edng\u00fce Espa\u00f1ol\/Ingl\u00e9s. gestiona y mantiene varias p\u00e1ginas web cristianas y vicencianas, incluida including La Red de Formaci\u00f3n Vicenciana, de la que es cofundador. Actualmente es responsable del \u00e1rea de Espa\u00f1ol de .famvin, la Red de Noticias de la Familia Vicenciana. Tambi\u00e9n es m\u00fasico cat\u00f3lico y ha editado varios discos. Es Director General y cofundador de Trovador, una reconocida compa\u00f1\u00eda discogr\u00e1fica critiana de Espa\u00f1a. Trabaja en las Tecnolog\u00edas de la Informaci\u00f3n, ofreciendo servicios de alojamiento, dise\u00f1o y mantenimiento Web, as\u00ed como asesoramiento, formaci\u00f3n y soluciones inform\u00e1ticas, gesti\u00f3n documental y digitalizaci\u00f3n de textos, edici\u00f3n y maquetaci\u00f3n de libros, revistas, flyers, etc.\",\"sameAs\":[\"http:\/\/chento.org\",\"https:\/\/www.facebook.com\/JavierChento\",\"https:\/\/x.com\/https:\/\/twitter.com\/javierchento\"],\"url\":\"http:\/\/vincentians.com\/es\/author\/chento\/\"}]}<\/script>\n<!-- \/ Yoast SEO plugin. -->","yoast_head_json":{"title":"Misiones populares en Espa\u00f1a, 1975-2000: 1. El contexto social - Somos Vicencianos","robots":{"index":"index","follow":"follow","max-snippet":"max-snippet:-1","max-image-preview":"max-image-preview:large","max-video-preview":"max-video-preview:-1"},"canonical":"http:\/\/vincentians.com\/es\/misiones-populares-en-espana-1975-2000-1-el-contexto-social\/","og_locale":"es_ES","og_type":"article","og_title":"Misiones populares en Espa\u00f1a, 1975-2000: 1. El contexto social - Somos Vicencianos","og_description":"1.- El contexto social &nbsp; Tras la muerte de Franco es proclamado Rey de Espa\u00f1a Don Juan Carlos de Borb\u00f3n (22 de noviembre de 1975). La sociedad espa\u00f1ola presenta en esos momentos varios frentes: los ... Read More","og_url":"http:\/\/vincentians.com\/es\/misiones-populares-en-espana-1975-2000-1-el-contexto-social\/","og_site_name":"Somos Vicencianos","article_publisher":"https:\/\/www.facebook.com\/WeAreVincentians\/","article_author":"https:\/\/www.facebook.com\/JavierChento","article_published_time":"2014-09-13T06:29:46+00:00","author":"Francisco Javier Fern\u00e1ndez Chento","twitter_card":"summary_large_image","twitter_creator":"@https:\/\/twitter.com\/javierchento","twitter_site":"@WeVincentians","twitter_misc":{"Escrito por":"Francisco Javier Fern\u00e1ndez Chento","Tiempo de lectura":"10 minutos"},"schema":{"@context":"https:\/\/schema.org","@graph":[{"@type":"Article","@id":"http:\/\/vincentians.com\/es\/misiones-populares-en-espana-1975-2000-1-el-contexto-social\/#article","isPartOf":{"@id":"http:\/\/vincentians.com\/es\/misiones-populares-en-espana-1975-2000-1-el-contexto-social\/"},"author":{"name":"Francisco Javier Fern\u00e1ndez Chento","@id":"http:\/\/vincentians.com\/es\/#\/schema\/person\/9623ef4d9aa3b2dfb8c061f1499288f2"},"headline":"Misiones populares en Espa\u00f1a, 1975-2000: 1. El contexto social","datePublished":"2014-09-13T06:29:46+00:00","mainEntityOfPage":{"@id":"http:\/\/vincentians.com\/es\/misiones-populares-en-espana-1975-2000-1-el-contexto-social\/"},"wordCount":2039,"commentCount":0,"publisher":{"@id":"http:\/\/vincentians.com\/es\/#organization"},"image":{"@id":"http:\/\/vincentians.com\/es\/misiones-populares-en-espana-1975-2000-1-el-contexto-social\/#primaryimage"},"thumbnailUrl":"","keywords":["Misiones Populares"],"articleSection":["Misiones \u00abAd gentes\u00bb"],"inLanguage":"es","potentialAction":[{"@type":"CommentAction","name":"Comment","target":["http:\/\/vincentians.com\/es\/misiones-populares-en-espana-1975-2000-1-el-contexto-social\/#respond"]}]},{"@type":"WebPage","@id":"http:\/\/vincentians.com\/es\/misiones-populares-en-espana-1975-2000-1-el-contexto-social\/","url":"http:\/\/vincentians.com\/es\/misiones-populares-en-espana-1975-2000-1-el-contexto-social\/","name":"Misiones populares en Espa\u00f1a, 1975-2000: 1. El contexto social - Somos Vicencianos","isPartOf":{"@id":"http:\/\/vincentians.com\/es\/#website"},"primaryImageOfPage":{"@id":"http:\/\/vincentians.com\/es\/misiones-populares-en-espana-1975-2000-1-el-contexto-social\/#primaryimage"},"image":{"@id":"http:\/\/vincentians.com\/es\/misiones-populares-en-espana-1975-2000-1-el-contexto-social\/#primaryimage"},"thumbnailUrl":"","datePublished":"2014-09-13T06:29:46+00:00","breadcrumb":{"@id":"http:\/\/vincentians.com\/es\/misiones-populares-en-espana-1975-2000-1-el-contexto-social\/#breadcrumb"},"inLanguage":"es","potentialAction":[{"@type":"ReadAction","target":["http:\/\/vincentians.com\/es\/misiones-populares-en-espana-1975-2000-1-el-contexto-social\/"]}]},{"@type":"ImageObject","inLanguage":"es","@id":"http:\/\/vincentians.com\/es\/misiones-populares-en-espana-1975-2000-1-el-contexto-social\/#primaryimage","url":"","contentUrl":""},{"@type":"BreadcrumbList","@id":"http:\/\/vincentians.com\/es\/misiones-populares-en-espana-1975-2000-1-el-contexto-social\/#breadcrumb","itemListElement":[{"@type":"ListItem","position":1,"name":"Portada","item":"http:\/\/vincentians.com\/es\/"},{"@type":"ListItem","position":2,"name":"Misiones populares en Espa\u00f1a, 1975-2000: 1. El contexto social"}]},{"@type":"WebSite","@id":"http:\/\/vincentians.com\/es\/#website","url":"http:\/\/vincentians.com\/es\/","name":"Somos Vicencianos","description":"Know more to serve more","publisher":{"@id":"http:\/\/vincentians.com\/es\/#organization"},"potentialAction":[{"@type":"SearchAction","target":{"@type":"EntryPoint","urlTemplate":"http:\/\/vincentians.com\/es\/?s={search_term_string}"},"query-input":{"@type":"PropertyValueSpecification","valueRequired":true,"valueName":"search_term_string"}}],"inLanguage":"es"},{"@type":"Organization","@id":"http:\/\/vincentians.com\/es\/#organization","name":"The Vincentian Network","url":"http:\/\/vincentians.com\/es\/","logo":{"@type":"ImageObject","inLanguage":"es","@id":"http:\/\/vincentians.com\/es\/#\/schema\/logo\/image\/","url":"https:\/\/i1.wp.com\/vincentians.com\/es\/wp-content\/uploads\/sites\/11\/2016\/06\/Vincentian-Network-logo-big.png?fit=778%2C778","contentUrl":"https:\/\/i1.wp.com\/vincentians.com\/es\/wp-content\/uploads\/sites\/11\/2016\/06\/Vincentian-Network-logo-big.png?fit=778%2C778","width":778,"height":778,"caption":"The Vincentian Network"},"image":{"@id":"http:\/\/vincentians.com\/es\/#\/schema\/logo\/image\/"},"sameAs":["https:\/\/www.facebook.com\/WeAreVincentians\/","https:\/\/x.com\/WeVincentians"]},{"@type":"Person","@id":"http:\/\/vincentians.com\/es\/#\/schema\/person\/9623ef4d9aa3b2dfb8c061f1499288f2","name":"Francisco Javier Fern\u00e1ndez Chento","image":{"@type":"ImageObject","inLanguage":"es","@id":"http:\/\/vincentians.com\/es\/#\/schema\/person\/image\/","url":"https:\/\/secure.gravatar.com\/avatar\/497d5cde87b4c3d097d0315953521681ba2cd523ee66e5077c3711f7021e65de?s=96&d=mm&r=g","contentUrl":"https:\/\/secure.gravatar.com\/avatar\/497d5cde87b4c3d097d0315953521681ba2cd523ee66e5077c3711f7021e65de?s=96&d=mm&r=g","caption":"Francisco Javier Fern\u00e1ndez Chento"},"description":"Director General y cofundador de La Red de Formaci\u00f3n Vicenciana. Javier es laico vicenciano, afiliado a la Congregaci\u00f3n de la Misi\u00f3n y miembro del Equipo de Misiones Populares de la provincia can\u00f3nica de Zaragoza (Espa\u00f1a) de la Congregaci\u00f3n de la Misi\u00f3n. Graduado en la Universidad Oberta de Catalunya con cuatro grados (Asistente de direcci\u00f3n, Gesti\u00f3n Administrativa, Recursos Humanos y Contabilidad Avanzada). Bil\u00edng\u00fce Espa\u00f1ol\/Ingl\u00e9s. gestiona y mantiene varias p\u00e1ginas web cristianas y vicencianas, incluida including La Red de Formaci\u00f3n Vicenciana, de la que es cofundador. Actualmente es responsable del \u00e1rea de Espa\u00f1ol de .famvin, la Red de Noticias de la Familia Vicenciana. Tambi\u00e9n es m\u00fasico cat\u00f3lico y ha editado varios discos. Es Director General y cofundador de Trovador, una reconocida compa\u00f1\u00eda discogr\u00e1fica critiana de Espa\u00f1a. Trabaja en las Tecnolog\u00edas de la Informaci\u00f3n, ofreciendo servicios de alojamiento, dise\u00f1o y mantenimiento Web, as\u00ed como asesoramiento, formaci\u00f3n y soluciones inform\u00e1ticas, gesti\u00f3n documental y digitalizaci\u00f3n de textos, edici\u00f3n y maquetaci\u00f3n de libros, revistas, flyers, etc.","sameAs":["http:\/\/chento.org","https:\/\/www.facebook.com\/JavierChento","https:\/\/x.com\/https:\/\/twitter.com\/javierchento"],"url":"http:\/\/vincentians.com\/es\/author\/chento\/"}]}},"jetpack_publicize_connections":[],"jetpack_featured_media_url":"","jetpack_sharing_enabled":true,"jetpack_shortlink":"https:\/\/wp.me\/p7ETMF-ag0","jetpack-related-posts":[{"id":39659,"url":"http:\/\/vincentians.com\/es\/misiones-populares-en-espana-1975-2000-1979\/","url_meta":{"origin":39432,"position":0},"title":"Misiones populares en Espa\u00f1a, 1975-2000: 1979","author":"Francisco Javier Fern\u00e1ndez Chento","date":"01\/10\/2014","format":false,"excerpt":"1979 AMPLIO ART\u00cdCULO SOBRE EL TEMARIO DE ORTEGA. a) Propuesta de nueva sistematizaci\u00f3n: el proyecto salv\u00edfico de Dios el hombre como vocaci\u00f3n a ser a ser \"imagen de Dios\" el pecado destruye la imagen de Dios Jes\u00fas, Dios-con-el-hombre e imagen de Dios invisible La Iglesia, continuaci\u00f3n visible de Cristo: celebra\u2026","rel":"","context":"En \u00abMisiones \u00abAd gentes\u00bb\u00bb","block_context":{"text":"Misiones \u00abAd gentes\u00bb","link":"http:\/\/vincentians.com\/es\/category\/servicios-y-ministerios\/misiones-ad-gentes\/"},"img":{"alt_text":"Colegiata de Castrojeriz","src":"https:\/\/i0.wp.com\/vicencianos.org\/wp-content\/2011\/05\/Castrojeriz-300x260.jpg?resize=350%2C200","width":350,"height":200},"classes":[]},{"id":11773,"url":"http:\/\/vincentians.com\/es\/misiones-populares-de-la-c-m-en-espana-1704-1975-parte-1\/","url_meta":{"origin":39432,"position":1},"title":"Misiones populares de la C.M. en Espa\u00f1a (1704-1975). Parte 1","author":"Mitxel Olabu\u00e9naga","date":"02\/07\/2011","format":false,"excerpt":"Gratulatoria Ser\u00eda injusto no tener unas palabras de agradecimiento para todas aquellas personas que, de una u otra manera, han alentado este trabajo. Sin la acogida y puesta a nuestra disposici\u00f3n de sus archivos, en todas y cada una de las casas de la Congregaci\u00f3n en Espa\u00f1a, hubiese sido inviable\u2026","rel":"","context":"En \u00abHistoria de la Congregaci\u00f3n de la Misi\u00f3n en Espa\u00f1a\u00bb","block_context":{"text":"Historia de la Congregaci\u00f3n de la Misi\u00f3n en Espa\u00f1a","link":"http:\/\/vincentians.com\/es\/category\/historia-de-la-familia-vicenciana\/historia-de-la-congregacion-de-la-mision-en-espana\/"},"img":{"alt_text":"","src":"https:\/\/i0.wp.com\/vicencianos.org\/wp-content\/2011\/04\/logocm-237x300.jpg?resize=350%2C200","width":350,"height":200},"classes":[]},{"id":39660,"url":"http:\/\/vincentians.com\/es\/misiones-populares-en-espana-1975-2000-1980\/","url_meta":{"origin":39432,"position":2},"title":"Misiones populares en Espa\u00f1a, 1975-2000: 1980","author":"Francisco Javier Fern\u00e1ndez Chento","date":"02\/10\/2014","format":false,"excerpt":"1980 1.- ZONA DE LERMA (Burgos): 31 enero-10 febrero. Cilleruelo de Abajo, Quintanilla de la Mata y Caba\u00f1as de Esgueva. \u00a0PP. Veremundo Pardo, Luis Tobar y Jos\u00e9 Villasana. (An. 1980 y BPM). Junto con \u00a04 pasionistas, 3 dominicos y un capuchino. Se usa el contenido de Ortega por primera vez.\u2026","rel":"","context":"En \u00abMisiones \u00abAd gentes\u00bb\u00bb","block_context":{"text":"Misiones \u00abAd gentes\u00bb","link":"http:\/\/vincentians.com\/es\/category\/servicios-y-ministerios\/misiones-ad-gentes\/"},"img":{"alt_text":"Quintanilla de la Mata","src":"https:\/\/i0.wp.com\/vicencianos.org\/wp-content\/2011\/05\/Quintanilla-300x197.jpg?resize=350%2C200","width":350,"height":200},"classes":[]},{"id":11786,"url":"http:\/\/vincentians.com\/es\/misiones-populares-de-la-c-m-en-espana-1704-1975-parte-3\/","url_meta":{"origin":39432,"position":3},"title":"Misiones populares de la C.M. en Espa\u00f1a (1704-1975). Parte 3","author":"Mitxel Olabu\u00e9naga","date":"05\/07\/2011","format":false,"excerpt":"Bibliograf\u00eda 1. Relativa a la C.M., HH. de la C., y Asociaciones Laicales Vicencianas ABAITUA, M.: \"Fundaciones de Ayer. 1774-1974. El pasado de la Provincia de Zaragoza\". En Anales Madrid (1975), pp. 747-765; (1990), pp. 68-73. ABELLY, L.: La vie du v\u00e9n\u00e9rable serviteur de Dieu Vincent de Paul, instituteur et\u2026","rel":"","context":"En \u00abHistoria de la Congregaci\u00f3n de la Misi\u00f3n en Espa\u00f1a\u00bb","block_context":{"text":"Historia de la Congregaci\u00f3n de la Misi\u00f3n en Espa\u00f1a","link":"http:\/\/vincentians.com\/es\/category\/historia-de-la-familia-vicenciana\/historia-de-la-congregacion-de-la-mision-en-espana\/"},"img":{"alt_text":"","src":"https:\/\/i0.wp.com\/vicencianos.org\/wp-content\/2011\/07\/ESCUDOCM-237x300.jpg?resize=350%2C200","width":350,"height":200},"classes":[]},{"id":11809,"url":"http:\/\/vincentians.com\/es\/misiones-populares-de-la-c-m-en-espana-1704-1975-parte-11\/","url_meta":{"origin":39432,"position":4},"title":"Misiones populares de la C.M. en Espa\u00f1a (1704-1975). Parte 11","author":"Mitxel Olabu\u00e9naga","date":"13\/07\/2011","format":false,"excerpt":"Parte Segunda: Las Misiones Populares y C.M. Cap\u00edtulo 4: Misiones Populares C.M. y Espa\u00f1a Contempor\u00e1nea (1875-1975) 1. Sociedad e Iglesia en la Espa\u00f1a Contempor\u00e1nea El pronunciamiento del general Mart\u00ednez Campos (29 Diciembre de 1874) proclam\u00f3 a Alfonso XII rey de Espa\u00f1a. El nuevo sistema de gobierno, propiciado por C\u00e1novas del\u2026","rel":"","context":"En \u00abCongregaci\u00f3n de la Misi\u00f3n\u00bb","block_context":{"text":"Congregaci\u00f3n de la Misi\u00f3n","link":"http:\/\/vincentians.com\/es\/category\/la-familia-vicenciana\/ramas\/congregacion-de-la-mision\/"},"img":{"alt_text":"","src":"https:\/\/i0.wp.com\/vicencianos.org\/wp-content\/2011\/07\/ESCUDOCM-237x300.jpg?resize=350%2C200","width":350,"height":200},"classes":[]},{"id":39661,"url":"http:\/\/vincentians.com\/es\/misiones-populares-en-espana-1975-2000-1981\/","url_meta":{"origin":39432,"position":5},"title":"Misiones populares en Espa\u00f1a, 1975-2000: 1981","author":"Francisco Javier Fern\u00e1ndez Chento","date":"03\/10\/2014","format":false,"excerpt":"1981 \u00a0 1.- ALBOND\u00d3N, ALBU\u00d1OL y LA R\u00c1BITA (Granada): 12-28 febrero P. Florentino Meneses. (An.1981). Junto con dos HH. de la C. Optamos por el m\u00e9todo de peque\u00f1as asambleas familiares por casas de vecinos. El m\u00e9todo: el catequista hace una peque\u00f1a exposici\u00f3n y luego se dialoga de forma sencilla. 2.-\u2026","rel":"","context":"En \u00abMisiones \u00abAd gentes\u00bb\u00bb","block_context":{"text":"Misiones \u00abAd gentes\u00bb","link":"http:\/\/vincentians.com\/es\/category\/servicios-y-ministerios\/misiones-ad-gentes\/"},"img":{"alt_text":"","src":"","width":0,"height":0},"classes":[]}],"_links":{"self":[{"href":"http:\/\/vincentians.com\/es\/wp-json\/wp\/v2\/posts\/39432","targetHints":{"allow":["GET"]}}],"collection":[{"href":"http:\/\/vincentians.com\/es\/wp-json\/wp\/v2\/posts"}],"about":[{"href":"http:\/\/vincentians.com\/es\/wp-json\/wp\/v2\/types\/post"}],"author":[{"embeddable":true,"href":"http:\/\/vincentians.com\/es\/wp-json\/wp\/v2\/users\/4"}],"replies":[{"embeddable":true,"href":"http:\/\/vincentians.com\/es\/wp-json\/wp\/v2\/comments?post=39432"}],"version-history":[{"count":0,"href":"http:\/\/vincentians.com\/es\/wp-json\/wp\/v2\/posts\/39432\/revisions"}],"wp:featuredmedia":[{"embeddable":true,"href":"http:\/\/vincentians.com\/es\/wp-json\/"}],"wp:attachment":[{"href":"http:\/\/vincentians.com\/es\/wp-json\/wp\/v2\/media?parent=39432"}],"wp:term":[{"taxonomy":"category","embeddable":true,"href":"http:\/\/vincentians.com\/es\/wp-json\/wp\/v2\/categories?post=39432"},{"taxonomy":"post_tag","embeddable":true,"href":"http:\/\/vincentians.com\/es\/wp-json\/wp\/v2\/tags?post=39432"}],"curies":[{"name":"wp","href":"https:\/\/api.w.org\/{rel}","templated":true}]}}