{"id":3928,"date":"2015-05-04T03:01:19","date_gmt":"2015-05-04T01:01:19","guid":{"rendered":"http:\/\/somos.vicencianos.org\/blog\/?p=3928"},"modified":"2016-07-26T16:58:13","modified_gmt":"2016-07-26T14:58:13","slug":"los-primeros-misioneros-paules","status":"publish","type":"post","link":"http:\/\/vincentians.com\/es\/los-primeros-misioneros-paules\/","title":{"rendered":"Los primeros misioneros pa\u00fales"},"content":{"rendered":"<table border=\"1\" cellspacing=\"0\" cellpadding=\"0\">\n<tbody>\n<tr>\n<td valign=\"top\"><strong>MISIONERO<\/strong><\/td>\n<td valign=\"top\"><strong>SEMBLANZA<\/strong><\/td>\n<\/tr>\n<tr>\n<td valign=\"top\"><strong>Antonio<br \/>\nPORTAIL<\/strong><\/td>\n<td valign=\"top\">\n<ul>\n<li><strong>1592<\/strong> <strong>Nace<\/strong><\/li>\n<li><strong>1612<\/strong> Apoya a Vicente de Pa\u00fal en <strong>Clichy<\/strong> siendo aun aspirante al sacerdocio<\/li>\n<li><strong>Diciembre1617<\/strong> llega a la casa de los <strong>Gondi<\/strong> para ayudar a Vicente como preceptor<\/li>\n<li><strong>Octubre\/noviembre 1625<\/strong> traslada su domicilio a <strong>Bons Enfants<\/strong><\/li>\n<li><strong>4sept1626<\/strong> firma acta de <strong>agregaci\u00f3n<\/strong> a la CM<\/li>\n<li><strong>1630<\/strong> predica por primera vez desde el <strong>p\u00falpito<\/strong><\/li>\n<li><strong>1642<\/strong> Participa en la <strong>1\u2019 Asamblea<\/strong> General de la CM <strong>(Las Reglas)<\/strong><\/li>\n<li><strong>1647\/1648<\/strong> Visita <strong>Roma<\/strong> para revisar las Reglas<\/li>\n<li><strong>1651<\/strong> Participa en la <strong>2\u2019 Asamblea<\/strong> General de la CM<strong> (Los votos)<\/strong><\/li>\n<li><strong>14feb1660<\/strong> <strong>Muere<\/strong><\/li>\n<\/ul>\n<\/td>\n<\/tr>\n<tr>\n<td valign=\"top\"><strong>Francisco<br \/>\nDU\u00a0 CODRAY<\/strong><\/td>\n<td valign=\"top\">\n<ul>\n<li>Graduado por la <strong>Sorbona<\/strong>, conocedor del <strong>hebreo, siriaco, lat\u00edn, italiano<\/strong> y su lengua <strong>franc\u00e9s<\/strong><\/li>\n<li><strong>1587 Nace<\/strong><\/li>\n<li><strong>4sept1626<\/strong> firma acta de <strong>agregaci\u00f3n<\/strong> a la CM<\/li>\n<li><strong>1631 <\/strong>gestiona en <strong>Roma<\/strong> la <strong>aprobaci\u00f3n pontificia<\/strong> de la CM<\/li>\n<li><strong>1631-1635 <\/strong>se le propone realizar la versi\u00f3n de la Biblia sir\u00edaca al lat\u00edn<\/li>\n<li><strong>1636 <\/strong>intermediario entre la corte y los misioneros en <strong>Senlis<\/strong>, (<strong>Guerra de los Treinta A\u00f1os<\/strong>)<\/li>\n<li><strong>1643<\/strong> Dirige la <strong>Misi\u00f3n<\/strong> general en las <strong>galeras<\/strong><\/li>\n<\/ul>\n<\/td>\n<\/tr>\n<tr>\n<td valign=\"top\"><strong>Juan<br \/>\nDE LA SALLE<\/strong><\/td>\n<td valign=\"top\">\n<ul>\n<li><strong>1598 Nace<\/strong><\/li>\n<li><strong>4sept1626<\/strong> firma acta de <strong>agregaci\u00f3n<\/strong> a la CM<\/li>\n<li><strong>1637 <\/strong>pasa unos meses en el <strong>noviciado<\/strong> de los <strong>jesuitas<\/strong> para ser nombrado(Primer)<strong>Director<\/strong> del <strong>Seminario Interno<\/strong> de la CM<\/li>\n<li><strong>1639 Muere<\/strong> enteramente desnudo imitando a San Francisco de As\u00eds<\/li>\n<\/ul>\n<\/td>\n<\/tr>\n<tr>\n<td valign=\"top\"><strong>Juan<br \/>\nDEHORGNY<\/strong><\/td>\n<td valign=\"top\">\n<ul>\n<li>Graduado por la <strong>Sorbona <\/strong><\/li>\n<li><strong>1647\/1648<\/strong> Visita <strong>Roma<\/strong> para revisar las Reglas<\/li>\n<li><strong>1627<\/strong> ingresa a la CM<\/li>\n<li><strong>1640<\/strong> nombrado Visitador para coordinar la ayuda a <strong>La Fronda<\/strong><\/li>\n<li><strong>1642<\/strong> Participa en la <strong>1\u2019 Asamblea<\/strong> General de la CM <strong>(Las Reglas)<\/strong><\/li>\n<li><strong>1647\/1648 Superior <\/strong>de<strong> Roma<\/strong><\/li>\n<li><strong>Director <\/strong>del<strong> Seminario Interno<\/strong><\/li>\n<li><strong>1651<\/strong> Participa en la <strong>2\u2019 Asamblea<\/strong> General de la CM<strong> (Los votos)<\/strong><\/li>\n<li><strong>Do26sept1660<\/strong> por la noche administra los <strong>\u00faltimos sacramentos a Vicente de Pa\u00fal<\/strong><\/li>\n<li><strong>1660 Director<\/strong> de las <strong>Hijas de la Caridad<\/strong><\/li>\n<li><strong>1663-1667 Visitador <\/strong>de la <strong>Provincia de Francia<\/strong><\/li>\n<\/ul>\n<\/td>\n<\/tr>\n<tr>\n<td valign=\"top\"><strong>Renato<br \/>\nALM\u00c9RAS<\/strong><\/td>\n<td valign=\"top\">\n<ul>\n<li><strong>05febrero1613 Nace <\/strong>en Par\u00eds<\/li>\n<li><strong>1637<\/strong> <strong>admitido<\/strong> a la CM<\/li>\n<li><strong>1642<\/strong> Participa en la <strong>1\u2019 Asamblea<\/strong> General de la CM <strong>(Las Reglas)<\/strong><\/li>\n<li><strong>1647\/1648<\/strong> Visita <strong>Roma<\/strong> para revisar las Reglas<\/li>\n<li><strong>1647-1651 Superior <\/strong>de<strong> Roma<\/strong><\/li>\n<li><strong>1651<\/strong> Participa en la <strong>2\u2019 Asamblea<\/strong> General de la CM<strong> (Los votos)<\/strong><\/li>\n<li><strong>1651<\/strong> <strong>superior<\/strong> del <strong>Seminario de San Carlos<\/strong><\/li>\n<li><strong>1653-1654 <\/strong>al frente de los misioneros en<strong> Picard\u00eda <\/strong>y<strong> Champa\u00f1a<\/strong><\/li>\n<li><strong>Director <\/strong>del<strong> Seminario Interno<\/strong><\/li>\n<li><strong>07oct1659 Vicario General <\/strong>de la CM<\/li>\n<li><strong>1660-1671 Superior general de la CM <\/strong>(primer sucesor de Vicente de Pa\u00fal)<\/li>\n<\/ul>\n<\/td>\n<\/tr>\n<tr>\n<td valign=\"top\"><strong>Edmundo<br \/>\nJOLLY<\/strong><\/td>\n<td valign=\"top\">\n<ul>\n<li><strong>24oct1621 Nace<\/strong> en Dove, Meaux, Francia<\/li>\n<li><strong>13nov1646 <\/strong>es <strong>admitido<\/strong> a la CM<\/li>\n<li><strong>01may1649 ordenado <\/strong>sacerdote en <strong>Roma<\/strong><\/li>\n<li><strong>1649 <\/strong>se encarga de la <strong>negociaci\u00f3n pontificia <\/strong>para los<strong> votos, <\/strong>la especificaci\u00f3n de la <strong>pobreza, <\/strong>la aprobaci\u00f3n de las<strong> HC <\/strong>y la<strong> uni\u00f3n del priorato de San L\u00e1zaro a la CM<\/strong><\/li>\n<li><strong>1655-1665 Superior <\/strong>de<strong> Roma<\/strong><\/li>\n<li><strong>1656 <\/strong>contrae la<strong> peste<\/strong><\/li>\n<li><strong>1661-1671 Visitador de Italia<\/strong><\/li>\n<li><strong>1673 <\/strong>es nombrado <strong>Superior General de la CM <\/strong>(Tercero en el cargo<\/li>\n<li><strong>26marzo1697 Muere<\/strong><\/li>\n<\/ul>\n<\/td>\n<\/tr>\n<tr>\n<td valign=\"top\"><strong>Tomas<br \/>\nBERTHE<\/strong><\/td>\n<td valign=\"top\">\n<ul>\n<li><strong>1622 Nace<\/strong><\/li>\n<li><strong>1653 <\/strong>es encargado del asunto de los <strong>votos<\/strong> ante <strong>Roma<\/strong><\/li>\n<li><strong>1653-1654 superior <\/strong>en<strong> Roma<\/strong><\/li>\n<li><strong>1651-1652 visitador <\/strong>en <strong>Picard\u00eda y Champa\u00f1a<\/strong><\/li>\n<li><strong>03mayo1660 <\/strong>admite en la <strong>CM<\/strong> al <strong>abad de Chandenier<\/strong> en su lecho de muerte<\/li>\n<li><strong>1660 <\/strong>a la muerte de Vicente de Pa\u00fal es nombrado por \u00e9ste \u00faltimo como<strong> candidato a Superior General de la CM<\/strong><\/li>\n<li><strong>1671-1672 Visitador <\/strong>de la<strong> Provincia de Lyon<\/strong><\/li>\n<\/ul>\n<\/td>\n<\/tr>\n<tr>\n<td valign=\"top\"><strong>Juan<br \/>\nLE VACHER<\/strong><\/td>\n<td valign=\"top\">\n<ul>\n<li><strong>Sobrino del Dr. Andr\u00e9s Duval<\/strong><\/li>\n<li><strong>1648<\/strong> Es enviado a<strong> T\u00fanez<\/strong><\/li>\n<li><strong>Es nombrado C\u00f3nsul en T\u00fanez <\/strong><\/li>\n<li><strong>Muri\u00f3 m\u00e1rtir (despu\u00e9s de la muerte de SVP) <\/strong>atado a la boca de un ca\u00f1\u00f3n, cuyo disparo cort\u00f3 en dos su cuerpo y lo arroj\u00f3 a las aguas del puerto de Argel<\/li>\n<\/ul>\n<\/td>\n<\/tr>\n<tr>\n<td valign=\"top\"><strong>Felipe<br \/>\nLE VACHER<\/strong><\/td>\n<td valign=\"top\">\n<ul>\n<li><strong>Sobrino del Dr. Andr\u00e9s Duval<\/strong><\/li>\n<li><strong>1651<\/strong> es enviado a<strong> Argel<\/strong><\/li>\n<li><strong>1657 <\/strong>viaja a <strong>Francia <\/strong>a recaudar fondos para liberar al C\u00f3nsul de Argel, el <strong>hermano Barreau<\/strong><\/li>\n<\/ul>\n<\/td>\n<\/tr>\n<tr>\n<td valign=\"top\"><strong>LAMBERT<br \/>\nOux Couteaux<\/strong><\/td>\n<td valign=\"top\">\n<ul>\n<li><strong>1606 Nace<\/strong><\/li>\n<li><strong>1628<\/strong> es <strong>admitido<\/strong> a la CM<\/li>\n<li><strong>1649ene<\/strong> mientras supl\u00eda las funciones de Vicente en San L\u00e1zaro, la casa es ocupada y saqueada por 600 soldados, en el contexto de <strong>La Fronda.<\/strong><\/li>\n<li><strong>1643-1647<\/strong> <strong>Vicente de Pa\u00fal no lo cede<\/strong> a la Sagrada Congregaci\u00f3n de Propaganda Fide para ser nombrado <strong>Obispo de Babilonia<\/strong><\/li>\n<li><strong>1651<\/strong> Participa en la <strong>2\u2019 Asamblea<\/strong> General de la CM<strong> (Los votos)<\/strong><\/li>\n<li><strong>1651Noviembre <\/strong>llega a <strong>Varsovia, Polonia<\/strong> encabezando a los misioneros.<\/li>\n<li>Al poco tiempo, debido a su celo apost\u00f3lico, se convierte en el <strong>misionero de confianza de la reina de Polonia, Mar\u00eda de Gonzaga<\/strong><\/li>\n<li><strong>31ene1653 Muere<\/strong><\/li>\n<\/ul>\n<\/td>\n<\/tr>\n<tr>\n<td valign=\"top\"><strong>Luis<br \/>\nLEBRETON<\/strong><\/td>\n<td valign=\"top\">\n<ul>\n<li><strong>1639-1641 <\/strong>es enviado a<strong> Roma <\/strong>para conseguir la<strong> aprobaci\u00f3n de los votos<\/strong><\/li>\n<\/ul>\n<\/td>\n<\/tr>\n<tr>\n<td valign=\"top\"><strong>Carlos<br \/>\nNAQUART<\/strong><\/td>\n<td valign=\"top\">\n<ul>\n<li><strong>22mar1648 <\/strong>es enviado a<strong> Madagascar<\/strong><\/li>\n<\/ul>\n<\/td>\n<\/tr>\n<tr>\n<td valign=\"top\"><strong>Juan<br \/>\nMARTIN<\/strong><\/td>\n<td valign=\"top\">\n<ul>\n<li><strong>1620 Nace<\/strong><\/li>\n<li><strong>1648<\/strong> visita <strong>G\u00e9nova, Italia<\/strong><\/li>\n<li><strong>1652 <\/strong>Misiona en <strong>C\u00f3rcega, Italia (La Misi\u00f3n de los bandidos)<\/strong><\/li>\n<li><strong>1657<\/strong> superior en <strong>Tur\u00edn, Italia<\/strong><\/li>\n<li><strong>1665-1668 <\/strong>superior en <strong>Roma<\/strong><\/li>\n<li><strong>1677-1680<\/strong> superior en <strong>Roma<\/strong><\/li>\n<li><strong>1681-1691<\/strong> superior en <strong>Roma<\/strong><\/li>\n<li><strong>1694 Muere<\/strong><\/li>\n<\/ul>\n<\/td>\n<\/tr>\n<tr>\n<td valign=\"top\"><strong>Esteban<br \/>\nBLATIRON<\/strong><\/td>\n<td valign=\"top\">\n<ul>\n<li><strong>1614 Nace<\/strong><\/li>\n<li><strong>1645 <\/strong>superior en<strong> G\u00e9nova<\/strong><\/li>\n<li><strong>1651<\/strong> Participa en la <strong>2\u2019 Asamblea<\/strong> General de la CM<strong> (Los votos)<\/strong><\/li>\n<li><strong>1652 <\/strong>Misiona en <strong>C\u00f3rcega (La Misi\u00f3n de los bandidos)<\/strong><\/li>\n<li><strong>1657 muere de peste en G\u00e9nova<\/strong><\/li>\n<\/ul>\n<\/td>\n<\/tr>\n<\/tbody>\n<\/table>\n<p>Bibliograf\u00eda:<\/p>\n<ul>\n<li>ROM\u00c1N, Jos\u00e9 Mar\u00eda, <em>San Vicente de Pa\u00fal (Tomo I Biograf\u00eda)<\/em>, BAC, Madrid, 1981.<\/li>\n<li>MEZADRI, Luigi y ROM\u00c1N, Jos\u00e9 Mar\u00eda, <em>Historia de la Congregaci\u00f3n de la Misi\u00f3n <\/em><em>(I)<\/em>, La Milagrosa, Madrid, 1992.<\/li>\n<\/ul>\n","protected":false},"excerpt":{"rendered":"<p>MISIONERO SEMBLANZA Antonio PORTAIL 1592 Nace 1612 Apoya a Vicente de Pa\u00fal en Clichy siendo aun aspirante al sacerdocio Diciembre1617 llega a la casa de los Gondi para ayudar a Vicente como preceptor Octubre\/noviembre 1625 &#8230; <a href=\"http:\/\/vincentians.com\/es\/los-primeros-misioneros-paules\/\" class=\"more-link\">Read More<\/a><\/p>\n","protected":false},"author":4,"featured_media":47607,"comment_status":"open","ping_status":"open","sticky":false,"template":"","format":"standard","meta":{"jetpack_post_was_ever_published":false,"_jetpack_newsletter_access":"","_jetpack_dont_email_post_to_subs":false,"_jetpack_newsletter_tier_id":0,"_jetpack_memberships_contains_paywalled_content":false,"_jetpack_memberships_contains_paid_content":false,"footnotes":"","jetpack_publicize_message":"","jetpack_publicize_feature_enabled":true,"jetpack_social_post_already_shared":true,"jetpack_social_options":{"image_generator_settings":{"template":"highway","default_image_id":0,"font":"","enabled":false},"version":2}},"categories":[17],"tags":[168,156,163,148,126,119,177,144,153,315,172,127,143,116],"class_list":["post-3928","post","type-post","status-publish","format-standard","has-post-thumbnail","hentry","category-en-tiempos-de-vicente-de-paul","tag-argel","tag-blatiron","tag-bons-enfants","tag-clichy","tag-dehorgny","tag-gondi","tag-jolly","tag-lambert","tag-lebreton","tag-naquart","tag-pobreza","tag-portail","tag-san-lazaro","tag-tunez"],"yoast_head":"<!-- This site is optimized with the Yoast SEO plugin v26.3 - https:\/\/yoast.com\/wordpress\/plugins\/seo\/ -->\n<title>Los primeros misioneros pa\u00fales - Somos Vicencianos<\/title>\n<meta name=\"robots\" content=\"index, follow, max-snippet:-1, max-image-preview:large, max-video-preview:-1\" \/>\n<link rel=\"canonical\" href=\"http:\/\/vincentians.com\/es\/los-primeros-misioneros-paules\/\" \/>\n<meta property=\"og:locale\" content=\"es_ES\" \/>\n<meta property=\"og:type\" content=\"article\" \/>\n<meta property=\"og:title\" content=\"Los primeros misioneros pa\u00fales - Somos Vicencianos\" \/>\n<meta property=\"og:description\" content=\"MISIONERO SEMBLANZA Antonio PORTAIL 1592 Nace 1612 Apoya a Vicente de Pa\u00fal en Clichy siendo aun aspirante al sacerdocio Diciembre1617 llega a la casa de los Gondi para ayudar a Vicente como preceptor Octubre\/noviembre 1625 ... Read More\" \/>\n<meta property=\"og:url\" content=\"http:\/\/vincentians.com\/es\/los-primeros-misioneros-paules\/\" \/>\n<meta property=\"og:site_name\" content=\"Somos Vicencianos\" \/>\n<meta property=\"article:publisher\" content=\"https:\/\/www.facebook.com\/WeAreVincentians\/\" \/>\n<meta property=\"article:author\" content=\"https:\/\/www.facebook.com\/JavierChento\" \/>\n<meta property=\"article:published_time\" content=\"2015-05-04T01:01:19+00:00\" \/>\n<meta property=\"article:modified_time\" content=\"2016-07-26T14:58:13+00:00\" \/>\n<meta name=\"author\" content=\"Francisco Javier Fern\u00e1ndez Chento\" \/>\n<meta name=\"twitter:card\" content=\"summary_large_image\" \/>\n<meta name=\"twitter:creator\" content=\"@https:\/\/twitter.com\/javierchento\" \/>\n<meta name=\"twitter:site\" content=\"@WeVincentians\" \/>\n<meta name=\"twitter:label1\" content=\"Escrito por\" \/>\n\t<meta name=\"twitter:data1\" content=\"Francisco Javier Fern\u00e1ndez Chento\" \/>\n\t<meta name=\"twitter:label2\" content=\"Tiempo de lectura\" \/>\n\t<meta name=\"twitter:data2\" content=\"4 minutos\" \/>\n<script type=\"application\/ld+json\" class=\"yoast-schema-graph\">{\"@context\":\"https:\/\/schema.org\",\"@graph\":[{\"@type\":\"Article\",\"@id\":\"http:\/\/vincentians.com\/es\/los-primeros-misioneros-paules\/#article\",\"isPartOf\":{\"@id\":\"http:\/\/vincentians.com\/es\/los-primeros-misioneros-paules\/\"},\"author\":{\"name\":\"Francisco Javier Fern\u00e1ndez Chento\",\"@id\":\"http:\/\/vincentians.com\/es\/#\/schema\/person\/9623ef4d9aa3b2dfb8c061f1499288f2\"},\"headline\":\"Los primeros misioneros pa\u00fales\",\"datePublished\":\"2015-05-04T01:01:19+00:00\",\"dateModified\":\"2016-07-26T14:58:13+00:00\",\"mainEntityOfPage\":{\"@id\":\"http:\/\/vincentians.com\/es\/los-primeros-misioneros-paules\/\"},\"wordCount\":837,\"commentCount\":0,\"publisher\":{\"@id\":\"http:\/\/vincentians.com\/es\/#organization\"},\"image\":{\"@id\":\"http:\/\/vincentians.com\/es\/los-primeros-misioneros-paules\/#primaryimage\"},\"thumbnailUrl\":\"\",\"keywords\":[\"Argel\",\"Blatiron\",\"Bons Enfants\",\"Clichy\",\"Dehorgny\",\"Gondi\",\"Jolly\",\"Lambert\",\"Lebreton\",\"Naquart\",\"Pobreza\",\"Portail\",\"San L\u00e1zaro\",\"T\u00fanez\"],\"articleSection\":[\"En tiempos de Vicente de Pa\u00fal\"],\"inLanguage\":\"es\",\"potentialAction\":[{\"@type\":\"CommentAction\",\"name\":\"Comment\",\"target\":[\"http:\/\/vincentians.com\/es\/los-primeros-misioneros-paules\/#respond\"]}]},{\"@type\":\"WebPage\",\"@id\":\"http:\/\/vincentians.com\/es\/los-primeros-misioneros-paules\/\",\"url\":\"http:\/\/vincentians.com\/es\/los-primeros-misioneros-paules\/\",\"name\":\"Los primeros misioneros pa\u00fales - Somos Vicencianos\",\"isPartOf\":{\"@id\":\"http:\/\/vincentians.com\/es\/#website\"},\"primaryImageOfPage\":{\"@id\":\"http:\/\/vincentians.com\/es\/los-primeros-misioneros-paules\/#primaryimage\"},\"image\":{\"@id\":\"http:\/\/vincentians.com\/es\/los-primeros-misioneros-paules\/#primaryimage\"},\"thumbnailUrl\":\"\",\"datePublished\":\"2015-05-04T01:01:19+00:00\",\"dateModified\":\"2016-07-26T14:58:13+00:00\",\"breadcrumb\":{\"@id\":\"http:\/\/vincentians.com\/es\/los-primeros-misioneros-paules\/#breadcrumb\"},\"inLanguage\":\"es\",\"potentialAction\":[{\"@type\":\"ReadAction\",\"target\":[\"http:\/\/vincentians.com\/es\/los-primeros-misioneros-paules\/\"]}]},{\"@type\":\"ImageObject\",\"inLanguage\":\"es\",\"@id\":\"http:\/\/vincentians.com\/es\/los-primeros-misioneros-paules\/#primaryimage\",\"url\":\"\",\"contentUrl\":\"\"},{\"@type\":\"BreadcrumbList\",\"@id\":\"http:\/\/vincentians.com\/es\/los-primeros-misioneros-paules\/#breadcrumb\",\"itemListElement\":[{\"@type\":\"ListItem\",\"position\":1,\"name\":\"Portada\",\"item\":\"http:\/\/vincentians.com\/es\/\"},{\"@type\":\"ListItem\",\"position\":2,\"name\":\"Los primeros misioneros pa\u00fales\"}]},{\"@type\":\"WebSite\",\"@id\":\"http:\/\/vincentians.com\/es\/#website\",\"url\":\"http:\/\/vincentians.com\/es\/\",\"name\":\"Somos Vicencianos\",\"description\":\"Know more to serve more\",\"publisher\":{\"@id\":\"http:\/\/vincentians.com\/es\/#organization\"},\"potentialAction\":[{\"@type\":\"SearchAction\",\"target\":{\"@type\":\"EntryPoint\",\"urlTemplate\":\"http:\/\/vincentians.com\/es\/?s={search_term_string}\"},\"query-input\":{\"@type\":\"PropertyValueSpecification\",\"valueRequired\":true,\"valueName\":\"search_term_string\"}}],\"inLanguage\":\"es\"},{\"@type\":\"Organization\",\"@id\":\"http:\/\/vincentians.com\/es\/#organization\",\"name\":\"The Vincentian Network\",\"url\":\"http:\/\/vincentians.com\/es\/\",\"logo\":{\"@type\":\"ImageObject\",\"inLanguage\":\"es\",\"@id\":\"http:\/\/vincentians.com\/es\/#\/schema\/logo\/image\/\",\"url\":\"https:\/\/i1.wp.com\/vincentians.com\/es\/wp-content\/uploads\/sites\/11\/2016\/06\/Vincentian-Network-logo-big.png?fit=778%2C778\",\"contentUrl\":\"https:\/\/i1.wp.com\/vincentians.com\/es\/wp-content\/uploads\/sites\/11\/2016\/06\/Vincentian-Network-logo-big.png?fit=778%2C778\",\"width\":778,\"height\":778,\"caption\":\"The Vincentian Network\"},\"image\":{\"@id\":\"http:\/\/vincentians.com\/es\/#\/schema\/logo\/image\/\"},\"sameAs\":[\"https:\/\/www.facebook.com\/WeAreVincentians\/\",\"https:\/\/x.com\/WeVincentians\"]},{\"@type\":\"Person\",\"@id\":\"http:\/\/vincentians.com\/es\/#\/schema\/person\/9623ef4d9aa3b2dfb8c061f1499288f2\",\"name\":\"Francisco Javier Fern\u00e1ndez Chento\",\"image\":{\"@type\":\"ImageObject\",\"inLanguage\":\"es\",\"@id\":\"http:\/\/vincentians.com\/es\/#\/schema\/person\/image\/\",\"url\":\"https:\/\/secure.gravatar.com\/avatar\/497d5cde87b4c3d097d0315953521681ba2cd523ee66e5077c3711f7021e65de?s=96&d=mm&r=g\",\"contentUrl\":\"https:\/\/secure.gravatar.com\/avatar\/497d5cde87b4c3d097d0315953521681ba2cd523ee66e5077c3711f7021e65de?s=96&d=mm&r=g\",\"caption\":\"Francisco Javier Fern\u00e1ndez Chento\"},\"description\":\"Director General y cofundador de La Red de Formaci\u00f3n Vicenciana. Javier es laico vicenciano, afiliado a la Congregaci\u00f3n de la Misi\u00f3n y miembro del Equipo de Misiones Populares de la provincia can\u00f3nica de Zaragoza (Espa\u00f1a) de la Congregaci\u00f3n de la Misi\u00f3n. Graduado en la Universidad Oberta de Catalunya con cuatro grados (Asistente de direcci\u00f3n, Gesti\u00f3n Administrativa, Recursos Humanos y Contabilidad Avanzada). Bil\u00edng\u00fce Espa\u00f1ol\/Ingl\u00e9s. gestiona y mantiene varias p\u00e1ginas web cristianas y vicencianas, incluida including La Red de Formaci\u00f3n Vicenciana, de la que es cofundador. Actualmente es responsable del \u00e1rea de Espa\u00f1ol de .famvin, la Red de Noticias de la Familia Vicenciana. Tambi\u00e9n es m\u00fasico cat\u00f3lico y ha editado varios discos. Es Director General y cofundador de Trovador, una reconocida compa\u00f1\u00eda discogr\u00e1fica critiana de Espa\u00f1a. Trabaja en las Tecnolog\u00edas de la Informaci\u00f3n, ofreciendo servicios de alojamiento, dise\u00f1o y mantenimiento Web, as\u00ed como asesoramiento, formaci\u00f3n y soluciones inform\u00e1ticas, gesti\u00f3n documental y digitalizaci\u00f3n de textos, edici\u00f3n y maquetaci\u00f3n de libros, revistas, flyers, etc.\",\"sameAs\":[\"http:\/\/chento.org\",\"https:\/\/www.facebook.com\/JavierChento\",\"https:\/\/x.com\/https:\/\/twitter.com\/javierchento\"],\"url\":\"http:\/\/vincentians.com\/es\/author\/chento\/\"}]}<\/script>\n<!-- \/ Yoast SEO plugin. -->","yoast_head_json":{"title":"Los primeros misioneros pa\u00fales - Somos Vicencianos","robots":{"index":"index","follow":"follow","max-snippet":"max-snippet:-1","max-image-preview":"max-image-preview:large","max-video-preview":"max-video-preview:-1"},"canonical":"http:\/\/vincentians.com\/es\/los-primeros-misioneros-paules\/","og_locale":"es_ES","og_type":"article","og_title":"Los primeros misioneros pa\u00fales - Somos Vicencianos","og_description":"MISIONERO SEMBLANZA Antonio PORTAIL 1592 Nace 1612 Apoya a Vicente de Pa\u00fal en Clichy siendo aun aspirante al sacerdocio Diciembre1617 llega a la casa de los Gondi para ayudar a Vicente como preceptor Octubre\/noviembre 1625 ... Read More","og_url":"http:\/\/vincentians.com\/es\/los-primeros-misioneros-paules\/","og_site_name":"Somos Vicencianos","article_publisher":"https:\/\/www.facebook.com\/WeAreVincentians\/","article_author":"https:\/\/www.facebook.com\/JavierChento","article_published_time":"2015-05-04T01:01:19+00:00","article_modified_time":"2016-07-26T14:58:13+00:00","author":"Francisco Javier Fern\u00e1ndez Chento","twitter_card":"summary_large_image","twitter_creator":"@https:\/\/twitter.com\/javierchento","twitter_site":"@WeVincentians","twitter_misc":{"Escrito por":"Francisco Javier Fern\u00e1ndez Chento","Tiempo de lectura":"4 minutos"},"schema":{"@context":"https:\/\/schema.org","@graph":[{"@type":"Article","@id":"http:\/\/vincentians.com\/es\/los-primeros-misioneros-paules\/#article","isPartOf":{"@id":"http:\/\/vincentians.com\/es\/los-primeros-misioneros-paules\/"},"author":{"name":"Francisco Javier Fern\u00e1ndez Chento","@id":"http:\/\/vincentians.com\/es\/#\/schema\/person\/9623ef4d9aa3b2dfb8c061f1499288f2"},"headline":"Los primeros misioneros pa\u00fales","datePublished":"2015-05-04T01:01:19+00:00","dateModified":"2016-07-26T14:58:13+00:00","mainEntityOfPage":{"@id":"http:\/\/vincentians.com\/es\/los-primeros-misioneros-paules\/"},"wordCount":837,"commentCount":0,"publisher":{"@id":"http:\/\/vincentians.com\/es\/#organization"},"image":{"@id":"http:\/\/vincentians.com\/es\/los-primeros-misioneros-paules\/#primaryimage"},"thumbnailUrl":"","keywords":["Argel","Blatiron","Bons Enfants","Clichy","Dehorgny","Gondi","Jolly","Lambert","Lebreton","Naquart","Pobreza","Portail","San L\u00e1zaro","T\u00fanez"],"articleSection":["En tiempos de Vicente de Pa\u00fal"],"inLanguage":"es","potentialAction":[{"@type":"CommentAction","name":"Comment","target":["http:\/\/vincentians.com\/es\/los-primeros-misioneros-paules\/#respond"]}]},{"@type":"WebPage","@id":"http:\/\/vincentians.com\/es\/los-primeros-misioneros-paules\/","url":"http:\/\/vincentians.com\/es\/los-primeros-misioneros-paules\/","name":"Los primeros misioneros pa\u00fales - Somos Vicencianos","isPartOf":{"@id":"http:\/\/vincentians.com\/es\/#website"},"primaryImageOfPage":{"@id":"http:\/\/vincentians.com\/es\/los-primeros-misioneros-paules\/#primaryimage"},"image":{"@id":"http:\/\/vincentians.com\/es\/los-primeros-misioneros-paules\/#primaryimage"},"thumbnailUrl":"","datePublished":"2015-05-04T01:01:19+00:00","dateModified":"2016-07-26T14:58:13+00:00","breadcrumb":{"@id":"http:\/\/vincentians.com\/es\/los-primeros-misioneros-paules\/#breadcrumb"},"inLanguage":"es","potentialAction":[{"@type":"ReadAction","target":["http:\/\/vincentians.com\/es\/los-primeros-misioneros-paules\/"]}]},{"@type":"ImageObject","inLanguage":"es","@id":"http:\/\/vincentians.com\/es\/los-primeros-misioneros-paules\/#primaryimage","url":"","contentUrl":""},{"@type":"BreadcrumbList","@id":"http:\/\/vincentians.com\/es\/los-primeros-misioneros-paules\/#breadcrumb","itemListElement":[{"@type":"ListItem","position":1,"name":"Portada","item":"http:\/\/vincentians.com\/es\/"},{"@type":"ListItem","position":2,"name":"Los primeros misioneros pa\u00fales"}]},{"@type":"WebSite","@id":"http:\/\/vincentians.com\/es\/#website","url":"http:\/\/vincentians.com\/es\/","name":"Somos Vicencianos","description":"Know more to serve more","publisher":{"@id":"http:\/\/vincentians.com\/es\/#organization"},"potentialAction":[{"@type":"SearchAction","target":{"@type":"EntryPoint","urlTemplate":"http:\/\/vincentians.com\/es\/?s={search_term_string}"},"query-input":{"@type":"PropertyValueSpecification","valueRequired":true,"valueName":"search_term_string"}}],"inLanguage":"es"},{"@type":"Organization","@id":"http:\/\/vincentians.com\/es\/#organization","name":"The Vincentian Network","url":"http:\/\/vincentians.com\/es\/","logo":{"@type":"ImageObject","inLanguage":"es","@id":"http:\/\/vincentians.com\/es\/#\/schema\/logo\/image\/","url":"https:\/\/i1.wp.com\/vincentians.com\/es\/wp-content\/uploads\/sites\/11\/2016\/06\/Vincentian-Network-logo-big.png?fit=778%2C778","contentUrl":"https:\/\/i1.wp.com\/vincentians.com\/es\/wp-content\/uploads\/sites\/11\/2016\/06\/Vincentian-Network-logo-big.png?fit=778%2C778","width":778,"height":778,"caption":"The Vincentian Network"},"image":{"@id":"http:\/\/vincentians.com\/es\/#\/schema\/logo\/image\/"},"sameAs":["https:\/\/www.facebook.com\/WeAreVincentians\/","https:\/\/x.com\/WeVincentians"]},{"@type":"Person","@id":"http:\/\/vincentians.com\/es\/#\/schema\/person\/9623ef4d9aa3b2dfb8c061f1499288f2","name":"Francisco Javier Fern\u00e1ndez Chento","image":{"@type":"ImageObject","inLanguage":"es","@id":"http:\/\/vincentians.com\/es\/#\/schema\/person\/image\/","url":"https:\/\/secure.gravatar.com\/avatar\/497d5cde87b4c3d097d0315953521681ba2cd523ee66e5077c3711f7021e65de?s=96&d=mm&r=g","contentUrl":"https:\/\/secure.gravatar.com\/avatar\/497d5cde87b4c3d097d0315953521681ba2cd523ee66e5077c3711f7021e65de?s=96&d=mm&r=g","caption":"Francisco Javier Fern\u00e1ndez Chento"},"description":"Director General y cofundador de La Red de Formaci\u00f3n Vicenciana. Javier es laico vicenciano, afiliado a la Congregaci\u00f3n de la Misi\u00f3n y miembro del Equipo de Misiones Populares de la provincia can\u00f3nica de Zaragoza (Espa\u00f1a) de la Congregaci\u00f3n de la Misi\u00f3n. Graduado en la Universidad Oberta de Catalunya con cuatro grados (Asistente de direcci\u00f3n, Gesti\u00f3n Administrativa, Recursos Humanos y Contabilidad Avanzada). Bil\u00edng\u00fce Espa\u00f1ol\/Ingl\u00e9s. gestiona y mantiene varias p\u00e1ginas web cristianas y vicencianas, incluida including La Red de Formaci\u00f3n Vicenciana, de la que es cofundador. Actualmente es responsable del \u00e1rea de Espa\u00f1ol de .famvin, la Red de Noticias de la Familia Vicenciana. Tambi\u00e9n es m\u00fasico cat\u00f3lico y ha editado varios discos. Es Director General y cofundador de Trovador, una reconocida compa\u00f1\u00eda discogr\u00e1fica critiana de Espa\u00f1a. Trabaja en las Tecnolog\u00edas de la Informaci\u00f3n, ofreciendo servicios de alojamiento, dise\u00f1o y mantenimiento Web, as\u00ed como asesoramiento, formaci\u00f3n y soluciones inform\u00e1ticas, gesti\u00f3n documental y digitalizaci\u00f3n de textos, edici\u00f3n y maquetaci\u00f3n de libros, revistas, flyers, etc.","sameAs":["http:\/\/chento.org","https:\/\/www.facebook.com\/JavierChento","https:\/\/x.com\/https:\/\/twitter.com\/javierchento"],"url":"http:\/\/vincentians.com\/es\/author\/chento\/"}]}},"jetpack_publicize_connections":[],"jetpack_featured_media_url":"","jetpack_sharing_enabled":true,"jetpack_shortlink":"https:\/\/wp.me\/p7ETMF-11m","jetpack-related-posts":[{"id":115258,"url":"http:\/\/vincentians.com\/es\/casas-de-la-congregacion-de-la-mision-en-paris-en-tiempos-de-san-vicente-i\/","url_meta":{"origin":3928,"position":0},"title":"Casas de la Congregaci\u00f3n de la Misi\u00f3n en Par\u00eds en tiempos de San Vicente (I)","author":"Francisco Javier Fern\u00e1ndez Chento","date":"04\/10\/2018","format":false,"excerpt":"Bons-Enfants (En la calle des Ecoles n2 2-4) Hacia 1250 ya exist\u00eda la casa con el nombre de Colegio de Bons-Enfants. Era un Colegio Menor fundado por el Rey San Luis que le dej\u00f3 unas \u00f3n0 libras de renta. La finca ten\u00eda unos 4.000 m 2 y los edificios ocupaban\u2026","rel":"","context":"En \u00abEn tiempos de Vicente de Pa\u00fal\u00bb","block_context":{"text":"En tiempos de Vicente de Pa\u00fal","link":"http:\/\/vincentians.com\/es\/category\/historia-de-la-familia-vicenciana\/en-tiempos-de-vicente-de-paul\/"},"img":{"alt_text":"","src":"https:\/\/i0.wp.com\/vincentians.com\/es\/wp-content\/uploads\/sites\/11\/2015\/04\/tres-descubrimientos-de-Vicente-de-Paul.jpg?fit=1200%2C630&resize=350%2C200","width":350,"height":200,"srcset":"https:\/\/i0.wp.com\/vincentians.com\/es\/wp-content\/uploads\/sites\/11\/2015\/04\/tres-descubrimientos-de-Vicente-de-Paul.jpg?fit=1200%2C630&resize=350%2C200 1x, https:\/\/i0.wp.com\/vincentians.com\/es\/wp-content\/uploads\/sites\/11\/2015\/04\/tres-descubrimientos-de-Vicente-de-Paul.jpg?fit=1200%2C630&resize=525%2C300 1.5x, https:\/\/i0.wp.com\/vincentians.com\/es\/wp-content\/uploads\/sites\/11\/2015\/04\/tres-descubrimientos-de-Vicente-de-Paul.jpg?fit=1200%2C630&resize=700%2C400 2x, https:\/\/i0.wp.com\/vincentians.com\/es\/wp-content\/uploads\/sites\/11\/2015\/04\/tres-descubrimientos-de-Vicente-de-Paul.jpg?fit=1200%2C630&resize=1050%2C600 3x"},"classes":[]},{"id":124197,"url":"http:\/\/vincentians.com\/es\/vicente-de-paul-el-fundador\/","url_meta":{"origin":3928,"position":1},"title":"Vicente de Pa\u00fal: El fundador","author":"Francisco Javier Fern\u00e1ndez Chento","date":"03\/03\/2023","format":false,"excerpt":"Por a\u00f1os, Vicente hab\u00eda compartido con sacerdotes y seglares su atenci\u00f3n a los pobres. Ahora empieza por reunir a estos compa\u00f1eros en una comunidad permanente. Es decir, como Jesucristo, o el ap\u00f3stol Pablo, empieza a juntar sacerdotes y ayudantes para que compartan no s\u00f3lo sus deberes sino tambi\u00e9n toda su\u2026","rel":"","context":"En \u00abVicente de Pa\u00fal\u00bb","block_context":{"text":"Vicente de Pa\u00fal","link":"http:\/\/vincentians.com\/es\/category\/la-familia-vicenciana\/fundadores\/vicente-de-paul\/"},"img":{"alt_text":"","src":"https:\/\/i0.wp.com\/vincentians.com\/es\/wp-content\/uploads\/sites\/11\/2013\/04\/d.jpg?fit=1200%2C799&resize=350%2C200","width":350,"height":200,"srcset":"https:\/\/i0.wp.com\/vincentians.com\/es\/wp-content\/uploads\/sites\/11\/2013\/04\/d.jpg?fit=1200%2C799&resize=350%2C200 1x, https:\/\/i0.wp.com\/vincentians.com\/es\/wp-content\/uploads\/sites\/11\/2013\/04\/d.jpg?fit=1200%2C799&resize=525%2C300 1.5x, https:\/\/i0.wp.com\/vincentians.com\/es\/wp-content\/uploads\/sites\/11\/2013\/04\/d.jpg?fit=1200%2C799&resize=700%2C400 2x, https:\/\/i0.wp.com\/vincentians.com\/es\/wp-content\/uploads\/sites\/11\/2013\/04\/d.jpg?fit=1200%2C799&resize=1050%2C600 3x"},"classes":[]},{"id":119709,"url":"http:\/\/vincentians.com\/es\/el-senor-vicente-relee-su-vida-misionero\/","url_meta":{"origin":3928,"position":2},"title":"El Se\u00f1or Vicente relee su vida: Misionero","author":"Francisco Javier Fern\u00e1ndez Chento","date":"19\/04\/2022","format":false,"excerpt":"Siete largos a\u00f1os van ante todo a transcurrir, en la misma l\u00ednea que los tres precedentes: misionar s\u00f3lo en los pueblos de las tierras de los Gondi, y sin embargo de manera muy diferente. Entregado del todo a estas misiones a las pobres gentes de los campos, tengo ahora mi\u2026","rel":"","context":"En \u00abVicente de Pa\u00fal\u00bb","block_context":{"text":"Vicente de Pa\u00fal","link":"http:\/\/vincentians.com\/es\/category\/la-familia-vicenciana\/fundadores\/vicente-de-paul\/"},"img":{"alt_text":"","src":"https:\/\/i0.wp.com\/vincentians.com\/es\/wp-content\/uploads\/sites\/11\/2013\/04\/f-8-scaled.jpg?fit=1200%2C570&resize=350%2C200","width":350,"height":200,"srcset":"https:\/\/i0.wp.com\/vincentians.com\/es\/wp-content\/uploads\/sites\/11\/2013\/04\/f-8-scaled.jpg?fit=1200%2C570&resize=350%2C200 1x, https:\/\/i0.wp.com\/vincentians.com\/es\/wp-content\/uploads\/sites\/11\/2013\/04\/f-8-scaled.jpg?fit=1200%2C570&resize=525%2C300 1.5x, https:\/\/i0.wp.com\/vincentians.com\/es\/wp-content\/uploads\/sites\/11\/2013\/04\/f-8-scaled.jpg?fit=1200%2C570&resize=700%2C400 2x, https:\/\/i0.wp.com\/vincentians.com\/es\/wp-content\/uploads\/sites\/11\/2013\/04\/f-8-scaled.jpg?fit=1200%2C570&resize=1050%2C600 3x"},"classes":[]},{"id":125829,"url":"http:\/\/vincentians.com\/es\/san-vicente-de-paul-siervo-de-los-pobres-05\/","url_meta":{"origin":3928,"position":3},"title":"San Vicente de Pa\u00fal, siervo de los pobres (05)","author":"Francisco Javier Fern\u00e1ndez Chento","date":"30\/11\/2013","format":false,"excerpt":"V. La Congregaci\u00f3n de la Misi\u00f3n Los Bons-Enfants (1624) Todo el a\u00f1o 1623 estuvo dedicado a las misiones en\u00adtre los campesinos, los forzados y los feligreses. En medio de esta actividad sustanciosa y callada, al a\u00f1o siguiente Vicente vio su nombramiento de prior de Saint-Nicolas de Grosse Sauve. Es de\u2026","rel":"","context":"En \u00abVicente de Pa\u00fal\u00bb","block_context":{"text":"Vicente de Pa\u00fal","link":"http:\/\/vincentians.com\/es\/category\/la-familia-vicenciana\/fundadores\/vicente-de-paul\/"},"img":{"alt_text":"","src":"","width":0,"height":0},"classes":[]},{"id":124208,"url":"http:\/\/vincentians.com\/es\/vicente-de-paul-el-ocaso\/","url_meta":{"origin":3928,"position":4},"title":"Vicente de Pa\u00fal: El ocaso","author":"Francisco Javier Fern\u00e1ndez Chento","date":"27\/03\/2023","format":false,"excerpt":"As\u00ed como la misi\u00f3n de Madagascar fue el calvario para la Congregaci\u00f3n de la Misi\u00f3n, el calvario personal del P. Vicente comenz\u00f3 un poco m\u00e1s tarde. Desde el a\u00f1o 1656 estuvo enfermo sin recuperarse del todo ya nunca m\u00e1s. En 1658 sufri\u00f3 un accidente de carroza recibiendo una herida en\u2026","rel":"","context":"En \u00abVicente de Pa\u00fal\u00bb","block_context":{"text":"Vicente de Pa\u00fal","link":"http:\/\/vincentians.com\/es\/category\/la-familia-vicenciana\/fundadores\/vicente-de-paul\/"},"img":{"alt_text":"","src":"https:\/\/i0.wp.com\/vincentians.com\/es\/wp-content\/uploads\/sites\/11\/2013\/04\/e-3.jpg?fit=976%2C570&resize=350%2C200","width":350,"height":200,"srcset":"https:\/\/i0.wp.com\/vincentians.com\/es\/wp-content\/uploads\/sites\/11\/2013\/04\/e-3.jpg?fit=976%2C570&resize=350%2C200 1x, https:\/\/i0.wp.com\/vincentians.com\/es\/wp-content\/uploads\/sites\/11\/2013\/04\/e-3.jpg?fit=976%2C570&resize=525%2C300 1.5x, https:\/\/i0.wp.com\/vincentians.com\/es\/wp-content\/uploads\/sites\/11\/2013\/04\/e-3.jpg?fit=976%2C570&resize=700%2C400 2x"},"classes":[]},{"id":131902,"url":"http:\/\/vincentians.com\/es\/el-senor-vicente-relee-su-vida-viii\/","url_meta":{"origin":3928,"position":5},"title":"El se\u00f1or Vicente relee su vida (VIII)","author":"Francisco Javier Fern\u00e1ndez Chento","date":"15\/12\/2014","format":false,"excerpt":"Ch\u00e2tillon En los mismos inicios de 1617, yo quer\u00eda darme plenamente a la evangelizaci\u00f3n, ahora bien era dif\u00edcil de llevar al mismo tiempo el cargo de preceptor, de capell\u00e1n personal de la Se\u00f1ora de Gondi y el de pastor. El Padre de B\u00e9rulle me propon\u00eda este curato de Buenens y\u2026","rel":"","context":"En \u00abVicente de Pa\u00fal\u00bb","block_context":{"text":"Vicente de Pa\u00fal","link":"http:\/\/vincentians.com\/es\/category\/la-familia-vicenciana\/fundadores\/vicente-de-paul\/"},"img":{"alt_text":"corazon","src":"https:\/\/i0.wp.com\/vicencianos.org\/wp-content\/2014\/12\/corazon-289x300.jpg?resize=350%2C200","width":350,"height":200},"classes":[]}],"_links":{"self":[{"href":"http:\/\/vincentians.com\/es\/wp-json\/wp\/v2\/posts\/3928","targetHints":{"allow":["GET"]}}],"collection":[{"href":"http:\/\/vincentians.com\/es\/wp-json\/wp\/v2\/posts"}],"about":[{"href":"http:\/\/vincentians.com\/es\/wp-json\/wp\/v2\/types\/post"}],"author":[{"embeddable":true,"href":"http:\/\/vincentians.com\/es\/wp-json\/wp\/v2\/users\/4"}],"replies":[{"embeddable":true,"href":"http:\/\/vincentians.com\/es\/wp-json\/wp\/v2\/comments?post=3928"}],"version-history":[{"count":0,"href":"http:\/\/vincentians.com\/es\/wp-json\/wp\/v2\/posts\/3928\/revisions"}],"wp:featuredmedia":[{"embeddable":true,"href":"http:\/\/vincentians.com\/es\/wp-json\/"}],"wp:attachment":[{"href":"http:\/\/vincentians.com\/es\/wp-json\/wp\/v2\/media?parent=3928"}],"wp:term":[{"taxonomy":"category","embeddable":true,"href":"http:\/\/vincentians.com\/es\/wp-json\/wp\/v2\/categories?post=3928"},{"taxonomy":"post_tag","embeddable":true,"href":"http:\/\/vincentians.com\/es\/wp-json\/wp\/v2\/tags?post=3928"}],"curies":[{"name":"wp","href":"https:\/\/api.w.org\/{rel}","templated":true}]}}