{"id":39244,"date":"2017-03-31T08:03:10","date_gmt":"2017-03-31T06:03:10","guid":{"rendered":"http:\/\/somos.vicencianos.org\/?p=39244"},"modified":"2016-12-28T16:04:35","modified_gmt":"2016-12-28T15:04:35","slug":"la-integracion-de-la-familia-en-la-mision","status":"publish","type":"post","link":"http:\/\/vincentians.com\/es\/la-integracion-de-la-familia-en-la-mision\/","title":{"rendered":"La integraci\u00f3n de la familia en la misi\u00f3n"},"content":{"rendered":"<p><img data-recalc-dims=\"1\" loading=\"lazy\" decoding=\"async\" data-attachment-id=\"399690\" data-permalink=\"http:\/\/vincentians.com\/es\/la-iglesia-de-jesus\/iglesia-de-los-pobres\/\" data-orig-file=\"https:\/\/i0.wp.com\/vincentians.com\/es\/wp-content\/uploads\/sites\/11\/2016\/08\/iglesia-de-los-pobres.jpg?fit=1200%2C630\" data-orig-size=\"1200,630\" data-comments-opened=\"1\" data-image-meta=\"{&quot;aperture&quot;:&quot;0&quot;,&quot;credit&quot;:&quot;&quot;,&quot;camera&quot;:&quot;&quot;,&quot;caption&quot;:&quot;&quot;,&quot;created_timestamp&quot;:&quot;0&quot;,&quot;copyright&quot;:&quot;&quot;,&quot;focal_length&quot;:&quot;0&quot;,&quot;iso&quot;:&quot;0&quot;,&quot;shutter_speed&quot;:&quot;0&quot;,&quot;title&quot;:&quot;&quot;,&quot;orientation&quot;:&quot;1&quot;}\" data-image-title=\"iglesia de los pobres\" data-image-description=\"\" data-image-caption=\"\" data-medium-file=\"https:\/\/i0.wp.com\/vincentians.com\/es\/wp-content\/uploads\/sites\/11\/2016\/08\/iglesia-de-los-pobres.jpg?fit=300%2C158\" data-large-file=\"https:\/\/i0.wp.com\/vincentians.com\/es\/wp-content\/uploads\/sites\/11\/2016\/08\/iglesia-de-los-pobres.jpg?fit=846%2C444\" class=\"alignnone size-medium wp-image-399690 alignleft\" src=\"https:\/\/i0.wp.com\/vincentians.com\/es\/wp-content\/uploads\/sites\/11\/2016\/08\/iglesia-de-los-pobres.jpg?resize=300%2C158\" alt=\"\" width=\"300\" height=\"158\" srcset=\"https:\/\/i0.wp.com\/vincentians.com\/es\/wp-content\/uploads\/sites\/11\/2016\/08\/iglesia-de-los-pobres.jpg?resize=300%2C158 300w, https:\/\/i0.wp.com\/vincentians.com\/es\/wp-content\/uploads\/sites\/11\/2016\/08\/iglesia-de-los-pobres.jpg?resize=768%2C403 768w, https:\/\/i0.wp.com\/vincentians.com\/es\/wp-content\/uploads\/sites\/11\/2016\/08\/iglesia-de-los-pobres.jpg?resize=1024%2C538 1024w, https:\/\/i0.wp.com\/vincentians.com\/es\/wp-content\/uploads\/sites\/11\/2016\/08\/iglesia-de-los-pobres.jpg?resize=100%2C53 100w, https:\/\/i0.wp.com\/vincentians.com\/es\/wp-content\/uploads\/sites\/11\/2016\/08\/iglesia-de-los-pobres.jpg?resize=846%2C444 846w, https:\/\/i0.wp.com\/vincentians.com\/es\/wp-content\/uploads\/sites\/11\/2016\/08\/iglesia-de-los-pobres.jpg?resize=1004%2C527 1004w, https:\/\/i0.wp.com\/vincentians.com\/es\/wp-content\/uploads\/sites\/11\/2016\/08\/iglesia-de-los-pobres.jpg?w=1200 1200w\" sizes=\"auto, (max-width: 300px) 100vw, 300px\" \/>La presente ponencia intenta ser un ejemplo vivo de dar misiones rurales involucrando a toda la familia, desde la fase pre-misi\u00f3n hasta la predicaci\u00f3n de la misi\u00f3n como tal. Ofrezco dos modelos, el uno para usarlo en la Iglesia Parroquial, y el otro en las casas de las familias. El primero contiene un plan de acci\u00f3n para la pre-misi\u00f3n m\u00e1s elaborado que el segundo, si bien el anuncio en el bolet\u00edn parroquial, el \u00e9nfasis en la oraci\u00f3n por el \u00e9xito de la misi\u00f3n y otros medios de publicidad anunciando la misi\u00f3n son exactamente lo mismo. En cada uno de ellos el contenido es diferente y lo mismo la forma.<\/p>\n<h2><strong>Modelo uno<\/strong><\/h2>\n<p>La misi\u00f3n parroquial empieza varias semanas antes con el anuncio. El personal de la Parroquia la planifica despu\u00e9s de haber sido recomendada por el Consejo Parroquial y por el P\u00e1rroco mismo. Los ni\u00f1os, j\u00f3venes, y padres de familia disribuyen los folletos preparados por los ministros de la juventud a los vecinos, a familias que residen en distintas calles, bloques de pisos y apartamentos, a las entradas del metro y de los super-mercados, etc. Pueden ponerse los anuncios tambi\u00e9n en los escaparates, barber\u00edas, salones de belleza, centros comerciales y otros lugares de reuniones. Si se da la misi\u00f3n en zonas rurales donde habitan obreros emigrantes se pueden distribuir los folletos a la gente del campo en los lugares del trabajo anunciandoles el acontecimiento parroquial. Si hay posibilidad, el equipo de la pre-misi\u00f3n lanza por radio noticias sobre la Misi\u00f3n. Una vez que lleguen los misioneros pueden hacerlo ellos directamente desde la estaci\u00f3n de radio.<\/p>\n<p>Durante todo este tiempo las familias de la parroquia en conjunto planifican, piensan, dialogan y rezan por la Mision inminente. Se piden oraciones a la Legi\u00f3n de Mar\u00eda, a los Grupos de Oraci\u00f3n, para que los misioneros lleguen a santificarse y se llene la iglesia de ovejas perdidas, de alejados, de tibios, y de quellos que necesitan crecer en la fe y obtener la salvaci\u00f3n.<\/p>\n<p><em> El tiempo fuerte de la Misi\u00f3n empieza con c\u00e1nticos y oraciones. <\/em>El canto congregacional es muy \u00fatil para captar al pueblo y para despertar entusiasmo por las actividades de la misi\u00f3n. El sacerdote entra a la iglesia en procesi\u00f3n acompa\u00f1ado por el lector, el presentador de las familias, los j\u00f3venes y otras personas mostrando objetos de testimonios, y ni\u00f1os con banderas y material de proyecci\u00f3n visual que se va a utilizar en la presentaci\u00f3n oficial. El grupo de familias est\u00e1 presente desde el principio de las ceremonias de la apertura de la Misi\u00f3n y permanece all\u00ed tomando parte activa en todas las actividades que el equipo misionero les haya asignado de antemano. Despu\u00e9s de una oraci\u00f3n preliminar dirigida por el que preside, el lector proclama la Palabra de Dios, a continuaci\u00f3n el misionero presenta el tema &#8211; un asunto de familia -, hace resaltar algunos puntos y a continuaci\u00f3n se sienta. Uno o ambos padres salen a presentar un tema, por ejemplo violencia familiar. Explican c\u00f3mo la violencia puede ser f\u00edsica, emocional, sexual, verbal etc.. poniendo algunos ejemplos. A continuaci\u00f3n un j\u00f3ven, una j\u00f3ven o ambos salen al estrado y dan testimonio de c\u00f3mo les ha afectado esa conducta de violencia familiar en sus vidas y c\u00f3mo se sent\u00edan ellos entonces y ahora. Hablan de las cicatrices que ha dejado en sus personalidades: miedos, insomnia, ausencia de propia estima, rechazo, enojo etc.. Explican tambi\u00e9n c\u00f3mo estas familias rotas producen un efecto desfavorable en el desarrollo de las relaciones familiares y c\u00f3mo facilmente termina la familia en protegerse y fortalecerse para su seguridad en pandillas callejeras. Mientras tiene lugar toda esta presentaci\u00f3n, los ni\u00f1os muestran a la asamblea material de promoci\u00f3n como posters etc. Se puede invitar a los ni\u00f1os a que cuenten alguna historieta. Todo esto contribuye a crear un ambiente propicio para captar la atenci\u00f3n de la gente.<\/p>\n<p>En algunos casos, los j\u00f3venes presentan alguna obra teatral o alguna pel\u00edcula con escenas de violencia dom\u00e9stica, de drogas, de borrachera o de sexo. En estas presentaciones, los ni\u00f1os pueden ofrecer alguna contribuci\u00f3n con bailes, pantomimas, despliegue de banderas etc. como tel\u00f3n de fondo mientras el relator da sus explicaciones.<\/p>\n<p>Una vez que la asamblea ha llegado a comprender el problema, el misionero expone a la gente la manera de proceder. Bien puede exponer la actitud de desenga\u00f1o al no recibir ayuda esperada, o bien puede presentar la actitud del que dice que no tiene ninguna dificultad, o que puede producir su propia transformaci\u00f3n por si mismo y sin necesidad de nadie. A continuaci\u00f3n invoca al nombre de Dios probando c\u00f3mo someti\u00e9ndose a su poderosa intercesi\u00f3n podemos cambiar nuestra vida. Necesitamos el apoyo y la animaci\u00f3n de otros y por eso es sumamente importante formar grupos parroquiales, celebrar sesiones de formaci\u00f3n b\u00edblica, reuniones de oraci\u00f3n y servicios lit\u00fargicos, visitar a los enfermos, practicar el voluntariado en la parroquia y en la comunidad, y apuntarse a los ministerios de la Familia Vicenciana.<\/p>\n<p>La sesi\u00f3n termina cantando toda la asamblea alg\u00fan c\u00e1ntico apropiado a su cultura y a su habilidad lingu\u00edstica. Otros temas de gran inter\u00e9s podr\u00edan ser aficiones de la familia a televisi\u00f3n. dinero, centros comerciales, salidas de compras y ventas, o bien salir echando un vistazo a los escaparates para quitar el aburrimiento, o ausentarse de la bebida, de las drogas, de la violencia juvenil, de las cuadrillas callejeras, etc. etc..<\/p>\n<p>Es conveniente involucrar a toda la familia en la preparaci\u00f3n de las oraciones y selecci\u00f3n de c\u00e1nticos, en la organizaci\u00f3n de juegos y de sesiones de cantos. El canto congregacional es la mejor manera de unir los sentimientos de la asamblea. Hay que animarles a que alaben a Dios con las manos y con los sentimientos emocionales del cuerpo. Es conveniente que haya uno dirigiendo el c\u00e1ntico en frente de la asamblea gesticulando con sus manos, e invitando a la asamblea a que imite todos sus movimientos. Asegurarse de que disfrutan lo que est\u00e1n haciendo.<\/p>\n<h2><strong>Modelo dos<\/strong><\/h2>\n<p>&nbsp;<\/p>\n<p><em>Este modelo es para usalo en las casas de las familias<\/em>. Se empieza con un equipo de dos o tres personas. Son fieles cat\u00f3licos y entusiastas de compartir su fe con otras personas. El cabeza de familia envia una invitaci\u00f3n a sus vecinos para que se reunan en su casa, donde los recibe el sacerdote con la celebraci\u00f3n de la Misa. Los invitados pueden ser miembros de familias amigas. El equipo les explica que por raz\u00f3n del sacramento del Bustismo tienen obligaci\u00f3n de extender la Buena Noticia a otros. Los dias siguientes las sesiones empiezan con oraciones, c\u00e1nticos o el rosario en vez de empezar con la celebraci\u00f3n de la misa. A continuaci\u00f3n discuten sobre temas de catequesis utilizando el \u00abCatecismo Ilustrado\u00bb, Ense\u00f1anzas Cat\u00f3licas Esenciales, Catholic Book Publishing Co. N.Y. Este es un catecismo de preguntas y respuestas, de uso f\u00e1cil. Es muy sencillo, claro, breve y manejable. Un miembro del equipo hace preguntas a los adultos y estos le preguntan a \u00e9l. La raz\u00f3n de este proceso es aprender las respuestas adecuadas relacionadas con las verdades fundamentales de nuestra fe, en una manera sistem\u00e1tica, no improvisada y progresiva. Sigue la instruci\u00f3n de Juan Pablo II en \u00abCatechesi Tradendae, 21\u00bb: \u00abLa Catequesis Cristiana debe encargarse de la doctrina fundamental, sin tratar de abordar todas las cuestiones controvertidas o transformarla en una investigacion teol\u00f3gica o en una ex\u00e9gesis cient\u00edfica; sin embargo, debe ser lo suficientemente completa, sin que se quede corta a la proclamaci\u00f3n inicial del Misterio de Cristo tal como le tenemos en el kerigma; debe ser una iniciaci\u00f3n cristiana integral, abierta a todos los \u00e1mbitos de la vida cristiana\u00bb. Tambi\u00e9n se usa \u00abEl Manual para el Cat\u00f3lico de Hoy\u00bb, con \u00abReferencias al Catecismo de la Iglesia Cat\u00f3lica\u00bb, Liguori Publications. Los mocitos y ni\u00f1os adolescentes pueden estar presentes durante la sesi\u00f3n. En caso de que alboroten o reusen seguir el orden prescrito se les puede poner en otra sala donde un miembro del equipo les ense\u00f1a pasajes de la biblia u otros temas adaptados a su capacidad. El mismo m\u00e9todo de preguntas y respuestas puede aplicarse tambi\u00e9n en este caso.<\/p>\n<p>Es muy conveniente terminar con una oraci\u00f3n donde la gente se sienta con la obligaci\u00f3n de expresar y elevar sus necesidades a Dios. En estos casos es f\u00e1cil invitarles a rezar ya que todos, m\u00e1s o menos, se encuentran en necesidad de algo para ellos mismos o para otros; algo referente a su salud, sufrimientos, penas, problemas familiares, trabajo, estudios de sus hijos, aspiraciones hacia el futuro, etc., etc.. El equipo ha de asegurarse de que todos tienen oportunidad de decir algo, bien en forma de oraci\u00f3n de petici\u00f3n o de acci\u00f3n de gracias. Sin prisa. Terminan con un c\u00e1ntico y el beso de paz.<\/p>\n<p>En este m\u00e9todo de evangelizaci\u00f3n, los alejados empiezan a preguntar a los miembros del equipo&#8230;\u00bfc\u00f3mo podr\u00eda bautizar a mi ni\u00f1o?. Me gustar\u00eda celebrar mi matrimonio en la Iglesia. \u00bfC\u00f3mo podr\u00eda celebrar Lupita su Primera Comuni\u00f3n?. Tengo una hija que est\u00e1 embarazada y no tenemos dinero para sufragar los gastos del nacimiento del ni\u00f1o&#8230;\u00bfpodr\u00eda pagarnos la factura del hospital y los gastos de todo lo que sigue?. La madre es una ni\u00f1a. \u00bfC\u00f3mo podr\u00eda ayudarnos la Iglesia?. Estas y otras preguntas son respondidas por los misioneros seglares quienen a su vez los refieren a los que tienen acceso a recursos Parroquiales, Diocesanos o de la Comunidad Local.<\/p>\n<p>En este modelo de Misiones Populares, el equipo se convierte en lazo de uni\u00f3n entre la Parroquia y la gente, tray\u00e9ndoles no solo el Evangelio de Jes\u00fas, sino tambi\u00e9n imparti\u00e9ndoles informaci\u00f3n sobre mil cosas de gran utilidad para ellos. Obrando de este manera, muestran que la Iglesia se preocupa de todo su ser, no s\u00f3lamente de sus almas; y que su misi\u00f3n es tambien construir comunidad y establecer lazos de amistad. Esta es una manera de organizar la evangelizaci\u00f3n permanente en la prroquia por medio de estas peque\u00f1as \u00abceldas parroquiales\u00bb. Terminada la misi\u00f3n en este casa, uno de los miembros de la familia forma otra pareja con otra persona que ha tomado parte en anteriores grupos de familias y el mismo proceso contin\u00faa en otra casa que se inicia tambi\u00e9n con la presencia y la misa del P\u00e1rroco.<\/p>\n<p>Para la formaci\u00f3n del equipo, es conveniente que las dos o tres personas que lo compongan hayan experimentado la conversi\u00f3n inicial y profundicen en ella por medio de una s\u00f3lida formaci\u00f3n. Esto se obtendr\u00e1 enviandoles a que hagan un Cursillo de \u00abVida Interior\u00bb, Encuentro Matrimonial, o a cualquier otro tipo de retiro espiritual donde la gente se encuentre cara a cara con Dios y su destino final, y donde se fortalezca para salir al mundo y cambiarlo.<\/p>\n<p>En estos tiempos en que escasean los sacerdotes misioneros, este modelo de misi\u00f3n es sumamente conveniente para que los seglares tomen parte activa en el proceso de evangelizaci\u00f3n utilizando los recursos, el tiempo y los talentos de la gente misma. Una vez que estos misioneros seglares se sienten importantes en estas actividades, llegan a entusiasmarse y son leales y sol\u00edcitos. Mirando al siglo XXI, este \u00faltimo modelo de evangelizaci\u00f3n es una herramienta poderosa en las manos de los seglares bajo el paraguas del P\u00e1rroco o del Asistente del P\u00e1rroco.<\/p>\n","protected":false},"excerpt":{"rendered":"<p>La presente ponencia intenta ser un ejemplo vivo de dar misiones rurales involucrando a toda la familia, desde la fase pre-misi\u00f3n hasta la predicaci\u00f3n de la misi\u00f3n como tal. Ofrezco dos modelos, el uno para &#8230; <a href=\"http:\/\/vincentians.com\/es\/la-integracion-de-la-familia-en-la-mision\/\" class=\"more-link\">Read More<\/a><\/p>\n","protected":false},"author":4,"featured_media":399690,"comment_status":"open","ping_status":"open","sticky":false,"template":"","format":"standard","meta":{"jetpack_post_was_ever_published":false,"_jetpack_newsletter_access":"","_jetpack_dont_email_post_to_subs":false,"_jetpack_newsletter_tier_id":0,"_jetpack_memberships_contains_paywalled_content":false,"_jetpack_memberships_contains_paid_content":false,"footnotes":"","jetpack_publicize_message":"","jetpack_publicize_feature_enabled":true,"jetpack_social_post_already_shared":true,"jetpack_social_options":{"image_generator_settings":{"template":"highway","default_image_id":0,"font":"","enabled":false},"version":2}},"categories":[201],"tags":[195,176],"class_list":["post-39244","post","type-post","status-publish","format-standard","has-post-thumbnail","hentry","category-misiones-ad-gentes","tag-misioneros-seglares","tag-misiones-populares"],"yoast_head":"<!-- This site is optimized with the Yoast SEO plugin v26.3 - https:\/\/yoast.com\/wordpress\/plugins\/seo\/ -->\n<title>La integraci\u00f3n de la familia en la misi\u00f3n - Somos Vicencianos<\/title>\n<meta name=\"robots\" content=\"index, follow, max-snippet:-1, max-image-preview:large, max-video-preview:-1\" \/>\n<link rel=\"canonical\" href=\"http:\/\/vincentians.com\/es\/la-integracion-de-la-familia-en-la-mision\/\" \/>\n<meta property=\"og:locale\" content=\"es_ES\" \/>\n<meta property=\"og:type\" content=\"article\" \/>\n<meta property=\"og:title\" content=\"La integraci\u00f3n de la familia en la misi\u00f3n - Somos Vicencianos\" \/>\n<meta property=\"og:description\" content=\"La presente ponencia intenta ser un ejemplo vivo de dar misiones rurales involucrando a toda la familia, desde la fase pre-misi\u00f3n hasta la predicaci\u00f3n de la misi\u00f3n como tal. Ofrezco dos modelos, el uno para ... Read More\" \/>\n<meta property=\"og:url\" content=\"http:\/\/vincentians.com\/es\/la-integracion-de-la-familia-en-la-mision\/\" \/>\n<meta property=\"og:site_name\" content=\"Somos Vicencianos\" \/>\n<meta property=\"article:publisher\" content=\"https:\/\/www.facebook.com\/WeAreVincentians\/\" \/>\n<meta property=\"article:author\" content=\"https:\/\/www.facebook.com\/JavierChento\" \/>\n<meta property=\"article:published_time\" content=\"2017-03-31T06:03:10+00:00\" \/>\n<meta property=\"og:image\" content=\"https:\/\/i0.wp.com\/vincentians.com\/es\/wp-content\/uploads\/sites\/11\/2016\/08\/iglesia-de-los-pobres.jpg?fit=1200%2C630\" \/>\n\t<meta property=\"og:image:width\" content=\"1200\" \/>\n\t<meta property=\"og:image:height\" content=\"630\" \/>\n\t<meta property=\"og:image:type\" content=\"image\/jpeg\" \/>\n<meta name=\"author\" content=\"Francisco Javier Fern\u00e1ndez Chento\" \/>\n<meta name=\"twitter:card\" content=\"summary_large_image\" \/>\n<meta name=\"twitter:creator\" content=\"@https:\/\/twitter.com\/javierchento\" \/>\n<meta name=\"twitter:site\" content=\"@WeVincentians\" \/>\n<meta name=\"twitter:label1\" content=\"Escrito por\" \/>\n\t<meta name=\"twitter:data1\" content=\"Francisco Javier Fern\u00e1ndez Chento\" \/>\n\t<meta name=\"twitter:label2\" content=\"Tiempo de lectura\" \/>\n\t<meta name=\"twitter:data2\" content=\"10 minutos\" \/>\n<script type=\"application\/ld+json\" class=\"yoast-schema-graph\">{\"@context\":\"https:\/\/schema.org\",\"@graph\":[{\"@type\":\"Article\",\"@id\":\"http:\/\/vincentians.com\/es\/la-integracion-de-la-familia-en-la-mision\/#article\",\"isPartOf\":{\"@id\":\"http:\/\/vincentians.com\/es\/la-integracion-de-la-familia-en-la-mision\/\"},\"author\":{\"name\":\"Francisco Javier Fern\u00e1ndez Chento\",\"@id\":\"http:\/\/vincentians.com\/es\/#\/schema\/person\/9623ef4d9aa3b2dfb8c061f1499288f2\"},\"headline\":\"La integraci\u00f3n de la familia en la misi\u00f3n\",\"datePublished\":\"2017-03-31T06:03:10+00:00\",\"mainEntityOfPage\":{\"@id\":\"http:\/\/vincentians.com\/es\/la-integracion-de-la-familia-en-la-mision\/\"},\"wordCount\":2022,\"commentCount\":0,\"publisher\":{\"@id\":\"http:\/\/vincentians.com\/es\/#organization\"},\"image\":{\"@id\":\"http:\/\/vincentians.com\/es\/la-integracion-de-la-familia-en-la-mision\/#primaryimage\"},\"thumbnailUrl\":\"https:\/\/i0.wp.com\/vincentians.com\/es\/wp-content\/uploads\/sites\/11\/2016\/08\/iglesia-de-los-pobres.jpg?fit=1200%2C630\",\"keywords\":[\"Misioneros Seglares\",\"Misiones Populares\"],\"articleSection\":[\"Misiones \u00abAd gentes\u00bb\"],\"inLanguage\":\"es\",\"potentialAction\":[{\"@type\":\"CommentAction\",\"name\":\"Comment\",\"target\":[\"http:\/\/vincentians.com\/es\/la-integracion-de-la-familia-en-la-mision\/#respond\"]}]},{\"@type\":\"WebPage\",\"@id\":\"http:\/\/vincentians.com\/es\/la-integracion-de-la-familia-en-la-mision\/\",\"url\":\"http:\/\/vincentians.com\/es\/la-integracion-de-la-familia-en-la-mision\/\",\"name\":\"La integraci\u00f3n de la familia en la misi\u00f3n - Somos Vicencianos\",\"isPartOf\":{\"@id\":\"http:\/\/vincentians.com\/es\/#website\"},\"primaryImageOfPage\":{\"@id\":\"http:\/\/vincentians.com\/es\/la-integracion-de-la-familia-en-la-mision\/#primaryimage\"},\"image\":{\"@id\":\"http:\/\/vincentians.com\/es\/la-integracion-de-la-familia-en-la-mision\/#primaryimage\"},\"thumbnailUrl\":\"https:\/\/i0.wp.com\/vincentians.com\/es\/wp-content\/uploads\/sites\/11\/2016\/08\/iglesia-de-los-pobres.jpg?fit=1200%2C630\",\"datePublished\":\"2017-03-31T06:03:10+00:00\",\"breadcrumb\":{\"@id\":\"http:\/\/vincentians.com\/es\/la-integracion-de-la-familia-en-la-mision\/#breadcrumb\"},\"inLanguage\":\"es\",\"potentialAction\":[{\"@type\":\"ReadAction\",\"target\":[\"http:\/\/vincentians.com\/es\/la-integracion-de-la-familia-en-la-mision\/\"]}]},{\"@type\":\"ImageObject\",\"inLanguage\":\"es\",\"@id\":\"http:\/\/vincentians.com\/es\/la-integracion-de-la-familia-en-la-mision\/#primaryimage\",\"url\":\"https:\/\/i0.wp.com\/vincentians.com\/es\/wp-content\/uploads\/sites\/11\/2016\/08\/iglesia-de-los-pobres.jpg?fit=1200%2C630\",\"contentUrl\":\"https:\/\/i0.wp.com\/vincentians.com\/es\/wp-content\/uploads\/sites\/11\/2016\/08\/iglesia-de-los-pobres.jpg?fit=1200%2C630\",\"width\":1200,\"height\":630},{\"@type\":\"BreadcrumbList\",\"@id\":\"http:\/\/vincentians.com\/es\/la-integracion-de-la-familia-en-la-mision\/#breadcrumb\",\"itemListElement\":[{\"@type\":\"ListItem\",\"position\":1,\"name\":\"Portada\",\"item\":\"http:\/\/vincentians.com\/es\/\"},{\"@type\":\"ListItem\",\"position\":2,\"name\":\"La integraci\u00f3n de la familia en la misi\u00f3n\"}]},{\"@type\":\"WebSite\",\"@id\":\"http:\/\/vincentians.com\/es\/#website\",\"url\":\"http:\/\/vincentians.com\/es\/\",\"name\":\"Somos Vicencianos\",\"description\":\"Know more to serve more\",\"publisher\":{\"@id\":\"http:\/\/vincentians.com\/es\/#organization\"},\"potentialAction\":[{\"@type\":\"SearchAction\",\"target\":{\"@type\":\"EntryPoint\",\"urlTemplate\":\"http:\/\/vincentians.com\/es\/?s={search_term_string}\"},\"query-input\":{\"@type\":\"PropertyValueSpecification\",\"valueRequired\":true,\"valueName\":\"search_term_string\"}}],\"inLanguage\":\"es\"},{\"@type\":\"Organization\",\"@id\":\"http:\/\/vincentians.com\/es\/#organization\",\"name\":\"The Vincentian Network\",\"url\":\"http:\/\/vincentians.com\/es\/\",\"logo\":{\"@type\":\"ImageObject\",\"inLanguage\":\"es\",\"@id\":\"http:\/\/vincentians.com\/es\/#\/schema\/logo\/image\/\",\"url\":\"https:\/\/i1.wp.com\/vincentians.com\/es\/wp-content\/uploads\/sites\/11\/2016\/06\/Vincentian-Network-logo-big.png?fit=778%2C778\",\"contentUrl\":\"https:\/\/i1.wp.com\/vincentians.com\/es\/wp-content\/uploads\/sites\/11\/2016\/06\/Vincentian-Network-logo-big.png?fit=778%2C778\",\"width\":778,\"height\":778,\"caption\":\"The Vincentian Network\"},\"image\":{\"@id\":\"http:\/\/vincentians.com\/es\/#\/schema\/logo\/image\/\"},\"sameAs\":[\"https:\/\/www.facebook.com\/WeAreVincentians\/\",\"https:\/\/x.com\/WeVincentians\"]},{\"@type\":\"Person\",\"@id\":\"http:\/\/vincentians.com\/es\/#\/schema\/person\/9623ef4d9aa3b2dfb8c061f1499288f2\",\"name\":\"Francisco Javier Fern\u00e1ndez Chento\",\"image\":{\"@type\":\"ImageObject\",\"inLanguage\":\"es\",\"@id\":\"http:\/\/vincentians.com\/es\/#\/schema\/person\/image\/\",\"url\":\"https:\/\/secure.gravatar.com\/avatar\/497d5cde87b4c3d097d0315953521681ba2cd523ee66e5077c3711f7021e65de?s=96&d=mm&r=g\",\"contentUrl\":\"https:\/\/secure.gravatar.com\/avatar\/497d5cde87b4c3d097d0315953521681ba2cd523ee66e5077c3711f7021e65de?s=96&d=mm&r=g\",\"caption\":\"Francisco Javier Fern\u00e1ndez Chento\"},\"description\":\"Director General y cofundador de La Red de Formaci\u00f3n Vicenciana. Javier es laico vicenciano, afiliado a la Congregaci\u00f3n de la Misi\u00f3n y miembro del Equipo de Misiones Populares de la provincia can\u00f3nica de Zaragoza (Espa\u00f1a) de la Congregaci\u00f3n de la Misi\u00f3n. Graduado en la Universidad Oberta de Catalunya con cuatro grados (Asistente de direcci\u00f3n, Gesti\u00f3n Administrativa, Recursos Humanos y Contabilidad Avanzada). Bil\u00edng\u00fce Espa\u00f1ol\/Ingl\u00e9s. gestiona y mantiene varias p\u00e1ginas web cristianas y vicencianas, incluida including La Red de Formaci\u00f3n Vicenciana, de la que es cofundador. Actualmente es responsable del \u00e1rea de Espa\u00f1ol de .famvin, la Red de Noticias de la Familia Vicenciana. Tambi\u00e9n es m\u00fasico cat\u00f3lico y ha editado varios discos. Es Director General y cofundador de Trovador, una reconocida compa\u00f1\u00eda discogr\u00e1fica critiana de Espa\u00f1a. Trabaja en las Tecnolog\u00edas de la Informaci\u00f3n, ofreciendo servicios de alojamiento, dise\u00f1o y mantenimiento Web, as\u00ed como asesoramiento, formaci\u00f3n y soluciones inform\u00e1ticas, gesti\u00f3n documental y digitalizaci\u00f3n de textos, edici\u00f3n y maquetaci\u00f3n de libros, revistas, flyers, etc.\",\"sameAs\":[\"http:\/\/chento.org\",\"https:\/\/www.facebook.com\/JavierChento\",\"https:\/\/x.com\/https:\/\/twitter.com\/javierchento\"],\"url\":\"http:\/\/vincentians.com\/es\/author\/chento\/\"}]}<\/script>\n<!-- \/ Yoast SEO plugin. -->","yoast_head_json":{"title":"La integraci\u00f3n de la familia en la misi\u00f3n - Somos Vicencianos","robots":{"index":"index","follow":"follow","max-snippet":"max-snippet:-1","max-image-preview":"max-image-preview:large","max-video-preview":"max-video-preview:-1"},"canonical":"http:\/\/vincentians.com\/es\/la-integracion-de-la-familia-en-la-mision\/","og_locale":"es_ES","og_type":"article","og_title":"La integraci\u00f3n de la familia en la misi\u00f3n - Somos Vicencianos","og_description":"La presente ponencia intenta ser un ejemplo vivo de dar misiones rurales involucrando a toda la familia, desde la fase pre-misi\u00f3n hasta la predicaci\u00f3n de la misi\u00f3n como tal. Ofrezco dos modelos, el uno para ... Read More","og_url":"http:\/\/vincentians.com\/es\/la-integracion-de-la-familia-en-la-mision\/","og_site_name":"Somos Vicencianos","article_publisher":"https:\/\/www.facebook.com\/WeAreVincentians\/","article_author":"https:\/\/www.facebook.com\/JavierChento","article_published_time":"2017-03-31T06:03:10+00:00","og_image":[{"width":1200,"height":630,"url":"https:\/\/i0.wp.com\/vincentians.com\/es\/wp-content\/uploads\/sites\/11\/2016\/08\/iglesia-de-los-pobres.jpg?fit=1200%2C630","type":"image\/jpeg"}],"author":"Francisco Javier Fern\u00e1ndez Chento","twitter_card":"summary_large_image","twitter_creator":"@https:\/\/twitter.com\/javierchento","twitter_site":"@WeVincentians","twitter_misc":{"Escrito por":"Francisco Javier Fern\u00e1ndez Chento","Tiempo de lectura":"10 minutos"},"schema":{"@context":"https:\/\/schema.org","@graph":[{"@type":"Article","@id":"http:\/\/vincentians.com\/es\/la-integracion-de-la-familia-en-la-mision\/#article","isPartOf":{"@id":"http:\/\/vincentians.com\/es\/la-integracion-de-la-familia-en-la-mision\/"},"author":{"name":"Francisco Javier Fern\u00e1ndez Chento","@id":"http:\/\/vincentians.com\/es\/#\/schema\/person\/9623ef4d9aa3b2dfb8c061f1499288f2"},"headline":"La integraci\u00f3n de la familia en la misi\u00f3n","datePublished":"2017-03-31T06:03:10+00:00","mainEntityOfPage":{"@id":"http:\/\/vincentians.com\/es\/la-integracion-de-la-familia-en-la-mision\/"},"wordCount":2022,"commentCount":0,"publisher":{"@id":"http:\/\/vincentians.com\/es\/#organization"},"image":{"@id":"http:\/\/vincentians.com\/es\/la-integracion-de-la-familia-en-la-mision\/#primaryimage"},"thumbnailUrl":"https:\/\/i0.wp.com\/vincentians.com\/es\/wp-content\/uploads\/sites\/11\/2016\/08\/iglesia-de-los-pobres.jpg?fit=1200%2C630","keywords":["Misioneros Seglares","Misiones Populares"],"articleSection":["Misiones \u00abAd gentes\u00bb"],"inLanguage":"es","potentialAction":[{"@type":"CommentAction","name":"Comment","target":["http:\/\/vincentians.com\/es\/la-integracion-de-la-familia-en-la-mision\/#respond"]}]},{"@type":"WebPage","@id":"http:\/\/vincentians.com\/es\/la-integracion-de-la-familia-en-la-mision\/","url":"http:\/\/vincentians.com\/es\/la-integracion-de-la-familia-en-la-mision\/","name":"La integraci\u00f3n de la familia en la misi\u00f3n - Somos Vicencianos","isPartOf":{"@id":"http:\/\/vincentians.com\/es\/#website"},"primaryImageOfPage":{"@id":"http:\/\/vincentians.com\/es\/la-integracion-de-la-familia-en-la-mision\/#primaryimage"},"image":{"@id":"http:\/\/vincentians.com\/es\/la-integracion-de-la-familia-en-la-mision\/#primaryimage"},"thumbnailUrl":"https:\/\/i0.wp.com\/vincentians.com\/es\/wp-content\/uploads\/sites\/11\/2016\/08\/iglesia-de-los-pobres.jpg?fit=1200%2C630","datePublished":"2017-03-31T06:03:10+00:00","breadcrumb":{"@id":"http:\/\/vincentians.com\/es\/la-integracion-de-la-familia-en-la-mision\/#breadcrumb"},"inLanguage":"es","potentialAction":[{"@type":"ReadAction","target":["http:\/\/vincentians.com\/es\/la-integracion-de-la-familia-en-la-mision\/"]}]},{"@type":"ImageObject","inLanguage":"es","@id":"http:\/\/vincentians.com\/es\/la-integracion-de-la-familia-en-la-mision\/#primaryimage","url":"https:\/\/i0.wp.com\/vincentians.com\/es\/wp-content\/uploads\/sites\/11\/2016\/08\/iglesia-de-los-pobres.jpg?fit=1200%2C630","contentUrl":"https:\/\/i0.wp.com\/vincentians.com\/es\/wp-content\/uploads\/sites\/11\/2016\/08\/iglesia-de-los-pobres.jpg?fit=1200%2C630","width":1200,"height":630},{"@type":"BreadcrumbList","@id":"http:\/\/vincentians.com\/es\/la-integracion-de-la-familia-en-la-mision\/#breadcrumb","itemListElement":[{"@type":"ListItem","position":1,"name":"Portada","item":"http:\/\/vincentians.com\/es\/"},{"@type":"ListItem","position":2,"name":"La integraci\u00f3n de la familia en la misi\u00f3n"}]},{"@type":"WebSite","@id":"http:\/\/vincentians.com\/es\/#website","url":"http:\/\/vincentians.com\/es\/","name":"Somos Vicencianos","description":"Know more to serve more","publisher":{"@id":"http:\/\/vincentians.com\/es\/#organization"},"potentialAction":[{"@type":"SearchAction","target":{"@type":"EntryPoint","urlTemplate":"http:\/\/vincentians.com\/es\/?s={search_term_string}"},"query-input":{"@type":"PropertyValueSpecification","valueRequired":true,"valueName":"search_term_string"}}],"inLanguage":"es"},{"@type":"Organization","@id":"http:\/\/vincentians.com\/es\/#organization","name":"The Vincentian Network","url":"http:\/\/vincentians.com\/es\/","logo":{"@type":"ImageObject","inLanguage":"es","@id":"http:\/\/vincentians.com\/es\/#\/schema\/logo\/image\/","url":"https:\/\/i1.wp.com\/vincentians.com\/es\/wp-content\/uploads\/sites\/11\/2016\/06\/Vincentian-Network-logo-big.png?fit=778%2C778","contentUrl":"https:\/\/i1.wp.com\/vincentians.com\/es\/wp-content\/uploads\/sites\/11\/2016\/06\/Vincentian-Network-logo-big.png?fit=778%2C778","width":778,"height":778,"caption":"The Vincentian Network"},"image":{"@id":"http:\/\/vincentians.com\/es\/#\/schema\/logo\/image\/"},"sameAs":["https:\/\/www.facebook.com\/WeAreVincentians\/","https:\/\/x.com\/WeVincentians"]},{"@type":"Person","@id":"http:\/\/vincentians.com\/es\/#\/schema\/person\/9623ef4d9aa3b2dfb8c061f1499288f2","name":"Francisco Javier Fern\u00e1ndez Chento","image":{"@type":"ImageObject","inLanguage":"es","@id":"http:\/\/vincentians.com\/es\/#\/schema\/person\/image\/","url":"https:\/\/secure.gravatar.com\/avatar\/497d5cde87b4c3d097d0315953521681ba2cd523ee66e5077c3711f7021e65de?s=96&d=mm&r=g","contentUrl":"https:\/\/secure.gravatar.com\/avatar\/497d5cde87b4c3d097d0315953521681ba2cd523ee66e5077c3711f7021e65de?s=96&d=mm&r=g","caption":"Francisco Javier Fern\u00e1ndez Chento"},"description":"Director General y cofundador de La Red de Formaci\u00f3n Vicenciana. Javier es laico vicenciano, afiliado a la Congregaci\u00f3n de la Misi\u00f3n y miembro del Equipo de Misiones Populares de la provincia can\u00f3nica de Zaragoza (Espa\u00f1a) de la Congregaci\u00f3n de la Misi\u00f3n. Graduado en la Universidad Oberta de Catalunya con cuatro grados (Asistente de direcci\u00f3n, Gesti\u00f3n Administrativa, Recursos Humanos y Contabilidad Avanzada). Bil\u00edng\u00fce Espa\u00f1ol\/Ingl\u00e9s. gestiona y mantiene varias p\u00e1ginas web cristianas y vicencianas, incluida including La Red de Formaci\u00f3n Vicenciana, de la que es cofundador. Actualmente es responsable del \u00e1rea de Espa\u00f1ol de .famvin, la Red de Noticias de la Familia Vicenciana. Tambi\u00e9n es m\u00fasico cat\u00f3lico y ha editado varios discos. Es Director General y cofundador de Trovador, una reconocida compa\u00f1\u00eda discogr\u00e1fica critiana de Espa\u00f1a. Trabaja en las Tecnolog\u00edas de la Informaci\u00f3n, ofreciendo servicios de alojamiento, dise\u00f1o y mantenimiento Web, as\u00ed como asesoramiento, formaci\u00f3n y soluciones inform\u00e1ticas, gesti\u00f3n documental y digitalizaci\u00f3n de textos, edici\u00f3n y maquetaci\u00f3n de libros, revistas, flyers, etc.","sameAs":["http:\/\/chento.org","https:\/\/www.facebook.com\/JavierChento","https:\/\/x.com\/https:\/\/twitter.com\/javierchento"],"url":"http:\/\/vincentians.com\/es\/author\/chento\/"}]}},"jetpack_publicize_connections":[],"jetpack_featured_media_url":"https:\/\/i0.wp.com\/vincentians.com\/es\/wp-content\/uploads\/sites\/11\/2016\/08\/iglesia-de-los-pobres.jpg?fit=1200%2C630","jetpack_sharing_enabled":true,"jetpack_shortlink":"https:\/\/wp.me\/p7ETMF-acY","jetpack-related-posts":[{"id":118018,"url":"http:\/\/vincentians.com\/es\/las-misiones-parroquiales-se-renuevan-1964\/","url_meta":{"origin":39244,"position":0},"title":"Las misiones parroquiales se renuevan (1964)","author":"Francisco Javier Fern\u00e1ndez Chento","date":"01\/09\/2021","format":false,"excerpt":"Este instrumento oficial, eficaz y obligatorio de la Pastoral de la Iglesia, que son las misiones al pueblo por medio de las Pa\u00adrroquias, aisladas o en conjunto, sigue su marcha ascendente, a3 menos en Espa\u00f1a y Am\u00e9rica, que es lo que m\u00e1s conozco. Al mis\u00admo tiempo que se trabaja con\u2026","rel":"","context":"En \u00abFormaci\u00f3n Vicenciana\u00bb","block_context":{"text":"Formaci\u00f3n Vicenciana","link":"http:\/\/vincentians.com\/es\/category\/formacion-vicenciana\/"},"img":{"alt_text":"","src":"https:\/\/i0.wp.com\/vincentians.com\/es\/wp-content\/uploads\/sites\/11\/2016\/09\/sencillos-como-palomas.jpg?fit=1200%2C630&resize=350%2C200","width":350,"height":200,"srcset":"https:\/\/i0.wp.com\/vincentians.com\/es\/wp-content\/uploads\/sites\/11\/2016\/09\/sencillos-como-palomas.jpg?fit=1200%2C630&resize=350%2C200 1x, https:\/\/i0.wp.com\/vincentians.com\/es\/wp-content\/uploads\/sites\/11\/2016\/09\/sencillos-como-palomas.jpg?fit=1200%2C630&resize=525%2C300 1.5x, https:\/\/i0.wp.com\/vincentians.com\/es\/wp-content\/uploads\/sites\/11\/2016\/09\/sencillos-como-palomas.jpg?fit=1200%2C630&resize=700%2C400 2x, https:\/\/i0.wp.com\/vincentians.com\/es\/wp-content\/uploads\/sites\/11\/2016\/09\/sencillos-como-palomas.jpg?fit=1200%2C630&resize=1050%2C600 3x"},"classes":[]},{"id":120365,"url":"http:\/\/vincentians.com\/es\/dinamica-y-contenidos-de-la-mision-popular\/","url_meta":{"origin":39244,"position":1},"title":"Din\u00e1mica y contenidos de la misi\u00f3n popular","author":"Francisco Javier Fern\u00e1ndez Chento","date":"10\/05\/2013","format":false,"excerpt":"Abordar la din\u00e1mica y contenidos de la misi\u00f3n popular es arriesgado, por lo mucho vivido y por lo poco sistematizado en publicaciones. Estas p\u00e1ginas van a correr, pues, un riesgo. Salen alentadas por el deseo de contribuci\u00f3n a la s\u00edntesis de una riqueza pastoral escondida en la historia, y a\u2026","rel":"","context":"En \u00abMisiones \u00abAd gentes\u00bb\u00bb","block_context":{"text":"Misiones \u00abAd gentes\u00bb","link":"http:\/\/vincentians.com\/es\/category\/servicios-y-ministerios\/misiones-ad-gentes\/"},"img":{"alt_text":"granados","src":"https:\/\/i0.wp.com\/vicencianos.org\/wp-content\/2013\/04\/granados-300x186.jpg?resize=350%2C200","width":350,"height":200},"classes":[]},{"id":133259,"url":"http:\/\/vincentians.com\/es\/conceptos-clave-en-misiones-populares-15-una-nueva-experiencia\/","url_meta":{"origin":39244,"position":2},"title":"Conceptos clave en misiones populares 15: Una nueva experiencia","author":"Francisco Javier Fern\u00e1ndez Chento","date":"15\/01\/2015","format":false,"excerpt":"Como complemento del concepto anterior quiero ofrecer una nueva experiencia de trabajo en Iglesia, o si quer\u00e9is mejor, en comunidad parroquial, que estamos alumbrando en este \u00faltimo a\u00f1o. Cuando defin\u00edamos nuestra tarea misionera como un trabajo desde, con y para la comunidad y, a la vez como una tarea realizada\u2026","rel":"","context":"En \u00abMisiones populares\u00bb","block_context":{"text":"Misiones populares","link":"http:\/\/vincentians.com\/es\/category\/servicios-y-ministerios\/misiones-populares-misiones\/"},"img":{"alt_text":"DSC_0003","src":"https:\/\/i0.wp.com\/vicencianos.org\/wp-content\/2015\/01\/DSC_0003-300x200.jpg?resize=350%2C200","width":350,"height":200},"classes":[]},{"id":121913,"url":"http:\/\/vincentians.com\/es\/historia-de-los-paules-en-cuba-capitulo-viii-a\/","url_meta":{"origin":39244,"position":3},"title":"Historia de los Pa\u00fales en Cuba: Cap\u00edtulo VIII (A)","author":"Mitxel Olabu\u00e9naga","date":"03\/05\/2013","format":false,"excerpt":"1. La Obra de las Misiones Parroquiales. La Congregaci\u00f3n de la Misi\u00f3n, desde su inicio en 1625, ha tenido como uno de sus fines el de dar a conocer el mensaje de Jesucristo por medio de las misiones. De ah\u00ed su nombre. Cuba no ha sido la excepci\u00f3n. Ya en\u2026","rel":"","context":"En \u00abHistoria de la Congregaci\u00f3n de la Misi\u00f3n\u00bb","block_context":{"text":"Historia de la Congregaci\u00f3n de la Misi\u00f3n","link":"http:\/\/vincentians.com\/es\/category\/historia-de-la-familia-vicenciana\/historia-de-la-congregacion-de-la-mision\/"},"img":{"alt_text":"aaa","src":"https:\/\/i0.wp.com\/vicencianos.org\/wp-content\/2013\/05\/aaa.jpg?resize=350%2C200","width":350,"height":200},"classes":[]},{"id":133262,"url":"http:\/\/vincentians.com\/es\/conceptos-clave-en-misiones-populares-19-eucaristia-final\/","url_meta":{"origin":39244,"position":4},"title":"Conceptos clave en misiones populares 19: Eucarist\u00eda final","author":"Francisco Javier Fern\u00e1ndez Chento","date":"19\/01\/2015","format":false,"excerpt":"Este nombre que le damos entre nosotros est\u00e1 cargado de sentido. Los curas hablan frecuentemente de eucarist\u00eda \"de clausura\", nosotros de eucarist\u00eda \"final de etapa\". Su sentido es misionero. Retoma la historia propia (tradici\u00f3n) de la comunidad y lo vivido en la misi\u00f3n (a trav\u00e9s de las Conclusiones de la\u2026","rel":"","context":"En \u00abMisiones populares\u00bb","block_context":{"text":"Misiones populares","link":"http:\/\/vincentians.com\/es\/category\/servicios-y-ministerios\/misiones-populares-misiones\/"},"img":{"alt_text":"SVPAZ-2","src":"https:\/\/i0.wp.com\/vicencianos.org\/wp-content\/2015\/01\/SVPAZ-2-200x300.jpg?resize=350%2C200","width":350,"height":200},"classes":[]},{"id":133248,"url":"http:\/\/vincentians.com\/es\/presentacion-de-las-misiones-populares-vicencianas\/","url_meta":{"origin":39244,"position":5},"title":"Presentaci\u00f3n de las misiones populares vicencianas","author":"Francisco Javier Fern\u00e1ndez Chento","date":"21\/12\/2014","format":false,"excerpt":"Las misiones son nuestra vocaci\u00f3n: por eso nos llamamos Congregaci\u00f3n de la Misi\u00f3n, una vocaci\u00f3n que nos lleva a \"corresponder a los designios eternos que Dios tiene sobre nosotros\". San Vicente lo dice con claridad: \"Lo m\u00e1s importante de nuestra vocaci\u00f3n es trabajar por la salvaci\u00f3n de las pobres gentes\u2026","rel":"","context":"En \u00abMisiones populares\u00bb","block_context":{"text":"Misiones populares","link":"http:\/\/vincentians.com\/es\/category\/servicios-y-ministerios\/misiones-populares-misiones\/"},"img":{"alt_text":"Peral","src":"https:\/\/i0.wp.com\/vicencianos.org\/wp-content\/2014\/12\/Peral-300x223.jpg?resize=350%2C200","width":350,"height":200},"classes":[]}],"_links":{"self":[{"href":"http:\/\/vincentians.com\/es\/wp-json\/wp\/v2\/posts\/39244","targetHints":{"allow":["GET"]}}],"collection":[{"href":"http:\/\/vincentians.com\/es\/wp-json\/wp\/v2\/posts"}],"about":[{"href":"http:\/\/vincentians.com\/es\/wp-json\/wp\/v2\/types\/post"}],"author":[{"embeddable":true,"href":"http:\/\/vincentians.com\/es\/wp-json\/wp\/v2\/users\/4"}],"replies":[{"embeddable":true,"href":"http:\/\/vincentians.com\/es\/wp-json\/wp\/v2\/comments?post=39244"}],"version-history":[{"count":2,"href":"http:\/\/vincentians.com\/es\/wp-json\/wp\/v2\/posts\/39244\/revisions"}],"predecessor-version":[{"id":400417,"href":"http:\/\/vincentians.com\/es\/wp-json\/wp\/v2\/posts\/39244\/revisions\/400417"}],"wp:featuredmedia":[{"embeddable":true,"href":"http:\/\/vincentians.com\/es\/wp-json\/wp\/v2\/media\/399690"}],"wp:attachment":[{"href":"http:\/\/vincentians.com\/es\/wp-json\/wp\/v2\/media?parent=39244"}],"wp:term":[{"taxonomy":"category","embeddable":true,"href":"http:\/\/vincentians.com\/es\/wp-json\/wp\/v2\/categories?post=39244"},{"taxonomy":"post_tag","embeddable":true,"href":"http:\/\/vincentians.com\/es\/wp-json\/wp\/v2\/tags?post=39244"}],"curies":[{"name":"wp","href":"https:\/\/api.w.org\/{rel}","templated":true}]}}