{"id":39202,"date":"2020-09-25T08:59:51","date_gmt":"2020-09-25T06:59:51","guid":{"rendered":"http:\/\/somos.vicencianos.org\/blog\/2011\/05\/lucia-roge-las-constituciones-y-la-vida\/"},"modified":"2020-09-15T11:28:10","modified_gmt":"2020-09-15T09:28:10","slug":"lucia-roge-las-constituciones-y-la-vida","status":"publish","type":"post","link":"http:\/\/vincentians.com\/es\/lucia-roge-las-constituciones-y-la-vida\/","title":{"rendered":"Luc\u00eda Rog\u00e9: Las constituciones y la vida"},"content":{"rendered":"<p>Par\u00eds, septiembre de 1984<\/p>\n<p>Me gustar\u00eda meditar con ustedes la visita que hice en el mes de agosto a unas Hermanas nuestras, quienes, como toda Hija de la Cari\u00addad, enfocan su vida a la luz de las Constituciones.<\/p>\n<h2>Entregadas a Dios para el servicio de los pobres<\/h2>\n<p>Ah\u00ed, radica toda su vida, que se desenvuelve en condiciones muy duras:<\/p>\n<ul>\n<li>El servicio: no tienen autorizaci\u00f3n para servir sino a los disminuidos men\u00adtales profundos y a los ancianos de la tercera y cuarta edad,<\/li>\n<li>las condiciones del servicio: son rudimentarias y agotadoras. Los edificios son viejos, muy dif\u00edciles de reformar o adaptar, con frecuencia, aislados en pueblos remotos, lejos de las ciudades importantes. La higiene y posi\u00adbilidades de organizaci\u00f3n pastoral, casi imposibles.<\/li>\n<\/ul>\n<p>En esas condiciones, sirven verdaderamente a los pobres \u00abcon el sudor de su frente y el esfuerzo de sus brazos\u00bb. S\u00f3lo una mirada de fe, el reconocer a Cristo en los pobres, puede mantener su celo.<\/p>\n<h2>La Eucarist\u00eda, centro de la vida<\/h2>\n<p>Su trato con Dios es lo que mantiene viva en ellas esa mirada de fe. Son mujeres de oraci\u00f3n. Como nos indica la Constituci\u00f3n 2. 12, \u00abla litur\u00adgia es el eje de su vida espiritual, la Eucarist\u00eda, centro de su vida y su misi\u00f3n\u00bb.<\/p>\n<p>En muchas casas, la misa se celebra a las 5 \u00f3 5,30 de la ma\u00f1ana, por varios motivos. El servicio de los pobres es uno de ellos. Para estas Hermanas, la misa es el gran momento de la jornada que van a empezar.<\/p>\n<h2>Jesucristo, regla de su vida<\/h2>\n<p>La alabanza de Dios, la atenci\u00f3n a su Palabra, el rezar en com\u00fan, forman verdaderamente parte integrante de su vida. Significan y dan a comprender que la fe es para ellas referencia a Alguien cercano, en cuyo nombre se re\u00fanen.<span id='easy-footnote-1-39202' class='easy-footnote-margin-adjust'><\/span><span class='easy-footnote'><a href='http:\/\/vincentians.com\/es\/lucia-roge-las-constituciones-y-la-vida\/#easy-footnote-bottom-1-39202' title='Cfr. C. 2.12.'><sup>1<\/sup><\/a><\/span>\n<p>Estas Hermanas son para nosotras un interrogante y una interpela\u00adci\u00f3n, en cuanto a nuestra vida de oraci\u00f3n, y nos obligan a hacernos inte\u00adriormente una serie de preguntas:<\/p>\n<ul>\n<li>Los momentos de oraci\u00f3n en mi Comunidad \u00bfson para m\u00ed, momentos de plenitud espiritual?<\/li>\n<li>El punto de partida, el punto de apoyo de nuestro servicio, \u00bfes el \u00abestar juntas para la oraci\u00f3n, juntas para escuchar y compartir la Palabra de Dios?\u00bb<\/li>\n<li>\u00bfNos sentimos Comunidad, llamada por el Evangelio, por la Palabra de Jesucristo y, como respuesta a esa Palabra, Comunidad sierva siguiendo el ejemplo de Jesucristo?<\/li>\n<\/ul>\n<h2>La ascesis, exigencia de amor<\/h2>\n<p>Prosiguiendo la referencia a las Constituciones, leo en C. 2. 13: \u00abLa ascesis personal y comunitaria es igualmente exigencia del amor, encuentro con Cristo y medio indispensable de conversi\u00f3n en la vida diaria. Para las siervas de los pobres, implica la imitaci\u00f3n de Jes\u00fas Cru\u00adcificado, que las acerca a los que sufren, as\u00ed como la aceptaci\u00f3n gozo\u00adsa de las condiciones de su vida, lo que las libera para la Misi\u00f3n\u00bb.<\/p>\n<p>Tengo que hacer constar que la ascesis, \u00a1y qu\u00e9 ascesis!, acompa\u00ad\u00f1a la vida diaria de esas Hermanas nuestras. Las Hermanas mayores est\u00e1n reunidas \u2014no me atrevo a decir \u00abaparcadas\u00bb\u2014 en casas compuestas de viejos edificios. Muchas veces, est\u00e1n juntas varias comunidades de diferentes congregaciones. Las camas muy juntas unas de otras, todos los espacios est\u00e1n medidos al cent\u00edmetro. No hay intimidad posible.<\/p>\n<p>Vi\u00e9ndolas vivir en esta forma, me acordaba de san Vicente cuando dec\u00eda a las primeras Hermanas, el 31 de mayo de 1648: \u00abLa oraci\u00f3n y la mortificaci\u00f3n son como dos hermanas tan estrechamente unidas que nunca van separadas. La mortificaci\u00f3n va primero y la oraci\u00f3n la sigue\u00bb.<span id='easy-footnote-2-39202' class='easy-footnote-margin-adjust'><\/span><span class='easy-footnote'><a href='http:\/\/vincentians.com\/es\/lucia-roge-las-constituciones-y-la-vida\/#easy-footnote-bottom-2-39202' title='IX, 391.'><sup>2<\/sup><\/a><\/span>\n<p>Yo creo, en efecto, que hacen bien la oraci\u00f3n (\u00bfc\u00f3mo podr\u00edan resis\u00adtir de otro modo?), una oraci\u00f3n que se hace \u00abcontemplaci\u00f3n desintere\u00adsada, escucha del Se\u00f1or\u00bb.<span id='easy-footnote-3-39202' class='easy-footnote-margin-adjust'><\/span><span class='easy-footnote'><a href='http:\/\/vincentians.com\/es\/lucia-roge-las-constituciones-y-la-vida\/#easy-footnote-bottom-3-39202' title='Cfr. C. 2.14.'><sup>3<\/sup><\/a><\/span>\n<p>El silencio impresionante reina en aquellas casas, silencio del que est\u00e1n desterradas las cosas f\u00fatiles, las noticias tambi\u00e9n, silencio reforzado por la prudencia y la discreci\u00f3n. Es verdaderamente \u00abclima de Dios\u00bb y \u00abprepara los momentos de mayor riqueza en el plano es\u00adpiritual\u00bb.<span id='easy-footnote-4-39202' class='easy-footnote-margin-adjust'><\/span><span class='easy-footnote'><a href='http:\/\/vincentians.com\/es\/lucia-roge-las-constituciones-y-la-vida\/#easy-footnote-bottom-4-39202' title='C. 2.14.'><sup>4<\/sup><\/a><\/span>\n<h2>La Palabra de Dios, luz para sus vidas<\/h2>\n<p>La C. 2. 15 nos recuerda que \u00abla lectura espiritual alimenta toda vida entregada a Dios\u00bb. Estas Hermanas, que se han visto, en ocasiones, obligadas a trabajar en el campo, apresuraban todo lo posible el ritmo de su trabajo para poder dejar libre a una de ellas, que, mientras las dem\u00e1s segu\u00edan trabajando, les le\u00eda la Palabra de Dios. De nuevo, son para nosotras un interrogante:<\/p>\n<ul>\n<li>\u00bfD\u00f3nde vamos a buscar la luz para nuestra vida?<\/li>\n<li>\u00bfTenemos la preocupaci\u00f3n de centrar nuestra atenci\u00f3n en las actividades de Cristo, descubiertas en esa lectura hecha de la Palabra de Dios, repe\u00adtida una y otra vez?<\/li>\n<li>La vida y ense\u00f1anzas de los Fundadores \u00bfnos sirven de gu\u00eda para buscar esa referencia en Jesucristo?<\/li>\n<\/ul>\n<h2>Mar\u00eda, su \u00fanica Madre<\/h2>\n<p>La C. 2. 16 nos recuerda la devoci\u00f3n a la sant\u00edsima Virgen. Mar\u00eda es para nosotras, verdaderamente, \u00abMaestra de vida espiritual\u00bb y \u00ab\u00fanica Madre\u00bb. Las Hermanas de ese pa\u00eds a que me estoy refiriendo expresan su devoci\u00f3n por medios muy sencillos, como, por ejemplo, el de una oraci\u00f3n de todas ellas, llena de confianza, para conseguir que mi visita se hiciera posible. Se unieron en la oraci\u00f3n, sirvi\u00e9ndose de uno de esos grandes rosarios de madera t\u00edpicos all\u00e1 (han regalado uno igual al Santo Padre), que fue pasando de casa en casa. Todas pudieron rezar con \u00e9l para pedir la gracia de mi visita, la posibilidad de que visitase varias casas y los frutos espirituales de estos encuentros.<\/p>\n<h2>Su vida: un reto para nosotras<\/h2>\n<p>Personalmente, en todo caso, yo he recogido muchos frutos espiri\u00adtuales:<\/p>\n<ul>\n<li>el descubrimiento de la tibieza de mi propia fe, comparada con la suya, el descubrimiento de la frialdad de mi caridad, mientras verificaba su serenidad y su paz interior en medio de circunstancias tan dif\u00edciles, y su entrega incondicional a los m\u00e1s pobres;<\/li>\n<li>la convicci\u00f3n, al verlas, de que a una Hija de la Caridad le basta el amor de Dios;<\/li>\n<li>el encuentro, en ellas, de una gran intensidad de vida interior, de una relaci\u00f3n casi constante con Dios;<\/li>\n<li>el reconocimiento de su sentido de pertenencia a la Compa\u00f1\u00eda y de par\u00adticipaci\u00f3n en la misi\u00f3n universal de la Iglesia, a trav\u00e9s de las preguntas que me dirigieron.<\/li>\n<\/ul>\n<p>\u00abLa acci\u00f3n apost\u00f3lica de las Hijas de la Caridad se nutre de contem\u00adplaci\u00f3n, a ejemplo del Hijo de Dios que, \u00edntimamente unido a su Padre, se retiraba con frecuencia para orar.<\/p>\n<p>Uno de los momentos clave de su jornada es, por tanto, la oraci\u00f3n, contemplaci\u00f3n desinteresada, escucha del Se\u00f1or, b\u00fasqueda de su vo\u00adluntad, presentaci\u00f3n de la vida y de las necesidades del mundo\u00bb.<span id='easy-footnote-5-39202' class='easy-footnote-margin-adjust'><\/span><span class='easy-footnote'><a href='http:\/\/vincentians.com\/es\/lucia-roge-las-constituciones-y-la-vida\/#easy-footnote-bottom-5-39202' title='C. 2.14.'><sup>5<\/sup><\/a><\/span>\n<p>Si sabemos responder al reto que, para nosotras, es la vida de estas Hermanas, entonces, nuestro servicio ser\u00e1 tambi\u00e9n, cada vez m\u00e1s, en\u00adcuentro con Dios, relaci\u00f3n m\u00edstica con Cristo, y podr\u00e1n leerse en nues\u00adtra vida las Constituciones, como respuesta fiel a Dios.<\/p>\n","protected":false},"excerpt":{"rendered":"<p>Par\u00eds, septiembre de 1984 Me gustar\u00eda meditar con ustedes la visita que hice en el mes de agosto a unas Hermanas nuestras, quienes, como toda Hija de la Cari\u00addad, enfocan su vida a la luz &#8230; <a href=\"http:\/\/vincentians.com\/es\/lucia-roge-las-constituciones-y-la-vida\/\" class=\"more-link\">Read More<\/a><\/p>\n","protected":false},"author":4,"featured_media":398623,"comment_status":"open","ping_status":"open","sticky":false,"template":"","format":"standard","meta":{"rs_blank_template":"","rs_page_bg_color":"#ffffff","slide_template_v7":"","_jetpack_newsletter_access":"","_jetpack_dont_email_post_to_subs":false,"_jetpack_newsletter_tier_id":0,"_jetpack_memberships_contains_paywalled_content":false,"_jetpack_feature_clip_id":0,"_jetpack_memberships_contains_paid_content":false,"footnotes":"","jetpack_publicize_message":"","jetpack_publicize_feature_enabled":true,"jetpack_social_post_already_shared":true,"jetpack_social_options":{"image_generator_settings":{"template":"highway","default_image_id":0,"font":"","enabled":false},"version":2},"jetpack_post_was_ever_published":false},"categories":[276],"tags":[],"class_list":["post-39202","post","type-post","status-publish","format-standard","has-post-thumbnail","hentry","category-escritos-de-lucia-roge"],"yoast_head":"<!-- This site is optimized with the Yoast SEO plugin v27.9 - https:\/\/yoast.com\/product\/yoast-seo-wordpress\/ -->\n<title>Luc\u00eda Rog\u00e9: Las constituciones y la vida - Somos Vicencianos<\/title>\n<meta name=\"robots\" content=\"index, follow, max-snippet:-1, max-image-preview:large, max-video-preview:-1\" \/>\n<link rel=\"canonical\" href=\"https:\/\/vincentians.com\/es\/lucia-roge-las-constituciones-y-la-vida\/\" \/>\n<meta property=\"og:locale\" content=\"es_ES\" \/>\n<meta property=\"og:type\" content=\"article\" \/>\n<meta property=\"og:title\" content=\"Luc\u00eda Rog\u00e9: Las constituciones y la vida - Somos Vicencianos\" \/>\n<meta property=\"og:description\" content=\"Par\u00eds, septiembre de 1984 Me gustar\u00eda meditar con ustedes la visita que hice en el mes de agosto a unas Hermanas nuestras, quienes, como toda Hija de la Cari\u00addad, enfocan su vida a la luz ... Read More\" \/>\n<meta property=\"og:url\" content=\"https:\/\/vincentians.com\/es\/lucia-roge-las-constituciones-y-la-vida\/\" \/>\n<meta property=\"og:site_name\" content=\"Somos Vicencianos\" \/>\n<meta property=\"article:publisher\" content=\"https:\/\/www.facebook.com\/WeAreVincentians\/\" \/>\n<meta property=\"article:author\" content=\"https:\/\/www.facebook.com\/JavierChento\" \/>\n<meta property=\"article:published_time\" content=\"2020-09-25T06:59:51+00:00\" \/>\n<meta property=\"og:image\" content=\"https:\/\/i0.wp.com\/vincentians.com\/es\/wp-content\/uploads\/sites\/11\/2016\/07\/escritos-lucia-roge.jpg?fit=1200%2C630&ssl=1\" \/>\n\t<meta property=\"og:image:width\" content=\"1200\" \/>\n\t<meta property=\"og:image:height\" content=\"630\" \/>\n\t<meta property=\"og:image:type\" content=\"image\/jpeg\" \/>\n<meta name=\"author\" content=\"Francisco Javier Fern\u00e1ndez Chento\" \/>\n<meta name=\"twitter:card\" content=\"summary_large_image\" \/>\n<meta name=\"twitter:creator\" content=\"@https:\/\/twitter.com\/javierchento\" \/>\n<meta name=\"twitter:site\" content=\"@WeVincentians\" \/>\n<meta name=\"twitter:label1\" content=\"Escrito por\" \/>\n\t<meta name=\"twitter:data1\" content=\"Francisco Javier Fern\u00e1ndez Chento\" \/>\n\t<meta name=\"twitter:label2\" content=\"Tiempo de lectura\" \/>\n\t<meta name=\"twitter:data2\" content=\"6 minutos\" \/>\n<script type=\"application\/ld+json\" class=\"yoast-schema-graph\">{\"@context\":\"https:\\\/\\\/schema.org\",\"@graph\":[{\"@type\":\"Article\",\"@id\":\"https:\\\/\\\/vincentians.com\\\/es\\\/lucia-roge-las-constituciones-y-la-vida\\\/#article\",\"isPartOf\":{\"@id\":\"https:\\\/\\\/vincentians.com\\\/es\\\/lucia-roge-las-constituciones-y-la-vida\\\/\"},\"author\":{\"name\":\"Francisco Javier Fern\u00e1ndez Chento\",\"@id\":\"https:\\\/\\\/vincentians.com\\\/es\\\/#\\\/schema\\\/person\\\/9623ef4d9aa3b2dfb8c061f1499288f2\"},\"headline\":\"Luc\u00eda Rog\u00e9: Las constituciones y la vida\",\"datePublished\":\"2020-09-25T06:59:51+00:00\",\"mainEntityOfPage\":{\"@id\":\"https:\\\/\\\/vincentians.com\\\/es\\\/lucia-roge-las-constituciones-y-la-vida\\\/\"},\"wordCount\":1228,\"commentCount\":0,\"publisher\":{\"@id\":\"https:\\\/\\\/vincentians.com\\\/es\\\/#organization\"},\"image\":{\"@id\":\"https:\\\/\\\/vincentians.com\\\/es\\\/lucia-roge-las-constituciones-y-la-vida\\\/#primaryimage\"},\"thumbnailUrl\":\"https:\\\/\\\/i0.wp.com\\\/vincentians.com\\\/es\\\/wp-content\\\/uploads\\\/sites\\\/11\\\/2016\\\/07\\\/escritos-lucia-roge.jpg?fit=1200%2C630\",\"articleSection\":[\"Escritos de Luc\u00eda Rog\u00e9\"],\"inLanguage\":\"es\",\"potentialAction\":[{\"@type\":\"CommentAction\",\"name\":\"Comment\",\"target\":[\"https:\\\/\\\/vincentians.com\\\/es\\\/lucia-roge-las-constituciones-y-la-vida\\\/#respond\"]}]},{\"@type\":\"WebPage\",\"@id\":\"https:\\\/\\\/vincentians.com\\\/es\\\/lucia-roge-las-constituciones-y-la-vida\\\/\",\"url\":\"https:\\\/\\\/vincentians.com\\\/es\\\/lucia-roge-las-constituciones-y-la-vida\\\/\",\"name\":\"Luc\u00eda Rog\u00e9: Las constituciones y la vida - Somos Vicencianos\",\"isPartOf\":{\"@id\":\"https:\\\/\\\/vincentians.com\\\/es\\\/#website\"},\"primaryImageOfPage\":{\"@id\":\"https:\\\/\\\/vincentians.com\\\/es\\\/lucia-roge-las-constituciones-y-la-vida\\\/#primaryimage\"},\"image\":{\"@id\":\"https:\\\/\\\/vincentians.com\\\/es\\\/lucia-roge-las-constituciones-y-la-vida\\\/#primaryimage\"},\"thumbnailUrl\":\"https:\\\/\\\/i0.wp.com\\\/vincentians.com\\\/es\\\/wp-content\\\/uploads\\\/sites\\\/11\\\/2016\\\/07\\\/escritos-lucia-roge.jpg?fit=1200%2C630\",\"datePublished\":\"2020-09-25T06:59:51+00:00\",\"breadcrumb\":{\"@id\":\"https:\\\/\\\/vincentians.com\\\/es\\\/lucia-roge-las-constituciones-y-la-vida\\\/#breadcrumb\"},\"inLanguage\":\"es\",\"potentialAction\":[{\"@type\":\"ReadAction\",\"target\":[\"https:\\\/\\\/vincentians.com\\\/es\\\/lucia-roge-las-constituciones-y-la-vida\\\/\"]}]},{\"@type\":\"ImageObject\",\"inLanguage\":\"es\",\"@id\":\"https:\\\/\\\/vincentians.com\\\/es\\\/lucia-roge-las-constituciones-y-la-vida\\\/#primaryimage\",\"url\":\"https:\\\/\\\/i0.wp.com\\\/vincentians.com\\\/es\\\/wp-content\\\/uploads\\\/sites\\\/11\\\/2016\\\/07\\\/escritos-lucia-roge.jpg?fit=1200%2C630\",\"contentUrl\":\"https:\\\/\\\/i0.wp.com\\\/vincentians.com\\\/es\\\/wp-content\\\/uploads\\\/sites\\\/11\\\/2016\\\/07\\\/escritos-lucia-roge.jpg?fit=1200%2C630\",\"width\":1200,\"height\":630},{\"@type\":\"BreadcrumbList\",\"@id\":\"https:\\\/\\\/vincentians.com\\\/es\\\/lucia-roge-las-constituciones-y-la-vida\\\/#breadcrumb\",\"itemListElement\":[{\"@type\":\"ListItem\",\"position\":1,\"name\":\"Portada\",\"item\":\"https:\\\/\\\/vincentians.com\\\/es\\\/\"},{\"@type\":\"ListItem\",\"position\":2,\"name\":\"Luc\u00eda Rog\u00e9: Las constituciones y la vida\"}]},{\"@type\":\"WebSite\",\"@id\":\"https:\\\/\\\/vincentians.com\\\/es\\\/#website\",\"url\":\"https:\\\/\\\/vincentians.com\\\/es\\\/\",\"name\":\"Somos Vicencianos\",\"description\":\"Know more to serve more\",\"publisher\":{\"@id\":\"https:\\\/\\\/vincentians.com\\\/es\\\/#organization\"},\"potentialAction\":[{\"@type\":\"SearchAction\",\"target\":{\"@type\":\"EntryPoint\",\"urlTemplate\":\"https:\\\/\\\/vincentians.com\\\/es\\\/?s={search_term_string}\"},\"query-input\":{\"@type\":\"PropertyValueSpecification\",\"valueRequired\":true,\"valueName\":\"search_term_string\"}}],\"inLanguage\":\"es\"},{\"@type\":\"Organization\",\"@id\":\"https:\\\/\\\/vincentians.com\\\/es\\\/#organization\",\"name\":\"The Vincentian Network\",\"url\":\"https:\\\/\\\/vincentians.com\\\/es\\\/\",\"logo\":{\"@type\":\"ImageObject\",\"inLanguage\":\"es\",\"@id\":\"https:\\\/\\\/vincentians.com\\\/es\\\/#\\\/schema\\\/logo\\\/image\\\/\",\"url\":\"https:\\\/\\\/i1.wp.com\\\/vincentians.com\\\/es\\\/wp-content\\\/uploads\\\/sites\\\/11\\\/2016\\\/06\\\/Vincentian-Network-logo-big.png?fit=778%2C778\",\"contentUrl\":\"https:\\\/\\\/i1.wp.com\\\/vincentians.com\\\/es\\\/wp-content\\\/uploads\\\/sites\\\/11\\\/2016\\\/06\\\/Vincentian-Network-logo-big.png?fit=778%2C778\",\"width\":778,\"height\":778,\"caption\":\"The Vincentian Network\"},\"image\":{\"@id\":\"https:\\\/\\\/vincentians.com\\\/es\\\/#\\\/schema\\\/logo\\\/image\\\/\"},\"sameAs\":[\"https:\\\/\\\/www.facebook.com\\\/WeAreVincentians\\\/\",\"https:\\\/\\\/x.com\\\/WeVincentians\"]},{\"@type\":\"Person\",\"@id\":\"https:\\\/\\\/vincentians.com\\\/es\\\/#\\\/schema\\\/person\\\/9623ef4d9aa3b2dfb8c061f1499288f2\",\"name\":\"Francisco Javier Fern\u00e1ndez Chento\",\"image\":{\"@type\":\"ImageObject\",\"inLanguage\":\"es\",\"@id\":\"https:\\\/\\\/secure.gravatar.com\\\/avatar\\\/497d5cde87b4c3d097d0315953521681ba2cd523ee66e5077c3711f7021e65de?s=96&d=mm&r=g\",\"url\":\"https:\\\/\\\/secure.gravatar.com\\\/avatar\\\/497d5cde87b4c3d097d0315953521681ba2cd523ee66e5077c3711f7021e65de?s=96&d=mm&r=g\",\"contentUrl\":\"https:\\\/\\\/secure.gravatar.com\\\/avatar\\\/497d5cde87b4c3d097d0315953521681ba2cd523ee66e5077c3711f7021e65de?s=96&d=mm&r=g\",\"caption\":\"Francisco Javier Fern\u00e1ndez Chento\"},\"description\":\"Director General y cofundador de La Red de Formaci\u00f3n Vicenciana. Javier es laico vicenciano, afiliado a la Congregaci\u00f3n de la Misi\u00f3n y miembro del Equipo de Misiones Populares de la provincia can\u00f3nica de Zaragoza (Espa\u00f1a) de la Congregaci\u00f3n de la Misi\u00f3n. Graduado en la Universidad Oberta de Catalunya con cuatro grados (Asistente de direcci\u00f3n, Gesti\u00f3n Administrativa, Recursos Humanos y Contabilidad Avanzada). Bil\u00edng\u00fce Espa\u00f1ol\\\/Ingl\u00e9s. gestiona y mantiene varias p\u00e1ginas web cristianas y vicencianas, incluida including La Red de Formaci\u00f3n Vicenciana, de la que es cofundador. Actualmente es responsable del \u00e1rea de Espa\u00f1ol de .famvin, la Red de Noticias de la Familia Vicenciana. Tambi\u00e9n es m\u00fasico cat\u00f3lico y ha editado varios discos. Es Director General y cofundador de Trovador, una reconocida compa\u00f1\u00eda discogr\u00e1fica critiana de Espa\u00f1a. Trabaja en las Tecnolog\u00edas de la Informaci\u00f3n, ofreciendo servicios de alojamiento, dise\u00f1o y mantenimiento Web, as\u00ed como asesoramiento, formaci\u00f3n y soluciones inform\u00e1ticas, gesti\u00f3n documental y digitalizaci\u00f3n de textos, edici\u00f3n y maquetaci\u00f3n de libros, revistas, flyers, etc.\",\"sameAs\":[\"http:\\\/\\\/chento.org\",\"https:\\\/\\\/www.facebook.com\\\/JavierChento\",\"https:\\\/\\\/x.com\\\/https:\\\/\\\/twitter.com\\\/javierchento\"],\"url\":\"http:\\\/\\\/vincentians.com\\\/es\\\/author\\\/chento\\\/\"}]}<\/script>\n<!-- \/ Yoast SEO plugin. -->","yoast_head_json":{"title":"Luc\u00eda Rog\u00e9: Las constituciones y la vida - Somos Vicencianos","robots":{"index":"index","follow":"follow","max-snippet":"max-snippet:-1","max-image-preview":"max-image-preview:large","max-video-preview":"max-video-preview:-1"},"canonical":"https:\/\/vincentians.com\/es\/lucia-roge-las-constituciones-y-la-vida\/","og_locale":"es_ES","og_type":"article","og_title":"Luc\u00eda Rog\u00e9: Las constituciones y la vida - Somos Vicencianos","og_description":"Par\u00eds, septiembre de 1984 Me gustar\u00eda meditar con ustedes la visita que hice en el mes de agosto a unas Hermanas nuestras, quienes, como toda Hija de la Cari\u00addad, enfocan su vida a la luz ... Read More","og_url":"https:\/\/vincentians.com\/es\/lucia-roge-las-constituciones-y-la-vida\/","og_site_name":"Somos Vicencianos","article_publisher":"https:\/\/www.facebook.com\/WeAreVincentians\/","article_author":"https:\/\/www.facebook.com\/JavierChento","article_published_time":"2020-09-25T06:59:51+00:00","og_image":[{"width":1200,"height":630,"url":"https:\/\/i0.wp.com\/vincentians.com\/es\/wp-content\/uploads\/sites\/11\/2016\/07\/escritos-lucia-roge.jpg?fit=1200%2C630&ssl=1","type":"image\/jpeg"}],"author":"Francisco Javier Fern\u00e1ndez Chento","twitter_card":"summary_large_image","twitter_creator":"@https:\/\/twitter.com\/javierchento","twitter_site":"@WeVincentians","twitter_misc":{"Escrito por":"Francisco Javier Fern\u00e1ndez Chento","Tiempo de lectura":"6 minutos"},"schema":{"@context":"https:\/\/schema.org","@graph":[{"@type":"Article","@id":"https:\/\/vincentians.com\/es\/lucia-roge-las-constituciones-y-la-vida\/#article","isPartOf":{"@id":"https:\/\/vincentians.com\/es\/lucia-roge-las-constituciones-y-la-vida\/"},"author":{"name":"Francisco Javier Fern\u00e1ndez Chento","@id":"https:\/\/vincentians.com\/es\/#\/schema\/person\/9623ef4d9aa3b2dfb8c061f1499288f2"},"headline":"Luc\u00eda Rog\u00e9: Las constituciones y la vida","datePublished":"2020-09-25T06:59:51+00:00","mainEntityOfPage":{"@id":"https:\/\/vincentians.com\/es\/lucia-roge-las-constituciones-y-la-vida\/"},"wordCount":1228,"commentCount":0,"publisher":{"@id":"https:\/\/vincentians.com\/es\/#organization"},"image":{"@id":"https:\/\/vincentians.com\/es\/lucia-roge-las-constituciones-y-la-vida\/#primaryimage"},"thumbnailUrl":"https:\/\/i0.wp.com\/vincentians.com\/es\/wp-content\/uploads\/sites\/11\/2016\/07\/escritos-lucia-roge.jpg?fit=1200%2C630","articleSection":["Escritos de Luc\u00eda Rog\u00e9"],"inLanguage":"es","potentialAction":[{"@type":"CommentAction","name":"Comment","target":["https:\/\/vincentians.com\/es\/lucia-roge-las-constituciones-y-la-vida\/#respond"]}]},{"@type":"WebPage","@id":"https:\/\/vincentians.com\/es\/lucia-roge-las-constituciones-y-la-vida\/","url":"https:\/\/vincentians.com\/es\/lucia-roge-las-constituciones-y-la-vida\/","name":"Luc\u00eda Rog\u00e9: Las constituciones y la vida - Somos Vicencianos","isPartOf":{"@id":"https:\/\/vincentians.com\/es\/#website"},"primaryImageOfPage":{"@id":"https:\/\/vincentians.com\/es\/lucia-roge-las-constituciones-y-la-vida\/#primaryimage"},"image":{"@id":"https:\/\/vincentians.com\/es\/lucia-roge-las-constituciones-y-la-vida\/#primaryimage"},"thumbnailUrl":"https:\/\/i0.wp.com\/vincentians.com\/es\/wp-content\/uploads\/sites\/11\/2016\/07\/escritos-lucia-roge.jpg?fit=1200%2C630","datePublished":"2020-09-25T06:59:51+00:00","breadcrumb":{"@id":"https:\/\/vincentians.com\/es\/lucia-roge-las-constituciones-y-la-vida\/#breadcrumb"},"inLanguage":"es","potentialAction":[{"@type":"ReadAction","target":["https:\/\/vincentians.com\/es\/lucia-roge-las-constituciones-y-la-vida\/"]}]},{"@type":"ImageObject","inLanguage":"es","@id":"https:\/\/vincentians.com\/es\/lucia-roge-las-constituciones-y-la-vida\/#primaryimage","url":"https:\/\/i0.wp.com\/vincentians.com\/es\/wp-content\/uploads\/sites\/11\/2016\/07\/escritos-lucia-roge.jpg?fit=1200%2C630","contentUrl":"https:\/\/i0.wp.com\/vincentians.com\/es\/wp-content\/uploads\/sites\/11\/2016\/07\/escritos-lucia-roge.jpg?fit=1200%2C630","width":1200,"height":630},{"@type":"BreadcrumbList","@id":"https:\/\/vincentians.com\/es\/lucia-roge-las-constituciones-y-la-vida\/#breadcrumb","itemListElement":[{"@type":"ListItem","position":1,"name":"Portada","item":"https:\/\/vincentians.com\/es\/"},{"@type":"ListItem","position":2,"name":"Luc\u00eda Rog\u00e9: Las constituciones y la vida"}]},{"@type":"WebSite","@id":"https:\/\/vincentians.com\/es\/#website","url":"https:\/\/vincentians.com\/es\/","name":"Somos Vicencianos","description":"Know more to serve more","publisher":{"@id":"https:\/\/vincentians.com\/es\/#organization"},"potentialAction":[{"@type":"SearchAction","target":{"@type":"EntryPoint","urlTemplate":"https:\/\/vincentians.com\/es\/?s={search_term_string}"},"query-input":{"@type":"PropertyValueSpecification","valueRequired":true,"valueName":"search_term_string"}}],"inLanguage":"es"},{"@type":"Organization","@id":"https:\/\/vincentians.com\/es\/#organization","name":"The Vincentian Network","url":"https:\/\/vincentians.com\/es\/","logo":{"@type":"ImageObject","inLanguage":"es","@id":"https:\/\/vincentians.com\/es\/#\/schema\/logo\/image\/","url":"https:\/\/i1.wp.com\/vincentians.com\/es\/wp-content\/uploads\/sites\/11\/2016\/06\/Vincentian-Network-logo-big.png?fit=778%2C778","contentUrl":"https:\/\/i1.wp.com\/vincentians.com\/es\/wp-content\/uploads\/sites\/11\/2016\/06\/Vincentian-Network-logo-big.png?fit=778%2C778","width":778,"height":778,"caption":"The Vincentian Network"},"image":{"@id":"https:\/\/vincentians.com\/es\/#\/schema\/logo\/image\/"},"sameAs":["https:\/\/www.facebook.com\/WeAreVincentians\/","https:\/\/x.com\/WeVincentians"]},{"@type":"Person","@id":"https:\/\/vincentians.com\/es\/#\/schema\/person\/9623ef4d9aa3b2dfb8c061f1499288f2","name":"Francisco Javier Fern\u00e1ndez Chento","image":{"@type":"ImageObject","inLanguage":"es","@id":"https:\/\/secure.gravatar.com\/avatar\/497d5cde87b4c3d097d0315953521681ba2cd523ee66e5077c3711f7021e65de?s=96&d=mm&r=g","url":"https:\/\/secure.gravatar.com\/avatar\/497d5cde87b4c3d097d0315953521681ba2cd523ee66e5077c3711f7021e65de?s=96&d=mm&r=g","contentUrl":"https:\/\/secure.gravatar.com\/avatar\/497d5cde87b4c3d097d0315953521681ba2cd523ee66e5077c3711f7021e65de?s=96&d=mm&r=g","caption":"Francisco Javier Fern\u00e1ndez Chento"},"description":"Director General y cofundador de La Red de Formaci\u00f3n Vicenciana. Javier es laico vicenciano, afiliado a la Congregaci\u00f3n de la Misi\u00f3n y miembro del Equipo de Misiones Populares de la provincia can\u00f3nica de Zaragoza (Espa\u00f1a) de la Congregaci\u00f3n de la Misi\u00f3n. Graduado en la Universidad Oberta de Catalunya con cuatro grados (Asistente de direcci\u00f3n, Gesti\u00f3n Administrativa, Recursos Humanos y Contabilidad Avanzada). Bil\u00edng\u00fce Espa\u00f1ol\/Ingl\u00e9s. gestiona y mantiene varias p\u00e1ginas web cristianas y vicencianas, incluida including La Red de Formaci\u00f3n Vicenciana, de la que es cofundador. Actualmente es responsable del \u00e1rea de Espa\u00f1ol de .famvin, la Red de Noticias de la Familia Vicenciana. Tambi\u00e9n es m\u00fasico cat\u00f3lico y ha editado varios discos. Es Director General y cofundador de Trovador, una reconocida compa\u00f1\u00eda discogr\u00e1fica critiana de Espa\u00f1a. Trabaja en las Tecnolog\u00edas de la Informaci\u00f3n, ofreciendo servicios de alojamiento, dise\u00f1o y mantenimiento Web, as\u00ed como asesoramiento, formaci\u00f3n y soluciones inform\u00e1ticas, gesti\u00f3n documental y digitalizaci\u00f3n de textos, edici\u00f3n y maquetaci\u00f3n de libros, revistas, flyers, etc.","sameAs":["http:\/\/chento.org","https:\/\/www.facebook.com\/JavierChento","https:\/\/x.com\/https:\/\/twitter.com\/javierchento"],"url":"http:\/\/vincentians.com\/es\/author\/chento\/"}]}},"jetpack_publicize_connections":[],"jetpack_featured_media_url":"https:\/\/i0.wp.com\/vincentians.com\/es\/wp-content\/uploads\/sites\/11\/2016\/07\/escritos-lucia-roge.jpg?fit=1200%2C630","jetpack_sharing_enabled":true,"jetpack_shortlink":"https:\/\/wp.me\/p7ETMF-aci","jetpack-related-posts":[{"id":42376,"url":"http:\/\/vincentians.com\/es\/lucia-roge-la-vida-de-la-hija-de-la-caridad\/","url_meta":{"origin":39202,"position":0},"title":"Luc\u00eda Rog\u00e9: La vida de la Hija de la Caridad","author":"Francisco Javier Fern\u00e1ndez Chento","date":"28\/03\/2021","format":false,"excerpt":"Sor Luc\u00eda Rog\u00e9, H.C.Tenerife, marzo de 1977 Veo el futuro de la Compa\u00f1\u00eda con gran esperanza misionera y coin\u00adcidente con el camino de la misi\u00f3n que nos ense\u00f1aron nuestros santos Fundadores, la misi\u00f3n que tenemos que emprender hoy. Para entrar por ese camino, san Vicente nos indica tres l\u00edneas espirituales:\u2026","rel":"","context":"En \u00abEscritos de Luc\u00eda Rog\u00e9\u00bb","block_context":{"text":"Escritos de Luc\u00eda Rog\u00e9","link":"http:\/\/vincentians.com\/es\/category\/escritos\/escritos-de-lucia-roge\/"},"img":{"alt_text":"","src":"https:\/\/i0.wp.com\/vincentians.com\/es\/wp-content\/uploads\/sites\/11\/2016\/07\/escritos-lucia-roge.jpg?fit=1200%2C630&resize=350%2C200","width":350,"height":200,"srcset":"https:\/\/i0.wp.com\/vincentians.com\/es\/wp-content\/uploads\/sites\/11\/2016\/07\/escritos-lucia-roge.jpg?fit=1200%2C630&resize=350%2C200 1x, https:\/\/i0.wp.com\/vincentians.com\/es\/wp-content\/uploads\/sites\/11\/2016\/07\/escritos-lucia-roge.jpg?fit=1200%2C630&resize=525%2C300 1.5x, https:\/\/i0.wp.com\/vincentians.com\/es\/wp-content\/uploads\/sites\/11\/2016\/07\/escritos-lucia-roge.jpg?fit=1200%2C630&resize=700%2C400 2x, https:\/\/i0.wp.com\/vincentians.com\/es\/wp-content\/uploads\/sites\/11\/2016\/07\/escritos-lucia-roge.jpg?fit=1200%2C630&resize=1050%2C600 3x"},"classes":[]},{"id":41061,"url":"http:\/\/vincentians.com\/es\/lucia-roge-pertenencia-y-amor-a-la-compania\/","url_meta":{"origin":39202,"position":1},"title":"Luc\u00eda Rog\u00e9: Pertenencia y amor a la Compa\u00f1\u00eda","author":"Francisco Javier Fern\u00e1ndez Chento","date":"07\/11\/2014","format":false,"excerpt":"Par\u00eds, mayo de 1977 El tiempo de los Ejercicios se nos concede para que examinemos d\u00f3nde nos encontramos en nuestro caminar hacia Dios. Pero este exa\u00admen personal hace referencia a todo lo que constituye la trama de nues\u00adtra vida. Es imposible disociar la \"entrega total\" a Dios de su oficio\u2026","rel":"","context":"En \u00abEscritos de Luc\u00eda Rog\u00e9\u00bb","block_context":{"text":"Escritos de Luc\u00eda Rog\u00e9","link":"http:\/\/vincentians.com\/es\/category\/escritos\/escritos-de-lucia-roge\/"},"img":{"alt_text":"","src":"https:\/\/i0.wp.com\/vincentians.com\/es\/wp-content\/uploads\/sites\/11\/2016\/07\/escritos-lucia-roge.jpg?fit=1200%2C630&resize=350%2C200","width":350,"height":200,"srcset":"https:\/\/i0.wp.com\/vincentians.com\/es\/wp-content\/uploads\/sites\/11\/2016\/07\/escritos-lucia-roge.jpg?fit=1200%2C630&resize=350%2C200 1x, https:\/\/i0.wp.com\/vincentians.com\/es\/wp-content\/uploads\/sites\/11\/2016\/07\/escritos-lucia-roge.jpg?fit=1200%2C630&resize=525%2C300 1.5x, https:\/\/i0.wp.com\/vincentians.com\/es\/wp-content\/uploads\/sites\/11\/2016\/07\/escritos-lucia-roge.jpg?fit=1200%2C630&resize=700%2C400 2x, https:\/\/i0.wp.com\/vincentians.com\/es\/wp-content\/uploads\/sites\/11\/2016\/07\/escritos-lucia-roge.jpg?fit=1200%2C630&resize=1050%2C600 3x"},"classes":[]},{"id":39927,"url":"http:\/\/vincentians.com\/es\/lucia-roge-el-carisma-de-los-fundadores\/","url_meta":{"origin":39202,"position":2},"title":"Luc\u00eda Rog\u00e9: El carisma de los Fundadores","author":"Francisco Javier Fern\u00e1ndez Chento","date":"23\/10\/2014","format":false,"excerpt":"Par\u00eds, junio 1976 Hemos de afrontar, juntas, las diferencias del actual estado de cosas. Hasta 1980, nos encontraremos en una etapa de actualizaci\u00f3n, a trav\u00e9s de los inevitables tanteos de algunas realizaciones apost\u00f3licas. Sin embargo, en esta fase de b\u00fasqueda continua, hay algo que sigue siendo esencial, el carisma vicenciano,\u2026","rel":"","context":"En \u00abEscritos de Luc\u00eda Rog\u00e9\u00bb","block_context":{"text":"Escritos de Luc\u00eda Rog\u00e9","link":"http:\/\/vincentians.com\/es\/category\/escritos\/escritos-de-lucia-roge\/"},"img":{"alt_text":"","src":"https:\/\/i0.wp.com\/vincentians.com\/es\/wp-content\/uploads\/sites\/11\/2016\/07\/escritos-lucia-roge.jpg?fit=1200%2C630&resize=350%2C200","width":350,"height":200,"srcset":"https:\/\/i0.wp.com\/vincentians.com\/es\/wp-content\/uploads\/sites\/11\/2016\/07\/escritos-lucia-roge.jpg?fit=1200%2C630&resize=350%2C200 1x, https:\/\/i0.wp.com\/vincentians.com\/es\/wp-content\/uploads\/sites\/11\/2016\/07\/escritos-lucia-roge.jpg?fit=1200%2C630&resize=525%2C300 1.5x, https:\/\/i0.wp.com\/vincentians.com\/es\/wp-content\/uploads\/sites\/11\/2016\/07\/escritos-lucia-roge.jpg?fit=1200%2C630&resize=700%2C400 2x, https:\/\/i0.wp.com\/vincentians.com\/es\/wp-content\/uploads\/sites\/11\/2016\/07\/escritos-lucia-roge.jpg?fit=1200%2C630&resize=1050%2C600 3x"},"classes":[]},{"id":37994,"url":"http:\/\/vincentians.com\/es\/lucia-roge-las-consituciones\/","url_meta":{"origin":39202,"position":3},"title":"Luc\u00eda Rog\u00e9: Las Consituciones","author":"Francisco Javier Fern\u00e1ndez Chento","date":"09\/09\/2014","format":false,"excerpt":"Par\u00eds, 7 de marzo de 1983 Como ya saben ustedes, yo tambi\u00e9n estoy haciendo los Ejercicios Espirituales. Aun cuando no est\u00e9 con ustedes en el sal\u00f3n, escucho las conferencias. Pero no he podido resistirme al deseo de conversar con ustedes acerca del acontecimiento que se nos prepara: la llegada del\u2026","rel":"","context":"En \u00abEscritos de Luc\u00eda Rog\u00e9\u00bb","block_context":{"text":"Escritos de Luc\u00eda Rog\u00e9","link":"http:\/\/vincentians.com\/es\/category\/escritos\/escritos-de-lucia-roge\/"},"img":{"alt_text":"","src":"https:\/\/i0.wp.com\/vincentians.com\/es\/wp-content\/uploads\/sites\/11\/2016\/07\/escritos-lucia-roge.jpg?fit=1200%2C630&resize=350%2C200","width":350,"height":200,"srcset":"https:\/\/i0.wp.com\/vincentians.com\/es\/wp-content\/uploads\/sites\/11\/2016\/07\/escritos-lucia-roge.jpg?fit=1200%2C630&resize=350%2C200 1x, https:\/\/i0.wp.com\/vincentians.com\/es\/wp-content\/uploads\/sites\/11\/2016\/07\/escritos-lucia-roge.jpg?fit=1200%2C630&resize=525%2C300 1.5x, https:\/\/i0.wp.com\/vincentians.com\/es\/wp-content\/uploads\/sites\/11\/2016\/07\/escritos-lucia-roge.jpg?fit=1200%2C630&resize=700%2C400 2x, https:\/\/i0.wp.com\/vincentians.com\/es\/wp-content\/uploads\/sites\/11\/2016\/07\/escritos-lucia-roge.jpg?fit=1200%2C630&resize=1050%2C600 3x"},"classes":[]},{"id":41063,"url":"http:\/\/vincentians.com\/es\/lucia-roge-ser-siervas\/","url_meta":{"origin":39202,"position":4},"title":"Luc\u00eda Rog\u00e9: Ser siervas","author":"Francisco Javier Fern\u00e1ndez Chento","date":"18\/11\/2014","format":false,"excerpt":"Par\u00eds, marzo de 1979 La Asamblea General 1979-1980 marca una hora importante para la Compa\u00f1\u00eda, la de la afirmaci\u00f3n de nuestra fidelidad a san Vicente y a santa Luisa, es decir, al pensamiento de Dios sobre la Compa\u00f1\u00eda. Desde los or\u00edgenes, tenemos una identidad espiritual en la Iglesia, identidad dada\u2026","rel":"","context":"En \u00abEscritos de Luc\u00eda Rog\u00e9\u00bb","block_context":{"text":"Escritos de Luc\u00eda Rog\u00e9","link":"http:\/\/vincentians.com\/es\/category\/escritos\/escritos-de-lucia-roge\/"},"img":{"alt_text":"","src":"https:\/\/i0.wp.com\/vincentians.com\/es\/wp-content\/uploads\/sites\/11\/2016\/07\/escritos-lucia-roge.jpg?fit=1200%2C630&resize=350%2C200","width":350,"height":200,"srcset":"https:\/\/i0.wp.com\/vincentians.com\/es\/wp-content\/uploads\/sites\/11\/2016\/07\/escritos-lucia-roge.jpg?fit=1200%2C630&resize=350%2C200 1x, https:\/\/i0.wp.com\/vincentians.com\/es\/wp-content\/uploads\/sites\/11\/2016\/07\/escritos-lucia-roge.jpg?fit=1200%2C630&resize=525%2C300 1.5x, https:\/\/i0.wp.com\/vincentians.com\/es\/wp-content\/uploads\/sites\/11\/2016\/07\/escritos-lucia-roge.jpg?fit=1200%2C630&resize=700%2C400 2x, https:\/\/i0.wp.com\/vincentians.com\/es\/wp-content\/uploads\/sites\/11\/2016\/07\/escritos-lucia-roge.jpg?fit=1200%2C630&resize=1050%2C600 3x"},"classes":[]},{"id":42367,"url":"http:\/\/vincentians.com\/es\/lucia-roge\/","url_meta":{"origin":39202,"position":5},"title":"Luc\u00eda Rog\u00e9: Un servicio de amor","author":"Francisco Javier Fern\u00e1ndez Chento","date":"22\/02\/2021","format":false,"excerpt":"24 de marzo, 1985 En su alocuci\u00f3n a los sacerdotes y religiosos de Venezuela, el Santo Padre les dijo: \"Vuestra vida es un servicio de amor\". Esta frase ha reso\u00adnado sin cesar en m\u00ed, durante las oraciones preparatorias a la Renova\u00adci\u00f3n. Me ha parecido que era una palabra para las\u2026","rel":"","context":"En \u00abEscritos de Luc\u00eda Rog\u00e9\u00bb","block_context":{"text":"Escritos de Luc\u00eda Rog\u00e9","link":"http:\/\/vincentians.com\/es\/category\/escritos\/escritos-de-lucia-roge\/"},"img":{"alt_text":"","src":"https:\/\/i0.wp.com\/vincentians.com\/es\/wp-content\/uploads\/sites\/11\/2016\/07\/escritos-lucia-roge.jpg?fit=1200%2C630&resize=350%2C200","width":350,"height":200,"srcset":"https:\/\/i0.wp.com\/vincentians.com\/es\/wp-content\/uploads\/sites\/11\/2016\/07\/escritos-lucia-roge.jpg?fit=1200%2C630&resize=350%2C200 1x, https:\/\/i0.wp.com\/vincentians.com\/es\/wp-content\/uploads\/sites\/11\/2016\/07\/escritos-lucia-roge.jpg?fit=1200%2C630&resize=525%2C300 1.5x, https:\/\/i0.wp.com\/vincentians.com\/es\/wp-content\/uploads\/sites\/11\/2016\/07\/escritos-lucia-roge.jpg?fit=1200%2C630&resize=700%2C400 2x, https:\/\/i0.wp.com\/vincentians.com\/es\/wp-content\/uploads\/sites\/11\/2016\/07\/escritos-lucia-roge.jpg?fit=1200%2C630&resize=1050%2C600 3x"},"classes":[]}],"_links":{"self":[{"href":"http:\/\/vincentians.com\/es\/wp-json\/wp\/v2\/posts\/39202","targetHints":{"allow":["GET"]}}],"collection":[{"href":"http:\/\/vincentians.com\/es\/wp-json\/wp\/v2\/posts"}],"about":[{"href":"http:\/\/vincentians.com\/es\/wp-json\/wp\/v2\/types\/post"}],"author":[{"embeddable":true,"href":"http:\/\/vincentians.com\/es\/wp-json\/wp\/v2\/users\/4"}],"replies":[{"embeddable":true,"href":"http:\/\/vincentians.com\/es\/wp-json\/wp\/v2\/comments?post=39202"}],"version-history":[{"count":1,"href":"http:\/\/vincentians.com\/es\/wp-json\/wp\/v2\/posts\/39202\/revisions"}],"predecessor-version":[{"id":403061,"href":"http:\/\/vincentians.com\/es\/wp-json\/wp\/v2\/posts\/39202\/revisions\/403061"}],"wp:featuredmedia":[{"embeddable":true,"href":"http:\/\/vincentians.com\/es\/wp-json\/wp\/v2\/media\/398623"}],"wp:attachment":[{"href":"http:\/\/vincentians.com\/es\/wp-json\/wp\/v2\/media?parent=39202"}],"wp:term":[{"taxonomy":"category","embeddable":true,"href":"http:\/\/vincentians.com\/es\/wp-json\/wp\/v2\/categories?post=39202"},{"taxonomy":"post_tag","embeddable":true,"href":"http:\/\/vincentians.com\/es\/wp-json\/wp\/v2\/tags?post=39202"}],"curies":[{"name":"wp","href":"https:\/\/api.w.org\/{rel}","templated":true}]}}