{"id":38816,"date":"2016-05-16T08:15:49","date_gmt":"2016-05-16T06:15:49","guid":{"rendered":"http:\/\/somos.vicencianos.org\/?p=38816"},"modified":"2016-07-26T18:54:18","modified_gmt":"2016-07-26T16:54:18","slug":"la-espiritualidad-y-sus-transformaciones","status":"publish","type":"post","link":"http:\/\/vincentians.com\/es\/la-espiritualidad-y-sus-transformaciones\/","title":{"rendered":"La espiritualidad y sus transformaciones"},"content":{"rendered":"<h2><strong><img data-recalc-dims=\"1\" loading=\"lazy\" decoding=\"async\" class=\"alignnone size-medium wp-image-387168 alignleft\" src=\"https:\/\/i0.wp.com\/vicencianos.org\/wp-content\/uploads\/2016\/03\/asd-250x300.gif?resize=250%2C300\" alt=\"asd\" width=\"250\" height=\"300\" \/>I. Espiritualidad Humana y espiritualidad cristiana<\/strong><\/h2>\n<p>1. <strong>La espiritualidad <\/strong>es la \u00abvida seg\u00fan el esp\u00edritu\u00bb que se desglosa en cuatro etapas:<\/p>\n<p style=\"padding-left: 30px\">a) la atenci\u00f3n a los datos de la experiencia;<\/p>\n<p style=\"padding-left: 30px\">b) la inteligencia interpretativa de los hechos<\/p>\n<p style=\"padding-left: 30px\">c) la evaluaci\u00f3n responsable de los hechos<\/p>\n<p style=\"padding-left: 30px\">d) la decisi\u00f3n valiente por lo que aparece como justo, v\u00e1lido, digno de ser cumplido.<\/p>\n<p>La persona espiritual se inspira en cuatro llamadas<em>: si est\u00e1s atento, si eres inteligente, si eres responsable si, eres capaz de jugarte por cuanto aparece como justo y verdadero.<\/em><\/p>\n<p><strong>2. La espiritualidad de las religiones <\/strong><strong><em>es un caso serio y fuerte<\/em><\/strong><strong> de la espiritualidad humana. <\/strong>En el caso cristiano el \u00abesp\u00edritu\u00bb es el Esp\u00edritu de Jes\u00fas: dejarse mover, inspirar, conducir por aquel Esp\u00edritu que ha movido, inspirado, conducido a Jesucristo.<\/p>\n<h2><strong>II. <\/strong><strong>Las etapas de la Espiritualidad cristiana<\/strong><\/h2>\n<p><strong>3.<\/strong><strong> Los cuatro evangelios <\/strong>vistos en su secuencia, son indicadores de las etapas de la espiritualidad cristiana.<\/p>\n<p><strong>4.<\/strong><strong> I. Marcos <\/strong>representa la 1\u00aa Etapa de transformaci\u00f3n espiritual: <em>la apertura de los ojos<\/em> es decir un nuevo modo de ver las cosas y la vida; <em>la apertura de las orejas<\/em> es decir un modo nuevo de relacionarse. Se entra en un camino de purificaci\u00f3n. Este descubrimiento es vivido de frente a la persona de Cristo. Es lo que Marcos nos propone, con el Evangelio del <em>catec\u00fameno<\/em>.<\/p>\n<p><strong>5.<\/strong><strong> II. Mateo <\/strong>representa la 2\u00aa Etapa del camino espiritual con un ensanchamiento y un enriquecimiento. \u00c9l nos hace descubrir una comunidad en la que nos vamos haciendo m\u00e1s aut\u00e9nticos, en la que madura la propia autoconciencia. Es el lugar aut\u00e9ntico de la socializaci\u00f3n de la fe y la vida, en una red de relaciones fraternas, en la iglesia y como iglesia. Aqu\u00ed las palabras conocidas: <em>\u00abSoy hija de la iglesia, s\u00e9anlo ustedes conmigo<\/em> \u00bb (CD Carta 1820). Es lo que Mateo nos propone, con el <em>Evangelio eclesial<\/em> o de la nueva comunidad.<\/p>\n<p><strong>6.<\/strong><strong> III<\/strong>. <strong>Lucas <\/strong>representa la 3\u00aa Etapa de la espiritualidad. Se abre a la misi\u00f3n: los otros nos comprometen en la luz del reino. Se comparte el pan con quien no lo tiene. Se descubre el sentido de la historia como realidad para construir seg\u00fan un proyecto de paz. Se traduce el S<em>halom<\/em> b\u00edblico en proyectos hist\u00f3ricos. Es cuanto Lucas nos propone con el Evangelio <em>misionero<\/em><strong>.<\/strong><\/p>\n<p><strong>7.<\/strong><strong> IV<\/strong>. <strong>Juan <\/strong>representa la 4\u00aa Etapa con el descubrimiento de la s\u00edntesis. La persona se vuelve adulta, hace s\u00edntesis entre la multiplicidad de los datos de experiencia, de ciencia, de cultura, de humanidad, en una unificaci\u00f3n que salva de la fragmentariedad y la casualidad de la existencia. Sin este resultado se esparce en la multiplicidad de los deberes o las exigencias, tambi\u00e9n en el sentido mejor del t\u00e9rmino. Hace falta tender a este momento final, contemplativo, misterioso, puesto a la luz por el fascinante Evangelio de Juan que continuamente, se remonta a una \u00fanica afirmaci\u00f3n, capaz de hacer s\u00edntesis de todo el resto. Es el Evangelio <em>m\u00edstico.<\/em><\/p>\n<p><strong>8.<\/strong><strong> Los cuatro Evangelios son por lo tanto manuales de iniciaci\u00f3n <\/strong>a las cuatro etapas fundamentales del desarrollo humano seg\u00fan el Esp\u00edritu de Jesucristo. Manuales de vivir, no solamente de leer, porque:<\/p>\n<p style=\"padding-left: 30px\">\u00ab<em>Quien escucha esta palabra y la practica edific\u00f3 su casa sobre la roca, en cambio, el que oye estas <\/em><em>palabra sin ponerlas en pr\u00e1ctica, construye su casa sobre la arena<\/em>\u00bb (cfr. Mt 7,24-27).<\/p>\n<h2><strong>III. <\/strong><strong>Transformaciones de la Espiritualidad hoy necesarias<\/strong><\/h2>\n<p><strong>Es conocido el texto de la Carta a los Romanos:<\/strong> \u00ab<em>les ruego, pues hermanos, por la misericordia de Dios, <\/em><em>que se entreguen ustedes mismos como sacrificio vivo y santo que agrada a Dios; \u00e9se es nuestro culto <\/em><em>espiritual. No sigan la corriente del mundo en que vivimos, m\u00e1s bien transf\u00f3rmense por la renovaci\u00f3n de la <\/em><em>mente. As\u00ed sabr\u00e1n ver cu\u00e1l es la Voluntad de Dios, lo que es bueno, lo que le agrada, lo que es perfecto<\/em>\u00bb (Rm.12, 1-2). En el coraz\u00f3n de este texto espiritual encontramos la palabra-clave trans\u00adformaci\u00f3n\/conversi\u00f3n\u00bb <em>(meta-morf\u00e9).<\/em> Ella indica el pasaje y en qu\u00e9 consiste el camino de auto-transcendencia o divinizaci\u00f3n, en la acogida de formas <em>(morf\u00e9) <\/em>interiores y ulteriores de autenticidad y de belleza, a niveles cada vez m\u00e1s profundos, seg\u00fan las otras famosas palabras de Pablo: <em>\u00abPor eso nosotros andamos con el rostro descubierto, reflejando como en un espejo la Gloria del Se\u00f1or, y nos vamos <\/em><em>transformando en imagen suya m\u00e1s y m\u00e1s resplandeciente, por la acci\u00f3n del Se\u00f1or que es esp\u00edritu<\/em>\u00bb (2 Cor 3,18).<\/p>\n<p><strong>9. <\/strong><strong>Nunca es indiferente a la historia, este camino espiritual <\/strong>respira en profunda armon\u00eda con las caracter\u00edsticas culturales de cada \u00e9poca: las asume, las purifica, las trans-figura y las exalta. Podemos re-transcribir as\u00ed, actualiz\u00e1ndolos, los cuatro rasgos t\u00edpicos de cada espiritualidad, recordados anteriormente. Tambi\u00e9n ponemos de relieve un cierto enlace con la experiencia espiritual experimentada en el Cap\u00edtulo del 2005.<\/p>\n<p><strong>10. <\/strong>a) <strong>una atenci\u00f3n del coraz\u00f3n que abre la mirada<\/strong> a los hechos que ocurren no solo en el peque\u00f1o \u00e1mbito, sino tambi\u00e9n en el \u00e1mbito continental y mundial. Una atenci\u00f3n <strong>que tiene el o\u00eddo atento a los gemidos<\/strong> de los <em>empobrecidos<\/em>, hechos tales, por una negligencia sist\u00e9mica, encarnada por modelos econ\u00f3micos que tienen en la mira solo el aprovechamiento y la especulaci\u00f3n, oscureciendo la solidaridad. La espiritualidad catec\u00famena cambia de una i mpercepci\u00f3n dominante y de una sordera difusa, (tambi\u00e9n fue v\u00edctima de ello el &#8216;segundo&#8217; Mois\u00e9s) Fue Dios quien lo abri\u00f3 al gemido de su pueblo oprimido. La trans\u00adformaci\u00f3n es el paso a una percepci\u00f3n emp\u00e1tica, global y cordial. Ha sido esto un n\u00facleo, quiz\u00e1s aquel predominante, de la <em>trans -formaci\u00f3n<\/em> vivida de modo simb\u00f3lico y representativo, en nuestro Cap\u00edtulo del 2005.<\/p>\n<p><strong>11. <\/strong>b) <strong>una inteligencia del mundo actual<\/strong>, de la globalizaci\u00f3n o mundializaci\u00f3n con sus caracter\u00edsticas, maduradas no sectorialmente, pero como comunidad-congregaci\u00f3n. Aqu\u00ed la espiritualidad afronta la conversi\u00f3n de una <em>internacionalidad geogr\u00e1fica,<\/em> que fragmenta la instituci\u00f3n y sus l\u00f3gicas en una suma de partes, a una i nternacionalidad eclesial y carism\u00e1tica, en la cual se descubren mujeres de \u00abS\u00f3lo Dios \u00bb convocadas para hacer de la caridad la <em>clave interpretativa<\/em> de la condici\u00f3n global de la humanidad. La inteligencia de la caridad nos la hace comprender como humanidad <em>que gime y llora<\/em> por la incapacidad colectiva de amar y de aceptar las l\u00f3gicas de la solidaridad y la plena humanizaci\u00f3n. Y tambi\u00e9n esto ha sido un segundo n\u00facleo de la <em>transformaci\u00f3n<\/em> recibida como un don en el Cap\u00edtulo del 2005<\/p>\n<p><strong>12. <\/strong>c) <strong>un discernimiento evang\u00e9lico del mundo,<\/strong> a la luz del Evangelio de la caridad, redescubierta como caridad \u00abcr\u00edtica\u00bb y \u00abdiscreta\u00bb, criterio de discernimiento. Aqu\u00ed la transformaci\u00f3n de la espiritualidad habilita a discernir las caracter\u00edsticas y, sobre todo, el coraz\u00f3n de los sistemas: su gram\u00e1tica invisible y el n\u00facleo emotivo profundo. No son las teor\u00edas y las ideolog\u00edas pero los empobrecidos <em>&#8211; humanidad negada<\/em>, el criterio para interpretar en luz <em>apocal\u00edptica y mesi\u00e1nica<\/em> el mundo de siempre y de hoy, en los albores del tercer Milenio. Y es en los empobrecidos que el Esp\u00edritu nos ofrece el germen de resurrecci\u00f3n que el Crucificado Resucitado custodia en sus llagas. Gracias al encuentro con el Apocalipsis, fue este un tercer n\u00facleo de la t<em>ransformaci\u00f3n <\/em>recibida en el don en el Cap\u00edtulo del 2005.<\/p>\n<p><strong>13. <\/strong>d) <strong>una actitud solidaria y responsable <\/strong>empuja a alinearnos, m\u00e1s all\u00e1 de cada evasi\u00f3n o abstracci\u00f3n. La transformaci\u00f3n espiritual va en la l\u00ednea estrat\u00e9gica que nace del encuentro entre la contemplaci\u00f3n y la lucha, m\u00edstica y la eficacia apost\u00f3lica. La caridad oblativa no se limita a intervenir cuando el mal ha ocurrido. No se contenta con actuar sobre las consecuencias de la avidez y la indiferencia hacia los propios pares. Ella, sin descuidar estas obras de misericordia inmediata remonta a las causas, sana el <em>n\u00facleo emotivo <\/em><em>profundo<\/em>, despierta y activa <em>el c\u00f3digo del don<\/em> que el Esp\u00edritu del Amor puso en los seres humanos, para que den a la luz nuevas im\u00e1genes de vida y de sociedad, seg\u00fan los rasgos de la sobriedad en la econom\u00eda, de la solidaridad en la pol\u00edtica, de la fraternidad en la convivencia y en la cultura. La Caridad pol\u00edtica es el arquitecto y la registra. Tambi\u00e9n un fragmento de esta t<em>ransformaci\u00f3n <\/em>de nuestra espiritualidad ha estado presente en el Cap\u00edtulo del 2005, que ha abrazado la perspectiva de contribuir a dar a luz &#8211; con fecundidad femenina &#8211; <em>el germen de una sociedad sobria, solidaria y fraterna.<\/em><\/p>\n<h2><strong>IV. <\/strong><strong>\u00bfLa \u00abhora Jo\u00e1nica\u00bb de la Congregaci\u00f3n<\/strong>?<\/h2>\n<p><strong>14. <\/strong><strong>Podemos preguntarnos: el tema del agua viva <\/strong>elegido para este Cap\u00edtulo 2010 \u00bfes <strong><em>s\u00f3lo <\/em>una <\/strong><strong>indicaci\u00f3n pedag\u00f3gica en funci\u00f3n al Cap\u00edtulo, o es una llamada del Esp\u00edritu para una nueva estaci\u00f3n <\/strong><strong>espiritual?<\/strong> en relaci\u00f3n al Concilio, en el \u00faltimo de los cinco criterios para la renovaci\u00f3n de la Vida Religiosa, no es casualidad y no sin apropiada gravedad que nos recordaba: \u00ab<em>Siendo ante todo la vida <\/em><em>religiosa ordenada a hacer que sus miembros sigan a Cristo y se unan a Dios con la profesi\u00f3n de los <\/em><em>consejos evang\u00e9licos, necesita tener bien presente que las mejores formas de actualizaci\u00f3n no podr\u00e1n tener <\/em><em>\u00e9xito, si no est\u00e1n animadas por una renovaci\u00f3n espiritual. A esto siempre corresponde tambi\u00e9n el primer <\/em><em>lugar en las obras externas de apostolado<\/em>\u00bb (PC 2). El haber buscado y querido como fuente inspiradora del Cap\u00edtulo <strong>un texto tan emblem\u00e1tico del cuarto evangelio<\/strong>, \u00bfsugiere el camino para nuestro futuro?<\/p>\n<p><strong>15 La suerte de nuestra <\/strong><strong><em>presencia-palabra-acci\u00f3n<\/em><\/strong><strong> en el mundo depender\u00e1 <\/strong>de la calidad de nuestra espiritualidad, de los <em>modelos espirituales<\/em> que asimilaremos. <strong>\u00bfQueremos refundar nuestros modelos <\/strong><strong>espirituales calific\u00e1ndolos con el criterio de la \u00abplenitud\u00bb en sentido Joanico?<\/strong> La internacionalidad como factor carism\u00e1tico, la perspectiva del peque\u00f1o resto, una nueva relaci\u00f3n carisma-historia, el actuar en la ra\u00edz de una nueva sociedad sobria, solidaria y fraterna &#8211; como es indicado por el objetivo 2005 -&#8230; exigen y presuponen una nueva madurez espiritual. La promesa del Jes\u00fas Joanico de volverse creyente de cuyo seno brotan fuentes de agua viva que \u00abmanan\u00bb para la vida eterna\u00bb \u00bfes para nosotros en sentido proyectivo? \u00bfQueremos acogerla y perseguirla como nueva imagen del HdC? \u00bfAquel nuevo proyecto de formaci\u00f3n o m\u00e1s bien de transformaci\u00f3n &#8211; del que habla la relaci\u00f3n general &#8211; no tiene aqu\u00ed su n\u00facleo generador? \u00bfQu\u00e9 alcance tendr\u00eda tal decisi\u00f3n y cu\u00e1les consecuencias sobre nuestro futuro de \u00abminor\u00edas significativas\u00bb?. Aquella cierta colocaci\u00f3n del futuro de la congregaci\u00f3n al S<em>ur-este<\/em> \u00bfno es un m\u00e1s que geogr\u00e1fico, un s\u00edmbolo espiritual? \u00bfY no pueden transformarse en la reserva de la memoria propia de la congregaci\u00f3n al <em>Nor-este<\/em> en una oportunidad de una exploraci\u00f3n espiritual singular, en raz\u00f3n de los caracteres extremos de la <em>condici\u00f3n humana <\/em>en Occidente? Es importante situar este nuestro momento en el coraz\u00f3n de los procesos de nuestro tiempo, acogiendo la riqueza divina que lo caracteriza, m\u00e1s all\u00e1 de las evaluaciones predominantes que son de tipo moral y raramente prof\u00e9tico.<\/p>\n<p><strong>Las singulares oportunidades espirituales de una <\/strong><strong><em>\u00e9poca naciente<\/em><\/strong><strong>. <\/strong>Leemos en el Concilio: \u00ab<em>Las <\/em><em>condiciones de estos tiempos a\u00f1aden a este deber de la Iglesia una mayor urgencia, para que todos <\/em><em>los hombres, unidos hoy m\u00e1s \u00edntimamente con toda clase de relaciones sociales, t\u00e9cnicas y culturales, consigan tambi\u00e9n la plena unidad en Cristo<\/em>\u00bb (LG 1). Por nuestra sensibilidad de Hermanas de la Caridad, esta unidad tiene ante todo el rostro de los empobrecidos, con los cuales Jes\u00fas se identifica. Al <em>rostro mundial<\/em> de los empobrecidos podr\u00edamos hacer corresponder el <em>rostro mundial<\/em> de la familia de las HdC.<\/p>\n<p><strong>Por su parte la Iglesia, gracias al Concilio, deja a las espaldas la larga estaci\u00f3n societaria de la <\/strong><strong>cristiandad, que fue conducida precisamente al <\/strong><strong><em>redescubrimiento de las fuentes<\/em><\/strong>. Es important\u00edsimo poner a la luz esta gran innovaci\u00f3n indicando ocho \u00abfuentes o lugares de donde bulle la vida \u00bb 1) el <em>primado de la <\/em><em>Trinidad,<\/em> que genera \u00ab\u00bbun pueblo cuya unidad deriva de la unidad del Padre, del Hijo y del Esp\u00edritu Santo\u00bb\u00bb (LG 4); 2) el<em> mundo, <\/em>sentido, entendido, interpretado y amado como <em>lugar teol\u00f3gico:<\/em> \u00ab<em> mundo, <\/em><em>que los cristianos creen creado y conservado por el amor del Creador, ca\u00eddo cierto, bajo la <\/em><em>esclavitud del pecado, pero liberado por Cristo, crucificado y resucitado del poder del maligno y destinado seg\u00fan el prop\u00f3sito divino a transformarse y a llegar a su consumaci\u00f3n.<\/em><em>\u00ab<\/em> (Cfr GS 2); 3) la <em>revelaci\u00f3n <\/em>como auto comunicaci\u00f3n divina; 4) el \u00e9nfasis dado por el <em>Esp\u00edritu Santo, <\/em>que: \u00bb da la vida, una fuente de agua de donde brota hasta la vida eterna<em>; morada en los corazones de los fieles como en un <\/em><em>templo: en ellos ora y da testimonio de su condici\u00f3n de hijos, introduce la Iglesia en la plenitud de <\/em><em>la verdad, la unifica en la comuni\u00f3n y en el ministerio, la provee y dirige con diversos dones <\/em><em>jer\u00e1rquicos y carism\u00e1ticos, la embellece de sus frutos; la hace rejuvenecer con la fuerza del <\/em><em>Evangelio, continuamente la renueva y la conduce a la perfecta uni\u00f3n con su Esposo<\/em><em>&#8216;<\/em> (LG 4).<\/p>\n<p>5) el <em>rencuentro con la Biblia<\/em> por parte de todos los fieles, con la recuperaci\u00f3n de la antigua praxis de la <em>lectio divina<\/em>\u00bb (Cfr DV 22-26); 6) la<em> plum iforme<\/em> presencia de Cristo en su Iglesia: en las acciones lit\u00fargicas, en el sacrificio de la Misa, en la persona del ministro, bajo las especies eucar\u00edsticas, en la palabra, en la comunidad que reza y alaba, seg\u00fan su promesa: \u00ab\u00bbDonde est\u00e1n dos o tres reunidos en mi nombre, all\u00ed estoy Yo en medio de ellos\u00bb \u00bb (Cfr SC 7); 7) <em>la interioridad humana<\/em> como fuente de dignidad trascendente: \u00abEn<em> su interioridad el ser humano trasciende el universo de las cosas<\/em><em>&#8216;<\/em> (GS 14); 8) el <em>v\u00ednculo social,<\/em> como \u00e1mbito de acceso al don que nos precede y nos constituye: <em>la persona, no puede <\/em><em>encontrase plenamente si no es en el don sincero de s\u00ed misma. La vida social no es algo, externo al <\/em><em>hombre: el crece en todas sus capacidades y puede responder a su vocaci\u00f3n, a trav\u00e9s de las <\/em><em>relaciones con los otros, la reciprocidad de servicios, el di\u00e1logo con los hermanos<\/em>\u00bb (GS 24-25).<\/p>\n<p>En este sentido, propio por estos ocho caracteres podr\u00edamos vivir nuestra \u00e9poca como un gran tiempo mesi\u00e1nico: <em>la \u00e9poca de las fuentes<\/em>. Ella sucede a la milenaria estaci\u00f3n patriarcal con sus t\u00edpicos caracteres: la hegemon\u00eda masculina, la subordinaci\u00f3n jer\u00e1rquica, el predominio de los deberes, la insistencia normativa, el estatismo social. Para vivir este tiempo como el<em> Kairos<\/em> o gracia de la \u00e9poca hacen falta una mirada prof\u00e9tica que discierne los signos de los tiempos, la vigilancia de los hijos de la luz, la diligencia de quien se equipa con l\u00e1mparas encendidas y reservas de aceite, una renovada comuni\u00f3n con el esp\u00edritu de la Fundadora: \u00ab<em>Atesoren buen grano, como Jos\u00e9, el procurador de Egipto, para que no les falte en el tiempo de carest\u00eda y puedan darlo tambi\u00e9n a los dem\u00e1s. Quiero decir que colmen sus almas con la semilla de la gracia, con la <\/em><em>sabidur\u00eda y los sentimientos del Esp\u00edritu de Dios<\/em><em>&#8216; ~&amp;&#8217; f.4M 52)<\/em><\/p>\n<p><strong>16. <\/strong><strong>Una nueva p\u00e1gina de <\/strong>santidad y profec\u00eda. La profundidad de la misi\u00f3n delineada por el Cap\u00edtulo anterior 2005 ha destacado que para perseguir aquel objetivo prof\u00e9tico es necesario una <em>transformaci\u00f3n espiritual.<\/em> Para contribuir con una caridad <em>cr\u00edtica, discreta, creativa<\/em> y escuchar los gemidos de los empobrecidos del mundo y poner g\u00e9rmenes de una <em>nueva sociedad debemos encontrar al Mes\u00edas en el <\/em><em>pozo de Jacob<\/em>. Y all\u00ed rencontrar al Mes\u00edas para recibir de \u00c9l, el don del \u00abel agua que se transforma en nosotros en fuente para la vida eterna\u00bb. El Esp\u00edritu quiere suscitar en nosotros no s\u00f3lo deseos gen\u00e9ricos o descontados llamados y referencias, pero &#8211; como est\u00e1 en la naturaleza decisional de un Cap\u00edtulo general &#8211; la elecci\u00f3n valiente y previsora de metas, etapas, caminos, criterios e instrumentos y pedagog\u00edas para nuestra transfiguraci\u00f3n.<\/p>\n<p><strong>17. <\/strong><strong>La puesta en juego en la pausa junto al pozo de Jacob. <\/strong>Alrededor de tales cuestiones y perspectivas puede acaecer el di\u00e1logo entre nosotros y Jes\u00fas. Cansado, porque identificado con los hambrientos y los sedientos de nuestro mundo, ha venido a nuestro Cap\u00edtulo para reposarse y encontrarnos. \u00c9l nos dice: \u00ab<em>Demen de beber<\/em>\u00ab. Nos obliga a poner nos en la luz de los <em>estilos espirituales<\/em> en los que fuimos formadas en la anterior estaci\u00f3n cristiana y que &#8211; <em>reflejo de la cultura patriarcal y del r\u00e9gimen de cristiandad<\/em> &#8211; resultan inadecuados al momento actual. Sobre todo, en la superabundancia de su amor, quiere suscitar en nosotros el deseo de transfigurar nuestros modelos espirituales. La expresi\u00f3n <em>fuente donde fluye hasta la <\/em><em>vida eterna<\/em> es s\u00f3lo la indicaci\u00f3n de un nuevo nivel de plenitud spiritual correspondiente a una medida sin-medida de santidad y profec\u00eda, seg\u00fan las palabras del Bautista: \u00ab<em>Este fue enviado por Dios y dice palabras de Dios que el comunica su Esp\u00edritu sin medida. El Padre ama al Hijo y pone todas las cosas en sus manos<\/em>\u00bb (Jn. 3, 34-36).<\/p>\n<p><strong>Teniendo en cuenta que:<\/strong><\/p>\n<p>1) Vivir- en &#8211; el Esp\u00edritu de Jes\u00fas significa unificarse viviendo la realidad en modo <em>atento\u00ad<\/em><em>inteligente-responsable-decisivo.<\/em><\/p>\n<p>2) Vivimos en una \u00e9poca de profunda (interesante) transici\u00f3n:<\/p>\n<ul>\n<li>de una concepci\u00f3n est\u00e1tica a una din\u00e1mica y en constante evoluci\u00f3n<\/li>\n<li>de una concepci\u00f3n local y circunscrita a una mundial e interdependiente<\/li>\n<li>de una concepci\u00f3n m\u00e1s bien masiva a una centrada sobre la persona y sus mundos interiores<\/li>\n<li>Vivimos a la luz de la herencia conciliar que compromete a la Iglesia a una <em>reforma <\/em>seg\u00fan: el primado de la Trinidad y del Esp\u00edritu Santo el redescubrimiento de la Palabra de Dios y de la Iglesia como <em>fermento escatol\u00f3gico<\/em> de la historia, la elecci\u00f3n de<em> diacon\u00eda <\/em>hacia la humanidad acogida como lugar teol\u00f3gico (signos de los tiempos)<\/li>\n<\/ul>\n<p><strong>3)<\/strong> Nuestra vida espiritual <strong>\u2014<\/strong> Hermanas &amp; Laicos se form\u00f3 en contextos culturales precedentes a las grandes transformaciones culturales y eclesiales<\/p>\n<p><strong>Como Religiosas &amp; Laicos:<\/strong><\/p>\n<p style=\"padding-left: 30px\"><strong>a) <\/strong><strong>Medita <\/strong><strong>\u2013<\/strong><strong> reza <\/strong><strong>\u2013<\/strong><strong> escucha <\/strong><strong>\u2013<\/strong><strong> adora<\/strong>: que cosa de hermoso, importante, in\u00e9dito te sugiere el Esp\u00edritu como religiosa o como laico? Y qu\u00e9 cosa te sugiere para los amigos laicos o las hermanas religiosas?<\/p>\n<p style=\"padding-left: 30px\"><strong>b) <\/strong>\u00bfCu\u00e1les son las <strong>condiciones (1-2)<\/strong> en el <strong>estilo de vida<\/strong> para que nosotros laicos o nosotras religiosas podamos <em>crecer en edad, sabidur\u00eda y gracia para toda la vida<\/em>? Qu\u00e9 cosa suger\u00eds de parte tuya?<\/p>\n<p style=\"padding-left: 30px\"><strong>c) <\/strong>\u00bfCu\u00e1les son las <strong>decisiones institucionales (1 &#8211; 2)<\/strong> necesarias para sostener este crecimiento en un modo y en una Iglesia en constante transformaci\u00f3n?<\/p>\n","protected":false},"excerpt":{"rendered":"<p>I. Espiritualidad Humana y espiritualidad cristiana 1. La espiritualidad es la \u00abvida seg\u00fan el esp\u00edritu\u00bb que se desglosa en cuatro etapas: a) la atenci\u00f3n a los datos de la experiencia; b) la inteligencia interpretativa de &#8230; <a href=\"http:\/\/vincentians.com\/es\/la-espiritualidad-y-sus-transformaciones\/\" class=\"more-link\">Read More<\/a><\/p>\n","protected":false},"author":4,"featured_media":387168,"comment_status":"open","ping_status":"open","sticky":false,"template":"","format":"standard","meta":{"jetpack_post_was_ever_published":false,"_jetpack_newsletter_access":"","_jetpack_dont_email_post_to_subs":false,"_jetpack_newsletter_tier_id":0,"_jetpack_memberships_contains_paywalled_content":false,"_jetpack_memberships_contains_paid_content":false,"footnotes":"","jetpack_publicize_message":"","jetpack_publicize_feature_enabled":true,"jetpack_social_post_already_shared":true,"jetpack_social_options":{"image_generator_settings":{"template":"highway","default_image_id":0,"font":"","enabled":false},"version":2}},"categories":[29,258],"tags":[],"class_list":["post-38816","post","type-post","status-publish","format-standard","has-post-thumbnail","hentry","category-formacion-cristiana","category-juana-antida-thouret"],"yoast_head":"<!-- This site is optimized with the Yoast SEO plugin v26.3 - https:\/\/yoast.com\/wordpress\/plugins\/seo\/ -->\n<title>La espiritualidad y sus transformaciones - Somos Vicencianos<\/title>\n<meta name=\"robots\" content=\"index, follow, max-snippet:-1, max-image-preview:large, max-video-preview:-1\" \/>\n<link rel=\"canonical\" href=\"http:\/\/vincentians.com\/es\/la-espiritualidad-y-sus-transformaciones\/\" \/>\n<meta property=\"og:locale\" content=\"es_ES\" \/>\n<meta property=\"og:type\" content=\"article\" \/>\n<meta property=\"og:title\" content=\"La espiritualidad y sus transformaciones - Somos Vicencianos\" \/>\n<meta property=\"og:description\" content=\"I. Espiritualidad Humana y espiritualidad cristiana 1. La espiritualidad es la \u00abvida seg\u00fan el esp\u00edritu\u00bb que se desglosa en cuatro etapas: a) la atenci\u00f3n a los datos de la experiencia; b) la inteligencia interpretativa de ... Read More\" \/>\n<meta property=\"og:url\" content=\"http:\/\/vincentians.com\/es\/la-espiritualidad-y-sus-transformaciones\/\" \/>\n<meta property=\"og:site_name\" content=\"Somos Vicencianos\" \/>\n<meta property=\"article:publisher\" content=\"https:\/\/www.facebook.com\/WeAreVincentians\/\" \/>\n<meta property=\"article:author\" content=\"https:\/\/www.facebook.com\/JavierChento\" \/>\n<meta property=\"article:published_time\" content=\"2016-05-16T06:15:49+00:00\" \/>\n<meta property=\"article:modified_time\" content=\"2016-07-26T16:54:18+00:00\" \/>\n<meta name=\"author\" content=\"Francisco Javier Fern\u00e1ndez Chento\" \/>\n<meta name=\"twitter:card\" content=\"summary_large_image\" \/>\n<meta name=\"twitter:creator\" content=\"@https:\/\/twitter.com\/javierchento\" \/>\n<meta name=\"twitter:site\" content=\"@WeVincentians\" \/>\n<meta name=\"twitter:label1\" content=\"Escrito por\" \/>\n\t<meta name=\"twitter:data1\" content=\"Francisco Javier Fern\u00e1ndez Chento\" \/>\n\t<meta name=\"twitter:label2\" content=\"Tiempo de lectura\" \/>\n\t<meta name=\"twitter:data2\" content=\"16 minutos\" \/>\n<script type=\"application\/ld+json\" class=\"yoast-schema-graph\">{\"@context\":\"https:\/\/schema.org\",\"@graph\":[{\"@type\":\"Article\",\"@id\":\"http:\/\/vincentians.com\/es\/la-espiritualidad-y-sus-transformaciones\/#article\",\"isPartOf\":{\"@id\":\"http:\/\/vincentians.com\/es\/la-espiritualidad-y-sus-transformaciones\/\"},\"author\":{\"name\":\"Francisco Javier Fern\u00e1ndez Chento\",\"@id\":\"http:\/\/vincentians.com\/es\/#\/schema\/person\/9623ef4d9aa3b2dfb8c061f1499288f2\"},\"headline\":\"La espiritualidad y sus transformaciones\",\"datePublished\":\"2016-05-16T06:15:49+00:00\",\"dateModified\":\"2016-07-26T16:54:18+00:00\",\"mainEntityOfPage\":{\"@id\":\"http:\/\/vincentians.com\/es\/la-espiritualidad-y-sus-transformaciones\/\"},\"wordCount\":3251,\"commentCount\":0,\"publisher\":{\"@id\":\"http:\/\/vincentians.com\/es\/#organization\"},\"image\":{\"@id\":\"http:\/\/vincentians.com\/es\/la-espiritualidad-y-sus-transformaciones\/#primaryimage\"},\"thumbnailUrl\":\"\",\"articleSection\":[\"Formaci\u00f3n Cristiana\",\"Juana Antida Thouret\"],\"inLanguage\":\"es\",\"potentialAction\":[{\"@type\":\"CommentAction\",\"name\":\"Comment\",\"target\":[\"http:\/\/vincentians.com\/es\/la-espiritualidad-y-sus-transformaciones\/#respond\"]}]},{\"@type\":\"WebPage\",\"@id\":\"http:\/\/vincentians.com\/es\/la-espiritualidad-y-sus-transformaciones\/\",\"url\":\"http:\/\/vincentians.com\/es\/la-espiritualidad-y-sus-transformaciones\/\",\"name\":\"La espiritualidad y sus transformaciones - Somos Vicencianos\",\"isPartOf\":{\"@id\":\"http:\/\/vincentians.com\/es\/#website\"},\"primaryImageOfPage\":{\"@id\":\"http:\/\/vincentians.com\/es\/la-espiritualidad-y-sus-transformaciones\/#primaryimage\"},\"image\":{\"@id\":\"http:\/\/vincentians.com\/es\/la-espiritualidad-y-sus-transformaciones\/#primaryimage\"},\"thumbnailUrl\":\"\",\"datePublished\":\"2016-05-16T06:15:49+00:00\",\"dateModified\":\"2016-07-26T16:54:18+00:00\",\"breadcrumb\":{\"@id\":\"http:\/\/vincentians.com\/es\/la-espiritualidad-y-sus-transformaciones\/#breadcrumb\"},\"inLanguage\":\"es\",\"potentialAction\":[{\"@type\":\"ReadAction\",\"target\":[\"http:\/\/vincentians.com\/es\/la-espiritualidad-y-sus-transformaciones\/\"]}]},{\"@type\":\"ImageObject\",\"inLanguage\":\"es\",\"@id\":\"http:\/\/vincentians.com\/es\/la-espiritualidad-y-sus-transformaciones\/#primaryimage\",\"url\":\"\",\"contentUrl\":\"\"},{\"@type\":\"BreadcrumbList\",\"@id\":\"http:\/\/vincentians.com\/es\/la-espiritualidad-y-sus-transformaciones\/#breadcrumb\",\"itemListElement\":[{\"@type\":\"ListItem\",\"position\":1,\"name\":\"Portada\",\"item\":\"http:\/\/vincentians.com\/es\/\"},{\"@type\":\"ListItem\",\"position\":2,\"name\":\"La espiritualidad y sus transformaciones\"}]},{\"@type\":\"WebSite\",\"@id\":\"http:\/\/vincentians.com\/es\/#website\",\"url\":\"http:\/\/vincentians.com\/es\/\",\"name\":\"Somos Vicencianos\",\"description\":\"Know more to serve more\",\"publisher\":{\"@id\":\"http:\/\/vincentians.com\/es\/#organization\"},\"potentialAction\":[{\"@type\":\"SearchAction\",\"target\":{\"@type\":\"EntryPoint\",\"urlTemplate\":\"http:\/\/vincentians.com\/es\/?s={search_term_string}\"},\"query-input\":{\"@type\":\"PropertyValueSpecification\",\"valueRequired\":true,\"valueName\":\"search_term_string\"}}],\"inLanguage\":\"es\"},{\"@type\":\"Organization\",\"@id\":\"http:\/\/vincentians.com\/es\/#organization\",\"name\":\"The Vincentian Network\",\"url\":\"http:\/\/vincentians.com\/es\/\",\"logo\":{\"@type\":\"ImageObject\",\"inLanguage\":\"es\",\"@id\":\"http:\/\/vincentians.com\/es\/#\/schema\/logo\/image\/\",\"url\":\"https:\/\/i1.wp.com\/vincentians.com\/es\/wp-content\/uploads\/sites\/11\/2016\/06\/Vincentian-Network-logo-big.png?fit=778%2C778\",\"contentUrl\":\"https:\/\/i1.wp.com\/vincentians.com\/es\/wp-content\/uploads\/sites\/11\/2016\/06\/Vincentian-Network-logo-big.png?fit=778%2C778\",\"width\":778,\"height\":778,\"caption\":\"The Vincentian Network\"},\"image\":{\"@id\":\"http:\/\/vincentians.com\/es\/#\/schema\/logo\/image\/\"},\"sameAs\":[\"https:\/\/www.facebook.com\/WeAreVincentians\/\",\"https:\/\/x.com\/WeVincentians\"]},{\"@type\":\"Person\",\"@id\":\"http:\/\/vincentians.com\/es\/#\/schema\/person\/9623ef4d9aa3b2dfb8c061f1499288f2\",\"name\":\"Francisco Javier Fern\u00e1ndez Chento\",\"image\":{\"@type\":\"ImageObject\",\"inLanguage\":\"es\",\"@id\":\"http:\/\/vincentians.com\/es\/#\/schema\/person\/image\/\",\"url\":\"https:\/\/secure.gravatar.com\/avatar\/497d5cde87b4c3d097d0315953521681ba2cd523ee66e5077c3711f7021e65de?s=96&d=mm&r=g\",\"contentUrl\":\"https:\/\/secure.gravatar.com\/avatar\/497d5cde87b4c3d097d0315953521681ba2cd523ee66e5077c3711f7021e65de?s=96&d=mm&r=g\",\"caption\":\"Francisco Javier Fern\u00e1ndez Chento\"},\"description\":\"Director General y cofundador de La Red de Formaci\u00f3n Vicenciana. Javier es laico vicenciano, afiliado a la Congregaci\u00f3n de la Misi\u00f3n y miembro del Equipo de Misiones Populares de la provincia can\u00f3nica de Zaragoza (Espa\u00f1a) de la Congregaci\u00f3n de la Misi\u00f3n. Graduado en la Universidad Oberta de Catalunya con cuatro grados (Asistente de direcci\u00f3n, Gesti\u00f3n Administrativa, Recursos Humanos y Contabilidad Avanzada). Bil\u00edng\u00fce Espa\u00f1ol\/Ingl\u00e9s. gestiona y mantiene varias p\u00e1ginas web cristianas y vicencianas, incluida including La Red de Formaci\u00f3n Vicenciana, de la que es cofundador. Actualmente es responsable del \u00e1rea de Espa\u00f1ol de .famvin, la Red de Noticias de la Familia Vicenciana. Tambi\u00e9n es m\u00fasico cat\u00f3lico y ha editado varios discos. Es Director General y cofundador de Trovador, una reconocida compa\u00f1\u00eda discogr\u00e1fica critiana de Espa\u00f1a. Trabaja en las Tecnolog\u00edas de la Informaci\u00f3n, ofreciendo servicios de alojamiento, dise\u00f1o y mantenimiento Web, as\u00ed como asesoramiento, formaci\u00f3n y soluciones inform\u00e1ticas, gesti\u00f3n documental y digitalizaci\u00f3n de textos, edici\u00f3n y maquetaci\u00f3n de libros, revistas, flyers, etc.\",\"sameAs\":[\"http:\/\/chento.org\",\"https:\/\/www.facebook.com\/JavierChento\",\"https:\/\/x.com\/https:\/\/twitter.com\/javierchento\"],\"url\":\"http:\/\/vincentians.com\/es\/author\/chento\/\"}]}<\/script>\n<!-- \/ Yoast SEO plugin. -->","yoast_head_json":{"title":"La espiritualidad y sus transformaciones - Somos Vicencianos","robots":{"index":"index","follow":"follow","max-snippet":"max-snippet:-1","max-image-preview":"max-image-preview:large","max-video-preview":"max-video-preview:-1"},"canonical":"http:\/\/vincentians.com\/es\/la-espiritualidad-y-sus-transformaciones\/","og_locale":"es_ES","og_type":"article","og_title":"La espiritualidad y sus transformaciones - Somos Vicencianos","og_description":"I. Espiritualidad Humana y espiritualidad cristiana 1. La espiritualidad es la \u00abvida seg\u00fan el esp\u00edritu\u00bb que se desglosa en cuatro etapas: a) la atenci\u00f3n a los datos de la experiencia; b) la inteligencia interpretativa de ... Read More","og_url":"http:\/\/vincentians.com\/es\/la-espiritualidad-y-sus-transformaciones\/","og_site_name":"Somos Vicencianos","article_publisher":"https:\/\/www.facebook.com\/WeAreVincentians\/","article_author":"https:\/\/www.facebook.com\/JavierChento","article_published_time":"2016-05-16T06:15:49+00:00","article_modified_time":"2016-07-26T16:54:18+00:00","author":"Francisco Javier Fern\u00e1ndez Chento","twitter_card":"summary_large_image","twitter_creator":"@https:\/\/twitter.com\/javierchento","twitter_site":"@WeVincentians","twitter_misc":{"Escrito por":"Francisco Javier Fern\u00e1ndez Chento","Tiempo de lectura":"16 minutos"},"schema":{"@context":"https:\/\/schema.org","@graph":[{"@type":"Article","@id":"http:\/\/vincentians.com\/es\/la-espiritualidad-y-sus-transformaciones\/#article","isPartOf":{"@id":"http:\/\/vincentians.com\/es\/la-espiritualidad-y-sus-transformaciones\/"},"author":{"name":"Francisco Javier Fern\u00e1ndez Chento","@id":"http:\/\/vincentians.com\/es\/#\/schema\/person\/9623ef4d9aa3b2dfb8c061f1499288f2"},"headline":"La espiritualidad y sus transformaciones","datePublished":"2016-05-16T06:15:49+00:00","dateModified":"2016-07-26T16:54:18+00:00","mainEntityOfPage":{"@id":"http:\/\/vincentians.com\/es\/la-espiritualidad-y-sus-transformaciones\/"},"wordCount":3251,"commentCount":0,"publisher":{"@id":"http:\/\/vincentians.com\/es\/#organization"},"image":{"@id":"http:\/\/vincentians.com\/es\/la-espiritualidad-y-sus-transformaciones\/#primaryimage"},"thumbnailUrl":"","articleSection":["Formaci\u00f3n Cristiana","Juana Antida Thouret"],"inLanguage":"es","potentialAction":[{"@type":"CommentAction","name":"Comment","target":["http:\/\/vincentians.com\/es\/la-espiritualidad-y-sus-transformaciones\/#respond"]}]},{"@type":"WebPage","@id":"http:\/\/vincentians.com\/es\/la-espiritualidad-y-sus-transformaciones\/","url":"http:\/\/vincentians.com\/es\/la-espiritualidad-y-sus-transformaciones\/","name":"La espiritualidad y sus transformaciones - Somos Vicencianos","isPartOf":{"@id":"http:\/\/vincentians.com\/es\/#website"},"primaryImageOfPage":{"@id":"http:\/\/vincentians.com\/es\/la-espiritualidad-y-sus-transformaciones\/#primaryimage"},"image":{"@id":"http:\/\/vincentians.com\/es\/la-espiritualidad-y-sus-transformaciones\/#primaryimage"},"thumbnailUrl":"","datePublished":"2016-05-16T06:15:49+00:00","dateModified":"2016-07-26T16:54:18+00:00","breadcrumb":{"@id":"http:\/\/vincentians.com\/es\/la-espiritualidad-y-sus-transformaciones\/#breadcrumb"},"inLanguage":"es","potentialAction":[{"@type":"ReadAction","target":["http:\/\/vincentians.com\/es\/la-espiritualidad-y-sus-transformaciones\/"]}]},{"@type":"ImageObject","inLanguage":"es","@id":"http:\/\/vincentians.com\/es\/la-espiritualidad-y-sus-transformaciones\/#primaryimage","url":"","contentUrl":""},{"@type":"BreadcrumbList","@id":"http:\/\/vincentians.com\/es\/la-espiritualidad-y-sus-transformaciones\/#breadcrumb","itemListElement":[{"@type":"ListItem","position":1,"name":"Portada","item":"http:\/\/vincentians.com\/es\/"},{"@type":"ListItem","position":2,"name":"La espiritualidad y sus transformaciones"}]},{"@type":"WebSite","@id":"http:\/\/vincentians.com\/es\/#website","url":"http:\/\/vincentians.com\/es\/","name":"Somos Vicencianos","description":"Know more to serve more","publisher":{"@id":"http:\/\/vincentians.com\/es\/#organization"},"potentialAction":[{"@type":"SearchAction","target":{"@type":"EntryPoint","urlTemplate":"http:\/\/vincentians.com\/es\/?s={search_term_string}"},"query-input":{"@type":"PropertyValueSpecification","valueRequired":true,"valueName":"search_term_string"}}],"inLanguage":"es"},{"@type":"Organization","@id":"http:\/\/vincentians.com\/es\/#organization","name":"The Vincentian Network","url":"http:\/\/vincentians.com\/es\/","logo":{"@type":"ImageObject","inLanguage":"es","@id":"http:\/\/vincentians.com\/es\/#\/schema\/logo\/image\/","url":"https:\/\/i1.wp.com\/vincentians.com\/es\/wp-content\/uploads\/sites\/11\/2016\/06\/Vincentian-Network-logo-big.png?fit=778%2C778","contentUrl":"https:\/\/i1.wp.com\/vincentians.com\/es\/wp-content\/uploads\/sites\/11\/2016\/06\/Vincentian-Network-logo-big.png?fit=778%2C778","width":778,"height":778,"caption":"The Vincentian Network"},"image":{"@id":"http:\/\/vincentians.com\/es\/#\/schema\/logo\/image\/"},"sameAs":["https:\/\/www.facebook.com\/WeAreVincentians\/","https:\/\/x.com\/WeVincentians"]},{"@type":"Person","@id":"http:\/\/vincentians.com\/es\/#\/schema\/person\/9623ef4d9aa3b2dfb8c061f1499288f2","name":"Francisco Javier Fern\u00e1ndez Chento","image":{"@type":"ImageObject","inLanguage":"es","@id":"http:\/\/vincentians.com\/es\/#\/schema\/person\/image\/","url":"https:\/\/secure.gravatar.com\/avatar\/497d5cde87b4c3d097d0315953521681ba2cd523ee66e5077c3711f7021e65de?s=96&d=mm&r=g","contentUrl":"https:\/\/secure.gravatar.com\/avatar\/497d5cde87b4c3d097d0315953521681ba2cd523ee66e5077c3711f7021e65de?s=96&d=mm&r=g","caption":"Francisco Javier Fern\u00e1ndez Chento"},"description":"Director General y cofundador de La Red de Formaci\u00f3n Vicenciana. Javier es laico vicenciano, afiliado a la Congregaci\u00f3n de la Misi\u00f3n y miembro del Equipo de Misiones Populares de la provincia can\u00f3nica de Zaragoza (Espa\u00f1a) de la Congregaci\u00f3n de la Misi\u00f3n. Graduado en la Universidad Oberta de Catalunya con cuatro grados (Asistente de direcci\u00f3n, Gesti\u00f3n Administrativa, Recursos Humanos y Contabilidad Avanzada). Bil\u00edng\u00fce Espa\u00f1ol\/Ingl\u00e9s. gestiona y mantiene varias p\u00e1ginas web cristianas y vicencianas, incluida including La Red de Formaci\u00f3n Vicenciana, de la que es cofundador. Actualmente es responsable del \u00e1rea de Espa\u00f1ol de .famvin, la Red de Noticias de la Familia Vicenciana. Tambi\u00e9n es m\u00fasico cat\u00f3lico y ha editado varios discos. Es Director General y cofundador de Trovador, una reconocida compa\u00f1\u00eda discogr\u00e1fica critiana de Espa\u00f1a. Trabaja en las Tecnolog\u00edas de la Informaci\u00f3n, ofreciendo servicios de alojamiento, dise\u00f1o y mantenimiento Web, as\u00ed como asesoramiento, formaci\u00f3n y soluciones inform\u00e1ticas, gesti\u00f3n documental y digitalizaci\u00f3n de textos, edici\u00f3n y maquetaci\u00f3n de libros, revistas, flyers, etc.","sameAs":["http:\/\/chento.org","https:\/\/www.facebook.com\/JavierChento","https:\/\/x.com\/https:\/\/twitter.com\/javierchento"],"url":"http:\/\/vincentians.com\/es\/author\/chento\/"}]}},"jetpack_publicize_connections":[],"jetpack_featured_media_url":"","jetpack_sharing_enabled":true,"jetpack_shortlink":"https:\/\/wp.me\/p7ETMF-a64","jetpack-related-posts":[{"id":122934,"url":"http:\/\/vincentians.com\/es\/introduccion-a-la-espiritualidad-vicenciana-laical\/","url_meta":{"origin":38816,"position":0},"title":"Introducci\u00f3n a la espiritualidad vicenciana laical","author":"Francisco Javier Fern\u00e1ndez Chento","date":"24\/06\/2015","format":false,"excerpt":"1. Lo que pretendo De momento, en este trabajo, no pretendo ofre\u00adcer un tratado perfecto y acabado de la espiritua\u00adlidad vicenciana laical, sino m\u00e1s bien asentar unos principios a modo de introducci\u00f3n. El pro\u00adyecto es ofrecer algunos criterios que puedan ayudar al laico vicenciano a vivir su condici\u00f3n de cristiano,\u2026","rel":"","context":"En \u00abEspiritualidad vicenciana\u00bb","block_context":{"text":"Espiritualidad vicenciana","link":"http:\/\/vincentians.com\/es\/category\/espiritualidad\/espiritualidad-vicenciana\/"},"img":{"alt_text":"sanvi_famvi","src":"https:\/\/i0.wp.com\/vicencianos.org\/wp-content\/2010\/12\/sanvi_famvi-300x296.jpg?resize=350%2C200","width":350,"height":200},"classes":[]},{"id":117965,"url":"http:\/\/vincentians.com\/es\/las-potencias-del-alma-de-la-cm-y-expresion-de-su-espiritu\/","url_meta":{"origin":38816,"position":1},"title":"Las potencias del alma de la CM y expresi\u00f3n de su Esp\u00edritu","author":"Francisco Javier Fern\u00e1ndez Chento","date":"21\/08\/2021","format":false,"excerpt":"LAS POTENCIAS DE ALMA.... En el cultivo y la pr\u00e1ctica de estas virtudes, la Congregaci\u00f3n ha de empe\u00ad\u00f1arse muy cuidadosamente, pues estas cinco virtudes son como las poten\u00adcias del alma de la Congregaci\u00f3n entera, y deben animar las acciones de todos nosotros (RC II, 14). 1) En la historia de\u2026","rel":"","context":"En \u00abFormaci\u00f3n Vicenciana\u00bb","block_context":{"text":"Formaci\u00f3n Vicenciana","link":"http:\/\/vincentians.com\/es\/category\/formacion-vicenciana\/"},"img":{"alt_text":"","src":"https:\/\/i0.wp.com\/vincentians.com\/es\/wp-content\/uploads\/sites\/11\/2017\/04\/vicente-y-eucaristia.jpg?fit=1200%2C630&resize=350%2C200","width":350,"height":200,"srcset":"https:\/\/i0.wp.com\/vincentians.com\/es\/wp-content\/uploads\/sites\/11\/2017\/04\/vicente-y-eucaristia.jpg?fit=1200%2C630&resize=350%2C200 1x, https:\/\/i0.wp.com\/vincentians.com\/es\/wp-content\/uploads\/sites\/11\/2017\/04\/vicente-y-eucaristia.jpg?fit=1200%2C630&resize=525%2C300 1.5x, https:\/\/i0.wp.com\/vincentians.com\/es\/wp-content\/uploads\/sites\/11\/2017\/04\/vicente-y-eucaristia.jpg?fit=1200%2C630&resize=700%2C400 2x, https:\/\/i0.wp.com\/vincentians.com\/es\/wp-content\/uploads\/sites\/11\/2017\/04\/vicente-y-eucaristia.jpg?fit=1200%2C630&resize=1050%2C600 3x"},"classes":[]},{"id":149456,"url":"http:\/\/vincentians.com\/es\/las-corrientes-espirituales-del-siglo-xvii-frances\/","url_meta":{"origin":38816,"position":2},"title":"Las corrientes espirituales del siglo XVII franc\u00e9s","author":"Francisco Javier Fern\u00e1ndez Chento","date":"24\/05\/2015","format":false,"excerpt":"I- El contexto espiritual general: de San Agust\u00edn a la Ilustraci\u00f3n Introducci\u00f3n Se trata de presentar el mundo espiritual en el que Juan Bautista De La Salle ha vivido, aclarar sus actitudes y sus opciones, con el fin de comprender mejor lo que nos dice, en particular lo que se\u2026","rel":"","context":"En \u00abEn tiempos de Vicente de Pa\u00fal\u00bb","block_context":{"text":"En tiempos de Vicente de Pa\u00fal","link":"http:\/\/vincentians.com\/es\/category\/historia-de-la-familia-vicenciana\/en-tiempos-de-vicente-de-paul\/"},"img":{"alt_text":"clero_siglo_xvii","src":"https:\/\/i0.wp.com\/vicencianos.org\/wp-content\/2012\/02\/clero_siglo_xvii-300x280.jpg?resize=350%2C200","width":350,"height":200},"classes":[]},{"id":116979,"url":"http:\/\/vincentians.com\/es\/espiritualidad-vicenciana-y-renovacion-conciliar\/","url_meta":{"origin":38816,"position":3},"title":"Espiritualidad vicenciana y renovaci\u00f3n conciliar","author":"Francisco Javier Fern\u00e1ndez Chento","date":"19\/03\/2015","format":false,"excerpt":"En la Iglesia posconciliar se necesita un estudio s\u00f3lido y diverso de la espiritualidad cristiana b\u00e1sica y de las \"espiritualidades\" que han aplicado la Espiritualidad evang\u00e9lica a distintas situa\u00adciones hist\u00f3ricas y a familias religiosas y apost\u00f3licas, para reali\u00adzar la \"adecuada renovaci\u00f3n\" de estas espiritualidades a la au\u00adt\u00e9ntica espiritualidad Cristoc\u00e9ntrica y\u2026","rel":"","context":"En \u00abEspiritualidad vicenciana\u00bb","block_context":{"text":"Espiritualidad vicenciana","link":"http:\/\/vincentians.com\/es\/category\/espiritualidad\/espiritualidad-vicenciana\/"},"img":{"alt_text":"concilio1","src":"https:\/\/i0.wp.com\/vicencianos.org\/wp-content\/2013\/01\/concilio1-300x113.jpg?resize=350%2C200","width":350,"height":200},"classes":[]},{"id":140312,"url":"http:\/\/vincentians.com\/es\/espiritualidad-y-cambio-sistemico\/","url_meta":{"origin":38816,"position":4},"title":"Espiritualidad y cambio sist\u00e9mico","author":"Francisco Javier Fern\u00e1ndez Chento","date":"21\/02\/2015","format":false,"excerpt":"1.- M\u00e1s que una relaci\u00f3n, quisiera proponerles una breve meditaci\u00f3n... El objetivo de esta meditaci\u00f3n es redescubrir la dimensi\u00f3n espiritual contenida en la metodolog\u00eda del cambio sist\u00e9mico, que no es una estrategia de trabajo, sino una dimen\u00adsi\u00f3n espiritual, un acto de fe, que est\u00e1 en la base, si queremos vivirla\u2026","rel":"","context":"En \u00abCambio sist\u00e9mico\u00bb","block_context":{"text":"Cambio sist\u00e9mico","link":"http:\/\/vincentians.com\/es\/category\/formacion-vicenciana\/cambio-sistemico\/"},"img":{"alt_text":"manzanas_union","src":"https:\/\/i0.wp.com\/vicencianos.org\/wp-content\/2015\/02\/manzanas_union-244x300.jpg?resize=350%2C200","width":350,"height":200},"classes":[]},{"id":119584,"url":"http:\/\/vincentians.com\/es\/luisa-de-marillac-formadora-de-los-laicos\/","url_meta":{"origin":38816,"position":5},"title":"Luisa de Marillac, formadora de los laicos","author":"Francisco Javier Fern\u00e1ndez Chento","date":"27\/01\/2016","format":false,"excerpt":"1.- Introducci\u00f3n y circunstancias ambientales. Cuando se me pidi\u00f3 este trabajo lo primero que se me ocurri\u00f3 es ir a las biograf\u00edas de Santa Luisa. En la primera biograf\u00eda, escrita por Nicol\u00e1s Gobill\u00f3n catorce a\u00f1os despu\u00e9s de su muerte, encontr\u00e9 esta cita: \"Desde el momento en que comenz\u00f3 las reuniones,\u2026","rel":"","context":"En \u00abFormaci\u00f3n Vicenciana\u00bb","block_context":{"text":"Formaci\u00f3n Vicenciana","link":"http:\/\/vincentians.com\/es\/category\/formacion-vicenciana\/"},"img":{"alt_text":"vicente luisa munecos","src":"https:\/\/i0.wp.com\/vicencianos.org\/wp-content\/uploads\/2015\/06\/vicente-luisa-munecos-1024x768.jpg?resize=350%2C200","width":350,"height":200,"srcset":"https:\/\/i0.wp.com\/vicencianos.org\/wp-content\/uploads\/2015\/06\/vicente-luisa-munecos-1024x768.jpg?resize=350%2C200 1x, https:\/\/i0.wp.com\/vicencianos.org\/wp-content\/uploads\/2015\/06\/vicente-luisa-munecos-1024x768.jpg?resize=525%2C300 1.5x, https:\/\/i0.wp.com\/vicencianos.org\/wp-content\/uploads\/2015\/06\/vicente-luisa-munecos-1024x768.jpg?resize=700%2C400 2x"},"classes":[]}],"_links":{"self":[{"href":"http:\/\/vincentians.com\/es\/wp-json\/wp\/v2\/posts\/38816","targetHints":{"allow":["GET"]}}],"collection":[{"href":"http:\/\/vincentians.com\/es\/wp-json\/wp\/v2\/posts"}],"about":[{"href":"http:\/\/vincentians.com\/es\/wp-json\/wp\/v2\/types\/post"}],"author":[{"embeddable":true,"href":"http:\/\/vincentians.com\/es\/wp-json\/wp\/v2\/users\/4"}],"replies":[{"embeddable":true,"href":"http:\/\/vincentians.com\/es\/wp-json\/wp\/v2\/comments?post=38816"}],"version-history":[{"count":0,"href":"http:\/\/vincentians.com\/es\/wp-json\/wp\/v2\/posts\/38816\/revisions"}],"wp:featuredmedia":[{"embeddable":true,"href":"http:\/\/vincentians.com\/es\/wp-json\/"}],"wp:attachment":[{"href":"http:\/\/vincentians.com\/es\/wp-json\/wp\/v2\/media?parent=38816"}],"wp:term":[{"taxonomy":"category","embeddable":true,"href":"http:\/\/vincentians.com\/es\/wp-json\/wp\/v2\/categories?post=38816"},{"taxonomy":"post_tag","embeddable":true,"href":"http:\/\/vincentians.com\/es\/wp-json\/wp\/v2\/tags?post=38816"}],"curies":[{"name":"wp","href":"https:\/\/api.w.org\/{rel}","templated":true}]}}