{"id":386710,"date":"2016-01-21T19:38:41","date_gmt":"2016-01-21T18:38:41","guid":{"rendered":"http:\/\/vicencianos.org\/?p=386710"},"modified":"2016-07-24T10:28:23","modified_gmt":"2016-07-24T08:28:23","slug":"3o-domingo-t-reflexion-ross-reyes-dizon","status":"publish","type":"post","link":"http:\/\/vincentians.com\/es\/3o-domingo-t-reflexion-ross-reyes-dizon\/","title":{"rendered":"3\u00ba Domingo de T.O. (reflexi\u00f3n de Ross Reyes Dizon)"},"content":{"rendered":"<p class=\"title entry-title\"><em>Evangelizar a los pobres con solidez<\/em><\/p>\n<p>Jes\u00fas ha sido enviado para evangelizar a los pobres.<\/p>\n<p>Para esta misi\u00f3n lo ha ungido Dios con el Esp\u00edritu. Pero evangelizar no es algo \u00abespiritual\u00bb en el sentido de \u00abirreal\u00bb e \u00ab<a href=\"http:\/\/www.gruposdejesus.com\/bautismo-del-senor-c-lucas-315-16-21-22\/\" target=\"_blank\">in\u00fatil<\/a>\u00bb siquiera.<\/p>\n<p>Evangelizar no es solo anunciar por palabra y de manera abstracta la Buena Noticia. La evangelizaci\u00f3n entra\u00f1a, sobre todo, una proclamaci\u00f3n por obra, de manera concreta. Es romper la cadena injusta, desatar las correas del yugo insoportable, darles respiro a los pobres cansados y agobiados, abandonados y maltratados, entre los cuales \u00abest\u00e1 nuestra oprimida y devastada tierra\u00bb (<a href=\"http:\/\/w2.vatican.va\/content\/francesco\/es\/encyclicals\/documents\/papa-francesco_20150524_enciclica-laudato-si.html\" target=\"_blank\"><em>LS<\/em> 2<\/a>).<\/p>\n<p>La evangelizaci\u00f3n, pues, que lleva a que se conozca la solidez de las ense\u00f1anzas impartidas es solo del que, habiendo proclamado palabras, les asegura a los congregados bien atentos: \u00abHoy se cumple esta escritura que acab\u00e1is de o\u00edr\u00bb. Jes\u00fas, s\u00ed, es la Palabra creadora de Dios.<\/p>\n<p>As\u00ed como Dios, con su palabra, dio origen a todo lo creado, as\u00ed tambi\u00e9n Jes\u00fas, la Palabra que da plenitud a todas las palabras de Dios comunicadas antiguamente mediante los profetas, lleva a la existencia lo que \u00e9l pronuncia. As\u00ed como las palabras de Dios consolaban e impulsaban a su pueblo elegido, as\u00ed tambi\u00e9n la Palabra hecha carne, la \u00fanica que da a conocer a Dios y sus planes y caminos, alienta a los abatidos y nos desaf\u00eda a esforzarnos por un mundo m\u00e1s humano.<\/p>\n<p>\u00bfSon as\u00ed las palabras que pronunciamos en nombre de Jes\u00fas? \u00bfUtilizamos las palabras recomendadas por san Vicente de Pa\u00fal (SV.ES IX:916), buenas, sinceras, entra\u00f1ables, suficientes para atraer hacia Dios a gente m\u00e1s dif\u00edcil y molesta? \u00bfNo nos resultan palabrer\u00edas las ense\u00f1anzas de <em>Laudato si\u2019<\/em>, siguiendo nosotros quiz\u00e1s con la misma vida consumista de siempre?<\/p>\n<p>\u00bfSe proclama clara y sencillamente la Escritura en nuestras iglesias de modo que todos la entiendan y broten de corazones arrepentidos l\u00e1grimas de alegr\u00eda? \u00bfSe realiza en nuestras comunidades cristianas la afirmaci\u00f3n de que \u00abtodos los miembros por igual se preocupan unos de otros\u00bb? \u00bfContribuyen nuestras palabras a que se cree entre nosotros la comuni\u00f3n grata a Dios, y no la sacr\u00edlega que desmiembra a Cristo, dejando que pasen hambre los miembros necesitados?<\/p>\n<p>\u00bfTenemos la convicci\u00f3n de san Vicente? Recordando con cari\u00f1o y asombro los comienzos de la C.M., \u00e9l iba repitiendo: \u00abMe ha enviado para evangelizar a los pobres\u00bb, y viviendo lo repetido, ense\u00f1\u00f3 por su vida que nada le importaba m\u00e1s que evangelizar a los pobres a imitaci\u00f3n de Cristo (SV.ES XI:321-331).<\/p>\n<p><em>Se\u00f1or, conc\u00e9denos evangelizar a los pobres de palabra y de obra, asisti\u00e9ndoles de todas las maneras y procurando que los dem\u00e1s les asistan asimismo (SV.ES XI:393).<\/em><\/p>\n<p>24 de enero de 2016<br \/>\n3\u00ba Domingo de T.O. (C)<br \/>\nNeh 8, 2-4a. 5-6. 8-10; 1 Cor 12, 12-30; Lc 1, 1-4; 4, 14-21<\/p>\n","protected":false},"excerpt":{"rendered":"<p>Evangelizar a los pobres con solidez Jes\u00fas ha sido enviado para evangelizar a los pobres. Para esta misi\u00f3n lo ha ungido Dios con el Esp\u00edritu. Pero evangelizar no es algo \u00abespiritual\u00bb en el sentido de &#8230; <a href=\"http:\/\/vincentians.com\/es\/3o-domingo-t-reflexion-ross-reyes-dizon\/\" class=\"more-link\">Read More<\/a><\/p>\n","protected":false},"author":4,"featured_media":388397,"comment_status":"open","ping_status":"closed","sticky":false,"template":"","format":"standard","meta":{"jetpack_post_was_ever_published":false,"_jetpack_newsletter_access":"","_jetpack_dont_email_post_to_subs":false,"_jetpack_newsletter_tier_id":0,"_jetpack_memberships_contains_paywalled_content":false,"_jetpack_memberships_contains_paid_content":false,"footnotes":"","jetpack_publicize_message":"","jetpack_publicize_feature_enabled":true,"jetpack_social_post_already_shared":true,"jetpack_social_options":{"image_generator_settings":{"template":"highway","default_image_id":0,"font":"","enabled":false},"version":2}},"categories":[94],"tags":[],"class_list":["post-386710","post","type-post","status-publish","format-standard","has-post-thumbnail","hentry","category-homilias-y-reflexiones-ano-c"],"yoast_head":"<!-- This site is optimized with the Yoast SEO plugin v26.3 - https:\/\/yoast.com\/wordpress\/plugins\/seo\/ -->\n<title>3\u00ba Domingo de T.O. (reflexi\u00f3n de Ross Reyes Dizon) - Somos Vicencianos<\/title>\n<meta name=\"robots\" content=\"index, follow, max-snippet:-1, max-image-preview:large, max-video-preview:-1\" \/>\n<link rel=\"canonical\" href=\"http:\/\/vincentians.com\/es\/3o-domingo-t-reflexion-ross-reyes-dizon\/\" \/>\n<meta property=\"og:locale\" content=\"es_ES\" \/>\n<meta property=\"og:type\" content=\"article\" \/>\n<meta property=\"og:title\" content=\"3\u00ba Domingo de T.O. (reflexi\u00f3n de Ross Reyes Dizon) - Somos Vicencianos\" \/>\n<meta property=\"og:description\" content=\"Evangelizar a los pobres con solidez Jes\u00fas ha sido enviado para evangelizar a los pobres. Para esta misi\u00f3n lo ha ungido Dios con el Esp\u00edritu. Pero evangelizar no es algo \u00abespiritual\u00bb en el sentido de ... Read More\" \/>\n<meta property=\"og:url\" content=\"http:\/\/vincentians.com\/es\/3o-domingo-t-reflexion-ross-reyes-dizon\/\" \/>\n<meta property=\"og:site_name\" content=\"Somos Vicencianos\" \/>\n<meta property=\"article:publisher\" content=\"https:\/\/www.facebook.com\/WeAreVincentians\/\" \/>\n<meta property=\"article:author\" content=\"https:\/\/www.facebook.com\/JavierChento\" \/>\n<meta property=\"article:published_time\" content=\"2016-01-21T18:38:41+00:00\" \/>\n<meta property=\"article:modified_time\" content=\"2016-07-24T08:28:23+00:00\" \/>\n<meta property=\"og:image\" content=\"https:\/\/i0.wp.com\/vincentians.com\/es\/wp-content\/uploads\/sites\/11\/2016\/07\/reflexiones-ross.jpg?fit=1200%2C630\" \/>\n\t<meta property=\"og:image:width\" content=\"1200\" \/>\n\t<meta property=\"og:image:height\" content=\"630\" \/>\n\t<meta property=\"og:image:type\" content=\"image\/jpeg\" \/>\n<meta name=\"author\" content=\"Francisco Javier Fern\u00e1ndez Chento\" \/>\n<meta name=\"twitter:card\" content=\"summary_large_image\" \/>\n<meta name=\"twitter:creator\" content=\"@https:\/\/twitter.com\/javierchento\" \/>\n<meta name=\"twitter:site\" content=\"@WeVincentians\" \/>\n<meta name=\"twitter:label1\" content=\"Escrito por\" \/>\n\t<meta name=\"twitter:data1\" content=\"Francisco Javier Fern\u00e1ndez Chento\" \/>\n\t<meta name=\"twitter:label2\" content=\"Tiempo de lectura\" \/>\n\t<meta name=\"twitter:data2\" content=\"2 minutos\" \/>\n<script type=\"application\/ld+json\" class=\"yoast-schema-graph\">{\"@context\":\"https:\/\/schema.org\",\"@graph\":[{\"@type\":\"Article\",\"@id\":\"http:\/\/vincentians.com\/es\/3o-domingo-t-reflexion-ross-reyes-dizon\/#article\",\"isPartOf\":{\"@id\":\"http:\/\/vincentians.com\/es\/3o-domingo-t-reflexion-ross-reyes-dizon\/\"},\"author\":{\"name\":\"Francisco Javier Fern\u00e1ndez Chento\",\"@id\":\"https:\/\/vincentians.com\/es\/#\/schema\/person\/9623ef4d9aa3b2dfb8c061f1499288f2\"},\"headline\":\"3\u00ba Domingo de T.O. (reflexi\u00f3n de Ross Reyes Dizon)\",\"datePublished\":\"2016-01-21T18:38:41+00:00\",\"dateModified\":\"2016-07-24T08:28:23+00:00\",\"mainEntityOfPage\":{\"@id\":\"http:\/\/vincentians.com\/es\/3o-domingo-t-reflexion-ross-reyes-dizon\/\"},\"wordCount\":503,\"commentCount\":0,\"publisher\":{\"@id\":\"https:\/\/vincentians.com\/es\/#organization\"},\"image\":{\"@id\":\"http:\/\/vincentians.com\/es\/3o-domingo-t-reflexion-ross-reyes-dizon\/#primaryimage\"},\"thumbnailUrl\":\"https:\/\/i0.wp.com\/vincentians.com\/es\/wp-content\/uploads\/sites\/11\/2016\/07\/reflexiones-ross.jpg?fit=1200%2C630\",\"articleSection\":[\"Homil\u00edas y reflexiones, A\u00f1o C\"],\"inLanguage\":\"es\",\"potentialAction\":[{\"@type\":\"CommentAction\",\"name\":\"Comment\",\"target\":[\"http:\/\/vincentians.com\/es\/3o-domingo-t-reflexion-ross-reyes-dizon\/#respond\"]}]},{\"@type\":\"WebPage\",\"@id\":\"http:\/\/vincentians.com\/es\/3o-domingo-t-reflexion-ross-reyes-dizon\/\",\"url\":\"http:\/\/vincentians.com\/es\/3o-domingo-t-reflexion-ross-reyes-dizon\/\",\"name\":\"3\u00ba Domingo de T.O. (reflexi\u00f3n de Ross Reyes Dizon) - Somos Vicencianos\",\"isPartOf\":{\"@id\":\"https:\/\/vincentians.com\/es\/#website\"},\"primaryImageOfPage\":{\"@id\":\"http:\/\/vincentians.com\/es\/3o-domingo-t-reflexion-ross-reyes-dizon\/#primaryimage\"},\"image\":{\"@id\":\"http:\/\/vincentians.com\/es\/3o-domingo-t-reflexion-ross-reyes-dizon\/#primaryimage\"},\"thumbnailUrl\":\"https:\/\/i0.wp.com\/vincentians.com\/es\/wp-content\/uploads\/sites\/11\/2016\/07\/reflexiones-ross.jpg?fit=1200%2C630\",\"datePublished\":\"2016-01-21T18:38:41+00:00\",\"dateModified\":\"2016-07-24T08:28:23+00:00\",\"breadcrumb\":{\"@id\":\"http:\/\/vincentians.com\/es\/3o-domingo-t-reflexion-ross-reyes-dizon\/#breadcrumb\"},\"inLanguage\":\"es\",\"potentialAction\":[{\"@type\":\"ReadAction\",\"target\":[\"http:\/\/vincentians.com\/es\/3o-domingo-t-reflexion-ross-reyes-dizon\/\"]}]},{\"@type\":\"ImageObject\",\"inLanguage\":\"es\",\"@id\":\"http:\/\/vincentians.com\/es\/3o-domingo-t-reflexion-ross-reyes-dizon\/#primaryimage\",\"url\":\"https:\/\/i0.wp.com\/vincentians.com\/es\/wp-content\/uploads\/sites\/11\/2016\/07\/reflexiones-ross.jpg?fit=1200%2C630\",\"contentUrl\":\"https:\/\/i0.wp.com\/vincentians.com\/es\/wp-content\/uploads\/sites\/11\/2016\/07\/reflexiones-ross.jpg?fit=1200%2C630\",\"width\":1200,\"height\":630},{\"@type\":\"BreadcrumbList\",\"@id\":\"http:\/\/vincentians.com\/es\/3o-domingo-t-reflexion-ross-reyes-dizon\/#breadcrumb\",\"itemListElement\":[{\"@type\":\"ListItem\",\"position\":1,\"name\":\"Portada\",\"item\":\"https:\/\/vincentians.com\/es\/\"},{\"@type\":\"ListItem\",\"position\":2,\"name\":\"3\u00ba Domingo de T.O. (reflexi\u00f3n de Ross Reyes Dizon)\"}]},{\"@type\":\"WebSite\",\"@id\":\"https:\/\/vincentians.com\/es\/#website\",\"url\":\"https:\/\/vincentians.com\/es\/\",\"name\":\"Somos Vicencianos\",\"description\":\"Know more to serve more\",\"publisher\":{\"@id\":\"https:\/\/vincentians.com\/es\/#organization\"},\"potentialAction\":[{\"@type\":\"SearchAction\",\"target\":{\"@type\":\"EntryPoint\",\"urlTemplate\":\"https:\/\/vincentians.com\/es\/?s={search_term_string}\"},\"query-input\":{\"@type\":\"PropertyValueSpecification\",\"valueRequired\":true,\"valueName\":\"search_term_string\"}}],\"inLanguage\":\"es\"},{\"@type\":\"Organization\",\"@id\":\"https:\/\/vincentians.com\/es\/#organization\",\"name\":\"The Vincentian Network\",\"url\":\"https:\/\/vincentians.com\/es\/\",\"logo\":{\"@type\":\"ImageObject\",\"inLanguage\":\"es\",\"@id\":\"https:\/\/vincentians.com\/es\/#\/schema\/logo\/image\/\",\"url\":\"https:\/\/i1.wp.com\/vincentians.com\/es\/wp-content\/uploads\/sites\/11\/2016\/06\/Vincentian-Network-logo-big.png?fit=778%2C778\",\"contentUrl\":\"https:\/\/i1.wp.com\/vincentians.com\/es\/wp-content\/uploads\/sites\/11\/2016\/06\/Vincentian-Network-logo-big.png?fit=778%2C778\",\"width\":778,\"height\":778,\"caption\":\"The Vincentian Network\"},\"image\":{\"@id\":\"https:\/\/vincentians.com\/es\/#\/schema\/logo\/image\/\"},\"sameAs\":[\"https:\/\/www.facebook.com\/WeAreVincentians\/\",\"https:\/\/x.com\/WeVincentians\"]},{\"@type\":\"Person\",\"@id\":\"https:\/\/vincentians.com\/es\/#\/schema\/person\/9623ef4d9aa3b2dfb8c061f1499288f2\",\"name\":\"Francisco Javier Fern\u00e1ndez Chento\",\"image\":{\"@type\":\"ImageObject\",\"inLanguage\":\"es\",\"@id\":\"https:\/\/vincentians.com\/es\/#\/schema\/person\/image\/\",\"url\":\"https:\/\/secure.gravatar.com\/avatar\/497d5cde87b4c3d097d0315953521681ba2cd523ee66e5077c3711f7021e65de?s=96&d=mm&r=g\",\"contentUrl\":\"https:\/\/secure.gravatar.com\/avatar\/497d5cde87b4c3d097d0315953521681ba2cd523ee66e5077c3711f7021e65de?s=96&d=mm&r=g\",\"caption\":\"Francisco Javier Fern\u00e1ndez Chento\"},\"description\":\"Director General y cofundador de La Red de Formaci\u00f3n Vicenciana. Javier es laico vicenciano, afiliado a la Congregaci\u00f3n de la Misi\u00f3n y miembro del Equipo de Misiones Populares de la provincia can\u00f3nica de Zaragoza (Espa\u00f1a) de la Congregaci\u00f3n de la Misi\u00f3n. Graduado en la Universidad Oberta de Catalunya con cuatro grados (Asistente de direcci\u00f3n, Gesti\u00f3n Administrativa, Recursos Humanos y Contabilidad Avanzada). Bil\u00edng\u00fce Espa\u00f1ol\/Ingl\u00e9s. gestiona y mantiene varias p\u00e1ginas web cristianas y vicencianas, incluida including La Red de Formaci\u00f3n Vicenciana, de la que es cofundador. Actualmente es responsable del \u00e1rea de Espa\u00f1ol de .famvin, la Red de Noticias de la Familia Vicenciana. Tambi\u00e9n es m\u00fasico cat\u00f3lico y ha editado varios discos. Es Director General y cofundador de Trovador, una reconocida compa\u00f1\u00eda discogr\u00e1fica critiana de Espa\u00f1a. Trabaja en las Tecnolog\u00edas de la Informaci\u00f3n, ofreciendo servicios de alojamiento, dise\u00f1o y mantenimiento Web, as\u00ed como asesoramiento, formaci\u00f3n y soluciones inform\u00e1ticas, gesti\u00f3n documental y digitalizaci\u00f3n de textos, edici\u00f3n y maquetaci\u00f3n de libros, revistas, flyers, etc.\",\"sameAs\":[\"http:\/\/chento.org\",\"https:\/\/www.facebook.com\/JavierChento\",\"https:\/\/x.com\/https:\/\/twitter.com\/javierchento\"],\"url\":\"http:\/\/vincentians.com\/es\/author\/chento\/\"}]}<\/script>\n<!-- \/ Yoast SEO plugin. -->","yoast_head_json":{"title":"3\u00ba Domingo de T.O. (reflexi\u00f3n de Ross Reyes Dizon) - Somos Vicencianos","robots":{"index":"index","follow":"follow","max-snippet":"max-snippet:-1","max-image-preview":"max-image-preview:large","max-video-preview":"max-video-preview:-1"},"canonical":"http:\/\/vincentians.com\/es\/3o-domingo-t-reflexion-ross-reyes-dizon\/","og_locale":"es_ES","og_type":"article","og_title":"3\u00ba Domingo de T.O. (reflexi\u00f3n de Ross Reyes Dizon) - Somos Vicencianos","og_description":"Evangelizar a los pobres con solidez Jes\u00fas ha sido enviado para evangelizar a los pobres. Para esta misi\u00f3n lo ha ungido Dios con el Esp\u00edritu. Pero evangelizar no es algo \u00abespiritual\u00bb en el sentido de ... Read More","og_url":"http:\/\/vincentians.com\/es\/3o-domingo-t-reflexion-ross-reyes-dizon\/","og_site_name":"Somos Vicencianos","article_publisher":"https:\/\/www.facebook.com\/WeAreVincentians\/","article_author":"https:\/\/www.facebook.com\/JavierChento","article_published_time":"2016-01-21T18:38:41+00:00","article_modified_time":"2016-07-24T08:28:23+00:00","og_image":[{"width":1200,"height":630,"url":"https:\/\/i0.wp.com\/vincentians.com\/es\/wp-content\/uploads\/sites\/11\/2016\/07\/reflexiones-ross.jpg?fit=1200%2C630","type":"image\/jpeg"}],"author":"Francisco Javier Fern\u00e1ndez Chento","twitter_card":"summary_large_image","twitter_creator":"@https:\/\/twitter.com\/javierchento","twitter_site":"@WeVincentians","twitter_misc":{"Escrito por":"Francisco Javier Fern\u00e1ndez Chento","Tiempo de lectura":"2 minutos"},"schema":{"@context":"https:\/\/schema.org","@graph":[{"@type":"Article","@id":"http:\/\/vincentians.com\/es\/3o-domingo-t-reflexion-ross-reyes-dizon\/#article","isPartOf":{"@id":"http:\/\/vincentians.com\/es\/3o-domingo-t-reflexion-ross-reyes-dizon\/"},"author":{"name":"Francisco Javier Fern\u00e1ndez Chento","@id":"https:\/\/vincentians.com\/es\/#\/schema\/person\/9623ef4d9aa3b2dfb8c061f1499288f2"},"headline":"3\u00ba Domingo de T.O. (reflexi\u00f3n de Ross Reyes Dizon)","datePublished":"2016-01-21T18:38:41+00:00","dateModified":"2016-07-24T08:28:23+00:00","mainEntityOfPage":{"@id":"http:\/\/vincentians.com\/es\/3o-domingo-t-reflexion-ross-reyes-dizon\/"},"wordCount":503,"commentCount":0,"publisher":{"@id":"https:\/\/vincentians.com\/es\/#organization"},"image":{"@id":"http:\/\/vincentians.com\/es\/3o-domingo-t-reflexion-ross-reyes-dizon\/#primaryimage"},"thumbnailUrl":"https:\/\/i0.wp.com\/vincentians.com\/es\/wp-content\/uploads\/sites\/11\/2016\/07\/reflexiones-ross.jpg?fit=1200%2C630","articleSection":["Homil\u00edas y reflexiones, A\u00f1o C"],"inLanguage":"es","potentialAction":[{"@type":"CommentAction","name":"Comment","target":["http:\/\/vincentians.com\/es\/3o-domingo-t-reflexion-ross-reyes-dizon\/#respond"]}]},{"@type":"WebPage","@id":"http:\/\/vincentians.com\/es\/3o-domingo-t-reflexion-ross-reyes-dizon\/","url":"http:\/\/vincentians.com\/es\/3o-domingo-t-reflexion-ross-reyes-dizon\/","name":"3\u00ba Domingo de T.O. (reflexi\u00f3n de Ross Reyes Dizon) - Somos Vicencianos","isPartOf":{"@id":"https:\/\/vincentians.com\/es\/#website"},"primaryImageOfPage":{"@id":"http:\/\/vincentians.com\/es\/3o-domingo-t-reflexion-ross-reyes-dizon\/#primaryimage"},"image":{"@id":"http:\/\/vincentians.com\/es\/3o-domingo-t-reflexion-ross-reyes-dizon\/#primaryimage"},"thumbnailUrl":"https:\/\/i0.wp.com\/vincentians.com\/es\/wp-content\/uploads\/sites\/11\/2016\/07\/reflexiones-ross.jpg?fit=1200%2C630","datePublished":"2016-01-21T18:38:41+00:00","dateModified":"2016-07-24T08:28:23+00:00","breadcrumb":{"@id":"http:\/\/vincentians.com\/es\/3o-domingo-t-reflexion-ross-reyes-dizon\/#breadcrumb"},"inLanguage":"es","potentialAction":[{"@type":"ReadAction","target":["http:\/\/vincentians.com\/es\/3o-domingo-t-reflexion-ross-reyes-dizon\/"]}]},{"@type":"ImageObject","inLanguage":"es","@id":"http:\/\/vincentians.com\/es\/3o-domingo-t-reflexion-ross-reyes-dizon\/#primaryimage","url":"https:\/\/i0.wp.com\/vincentians.com\/es\/wp-content\/uploads\/sites\/11\/2016\/07\/reflexiones-ross.jpg?fit=1200%2C630","contentUrl":"https:\/\/i0.wp.com\/vincentians.com\/es\/wp-content\/uploads\/sites\/11\/2016\/07\/reflexiones-ross.jpg?fit=1200%2C630","width":1200,"height":630},{"@type":"BreadcrumbList","@id":"http:\/\/vincentians.com\/es\/3o-domingo-t-reflexion-ross-reyes-dizon\/#breadcrumb","itemListElement":[{"@type":"ListItem","position":1,"name":"Portada","item":"https:\/\/vincentians.com\/es\/"},{"@type":"ListItem","position":2,"name":"3\u00ba Domingo de T.O. (reflexi\u00f3n de Ross Reyes Dizon)"}]},{"@type":"WebSite","@id":"https:\/\/vincentians.com\/es\/#website","url":"https:\/\/vincentians.com\/es\/","name":"Somos Vicencianos","description":"Know more to serve more","publisher":{"@id":"https:\/\/vincentians.com\/es\/#organization"},"potentialAction":[{"@type":"SearchAction","target":{"@type":"EntryPoint","urlTemplate":"https:\/\/vincentians.com\/es\/?s={search_term_string}"},"query-input":{"@type":"PropertyValueSpecification","valueRequired":true,"valueName":"search_term_string"}}],"inLanguage":"es"},{"@type":"Organization","@id":"https:\/\/vincentians.com\/es\/#organization","name":"The Vincentian Network","url":"https:\/\/vincentians.com\/es\/","logo":{"@type":"ImageObject","inLanguage":"es","@id":"https:\/\/vincentians.com\/es\/#\/schema\/logo\/image\/","url":"https:\/\/i1.wp.com\/vincentians.com\/es\/wp-content\/uploads\/sites\/11\/2016\/06\/Vincentian-Network-logo-big.png?fit=778%2C778","contentUrl":"https:\/\/i1.wp.com\/vincentians.com\/es\/wp-content\/uploads\/sites\/11\/2016\/06\/Vincentian-Network-logo-big.png?fit=778%2C778","width":778,"height":778,"caption":"The Vincentian Network"},"image":{"@id":"https:\/\/vincentians.com\/es\/#\/schema\/logo\/image\/"},"sameAs":["https:\/\/www.facebook.com\/WeAreVincentians\/","https:\/\/x.com\/WeVincentians"]},{"@type":"Person","@id":"https:\/\/vincentians.com\/es\/#\/schema\/person\/9623ef4d9aa3b2dfb8c061f1499288f2","name":"Francisco Javier Fern\u00e1ndez Chento","image":{"@type":"ImageObject","inLanguage":"es","@id":"https:\/\/vincentians.com\/es\/#\/schema\/person\/image\/","url":"https:\/\/secure.gravatar.com\/avatar\/497d5cde87b4c3d097d0315953521681ba2cd523ee66e5077c3711f7021e65de?s=96&d=mm&r=g","contentUrl":"https:\/\/secure.gravatar.com\/avatar\/497d5cde87b4c3d097d0315953521681ba2cd523ee66e5077c3711f7021e65de?s=96&d=mm&r=g","caption":"Francisco Javier Fern\u00e1ndez Chento"},"description":"Director General y cofundador de La Red de Formaci\u00f3n Vicenciana. Javier es laico vicenciano, afiliado a la Congregaci\u00f3n de la Misi\u00f3n y miembro del Equipo de Misiones Populares de la provincia can\u00f3nica de Zaragoza (Espa\u00f1a) de la Congregaci\u00f3n de la Misi\u00f3n. Graduado en la Universidad Oberta de Catalunya con cuatro grados (Asistente de direcci\u00f3n, Gesti\u00f3n Administrativa, Recursos Humanos y Contabilidad Avanzada). Bil\u00edng\u00fce Espa\u00f1ol\/Ingl\u00e9s. gestiona y mantiene varias p\u00e1ginas web cristianas y vicencianas, incluida including La Red de Formaci\u00f3n Vicenciana, de la que es cofundador. Actualmente es responsable del \u00e1rea de Espa\u00f1ol de .famvin, la Red de Noticias de la Familia Vicenciana. Tambi\u00e9n es m\u00fasico cat\u00f3lico y ha editado varios discos. Es Director General y cofundador de Trovador, una reconocida compa\u00f1\u00eda discogr\u00e1fica critiana de Espa\u00f1a. Trabaja en las Tecnolog\u00edas de la Informaci\u00f3n, ofreciendo servicios de alojamiento, dise\u00f1o y mantenimiento Web, as\u00ed como asesoramiento, formaci\u00f3n y soluciones inform\u00e1ticas, gesti\u00f3n documental y digitalizaci\u00f3n de textos, edici\u00f3n y maquetaci\u00f3n de libros, revistas, flyers, etc.","sameAs":["http:\/\/chento.org","https:\/\/www.facebook.com\/JavierChento","https:\/\/x.com\/https:\/\/twitter.com\/javierchento"],"url":"http:\/\/vincentians.com\/es\/author\/chento\/"}]}},"jetpack_publicize_connections":[],"jetpack_featured_media_url":"https:\/\/i0.wp.com\/vincentians.com\/es\/wp-content\/uploads\/sites\/11\/2016\/07\/reflexiones-ross.jpg?fit=1200%2C630","jetpack_sharing_enabled":true,"jetpack_shortlink":"https:\/\/wp.me\/p7ETMF-1CBg","jetpack-related-posts":[{"id":117581,"url":"http:\/\/vincentians.com\/es\/he-sido-enviado-a-evangelizar-a-los-pobres\/","url_meta":{"origin":386710,"position":0},"title":"He sido enviado a evangelizar a los pobres","author":"Francisco Javier Fern\u00e1ndez Chento","date":"27\/05\/2015","format":false,"excerpt":"1.- Continuadores de la misi\u00f3n de Cristo S\u00ed, nuestro Se\u00f1or pide de nosotros que evangelicemos a los pobres: es lo que \u00e9l hizo y lo que quiere seguir haciendo por medio de nosotros (XI, 386). 1) El seguimiento de Cristo evangelizador de los pobres, fin de la Congre\u00adgaci\u00f3n (cf. C\u2026","rel":"","context":"En \u00abFormaci\u00f3n Vicenciana\u00bb","block_context":{"text":"Formaci\u00f3n Vicenciana","link":"http:\/\/vincentians.com\/es\/category\/formacion-vicenciana\/"},"img":{"alt_text":"St Vincent et Ste Louise recueillent des enfants","src":"https:\/\/i0.wp.com\/vicencianos.org\/wp-content\/2013\/02\/evangelizar_pobres-300x268.jpg?resize=350%2C200","width":350,"height":200},"classes":[]},{"id":140029,"url":"http:\/\/vincentians.com\/es\/aportes-vicencianos-a-la-nueva-evangelizacion-2\/","url_meta":{"origin":386710,"position":1},"title":"Aportes vicencianos a la Nueva Evangelizaci\u00f3n","author":"Francisco Javier Fern\u00e1ndez Chento","date":"19\/02\/2015","format":false,"excerpt":"Convocados por el Superior General, P. Gregory G. Gay, los misioneros de la Congregaci\u00f3n de la Misi\u00f3n celebrar\u00e1n su 42\u00aa Asamblea General, del 27 de junio al 15 de julio de 2016. El lema de la Asamblea se centra en la entra\u00f1a evangelizadora de nuestro ser y quehacer: \u201cDej\u00e9monos renovar\u2026","rel":"","context":"En \u00abEspiritualidad vicenciana\u00bb","block_context":{"text":"Espiritualidad vicenciana","link":"http:\/\/vincentians.com\/es\/category\/espiritualidad\/espiritualidad-vicenciana\/"},"img":{"alt_text":"OLYMPUS DIGITAL CAMERA","src":"https:\/\/i0.wp.com\/vicencianos.org\/wp-content\/2015\/02\/nueva-evangelizacion1-300x225.jpg?resize=350%2C200","width":350,"height":200},"classes":[]},{"id":131929,"url":"http:\/\/vincentians.com\/es\/llamados-a-evangelizar-a-los-pobres\/","url_meta":{"origin":386710,"position":2},"title":"Llamados a evangelizar a los pobres","author":"Francisco Javier Fern\u00e1ndez Chento","date":"14\/12\/2014","format":false,"excerpt":"Se me ha dado plena autoridad en el cielo y en la tierra. Id y haced disc\u00edpulos de todas las naciones, bautizadlos para consagr\u00e1rselos al Padre y al Hijo y al Esp\u00edritu Santo, y ense\u00f1adles a guardar todo lo que os he mandado; mirad que yo estoy con vosotros cada\u2026","rel":"","context":"En \u00abEspiritualidad vicenciana\u00bb","block_context":{"text":"Espiritualidad vicenciana","link":"http:\/\/vincentians.com\/es\/category\/espiritualidad\/espiritualidad-vicenciana\/"},"img":{"alt_text":"evangelizacion_pobres","src":"https:\/\/i0.wp.com\/vicencianos.org\/wp-content\/2014\/12\/evangelizacion_pobres-300x225.jpg?resize=350%2C200","width":350,"height":200},"classes":[]},{"id":128402,"url":"http:\/\/vincentians.com\/es\/aportes-vicencianos-a-la-nueva-evangelizacion\/","url_meta":{"origin":386710,"position":3},"title":"Aportes vicencianos a la nueva evangelizaci\u00f3n","author":"Francisco Javier Fern\u00e1ndez Chento","date":"15\/06\/2024","format":false,"excerpt":"Introducci\u00f3n Desde hace bastante tiempo, estamos oyendo, en la Congregaci\u00f3n de la Misi\u00f3n y en muchos c\u00edrculos de la Familia Vicenciana, dos cuestiones referentes al \"ser\" y al \"quehacer\" vicencianos. Por un lado, todos estamos plenamente de acuerdo en que el carisma, el \"ser\", la identidad, el sello caracter\u00edstico de\u2026","rel":"","context":"En \u00abFormaci\u00f3n Vicenciana\u00bb","block_context":{"text":"Formaci\u00f3n Vicenciana","link":"http:\/\/vincentians.com\/es\/category\/formacion-vicenciana\/"},"img":{"alt_text":"","src":"https:\/\/i0.wp.com\/vincentians.com\/es\/wp-content\/uploads\/sites\/11\/2016\/09\/enviados-evangelizar-pobres.jpg?fit=1200%2C630&resize=350%2C200","width":350,"height":200,"srcset":"https:\/\/i0.wp.com\/vincentians.com\/es\/wp-content\/uploads\/sites\/11\/2016\/09\/enviados-evangelizar-pobres.jpg?fit=1200%2C630&resize=350%2C200 1x, https:\/\/i0.wp.com\/vincentians.com\/es\/wp-content\/uploads\/sites\/11\/2016\/09\/enviados-evangelizar-pobres.jpg?fit=1200%2C630&resize=525%2C300 1.5x, https:\/\/i0.wp.com\/vincentians.com\/es\/wp-content\/uploads\/sites\/11\/2016\/09\/enviados-evangelizar-pobres.jpg?fit=1200%2C630&resize=700%2C400 2x, https:\/\/i0.wp.com\/vincentians.com\/es\/wp-content\/uploads\/sites\/11\/2016\/09\/enviados-evangelizar-pobres.jpg?fit=1200%2C630&resize=1050%2C600 3x"},"classes":[]},{"id":398644,"url":"http:\/\/vincentians.com\/es\/aportacion-del-carisma-vicenciano-la-mision-la-iglesia-8\/","url_meta":{"origin":386710,"position":4},"title":"Aportaci\u00f3n del carisma vicenciano a la Misi\u00f3n de la Iglesia (8)","author":"Francisco Javier Fern\u00e1ndez Chento","date":"11\/08\/2016","format":false,"excerpt":"8.- La Caridad, que anima la Misi\u00f3n. La Misi\u00f3n que se hace Caridad. En la sinagoga de Nazaret y a partir de un texto del profeta Isa\u00edas (El Esp\u00edritu del Se\u00f1or est\u00e1 sobre m\u00ed, porque \u00e9l me ha ungido; me ha enviado para dar la buena noticia a los pobres\u2026),\u2026","rel":"","context":"En \u00abFormaci\u00f3n Vicenciana\u00bb","block_context":{"text":"Formaci\u00f3n Vicenciana","link":"http:\/\/vincentians.com\/es\/category\/formacion-vicenciana\/"},"img":{"alt_text":"","src":"https:\/\/i0.wp.com\/vincentians.com\/es\/wp-content\/uploads\/sites\/11\/2016\/06\/contributions-charism.jpg?fit=1200%2C630&resize=350%2C200","width":350,"height":200,"srcset":"https:\/\/i0.wp.com\/vincentians.com\/es\/wp-content\/uploads\/sites\/11\/2016\/06\/contributions-charism.jpg?fit=1200%2C630&resize=350%2C200 1x, https:\/\/i0.wp.com\/vincentians.com\/es\/wp-content\/uploads\/sites\/11\/2016\/06\/contributions-charism.jpg?fit=1200%2C630&resize=525%2C300 1.5x, https:\/\/i0.wp.com\/vincentians.com\/es\/wp-content\/uploads\/sites\/11\/2016\/06\/contributions-charism.jpg?fit=1200%2C630&resize=700%2C400 2x, https:\/\/i0.wp.com\/vincentians.com\/es\/wp-content\/uploads\/sites\/11\/2016\/06\/contributions-charism.jpg?fit=1200%2C630&resize=1050%2C600 3x"},"classes":[]},{"id":108324,"url":"http:\/\/vincentians.com\/es\/que-podemos-aportar-los-vicencianos-a-la-tarea-evangelizadora-de-la-iglesia\/","url_meta":{"origin":386710,"position":5},"title":"\u00bfQu\u00e9 podemos aportar los vicencianos a la tarea evangelizadora de la Iglesia?","author":"Francisco Javier Fern\u00e1ndez Chento","date":"29\/09\/2018","format":false,"excerpt":"De entrada, quiero dejar muy claro que \u00e9ste no es un art\u00edculo completo y acabado. Se trata, m\u00e1s bien, de una especie de esbozo, de borrador, de \"lluvia de ideas\". Y, evidentemente, se trata tambi\u00e9n de mi propia opini\u00f3n que no es ni mejor ni peor que otras opiniones. Por\u2026","rel":"","context":"En \u00abFormaci\u00f3n Vicenciana\u00bb","block_context":{"text":"Formaci\u00f3n Vicenciana","link":"http:\/\/vincentians.com\/es\/category\/formacion-vicenciana\/"},"img":{"alt_text":"","src":"https:\/\/i0.wp.com\/vincentians.com\/es\/wp-content\/uploads\/sites\/11\/2016\/07\/comnidad-vicenciana-para-la-mision.jpg?fit=1200%2C630&resize=350%2C200","width":350,"height":200,"srcset":"https:\/\/i0.wp.com\/vincentians.com\/es\/wp-content\/uploads\/sites\/11\/2016\/07\/comnidad-vicenciana-para-la-mision.jpg?fit=1200%2C630&resize=350%2C200 1x, https:\/\/i0.wp.com\/vincentians.com\/es\/wp-content\/uploads\/sites\/11\/2016\/07\/comnidad-vicenciana-para-la-mision.jpg?fit=1200%2C630&resize=525%2C300 1.5x, https:\/\/i0.wp.com\/vincentians.com\/es\/wp-content\/uploads\/sites\/11\/2016\/07\/comnidad-vicenciana-para-la-mision.jpg?fit=1200%2C630&resize=700%2C400 2x, https:\/\/i0.wp.com\/vincentians.com\/es\/wp-content\/uploads\/sites\/11\/2016\/07\/comnidad-vicenciana-para-la-mision.jpg?fit=1200%2C630&resize=1050%2C600 3x"},"classes":[]}],"_links":{"self":[{"href":"http:\/\/vincentians.com\/es\/wp-json\/wp\/v2\/posts\/386710","targetHints":{"allow":["GET"]}}],"collection":[{"href":"http:\/\/vincentians.com\/es\/wp-json\/wp\/v2\/posts"}],"about":[{"href":"http:\/\/vincentians.com\/es\/wp-json\/wp\/v2\/types\/post"}],"author":[{"embeddable":true,"href":"http:\/\/vincentians.com\/es\/wp-json\/wp\/v2\/users\/4"}],"replies":[{"embeddable":true,"href":"http:\/\/vincentians.com\/es\/wp-json\/wp\/v2\/comments?post=386710"}],"version-history":[{"count":0,"href":"http:\/\/vincentians.com\/es\/wp-json\/wp\/v2\/posts\/386710\/revisions"}],"wp:featuredmedia":[{"embeddable":true,"href":"http:\/\/vincentians.com\/es\/wp-json\/wp\/v2\/media\/388397"}],"wp:attachment":[{"href":"http:\/\/vincentians.com\/es\/wp-json\/wp\/v2\/media?parent=386710"}],"wp:term":[{"taxonomy":"category","embeddable":true,"href":"http:\/\/vincentians.com\/es\/wp-json\/wp\/v2\/categories?post=386710"},{"taxonomy":"post_tag","embeddable":true,"href":"http:\/\/vincentians.com\/es\/wp-json\/wp\/v2\/tags?post=386710"}],"curies":[{"name":"wp","href":"https:\/\/api.w.org\/{rel}","templated":true}]}}