{"id":38537,"date":"2014-09-04T08:05:44","date_gmt":"2014-09-04T06:05:44","guid":{"rendered":"http:\/\/somos.vicencianos.org\/?p=38537"},"modified":"2016-07-26T19:18:02","modified_gmt":"2016-07-26T17:18:02","slug":"vender-los-calices","status":"publish","type":"post","link":"http:\/\/vincentians.com\/es\/vender-los-calices\/","title":{"rendered":"Vender los C\u00e1lices"},"content":{"rendered":"<p><a href=\"https:\/\/i0.wp.com\/vicencianos.org\/wp-content\/2011\/05\/ancianidad.jpg\"><img data-recalc-dims=\"1\" loading=\"lazy\" decoding=\"async\" class=\"alignright size-medium wp-image-38543\" title=\"ancianidad\" src=\"https:\/\/i0.wp.com\/vicencianos.org\/wp-content\/2011\/05\/ancianidad-296x300.jpg?resize=296%2C300\" alt=\"\" width=\"296\" height=\"300\" \/><\/a>Hace poco he recibido una carta conmovedora de un sacerdote, que me agradece el que yo escriba con frecuencia acerca de la naturaleza <em>misionera <\/em>de la Congregaci\u00f3n y me anima a que siga insistiendo ante los cohermanos para que este esp\u00edritu misionero se renueve entre nosotros. Pero con gran sencillez me a\u00f1ad\u00eda que esto le creaba a \u00e9l personalmente un problema. Para ilustrar tal problema, citaba un art\u00edculo m\u00edo escrito recientemente.<span id='easy-footnote-1-38537' class='easy-footnote-margin-adjust'><\/span><span class='easy-footnote'><a href='http:\/\/vincentians.com\/es\/vender-los-calices\/#easy-footnote-bottom-1-38537' title='\u00abSer Misionero\u00bb, Vincentiana XXXVIII, 1994, 319.'><sup>1<\/sup><\/a><\/span> Haciendo alusi\u00f3n a la flexibilidad necesaria al misionero, dec\u00eda yo: \u00abEsto significa que los miembros de la Congregaci\u00f3n han de adoptar la movilidad, han de estar dispuestos a ponerse en camino en cuanto sea necesario\u00bb. Pero, entonces, \u00bfqu\u00e9 decir a los misioneros de m\u00e1s edad? Este cohermano que siente disminuir sus energ\u00edas y se ve obligado a \u00abretirarse\u00bb poco a poco de buena parte de las cosas que hasta ahora pod\u00eda emprender \u2014aunque en realidad sigue siendo muy activo\u2014, me ped\u00eda que escribiera algo sobre la \u00abespiritualidad Vicenciana para los mayores\u00bb. Bas\u00e1ndose en datos que conoc\u00eda perfectamente de memoria, me recordaba que el 17,1 por 100 de los obispos, sacerdotes y hermanos de la Congregaci\u00f3n tienen setenta y cinco a\u00f1os o m\u00e1s; aproximadamente un 21 por 100 de las Hijas de la Caridad tienen tambi\u00e9n setenta y cinco a\u00f1os o m\u00e1s.<\/p>\n<p>He apreciado mucho esa carta y me ha impulsado a recorrer los escritos de san Vicente desde un punto de vista muy distinto, as\u00ed como a reflexionar en mi oraci\u00f3n sobre los que tanto han dado y durante tanto tiempo, y ahora se hallan en el ocaso de sus fuerzas.<\/p>\n<p>Como respuesta a ese generoso cohermano, les ofrezco las siguientes reflexiones, esperando que puedan ser una ayuda para \u00e9l y para ustedes.<\/p>\n<h2><strong>I. Lo que pensaba San Vicente acerca de los mayores<\/strong><\/h2>\n<h3><strong> 1. A los<\/strong> <strong>mayores hay que quererlos y cuidarlos<\/strong><\/h3>\n<p>&nbsp;<\/p>\n<p>San Vicente se preocup\u00f3 mucho de que se tratara bien a los miembros enfermos y mayores de nuestras comunidades. A las Hijas de la Caridad les dice que ser\u00eda una injusticia grande no hacerlo.<span id='easy-footnote-2-38537' class='easy-footnote-margin-adjust'><\/span><span class='easy-footnote'><a href='http:\/\/vincentians.com\/es\/vender-los-calices\/#easy-footnote-bottom-2-38537' title='Cf S.V. X, 375; Conf esp, n 1811.'><sup>2<\/sup><\/a><\/span> A los mayores les pide con insistencia que no se desalienten cuando no puedan hacer lo que otros son capaces de hacer. \u00abLa Compa\u00f1\u00eda \u2014les dice\u2014 es una buena madre que trata a los enfermos como enfermos. Lo mismo que una madre, se porta con mayor ternura y compasi\u00f3n con el hijo enfermo que con los dem\u00e1s\u00bb.<span id='easy-footnote-3-38537' class='easy-footnote-margin-adjust'><\/span><span class='easy-footnote'><a href='http:\/\/vincentians.com\/es\/vender-los-calices\/#easy-footnote-bottom-3-38537' title='Cf. S.V. X, 375; Conf esp., n 1810.'><sup>3<\/sup><\/a><\/span>\n<p>La Compa\u00f1\u00eda tiene que ocuparse de sus miembros mayores hasta el punto de consentir en hacer sacrificios significativos para poder cuidarlos con todo afecto. \u00abMe sentir\u00eda lleno de gozo\u00bb \u2014escribe san Vicente a Pedro du Chesne\u2013 \u00absi de alg\u00fan lugar me dijeran que alguno de la Compa\u00f1\u00eda hab\u00eda vendido los c\u00e1lices para ello\u00bb.<span id='easy-footnote-4-38537' class='easy-footnote-margin-adjust'><\/span><span class='easy-footnote'><a href='http:\/\/vincentians.com\/es\/vender-los-calices\/#easy-footnote-bottom-4-38537' title='S.V. 1, 531; S\u00edg. 1, 525, Cf tambi\u00e9n la Conf de diciembre de 1659 \u00ab\u00a1Pobres enfermos, para atender a los cuales habr\u00eda que vender hasta los c\u00e1lices de la iglesia\u00bb XII, 410; Sig XI\/4, 675.'><sup>4<\/sup><\/a><\/span> Escribe: \u00abLe ruego que no ahorre ning\u00fan esfuerzo por la salud\u00bb (de un enfermo);<span id='easy-footnote-5-38537' class='easy-footnote-margin-adjust'><\/span><span class='easy-footnote'><a href='http:\/\/vincentians.com\/es\/vender-los-calices\/#easy-footnote-bottom-5-38537' title='S.V. VI, 372; S\u00edg. VI, 352.'><sup>5<\/sup><\/a><\/span> e igualmente: \u00abLos enfermos son en cierto modo una bendici\u00f3n para nosotros\u00bb.<span id='easy-footnote-6-38537' class='easy-footnote-margin-adjust'><\/span><span class='easy-footnote'><a href='http:\/\/vincentians.com\/es\/vender-los-calices\/#easy-footnote-bottom-6-38537' title='S.V. VII, 179; Sig. VII, 159.'><sup>6<\/sup><\/a><\/span>\n<p>&nbsp;<\/p>\n<h3><strong>2. Los<\/strong> <strong>mayores deben ofrecer a los j\u00f3venes un testimonio constante y cada vez m\u00e1s profundo de fidelidad y de santidad viviendo la Regla de la Compa\u00f1\u00eda y manteniendo intacto su esp\u00edritu misionero.<\/strong><\/h3>\n<p>Resulta sorprendente ver cu\u00e1nta veces insiste san Vicente en este tema, especialmente en sus \u00faltimos a\u00f1os. No deja de asegurar que la edad avanzada no debe impedirnos vivir el esp\u00edritu de la Congregaci\u00f3n ni hacer con celo todo lo que nuestras energ\u00edas f\u00edsicas, aunque limitadas, nos permiten.<\/p>\n<p>San Vicente consideraba que los mayores le deben a la Compa\u00f1\u00eda el vivir las l\u00edneas generales de la Regla, durante tanto tiempo como les sea posible. Insist\u00eda especialmente en verles participar en los ejercicios de la Comunidad.<span id='easy-footnote-7-38537' class='easy-footnote-margin-adjust'><\/span><span class='easy-footnote'><a href='http:\/\/vincentians.com\/es\/vender-los-calices\/#easy-footnote-bottom-7-38537' title='S.V. V, 622; S\u00edg V, 588.'><sup>7<\/sup><\/a><\/span> Se dirige con firmeza a las Hermanas de m\u00e1s edad que dan mal ejemplo a las j\u00f3venes. Les hace ver que el hecho de haber estado en la Comunidad desde los comienzos, las obliga a una mayor perfecci\u00f3n:<\/p>\n<p><em>\u00ab&#8230;\u00a1Ay antiguas! \u00a1Ay antiguas! \u00ab\u00bfQu\u00e9 es lo que hac\u00e9is cuando vuestras acciones desmienten vuestra antig\u00fcedad?, Qu\u00e9 le dir\u00e9is a Dios cuando os pida cuentas de vuestros pensanmientos, palabras y acciones, especialmente de las que hayan desedificado a las reci\u00e9n venidas?\u00bb.<\/em><\/p>\n<p>&nbsp;<\/p>\n<p><em>\u00ab\u00bfY yo, miserable? \u00bfQu\u00e9 dir\u00e9 por haber escandalizado tanto a los m\u00e1s j\u00f3venes? Ten\u00e9is que saber que la ancianidad no se mide por la cantidad de a\u00f1os, sino por la virtud\u00bb<\/em>.<span id='easy-footnote-8-38537' class='easy-footnote-margin-adjust'><\/span><span class='easy-footnote'><a href='http:\/\/vincentians.com\/es\/vender-los-calices\/#easy-footnote-bottom-8-38537' title='S.V. X, 90; Conf esp n. 1327.'><sup>8<\/sup><\/a><\/span>\n<p>Con frecuencia insiste en el mismo tema, tanto dirigi\u00e9ndose a las Hermanas como a los miembros de la Congregaci\u00f3n de la Misi\u00f3n.<span id='easy-footnote-9-38537' class='easy-footnote-margin-adjust'><\/span><span class='easy-footnote'><a href='http:\/\/vincentians.com\/es\/vender-los-calices\/#easy-footnote-bottom-9-38537' title='S.V. VII, 168; S\u00edg VII, 150 &amp;#8211; SV X, p\u00e1gs 29, 46, 48, 78, 90, 115, 283, 371; Conf esp, n\u00fams 1214, 1234, 1240, 1302, 1311, 1372, 1678, 1810 S.V. XI, 80, 207; S\u00edg XI\/4, 775, 4; XI\/3, p\u00e1g 125 &amp;#8211; S.V. XIII, 729; S\u00edg X, 845.'><sup>9<\/sup><\/a><\/span>\n<p>A \u00e9stos sobre todo, les exhorta a que conserven vivo en ellos el fuego del celo.<span id='easy-footnote-10-38537' class='easy-footnote-margin-adjust'><\/span><span class='easy-footnote'><a href='http:\/\/vincentians.com\/es\/vender-los-calices\/#easy-footnote-bottom-10-38537' title='Cf S.V. XI 135; S\u00edg XI\/3, 56.'><sup>10<\/sup><\/a><\/span> Querr\u00eda que los antiguos &#8211;entre los que se inclu\u00eda \u00e9l mismo&#8211; mantuvieran ardiente la llama del amor misionero apost\u00f3lico hasta la hora misma de la muerte.<\/p>\n<p>Hasta su edad m\u00e1s avanzada, san Vicente se mantuvo animado por el esp\u00edritu misionero. En una de sus m\u00e1s famosas alocuciones, les dijo a los miembros de la Congregaci\u00f3n:<\/p>\n<p><em>\u00abEn lo que a m\u00ed <\/em>se <em>refiere, a pesar de mi edad, delante de Dios no me siento excusado de la obligaci\u00f3n que tengo de trabajar por la salvaci\u00f3n de esas pobres gentes, porque, \u00bfqu\u00e9 me lo podr\u00eda impedir? Si no pudiera predicar todos los d\u00edas, \u00a1bien! lo har\u00eda dos veces por semana, si no pudiera hacerlo desde los grandes p\u00falpitos, intentar\u00eda hacerlo desde los peque\u00f1os, y si no se me oyese desde los peque\u00f1os, nada me impedir\u00eda hablar sencilla y familiarmente a esas buenas gentes, lo mismo que lo hago ahora con ustedes, haciendo que se acercaran alrededor de m\u00ed, en c\u00edrculo, como ustedes est\u00e1n\u00bb<\/em>.<span id='easy-footnote-11-38537' class='easy-footnote-margin-adjust'><\/span><span class='easy-footnote'><a href='http:\/\/vincentians.com\/es\/vender-los-calices\/#easy-footnote-bottom-11-38537' title='S.V. XI, 136: S\u00edg XI\/3, 57.'><sup>11<\/sup><\/a><\/span>\n<p>&nbsp;<\/p>\n<p>Espera que los mayores lleguen a conseguir una verdadera libertad. A los miembros de la Congregaci\u00f3n de la Misi\u00f3n, les dice que hay Hermanos de edad avanzada y enfermos que han pedido que se les env\u00ede a misiones extranjeras, a pesar de sus innegables achaques. Se trata de personas verdaderamente libres, observa.<span id='easy-footnote-12-38537' class='easy-footnote-margin-adjust'><\/span><span class='easy-footnote'><a href='http:\/\/vincentians.com\/es\/vender-los-calices\/#easy-footnote-bottom-12-38537' title='S.V. XII, 241; S\u00edg XI\/4, 536.'><sup>12<\/sup><\/a><\/span> Fundamentalmente, quiere que los miembros de la Compa\u00f1\u00eda mueran en pleno combate, mejor que descansando: \u00abNo importa que muramos antes, con tal de que muramos con las armas en la mano\u00bb.<span id='easy-footnote-13-38537' class='easy-footnote-margin-adjust'><\/span><span class='easy-footnote'><a href='http:\/\/vincentians.com\/es\/vender-los-calices\/#easy-footnote-bottom-13-38537' title='S.V. XI, 413; S\u00edg XI\/3, 290.'><sup>13<\/sup><\/a><\/span>\n<p><em>\u00abYo mismo, aunque ya soy viejo y de edad avanzada, no debo dejar de tener en m\u00ed esa disposici\u00f3n, hasta, incluso, marchar a las Indias para ganar all\u00ed almas para Dios, aunque tuviera que morir por el camino o en el barco. Pues, \u00bfqu\u00e9 cre\u00e9is que Dios pide de nosotros?, \u00bfEl cuerpo? \u00a1Ni mucho menos! \u00bfQu\u00e9 es lo que pide entonces? Dios pide nuestra buena voluntad, una buena y verdadera disposici\u00f3n para abrazar todas las ocasiones de servirle, aun con peligro de nuestra vida&#8230;\u00bb<\/em>.<span id='easy-footnote-14-38537' class='easy-footnote-margin-adjust'><\/span><span class='easy-footnote'><a href='http:\/\/vincentians.com\/es\/vender-los-calices\/#easy-footnote-bottom-14-38537' title='S.V. XI, 402; S\u00edg XI\/3, 281.'><sup>14<\/sup><\/a><\/span>\n<p>&nbsp;<\/p>\n<p>&nbsp;<\/p>\n<h3><strong>3.<\/strong> <strong>Los enfermos y los mayores son un \u00abespect\u00e1culo de paciencia\u00bb<\/strong><\/h3>\n<p>&nbsp;<\/p>\n<p>Los mayores tienen mucho que ense\u00f1arnos. Nos invitan, por decirlo as\u00ed, a \u00abun espect\u00e1culo de paciencia\u00bb,<span id='easy-footnote-15-38537' class='easy-footnote-margin-adjust'><\/span><span class='easy-footnote'><a href='http:\/\/vincentians.com\/es\/vender-los-calices\/#easy-footnote-bottom-15-38537' title='S.V. XI, 73; S\u00edg XI\/4 761.'><sup>15<\/sup><\/a><\/span> en el que, como espectadores, podemos ver la manera en que debe soportarse el sufrimiento. Contemplamos en ellos la vivencia de la Cruz; la fe probada por el fuego, cuando se halla en el momento de librar la \u00faltima batalla, la del misterio supremo del hombre, la inevitable realidad de la muerte.<\/p>\n<p>A un sacerdote de la Misi\u00f3n, le escribe:<\/p>\n<p>\u00ab<em>Es cierto que la enfermedad nos hace ver lo que somos mucho mejor que la salud, y que en los sufrimientos es donde la impaciencia y la melancol\u00eda atacan a los m\u00e1s decididos, pero como estas tentaciones s\u00f3lo da\u00f1an a los m\u00e1s d\u00e9biles, a usted le<\/em> <em>han aprovechado m\u00e1s que da\u00f1ado, ya que Nuestro Se\u00f1or le ha robustecido en la pr\u00e1ctica del cumplimiento de su divino querer y esta fortaleza se echa de ver en el prop\u00f3sito que ha formado usted de combatirlas con buen \u00e1nimo, espero que todav\u00eda se apreciar\u00e1 mejor en las victorias que habr\u00e1 de alcanzar sufriendo desde ahora por amor de Dios, no s\u00f3lo con paciencia, sino hasta con alegr\u00eda y con gozo\u00bb.<\/em><span id='easy-footnote-16-38537' class='easy-footnote-margin-adjust'><\/span><span class='easy-footnote'><a href='http:\/\/vincentians.com\/es\/vender-los-calices\/#easy-footnote-bottom-16-38537' title='S.V. II, 571; S\u00edg II, 487'><sup>16<\/sup><\/a><\/span>\n<p>A las Hijas <em>de <\/em>la Caridad tambi\u00e9n les dice que \u00abla paciencia es la virtud de los perfectos\u00bb.<span id='easy-footnote-17-38537' class='easy-footnote-margin-adjust'><\/span><span class='easy-footnote'><a href='http:\/\/vincentians.com\/es\/vender-los-calices\/#easy-footnote-bottom-17-38537' title='Cf S.V. X, 181; Conf. esp . n 1493. Ver tambien S.V. XV &lt;em&gt;\u00abMission &lt;\/em&gt;et &lt;em&gt;Charit\u00e9\u00bb, &lt;\/em&gt;109.'><sup>17<\/sup><\/a><\/span> En ese sentido, declara Vicente que la enfermedad, que es algo inevitable, hay que aceptarla como \u00abun estado divino\u00bb.<span id='easy-footnote-18-38537' class='easy-footnote-margin-adjust'><\/span><span class='easy-footnote'><a href='http:\/\/vincentians.com\/es\/vender-los-calices\/#easy-footnote-bottom-18-38537' title='S.V. I, 144; S\u00edg. I, 200'><sup>18<\/sup><\/a><\/span>\n<h3><strong>4.<\/strong> <strong> En la enfermedad y la muerte se revelan las verdaderas profundidades de la persona<\/strong><\/h3>\n<p>&nbsp;<\/p>\n<p>Es f\u00e1cil dar testimonio de Cristo en los momentos de gozo, cuando se siente vivo el fervor, las energ\u00edas apost\u00f3licas son abundantes, la oraci\u00f3n es fuente de consuelo y la presencia de los hermanos y hermanas en comunidad, alentadora. Pero, en cambio, la fe y lo m\u00e1s profundo de la persona humana quedan duramente puestas a prueba cuando, en la enfermedad y en la muerte, faltan esos consuelos, como ocurre con frecuencia. La muerte es el supremo misterio humano ante ella, quedamos al desnudo. Es en ese proceso de la muerte cuando m\u00e1s debemos abandonarnos entre las manos del Dios vivo.<\/p>\n<p><em>\u00abEs imposible encontrar un<\/em> <em>estado m\u00e1s adecuado para practicar la virtud: en la enfermedad se ejercita la fe de forma maravillosa, la esperanza brilla con todo su esplendor, la resignaci\u00f3n, el amor de Dios y todas las dem\u00e1s virtudes encuentran materia abundante para su ejercicio. All\u00ed es donde se conoce lo que cada uno tiene y lo que es. La enfermedad es la medida con la que se puede penetrar y llegar a saber con seguridad hasta d\u00f3nde llega la virtud de cada uno, si tiene mucha, poca o ninguna. En ning\u00fan lugar se puede observar mejor lo que es un hombre, como en la enfermer\u00eda. Ah\u00ed est\u00e1 la prueba m\u00e1s segura de que disponemos para reconocer qui\u00e9n es el m\u00e1s virtuoso y qui\u00e9n no lo es tanto&#8230;\u00bb<\/em>.<span id='easy-footnote-19-38537' class='easy-footnote-margin-adjust'><\/span><span class='easy-footnote'><a href='http:\/\/vincentians.com\/es\/vender-los-calices\/#easy-footnote-bottom-19-38537' title='S.V. XI, 72; S\u00edg XI\/4, 760-61'><sup>19<\/sup><\/a><\/span><em><br \/>\n<\/em><\/p>\n<p>&nbsp;<\/p>\n<h2><strong>II. Como envejeci\u00f3 el mismo San Vicente<\/strong><span id='easy-footnote-20-38537' class='easy-footnote-margin-adjust'><\/span><span class='easy-footnote'><a href='http:\/\/vincentians.com\/es\/vender-los-calices\/#easy-footnote-bottom-20-38537' title='Cf A Dodin, &lt;em&gt;Monsieur Vincent parle \u00e0 ceux qui souffrent, &lt;\/em&gt;DDB Par\u00eds, 1981, y &lt;em&gt; Vicente de Pa\u00fal &lt;\/em&gt;y los enfermos, CEME, Salamanca, 1978 25-42.'><sup>20<\/sup><\/a><\/span><\/h2>\n<p>San Vicente vivi\u00f3 treinta a\u00f1os m\u00e1s de lo que era el promedio de edad entre sus contempor\u00e1neos. Teniendo en cuenta este hecho, se puede pensar que goz\u00f3 de una constituci\u00f3n bastante robusta, aun cuando no ignoramos, a trav\u00e9s de sus propias declaraciones, que tuvo que sufrir una cierta variedad de enfermedades.<span id='easy-footnote-21-38537' class='easy-footnote-margin-adjust'><\/span><span class='easy-footnote'><a href='http:\/\/vincentians.com\/es\/vender-los-calices\/#easy-footnote-bottom-21-38537' title='Luisa de Marillac super\u00f3 tambi\u00e9n lo que era el promedio de edad de su \u00e9poca, aun cuando Vicente de Pa\u00fal declara que la considera como muerta naturalmente durante los \u00faltimos veintitr\u00e9s a\u00f1os de su vida (cf S.V. III, 256 S\u00edg III, 234).'><sup>21<\/sup><\/a><\/span> Herido por una flecha hacia la edad de veinticinco a\u00f1os, parece ser que se resinti\u00f3 de las consecuencias de este hecho durante el resto de su vida.<span id='easy-footnote-22-38537' class='easy-footnote-margin-adjust'><\/span><span class='easy-footnote'><a href='http:\/\/vincentians.com\/es\/vender-los-calices\/#easy-footnote-bottom-22-38537' title='S.V. I, 4; Sig I, 78.'><sup>22<\/sup><\/a><\/span>\n<p>Padeci\u00f3 fiebres frecuentes y una especie de malaria, a la que \u00e9l llamaba su \u00abfiebrecilla\u00bb<span id='easy-footnote-23-38537' class='easy-footnote-margin-adjust'><\/span><span class='easy-footnote'><a href='http:\/\/vincentians.com\/es\/vender-los-calices\/#easy-footnote-bottom-23-38537' title='S.V. I, 70, 110, 196, 237, etc: Sig I, 133, 173, 248, 281&amp;#8230;'><sup>23<\/sup><\/a><\/span> y para la que Luisa de Marillac le propon\u00eda con mucho afecto gran cantidad de remedios.<span id='easy-footnote-24-38537' class='easy-footnote-margin-adjust'><\/span><span class='easy-footnote'><a href='http:\/\/vincentians.com\/es\/vender-los-calices\/#easy-footnote-bottom-24-38537' title='S.V. I, 581, 587, 597; Sig I 565, 571 578.'><sup>24<\/sup><\/a><\/span>\n<p>A partir de 1615 empez\u00f3 a sufrir de las piernas.<span id='easy-footnote-25-38537' class='easy-footnote-margin-adjust'><\/span><span class='easy-footnote'><a href='http:\/\/vincentians.com\/es\/vender-los-calices\/#easy-footnote-bottom-25-38537' title='Cf Abelly, I, 247; ed. espa\u00f1ola, p\u00e1gs 221-222. Collet &lt;em&gt;La vie de saint Vincent, &lt;\/em&gt;Nancy 1748, I,46.'><sup>25<\/sup><\/a><\/span> Hacia 1632 tuvo que comprar un caballo para ir todos los d\u00edas desde San Lorenzo a Par\u00eds.<span id='easy-footnote-26-38537' class='easy-footnote-margin-adjust'><\/span><span class='easy-footnote'><a href='http:\/\/vincentians.com\/es\/vender-los-calices\/#easy-footnote-bottom-26-38537' title='Abelly, I, 247; ed. espa\u00f1ola, p\u00e1gs 221 y ss.'><sup>26<\/sup><\/a><\/span> En 1633 se cay\u00f3, quedando el caballo primero debajo y despu\u00e9s encima de \u00e9l.<span id='easy-footnote-27-38537' class='easy-footnote-margin-adjust'><\/span><span class='easy-footnote'><a href='http:\/\/vincentians.com\/es\/vender-los-calices\/#easy-footnote-bottom-27-38537' title='S.V. I, 198; S\u00edg I, 250.'><sup>27<\/sup><\/a><\/span> A pesar de todo, era incansable, y a una edad en que se suelen limitar los desplazamientos, \u00e9l era capaz de recorrer unos cien kil\u00f3metros en un corto espacio de tiempo. En la primera mitad de 1649, cuando ten\u00eda cerca de setenta a\u00f1os, recorri\u00f3 a caballo unos seiscientos kil\u00f3metros por el oeste de Francia.<\/p>\n<p>Hacia junio de 1649 ya no se sinti\u00f3 con fuerzas para montar a caballo. Entonces, con gran confusi\u00f3n por su parte, se vio obligado a utilizar la carroza que le hab\u00eda regalado la duquesa de Aiguill\u00f3n.<span id='easy-footnote-28-38537' class='easy-footnote-margin-adjust'><\/span><span class='easy-footnote'><a href='http:\/\/vincentians.com\/es\/vender-los-calices\/#easy-footnote-bottom-28-38537' title='Cf Abelly, I, 247; ed. espa\u00f1ola, p\u00e1gs 221 y ss; Collet, I, 477'><sup>28<\/sup><\/a><\/span> En 1631 hab\u00eda recibido una coz del caballo; en 1633, otro le hab\u00eda arrojado al suelo;<span id='easy-footnote-29-38537' class='easy-footnote-margin-adjust'><\/span><span class='easy-footnote'><a href='http:\/\/vincentians.com\/es\/vender-los-calices\/#easy-footnote-bottom-29-38537' title='S.V. I, 110, 198-99; S\u00edg I, 173, 250.'><sup>29<\/sup><\/a><\/span> en 1649 se hab\u00eda ca\u00eddo al Loira, en Durtal.<span id='easy-footnote-30-38537' class='easy-footnote-margin-adjust'><\/span><span class='easy-footnote'><a href='http:\/\/vincentians.com\/es\/vender-los-calices\/#easy-footnote-bottom-30-38537' title='Cf Abelly, III, 267; ed. espa\u00f1ola, III, p\u00e1g 726; Collet, I, 474 S.V. III, 424; S\u00edg III'><sup>30<\/sup><\/a><\/span> Aquel mismo a\u00f1o, se escap\u00f3 \u00abpor los pelos\u00bb de un asesinato.<span id='easy-footnote-31-38537' class='easy-footnote-margin-adjust'><\/span><span class='easy-footnote'><a href='http:\/\/vincentians.com\/es\/vender-los-calices\/#easy-footnote-bottom-31-38537' title='Cf. Abelly, III, 21; ed. espa\u00f1ola, lll.'><sup>31<\/sup><\/a><\/span> La hinchaz\u00f3n de sus piernas lleg\u00f3 hasta las rodillas en 1655, de tal suerte que no le era posible hacer la genuflexi\u00f3n;<span id='easy-footnote-32-38537' class='easy-footnote-margin-adjust'><\/span><span class='easy-footnote'><a href='http:\/\/vincentians.com\/es\/vender-los-calices\/#easy-footnote-bottom-32-38537' title='S.V. Xl, 207; S\u00edg Xl\/3, 125'><sup>32<\/sup><\/a><\/span> tuvo entonces que servirse de un bast\u00f3n.<span id='easy-footnote-33-38537' class='easy-footnote-margin-adjust'><\/span><span class='easy-footnote'><a href='http:\/\/vincentians.com\/es\/vender-los-calices\/#easy-footnote-bottom-33-38537' title='Cf. Abelly, I, 247; ed. espa\u00f1ola, I, 221 y ss.'><sup>33<\/sup><\/a><\/span> En 1658 sufri\u00f3 un serio accidente con la carroza,<span id='easy-footnote-34-38537' class='easy-footnote-margin-adjust'><\/span><span class='easy-footnote'><a href='http:\/\/vincentians.com\/es\/vender-los-calices\/#easy-footnote-bottom-34-38537' title='Cf S.V. VII, 58, 60; S\u00edg VII, 55, 57.'><sup>34<\/sup><\/a><\/span> y aquel mismo a\u00f1o, las \u00falceras de su pierna derecha le produjeron una profunda llaga en el tobillo.<span id='easy-footnote-35-38537' class='easy-footnote-margin-adjust'><\/span><span class='easy-footnote'><a href='http:\/\/vincentians.com\/es\/vender-los-calices\/#easy-footnote-bottom-35-38537' title='Ibid.'><sup>35<\/sup><\/a><\/span> Tuvo tambi\u00e9n dificultades considerables en uno de sus ojos.<span id='easy-footnote-36-38537' class='easy-footnote-margin-adjust'><\/span><span class='easy-footnote'><a href='http:\/\/vincentians.com\/es\/vender-los-calices\/#easy-footnote-bottom-36-38537' title='Cf S.V. VIII, 23; S\u00edg VIII, 25.'><sup>36<\/sup><\/a><\/span> A partir de 1659 ya no le fue posible salir de San L\u00e1zaro, y, por espacio de algunos meses tuvo que quedarse en el piso de su habitaci\u00f3n y celebrar la misa en la enfermer\u00eda.<span id='easy-footnote-37-38537' class='easy-footnote-margin-adjust'><\/span><span class='easy-footnote'><a href='http:\/\/vincentians.com\/es\/vender-los-calices\/#easy-footnote-bottom-37-38537' title='Ibid.'><sup>37<\/sup><\/a><\/span> Poco tiempo despu\u00e9s, ya no pudo ni celebrar personalmente la misa, y para moverse necesit\u00f3 muletas.<span id='easy-footnote-38-38537' class='easy-footnote-margin-adjust'><\/span><span class='easy-footnote'><a href='http:\/\/vincentians.com\/es\/vender-los-calices\/#easy-footnote-bottom-38-38537' title='Ibid, 247-48; S\u00edg VIII, 25.'><sup>38<\/sup><\/a><\/span> Seis meses antes de su muerte, \u00e9stas le resultaron in\u00fatiles y tuvo que resignarse a asistir a misa sentado en su sill\u00f3n.<span id='easy-footnote-39-38537' class='easy-footnote-margin-adjust'><\/span><span class='easy-footnote'><a href='http:\/\/vincentians.com\/es\/vender-los-calices\/#easy-footnote-bottom-39-38537' title='Ibid, 248; S\u00edg VIII.'><sup>39<\/sup><\/a><\/span>\n<p>Ya en 1644, enfermedades graves le obligaron a guardar cama por espacio de ocho a diez d\u00edas.<span id='easy-footnote-40-38537' class='easy-footnote-margin-adjust'><\/span><span class='easy-footnote'><a href='http:\/\/vincentians.com\/es\/vender-los-calices\/#easy-footnote-bottom-40-38537' title='Ibid, 245; S\u00edg VIII, S.V. II, 481; S\u00edg. II; Collet, op. cit. I, 406.'><sup>40<\/sup><\/a><\/span> Esto se repiti\u00f3 en 1649, 1651, 1652 y 1655.\u00a0<span id='easy-footnote-41-38537' class='easy-footnote-margin-adjust'><\/span><span class='easy-footnote'><a href='http:\/\/vincentians.com\/es\/vender-los-calices\/#easy-footnote-bottom-41-38537' title='Collet, op cit I, 477; cf S.V. IV, 532; V, 350; Sig IV, 492, S\u00edg. V.'><sup>41<\/sup><\/a><\/span>\n<p>A todas estas enfermedades, en 1659 se a\u00f1adieron otros problemas causados por c\u00e1lculos renales y retenci\u00f3n de orina. Entonces tuvo, para poder moverse o levantarse, que asirse a una cuerda sujeta a una viga de su habitaci\u00f3n.<\/p>\n<p>San Vicente pas\u00f3 tambi\u00e9n, en sus \u00faltimos a\u00f1os, por la dolorosa experiencias de ver morir a sus amigos m\u00e1s queridos. Pudo estar presente a la cabecera de Juan Jacobo Olier, que falleci\u00f3 el domingo de Pascua de 1657: \u00abLa tierra conserva su cuerpo, pero su alma ha volado al cielo. Su esp\u00edritu queda para ustedes\u00bb,<span id='easy-footnote-42-38537' class='easy-footnote-margin-adjust'><\/span><span class='easy-footnote'><a href='http:\/\/vincentians.com\/es\/vender-los-calices\/#easy-footnote-bottom-42-38537' title='SV XIII, 166 Sig X, 210.'><sup>42<\/sup><\/a><\/span> dijo en aquel d\u00eda Vicente a los disc\u00edpulos de Olier. El 31 de diciembre de 1659, muri\u00f3 tambi\u00e9n Alain de Solminihac, su gran amigo y co- reformador con \u00e9l del clero. El \u00faltimo a\u00f1o de la vida de san Vicente, 1660, estuvo marcado por la muerte de tres de sus colaboradores m\u00e1s cercanos: el se\u00f1or Portail, amigo y compa\u00f1ero suyo por espacio de m\u00e1s de cincuenta a\u00f1os, falleci\u00f3 el 14 de febrero. En la ma\u00f1ana del 15 de marzo, Luisa de Marillac entregaba su alma al Se\u00f1or. \u00abTen\u00e9is una madre que goza de gran cr\u00e9dito\u00bb,<span id='easy-footnote-43-38537' class='easy-footnote-margin-adjust'><\/span><span class='easy-footnote'><a href='http:\/\/vincentians.com\/es\/vender-los-calices\/#easy-footnote-bottom-43-38537' title='S.V. X, 717; Conf esp n 2358.'><sup>43<\/sup><\/a><\/span> les dijo a las Hijas de la Caridad. El 3 de mayo muri\u00f3 asimismo Luis de Chandenier, por quien san Vicente sent\u00eda una gran admiraci\u00f3n y afecto. Vicente no pudo contener las l\u00e1grimas ante aquella noticia.<\/p>\n<p>Todas estas muertes causaron profundo dolor al santo.<span id='easy-footnote-44-38537' class='easy-footnote-margin-adjust'><\/span><span class='easy-footnote'><a href='http:\/\/vincentians.com\/es\/vender-los-calices\/#easy-footnote-bottom-44-38537' title='Rom\u00e1n Jos\u00e9 Maria, San &lt;em&gt;Vicente de Pa\u00fal, &lt;\/em&gt;BAC Madrid 1981 659-669.'><sup>44<\/sup><\/a><\/span> A partir de enero de 1659 empez\u00f3 a despedirse de sus amigos. En una carta escrita por entonces, despu\u00e9s de haber pedido perd\u00f3n de sus faltas, le dijo al antiguo general de las Galeras, Felipe Manuel de Gondi, que orar\u00eda por \u00e9l en este mundo o en el otro.<span id='easy-footnote-45-38537' class='easy-footnote-margin-adjust'><\/span><span class='easy-footnote'><a href='http:\/\/vincentians.com\/es\/vender-los-calices\/#easy-footnote-bottom-45-38537' title='S.V. VII, 435-36; Sig VII, 373.'><sup>45<\/sup><\/a><\/span>\n<h2><strong>III. Cambio de horizonte entre el tiempo de San Vicente y el nuestro<\/strong><\/h2>\n<h3><strong> 1.<\/strong> <strong>Nosotros tenemos una mayor esperanza de vida<\/strong><\/h3>\n<p>&nbsp;<\/p>\n<p>Las estad\u00edsticas var\u00edan de un pa\u00eds a otro, pero hoy, en el pa\u00eds que fue el de san Vicente, los hombres viven una media de veintitr\u00e9s a\u00f1os m\u00e1s que en su tiempo y las mujeres veintisiete a\u00f1os m\u00e1s. La media de edad de los religiosos es, creo yo, todav\u00eda m\u00e1s alta. Cuando recibo la comunicaci\u00f3n del fallecimiento de las Hijas de la Caridad, me impresiona siempre el n\u00famero de las que mueren octogenarias o nonagenarias. Mientras que la mayor parte de nosotros, en Europa y en los Estados Unidos, esperamos vivir, y vivimos realmente, hasta una edad avanzada, una esperanza de vida as\u00ed no se daba en el tiempo de san Vicente.<\/p>\n<p>En otras partes del mundo, sin embargo, la media de edad de los que mueren es comparable a la que conoc\u00eda Francia en 1660. Est\u00e1 claro, pues, que este cambio de horizonte no ata\u00f1e nada m\u00e1s que a algunos pa\u00edses.<\/p>\n<p>&nbsp;<\/p>\n<h3><strong> 2.<\/strong> <strong>En la sociedad contempor\u00e1nea hay una tendencia a huir de la realidad de la muerte<\/strong><\/h3>\n<p>&nbsp;<\/p>\n<p><a href=\"https:\/\/i0.wp.com\/vicencianos.org\/wp-content\/2011\/05\/ancianos2.jpg\"><img data-recalc-dims=\"1\" loading=\"lazy\" decoding=\"async\" class=\"alignright size-medium wp-image-38544\" title=\"ancianos2\" src=\"https:\/\/i0.wp.com\/vicencianos.org\/wp-content\/2011\/05\/ancianos2-300x223.jpg?resize=300%2C223\" alt=\"\" width=\"300\" height=\"223\" \/><\/a>Por supuesto, es pr\u00e1cticamente imposible ignorar esta realidad: todos hemos de morir. Sin embargo, la medicina contempor\u00e1nea est\u00e1 a menudo concebida de forma que implica el rechazo de la inevitable realidad de la muerte. Los s\u00edntomas de esta realidad son evidentes y abundantes, especialmente en los pa\u00edses llamados \u00abdesarrollados\u00bb. Por temor a juicios por negligencia y a otros litigios, los m\u00e9dicos mantienen a los enfermos en condiciones de \u00absupervivencia\u00bb artificial m\u00e1s all\u00e1 de lo razonable. Se emplean enormes recursos para mantener la vida en la fase final. En los Estados Unidos, por ejemplo, en los \u00faltimos quince a\u00f1os, el 30 por 100 del dinero destinado a la Ayuda M\u00e9dica se ha empleado en enfermos en los que se esperaba menos de un a\u00f1o de supervivencia.<span id='easy-footnote-46-38537' class='easy-footnote-margin-adjust'><\/span><span class='easy-footnote'><a href='http:\/\/vincentians.com\/es\/vender-los-calices\/#easy-footnote-bottom-46-38537' title='Cf Richard McCormick \u00abThe Catholic Hospital Today\u00bb: \u00bfMission impossible? en &lt;em&gt;Origins 24 &lt;\/em&gt;n\u00fam 39, 13 de marzo de 1995, 651-652.'><sup>46<\/sup><\/a><\/span>\n<p>Este fen\u00f3meno, as\u00ed como el aumento de la esperanza de vida, es limitado tambi\u00e9n a algunos pa\u00edses, puesto que proviene a menudo de prejuicios culturales, de la existencia de recursos financieros importantes, y de tendencia a litigios inherentes a una sociedad.<\/p>\n<p>Pero la muerte no es el enemigo absoluto. Mientras que hay momentos en que tenemos que utilizar abundantes recursos y dar pruebas de creatividad para conjurarla, hay otras ocasiones en que debemos aceptar su venida como inevitable. La tradici\u00f3n moral cat\u00f3lica ha afirmado siempre que es necesario utilizar los \u00abmedios ordinarios\u00bb para combatir la enfermedad, y tambi\u00e9n, a lo largo de su historia, reconoce que hay casos en que el uso de \u00abmedios extraordinarios\u00bb pesa con un peso desproporcionado sobre los enfermos y sobre quienes los aman. La prolongaci\u00f3n artificial de la vida es con frecuencia la prolongaci\u00f3n dolorosa de la muerte.<\/p>\n<h3><strong>3.<\/strong> <strong>La cultura de la juventud<\/strong><\/h3>\n<p>&nbsp;<\/p>\n<p>En relaci\u00f3n con la tendencia contempor\u00e1nea a negar la realidad de la muerte, existe una tendencia a prolongar y glorificar la juventud. Hay, naturalmente, un aspecto brillante en ser y permanecer joven. La fuerza y el encanto de la juventud, dec\u00eda Pablo VI al final del Vaticano II, son \u00abla facultad de alegrarse con lo que comienza, de darse sin recompensa, de renovarse y de partir de nuevo para nuevas conquistas\u00bb.<span id='easy-footnote-47-38537' class='easy-footnote-margin-adjust'><\/span><span class='easy-footnote'><a href='http:\/\/vincentians.com\/es\/vender-los-calices\/#easy-footnote-bottom-47-38537' title='Mensaje de clausura del Concilio Vaticano II.'><sup>47<\/sup><\/a><\/span> Pero el lado sombr\u00edo de esta tendencia es una fijaci\u00f3n en el cuerpo, una sobrevaloraci\u00f3n de la belleza f\u00edsica y una incapacidad de aceptar la vejez lo que, como corolario, lleva consigo la inmadurez. Peri\u00f3dicos, revistas, televisi\u00f3n y pel\u00edculas, nos llenan los ojos de la belleza y de la vitalidad de la juventud, de ah\u00ed tambi\u00e9n las tentativas para vendernos los productos que nos conservar\u00e1n eternamente j\u00f3venes.<\/p>\n<p>&nbsp;<\/p>\n<h3><strong> 4. Los progresos de la medicina han hecho que la enfermedad y la vejez sean, al menos en algunos momentos, menos dolorosas<\/strong><\/h3>\n<p>&nbsp;<\/p>\n<p>En los tiempos modernos, la ciencia ha producido analg\u00e9sicos, desde la aspirina hasta la anestesia total. Hoy, en este final del siglo XX, los m\u00e9dicos pueden aliviar el dolor mejor de lo que jam\u00e1s se hab\u00eda hecho. Nuevos medicamentos pueden aliviar de manera significativa los sufrimientos de los enferrnos y moribundos, aun cuando a veces tienen efectos secundarios notables, como el obscurecimiento de la conciencia. En algunos casos, estos efectos secundarios son tan fuertes que es dif\u00edcil distinguir la frontera entre el alivio del sufrimiento y la aceleraci\u00f3n de la muerte.<\/p>\n<p>Pero es importante no exagerar este cambio de horizonte. El dolor ocupa todav\u00eda una amplia parte en la vida de los enfermos. Incluso con todo el avance de la medicina moderna, en los Estados Unidos, por ejemplo, hay m\u00e1s de treinta y seis millones de personas que sufren de artrosis, setenta millones, de desviaciones dorsales, y veinte millones, de jaquecas. Dicho con otras palabras, aproximadamente un tercio de la poblaci\u00f3n sufre dolores cr\u00f3nicos recurrentes.<span id='easy-footnote-48-38537' class='easy-footnote-margin-adjust'><\/span><span class='easy-footnote'><a href='http:\/\/vincentians.com\/es\/vender-los-calices\/#easy-footnote-bottom-48-38537' title='Cf Richard McCorrnick, &lt;em&gt;7he Critical Calling &lt;\/em&gt;Georgetown University Press, Washington, D C, 1989, 363-364.'><sup>48<\/sup><\/a><\/span> La situaci\u00f3n es, seguramente, peor en otros muchos pa\u00edses donde se encuentran menos recursos m\u00e9dicos disponibles.<\/p>\n<h2><strong>IV. Envejecer hoy: algunas reflexiones<\/strong><\/h2>\n<p><em>\u00abEnvejecer es poseer todas las etapas de la vida\u00bb<\/em><\/p>\n<p><em>\u00abEnvejecer es ir a ver a Dios de cerca\u00bb<\/em>.<span id='easy-footnote-49-38537' class='easy-footnote-margin-adjust'><\/span><span class='easy-footnote'><a href='http:\/\/vincentians.com\/es\/vender-los-calices\/#easy-footnote-bottom-49-38537' title='Jean Guitton en el prefacio a \u00abRen\u00e9e\u00bb, de Tryon Montalembert.'><sup>49<\/sup><\/a><\/span>\n<p>&nbsp;<\/p>\n<p>El envejecimiento, como todas las etapas del desarrollo humano, es ambiguo. Puede ser la ocasi\u00f3n de un crecimicnto o de una regresi\u00f3n. Yo he o\u00eddo a cohermanos j\u00f3venes, espectadores de lo que san Vicente llamar\u00eda \u00abel espect\u00e1culo\u00bb de los mayores, comentar las dos clases de fen\u00f3menos: \u00abAs\u00ed me gustar\u00eda a m\u00ed envejecer\u00bb, dec\u00eda uno de ellos con cierta admiraci\u00f3n; por otra parte, con verdadera tristeza gem\u00eda otro: \u00abEspero no llegar a ser un anciano lleno de amargura como ese\u00bb.<\/p>\n<p>Todos esperamos, naturalmente, envejecer con gracia un d\u00eda, al enterarnos de la muerte de un magn\u00edfico misionero que hab\u00eda servido en China, hab\u00eda sufrido la c\u00e1rcel y el exilio, y hab\u00eda vivido despu\u00e9s veinte a\u00f1os entre nosotros, gozoso y apacible, uno de mis amigos se volvi\u00f3 hacia m\u00ed y me dijo: \u00abLo que se me ocurre es aplaudir. Es como el final de una obra maestra\u00bb. De hecho, he tenido el privilegio de conocer, durante mi vida de Comunidad, buen n\u00famero de cohermanos y de Hermanas mayores magn\u00edficos.<\/p>\n<p>En una bella conferencia a las Hermanas Mayores de la Compa\u00f1\u00eda de las Hijas de la Caridad, la Madre Luc\u00eda Rog\u00e9 describ\u00eda las caracter\u00edsticas que hab\u00eda observado en las Hermanas Mayores fieles:<\/p>\n<ul>\n<li>una serenidad apacible,<\/li>\n<li>una gran caridad,<\/li>\n<li>una profunda confianza que se expresa con alegr\u00eda,<\/li>\n<li>esfuerzos con miras a una conversi\u00f3n permanente, prueba del deseo de vivir profundamente de la vida de Dios,<\/li>\n<li>una oraci\u00f3n constante.<span id='easy-footnote-50-38537' class='easy-footnote-margin-adjust'><\/span><span class='easy-footnote'><a href='http:\/\/vincentians.com\/es\/vender-los-calices\/#easy-footnote-bottom-50-38537' title='Miguel P\u00e9rez Flores, C.M. \u00abPotencial humano de las Provincias de las Hijas de la Caridad en Espa\u00f1a a partir de los sesenta y cinco a\u00f1os para seguir viviendo ilusionadamente el Carisma Vicenciano\u00bb, en &lt;em&gt;La respuesta exige un \u00e9xodo, &lt;\/em&gt;CEME, Salarnanca 1993, 91.'><sup>50<\/sup><\/a><\/span><\/li>\n<\/ul>\n<p>Les propongo las breves reflexiones que siguen, con la esperanza de animar a los cohermanos y a las Hijas de la Caridad en el momento en que atraviesan la prueba de la ancianidad. Nadie es jam\u00e1s demasiado viejo, como escribi\u00f3 una vez san Richard de Chichester, \u00abpara conocer a Dios claramente, amarle m\u00e1s profundamente y seguirle m\u00e1s de cerca\u00bb.<span id='easy-footnote-51-38537' class='easy-footnote-margin-adjust'><\/span><span class='easy-footnote'><a href='http:\/\/vincentians.com\/es\/vender-los-calices\/#easy-footnote-bottom-51-38537' title='Oraci\u00f3n que se atribuye a Richard de Chichester, 1197-1253.'><sup>51<\/sup><\/a><\/span>\n<h3><strong>1.<\/strong> <strong>Todos envejecemos. Ser\u00eda absurdo negarlo<\/strong><\/h3>\n<p>&nbsp;<\/p>\n<p>Walt Whitman ha escrito:<\/p>\n<p>&nbsp;<\/p>\n<p><em> \u00abJuventud vasta, vigorosa, llena de amor.<br \/>\nJuventud llena de gracia, de fuerza, de fascinaci\u00f3n.<br \/>\n\u00bfSabes que la vejez vendr\u00e1 despu\u00e9s?<\/em><span id='easy-footnote-52-38537' class='easy-footnote-margin-adjust'><\/span><span class='easy-footnote'><a href='http:\/\/vincentians.com\/es\/vender-los-calices\/#easy-footnote-bottom-52-38537' title='Walt Whitman, Leaves of Grass &amp;#8211; \u00abYouth, Day, Old Age and Night, en James E. Miller, ed. &lt;em&gt;Complete Poetry and Selected Prose by Walt Whitman, &lt;\/em&gt; Houghton Mifflin, Boston 1959, 165.'><sup>52<\/sup><\/a><\/span>\n<p>&nbsp;<\/p>\n<p>Hoy sabemos que los cuidados preventivos son muy importantes. La enorme disminuci\u00f3n de los que mueren a causa de enfermedades coronarias en los \u00faltimos veinticinco a\u00f1os, se debe en gran parte a la mejora de las costumbres alimenticias &#8212;como la reducci\u00f3n del colesterol y a restricciones en el uso del cigarro. Es evidente tambi\u00e9n que el ejercicio, el control del peso y un r\u00e9gimen equilibrado contribuyen de manera significativa a mantener nuestra juventud.<\/p>\n<p>A pesar de todo, todos envejecemos. El realismo cristiano deber\u00eda llevarnos a mirar esta verdad de frente. El Superior general, por ejemplo, debe reconocer que es m\u00e1s que probable que morir\u00e1 dentro de veinticinco a\u00f1os, si no antes.<\/p>\n<p>En una carta escrita a sus amigos el 29 de noviembre de 1366, el gran autor italiano Petrarca escrib\u00eda: <em>\u00abHe envejecido. No puedo ocultarme este hecho aunque lo quisiera, y no quisiera hacerlo aunque pudiera&#8230; Y a quien sintiera repugnancia en seguirme le digo \u2018Ven con seguridad, no tengas miedo&#8230; La edad hacia la que avanzas entre las tempestades de la vida no tiene nada de espantoso\u2019. Los que la califican as\u00ed han encontrado poco acogedoras todas las etapas de la existencia porque han sido maltratados por ella, pero no se trata de una edad concreta. Los \u00faltimos a\u00f1os de un hombre instruido y modesto est\u00e1n protegidos y serenos. Ha pacificado las tempestades de su coraz\u00f3n, ha dejado tras \u00e9l los escollos de las luchas y del trabajo, est\u00e1 protegido de las tormentas exteriores por un anillo de colinas soleadas. Por eso, ve en paz; no te demores, una puerta se abre all\u00ed donde tem\u00edas un naufragio\u00bb<\/em>.<span id='easy-footnote-53-38537' class='easy-footnote-margin-adjust'><\/span><span class='easy-footnote'><a href='http:\/\/vincentians.com\/es\/vender-los-calices\/#easy-footnote-bottom-53-38537' title='Petrarca, &lt;em&gt;Carta a sus amigos, escrita de Pav\u00eda, 29-11-1366 \u00f3 1367.&lt;\/em&gt;'><sup>53<\/sup><\/a><\/span>\n<p>&nbsp;<\/p>\n<p>&nbsp;<\/p>\n<h3><strong>2. El Evangelio nos llama, a medida que avanzamos en edad, a crecer en el amor<\/strong><\/h3>\n<p>&nbsp;<\/p>\n<p>Apenas se puede encontrar en el Nuevo Testamento algo m\u00e1s claramente expresado. El crecimiento en el amor es el reto permanente que se ofrece en toda edad a la persona humana. Envejecer en gracia, si es verdaderamente irse llenando de gracia, es crecer en la caridad de Cristo. En comunidad, esto significa afecto y mansedumbre hacia los Hermanos y Hermanas, j\u00f3venes o mayores. Porque, \u00ab\u00bfqu\u00e9 es la caridad, nos dice san Vicente, sino el amor y la mansedumbre?\u00bb<span id='easy-footnote-54-38537' class='easy-footnote-margin-adjust'><\/span><span class='easy-footnote'><a href='http:\/\/vincentians.com\/es\/vender-los-calices\/#easy-footnote-bottom-54-38537' title='S.V. Conf. Esp. 437.'><sup>54<\/sup><\/a><\/span> En un contexto apost\u00f3lico, esto significa celo constante, aun cuando las energ\u00edas se vean reducidas y la capacidad de \u00abcontribuir\u00bb disminuida.<\/p>\n<p>Desgraciadamente, nuestra estima de nosotros mismos est\u00e1 a veces tan unida a las \u00abobras\u00bb que nos vemos amargados cuando nuestra aptitud para trabajar disminuye. Es crucial, cuando empezamos a experimentar esta tentaci\u00f3n, reconsiderar nuestro servicio a los Pobres y a la comunidad. Los mayores tienen muchos dones, aunque no sean precisamente los mismos que los de la juventud. Es vital para los que quieren envejecer con gracia, descubrir estos dones y compartirlos generosamente.<span id='easy-footnote-55-38537' class='easy-footnote-margin-adjust'><\/span><span class='easy-footnote'><a href='http:\/\/vincentians.com\/es\/vender-los-calices\/#easy-footnote-bottom-55-38537' title='Cf P. Flores, op cit, 81-100.'><sup>55<\/sup><\/a><\/span>\n<h3><strong>3.<\/strong> <strong>Es importante conservar \u00abun coraz\u00f3n joven\u00bb<\/strong><\/h3>\n<p>&nbsp;<\/p>\n<p>Cicer\u00f3n escribi\u00f3: \u00ab<em>Me gusta encontrar en un joven algo propio de la vejez. Igualmente, me gusta encontrar en una persona anciana algo de la juventud. Quien siga esta m\u00e1xima ser\u00e1 quiz\u00e1 viejo en el cuerpo pero jam\u00e1s en el esp\u00edritu\u00bb<\/em>.<span id='easy-footnote-56-38537' class='easy-footnote-margin-adjust'><\/span><span class='easy-footnote'><a href='http:\/\/vincentians.com\/es\/vender-los-calices\/#easy-footnote-bottom-56-38537' title='De &lt;em&gt;Senectute, De Amicia, De Devinatione&lt;\/em&gt;.'><sup>56<\/sup><\/a><\/span>\n<p>Consideramos con frecuencia como cualidades de la juventud el entusiasmo, la imaginaci\u00f3n, la aptitud para cambiar. Pero estas caracter\u00edsticas en ning\u00fan modo son exclusivas de los j\u00f3venes. Uno de los misioneros m\u00e1s entusiastas que he encontrado ha sido un anciano cohermano de ochenta a\u00f1os con el que pas\u00e9 unos d\u00edas en Nigeria. Dos de los consejeros m\u00e1s creativos que he encontrado eran hombres prudentes, con experiencia, que ten\u00edan m\u00e1s de setenta a\u00f1os; ellos pod\u00edan encontrar soluciones a problemas que pocos eran capaces de afrontar. Y por lo que se refiere a la aptitud para cambiar, he visto a sacerdotes y Hermanas lanzarse a nuevas carreras cuando estaban ya jubilados y servir con m\u00e1s alegr\u00eda y de manera m\u00e1s creativa que antes. Personas as\u00ed dejan una herencia magn\u00edfica a los que vienen detr\u00e1s. D. W. Lawrence ha escrito:<\/p>\n<p><em>\u00abCuando cae el fruto maduro,<br \/>\nsu dulce jugo se destila y se infiltra en las venas de la tierra.<br \/>\nCuando mueren seres realizados,<br \/>\nla esencia de su experiencia penetra<br \/>\ncomo un aceite en las venas del espacio viviente.<br \/>\nY a\u00f1ade un nuevo tornasol al \u00e1tomo, al cuerpo del inmortal caos.<br \/>\nPues el espacio es vivo<br \/>\ny se mueve como un cisne<br \/>\ncuyas plumas brillan tornasoladas<br \/>\nsedosas con el b\u00e1lsamo de una experiencia que se va destilando\u00bb<\/em>.<span id='easy-footnote-57-38537' class='easy-footnote-margin-adjust'><\/span><span class='easy-footnote'><a href='http:\/\/vincentians.com\/es\/vender-los-calices\/#easy-footnote-bottom-57-38537' title='D.W Lawrence, &lt;em&gt;When the ripe fruit falls, &lt;\/em&gt;1929.'><sup>57<\/sup><\/a><\/span>\n<p>&nbsp;<\/p>\n<p>&nbsp;<\/p>\n<h3><strong>4. Envejecer es una ocasi\u00f3n para desarrollar la dimensi\u00f3n contemplativa de la persona humana<\/strong><\/h3>\n<p>&nbsp;<\/p>\n<p>Podemos \u00abhacer\u00bb menos cuando nuestras energ\u00edas f\u00edsicas disminuyen, pero seguramente podemos desarrollar otras dimensiones de nuestra hurnanidad. Entre \u00e9stas \u2013sobre todo para quienes se entregan a Dios para el servicio a los pobres\u00bb\u2013<span id='easy-footnote-58-38537' class='easy-footnote-margin-adjust'><\/span><span class='easy-footnote'><a href='http:\/\/vincentians.com\/es\/vender-los-calices\/#easy-footnote-bottom-58-38537' title='Cf S.V. S\u00edg I, 238; II, 57; III, 139; IV 19, 67, 118, 123 135 155, 270, 341, 539, 554; V, 79, l00, 213, 405, 554 556, 599; VII, 18, 39, 315; Conf. Esp. p\u00e1gs 31, 41, 44, 177. Conferencias a los misioneros S.V. ed. francesa 1960 p\u00e1g 37, 471, 550, 562, 559, 571, 553, 586, 742, 743, 775, 776, 811 825, 831, 835, 888, 916, 944.'><sup>58<\/sup><\/a><\/span> la dimensi\u00f3n contemplativa de nuestra existencia es de una importancia especial. Mientras que en las etapas precedentes de la vida podemos poner el acento en la segunda parte de la expresi\u00f3n que tanto le gustaba decir a san Vicente: \u00abEntregarnos a Dios para&#8230; <em>el Servicio a los Pobres\u00bb, <\/em>al declinar nuestros a\u00f1os podemos insistir de manera m\u00e1s provechosa en la primera parte: <em>\u00abDarnos a Dios&#8230; <\/em>para el Servicio a los Pobres\u00bb.<\/p>\n<p>En cada \u00e9poca de nuestra vida es importante utilizar bien el tiempo. Y la edad de la ancianidad no ha de ser una excepci\u00f3n Una de sus tentaciones es perder el tiempo con un cuidado excesivo de la propia salud personal. Por otra parte, una de las gracias de esta edad es la de tener tiempo para buscar a Dios con m\u00e1s libertad y concentraci\u00f3n. Lo que se propone a los mayores es transformar las horas penosas de aislamiento en momentos apacibles de soledad con Dios y de contemplaci\u00f3n de su Bondad. Los mayores tienen tiempo de leer, de meditar la Sagrada Escritura y de escuchar la Palabra de Dios de una manera nueva. Tienen la posibilidad de exclamar con el salmista: \u00abEl amor de Yav\u00e9 por siempre cantar\u00e9\u00bb.<span id='easy-footnote-59-38537' class='easy-footnote-margin-adjust'><\/span><span class='easy-footnote'><a href='http:\/\/vincentians.com\/es\/vender-los-calices\/#easy-footnote-bottom-59-38537' title='Sal 88, 2.'><sup>59<\/sup><\/a><\/span>\n<p>El poeta americano Archibald MacLeish lo ha expresado as\u00ed:<\/p>\n<p><em>\u00abLo que veo ahora, a los sesenta a\u00f1os,<br \/>\naunque el mundo sea de lejos mucho peor que antes,<br \/>\ndetiene mi coraz\u00f3n en un \u00e9xtasis.<br \/>\nDios m\u00edo, \u00a1qu\u00e9 maravillas existen!\u00bb<\/em>.<span id='easy-footnote-60-38537' class='easy-footnote-margin-adjust'><\/span><span class='easy-footnote'><a href='http:\/\/vincentians.com\/es\/vender-los-calices\/#easy-footnote-bottom-60-38537' title='Archibald MacLeish, &lt;em&gt;With age wisdom, &lt;\/em&gt;1952.'><sup>60<\/sup><\/a><\/span>\n<p>&nbsp;<\/p>\n<p>&nbsp;<\/p>\n<h3><strong>5.<\/strong> <strong>La edad de la ancianidad es un tiempo de reconciliaci\u00f3n con el pasado<\/strong><\/h3>\n<p>&nbsp;<\/p>\n<p>Todos en el presente llevamos nuestras cicatrices y nuestros pecados. Necesitamos ser curados. La tercera edad es una ocasi\u00f3n magn\u00edfica para la reconciliaci\u00f3n. Es un tiempo en que los recuerdos pueden apaciguarse, hasta los recuerdos amargos: los recuerdos de las relaciones con nuestros parientes, de fracasos que haya habido en nuestra vida, de rechazo, de pecado personal. En el momento de la muerte, todo esto hemos de ponerlo en manos de un Dios de Amor y Misericordia infinitos. Ciertamente es de desear que esta evoluci\u00f3n comience mucho tiempo antes de la cercan\u00eda de la muerte. El sacramento de la Reconciliaci\u00f3n y la conversaci\u00f3n con una verdadera \u00abalma amiga\u00bb pueden procurar maravillosas ocasiones de curar los pecados y las heridas abiertas en el pasado. Igualmente, el sacramento de los enfermos, celebrado en la fe, en compa\u00f1\u00eda de sus Hermanos y Hermanas, puede conducir a la curaci\u00f3n y a la paz completas, que son el objetivo de la conversi\u00f3n permanente.<\/p>\n<p>&nbsp;<\/p>\n<h3><strong> 6.<\/strong> <strong>La soledad es uno de los retos espec\u00edficos del envejecimiento<\/strong><\/h3>\n<p>&nbsp;<\/p>\n<p>Como nos recuerdan los existencialistas, la soledad forma parte de los retos espec\u00edficos de la vida humana. Desde el instante de nuestra separaci\u00f3n repentina del calor del seno materno, hasta nuestra separaci\u00f3n final de la familia de los vivientes, j\u00f3venes o mayores, c\u00e9libes y casados tienen la experiencia de la soledad. Tiene sus matices especiales en la adolescencia, en la vida adulta, en la \u00faltima etapa de la vida. Los viudos y viudas tienen de ello una dolorosa experiencia. Los c\u00e9libes tambi\u00e9n experimentan a su manera la amargura de la soledad.<\/p>\n<p>Los que envejecen inevitablemente sentir\u00e1n, como San Vicente lo hizo, la muerte de sus amigos. Duele terriblemente y a\u00f1ade terribles sentimientos de soledad.<\/p>\n<p>Nuestra propia muerte es la experiencia suprema de la soledad. Afrontamos la separaci\u00f3n de todos aquellos que hemos conocido y amado y que nos han prodigado su afecto y compa\u00f1\u00eda durante muchos a\u00f1os. Nos vemos llamados, en la fe, a descansar en los brazos del Dios vivo. La muerte es el supremo acto de fe. En ella, Jes\u00fas nos llama a decir con El: \u00abPadre, en tus manos encomiendo mi esp\u00edritu\u00bb.<span id='easy-footnote-61-38537' class='easy-footnote-margin-adjust'><\/span><span class='easy-footnote'><a href='http:\/\/vincentians.com\/es\/vender-los-calices\/#easy-footnote-bottom-61-38537' title='Lc 23, 46.'><sup>61<\/sup><\/a><\/span>\n<h3><strong>7.<\/strong> <strong>No morimos en soledad<\/strong><\/h3>\n<p>&nbsp;<\/p>\n<p>Desde nuestro bautismo profesamos este art\u00edculo de nuestra fe: \u00abCreo&#8230; en la comuni\u00f3n de los santos\u00bb. Esperamos experimentar en nuestra vejez y ante la proximidad de la muerte, que estamos rodeados por aquellos a quienes amamos en la Comunidad. Esto nos ayuda a saber tambi\u00e9n que muchos de los \u00abque nos precedieron marcados en el signo de la fe\u00bb nos esperan en el banquete celestial.<\/p>\n<p>Recuerdo que, hace ya unos a\u00f1os, paseaba en el terreno de nuestro Seminario Mayor con el Hermano Laurence Masterson. El deseaba hablar en aquel atardecer sobre a qu\u00e9 se parec\u00eda el cielo. Guardo muy vivo el recuerdo de todo lo que dijimos acerca del \u00abbanquete\u00bb, imagen que se encuentra en el Nuevo Testamento. Nos imagin\u00e1bamos estar all\u00ed, gozando con el Se\u00f1or, riendo, comiendo y bebiendo con muchos amigos, que hemos conocido y amado en la vida. Poco tiempo despu\u00e9s, el Hermano Laurence muri\u00f3 inesperadamente. Siempre me lo he imaginado sonriente en la mesa del banquete, reserv\u00e1ndonos un puesto a nosotros, sus amigos.<\/p>\n<h3><strong> 8.<\/strong> <strong>Fundamentalmente, recurrimos al coraz\u00f3n del Misterio Pascual de Jes\u00fas para hacer frente a la muerte<\/strong><\/h3>\n<p>&nbsp;<\/p>\n<p>La muerte de Jes\u00fas sirve de modelo a sus disc\u00edpulos. Es la fuente de su fuerza para hacerlos entrar, como lo hizo \u00c9l, en el proceso de muerte. San Vicente era muy consciente de esto: <em>\u00abAcu\u00e9rdese &#8212;<\/em>escribe al P. Portail&#8211; <em>de que vivimos en Jesucristo por la muerte de Jesucristo, y que hemos de morir en Jesucristo por la vida de Jesucristo, y que nuestra vida tiene que estar oculta en Jesucristo y llena de Jesucristo, y que, para morir como Jesucristo, hay que vivir como Jesucristo\u00bb<\/em>.<span id='easy-footnote-62-38537' class='easy-footnote-margin-adjust'><\/span><span class='easy-footnote'><a href='http:\/\/vincentians.com\/es\/vender-los-calices\/#easy-footnote-bottom-62-38537' title='S.V. S\u00edg I, 320.'><sup>62<\/sup><\/a><\/span> Los relatos evang\u00e9licos de la muerte de Jes\u00fas invitan a sus disc\u00edpulos a confiarse al poder y a la Providencia de Dios para perdonar a quienes les han ofendido, poner a aquellos a quienes aman en manos de otras personas, creer que Dios puede llevar los muertos a la Vida.<\/p>\n<p>En la enfermedad y en la edad avanzada, una comprensi\u00f3n renovada, profunda, de nuestra participaci\u00f3n eucar\u00edstica en la muerte y en la resurrecci\u00f3n del Se\u00f1or, puede conducirnos a una inmersi\u00f3n m\u00e1s profunda en el Misterio Pascual, mientras aumenta nuestra gratitud por el amor fiel de Dios y mientras entramos en la muerte del Se\u00f1or como en la fuente de su Vida resucitada.<\/p>\n<p>Espero que estas reflexiones van a ayudar a mis Hermanos y Hermanas mayores que tanto han aportado a mi propia vida y a la de los pobres. En una \u00e9poca en que a veces se sobrevalora la necesidad de mantenerse joven, recuerdo la bella descripci\u00f3n que da Harriet Beecher Stowe de Raquel Halliday, en <em>La caba\u00f1a del t\u00edo Tom, <\/em>novela escrita hace m\u00e1s de un siglo:<\/p>\n<p><em>\u00abSus cabellos, plateados en parte por la edad, enmarcaban con gracia una gran frente apacible, en la que el tiempo no hab\u00eda dejado ninguna huella, sino la de la paz en la tierra y el amor a los hombres. Debajo brillaban un par de <\/em><\/p>\n<p>&nbsp;<\/p>\n<p>&nbsp;<\/p>\n<p><em>grandes ojos casta\u00f1os, transparentes, puros, llenos de amor. No se necesita penetrar mucho para ver en el fondo del coraz\u00f3n lo mejor y lo m\u00e1s verdadero que jam\u00e1s haya palpitado en el pecho de una mujer. Se han dicho y se han cantado tantas cosas de las bellas muchachas j\u00f3venes, \u00bfpor qu\u00e9 no ha de levantarse alguien para celebrar la belleza de las ancianas?\u00bb<\/em>.<span id='easy-footnote-63-38537' class='easy-footnote-margin-adjust'><\/span><span class='easy-footnote'><a href='http:\/\/vincentians.com\/es\/vender-los-calices\/#easy-footnote-bottom-63-38537' title='Harriet Beecher Stowe &lt;em&gt;La Caba\u00f1a del T\u00edo Tom, &lt;\/em&gt;1852 E F Dutton &amp;amp; Co &lt;em&gt;New &lt;\/em&gt; York, 1955, 138-139.'><sup>63<\/sup><\/a><\/span>\n","protected":false},"excerpt":{"rendered":"<p>Hace poco he recibido una carta conmovedora de un sacerdote, que me agradece el que yo escriba con frecuencia acerca de la naturaleza misionera de la Congregaci\u00f3n y me anima a que siga insistiendo ante &#8230; <a href=\"http:\/\/vincentians.com\/es\/vender-los-calices\/\" class=\"more-link\">Read More<\/a><\/p>\n","protected":false},"author":4,"featured_media":38543,"comment_status":"open","ping_status":"open","sticky":false,"template":"","format":"standard","meta":{"jetpack_post_was_ever_published":false,"_jetpack_newsletter_access":"","_jetpack_dont_email_post_to_subs":false,"_jetpack_newsletter_tier_id":0,"_jetpack_memberships_contains_paywalled_content":false,"_jetpack_memberships_contains_paid_content":false,"footnotes":"","jetpack_publicize_message":"","jetpack_publicize_feature_enabled":true,"jetpack_social_post_already_shared":true,"jetpack_social_options":{"image_generator_settings":{"template":"highway","default_image_id":0,"font":"","enabled":false},"version":2}},"categories":[16,28],"tags":[218,142,150,119,261,127,143],"class_list":["post-38537","post","type-post","status-publish","format-standard","has-post-thumbnail","hentry","category-congregacion-de-la-mision","category-formacion-vicenciana","tag-abelly","tag-collet","tag-du-chesne","tag-gondi","tag-jean-guitton","tag-portail","tag-san-lazaro"],"yoast_head":"<!-- This site is optimized with the Yoast SEO plugin v26.3 - https:\/\/yoast.com\/wordpress\/plugins\/seo\/ -->\n<title>Vender los C\u00e1lices - Somos Vicencianos<\/title>\n<meta name=\"robots\" content=\"index, follow, max-snippet:-1, max-image-preview:large, max-video-preview:-1\" \/>\n<link rel=\"canonical\" href=\"http:\/\/vincentians.com\/es\/vender-los-calices\/\" \/>\n<meta property=\"og:locale\" content=\"es_ES\" \/>\n<meta property=\"og:type\" content=\"article\" \/>\n<meta property=\"og:title\" content=\"Vender los C\u00e1lices - Somos Vicencianos\" \/>\n<meta property=\"og:description\" content=\"Hace poco he recibido una carta conmovedora de un sacerdote, que me agradece el que yo escriba con frecuencia acerca de la naturaleza misionera de la Congregaci\u00f3n y me anima a que siga insistiendo ante ... Read More\" \/>\n<meta property=\"og:url\" content=\"http:\/\/vincentians.com\/es\/vender-los-calices\/\" \/>\n<meta property=\"og:site_name\" content=\"Somos Vicencianos\" \/>\n<meta property=\"article:publisher\" content=\"https:\/\/www.facebook.com\/WeAreVincentians\/\" \/>\n<meta property=\"article:author\" content=\"https:\/\/www.facebook.com\/JavierChento\" \/>\n<meta property=\"article:published_time\" content=\"2014-09-04T06:05:44+00:00\" \/>\n<meta property=\"article:modified_time\" content=\"2016-07-26T17:18:02+00:00\" \/>\n<meta name=\"author\" content=\"Francisco Javier Fern\u00e1ndez Chento\" \/>\n<meta name=\"twitter:card\" content=\"summary_large_image\" \/>\n<meta name=\"twitter:creator\" content=\"@https:\/\/twitter.com\/javierchento\" \/>\n<meta name=\"twitter:site\" content=\"@WeVincentians\" \/>\n<meta name=\"twitter:label1\" content=\"Escrito por\" \/>\n\t<meta name=\"twitter:data1\" content=\"Francisco Javier Fern\u00e1ndez Chento\" \/>\n\t<meta name=\"twitter:label2\" content=\"Tiempo de lectura\" \/>\n\t<meta name=\"twitter:data2\" content=\"33 minutos\" \/>\n<script type=\"application\/ld+json\" class=\"yoast-schema-graph\">{\"@context\":\"https:\/\/schema.org\",\"@graph\":[{\"@type\":\"Article\",\"@id\":\"http:\/\/vincentians.com\/es\/vender-los-calices\/#article\",\"isPartOf\":{\"@id\":\"http:\/\/vincentians.com\/es\/vender-los-calices\/\"},\"author\":{\"name\":\"Francisco Javier Fern\u00e1ndez Chento\",\"@id\":\"http:\/\/vincentians.com\/es\/#\/schema\/person\/9623ef4d9aa3b2dfb8c061f1499288f2\"},\"headline\":\"Vender los C\u00e1lices\",\"datePublished\":\"2014-09-04T06:05:44+00:00\",\"dateModified\":\"2016-07-26T17:18:02+00:00\",\"mainEntityOfPage\":{\"@id\":\"http:\/\/vincentians.com\/es\/vender-los-calices\/\"},\"wordCount\":6522,\"commentCount\":0,\"publisher\":{\"@id\":\"http:\/\/vincentians.com\/es\/#organization\"},\"image\":{\"@id\":\"http:\/\/vincentians.com\/es\/vender-los-calices\/#primaryimage\"},\"thumbnailUrl\":\"\",\"keywords\":[\"Abelly\",\"Collet\",\"Du Chesne\",\"Gondi\",\"Jean Guitton\",\"Portail\",\"San L\u00e1zaro\"],\"articleSection\":[\"Congregaci\u00f3n de la Misi\u00f3n\",\"Formaci\u00f3n Vicenciana\"],\"inLanguage\":\"es\",\"potentialAction\":[{\"@type\":\"CommentAction\",\"name\":\"Comment\",\"target\":[\"http:\/\/vincentians.com\/es\/vender-los-calices\/#respond\"]}]},{\"@type\":\"WebPage\",\"@id\":\"http:\/\/vincentians.com\/es\/vender-los-calices\/\",\"url\":\"http:\/\/vincentians.com\/es\/vender-los-calices\/\",\"name\":\"Vender los C\u00e1lices - Somos Vicencianos\",\"isPartOf\":{\"@id\":\"http:\/\/vincentians.com\/es\/#website\"},\"primaryImageOfPage\":{\"@id\":\"http:\/\/vincentians.com\/es\/vender-los-calices\/#primaryimage\"},\"image\":{\"@id\":\"http:\/\/vincentians.com\/es\/vender-los-calices\/#primaryimage\"},\"thumbnailUrl\":\"\",\"datePublished\":\"2014-09-04T06:05:44+00:00\",\"dateModified\":\"2016-07-26T17:18:02+00:00\",\"breadcrumb\":{\"@id\":\"http:\/\/vincentians.com\/es\/vender-los-calices\/#breadcrumb\"},\"inLanguage\":\"es\",\"potentialAction\":[{\"@type\":\"ReadAction\",\"target\":[\"http:\/\/vincentians.com\/es\/vender-los-calices\/\"]}]},{\"@type\":\"ImageObject\",\"inLanguage\":\"es\",\"@id\":\"http:\/\/vincentians.com\/es\/vender-los-calices\/#primaryimage\",\"url\":\"\",\"contentUrl\":\"\"},{\"@type\":\"BreadcrumbList\",\"@id\":\"http:\/\/vincentians.com\/es\/vender-los-calices\/#breadcrumb\",\"itemListElement\":[{\"@type\":\"ListItem\",\"position\":1,\"name\":\"Portada\",\"item\":\"http:\/\/vincentians.com\/es\/\"},{\"@type\":\"ListItem\",\"position\":2,\"name\":\"Vender los C\u00e1lices\"}]},{\"@type\":\"WebSite\",\"@id\":\"http:\/\/vincentians.com\/es\/#website\",\"url\":\"http:\/\/vincentians.com\/es\/\",\"name\":\"Somos Vicencianos\",\"description\":\"Know more to serve more\",\"publisher\":{\"@id\":\"http:\/\/vincentians.com\/es\/#organization\"},\"potentialAction\":[{\"@type\":\"SearchAction\",\"target\":{\"@type\":\"EntryPoint\",\"urlTemplate\":\"http:\/\/vincentians.com\/es\/?s={search_term_string}\"},\"query-input\":{\"@type\":\"PropertyValueSpecification\",\"valueRequired\":true,\"valueName\":\"search_term_string\"}}],\"inLanguage\":\"es\"},{\"@type\":\"Organization\",\"@id\":\"http:\/\/vincentians.com\/es\/#organization\",\"name\":\"The Vincentian Network\",\"url\":\"http:\/\/vincentians.com\/es\/\",\"logo\":{\"@type\":\"ImageObject\",\"inLanguage\":\"es\",\"@id\":\"http:\/\/vincentians.com\/es\/#\/schema\/logo\/image\/\",\"url\":\"https:\/\/i1.wp.com\/vincentians.com\/es\/wp-content\/uploads\/sites\/11\/2016\/06\/Vincentian-Network-logo-big.png?fit=778%2C778\",\"contentUrl\":\"https:\/\/i1.wp.com\/vincentians.com\/es\/wp-content\/uploads\/sites\/11\/2016\/06\/Vincentian-Network-logo-big.png?fit=778%2C778\",\"width\":778,\"height\":778,\"caption\":\"The Vincentian Network\"},\"image\":{\"@id\":\"http:\/\/vincentians.com\/es\/#\/schema\/logo\/image\/\"},\"sameAs\":[\"https:\/\/www.facebook.com\/WeAreVincentians\/\",\"https:\/\/x.com\/WeVincentians\"]},{\"@type\":\"Person\",\"@id\":\"http:\/\/vincentians.com\/es\/#\/schema\/person\/9623ef4d9aa3b2dfb8c061f1499288f2\",\"name\":\"Francisco Javier Fern\u00e1ndez Chento\",\"image\":{\"@type\":\"ImageObject\",\"inLanguage\":\"es\",\"@id\":\"http:\/\/vincentians.com\/es\/#\/schema\/person\/image\/\",\"url\":\"https:\/\/secure.gravatar.com\/avatar\/497d5cde87b4c3d097d0315953521681ba2cd523ee66e5077c3711f7021e65de?s=96&d=mm&r=g\",\"contentUrl\":\"https:\/\/secure.gravatar.com\/avatar\/497d5cde87b4c3d097d0315953521681ba2cd523ee66e5077c3711f7021e65de?s=96&d=mm&r=g\",\"caption\":\"Francisco Javier Fern\u00e1ndez Chento\"},\"description\":\"Director General y cofundador de La Red de Formaci\u00f3n Vicenciana. Javier es laico vicenciano, afiliado a la Congregaci\u00f3n de la Misi\u00f3n y miembro del Equipo de Misiones Populares de la provincia can\u00f3nica de Zaragoza (Espa\u00f1a) de la Congregaci\u00f3n de la Misi\u00f3n. Graduado en la Universidad Oberta de Catalunya con cuatro grados (Asistente de direcci\u00f3n, Gesti\u00f3n Administrativa, Recursos Humanos y Contabilidad Avanzada). Bil\u00edng\u00fce Espa\u00f1ol\/Ingl\u00e9s. gestiona y mantiene varias p\u00e1ginas web cristianas y vicencianas, incluida including La Red de Formaci\u00f3n Vicenciana, de la que es cofundador. Actualmente es responsable del \u00e1rea de Espa\u00f1ol de .famvin, la Red de Noticias de la Familia Vicenciana. Tambi\u00e9n es m\u00fasico cat\u00f3lico y ha editado varios discos. Es Director General y cofundador de Trovador, una reconocida compa\u00f1\u00eda discogr\u00e1fica critiana de Espa\u00f1a. Trabaja en las Tecnolog\u00edas de la Informaci\u00f3n, ofreciendo servicios de alojamiento, dise\u00f1o y mantenimiento Web, as\u00ed como asesoramiento, formaci\u00f3n y soluciones inform\u00e1ticas, gesti\u00f3n documental y digitalizaci\u00f3n de textos, edici\u00f3n y maquetaci\u00f3n de libros, revistas, flyers, etc.\",\"sameAs\":[\"http:\/\/chento.org\",\"https:\/\/www.facebook.com\/JavierChento\",\"https:\/\/x.com\/https:\/\/twitter.com\/javierchento\"],\"url\":\"http:\/\/vincentians.com\/es\/author\/chento\/\"}]}<\/script>\n<!-- \/ Yoast SEO plugin. -->","yoast_head_json":{"title":"Vender los C\u00e1lices - Somos Vicencianos","robots":{"index":"index","follow":"follow","max-snippet":"max-snippet:-1","max-image-preview":"max-image-preview:large","max-video-preview":"max-video-preview:-1"},"canonical":"http:\/\/vincentians.com\/es\/vender-los-calices\/","og_locale":"es_ES","og_type":"article","og_title":"Vender los C\u00e1lices - Somos Vicencianos","og_description":"Hace poco he recibido una carta conmovedora de un sacerdote, que me agradece el que yo escriba con frecuencia acerca de la naturaleza misionera de la Congregaci\u00f3n y me anima a que siga insistiendo ante ... Read More","og_url":"http:\/\/vincentians.com\/es\/vender-los-calices\/","og_site_name":"Somos Vicencianos","article_publisher":"https:\/\/www.facebook.com\/WeAreVincentians\/","article_author":"https:\/\/www.facebook.com\/JavierChento","article_published_time":"2014-09-04T06:05:44+00:00","article_modified_time":"2016-07-26T17:18:02+00:00","author":"Francisco Javier Fern\u00e1ndez Chento","twitter_card":"summary_large_image","twitter_creator":"@https:\/\/twitter.com\/javierchento","twitter_site":"@WeVincentians","twitter_misc":{"Escrito por":"Francisco Javier Fern\u00e1ndez Chento","Tiempo de lectura":"33 minutos"},"schema":{"@context":"https:\/\/schema.org","@graph":[{"@type":"Article","@id":"http:\/\/vincentians.com\/es\/vender-los-calices\/#article","isPartOf":{"@id":"http:\/\/vincentians.com\/es\/vender-los-calices\/"},"author":{"name":"Francisco Javier Fern\u00e1ndez Chento","@id":"http:\/\/vincentians.com\/es\/#\/schema\/person\/9623ef4d9aa3b2dfb8c061f1499288f2"},"headline":"Vender los C\u00e1lices","datePublished":"2014-09-04T06:05:44+00:00","dateModified":"2016-07-26T17:18:02+00:00","mainEntityOfPage":{"@id":"http:\/\/vincentians.com\/es\/vender-los-calices\/"},"wordCount":6522,"commentCount":0,"publisher":{"@id":"http:\/\/vincentians.com\/es\/#organization"},"image":{"@id":"http:\/\/vincentians.com\/es\/vender-los-calices\/#primaryimage"},"thumbnailUrl":"","keywords":["Abelly","Collet","Du Chesne","Gondi","Jean Guitton","Portail","San L\u00e1zaro"],"articleSection":["Congregaci\u00f3n de la Misi\u00f3n","Formaci\u00f3n Vicenciana"],"inLanguage":"es","potentialAction":[{"@type":"CommentAction","name":"Comment","target":["http:\/\/vincentians.com\/es\/vender-los-calices\/#respond"]}]},{"@type":"WebPage","@id":"http:\/\/vincentians.com\/es\/vender-los-calices\/","url":"http:\/\/vincentians.com\/es\/vender-los-calices\/","name":"Vender los C\u00e1lices - Somos Vicencianos","isPartOf":{"@id":"http:\/\/vincentians.com\/es\/#website"},"primaryImageOfPage":{"@id":"http:\/\/vincentians.com\/es\/vender-los-calices\/#primaryimage"},"image":{"@id":"http:\/\/vincentians.com\/es\/vender-los-calices\/#primaryimage"},"thumbnailUrl":"","datePublished":"2014-09-04T06:05:44+00:00","dateModified":"2016-07-26T17:18:02+00:00","breadcrumb":{"@id":"http:\/\/vincentians.com\/es\/vender-los-calices\/#breadcrumb"},"inLanguage":"es","potentialAction":[{"@type":"ReadAction","target":["http:\/\/vincentians.com\/es\/vender-los-calices\/"]}]},{"@type":"ImageObject","inLanguage":"es","@id":"http:\/\/vincentians.com\/es\/vender-los-calices\/#primaryimage","url":"","contentUrl":""},{"@type":"BreadcrumbList","@id":"http:\/\/vincentians.com\/es\/vender-los-calices\/#breadcrumb","itemListElement":[{"@type":"ListItem","position":1,"name":"Portada","item":"http:\/\/vincentians.com\/es\/"},{"@type":"ListItem","position":2,"name":"Vender los C\u00e1lices"}]},{"@type":"WebSite","@id":"http:\/\/vincentians.com\/es\/#website","url":"http:\/\/vincentians.com\/es\/","name":"Somos Vicencianos","description":"Know more to serve more","publisher":{"@id":"http:\/\/vincentians.com\/es\/#organization"},"potentialAction":[{"@type":"SearchAction","target":{"@type":"EntryPoint","urlTemplate":"http:\/\/vincentians.com\/es\/?s={search_term_string}"},"query-input":{"@type":"PropertyValueSpecification","valueRequired":true,"valueName":"search_term_string"}}],"inLanguage":"es"},{"@type":"Organization","@id":"http:\/\/vincentians.com\/es\/#organization","name":"The Vincentian Network","url":"http:\/\/vincentians.com\/es\/","logo":{"@type":"ImageObject","inLanguage":"es","@id":"http:\/\/vincentians.com\/es\/#\/schema\/logo\/image\/","url":"https:\/\/i1.wp.com\/vincentians.com\/es\/wp-content\/uploads\/sites\/11\/2016\/06\/Vincentian-Network-logo-big.png?fit=778%2C778","contentUrl":"https:\/\/i1.wp.com\/vincentians.com\/es\/wp-content\/uploads\/sites\/11\/2016\/06\/Vincentian-Network-logo-big.png?fit=778%2C778","width":778,"height":778,"caption":"The Vincentian Network"},"image":{"@id":"http:\/\/vincentians.com\/es\/#\/schema\/logo\/image\/"},"sameAs":["https:\/\/www.facebook.com\/WeAreVincentians\/","https:\/\/x.com\/WeVincentians"]},{"@type":"Person","@id":"http:\/\/vincentians.com\/es\/#\/schema\/person\/9623ef4d9aa3b2dfb8c061f1499288f2","name":"Francisco Javier Fern\u00e1ndez Chento","image":{"@type":"ImageObject","inLanguage":"es","@id":"http:\/\/vincentians.com\/es\/#\/schema\/person\/image\/","url":"https:\/\/secure.gravatar.com\/avatar\/497d5cde87b4c3d097d0315953521681ba2cd523ee66e5077c3711f7021e65de?s=96&d=mm&r=g","contentUrl":"https:\/\/secure.gravatar.com\/avatar\/497d5cde87b4c3d097d0315953521681ba2cd523ee66e5077c3711f7021e65de?s=96&d=mm&r=g","caption":"Francisco Javier Fern\u00e1ndez Chento"},"description":"Director General y cofundador de La Red de Formaci\u00f3n Vicenciana. Javier es laico vicenciano, afiliado a la Congregaci\u00f3n de la Misi\u00f3n y miembro del Equipo de Misiones Populares de la provincia can\u00f3nica de Zaragoza (Espa\u00f1a) de la Congregaci\u00f3n de la Misi\u00f3n. Graduado en la Universidad Oberta de Catalunya con cuatro grados (Asistente de direcci\u00f3n, Gesti\u00f3n Administrativa, Recursos Humanos y Contabilidad Avanzada). Bil\u00edng\u00fce Espa\u00f1ol\/Ingl\u00e9s. gestiona y mantiene varias p\u00e1ginas web cristianas y vicencianas, incluida including La Red de Formaci\u00f3n Vicenciana, de la que es cofundador. Actualmente es responsable del \u00e1rea de Espa\u00f1ol de .famvin, la Red de Noticias de la Familia Vicenciana. Tambi\u00e9n es m\u00fasico cat\u00f3lico y ha editado varios discos. Es Director General y cofundador de Trovador, una reconocida compa\u00f1\u00eda discogr\u00e1fica critiana de Espa\u00f1a. Trabaja en las Tecnolog\u00edas de la Informaci\u00f3n, ofreciendo servicios de alojamiento, dise\u00f1o y mantenimiento Web, as\u00ed como asesoramiento, formaci\u00f3n y soluciones inform\u00e1ticas, gesti\u00f3n documental y digitalizaci\u00f3n de textos, edici\u00f3n y maquetaci\u00f3n de libros, revistas, flyers, etc.","sameAs":["http:\/\/chento.org","https:\/\/www.facebook.com\/JavierChento","https:\/\/x.com\/https:\/\/twitter.com\/javierchento"],"url":"http:\/\/vincentians.com\/es\/author\/chento\/"}]}},"jetpack_publicize_connections":[],"jetpack_featured_media_url":"","jetpack_sharing_enabled":true,"jetpack_shortlink":"https:\/\/wp.me\/p7ETMF-a1z","jetpack-related-posts":[{"id":124417,"url":"http:\/\/vincentians.com\/es\/de-la-religion-de-san-pedro-ii\/","url_meta":{"origin":38537,"position":0},"title":"De la religi\u00f3n de san Pedro (II)","author":"Francisco Javier Fern\u00e1ndez Chento","date":"19\/04\/2023","format":false,"excerpt":"SECULARIDAD DE LA CONGREGACI\u00d3N DE LA MISI\u00d3N Ser\u00e1 del cuerpo del clero secular (X, 437) 14.- Son muchas las veces que san Vicente dijo que los misioneros no eran religiosos, sino del clero secular. El Breve \"Ex Commissa Nobis\" afirma que, no obstante los votos simples de pobreza, castidad, obediencia\u2026","rel":"","context":"En \u00abFormaci\u00f3n Vicenciana\u00bb","block_context":{"text":"Formaci\u00f3n Vicenciana","link":"http:\/\/vincentians.com\/es\/category\/formacion-vicenciana\/"},"img":{"alt_text":"","src":"https:\/\/i0.wp.com\/vincentians.com\/es\/wp-content\/uploads\/sites\/11\/2013\/05\/Almeria-2.jpg?fit=600%2C400&resize=350%2C200","width":350,"height":200,"srcset":"https:\/\/i0.wp.com\/vincentians.com\/es\/wp-content\/uploads\/sites\/11\/2013\/05\/Almeria-2.jpg?fit=600%2C400&resize=350%2C200 1x, https:\/\/i0.wp.com\/vincentians.com\/es\/wp-content\/uploads\/sites\/11\/2013\/05\/Almeria-2.jpg?fit=600%2C400&resize=525%2C300 1.5x"},"classes":[]},{"id":119820,"url":"http:\/\/vincentians.com\/es\/mision-e-identidad-de-la-congregacion-de-la-mision\/","url_meta":{"origin":38537,"position":1},"title":"Misi\u00f3n e identidad de la Congregaci\u00f3n de la Misi\u00f3n","author":"Francisco Javier Fern\u00e1ndez Chento","date":"29\/05\/2015","format":false,"excerpt":"I. Introducci\u00f3n: el movimiento misionero en el siglo XVII \"La expansi\u00f3n del cristianismo alcanz\u00f3 en el siglo XVII franc\u00e9s un vigor extraordinario que puede medirse especial\u00admente a trav\u00e9s de los informes de las misiones del interior o parroquiales. Estos informes permiten localizar a los \"margi\u00adnados\" del cristianismo, dirigir una mirada\u2026","rel":"","context":"En \u00abCongregaci\u00f3n de la Misi\u00f3n\u00bb","block_context":{"text":"Congregaci\u00f3n de la Misi\u00f3n","link":"http:\/\/vincentians.com\/es\/category\/la-familia-vicenciana\/ramas\/congregacion-de-la-mision\/"},"img":{"alt_text":"logocm","src":"https:\/\/i0.wp.com\/vicencianos.org\/wp-content\/2011\/12\/logocm-245x300.png?resize=350%2C200","width":350,"height":200},"classes":[]},{"id":120719,"url":"http:\/\/vincentians.com\/es\/mision-ad-gentes-en-la-familia-vicenciana\/","url_meta":{"origin":38537,"position":2},"title":"Misi\u00f3n Ad Gentes en la Familia Vicenciana","author":"Francisco Javier Fern\u00e1ndez Chento","date":"19\/10\/2022","format":false,"excerpt":"Propuesta Mi propuesta para el tema de la misi\u00f3n ad gentes es muy sencilla. El compromiso con \"misiones ad gentes\", est\u00e1 en los funda\u00admentos de nuestra propia espiritualidad y carisma. Forma parte de nuestro ser. Una caracter\u00edstica a la que no hemos prestado excesiva atenci\u00f3n. Pero aunque no la hemos\u2026","rel":"","context":"En \u00abMisiones \u00abAd gentes\u00bb\u00bb","block_context":{"text":"Misiones \u00abAd gentes\u00bb","link":"http:\/\/vincentians.com\/es\/category\/servicios-y-ministerios\/misiones-ad-gentes\/"},"img":{"alt_text":"","src":"https:\/\/i0.wp.com\/vincentians.com\/es\/wp-content\/uploads\/sites\/11\/2015\/02\/St_Vincent_De_Paul_-bible-1.jpg?fit=1200%2C630&resize=350%2C200","width":350,"height":200,"srcset":"https:\/\/i0.wp.com\/vincentians.com\/es\/wp-content\/uploads\/sites\/11\/2015\/02\/St_Vincent_De_Paul_-bible-1.jpg?fit=1200%2C630&resize=350%2C200 1x, https:\/\/i0.wp.com\/vincentians.com\/es\/wp-content\/uploads\/sites\/11\/2015\/02\/St_Vincent_De_Paul_-bible-1.jpg?fit=1200%2C630&resize=525%2C300 1.5x, https:\/\/i0.wp.com\/vincentians.com\/es\/wp-content\/uploads\/sites\/11\/2015\/02\/St_Vincent_De_Paul_-bible-1.jpg?fit=1200%2C630&resize=700%2C400 2x, https:\/\/i0.wp.com\/vincentians.com\/es\/wp-content\/uploads\/sites\/11\/2015\/02\/St_Vincent_De_Paul_-bible-1.jpg?fit=1200%2C630&resize=1050%2C600 3x"},"classes":[]},{"id":109290,"url":"http:\/\/vincentians.com\/es\/los-votos-de-la-congregacion-de-la-mision\/","url_meta":{"origin":38537,"position":3},"title":"Los votos de la Congregaci\u00f3n de la Misi\u00f3n","author":"Francisco Javier Fern\u00e1ndez Chento","date":"01\/05\/2016","format":false,"excerpt":"Introducci\u00f3n. En este tema, ligeramente vidrioso, es bueno insistir en la ra\u00adz\u00f3n de nuestro intento de reestudio. Somos miembros de un gru\u00adpo que tiene por finalidad promover estudios acerca de los m\u00e1s importantes problemas de la comunidad (Const 54, decreto 2). Cada uno de nosotros trae la representaci\u00f3n de una\u2026","rel":"","context":"En \u00abFormaci\u00f3n Vicenciana\u00bb","block_context":{"text":"Formaci\u00f3n Vicenciana","link":"http:\/\/vincentians.com\/es\/category\/formacion-vicenciana\/"},"img":{"alt_text":"LOGO CM","src":"https:\/\/i0.wp.com\/vicencianos.org\/wp-content\/uploads\/2012\/06\/LOGO-CM-237x300.jpg?resize=350%2C200","width":350,"height":200},"classes":[]},{"id":136778,"url":"http:\/\/vincentians.com\/es\/enviados-ad-gentes\/","url_meta":{"origin":38537,"position":4},"title":"Enviados \u00abAd Gentes\u00bb","author":"Francisco Javier Fern\u00e1ndez Chento","date":"07\/02\/2015","format":false,"excerpt":"\u00abSabed que vamos a dedi\u00adcarnos a los paganos. As\u00ed \u00adnos lo ha mandado el Se\u00f1or: Yo te har\u00e9 luz de las naciones, para que lleves la salvaci\u00f3n hasta el extremo \u00adde la tierra\u00bb. (Hch 13,47). \u00abEntre las obras de apostolado de la Congregaci\u00f3n ocupan un lugar destacado las Misiones \u00abad\u2026","rel":"","context":"En \u00abEspiritualidad vicenciana\u00bb","block_context":{"text":"Espiritualidad vicenciana","link":"http:\/\/vincentians.com\/es\/category\/espiritualidad\/espiritualidad-vicenciana\/"},"img":{"alt_text":"mision_ad_gentes","src":"https:\/\/i0.wp.com\/vicencianos.org\/wp-content\/2013\/05\/mision_ad_gentes-300x225.jpg?resize=350%2C200","width":350,"height":200},"classes":[]},{"id":139666,"url":"http:\/\/vincentians.com\/es\/pastores-de-comunidades-cristianas\/","url_meta":{"origin":38537,"position":5},"title":"Pastores de Comunidades Cristianas","author":"Francisco Javier Fern\u00e1ndez Chento","date":"23\/02\/2015","format":false,"excerpt":"\u00abTened cuidado de vosotros y de todo el reba\u00f1o en que \u00adel Esp\u00edritu os ha puesto como guardianes, siendo as\u00ed pastores de la Iglesia de \u00adDios, que \u00e9l adquiri\u00f3 con la sangre de su Hijo\u00bb. (Hch 20,28). \u00ab1. Entre las actividades apost\u00f3licas de la Congregaci\u00f3n se cuentan las parroquias, con\u2026","rel":"","context":"En \u00abEspiritualidad vicenciana\u00bb","block_context":{"text":"Espiritualidad vicenciana","link":"http:\/\/vincentians.com\/es\/category\/espiritualidad\/espiritualidad-vicenciana\/"},"img":{"alt_text":"comunidad joven","src":"https:\/\/i0.wp.com\/vicencianos.org\/wp-content\/2015\/02\/comunidad-joven-300x223.jpg?resize=350%2C200","width":350,"height":200},"classes":[]}],"_links":{"self":[{"href":"http:\/\/vincentians.com\/es\/wp-json\/wp\/v2\/posts\/38537","targetHints":{"allow":["GET"]}}],"collection":[{"href":"http:\/\/vincentians.com\/es\/wp-json\/wp\/v2\/posts"}],"about":[{"href":"http:\/\/vincentians.com\/es\/wp-json\/wp\/v2\/types\/post"}],"author":[{"embeddable":true,"href":"http:\/\/vincentians.com\/es\/wp-json\/wp\/v2\/users\/4"}],"replies":[{"embeddable":true,"href":"http:\/\/vincentians.com\/es\/wp-json\/wp\/v2\/comments?post=38537"}],"version-history":[{"count":0,"href":"http:\/\/vincentians.com\/es\/wp-json\/wp\/v2\/posts\/38537\/revisions"}],"wp:featuredmedia":[{"embeddable":true,"href":"http:\/\/vincentians.com\/es\/wp-json\/"}],"wp:attachment":[{"href":"http:\/\/vincentians.com\/es\/wp-json\/wp\/v2\/media?parent=38537"}],"wp:term":[{"taxonomy":"category","embeddable":true,"href":"http:\/\/vincentians.com\/es\/wp-json\/wp\/v2\/categories?post=38537"},{"taxonomy":"post_tag","embeddable":true,"href":"http:\/\/vincentians.com\/es\/wp-json\/wp\/v2\/tags?post=38537"}],"curies":[{"name":"wp","href":"https:\/\/api.w.org\/{rel}","templated":true}]}}