{"id":38466,"date":"2015-01-26T04:30:54","date_gmt":"2015-01-26T03:30:54","guid":{"rendered":"http:\/\/somos.vicencianos.org\/?p=38466"},"modified":"2015-01-26T04:30:54","modified_gmt":"2015-01-26T03:30:54","slug":"estatutos-internacionales-de-misioneros-seglares-vicencianos-misevi","status":"publish","type":"post","link":"http:\/\/vincentians.com\/es\/estatutos-internacionales-de-misioneros-seglares-vicencianos-misevi\/","title":{"rendered":"Estatutos Internacionales de Misioneros Seglares Vicencianos (MISEVI)"},"content":{"rendered":"<h2><strong>0. Principios B\u00e1sicos<\/strong><\/h2>\n<p><a href=\"https:\/\/i0.wp.com\/vicencianos.org\/wp-content\/2015\/01\/misevi-logo.jpg\"><img data-recalc-dims=\"1\" loading=\"lazy\" decoding=\"async\" class=\"alignright size-medium wp-image-136715\" src=\"https:\/\/i0.wp.com\/vicencianos.org\/wp-content\/2015\/01\/misevi-logo-300x300.jpg?resize=300%2C300\" alt=\"misevi-logo\" width=\"300\" height=\"300\" \/><\/a>0.1. La Asociaci\u00f3n pretende desarrollar una presencia organizada de los laicos dentro de las tareas misioneras \u00abad gentes\u00bb de la Iglesia, especialmente en las misiones vinculadas a la Familia Vicenciana. Se crean lazos jur\u00eddicos entre los seglares; los v\u00ednculos con la Congregaci\u00f3n de la Misi\u00f3n y la Compa\u00f1ia de las Hijas de la Caridad son de car\u00e1cter espiritual, carism\u00e1tico, de colaboraci\u00f3n.<\/p>\n<p>0.2. El fin principal de esta Asociaci\u00f3n es el apoyo, fundamentalmente moral o espiritual, y la coordinaci\u00f3n de los seglares misioneros adultos. La consecuci\u00f3n de fondos para la realizaci\u00f3n de proyectos es un fin secundario que se podr\u00e1 realizar con la ONG-d de la Familia Vicenciana o mediante gestiones en otras ONGs, o por otros medios apropiados.<\/p>\n<p>0.3. La Asociaci\u00f3n tendr\u00e1 una espiritualidad misionera y vicenciana que asumir\u00e1 las orientaciones de la doctrina social actual de la Iglesia y se fundamentar\u00e1 en las virtudes espec\u00edficas que S.Vicente encarga a los misioneros. Ser\u00e1 desarrollada en un documento espec\u00edfico.<\/p>\n<p>0.4. La Asociaci\u00f3n vincular\u00e1 a los miembros de los grupos y movimientos vicencianos que los han enviado a misiones; los miembros de \u00abMisevi\u00bb siguen perteneciendo a sus asociaciones de origen que se sentir\u00e1n comprometidas a apoyarles; el Esp\u00edritu ir\u00e1 marcando las opciones que deba ir tomando cada uno de los laicos.<\/p>\n<p>0.5. Se buscar\u00e1 el contacto y colaboraci\u00f3n con la Familia Vicenciana, sobre todo a nivel local, tanto en el punto de origen de los env\u00edos misioneros como en los lugares de servicio misionero, dentro de las posibilidades de cada situaci\u00f3n concreta.<\/p>\n<h2>1.<strong> Naturaleza<\/strong><\/h2>\n<p>1.1. La Asociaci\u00f3n de \u00abMisioneros Seglares Vicencianos\u00bb (MISEVI) est\u00e1 erigida can\u00f3nicamente como Asociaci\u00f3n de Fieles con personalidad jur\u00eddica aut\u00f3noma y plena, pudiendo, en consecuencia, poseer, administrar y disponer toda clase de bienes y derechos, obligarse en todos los \u00e1mbitos y ejercitar las acciones pertinentes en defensa de sus intereses ante toda clase de personas autoridades y jurisdicciones.<\/p>\n<h2><strong>2. Fines<\/strong><\/h2>\n<p>2.1. La Asociaci\u00f3n de \u00abMisioneros Seglares Vicencianos\u00bb (MISEVI) se crea para fomentar, facilitar, apoyar y coordinar la presencia y el trabajo misionero de los laicos en las misiones \u00abad gentes\u00bb encomendadas a la Familia Vicenciana o animadas por ella. Se enmarca dentro de las Organizaciones no gubernamentales para el desarrollo (ONG-d).<\/p>\n<p>2.2. Entre los fines de la Asociaci\u00f3n se encuentran:<\/p>\n<p style=\"padding-left: 30px\">2.2.1.- Ofrecer un respaldo humano, moral, espiritual, formativo, econ\u00f3mico,&#8230; a las misiones vinculadas a la Familia Vicenciana mediante el env\u00edo de laicos que trabajen en las misiones y mediante apoyos materiales para los diferentes proyectos.<\/p>\n<p style=\"padding-left: 30px\">2.2.2.- Ser un cauce de comuni\u00f3n e intercambio entre los laicos misioneros que forman parte de la Asociaci\u00f3n.<\/p>\n<p style=\"padding-left: 30px\">2.2.3.- Potenciar la vida espiritual en grupo y el compartir comunitario de los seglares que est\u00e1n en misiones \u00abad gentes\u00bb.<\/p>\n<p style=\"padding-left: 30px\">2.2.4.- Facilitar la pertenencia y la presencia de los laicos vicencianos que trabajan en misiones dentro de las estructuras de coordinaci\u00f3n de las Asociaciones Vicencianas, seg\u00fan las normativas propias.<\/p>\n<p style=\"padding-left: 30px\">2.2.5.- Apoyar la conexi\u00f3n de los laicos misioneros con las comunidades de origen que los han enviado a la misi\u00f3n.<\/p>\n<p style=\"padding-left: 30px\">2.2.6.- Acoger a los misioneros que regresan de su labor \u00abad gentes\u00bb, brind\u00e1ndoles apoyo humano, formativo, espiritual y econ\u00f3mico, seg\u00fan se establezca en el Reglamento Interno.<\/p>\n<h2>3.<strong> \u00c1mbito<\/strong><\/h2>\n<p>3.1. La Asociaci\u00f3n es de \u00e1mbito nacional, aunque de acuerdo con su finalidad est\u00e1 proyectada hacia los pa\u00edses de misi\u00f3n.<\/p>\n<h2><strong>4. Domicilio<\/strong><\/h2>\n<p>4.1. El domicilio social de la Asociaci\u00f3n radica en Madrid, calle de Jos\u00e9 Abascal n\u00ba 30. La Asamblea General podr\u00e1 acordar su traslado por acuerdo de la mayor\u00eda absoluta de sus miembros.<\/p>\n<h2><strong>5. Miembros<\/strong><\/h2>\n<p>5.1. La Asociaci\u00f3n est\u00e1 formada por laicos vicencianos que, o bien se preparan para vivir, viven o han vivido en la misi\u00f3n \u00abad-gentes\u00bb, o bien est\u00e1n vinculados de alg\u00fan modo a la labor misionera de la Familia Vicenciana en las comunidades de origen.<\/p>\n<p>5.2. Los miembros de la Asociaci\u00f3n podr\u00e1n ser:<\/p>\n<p style=\"padding-left: 30px\">5.2.1.- Miembros en formaci\u00f3n: j\u00f3venes y adultos de las diferentes Asociaciones Vicencianas que:,<\/p>\n<p style=\"padding-left: 30px\">&#8211; o bien se est\u00e1n preparando para poder iniciar sus actividades misioneras en diferentes Asociaciones Vicencianas y desean ir conociendo el talante de nuestra Asociaci\u00f3n con vistas a formar parte de ella,<\/p>\n<p style=\"padding-left: 30px\">&#8211; o bien est\u00e1n en sus primeros a\u00f1os de presencia en misiones \u00abad- gentes\u00bb.<\/p>\n<p style=\"padding-left: 30px\">5.2.2.- Miembros colaboradores: todas las personas que desean colaborar con la Asociaci\u00f3n, asumiendo compromisos concretos de servicio.<\/p>\n<p style=\"padding-left: 30px\">5.2.3.- Miembros honorarios: aquellos miembros que eran de pleno derecho y ahora llevan m\u00e1s de cinco a\u00f1os sin estar incorporados a la misi\u00f3n y desean seguir vinculados a esta Asociaci\u00f3n desde su pa\u00eds de origen.<\/p>\n<p style=\"padding-left: 30px\">5.2.4.- Miembros de pleno derecho: aquellos seglares que renueven su compromiso de pertenencia a esta Asociaci\u00f3n cada tres a\u00f1os, sin l\u00edmite de renovaciones; con un m\u00ednimo de dos a\u00f1os de trabajo misionero previo \u00abad gentes\u00bb y con un m\u00e1ximo de tiempo de cinco a\u00f1os sin dicha presencia misionera.<\/p>\n<p>5.3. Altas y bajas de los miembros:<\/p>\n<p style=\"padding-left: 30px\">5.3.1.- Aquellos que aspiren a ser miembros de pleno derecho, deben ser aceptados por escrito por el Equipo Coordinador, despu\u00e9s de cumplidos los dos a\u00f1os de ministerio laical en misiones y haber conocido suficientemente el car\u00e1cter propio de esta Asociaci\u00f3n, previa solicitud escrita de los interesados.<\/p>\n<p style=\"padding-left: 30px\">5.3.2.- Los miembros de pleno derecho que est\u00e1n en misiones renovar\u00e1n por escrito cada tres a\u00f1os su compromiso de pertenencia a la Asociaci\u00f3n, aunque pueden rescindir su compromiso misionero cuando lo crean conveniente, despu\u00e9s de un di\u00e1logo sobre las razones de dicha decisi\u00f3n con alg\u00fan miembro del Equipo Coordinador; en este caso, para facilitar la organizaci\u00f3n de la continuidad de sus responsabilidades misioneras, se notificar\u00e1 con un plazo de antelaci\u00f3n de seis meses.<\/p>\n<p style=\"padding-left: 30px\">5.3.3.- Los miembros de pleno derecho pierden esta condici\u00f3n si llevan m\u00e1s de cinco a\u00f1os seguidos sin realizar una labor misionera \u00abad gentes\u00bb, al menos de un a\u00f1o de duraci\u00f3n. Para ser miembros honorarios deber\u00e1n solicitarlo por escrito.<\/p>\n<p style=\"padding-left: 30px\">5.3.4.- La expulsi\u00f3n de un miembro de pleno derecho, previo di\u00e1logo con el interesado, a requiere el acuerdo por mayor\u00eda absoluta del Equipo Coordinador y el V\u00baB\u00ba del Superior General de la Congregaci\u00f3n de la Misi\u00f3n y de las Hijas de la Caridad, o de su Delegado en la Asociaci\u00f3n.<\/p>\n<h2><strong>6. Compromisos De Los Miembros<\/strong><\/h2>\n<p>6.1. Los miembros en formaci\u00f3n se esforzar\u00e1n por asumir las actitudes y los contenidos propios de una preparaci\u00f3n misionera integral. Tambi\u00e9n se formar\u00e1n en el estilo de vida propio de los miembros de pleno derecho. \u00abMisevi\u00bb ayudar\u00e1 a coordinar y fijar los m\u00ednimos de esta formaci\u00f3n inicial con la mayor calidad posible.<\/p>\n<p>6.2. Los miembros colaboradores dispondr\u00e1n de la informaci\u00f3n necesaria sobre los proyectos de la Asociaci\u00f3n y buscar\u00e1n el bien de la misi\u00f3n desde la oraci\u00f3n, la gesti\u00f3n de proyectos, la b\u00fasqueda de fondos econ\u00f3micos, la sensibilizaci\u00f3n social, aportaciones a la formaci\u00f3n, la satisfacci\u00f3n de cuotas, etc.<\/p>\n<p>6.3. Los miembros honorarios conocer\u00e1n con detalle los proyectos de la Asociaci\u00f3n y colaborar\u00e1n en la medida de sus posibilidades para que puedan llevarse a cabo con la mayor calidad posible.<\/p>\n<p>Se esforzar\u00e1n por:<\/p>\n<p style=\"padding-left: 30px\">6.3.1.- Vivir un compromiso concreto en el servicio\/evangelizaci\u00f3n de los pobres.<\/p>\n<p style=\"padding-left: 30px\">6.3.2.- Estar en comuni\u00f3n con la misi\u00f3n desde la oraci\u00f3n.<\/p>\n<p style=\"padding-left: 30px\">6.3.3.- Conservar su inquietud hacia la formaci\u00f3n permanente y colaborar en la preparaci\u00f3n de los miembros en formaci\u00f3n.<\/p>\n<p style=\"padding-left: 30px\">6.3.4.- Vivir la comunicaci\u00f3n de bienes con aportaciones econ\u00f3micas, seg\u00fan el Reglamento Interno.<\/p>\n<p>6.4. Los miembros de pleno derecho pondr\u00e1n el m\u00e1ximo inter\u00e9s en colaborar con los fines de la Asociaci\u00f3n.<\/p>\n<p>En concreto procurar\u00e1n:<\/p>\n<p style=\"padding-left: 30px\">6.4.1.- Entregarse con generosidad a las tareas misioneras definidas en su compromiso misionero y en los proyectos comunitario y pastoral.<\/p>\n<p style=\"padding-left: 30px\">6.4.2.- Esforzarse por profundizar en la espiritualidad vicenciana: vida de oraci\u00f3n, llevar el servicio a la oraci\u00f3n, conocimiento de la doctrina y de los testigos vicencianos, etc.<\/p>\n<p style=\"padding-left: 30px\">6.4.3.- Presentar sugerencias e iniciativas para avanzar en la identidad de la Asociaci\u00f3n.<\/p>\n<p style=\"padding-left: 30px\">6.4.4.- Estar dispuesto a pertenecer al equipo coordinador de la Asociaci\u00f3n.<\/p>\n<p style=\"padding-left: 30px\">6.4.5.- Entregar al fondo com\u00fan los frutos econ\u00f3micos de su trabajo en la misi\u00f3n seg\u00fan el Reglamento Interno y el Proyecto Comunitario de cada comunidad.<\/p>\n<h2><strong>7. Organizacion:<\/strong><\/h2>\n<p>7.1. La Asamblea General es el \u00f3rgano m\u00e1ximo de participaci\u00f3n y gobierno de la Asociaci\u00f3n. Todos sus miembros tienen derecho a voz y voto.<\/p>\n<p style=\"padding-left: 30px\">7.1.1.- Se reunir\u00e1 ordinariamente cada cuatro a\u00f1os; a ella corresponde revisar la marcha de la asociaci\u00f3n, dar orientaciones sobre el programa de actuaci\u00f3n futura y revisar los balances y presupuestos econ\u00f3micos.<\/p>\n<p style=\"padding-left: 30px\">7.1.2.- La convocatoria extraordinaria se realizar\u00e1 por acuerdo del Equipo Coordinador o por solicitud de un tercio de los miembros de pleno derecho.<\/p>\n<p style=\"padding-left: 30px\">7.1.3.- La Asamblea General queda v\u00e1lidamente constituida cuando ha sido convocada por el Equipo Coordinador y est\u00e9n presentes dos terceras partes de sus miembros. Los acuerdos se tomar\u00e1n por mayor\u00eda absoluta en primera votaci\u00f3n o por mayor\u00eda simple en segunda votaci\u00f3n, a excepci\u00f3n de aqu\u00e9llos respecto de los cuales establezcan los presentes Estatutos la necesidad de otro tipo de mayor\u00eda.<\/p>\n<p style=\"padding-left: 30px\">7.1.4.- Asistentes a la Asamblea General:<\/p>\n<p style=\"padding-left: 30px\">&#8211; Por oficio, el Superior General de la Congregaci\u00f3n de la Misi\u00f3n y de la Compa\u00f1\u00eda de las Hijas de la Caridad o su Delegado y los miembros del Equipo Coordinador.<\/p>\n<p style=\"padding-left: 30px\">&#8211; Por elecci\u00f3n, un representante de los miembros de pleno derecho que trabajen en cada circunscripci\u00f3n\/di\u00f3cesis misioneras, elegido en votaci\u00f3n secreta, por correo y por mayor\u00eda simple por dichos miembros.<\/p>\n<p style=\"padding-left: 30px\">&#8211; Por elecci\u00f3n, cinco miembros de pleno derecho elegidos en colegio \u00fanico, por y entre todos lo miembros de pleno derecho, por correo y por mayor\u00eda simple.<\/p>\n<p style=\"padding-left: 30px\">&#8211; Por elecci\u00f3n una representaci\u00f3n de los miembros honorarios, otra de los miembros colaboradores y otra de los miembros en formaci\u00f3n, elegidas entre cada categor\u00eda de miembros por votaci\u00f3n interna, secreta, por correo y mayor\u00eda simple; el n\u00famero de representantes de cada representaci\u00f3n ser\u00e1 determinado por el Equipo Coordinador, siempre que la suma de miembros de las tres representaciones no supere el 25% de los miembros totales de la Asamblea.<\/p>\n<p>7.2. El Presidente de la Asociaci\u00f3n se ocupa de animar y coordinar la vida de la Asociaci\u00f3n, as\u00ed como representarla en los \u00e1mbitos civiles y eclesiales.<\/p>\n<p style=\"padding-left: 30px\">7.2.1.- El Presidente ser\u00e1 elegido por la Asamblea General en votaci\u00f3n secreta entre los miembros de pleno derecho. Se necesita mayor\u00eda absoluta en las dos primeras votaciones; en caso de no obtenerla nadie, pasan a la tercera votaci\u00f3n los dos que m\u00e1s votos hubiesen obtenidos y saldr\u00e1 elegido aquel que obtenga mayor\u00eda de votos.<\/p>\n<p style=\"padding-left: 30px\">7.2.2.- La elecci\u00f3n de la Asamblea deber\u00e1 ser confirmada por el Superior General de la Congregaci\u00f3n de la Misi\u00f3n y de la Compa\u00f1\u00eda de las Hijas de la Caridad.<\/p>\n<p>7.3. La gesti\u00f3n de la Asociaci\u00f3n corresponder\u00e1 a un Equipo Coordinador que actuar\u00e1 de acuerdo con los Estatutos, el Reglamento Interno, el Documento de Espiritualidad y las orientaciones de las Asambleas Generales.<\/p>\n<p style=\"padding-left: 30px\">7.3.1.- El Equipo Coordinador se distribuir\u00e1 internamente las funciones de secretar\u00eda, tesorer\u00eda y vocal\u00edas, de acuerdo con la determinaci\u00f3n efectuada por el Presidente.<\/p>\n<p style=\"padding-left: 30px\">7.3.2.-Este equipo estar\u00e1 formado por el Presidente, tres laicos miembros de pleno derecho, una Hija de la Caridad, un Padre Pa\u00fal y dos representante de las Asociaciones laicales de la Familia Vicenciana que tengan miembros \u00aben Misevi\u00bb. Al menos tres de ellos tendr\u00e1n su residencia geogr\u00e1fica pr\u00f3xima a la Secretar\u00eda.<\/p>\n<p style=\"padding-left: 30px\">7.3.3.- Los miembros del Equipo Coordinador se eligir\u00e1n en la Asamblea General por votaci\u00f3n secreta y mayor\u00eda absoluta en las dos primeras votaciones y simple en la tercera entre todos los miembros de pleno derecho y los miembros de la Asamblea General, despu\u00e9s de presentar los posibles candidatos.<\/p>\n<p style=\"padding-left: 30px\">7.3.4.- La Hija de la Caridad es nombrada por las Visitadoras de la Compa\u00f1\u00eda de las Hijas de la Caridad de las Provincias Can\u00f3nicas de Espa\u00f1a.<\/p>\n<p style=\"padding-left: 30px\">7.3.5.- El P. Pa\u00fal es nombrado por el Superior General de la Congregaci\u00f3n de la Misi\u00f3n, previa consulta a los Visitadores de las Provincias Can\u00f3nicas de Espa\u00f1a.<\/p>\n<p style=\"padding-left: 30px\">7.3.6.- Los representantes de las Asociaciones Vicencianas ser\u00e1n nombrados por sus propios \u00f3rganos directivos, seg\u00fan las indicaciones del Equipo Coordinador.<\/p>\n<p style=\"padding-left: 30px\">7.3.7.- Todos los miembros del Equipo Coordinador son nombrados por cuatro a\u00f1os, renovables por otros dos mandatos, como m\u00e1ximo. El tiempo dedicado a este servicio no ser\u00e1 contabilizado para perder la condici\u00f3n de miembro de pleno derecho. La duraci\u00f3n de los nombramientos de la Hija de la Caridad y del P. Pa\u00fal ser\u00e1 flexible adaptandose a los tiempos fijados para otras funciones de coordinaci\u00f3n que puedan desempe\u00f1ar en la Familia Vicenciana de Espa\u00f1a, con un tiempo m\u00e1ximo de 12 a\u00f1os consecutivos.<\/p>\n<p style=\"padding-left: 30px\">7.3.8.- El Equipo Coordinador se reunir\u00e1, al menos tres veces al a\u00f1o, por convocatoria-orden del d\u00eda realizada por el Presidente; precis\u00e1ndose la presencia de dos tercios de sus componentes en primera convocatoria y de la mitad en segunda. Los acuerdos se toman por mayor\u00eda de dos tercios en primera votaci\u00f3n o por mayor\u00eda absoluta en segunda votaci\u00f3n.<\/p>\n<h2><strong>8. Economia:<\/strong><\/h2>\n<p>8.1. La Asociaci\u00f3n tiene car\u00e1cter no lucrativo; sus bienes son capital de los pobres. El camino normal de colaboraci\u00f3n en la misma ser\u00e1 el voluntariado no remunerado, salvo las excepciones aprobadas por la Asamblea General. No se establecen v\u00ednculos laborales con los miembros de la Asociaci\u00f3n.<\/p>\n<p>8.2. La Asociaci\u00f3n ayudar\u00e1 a gestionar, ante diferentes organismos sociales y las instituciones con las que colabora, la atenci\u00f3n econ\u00f3mica suficiente para que cada uno de los misioneros seglares pueda cubrir sus necesidades b\u00e1sicas de comida, vivienda, vestido, viajes, descanso&#8230;, de acuerdo a las circunstancias habituales en su lugar de trabajo misionero.<\/p>\n<p>8.3. Los fondos econ\u00f3micos empleados en la Asociaci\u00f3n pueden proceder de:<\/p>\n<ul>\n<li>aportaciones y donativos de simpatizantes,<\/li>\n<li>cuotas de los miembros de la asociaci\u00f3n,<\/li>\n<li>fondos obtenidos por posibles gratificaciones del trabajo de los laicos misioneros,<\/li>\n<li>aportaciones de las instituciones en la que prestan sus servicios,<\/li>\n<li>otros medios apropiados.<\/li>\n<\/ul>\n<p>8.4. Se pondr\u00e1 en marcha una contabilidad especial con la finalidad prioritaria de reservar y capitalizar unos bienes que ayuden a sufragar los gastos de seguros y apoyo a la reinserci\u00f3n en el pa\u00eds de origen de los socios con m\u00e1s de tres a\u00f1os de antig\u00fcedad como miembros de pleno derecho.<\/p>\n<p>8.5. El Equipo Coordinador est\u00e1 encargado de fijar los criterios de gesti\u00f3n econ\u00f3mica y velar por la correcta aplicaci\u00f3n de los mismos. El tesorero presentar\u00e1 un informe anual de cuentas al Equipo Coordinador para su aprobaci\u00f3n. Al Equipo Coordinador le corresponde la redacci\u00f3n y aprobaci\u00f3n de los presupuestos, balance y memoria de la Asociaci\u00f3n que ser\u00e1n remitidos anualmente para su aprobaci\u00f3n por el Superior General de la Congregaci\u00f3n de la Misi\u00f3n y de la Compa\u00f1\u00eda de las Hijas de la Caridad.<\/p>\n<h2><strong>9. Relaciones Con La Familia Vicenciana<\/strong><\/h2>\n<p>9.1. La Asociaci\u00f3n, con independencia de su plena personalidad jur\u00eddica y autonom\u00eda, est\u00e1 vinculada al carisma vicenciano y a su espiritualidad; por ello reconoce la suprema autoridad, en dicho \u00e1mbito, del Superior General de la Congregaci\u00f3n de la Misi\u00f3n y de la Compa\u00f1ia de las Hijas de la Caridad.<\/p>\n<p>A \u00e9l corresponde:<\/p>\n<p style=\"padding-left: 30px\">9.1.1.- dar orientaciones para la vivencia del carisma vicenciano,<\/p>\n<p style=\"padding-left: 30px\">9.1.2.- velar por la integridad del talante misionero,<\/p>\n<p style=\"padding-left: 30px\">9.1.3.- aprobar los Estatutos y sus posibles modificaciones,<\/p>\n<p style=\"padding-left: 30px\">9.1.4.- nombrar el Padre Pa\u00fal que forma parte del equipo coordinador,<\/p>\n<p style=\"padding-left: 30px\">9.1.5.- confirmar al Presidente elegido por la Asamblea General,<\/p>\n<p style=\"padding-left: 30px\">9.1.6.- proponer posibles compromisos y campos de actuaci\u00f3n, temas de estudio, etc.<\/p>\n<p>9.2. Para el seguimiento y formaci\u00f3n vicenciana de todos los miembros de la Asociaci\u00f3n, se requerir\u00e1n colaboraciones, tanto entre las Hijas de la Caridad y los Padres Pa\u00fales, como entre los miembros de las Asociaciones laicales vicencianas o personas e Instituciones que sintonizan con el carisma vicenciano; este acompa\u00f1amiento espiritual ser\u00e1 motivado principalmente por el P. Pa\u00fal y la Hija de la Caridad que forman parte del Equipo Coordinador.<\/p>\n<h2>10.<strong> Fusion, Reforma Estatutaria y Disolucion.<\/strong><\/h2>\n<p>10.1. La fusi\u00f3n de la Asociaci\u00f3n con otras que persigan sus mismos fines y la reforma de sus Estatutos deber\u00e1n ser acordadas en Asamblea General y requerir\u00e1n el voto favorable de los dos tercios de los miembros asistentes y su ratificaci\u00f3n por el Superior General de la Congregaci\u00f3n de la Misi\u00f3n y de la Compa\u00f1\u00eda de las Hijas de la Caridad.<\/p>\n<p>10.2. La Asociaci\u00f3n se disolver\u00e1 por sentencia judicial, disposici\u00f3n de la autoridad can\u00f3nica competente o por acuerdo de las dos terceras partes de los miembros de la Asamblea General adoptado en sesi\u00f3n extraordinaria y que deber\u00e1 ser ratificado por Superior General de la Congregaci\u00f3n de la Misi\u00f3n y de la Compa\u00f1\u00eda de las Hijas de la Caridad.<\/p>\n<p>10.3. Producida la disoluci\u00f3n de la Asociaci\u00f3n el remanente resultante de su liquidaci\u00f3n ser\u00e1 entregado a la entidad sin fin de lucro que designe el Superior General de la Congregaci\u00f3n de la Misi\u00f3n y de la Compa\u00f1\u00eda de la Hijas de la Caridad, a propuesta de la Asamblea General, dentro de las que persigan finalidades an\u00e1logas a las de la Asociaci\u00f3n extinguida y que tengan previsto en sus Estatutos igual destino para sus bienes en caso de disoluci\u00f3n.<\/p>\n<p>Roma, 5 de Julio de 1997<\/p>\n<h2><\/h2>\n<div class='stb-container stb-style-info stb-no-caption'><div class='stb-caption'><div class='stb-logo'><img class='stb-logo__image' src='' alt='img'\/><\/div><div class='stb-caption-content'><\/div><div class='stb-tool'><\/div><\/div><div class='stb-content'>\n<h2><strong>Anexo 1<\/strong><\/h2>\n<p>Robert P. Maloney, C.M., Superior General de la Congregaci\u00f3n de la Misi\u00f3n y de las Hijas de la Caridad y Director General de la Asociaci\u00f3n de la Juventud Mariana Vicenciana<\/p>\n<p>En virtud de los Rescriptos Pontificios, concedidos por Su Santidad PIO IX del 20 de junio de 1847 y del 19 de julio de 1850, el Superior General de la Congregaci\u00f3n de la Misi\u00f3n y de las Hijas de la Caridad es el Director General de la Asociaci\u00f3n de Hijos e Hijas de Mar\u00eda, actualmente conocida corno Asociaci\u00f3n de la Juventud Mariana.<\/p>\n<p>Este grupo de Juventud Mariana Vicenciana en Espa\u00f1a, ha decidido formar una Asociaci\u00f3n de Laicos, con fuertes v\u00ednculos con la Familia Vicenciana, que trabajen en misiones: \u00abMisioneros Seglares Vicencianos (MISEVI)\u00bb.<\/p>\n<p>Corno Director General de dicha Asociaci\u00f3n apruebo los presentes Estatutos para cumplir lo establecido en el canon 304:<\/p>\n<ol>\n<li>\u00abTodas las asociaciones de fieles, tanto p\u00fablicas como privadas, cualquiera que sea su nombre o t\u00edtulo, deben tener sus Estatutos propios, en los que se determine el fin u objeto social de la Asociaci\u00f3n, su sede, el gobierno y las condiciones que se requieren para formar parte de ellas, y se se\u00f1ale tambi\u00e9n el modo de actuar, teniendo en cuenta la necesidad o conveniencia del tiempo y del lugar.<\/li>\n<li>Escoger\u00e1n un t\u00edtulo o nombre que responda a la mentalidad del tiempo, inspirado preferentemente en el fin que persiguen\u00bb.<\/li>\n<\/ol>\n<p>Roma, a cinco de julio de mil novecientos noventa y siete.<\/p>\n<p>ITALO ZEDDE, C.M., Asistente General<\/p>\n<p>ROBERT P. MALONEY, C.M., Superior General<\/p>\n<\/div><\/div>\n<p>&nbsp;<\/p>\n<p>&nbsp;<\/p>\n<div class='stb-container stb-style-info stb-no-caption'><div class='stb-caption'><div class='stb-logo'><img class='stb-logo__image' src='' alt='img'\/><\/div><div class='stb-caption-content'><\/div><div class='stb-tool'><\/div><\/div><div class='stb-content'>\n<h2><strong>Anexo 2<\/strong><\/h2>\n<p>ORGANIGRAMA<\/p>\n<p><strong>Asamblea General<\/strong><\/p>\n<p>Componentes<\/p>\n<ul>\n<li>Equipo Coordinador.<\/li>\n<li>Representantes laicos de las di\u00f3cesis en funcionamiento.<\/li>\n<li>Miembros de pleno derecho elegidos por votaci\u00f3n secreta.<\/li>\n<li>Representantes de los miembros en formaci\u00f3n, honorarios y colaboradores.<\/li>\n<\/ul>\n<p>Funciones<\/p>\n<ul>\n<li>Revisa la marcha de la Asociaci\u00f3n.<\/li>\n<li>Marca las orientaciones a seguir en el futuro.<\/li>\n<li>Supervisa los balances y presupuestos econ\u00f3micos.<\/li>\n<\/ul>\n<p><strong>Equipo Coordinador<\/strong><\/p>\n<p>Componentes<\/p>\n<ul>\n<li>Presidente y tres laicos,<\/li>\n<li>Una Hija de la Caridad.<\/li>\n<li>Un P. Pa\u00fal.<\/li>\n<li>Representantes de las Asociaciones de origen<\/li>\n<li>Secretario.<\/li>\n<li>Tesorero.<\/li>\n<li>Vocales.<\/li>\n<\/ul>\n<p>Funciones<\/p>\n<ul>\n<li>Ejecuta los mandatos de la Asamblea General.<\/li>\n<li>Gobierna la Asociaci\u00f3n entre las Asambleas.<\/li>\n<\/ul>\n<p><strong>Presidente<\/strong><\/p>\n<p>Componente<\/p>\n<ul>\n<li>Votado por la Asamblea, lo nombra el Superior General.<\/li>\n<li>Coordina y representa.<\/li>\n<\/ul>\n<p>Funciones<\/p>\n<ul>\n<li>Coordina y representa<\/li>\n<\/ul>\n<\/div><\/div>\n","protected":false},"excerpt":{"rendered":"<p>0. Principios B\u00e1sicos 0.1. La Asociaci\u00f3n pretende desarrollar una presencia organizada de los laicos dentro de las tareas misioneras \u00abad gentes\u00bb de la Iglesia, especialmente en las misiones vinculadas a la Familia Vicenciana. Se crean &#8230; <a href=\"http:\/\/vincentians.com\/es\/estatutos-internacionales-de-misioneros-seglares-vicencianos-misevi\/\" class=\"more-link\">Read More<\/a><\/p>\n","protected":false},"author":4,"featured_media":136715,"comment_status":"open","ping_status":"open","sticky":false,"template":"","format":"standard","meta":{"jetpack_post_was_ever_published":false,"_jetpack_newsletter_access":"","_jetpack_dont_email_post_to_subs":false,"_jetpack_newsletter_tier_id":0,"_jetpack_memberships_contains_paywalled_content":false,"_jetpack_memberships_contains_paid_content":false,"footnotes":"","jetpack_publicize_message":"","jetpack_publicize_feature_enabled":true,"jetpack_social_post_already_shared":true,"jetpack_social_options":{"image_generator_settings":{"template":"highway","default_image_id":0,"font":"","enabled":false},"version":2}},"categories":[324],"tags":[195],"class_list":["post-38466","post","type-post","status-publish","format-standard","has-post-thumbnail","hentry","category-documentos-de-misioneros-seglares-vicencianos","tag-misioneros-seglares"],"yoast_head":"<!-- This site is optimized with the Yoast SEO plugin v26.3 - https:\/\/yoast.com\/wordpress\/plugins\/seo\/ -->\n<title>Estatutos Internacionales de Misioneros Seglares Vicencianos (MISEVI) - Somos Vicencianos<\/title>\n<meta name=\"robots\" content=\"index, follow, max-snippet:-1, max-image-preview:large, max-video-preview:-1\" \/>\n<link rel=\"canonical\" href=\"http:\/\/vincentians.com\/es\/estatutos-internacionales-de-misioneros-seglares-vicencianos-misevi\/\" \/>\n<meta property=\"og:locale\" content=\"es_ES\" \/>\n<meta property=\"og:type\" content=\"article\" \/>\n<meta property=\"og:title\" content=\"Estatutos Internacionales de Misioneros Seglares Vicencianos (MISEVI) - Somos Vicencianos\" \/>\n<meta property=\"og:description\" content=\"0. Principios B\u00e1sicos 0.1. La Asociaci\u00f3n pretende desarrollar una presencia organizada de los laicos dentro de las tareas misioneras \u00abad gentes\u00bb de la Iglesia, especialmente en las misiones vinculadas a la Familia Vicenciana. Se crean ... Read More\" \/>\n<meta property=\"og:url\" content=\"http:\/\/vincentians.com\/es\/estatutos-internacionales-de-misioneros-seglares-vicencianos-misevi\/\" \/>\n<meta property=\"og:site_name\" content=\"Somos Vicencianos\" \/>\n<meta property=\"article:publisher\" content=\"https:\/\/www.facebook.com\/WeAreVincentians\/\" \/>\n<meta property=\"article:author\" content=\"https:\/\/www.facebook.com\/JavierChento\" \/>\n<meta property=\"article:published_time\" content=\"2015-01-26T03:30:54+00:00\" \/>\n<meta name=\"author\" content=\"Francisco Javier Fern\u00e1ndez Chento\" \/>\n<meta name=\"twitter:card\" content=\"summary_large_image\" \/>\n<meta name=\"twitter:creator\" content=\"@https:\/\/twitter.com\/javierchento\" \/>\n<meta name=\"twitter:site\" content=\"@WeVincentians\" \/>\n<meta name=\"twitter:label1\" content=\"Escrito por\" \/>\n\t<meta name=\"twitter:data1\" content=\"Francisco Javier Fern\u00e1ndez Chento\" \/>\n\t<meta name=\"twitter:label2\" content=\"Tiempo de lectura\" \/>\n\t<meta name=\"twitter:data2\" content=\"17 minutos\" \/>\n<script type=\"application\/ld+json\" class=\"yoast-schema-graph\">{\"@context\":\"https:\/\/schema.org\",\"@graph\":[{\"@type\":\"Article\",\"@id\":\"http:\/\/vincentians.com\/es\/estatutos-internacionales-de-misioneros-seglares-vicencianos-misevi\/#article\",\"isPartOf\":{\"@id\":\"http:\/\/vincentians.com\/es\/estatutos-internacionales-de-misioneros-seglares-vicencianos-misevi\/\"},\"author\":{\"name\":\"Francisco Javier Fern\u00e1ndez Chento\",\"@id\":\"http:\/\/vincentians.com\/es\/#\/schema\/person\/9623ef4d9aa3b2dfb8c061f1499288f2\"},\"headline\":\"Estatutos Internacionales de Misioneros Seglares Vicencianos (MISEVI)\",\"datePublished\":\"2015-01-26T03:30:54+00:00\",\"mainEntityOfPage\":{\"@id\":\"http:\/\/vincentians.com\/es\/estatutos-internacionales-de-misioneros-seglares-vicencianos-misevi\/\"},\"wordCount\":3415,\"commentCount\":0,\"publisher\":{\"@id\":\"http:\/\/vincentians.com\/es\/#organization\"},\"image\":{\"@id\":\"http:\/\/vincentians.com\/es\/estatutos-internacionales-de-misioneros-seglares-vicencianos-misevi\/#primaryimage\"},\"thumbnailUrl\":\"\",\"keywords\":[\"Misioneros Seglares\"],\"articleSection\":[\"Documentos de Misioneros Seglares Vicencianos\"],\"inLanguage\":\"es\",\"potentialAction\":[{\"@type\":\"CommentAction\",\"name\":\"Comment\",\"target\":[\"http:\/\/vincentians.com\/es\/estatutos-internacionales-de-misioneros-seglares-vicencianos-misevi\/#respond\"]}]},{\"@type\":\"WebPage\",\"@id\":\"http:\/\/vincentians.com\/es\/estatutos-internacionales-de-misioneros-seglares-vicencianos-misevi\/\",\"url\":\"http:\/\/vincentians.com\/es\/estatutos-internacionales-de-misioneros-seglares-vicencianos-misevi\/\",\"name\":\"Estatutos Internacionales de Misioneros Seglares Vicencianos (MISEVI) - Somos Vicencianos\",\"isPartOf\":{\"@id\":\"http:\/\/vincentians.com\/es\/#website\"},\"primaryImageOfPage\":{\"@id\":\"http:\/\/vincentians.com\/es\/estatutos-internacionales-de-misioneros-seglares-vicencianos-misevi\/#primaryimage\"},\"image\":{\"@id\":\"http:\/\/vincentians.com\/es\/estatutos-internacionales-de-misioneros-seglares-vicencianos-misevi\/#primaryimage\"},\"thumbnailUrl\":\"\",\"datePublished\":\"2015-01-26T03:30:54+00:00\",\"breadcrumb\":{\"@id\":\"http:\/\/vincentians.com\/es\/estatutos-internacionales-de-misioneros-seglares-vicencianos-misevi\/#breadcrumb\"},\"inLanguage\":\"es\",\"potentialAction\":[{\"@type\":\"ReadAction\",\"target\":[\"http:\/\/vincentians.com\/es\/estatutos-internacionales-de-misioneros-seglares-vicencianos-misevi\/\"]}]},{\"@type\":\"ImageObject\",\"inLanguage\":\"es\",\"@id\":\"http:\/\/vincentians.com\/es\/estatutos-internacionales-de-misioneros-seglares-vicencianos-misevi\/#primaryimage\",\"url\":\"\",\"contentUrl\":\"\"},{\"@type\":\"BreadcrumbList\",\"@id\":\"http:\/\/vincentians.com\/es\/estatutos-internacionales-de-misioneros-seglares-vicencianos-misevi\/#breadcrumb\",\"itemListElement\":[{\"@type\":\"ListItem\",\"position\":1,\"name\":\"Portada\",\"item\":\"http:\/\/vincentians.com\/es\/\"},{\"@type\":\"ListItem\",\"position\":2,\"name\":\"Estatutos Internacionales de Misioneros Seglares Vicencianos (MISEVI)\"}]},{\"@type\":\"WebSite\",\"@id\":\"http:\/\/vincentians.com\/es\/#website\",\"url\":\"http:\/\/vincentians.com\/es\/\",\"name\":\"Somos Vicencianos\",\"description\":\"Know more to serve more\",\"publisher\":{\"@id\":\"http:\/\/vincentians.com\/es\/#organization\"},\"potentialAction\":[{\"@type\":\"SearchAction\",\"target\":{\"@type\":\"EntryPoint\",\"urlTemplate\":\"http:\/\/vincentians.com\/es\/?s={search_term_string}\"},\"query-input\":{\"@type\":\"PropertyValueSpecification\",\"valueRequired\":true,\"valueName\":\"search_term_string\"}}],\"inLanguage\":\"es\"},{\"@type\":\"Organization\",\"@id\":\"http:\/\/vincentians.com\/es\/#organization\",\"name\":\"The Vincentian Network\",\"url\":\"http:\/\/vincentians.com\/es\/\",\"logo\":{\"@type\":\"ImageObject\",\"inLanguage\":\"es\",\"@id\":\"http:\/\/vincentians.com\/es\/#\/schema\/logo\/image\/\",\"url\":\"https:\/\/i1.wp.com\/vincentians.com\/es\/wp-content\/uploads\/sites\/11\/2016\/06\/Vincentian-Network-logo-big.png?fit=778%2C778\",\"contentUrl\":\"https:\/\/i1.wp.com\/vincentians.com\/es\/wp-content\/uploads\/sites\/11\/2016\/06\/Vincentian-Network-logo-big.png?fit=778%2C778\",\"width\":778,\"height\":778,\"caption\":\"The Vincentian Network\"},\"image\":{\"@id\":\"http:\/\/vincentians.com\/es\/#\/schema\/logo\/image\/\"},\"sameAs\":[\"https:\/\/www.facebook.com\/WeAreVincentians\/\",\"https:\/\/x.com\/WeVincentians\"]},{\"@type\":\"Person\",\"@id\":\"http:\/\/vincentians.com\/es\/#\/schema\/person\/9623ef4d9aa3b2dfb8c061f1499288f2\",\"name\":\"Francisco Javier Fern\u00e1ndez Chento\",\"image\":{\"@type\":\"ImageObject\",\"inLanguage\":\"es\",\"@id\":\"http:\/\/vincentians.com\/es\/#\/schema\/person\/image\/\",\"url\":\"https:\/\/secure.gravatar.com\/avatar\/497d5cde87b4c3d097d0315953521681ba2cd523ee66e5077c3711f7021e65de?s=96&d=mm&r=g\",\"contentUrl\":\"https:\/\/secure.gravatar.com\/avatar\/497d5cde87b4c3d097d0315953521681ba2cd523ee66e5077c3711f7021e65de?s=96&d=mm&r=g\",\"caption\":\"Francisco Javier Fern\u00e1ndez Chento\"},\"description\":\"Director General y cofundador de La Red de Formaci\u00f3n Vicenciana. Javier es laico vicenciano, afiliado a la Congregaci\u00f3n de la Misi\u00f3n y miembro del Equipo de Misiones Populares de la provincia can\u00f3nica de Zaragoza (Espa\u00f1a) de la Congregaci\u00f3n de la Misi\u00f3n. Graduado en la Universidad Oberta de Catalunya con cuatro grados (Asistente de direcci\u00f3n, Gesti\u00f3n Administrativa, Recursos Humanos y Contabilidad Avanzada). Bil\u00edng\u00fce Espa\u00f1ol\/Ingl\u00e9s. gestiona y mantiene varias p\u00e1ginas web cristianas y vicencianas, incluida including La Red de Formaci\u00f3n Vicenciana, de la que es cofundador. Actualmente es responsable del \u00e1rea de Espa\u00f1ol de .famvin, la Red de Noticias de la Familia Vicenciana. Tambi\u00e9n es m\u00fasico cat\u00f3lico y ha editado varios discos. Es Director General y cofundador de Trovador, una reconocida compa\u00f1\u00eda discogr\u00e1fica critiana de Espa\u00f1a. Trabaja en las Tecnolog\u00edas de la Informaci\u00f3n, ofreciendo servicios de alojamiento, dise\u00f1o y mantenimiento Web, as\u00ed como asesoramiento, formaci\u00f3n y soluciones inform\u00e1ticas, gesti\u00f3n documental y digitalizaci\u00f3n de textos, edici\u00f3n y maquetaci\u00f3n de libros, revistas, flyers, etc.\",\"sameAs\":[\"http:\/\/chento.org\",\"https:\/\/www.facebook.com\/JavierChento\",\"https:\/\/x.com\/https:\/\/twitter.com\/javierchento\"],\"url\":\"http:\/\/vincentians.com\/es\/author\/chento\/\"}]}<\/script>\n<!-- \/ Yoast SEO plugin. -->","yoast_head_json":{"title":"Estatutos Internacionales de Misioneros Seglares Vicencianos (MISEVI) - Somos Vicencianos","robots":{"index":"index","follow":"follow","max-snippet":"max-snippet:-1","max-image-preview":"max-image-preview:large","max-video-preview":"max-video-preview:-1"},"canonical":"http:\/\/vincentians.com\/es\/estatutos-internacionales-de-misioneros-seglares-vicencianos-misevi\/","og_locale":"es_ES","og_type":"article","og_title":"Estatutos Internacionales de Misioneros Seglares Vicencianos (MISEVI) - Somos Vicencianos","og_description":"0. Principios B\u00e1sicos 0.1. La Asociaci\u00f3n pretende desarrollar una presencia organizada de los laicos dentro de las tareas misioneras \u00abad gentes\u00bb de la Iglesia, especialmente en las misiones vinculadas a la Familia Vicenciana. Se crean ... Read More","og_url":"http:\/\/vincentians.com\/es\/estatutos-internacionales-de-misioneros-seglares-vicencianos-misevi\/","og_site_name":"Somos Vicencianos","article_publisher":"https:\/\/www.facebook.com\/WeAreVincentians\/","article_author":"https:\/\/www.facebook.com\/JavierChento","article_published_time":"2015-01-26T03:30:54+00:00","author":"Francisco Javier Fern\u00e1ndez Chento","twitter_card":"summary_large_image","twitter_creator":"@https:\/\/twitter.com\/javierchento","twitter_site":"@WeVincentians","twitter_misc":{"Escrito por":"Francisco Javier Fern\u00e1ndez Chento","Tiempo de lectura":"17 minutos"},"schema":{"@context":"https:\/\/schema.org","@graph":[{"@type":"Article","@id":"http:\/\/vincentians.com\/es\/estatutos-internacionales-de-misioneros-seglares-vicencianos-misevi\/#article","isPartOf":{"@id":"http:\/\/vincentians.com\/es\/estatutos-internacionales-de-misioneros-seglares-vicencianos-misevi\/"},"author":{"name":"Francisco Javier Fern\u00e1ndez Chento","@id":"http:\/\/vincentians.com\/es\/#\/schema\/person\/9623ef4d9aa3b2dfb8c061f1499288f2"},"headline":"Estatutos Internacionales de Misioneros Seglares Vicencianos (MISEVI)","datePublished":"2015-01-26T03:30:54+00:00","mainEntityOfPage":{"@id":"http:\/\/vincentians.com\/es\/estatutos-internacionales-de-misioneros-seglares-vicencianos-misevi\/"},"wordCount":3415,"commentCount":0,"publisher":{"@id":"http:\/\/vincentians.com\/es\/#organization"},"image":{"@id":"http:\/\/vincentians.com\/es\/estatutos-internacionales-de-misioneros-seglares-vicencianos-misevi\/#primaryimage"},"thumbnailUrl":"","keywords":["Misioneros Seglares"],"articleSection":["Documentos de Misioneros Seglares Vicencianos"],"inLanguage":"es","potentialAction":[{"@type":"CommentAction","name":"Comment","target":["http:\/\/vincentians.com\/es\/estatutos-internacionales-de-misioneros-seglares-vicencianos-misevi\/#respond"]}]},{"@type":"WebPage","@id":"http:\/\/vincentians.com\/es\/estatutos-internacionales-de-misioneros-seglares-vicencianos-misevi\/","url":"http:\/\/vincentians.com\/es\/estatutos-internacionales-de-misioneros-seglares-vicencianos-misevi\/","name":"Estatutos Internacionales de Misioneros Seglares Vicencianos (MISEVI) - Somos Vicencianos","isPartOf":{"@id":"http:\/\/vincentians.com\/es\/#website"},"primaryImageOfPage":{"@id":"http:\/\/vincentians.com\/es\/estatutos-internacionales-de-misioneros-seglares-vicencianos-misevi\/#primaryimage"},"image":{"@id":"http:\/\/vincentians.com\/es\/estatutos-internacionales-de-misioneros-seglares-vicencianos-misevi\/#primaryimage"},"thumbnailUrl":"","datePublished":"2015-01-26T03:30:54+00:00","breadcrumb":{"@id":"http:\/\/vincentians.com\/es\/estatutos-internacionales-de-misioneros-seglares-vicencianos-misevi\/#breadcrumb"},"inLanguage":"es","potentialAction":[{"@type":"ReadAction","target":["http:\/\/vincentians.com\/es\/estatutos-internacionales-de-misioneros-seglares-vicencianos-misevi\/"]}]},{"@type":"ImageObject","inLanguage":"es","@id":"http:\/\/vincentians.com\/es\/estatutos-internacionales-de-misioneros-seglares-vicencianos-misevi\/#primaryimage","url":"","contentUrl":""},{"@type":"BreadcrumbList","@id":"http:\/\/vincentians.com\/es\/estatutos-internacionales-de-misioneros-seglares-vicencianos-misevi\/#breadcrumb","itemListElement":[{"@type":"ListItem","position":1,"name":"Portada","item":"http:\/\/vincentians.com\/es\/"},{"@type":"ListItem","position":2,"name":"Estatutos Internacionales de Misioneros Seglares Vicencianos (MISEVI)"}]},{"@type":"WebSite","@id":"http:\/\/vincentians.com\/es\/#website","url":"http:\/\/vincentians.com\/es\/","name":"Somos Vicencianos","description":"Know more to serve more","publisher":{"@id":"http:\/\/vincentians.com\/es\/#organization"},"potentialAction":[{"@type":"SearchAction","target":{"@type":"EntryPoint","urlTemplate":"http:\/\/vincentians.com\/es\/?s={search_term_string}"},"query-input":{"@type":"PropertyValueSpecification","valueRequired":true,"valueName":"search_term_string"}}],"inLanguage":"es"},{"@type":"Organization","@id":"http:\/\/vincentians.com\/es\/#organization","name":"The Vincentian Network","url":"http:\/\/vincentians.com\/es\/","logo":{"@type":"ImageObject","inLanguage":"es","@id":"http:\/\/vincentians.com\/es\/#\/schema\/logo\/image\/","url":"https:\/\/i1.wp.com\/vincentians.com\/es\/wp-content\/uploads\/sites\/11\/2016\/06\/Vincentian-Network-logo-big.png?fit=778%2C778","contentUrl":"https:\/\/i1.wp.com\/vincentians.com\/es\/wp-content\/uploads\/sites\/11\/2016\/06\/Vincentian-Network-logo-big.png?fit=778%2C778","width":778,"height":778,"caption":"The Vincentian Network"},"image":{"@id":"http:\/\/vincentians.com\/es\/#\/schema\/logo\/image\/"},"sameAs":["https:\/\/www.facebook.com\/WeAreVincentians\/","https:\/\/x.com\/WeVincentians"]},{"@type":"Person","@id":"http:\/\/vincentians.com\/es\/#\/schema\/person\/9623ef4d9aa3b2dfb8c061f1499288f2","name":"Francisco Javier Fern\u00e1ndez Chento","image":{"@type":"ImageObject","inLanguage":"es","@id":"http:\/\/vincentians.com\/es\/#\/schema\/person\/image\/","url":"https:\/\/secure.gravatar.com\/avatar\/497d5cde87b4c3d097d0315953521681ba2cd523ee66e5077c3711f7021e65de?s=96&d=mm&r=g","contentUrl":"https:\/\/secure.gravatar.com\/avatar\/497d5cde87b4c3d097d0315953521681ba2cd523ee66e5077c3711f7021e65de?s=96&d=mm&r=g","caption":"Francisco Javier Fern\u00e1ndez Chento"},"description":"Director General y cofundador de La Red de Formaci\u00f3n Vicenciana. Javier es laico vicenciano, afiliado a la Congregaci\u00f3n de la Misi\u00f3n y miembro del Equipo de Misiones Populares de la provincia can\u00f3nica de Zaragoza (Espa\u00f1a) de la Congregaci\u00f3n de la Misi\u00f3n. Graduado en la Universidad Oberta de Catalunya con cuatro grados (Asistente de direcci\u00f3n, Gesti\u00f3n Administrativa, Recursos Humanos y Contabilidad Avanzada). Bil\u00edng\u00fce Espa\u00f1ol\/Ingl\u00e9s. gestiona y mantiene varias p\u00e1ginas web cristianas y vicencianas, incluida including La Red de Formaci\u00f3n Vicenciana, de la que es cofundador. Actualmente es responsable del \u00e1rea de Espa\u00f1ol de .famvin, la Red de Noticias de la Familia Vicenciana. Tambi\u00e9n es m\u00fasico cat\u00f3lico y ha editado varios discos. Es Director General y cofundador de Trovador, una reconocida compa\u00f1\u00eda discogr\u00e1fica critiana de Espa\u00f1a. Trabaja en las Tecnolog\u00edas de la Informaci\u00f3n, ofreciendo servicios de alojamiento, dise\u00f1o y mantenimiento Web, as\u00ed como asesoramiento, formaci\u00f3n y soluciones inform\u00e1ticas, gesti\u00f3n documental y digitalizaci\u00f3n de textos, edici\u00f3n y maquetaci\u00f3n de libros, revistas, flyers, etc.","sameAs":["http:\/\/chento.org","https:\/\/www.facebook.com\/JavierChento","https:\/\/x.com\/https:\/\/twitter.com\/javierchento"],"url":"http:\/\/vincentians.com\/es\/author\/chento\/"}]}},"jetpack_publicize_connections":[],"jetpack_featured_media_url":"","jetpack_sharing_enabled":true,"jetpack_shortlink":"https:\/\/wp.me\/p7ETMF-a0q","jetpack-related-posts":[{"id":127199,"url":"http:\/\/vincentians.com\/es\/misioneros-vicencianos-con-dios-entre-los-mas-pobres\/","url_meta":{"origin":38466,"position":0},"title":"Misioneros Vicencianos: con Dios entre los m\u00e1s pobres","author":"Francisco Javier Fern\u00e1ndez Chento","date":"15\/01\/2024","format":false,"excerpt":"Bajo la denominaci\u00f3n de Misioneros Vicencianos se hace referencia en este art\u00edculo al carisma misionero de los Padres Pa\u00fales, Hijas de la Caridad y Misioneros Seglares Vicencianos. Una galer\u00eda de hombres y mujeres de talla excepcional que se encuentran all\u00ed donde m\u00e1s se les necesita \u2013entre los perseguidos, hu\u00e9rfanos, hambrientos,\u2026","rel":"","context":"En \u00abMisiones \u00abAd gentes\u00bb\u00bb","block_context":{"text":"Misiones \u00abAd gentes\u00bb","link":"http:\/\/vincentians.com\/es\/category\/servicios-y-ministerios\/misiones-ad-gentes\/"},"img":{"alt_text":"","src":"https:\/\/i0.wp.com\/vincentians.com\/es\/wp-content\/uploads\/sites\/11\/2016\/09\/enviados-evangelizar-pobres.jpg?fit=1200%2C630&resize=350%2C200","width":350,"height":200,"srcset":"https:\/\/i0.wp.com\/vincentians.com\/es\/wp-content\/uploads\/sites\/11\/2016\/09\/enviados-evangelizar-pobres.jpg?fit=1200%2C630&resize=350%2C200 1x, https:\/\/i0.wp.com\/vincentians.com\/es\/wp-content\/uploads\/sites\/11\/2016\/09\/enviados-evangelizar-pobres.jpg?fit=1200%2C630&resize=525%2C300 1.5x, https:\/\/i0.wp.com\/vincentians.com\/es\/wp-content\/uploads\/sites\/11\/2016\/09\/enviados-evangelizar-pobres.jpg?fit=1200%2C630&resize=700%2C400 2x, https:\/\/i0.wp.com\/vincentians.com\/es\/wp-content\/uploads\/sites\/11\/2016\/09\/enviados-evangelizar-pobres.jpg?fit=1200%2C630&resize=1050%2C600 3x"},"classes":[]},{"id":136776,"url":"http:\/\/vincentians.com\/es\/agentes-de-unidad-entre-clerigos-y-laicos\/","url_meta":{"origin":38466,"position":1},"title":"Agentes de unidad entre cl\u00e9rigos y laicos","author":"Francisco Javier Fern\u00e1ndez Chento","date":"05\/02\/2015","format":false,"excerpt":"\u00abEsforzaos por mantener la unidad que crea el Esp\u00edritu, estrech\u00e1ndola con la paz. Hay un solo cuerpo y un solo Esp\u00edritu, como una es tam\u00adbi\u00e9n la esperanza que os abri\u00f3 su llamamiento\u00bb. (Ef 4,3-4). \u00abEnse\u00f1en fielmente a cl\u00e9ri\u00adgos y laicos a trabajar en equipo y ayudarse mutuamen\u00adte en el proceso\u2026","rel":"","context":"En \u00abEspiritualidad vicenciana\u00bb","block_context":{"text":"Espiritualidad vicenciana","link":"http:\/\/vincentians.com\/es\/category\/espiritualidad\/espiritualidad-vicenciana\/"},"img":{"alt_text":"unidad","src":"https:\/\/i0.wp.com\/vicencianos.org\/wp-content\/2015\/02\/unidad-300x198.jpg?resize=350%2C200","width":350,"height":200},"classes":[]},{"id":132875,"url":"http:\/\/vincentians.com\/es\/estatutos-de-misevi-en-colombia\/","url_meta":{"origin":38466,"position":2},"title":"Estatutos de MISEVI en Colombia","author":"Francisco Javier Fern\u00e1ndez Chento","date":"17\/12\/2014","format":false,"excerpt":"CONREGAZIONE DELLA MISSIONE Cuna Generaiizia Roma 27 de abril 2005 Padre Gabriel NARANJO SALAZAR, CM Visitador Bogot\u00e1 Querido Gabriel: \u00a1Que la gracia y la paz del Se\u00f1or Jesucristo llenen tu coraz\u00f3n ahora y siempre! Por medio de la presente quiero felicitarte a Ti y en tu nombre, a los miembros\u2026","rel":"","context":"En \u00abDocumentos de Misioneros Seglares Vicencianos\u00bb","block_context":{"text":"Documentos de Misioneros Seglares Vicencianos","link":"http:\/\/vincentians.com\/es\/category\/formacion-vicenciana\/documentos-oficiales-de-la-familia-vicenciana\/documentos-de-misioneros-seglares-vicencianos\/"},"img":{"alt_text":"misevi_colombia","src":"https:\/\/i0.wp.com\/vicencianos.org\/wp-content\/2014\/12\/misevi_colombia-175x300.jpg?resize=350%2C200","width":350,"height":200},"classes":[]},{"id":120719,"url":"http:\/\/vincentians.com\/es\/mision-ad-gentes-en-la-familia-vicenciana\/","url_meta":{"origin":38466,"position":3},"title":"Misi\u00f3n Ad Gentes en la Familia Vicenciana","author":"Francisco Javier Fern\u00e1ndez Chento","date":"19\/10\/2022","format":false,"excerpt":"Propuesta Mi propuesta para el tema de la misi\u00f3n ad gentes es muy sencilla. El compromiso con \"misiones ad gentes\", est\u00e1 en los funda\u00admentos de nuestra propia espiritualidad y carisma. Forma parte de nuestro ser. Una caracter\u00edstica a la que no hemos prestado excesiva atenci\u00f3n. Pero aunque no la hemos\u2026","rel":"","context":"En \u00abMisiones \u00abAd gentes\u00bb\u00bb","block_context":{"text":"Misiones \u00abAd gentes\u00bb","link":"http:\/\/vincentians.com\/es\/category\/servicios-y-ministerios\/misiones-ad-gentes\/"},"img":{"alt_text":"","src":"https:\/\/i0.wp.com\/vincentians.com\/es\/wp-content\/uploads\/sites\/11\/2015\/02\/St_Vincent_De_Paul_-bible-1.jpg?fit=1200%2C630&resize=350%2C200","width":350,"height":200,"srcset":"https:\/\/i0.wp.com\/vincentians.com\/es\/wp-content\/uploads\/sites\/11\/2015\/02\/St_Vincent_De_Paul_-bible-1.jpg?fit=1200%2C630&resize=350%2C200 1x, https:\/\/i0.wp.com\/vincentians.com\/es\/wp-content\/uploads\/sites\/11\/2015\/02\/St_Vincent_De_Paul_-bible-1.jpg?fit=1200%2C630&resize=525%2C300 1.5x, https:\/\/i0.wp.com\/vincentians.com\/es\/wp-content\/uploads\/sites\/11\/2015\/02\/St_Vincent_De_Paul_-bible-1.jpg?fit=1200%2C630&resize=700%2C400 2x, https:\/\/i0.wp.com\/vincentians.com\/es\/wp-content\/uploads\/sites\/11\/2015\/02\/St_Vincent_De_Paul_-bible-1.jpg?fit=1200%2C630&resize=1050%2C600 3x"},"classes":[]},{"id":122918,"url":"http:\/\/vincentians.com\/es\/animacion-de-la-formacion\/","url_meta":{"origin":38466,"position":4},"title":"Animaci\u00f3n de la formaci\u00f3n","author":"Francisco Javier Fern\u00e1ndez Chento","date":"21\/09\/2022","format":false,"excerpt":"1. Introducci\u00f3n Cuando se me encomend\u00f3 presentar esta Comunicaci\u00f3n se me dijo que lo hiciera desde mi experiencia pastoral en el campo de la Familia Vicenciana. Lo voy a intentar. Quiero empezar afir\u00admando que considero una gracia muy grande el haber podido trabajar como Consiliario o Asesor o simplemente como\u2026","rel":"","context":"En \u00abFormaci\u00f3n Cristiana\u00bb","block_context":{"text":"Formaci\u00f3n Cristiana","link":"http:\/\/vincentians.com\/es\/category\/formacion-cristiana\/"},"img":{"alt_text":"","src":"https:\/\/i0.wp.com\/vincentians.com\/es\/wp-content\/uploads\/sites\/11\/2013\/04\/formacion_permanente.jpg?fit=303%2C303&resize=350%2C200","width":350,"height":200},"classes":[]},{"id":3797,"url":"http:\/\/vincentians.com\/es\/misevi-quienes-son\/","url_meta":{"origin":38466,"position":5},"title":"MISEVI: Qui\u00e9nes Son","author":"Francisco Javier Fern\u00e1ndez Chento","date":"13\/06\/2023","format":false,"excerpt":"Presentar ante todos ustedes este nueva asociaci\u00f3n: Mi.Se.Vi. (Misioneros Seglares Vicencianos) como miembro de la Familia Vicenciana supone una gran alegr\u00eda para todos los que hoy formamos la Comisi\u00f3n Gestora de Misevi y trabajamos con ilusi\u00f3n por que esta asociaci\u00f3n sea una realidad en el ser misionero de la Iglesia.\u2026","rel":"","context":"En \u00abMisevi\u00bb","block_context":{"text":"Misevi","link":"http:\/\/vincentians.com\/es\/category\/la-familia-vicenciana\/ramas\/misevi\/"},"img":{"alt_text":"","src":"https:\/\/i0.wp.com\/vincentians.com\/es\/wp-content\/uploads\/sites\/11\/2016\/09\/espiritu-de-jesus.jpg?fit=1200%2C630&resize=350%2C200","width":350,"height":200,"srcset":"https:\/\/i0.wp.com\/vincentians.com\/es\/wp-content\/uploads\/sites\/11\/2016\/09\/espiritu-de-jesus.jpg?fit=1200%2C630&resize=350%2C200 1x, https:\/\/i0.wp.com\/vincentians.com\/es\/wp-content\/uploads\/sites\/11\/2016\/09\/espiritu-de-jesus.jpg?fit=1200%2C630&resize=525%2C300 1.5x, https:\/\/i0.wp.com\/vincentians.com\/es\/wp-content\/uploads\/sites\/11\/2016\/09\/espiritu-de-jesus.jpg?fit=1200%2C630&resize=700%2C400 2x, https:\/\/i0.wp.com\/vincentians.com\/es\/wp-content\/uploads\/sites\/11\/2016\/09\/espiritu-de-jesus.jpg?fit=1200%2C630&resize=1050%2C600 3x"},"classes":[]}],"_links":{"self":[{"href":"http:\/\/vincentians.com\/es\/wp-json\/wp\/v2\/posts\/38466","targetHints":{"allow":["GET"]}}],"collection":[{"href":"http:\/\/vincentians.com\/es\/wp-json\/wp\/v2\/posts"}],"about":[{"href":"http:\/\/vincentians.com\/es\/wp-json\/wp\/v2\/types\/post"}],"author":[{"embeddable":true,"href":"http:\/\/vincentians.com\/es\/wp-json\/wp\/v2\/users\/4"}],"replies":[{"embeddable":true,"href":"http:\/\/vincentians.com\/es\/wp-json\/wp\/v2\/comments?post=38466"}],"version-history":[{"count":0,"href":"http:\/\/vincentians.com\/es\/wp-json\/wp\/v2\/posts\/38466\/revisions"}],"wp:featuredmedia":[{"embeddable":true,"href":"http:\/\/vincentians.com\/es\/wp-json\/"}],"wp:attachment":[{"href":"http:\/\/vincentians.com\/es\/wp-json\/wp\/v2\/media?parent=38466"}],"wp:term":[{"taxonomy":"category","embeddable":true,"href":"http:\/\/vincentians.com\/es\/wp-json\/wp\/v2\/categories?post=38466"},{"taxonomy":"post_tag","embeddable":true,"href":"http:\/\/vincentians.com\/es\/wp-json\/wp\/v2\/tags?post=38466"}],"curies":[{"name":"wp","href":"https:\/\/api.w.org\/{rel}","templated":true}]}}