{"id":38384,"date":"2014-08-13T08:16:55","date_gmt":"2014-08-13T06:16:55","guid":{"rendered":"http:\/\/somos.vicencianos.org\/?p=38384"},"modified":"2014-08-13T08:16:55","modified_gmt":"2014-08-13T06:16:55","slug":"el-rostro-de-los-pobres","status":"publish","type":"post","link":"http:\/\/vincentians.com\/es\/el-rostro-de-los-pobres\/","title":{"rendered":"El rostro de los pobres"},"content":{"rendered":"<p><strong><em><a href=\"https:\/\/i0.wp.com\/vicencianos.org\/wp-content\/2011\/05\/juana_antida1.jpg\"><img data-recalc-dims=\"1\" loading=\"lazy\" decoding=\"async\" class=\"alignright size-medium wp-image-38385\" title=\"juana_antida\" src=\"https:\/\/i0.wp.com\/vicencianos.org\/wp-content\/2011\/05\/juana_antida1-175x300.jpg?resize=175%2C300\" alt=\"\" width=\"175\" height=\"300\" \/><\/a>Juana Antida lleg\u00f3 a N\u00e1poles en un tiempo fuertemente cr\u00edtico<\/em><\/strong>, con una pobreza que alcanz\u00f3 su nivel m\u00e1s alto de resistencia. Las carest\u00edas se sucedieron con ritmos vertiginosos; los precios aumentaban; las fiebres col\u00e9ricas se multiplicaron.<\/p>\n<p>Muy elevada fue, por consiguiente, la mortalidad, siempre superior a la natalidad de aquellos a\u00f1os. En 1808, por ejemplo, sobre 1676 nacimientos hubo 1311 muertes. En el mes de mayo del 1811, el n\u00famero de los muertos fue superior al de los nacimientos: 1078 muertes y 1008 nacimientos. Otro peque\u00f1o ejemplo: en el mes de septiembre del 1811, <em>el orfanato de la <\/em><em>Anunciaci\u00f3n \u2013casa de ni\u00f1os abandonados, en el que por todo el 800 habr\u00edan <\/em><em>trabajado las Hermanas de la Caridad<\/em><em>\u2013<\/em><em> llegaron a tener 369 ni\u00f1os; de estos, \u00a1<\/em><em>en el mismo mes, murieron 150<\/em>!<\/p>\n<p><em>\u00abFueron momentos <\/em><em>\u2013<\/em><em>escribe la historiadora<\/em> \u00c1ngela Valente<em>\u2013<\/em> en los que la escasez fue tal que se llegaban a mentir a s\u00ed mismos, con mentiras piadosas, cuanto in\u00fatil: por ejemplo, a la entrada en ciudad <em>del Murat ,<\/em><span id='easy-footnote-1-38384' class='easy-footnote-margin-adjust'><\/span><span class='easy-footnote'><a href='http:\/\/vincentians.com\/es\/el-rostro-de-los-pobres\/#easy-footnote-bottom-1-38384' title='Gioacchino (Joaqu\u00edn) sustituy\u00f3 en 1808 a (Jos\u00e9) Bonaparte , el hermano de Napole\u00f3n destinado al trono de Espa\u00f1a, que hab\u00eda gobernado N\u00e1poles por dos a\u00f1os: del 1806 al 1808'><sup>1<\/sup><\/a><\/span> <em>en el mes de <\/em><em>septiembre de 1801, fue en las tiendas de la Via Toledo, o sea en la <\/em><em>\u00abfiambrer\u00eda\u00bb, era una parada obligatoria de tocino, quesos y jamones, tomados <\/em><em>prestados de los negocios de la calles por donde no estaba incluido el cortejo <\/em><em>real para dar la impresi\u00f3n al nuevo rey de una abundancia que no era verdadera\u00bb<\/em>.<span id='easy-footnote-2-38384' class='easy-footnote-margin-adjust'><\/span><span class='easy-footnote'><a href='http:\/\/vincentians.com\/es\/el-rostro-de-los-pobres\/#easy-footnote-bottom-2-38384' title='VALENTE A., &lt;em&gt;Gioacchino Murat&lt;\/em&gt;&amp;#8230;; p. 6'><sup>2<\/sup><\/a><\/span>\n<p>Pero los soberanos no pod\u00edan no ver, si el mismo Joseph (Jos\u00e9), escribi\u00e9ndole a su hermano Napole\u00f3n, poco despu\u00e9s de su llegada a N\u00e1poles, escrib\u00eda: \u00ab<em>il <\/em><em>est ordinaire de voir mourir de faim, dans les rues, des hommes couch\u00e9s, <strong>nus<\/strong><\/em><strong><em>comme la main<\/em><\/strong>\u00ab<sup>3<\/sup>. (\u00abes de todos los d\u00edas ver morir de hambre en las calles, a los hombres, desnudos <strong>como la mano<\/strong>\u00ab)<span id='easy-footnote-3-38384' class='easy-footnote-margin-adjust'><\/span><span class='easy-footnote'><a href='http:\/\/vincentians.com\/es\/el-rostro-de-los-pobres\/#easy-footnote-bottom-3-38384' title='Carta del 12 marzo del 1806, en RAMBAUD J., &lt;em&gt;Naples sous Joseph Bonaparte, &lt;\/em&gt;Paris 1911; p. 446'><sup>3<\/sup><\/a><\/span>\n<p>El analfabetismo, la desnutrici\u00f3n, la vida en la calle: fueron las caracter\u00edsticas de esta vasta categor\u00eda de hombres, mujeres, ni\u00f1os, que algunas veces, algunos ciertos viajeros extranjeros, definieron con desprecio: \u00ab<em>canaille\u00bb<\/em> (canalla) o <em>\u00abpopulace\u00bb<\/em> (populacho)\u00bb.<\/p>\n<p>Los l\u00e1zaros, para vivir, practicaron el arte en la mayor\u00eda de los casos del <em>\u00abarranciarsi\u00bb<\/em> (arreglarse), con profesiones inventadas para permanecer a flote: \u00ab<em>el acquafrescaio\u00bb<\/em>, (agua fresca) por ejemplo, que gritaba todo el d\u00eda por los callejones, vendiendo contra agua fresca; o tambi\u00e9n el \u00ab<em>piccirillo\u00bb<\/em> (peque\u00f1o, siervo del siervo), que hac\u00eda de siervo al servidor o a la sierva a la fantesca (criada) de los pisos de arriba, o la \u00abcapera\u00bb, la peluquera que aqu\u00ed y all\u00e1, ganaba poco dinero en los bajos o en los rincones de las callejuelas Y todav\u00eda, aprendices de tienda, maleteros, jaboneros, etc. Fue f\u00e1cil, por ejemplo, encontrar entre ellos, los \u00ab<em>mariuoli\u00bb,<\/em> (ladrones) aquellos ladroncillos por necesidad y, por lo tanto, de profesi\u00f3n, que se capacitaban para robar.<\/p>\n<p><strong>Juana Antida<\/strong>&#8230;<\/p>\n<ul>\n<li><em>\u00abA la escuela de los pobres, algunas vienen, adem\u00e1s, casi sin vestidos y si <\/em><em>pan&#8230; Otra multitud de pobres de toda edad y condici\u00f3n, sumamente <\/em><em>m\u00edsero, pide cada d\u00eda algo para comer, para vestirse, para dormir&#8230;. la <\/em><em>compasi\u00f3n por ellos nos ha obligado a privarnos tambi\u00e9n de lo necesario &#8230; Y <\/em><em>ahora, no nos queda m\u00e1s que llorar con estos pobres\u00bb<\/em><em>&#8230;<span id='easy-footnote-4-38384' class='easy-footnote-margin-adjust'><\/span><span class='easy-footnote'><a href='http:\/\/vincentians.com\/es\/el-rostro-de-los-pobres\/#easy-footnote-bottom-4-38384' title='&lt;\/em&gt;J-A Th. al Ministro del Interior del Reino de N\u00e1poles 1816; en CD: p. 174'><sup>4<\/sup><\/a><\/span><\/li>\n<li><em>\u00abAcu\u00e9rdense de ver siempre a Jesucristo en la persona de los pobres.\u00bb<\/em>&#8230;<span id='easy-footnote-5-38384' class='easy-footnote-margin-adjust'><\/span><span class='easy-footnote'><a href='http:\/\/vincentians.com\/es\/el-rostro-de-los-pobres\/#easy-footnote-bottom-5-38384' title='CD : 20; Cf 277. 131. 309'><sup>5<\/sup><\/a><\/span><\/li>\n<li>\u00ab<em>Dios prefiere a los pobres y toma como hecho a s\u00ed lo que a ellos se haga <\/em><em>en su nombre\u00bb<\/em>&#8230;<span id='easy-footnote-6-38384' class='easy-footnote-margin-adjust'><\/span><span class='easy-footnote'><a href='http:\/\/vincentians.com\/es\/el-rostro-de-los-pobres\/#easy-footnote-bottom-6-38384' title='Cf CD : 165'><sup>6<\/sup><\/a><\/span><\/li>\n<li>\u00ab<em>Sirvamos sobre todo a los pobres con esa generosa <\/em><em>entrega y ese celo del que debemos estar animadas, considerando que es al <\/em><em>mismo Jesucristo a quien servimos en sus miembros \u00ab<\/em><em>&#8230; <\/em><span id='easy-footnote-7-38384' class='easy-footnote-margin-adjust'><\/span><span class='easy-footnote'><a href='http:\/\/vincentians.com\/es\/el-rostro-de-los-pobres\/#easy-footnote-bottom-7-38384' title='CD : 37; Cf 131. 309'><sup>7<\/sup><\/a><\/span><\/li>\n<li>\u00ab<em>Nos santificaremos mientras trabajamos por la felicidad y sobre todo por la salvaci\u00f3n de los pobres&#8230;<\/em><span id='easy-footnote-8-38384' class='easy-footnote-margin-adjust'><\/span><span class='easy-footnote'><a href='http:\/\/vincentians.com\/es\/el-rostro-de-los-pobres\/#easy-footnote-bottom-8-38384' title='CD : 5'><sup>8<\/sup><\/a><\/span><\/li>\n<li>\u00ab<em>&#8230;Esos miembros preciosos de Cristo sufriente, ser\u00e1n auxiliados y consolados en todas sus miserias espirituales y temporales<\/em>\u00ab&#8230;<span id='easy-footnote-9-38384' class='easy-footnote-margin-adjust'><\/span><span class='easy-footnote'><a href='http:\/\/vincentians.com\/es\/el-rostro-de-los-pobres\/#easy-footnote-bottom-9-38384' title='CD : 5; Cf 53. 352; Reg 1820 : 203. 267'><sup>9<\/sup><\/a><\/span><\/li>\n<\/ul>\n","protected":false},"excerpt":{"rendered":"<p>Juana Antida lleg\u00f3 a N\u00e1poles en un tiempo fuertemente cr\u00edtico, con una pobreza que alcanz\u00f3 su nivel m\u00e1s alto de resistencia. Las carest\u00edas se sucedieron con ritmos vertiginosos; los precios aumentaban; las fiebres col\u00e9ricas se &#8230; <a href=\"http:\/\/vincentians.com\/es\/el-rostro-de-los-pobres\/\" class=\"more-link\">Read More<\/a><\/p>\n","protected":false},"author":4,"featured_media":38385,"comment_status":"open","ping_status":"open","sticky":false,"template":"","format":"standard","meta":{"jetpack_post_was_ever_published":false,"_jetpack_newsletter_access":"","_jetpack_dont_email_post_to_subs":false,"_jetpack_newsletter_tier_id":0,"_jetpack_memberships_contains_paywalled_content":false,"_jetpack_memberships_contains_paid_content":false,"footnotes":"","jetpack_publicize_message":"","jetpack_publicize_feature_enabled":true,"jetpack_social_post_already_shared":true,"jetpack_social_options":{"image_generator_settings":{"template":"highway","default_image_id":0,"font":"","enabled":false},"version":2}},"categories":[258],"tags":[172],"class_list":["post-38384","post","type-post","status-publish","format-standard","has-post-thumbnail","hentry","category-juana-antida-thouret","tag-pobreza"],"yoast_head":"<!-- This site is optimized with the Yoast SEO plugin v26.3 - https:\/\/yoast.com\/wordpress\/plugins\/seo\/ -->\n<title>El rostro de los pobres - Somos Vicencianos<\/title>\n<meta name=\"robots\" content=\"index, follow, max-snippet:-1, max-image-preview:large, max-video-preview:-1\" \/>\n<link rel=\"canonical\" href=\"http:\/\/vincentians.com\/es\/el-rostro-de-los-pobres\/\" \/>\n<meta property=\"og:locale\" content=\"es_ES\" \/>\n<meta property=\"og:type\" content=\"article\" \/>\n<meta property=\"og:title\" content=\"El rostro de los pobres - Somos Vicencianos\" \/>\n<meta property=\"og:description\" content=\"Juana Antida lleg\u00f3 a N\u00e1poles en un tiempo fuertemente cr\u00edtico, con una pobreza que alcanz\u00f3 su nivel m\u00e1s alto de resistencia. Las carest\u00edas se sucedieron con ritmos vertiginosos; los precios aumentaban; las fiebres col\u00e9ricas se ... Read More\" \/>\n<meta property=\"og:url\" content=\"http:\/\/vincentians.com\/es\/el-rostro-de-los-pobres\/\" \/>\n<meta property=\"og:site_name\" content=\"Somos Vicencianos\" \/>\n<meta property=\"article:publisher\" content=\"https:\/\/www.facebook.com\/WeAreVincentians\/\" \/>\n<meta property=\"article:author\" content=\"https:\/\/www.facebook.com\/JavierChento\" \/>\n<meta property=\"article:published_time\" content=\"2014-08-13T06:16:55+00:00\" \/>\n<meta name=\"author\" content=\"Francisco Javier Fern\u00e1ndez Chento\" \/>\n<meta name=\"twitter:card\" content=\"summary_large_image\" \/>\n<meta name=\"twitter:creator\" content=\"@https:\/\/twitter.com\/javierchento\" \/>\n<meta name=\"twitter:site\" content=\"@WeVincentians\" \/>\n<meta name=\"twitter:label1\" content=\"Escrito por\" \/>\n\t<meta name=\"twitter:data1\" content=\"Francisco Javier Fern\u00e1ndez Chento\" \/>\n\t<meta name=\"twitter:label2\" content=\"Tiempo de lectura\" \/>\n\t<meta name=\"twitter:data2\" content=\"4 minutos\" \/>\n<script type=\"application\/ld+json\" class=\"yoast-schema-graph\">{\"@context\":\"https:\/\/schema.org\",\"@graph\":[{\"@type\":\"Article\",\"@id\":\"http:\/\/vincentians.com\/es\/el-rostro-de-los-pobres\/#article\",\"isPartOf\":{\"@id\":\"http:\/\/vincentians.com\/es\/el-rostro-de-los-pobres\/\"},\"author\":{\"name\":\"Francisco Javier Fern\u00e1ndez Chento\",\"@id\":\"http:\/\/vincentians.com\/es\/#\/schema\/person\/9623ef4d9aa3b2dfb8c061f1499288f2\"},\"headline\":\"El rostro de los pobres\",\"datePublished\":\"2014-08-13T06:16:55+00:00\",\"mainEntityOfPage\":{\"@id\":\"http:\/\/vincentians.com\/es\/el-rostro-de-los-pobres\/\"},\"wordCount\":733,\"commentCount\":0,\"publisher\":{\"@id\":\"http:\/\/vincentians.com\/es\/#organization\"},\"image\":{\"@id\":\"http:\/\/vincentians.com\/es\/el-rostro-de-los-pobres\/#primaryimage\"},\"thumbnailUrl\":\"\",\"keywords\":[\"Pobreza\"],\"articleSection\":[\"Juana Antida Thouret\"],\"inLanguage\":\"es\",\"potentialAction\":[{\"@type\":\"CommentAction\",\"name\":\"Comment\",\"target\":[\"http:\/\/vincentians.com\/es\/el-rostro-de-los-pobres\/#respond\"]}]},{\"@type\":\"WebPage\",\"@id\":\"http:\/\/vincentians.com\/es\/el-rostro-de-los-pobres\/\",\"url\":\"http:\/\/vincentians.com\/es\/el-rostro-de-los-pobres\/\",\"name\":\"El rostro de los pobres - Somos Vicencianos\",\"isPartOf\":{\"@id\":\"http:\/\/vincentians.com\/es\/#website\"},\"primaryImageOfPage\":{\"@id\":\"http:\/\/vincentians.com\/es\/el-rostro-de-los-pobres\/#primaryimage\"},\"image\":{\"@id\":\"http:\/\/vincentians.com\/es\/el-rostro-de-los-pobres\/#primaryimage\"},\"thumbnailUrl\":\"\",\"datePublished\":\"2014-08-13T06:16:55+00:00\",\"breadcrumb\":{\"@id\":\"http:\/\/vincentians.com\/es\/el-rostro-de-los-pobres\/#breadcrumb\"},\"inLanguage\":\"es\",\"potentialAction\":[{\"@type\":\"ReadAction\",\"target\":[\"http:\/\/vincentians.com\/es\/el-rostro-de-los-pobres\/\"]}]},{\"@type\":\"ImageObject\",\"inLanguage\":\"es\",\"@id\":\"http:\/\/vincentians.com\/es\/el-rostro-de-los-pobres\/#primaryimage\",\"url\":\"\",\"contentUrl\":\"\"},{\"@type\":\"BreadcrumbList\",\"@id\":\"http:\/\/vincentians.com\/es\/el-rostro-de-los-pobres\/#breadcrumb\",\"itemListElement\":[{\"@type\":\"ListItem\",\"position\":1,\"name\":\"Portada\",\"item\":\"http:\/\/vincentians.com\/es\/\"},{\"@type\":\"ListItem\",\"position\":2,\"name\":\"El rostro de los pobres\"}]},{\"@type\":\"WebSite\",\"@id\":\"http:\/\/vincentians.com\/es\/#website\",\"url\":\"http:\/\/vincentians.com\/es\/\",\"name\":\"Somos Vicencianos\",\"description\":\"Know more to serve more\",\"publisher\":{\"@id\":\"http:\/\/vincentians.com\/es\/#organization\"},\"potentialAction\":[{\"@type\":\"SearchAction\",\"target\":{\"@type\":\"EntryPoint\",\"urlTemplate\":\"http:\/\/vincentians.com\/es\/?s={search_term_string}\"},\"query-input\":{\"@type\":\"PropertyValueSpecification\",\"valueRequired\":true,\"valueName\":\"search_term_string\"}}],\"inLanguage\":\"es\"},{\"@type\":\"Organization\",\"@id\":\"http:\/\/vincentians.com\/es\/#organization\",\"name\":\"The Vincentian Network\",\"url\":\"http:\/\/vincentians.com\/es\/\",\"logo\":{\"@type\":\"ImageObject\",\"inLanguage\":\"es\",\"@id\":\"http:\/\/vincentians.com\/es\/#\/schema\/logo\/image\/\",\"url\":\"https:\/\/i1.wp.com\/vincentians.com\/es\/wp-content\/uploads\/sites\/11\/2016\/06\/Vincentian-Network-logo-big.png?fit=778%2C778\",\"contentUrl\":\"https:\/\/i1.wp.com\/vincentians.com\/es\/wp-content\/uploads\/sites\/11\/2016\/06\/Vincentian-Network-logo-big.png?fit=778%2C778\",\"width\":778,\"height\":778,\"caption\":\"The Vincentian Network\"},\"image\":{\"@id\":\"http:\/\/vincentians.com\/es\/#\/schema\/logo\/image\/\"},\"sameAs\":[\"https:\/\/www.facebook.com\/WeAreVincentians\/\",\"https:\/\/x.com\/WeVincentians\"]},{\"@type\":\"Person\",\"@id\":\"http:\/\/vincentians.com\/es\/#\/schema\/person\/9623ef4d9aa3b2dfb8c061f1499288f2\",\"name\":\"Francisco Javier Fern\u00e1ndez Chento\",\"image\":{\"@type\":\"ImageObject\",\"inLanguage\":\"es\",\"@id\":\"http:\/\/vincentians.com\/es\/#\/schema\/person\/image\/\",\"url\":\"https:\/\/secure.gravatar.com\/avatar\/497d5cde87b4c3d097d0315953521681ba2cd523ee66e5077c3711f7021e65de?s=96&d=mm&r=g\",\"contentUrl\":\"https:\/\/secure.gravatar.com\/avatar\/497d5cde87b4c3d097d0315953521681ba2cd523ee66e5077c3711f7021e65de?s=96&d=mm&r=g\",\"caption\":\"Francisco Javier Fern\u00e1ndez Chento\"},\"description\":\"Director General y cofundador de La Red de Formaci\u00f3n Vicenciana. Javier es laico vicenciano, afiliado a la Congregaci\u00f3n de la Misi\u00f3n y miembro del Equipo de Misiones Populares de la provincia can\u00f3nica de Zaragoza (Espa\u00f1a) de la Congregaci\u00f3n de la Misi\u00f3n. Graduado en la Universidad Oberta de Catalunya con cuatro grados (Asistente de direcci\u00f3n, Gesti\u00f3n Administrativa, Recursos Humanos y Contabilidad Avanzada). Bil\u00edng\u00fce Espa\u00f1ol\/Ingl\u00e9s. gestiona y mantiene varias p\u00e1ginas web cristianas y vicencianas, incluida including La Red de Formaci\u00f3n Vicenciana, de la que es cofundador. Actualmente es responsable del \u00e1rea de Espa\u00f1ol de .famvin, la Red de Noticias de la Familia Vicenciana. Tambi\u00e9n es m\u00fasico cat\u00f3lico y ha editado varios discos. Es Director General y cofundador de Trovador, una reconocida compa\u00f1\u00eda discogr\u00e1fica critiana de Espa\u00f1a. Trabaja en las Tecnolog\u00edas de la Informaci\u00f3n, ofreciendo servicios de alojamiento, dise\u00f1o y mantenimiento Web, as\u00ed como asesoramiento, formaci\u00f3n y soluciones inform\u00e1ticas, gesti\u00f3n documental y digitalizaci\u00f3n de textos, edici\u00f3n y maquetaci\u00f3n de libros, revistas, flyers, etc.\",\"sameAs\":[\"http:\/\/chento.org\",\"https:\/\/www.facebook.com\/JavierChento\",\"https:\/\/x.com\/https:\/\/twitter.com\/javierchento\"],\"url\":\"http:\/\/vincentians.com\/es\/author\/chento\/\"}]}<\/script>\n<!-- \/ Yoast SEO plugin. -->","yoast_head_json":{"title":"El rostro de los pobres - Somos Vicencianos","robots":{"index":"index","follow":"follow","max-snippet":"max-snippet:-1","max-image-preview":"max-image-preview:large","max-video-preview":"max-video-preview:-1"},"canonical":"http:\/\/vincentians.com\/es\/el-rostro-de-los-pobres\/","og_locale":"es_ES","og_type":"article","og_title":"El rostro de los pobres - Somos Vicencianos","og_description":"Juana Antida lleg\u00f3 a N\u00e1poles en un tiempo fuertemente cr\u00edtico, con una pobreza que alcanz\u00f3 su nivel m\u00e1s alto de resistencia. Las carest\u00edas se sucedieron con ritmos vertiginosos; los precios aumentaban; las fiebres col\u00e9ricas se ... Read More","og_url":"http:\/\/vincentians.com\/es\/el-rostro-de-los-pobres\/","og_site_name":"Somos Vicencianos","article_publisher":"https:\/\/www.facebook.com\/WeAreVincentians\/","article_author":"https:\/\/www.facebook.com\/JavierChento","article_published_time":"2014-08-13T06:16:55+00:00","author":"Francisco Javier Fern\u00e1ndez Chento","twitter_card":"summary_large_image","twitter_creator":"@https:\/\/twitter.com\/javierchento","twitter_site":"@WeVincentians","twitter_misc":{"Escrito por":"Francisco Javier Fern\u00e1ndez Chento","Tiempo de lectura":"4 minutos"},"schema":{"@context":"https:\/\/schema.org","@graph":[{"@type":"Article","@id":"http:\/\/vincentians.com\/es\/el-rostro-de-los-pobres\/#article","isPartOf":{"@id":"http:\/\/vincentians.com\/es\/el-rostro-de-los-pobres\/"},"author":{"name":"Francisco Javier Fern\u00e1ndez Chento","@id":"http:\/\/vincentians.com\/es\/#\/schema\/person\/9623ef4d9aa3b2dfb8c061f1499288f2"},"headline":"El rostro de los pobres","datePublished":"2014-08-13T06:16:55+00:00","mainEntityOfPage":{"@id":"http:\/\/vincentians.com\/es\/el-rostro-de-los-pobres\/"},"wordCount":733,"commentCount":0,"publisher":{"@id":"http:\/\/vincentians.com\/es\/#organization"},"image":{"@id":"http:\/\/vincentians.com\/es\/el-rostro-de-los-pobres\/#primaryimage"},"thumbnailUrl":"","keywords":["Pobreza"],"articleSection":["Juana Antida Thouret"],"inLanguage":"es","potentialAction":[{"@type":"CommentAction","name":"Comment","target":["http:\/\/vincentians.com\/es\/el-rostro-de-los-pobres\/#respond"]}]},{"@type":"WebPage","@id":"http:\/\/vincentians.com\/es\/el-rostro-de-los-pobres\/","url":"http:\/\/vincentians.com\/es\/el-rostro-de-los-pobres\/","name":"El rostro de los pobres - Somos Vicencianos","isPartOf":{"@id":"http:\/\/vincentians.com\/es\/#website"},"primaryImageOfPage":{"@id":"http:\/\/vincentians.com\/es\/el-rostro-de-los-pobres\/#primaryimage"},"image":{"@id":"http:\/\/vincentians.com\/es\/el-rostro-de-los-pobres\/#primaryimage"},"thumbnailUrl":"","datePublished":"2014-08-13T06:16:55+00:00","breadcrumb":{"@id":"http:\/\/vincentians.com\/es\/el-rostro-de-los-pobres\/#breadcrumb"},"inLanguage":"es","potentialAction":[{"@type":"ReadAction","target":["http:\/\/vincentians.com\/es\/el-rostro-de-los-pobres\/"]}]},{"@type":"ImageObject","inLanguage":"es","@id":"http:\/\/vincentians.com\/es\/el-rostro-de-los-pobres\/#primaryimage","url":"","contentUrl":""},{"@type":"BreadcrumbList","@id":"http:\/\/vincentians.com\/es\/el-rostro-de-los-pobres\/#breadcrumb","itemListElement":[{"@type":"ListItem","position":1,"name":"Portada","item":"http:\/\/vincentians.com\/es\/"},{"@type":"ListItem","position":2,"name":"El rostro de los pobres"}]},{"@type":"WebSite","@id":"http:\/\/vincentians.com\/es\/#website","url":"http:\/\/vincentians.com\/es\/","name":"Somos Vicencianos","description":"Know more to serve more","publisher":{"@id":"http:\/\/vincentians.com\/es\/#organization"},"potentialAction":[{"@type":"SearchAction","target":{"@type":"EntryPoint","urlTemplate":"http:\/\/vincentians.com\/es\/?s={search_term_string}"},"query-input":{"@type":"PropertyValueSpecification","valueRequired":true,"valueName":"search_term_string"}}],"inLanguage":"es"},{"@type":"Organization","@id":"http:\/\/vincentians.com\/es\/#organization","name":"The Vincentian Network","url":"http:\/\/vincentians.com\/es\/","logo":{"@type":"ImageObject","inLanguage":"es","@id":"http:\/\/vincentians.com\/es\/#\/schema\/logo\/image\/","url":"https:\/\/i1.wp.com\/vincentians.com\/es\/wp-content\/uploads\/sites\/11\/2016\/06\/Vincentian-Network-logo-big.png?fit=778%2C778","contentUrl":"https:\/\/i1.wp.com\/vincentians.com\/es\/wp-content\/uploads\/sites\/11\/2016\/06\/Vincentian-Network-logo-big.png?fit=778%2C778","width":778,"height":778,"caption":"The Vincentian Network"},"image":{"@id":"http:\/\/vincentians.com\/es\/#\/schema\/logo\/image\/"},"sameAs":["https:\/\/www.facebook.com\/WeAreVincentians\/","https:\/\/x.com\/WeVincentians"]},{"@type":"Person","@id":"http:\/\/vincentians.com\/es\/#\/schema\/person\/9623ef4d9aa3b2dfb8c061f1499288f2","name":"Francisco Javier Fern\u00e1ndez Chento","image":{"@type":"ImageObject","inLanguage":"es","@id":"http:\/\/vincentians.com\/es\/#\/schema\/person\/image\/","url":"https:\/\/secure.gravatar.com\/avatar\/497d5cde87b4c3d097d0315953521681ba2cd523ee66e5077c3711f7021e65de?s=96&d=mm&r=g","contentUrl":"https:\/\/secure.gravatar.com\/avatar\/497d5cde87b4c3d097d0315953521681ba2cd523ee66e5077c3711f7021e65de?s=96&d=mm&r=g","caption":"Francisco Javier Fern\u00e1ndez Chento"},"description":"Director General y cofundador de La Red de Formaci\u00f3n Vicenciana. Javier es laico vicenciano, afiliado a la Congregaci\u00f3n de la Misi\u00f3n y miembro del Equipo de Misiones Populares de la provincia can\u00f3nica de Zaragoza (Espa\u00f1a) de la Congregaci\u00f3n de la Misi\u00f3n. Graduado en la Universidad Oberta de Catalunya con cuatro grados (Asistente de direcci\u00f3n, Gesti\u00f3n Administrativa, Recursos Humanos y Contabilidad Avanzada). Bil\u00edng\u00fce Espa\u00f1ol\/Ingl\u00e9s. gestiona y mantiene varias p\u00e1ginas web cristianas y vicencianas, incluida including La Red de Formaci\u00f3n Vicenciana, de la que es cofundador. Actualmente es responsable del \u00e1rea de Espa\u00f1ol de .famvin, la Red de Noticias de la Familia Vicenciana. Tambi\u00e9n es m\u00fasico cat\u00f3lico y ha editado varios discos. Es Director General y cofundador de Trovador, una reconocida compa\u00f1\u00eda discogr\u00e1fica critiana de Espa\u00f1a. Trabaja en las Tecnolog\u00edas de la Informaci\u00f3n, ofreciendo servicios de alojamiento, dise\u00f1o y mantenimiento Web, as\u00ed como asesoramiento, formaci\u00f3n y soluciones inform\u00e1ticas, gesti\u00f3n documental y digitalizaci\u00f3n de textos, edici\u00f3n y maquetaci\u00f3n de libros, revistas, flyers, etc.","sameAs":["http:\/\/chento.org","https:\/\/www.facebook.com\/JavierChento","https:\/\/x.com\/https:\/\/twitter.com\/javierchento"],"url":"http:\/\/vincentians.com\/es\/author\/chento\/"}]}},"jetpack_publicize_connections":[],"jetpack_featured_media_url":"","jetpack_sharing_enabled":true,"jetpack_shortlink":"https:\/\/wp.me\/p7ETMF-9Z6","jetpack-related-posts":[{"id":130951,"url":"http:\/\/vincentians.com\/es\/sor-teodora-abarca-y-arregui-1811-1902\/","url_meta":{"origin":38384,"position":0},"title":"SOR TEODORA ABARCA Y ARREGUI (1811-1902)","author":"Mitxel Olabu\u00e9naga","date":"01\/08\/2014","format":false,"excerpt":"Sor Teodora Abarca y Arregui naci\u00f3 en Pamplona el 9 de Noviembre de 1811. Era hija de unos honrados artesanos, que aunque nada les faltaba, m\u00e1s ricos de virtudes que de bienes de fortuna, educaron a su hija en el santo temor de Dios. Dotada por el Se\u00f1or de un\u2026","rel":"","context":"En \u00abBiograf\u00edas de Hijas de la Caridad\u00bb","block_context":{"text":"Biograf\u00edas de Hijas de la Caridad","link":"http:\/\/vincentians.com\/es\/category\/la-familia-vicenciana\/biografias-vicencianas\/biografias-de-hijas-de-la-caridad\/"},"img":{"alt_text":"","src":"https:\/\/i0.wp.com\/vincentians.com\/es\/wp-content\/uploads\/sites\/11\/2016\/07\/bio-hc.jpg?fit=1200%2C630&resize=350%2C200","width":350,"height":200,"srcset":"https:\/\/i0.wp.com\/vincentians.com\/es\/wp-content\/uploads\/sites\/11\/2016\/07\/bio-hc.jpg?fit=1200%2C630&resize=350%2C200 1x, https:\/\/i0.wp.com\/vincentians.com\/es\/wp-content\/uploads\/sites\/11\/2016\/07\/bio-hc.jpg?fit=1200%2C630&resize=525%2C300 1.5x, https:\/\/i0.wp.com\/vincentians.com\/es\/wp-content\/uploads\/sites\/11\/2016\/07\/bio-hc.jpg?fit=1200%2C630&resize=700%2C400 2x, https:\/\/i0.wp.com\/vincentians.com\/es\/wp-content\/uploads\/sites\/11\/2016\/07\/bio-hc.jpg?fit=1200%2C630&resize=1050%2C600 3x"},"classes":[]},{"id":33744,"url":"http:\/\/vincentians.com\/es\/experiencia-de-vida-de-santa-juana-antida-thouret\/","url_meta":{"origin":38384,"position":1},"title":"Experiencia de vida de Santa Juana Antida Thouret","author":"Francisco Javier Fern\u00e1ndez Chento","date":"23\/05\/2023","format":false,"excerpt":"\"Vicente de Pa\u00fal: Padre, modelo, especial protector\" Juana Antida Thouret nace en el peque\u00f1o pueblo de Sancey, en el Condado Franc\u00e9s, di\u00f3cesis de Besan\u00e7on, el 27 de noviembre de 1765, dentro de una familia profundamente cristiana. En edad muy temprana \"siente una fuerte inclinaci\u00f3n al estado religioso m\u00e1s austero y\u2026","rel":"","context":"En \u00abJuana Antida Thouret\u00bb","block_context":{"text":"Juana Antida Thouret","link":"http:\/\/vincentians.com\/es\/category\/la-familia-vicenciana\/la-familia-vicenciana-en-los-altares\/santos\/juana-antida-thouret\/"},"img":{"alt_text":"","src":"","width":0,"height":0},"classes":[]},{"id":31991,"url":"http:\/\/vincentians.com\/es\/las-hermanas-de-la-caridad-de-santa-juana-antida-thouret\/","url_meta":{"origin":38384,"position":2},"title":"Las Hermanas de la Caridad de Santa Juana Antida Thouret","author":"Francisco Javier Fern\u00e1ndez Chento","date":"23\/05\/2024","format":false,"excerpt":"1. Identidad Las Hermanas de la Caridad de Santa Juana-Antida Thouret forman una Congregaci\u00f3n religiosa de vida apost\u00f3lica, aprobada por el Papa Pio VII, el 23 de Julio de 1819. La Congregaci\u00f3n fue fundada por Santa J.A. Thouret en Besans\u00f3n (Francia), el 11 de Abril de 1799 en respuesta a\u2026","rel":"","context":"En \u00abFamilia Vicenciana sin categorizar\u00bb","block_context":{"text":"Familia Vicenciana sin categorizar","link":"http:\/\/vincentians.com\/es\/category\/la-familia-vicenciana\/familia-vicenciana-sin-categorizar\/"},"img":{"alt_text":"","src":"https:\/\/i0.wp.com\/vincentians.com\/es\/wp-content\/uploads\/sites\/11\/2016\/05\/abcd.jpg?fit=1200%2C630&resize=350%2C200","width":350,"height":200,"srcset":"https:\/\/i0.wp.com\/vincentians.com\/es\/wp-content\/uploads\/sites\/11\/2016\/05\/abcd.jpg?fit=1200%2C630&resize=350%2C200 1x, https:\/\/i0.wp.com\/vincentians.com\/es\/wp-content\/uploads\/sites\/11\/2016\/05\/abcd.jpg?fit=1200%2C630&resize=525%2C300 1.5x, https:\/\/i0.wp.com\/vincentians.com\/es\/wp-content\/uploads\/sites\/11\/2016\/05\/abcd.jpg?fit=1200%2C630&resize=700%2C400 2x, https:\/\/i0.wp.com\/vincentians.com\/es\/wp-content\/uploads\/sites\/11\/2016\/05\/abcd.jpg?fit=1200%2C630&resize=1050%2C600 3x"},"classes":[]},{"id":37151,"url":"http:\/\/vincentians.com\/es\/juana-antida-thouret\/","url_meta":{"origin":38384,"position":3},"title":"Santa Juana Antida Thouret","author":"Francisco Javier Fern\u00e1ndez Chento","date":"23\/05\/2024","format":false,"excerpt":"Vida Juana Antida Thouret, nace el 27 de noviembre de 1765 en Sanceyle-Long, di\u00f3cesis de Besan\u00e7on, Francia. Desde ni\u00f1a se enfrenta a las dificultades debido a su madre enferma, que muere cuando Juana tiene 14 a\u00f1os y le obliga a hacerse totalmente responsable de su casa, motivo por el que\u2026","rel":"","context":"En \u00abJuana Antida Thouret\u00bb","block_context":{"text":"Juana Antida Thouret","link":"http:\/\/vincentians.com\/es\/category\/la-familia-vicenciana\/la-familia-vicenciana-en-los-altares\/santos\/juana-antida-thouret\/"},"img":{"alt_text":"","src":"https:\/\/i0.wp.com\/vincentians.com\/es\/wp-content\/uploads\/sites\/11\/2016\/05\/abcd.jpg?fit=1200%2C630&resize=350%2C200","width":350,"height":200,"srcset":"https:\/\/i0.wp.com\/vincentians.com\/es\/wp-content\/uploads\/sites\/11\/2016\/05\/abcd.jpg?fit=1200%2C630&resize=350%2C200 1x, https:\/\/i0.wp.com\/vincentians.com\/es\/wp-content\/uploads\/sites\/11\/2016\/05\/abcd.jpg?fit=1200%2C630&resize=525%2C300 1.5x, https:\/\/i0.wp.com\/vincentians.com\/es\/wp-content\/uploads\/sites\/11\/2016\/05\/abcd.jpg?fit=1200%2C630&resize=700%2C400 2x, https:\/\/i0.wp.com\/vincentians.com\/es\/wp-content\/uploads\/sites\/11\/2016\/05\/abcd.jpg?fit=1200%2C630&resize=1050%2C600 3x"},"classes":[]},{"id":37157,"url":"http:\/\/vincentians.com\/es\/del-monasterio-a-la-calle-del-claustro-a-los-incurables\/","url_meta":{"origin":38384,"position":4},"title":"Del monasterio a la calle, del claustro a los incurables","author":"Francisco Javier Fern\u00e1ndez Chento","date":"01\/10\/2014","format":false,"excerpt":"En el claustro de Regina-Coeli Primera religiosa de vida apost\u00f3lica en el N\u00e1poles del siglo XIX, Juana Antida \"instala\", de manera duradera y estable, el modelo de Vida Religiosa \"apost\u00f3lica\" al estilo vicenciano, hasta entonces desconocida en el Reino de N\u00e1poles, que vio incluso en el pasado, con altibajos, algunas\u2026","rel":"","context":"En \u00abJuana Antida Thouret\u00bb","block_context":{"text":"Juana Antida Thouret","link":"http:\/\/vincentians.com\/es\/category\/la-familia-vicenciana\/la-familia-vicenciana-en-los-altares\/santos\/juana-antida-thouret\/"},"img":{"alt_text":"","src":"https:\/\/i0.wp.com\/vicencianos.org\/wp-content\/2011\/05\/juana_antida_thouret.jpg?resize=350%2C200","width":350,"height":200},"classes":[]},{"id":127601,"url":"http:\/\/vincentians.com\/es\/p-joaquin-serrato\/","url_meta":{"origin":38384,"position":5},"title":"P. Joaqu\u00edn Serrato","author":"Mitxel Olabu\u00e9naga","date":"05\/02\/2014","format":false,"excerpt":"Era de Guardia, cerca de Barbastro, y naci\u00f3 el 18 de abril de 1811. Fue admitido en la casa de Madrid el 17 de julio de 1828. Enviado, en enero de 1830, a Barcelona, para estudiar la Filosof\u00eda, hizo all\u00ed los votos el d\u00eda de S. Vicente del mismo a\u00f1o.\u2026","rel":"","context":"En \u00abBiograf\u00edas de Misioneros Pa\u00fales\u00bb","block_context":{"text":"Biograf\u00edas de Misioneros Pa\u00fales","link":"http:\/\/vincentians.com\/es\/category\/la-familia-vicenciana\/biografias-vicencianas\/biografias-de-misioneros-paules\/"},"img":{"alt_text":"","src":"https:\/\/i0.wp.com\/vincentians.com\/es\/wp-content\/uploads\/sites\/11\/2016\/07\/bio-cm.jpg?fit=1200%2C630&resize=350%2C200","width":350,"height":200,"srcset":"https:\/\/i0.wp.com\/vincentians.com\/es\/wp-content\/uploads\/sites\/11\/2016\/07\/bio-cm.jpg?fit=1200%2C630&resize=350%2C200 1x, https:\/\/i0.wp.com\/vincentians.com\/es\/wp-content\/uploads\/sites\/11\/2016\/07\/bio-cm.jpg?fit=1200%2C630&resize=525%2C300 1.5x, https:\/\/i0.wp.com\/vincentians.com\/es\/wp-content\/uploads\/sites\/11\/2016\/07\/bio-cm.jpg?fit=1200%2C630&resize=700%2C400 2x, https:\/\/i0.wp.com\/vincentians.com\/es\/wp-content\/uploads\/sites\/11\/2016\/07\/bio-cm.jpg?fit=1200%2C630&resize=1050%2C600 3x"},"classes":[]}],"_links":{"self":[{"href":"http:\/\/vincentians.com\/es\/wp-json\/wp\/v2\/posts\/38384","targetHints":{"allow":["GET"]}}],"collection":[{"href":"http:\/\/vincentians.com\/es\/wp-json\/wp\/v2\/posts"}],"about":[{"href":"http:\/\/vincentians.com\/es\/wp-json\/wp\/v2\/types\/post"}],"author":[{"embeddable":true,"href":"http:\/\/vincentians.com\/es\/wp-json\/wp\/v2\/users\/4"}],"replies":[{"embeddable":true,"href":"http:\/\/vincentians.com\/es\/wp-json\/wp\/v2\/comments?post=38384"}],"version-history":[{"count":0,"href":"http:\/\/vincentians.com\/es\/wp-json\/wp\/v2\/posts\/38384\/revisions"}],"wp:featuredmedia":[{"embeddable":true,"href":"http:\/\/vincentians.com\/es\/wp-json\/"}],"wp:attachment":[{"href":"http:\/\/vincentians.com\/es\/wp-json\/wp\/v2\/media?parent=38384"}],"wp:term":[{"taxonomy":"category","embeddable":true,"href":"http:\/\/vincentians.com\/es\/wp-json\/wp\/v2\/categories?post=38384"},{"taxonomy":"post_tag","embeddable":true,"href":"http:\/\/vincentians.com\/es\/wp-json\/wp\/v2\/tags?post=38384"}],"curies":[{"name":"wp","href":"https:\/\/api.w.org\/{rel}","templated":true}]}}