{"id":38332,"date":"2015-04-22T05:40:51","date_gmt":"2015-04-22T03:40:51","guid":{"rendered":"http:\/\/somos.vicencianos.org\/?p=38332"},"modified":"2015-04-22T05:40:51","modified_gmt":"2015-04-22T03:40:51","slug":"inculturacion-del-carisma-vicentino-en-america-latina","status":"publish","type":"post","link":"http:\/\/vincentians.com\/es\/inculturacion-del-carisma-vicentino-en-america-latina\/","title":{"rendered":"Inculturaci\u00f3n del carisma vicentino en Am\u00e9rica Latina"},"content":{"rendered":"<h2><strong>1. <\/strong><strong>La maravilla de un bosque<\/strong><\/h2>\n<p><a href=\"https:\/\/i0.wp.com\/vicencianos.org\/wp-content\/2011\/05\/mosaico_san_vicente.jpg\"><img data-recalc-dims=\"1\" loading=\"lazy\" decoding=\"async\" class=\"alignright size-medium wp-image-38334\" src=\"https:\/\/i0.wp.com\/vicencianos.org\/wp-content\/2011\/05\/mosaico_san_vicente-200x300.jpg?resize=200%2C300\" alt=\"\" width=\"200\" height=\"300\" \/><\/a>La mejor composici\u00f3n que encontr\u00e9 para poder enfocar este trabajo fue irme a un bosque donde hab\u00eda toda clase de \u00e1rboles y arbustos: altos, fuertes, robustos unos, bien frondosos otros. Esta clase de \u00e1rboles eran los m\u00e1s numerosos y los que m\u00e1s me llamaron la atenci\u00f3n. Pero tambi\u00e9n tropec\u00e9 con \u00e1rboles menos vistosos por su tama\u00f1o (m\u00e1s peque\u00f1os), por su forma (torcidos, rugosos): pero, al fin y al cabo, tambi\u00e9n \u00e1rboles que habitaban en el bosque. Y no faltaban arbustos de menor calidad, y \u00bfpor qu\u00e9 no?: tambi\u00e9n hab\u00eda hierba crecida (\u00a1no faltaba m\u00e1s!) y hasta maleza que, igualmente, estaba en el bosque. Y todo ello era parte del bosque:<strong> era el bosque.<\/strong><\/p>\n<p>Querido lector, esta imagen te puede ayudar tambi\u00e9n a ti para entender lo que te voy a mostrar en este trabajo sobre la<em> \u00abIncultura<\/em><em>ci\u00f3n del carisma vicentino en Am\u00e9rica Latina\u00bb,<\/em> que a m\u00ed me ha hecho pensar mucho seg\u00fan iba profundizando en el mismo, pero que tambi\u00e9n me iba llenando de un convencimiento y satisfacci\u00f3n cada vez m\u00e1s vicentino y misionero. \u00bfQue c\u00f3mo se entiende?<\/p>\n<h2><strong>2. <\/strong><strong>Haciendo examen de conciencia<\/strong><\/h2>\n<p>Este trabajo me ha resultado muy dif\u00edcil por muchos aspectos: tener que reducir a la m\u00ednima expresi\u00f3n de unas hojas extensiones kilom\u00e9tricas de l\u00edneas recopiladas en la preparaci\u00f3n, porque kilom\u00e9tricas son las distancias de nuestro territorio y largos los tiempos de la historia a constatar; tener que ser cr\u00edtico, y con ello, el temor a poder falsear la verdad \u00edntima de los hechos y, sobre todo, la vivencia de las personas que no puede ser medida por los estrechos y estrictos mil\u00edmetros de la regla de la cr\u00edtica; poder faltar a la justicia precisamente por pretender ser justo; y poder ser injusto, por lo tanto, pretendiendo ser exactamente justo, pudiendo hacer verdadera, una vez m\u00e1s, la advertencia del evangelio: \u2018Fijarse s\u00f3lo en motitas de polvo que pueden ser vigas, o no ver las vigas pensando que son simple polvillo\u2019; por tener que dejar obligatoriamente en el silencio jalones de historia y testimonios de vida. Con todo eso he aprendido mucho: m\u00e1s que intelectualmente, vicencianamente. Amo m\u00e1s mi vocaci\u00f3n, admiro m\u00e1s mis ra\u00edces congregacionales y provinciales, me causan m\u00e1s respeto y reconocimiento mis antepasados vicentinos que traba\u00adjaron en este Continente. Y al decir esto, ya estoy afirmando parte de la respuesta para este trabajo.<\/p>\n<p>A lo largo de \u00e9l me he encontrado en circunstancias parecidas a cuando o\u00edmos hablar y enfocar el \u2018descubrimiento\u2019 y evangelizaci\u00f3n de Am\u00e9rica: Lo que para unos es una epopeya, para otros es un atro\u00adpello. Por eso: ni que la cr\u00edtica o el rigorismo cient\u00edfico haga miope la visi\u00f3n sencilla de las vivencias, ni el simplismo existencial o senti\u00admental justifique o enaltezca lo trivial u ordinario; pero que la sensa\u00adtez demuestre la grandeza de unos hechos que se han escrito: muchas veces con sangre, casi siempre con sudores y grandes sufri\u00admientos, y siempre con la gracia del Esp\u00edritu:<strong> la obra misionera de<\/strong><strong>los hijos de Vicente de Pa\u00fal en Am\u00e9rica Latina.<\/strong><\/p>\n<p>He tenido que optar respecto a c\u00f3mo enfocar este trabajo: \u00bfHacerlo en plan te\u00f3rico, es decir: en plan de reflexionar ideol\u00f3gica\u00admente?; o \u00bfce\u00f1irme hist\u00f3ricamente a la recolecci\u00f3n de los hechos?; o tambi\u00e9n por una tercera posibilidad: \u00bfteniendo en cuenta el aspecto ideol\u00f3gico enfocar los datos hist\u00f3ricos? Con la primera opci\u00f3n no aportar\u00eda m\u00e1s inter\u00e9s que el pasar un rato para el acrecentamiento de la cr\u00edtica,<em> pero tambi\u00e9n reacondiciona el piso para poder dar firmeza al<\/em><em>trabajo sin quitarle solidez<\/em> Con la segunda, me compromet\u00eda a una empresa hist\u00f3rica imposible de causar satisfacci\u00f3n por la amplitud que exigen los hechos,<em> pero necesario su aporte para apoyarse en los<\/em><em>datos de la historia y de la vida.<\/em> Con la tercera, creo que puedo<em> moti\u00ad<\/em><em>var para la reflexi\u00f3n cr\u00edtica y dar oportunidad al conocimiento de lo<\/em><em>realizado y vivido por nuestros antepasados, sobre todo.<\/em> En cualquier caso la empresa resulta atrevida.<\/p>\n<p>Seg\u00fan lo dicho, expongo las tres partes del presente trabajo, que ser\u00e1 de modo menos extensivo, pero que dar\u00e1 una visi\u00f3n m\u00e1s com\u00adplexiva:<\/p>\n<p>1\u00aa<em> \u00bfQU\u00c9 DECIR DE LOS TERMINOS EXPRESADOS EN EL<\/em><em>TITULO DEL ARTICULO?<\/em> (Parte ideol\u00f3gica)<\/p>\n<p>2\u00aa<em> \u00bfCU\u00c1LES SON LOS HECHOS HIST\u00d3RICOS CON QUE<\/em><em>SE DA RESPUESTA AL ENUNCIADO?<\/em> (Parte hist\u00f3rica)<\/p>\n<p>3\u00aa<em> \u00bfCU\u00c1LES SON LAS CONCLUSIONES?<\/em> (Parte reflexiva-conclusiva)<\/p>\n<h2><strong>1\u00aa Parte: \u00bfQu\u00e9 decir de los t\u00e9rminos expresados en el t\u00edtulo del art\u00edculo<\/strong><strong>?<\/strong><\/h2>\n<p><strong><em>Inculturaci\u00f3n &#8211; Carisma &#8211; Am\u00e9rica Latina<\/em><\/strong><strong>:<\/strong> Tres palabras nada f\u00e1cil de comprender y de trabajar con ellas. Cada una tiene su com\u00adplejidad y su mundo de relaci\u00f3n: La primera: \u2014<em> Inculturaci\u00f3n<\/em> \u2014 se muestra dif\u00edcil en su realizaci\u00f3n. La segunda: \u2014<em> Carisma<\/em> \u2014 en su interpretaci\u00f3n. La tercera: \u2014<em> Am\u00e9rica Latina<\/em> \u2014 en su extensi\u00f3n geo\u00adgr\u00e1fica y cultural.<\/p>\n<h3><strong>1. In-Culturaci\u00f3n<\/strong><\/h3>\n<p>Cu\u00e1ntos y qui\u00e9nes han sabido<em> in-culturarse<\/em> en la totalidad de sus vidas, trabajos y personas? Cierto que el mismo Dios \u2014 como Se\u00f1or del Pueblo escogido \u2014 nos muestra, a lo largo del Antiguo Tes\u00adtamento, todo su deseo de<em> in-culturarse<\/em> con su Pueblo. Pero hay esce\u00adnas que nos cuestionan sobre lo que debe ser una<em> in-culturaci\u00f3n.<\/em> Un simple y claro ejemplo de ello: El pasaje de Abraham con su hijo Isaac (todo un perfecto salvajismo para nuestra mentalidad de hoy, pero una perfecta sinton\u00eda con la mentalidad de aquellos tiempos no tan \u00abhumanizados\u00bb como los nuestros). \u00a1Hacer sacrificios humanos, y nada menos que para agradar a sus dioses! Y si el Se\u00f1or, por querer \u00abin-culturarse\u00bb, hubiera permitido el inhumano sacrificio (nada menos que un \u00abfilicidio\u00bb): \u00bfcu\u00e1ndo se hubiera acabado esa cultura sacrificial? Ejemplo claro para saber que la<em> in-culturaci\u00f3n<\/em> requiere tener olfato para discernir qu\u00e9 es lo que hay que cambiar o lo que se debe asumir o dejar.<\/p>\n<p>Con todo, para constatar la dificultad, y as\u00ed mismo el modelo de lo que significa una verdadera<em> \u00abin-culturacion\u00bb,<\/em> en su sentido m\u00e1s radical y perfecto tambi\u00e9n, el ejemplo de Jes\u00fas de Nazaret que, -siendo Dios, y sin dejar de serlo \u2014<em> \u00abse hizo en todo igual a nosotros <\/em><em>menos en el pecado\u00bb<\/em> que nos dir\u00e1 San Pablo, quien, a su vez, es otro modelo claro de<em> in-culturaci\u00f3n,<\/em> pues siendo jud\u00edo \u2014 y de los de raza fina \u2014 supo dar lecciones al mismo Pedro de lo que era<em> in-culturarse <\/em><em>plenamente<\/em>: en su persona, en su obra y con el Evangelio, asumien\u00addo las diversas culturas de los pueblos paganos para evangelizarlas de verdad.<\/p>\n<p>Y despu\u00e9s de ellos, o bastante parecidos a ellos, alg\u00fan que otro santo \u2014 que no todos \u2014 como una Teresa de Calcuta, por citar a alguno contempor\u00e1neo a nosotros; o un Justino de Jacobis o un Per\u00adboyre, por citar a algunos de los nuestros. Ciertamente los ha habido y los hay.<\/p>\n<p>Pero, \u00bfCu\u00e1ntos somos santos o personalidades con esta dimen\u00adsi\u00f3n? Porque para<em> in-culturarse<\/em> hay que saber y querer desenraizarse (sin dejar de ser qui\u00e9n se es como persona); es nacer de nuevo y en otro mundo, y con otra gente, y con otras costumbres, y con otra mentalidad, y&#8230; y&#8230; y&#8230; para tomar las esencias del otro o de lo otro (culturas), y no meramente tomar los accidentes o actuar en una que otra circunstancia.<em> In-culturarse<\/em> de verdad es mucho m\u00e1s que un cambiar de vestidos, aprender una lengua, hacer algunos ritos. No se trata de dejar de pensar, sino pensar de otra forma, con otras cate\u00adgor\u00edas (casi siempre tan distintas) y obrar en consecuencia. Es hacer toda una \u00abk\u00e9nosis\u00bb en uno, para que pueda darse una \u00abplenificaci\u00f3n\u00bb del otro o de lo otro. \u00bfExagerado? Quiz\u00e1s, pero m\u00e1s bien exigencia. Qu\u00e9 raz\u00f3n ten\u00eda Nicodemo al preguntar al Maestro \u2014 que le hablaba, sin duda, de<em> in-culturarse<\/em> en lo divino \u2014 (lo mismo que el Maestro se hab\u00eda<em> in-culturado<\/em> en lo humano):<em> \u00ab\u00bfC\u00f3mo puede uno nacer sien\u00ad<\/em><em>do viejo?\u00bb.<\/em><\/p>\n<p>Alguien, charlando sobre el tema, me dec\u00eda que, a la hora de la verdad, toda verdadera<em> in-culturaci\u00f3n<\/em> termina en el martirio. Y los ejemplos lo confirman. Desde luego, a todos nos gusta ver la espiga ya florida, pero nos resistimos a ser el grano que debe enterrarse en la tierra y morir.<\/p>\n<p>Se ha definido la cultura como<em> \u00abla totalidad de la actividad <\/em><em>humana, inteligencia y emociones, la b\u00fasqueda humana del sentido, las <\/em><em>costumbres humanas y \u00e9ticas a trav\u00e9s de la cultura\u00bb.<\/em><\/p>\n<p>Esto mismo lo confirma la Gaudium et Spes en su N\u00ba 53.<em> In\u00ad<\/em><em>culturarse<\/em> es un dejar (para no imponer), y un tomar (para aceptar). Por lo tanto, no se puede entender qu\u00e9 es<em> in-culturarse<\/em> pretendiendo dejar de lado la cultura de tales gentes de tal tiempo y lugar. Y, por lo mismo, para que cualquier esfuerzo o acci\u00f3n evangelizadora tenga fuerza y produzca su fruto, debe enterrarse el grano del Evangelio, \u2014 o del<strong> carisma vicentino<\/strong> en nuestro caso \u2014, para que muriendo, es decir: perdiendo las formas de \u00abaquella\u00bb cultura, pueda lograrse la nueva vida del fruto evang\u00e9lico, \u2014 o<strong> vicentino<\/strong> \u2014, en \u00abestas otras\u00bb gentes, tiempos y lugares, es decir: en \u00abestas otras culturas\u00bb, que no son las mismas de San Vicente o de sus enviados; ni las de sus luga\u00adres: Europa; ni las de su tiempo: siglos XVII o XIX.<\/p>\n<p>La aplicaci\u00f3n de la<em> in-culturaci\u00f3n<\/em> a la realidad misionera se tom\u00f3 m\u00e1s en cuenta desde que el Papa Juan Pablo II habl\u00f3 de ello en su Carta Enc\u00edclica<em> \u00abSlavorum Apostoli\u00bb,<\/em> en los Nos. 21 y 26, y dijo que tiene que tocar el mismo nervio vital de las culturas para que pueda vibrar y permanecer como algo propio y no se deseche por ser \u00abajeno\u00bb.<\/p>\n<p><strong>Para una mayor precisi\u00f3n del t\u00e9rmino<em> \u00abin-culturaci\u00f3n\u00bb<\/em><\/strong><\/p>\n<p>Para no desvalorizar el trabajo realizado por nuestros misione\u00adros vicentinos en Am\u00e9rica Latina, sino para que, a\u00fan valorizando tan admirable esfuerzo, no sea la confusi\u00f3n de las palabras y sus significados, precisamente, lo que pudiera desmerecer aquello que es admirable, quiz\u00e1s sea oportuno, desde este aspecto de \u00abcriticidad\u00bb, el que constatemos otras expresiones que, siendo parecidas, tienen otro sabor y connotaci\u00f3n.<\/p>\n<p>Esto nos debe llevar a reflexionar a la hora de analizar, si nues\u00adtro \u00abcarisma vicentino\u00bb ha sido<em> in-culturado,<\/em> o simplemente \u00abtrans\u00adportado\u00bb o \u00abtraspasado\u00bb d\u00e1ndole alg\u00fan breve \u00abretoque\u00bb como cuando se pinta la puerta en la que s\u00f3lo se da de nuevo el color, y \u00abaparece\u00bb como nueva conservando la misma madera, forma y estado que \u00abantes\u00bb ten\u00eda&#8230; Todo esto no significa que aun habiendo hecho \u00abs\u00f3lo\u00bb eso no haya significado para nuestros misioneros un hecho de gran\u00addes esfuerzos y dignos de todo premio.<\/p>\n<p><strong><em>\u00abIn-culturaci\u00f3n\u00bb<\/em><\/strong><strong> ES una verdadera INSERCION, progresiva<\/strong><strong>y respetuosa, de lo que es esencial de los valores que contiene<\/strong><strong>el carisma, llegando a la misma entra\u00f1a de la cultura sin que<\/strong><strong>\u00e9sta quede destruida, y sin que el carisma pierda su esencia y<\/strong><strong>valores.<\/strong><\/p>\n<p>Estas ideas nos las dice Juan Pablo II en sus dos escritos: \u00abRedemptoris Missio\u00bb y \u00bb Fides et Ratio\u00bb, y las encontramos tambi\u00e9n en el documento de Puebla. La lectura de estos documentos nos aclarar\u00e1n lo que el espacio concedido a este art\u00edculo nos impide comentar.<\/p>\n<p>Y en lo referente a la<em> in-culturaci\u00f3n<\/em> del carisma vicentino en Am\u00e9rica, nos ilumina el mismo Papa en su \u00abExhortaci\u00f3n a los Pue\u00adblos de Am\u00e9rica\u00bb, afirmando que \u00abel proceso de la evangelizaci\u00f3n requiere un esfuerzo l\u00facido, serio y ordenado para la evangelizaci\u00f3n de la cultura\u00bb.<\/p>\n<p>En nuestro caso: la<em> in-culturaci\u00f3n<\/em> del carisma vicentino, deber\u00e1 ayudar a purificar las culturas y estructuras de nuestro Continente de tantas injusticias, pobrezas y miserias. \u00bfHasta qu\u00e9 punto hemos logrado esto? \u00bfQu\u00e9 es lo que en este sentido hemos hecho o ayudado a hacer? \u00bfEn qu\u00e9 estadio del proceso progresivo \u2014 desde hace tres siglos \u2014 nos encontramos? Pero tambi\u00e9n debemos preguntarnos: \u00bfQu\u00e9 es lo que, gracias al carisma vicentino, se ha avanzado, trans\u00adformado, mejorado en nuestro Continente e Iglesia en justicia, huma\u00adnidad, y dignidad de los pobres y del clero?<\/p>\n<h3><strong>2. Carisma<\/strong><\/h3>\n<p>Al principio del art\u00edculo se\u00f1alamos que esta palabra nos resul\u00adtaba dif\u00edcil de tratar por su interpretaci\u00f3n. \u00bfCu\u00e1ntas discusiones y opiniones no se han expuesto sobre la exacta definici\u00f3n o entendi\u00admiento de esta palabra?: \u00bfQu\u00e9 se entiende? \u00bfC\u00f3mo se entiende? \u00bfA qui\u00e9n se le aplica? \u00bfEs cuesti\u00f3n de herencia? \u00bfEs el mismo<em> carisma<\/em> el que vive el padre de la familia que el que viven los hijos? \u00bfNo es algo personal e intransferible? \u00bf &#8230; ? \u00bf &#8230; ? \u00bf &#8230; ?<\/p>\n<p>Debemos tambi\u00e9n tener en cuenta que esta palabra<em> \u00abcarisma\u00bb,<\/em>aunque existe desde el principio \u2014 San Pablo en su 1\u00aa a los Corintios nos habla de ello \u2014, su uso se ha \u00abpopularizado\u00bb despu\u00e9s del Vati\u00adcano II, siendo Pablo VI quien le dio el empuje, refiri\u00e9ndolo tanto al carisma de la Vida Religiosa, como al de los Fundadores, concebi\u00addo siempre como don que da el Esp\u00edritu Santo. (Evangelica Testifi\u00adcatio, N\u00b0 11).<\/p>\n<p>Ni San Vicente ni Santa Luisa personalmente usaron tal palabra, aunque personalmente a ellos les fue concedido su propio carisma, no para la propia santificaci\u00f3n, sino para el bien de la Iglesia y de los hombres, seg\u00fan es propio de su naturaleza (L.G., N\u00b0 44, 46). Y en la \u00abMutuae Relationes\u00bb (N\u00b0 11) se habla del<em> carisma de los Fundadores<\/em>como don y experiencia del Esp\u00edritu que se les da a sus personas, pero en orden a que ellos puedan iluminar a sus Instituciones, y pueda ser transmitido a sus seguidores para que lo custodien, vivan, profundicen y desarrollen para que tal Instituto pueda ser \u00abcaracte\u00adrizado\u00bb gracias a la vivencia de tal<em> carisma.<\/em><\/p>\n<p>Por lo tanto, el<em> carisma,<\/em> como don del Esp\u00edritu Santo: 1\u00b0 es per\u00adsonal del Fundador; 2\u00b0 puede ser colectivo y participativo por los dis\u00adc\u00edpulos del Fundador; 3\u00b0 siempre es para el bien de la Iglesia y de los hombres. En este sentido se habla de<em> carisma<strong> del<\/strong> Fundador<\/em> (perso\u00adnal);<em> carisma<strong> de<\/strong> Fundador<\/em> (colectivo),<em> carisma<strong> de la Instituci\u00f3n<\/strong><\/em>(eclesial).<\/p>\n<p><strong>Uso de otras palabras como \u00absin\u00f3nimas\u00bb de<\/strong><strong><em> carisma<\/em><\/strong><\/p>\n<p>Para una comprensi\u00f3n que nos permita llegar a una aplicaci\u00f3n de esta palabra<em> carisma<\/em> (aunque ciertamente no con el preciso sen\u00adtido tan b\u00edblico-teol\u00f3gica-espiritual), es conveniente saber que se sue\u00adlen utilizar otros sin\u00f3nimos como:<em> \u00abesp\u00edritu\u00bb, \u00absentido\u00bb, \u00abfin\u00bb, \u00abexpe\u00ad<\/em><em>riencia\u00bb, \u00abvivencia\u00bb, \u00abm\u00edstica de la acci\u00f3n\u00bb, \u00abvocaci\u00f3n\u00bb, \u00abmisi\u00f3n\u00bb&#8230;,<\/em>: es decir: \u00abCon qu\u00e9<em> esp\u00edritu<\/em> hace o se hizo tal acci\u00f3n u obra\u00bb, \u00abCu\u00e1l fue o es el<em> sentido<\/em> con que se hizo o se est\u00e1 haciendo tal acci\u00f3n\u00bb, etc&#8230; Entendi\u00e9ndolo o expres\u00e1ndonos as\u00ed pueden obviarse las dificultades que suelen ponerse cuando se piensa que siendo el<em> carisma<\/em> un don personal, un vicentino del siglo XX no puede tener el<em> carisma<\/em> de Vicente de Pa\u00fal (<em>carisma<strong> del<\/strong> Fundador<\/em>), pues Vicente de Pa\u00fal s\u00f3lo es uno e irrepetible en su ser y quehacer con todas sus gracias, poten\u00adcias y acciones; pero un vicentino del siglo XX y que vive en Am\u00e9rica s\u00ed puede actuar o vivir con ese<em> \u00abesp\u00edritu\u00bb, \u00absentido\u00bb, \u00abfin\u00bb,<\/em> etc. con que se movi\u00f3, vivi\u00f3, actu\u00f3 Vicente de Pa\u00fal (<em>carisma<strong> de<\/strong> Fundador<\/em>).<\/p>\n<p>Por otra parte, la palabra<em> \u00abesp\u00edritu\u00bb<\/em> s\u00ed la us\u00f3 el mismo San Vicente. Seg\u00fan el P. Dodin la us\u00f3 unas 2891 veces, y con unos 27 significados. Sea como sea, tales significados nunca pueden ser considerados con sentidos contrarios, sino muy en consonancia y coherencia.<\/p>\n<p>Tomando<em> \u00abesp\u00edritu\u00bb = \u00abcelo\u00bb<\/em> como sin\u00f3nimo de<em> \u00abcarisma\u00bb,<\/em> se trata de un don gratuito del Esp\u00edritu Santo que se le da a la persona para poder vivir mejor el<em> \u00abcarisma\u00bb<\/em> que movi\u00f3 al Fundador y transmiti\u00f3 a la Instituci\u00f3n, y as\u00ed se va cumpliendo la<em> misi\u00f3n,<\/em> actuando con ese mismo<em> esp\u00edritu<\/em> o<em> sentido<\/em> que entra\u00f1a el<em> carisma<\/em> del Fundador. De esta forma, el misionero que vive en el siglo XXI y en Am\u00e9rica, que no tiene el<em> carisma<\/em> \u00abpersonal\u00bb que tuvo San Vicente, pero que trabaja con<em> esp\u00edritu<\/em> o<em> sentido<\/em> vicenciano, podremos decir que act\u00faa con <em>carisma<\/em> vicentino, y que la obra en la que trabaja con tal<em> esp\u00edritu<\/em> se configura como una obra vicentina o que est\u00e1 llevada con el<em> carisma<\/em>vicentino.<\/p>\n<p>Por otra parte, el que act\u00faa con tal<em> \u00abesp\u00edritu\u00bb<\/em> o tiene tal<em> carisma<\/em>es siempre la persona y jam\u00e1s podremos aplicar tal denominaci\u00f3n a las obras, que pueden estar llevadas o no seg\u00fan el<em> \u00abfin\u00bb, \u00abesp\u00edritu\u00bb,<\/em>etc., vicentino. Pues puede darse f\u00e1cilmente que la obra fundada pueda no estar en conformidad con el<em> carisma<\/em> vicentino (un colegio de alumnos de clase acomodada), pero el misionero que trabaja all\u00ed, porque le destinaron y est\u00e1 obrando bajo la virtud de la obediencia, lo hace con verdadero<em> esp\u00edritu, sentido, vocaci\u00f3n, m\u00edstica<\/em> vicentina, actuando personalmente con<em> vivencia evang\u00e9lica,<\/em> y como sacerdote-profesor orienta a los alumnos con compromiso de justicia y amor al pobre, y evangeliza sus vidas y sus conciencias para que en sus profesiones futuras evangelicen y defiendan y traten al pobre con la dignidad que merece. Es el caso del mismo S. Vicente cuando trabajaba con las \u00abAltas Damas\u00bb de la sociedad parisina, para que amaran al pobre. Y puede darse a la inversa, es decir: que la obra pueda estar en la l\u00ednea del<em> carisma<\/em> vicentino, pero el misionero actuar o vivir sin el<em> esp\u00edritu, sentido, vocaci\u00f3n, m\u00edstica = \u00abcarisma\u00bb<\/em> vicentino.<\/p>\n<p>Lo mismo que en la parte anterior, al tratar de la<em> in-culturaci\u00f3n,<\/em>pedimos que el<em> carisma<\/em> deb\u00eda respetar las culturas para que no las invada o destruya, ahora pedimos que la<em> in-culturaci\u00f3n<\/em> debe respetar al<em> carisma,<\/em> para que la cultura no adultere el<em> carisma<\/em> y le cambie sus valores, que no est\u00e1n en las formas, sino en su contenido y esencia, en sus ra\u00edces m\u00e1s neur\u00e1lgicas. Por eso debemos constatar si el <em>carisma<\/em> sigue con su fuerza y eficacia sin perder su propia criteriolog\u00eda, porque entonces se perder\u00eda su esencia. El<em> carisma,<\/em> porque es realidad que se mueve en el \u00e1mbito de la fe, debe trascender todas las culturas, aunque pueda encarnarse en todas ellas, pues de otra manera el<em> carisma<\/em> terminar\u00eda haci\u00e9ndose una cultura m\u00e1s, y entonces no ser\u00eda ni trascendente ni verdaderamente inmanente. Estas ideas est\u00e1n contenidas en la Carta Enc\u00edclica \u00abPrinceps Pastorum\u00bb N\u00ba 10, de Juan Pablo II. Podr\u00edamos decir que la<em> in-culturaci\u00f3n y el<\/em><em>carisma<\/em> deben formar un verdadero \u00abmatrimonio\u00bb, donde ambas par\u00adtes se respeten y, sin perder la personalidad, se fundan en una nueva realidad, diferente de los dos, pero que pertenece a los dos, pues sin los dos no podr\u00eda darse. \u00bfNo es verdad que muchas veces hemos con\u00adtribuido (con la mejor de las voluntades) a \u00abdivorciar este matrimo\u00adnio\u00bb: \u00abcarisma-cultura\u00bb?<\/p>\n<h3><strong>3. Am\u00e9rica Latina<\/strong><\/h3>\n<p>La extensi\u00f3n geogr\u00e1fica y el mosaico de culturas que comprende este tercer t\u00e9rmino de nuestro trabajo, es la tercera piedra que nos aparece en el camino del presente art\u00edculo.<\/p>\n<p>Ya desde el \u2018descubrimiento\u2019 de nuestra Am\u00e9rica Latina, los cien\u00adt\u00edficos europeos de la \u00e9poca, comprendieron que el territorio descu\u00adbierto<em> \u00abconstitu\u00eda un continente desconocido hasta entonces y<strong> extraor\u00ad<\/strong><\/em><strong><em>dinariamente complejo<\/em><\/strong><em>\u00ab.<\/em><\/p>\n<p>S\u00ed: Complejo por su<strong> superficie:<\/strong><em> \u00absuperior a los 42 millones de kil\u00f3\u00ad<\/em><em>metros cuadrados\u00bb.<\/em><\/p>\n<p>Complejo por sus<strong> distancias:<\/strong><em> \u00abentre sus extremos septentrional y<\/em><em>meridional hay una distancia de m\u00e1s de 14 mil kil\u00f3metros\u00bb.<\/em><\/p>\n<p>Complejo por sus<strong> conformaciones geogr\u00e1ficas:<\/strong><em> \u00abistmos, archi\u00ad<\/em><em>pi\u00e9lagos, inmensidad de islas de diferentes extensiones, pen\u00edn\u00ad<\/em><em>sulas&#8230;<\/em><\/p>\n<p>Complejo por raz\u00f3n de su<strong> composici\u00f3n de pa\u00edses:<\/strong><em> De M\u00e9xico a<\/em><em>la punta m\u00e1s extrema del Sur contamos con 36 pa\u00edses, bien sean<\/em><em>islas (15), bien las naciones de tierra firme (21).<\/em><\/p>\n<p>Complejo por raz\u00f3n de su<strong> poblaci\u00f3n:<\/strong><em> desproporcionalmente dis\u00adtribuida, econ\u00f3mica y socialmente desequilibrada, etnogr\u00e1fica<\/em><em>mente: compuesta por tres grandes grupos humanos:<strong> Amerindios,<\/strong><\/em><strong><em>blancos, negros.<\/em><\/strong><\/p>\n<p>Complejo por sus<strong> culturas:<\/strong><em> sobre las que los misioneros, y en este<\/em><em>caso los vicentinos, ten\u00edan que sembrar el carisma.<\/em><\/p>\n<p>Naturalmente que el punto de la<strong> religi\u00f3n<\/strong> tiene para nuestro tema relevancia especial. No hay quien dude que la religi\u00f3n cat\u00f3lica es la predominante y ampliamente difundida en todo el continente latinoamericano: \u2014 \u00abel Continente de la esperanza para la Iglesia\u00bb \u2014 sin que descontemos las zonas donde, por la fuerte poblaci\u00f3n india y negra, persisten cultos ancestrales, ind\u00edgenas o importados, mezclados con elementos de tradici\u00f3n cristiana, y la presencia de las sectas, siendo este un substrato y \u00abcaldo de gallina\u00bb para debilitar la fuerza del evangelio, lo cual hace urgir la necesidad de la evan\u00adgelizaci\u00f3n.<\/p>\n<p>Quiz\u00e1s pueda parecer como algo fuera de lugar la profusi\u00f3n de estos datos para un art\u00edculo cuyo trabajo est\u00e1 pensado para unos misioneros que llegaron bastante tarde al Continente Centro y Sur americano, cuando pr\u00e1cticamente ya estaba muy formado. Cierta\u00admente; pero todos sabemos lo importante (por no decir necesario) que es tener en cuenta y conocer algo de los fundamentos sobre los que se apoya toda una estructura como la del Continente latino\u00adamericano.<\/p>\n<p>Por otra parte, s\u00f3lo teniendo un terreno para poder comparar se puede medir mucho mejor el trabajo en cuesti\u00f3n. A la llegada de los vicentinos, como obreros de cuarta o quinta hora del d\u00eda al campo de la mies (los m\u00e1s madrugadores llegaron muy a finales del s. XVIII, y oficialmente ya entrado el s. XIX \u2014 casi cuatro siglos despu\u00e9s de la primera evangelizaci\u00f3n \u2014 aunque tampoco pod\u00edan haber llegado antes), s\u00f3lo conociendo c\u00f3mo estaban las cosas, y sobre todo las per\u00adsonas, es como nuestra apreciaci\u00f3n puede ser m\u00e1s objetiva. \u00bfEn qu\u00e9 mundo nos metimos: En el de los campos o el de las ciudades? \u00bfEntre qu\u00e9 campos de misi\u00f3n o etnias asentamos nuestras comuni\u00addades: Donde no hab\u00eda sacerdotes, o donde \u00e9stos ya estaban? \u00bfQu\u00e9 clase de sacerdotes formamos: Para Am\u00e9rica o seg\u00fan Europa?<\/p>\n<div id=\"attachment_38335\" style=\"width: 587px\" class=\"wp-caption aligncenter\"><a href=\"https:\/\/i0.wp.com\/vicencianos.org\/wp-content\/2011\/05\/congreso_caracas.jpg\"><img data-recalc-dims=\"1\" loading=\"lazy\" decoding=\"async\" aria-describedby=\"caption-attachment-38335\" class=\"size-large wp-image-38335\" title=\"Congreso de la Familia Vicenciana en Latinoam\u00e9rica, Caracas\" src=\"https:\/\/i0.wp.com\/vicencianos.org\/wp-content\/2011\/05\/congreso_caracas-1024x652.jpg?resize=577%2C367\" alt=\"Congreso de la Familia Vicenciana en Latinoam\u00e9rica, Caracas\" width=\"577\" height=\"367\" \/><\/a><p id=\"caption-attachment-38335\" class=\"wp-caption-text\">Congreso de la Familia Vicenciana en Latinoam\u00e9rica, Caracas<\/p><\/div>\n<h2><strong>2\u00aa Parte: \u00bfCu\u00e1les son los hechos hist\u00f3ricos con que se da respuesta al enunciado<\/strong><strong>?<\/strong><\/h2>\n<p>En estos dos siglos de presencia misionera: \u00bfPodemos decir que el<em> carisma<\/em> de Vicente de Pa\u00fal est\u00e1<em> in-culturado<\/em> en<em> Am\u00e9rica Latina<\/em>?<\/p>\n<p>La Conferencia Latino Americana de Provincias Vicentinas (CLAPVI) pr\u00e1cticamente est\u00e1 presente en toda la Am\u00e9rica Latina. De los 36 pa\u00edses en total que componen el Continente Latinoamericano, estamos en 22 naciones desde las 13 Provincias, 1 Vice-Provincia, 3 Delegaciones y 1 Misi\u00f3n que conformamos la CLAPVI, y a la que pertenecemos casi 700 misioneros.<\/p>\n<p>Dos advertencias para la mejor comprensi\u00f3n del presente tra\u00adbajo:<\/p>\n<ul>\n<li>Cuando yo hable de CLAPVI, se\u00f1alar\u00e9 como Provincias a todos los componentes de la Conferencia, incluyendo en esa denominaci\u00f3n a la Vice-Provincia, Delegaciones y Misi\u00f3n, a no ser que por alguna circunstancia sea conve\u00adniente indicarlo expresamente.<\/li>\n<li>Creo que es justo precisar que, adem\u00e1s de los Misioneros, est\u00e1n sembradas en Am\u00e9rica Latina todas las otras Ramas de la Familia Vicentina y, sobre todo, la de las Hijas de la Caridad, que tambi\u00e9n implantaron el carisma vicen\u00adciano en el Continente. Pero en este trabajo s\u00f3lo nos toca hacer referencia a la labor realizada por nosotros, los Misioneros.<\/li>\n<\/ul>\n<p>No hay duda: Es un hecho que los Hijos de San Vicente estamos presentes en Am\u00e9rica Latina. Pero con nosotros:<em> \u00bfEst\u00e1 tambi\u00e9n<strong> el<\/strong><\/em><strong><em>carisma o esp\u00edritu<\/em><\/strong><em> de nuestro Fundador?<\/em> Y<em> \u00bfest\u00e1 de verdad<strong> in\u00ad<\/strong><\/em><strong><em>culturado<\/em><\/strong><em>?<\/em><\/p>\n<p>Este es el bosque del que hablaba al comienzo de este trabajo, y estos son los \u00e1rboles que le componen. No hay duda que entre estos \u00e1rboles \u2014 todos, sin duda, \u00e1rboles \u2014 los podemos encontrar de diversas formas y tama\u00f1os: pero<strong> entre todos formamos el bosque.<\/strong> Y el bosque est\u00e1 en Am\u00e9rica Latina. Y en este bosque se respira el ambiente, el olor, el aire, y se ve el color del carisma vicentino.<\/p>\n<p>Pasando de la imagen-par\u00e1bola a la realidad, y teniendo en cuenta la parte ideol\u00f3gica de nuestro trabajo, presento los datos y hechos para que t\u00fa, lector, puedas sacar tus propias conclusiones.<\/p>\n<h3><strong>1. \u00bfDesde cu\u00e1ndo estamos presentes en A.L.?<\/strong><\/h3>\n<p>Seg\u00fan algunos documentos, podemos dar por cierto que el Brasil estuvo en el pensamiento de S. Vicente y de sus primeros misioneros. Lo deducimos de las cartas que escribi\u00f3 al P. LUOIS LEBRETON en agosto de 1640 (SV. II, 90), y por su serm\u00f3n sobre el Catecismo entre el 1613 y 1616 (SV. 28, s.)<\/p>\n<p>Pero<strong> la primera llegada real y personal<\/strong> de los hijos de San Vicente a este Continente es en el S. XIX,<strong> en 1820,<\/strong> y precisamente en <strong>Brasil,<\/strong> por invitaci\u00f3n del Rey D. JUAN VI<strong> para misionar<\/strong> el actual Estado de Mato Grosso. Los primeros misioneros en pisar nuestro Continente fueron los PP. Portugueses: LEANDRO REBELO PEIXO\u00adTO Y CASTRO (1781-18418 y ANTONIO FERREIRA VISCO\u00c7O (1781-1875) (quien fue Arzobispo de Mariana, y cuyo<strong> proceso de<\/strong><strong>canonizaci\u00f3n<\/strong> ya est\u00e1 actu\u00e1ndose en Roma).<\/p>\n<p>Aprop\u00f3sito se\u00f1alo estos datos:<strong> para<span style=\"text-decoration: underline\"> misionar<\/span><\/strong> y<strong> proceso de ca\u00ad<\/strong><strong><span style=\"text-decoration: underline\">nonizaci\u00f3n<\/span><\/strong> (= santidad). \u00bfNo son esos dos t\u00e9rminos los que expresan las esencias de nuestra verdadera identidad carism\u00e1tica vicentina?<\/p>\n<h3><strong>2. <\/strong><strong>\u00bfDe d\u00f3nde vinieron los primeros misioneros que <\/strong><strong>fueron fundando las diversas Provincias que hoy compone\u00admos nuestra CLAPVI?<\/strong><\/h3>\n<p>Ya hemos se\u00f1alado que los primeros en llegar fueron dos Misio\u00adneros de<strong> Portugal.<\/strong> Les siguieron, casi inmediatamente, los Padres <strong>franceses<\/strong>; que llegaron a 10 de las 19 Provincias actuales. A ellos les siguieron los Padres<strong> holandeses<\/strong> (en 6 Provincias)<strong> y alemanes<\/strong> (en otras 6). Fueron los Misioneros<strong> espa\u00f1oles<\/strong> los que llegaron a m\u00e1s Provincias (a 11). De otras nacionalidades tambi\u00e9n vinieron Misione\u00adros de:<strong> EE.UU., Polonia, Italia, Yugoslavia, Eslovenia, Luxem\u00adburgo.<\/strong> Adem\u00e1s de los Misioneros de Europa, en varias Provincias fueron haci\u00e9ndose presentes Padres de otras Provincias de la misma Am\u00e9rica Latina: De<em> Bolivia<\/em> en Chile; de<em> Colombia, Uruguay y Per\u00fa<\/em> en Ecuador, etc.<\/p>\n<h3><strong>3. <\/strong><strong>\u00bfPor causa de qui\u00e9nes llegaron los misioneros <\/strong><strong>a Am\u00e9rica Latina?<\/strong><\/h3>\n<p>Aunque son muy variadas las causas por las que los Misioneros fueron llamados para nuestro Continente, podr\u00edamos reducirlas a tres m\u00e1s comunes: Por los<strong><em> Padres Generales<\/em><\/strong> para<strong> atender espiri\u00ad<\/strong><strong>tualmente a las Hermanas;<\/strong> llamados por los<strong><em> Obispos<\/em><\/strong> para<strong> atender<\/strong><strong>a los Seminarios;<\/strong> invitados<strong> por algunos<\/strong><strong><em> Gobiernos<\/em><\/strong> para<strong> misio\u00ad<\/strong><strong>nar<\/strong> (El Rey Don Juan VI en Brasil, La Reina Isabel II para Cuba, El Gobierno de turno en Argentina, Chile).<\/p>\n<p>Como puede constatarse vinieron para ejercer los fines por los cuales S. Vicente nos fund\u00f3.<\/p>\n<h3><strong>4. \u00bfCu\u00e1les son las obras en las que hemos trabajado desde <\/strong><strong>nuestra permanencia en el Continente?<\/strong><\/h3>\n<p>Aunque en el apartado anterior ya est\u00e1 respondida esta pregunta, tenemos que completarla exponiendo la inmensa obra realizada por nuestros Padres pioneros y sus continuadores, siguiendo el impulso del carisma y esp\u00edritu vicentino:<\/p>\n<p>En 14 de nuestras Provincias, los Padres se dedicaron a la formaci\u00f3n del clero diocesano en la obra de los<strong> SEMINA<\/strong><strong>RIOS.<\/strong> En varias partes llegaron a estar por el largo tiempo, m\u00e1s de 100 a\u00f1os, y en muchas otras tuvieron casi la totalidad de los Seminarios del pa\u00eds, como, por ejemplo, en Ecuador, Venezuela, Colombia&#8230;<em> \u00abImponiendo en ellos el sentido<\/em><em>del carisma hacia los pobres del campo, formando sacerdotes<\/em><em>que van a ir a trabajar en los campos\u00bb,<\/em> y cuando, por diversas circunstancias, tuvieron que entregarlos,<em> \u00abdejaron en el clero<\/em><em>honda conciencia social, sentido de trabajo, personas piado<\/em><em>sas, sencillas y suficientemente numerosas para satisfacer las<\/em><em>necesidades nacionales\u00bb,<\/em> y en todas partes<em> \u00abdando un gran<\/em><em>aporte a las iglesias particulares de cada naci\u00f3n\u00bb,<\/em> pues de tales seminarios<em> \u00absalieron sacerdotes y obispos de gran val\u00eda\u00bb.<\/em> Adem\u00e1s de la atenci\u00f3n al clero en la formaci\u00f3n de los Seminarios, en alguna Provincia, como Puerto Rico, el Obispo encarg\u00f3 a los Padres la obra de los Ejercicios Espirituales a los ordenandos y a todo el clero de la Isla.<\/p>\n<p>En casi la totalidad de las Provincias y Delegaciones dieron <strong>MISIONES POPULARES<\/strong> seg\u00fan diversas modalidades y dependiendo de las circunstancias. Por ejemplo, acompa\u00f1ando a los Sres. Obispos, seg\u00fan iban haciendo sus Visitas Pastorales, y que duraban hasta 2 y 3 meses; o haciendo de ellas tiempos fuertes para la evangelizaci\u00f3n de los pobres,<em> \u00abadquiriendo toda clase de formas y combi<\/em><em>naciones: tradicionales, mixtas, cortas, largas (por 2 a\u00f1os), form\u00e1ndose<\/em><em>parroquias en estado de misi\u00f3n permanente, en el campo, en los suburbios&#8230; Con ellas la Congregaci\u00f3n hizo un aporte a fondo para la vida <\/em><em>religiosa del pa\u00eds\u00bb.<\/em><\/p>\n<p>La atenci\u00f3n a las<strong> MISIONES ENTRE LOS INDIOS O ZONAS<\/strong><strong>IND\u00cdGENAS.<\/strong> Fueron 12 las Provincias que estuvieron presentes en zonas de pueblos aut\u00f3ctonos (la Amazon\u00eda y Paraguas\u00fa en Brasil, Otom\u00ed de M\u00e9xico, Mapuches de Chile, los Asentamientos ind\u00edgenas e indios de las Pampas en Argentina, los indios del Pet\u00e9n en Am\u00e9rica Central, en Tierradentro de Arauca en Colombia, la zona ind\u00edgena de El Lim\u00f3n de Costa Rica, la Mosquitia en Honduras, Santo Domingo de los Colorados en Ecuador, en El Alto en Bolivia, Selva y Banda del Shilcayo en Per\u00fa). En cada una de estas partes se podr\u00edan escribir testimonios de gran admiraci\u00f3n. Para muestra baste este bot\u00f3n:<\/p>\n<p><em>El trabajo realizado en Costa Rica por Mons. Bernardo A. Thiel, que<\/em><em>tradujo al<strong> Brivi<\/strong> parte de la Biblia y muchos aspectos referentes a la<\/em><em>liturgia; preocup\u00e1ndose por la defensa de los derechos de los ind\u00edgenas<\/em><em>y de los pobres, y trabajando en la zona m\u00e1s pobre del pa\u00eds, tocando<\/em><em>todos los campos apost\u00f3licos: el pastoral, social, sanitario, educacional,<\/em><em>vocacional, vecinal, los MCS.<\/em> Y hablando de la Mosquitia el cronista nos la describe en estos t\u00e9rminos:<em> \u00abMerece un punto aparte. Regi\u00f3n de<\/em><em>16.000 kms <sup>2<\/sup>, llena de lagunas propensas a huracanes, lluviosa, donde<\/em><em>pululan mosquitos, t\u00e1banos, con desborde de los r\u00edos con sus m\u00faltiples<\/em><em>consecuencias; donde habitan los \u00abMISQUITOS\u00bb descendientes de los<\/em><em>negros e indios, con vida n\u00f3mada y apartados de la civilizaci\u00f3n, y entre<\/em><em>quienes el Padre y doscatequistas iniciaron el trabajo \u00abcon muchos<\/em><em>sacrificios y peripecias\u00bb como verdaderos h\u00e9roes de nuestra Mosquitia,<\/em><em>sabiendo repartirse fraternalmente el hambre y las vigilias, los sudores y<\/em><em>las fatigas sin cuento y las necesidades de todo g\u00e9nero a que se vieron<\/em><em>sujetos en tal cantidad que s\u00f3lo Dios sabe\u00bb.<\/em> En todas estas partes los Misioneros atendieron desde un principio, y posteriormente, a los ind\u00edgenas, seg\u00fan el esp\u00edritu evangelizador y misionero que tanto dese\u00f3 el mismo S. Vicente durante su vida.<\/p>\n<p>El trabajo en las<strong> PARROQUIAS<\/strong> estuvo presente, desde los or\u00ed\u00adgenes, en todas las Provincias, llegando a formar, en alguna, el apos\u00adtolado principal de la Provincia o, en la mayor\u00eda, a ser casi el \u00fanico hoy en d\u00eda, conforme fue descendiendo la dedicaci\u00f3n a las misiones o a la formaci\u00f3n del clero. Este trabajo fue teniendo diversas modali\u00addades seg\u00fan el correr de los a\u00f1os. Pero casi todas las Parroquias fue\u00adron atendidas y llevadas con cu\u00f1o muy misionero, siendo muchas de ellas aut\u00e9nticas \u00abCasas de Misi\u00f3n\u00bb o lugares donde se formaba \u00abEquipo de Misiones\u00bb. Tales Parroquias se fundaban en los campos, o en los suburbios de las ciudades donde, el n\u00famero de habitantes y la escasez de la atenci\u00f3n espiritual por la falta de clero, hac\u00eda urgente y necesaria la presencia de los Misioneros. En casi todas, podemos decir que se trabaj\u00f3 como nos dicen que lo hicieron en M\u00e9xico en donde la Provincia<em> \u00abvivi\u00f3 su preocupaci\u00f3n misionera movi\u00e9ndose<\/em><em>bajo el lema: \u2018La Provincia realiza su vocaci\u00f3n misionera en el minis\u00adterio parroquial seg\u00fan las notas espec\u00edficas del carisma\u2019\u00bb.<\/em> Es de adver\u00adtir que quienes despertaron este potencial misionero de los Padres en M\u00e9xico, y quienes les llevaron hacia esta clase de parroquias fue\u00adron las Voluntarias de la Caridad. Y en Panam\u00e1, donde hab\u00edan trabajado los Padres de EE.UU. atendiendo a los trabajadores de El Canal, cuando aceptaron el ministerio de las parroquias fue la clave hacia un cambio de trabajo m\u00e1s misionero llegando a una m\u00e1s aut\u00e9ntica<strong> in-culturaci\u00f3n.<\/strong> Y ser\u00eda imperdonable no detectar en esta rese\u00f1a lo que significa para la Provincia del Per\u00fa el trabajo realizado a trav\u00e9s de las parroquias insertas en los as\u00ed llamados \u00abPueblos J\u00f3ve\u00adnes\u00bb de Lima.<\/p>\n<p>Cierto tambi\u00e9n que \u00faltimamente ese calificativo de \u00abmisioneras\u00bb de nuestras primeras parroquias, tendr\u00edamos que cambiarlo por \u00absacramentalistas\u00bb de ahora.<\/p>\n<p>Habla tambi\u00e9n de este esp\u00edritu misionero de nuestros primeros fundadores de las Provincias del Continente, la atenci\u00f3n de muchos de ellos, y en varias Provincias, y su dedicaci\u00f3n al servicio y cuidado en las<strong> CARCELES Y HOSPITALES,<\/strong> sobre todo cuando las pestes y epidemias se hac\u00edan presentes. Tenemos heroicas p\u00e1ginas de lo que pudi\u00e9ramos llamar un verdadero martirologio vicentino. Muchos<strong> die\u00ad<\/strong><strong>ron su vida,<\/strong> que era mucho m\u00e1s que dar un vaso de agua o un pedazo de pan, o una medicina, y que tambi\u00e9n supieron darlo.<\/p>\n<p>Otra faceta que no debe faltar en este cat\u00e1logo de obras a las que se dedicaron nuestros misioneros en el Continente, es la relacionada con la<strong> PASTORAL EDUCATIVA.<\/strong> ESCUELAS Y COLEGIOS con diferentes enfoques e intencionalidades, aunque todas pueden cen\u00adtrarse en la intenci\u00f3n de educar y formar personas, partiendo del pensamiento de San Vicente<em> de que la ignorancia del pueblo y de los<\/em><em>sacerdotes tra\u00eda tantas desgracias y pon\u00edan en muchos casos en peligro<\/em><em>la propia salvaci\u00f3n.<\/em> Encontramos: desde Escuelas o Colegios-Semina\u00adrio (<em>donde se formaron personas ilustres \u2014 Presidentes, Ministros, con\u00ad<\/em><em>gresistas, artistas, literatos, obispos y pastores de la Iglesia, ciudadanos<\/em><em>comprometidos con la realidad social en favor de los menos favorecidos<\/em><em>y seg\u00fan el esp\u00edritu de San Vicente \u2014<\/em>) de los pa\u00edses (<em>Brasil, Costa Rica,<\/em><em>Per\u00fa<\/em>), pasando por Escuelas-Agr\u00edcolas, sin faltar las Escuelas para ni\u00f1os pobres. Es cierto que con el tiempo, las Escuelas se fueron con\u00advirtiendo en Colegios, y los Colegios, de clase pobre pasaron a ambientes m\u00e1s acomodados y aun para alumnos de clase media alta. En algunas Provincias, los Padres se sintieron obligados por los Se\u00f1ores Obispos a abrir una Escuela o Colegio junto a la Parroquia que les ofrec\u00edan o a la casa que deseaban fundar<\/p>\n<p>Y no fue s\u00f3lo a trav\u00e9s de estas instituciones cl\u00e1sicas o tradicio\u00adnales que los Misioneros ejercieron su apostolado educacional; en varias Provincias se implantaron imprentas, en otras se hizo uso de los Medios de comunicaci\u00f3n como la Radio, y hasta TV.<\/p>\n<p>El trabajo de los<strong> \u00abcatecismos\u00bb y hasta traducci\u00f3n de partes de<\/strong><strong>la Biblia y de la liturgia,<\/strong> que varios de nuestros primeros Misione\u00adros hicieron para formar en la vida cristiana a sus fieles, es digno de ser rese\u00f1ado tambi\u00e9n en este trabajo.<\/p>\n<p>Tampoco podemos dejar en el olvido el trabajo que los Misione\u00adros hicieron desde un principio a favor y con<strong> LAS RAMAS DE LA<\/strong><strong>FAMILIA VICENTINA.<\/strong> Algunas de las Ramas ya estaban en las naciones antes de la llegada de los primeros Misioneros a esos luga\u00adres, como es el caso de Argentina, en que los Caballeros de San Vicente fueron los que pidieron al Gobierno que llamaran a los Padres a la Naci\u00f3n; o en M\u00e9xico, las Damas de la Caridad; y en la mayor\u00eda, los Padres fueron creando las diversas Ramas. Ya dijimos que en bastantes Provincias las Hermanas exigieron la presencia de los Padres y en otras, junto con ellas, llegaban tambi\u00e9n dos, tres o cuatro Misioneros, como es el caso de Chile, Argentina, Puerto Rico, por ejemplo.<\/p>\n<p>Si quieren, como un ap\u00e9ndice, pero como se\u00f1al tambi\u00e9n de crea\u00adtividad y b\u00fasqueda de caminos nuevos, pero siempre en la l\u00ednea del carisma y con esp\u00edritu misionero y evangelizador, vale la pena se\u00f1a\u00adlar algunas<strong> OBRAS NUEVAS:<\/strong> La Pastoral Rodoviaria en Curitiba, o las Provincias que han usado para su evangelizaci\u00f3n los Medios de Comunicaci\u00f3n Social como imprenta y revistas y hasta la Radio y la TV (Puerto Rico, Cuba, Curitiba) como ya indicamos anteriormente.<\/p>\n<h3><strong>5. \u00c9sas fueron las obras. \u00bfY los misioneros?<\/strong><\/h3>\n<p>Este es el apartado m\u00e1s importante, pero tambi\u00e9n el m\u00e1s dif\u00edcil por lo delicado.<\/p>\n<p>El m\u00e1s importante porque en las personas est\u00e1 el carisma y el esp\u00edritu. En ellas est\u00e1 la vida.<\/p>\n<p>Pero tambi\u00e9n el m\u00e1s dif\u00edcil y delicado. Las obras est\u00e1n, quedan materializadas. Las personas estuvieron, y dieron su ejemplo, es cierto. Pero: \u00bfqui\u00e9n es el atrevido que puede llegar a descubrir toda la verdad? Y \u00bfqui\u00e9n es el justo que no pueda decir que no ha dejado en el tintero a quienes merecer\u00edan aparecer escritos con letras doradas o de plata? Por eso, aunque de modo general, dar\u00e9 algunas pinceladas, que ojal\u00e1 tengan el acierto de plasmar un cuadro de arte. Quiero apo\u00adyarme en la cita de quien describe as\u00ed a nuestros Misioneros pioneros y fundadores de nuestras actuales Provincias:<em> \u00abCohermanos admira\u00ad<\/em><em>bles, juventud que gast\u00f3 sus vidas en nuestras patrias, hombres sabios<\/em><em>que participaron su ciencia a muchos sacerdotes y laicos, evangeliza\u00ad<\/em><em>dores incansables cuyo testimonio, m\u00e1s que su palabra y su m\u00e9todo,<\/em><em>imprimi\u00f3 huellas, personas de temple que nunca se quejaron de haber<\/em><em>dejado su patria para asumir las penalidades de nuestro subdesarrollo\u00bb.<\/em><\/p>\n<p>Los hay<strong> que van camino de los altares:<\/strong> El primero que lleg\u00f3 a Am\u00e9rica Latina: Mons. ANTONIO FERREIRA VISCO\u00c7O; o el nativo peruano, y obispo tambi\u00e9n: Mons. EMILIO LISSON, conocido como \u00abel ap\u00f3stol de los pobres\u00bb.<\/p>\n<p>Pero los hay tambi\u00e9n<strong> que podr\u00edan ir,<\/strong> no s\u00f3lo en la l\u00ednea de la santidad misionera, sino hacia el honor de los altares: Como aquellos que dieron la vida atendiendo a los enfermos de peste, o fueron v\u00edc\u00adtimas de la fiebre amarilla (Argentina, Fortaleza, Chile). O que estu\u00advieron perseguidos y desterrados por los Gobiernos anticlericales de turno (Brasil, Argentina, Ecuador, Chile, Honduras, Per\u00fa, Puerto Rico, Cuba, Am\u00e9rica Central, M\u00e9xico).<\/p>\n<p>O, sin dar la vida materialmente,<strong> los que expusieron su vida al<\/strong><strong>sacrificio diario<\/strong> envuelto en verdaderas penalidades f\u00edsicas, materiales, culturales, relacionales, como fueron los que andaban por caminos inh\u00f3spitos, en ambientes de verdaderos n\u00f3madas; lo mismo que los que viv\u00edan en los Seminarios, que seg\u00fan el decir de un misionero al P. General:<em> \u00abLa obra de los Seminarios es, a mi modo de<\/em><em>ver, la mejor para la C.M. en Am\u00e9rica,<strong> pero exigir\u00e1 siempre gran<\/strong><\/em><strong><em>d\u00edsima abnegaci\u00f3n y nunca se hallar\u00e1 exenta de dificultades de<\/em><\/strong><strong><em>toda clase\u00bb.<\/em><\/strong><\/p>\n<p>Es muy digno de ser tenido en cuenta lo que el Sr. Arzobispo de Curitiba, Mons. Pedro Fedalto escribi\u00f3:<em> \u00abPodemos imaginar y entender<\/em><em>los sacrificios de los primeros tiempos: Desconocimiento de la lengua,<\/em><em>los caminos de aquel tiempo, con sequ\u00eda, barro en las curvas, sin luz<\/em><em>el\u00e9ctrica, sin agua canalizada, sin tel\u00e9fono, caminatas con gran sacrifi<\/em><em>cio, a lomo de burro, caballo o en carrozas, las grandes distancias&#8230;\u00bb.<\/em>\u00bfA qui\u00e9n no le recuerda la cita de San Pablo: 2 Cor. 11,23-29?<\/p>\n<h3><strong>6. \u00bfC\u00f3mo fue la Pastoral Vocacional?<\/strong><\/h3>\n<p>Otro modo de formular esta pregunta ser\u00eda: Al principio todos los misioneros vinieron de fuera: Pero \u00bfcu\u00e1ndo empezaron los Misioneros nativos? Como punto de partida podemos decir que ya hoy, en casi todas las Provincias, la mayor\u00eda de los Misioneros son del Continente. Pero<strong> nuestra propia pastoral vocacional<\/strong> en Am\u00e9rica Latina tiene un denominador casi com\u00fan, ya que casi com\u00fan es tambi\u00e9n la causa de su proceso. Dado que el ministerio primero y m\u00e1s com\u00fan fue el trabajo en los Seminarios, por raz\u00f3n de \u00e9tica, respeto y pundonor \u00abprofesional\u00bb, se cre\u00f3 la mentalidad de no dar que sospechar a los Se\u00f1ores Obispos de que, si trabaj\u00e1bamos para obtener vocaciones para nosotros, est\u00e1bamos aprovech\u00e1ndonos recogiendo cosecha en campo ajeno. Por ello se dej\u00f3 alg\u00fan tanto descuidado este trabajo de la pastoral vocacional de los nuestros.<\/p>\n<p>Pero no en todas partes fue as\u00ed. Hubo Provincias en las que desde un principio los Padres Fundadores se preocuparon de trabajar por las vocaciones nativas para ir teniendo la posibilidad de crear la Provincia con personal aut\u00f3ctono. As\u00ed fueron naciendo las Escuelas Apost\u00f3licas, o Colegios-Seminario, o Seminarios Menores y Mayores, o Casas de Formaci\u00f3n para los nuestros, trabajando con interesantes proyectos y planes de pastoral vocacional, llegando algunas a ser, hoy d\u00eda, m\u00e1s numerosas en personal, que las mismas Provincias que les engendraron para la Congregaci\u00f3n. Con gran satisfacci\u00f3n tenemos en CLAPVI Provincias que est\u00e1n ayudando con sus Misioneros a otras Provincias o lugares de Misi\u00f3n, dentro y fuera del Continente americano.<\/p>\n<p>Otra causa com\u00fan a varias Provincias fue el descuido, en este sentido, apoy\u00e1ndose en la abundancia del personal misionero que recib\u00edan de otras Provincias que gozaban de abundantes vocaciones.<\/p>\n<p>Tambi\u00e9n en todas nuestras Provincias se sinti\u00f3 la crisis que afect\u00f3 a la Iglesia entera con ocasi\u00f3n del remolino que se levant\u00f3 a ra\u00edz de los a\u00f1os postconciliares. Gracias a Dios, serenadas ya las aguas, muchas lo han superado o lo est\u00e1n superando, revisando sus obras, orientando la formaci\u00f3n de los nuestros, luchando contra la escasez del personal que se va envejeciendo, enfrent\u00e1ndose a la diver\u00adsidad de mentalidades que van surgiendo y que busca nuevos cami\u00adnos seg\u00fan los indicativos del carisma y esp\u00edritu vicentino. As\u00ed habla una Asamblea Provincial:<em> \u00abLa evangelizaci\u00f3n integral, es decir, la pro\u00ad<\/em><em>moci\u00f3n humana y cristiana del pobre, primordialmente del campesino,<\/em><em>es el compromiso de nuestra vida apost\u00f3lica\u00bb.<\/em><\/p>\n<h2><strong>3\u00aa Parte:<\/strong> <strong>\u00bfCu\u00e1les son las conclusiones?<\/strong><\/h2>\n<p>Despu\u00e9s de este paneo, como dir\u00edan los camar\u00f3grafos, y cum\u00adpliendo con nuestro esquema, terminamos con unas sencillas refle\u00adxiones o conclusiones:<\/p>\n<ol>\n<li>Admitiendo las posibles y reales sombras que existen en toda obra de hombres, nos alegramos porque son m\u00e1s esplendorosas las luces que se encendieron en nuestra Am\u00e9rica Latina, y fueron inmensamente m\u00e1s los frutos recogidos que los perdidos, gracias a la vivencia del carisma vicentino.<\/li>\n<li>La presencia actual de las 19 entidades de CLAPVI, con sus casi 700 Misioneros, despu\u00e9s de dos siglos de exi\u00adstencia en A.L., son un expreso reconocimiento de que se trabaj\u00f3 en la l\u00ednea del carisma\/espiritualidad vicenti\u00adnos. Ninguna de las 13 Provincias, 1 Viceprovincia, 4 De\u00adlegaciones y 1 Misi\u00f3n Internacional, que componen la Conferencia Latinoamericana de Provincias Vicentinas (CLAPVI) existir\u00edan en el presente, si los Superiores Mayores no hubieran reconocido y premiado la labor de los misioneros como verdaderos hijos de San Vicente, continuadores del carisma\/espiritualidad del Fundador en nuestro Continente, de modo que podemos decir que dicho trabajo es un indicativo capital de la fidelidad, cul\u00adtivo, inserci\u00f3n y comunicaci\u00f3n del carisma vicentino por parte de los Misioneros en nuestra Am\u00e9rica Latina.<\/li>\n<li>El Lugar donde el P. Maloney tuvo la inspiraci\u00f3n para dar ese gran empuje que hoy tiene la Familia Vicentina: fue MEXICO. La AIC tiene en MEXICO el lugar de mayor revitalizaci\u00f3n de esta Rama. La SSVP, el lugar donde cuenta con mayor n\u00famero de socios, es en BRASIL.<\/li>\n<\/ol>\n<p>4. Como colof\u00f3n de este trabajo quiero colocar en este ramillete de despedida las flores para quienes sembraron con tanta convicci\u00f3n el carisma vicentino en esta nuestra Am\u00e9rica Latina:<em> \u00abLo m\u00e1s importante y lo que reclama<\/em><em>nuestra gratitud perenne fue la profunda acci\u00f3n espiritual<\/em><em>de tantos y abnegados misioneros que lo dieron todo, hasta<\/em><em>sus propias vidas, para hacer perdurable y fecunda la pre<\/em><em>sencia espiritual y misionera de Vicente de Pa\u00fal\u00bb.<\/em> Y me atrevo a colocar otras flores m\u00e1s a este ramillete, citando palabras de autoridad, como son las de algunos Obispos y Cardenales que han resumido la labor de los Padres con ocasi\u00f3n de celebraciones centenarias en algunas de las Provincias:<em> \u00ab\u00a1Qu\u00e9 amplia labor! \u00a1Qu\u00e9 m\u00e9ritos! Los Padres<\/em><em>Pa\u00fales son continuadores de la obra de San Vicente de<\/em><em>Pa\u00fal, iniciada por \u00e9l en el siglo XVII, y fomentada y cuidada<\/em><em>por los Padres Pa\u00fales en Cuba\u00bb.<\/em> O las de la Jerarqu\u00eda de Ecuador que defin\u00eda a los Misioneros como:<em> \u00abPersonas de<\/em><em>sencillez evang\u00e9lica, ciencia no com\u00fan, celo infatigable\u00bb.<\/em><\/p>\n<p>Es, sin duda, la justa valoraci\u00f3n a la entrega abnegada, desinteresada y generosa de esos Misioneros, en gran parte venidos de Europa, y que lograron poner o fortalecer las bases de la Iglesia en nuestras naciones, mostr\u00e1ndose como hombres de oraci\u00f3n, estudio, trabajo, dedicaci\u00f3n, de modo que supieron ganarse la admiraci\u00f3n, simpat\u00eda y afecto de las gentes, y hasta las mismas condecoraciones y reconocimiento por parte de la Iglesia y de los Gobiernos, pero, sobre todo, el amor de los pobres, siendo su trabajo un himno al carisma vicentino en lo referente a la evangelizaci\u00f3n de los pobres y a la formaci\u00f3n del clero.<\/p>\n","protected":false},"excerpt":{"rendered":"<p>1. La maravilla de un bosque La mejor composici\u00f3n que encontr\u00e9 para poder enfocar este trabajo fue irme a un bosque donde hab\u00eda toda clase de \u00e1rboles y arbustos: altos, fuertes, robustos unos, bien frondosos &#8230; <a href=\"http:\/\/vincentians.com\/es\/inculturacion-del-carisma-vicentino-en-america-latina\/\" class=\"more-link\">Read More<\/a><\/p>\n","protected":false},"author":4,"featured_media":38334,"comment_status":"open","ping_status":"open","sticky":false,"template":"","format":"standard","meta":{"jetpack_post_was_ever_published":false,"_jetpack_newsletter_access":"","_jetpack_dont_email_post_to_subs":false,"_jetpack_newsletter_tier_id":0,"_jetpack_memberships_contains_paywalled_content":false,"_jetpack_memberships_contains_paid_content":false,"footnotes":"","jetpack_publicize_message":"","jetpack_publicize_feature_enabled":true,"jetpack_social_post_already_shared":true,"jetpack_social_options":{"image_generator_settings":{"template":"highway","default_image_id":0,"font":"","enabled":false},"version":2}},"categories":[242],"tags":[153,176,147],"class_list":["post-38332","post","type-post","status-publish","format-standard","has-post-thumbnail","hentry","category-familia-vicenciana-sin-categorizar","tag-lebreton","tag-misiones-populares","tag-santo-domingo"],"yoast_head":"<!-- This site is optimized with the Yoast SEO plugin v26.3 - https:\/\/yoast.com\/wordpress\/plugins\/seo\/ -->\n<title>Inculturaci\u00f3n del carisma vicentino en Am\u00e9rica Latina - Somos Vicencianos<\/title>\n<meta name=\"robots\" content=\"index, follow, max-snippet:-1, max-image-preview:large, max-video-preview:-1\" \/>\n<link rel=\"canonical\" href=\"http:\/\/vincentians.com\/es\/inculturacion-del-carisma-vicentino-en-america-latina\/\" \/>\n<meta property=\"og:locale\" content=\"es_ES\" \/>\n<meta property=\"og:type\" content=\"article\" \/>\n<meta property=\"og:title\" content=\"Inculturaci\u00f3n del carisma vicentino en Am\u00e9rica Latina - Somos Vicencianos\" \/>\n<meta property=\"og:description\" content=\"1. La maravilla de un bosque La mejor composici\u00f3n que encontr\u00e9 para poder enfocar este trabajo fue irme a un bosque donde hab\u00eda toda clase de \u00e1rboles y arbustos: altos, fuertes, robustos unos, bien frondosos ... Read More\" \/>\n<meta property=\"og:url\" content=\"http:\/\/vincentians.com\/es\/inculturacion-del-carisma-vicentino-en-america-latina\/\" \/>\n<meta property=\"og:site_name\" content=\"Somos Vicencianos\" \/>\n<meta property=\"article:publisher\" content=\"https:\/\/www.facebook.com\/WeAreVincentians\/\" \/>\n<meta property=\"article:author\" content=\"https:\/\/www.facebook.com\/JavierChento\" \/>\n<meta property=\"article:published_time\" content=\"2015-04-22T03:40:51+00:00\" \/>\n<meta name=\"author\" content=\"Francisco Javier Fern\u00e1ndez Chento\" \/>\n<meta name=\"twitter:card\" content=\"summary_large_image\" \/>\n<meta name=\"twitter:creator\" content=\"@https:\/\/twitter.com\/javierchento\" \/>\n<meta name=\"twitter:site\" content=\"@WeVincentians\" \/>\n<meta name=\"twitter:label1\" content=\"Escrito por\" \/>\n\t<meta name=\"twitter:data1\" content=\"Francisco Javier Fern\u00e1ndez Chento\" \/>\n\t<meta name=\"twitter:label2\" content=\"Tiempo de lectura\" \/>\n\t<meta name=\"twitter:data2\" content=\"38 minutos\" \/>\n<script type=\"application\/ld+json\" class=\"yoast-schema-graph\">{\"@context\":\"https:\/\/schema.org\",\"@graph\":[{\"@type\":\"Article\",\"@id\":\"http:\/\/vincentians.com\/es\/inculturacion-del-carisma-vicentino-en-america-latina\/#article\",\"isPartOf\":{\"@id\":\"http:\/\/vincentians.com\/es\/inculturacion-del-carisma-vicentino-en-america-latina\/\"},\"author\":{\"name\":\"Francisco Javier Fern\u00e1ndez Chento\",\"@id\":\"http:\/\/vincentians.com\/es\/#\/schema\/person\/9623ef4d9aa3b2dfb8c061f1499288f2\"},\"headline\":\"Inculturaci\u00f3n del carisma vicentino en Am\u00e9rica Latina\",\"datePublished\":\"2015-04-22T03:40:51+00:00\",\"mainEntityOfPage\":{\"@id\":\"http:\/\/vincentians.com\/es\/inculturacion-del-carisma-vicentino-en-america-latina\/\"},\"wordCount\":7703,\"commentCount\":0,\"publisher\":{\"@id\":\"http:\/\/vincentians.com\/es\/#organization\"},\"image\":{\"@id\":\"http:\/\/vincentians.com\/es\/inculturacion-del-carisma-vicentino-en-america-latina\/#primaryimage\"},\"thumbnailUrl\":\"\",\"keywords\":[\"Lebreton\",\"Misiones Populares\",\"Santo Domingo\"],\"articleSection\":[\"Familia Vicenciana sin categorizar\"],\"inLanguage\":\"es\",\"potentialAction\":[{\"@type\":\"CommentAction\",\"name\":\"Comment\",\"target\":[\"http:\/\/vincentians.com\/es\/inculturacion-del-carisma-vicentino-en-america-latina\/#respond\"]}]},{\"@type\":\"WebPage\",\"@id\":\"http:\/\/vincentians.com\/es\/inculturacion-del-carisma-vicentino-en-america-latina\/\",\"url\":\"http:\/\/vincentians.com\/es\/inculturacion-del-carisma-vicentino-en-america-latina\/\",\"name\":\"Inculturaci\u00f3n del carisma vicentino en Am\u00e9rica Latina - Somos Vicencianos\",\"isPartOf\":{\"@id\":\"http:\/\/vincentians.com\/es\/#website\"},\"primaryImageOfPage\":{\"@id\":\"http:\/\/vincentians.com\/es\/inculturacion-del-carisma-vicentino-en-america-latina\/#primaryimage\"},\"image\":{\"@id\":\"http:\/\/vincentians.com\/es\/inculturacion-del-carisma-vicentino-en-america-latina\/#primaryimage\"},\"thumbnailUrl\":\"\",\"datePublished\":\"2015-04-22T03:40:51+00:00\",\"breadcrumb\":{\"@id\":\"http:\/\/vincentians.com\/es\/inculturacion-del-carisma-vicentino-en-america-latina\/#breadcrumb\"},\"inLanguage\":\"es\",\"potentialAction\":[{\"@type\":\"ReadAction\",\"target\":[\"http:\/\/vincentians.com\/es\/inculturacion-del-carisma-vicentino-en-america-latina\/\"]}]},{\"@type\":\"ImageObject\",\"inLanguage\":\"es\",\"@id\":\"http:\/\/vincentians.com\/es\/inculturacion-del-carisma-vicentino-en-america-latina\/#primaryimage\",\"url\":\"\",\"contentUrl\":\"\"},{\"@type\":\"BreadcrumbList\",\"@id\":\"http:\/\/vincentians.com\/es\/inculturacion-del-carisma-vicentino-en-america-latina\/#breadcrumb\",\"itemListElement\":[{\"@type\":\"ListItem\",\"position\":1,\"name\":\"Portada\",\"item\":\"http:\/\/vincentians.com\/es\/\"},{\"@type\":\"ListItem\",\"position\":2,\"name\":\"Inculturaci\u00f3n del carisma vicentino en Am\u00e9rica Latina\"}]},{\"@type\":\"WebSite\",\"@id\":\"http:\/\/vincentians.com\/es\/#website\",\"url\":\"http:\/\/vincentians.com\/es\/\",\"name\":\"Somos Vicencianos\",\"description\":\"Know more to serve more\",\"publisher\":{\"@id\":\"http:\/\/vincentians.com\/es\/#organization\"},\"potentialAction\":[{\"@type\":\"SearchAction\",\"target\":{\"@type\":\"EntryPoint\",\"urlTemplate\":\"http:\/\/vincentians.com\/es\/?s={search_term_string}\"},\"query-input\":{\"@type\":\"PropertyValueSpecification\",\"valueRequired\":true,\"valueName\":\"search_term_string\"}}],\"inLanguage\":\"es\"},{\"@type\":\"Organization\",\"@id\":\"http:\/\/vincentians.com\/es\/#organization\",\"name\":\"The Vincentian Network\",\"url\":\"http:\/\/vincentians.com\/es\/\",\"logo\":{\"@type\":\"ImageObject\",\"inLanguage\":\"es\",\"@id\":\"http:\/\/vincentians.com\/es\/#\/schema\/logo\/image\/\",\"url\":\"https:\/\/i1.wp.com\/vincentians.com\/es\/wp-content\/uploads\/sites\/11\/2016\/06\/Vincentian-Network-logo-big.png?fit=778%2C778\",\"contentUrl\":\"https:\/\/i1.wp.com\/vincentians.com\/es\/wp-content\/uploads\/sites\/11\/2016\/06\/Vincentian-Network-logo-big.png?fit=778%2C778\",\"width\":778,\"height\":778,\"caption\":\"The Vincentian Network\"},\"image\":{\"@id\":\"http:\/\/vincentians.com\/es\/#\/schema\/logo\/image\/\"},\"sameAs\":[\"https:\/\/www.facebook.com\/WeAreVincentians\/\",\"https:\/\/x.com\/WeVincentians\"]},{\"@type\":\"Person\",\"@id\":\"http:\/\/vincentians.com\/es\/#\/schema\/person\/9623ef4d9aa3b2dfb8c061f1499288f2\",\"name\":\"Francisco Javier Fern\u00e1ndez Chento\",\"image\":{\"@type\":\"ImageObject\",\"inLanguage\":\"es\",\"@id\":\"http:\/\/vincentians.com\/es\/#\/schema\/person\/image\/\",\"url\":\"https:\/\/secure.gravatar.com\/avatar\/497d5cde87b4c3d097d0315953521681ba2cd523ee66e5077c3711f7021e65de?s=96&d=mm&r=g\",\"contentUrl\":\"https:\/\/secure.gravatar.com\/avatar\/497d5cde87b4c3d097d0315953521681ba2cd523ee66e5077c3711f7021e65de?s=96&d=mm&r=g\",\"caption\":\"Francisco Javier Fern\u00e1ndez Chento\"},\"description\":\"Director General y cofundador de La Red de Formaci\u00f3n Vicenciana. Javier es laico vicenciano, afiliado a la Congregaci\u00f3n de la Misi\u00f3n y miembro del Equipo de Misiones Populares de la provincia can\u00f3nica de Zaragoza (Espa\u00f1a) de la Congregaci\u00f3n de la Misi\u00f3n. Graduado en la Universidad Oberta de Catalunya con cuatro grados (Asistente de direcci\u00f3n, Gesti\u00f3n Administrativa, Recursos Humanos y Contabilidad Avanzada). Bil\u00edng\u00fce Espa\u00f1ol\/Ingl\u00e9s. gestiona y mantiene varias p\u00e1ginas web cristianas y vicencianas, incluida including La Red de Formaci\u00f3n Vicenciana, de la que es cofundador. Actualmente es responsable del \u00e1rea de Espa\u00f1ol de .famvin, la Red de Noticias de la Familia Vicenciana. Tambi\u00e9n es m\u00fasico cat\u00f3lico y ha editado varios discos. Es Director General y cofundador de Trovador, una reconocida compa\u00f1\u00eda discogr\u00e1fica critiana de Espa\u00f1a. Trabaja en las Tecnolog\u00edas de la Informaci\u00f3n, ofreciendo servicios de alojamiento, dise\u00f1o y mantenimiento Web, as\u00ed como asesoramiento, formaci\u00f3n y soluciones inform\u00e1ticas, gesti\u00f3n documental y digitalizaci\u00f3n de textos, edici\u00f3n y maquetaci\u00f3n de libros, revistas, flyers, etc.\",\"sameAs\":[\"http:\/\/chento.org\",\"https:\/\/www.facebook.com\/JavierChento\",\"https:\/\/x.com\/https:\/\/twitter.com\/javierchento\"],\"url\":\"http:\/\/vincentians.com\/es\/author\/chento\/\"}]}<\/script>\n<!-- \/ Yoast SEO plugin. -->","yoast_head_json":{"title":"Inculturaci\u00f3n del carisma vicentino en Am\u00e9rica Latina - Somos Vicencianos","robots":{"index":"index","follow":"follow","max-snippet":"max-snippet:-1","max-image-preview":"max-image-preview:large","max-video-preview":"max-video-preview:-1"},"canonical":"http:\/\/vincentians.com\/es\/inculturacion-del-carisma-vicentino-en-america-latina\/","og_locale":"es_ES","og_type":"article","og_title":"Inculturaci\u00f3n del carisma vicentino en Am\u00e9rica Latina - Somos Vicencianos","og_description":"1. La maravilla de un bosque La mejor composici\u00f3n que encontr\u00e9 para poder enfocar este trabajo fue irme a un bosque donde hab\u00eda toda clase de \u00e1rboles y arbustos: altos, fuertes, robustos unos, bien frondosos ... Read More","og_url":"http:\/\/vincentians.com\/es\/inculturacion-del-carisma-vicentino-en-america-latina\/","og_site_name":"Somos Vicencianos","article_publisher":"https:\/\/www.facebook.com\/WeAreVincentians\/","article_author":"https:\/\/www.facebook.com\/JavierChento","article_published_time":"2015-04-22T03:40:51+00:00","author":"Francisco Javier Fern\u00e1ndez Chento","twitter_card":"summary_large_image","twitter_creator":"@https:\/\/twitter.com\/javierchento","twitter_site":"@WeVincentians","twitter_misc":{"Escrito por":"Francisco Javier Fern\u00e1ndez Chento","Tiempo de lectura":"38 minutos"},"schema":{"@context":"https:\/\/schema.org","@graph":[{"@type":"Article","@id":"http:\/\/vincentians.com\/es\/inculturacion-del-carisma-vicentino-en-america-latina\/#article","isPartOf":{"@id":"http:\/\/vincentians.com\/es\/inculturacion-del-carisma-vicentino-en-america-latina\/"},"author":{"name":"Francisco Javier Fern\u00e1ndez Chento","@id":"http:\/\/vincentians.com\/es\/#\/schema\/person\/9623ef4d9aa3b2dfb8c061f1499288f2"},"headline":"Inculturaci\u00f3n del carisma vicentino en Am\u00e9rica Latina","datePublished":"2015-04-22T03:40:51+00:00","mainEntityOfPage":{"@id":"http:\/\/vincentians.com\/es\/inculturacion-del-carisma-vicentino-en-america-latina\/"},"wordCount":7703,"commentCount":0,"publisher":{"@id":"http:\/\/vincentians.com\/es\/#organization"},"image":{"@id":"http:\/\/vincentians.com\/es\/inculturacion-del-carisma-vicentino-en-america-latina\/#primaryimage"},"thumbnailUrl":"","keywords":["Lebreton","Misiones Populares","Santo Domingo"],"articleSection":["Familia Vicenciana sin categorizar"],"inLanguage":"es","potentialAction":[{"@type":"CommentAction","name":"Comment","target":["http:\/\/vincentians.com\/es\/inculturacion-del-carisma-vicentino-en-america-latina\/#respond"]}]},{"@type":"WebPage","@id":"http:\/\/vincentians.com\/es\/inculturacion-del-carisma-vicentino-en-america-latina\/","url":"http:\/\/vincentians.com\/es\/inculturacion-del-carisma-vicentino-en-america-latina\/","name":"Inculturaci\u00f3n del carisma vicentino en Am\u00e9rica Latina - Somos Vicencianos","isPartOf":{"@id":"http:\/\/vincentians.com\/es\/#website"},"primaryImageOfPage":{"@id":"http:\/\/vincentians.com\/es\/inculturacion-del-carisma-vicentino-en-america-latina\/#primaryimage"},"image":{"@id":"http:\/\/vincentians.com\/es\/inculturacion-del-carisma-vicentino-en-america-latina\/#primaryimage"},"thumbnailUrl":"","datePublished":"2015-04-22T03:40:51+00:00","breadcrumb":{"@id":"http:\/\/vincentians.com\/es\/inculturacion-del-carisma-vicentino-en-america-latina\/#breadcrumb"},"inLanguage":"es","potentialAction":[{"@type":"ReadAction","target":["http:\/\/vincentians.com\/es\/inculturacion-del-carisma-vicentino-en-america-latina\/"]}]},{"@type":"ImageObject","inLanguage":"es","@id":"http:\/\/vincentians.com\/es\/inculturacion-del-carisma-vicentino-en-america-latina\/#primaryimage","url":"","contentUrl":""},{"@type":"BreadcrumbList","@id":"http:\/\/vincentians.com\/es\/inculturacion-del-carisma-vicentino-en-america-latina\/#breadcrumb","itemListElement":[{"@type":"ListItem","position":1,"name":"Portada","item":"http:\/\/vincentians.com\/es\/"},{"@type":"ListItem","position":2,"name":"Inculturaci\u00f3n del carisma vicentino en Am\u00e9rica Latina"}]},{"@type":"WebSite","@id":"http:\/\/vincentians.com\/es\/#website","url":"http:\/\/vincentians.com\/es\/","name":"Somos Vicencianos","description":"Know more to serve more","publisher":{"@id":"http:\/\/vincentians.com\/es\/#organization"},"potentialAction":[{"@type":"SearchAction","target":{"@type":"EntryPoint","urlTemplate":"http:\/\/vincentians.com\/es\/?s={search_term_string}"},"query-input":{"@type":"PropertyValueSpecification","valueRequired":true,"valueName":"search_term_string"}}],"inLanguage":"es"},{"@type":"Organization","@id":"http:\/\/vincentians.com\/es\/#organization","name":"The Vincentian Network","url":"http:\/\/vincentians.com\/es\/","logo":{"@type":"ImageObject","inLanguage":"es","@id":"http:\/\/vincentians.com\/es\/#\/schema\/logo\/image\/","url":"https:\/\/i1.wp.com\/vincentians.com\/es\/wp-content\/uploads\/sites\/11\/2016\/06\/Vincentian-Network-logo-big.png?fit=778%2C778","contentUrl":"https:\/\/i1.wp.com\/vincentians.com\/es\/wp-content\/uploads\/sites\/11\/2016\/06\/Vincentian-Network-logo-big.png?fit=778%2C778","width":778,"height":778,"caption":"The Vincentian Network"},"image":{"@id":"http:\/\/vincentians.com\/es\/#\/schema\/logo\/image\/"},"sameAs":["https:\/\/www.facebook.com\/WeAreVincentians\/","https:\/\/x.com\/WeVincentians"]},{"@type":"Person","@id":"http:\/\/vincentians.com\/es\/#\/schema\/person\/9623ef4d9aa3b2dfb8c061f1499288f2","name":"Francisco Javier Fern\u00e1ndez Chento","image":{"@type":"ImageObject","inLanguage":"es","@id":"http:\/\/vincentians.com\/es\/#\/schema\/person\/image\/","url":"https:\/\/secure.gravatar.com\/avatar\/497d5cde87b4c3d097d0315953521681ba2cd523ee66e5077c3711f7021e65de?s=96&d=mm&r=g","contentUrl":"https:\/\/secure.gravatar.com\/avatar\/497d5cde87b4c3d097d0315953521681ba2cd523ee66e5077c3711f7021e65de?s=96&d=mm&r=g","caption":"Francisco Javier Fern\u00e1ndez Chento"},"description":"Director General y cofundador de La Red de Formaci\u00f3n Vicenciana. Javier es laico vicenciano, afiliado a la Congregaci\u00f3n de la Misi\u00f3n y miembro del Equipo de Misiones Populares de la provincia can\u00f3nica de Zaragoza (Espa\u00f1a) de la Congregaci\u00f3n de la Misi\u00f3n. Graduado en la Universidad Oberta de Catalunya con cuatro grados (Asistente de direcci\u00f3n, Gesti\u00f3n Administrativa, Recursos Humanos y Contabilidad Avanzada). Bil\u00edng\u00fce Espa\u00f1ol\/Ingl\u00e9s. gestiona y mantiene varias p\u00e1ginas web cristianas y vicencianas, incluida including La Red de Formaci\u00f3n Vicenciana, de la que es cofundador. Actualmente es responsable del \u00e1rea de Espa\u00f1ol de .famvin, la Red de Noticias de la Familia Vicenciana. Tambi\u00e9n es m\u00fasico cat\u00f3lico y ha editado varios discos. Es Director General y cofundador de Trovador, una reconocida compa\u00f1\u00eda discogr\u00e1fica critiana de Espa\u00f1a. Trabaja en las Tecnolog\u00edas de la Informaci\u00f3n, ofreciendo servicios de alojamiento, dise\u00f1o y mantenimiento Web, as\u00ed como asesoramiento, formaci\u00f3n y soluciones inform\u00e1ticas, gesti\u00f3n documental y digitalizaci\u00f3n de textos, edici\u00f3n y maquetaci\u00f3n de libros, revistas, flyers, etc.","sameAs":["http:\/\/chento.org","https:\/\/www.facebook.com\/JavierChento","https:\/\/x.com\/https:\/\/twitter.com\/javierchento"],"url":"http:\/\/vincentians.com\/es\/author\/chento\/"}]}},"jetpack_publicize_connections":[],"jetpack_featured_media_url":"","jetpack_sharing_enabled":true,"jetpack_shortlink":"https:\/\/wp.me\/p7ETMF-9Yg","jetpack-related-posts":[{"id":120169,"url":"http:\/\/vincentians.com\/es\/la-primacia-de-la-caridad-en-el-carisma-vicenciano\/","url_meta":{"origin":38332,"position":0},"title":"La primac\u00eda de la caridad en el carisma vicenciano","author":"Francisco Javier Fern\u00e1ndez Chento","date":"20\/06\/2015","format":false,"excerpt":"Salir del peque\u00f1o mundo en el que vivimos e intentar vernos a trav\u00e9s de los ojos de los dem\u00e1s, es un ejercicio muy \u00fatil y un modo de practicar la humildad. El planeta tierra no es sino un peque\u00f1o lunar en el universo. Su inter\u00e9s para nosotros estriba en el\u2026","rel":"","context":"En \u00abFormaci\u00f3n Vicenciana\u00bb","block_context":{"text":"Formaci\u00f3n Vicenciana","link":"http:\/\/vincentians.com\/es\/category\/formacion-vicenciana\/"},"img":{"alt_text":"vicente","src":"https:\/\/i0.wp.com\/vicencianos.org\/wp-content\/2013\/04\/vicente-300x203.jpg?resize=350%2C200","width":350,"height":200},"classes":[]},{"id":59494,"url":"http:\/\/vincentians.com\/es\/vicente-de-paul-carta-0801-al-parlamento\/","url_meta":{"origin":38332,"position":1},"title":"Vicente de Pa\u00fal, Carta 0801: Al Parlamento","author":"Francisco Javier Fern\u00e1ndez Chento","date":"28\/01\/2012","format":false,"excerpt":"[16 de julio de 1645] Los sacerdotes de la congregaci\u00f3n de la Misi\u00f3n establecidos en San L\u00e1zaro, Par\u00eds, exponen humildemente que el rey les ha querido dar permiso, por despacho del 23 de junio de 1645, dirigido a ustedes, para vender o hacer talar 90 fanegas de bosque de \u00e1rboles\u2026","rel":"","context":"En \u00abEscritos de Vicente de Pa\u00fal\u00bb","block_context":{"text":"Escritos de Vicente de Pa\u00fal","link":"http:\/\/vincentians.com\/es\/category\/escritos\/escritos-de-vicente-de-paul\/"},"img":{"alt_text":"","src":"https:\/\/i0.wp.com\/vincentians.com\/es\/wp-content\/uploads\/sites\/11\/2016\/07\/escritos-vicente-de-paul.jpg?fit=1200%2C630&resize=350%2C200","width":350,"height":200,"srcset":"https:\/\/i0.wp.com\/vincentians.com\/es\/wp-content\/uploads\/sites\/11\/2016\/07\/escritos-vicente-de-paul.jpg?fit=1200%2C630&resize=350%2C200 1x, https:\/\/i0.wp.com\/vincentians.com\/es\/wp-content\/uploads\/sites\/11\/2016\/07\/escritos-vicente-de-paul.jpg?fit=1200%2C630&resize=525%2C300 1.5x, https:\/\/i0.wp.com\/vincentians.com\/es\/wp-content\/uploads\/sites\/11\/2016\/07\/escritos-vicente-de-paul.jpg?fit=1200%2C630&resize=700%2C400 2x, https:\/\/i0.wp.com\/vincentians.com\/es\/wp-content\/uploads\/sites\/11\/2016\/07\/escritos-vicente-de-paul.jpg?fit=1200%2C630&resize=1050%2C600 3x"},"classes":[]},{"id":401131,"url":"http:\/\/vincentians.com\/es\/la-primacia-la-caridad-carisma-vicenciano\/","url_meta":{"origin":38332,"position":2},"title":"La primac\u00eda de la caridad en el carisma vicenciano","author":"Mitxel Olabu\u00e9naga","date":"09\/09\/2017","format":false,"excerpt":"Salir del peque\u00f1o mundo en el que vivimos e intentar vernos a trav\u00e9s de los ojos de los dem\u00e1s, es un ejercicio muy \u00fatil y un modo de practicar la humildad. El planeta tierra no es sino un peque\u00f1o lunar en el universo. Su inter\u00e9s para nosotros estriba en el\u2026","rel":"","context":"En \u00abEspiritualidad vicenciana\u00bb","block_context":{"text":"Espiritualidad vicenciana","link":"http:\/\/vincentians.com\/es\/category\/espiritualidad\/espiritualidad-vicenciana\/"},"img":{"alt_text":"","src":"https:\/\/i0.wp.com\/vincentians.com\/es\/wp-content\/uploads\/sites\/11\/2016\/09\/vincentian-missionarie.jpg?fit=846%2C444&resize=350%2C200","width":350,"height":200,"srcset":"https:\/\/i0.wp.com\/vincentians.com\/es\/wp-content\/uploads\/sites\/11\/2016\/09\/vincentian-missionarie.jpg?fit=846%2C444&resize=350%2C200 1x, https:\/\/i0.wp.com\/vincentians.com\/es\/wp-content\/uploads\/sites\/11\/2016\/09\/vincentian-missionarie.jpg?fit=846%2C444&resize=525%2C300 1.5x, https:\/\/i0.wp.com\/vincentians.com\/es\/wp-content\/uploads\/sites\/11\/2016\/09\/vincentian-missionarie.jpg?fit=846%2C444&resize=700%2C400 2x"},"classes":[]},{"id":135669,"url":"http:\/\/vincentians.com\/es\/3o-domingo-de-t-o-reflexion-de-antonio-elduayen-c-m\/","url_meta":{"origin":38332,"position":3},"title":"3\u00ba Domingo de T.O. (reflexi\u00f3n de Antonio Elduayen, C.M.)","author":"Francisco Javier Fern\u00e1ndez Chento","date":"21\/01\/2012","format":false,"excerpt":"Queridos amigos, \u00bfRecuerdan las par\u00e1bolas del \u201cgrano de mostaza\u201d (Mc 4,31-32) y de \u201cun poco de levadura\u201d (13,33)? Jes\u00fas las cont\u00f3 para decirnos que, como el grano de mostaza y el poco de levadura, el Reino de Dios empieza siendo muy peque\u00f1ito, pero con una gran fuerza de expansi\u00f3n. Como\u2026","rel":"","context":"En \u00abHomil\u00edas y reflexiones, A\u00f1o B\u00bb","block_context":{"text":"Homil\u00edas y reflexiones, A\u00f1o B","link":"http:\/\/vincentians.com\/es\/category\/homilias-y-reflexiones-a-la-palabra-de-dios\/homilias-y-reflexiones-ano-b\/"},"img":{"alt_text":"","src":"https:\/\/i0.wp.com\/vincentians.com\/es\/wp-content\/uploads\/sites\/11\/2016\/07\/reflexiones-palabra-de-dios.jpg?fit=1200%2C630&resize=350%2C200","width":350,"height":200,"srcset":"https:\/\/i0.wp.com\/vincentians.com\/es\/wp-content\/uploads\/sites\/11\/2016\/07\/reflexiones-palabra-de-dios.jpg?fit=1200%2C630&resize=350%2C200 1x, https:\/\/i0.wp.com\/vincentians.com\/es\/wp-content\/uploads\/sites\/11\/2016\/07\/reflexiones-palabra-de-dios.jpg?fit=1200%2C630&resize=525%2C300 1.5x, https:\/\/i0.wp.com\/vincentians.com\/es\/wp-content\/uploads\/sites\/11\/2016\/07\/reflexiones-palabra-de-dios.jpg?fit=1200%2C630&resize=700%2C400 2x, https:\/\/i0.wp.com\/vincentians.com\/es\/wp-content\/uploads\/sites\/11\/2016\/07\/reflexiones-palabra-de-dios.jpg?fit=1200%2C630&resize=1050%2C600 3x"},"classes":[]},{"id":173794,"url":"http:\/\/vincentians.com\/es\/11o-domingo-de-t-o-reflexion-de-la-s-s-v-p-en-espana\/","url_meta":{"origin":38332,"position":4},"title":"11\u00ba Domingo de T.O. (reflexi\u00f3n de la S.S.V.P. en Espa\u00f1a)","author":"Francisco Javier Fern\u00e1ndez Chento","date":"13\/06\/2015","format":false,"excerpt":"\u201cLa caridad es el centro que une a la comunidad con Dios y con los dem\u00e1s\u201d (SvdeP) El Evangelio nos presenta dos par\u00e1bolas: la de la semilla que germina lentamente y la del grano de mostaza que crece hasta convertirse en arbusto. Estas par\u00e1bolas evocan el estado glorioso del Reino\u2026","rel":"","context":"En \u00abHomil\u00edas y reflexiones, A\u00f1o B\u00bb","block_context":{"text":"Homil\u00edas y reflexiones, A\u00f1o B","link":"http:\/\/vincentians.com\/es\/category\/homilias-y-reflexiones-a-la-palabra-de-dios\/homilias-y-reflexiones-ano-b\/"},"img":{"alt_text":"","src":"https:\/\/i0.wp.com\/vincentians.com\/es\/wp-content\/uploads\/sites\/11\/2016\/07\/reflexiones-palabra-de-dios.jpg?fit=1200%2C630&resize=350%2C200","width":350,"height":200,"srcset":"https:\/\/i0.wp.com\/vincentians.com\/es\/wp-content\/uploads\/sites\/11\/2016\/07\/reflexiones-palabra-de-dios.jpg?fit=1200%2C630&resize=350%2C200 1x, https:\/\/i0.wp.com\/vincentians.com\/es\/wp-content\/uploads\/sites\/11\/2016\/07\/reflexiones-palabra-de-dios.jpg?fit=1200%2C630&resize=525%2C300 1.5x, https:\/\/i0.wp.com\/vincentians.com\/es\/wp-content\/uploads\/sites\/11\/2016\/07\/reflexiones-palabra-de-dios.jpg?fit=1200%2C630&resize=700%2C400 2x, https:\/\/i0.wp.com\/vincentians.com\/es\/wp-content\/uploads\/sites\/11\/2016\/07\/reflexiones-palabra-de-dios.jpg?fit=1200%2C630&resize=1050%2C600 3x"},"classes":[]},{"id":129833,"url":"http:\/\/vincentians.com\/es\/la-casa-de-espluga-y-la-persecucion-marxista-1939\/","url_meta":{"origin":38332,"position":5},"title":"La casa de Esplug\u00e1 y la persecuci\u00f3n marxista (1939)","author":"Mitxel Olabu\u00e9naga","date":"10\/03\/2014","format":false,"excerpt":"LA DIVINA PROVIDENCIA A ella exclusivamente hay que atribuir el que esta Casa sea la que menos ha sufrido, de todas las de la Provincia. En efecto, ninguno de sus miembros se ha visto precisado a de\u00adrramar su sangre, y en la parte material, los da\u00f1os son de escasa importancia.\u2026","rel":"","context":"En \u00abHistoria de la Congregaci\u00f3n de la Misi\u00f3n en Espa\u00f1a\u00bb","block_context":{"text":"Historia de la Congregaci\u00f3n de la Misi\u00f3n en Espa\u00f1a","link":"http:\/\/vincentians.com\/es\/category\/historia-de-la-familia-vicenciana\/historia-de-la-congregacion-de-la-mision-en-espana\/"},"img":{"alt_text":"msoB88E3","src":"https:\/\/i0.wp.com\/vicencianos.org\/wp-content\/2014\/02\/msoB88E3.jpg?resize=350%2C200","width":350,"height":200},"classes":[]}],"_links":{"self":[{"href":"http:\/\/vincentians.com\/es\/wp-json\/wp\/v2\/posts\/38332","targetHints":{"allow":["GET"]}}],"collection":[{"href":"http:\/\/vincentians.com\/es\/wp-json\/wp\/v2\/posts"}],"about":[{"href":"http:\/\/vincentians.com\/es\/wp-json\/wp\/v2\/types\/post"}],"author":[{"embeddable":true,"href":"http:\/\/vincentians.com\/es\/wp-json\/wp\/v2\/users\/4"}],"replies":[{"embeddable":true,"href":"http:\/\/vincentians.com\/es\/wp-json\/wp\/v2\/comments?post=38332"}],"version-history":[{"count":0,"href":"http:\/\/vincentians.com\/es\/wp-json\/wp\/v2\/posts\/38332\/revisions"}],"wp:featuredmedia":[{"embeddable":true,"href":"http:\/\/vincentians.com\/es\/wp-json\/"}],"wp:attachment":[{"href":"http:\/\/vincentians.com\/es\/wp-json\/wp\/v2\/media?parent=38332"}],"wp:term":[{"taxonomy":"category","embeddable":true,"href":"http:\/\/vincentians.com\/es\/wp-json\/wp\/v2\/categories?post=38332"},{"taxonomy":"post_tag","embeddable":true,"href":"http:\/\/vincentians.com\/es\/wp-json\/wp\/v2\/tags?post=38332"}],"curies":[{"name":"wp","href":"https:\/\/api.w.org\/{rel}","templated":true}]}}