{"id":38130,"date":"2014-09-04T04:53:19","date_gmt":"2014-09-04T02:53:19","guid":{"rendered":"http:\/\/somos.vicencianos.org\/?p=38130"},"modified":"2016-07-27T12:13:00","modified_gmt":"2016-07-27T10:13:00","slug":"historia-general-de-la-c-m-hasta-el-ano-1720-07-mision-de-madagascar","status":"publish","type":"post","link":"http:\/\/vincentians.com\/es\/historia-general-de-la-c-m-hasta-el-ano-1720-07-mision-de-madagascar\/","title":{"rendered":"Historia general de la C.M., hasta el a\u00f1o 1720 (07. Misi\u00f3n de Madagascar)"},"content":{"rendered":"<div id=\"attachment_38132\" style=\"width: 215px\" class=\"wp-caption alignright\"><a href=\"https:\/\/i0.wp.com\/vicencianos.org\/wp-content\/2011\/05\/vincent_de_paul.jpg\"><img data-recalc-dims=\"1\" loading=\"lazy\" decoding=\"async\" aria-describedby=\"caption-attachment-38132\" class=\"size-medium wp-image-38132\" title=\"San Vicente de Pa\u00fal\" src=\"https:\/\/i0.wp.com\/vicencianos.org\/wp-content\/2011\/05\/vincent_de_paul-205x300.jpg?resize=205%2C300\" alt=\"San Vicente de Pa\u00fal\" width=\"205\" height=\"300\" \/><\/a><p id=\"caption-attachment-38132\" class=\"wp-caption-text\">San Vicente de Pa\u00fal<\/p><\/div>\n<h2><strong>VII. Misi\u00f3n de Madagascar<\/strong><\/h2>\n<p>El general daba tambi\u00e9n a la CM noticias del viaje del sr. \u00c9tienne que hab\u00eda salido de Par\u00eds para la misi\u00f3n de Madagascar hacia el final de la vida del sr. Vicente, y de \u00e9l se habla en la historia de su vida. Escrib\u00eda pues que hab\u00eda recibido cartas suyas fechadas en el Cabo Verde en las costas de Guinea adonde hab\u00eda llegado con sus compa\u00f1eros, un mes despu\u00e9s de su salida de Francia y hab\u00eda dado a bordo del barco durante el viaje una misi\u00f3n a la tripulaci\u00f3n con muchos frutos, haciendo all\u00ed con regularidad la oraci\u00f3n de la tarde y de la ma\u00f1ana, la predicaci\u00f3n dos o tres veces a la semana, las v\u00edsperas cantadas las fiestas y domingos. Este buen misionero hab\u00eda llegado ya por este tiempo con el grupo a Madagascar, de donde escribi\u00f3 al general un relato de su viaje y de sus primeros trabajos, fechado el 13 de enero de 1664, que fue inmediatamente comunicado a las casas de la CM.<\/p>\n<p>En \u00e9l se\u00f1alaba que no hab\u00eda tenido el consuelo de encontrar con vida al sr. Bourdaise, fallecido el 23 de junio de 1657, y que su muerte hab\u00eda estado seguida del relajo y de la disoluci\u00f3n de la mayor parte de los Franceses que se hab\u00edan vuelto imp\u00fadicos hasta el exceso y hasta id\u00f3latras, cr\u00edmenes que atrajeron sobre ellos la c\u00f3lera de Dios. Los insulares masacraron a varios de ellos. Ellos, por su parte, asolaron todo el pa\u00eds, matando el ganado, quemando los pueblos y masacrando despiadadamente a los negros y a los blancos del pa\u00eds sin perdonar a los ni\u00f1os de leche en las diferentes regiones de la isla, la cual estaba totalmente arruinada y reducida a un gran desierto de tal manera como \u00e9l la hab\u00eda encontrado a su llegada con guerras por todas partes, enfermedad y hambre, tres plagas terribles que hab\u00edan sepultado del todo todos los trabajos de los primeros misioneros. El sr. Bourdaise, en particular, era muy echado en falta, y el sr. \u00c9tienne encontr\u00f3 all\u00ed a\u00fan algunos ni\u00f1os que este misionero difunto hab\u00eda bautizado y a unos sesenta adultos que hab\u00eda instruido, solo como se encontraba, con su temperamento tan robusto, se trasloaba a lugares tan distantes, siempre que alguien lo necesitaba, o cuando era necesario detener algunos defectos considerables, expulsaba a las mujeres libertinas, etc. Se dec\u00eda que hab\u00eda convertido a cerca de 600 familias a quienes daba sin falta el catecismo cada d\u00eda, y repart\u00eda la limosna a los pobres y para hacerles subsistir incluso hab\u00eda obtenido del sr. Du Rivau, comandante franc\u00e9s, una vivienda expresa para plantar arroz, ra\u00edces y all\u00ed criar animales; habr\u00eda unos 300 despu\u00e9s de su muerte.<\/p>\n<p>Visitaba todos los meses los poblados vecinos para confirmar en la fe a los cat\u00f3licos y convertir a los otros, bautizando siempre a los ni\u00f1os, en lo que los padres consent\u00edan de buen grado; pero ellos mismos se excusaban so pretexto de que no pod\u00edan aprender las cosas que un cristiano debe saber; pero se trataba m\u00e1s bien de que les costaba mucho renunciar a su impureza y al culto de sus olys.<\/p>\n<p>El sr. Bourdaise hab\u00eda aprendido bien la lengua del pa\u00eds, por eso sobre todo lo quer\u00edan los isle\u00f1os, quienes le llamaban su padre y hablaban de \u00e9l todav\u00eda honrosamente despu\u00e9s de su muerte. No era menos estimado de los franceses que atribu\u00edan a su muerte y a la privaci\u00f3n de los sacerdotes los horribles males de que la isla se ve\u00eda afligida, mientras que antes hab\u00eda gozado de la paz y de la abundancia cuando hab\u00eda tenido obreros evang\u00e9licos. Este buen misionero cogi\u00f3 el mal durante el viaje que hizo para ir a auxiliar al sr. de Champmargou, lugarteniente del sr. Du Rivau, que se encontraba enfermo en su fuerte del valle d\u2019Amboule. Despu\u00e9s de cuatro o cinco d\u00edas de caminar, sin otro alimento que frutos que produce la tierra, se sinti\u00f3 agotado; le pill\u00f3 la fiebre, e hizo su testamento y el inventario de sus muebles o ropas y prohibi\u00f3 a su cirujano que dijese nada de su mal al lugarteniente a quien hab\u00eda ido a ver por miedo a aumentar el suyo. S\u00f3lo se qued\u00f3 alg\u00fan tiempo con \u00e9l, le consol\u00f3, y se volvi\u00f3 a poner en camino para regresar; pero le faltaron las fuerzas del todo y una desnutrici\u00f3n lo llev\u00f3 a la muerte sin poder consumir las hostias que quedaban en el cop\u00f3n. Predijo a los Franceses que si no cambiaban de vida, deb\u00edan atenerse a grandes castigos de parte de Dios.<\/p>\n<p>Cuando el barco del sr. \u00c9tienne hubo llegado, hab\u00eda m\u00e1s de treinta enfermos a quienes hubo que cuidar de llevarlos a alg\u00fan lugar para tratamiento. Se hab\u00edan visto en la obligaci\u00f3n de abandonar la gran iglesia a causa de los ladrones. La capilla donde se custodiaba el sant\u00edsimo Sacramento era estrecha y no pod\u00eda contener m\u00e1s de tres o cuatro personas; se construy\u00f3 entonces una iglesia en menos de ocho d\u00edas con una sacrist\u00eda. All\u00ed se comenz\u00f3 la misi\u00f3n el d\u00eda de san Lucas, para los antiguos habitantes que no se hab\u00edan confesado desde hac\u00eda siete a\u00f1os, y se termin\u00f3 el d\u00eda despu\u00e9s de Todos los Santos, con una procesi\u00f3n solemne en la que los oficiales de la guarnici\u00f3n formaran con las armas en pos del santo Sacramento. Los misioneros compraron unas caba\u00f1as para alojarse, y se construyeron despu\u00e9s a sus expensas bastante c\u00f3modamente para el pa\u00eds, aunque solamente de madera y de hoja; pero esperaban construirse pronto de piedra y cal, habiendo encontrado el arquitecto el medio de cocer buena (sic), y hacer una iglesia mayor que pudiera recibir a 700 u 800 personas, esperando de Francia cuatro grandes barcos. El sr. Blanie, uno de sus compa\u00f1eros hab\u00eda comenzado ya a dar el catecismo en la lenguas del pa\u00eds y a confesar a los adultos; se bautizaba tambi\u00e9n a los ni\u00f1os. El sr. Fracey trabaja por su parte en el fuerte de Imours a tres leguas de all\u00ed, donde hab\u00eda m\u00e1s negros y por lo menos tantos Francesas. Hab\u00eda casado a un obrero llegado de Francia con una negra bautizada por el difunto sr. Bourdaise y le hab\u00edan hecho luego maestro de su poblado para mandar hacer a los negros el huerto y el resto para los trabajos, ocup\u00e1ndose adem\u00e1s de la zapater\u00eda y cantar en la iglesia.<\/p>\n<p>Estos se\u00f1ores casaban tambi\u00e9n a quienes hab\u00edan tenido hasta entonces concubinas. Recibieron en nombre de los misioneros a un joven que hab\u00eda estudiado con los Jesuitas, en Rennes y hab\u00eda pedido entrar desde la salida de Nantes; una vez llegados hab\u00eda preferido su vocaci\u00f3n a la fortuna que le ofrec\u00eda el gobierno queri\u00e9ndole hacer oficial. Ellos se\u00f1alaron que ten\u00edan tambi\u00e9n necesidad de hermanos para cuidar de lo temporal como del hospital en cuya construcci\u00f3n pensaban, a la espera de Hijas de la Caridad, que servir\u00edan \u00fatilmente en el pa\u00eds, tanto para alivio de los enfermos como para la instrucci\u00f3n de las negras, en lo que se advert\u00eda mucha inclinaci\u00f3n de las mujeres cristianas para aprender nuestra santa religi\u00f3n. Se ten\u00eda tambi\u00e9n dos postulantes que ped\u00edan entrar en la Co, de los que uno era m\u00fasico y ense\u00f1aba el canto llano a los ni\u00f1os; el sr. \u00c9tienne da cuenta al general; habla tambi\u00e9n del hermano Patte, que practicaba la cirug\u00eda en el principal fuerte de los Franceses, pero a quien le faltaban medicinas para hacer remedios; as\u00ed pide que se le env\u00eden en el primer viaje. Ten\u00edan otros dos hermanos para coser, la ropa, etc., pero hab\u00eda que ense\u00f1ar la cirug\u00eda a uno de ellos para servir en caso de necesidad. Ruega al sr. Almer\u00e1s que le env\u00ede todos los a\u00f1os nuevos obreros, si faltan la religi\u00f3n no dejar\u00e1 de caer en la isla, como hab\u00eda pasado tras la muerte de los srs. Naquart y Bourdaise. Pero a pesar de ello y de los pocos que somos, mantenemos en buen estado a la comunidad, levantarse a las cuatro, la oraci\u00f3n, el oficio, la misa, sabiendo, dice el sr. \u00c9tienne, que si observamos bien nuestras reglas ellas nos conservar\u00e1n.<\/p>\n<p>Lo asegura para animarle a enviar operarios que no se hallar\u00e1n ya tantos obst\u00e1culos en la isla por parte del libertinaje de los Franceses ni por las guerras y traiciones de los naturales del pa\u00eds, que hab\u00edan sido las dos fuentes de males en el pasado; que parec\u00eda haber provisto Dios permitiendo que casi todos los blancos, los m\u00e1s grandes del pa\u00eds y los mayores enemigos de nuestra santa Fe, arrastrando a los negros a su idolatr\u00eda, hubieran sido masacrados y desde su llegada ven\u00edan de todas partes a pedir la paz en los fuertes que el sr. duque de la Meilleraye hab\u00eda recomendado hacer en toda la isla para poder vivir con seguridad; se hab\u00edan preparado muy sabias y seguras ordenanzas contra los que juraban y blasfemaban bajo pena de picota con una inscripci\u00f3n difamante, o incluso de atravesarles la lengua y de ser castigados con la muerte en caso de reincidir. El gobernador era muy observante, respetuoso en la iglesia, con frecuencia ante el santo Sacramento, frecuentaba los sacramentos, que hasta hab\u00eda pedido perd\u00f3n en p\u00fablico cada vez que los misioneros dieron la comuni\u00f3n despu\u00e9s de su llegada por los malos ejemplos que dec\u00eda que hab\u00eda dado, asegur\u00e1ndoles que estaba resuelto a castigar en adelante todos los esc\u00e1ndalos; por lo dem\u00e1s, estando muy orgulloso de su persona y que siempre hab\u00eda obrado bien en todos los encuentros en que su valor se hab\u00eda puesto a prueba cuando la abundancia del arroz y de las otras provisiones hab\u00eda vuelto a la isla, despu\u00e9s de una sequ\u00eda extrema de tres a\u00f1os.<\/p>\n<p>El sr. \u00c9tienne a\u00f1ade que un oficial franc\u00e9s que ocupaba un puesto en el que hab\u00edan ido a comprar arroz, le hab\u00eda escrito para ir a ese lugar donde hab\u00eda m\u00e1s de veinte mil almas bien dispuestas para la religi\u00f3n y que ir\u00eda a dar una vuelta si se le enviaban operarios; que hab\u00eda estado en la isla con un grande del pa\u00eds en la conversi\u00f3n del cual trabajaba con esperanzas de llegar a buen t\u00e9rmino, habiendo dispuesto ya a varios de sus s\u00fabditos a pedir el bautismo y a dejar sus olys, a pesar de lo unidos que estaban a ellos. Dice por fin que no hac\u00eda viajes sin gran trabajo a causa de los r\u00edos que hay que pasar a la cabeza de los negros cuando no se sabe nadar, adem\u00e1s de que se ve uno obligado a dormir sobre simples esteras y alimentarse de l\u00e1cteos y frutas. A la llegada de los cuatro barcos que se esperaban, se ten\u00eda que construir un fuerte en el cabo de San Agust\u00edn, lugar ideal, donde cabr\u00edan cien hombres y los misioneros dos sacerdotes si se los enviaban, esperando esta oportunidad de tener dos o tres veces al a\u00f1o noticias de Europa, visto que todos los buques que vienen y vuelven de las Indias fondean all\u00ed. Este buen misionero, al final de su relato, ruega al general que le d\u00e9 de vez en cuando noticias suyas, para que, dice, si no tiene la dicha de volverle a ver en la tierra cara a cara, tenga por lo menos la de contemplarle en el enigma y el espejo de su escritura, de lo que sin embargo se considera indigno. Acu\u00e9rdese, a\u00f1ade, de que es usted el \u00fanico despu\u00e9s de Dios quien me da grandes alivios y contenta mis esperanzas. Ens\u00e9\u00f1eme el m\u00e9todo del que me he de servir para la conversi\u00f3n de los infieles y haga el esfuerzo de explic\u00e1rmelo todo al detalle, se lo suplico en el nombre de Jesu Cristo y estoy persuadido de que es por medio de usted como Dios me debe declarar el modo de poner a estas almas bajo el yugo del evangelio, despu\u00e9s de lo cual, mi reverendo Padre, se le suplico arrodillado, porque as\u00ed estoy acabando esta carta, el barco para volver a Francia est\u00e1 apunto de alzar velas y con el mismo respeto que si lo viera presente; me encomiendo a sus oraciones y a las de toda la CM. Las \u00faltimas palabras del relato del sr. \u00c9tienne muestran las excelentes disposiciones de su alma, y que el difunto sr. Vicente hab\u00eda hecho una buena elecci\u00f3n al confiarle esta dura misi\u00f3n. Dios sabe con qu\u00e9 gozo el sr. Almer\u00e1s recibi\u00f3 estas noticias y mand\u00f3 hacer copias de este relato que envi\u00f3 a las casas de la CM y se recibieron en todas partes con una satisfacci\u00f3n incre\u00edble.<\/p>\n<p>(Vide fini, vac\u00edo terminado?)<\/p>\n","protected":false},"excerpt":{"rendered":"<p>VII. Misi\u00f3n de Madagascar El general daba tambi\u00e9n a la CM noticias del viaje del sr. \u00c9tienne que hab\u00eda salido de Par\u00eds para la misi\u00f3n de Madagascar hacia el final de la vida del sr. &#8230; <a href=\"http:\/\/vincentians.com\/es\/historia-general-de-la-c-m-hasta-el-ano-1720-07-mision-de-madagascar\/\" class=\"more-link\">Read More<\/a><\/p>\n","protected":false},"author":5,"featured_media":38132,"comment_status":"open","ping_status":"open","sticky":false,"template":"","format":"standard","meta":{"jetpack_post_was_ever_published":false,"_jetpack_newsletter_access":"","_jetpack_dont_email_post_to_subs":false,"_jetpack_newsletter_tier_id":0,"_jetpack_memberships_contains_paywalled_content":false,"_jetpack_memberships_contains_paid_content":false,"footnotes":"","jetpack_publicize_message":"","jetpack_publicize_feature_enabled":true,"jetpack_social_post_already_shared":true,"jetpack_social_options":{"image_generator_settings":{"template":"highway","default_image_id":0,"font":"","enabled":false},"version":2}},"categories":[214],"tags":[230,315],"class_list":["post-38130","post","type-post","status-publish","format-standard","has-post-thumbnail","hentry","category-historia-de-la-congregacion-de-la-mision","tag-almeras","tag-naquart"],"yoast_head":"<!-- This site is optimized with the Yoast SEO plugin v26.3 - https:\/\/yoast.com\/wordpress\/plugins\/seo\/ -->\n<title>Historia general de la C.M., hasta el a\u00f1o 1720 (07. Misi\u00f3n de Madagascar) - Somos Vicencianos<\/title>\n<meta name=\"robots\" content=\"index, follow, max-snippet:-1, max-image-preview:large, max-video-preview:-1\" \/>\n<link rel=\"canonical\" href=\"http:\/\/vincentians.com\/es\/historia-general-de-la-c-m-hasta-el-ano-1720-07-mision-de-madagascar\/\" \/>\n<meta property=\"og:locale\" content=\"es_ES\" \/>\n<meta property=\"og:type\" content=\"article\" \/>\n<meta property=\"og:title\" content=\"Historia general de la C.M., hasta el a\u00f1o 1720 (07. Misi\u00f3n de Madagascar) - Somos Vicencianos\" \/>\n<meta property=\"og:description\" content=\"VII. Misi\u00f3n de Madagascar El general daba tambi\u00e9n a la CM noticias del viaje del sr. \u00c9tienne que hab\u00eda salido de Par\u00eds para la misi\u00f3n de Madagascar hacia el final de la vida del sr. ... Read More\" \/>\n<meta property=\"og:url\" content=\"http:\/\/vincentians.com\/es\/historia-general-de-la-c-m-hasta-el-ano-1720-07-mision-de-madagascar\/\" \/>\n<meta property=\"og:site_name\" content=\"Somos Vicencianos\" \/>\n<meta property=\"article:publisher\" content=\"https:\/\/www.facebook.com\/WeAreVincentians\/\" \/>\n<meta property=\"article:published_time\" content=\"2014-09-04T02:53:19+00:00\" \/>\n<meta property=\"article:modified_time\" content=\"2016-07-27T10:13:00+00:00\" \/>\n<meta name=\"author\" content=\"Mitxel Olabu\u00e9naga\" \/>\n<meta name=\"twitter:card\" content=\"summary_large_image\" \/>\n<meta name=\"twitter:creator\" content=\"@WeVincentians\" \/>\n<meta name=\"twitter:site\" content=\"@WeVincentians\" \/>\n<meta name=\"twitter:label1\" content=\"Escrito por\" \/>\n\t<meta name=\"twitter:data1\" content=\"Mitxel Olabu\u00e9naga\" \/>\n\t<meta name=\"twitter:label2\" content=\"Tiempo de lectura\" \/>\n\t<meta name=\"twitter:data2\" content=\"11 minutos\" \/>\n<script type=\"application\/ld+json\" class=\"yoast-schema-graph\">{\"@context\":\"https:\/\/schema.org\",\"@graph\":[{\"@type\":\"Article\",\"@id\":\"http:\/\/vincentians.com\/es\/historia-general-de-la-c-m-hasta-el-ano-1720-07-mision-de-madagascar\/#article\",\"isPartOf\":{\"@id\":\"http:\/\/vincentians.com\/es\/historia-general-de-la-c-m-hasta-el-ano-1720-07-mision-de-madagascar\/\"},\"author\":{\"name\":\"Mitxel Olabu\u00e9naga\",\"@id\":\"http:\/\/vincentians.com\/es\/#\/schema\/person\/7c2670b4445a7ca9d164ea6acdb31859\"},\"headline\":\"Historia general de la C.M., hasta el a\u00f1o 1720 (07. Misi\u00f3n de Madagascar)\",\"datePublished\":\"2014-09-04T02:53:19+00:00\",\"dateModified\":\"2016-07-27T10:13:00+00:00\",\"mainEntityOfPage\":{\"@id\":\"http:\/\/vincentians.com\/es\/historia-general-de-la-c-m-hasta-el-ano-1720-07-mision-de-madagascar\/\"},\"wordCount\":2311,\"commentCount\":0,\"publisher\":{\"@id\":\"http:\/\/vincentians.com\/es\/#organization\"},\"image\":{\"@id\":\"http:\/\/vincentians.com\/es\/historia-general-de-la-c-m-hasta-el-ano-1720-07-mision-de-madagascar\/#primaryimage\"},\"thumbnailUrl\":\"\",\"keywords\":[\"Almer\u00e1s\",\"Naquart\"],\"articleSection\":[\"Historia de la Congregaci\u00f3n de la Misi\u00f3n\"],\"inLanguage\":\"es\",\"potentialAction\":[{\"@type\":\"CommentAction\",\"name\":\"Comment\",\"target\":[\"http:\/\/vincentians.com\/es\/historia-general-de-la-c-m-hasta-el-ano-1720-07-mision-de-madagascar\/#respond\"]}]},{\"@type\":\"WebPage\",\"@id\":\"http:\/\/vincentians.com\/es\/historia-general-de-la-c-m-hasta-el-ano-1720-07-mision-de-madagascar\/\",\"url\":\"http:\/\/vincentians.com\/es\/historia-general-de-la-c-m-hasta-el-ano-1720-07-mision-de-madagascar\/\",\"name\":\"Historia general de la C.M., hasta el a\u00f1o 1720 (07. Misi\u00f3n de Madagascar) - Somos Vicencianos\",\"isPartOf\":{\"@id\":\"http:\/\/vincentians.com\/es\/#website\"},\"primaryImageOfPage\":{\"@id\":\"http:\/\/vincentians.com\/es\/historia-general-de-la-c-m-hasta-el-ano-1720-07-mision-de-madagascar\/#primaryimage\"},\"image\":{\"@id\":\"http:\/\/vincentians.com\/es\/historia-general-de-la-c-m-hasta-el-ano-1720-07-mision-de-madagascar\/#primaryimage\"},\"thumbnailUrl\":\"\",\"datePublished\":\"2014-09-04T02:53:19+00:00\",\"dateModified\":\"2016-07-27T10:13:00+00:00\",\"breadcrumb\":{\"@id\":\"http:\/\/vincentians.com\/es\/historia-general-de-la-c-m-hasta-el-ano-1720-07-mision-de-madagascar\/#breadcrumb\"},\"inLanguage\":\"es\",\"potentialAction\":[{\"@type\":\"ReadAction\",\"target\":[\"http:\/\/vincentians.com\/es\/historia-general-de-la-c-m-hasta-el-ano-1720-07-mision-de-madagascar\/\"]}]},{\"@type\":\"ImageObject\",\"inLanguage\":\"es\",\"@id\":\"http:\/\/vincentians.com\/es\/historia-general-de-la-c-m-hasta-el-ano-1720-07-mision-de-madagascar\/#primaryimage\",\"url\":\"\",\"contentUrl\":\"\"},{\"@type\":\"BreadcrumbList\",\"@id\":\"http:\/\/vincentians.com\/es\/historia-general-de-la-c-m-hasta-el-ano-1720-07-mision-de-madagascar\/#breadcrumb\",\"itemListElement\":[{\"@type\":\"ListItem\",\"position\":1,\"name\":\"Portada\",\"item\":\"http:\/\/vincentians.com\/es\/\"},{\"@type\":\"ListItem\",\"position\":2,\"name\":\"Historia general de la C.M., hasta el a\u00f1o 1720 (07. Misi\u00f3n de Madagascar)\"}]},{\"@type\":\"WebSite\",\"@id\":\"http:\/\/vincentians.com\/es\/#website\",\"url\":\"http:\/\/vincentians.com\/es\/\",\"name\":\"Somos Vicencianos\",\"description\":\"Know more to serve more\",\"publisher\":{\"@id\":\"http:\/\/vincentians.com\/es\/#organization\"},\"potentialAction\":[{\"@type\":\"SearchAction\",\"target\":{\"@type\":\"EntryPoint\",\"urlTemplate\":\"http:\/\/vincentians.com\/es\/?s={search_term_string}\"},\"query-input\":{\"@type\":\"PropertyValueSpecification\",\"valueRequired\":true,\"valueName\":\"search_term_string\"}}],\"inLanguage\":\"es\"},{\"@type\":\"Organization\",\"@id\":\"http:\/\/vincentians.com\/es\/#organization\",\"name\":\"The Vincentian Network\",\"url\":\"http:\/\/vincentians.com\/es\/\",\"logo\":{\"@type\":\"ImageObject\",\"inLanguage\":\"es\",\"@id\":\"http:\/\/vincentians.com\/es\/#\/schema\/logo\/image\/\",\"url\":\"https:\/\/i1.wp.com\/vincentians.com\/es\/wp-content\/uploads\/sites\/11\/2016\/06\/Vincentian-Network-logo-big.png?fit=778%2C778\",\"contentUrl\":\"https:\/\/i1.wp.com\/vincentians.com\/es\/wp-content\/uploads\/sites\/11\/2016\/06\/Vincentian-Network-logo-big.png?fit=778%2C778\",\"width\":778,\"height\":778,\"caption\":\"The Vincentian Network\"},\"image\":{\"@id\":\"http:\/\/vincentians.com\/es\/#\/schema\/logo\/image\/\"},\"sameAs\":[\"https:\/\/www.facebook.com\/WeAreVincentians\/\",\"https:\/\/x.com\/WeVincentians\"]},{\"@type\":\"Person\",\"@id\":\"http:\/\/vincentians.com\/es\/#\/schema\/person\/7c2670b4445a7ca9d164ea6acdb31859\",\"name\":\"Mitxel Olabu\u00e9naga\",\"image\":{\"@type\":\"ImageObject\",\"inLanguage\":\"es\",\"@id\":\"http:\/\/vincentians.com\/es\/#\/schema\/person\/image\/\",\"url\":\"https:\/\/secure.gravatar.com\/avatar\/34137ec2e2b8939cbbed975731e71f3f4f1defc7266ded337a5ce0f925426877?s=96&d=mm&r=g\",\"contentUrl\":\"https:\/\/secure.gravatar.com\/avatar\/34137ec2e2b8939cbbed975731e71f3f4f1defc7266ded337a5ce0f925426877?s=96&d=mm&r=g\",\"caption\":\"Mitxel Olabu\u00e9naga\"},\"url\":\"http:\/\/vincentians.com\/es\/author\/mitxel\/\"}]}<\/script>\n<!-- \/ Yoast SEO plugin. -->","yoast_head_json":{"title":"Historia general de la C.M., hasta el a\u00f1o 1720 (07. Misi\u00f3n de Madagascar) - Somos Vicencianos","robots":{"index":"index","follow":"follow","max-snippet":"max-snippet:-1","max-image-preview":"max-image-preview:large","max-video-preview":"max-video-preview:-1"},"canonical":"http:\/\/vincentians.com\/es\/historia-general-de-la-c-m-hasta-el-ano-1720-07-mision-de-madagascar\/","og_locale":"es_ES","og_type":"article","og_title":"Historia general de la C.M., hasta el a\u00f1o 1720 (07. Misi\u00f3n de Madagascar) - Somos Vicencianos","og_description":"VII. Misi\u00f3n de Madagascar El general daba tambi\u00e9n a la CM noticias del viaje del sr. \u00c9tienne que hab\u00eda salido de Par\u00eds para la misi\u00f3n de Madagascar hacia el final de la vida del sr. ... Read More","og_url":"http:\/\/vincentians.com\/es\/historia-general-de-la-c-m-hasta-el-ano-1720-07-mision-de-madagascar\/","og_site_name":"Somos Vicencianos","article_publisher":"https:\/\/www.facebook.com\/WeAreVincentians\/","article_published_time":"2014-09-04T02:53:19+00:00","article_modified_time":"2016-07-27T10:13:00+00:00","author":"Mitxel Olabu\u00e9naga","twitter_card":"summary_large_image","twitter_creator":"@WeVincentians","twitter_site":"@WeVincentians","twitter_misc":{"Escrito por":"Mitxel Olabu\u00e9naga","Tiempo de lectura":"11 minutos"},"schema":{"@context":"https:\/\/schema.org","@graph":[{"@type":"Article","@id":"http:\/\/vincentians.com\/es\/historia-general-de-la-c-m-hasta-el-ano-1720-07-mision-de-madagascar\/#article","isPartOf":{"@id":"http:\/\/vincentians.com\/es\/historia-general-de-la-c-m-hasta-el-ano-1720-07-mision-de-madagascar\/"},"author":{"name":"Mitxel Olabu\u00e9naga","@id":"http:\/\/vincentians.com\/es\/#\/schema\/person\/7c2670b4445a7ca9d164ea6acdb31859"},"headline":"Historia general de la C.M., hasta el a\u00f1o 1720 (07. Misi\u00f3n de Madagascar)","datePublished":"2014-09-04T02:53:19+00:00","dateModified":"2016-07-27T10:13:00+00:00","mainEntityOfPage":{"@id":"http:\/\/vincentians.com\/es\/historia-general-de-la-c-m-hasta-el-ano-1720-07-mision-de-madagascar\/"},"wordCount":2311,"commentCount":0,"publisher":{"@id":"http:\/\/vincentians.com\/es\/#organization"},"image":{"@id":"http:\/\/vincentians.com\/es\/historia-general-de-la-c-m-hasta-el-ano-1720-07-mision-de-madagascar\/#primaryimage"},"thumbnailUrl":"","keywords":["Almer\u00e1s","Naquart"],"articleSection":["Historia de la Congregaci\u00f3n de la Misi\u00f3n"],"inLanguage":"es","potentialAction":[{"@type":"CommentAction","name":"Comment","target":["http:\/\/vincentians.com\/es\/historia-general-de-la-c-m-hasta-el-ano-1720-07-mision-de-madagascar\/#respond"]}]},{"@type":"WebPage","@id":"http:\/\/vincentians.com\/es\/historia-general-de-la-c-m-hasta-el-ano-1720-07-mision-de-madagascar\/","url":"http:\/\/vincentians.com\/es\/historia-general-de-la-c-m-hasta-el-ano-1720-07-mision-de-madagascar\/","name":"Historia general de la C.M., hasta el a\u00f1o 1720 (07. Misi\u00f3n de Madagascar) - Somos Vicencianos","isPartOf":{"@id":"http:\/\/vincentians.com\/es\/#website"},"primaryImageOfPage":{"@id":"http:\/\/vincentians.com\/es\/historia-general-de-la-c-m-hasta-el-ano-1720-07-mision-de-madagascar\/#primaryimage"},"image":{"@id":"http:\/\/vincentians.com\/es\/historia-general-de-la-c-m-hasta-el-ano-1720-07-mision-de-madagascar\/#primaryimage"},"thumbnailUrl":"","datePublished":"2014-09-04T02:53:19+00:00","dateModified":"2016-07-27T10:13:00+00:00","breadcrumb":{"@id":"http:\/\/vincentians.com\/es\/historia-general-de-la-c-m-hasta-el-ano-1720-07-mision-de-madagascar\/#breadcrumb"},"inLanguage":"es","potentialAction":[{"@type":"ReadAction","target":["http:\/\/vincentians.com\/es\/historia-general-de-la-c-m-hasta-el-ano-1720-07-mision-de-madagascar\/"]}]},{"@type":"ImageObject","inLanguage":"es","@id":"http:\/\/vincentians.com\/es\/historia-general-de-la-c-m-hasta-el-ano-1720-07-mision-de-madagascar\/#primaryimage","url":"","contentUrl":""},{"@type":"BreadcrumbList","@id":"http:\/\/vincentians.com\/es\/historia-general-de-la-c-m-hasta-el-ano-1720-07-mision-de-madagascar\/#breadcrumb","itemListElement":[{"@type":"ListItem","position":1,"name":"Portada","item":"http:\/\/vincentians.com\/es\/"},{"@type":"ListItem","position":2,"name":"Historia general de la C.M., hasta el a\u00f1o 1720 (07. Misi\u00f3n de Madagascar)"}]},{"@type":"WebSite","@id":"http:\/\/vincentians.com\/es\/#website","url":"http:\/\/vincentians.com\/es\/","name":"Somos Vicencianos","description":"Know more to serve more","publisher":{"@id":"http:\/\/vincentians.com\/es\/#organization"},"potentialAction":[{"@type":"SearchAction","target":{"@type":"EntryPoint","urlTemplate":"http:\/\/vincentians.com\/es\/?s={search_term_string}"},"query-input":{"@type":"PropertyValueSpecification","valueRequired":true,"valueName":"search_term_string"}}],"inLanguage":"es"},{"@type":"Organization","@id":"http:\/\/vincentians.com\/es\/#organization","name":"The Vincentian Network","url":"http:\/\/vincentians.com\/es\/","logo":{"@type":"ImageObject","inLanguage":"es","@id":"http:\/\/vincentians.com\/es\/#\/schema\/logo\/image\/","url":"https:\/\/i1.wp.com\/vincentians.com\/es\/wp-content\/uploads\/sites\/11\/2016\/06\/Vincentian-Network-logo-big.png?fit=778%2C778","contentUrl":"https:\/\/i1.wp.com\/vincentians.com\/es\/wp-content\/uploads\/sites\/11\/2016\/06\/Vincentian-Network-logo-big.png?fit=778%2C778","width":778,"height":778,"caption":"The Vincentian Network"},"image":{"@id":"http:\/\/vincentians.com\/es\/#\/schema\/logo\/image\/"},"sameAs":["https:\/\/www.facebook.com\/WeAreVincentians\/","https:\/\/x.com\/WeVincentians"]},{"@type":"Person","@id":"http:\/\/vincentians.com\/es\/#\/schema\/person\/7c2670b4445a7ca9d164ea6acdb31859","name":"Mitxel Olabu\u00e9naga","image":{"@type":"ImageObject","inLanguage":"es","@id":"http:\/\/vincentians.com\/es\/#\/schema\/person\/image\/","url":"https:\/\/secure.gravatar.com\/avatar\/34137ec2e2b8939cbbed975731e71f3f4f1defc7266ded337a5ce0f925426877?s=96&d=mm&r=g","contentUrl":"https:\/\/secure.gravatar.com\/avatar\/34137ec2e2b8939cbbed975731e71f3f4f1defc7266ded337a5ce0f925426877?s=96&d=mm&r=g","caption":"Mitxel Olabu\u00e9naga"},"url":"http:\/\/vincentians.com\/es\/author\/mitxel\/"}]}},"jetpack_publicize_connections":[],"jetpack_featured_media_url":"","jetpack_sharing_enabled":true,"jetpack_shortlink":"https:\/\/wp.me\/p7ETMF-9V0","jetpack-related-posts":[{"id":120719,"url":"http:\/\/vincentians.com\/es\/mision-ad-gentes-en-la-familia-vicenciana\/","url_meta":{"origin":38130,"position":0},"title":"Misi\u00f3n Ad Gentes en la Familia Vicenciana","author":"Francisco Javier Fern\u00e1ndez Chento","date":"19\/10\/2022","format":false,"excerpt":"Propuesta Mi propuesta para el tema de la misi\u00f3n ad gentes es muy sencilla. El compromiso con \"misiones ad gentes\", est\u00e1 en los funda\u00admentos de nuestra propia espiritualidad y carisma. Forma parte de nuestro ser. Una caracter\u00edstica a la que no hemos prestado excesiva atenci\u00f3n. Pero aunque no la hemos\u2026","rel":"","context":"En \u00abMisiones \u00abAd gentes\u00bb\u00bb","block_context":{"text":"Misiones \u00abAd gentes\u00bb","link":"http:\/\/vincentians.com\/es\/category\/servicios-y-ministerios\/misiones-ad-gentes\/"},"img":{"alt_text":"","src":"https:\/\/i0.wp.com\/vincentians.com\/es\/wp-content\/uploads\/sites\/11\/2015\/02\/St_Vincent_De_Paul_-bible-1.jpg?fit=1200%2C630&resize=350%2C200","width":350,"height":200,"srcset":"https:\/\/i0.wp.com\/vincentians.com\/es\/wp-content\/uploads\/sites\/11\/2015\/02\/St_Vincent_De_Paul_-bible-1.jpg?fit=1200%2C630&resize=350%2C200 1x, https:\/\/i0.wp.com\/vincentians.com\/es\/wp-content\/uploads\/sites\/11\/2015\/02\/St_Vincent_De_Paul_-bible-1.jpg?fit=1200%2C630&resize=525%2C300 1.5x, https:\/\/i0.wp.com\/vincentians.com\/es\/wp-content\/uploads\/sites\/11\/2015\/02\/St_Vincent_De_Paul_-bible-1.jpg?fit=1200%2C630&resize=700%2C400 2x, https:\/\/i0.wp.com\/vincentians.com\/es\/wp-content\/uploads\/sites\/11\/2015\/02\/St_Vincent_De_Paul_-bible-1.jpg?fit=1200%2C630&resize=1050%2C600 3x"},"classes":[]},{"id":129920,"url":"http:\/\/vincentians.com\/es\/san-vicente-de-paul-su-vida-su-tiempo-sus-obras-su-influencia-libro-6-capitulo-4-b\/","url_meta":{"origin":38130,"position":1},"title":"San Vicente de Pa\u00fal. Su vida, su tiempo; sus obras, su influencia. Libro 6, cap\u00edtulo 4 (b)","author":"Francisco Javier Fern\u00e1ndez Chento","date":"24\/01\/2015","format":false,"excerpt":"Cap\u00edtulo IV: Misiones extranjeras (cont.) Art\u00edculo Segundo: Otras Misiones extranjeras. I. Misiones de Bourbon y de la Isla de Francia. Las Islas de Bourbon y de Mauricio, \u00e9sta llamada en 1721 Isla de Francia fueron Islas de Madagascar bajo el aspecto religioso como bajo el aspecto pol\u00edtico, esperando que, adultas\u2026","rel":"","context":"En \u00abVicente de Pa\u00fal\u00bb","block_context":{"text":"Vicente de Pa\u00fal","link":"http:\/\/vincentians.com\/es\/category\/la-familia-vicenciana\/fundadores\/vicente-de-paul\/"},"img":{"alt_text":"","src":"","width":0,"height":0},"classes":[]},{"id":42334,"url":"http:\/\/vincentians.com\/es\/historia-general-de-la-c-m-hasta-el-ano-1720-36-misioneros-de-argel-y-de-madagascar\/","url_meta":{"origin":38130,"position":2},"title":"Historia general de la C.M., hasta el a\u00f1o 1720 (36. Misioneros de Argel, y de Madagascar)","author":"Mitxel Olabu\u00e9naga","date":"17\/12\/2014","format":false,"excerpt":"San Vicente de Pa\u00fal XXXVI. Misioneros de Argel, y de Madagascar Se recib\u00edan de vez en cuando noticias del sr. Levacher, que desde la muerte del S.Vicente, continuaba trabajando en Argel, en Berber\u00eda, al servicio y alivio de los pobres esclavos cristianos, como lo hab\u00edan hecho el sr. Julian Guar\u00edn\u2026","rel":"","context":"En \u00abHistoria de la Congregaci\u00f3n de la Misi\u00f3n\u00bb","block_context":{"text":"Historia de la Congregaci\u00f3n de la Misi\u00f3n","link":"http:\/\/vincentians.com\/es\/category\/historia-de-la-familia-vicenciana\/historia-de-la-congregacion-de-la-mision\/"},"img":{"alt_text":"San Vicente de Pa\u00fal","src":"https:\/\/i0.wp.com\/vicencianos.org\/wp-content\/2011\/05\/vincent_de_paul-205x300.jpg?resize=350%2C200","width":350,"height":200},"classes":[]},{"id":25290,"url":"http:\/\/vincentians.com\/es\/vicariato-apostolico-de-madagascar-sur\/","url_meta":{"origin":38130,"position":3},"title":"Vicariato Apost\u00f3lico de Madagascar (Sur)","author":"Mitxel Olabu\u00e9naga","date":"04\/08\/2013","format":false,"excerpt":"VICARIATO APOST\u00d3LICO DE MADAGASCAR (SUR) I \"Un gran campo se nos ha abierto\", dec\u00eda San Vicente de Pa\u00fal \u00e1 sus misioneros, cuando en 1648 les anunciaba que la Sagrada Congregaci\u00f3n de la Propaganda hab\u00eda escogido nuestra Congregaci\u00f3n para que llevase la luz del Evangelio \u00e1 la isla de Madagascar. Ninguna\u2026","rel":"","context":"En \u00abCongregaci\u00f3n de la Misi\u00f3n\u00bb","block_context":{"text":"Congregaci\u00f3n de la Misi\u00f3n","link":"http:\/\/vincentians.com\/es\/category\/la-familia-vicenciana\/ramas\/congregacion-de-la-mision\/"},"img":{"alt_text":"","src":"https:\/\/i0.wp.com\/vicencianos.org\/wp-content\/2010\/12\/ruta-reunion1-300x186.jpg?resize=350%2C200","width":350,"height":200},"classes":[]},{"id":124206,"url":"http:\/\/vincentians.com\/es\/vicente-de-paul-id-por-todo-el-mundo\/","url_meta":{"origin":38130,"position":4},"title":"Vicente de Pa\u00fal: Id por todo el mundo","author":"Francisco Javier Fern\u00e1ndez Chento","date":"23\/03\/2023","format":false,"excerpt":"El gran ideal del P. Vicente de Pa\u00fal era la renovaci\u00f3n de la Iglesia cat\u00f3lica de Francia. Pero sab\u00eda que la Iglesia es una instituci\u00f3n universal enviada por el Se\u00f1or al mundo entero. Por ello valoraba en gran manera la posici\u00f3n del Santo Padre dentro del sistema eclesial y sosten\u00eda\u2026","rel":"","context":"En \u00abVicente de Pa\u00fal\u00bb","block_context":{"text":"Vicente de Pa\u00fal","link":"http:\/\/vincentians.com\/es\/category\/la-familia-vicenciana\/fundadores\/vicente-de-paul\/"},"img":{"alt_text":"","src":"https:\/\/i0.wp.com\/vincentians.com\/es\/wp-content\/uploads\/sites\/11\/2013\/05\/d.jpg?fit=1200%2C799&resize=350%2C200","width":350,"height":200,"srcset":"https:\/\/i0.wp.com\/vincentians.com\/es\/wp-content\/uploads\/sites\/11\/2013\/05\/d.jpg?fit=1200%2C799&resize=350%2C200 1x, https:\/\/i0.wp.com\/vincentians.com\/es\/wp-content\/uploads\/sites\/11\/2013\/05\/d.jpg?fit=1200%2C799&resize=525%2C300 1.5x, https:\/\/i0.wp.com\/vincentians.com\/es\/wp-content\/uploads\/sites\/11\/2013\/05\/d.jpg?fit=1200%2C799&resize=700%2C400 2x, https:\/\/i0.wp.com\/vincentians.com\/es\/wp-content\/uploads\/sites\/11\/2013\/05\/d.jpg?fit=1200%2C799&resize=1050%2C600 3x"},"classes":[]},{"id":131909,"url":"http:\/\/vincentians.com\/es\/el-senor-vicente-relee-su-vida-xi\/","url_meta":{"origin":38130,"position":5},"title":"El se\u00f1or Vicente relee su vida (XI)","author":"Francisco Javier Fern\u00e1ndez Chento","date":"21\/12\/2014","format":false,"excerpt":"Y las Damas continuaron su asistencia. Hombres de oraci\u00f3n En medio de tantas ocupaciones, he puesto todo el inter\u00e9s en seguir fiel al estudio, especialmente en teolog\u00eda. Hubo en particular que hacer frente a las teor\u00edas de Ba\u00efus despu\u00e9s de Jansenio y Arnaud . En efecto, en 1637 yo hab\u00eda\u2026","rel":"","context":"En \u00abVicente de Pa\u00fal\u00bb","block_context":{"text":"Vicente de Pa\u00fal","link":"http:\/\/vincentians.com\/es\/category\/la-familia-vicenciana\/fundadores\/vicente-de-paul\/"},"img":{"alt_text":"corazon","src":"https:\/\/i0.wp.com\/vicencianos.org\/wp-content\/2014\/12\/corazon-289x300.jpg?resize=350%2C200","width":350,"height":200},"classes":[]}],"_links":{"self":[{"href":"http:\/\/vincentians.com\/es\/wp-json\/wp\/v2\/posts\/38130","targetHints":{"allow":["GET"]}}],"collection":[{"href":"http:\/\/vincentians.com\/es\/wp-json\/wp\/v2\/posts"}],"about":[{"href":"http:\/\/vincentians.com\/es\/wp-json\/wp\/v2\/types\/post"}],"author":[{"embeddable":true,"href":"http:\/\/vincentians.com\/es\/wp-json\/wp\/v2\/users\/5"}],"replies":[{"embeddable":true,"href":"http:\/\/vincentians.com\/es\/wp-json\/wp\/v2\/comments?post=38130"}],"version-history":[{"count":0,"href":"http:\/\/vincentians.com\/es\/wp-json\/wp\/v2\/posts\/38130\/revisions"}],"wp:featuredmedia":[{"embeddable":true,"href":"http:\/\/vincentians.com\/es\/wp-json\/"}],"wp:attachment":[{"href":"http:\/\/vincentians.com\/es\/wp-json\/wp\/v2\/media?parent=38130"}],"wp:term":[{"taxonomy":"category","embeddable":true,"href":"http:\/\/vincentians.com\/es\/wp-json\/wp\/v2\/categories?post=38130"},{"taxonomy":"post_tag","embeddable":true,"href":"http:\/\/vincentians.com\/es\/wp-json\/wp\/v2\/tags?post=38130"}],"curies":[{"name":"wp","href":"https:\/\/api.w.org\/{rel}","templated":true}]}}