{"id":38063,"date":"2014-03-06T01:35:37","date_gmt":"2014-03-06T00:35:37","guid":{"rendered":"http:\/\/somos.vicencianos.org\/blog\/2011\/05\/el-senor-vicente-visto-por-su-secretario-luis-robineau-articulos-176-al-180\/"},"modified":"2014-03-06T01:35:37","modified_gmt":"2014-03-06T00:35:37","slug":"el-senor-vicente-visto-por-su-secretario-luis-robineau-articulos-176-al-180","status":"publish","type":"post","link":"http:\/\/vincentians.com\/es\/el-senor-vicente-visto-por-su-secretario-luis-robineau-articulos-176-al-180\/","title":{"rendered":"El se\u00f1or Vicente visto por su secretario, Luis Robineau. Art\u00edculos 176 al 180"},"content":{"rendered":"<h2><em>176.<strong> <\/strong><\/em>C\u00f3mo soport\u00f3 las injurias del Se\u00f1or de Billebat<\/h2>\n<p>Lo que tambi\u00e9n demuestra la paciencia admirable del Se\u00f1or Vicen\u00adte es la manera con la que alguno de nuesros Hermanos ha contado en las conferencias, que se han tenido, lo que tuvo que sufrir un d\u00eda, a este prop\u00f3sito, del Se\u00f1or de Billebat (que no conoc\u00eda al Se\u00f1or Vicen\u00adte), con las palabras injuriosas y ofensivas que le dijo, y que el Se\u00f1or Vicente aguant\u00f3 con mucha paciencia. Esto sucedi\u00f3, porque este hombre se hab\u00eda imaginado que, cuando el Se\u00f1or Vicente iba a visitar nuestros bosques, en realidad iba a cazar. Pero este Se\u00f1or, como se encontrara con una persona de aquella tierra, le pregunt\u00f3 qui\u00e9n era el sacerdote que andaba por el bosque. Y como le dijera que era el Se\u00f1or Vicente, entonces se volvi\u00f3 para atr\u00e1s y a rienda suelta, como suele decirse, corri\u00f3 tras el Se\u00f1or Vicente precisamente no para inju\u00adriarle, sino para pedirle perd\u00f3n por su imprudencia y por el mal trato que le hab\u00eda dado.<span id='easy-footnote-1-38063' class='easy-footnote-margin-adjust'><\/span><span class='easy-footnote'><a href='http:\/\/vincentians.com\/es\/el-senor-vicente-visto-por-su-secretario-luis-robineau-articulos-176-al-180\/#easy-footnote-bottom-1-38063' title='Tolera al Sr. de Billebat.&lt;\/p&gt;\n&lt;p&gt;Nombre e incidentes ausentes en la &lt;strong&gt;Vie &lt;\/strong&gt;de Abelly y de las otras de Vicente de Pa\u00fal.'><sup>1<\/sup><\/a><\/span>\n<h2><em><strong>177. <\/strong><\/em><strong><em>Humildad, cuando ciertas dificultades del Se\u00f1or J.J. Olier.<\/em><\/strong><\/h2>\n<p>En cuanto a lo que sucedi\u00f3 en San Sulpicio a prop\u00f3sito del difunto Abad Olier, uno de nuestros Hermanos ha relatado lo ocurrido muy detalladamente, hablando de la humildad del Se\u00f1or Vicente; por eso, no dir\u00e9 aqu\u00ed nada relacionado con lo que \u00e9l ha dicho.<span id='easy-footnote-2-38063' class='easy-footnote-margin-adjust'><\/span><span class='easy-footnote'><a href='http:\/\/vincentians.com\/es\/el-senor-vicente-visto-por-su-secretario-luis-robineau-articulos-176-al-180\/#easy-footnote-bottom-2-38063' title='Humildad cuando ciertas dificultades con el Sr. J.J. Olier. Cf. Ap\u00e9n\u00addice, cap\u00edtulo in\u00e9dito de la Vida de San Vicente de Pa\u00fal por Abelly, publicada por Faillon, 1873.'><sup>2<\/sup><\/a><\/span>\n<h2><em>178.<\/em><strong><em> <\/em><\/strong><em>Humildad en la reuni\u00f3n de las Damas.<\/em><\/h2>\n<p>El acto que realiz\u00f3 por estar un d\u00eda presente el Se\u00f1or Lectoral en la reuni\u00f3n de las Damas de la Caridad, estando tambi\u00e9n presente el Se\u00f1or Vicente, nos descubre a su vez una muestra de su paciencia, as\u00ed como de su mucha humildad. Y como ya hemos descrito muy al detalle este hecho en el Cuaderno de la Humildad, f\u00bb y, v<sup>2<\/sup>, no a\u00f1adire\u00admos aqu\u00ed nada m\u00e1s.<\/p>\n<p><em>Al margen: Cuaderno de la humildad, j y, v<sup>2<\/sup>.<\/em><span id='easy-footnote-3-38063' class='easy-footnote-margin-adjust'><\/span><span class='easy-footnote'><a href='http:\/\/vincentians.com\/es\/el-senor-vicente-visto-por-su-secretario-luis-robineau-articulos-176-al-180\/#easy-footnote-bottom-3-38063' title='Humildad en la reuni\u00f3n de las Damas. (Cf. Nota n\u00ba 35).'><sup>3<\/sup><\/a><\/span>\n<h2><em>179. <\/em><strong><em><\/em><\/strong><strong><em>El Se\u00f1or Vicente anda y se traslada a pesar de su mal de piernas.<\/em><\/strong><\/h2>\n<p>Algunas veces he quedado admirado al verlo andar y moverse, como lo hac\u00eda con el mal que ten\u00eda en las piernas, que no pod\u00eda menos de hacerle sufrir mucho, pues ten\u00eda una llaga cerca del tobillo, y sus rodillas, igual que sus piernas, estaban hinchadas durante una buena parte del tiempo, hinchaz\u00f3n, que le hab\u00eda sobrevenido hac\u00eda unos 30 \u00f3 40 a\u00f1os y que, veros\u00edmilmente, proven\u00eda del mal que hab\u00eda sufrido durante su cautividad en Berber\u00eda. Y, sin embargo, iba y ven\u00eda, y no dejaba de dedicarse a lo que ten\u00eda que hacer, tanto para el bien de la Compa\u00f1\u00eda, como para la salvaci\u00f3n y ayuda del pr\u00f3jimo.<span id='easy-footnote-4-38063' class='easy-footnote-margin-adjust'><\/span><span class='easy-footnote'><a href='http:\/\/vincentians.com\/es\/el-senor-vicente-visto-por-su-secretario-luis-robineau-articulos-176-al-180\/#easy-footnote-bottom-4-38063' title='El Sr. Vicente anda a pesar del mal de piernas.&lt;\/p&gt;\n&lt;p&gt;El Hermano Robineau hace ascender el mal de sus piernas a unos 30 o 40 a\u00f1os, es decir, hasta 1620-1630.&lt;\/p&gt;\n&lt;p&gt;Abelly (1.43): \u00abComenz\u00f3 a sentir molestias en el tiempo que viv\u00eda en la casa de los Gondi; all\u00ed sufri\u00f3 una enfermedad grave, que le dej\u00f3 las piernas y los pies hinchados, de forma que esa incomodidad le ha durado hasta su muerte\u00bb. (Estancia en casa de los Gondi desde septiembre de 1613 a junio de 1625).'><sup>4<\/sup><\/a><\/span>\n<h2><em>180. <\/em><em>Padece \u00abmal de piedra\u00bb.<\/em><\/h2>\n<p>Tambi\u00e9n adoleci\u00f3 en varias ocasiones de la dificultad de orinar, lo cual le causaba grandes dolores. Los sufr\u00eda con paciencia y sin que yo le haya visto nunca en semejantes circunstancias impacientarse, sino m\u00e1s bien bendecir a Dios.<span id='easy-footnote-5-38063' class='easy-footnote-margin-adjust'><\/span><span class='easy-footnote'><a href='http:\/\/vincentians.com\/es\/el-senor-vicente-visto-por-su-secretario-luis-robineau-articulos-176-al-180\/#easy-footnote-bottom-5-38063' title='Sufre del \u00abmal de piedra\u00bb.Este detalle \u00fanicamente nos lo proporciona el Hermano Robineau.'><sup>5<\/sup><\/a><\/span>\n","protected":false},"excerpt":{"rendered":"<p>176. C\u00f3mo soport\u00f3 las injurias del Se\u00f1or de Billebat Lo que tambi\u00e9n demuestra la paciencia admirable del Se\u00f1or Vicen\u00adte es la manera con la que alguno de nuesros Hermanos ha contado en las conferencias, que &#8230; <a href=\"http:\/\/vincentians.com\/es\/el-senor-vicente-visto-por-su-secretario-luis-robineau-articulos-176-al-180\/\" class=\"more-link\">Read More<\/a><\/p>\n","protected":false},"author":4,"featured_media":27211,"comment_status":"open","ping_status":"open","sticky":false,"template":"","format":"standard","meta":{"jetpack_post_was_ever_published":false,"_jetpack_newsletter_access":"","_jetpack_dont_email_post_to_subs":false,"_jetpack_newsletter_tier_id":0,"_jetpack_memberships_contains_paywalled_content":false,"_jetpack_memberships_contains_paid_content":false,"footnotes":"","jetpack_publicize_message":"","jetpack_publicize_feature_enabled":true,"jetpack_social_post_already_shared":true,"jetpack_social_options":{"image_generator_settings":{"template":"highway","default_image_id":0,"font":"","enabled":false},"version":2}},"categories":[311],"tags":[218,119,166,143,140,116],"class_list":["post-38063","post","type-post","status-publish","format-standard","has-post-thumbnail","hentry","category-escritos-de-luis-robineau","tag-abelly","tag-gondi","tag-robineau","tag-san-lazaro","tag-san-sulpicio","tag-tunez"],"yoast_head":"<!-- This site is optimized with the Yoast SEO plugin v26.3 - https:\/\/yoast.com\/wordpress\/plugins\/seo\/ -->\n<title>El se\u00f1or Vicente visto por su secretario, Luis Robineau. Art\u00edculos 176 al 180 - Somos Vicencianos<\/title>\n<meta name=\"robots\" content=\"index, follow, max-snippet:-1, max-image-preview:large, max-video-preview:-1\" \/>\n<link rel=\"canonical\" href=\"http:\/\/vincentians.com\/es\/el-senor-vicente-visto-por-su-secretario-luis-robineau-articulos-176-al-180\/\" \/>\n<meta property=\"og:locale\" content=\"es_ES\" \/>\n<meta property=\"og:type\" content=\"article\" \/>\n<meta property=\"og:title\" content=\"El se\u00f1or Vicente visto por su secretario, Luis Robineau. Art\u00edculos 176 al 180 - Somos Vicencianos\" \/>\n<meta property=\"og:description\" content=\"176. C\u00f3mo soport\u00f3 las injurias del Se\u00f1or de Billebat Lo que tambi\u00e9n demuestra la paciencia admirable del Se\u00f1or Vicen\u00adte es la manera con la que alguno de nuesros Hermanos ha contado en las conferencias, que ... Read More\" \/>\n<meta property=\"og:url\" content=\"http:\/\/vincentians.com\/es\/el-senor-vicente-visto-por-su-secretario-luis-robineau-articulos-176-al-180\/\" \/>\n<meta property=\"og:site_name\" content=\"Somos Vicencianos\" \/>\n<meta property=\"article:publisher\" content=\"https:\/\/www.facebook.com\/WeAreVincentians\/\" \/>\n<meta property=\"article:author\" content=\"https:\/\/www.facebook.com\/JavierChento\" \/>\n<meta property=\"article:published_time\" content=\"2014-03-06T00:35:37+00:00\" \/>\n<meta name=\"author\" content=\"Francisco Javier Fern\u00e1ndez Chento\" \/>\n<meta name=\"twitter:card\" content=\"summary_large_image\" \/>\n<meta name=\"twitter:creator\" content=\"@https:\/\/twitter.com\/javierchento\" \/>\n<meta name=\"twitter:site\" content=\"@WeVincentians\" \/>\n<meta name=\"twitter:label1\" content=\"Escrito por\" \/>\n\t<meta name=\"twitter:data1\" content=\"Francisco Javier Fern\u00e1ndez Chento\" \/>\n\t<meta name=\"twitter:label2\" content=\"Tiempo de lectura\" \/>\n\t<meta name=\"twitter:data2\" content=\"3 minutos\" \/>\n<script type=\"application\/ld+json\" class=\"yoast-schema-graph\">{\"@context\":\"https:\/\/schema.org\",\"@graph\":[{\"@type\":\"Article\",\"@id\":\"http:\/\/vincentians.com\/es\/el-senor-vicente-visto-por-su-secretario-luis-robineau-articulos-176-al-180\/#article\",\"isPartOf\":{\"@id\":\"http:\/\/vincentians.com\/es\/el-senor-vicente-visto-por-su-secretario-luis-robineau-articulos-176-al-180\/\"},\"author\":{\"name\":\"Francisco Javier Fern\u00e1ndez Chento\",\"@id\":\"http:\/\/vincentians.com\/es\/#\/schema\/person\/9623ef4d9aa3b2dfb8c061f1499288f2\"},\"headline\":\"El se\u00f1or Vicente visto por su secretario, Luis Robineau. Art\u00edculos 176 al 180\",\"datePublished\":\"2014-03-06T00:35:37+00:00\",\"mainEntityOfPage\":{\"@id\":\"http:\/\/vincentians.com\/es\/el-senor-vicente-visto-por-su-secretario-luis-robineau-articulos-176-al-180\/\"},\"wordCount\":706,\"commentCount\":0,\"publisher\":{\"@id\":\"http:\/\/vincentians.com\/es\/#organization\"},\"image\":{\"@id\":\"http:\/\/vincentians.com\/es\/el-senor-vicente-visto-por-su-secretario-luis-robineau-articulos-176-al-180\/#primaryimage\"},\"thumbnailUrl\":\"\",\"keywords\":[\"Abelly\",\"Gondi\",\"Robineau\",\"San L\u00e1zaro\",\"San Sulpicio\",\"T\u00fanez\"],\"articleSection\":[\"Escritos de Luis Robineau\"],\"inLanguage\":\"es\",\"potentialAction\":[{\"@type\":\"CommentAction\",\"name\":\"Comment\",\"target\":[\"http:\/\/vincentians.com\/es\/el-senor-vicente-visto-por-su-secretario-luis-robineau-articulos-176-al-180\/#respond\"]}]},{\"@type\":\"WebPage\",\"@id\":\"http:\/\/vincentians.com\/es\/el-senor-vicente-visto-por-su-secretario-luis-robineau-articulos-176-al-180\/\",\"url\":\"http:\/\/vincentians.com\/es\/el-senor-vicente-visto-por-su-secretario-luis-robineau-articulos-176-al-180\/\",\"name\":\"El se\u00f1or Vicente visto por su secretario, Luis Robineau. Art\u00edculos 176 al 180 - Somos Vicencianos\",\"isPartOf\":{\"@id\":\"http:\/\/vincentians.com\/es\/#website\"},\"primaryImageOfPage\":{\"@id\":\"http:\/\/vincentians.com\/es\/el-senor-vicente-visto-por-su-secretario-luis-robineau-articulos-176-al-180\/#primaryimage\"},\"image\":{\"@id\":\"http:\/\/vincentians.com\/es\/el-senor-vicente-visto-por-su-secretario-luis-robineau-articulos-176-al-180\/#primaryimage\"},\"thumbnailUrl\":\"\",\"datePublished\":\"2014-03-06T00:35:37+00:00\",\"breadcrumb\":{\"@id\":\"http:\/\/vincentians.com\/es\/el-senor-vicente-visto-por-su-secretario-luis-robineau-articulos-176-al-180\/#breadcrumb\"},\"inLanguage\":\"es\",\"potentialAction\":[{\"@type\":\"ReadAction\",\"target\":[\"http:\/\/vincentians.com\/es\/el-senor-vicente-visto-por-su-secretario-luis-robineau-articulos-176-al-180\/\"]}]},{\"@type\":\"ImageObject\",\"inLanguage\":\"es\",\"@id\":\"http:\/\/vincentians.com\/es\/el-senor-vicente-visto-por-su-secretario-luis-robineau-articulos-176-al-180\/#primaryimage\",\"url\":\"\",\"contentUrl\":\"\"},{\"@type\":\"BreadcrumbList\",\"@id\":\"http:\/\/vincentians.com\/es\/el-senor-vicente-visto-por-su-secretario-luis-robineau-articulos-176-al-180\/#breadcrumb\",\"itemListElement\":[{\"@type\":\"ListItem\",\"position\":1,\"name\":\"Portada\",\"item\":\"http:\/\/vincentians.com\/es\/\"},{\"@type\":\"ListItem\",\"position\":2,\"name\":\"El se\u00f1or Vicente visto por su secretario, Luis Robineau. Art\u00edculos 176 al 180\"}]},{\"@type\":\"WebSite\",\"@id\":\"http:\/\/vincentians.com\/es\/#website\",\"url\":\"http:\/\/vincentians.com\/es\/\",\"name\":\"Somos Vicencianos\",\"description\":\"Know more to serve more\",\"publisher\":{\"@id\":\"http:\/\/vincentians.com\/es\/#organization\"},\"potentialAction\":[{\"@type\":\"SearchAction\",\"target\":{\"@type\":\"EntryPoint\",\"urlTemplate\":\"http:\/\/vincentians.com\/es\/?s={search_term_string}\"},\"query-input\":{\"@type\":\"PropertyValueSpecification\",\"valueRequired\":true,\"valueName\":\"search_term_string\"}}],\"inLanguage\":\"es\"},{\"@type\":\"Organization\",\"@id\":\"http:\/\/vincentians.com\/es\/#organization\",\"name\":\"The Vincentian Network\",\"url\":\"http:\/\/vincentians.com\/es\/\",\"logo\":{\"@type\":\"ImageObject\",\"inLanguage\":\"es\",\"@id\":\"http:\/\/vincentians.com\/es\/#\/schema\/logo\/image\/\",\"url\":\"https:\/\/i1.wp.com\/vincentians.com\/es\/wp-content\/uploads\/sites\/11\/2016\/06\/Vincentian-Network-logo-big.png?fit=778%2C778\",\"contentUrl\":\"https:\/\/i1.wp.com\/vincentians.com\/es\/wp-content\/uploads\/sites\/11\/2016\/06\/Vincentian-Network-logo-big.png?fit=778%2C778\",\"width\":778,\"height\":778,\"caption\":\"The Vincentian Network\"},\"image\":{\"@id\":\"http:\/\/vincentians.com\/es\/#\/schema\/logo\/image\/\"},\"sameAs\":[\"https:\/\/www.facebook.com\/WeAreVincentians\/\",\"https:\/\/x.com\/WeVincentians\"]},{\"@type\":\"Person\",\"@id\":\"http:\/\/vincentians.com\/es\/#\/schema\/person\/9623ef4d9aa3b2dfb8c061f1499288f2\",\"name\":\"Francisco Javier Fern\u00e1ndez Chento\",\"image\":{\"@type\":\"ImageObject\",\"inLanguage\":\"es\",\"@id\":\"http:\/\/vincentians.com\/es\/#\/schema\/person\/image\/\",\"url\":\"https:\/\/secure.gravatar.com\/avatar\/497d5cde87b4c3d097d0315953521681ba2cd523ee66e5077c3711f7021e65de?s=96&d=mm&r=g\",\"contentUrl\":\"https:\/\/secure.gravatar.com\/avatar\/497d5cde87b4c3d097d0315953521681ba2cd523ee66e5077c3711f7021e65de?s=96&d=mm&r=g\",\"caption\":\"Francisco Javier Fern\u00e1ndez Chento\"},\"description\":\"Director General y cofundador de La Red de Formaci\u00f3n Vicenciana. Javier es laico vicenciano, afiliado a la Congregaci\u00f3n de la Misi\u00f3n y miembro del Equipo de Misiones Populares de la provincia can\u00f3nica de Zaragoza (Espa\u00f1a) de la Congregaci\u00f3n de la Misi\u00f3n. Graduado en la Universidad Oberta de Catalunya con cuatro grados (Asistente de direcci\u00f3n, Gesti\u00f3n Administrativa, Recursos Humanos y Contabilidad Avanzada). Bil\u00edng\u00fce Espa\u00f1ol\/Ingl\u00e9s. gestiona y mantiene varias p\u00e1ginas web cristianas y vicencianas, incluida including La Red de Formaci\u00f3n Vicenciana, de la que es cofundador. Actualmente es responsable del \u00e1rea de Espa\u00f1ol de .famvin, la Red de Noticias de la Familia Vicenciana. Tambi\u00e9n es m\u00fasico cat\u00f3lico y ha editado varios discos. Es Director General y cofundador de Trovador, una reconocida compa\u00f1\u00eda discogr\u00e1fica critiana de Espa\u00f1a. Trabaja en las Tecnolog\u00edas de la Informaci\u00f3n, ofreciendo servicios de alojamiento, dise\u00f1o y mantenimiento Web, as\u00ed como asesoramiento, formaci\u00f3n y soluciones inform\u00e1ticas, gesti\u00f3n documental y digitalizaci\u00f3n de textos, edici\u00f3n y maquetaci\u00f3n de libros, revistas, flyers, etc.\",\"sameAs\":[\"http:\/\/chento.org\",\"https:\/\/www.facebook.com\/JavierChento\",\"https:\/\/x.com\/https:\/\/twitter.com\/javierchento\"],\"url\":\"http:\/\/vincentians.com\/es\/author\/chento\/\"}]}<\/script>\n<!-- \/ Yoast SEO plugin. -->","yoast_head_json":{"title":"El se\u00f1or Vicente visto por su secretario, Luis Robineau. Art\u00edculos 176 al 180 - Somos Vicencianos","robots":{"index":"index","follow":"follow","max-snippet":"max-snippet:-1","max-image-preview":"max-image-preview:large","max-video-preview":"max-video-preview:-1"},"canonical":"http:\/\/vincentians.com\/es\/el-senor-vicente-visto-por-su-secretario-luis-robineau-articulos-176-al-180\/","og_locale":"es_ES","og_type":"article","og_title":"El se\u00f1or Vicente visto por su secretario, Luis Robineau. Art\u00edculos 176 al 180 - Somos Vicencianos","og_description":"176. C\u00f3mo soport\u00f3 las injurias del Se\u00f1or de Billebat Lo que tambi\u00e9n demuestra la paciencia admirable del Se\u00f1or Vicen\u00adte es la manera con la que alguno de nuesros Hermanos ha contado en las conferencias, que ... Read More","og_url":"http:\/\/vincentians.com\/es\/el-senor-vicente-visto-por-su-secretario-luis-robineau-articulos-176-al-180\/","og_site_name":"Somos Vicencianos","article_publisher":"https:\/\/www.facebook.com\/WeAreVincentians\/","article_author":"https:\/\/www.facebook.com\/JavierChento","article_published_time":"2014-03-06T00:35:37+00:00","author":"Francisco Javier Fern\u00e1ndez Chento","twitter_card":"summary_large_image","twitter_creator":"@https:\/\/twitter.com\/javierchento","twitter_site":"@WeVincentians","twitter_misc":{"Escrito por":"Francisco Javier Fern\u00e1ndez Chento","Tiempo de lectura":"3 minutos"},"schema":{"@context":"https:\/\/schema.org","@graph":[{"@type":"Article","@id":"http:\/\/vincentians.com\/es\/el-senor-vicente-visto-por-su-secretario-luis-robineau-articulos-176-al-180\/#article","isPartOf":{"@id":"http:\/\/vincentians.com\/es\/el-senor-vicente-visto-por-su-secretario-luis-robineau-articulos-176-al-180\/"},"author":{"name":"Francisco Javier Fern\u00e1ndez Chento","@id":"http:\/\/vincentians.com\/es\/#\/schema\/person\/9623ef4d9aa3b2dfb8c061f1499288f2"},"headline":"El se\u00f1or Vicente visto por su secretario, Luis Robineau. Art\u00edculos 176 al 180","datePublished":"2014-03-06T00:35:37+00:00","mainEntityOfPage":{"@id":"http:\/\/vincentians.com\/es\/el-senor-vicente-visto-por-su-secretario-luis-robineau-articulos-176-al-180\/"},"wordCount":706,"commentCount":0,"publisher":{"@id":"http:\/\/vincentians.com\/es\/#organization"},"image":{"@id":"http:\/\/vincentians.com\/es\/el-senor-vicente-visto-por-su-secretario-luis-robineau-articulos-176-al-180\/#primaryimage"},"thumbnailUrl":"","keywords":["Abelly","Gondi","Robineau","San L\u00e1zaro","San Sulpicio","T\u00fanez"],"articleSection":["Escritos de Luis Robineau"],"inLanguage":"es","potentialAction":[{"@type":"CommentAction","name":"Comment","target":["http:\/\/vincentians.com\/es\/el-senor-vicente-visto-por-su-secretario-luis-robineau-articulos-176-al-180\/#respond"]}]},{"@type":"WebPage","@id":"http:\/\/vincentians.com\/es\/el-senor-vicente-visto-por-su-secretario-luis-robineau-articulos-176-al-180\/","url":"http:\/\/vincentians.com\/es\/el-senor-vicente-visto-por-su-secretario-luis-robineau-articulos-176-al-180\/","name":"El se\u00f1or Vicente visto por su secretario, Luis Robineau. Art\u00edculos 176 al 180 - Somos Vicencianos","isPartOf":{"@id":"http:\/\/vincentians.com\/es\/#website"},"primaryImageOfPage":{"@id":"http:\/\/vincentians.com\/es\/el-senor-vicente-visto-por-su-secretario-luis-robineau-articulos-176-al-180\/#primaryimage"},"image":{"@id":"http:\/\/vincentians.com\/es\/el-senor-vicente-visto-por-su-secretario-luis-robineau-articulos-176-al-180\/#primaryimage"},"thumbnailUrl":"","datePublished":"2014-03-06T00:35:37+00:00","breadcrumb":{"@id":"http:\/\/vincentians.com\/es\/el-senor-vicente-visto-por-su-secretario-luis-robineau-articulos-176-al-180\/#breadcrumb"},"inLanguage":"es","potentialAction":[{"@type":"ReadAction","target":["http:\/\/vincentians.com\/es\/el-senor-vicente-visto-por-su-secretario-luis-robineau-articulos-176-al-180\/"]}]},{"@type":"ImageObject","inLanguage":"es","@id":"http:\/\/vincentians.com\/es\/el-senor-vicente-visto-por-su-secretario-luis-robineau-articulos-176-al-180\/#primaryimage","url":"","contentUrl":""},{"@type":"BreadcrumbList","@id":"http:\/\/vincentians.com\/es\/el-senor-vicente-visto-por-su-secretario-luis-robineau-articulos-176-al-180\/#breadcrumb","itemListElement":[{"@type":"ListItem","position":1,"name":"Portada","item":"http:\/\/vincentians.com\/es\/"},{"@type":"ListItem","position":2,"name":"El se\u00f1or Vicente visto por su secretario, Luis Robineau. Art\u00edculos 176 al 180"}]},{"@type":"WebSite","@id":"http:\/\/vincentians.com\/es\/#website","url":"http:\/\/vincentians.com\/es\/","name":"Somos Vicencianos","description":"Know more to serve more","publisher":{"@id":"http:\/\/vincentians.com\/es\/#organization"},"potentialAction":[{"@type":"SearchAction","target":{"@type":"EntryPoint","urlTemplate":"http:\/\/vincentians.com\/es\/?s={search_term_string}"},"query-input":{"@type":"PropertyValueSpecification","valueRequired":true,"valueName":"search_term_string"}}],"inLanguage":"es"},{"@type":"Organization","@id":"http:\/\/vincentians.com\/es\/#organization","name":"The Vincentian Network","url":"http:\/\/vincentians.com\/es\/","logo":{"@type":"ImageObject","inLanguage":"es","@id":"http:\/\/vincentians.com\/es\/#\/schema\/logo\/image\/","url":"https:\/\/i1.wp.com\/vincentians.com\/es\/wp-content\/uploads\/sites\/11\/2016\/06\/Vincentian-Network-logo-big.png?fit=778%2C778","contentUrl":"https:\/\/i1.wp.com\/vincentians.com\/es\/wp-content\/uploads\/sites\/11\/2016\/06\/Vincentian-Network-logo-big.png?fit=778%2C778","width":778,"height":778,"caption":"The Vincentian Network"},"image":{"@id":"http:\/\/vincentians.com\/es\/#\/schema\/logo\/image\/"},"sameAs":["https:\/\/www.facebook.com\/WeAreVincentians\/","https:\/\/x.com\/WeVincentians"]},{"@type":"Person","@id":"http:\/\/vincentians.com\/es\/#\/schema\/person\/9623ef4d9aa3b2dfb8c061f1499288f2","name":"Francisco Javier Fern\u00e1ndez Chento","image":{"@type":"ImageObject","inLanguage":"es","@id":"http:\/\/vincentians.com\/es\/#\/schema\/person\/image\/","url":"https:\/\/secure.gravatar.com\/avatar\/497d5cde87b4c3d097d0315953521681ba2cd523ee66e5077c3711f7021e65de?s=96&d=mm&r=g","contentUrl":"https:\/\/secure.gravatar.com\/avatar\/497d5cde87b4c3d097d0315953521681ba2cd523ee66e5077c3711f7021e65de?s=96&d=mm&r=g","caption":"Francisco Javier Fern\u00e1ndez Chento"},"description":"Director General y cofundador de La Red de Formaci\u00f3n Vicenciana. Javier es laico vicenciano, afiliado a la Congregaci\u00f3n de la Misi\u00f3n y miembro del Equipo de Misiones Populares de la provincia can\u00f3nica de Zaragoza (Espa\u00f1a) de la Congregaci\u00f3n de la Misi\u00f3n. Graduado en la Universidad Oberta de Catalunya con cuatro grados (Asistente de direcci\u00f3n, Gesti\u00f3n Administrativa, Recursos Humanos y Contabilidad Avanzada). Bil\u00edng\u00fce Espa\u00f1ol\/Ingl\u00e9s. gestiona y mantiene varias p\u00e1ginas web cristianas y vicencianas, incluida including La Red de Formaci\u00f3n Vicenciana, de la que es cofundador. Actualmente es responsable del \u00e1rea de Espa\u00f1ol de .famvin, la Red de Noticias de la Familia Vicenciana. Tambi\u00e9n es m\u00fasico cat\u00f3lico y ha editado varios discos. Es Director General y cofundador de Trovador, una reconocida compa\u00f1\u00eda discogr\u00e1fica critiana de Espa\u00f1a. Trabaja en las Tecnolog\u00edas de la Informaci\u00f3n, ofreciendo servicios de alojamiento, dise\u00f1o y mantenimiento Web, as\u00ed como asesoramiento, formaci\u00f3n y soluciones inform\u00e1ticas, gesti\u00f3n documental y digitalizaci\u00f3n de textos, edici\u00f3n y maquetaci\u00f3n de libros, revistas, flyers, etc.","sameAs":["http:\/\/chento.org","https:\/\/www.facebook.com\/JavierChento","https:\/\/x.com\/https:\/\/twitter.com\/javierchento"],"url":"http:\/\/vincentians.com\/es\/author\/chento\/"}]}},"jetpack_publicize_connections":[],"jetpack_featured_media_url":"","jetpack_sharing_enabled":true,"jetpack_shortlink":"https:\/\/wp.me\/p7ETMF-9TV","jetpack-related-posts":[{"id":45205,"url":"http:\/\/vincentians.com\/es\/el-senor-vicente-visto-por-su-secretario-luis-robineau-articulos-316-al-320\/","url_meta":{"origin":38063,"position":0},"title":"El se\u00f1or Vicente visto por su secretario, Luis Robineau. Art\u00edculos 316 al 320","author":"Francisco Javier Fern\u00e1ndez Chento","date":"03\/04\/2014","format":false,"excerpt":"316. El Se\u00f1or Vicente obtiene un entredicho para el transporte de la coton\u00eda. Su caridad se extend\u00eda tambi\u00e9n hasta conseguir del Rey \u00f3rdenes para los Oficiales del Almirantazgo... para vigilar la tierra de Provenza, para que pusieran el m\u00e1ximo cuidado en que en adelante no se expor\u00adtara coton\u00eda, ni ninguna\u2026","rel":"","context":"En \u00abEscritos de Luis Robineau\u00bb","block_context":{"text":"Escritos de Luis Robineau","link":"http:\/\/vincentians.com\/es\/category\/escritos\/escritos-de-luis-robineau\/"},"img":{"alt_text":"","src":"","width":0,"height":0},"classes":[]},{"id":38064,"url":"http:\/\/vincentians.com\/es\/el-senor-vicente-visto-por-su-secretario-luis-robineau-articulos-181-al-185\/","url_meta":{"origin":38063,"position":1},"title":"El se\u00f1or Vicente visto por su secretario, Luis Robineau. Art\u00edculos 181 al 185","author":"Francisco Javier Fern\u00e1ndez Chento","date":"07\/03\/2014","format":false,"excerpt":"181. Ofrece las dificultades sobrevenidas cuando la guerra de Par\u00eds. He pensado que no deb\u00eda omitir lo que dijo a la Compa\u00f1\u00eda sobre las guerras de Par\u00eds y del pillaje y de algunas escaramuzas ocurridas entre Par\u00eds y Saint-Denis, donde resultaron muertas muchas perso\u00adnas. En aquella ocasi\u00f3n nos dijo que\u2026","rel":"","context":"En \u00abEscritos de Luis Robineau\u00bb","block_context":{"text":"Escritos de Luis Robineau","link":"http:\/\/vincentians.com\/es\/category\/escritos\/escritos-de-luis-robineau\/"},"img":{"alt_text":"","src":"","width":0,"height":0},"classes":[]},{"id":119697,"url":"http:\/\/vincentians.com\/es\/el-senor-vicente-relee-su-vida-influencias\/","url_meta":{"origin":38063,"position":2},"title":"El Se\u00f1or Vicente relee su vida: Influencias","author":"Francisco Javier Fern\u00e1ndez Chento","date":"09\/02\/2022","format":false,"excerpt":"Podr\u00eda tratar de deciros un poco lo que esto me ha supuesto. Hab\u00e9is podido advertir que desde mis comienzos en el mundo he conocido m\u00e1s sinsabores que \u00e9xitos en mis empresas\u2026 Hab\u00eda que tomar conciencia, pero yo mezclaba las vistas insondables de la Providencia de las que habla San Pablo\u2026","rel":"","context":"En \u00abVicente de Pa\u00fal\u00bb","block_context":{"text":"Vicente de Pa\u00fal","link":"http:\/\/vincentians.com\/es\/category\/la-familia-vicenciana\/fundadores\/vicente-de-paul\/"},"img":{"alt_text":"","src":"https:\/\/i0.wp.com\/vincentians.com\/es\/wp-content\/uploads\/sites\/11\/2013\/04\/f-2-scaled.jpg?fit=1200%2C570&resize=350%2C200","width":350,"height":200,"srcset":"https:\/\/i0.wp.com\/vincentians.com\/es\/wp-content\/uploads\/sites\/11\/2013\/04\/f-2-scaled.jpg?fit=1200%2C570&resize=350%2C200 1x, https:\/\/i0.wp.com\/vincentians.com\/es\/wp-content\/uploads\/sites\/11\/2013\/04\/f-2-scaled.jpg?fit=1200%2C570&resize=525%2C300 1.5x, https:\/\/i0.wp.com\/vincentians.com\/es\/wp-content\/uploads\/sites\/11\/2013\/04\/f-2-scaled.jpg?fit=1200%2C570&resize=700%2C400 2x, https:\/\/i0.wp.com\/vincentians.com\/es\/wp-content\/uploads\/sites\/11\/2013\/04\/f-2-scaled.jpg?fit=1200%2C570&resize=1050%2C600 3x"},"classes":[]},{"id":126893,"url":"http:\/\/vincentians.com\/es\/vicente-de-paul-carta-1220-a-luisa-de-marillac\/","url_meta":{"origin":38063,"position":3},"title":"Vicente de Pa\u00fal, Carta 1220: A Luisa De Marillac","author":"Francisco Javier Fern\u00e1ndez Chento","date":"30\/01\/2014","format":false,"excerpt":"San L\u00e1zaro, jueves, a las once [diciembre 1649] Se\u00f1orita: Tiene usted motivos para temer algo sobre la cuant\u00eda de las rentas de ese oficio. Lo que me hace decirle esto es que ya hace mucho tiempo que est\u00e1 vacante y que quiz\u00e1s esto se deba a que no hay ning\u00fan\u2026","rel":"","context":"En \u00abEscritos de Vicente de Pa\u00fal\u00bb","block_context":{"text":"Escritos de Vicente de Pa\u00fal","link":"http:\/\/vincentians.com\/es\/category\/escritos\/escritos-de-vicente-de-paul\/"},"img":{"alt_text":"","src":"https:\/\/i0.wp.com\/vincentians.com\/es\/wp-content\/uploads\/sites\/11\/2016\/07\/escritos-vicente-de-paul.jpg?fit=1200%2C630&resize=350%2C200","width":350,"height":200,"srcset":"https:\/\/i0.wp.com\/vincentians.com\/es\/wp-content\/uploads\/sites\/11\/2016\/07\/escritos-vicente-de-paul.jpg?fit=1200%2C630&resize=350%2C200 1x, https:\/\/i0.wp.com\/vincentians.com\/es\/wp-content\/uploads\/sites\/11\/2016\/07\/escritos-vicente-de-paul.jpg?fit=1200%2C630&resize=525%2C300 1.5x, https:\/\/i0.wp.com\/vincentians.com\/es\/wp-content\/uploads\/sites\/11\/2016\/07\/escritos-vicente-de-paul.jpg?fit=1200%2C630&resize=700%2C400 2x, https:\/\/i0.wp.com\/vincentians.com\/es\/wp-content\/uploads\/sites\/11\/2016\/07\/escritos-vicente-de-paul.jpg?fit=1200%2C630&resize=1050%2C600 3x"},"classes":[]},{"id":45206,"url":"http:\/\/vincentians.com\/es\/el-senor-vicente-visto-por-su-secretario-luis-robineau-articulos-321-al-325\/","url_meta":{"origin":38063,"position":4},"title":"El se\u00f1or Vicente visto por su secretario, Luis Robineau. Art\u00edculos 321 al 325","author":"Francisco Javier Fern\u00e1ndez Chento","date":"04\/04\/2014","format":false,"excerpt":"321. Soporta las p\u00e9rdidas de renta. Soportaba tambi\u00e9n con mucha paciencia todas las p\u00e9rdidas, reduc\u00adciones de rentas y otras cosas mencionadas en el Cuaderno de la mortificaci\u00f3n, P 6, v\u00ba y en el de su ecuanimidad. Notas del P. Dodin: Soporta pacientemente la reducci\u00f3n en las rentas. Cf. Cuadernos de\u2026","rel":"","context":"En \u00abEscritos de Luis Robineau\u00bb","block_context":{"text":"Escritos de Luis Robineau","link":"http:\/\/vincentians.com\/es\/category\/escritos\/escritos-de-luis-robineau\/"},"img":{"alt_text":"","src":"","width":0,"height":0},"classes":[]},{"id":38062,"url":"http:\/\/vincentians.com\/es\/el-senor-vicente-visto-por-su-secretario-luis-robineau-articulos-166-al-170\/","url_meta":{"origin":38063,"position":5},"title":"El se\u00f1or Vicente visto por su secretario, Luis Robineau. Art\u00edculos 166 al 170","author":"Francisco Javier Fern\u00e1ndez Chento","date":"04\/03\/2014","format":false,"excerpt":"166. Aguanta unos insultos en un pleito. Un d\u00eda sufri\u00f3 con tanta humildad y paciencia los insultos, palabras injuriosas y ofensivas, que le dijo la parte contraria en presencia, ade\u00adm\u00e1s, de algunos externos, que uno de dichos abogados me ha dicho, que era admirable ver con qu\u00e9 paciencia toleraba el\u2026","rel":"","context":"En \u00abEscritos de Luis Robineau\u00bb","block_context":{"text":"Escritos de Luis Robineau","link":"http:\/\/vincentians.com\/es\/category\/escritos\/escritos-de-luis-robineau\/"},"img":{"alt_text":"","src":"","width":0,"height":0},"classes":[]}],"_links":{"self":[{"href":"http:\/\/vincentians.com\/es\/wp-json\/wp\/v2\/posts\/38063","targetHints":{"allow":["GET"]}}],"collection":[{"href":"http:\/\/vincentians.com\/es\/wp-json\/wp\/v2\/posts"}],"about":[{"href":"http:\/\/vincentians.com\/es\/wp-json\/wp\/v2\/types\/post"}],"author":[{"embeddable":true,"href":"http:\/\/vincentians.com\/es\/wp-json\/wp\/v2\/users\/4"}],"replies":[{"embeddable":true,"href":"http:\/\/vincentians.com\/es\/wp-json\/wp\/v2\/comments?post=38063"}],"version-history":[{"count":0,"href":"http:\/\/vincentians.com\/es\/wp-json\/wp\/v2\/posts\/38063\/revisions"}],"wp:featuredmedia":[{"embeddable":true,"href":"http:\/\/vincentians.com\/es\/wp-json\/"}],"wp:attachment":[{"href":"http:\/\/vincentians.com\/es\/wp-json\/wp\/v2\/media?parent=38063"}],"wp:term":[{"taxonomy":"category","embeddable":true,"href":"http:\/\/vincentians.com\/es\/wp-json\/wp\/v2\/categories?post=38063"},{"taxonomy":"post_tag","embeddable":true,"href":"http:\/\/vincentians.com\/es\/wp-json\/wp\/v2\/tags?post=38063"}],"curies":[{"name":"wp","href":"https:\/\/api.w.org\/{rel}","templated":true}]}}