{"id":37458,"date":"2011-05-06T08:20:59","date_gmt":"2011-05-06T06:20:59","guid":{"rendered":"http:\/\/somos.vicencianos.org\/?p=37458"},"modified":"2011-05-06T08:20:59","modified_gmt":"2011-05-06T06:20:59","slug":"misiones-a-matrimonios-jovenes","status":"publish","type":"post","link":"http:\/\/vincentians.com\/es\/misiones-a-matrimonios-jovenes\/","title":{"rendered":"Misiones a matrimonios j\u00f3venes"},"content":{"rendered":"<h2><strong>Introducci\u00f3n<\/strong><\/h2>\n<p><a href=\"https:\/\/i0.wp.com\/vicencianos.org\/wp-content\/2011\/05\/anillo_compromiso.jpg\"><img data-recalc-dims=\"1\" loading=\"lazy\" decoding=\"async\" class=\"alignright size-medium wp-image-37459\" title=\"anillo_compromiso\" src=\"https:\/\/i0.wp.com\/vicencianos.org\/wp-content\/2011\/05\/anillo_compromiso-200x300.jpg?resize=200%2C300\" alt=\"\" width=\"200\" height=\"300\" \/><\/a>\u00abLas misiones tradicionales, con frecuencia abandonadas demasiado deprisa, son insustituibles para una renovaci\u00f3n peri\u00f3dica y vigorosa de la vida cristiana\u00bb(Juan Pablo II, Exhortaci\u00f3n Apost\u00f3lica <em>Catechesi Tradendae, n. 47)<\/em><\/p>\n<p>\u00abLa acci\u00f3n catequ\u00e9tica de la familia tiene un car\u00e1cter particular y, en cierto sentido, insustituible. Los padres se esforzar\u00e1n en seguir y reemprender en el contexto familiar la formaci\u00f3n m\u00e1s met\u00f3dica recibida anteriormente\u00bb (Juan Pablo II, Exhortaci\u00f3n Apost\u00f3lica <em>Catechesi tradendae, n. 68)<\/em><\/p>\n<p>\u00abEl don del Esp\u00edritu es mandamiento de vida para los esposos cristianos, y a la vez un impulso estimulante a fin de que cada d\u00eda progresen hacia una uni\u00f3n cada vez m\u00e1s rica entre ellos a todos los niveles &#8211; de los cuerpos, de los caracteres, de los corazones, de las inteligencias, de las almas &#8211; revelando as\u00ed a la Iglesia y al mundo la nueva comuni\u00f3n de amor, dada por la Gracia de Cristo en el Sacramento del Matrimonio\u00bb (Juan Pablo II, Exhortaci\u00f3n Apost\u00f3lica <em>Familiaris consortio n. 19).<\/em><\/p>\n<p>Siguiendo estas indicaciones del Magisterio, en el desarrollo de la Misi\u00f3n Popular Vicenciana tratamos de dedicar encuentros especiales a la familia, en la que se desarrolla y crece hacia su plena madurez, no s\u00f3lo la vida humana, sino tambi\u00e9n la vida concreta de la fe.<\/p>\n<h2><strong>Reflexiones sobre el tema<\/strong><\/h2>\n<h3><strong>1) Descripci\u00f3n de la experiencia<\/strong><\/h3>\n<p>Durante la Misi\u00f3n popular proponemos un camino de algunas tardes de encuentro y reflexi\u00f3n sobre temas referentes a la vida de matrimonio y a la educaci\u00f3n de los hijos.<\/p>\n<p>De ordinario propon\u00edamos tres o cuatro tardes, en las que tratamos de la vida del matrimonio y de sus problemas, de la paternidad y maternidad responsables, del camino de crecimiento del matrimonio en la fe, base para una vida de fe de la familia.<\/p>\n<p>A estos encuentros se invitan sobre a todos los matrimonios j\u00f3venes, que en la situaci\u00f3n de nuestras comunidades cristianas en Italia, son las que mayormente viven la dificultad de una pr\u00e1ctica constante de la fe en el interior de la comunidad misma y son los que tienen, en general, el problema de la educaci\u00f3n de los hijos en los primeros a\u00f1os de su crecimiento.<\/p>\n<p>El Directorio de pastoral familiar de la Conferencia Episcopal Italiana sugiere estar atentos a estas tres cosas:<\/p>\n<p>a) <em>andar a la b\u00fasqueda<\/em> de estos matrimonios j\u00f3venes<\/p>\n<p>b) <em>acoger como un valor<\/em> su presencia en la comunidad<\/p>\n<p>c) <em>acompa\u00f1ar<\/em> a todos los matrimonios j\u00f3venes, <em>para ayudarles<\/em> a vivir su vocaci\u00f3n y misi\u00f3n, superando las primeras \u00abcrisis\u00bb que se puedan presentar.<\/p>\n<p>La misi\u00f3n popular Vicenciana sigue este camino,<\/p>\n<p>a) En la preparaci\u00f3n de la misi\u00f3n (b\u00fasqueda de los matrimonios por el p\u00e1rroco y el consejo pastoral).<\/p>\n<p>b) En el desarrollo (acoger a los matrimonios en los encuentros programados para ellos).<\/p>\n<p>c) En la post-misi\u00f3n (propone el grupo de espiritualidad familiar para continuar el camino).<\/p>\n<h3><strong>2) Resultados obtenidos y problemas encontrados <\/strong><\/h3>\n<p>Cuando se programan estos encuentros y el p\u00e1rroco y el Consejo Pastoral han hecho un buen trabajo de estudio y de invitaci\u00f3n, los matrimonios que participan en los encuentros han manifestado siempre un gran inter\u00e9s por los temas tratados; se puede decir que, si existe una b\u00fasqueda sincera de luz en la palabra de Dios y en el Magisterio de la Iglesia para poder vivir en la alegr\u00eda los primeros a\u00f1os de su experiencia de familia cristiana.<\/p>\n<p>La mayor dificultad encontrada al proponer este camino de encuentros para los matrimonios es la tendencia de los mismos a vivir un cierto \u00abaislamiento\u00bb en s\u00ed mismos; la dificultad de \u00abencontrar el tiempo\u00bb para participar en los encuentros; a veces poco \u00abconocimiento\u00bb de su presencia por parte de la misma comunidad cristiana.<\/p>\n<p>La misi\u00f3n popular es con frecuencia ocasi\u00f3n para un \u00abdescubrimiento\u00bb de estas matrimonios y para el inicio de un nuevo camino.<\/p>\n<h3><strong>3) Ense\u00f1anzas para el futuro<\/strong><\/h3>\n<p>Como misioneros Vicencianos podemos:<\/p>\n<p>a) Ser est\u00edmulo a la comunidad cristiana para vivir con compromiso esta atenci\u00f3n de evangelizaci\u00f3n a las familias j\u00f3venes.<\/p>\n<p>b) Hacer vivir durante el tiempo de la misi\u00f3n una \u00abexperiencia alegre\u00bb del encuentro de los matrimonios j\u00f3venes, que pueda continuar despu\u00e9s de la misi\u00f3n como \u00abgrupo de espiritualidad familiar\u00bb.<\/p>\n<h3><strong>4) C\u00f3mo responde esto al problema de los \u00abalejados\u00bb de la Iglesia<\/strong><\/h3>\n<p>Los matrimonios j\u00f3venes llegan con experiencias de fe diversas, y a veces de per\u00edodos de alejamiento de la vida de fe. La propuesta de un camino de reflexi\u00f3n es ocasi\u00f3n preciosa de \u00abredescubrimiento\u00bb de los valores adormecidos que pueden recuperar entusiasmo y vigor. El \u00abGrupo de espiritualidad familiar\u00bb, que podr\u00eda continuar la experiencia vivida en la misi\u00f3n, ser\u00eda el sostenimiento y ayuda para su continuidad.<\/p>\n<h3><strong>5) Contribuci\u00f3n a la actualizaci\u00f3n de la Misi\u00f3n Vicenciana<\/strong><\/h3>\n<p>Trabajar en el campo de los matrimonios j\u00f3venes, nos desaf\u00eda a una continua novedad de anuncio, para estar cercanos a las situaciones concretas de la vida: ello nos lleva a una continua puesta al d\u00eda en los diversos campos de las ciencias humanas y en la profundizaci\u00f3n de la espiritualidad espec\u00edfica del matrimonio cristiano.<\/p>\n<p>Con la colaboraci\u00f3n efectiva de los matrimonios j\u00f3venes se puede abrir un amplio campo en la animaci\u00f3n de los encuentros espec\u00edficos para matrimonios.<\/p>\n<p>Es un camino nuevo, que actualiza la atenci\u00f3n que San Vicente prest\u00f3 en su tiempo a todas las categor\u00edas de personas a las que llevaba el anuncio del Evangelio.<\/p>\n<p>Es estar atentos a una de las \u00abnuevas pobrezas\u00bb de nuestro tiempo, en el campo de la vida espiritual y de la fe.<\/p>\n","protected":false},"excerpt":{"rendered":"<p>Introducci\u00f3n \u00abLas misiones tradicionales, con frecuencia abandonadas demasiado deprisa, son insustituibles para una renovaci\u00f3n peri\u00f3dica y vigorosa de la vida cristiana\u00bb(Juan Pablo II, Exhortaci\u00f3n Apost\u00f3lica Catechesi Tradendae, n. 47) \u00abLa acci\u00f3n catequ\u00e9tica de la familia &#8230; <a href=\"http:\/\/vincentians.com\/es\/misiones-a-matrimonios-jovenes\/\" class=\"more-link\">Read More<\/a><\/p>\n","protected":false},"author":4,"featured_media":37459,"comment_status":"open","ping_status":"open","sticky":false,"template":"","format":"standard","meta":{"jetpack_post_was_ever_published":false,"_jetpack_newsletter_access":"","_jetpack_dont_email_post_to_subs":false,"_jetpack_newsletter_tier_id":0,"_jetpack_memberships_contains_paywalled_content":false,"_jetpack_memberships_contains_paid_content":false,"footnotes":"","jetpack_publicize_message":"","jetpack_publicize_feature_enabled":true,"jetpack_social_post_already_shared":true,"jetpack_social_options":{"image_generator_settings":{"template":"highway","default_image_id":0,"font":"","enabled":false},"version":2}},"categories":[201],"tags":[],"class_list":["post-37458","post","type-post","status-publish","format-standard","has-post-thumbnail","hentry","category-misiones-ad-gentes"],"yoast_head":"<!-- This site is optimized with the Yoast SEO plugin v26.3 - https:\/\/yoast.com\/wordpress\/plugins\/seo\/ -->\n<title>Misiones a matrimonios j\u00f3venes - Somos Vicencianos<\/title>\n<meta name=\"robots\" content=\"index, follow, max-snippet:-1, max-image-preview:large, max-video-preview:-1\" \/>\n<link rel=\"canonical\" href=\"http:\/\/vincentians.com\/es\/misiones-a-matrimonios-jovenes\/\" \/>\n<meta property=\"og:locale\" content=\"es_ES\" \/>\n<meta property=\"og:type\" content=\"article\" \/>\n<meta property=\"og:title\" content=\"Misiones a matrimonios j\u00f3venes - Somos Vicencianos\" \/>\n<meta property=\"og:description\" content=\"Introducci\u00f3n \u00abLas misiones tradicionales, con frecuencia abandonadas demasiado deprisa, son insustituibles para una renovaci\u00f3n peri\u00f3dica y vigorosa de la vida cristiana\u00bb(Juan Pablo II, Exhortaci\u00f3n Apost\u00f3lica Catechesi Tradendae, n. 47) \u00abLa acci\u00f3n catequ\u00e9tica de la familia ... Read More\" \/>\n<meta property=\"og:url\" content=\"http:\/\/vincentians.com\/es\/misiones-a-matrimonios-jovenes\/\" \/>\n<meta property=\"og:site_name\" content=\"Somos Vicencianos\" \/>\n<meta property=\"article:publisher\" content=\"https:\/\/www.facebook.com\/WeAreVincentians\/\" \/>\n<meta property=\"article:author\" content=\"https:\/\/www.facebook.com\/JavierChento\" \/>\n<meta property=\"article:published_time\" content=\"2011-05-06T06:20:59+00:00\" \/>\n<meta name=\"author\" content=\"Francisco Javier Fern\u00e1ndez Chento\" \/>\n<meta name=\"twitter:card\" content=\"summary_large_image\" \/>\n<meta name=\"twitter:creator\" content=\"@https:\/\/twitter.com\/javierchento\" \/>\n<meta name=\"twitter:site\" content=\"@WeVincentians\" \/>\n<meta name=\"twitter:label1\" content=\"Escrito por\" \/>\n\t<meta name=\"twitter:data1\" content=\"Francisco Javier Fern\u00e1ndez Chento\" \/>\n\t<meta name=\"twitter:label2\" content=\"Tiempo de lectura\" \/>\n\t<meta name=\"twitter:data2\" content=\"5 minutos\" \/>\n<script type=\"application\/ld+json\" class=\"yoast-schema-graph\">{\"@context\":\"https:\/\/schema.org\",\"@graph\":[{\"@type\":\"Article\",\"@id\":\"http:\/\/vincentians.com\/es\/misiones-a-matrimonios-jovenes\/#article\",\"isPartOf\":{\"@id\":\"http:\/\/vincentians.com\/es\/misiones-a-matrimonios-jovenes\/\"},\"author\":{\"name\":\"Francisco Javier Fern\u00e1ndez Chento\",\"@id\":\"http:\/\/vincentians.com\/es\/#\/schema\/person\/9623ef4d9aa3b2dfb8c061f1499288f2\"},\"headline\":\"Misiones a matrimonios j\u00f3venes\",\"datePublished\":\"2011-05-06T06:20:59+00:00\",\"mainEntityOfPage\":{\"@id\":\"http:\/\/vincentians.com\/es\/misiones-a-matrimonios-jovenes\/\"},\"wordCount\":975,\"commentCount\":0,\"publisher\":{\"@id\":\"http:\/\/vincentians.com\/es\/#organization\"},\"image\":{\"@id\":\"http:\/\/vincentians.com\/es\/misiones-a-matrimonios-jovenes\/#primaryimage\"},\"thumbnailUrl\":\"\",\"articleSection\":[\"Misiones \u00abAd gentes\u00bb\"],\"inLanguage\":\"es\",\"potentialAction\":[{\"@type\":\"CommentAction\",\"name\":\"Comment\",\"target\":[\"http:\/\/vincentians.com\/es\/misiones-a-matrimonios-jovenes\/#respond\"]}]},{\"@type\":\"WebPage\",\"@id\":\"http:\/\/vincentians.com\/es\/misiones-a-matrimonios-jovenes\/\",\"url\":\"http:\/\/vincentians.com\/es\/misiones-a-matrimonios-jovenes\/\",\"name\":\"Misiones a matrimonios j\u00f3venes - Somos Vicencianos\",\"isPartOf\":{\"@id\":\"http:\/\/vincentians.com\/es\/#website\"},\"primaryImageOfPage\":{\"@id\":\"http:\/\/vincentians.com\/es\/misiones-a-matrimonios-jovenes\/#primaryimage\"},\"image\":{\"@id\":\"http:\/\/vincentians.com\/es\/misiones-a-matrimonios-jovenes\/#primaryimage\"},\"thumbnailUrl\":\"\",\"datePublished\":\"2011-05-06T06:20:59+00:00\",\"breadcrumb\":{\"@id\":\"http:\/\/vincentians.com\/es\/misiones-a-matrimonios-jovenes\/#breadcrumb\"},\"inLanguage\":\"es\",\"potentialAction\":[{\"@type\":\"ReadAction\",\"target\":[\"http:\/\/vincentians.com\/es\/misiones-a-matrimonios-jovenes\/\"]}]},{\"@type\":\"ImageObject\",\"inLanguage\":\"es\",\"@id\":\"http:\/\/vincentians.com\/es\/misiones-a-matrimonios-jovenes\/#primaryimage\",\"url\":\"\",\"contentUrl\":\"\"},{\"@type\":\"BreadcrumbList\",\"@id\":\"http:\/\/vincentians.com\/es\/misiones-a-matrimonios-jovenes\/#breadcrumb\",\"itemListElement\":[{\"@type\":\"ListItem\",\"position\":1,\"name\":\"Portada\",\"item\":\"http:\/\/vincentians.com\/es\/\"},{\"@type\":\"ListItem\",\"position\":2,\"name\":\"Misiones a matrimonios j\u00f3venes\"}]},{\"@type\":\"WebSite\",\"@id\":\"http:\/\/vincentians.com\/es\/#website\",\"url\":\"http:\/\/vincentians.com\/es\/\",\"name\":\"Somos Vicencianos\",\"description\":\"Know more to serve more\",\"publisher\":{\"@id\":\"http:\/\/vincentians.com\/es\/#organization\"},\"potentialAction\":[{\"@type\":\"SearchAction\",\"target\":{\"@type\":\"EntryPoint\",\"urlTemplate\":\"http:\/\/vincentians.com\/es\/?s={search_term_string}\"},\"query-input\":{\"@type\":\"PropertyValueSpecification\",\"valueRequired\":true,\"valueName\":\"search_term_string\"}}],\"inLanguage\":\"es\"},{\"@type\":\"Organization\",\"@id\":\"http:\/\/vincentians.com\/es\/#organization\",\"name\":\"The Vincentian Network\",\"url\":\"http:\/\/vincentians.com\/es\/\",\"logo\":{\"@type\":\"ImageObject\",\"inLanguage\":\"es\",\"@id\":\"http:\/\/vincentians.com\/es\/#\/schema\/logo\/image\/\",\"url\":\"https:\/\/i1.wp.com\/vincentians.com\/es\/wp-content\/uploads\/sites\/11\/2016\/06\/Vincentian-Network-logo-big.png?fit=778%2C778\",\"contentUrl\":\"https:\/\/i1.wp.com\/vincentians.com\/es\/wp-content\/uploads\/sites\/11\/2016\/06\/Vincentian-Network-logo-big.png?fit=778%2C778\",\"width\":778,\"height\":778,\"caption\":\"The Vincentian Network\"},\"image\":{\"@id\":\"http:\/\/vincentians.com\/es\/#\/schema\/logo\/image\/\"},\"sameAs\":[\"https:\/\/www.facebook.com\/WeAreVincentians\/\",\"https:\/\/x.com\/WeVincentians\"]},{\"@type\":\"Person\",\"@id\":\"http:\/\/vincentians.com\/es\/#\/schema\/person\/9623ef4d9aa3b2dfb8c061f1499288f2\",\"name\":\"Francisco Javier Fern\u00e1ndez Chento\",\"image\":{\"@type\":\"ImageObject\",\"inLanguage\":\"es\",\"@id\":\"http:\/\/vincentians.com\/es\/#\/schema\/person\/image\/\",\"url\":\"https:\/\/secure.gravatar.com\/avatar\/497d5cde87b4c3d097d0315953521681ba2cd523ee66e5077c3711f7021e65de?s=96&d=mm&r=g\",\"contentUrl\":\"https:\/\/secure.gravatar.com\/avatar\/497d5cde87b4c3d097d0315953521681ba2cd523ee66e5077c3711f7021e65de?s=96&d=mm&r=g\",\"caption\":\"Francisco Javier Fern\u00e1ndez Chento\"},\"description\":\"Director General y cofundador de La Red de Formaci\u00f3n Vicenciana. Javier es laico vicenciano, afiliado a la Congregaci\u00f3n de la Misi\u00f3n y miembro del Equipo de Misiones Populares de la provincia can\u00f3nica de Zaragoza (Espa\u00f1a) de la Congregaci\u00f3n de la Misi\u00f3n. Graduado en la Universidad Oberta de Catalunya con cuatro grados (Asistente de direcci\u00f3n, Gesti\u00f3n Administrativa, Recursos Humanos y Contabilidad Avanzada). Bil\u00edng\u00fce Espa\u00f1ol\/Ingl\u00e9s. gestiona y mantiene varias p\u00e1ginas web cristianas y vicencianas, incluida including La Red de Formaci\u00f3n Vicenciana, de la que es cofundador. Actualmente es responsable del \u00e1rea de Espa\u00f1ol de .famvin, la Red de Noticias de la Familia Vicenciana. Tambi\u00e9n es m\u00fasico cat\u00f3lico y ha editado varios discos. Es Director General y cofundador de Trovador, una reconocida compa\u00f1\u00eda discogr\u00e1fica critiana de Espa\u00f1a. Trabaja en las Tecnolog\u00edas de la Informaci\u00f3n, ofreciendo servicios de alojamiento, dise\u00f1o y mantenimiento Web, as\u00ed como asesoramiento, formaci\u00f3n y soluciones inform\u00e1ticas, gesti\u00f3n documental y digitalizaci\u00f3n de textos, edici\u00f3n y maquetaci\u00f3n de libros, revistas, flyers, etc.\",\"sameAs\":[\"http:\/\/chento.org\",\"https:\/\/www.facebook.com\/JavierChento\",\"https:\/\/x.com\/https:\/\/twitter.com\/javierchento\"],\"url\":\"http:\/\/vincentians.com\/es\/author\/chento\/\"}]}<\/script>\n<!-- \/ Yoast SEO plugin. -->","yoast_head_json":{"title":"Misiones a matrimonios j\u00f3venes - Somos Vicencianos","robots":{"index":"index","follow":"follow","max-snippet":"max-snippet:-1","max-image-preview":"max-image-preview:large","max-video-preview":"max-video-preview:-1"},"canonical":"http:\/\/vincentians.com\/es\/misiones-a-matrimonios-jovenes\/","og_locale":"es_ES","og_type":"article","og_title":"Misiones a matrimonios j\u00f3venes - Somos Vicencianos","og_description":"Introducci\u00f3n \u00abLas misiones tradicionales, con frecuencia abandonadas demasiado deprisa, son insustituibles para una renovaci\u00f3n peri\u00f3dica y vigorosa de la vida cristiana\u00bb(Juan Pablo II, Exhortaci\u00f3n Apost\u00f3lica Catechesi Tradendae, n. 47) \u00abLa acci\u00f3n catequ\u00e9tica de la familia ... Read More","og_url":"http:\/\/vincentians.com\/es\/misiones-a-matrimonios-jovenes\/","og_site_name":"Somos Vicencianos","article_publisher":"https:\/\/www.facebook.com\/WeAreVincentians\/","article_author":"https:\/\/www.facebook.com\/JavierChento","article_published_time":"2011-05-06T06:20:59+00:00","author":"Francisco Javier Fern\u00e1ndez Chento","twitter_card":"summary_large_image","twitter_creator":"@https:\/\/twitter.com\/javierchento","twitter_site":"@WeVincentians","twitter_misc":{"Escrito por":"Francisco Javier Fern\u00e1ndez Chento","Tiempo de lectura":"5 minutos"},"schema":{"@context":"https:\/\/schema.org","@graph":[{"@type":"Article","@id":"http:\/\/vincentians.com\/es\/misiones-a-matrimonios-jovenes\/#article","isPartOf":{"@id":"http:\/\/vincentians.com\/es\/misiones-a-matrimonios-jovenes\/"},"author":{"name":"Francisco Javier Fern\u00e1ndez Chento","@id":"http:\/\/vincentians.com\/es\/#\/schema\/person\/9623ef4d9aa3b2dfb8c061f1499288f2"},"headline":"Misiones a matrimonios j\u00f3venes","datePublished":"2011-05-06T06:20:59+00:00","mainEntityOfPage":{"@id":"http:\/\/vincentians.com\/es\/misiones-a-matrimonios-jovenes\/"},"wordCount":975,"commentCount":0,"publisher":{"@id":"http:\/\/vincentians.com\/es\/#organization"},"image":{"@id":"http:\/\/vincentians.com\/es\/misiones-a-matrimonios-jovenes\/#primaryimage"},"thumbnailUrl":"","articleSection":["Misiones \u00abAd gentes\u00bb"],"inLanguage":"es","potentialAction":[{"@type":"CommentAction","name":"Comment","target":["http:\/\/vincentians.com\/es\/misiones-a-matrimonios-jovenes\/#respond"]}]},{"@type":"WebPage","@id":"http:\/\/vincentians.com\/es\/misiones-a-matrimonios-jovenes\/","url":"http:\/\/vincentians.com\/es\/misiones-a-matrimonios-jovenes\/","name":"Misiones a matrimonios j\u00f3venes - Somos Vicencianos","isPartOf":{"@id":"http:\/\/vincentians.com\/es\/#website"},"primaryImageOfPage":{"@id":"http:\/\/vincentians.com\/es\/misiones-a-matrimonios-jovenes\/#primaryimage"},"image":{"@id":"http:\/\/vincentians.com\/es\/misiones-a-matrimonios-jovenes\/#primaryimage"},"thumbnailUrl":"","datePublished":"2011-05-06T06:20:59+00:00","breadcrumb":{"@id":"http:\/\/vincentians.com\/es\/misiones-a-matrimonios-jovenes\/#breadcrumb"},"inLanguage":"es","potentialAction":[{"@type":"ReadAction","target":["http:\/\/vincentians.com\/es\/misiones-a-matrimonios-jovenes\/"]}]},{"@type":"ImageObject","inLanguage":"es","@id":"http:\/\/vincentians.com\/es\/misiones-a-matrimonios-jovenes\/#primaryimage","url":"","contentUrl":""},{"@type":"BreadcrumbList","@id":"http:\/\/vincentians.com\/es\/misiones-a-matrimonios-jovenes\/#breadcrumb","itemListElement":[{"@type":"ListItem","position":1,"name":"Portada","item":"http:\/\/vincentians.com\/es\/"},{"@type":"ListItem","position":2,"name":"Misiones a matrimonios j\u00f3venes"}]},{"@type":"WebSite","@id":"http:\/\/vincentians.com\/es\/#website","url":"http:\/\/vincentians.com\/es\/","name":"Somos Vicencianos","description":"Know more to serve more","publisher":{"@id":"http:\/\/vincentians.com\/es\/#organization"},"potentialAction":[{"@type":"SearchAction","target":{"@type":"EntryPoint","urlTemplate":"http:\/\/vincentians.com\/es\/?s={search_term_string}"},"query-input":{"@type":"PropertyValueSpecification","valueRequired":true,"valueName":"search_term_string"}}],"inLanguage":"es"},{"@type":"Organization","@id":"http:\/\/vincentians.com\/es\/#organization","name":"The Vincentian Network","url":"http:\/\/vincentians.com\/es\/","logo":{"@type":"ImageObject","inLanguage":"es","@id":"http:\/\/vincentians.com\/es\/#\/schema\/logo\/image\/","url":"https:\/\/i1.wp.com\/vincentians.com\/es\/wp-content\/uploads\/sites\/11\/2016\/06\/Vincentian-Network-logo-big.png?fit=778%2C778","contentUrl":"https:\/\/i1.wp.com\/vincentians.com\/es\/wp-content\/uploads\/sites\/11\/2016\/06\/Vincentian-Network-logo-big.png?fit=778%2C778","width":778,"height":778,"caption":"The Vincentian Network"},"image":{"@id":"http:\/\/vincentians.com\/es\/#\/schema\/logo\/image\/"},"sameAs":["https:\/\/www.facebook.com\/WeAreVincentians\/","https:\/\/x.com\/WeVincentians"]},{"@type":"Person","@id":"http:\/\/vincentians.com\/es\/#\/schema\/person\/9623ef4d9aa3b2dfb8c061f1499288f2","name":"Francisco Javier Fern\u00e1ndez Chento","image":{"@type":"ImageObject","inLanguage":"es","@id":"http:\/\/vincentians.com\/es\/#\/schema\/person\/image\/","url":"https:\/\/secure.gravatar.com\/avatar\/497d5cde87b4c3d097d0315953521681ba2cd523ee66e5077c3711f7021e65de?s=96&d=mm&r=g","contentUrl":"https:\/\/secure.gravatar.com\/avatar\/497d5cde87b4c3d097d0315953521681ba2cd523ee66e5077c3711f7021e65de?s=96&d=mm&r=g","caption":"Francisco Javier Fern\u00e1ndez Chento"},"description":"Director General y cofundador de La Red de Formaci\u00f3n Vicenciana. Javier es laico vicenciano, afiliado a la Congregaci\u00f3n de la Misi\u00f3n y miembro del Equipo de Misiones Populares de la provincia can\u00f3nica de Zaragoza (Espa\u00f1a) de la Congregaci\u00f3n de la Misi\u00f3n. Graduado en la Universidad Oberta de Catalunya con cuatro grados (Asistente de direcci\u00f3n, Gesti\u00f3n Administrativa, Recursos Humanos y Contabilidad Avanzada). Bil\u00edng\u00fce Espa\u00f1ol\/Ingl\u00e9s. gestiona y mantiene varias p\u00e1ginas web cristianas y vicencianas, incluida including La Red de Formaci\u00f3n Vicenciana, de la que es cofundador. Actualmente es responsable del \u00e1rea de Espa\u00f1ol de .famvin, la Red de Noticias de la Familia Vicenciana. Tambi\u00e9n es m\u00fasico cat\u00f3lico y ha editado varios discos. Es Director General y cofundador de Trovador, una reconocida compa\u00f1\u00eda discogr\u00e1fica critiana de Espa\u00f1a. Trabaja en las Tecnolog\u00edas de la Informaci\u00f3n, ofreciendo servicios de alojamiento, dise\u00f1o y mantenimiento Web, as\u00ed como asesoramiento, formaci\u00f3n y soluciones inform\u00e1ticas, gesti\u00f3n documental y digitalizaci\u00f3n de textos, edici\u00f3n y maquetaci\u00f3n de libros, revistas, flyers, etc.","sameAs":["http:\/\/chento.org","https:\/\/www.facebook.com\/JavierChento","https:\/\/x.com\/https:\/\/twitter.com\/javierchento"],"url":"http:\/\/vincentians.com\/es\/author\/chento\/"}]}},"jetpack_publicize_connections":[],"jetpack_featured_media_url":"","jetpack_sharing_enabled":true,"jetpack_shortlink":"https:\/\/wp.me\/p7ETMF-9Ka","jetpack-related-posts":[{"id":39659,"url":"http:\/\/vincentians.com\/es\/misiones-populares-en-espana-1975-2000-1979\/","url_meta":{"origin":37458,"position":0},"title":"Misiones populares en Espa\u00f1a, 1975-2000: 1979","author":"Francisco Javier Fern\u00e1ndez Chento","date":"01\/10\/2014","format":false,"excerpt":"1979 AMPLIO ART\u00cdCULO SOBRE EL TEMARIO DE ORTEGA. a) Propuesta de nueva sistematizaci\u00f3n: el proyecto salv\u00edfico de Dios el hombre como vocaci\u00f3n a ser a ser \"imagen de Dios\" el pecado destruye la imagen de Dios Jes\u00fas, Dios-con-el-hombre e imagen de Dios invisible La Iglesia, continuaci\u00f3n visible de Cristo: celebra\u2026","rel":"","context":"En \u00abMisiones \u00abAd gentes\u00bb\u00bb","block_context":{"text":"Misiones \u00abAd gentes\u00bb","link":"http:\/\/vincentians.com\/es\/category\/servicios-y-ministerios\/misiones-ad-gentes\/"},"img":{"alt_text":"Colegiata de Castrojeriz","src":"https:\/\/i0.wp.com\/vicencianos.org\/wp-content\/2011\/05\/Castrojeriz-300x260.jpg?resize=350%2C200","width":350,"height":200},"classes":[]},{"id":138493,"url":"http:\/\/vincentians.com\/es\/exhortacion-apostolica-evangelii-nuntiandi\/","url_meta":{"origin":37458,"position":1},"title":"Exhortaci\u00f3n Apost\u00f3lica \u00abEvangelii nuntiandi\u00bb","author":"Francisco Javier Fern\u00e1ndez Chento","date":"06\/02\/2015","format":false,"excerpt":"\u00a0 Descarga la Exhortaci\u00f3n Apost\u00f3lica \"Evangelii nuntiandi\" en formato PDF aqu\u00ed: Formato PDF (pincha en la imagen para descargar)","rel":"","context":"En \u00abDocumentos Pontificios\u00bb","block_context":{"text":"Documentos Pontificios","link":"http:\/\/vincentians.com\/es\/category\/formacion-cristiana\/documentos-pontificios\/"},"img":{"alt_text":"PDF","src":"https:\/\/i0.wp.com\/vicencianos.org\/wp-content\/2015\/02\/evangelii_nuntiandi.jpg?resize=350%2C200","width":350,"height":200},"classes":[]},{"id":144526,"url":"http:\/\/vincentians.com\/es\/la-audacia-de-la-caridad-espiritualidad-insercion-pobres\/","url_meta":{"origin":37458,"position":2},"title":"La audacia de la caridad: espiritualidad, inserci\u00f3n, pobres","author":"Francisco Javier Fern\u00e1ndez Chento","date":"06\/05\/2015","format":false,"excerpt":"1.- Justificaci\u00f3n del tema: \"Este asunto me concierne\" La audacia de la caridad para un nuevo impulso misionero es el tema de nuestras Asambleas locales y provinciales como preparaci\u00f3n a la pr\u00f3xima Asamblea general. Pero en realidad es mucho m\u00e1s, es una llamada del Esp\u00edritu a la Iglesia que responde\u2026","rel":"","context":"En \u00abFormaci\u00f3n Vicenciana\u00bb","block_context":{"text":"Formaci\u00f3n Vicenciana","link":"http:\/\/vincentians.com\/es\/category\/formacion-vicenciana\/"},"img":{"alt_text":"audacia caridad","src":"https:\/\/i0.wp.com\/vicencianos.org\/wp-content\/2015\/05\/audacia-caridad-300x185.jpg?resize=350%2C200","width":350,"height":200},"classes":[]},{"id":45274,"url":"http:\/\/vincentians.com\/es\/la-formacion-permanente-integral\/","url_meta":{"origin":37458,"position":3},"title":"La formaci\u00f3n permanente integral","author":"Francisco Javier Fern\u00e1ndez Chento","date":"05\/07\/2011","format":false,"excerpt":"La formaci\u00f3n permanente (desde ahora: FP) no es un fin en s\u00ed mismo, es un medio. Mantiene una estrecha relaci\u00f3n con la pastoral, los diversos apostolados y ministerios de los vicentinos. La FP alimenta y sustenta la globalidad de la misi\u00f3n. M\u00e1s a\u00fan, proporciona consistencia y seguridad al misionero en\u2026","rel":"","context":"En \u00abFormaci\u00f3n Cristiana\u00bb","block_context":{"text":"Formaci\u00f3n Cristiana","link":"http:\/\/vincentians.com\/es\/category\/formacion-cristiana\/"},"img":{"alt_text":"","src":"https:\/\/i0.wp.com\/vicencianos.org\/wp-content\/2011\/07\/formacion_permanente-197x300.jpg?resize=350%2C200","width":350,"height":200},"classes":[]},{"id":404180,"url":"http:\/\/vincentians.com\/es\/luisa-de-marillac-formadora-de-los-laicos-i\/","url_meta":{"origin":37458,"position":4},"title":"Luisa de Marillac formadora de los laicos (I)","author":"Mitxel Olabu\u00e9naga","date":"20\/03\/2022","format":false,"excerpt":"INTRODUCCI\u00d3N Y CIRCUNSTANCIAS AMBIENTALES Cuando se me pidi\u00f3 este trabajo lo primero que se me ocurri\u00f3 es ir a las biograf\u00edas de Santa Luisa. En la primera biograf\u00eda, escrita por Nicol\u00e1s Gobill\u00f3n catorce a\u00f1os despu\u00e9s de su muerte, encontr\u00e9 esta cita: \"Desde el momento en que comenz\u00f3 las reu\u00adniones, las\u2026","rel":"","context":"En \u00abLuisa de Marillac\u00bb","block_context":{"text":"Luisa de Marillac","link":"http:\/\/vincentians.com\/es\/category\/la-familia-vicenciana\/fundadores\/luisa-de-marillac\/"},"img":{"alt_text":"","src":"https:\/\/i0.wp.com\/vincentians.com\/es\/wp-content\/uploads\/sites\/11\/2013\/04\/n-1.jpg?fit=823%2C564&resize=350%2C200","width":350,"height":200,"srcset":"https:\/\/i0.wp.com\/vincentians.com\/es\/wp-content\/uploads\/sites\/11\/2013\/04\/n-1.jpg?fit=823%2C564&resize=350%2C200 1x, https:\/\/i0.wp.com\/vincentians.com\/es\/wp-content\/uploads\/sites\/11\/2013\/04\/n-1.jpg?fit=823%2C564&resize=525%2C300 1.5x, https:\/\/i0.wp.com\/vincentians.com\/es\/wp-content\/uploads\/sites\/11\/2013\/04\/n-1.jpg?fit=823%2C564&resize=700%2C400 2x"},"classes":[]},{"id":129403,"url":"http:\/\/vincentians.com\/es\/cristianos-laicos-y-signos-de-los-tiempos-7\/","url_meta":{"origin":37458,"position":5},"title":"Cristianos laicos y signos de los tiempos (7)","author":"Francisco Javier Fern\u00e1ndez Chento","date":"29\/12\/2024","format":false,"excerpt":"VII. Algunos compromisos laicales frente a los \"signos de los tiempos\" La percepci\u00f3n y aceptaci\u00f3n (cr\u00edtica) de los \"signos de los tiempos\" ha significado, si no un verdadero revulsivo, s\u00ed un v\u00e1lido y poderoso catalizador en el seno de la Iglesia. Despu\u00e9s de siglos en los que el distanciamiento, los\u2026","rel":"","context":"En \u00abFormaci\u00f3n Cristiana\u00bb","block_context":{"text":"Formaci\u00f3n Cristiana","link":"http:\/\/vincentians.com\/es\/category\/formacion-cristiana\/"},"img":{"alt_text":"","src":"https:\/\/i0.wp.com\/vincentians.com\/es\/wp-content\/uploads\/sites\/11\/2016\/10\/ranquines.jpg?fit=1200%2C630&resize=350%2C200","width":350,"height":200,"srcset":"https:\/\/i0.wp.com\/vincentians.com\/es\/wp-content\/uploads\/sites\/11\/2016\/10\/ranquines.jpg?fit=1200%2C630&resize=350%2C200 1x, https:\/\/i0.wp.com\/vincentians.com\/es\/wp-content\/uploads\/sites\/11\/2016\/10\/ranquines.jpg?fit=1200%2C630&resize=525%2C300 1.5x, https:\/\/i0.wp.com\/vincentians.com\/es\/wp-content\/uploads\/sites\/11\/2016\/10\/ranquines.jpg?fit=1200%2C630&resize=700%2C400 2x, https:\/\/i0.wp.com\/vincentians.com\/es\/wp-content\/uploads\/sites\/11\/2016\/10\/ranquines.jpg?fit=1200%2C630&resize=1050%2C600 3x"},"classes":[]}],"_links":{"self":[{"href":"http:\/\/vincentians.com\/es\/wp-json\/wp\/v2\/posts\/37458","targetHints":{"allow":["GET"]}}],"collection":[{"href":"http:\/\/vincentians.com\/es\/wp-json\/wp\/v2\/posts"}],"about":[{"href":"http:\/\/vincentians.com\/es\/wp-json\/wp\/v2\/types\/post"}],"author":[{"embeddable":true,"href":"http:\/\/vincentians.com\/es\/wp-json\/wp\/v2\/users\/4"}],"replies":[{"embeddable":true,"href":"http:\/\/vincentians.com\/es\/wp-json\/wp\/v2\/comments?post=37458"}],"version-history":[{"count":0,"href":"http:\/\/vincentians.com\/es\/wp-json\/wp\/v2\/posts\/37458\/revisions"}],"wp:featuredmedia":[{"embeddable":true,"href":"http:\/\/vincentians.com\/es\/wp-json\/"}],"wp:attachment":[{"href":"http:\/\/vincentians.com\/es\/wp-json\/wp\/v2\/media?parent=37458"}],"wp:term":[{"taxonomy":"category","embeddable":true,"href":"http:\/\/vincentians.com\/es\/wp-json\/wp\/v2\/categories?post=37458"},{"taxonomy":"post_tag","embeddable":true,"href":"http:\/\/vincentians.com\/es\/wp-json\/wp\/v2\/tags?post=37458"}],"curies":[{"name":"wp","href":"https:\/\/api.w.org\/{rel}","templated":true}]}}