{"id":37254,"date":"2021-05-04T08:23:01","date_gmt":"2021-05-04T06:23:01","guid":{"rendered":"http:\/\/somos.vicencianos.org\/?p=37254"},"modified":"2021-05-03T18:39:37","modified_gmt":"2021-05-03T16:39:37","slug":"ceferino-jimenez-malla-el-pele","status":"publish","type":"post","link":"http:\/\/vincentians.com\/es\/ceferino-jimenez-malla-el-pele\/","title":{"rendered":"Ceferino Jim\u00e9nez Malla (El Pel\u00e9)"},"content":{"rendered":"<div>\n<p>Un d\u00eda apareci\u00f3 en la fachada del Vaticano el cuadro de un Santo del todo \u00a0excepcional. \u00a0Nunca \u00a0se \u00a0hab\u00eda \u00a0visto \u00a0uno \u00a0semejante. \u00a0Y \u00a0el \u00a0Papa \u00a0lo declaraba Beato, digno de los altares y presentado a la veneraci\u00f3n de los fieles como ejemplo de vida cristiana&#8230; Todos se dec\u00edan al ver sus estampas:\u00bbPero, \u00bfqui\u00e9n es ese tratante de ganado, agarrado al cordel de un caballo?\u00bb. Y la respuesta dejaba perplejo a cualquiera. Pues, eso: un hombre \u2014gitano para m\u00e1s se\u00f1as, llamado Ceferino Jim\u00e9nez, con el sobrenombre de Pel\u00e9\u2014 que no tuvo otro oficio que el de tratante de ganado, que era analfabeto, que llev\u00f3 siempre una vida honesta y piadosa, y que al fin muri\u00f3 m\u00e1rtir al derramar su sangre por Jesucristo. \u00a1Qui\u00e9n iba a decir que un gitano iba a subir a los altares! \u00a0Y es que la fama del pueblo gitano, desparramado por toda Europa, es la de un pueblo segregado, malquerido, inadaptado e inaceptado en la sociedad. Porque, ya se sabe, el gitano es n\u00f3mada, con mala fama siempre. \u00a1Cuidado con fiarse de un gitano!&#8230; Eso, lo que dice la gente. Pero viene ahora la autoridad suprema de la Iglesia, nos pone la imagen de Pel\u00e9 ante los ojos, y nos dice todo lo contrario: \u00abEste gitano, el hombre m\u00e1s honesto. Este gitano, un cristiano santo. Este gitano, un m\u00e1rtir glorioso. Este gitano, un modelo para todos. Pel\u00e9, el simp\u00e1tico gitano Pel\u00e9, ha de ser llamado desde ahora el Beato Ceferino Jim\u00e9nez.<\/p>\n<\/div>\n<div>\n<p>Quiso Dios y el nomadismo de sus padres que Ceferino Jim\u00e9nez Malla viniera a nacer en la tierra leridana de Benavent \u00a0de Segri\u00e1, hacia el a\u00f1o 1861. Pero la pila bautismal lo esperaba \u00a0en Fraga, \u00a0que ya \u00a0era tierra \u00a0de Arag\u00f3n. Lo llamaron Ceferino porque a lo mejor era el d\u00eda del santo. En seguida, vi\u00e9ndolo tan desnudito y desarrapado, lo llamar\u00edan \u00abEl \u00a0Pel\u00e9\u00bb. \u00a0Y con El Pel\u00e9 se ha quedado ya para siempre en los anales \u00a0de la historia. Como su familia, Ceferino tambi\u00e9n fue un gitano que vivi\u00f3 siempre como tal, profesando la ley gitana tanto en su formaci\u00f3n como en el desarrollo de su vida. Analfabeto, vivi\u00f3 sus primeros veinte a\u00f1os por los caminos soleados de Arag\u00f3n. La infancia del Pel\u00e9 fue una infancia a salto de mata: de la ceca a la meca en el carromato de sus padres: el Tichs y la Jese\u00eda. El Tichs se march\u00f3 pronto de casa y al Pel\u00e9 le toc\u00f3, cuando casi era un ni\u00f1o, ponerse a sacar \u00a0la \u00a0familia \u00a0adelante. \u00a0Se \u00a0puso \u00a0en \u00a0contacto \u00a0con \u00a0su \u00a0t\u00edo, \u00a0un \u00a0gitano canastero. Y con \u00e9l se fue a colocar cestillo y cu\u00e9vanos por las ferias de los pueblos vecinos a Barbastro (Huesca), \u00a0que era el pueblo en el que viv\u00eda el t\u00edo y donde la familia del Pel\u00e9 se estableci\u00f3 en 1880.<\/p>\n<p>Hacia \u00a0los 20 a\u00f1os, se \u00a0cas\u00f3, \u00a0por el \u00a0rito gitano, \u00a0con \u00a0Teresa \u00a0Gim\u00e9nez Castro, una gitana de L\u00e9rida, y se estableci\u00f3 en Barbastro. Teresa sab\u00eda leer y escribir y era una mujer de mucho car\u00e1cter y muy cumplidora. Despu\u00e9s de un proceso de acercamiento \u00a0a la fe cat\u00f3lica, \u00a0de manos de don Nicol\u00e1s Santos de Otto, profesor universitario en Barbastro, contrajo matrimonio religioso con Teresa \u00a0el 9 de enero de 1912. Comenz\u00f3 desde entonces \u00a0a frecuentar la iglesia hasta convertirse en un cristiano modelo. No tuvo hijos a pesar de que le gustaban lo chiquillos y se entusiasmaba con ellos. Teresa le trajo \u00a0a casa \u00a0a \u00abla \u00a0Pepita\u00bb, \u00a0que era \u00a0una gitanilla \u00a0preciosa, hija de su hermana. Pepita fue a la escuela \u00a0de las ni\u00f1as payas y aprendi\u00f3 mucho y hasta tocaba el piano, cosa que al Pel\u00e9 deb\u00ed a gustarle bastante y que a la Teresa le llenaba de orgullo.<\/p>\n<p>Asist\u00eda a las celebraciones lit\u00fargicas de las distintas iglesias de Barbastro, acompa\u00f1aba el Vi\u00e1tico a las casas de los enfermos, rezaba el rosario con los ancianos en el hospicio del Amparo, reun\u00eda a los ni\u00f1os y les ense\u00f1aba la Biblia, las oraciones y los cantos. Cuando iba caminando por las calles de Barbastro, la gente dec\u00eda: \u00abNo blasfem\u00e9is, pasa El Pel\u00e9\u00bb. Viv\u00eda con gran austeridad con \u00e9l mismo. Al morir su mujer en 1922, se deshizo de su casa y se fue a vivir en arriendo.<\/p>\n<p>El Pel\u00e9 dedic\u00f3 los mejores a\u00f1os de su vida a la profesi\u00f3n de tratante, experto en la compraventa de caballer\u00edas por las ferias de la regi\u00f3n. Fue un tratante \u00abde pro\u00bb, uno de esos profesionales que sab\u00eda de bestias lo suyo. El Pel\u00e9 sembr\u00f3 fama de hombre bueno, leal para con sus clientes, incapaz de enga\u00f1ar a nadie. Le daba lo mismo payo que gitano, arre que so. Por eso result\u00f3 una iron\u00eda imposible que alguien lo acusara de haberle robado unas mulas. Fue en Vendrell y a El Pel\u00e9 se lo llevaron los Civiles a la c\u00e1rcel de Valls. Luego, en el juicio que se le sigui\u00f3, el abogado que lo defend\u00eda dijo: \u00abEl \u00a0Pel\u00e9 \u00a0no \u00a0es \u00a0un \u00a0ladr\u00f3n, \u00a0es \u00a0san \u00a0Ceferino, \u00a0patr\u00f3n \u00a0de \u00a0los \u00a0gitanos\u00bb. Finalmente, como no pod\u00eda ser menos, sali\u00f3 absuelto. Lleg\u00f3 a tener una buena posici\u00f3n social y econ\u00f3mica, que estuvo siempre a la disposici\u00f3n de los m\u00e1s necesitados. Por su reconocida prudencia y sabidur\u00eda, lo solicitaban payos y gitanos para solucionar los conflictos que a veces surg\u00edan entre ellos.<\/p>\n<\/div>\n<div>\n<p>Piadoso y caritativo, socorr\u00eda a todos con sus limosnas. Daba a los dem\u00e1s lo que ten\u00eda y lo que no. Su dinero era el dinero que pod\u00eda ir a aliviar las necesidades de los dem\u00e1s: la gitana que lo necesitaba para alimentar a su hijo o a los pobres que llegaban a la casa pidiendo una limosna por Dios. El Pel\u00e9 carg\u00f3 a hombros con el tuberculoso que se mor\u00eda de hemoptisis en medio de la calle. El Pel\u00e9 se marchaba por las tardes a la cercan\u00eda \u00a0de la ermita de san Ram\u00f3n. Llevaba consigo a los chavales que encontraba en el camino o a los que estaban acogidos en el asilo de las monjas. Les ense\u00f1aba el catecismo y canciones. Y les daba consejos buenos: que no mataran a los pajarillos, que no pisaran los furacos de las hormigas, que no se pegaran los unos con \u00a0los otros. \u00a0Les \u00a0hablaba \u00a0de \u00a0Dios y \u00a0de \u00a0la \u00a0Virgen, \u00a0les \u00a0ense\u00f1aba cantares y padrenuestros. Les dec\u00eda que ten\u00edan que ser buenos. Que no se olvidaran nunca que ellos eran \u00ablos huesitos de Dios\u00bb, que era una teolog\u00eda de \u00a0san \u00a0Pablo \u00a0que \u00a0debi\u00f3\u00a0 o\u00edr \u00a0en \u00a0alguno \u00a0de \u00a0los \u00a0muchos \u00a0sermones \u00a0que escuchaba. Aunque no supo nunca ni leer ni escribir, era amigo de personas cultas y fue admitido como miembro en diversas asociaciones religiosas: Jueves eucar\u00edsticos, Adoraci\u00f3n nocturna, Conferencias de San Vicente de Pa\u00fal y Tercera Orden Franciscana.<\/p>\n<p>Cuando estall\u00f3 la Guerra Civil ten\u00eda 75 a\u00f1os de edad. En los \u00faltimos d\u00edas de julio de 1936, El Pel\u00e9, que ten\u00eda una gran personalidad, estando en la plaza del municipio y frente a una evidente injusticia, no pudo evitar exclamar para salir en defensa de un joven sacerdote: \u00ab\u00a1Virgen, ay\u00fadame!<\/p>\n<p>\u00a1Tantos hombres armados contra un sacerdote indefenso!\u00bb. Fue detenido, y en sus bolsillos le encontraron un rosario. Uno de los jefes revolucionarios lo quiere salvar: \u00ab\u00a1Deja \u00a0ese rosario y esas tonter\u00edas con tus fanatismos, y yo te saco de aqu\u00ed!\u00bb. \u00ab\u00a1Gracias! Pero yo morir\u00e9 con mi rosario\u00bb, le contesta el Pel\u00e9. Llevado a la c\u00e1rcel municipal, lo encerraron en una celda de 5 metros cuadrados con otras 15 personas. Se neg\u00f3 a entregar el rosario. Junto con otros sacerdotes y laicos, fue trasladado al Convento de las Capuchinas, transformado en \u00a0c\u00e1rcel. \u00a0Le \u00a0ofrecieron \u00a0la \u00a0libertad \u00a0si \u00a0dejaba \u00a0de \u00a0rezar \u00a0el rosario. Prefiri\u00f3 permanecer en la prisi\u00f3n y afrontar el martirio. En la noche del 2 o del 9 de agosto, del s\u00e1bado al domingo, hacia las tres de la ma\u00f1ana, fue fusilado junto a las tapias del cementerio de Barbastro con el rosario en la mano mientras gritaba su fe: \u00abViva Cristo Rey\u00bb.<\/p>\n<\/div>\n<p>Juan Pablo II lo beatific\u00f3 el 4 de mayo de 1997, y estableci\u00f3 que su fiesta se celebre el 4 de mayo. En su homil\u00eda dijo: \u00abA \u00a0vosotros os llamo amigos<em>\u00bb <\/em>(Jn 15,15). Tambi\u00e9n en Barbastro el gitano Ceferino Gim\u00e9nez Malla, conocido como \u00abel \u00a0Pel\u00e9\u00bb, \u00a0muri\u00f3 por la fe en la que hab\u00eda vivido<em>. <\/em>Su vida muestra c\u00f3mo Cristo est\u00e1 presente en los diversos pueblos y razas y que todos est\u00e1n llamados a la santidad, la cual se alcanza guardando sus mandamientos y permaneciendo en su amor (cf. Jn 15,11). El Pel\u00e9 fue generoso y acogedor con los pobres, aun siendo \u00e9l mismo pobre; honesto en su actividad; \u00a0fiel a su pueblo y a su raza cal\u00e9;\u00a0 dotado de una inteligencia natural extraordinaria y del don de consejo. Fue, sobre todo, un hombre de profundas creencias religiosas. La frecuente participaci\u00f3n en la santa misa, la devoci\u00f3n \u00a0a la Virgen Mar\u00eda \u00a0con el rezo del rosario, la pertenencia \u00a0a diversas asociaciones cat\u00f3licas le ayudaron a amar a Dios y al pr\u00f3jimo con entereza. \u00a0As\u00ed, aun a riesgo de la propia vida, no dud\u00f3 en defender a un sacerdote que iba a ser arrestado, por lo que le llevaron a la c\u00e1rcel, donde no abandon\u00f3 nunca la oraci\u00f3n, siendo despu\u00e9s fusilado mientras estrechaba el rosario en sus manos. El beato Ceferino Gim\u00e9nez Malla supo sembrar concordia y solidaridad entre los suyos, mediando tambi\u00e9n en los conflictos que a veces empa\u00f1an las relaciones entre payos y gitanos, demostrando que la caridad de Cristo no conoce l\u00edmites de razas ni culturas. Hoy \u00abel \u00a0Pel\u00e9\u00bb intercede por todos ante el Padre com\u00fan, y la Iglesia lo propone como modelo \u00a0a \u00a0seguir \u00a0y \u00a0muestra \u00a0significativa \u00a0de \u00a0la \u00a0universal \u00a0vocaci\u00f3n \u00a0a \u00a0la santidad, \u00a0especialmente \u00a0para \u00a0los \u00a0gitanos, \u00a0que \u00a0tienen \u00a0con \u00a0\u00e9l \u00a0estrechos v\u00ednculos culturales y \u00e9tnicos\u00bb.<\/p>\n<p>El beato Ceferino Gim\u00e9nez Malla alcanz\u00f3 la palma del martirio con la misma sencillez que hab\u00eda vivido. Su vida cristiana nos recuerda a todos que el mensaje de salvaci\u00f3n no conoce fronteras de raza o cultura, porque Jesucristo es el redentor de los hombres de toda tribu, estirpe, pueblo y naci\u00f3n. Su vida fue coherente con su fe, practicando la caridad con todos, siendo honrado en sus actividades, poniendo paz en las contiendas y aconsejando sabiamente sobre las situaciones que se presentaban. Por esto goz\u00f3 de la estima de quienes lo conocieron.<\/p>\n<div class=\"x-embed x-is-unknown x-is-unknown\"><span class=\"embed-youtube\" style=\"text-align:center; display: block;\"><iframe loading=\"lazy\" class=\"youtube-player\" width=\"846\" height=\"476\" src=\"https:\/\/www.youtube.com\/embed\/2W7akv8L24g?version=3&#038;rel=1&#038;showsearch=0&#038;showinfo=1&#038;iv_load_policy=1&#038;fs=1&#038;hl=es-ES&#038;autohide=2&#038;wmode=transparent\" allowfullscreen=\"true\" style=\"border:0;\" sandbox=\"allow-scripts allow-same-origin allow-popups allow-presentation allow-popups-to-escape-sandbox\"><\/iframe><\/span><\/div>\n","protected":false},"excerpt":{"rendered":"<p>Un d\u00eda apareci\u00f3 en la fachada del Vaticano el cuadro de un Santo del todo \u00a0excepcional. \u00a0Nunca \u00a0se \u00a0hab\u00eda \u00a0visto \u00a0uno \u00a0semejante. \u00a0Y \u00a0el \u00a0Papa \u00a0lo declaraba Beato, digno de los altares y presentado a &#8230; <a href=\"http:\/\/vincentians.com\/es\/ceferino-jimenez-malla-el-pele\/\" class=\"more-link\">Read More<\/a><\/p>\n","protected":false},"author":4,"featured_media":149805,"comment_status":"open","ping_status":"open","sticky":false,"template":"","format":"standard","meta":{"jetpack_post_was_ever_published":false,"_jetpack_newsletter_access":"","_jetpack_dont_email_post_to_subs":false,"_jetpack_newsletter_tier_id":0,"_jetpack_memberships_contains_paywalled_content":false,"_jetpack_memberships_contains_paid_content":false,"footnotes":"","jetpack_publicize_message":"","jetpack_publicize_feature_enabled":true,"jetpack_social_post_already_shared":true,"jetpack_social_options":{"image_generator_settings":{"template":"highway","default_image_id":0,"font":"","enabled":false},"version":2}},"categories":[284],"tags":[],"class_list":["post-37254","post","type-post","status-publish","format-standard","has-post-thumbnail","hentry","category-ceferino-jimenez-malla"],"yoast_head":"<!-- This site is optimized with the Yoast SEO plugin v26.3 - https:\/\/yoast.com\/wordpress\/plugins\/seo\/ -->\n<title>Ceferino Jim\u00e9nez Malla (El Pel\u00e9) - Somos Vicencianos<\/title>\n<meta name=\"robots\" content=\"index, follow, max-snippet:-1, max-image-preview:large, max-video-preview:-1\" \/>\n<link rel=\"canonical\" href=\"http:\/\/vincentians.com\/es\/ceferino-jimenez-malla-el-pele\/\" \/>\n<meta property=\"og:locale\" content=\"es_ES\" \/>\n<meta property=\"og:type\" content=\"article\" \/>\n<meta property=\"og:title\" content=\"Ceferino Jim\u00e9nez Malla (El Pel\u00e9) - Somos Vicencianos\" \/>\n<meta property=\"og:description\" content=\"Un d\u00eda apareci\u00f3 en la fachada del Vaticano el cuadro de un Santo del todo \u00a0excepcional. \u00a0Nunca \u00a0se \u00a0hab\u00eda \u00a0visto \u00a0uno \u00a0semejante. \u00a0Y \u00a0el \u00a0Papa \u00a0lo declaraba Beato, digno de los altares y presentado a ... Read More\" \/>\n<meta property=\"og:url\" content=\"http:\/\/vincentians.com\/es\/ceferino-jimenez-malla-el-pele\/\" \/>\n<meta property=\"og:site_name\" content=\"Somos Vicencianos\" \/>\n<meta property=\"article:publisher\" content=\"https:\/\/www.facebook.com\/WeAreVincentians\/\" \/>\n<meta property=\"article:author\" content=\"https:\/\/www.facebook.com\/JavierChento\" \/>\n<meta property=\"article:published_time\" content=\"2021-05-04T06:23:01+00:00\" \/>\n<meta property=\"og:image\" content=\"https:\/\/i0.wp.com\/vincentians.com\/es\/wp-content\/uploads\/sites\/11\/2013\/12\/the-cross.jpg?fit=1200%2C630\" \/>\n\t<meta property=\"og:image:width\" content=\"1200\" \/>\n\t<meta property=\"og:image:height\" content=\"630\" \/>\n\t<meta property=\"og:image:type\" content=\"image\/jpeg\" \/>\n<meta name=\"author\" content=\"Francisco Javier Fern\u00e1ndez Chento\" \/>\n<meta name=\"twitter:card\" content=\"summary_large_image\" \/>\n<meta name=\"twitter:creator\" content=\"@https:\/\/twitter.com\/javierchento\" \/>\n<meta name=\"twitter:site\" content=\"@WeVincentians\" \/>\n<meta name=\"twitter:label1\" content=\"Escrito por\" \/>\n\t<meta name=\"twitter:data1\" content=\"Francisco Javier Fern\u00e1ndez Chento\" \/>\n\t<meta name=\"twitter:label2\" content=\"Tiempo de lectura\" \/>\n\t<meta name=\"twitter:data2\" content=\"9 minutos\" \/>\n<script type=\"application\/ld+json\" class=\"yoast-schema-graph\">{\"@context\":\"https:\/\/schema.org\",\"@graph\":[{\"@type\":\"Article\",\"@id\":\"http:\/\/vincentians.com\/es\/ceferino-jimenez-malla-el-pele\/#article\",\"isPartOf\":{\"@id\":\"http:\/\/vincentians.com\/es\/ceferino-jimenez-malla-el-pele\/\"},\"author\":{\"name\":\"Francisco Javier Fern\u00e1ndez Chento\",\"@id\":\"http:\/\/vincentians.com\/es\/#\/schema\/person\/9623ef4d9aa3b2dfb8c061f1499288f2\"},\"headline\":\"Ceferino Jim\u00e9nez Malla (El Pel\u00e9)\",\"datePublished\":\"2021-05-04T06:23:01+00:00\",\"mainEntityOfPage\":{\"@id\":\"http:\/\/vincentians.com\/es\/ceferino-jimenez-malla-el-pele\/\"},\"wordCount\":1828,\"commentCount\":0,\"publisher\":{\"@id\":\"http:\/\/vincentians.com\/es\/#organization\"},\"image\":{\"@id\":\"http:\/\/vincentians.com\/es\/ceferino-jimenez-malla-el-pele\/#primaryimage\"},\"thumbnailUrl\":\"https:\/\/i0.wp.com\/vincentians.com\/es\/wp-content\/uploads\/sites\/11\/2013\/12\/the-cross.jpg?fit=1200%2C630\",\"articleSection\":[\"Ceferino Jim\u00e9nez Malla\"],\"inLanguage\":\"es\",\"potentialAction\":[{\"@type\":\"CommentAction\",\"name\":\"Comment\",\"target\":[\"http:\/\/vincentians.com\/es\/ceferino-jimenez-malla-el-pele\/#respond\"]}]},{\"@type\":\"WebPage\",\"@id\":\"http:\/\/vincentians.com\/es\/ceferino-jimenez-malla-el-pele\/\",\"url\":\"http:\/\/vincentians.com\/es\/ceferino-jimenez-malla-el-pele\/\",\"name\":\"Ceferino Jim\u00e9nez Malla (El Pel\u00e9) - Somos Vicencianos\",\"isPartOf\":{\"@id\":\"http:\/\/vincentians.com\/es\/#website\"},\"primaryImageOfPage\":{\"@id\":\"http:\/\/vincentians.com\/es\/ceferino-jimenez-malla-el-pele\/#primaryimage\"},\"image\":{\"@id\":\"http:\/\/vincentians.com\/es\/ceferino-jimenez-malla-el-pele\/#primaryimage\"},\"thumbnailUrl\":\"https:\/\/i0.wp.com\/vincentians.com\/es\/wp-content\/uploads\/sites\/11\/2013\/12\/the-cross.jpg?fit=1200%2C630\",\"datePublished\":\"2021-05-04T06:23:01+00:00\",\"breadcrumb\":{\"@id\":\"http:\/\/vincentians.com\/es\/ceferino-jimenez-malla-el-pele\/#breadcrumb\"},\"inLanguage\":\"es\",\"potentialAction\":[{\"@type\":\"ReadAction\",\"target\":[\"http:\/\/vincentians.com\/es\/ceferino-jimenez-malla-el-pele\/\"]}]},{\"@type\":\"ImageObject\",\"inLanguage\":\"es\",\"@id\":\"http:\/\/vincentians.com\/es\/ceferino-jimenez-malla-el-pele\/#primaryimage\",\"url\":\"https:\/\/i0.wp.com\/vincentians.com\/es\/wp-content\/uploads\/sites\/11\/2013\/12\/the-cross.jpg?fit=1200%2C630\",\"contentUrl\":\"https:\/\/i0.wp.com\/vincentians.com\/es\/wp-content\/uploads\/sites\/11\/2013\/12\/the-cross.jpg?fit=1200%2C630\",\"width\":1200,\"height\":630},{\"@type\":\"BreadcrumbList\",\"@id\":\"http:\/\/vincentians.com\/es\/ceferino-jimenez-malla-el-pele\/#breadcrumb\",\"itemListElement\":[{\"@type\":\"ListItem\",\"position\":1,\"name\":\"Portada\",\"item\":\"http:\/\/vincentians.com\/es\/\"},{\"@type\":\"ListItem\",\"position\":2,\"name\":\"Ceferino Jim\u00e9nez Malla (El Pel\u00e9)\"}]},{\"@type\":\"WebSite\",\"@id\":\"http:\/\/vincentians.com\/es\/#website\",\"url\":\"http:\/\/vincentians.com\/es\/\",\"name\":\"Somos Vicencianos\",\"description\":\"Know more to serve more\",\"publisher\":{\"@id\":\"http:\/\/vincentians.com\/es\/#organization\"},\"potentialAction\":[{\"@type\":\"SearchAction\",\"target\":{\"@type\":\"EntryPoint\",\"urlTemplate\":\"http:\/\/vincentians.com\/es\/?s={search_term_string}\"},\"query-input\":{\"@type\":\"PropertyValueSpecification\",\"valueRequired\":true,\"valueName\":\"search_term_string\"}}],\"inLanguage\":\"es\"},{\"@type\":\"Organization\",\"@id\":\"http:\/\/vincentians.com\/es\/#organization\",\"name\":\"The Vincentian Network\",\"url\":\"http:\/\/vincentians.com\/es\/\",\"logo\":{\"@type\":\"ImageObject\",\"inLanguage\":\"es\",\"@id\":\"http:\/\/vincentians.com\/es\/#\/schema\/logo\/image\/\",\"url\":\"https:\/\/i1.wp.com\/vincentians.com\/es\/wp-content\/uploads\/sites\/11\/2016\/06\/Vincentian-Network-logo-big.png?fit=778%2C778\",\"contentUrl\":\"https:\/\/i1.wp.com\/vincentians.com\/es\/wp-content\/uploads\/sites\/11\/2016\/06\/Vincentian-Network-logo-big.png?fit=778%2C778\",\"width\":778,\"height\":778,\"caption\":\"The Vincentian Network\"},\"image\":{\"@id\":\"http:\/\/vincentians.com\/es\/#\/schema\/logo\/image\/\"},\"sameAs\":[\"https:\/\/www.facebook.com\/WeAreVincentians\/\",\"https:\/\/x.com\/WeVincentians\"]},{\"@type\":\"Person\",\"@id\":\"http:\/\/vincentians.com\/es\/#\/schema\/person\/9623ef4d9aa3b2dfb8c061f1499288f2\",\"name\":\"Francisco Javier Fern\u00e1ndez Chento\",\"image\":{\"@type\":\"ImageObject\",\"inLanguage\":\"es\",\"@id\":\"http:\/\/vincentians.com\/es\/#\/schema\/person\/image\/\",\"url\":\"https:\/\/secure.gravatar.com\/avatar\/497d5cde87b4c3d097d0315953521681ba2cd523ee66e5077c3711f7021e65de?s=96&d=mm&r=g\",\"contentUrl\":\"https:\/\/secure.gravatar.com\/avatar\/497d5cde87b4c3d097d0315953521681ba2cd523ee66e5077c3711f7021e65de?s=96&d=mm&r=g\",\"caption\":\"Francisco Javier Fern\u00e1ndez Chento\"},\"description\":\"Director General y cofundador de La Red de Formaci\u00f3n Vicenciana. Javier es laico vicenciano, afiliado a la Congregaci\u00f3n de la Misi\u00f3n y miembro del Equipo de Misiones Populares de la provincia can\u00f3nica de Zaragoza (Espa\u00f1a) de la Congregaci\u00f3n de la Misi\u00f3n. Graduado en la Universidad Oberta de Catalunya con cuatro grados (Asistente de direcci\u00f3n, Gesti\u00f3n Administrativa, Recursos Humanos y Contabilidad Avanzada). Bil\u00edng\u00fce Espa\u00f1ol\/Ingl\u00e9s. gestiona y mantiene varias p\u00e1ginas web cristianas y vicencianas, incluida including La Red de Formaci\u00f3n Vicenciana, de la que es cofundador. Actualmente es responsable del \u00e1rea de Espa\u00f1ol de .famvin, la Red de Noticias de la Familia Vicenciana. Tambi\u00e9n es m\u00fasico cat\u00f3lico y ha editado varios discos. Es Director General y cofundador de Trovador, una reconocida compa\u00f1\u00eda discogr\u00e1fica critiana de Espa\u00f1a. Trabaja en las Tecnolog\u00edas de la Informaci\u00f3n, ofreciendo servicios de alojamiento, dise\u00f1o y mantenimiento Web, as\u00ed como asesoramiento, formaci\u00f3n y soluciones inform\u00e1ticas, gesti\u00f3n documental y digitalizaci\u00f3n de textos, edici\u00f3n y maquetaci\u00f3n de libros, revistas, flyers, etc.\",\"sameAs\":[\"http:\/\/chento.org\",\"https:\/\/www.facebook.com\/JavierChento\",\"https:\/\/x.com\/https:\/\/twitter.com\/javierchento\"],\"url\":\"http:\/\/vincentians.com\/es\/author\/chento\/\"}]}<\/script>\n<!-- \/ Yoast SEO plugin. -->","yoast_head_json":{"title":"Ceferino Jim\u00e9nez Malla (El Pel\u00e9) - Somos Vicencianos","robots":{"index":"index","follow":"follow","max-snippet":"max-snippet:-1","max-image-preview":"max-image-preview:large","max-video-preview":"max-video-preview:-1"},"canonical":"http:\/\/vincentians.com\/es\/ceferino-jimenez-malla-el-pele\/","og_locale":"es_ES","og_type":"article","og_title":"Ceferino Jim\u00e9nez Malla (El Pel\u00e9) - Somos Vicencianos","og_description":"Un d\u00eda apareci\u00f3 en la fachada del Vaticano el cuadro de un Santo del todo \u00a0excepcional. \u00a0Nunca \u00a0se \u00a0hab\u00eda \u00a0visto \u00a0uno \u00a0semejante. \u00a0Y \u00a0el \u00a0Papa \u00a0lo declaraba Beato, digno de los altares y presentado a ... Read More","og_url":"http:\/\/vincentians.com\/es\/ceferino-jimenez-malla-el-pele\/","og_site_name":"Somos Vicencianos","article_publisher":"https:\/\/www.facebook.com\/WeAreVincentians\/","article_author":"https:\/\/www.facebook.com\/JavierChento","article_published_time":"2021-05-04T06:23:01+00:00","og_image":[{"width":1200,"height":630,"url":"https:\/\/i0.wp.com\/vincentians.com\/es\/wp-content\/uploads\/sites\/11\/2013\/12\/the-cross.jpg?fit=1200%2C630","type":"image\/jpeg"}],"author":"Francisco Javier Fern\u00e1ndez Chento","twitter_card":"summary_large_image","twitter_creator":"@https:\/\/twitter.com\/javierchento","twitter_site":"@WeVincentians","twitter_misc":{"Escrito por":"Francisco Javier Fern\u00e1ndez Chento","Tiempo de lectura":"9 minutos"},"schema":{"@context":"https:\/\/schema.org","@graph":[{"@type":"Article","@id":"http:\/\/vincentians.com\/es\/ceferino-jimenez-malla-el-pele\/#article","isPartOf":{"@id":"http:\/\/vincentians.com\/es\/ceferino-jimenez-malla-el-pele\/"},"author":{"name":"Francisco Javier Fern\u00e1ndez Chento","@id":"http:\/\/vincentians.com\/es\/#\/schema\/person\/9623ef4d9aa3b2dfb8c061f1499288f2"},"headline":"Ceferino Jim\u00e9nez Malla (El Pel\u00e9)","datePublished":"2021-05-04T06:23:01+00:00","mainEntityOfPage":{"@id":"http:\/\/vincentians.com\/es\/ceferino-jimenez-malla-el-pele\/"},"wordCount":1828,"commentCount":0,"publisher":{"@id":"http:\/\/vincentians.com\/es\/#organization"},"image":{"@id":"http:\/\/vincentians.com\/es\/ceferino-jimenez-malla-el-pele\/#primaryimage"},"thumbnailUrl":"https:\/\/i0.wp.com\/vincentians.com\/es\/wp-content\/uploads\/sites\/11\/2013\/12\/the-cross.jpg?fit=1200%2C630","articleSection":["Ceferino Jim\u00e9nez Malla"],"inLanguage":"es","potentialAction":[{"@type":"CommentAction","name":"Comment","target":["http:\/\/vincentians.com\/es\/ceferino-jimenez-malla-el-pele\/#respond"]}]},{"@type":"WebPage","@id":"http:\/\/vincentians.com\/es\/ceferino-jimenez-malla-el-pele\/","url":"http:\/\/vincentians.com\/es\/ceferino-jimenez-malla-el-pele\/","name":"Ceferino Jim\u00e9nez Malla (El Pel\u00e9) - Somos Vicencianos","isPartOf":{"@id":"http:\/\/vincentians.com\/es\/#website"},"primaryImageOfPage":{"@id":"http:\/\/vincentians.com\/es\/ceferino-jimenez-malla-el-pele\/#primaryimage"},"image":{"@id":"http:\/\/vincentians.com\/es\/ceferino-jimenez-malla-el-pele\/#primaryimage"},"thumbnailUrl":"https:\/\/i0.wp.com\/vincentians.com\/es\/wp-content\/uploads\/sites\/11\/2013\/12\/the-cross.jpg?fit=1200%2C630","datePublished":"2021-05-04T06:23:01+00:00","breadcrumb":{"@id":"http:\/\/vincentians.com\/es\/ceferino-jimenez-malla-el-pele\/#breadcrumb"},"inLanguage":"es","potentialAction":[{"@type":"ReadAction","target":["http:\/\/vincentians.com\/es\/ceferino-jimenez-malla-el-pele\/"]}]},{"@type":"ImageObject","inLanguage":"es","@id":"http:\/\/vincentians.com\/es\/ceferino-jimenez-malla-el-pele\/#primaryimage","url":"https:\/\/i0.wp.com\/vincentians.com\/es\/wp-content\/uploads\/sites\/11\/2013\/12\/the-cross.jpg?fit=1200%2C630","contentUrl":"https:\/\/i0.wp.com\/vincentians.com\/es\/wp-content\/uploads\/sites\/11\/2013\/12\/the-cross.jpg?fit=1200%2C630","width":1200,"height":630},{"@type":"BreadcrumbList","@id":"http:\/\/vincentians.com\/es\/ceferino-jimenez-malla-el-pele\/#breadcrumb","itemListElement":[{"@type":"ListItem","position":1,"name":"Portada","item":"http:\/\/vincentians.com\/es\/"},{"@type":"ListItem","position":2,"name":"Ceferino Jim\u00e9nez Malla (El Pel\u00e9)"}]},{"@type":"WebSite","@id":"http:\/\/vincentians.com\/es\/#website","url":"http:\/\/vincentians.com\/es\/","name":"Somos Vicencianos","description":"Know more to serve more","publisher":{"@id":"http:\/\/vincentians.com\/es\/#organization"},"potentialAction":[{"@type":"SearchAction","target":{"@type":"EntryPoint","urlTemplate":"http:\/\/vincentians.com\/es\/?s={search_term_string}"},"query-input":{"@type":"PropertyValueSpecification","valueRequired":true,"valueName":"search_term_string"}}],"inLanguage":"es"},{"@type":"Organization","@id":"http:\/\/vincentians.com\/es\/#organization","name":"The Vincentian Network","url":"http:\/\/vincentians.com\/es\/","logo":{"@type":"ImageObject","inLanguage":"es","@id":"http:\/\/vincentians.com\/es\/#\/schema\/logo\/image\/","url":"https:\/\/i1.wp.com\/vincentians.com\/es\/wp-content\/uploads\/sites\/11\/2016\/06\/Vincentian-Network-logo-big.png?fit=778%2C778","contentUrl":"https:\/\/i1.wp.com\/vincentians.com\/es\/wp-content\/uploads\/sites\/11\/2016\/06\/Vincentian-Network-logo-big.png?fit=778%2C778","width":778,"height":778,"caption":"The Vincentian Network"},"image":{"@id":"http:\/\/vincentians.com\/es\/#\/schema\/logo\/image\/"},"sameAs":["https:\/\/www.facebook.com\/WeAreVincentians\/","https:\/\/x.com\/WeVincentians"]},{"@type":"Person","@id":"http:\/\/vincentians.com\/es\/#\/schema\/person\/9623ef4d9aa3b2dfb8c061f1499288f2","name":"Francisco Javier Fern\u00e1ndez Chento","image":{"@type":"ImageObject","inLanguage":"es","@id":"http:\/\/vincentians.com\/es\/#\/schema\/person\/image\/","url":"https:\/\/secure.gravatar.com\/avatar\/497d5cde87b4c3d097d0315953521681ba2cd523ee66e5077c3711f7021e65de?s=96&d=mm&r=g","contentUrl":"https:\/\/secure.gravatar.com\/avatar\/497d5cde87b4c3d097d0315953521681ba2cd523ee66e5077c3711f7021e65de?s=96&d=mm&r=g","caption":"Francisco Javier Fern\u00e1ndez Chento"},"description":"Director General y cofundador de La Red de Formaci\u00f3n Vicenciana. Javier es laico vicenciano, afiliado a la Congregaci\u00f3n de la Misi\u00f3n y miembro del Equipo de Misiones Populares de la provincia can\u00f3nica de Zaragoza (Espa\u00f1a) de la Congregaci\u00f3n de la Misi\u00f3n. Graduado en la Universidad Oberta de Catalunya con cuatro grados (Asistente de direcci\u00f3n, Gesti\u00f3n Administrativa, Recursos Humanos y Contabilidad Avanzada). Bil\u00edng\u00fce Espa\u00f1ol\/Ingl\u00e9s. gestiona y mantiene varias p\u00e1ginas web cristianas y vicencianas, incluida including La Red de Formaci\u00f3n Vicenciana, de la que es cofundador. Actualmente es responsable del \u00e1rea de Espa\u00f1ol de .famvin, la Red de Noticias de la Familia Vicenciana. Tambi\u00e9n es m\u00fasico cat\u00f3lico y ha editado varios discos. Es Director General y cofundador de Trovador, una reconocida compa\u00f1\u00eda discogr\u00e1fica critiana de Espa\u00f1a. Trabaja en las Tecnolog\u00edas de la Informaci\u00f3n, ofreciendo servicios de alojamiento, dise\u00f1o y mantenimiento Web, as\u00ed como asesoramiento, formaci\u00f3n y soluciones inform\u00e1ticas, gesti\u00f3n documental y digitalizaci\u00f3n de textos, edici\u00f3n y maquetaci\u00f3n de libros, revistas, flyers, etc.","sameAs":["http:\/\/chento.org","https:\/\/www.facebook.com\/JavierChento","https:\/\/x.com\/https:\/\/twitter.com\/javierchento"],"url":"http:\/\/vincentians.com\/es\/author\/chento\/"}]}},"jetpack_publicize_connections":[],"jetpack_featured_media_url":"https:\/\/i0.wp.com\/vincentians.com\/es\/wp-content\/uploads\/sites\/11\/2013\/12\/the-cross.jpg?fit=1200%2C630","jetpack_sharing_enabled":true,"jetpack_shortlink":"https:\/\/wp.me\/p7ETMF-9GS","jetpack-related-posts":[{"id":128014,"url":"http:\/\/vincentians.com\/es\/quien-fue-el-beato-ceferino\/","url_meta":{"origin":37254,"position":0},"title":"\u00bfQui\u00e9n fue el beato Ceferino?","author":"Francisco Javier Fern\u00e1ndez Chento","date":"29\/01\/2024","format":false,"excerpt":"Hijo de padres gitanos espa\u00f1oles, Ceferino Gim\u00e9nez Malla, conocido familiarmente como \"el Pel\u00e9\" naci\u00f3 en Fraga (provincia de Huesca), probablemente el 26 de agosto de 1861, fiesta de san Ceferino Papa, de quien tom\u00f3 el nombre, y fue bautizado ese mismo d\u00eda. Como su familia, Ceferino tambi\u00e9n fue un gitano\u2026","rel":"","context":"En \u00abCeferino Jim\u00e9nez Malla\u00bb","block_context":{"text":"Ceferino Jim\u00e9nez Malla","link":"http:\/\/vincentians.com\/es\/category\/la-familia-vicenciana\/la-familia-vicenciana-en-los-altares\/beatos\/ceferino-jimenez-malla\/"},"img":{"alt_text":"","src":"https:\/\/i0.wp.com\/vincentians.com\/es\/wp-content\/uploads\/sites\/11\/2023\/08\/aa.jpg?fit=848%2C565&resize=350%2C200","width":350,"height":200,"srcset":"https:\/\/i0.wp.com\/vincentians.com\/es\/wp-content\/uploads\/sites\/11\/2023\/08\/aa.jpg?fit=848%2C565&resize=350%2C200 1x, https:\/\/i0.wp.com\/vincentians.com\/es\/wp-content\/uploads\/sites\/11\/2023\/08\/aa.jpg?fit=848%2C565&resize=525%2C300 1.5x, https:\/\/i0.wp.com\/vincentians.com\/es\/wp-content\/uploads\/sites\/11\/2023\/08\/aa.jpg?fit=848%2C565&resize=700%2C400 2x"},"classes":[]},{"id":37770,"url":"http:\/\/vincentians.com\/es\/un-centenar-de-gitanos-recuerdan-hoy-en-barbastro-al-beato-el-pele\/","url_meta":{"origin":37254,"position":1},"title":"Un centenar de gitanos recuerdan hoy en Barbastro al beato \u00abEl Pel\u00e9\u00bb","author":"Francisco Javier Fern\u00e1ndez Chento","date":"07\/05\/2011","format":false,"excerpt":"Un centenar de gitanos procedentes de Espa\u00f1a, Francia y de otros pa\u00edses europeos, en menor n\u00famero, participan en la Peregrinaci\u00f3n Internacional a Barbastro, donde vivi\u00f3 Ceferino Jim\u00e9nez Malla \"El Pel\u00e9\" hasta que le fusilaron en las tapias del cementerio el 8 de agosto de 1936. Los actos se celebrar\u00e1n durante\u2026","rel":"","context":"En \u00abCeferino Jim\u00e9nez Malla\u00bb","block_context":{"text":"Ceferino Jim\u00e9nez Malla","link":"http:\/\/vincentians.com\/es\/category\/la-familia-vicenciana\/la-familia-vicenciana-en-los-altares\/beatos\/ceferino-jimenez-malla\/"},"img":{"alt_text":"","src":"https:\/\/i0.wp.com\/vicencianos.org\/wp-content\/2011\/05\/el_pele-225x300.jpg?resize=350%2C200","width":350,"height":200},"classes":[]},{"id":42186,"url":"http:\/\/vincentians.com\/es\/el-papa-la-conciencia-europea-no-puede-olvidar-el-dolor-del-pueblo-gitano\/","url_meta":{"origin":37254,"position":2},"title":"El Papa: \u00abLa conciencia europea no puede olvidar el dolor del pueblo gitano\u00bb","author":"Francisco Javier Fern\u00e1ndez Chento","date":"14\/02\/2021","format":false,"excerpt":"El exterminio nazi de gitanos es \"un reconocimiento muy pobre para tanto drama\" y la \"conciencia europea no se puede olvidar de tanto dolor\", ha asegurado el Papa tras recibir a unos 2.000 gitanos de toda Europa en el Vaticano. Benedicto XVI ha hecho un llamamiento para que el pueblo\u2026","rel":"","context":"En \u00abCeferino Jim\u00e9nez Malla\u00bb","block_context":{"text":"Ceferino Jim\u00e9nez Malla","link":"http:\/\/vincentians.com\/es\/category\/la-familia-vicenciana\/la-familia-vicenciana-en-los-altares\/beatos\/ceferino-jimenez-malla\/"},"img":{"alt_text":"","src":"https:\/\/i0.wp.com\/vincentians.com\/es\/wp-content\/uploads\/sites\/11\/2016\/10\/ranquines.jpg?fit=1200%2C630&resize=350%2C200","width":350,"height":200,"srcset":"https:\/\/i0.wp.com\/vincentians.com\/es\/wp-content\/uploads\/sites\/11\/2016\/10\/ranquines.jpg?fit=1200%2C630&resize=350%2C200 1x, https:\/\/i0.wp.com\/vincentians.com\/es\/wp-content\/uploads\/sites\/11\/2016\/10\/ranquines.jpg?fit=1200%2C630&resize=525%2C300 1.5x, https:\/\/i0.wp.com\/vincentians.com\/es\/wp-content\/uploads\/sites\/11\/2016\/10\/ranquines.jpg?fit=1200%2C630&resize=700%2C400 2x, https:\/\/i0.wp.com\/vincentians.com\/es\/wp-content\/uploads\/sites\/11\/2016\/10\/ranquines.jpg?fit=1200%2C630&resize=1050%2C600 3x"},"classes":[]},{"id":119161,"url":"http:\/\/vincentians.com\/es\/p-ceferino-craber\/","url_meta":{"origin":37254,"position":3},"title":"P. Ceferino Craber","author":"Mitxel Olabu\u00e9naga","date":"24\/04\/2013","format":false,"excerpt":"De Selgua (Huesca), naci\u00f3 el 26 de agosto de 1787. Empez\u00f3 el noviciado el 2 de no\u00adviembre de 1805 y dos a\u00f1os despu\u00e9s hizo los votos (3 no\u00adviembre). Durante la guerra de la Independencia permane\u00adci\u00f3, como los dem\u00e1s estudiantes, en Palma de Mallorca. Lleg\u00f3 destinado a Barbastro el 26 de\u2026","rel":"","context":"En \u00abBiograf\u00edas de Misioneros Pa\u00fales\u00bb","block_context":{"text":"Biograf\u00edas de Misioneros Pa\u00fales","link":"http:\/\/vincentians.com\/es\/category\/la-familia-vicenciana\/biografias-vicencianas\/biografias-de-misioneros-paules\/"},"img":{"alt_text":"","src":"https:\/\/i0.wp.com\/vincentians.com\/es\/wp-content\/uploads\/sites\/11\/2016\/07\/bio-cm.jpg?fit=1200%2C630&resize=350%2C200","width":350,"height":200,"srcset":"https:\/\/i0.wp.com\/vincentians.com\/es\/wp-content\/uploads\/sites\/11\/2016\/07\/bio-cm.jpg?fit=1200%2C630&resize=350%2C200 1x, https:\/\/i0.wp.com\/vincentians.com\/es\/wp-content\/uploads\/sites\/11\/2016\/07\/bio-cm.jpg?fit=1200%2C630&resize=525%2C300 1.5x, https:\/\/i0.wp.com\/vincentians.com\/es\/wp-content\/uploads\/sites\/11\/2016\/07\/bio-cm.jpg?fit=1200%2C630&resize=700%2C400 2x, https:\/\/i0.wp.com\/vincentians.com\/es\/wp-content\/uploads\/sites\/11\/2016\/07\/bio-cm.jpg?fit=1200%2C630&resize=1050%2C600 3x"},"classes":[]},{"id":17227,"url":"http:\/\/vincentians.com\/es\/el-padre-mariano-maller-capitulo-8\/","url_meta":{"origin":37254,"position":4},"title":"El Padre Mariano Maller. Cap\u00edtulo 8","author":"Mitxel Olabu\u00e9naga","date":"18\/06\/2018","format":false,"excerpt":"Cap\u00edtulo VIII: De c\u00f3mo los santos saben cantar la palinodia Es cosa chocante lo que le ocurri\u00f3 al P. Maller con San Antonio Mar\u00eda Claret y sus misioneros. El santo frecuent\u00f3 nuestra Casa de Leganitos siendo confesor de Isabel II y Arzobispo dimisionario de Santiago del Cuba. Ni el santo\u2026","rel":"","context":"En \u00abBiograf\u00edas de Misioneros Pa\u00fales\u00bb","block_context":{"text":"Biograf\u00edas de Misioneros Pa\u00fales","link":"http:\/\/vincentians.com\/es\/category\/la-familia-vicenciana\/biografias-vicencianas\/biografias-de-misioneros-paules\/"},"img":{"alt_text":"","src":"https:\/\/i0.wp.com\/vincentians.com\/es\/wp-content\/uploads\/sites\/11\/2016\/07\/bio-cm.jpg?fit=1200%2C630&resize=350%2C200","width":350,"height":200,"srcset":"https:\/\/i0.wp.com\/vincentians.com\/es\/wp-content\/uploads\/sites\/11\/2016\/07\/bio-cm.jpg?fit=1200%2C630&resize=350%2C200 1x, https:\/\/i0.wp.com\/vincentians.com\/es\/wp-content\/uploads\/sites\/11\/2016\/07\/bio-cm.jpg?fit=1200%2C630&resize=525%2C300 1.5x, https:\/\/i0.wp.com\/vincentians.com\/es\/wp-content\/uploads\/sites\/11\/2016\/07\/bio-cm.jpg?fit=1200%2C630&resize=700%2C400 2x, https:\/\/i0.wp.com\/vincentians.com\/es\/wp-content\/uploads\/sites\/11\/2016\/07\/bio-cm.jpg?fit=1200%2C630&resize=1050%2C600 3x"},"classes":[]},{"id":215,"url":"http:\/\/vincentians.com\/es\/enrique-jimenez\/","url_meta":{"origin":37254,"position":5},"title":"Enrique Jim\u00e9nez","author":"Mitxel Olabu\u00e9naga","date":"18\/11\/2009","format":false,"excerpt":"59 Enrique Jim\u00e9nez (don.) 16-12-02 Pamplona BPZ, Diciembre, 2002 (Olite, 22 de Agosto de 1924 \u2013 Pamplona, 16 de Diciembre de 2002) En el contexto de este tiempo de Adviento, en el que la Iglesia prepara gozosa el encuentro con Cristo, nuestro hermano Enrique ha sido llamado a los 78\u2026","rel":"","context":"En \u00abBiograf\u00edas de Misioneros Pa\u00fales\u00bb","block_context":{"text":"Biograf\u00edas de Misioneros Pa\u00fales","link":"http:\/\/vincentians.com\/es\/category\/la-familia-vicenciana\/biografias-vicencianas\/biografias-de-misioneros-paules\/"},"img":{"alt_text":"","src":"https:\/\/i0.wp.com\/vincentians.com\/es\/wp-content\/uploads\/sites\/11\/2016\/07\/bio-cm.jpg?fit=1200%2C630&resize=350%2C200","width":350,"height":200,"srcset":"https:\/\/i0.wp.com\/vincentians.com\/es\/wp-content\/uploads\/sites\/11\/2016\/07\/bio-cm.jpg?fit=1200%2C630&resize=350%2C200 1x, https:\/\/i0.wp.com\/vincentians.com\/es\/wp-content\/uploads\/sites\/11\/2016\/07\/bio-cm.jpg?fit=1200%2C630&resize=525%2C300 1.5x, https:\/\/i0.wp.com\/vincentians.com\/es\/wp-content\/uploads\/sites\/11\/2016\/07\/bio-cm.jpg?fit=1200%2C630&resize=700%2C400 2x, https:\/\/i0.wp.com\/vincentians.com\/es\/wp-content\/uploads\/sites\/11\/2016\/07\/bio-cm.jpg?fit=1200%2C630&resize=1050%2C600 3x"},"classes":[]}],"_links":{"self":[{"href":"http:\/\/vincentians.com\/es\/wp-json\/wp\/v2\/posts\/37254","targetHints":{"allow":["GET"]}}],"collection":[{"href":"http:\/\/vincentians.com\/es\/wp-json\/wp\/v2\/posts"}],"about":[{"href":"http:\/\/vincentians.com\/es\/wp-json\/wp\/v2\/types\/post"}],"author":[{"embeddable":true,"href":"http:\/\/vincentians.com\/es\/wp-json\/wp\/v2\/users\/4"}],"replies":[{"embeddable":true,"href":"http:\/\/vincentians.com\/es\/wp-json\/wp\/v2\/comments?post=37254"}],"version-history":[{"count":1,"href":"http:\/\/vincentians.com\/es\/wp-json\/wp\/v2\/posts\/37254\/revisions"}],"predecessor-version":[{"id":402050,"href":"http:\/\/vincentians.com\/es\/wp-json\/wp\/v2\/posts\/37254\/revisions\/402050"}],"wp:featuredmedia":[{"embeddable":true,"href":"http:\/\/vincentians.com\/es\/wp-json\/wp\/v2\/media\/149805"}],"wp:attachment":[{"href":"http:\/\/vincentians.com\/es\/wp-json\/wp\/v2\/media?parent=37254"}],"wp:term":[{"taxonomy":"category","embeddable":true,"href":"http:\/\/vincentians.com\/es\/wp-json\/wp\/v2\/categories?post=37254"},{"taxonomy":"post_tag","embeddable":true,"href":"http:\/\/vincentians.com\/es\/wp-json\/wp\/v2\/tags?post=37254"}],"curies":[{"name":"wp","href":"https:\/\/api.w.org\/{rel}","templated":true}]}}