{"id":37151,"date":"2024-05-23T08:50:53","date_gmt":"2024-05-23T06:50:53","guid":{"rendered":"http:\/\/somos.vicencianos.org\/?p=37151"},"modified":"2024-05-21T10:00:25","modified_gmt":"2024-05-21T08:00:25","slug":"juana-antida-thouret","status":"publish","type":"post","link":"http:\/\/vincentians.com\/es\/juana-antida-thouret\/","title":{"rendered":"Santa Juana Antida Thouret"},"content":{"rendered":"<h2>Vida<\/h2>\n<p>Juana Antida Thouret, nace el 27 de noviembre de 1765 en Sanceyle-Long, di\u00f3cesis de Besan\u00e7on, Francia. Desde ni\u00f1a se enfrenta a las dificultades debido a su madre enferma, que muere cuando Juana tiene 14 a\u00f1os y le obliga a hacerse totalmente responsable de su casa, motivo por el que no puede estudiar.A los quince a\u00f1os una empleada dom\u00e9stica le descubre el camino de entregar su coraz\u00f3n y se compromete por voto secreto a vivir en virginidad al sentirse llamada a consagrarse por entero a Dios.<\/p>\n<p>A los 22 a\u00f1os, dudando entre las Comunidad de Hermanas Hospitalarias y las Carmelitas, conoce a las Hijas de la Caridad y es admitida a hacer su postulantado en el Hospital de Landres, siendo admitida en la Compa\u00f1\u00eda de las Hijas de la Caridad de San Vicente de Pa\u00fal al ingresar al Noviciado en Par\u00eds el d\u00eda 1 de noviembre de 1787.<\/p>\n<p>Temiendo la rechazasen debido a sus problemas de salud, as\u00ed oraba: <strong><em>\u00abTe ruego, <\/em><\/strong><strong><em>Se\u00f1or, que tengas piedad de m\u00ed. Mira mis penalidades<\/em><\/strong><strong>&#8230;<\/strong><strong><em> estoy contenta de sufrir<\/em><\/strong><strong>&#8230;<\/strong><strong><em> pero se trata de la vocaci\u00f3n que me has dado<\/em><\/strong><strong>&#8230;<\/strong><strong><em> te ruego, Dios m\u00edo, que no permitas a <\/em><\/strong><strong><em>los Superiores que me rechacen y dame tu Gracia para vivir y morir en esta <\/em><\/strong><strong><em>Vocaci\u00f3n que T\u00fa me has dado\u00bb<\/em><\/strong> Y a San Vicente le dec\u00eda: <strong><em>\u00abGran Santo, eres Padre <\/em><\/strong><strong><em>m\u00edo, deseo ser hija tuya\u00bb.<\/em><\/strong><\/p>\n<p>Al terminar esta primera etapa de Formaci\u00f3n a fines de octubre de 1788, es enviada a servir a los pobres a la casa de Alise-Sainte-Reine. En 1789 estalla la <em>Revoluci\u00f3n Francesa<\/em> y en enero de 1790, en plena revoluci\u00f3n es enviada a Sceaux, donde conoce al clero juramentado y poco despu\u00e9s va a los \u00ab<em>incurables<\/em>\u00bb en Par\u00eds encontr\u00e1ndose con 44 hermanas desorientadas y divididas por la situaci\u00f3n pol\u00edtica que atravesaba el Pa\u00eds. Las Hijas de la Caridad hab\u00edan quedado expuestas a la agresi\u00f3n revolucionaria. Los Superiores se vieron forzados a vivir en la clandestinidad o a escapar. Cuando en 1793 la Compa\u00f1\u00eda fue dispersada, ella se propone salir de Francia con la intenci\u00f3n de llegar a Suiza, para emprender la vida comunitaria como Hija de la Caridad, pero fue detenida en Sancey por atender a los enfermos. Durante la persecuci\u00f3n, no ces\u00f3 de ejercer la caridad, mediante la asistencia a los pobres.<\/p>\n<p>Amainada la Revoluci\u00f3n, el Vicario General y otros sacerdotes la animan a que busque algunas muchachas para formarlas y aunque se resist\u00eda a la propuesta, el 11 de abril de 1799 funda la \u00ab<strong><em>Congregaci\u00f3n de las Hermanas de la Caridad<\/em><\/strong>\u00bb en Besan\u00e7on e inicia el Instituto de las Hermanas de la Caridad, conocido como \u00ab<em>Las Hermanas del <\/em><em>caldo de la peque\u00f1a escuela.<\/em>\u00bb Al pasar el tiempo se le unieron otras compa\u00f1eras y tuvieron que buscar un nombre que no provocara confusi\u00f3n ya que al principio se llamaron \u00ab<em>Hijas de San Vicente de Pa\u00fal<\/em>\u00ab, luego \u00ab<em>Hermanas de la Caridad de <\/em><em>Besan\u00e7on<\/em>\u00ab, despu\u00e9s \u00abHijas de la Caridad bajo la protecci\u00f3n de San Vicente de Pa\u00fal\u00bb y por fin: \u00ab<strong><em>Hermanas de la Caridad bajo la protecci\u00f3n de San Vicente de Pa\u00fal<\/em><\/strong>\u00bb<\/p>\n<p>Como las hermanas de Par\u00eds no le quisieron ceder la \u00ab<em>Regla<\/em>\u00ab, <strong>sola con Dios<\/strong>, escribi\u00f3 un texto en 1802 en Dole, insistiendo en considerar a San Vicente como \u00ab<em>nuestro Fundador, nuestro Protector especial, nuestro Padre<\/em>\u00bb y en la introducci\u00f3n afirma: \u00ab<strong><em>Estas reglas, en su mayor parte las recogemos de los usos que vimos observar <\/em><\/strong><strong><em>en las Hijas de la Caridad, donde permanecimos mucho tiempo. Estos usos, <\/em><\/strong><strong><em>atestiguamos, debieron ser establecidos, en su mayor parte, por el mismo San Vicente <\/em><\/strong><strong><em>de Pa\u00fal<\/em><\/strong>\u00ab. Estas \u00ab<em>Reglas<\/em>\u00bb fueron aprobadas por el Arzobispo Lecoz el 26 de septiembre de 1807. Despu\u00e9s de haber fundado varias casas en Francia, en 1810, llamada por el rey, fue a N\u00e1poles con algunas Hermanas, iniciando fundaciones tambi\u00e9n en Italia.<\/p>\n<p>Despu\u00e9s de sufrir m\u00faltiples contrariedades, con una profunda fidelidad al Papa, muere en N\u00e1poles el 24 de agosto de 1826. Su cuerpo reposa en la iglesia \u00abRegina Coeli\u00bb de esa ciudad. Fue beatificada por P\u00edo XI el 13 de mayo de 1926 y canonizada el 14 de enero de 1934 por el mismo Papa, coincidiendo su canonizaci\u00f3n con la de Santa Luisa de Marillac.<\/p>\n<h2>Mensaje<\/h2>\n<p><em>El amor para con los pobres. <\/em>En casa de los Thouret reg\u00eda la regla de que, cualquier pobre que llegase a su puerta, nunca deb\u00eda marchar sin haber recibido algo. Sobre esta base descansa la espiritualidad vicenciana que Juana Antida aprende en Par\u00eds, la que la lleva a asistir a los pobres por doquier y hace se sienta descaminada, cuando las situaciones no prometen inter\u00e9s por ellos; espiritualidad que, haciendo eco a expresiones de san Vicente de Pa\u00fal y santa Luisa de Marillac, la induce a exhortar: \u00abAcu\u00e9rdate de mirar nada m\u00e1s a Jesucristo en la persona de los pobres. S\u00edrveles siempre como le servir\u00edais a \u00c9l, esto es con humildad, compasi\u00f3n y caridad\u00bb.<\/p>\n<p><em>La b\u00fasqueda de la voluntad de Dios.<\/em> Emplazarse en la voluntad de Dios, he ah\u00ed lo que le importa: \u00abNo quiero otra cosa, sino tu voluntad. Haz que conozca tu voluntad, tus designios y todo cuanto deseas que haga, y lo har\u00e9\u00bb. \u00abCre\u00ed ver la voluntad de Dios&#8230;\u00bb, \u00abo\u00edmos la voz de Dios&#8230;\u00bb, son algunas de las frases propias del modo como la santa se expresa.<\/p>\n<p>Sobre todo ante el sufrimiento que le causa la desuni\u00f3n sobrevenida al Instituto tras la aprobaci\u00f3n romana, escribe: \u00abDejemos, pues, a la misericordia de Dios el cuidado de este asunto, ya de tiempo atr\u00e1s puesto en sus manos; h\u00e1gase su santa voluntad y que todo redunde en gloria suya: he ah\u00ed los sentimientos que inundan mi coraz\u00f3n\u00bb.<\/p>\n<p>Un testimonio que se escribe no bien ha muerto, dice que \u00abhabr\u00eda atravesado los mares, hubiera llegado al fin del mundo, de haber cre\u00eddo que Dios as\u00ed lo quer\u00eda para su gloria\u00bb.<\/p>\n<p>Puede decirse que esta actitud de constante b\u00fasqueda de la voluntad de Dios se muestra asimismo en la que fue su divisa: \u00abAdelante siempre y por Dios solo\u00bb. Aunque de fr\u00e1gil constituci\u00f3n f\u00edsica, luch\u00f3 con gran fortaleza interior, desde la juventud hasta la muerte: \u00abNo me desaniman las dificultades\u00bb, escrib\u00eda desde N\u00e1poles en 1810; \u00abHemos cumplido hasta ahora con nuestro deber, y con \u00e9l seguiremos cumpliendo. Es lo que Dios exige de nosotras\u00bb.<\/p>\n<p><em>La fuerza de perdonar. <\/em>Juana Antida se halla una y otra vez frente a posturas de oposici\u00f3n, de franca hostilidad hacia ella. \u00bfC\u00f3mo reacciona? Trata caritativamente a una Hermana que, celosa y ambiciosa, la denigra; deja a \u00e9sta en la misma casa, y no la expulsa del Instituto, como habr\u00eda merecido. He aqu\u00ed un apunte que hace: \u00abContinu\u00e9 teniendo misericordia, demostr\u00e1ndole bondad y confianza: la puse al frente de una casa particular, y la llam\u00e9 a<\/p>\n<p>Besan\u00e7on para que me representase en mis ausencias&#8230;\u00bb Cuando la persecuci\u00f3n arrecia, y sabe ella muy bien que el trance es \u00abresultado de las calumnias puestas en circulaci\u00f3n por la misma Hermana que todav\u00eda hoy me calumnia, y motiva en gran parte lo que al presente estoy sufriendo\u00bb, llega a decir: \u00abLa he perdonado y la perdono de nuevo, pues en primer lugar precisa que use de misericordia quienquiera desea se use de misericordia con \u00e9l\u00bb. Y escribe a\u00fan: \u00abNo s\u00f3lo perdonar, sino amar con un amor ardiente, sobre todo a nuestros enemigos&#8230; La misericordia y el perd\u00f3n nos merecer\u00e1n de Dios perd\u00f3n y misericordia\u00bb. Pero \u00bfc\u00f3mo se hace posible todo esto? \u00abEs a los pies de Jes\u00fas crucificado, donde obtengo toda la fuerza que necesito&#8230;\u00bb<\/p>\n","protected":false},"excerpt":{"rendered":"<p>Vida Juana Antida Thouret, nace el 27 de noviembre de 1765 en Sanceyle-Long, di\u00f3cesis de Besan\u00e7on, Francia. Desde ni\u00f1a se enfrenta a las dificultades debido a su madre enferma, que muere cuando Juana tiene 14 &#8230; <a href=\"http:\/\/vincentians.com\/es\/juana-antida-thouret\/\" class=\"more-link\">Read More<\/a><\/p>\n","protected":false},"author":4,"featured_media":400848,"comment_status":"open","ping_status":"open","sticky":false,"template":"","format":"standard","meta":{"jetpack_post_was_ever_published":false,"_jetpack_newsletter_access":"","_jetpack_dont_email_post_to_subs":false,"_jetpack_newsletter_tier_id":0,"_jetpack_memberships_contains_paywalled_content":false,"_jetpack_memberships_contains_paid_content":false,"footnotes":"","jetpack_publicize_message":"","jetpack_publicize_feature_enabled":true,"jetpack_social_post_already_shared":true,"jetpack_social_options":{"image_generator_settings":{"template":"highway","default_image_id":0,"font":"","enabled":false},"version":2}},"categories":[258],"tags":[],"class_list":["post-37151","post","type-post","status-publish","format-standard","has-post-thumbnail","hentry","category-juana-antida-thouret"],"yoast_head":"<!-- This site is optimized with the Yoast SEO plugin v26.3 - https:\/\/yoast.com\/wordpress\/plugins\/seo\/ -->\n<title>Santa Juana Antida Thouret - Somos Vicencianos<\/title>\n<meta name=\"robots\" content=\"index, follow, max-snippet:-1, max-image-preview:large, max-video-preview:-1\" \/>\n<link rel=\"canonical\" href=\"https:\/\/vincentians.com\/es\/juana-antida-thouret\/\" \/>\n<meta property=\"og:locale\" content=\"es_ES\" \/>\n<meta property=\"og:type\" content=\"article\" \/>\n<meta property=\"og:title\" content=\"Santa Juana Antida Thouret - Somos Vicencianos\" \/>\n<meta property=\"og:description\" content=\"Vida Juana Antida Thouret, nace el 27 de noviembre de 1765 en Sanceyle-Long, di\u00f3cesis de Besan\u00e7on, Francia. Desde ni\u00f1a se enfrenta a las dificultades debido a su madre enferma, que muere cuando Juana tiene 14 ... Read More\" \/>\n<meta property=\"og:url\" content=\"https:\/\/vincentians.com\/es\/juana-antida-thouret\/\" \/>\n<meta property=\"og:site_name\" content=\"Somos Vicencianos\" \/>\n<meta property=\"article:publisher\" content=\"https:\/\/www.facebook.com\/WeAreVincentians\/\" \/>\n<meta property=\"article:author\" content=\"https:\/\/www.facebook.com\/JavierChento\" \/>\n<meta property=\"article:published_time\" content=\"2024-05-23T06:50:53+00:00\" \/>\n<meta property=\"og:image\" content=\"https:\/\/i0.wp.com\/vincentians.com\/es\/wp-content\/uploads\/sites\/11\/2016\/05\/abcd.jpg?fit=1200%2C630&ssl=1\" \/>\n\t<meta property=\"og:image:width\" content=\"1200\" \/>\n\t<meta property=\"og:image:height\" content=\"630\" \/>\n\t<meta property=\"og:image:type\" content=\"image\/jpeg\" \/>\n<meta name=\"author\" content=\"Francisco Javier Fern\u00e1ndez Chento\" \/>\n<meta name=\"twitter:card\" content=\"summary_large_image\" \/>\n<meta name=\"twitter:creator\" content=\"@https:\/\/twitter.com\/javierchento\" \/>\n<meta name=\"twitter:site\" content=\"@WeVincentians\" \/>\n<meta name=\"twitter:label1\" content=\"Escrito por\" \/>\n\t<meta name=\"twitter:data1\" content=\"Francisco Javier Fern\u00e1ndez Chento\" \/>\n\t<meta name=\"twitter:label2\" content=\"Tiempo de lectura\" \/>\n\t<meta name=\"twitter:data2\" content=\"6 minutos\" \/>\n<script type=\"application\/ld+json\" class=\"yoast-schema-graph\">{\"@context\":\"https:\/\/schema.org\",\"@graph\":[{\"@type\":\"Article\",\"@id\":\"https:\/\/vincentians.com\/es\/juana-antida-thouret\/#article\",\"isPartOf\":{\"@id\":\"https:\/\/vincentians.com\/es\/juana-antida-thouret\/\"},\"author\":{\"name\":\"Francisco Javier Fern\u00e1ndez Chento\",\"@id\":\"https:\/\/vincentians.com\/es\/#\/schema\/person\/9623ef4d9aa3b2dfb8c061f1499288f2\"},\"headline\":\"Santa Juana Antida Thouret\",\"datePublished\":\"2024-05-23T06:50:53+00:00\",\"mainEntityOfPage\":{\"@id\":\"https:\/\/vincentians.com\/es\/juana-antida-thouret\/\"},\"wordCount\":1316,\"commentCount\":1,\"publisher\":{\"@id\":\"https:\/\/vincentians.com\/es\/#organization\"},\"image\":{\"@id\":\"https:\/\/vincentians.com\/es\/juana-antida-thouret\/#primaryimage\"},\"thumbnailUrl\":\"https:\/\/i0.wp.com\/vincentians.com\/es\/wp-content\/uploads\/sites\/11\/2016\/05\/abcd.jpg?fit=1200%2C630\",\"articleSection\":[\"Juana Antida Thouret\"],\"inLanguage\":\"es\",\"potentialAction\":[{\"@type\":\"CommentAction\",\"name\":\"Comment\",\"target\":[\"https:\/\/vincentians.com\/es\/juana-antida-thouret\/#respond\"]}]},{\"@type\":\"WebPage\",\"@id\":\"https:\/\/vincentians.com\/es\/juana-antida-thouret\/\",\"url\":\"https:\/\/vincentians.com\/es\/juana-antida-thouret\/\",\"name\":\"Santa Juana Antida Thouret - Somos Vicencianos\",\"isPartOf\":{\"@id\":\"https:\/\/vincentians.com\/es\/#website\"},\"primaryImageOfPage\":{\"@id\":\"https:\/\/vincentians.com\/es\/juana-antida-thouret\/#primaryimage\"},\"image\":{\"@id\":\"https:\/\/vincentians.com\/es\/juana-antida-thouret\/#primaryimage\"},\"thumbnailUrl\":\"https:\/\/i0.wp.com\/vincentians.com\/es\/wp-content\/uploads\/sites\/11\/2016\/05\/abcd.jpg?fit=1200%2C630\",\"datePublished\":\"2024-05-23T06:50:53+00:00\",\"breadcrumb\":{\"@id\":\"https:\/\/vincentians.com\/es\/juana-antida-thouret\/#breadcrumb\"},\"inLanguage\":\"es\",\"potentialAction\":[{\"@type\":\"ReadAction\",\"target\":[\"https:\/\/vincentians.com\/es\/juana-antida-thouret\/\"]}]},{\"@type\":\"ImageObject\",\"inLanguage\":\"es\",\"@id\":\"https:\/\/vincentians.com\/es\/juana-antida-thouret\/#primaryimage\",\"url\":\"https:\/\/i0.wp.com\/vincentians.com\/es\/wp-content\/uploads\/sites\/11\/2016\/05\/abcd.jpg?fit=1200%2C630\",\"contentUrl\":\"https:\/\/i0.wp.com\/vincentians.com\/es\/wp-content\/uploads\/sites\/11\/2016\/05\/abcd.jpg?fit=1200%2C630\",\"width\":1200,\"height\":630},{\"@type\":\"BreadcrumbList\",\"@id\":\"https:\/\/vincentians.com\/es\/juana-antida-thouret\/#breadcrumb\",\"itemListElement\":[{\"@type\":\"ListItem\",\"position\":1,\"name\":\"Portada\",\"item\":\"https:\/\/vincentians.com\/es\/\"},{\"@type\":\"ListItem\",\"position\":2,\"name\":\"Santa Juana Antida Thouret\"}]},{\"@type\":\"WebSite\",\"@id\":\"https:\/\/vincentians.com\/es\/#website\",\"url\":\"https:\/\/vincentians.com\/es\/\",\"name\":\"Somos Vicencianos\",\"description\":\"Know more to serve more\",\"publisher\":{\"@id\":\"https:\/\/vincentians.com\/es\/#organization\"},\"potentialAction\":[{\"@type\":\"SearchAction\",\"target\":{\"@type\":\"EntryPoint\",\"urlTemplate\":\"https:\/\/vincentians.com\/es\/?s={search_term_string}\"},\"query-input\":{\"@type\":\"PropertyValueSpecification\",\"valueRequired\":true,\"valueName\":\"search_term_string\"}}],\"inLanguage\":\"es\"},{\"@type\":\"Organization\",\"@id\":\"https:\/\/vincentians.com\/es\/#organization\",\"name\":\"The Vincentian Network\",\"url\":\"https:\/\/vincentians.com\/es\/\",\"logo\":{\"@type\":\"ImageObject\",\"inLanguage\":\"es\",\"@id\":\"https:\/\/vincentians.com\/es\/#\/schema\/logo\/image\/\",\"url\":\"https:\/\/i1.wp.com\/vincentians.com\/es\/wp-content\/uploads\/sites\/11\/2016\/06\/Vincentian-Network-logo-big.png?fit=778%2C778\",\"contentUrl\":\"https:\/\/i1.wp.com\/vincentians.com\/es\/wp-content\/uploads\/sites\/11\/2016\/06\/Vincentian-Network-logo-big.png?fit=778%2C778\",\"width\":778,\"height\":778,\"caption\":\"The Vincentian Network\"},\"image\":{\"@id\":\"https:\/\/vincentians.com\/es\/#\/schema\/logo\/image\/\"},\"sameAs\":[\"https:\/\/www.facebook.com\/WeAreVincentians\/\",\"https:\/\/x.com\/WeVincentians\"]},{\"@type\":\"Person\",\"@id\":\"https:\/\/vincentians.com\/es\/#\/schema\/person\/9623ef4d9aa3b2dfb8c061f1499288f2\",\"name\":\"Francisco Javier Fern\u00e1ndez Chento\",\"image\":{\"@type\":\"ImageObject\",\"inLanguage\":\"es\",\"@id\":\"https:\/\/vincentians.com\/es\/#\/schema\/person\/image\/\",\"url\":\"https:\/\/secure.gravatar.com\/avatar\/497d5cde87b4c3d097d0315953521681ba2cd523ee66e5077c3711f7021e65de?s=96&d=mm&r=g\",\"contentUrl\":\"https:\/\/secure.gravatar.com\/avatar\/497d5cde87b4c3d097d0315953521681ba2cd523ee66e5077c3711f7021e65de?s=96&d=mm&r=g\",\"caption\":\"Francisco Javier Fern\u00e1ndez Chento\"},\"description\":\"Director General y cofundador de La Red de Formaci\u00f3n Vicenciana. Javier es laico vicenciano, afiliado a la Congregaci\u00f3n de la Misi\u00f3n y miembro del Equipo de Misiones Populares de la provincia can\u00f3nica de Zaragoza (Espa\u00f1a) de la Congregaci\u00f3n de la Misi\u00f3n. Graduado en la Universidad Oberta de Catalunya con cuatro grados (Asistente de direcci\u00f3n, Gesti\u00f3n Administrativa, Recursos Humanos y Contabilidad Avanzada). Bil\u00edng\u00fce Espa\u00f1ol\/Ingl\u00e9s. gestiona y mantiene varias p\u00e1ginas web cristianas y vicencianas, incluida including La Red de Formaci\u00f3n Vicenciana, de la que es cofundador. Actualmente es responsable del \u00e1rea de Espa\u00f1ol de .famvin, la Red de Noticias de la Familia Vicenciana. Tambi\u00e9n es m\u00fasico cat\u00f3lico y ha editado varios discos. Es Director General y cofundador de Trovador, una reconocida compa\u00f1\u00eda discogr\u00e1fica critiana de Espa\u00f1a. Trabaja en las Tecnolog\u00edas de la Informaci\u00f3n, ofreciendo servicios de alojamiento, dise\u00f1o y mantenimiento Web, as\u00ed como asesoramiento, formaci\u00f3n y soluciones inform\u00e1ticas, gesti\u00f3n documental y digitalizaci\u00f3n de textos, edici\u00f3n y maquetaci\u00f3n de libros, revistas, flyers, etc.\",\"sameAs\":[\"http:\/\/chento.org\",\"https:\/\/www.facebook.com\/JavierChento\",\"https:\/\/x.com\/https:\/\/twitter.com\/javierchento\"],\"url\":\"http:\/\/vincentians.com\/es\/author\/chento\/\"}]}<\/script>\n<!-- \/ Yoast SEO plugin. -->","yoast_head_json":{"title":"Santa Juana Antida Thouret - Somos Vicencianos","robots":{"index":"index","follow":"follow","max-snippet":"max-snippet:-1","max-image-preview":"max-image-preview:large","max-video-preview":"max-video-preview:-1"},"canonical":"https:\/\/vincentians.com\/es\/juana-antida-thouret\/","og_locale":"es_ES","og_type":"article","og_title":"Santa Juana Antida Thouret - Somos Vicencianos","og_description":"Vida Juana Antida Thouret, nace el 27 de noviembre de 1765 en Sanceyle-Long, di\u00f3cesis de Besan\u00e7on, Francia. Desde ni\u00f1a se enfrenta a las dificultades debido a su madre enferma, que muere cuando Juana tiene 14 ... Read More","og_url":"https:\/\/vincentians.com\/es\/juana-antida-thouret\/","og_site_name":"Somos Vicencianos","article_publisher":"https:\/\/www.facebook.com\/WeAreVincentians\/","article_author":"https:\/\/www.facebook.com\/JavierChento","article_published_time":"2024-05-23T06:50:53+00:00","og_image":[{"width":1200,"height":630,"url":"https:\/\/i0.wp.com\/vincentians.com\/es\/wp-content\/uploads\/sites\/11\/2016\/05\/abcd.jpg?fit=1200%2C630&ssl=1","type":"image\/jpeg"}],"author":"Francisco Javier Fern\u00e1ndez Chento","twitter_card":"summary_large_image","twitter_creator":"@https:\/\/twitter.com\/javierchento","twitter_site":"@WeVincentians","twitter_misc":{"Escrito por":"Francisco Javier Fern\u00e1ndez Chento","Tiempo de lectura":"6 minutos"},"schema":{"@context":"https:\/\/schema.org","@graph":[{"@type":"Article","@id":"https:\/\/vincentians.com\/es\/juana-antida-thouret\/#article","isPartOf":{"@id":"https:\/\/vincentians.com\/es\/juana-antida-thouret\/"},"author":{"name":"Francisco Javier Fern\u00e1ndez Chento","@id":"https:\/\/vincentians.com\/es\/#\/schema\/person\/9623ef4d9aa3b2dfb8c061f1499288f2"},"headline":"Santa Juana Antida Thouret","datePublished":"2024-05-23T06:50:53+00:00","mainEntityOfPage":{"@id":"https:\/\/vincentians.com\/es\/juana-antida-thouret\/"},"wordCount":1316,"commentCount":1,"publisher":{"@id":"https:\/\/vincentians.com\/es\/#organization"},"image":{"@id":"https:\/\/vincentians.com\/es\/juana-antida-thouret\/#primaryimage"},"thumbnailUrl":"https:\/\/i0.wp.com\/vincentians.com\/es\/wp-content\/uploads\/sites\/11\/2016\/05\/abcd.jpg?fit=1200%2C630","articleSection":["Juana Antida Thouret"],"inLanguage":"es","potentialAction":[{"@type":"CommentAction","name":"Comment","target":["https:\/\/vincentians.com\/es\/juana-antida-thouret\/#respond"]}]},{"@type":"WebPage","@id":"https:\/\/vincentians.com\/es\/juana-antida-thouret\/","url":"https:\/\/vincentians.com\/es\/juana-antida-thouret\/","name":"Santa Juana Antida Thouret - Somos Vicencianos","isPartOf":{"@id":"https:\/\/vincentians.com\/es\/#website"},"primaryImageOfPage":{"@id":"https:\/\/vincentians.com\/es\/juana-antida-thouret\/#primaryimage"},"image":{"@id":"https:\/\/vincentians.com\/es\/juana-antida-thouret\/#primaryimage"},"thumbnailUrl":"https:\/\/i0.wp.com\/vincentians.com\/es\/wp-content\/uploads\/sites\/11\/2016\/05\/abcd.jpg?fit=1200%2C630","datePublished":"2024-05-23T06:50:53+00:00","breadcrumb":{"@id":"https:\/\/vincentians.com\/es\/juana-antida-thouret\/#breadcrumb"},"inLanguage":"es","potentialAction":[{"@type":"ReadAction","target":["https:\/\/vincentians.com\/es\/juana-antida-thouret\/"]}]},{"@type":"ImageObject","inLanguage":"es","@id":"https:\/\/vincentians.com\/es\/juana-antida-thouret\/#primaryimage","url":"https:\/\/i0.wp.com\/vincentians.com\/es\/wp-content\/uploads\/sites\/11\/2016\/05\/abcd.jpg?fit=1200%2C630","contentUrl":"https:\/\/i0.wp.com\/vincentians.com\/es\/wp-content\/uploads\/sites\/11\/2016\/05\/abcd.jpg?fit=1200%2C630","width":1200,"height":630},{"@type":"BreadcrumbList","@id":"https:\/\/vincentians.com\/es\/juana-antida-thouret\/#breadcrumb","itemListElement":[{"@type":"ListItem","position":1,"name":"Portada","item":"https:\/\/vincentians.com\/es\/"},{"@type":"ListItem","position":2,"name":"Santa Juana Antida Thouret"}]},{"@type":"WebSite","@id":"https:\/\/vincentians.com\/es\/#website","url":"https:\/\/vincentians.com\/es\/","name":"Somos Vicencianos","description":"Know more to serve more","publisher":{"@id":"https:\/\/vincentians.com\/es\/#organization"},"potentialAction":[{"@type":"SearchAction","target":{"@type":"EntryPoint","urlTemplate":"https:\/\/vincentians.com\/es\/?s={search_term_string}"},"query-input":{"@type":"PropertyValueSpecification","valueRequired":true,"valueName":"search_term_string"}}],"inLanguage":"es"},{"@type":"Organization","@id":"https:\/\/vincentians.com\/es\/#organization","name":"The Vincentian Network","url":"https:\/\/vincentians.com\/es\/","logo":{"@type":"ImageObject","inLanguage":"es","@id":"https:\/\/vincentians.com\/es\/#\/schema\/logo\/image\/","url":"https:\/\/i1.wp.com\/vincentians.com\/es\/wp-content\/uploads\/sites\/11\/2016\/06\/Vincentian-Network-logo-big.png?fit=778%2C778","contentUrl":"https:\/\/i1.wp.com\/vincentians.com\/es\/wp-content\/uploads\/sites\/11\/2016\/06\/Vincentian-Network-logo-big.png?fit=778%2C778","width":778,"height":778,"caption":"The Vincentian Network"},"image":{"@id":"https:\/\/vincentians.com\/es\/#\/schema\/logo\/image\/"},"sameAs":["https:\/\/www.facebook.com\/WeAreVincentians\/","https:\/\/x.com\/WeVincentians"]},{"@type":"Person","@id":"https:\/\/vincentians.com\/es\/#\/schema\/person\/9623ef4d9aa3b2dfb8c061f1499288f2","name":"Francisco Javier Fern\u00e1ndez Chento","image":{"@type":"ImageObject","inLanguage":"es","@id":"https:\/\/vincentians.com\/es\/#\/schema\/person\/image\/","url":"https:\/\/secure.gravatar.com\/avatar\/497d5cde87b4c3d097d0315953521681ba2cd523ee66e5077c3711f7021e65de?s=96&d=mm&r=g","contentUrl":"https:\/\/secure.gravatar.com\/avatar\/497d5cde87b4c3d097d0315953521681ba2cd523ee66e5077c3711f7021e65de?s=96&d=mm&r=g","caption":"Francisco Javier Fern\u00e1ndez Chento"},"description":"Director General y cofundador de La Red de Formaci\u00f3n Vicenciana. Javier es laico vicenciano, afiliado a la Congregaci\u00f3n de la Misi\u00f3n y miembro del Equipo de Misiones Populares de la provincia can\u00f3nica de Zaragoza (Espa\u00f1a) de la Congregaci\u00f3n de la Misi\u00f3n. Graduado en la Universidad Oberta de Catalunya con cuatro grados (Asistente de direcci\u00f3n, Gesti\u00f3n Administrativa, Recursos Humanos y Contabilidad Avanzada). Bil\u00edng\u00fce Espa\u00f1ol\/Ingl\u00e9s. gestiona y mantiene varias p\u00e1ginas web cristianas y vicencianas, incluida including La Red de Formaci\u00f3n Vicenciana, de la que es cofundador. Actualmente es responsable del \u00e1rea de Espa\u00f1ol de .famvin, la Red de Noticias de la Familia Vicenciana. Tambi\u00e9n es m\u00fasico cat\u00f3lico y ha editado varios discos. Es Director General y cofundador de Trovador, una reconocida compa\u00f1\u00eda discogr\u00e1fica critiana de Espa\u00f1a. Trabaja en las Tecnolog\u00edas de la Informaci\u00f3n, ofreciendo servicios de alojamiento, dise\u00f1o y mantenimiento Web, as\u00ed como asesoramiento, formaci\u00f3n y soluciones inform\u00e1ticas, gesti\u00f3n documental y digitalizaci\u00f3n de textos, edici\u00f3n y maquetaci\u00f3n de libros, revistas, flyers, etc.","sameAs":["http:\/\/chento.org","https:\/\/www.facebook.com\/JavierChento","https:\/\/x.com\/https:\/\/twitter.com\/javierchento"],"url":"http:\/\/vincentians.com\/es\/author\/chento\/"}]}},"jetpack_publicize_connections":[],"jetpack_featured_media_url":"https:\/\/i0.wp.com\/vincentians.com\/es\/wp-content\/uploads\/sites\/11\/2016\/05\/abcd.jpg?fit=1200%2C630","jetpack_sharing_enabled":true,"jetpack_shortlink":"https:\/\/wp.me\/p7ETMF-9Fd","jetpack-related-posts":[{"id":31991,"url":"http:\/\/vincentians.com\/es\/las-hermanas-de-la-caridad-de-santa-juana-antida-thouret\/","url_meta":{"origin":37151,"position":0},"title":"Las Hermanas de la Caridad de Santa Juana Antida Thouret","author":"Francisco Javier Fern\u00e1ndez Chento","date":"23\/05\/2024","format":false,"excerpt":"1. Identidad Las Hermanas de la Caridad de Santa Juana-Antida Thouret forman una Congregaci\u00f3n religiosa de vida apost\u00f3lica, aprobada por el Papa Pio VII, el 23 de Julio de 1819. La Congregaci\u00f3n fue fundada por Santa J.A. Thouret en Besans\u00f3n (Francia), el 11 de Abril de 1799 en respuesta a\u2026","rel":"","context":"En \u00abFamilia Vicenciana sin categorizar\u00bb","block_context":{"text":"Familia Vicenciana sin categorizar","link":"http:\/\/vincentians.com\/es\/category\/la-familia-vicenciana\/familia-vicenciana-sin-categorizar\/"},"img":{"alt_text":"","src":"https:\/\/i0.wp.com\/vincentians.com\/es\/wp-content\/uploads\/sites\/11\/2016\/05\/abcd.jpg?fit=1200%2C630&resize=350%2C200","width":350,"height":200,"srcset":"https:\/\/i0.wp.com\/vincentians.com\/es\/wp-content\/uploads\/sites\/11\/2016\/05\/abcd.jpg?fit=1200%2C630&resize=350%2C200 1x, https:\/\/i0.wp.com\/vincentians.com\/es\/wp-content\/uploads\/sites\/11\/2016\/05\/abcd.jpg?fit=1200%2C630&resize=525%2C300 1.5x, https:\/\/i0.wp.com\/vincentians.com\/es\/wp-content\/uploads\/sites\/11\/2016\/05\/abcd.jpg?fit=1200%2C630&resize=700%2C400 2x, https:\/\/i0.wp.com\/vincentians.com\/es\/wp-content\/uploads\/sites\/11\/2016\/05\/abcd.jpg?fit=1200%2C630&resize=1050%2C600 3x"},"classes":[]},{"id":33744,"url":"http:\/\/vincentians.com\/es\/experiencia-de-vida-de-santa-juana-antida-thouret\/","url_meta":{"origin":37151,"position":1},"title":"Experiencia de vida de Santa Juana Antida Thouret","author":"Francisco Javier Fern\u00e1ndez Chento","date":"23\/05\/2023","format":false,"excerpt":"\"Vicente de Pa\u00fal: Padre, modelo, especial protector\" Juana Antida Thouret nace en el peque\u00f1o pueblo de Sancey, en el Condado Franc\u00e9s, di\u00f3cesis de Besan\u00e7on, el 27 de noviembre de 1765, dentro de una familia profundamente cristiana. En edad muy temprana \"siente una fuerte inclinaci\u00f3n al estado religioso m\u00e1s austero y\u2026","rel":"","context":"En \u00abJuana Antida Thouret\u00bb","block_context":{"text":"Juana Antida Thouret","link":"http:\/\/vincentians.com\/es\/category\/la-familia-vicenciana\/la-familia-vicenciana-en-los-altares\/santos\/juana-antida-thouret\/"},"img":{"alt_text":"","src":"","width":0,"height":0},"classes":[]},{"id":37157,"url":"http:\/\/vincentians.com\/es\/del-monasterio-a-la-calle-del-claustro-a-los-incurables\/","url_meta":{"origin":37151,"position":2},"title":"Del monasterio a la calle, del claustro a los incurables","author":"Francisco Javier Fern\u00e1ndez Chento","date":"01\/10\/2014","format":false,"excerpt":"En el claustro de Regina-Coeli Primera religiosa de vida apost\u00f3lica en el N\u00e1poles del siglo XIX, Juana Antida \"instala\", de manera duradera y estable, el modelo de Vida Religiosa \"apost\u00f3lica\" al estilo vicenciano, hasta entonces desconocida en el Reino de N\u00e1poles, que vio incluso en el pasado, con altibajos, algunas\u2026","rel":"","context":"En \u00abJuana Antida Thouret\u00bb","block_context":{"text":"Juana Antida Thouret","link":"http:\/\/vincentians.com\/es\/category\/la-familia-vicenciana\/la-familia-vicenciana-en-los-altares\/santos\/juana-antida-thouret\/"},"img":{"alt_text":"","src":"https:\/\/i0.wp.com\/vicencianos.org\/wp-content\/2011\/05\/juana_antida_thouret.jpg?resize=350%2C200","width":350,"height":200},"classes":[]},{"id":38384,"url":"http:\/\/vincentians.com\/es\/el-rostro-de-los-pobres\/","url_meta":{"origin":37151,"position":3},"title":"El rostro de los pobres","author":"Francisco Javier Fern\u00e1ndez Chento","date":"13\/08\/2014","format":false,"excerpt":"Juana Antida lleg\u00f3 a N\u00e1poles en un tiempo fuertemente cr\u00edtico, con una pobreza que alcanz\u00f3 su nivel m\u00e1s alto de resistencia. Las carest\u00edas se sucedieron con ritmos vertiginosos; los precios aumentaban; las fiebres col\u00e9ricas se multiplicaron. Muy elevada fue, por consiguiente, la mortalidad, siempre superior a la natalidad de aquellos\u2026","rel":"","context":"En \u00abJuana Antida Thouret\u00bb","block_context":{"text":"Juana Antida Thouret","link":"http:\/\/vincentians.com\/es\/category\/la-familia-vicenciana\/la-familia-vicenciana-en-los-altares\/santos\/juana-antida-thouret\/"},"img":{"alt_text":"","src":"https:\/\/i0.wp.com\/vicencianos.org\/wp-content\/2011\/05\/juana_antida1-175x300.jpg?resize=350%2C200","width":350,"height":200},"classes":[]},{"id":16061,"url":"http:\/\/vincentians.com\/es\/tal-dia-como-hoy-21-de-abril\/","url_meta":{"origin":37151,"position":4},"title":"Tal d\u00eda como hoy: 21 de abril","author":"Francisco Javier Fern\u00e1ndez Chento","date":"21\/04\/2017","format":false,"excerpt":"1656. Conferencia de Vicente de Pa\u00fal en San L\u00e1zaro sobre los viajes, los motivos para comportarse bien en los mismos, y lo que se debe hacer, ya sea en el camino o en las hosteler\u00edas y tanto en relaci\u00f3n con el pr\u00f3jimo como entre los misioneros, para glorificar a Dios,\u2026","rel":"","context":"En \u00abEfem\u00e9rides Vicencianas\u00bb","block_context":{"text":"Efem\u00e9rides Vicencianas","link":"http:\/\/vincentians.com\/es\/category\/historia-de-la-familia-vicenciana\/efemerides-vicencianas\/"},"img":{"alt_text":"","src":"https:\/\/i0.wp.com\/vincentians.com\/es\/wp-content\/uploads\/sites\/11\/2016\/07\/ephemerides-fb.jpg?fit=1200%2C630&resize=350%2C200","width":350,"height":200,"srcset":"https:\/\/i0.wp.com\/vincentians.com\/es\/wp-content\/uploads\/sites\/11\/2016\/07\/ephemerides-fb.jpg?fit=1200%2C630&resize=350%2C200 1x, https:\/\/i0.wp.com\/vincentians.com\/es\/wp-content\/uploads\/sites\/11\/2016\/07\/ephemerides-fb.jpg?fit=1200%2C630&resize=525%2C300 1.5x, https:\/\/i0.wp.com\/vincentians.com\/es\/wp-content\/uploads\/sites\/11\/2016\/07\/ephemerides-fb.jpg?fit=1200%2C630&resize=700%2C400 2x, https:\/\/i0.wp.com\/vincentians.com\/es\/wp-content\/uploads\/sites\/11\/2016\/07\/ephemerides-fb.jpg?fit=1200%2C630&resize=1050%2C600 3x"},"classes":[]},{"id":96096,"url":"http:\/\/vincentians.com\/es\/descendencia-espiritual-de-san-vicente-de-paul\/","url_meta":{"origin":37151,"position":5},"title":"Descendencia espiritual de San Vicente de Pa\u00fal","author":"Francisco Javier Fern\u00e1ndez Chento","date":"04\/12\/2013","format":false,"excerpt":"Entre las comunidades que, en Francia, tienen un lazo pr\u00f3ximo o lejano con las fundaciones de San Vicente de Pa\u00fal, hay que distinguir: Las que fueron instituidas o se desarrollaron, en sus or\u00edgenes, bajo el m\u00f3vil m\u00e1s o menos directo de San Vicente. Las Hijas de la Caridad, instituidas por\u2026","rel":"","context":"En \u00abFormaci\u00f3n Vicenciana\u00bb","block_context":{"text":"Formaci\u00f3n Vicenciana","link":"http:\/\/vincentians.com\/es\/category\/formacion-vicenciana\/"},"img":{"alt_text":"","src":"https:\/\/i0.wp.com\/vicencianos.org\/wp-content\/2012\/07\/f26-150x300.jpg?resize=350%2C200","width":350,"height":200},"classes":[]}],"_links":{"self":[{"href":"http:\/\/vincentians.com\/es\/wp-json\/wp\/v2\/posts\/37151","targetHints":{"allow":["GET"]}}],"collection":[{"href":"http:\/\/vincentians.com\/es\/wp-json\/wp\/v2\/posts"}],"about":[{"href":"http:\/\/vincentians.com\/es\/wp-json\/wp\/v2\/types\/post"}],"author":[{"embeddable":true,"href":"http:\/\/vincentians.com\/es\/wp-json\/wp\/v2\/users\/4"}],"replies":[{"embeddable":true,"href":"http:\/\/vincentians.com\/es\/wp-json\/wp\/v2\/comments?post=37151"}],"version-history":[{"count":3,"href":"http:\/\/vincentians.com\/es\/wp-json\/wp\/v2\/posts\/37151\/revisions"}],"predecessor-version":[{"id":401772,"href":"http:\/\/vincentians.com\/es\/wp-json\/wp\/v2\/posts\/37151\/revisions\/401772"}],"wp:featuredmedia":[{"embeddable":true,"href":"http:\/\/vincentians.com\/es\/wp-json\/wp\/v2\/media\/400848"}],"wp:attachment":[{"href":"http:\/\/vincentians.com\/es\/wp-json\/wp\/v2\/media?parent=37151"}],"wp:term":[{"taxonomy":"category","embeddable":true,"href":"http:\/\/vincentians.com\/es\/wp-json\/wp\/v2\/categories?post=37151"},{"taxonomy":"post_tag","embeddable":true,"href":"http:\/\/vincentians.com\/es\/wp-json\/wp\/v2\/tags?post=37151"}],"curies":[{"name":"wp","href":"https:\/\/api.w.org\/{rel}","templated":true}]}}