{"id":37002,"date":"2011-05-01T13:05:50","date_gmt":"2011-05-01T11:05:50","guid":{"rendered":"http:\/\/somos.vicencianos.org\/?p=37002"},"modified":"2016-07-26T09:44:51","modified_gmt":"2016-07-26T07:44:51","slug":"carta-del-papa-juan-pablo-ii-al-p-gregory-gay-con-ocasion-de-su-eleccion-como-superior-general","status":"publish","type":"post","link":"http:\/\/vincentians.com\/es\/carta-del-papa-juan-pablo-ii-al-p-gregory-gay-con-ocasion-de-su-eleccion-como-superior-general\/","title":{"rendered":"Carta del Papa Juan Pablo II al P. Gregory Gay, con ocasi\u00f3n de su elecci\u00f3n como Superior General"},"content":{"rendered":"<p>Al muy Reverendo P. Gregorio Gay,<br \/>\nSuperior General de la Congregaci\u00f3n de la Misi\u00f3n<\/p>\n<p><a href=\"https:\/\/i0.wp.com\/vicencianos.org\/wp-content\/2011\/05\/Wojtyla.jpg\"><img data-recalc-dims=\"1\" loading=\"lazy\" decoding=\"async\" class=\"alignright size-medium wp-image-37003\" title=\"Wojtyla\" src=\"https:\/\/i0.wp.com\/vicencianos.org\/wp-content\/2011\/05\/Wojtyla-221x300.jpg?resize=221%2C300\" alt=\"\" width=\"221\" height=\"300\" \/><\/a>Con gran afecto en el Se\u00f1or, le felicito por su reciente elecci\u00f3n y le pido que transmita mis saludos a todos los miembros de la Congregaci\u00f3n de la Misi\u00f3n reunidos en Roma, del 5 al 29 de julio, para su 40a Asamblea General. Fieles a la inspiraci\u00f3n de su fundador, han elegido como tema: \u00abNuestra identidad vicenciana hoy, habiendo vivido durante 20 a\u00f1os las nuevas Constituciones: evaluaci\u00f3n y tres desaf\u00edos para el futuro \u00ab. En el momento en que revisan su actividad apost\u00f3lica y su vida comunitaria a la luz de su carisma vicenciano, invoco la efusi\u00f3n renovadora de los dones del Esp\u00edritu Santo sobre todos ustedes para que puedan discernir correctamente el camino por el que Dios les llama.<\/p>\n<p>San Vicente de Pa\u00fal, respondiendo generosamente a las necesidades de la Iglesia de su tiempo, coloc\u00f3 la evangelizaci\u00f3n de los pobres y la formaci\u00f3n del clero en el centro de su visi\u00f3n para la Congregaci\u00f3n. Al crecer en n\u00famero y propagarse por todo el mundo, su apostolado ha evolucionado naturalmente hacia nuevas formas, pero estos dos aspectos siguen siendo centrales. Su fundador estaba profundamente convencido de la eficacia de la caridad divina (cf. Vita Consecrata, 75) y animaba a todos sus hijos espirituales a ver, amar y servir a Cristo en los pobres. Conf\u00edo que, manteni\u00e9ndose fieles a la visi\u00f3n de San Vicente, est\u00e9n mas capacitados para formar a otros, laicos y cl\u00e9rigos, para la tarea de predicar el evangelio hoy.<\/p>\n<p>\u00abContemplad el rostro de Cristo, comenzad de nuevo desde \u00c9l, testimoniad su amor\u00bb (cf. Instrucci\u00f3n Caminar desde Cristo: un renovado compromiso de la vida consagrada en el Tercer Milenio, 19). Hermanos m\u00edos, les apremio a que, al planificar su futuro, acojan en su coraz\u00f3n estas palabras. Recuerden que toda actividad apost\u00f3lica encuentra su eficacia de la \u00edntima relaci\u00f3n personal con Cristo. Cuanto m\u00e1s se abreven en las fuentes de la vida cristiana y de la santidad, a trav\u00e9s de un compromiso cada d\u00eda m\u00e1s profundo en la oraci\u00f3n personal y lit\u00fargica, m\u00e1s profundamente se conformar\u00e1n con Aquel a quien sirven. Con el coraz\u00f3n abierto al amor de Dios, ser\u00e1n capaces de ser testigos eficientes en un mundo que grita hambreando la curaci\u00f3n que s\u00f3lo Dios puede dar.<\/p>\n<p>Cuatro siglos despu\u00e9s de su fundaci\u00f3n, la tarea de \u00abanunciar la buena noticia a los pobres\u00bb (Le 4, 18) sigue siendo tan urgente como siempre. Millones de personas en todo el mundo no s\u00f3lo carecen de las cosas m\u00e1s necesarias para la vida, sino que el mundo moderno est\u00e1 azotado por otras muchas formas de pobreza (cf. Sollicitudo Re\u00a1 Socialis, 15). Su Congregaci\u00f3n est\u00e1 llamada a explorar nuevos caminos para comunicar el mensaje liberador del Evangelio a nuestros hermanos y hermanas que sufren. Est\u00e9n seguros del apoyo de mi oraci\u00f3n mientras buscan c\u00f3mo responder generosamente a estos desafios.<\/p>\n<p>Muchas generaciones de sacerdotes tienen motivos para agradecer a la Congregaci\u00f3n la formaci\u00f3n recibida de ustedes. La importancia de este apostolado nunca ser\u00e1 suficientemente valorada. En consecuencia, es esencial destinar sacerdotes ejemplares a este trabajo: sacerdotes con madurez humana y espiritual, experiencia pastoral, competencia profesional, capaces de trabajar en equipo (cf. Pastores Dabo Vobis, 66). Muchos misioneros vicencianos con estas mismas cualidades se han consagrado, en el pasado, a la formaci\u00f3n sacerdotal. Les animo a que contin\u00faen esta vital misi\u00f3n en los pr\u00f3ximos a\u00f1os.<\/p>\n<p>Queridos hermanos, no s\u00f3lo han hecho una notable aportaci\u00f3n a la acci\u00f3n de la Iglesia en los \u00faltimos cuatro siglos, por lo que les est\u00e1 profundamente agradecida, sino que tambi\u00e9n tienen \u00abuna gran historia por cumplir\u00bb (Vita Consecrata, 110) Mientras buscan c\u00f3mo vivir mejor el carisma vicenciano, mi mensaje es \u00e9ste: Duc in altum!\u00bb, \u00ab\u00a1Boguen mar adentro!\u00bb (Le 5, 4). No teman arriesgarse, echen las redes para la pesca.<\/p>\n<p>\u00a1El Se\u00f1or mismo ser\u00e1 su gu\u00eda!<\/p>\n<p>Encomiendo sus deliberaciones a la intercesi\u00f3n de San Vicente de Pa\u00fal y a la solicitud maternal de Nuestra Se\u00f1ora de la Medalla Milagrosa, elevo oraciones para que su Asamblea sea iluminada y guiada por el Esp\u00edritu de sabidur\u00eda y cordialmente imparto mi bendici\u00f3n apost\u00f3lica sobre ustedes y sobre todos los miembros de su Congregaci\u00f3n.<\/p>\n","protected":false},"excerpt":{"rendered":"<p>Al muy Reverendo P. Gregorio Gay, Superior General de la Congregaci\u00f3n de la Misi\u00f3n Con gran afecto en el Se\u00f1or, le felicito por su reciente elecci\u00f3n y le pido que transmita mis saludos a todos &#8230; <a href=\"http:\/\/vincentians.com\/es\/carta-del-papa-juan-pablo-ii-al-p-gregory-gay-con-ocasion-de-su-eleccion-como-superior-general\/\" class=\"more-link\">Read More<\/a><\/p>\n","protected":false},"author":4,"featured_media":37003,"comment_status":"open","ping_status":"open","sticky":false,"template":"","format":"standard","meta":{"jetpack_post_was_ever_published":false,"_jetpack_newsletter_access":"","_jetpack_dont_email_post_to_subs":false,"_jetpack_newsletter_tier_id":0,"_jetpack_memberships_contains_paywalled_content":false,"_jetpack_memberships_contains_paid_content":false,"footnotes":"","jetpack_publicize_message":"","jetpack_publicize_feature_enabled":true,"jetpack_social_post_already_shared":true,"jetpack_social_options":{"image_generator_settings":{"template":"highway","default_image_id":0,"font":"","enabled":false},"version":2}},"categories":[16],"tags":[],"class_list":["post-37002","post","type-post","status-publish","format-standard","has-post-thumbnail","hentry","category-congregacion-de-la-mision"],"yoast_head":"<!-- This site is optimized with the Yoast SEO plugin v26.3 - https:\/\/yoast.com\/wordpress\/plugins\/seo\/ -->\n<title>Carta del Papa Juan Pablo II al P. Gregory Gay, con ocasi\u00f3n de su elecci\u00f3n como Superior General - Somos Vicencianos<\/title>\n<meta name=\"robots\" content=\"index, follow, max-snippet:-1, max-image-preview:large, max-video-preview:-1\" \/>\n<link rel=\"canonical\" href=\"http:\/\/vincentians.com\/es\/carta-del-papa-juan-pablo-ii-al-p-gregory-gay-con-ocasion-de-su-eleccion-como-superior-general\/\" \/>\n<meta property=\"og:locale\" content=\"es_ES\" \/>\n<meta property=\"og:type\" content=\"article\" \/>\n<meta property=\"og:title\" content=\"Carta del Papa Juan Pablo II al P. Gregory Gay, con ocasi\u00f3n de su elecci\u00f3n como Superior General - Somos Vicencianos\" \/>\n<meta property=\"og:description\" content=\"Al muy Reverendo P. Gregorio Gay, Superior General de la Congregaci\u00f3n de la Misi\u00f3n Con gran afecto en el Se\u00f1or, le felicito por su reciente elecci\u00f3n y le pido que transmita mis saludos a todos ... Read More\" \/>\n<meta property=\"og:url\" content=\"http:\/\/vincentians.com\/es\/carta-del-papa-juan-pablo-ii-al-p-gregory-gay-con-ocasion-de-su-eleccion-como-superior-general\/\" \/>\n<meta property=\"og:site_name\" content=\"Somos Vicencianos\" \/>\n<meta property=\"article:publisher\" content=\"https:\/\/www.facebook.com\/WeAreVincentians\/\" \/>\n<meta property=\"article:author\" content=\"https:\/\/www.facebook.com\/JavierChento\" \/>\n<meta property=\"article:published_time\" content=\"2011-05-01T11:05:50+00:00\" \/>\n<meta property=\"article:modified_time\" content=\"2016-07-26T07:44:51+00:00\" \/>\n<meta name=\"author\" content=\"Francisco Javier Fern\u00e1ndez Chento\" \/>\n<meta name=\"twitter:card\" content=\"summary_large_image\" \/>\n<meta name=\"twitter:creator\" content=\"@https:\/\/twitter.com\/javierchento\" \/>\n<meta name=\"twitter:site\" content=\"@WeVincentians\" \/>\n<meta name=\"twitter:label1\" content=\"Escrito por\" \/>\n\t<meta name=\"twitter:data1\" content=\"Francisco Javier Fern\u00e1ndez Chento\" \/>\n\t<meta name=\"twitter:label2\" content=\"Tiempo de lectura\" \/>\n\t<meta name=\"twitter:data2\" content=\"4 minutos\" \/>\n<script type=\"application\/ld+json\" class=\"yoast-schema-graph\">{\"@context\":\"https:\/\/schema.org\",\"@graph\":[{\"@type\":\"Article\",\"@id\":\"http:\/\/vincentians.com\/es\/carta-del-papa-juan-pablo-ii-al-p-gregory-gay-con-ocasion-de-su-eleccion-como-superior-general\/#article\",\"isPartOf\":{\"@id\":\"http:\/\/vincentians.com\/es\/carta-del-papa-juan-pablo-ii-al-p-gregory-gay-con-ocasion-de-su-eleccion-como-superior-general\/\"},\"author\":{\"name\":\"Francisco Javier Fern\u00e1ndez Chento\",\"@id\":\"http:\/\/vincentians.com\/es\/#\/schema\/person\/9623ef4d9aa3b2dfb8c061f1499288f2\"},\"headline\":\"Carta del Papa Juan Pablo II al P. Gregory Gay, con ocasi\u00f3n de su elecci\u00f3n como Superior General\",\"datePublished\":\"2011-05-01T11:05:50+00:00\",\"dateModified\":\"2016-07-26T07:44:51+00:00\",\"mainEntityOfPage\":{\"@id\":\"http:\/\/vincentians.com\/es\/carta-del-papa-juan-pablo-ii-al-p-gregory-gay-con-ocasion-de-su-eleccion-como-superior-general\/\"},\"wordCount\":771,\"commentCount\":0,\"publisher\":{\"@id\":\"http:\/\/vincentians.com\/es\/#organization\"},\"image\":{\"@id\":\"http:\/\/vincentians.com\/es\/carta-del-papa-juan-pablo-ii-al-p-gregory-gay-con-ocasion-de-su-eleccion-como-superior-general\/#primaryimage\"},\"thumbnailUrl\":\"\",\"articleSection\":[\"Congregaci\u00f3n de la Misi\u00f3n\"],\"inLanguage\":\"es\",\"potentialAction\":[{\"@type\":\"CommentAction\",\"name\":\"Comment\",\"target\":[\"http:\/\/vincentians.com\/es\/carta-del-papa-juan-pablo-ii-al-p-gregory-gay-con-ocasion-de-su-eleccion-como-superior-general\/#respond\"]}]},{\"@type\":\"WebPage\",\"@id\":\"http:\/\/vincentians.com\/es\/carta-del-papa-juan-pablo-ii-al-p-gregory-gay-con-ocasion-de-su-eleccion-como-superior-general\/\",\"url\":\"http:\/\/vincentians.com\/es\/carta-del-papa-juan-pablo-ii-al-p-gregory-gay-con-ocasion-de-su-eleccion-como-superior-general\/\",\"name\":\"Carta del Papa Juan Pablo II al P. Gregory Gay, con ocasi\u00f3n de su elecci\u00f3n como Superior General - Somos Vicencianos\",\"isPartOf\":{\"@id\":\"http:\/\/vincentians.com\/es\/#website\"},\"primaryImageOfPage\":{\"@id\":\"http:\/\/vincentians.com\/es\/carta-del-papa-juan-pablo-ii-al-p-gregory-gay-con-ocasion-de-su-eleccion-como-superior-general\/#primaryimage\"},\"image\":{\"@id\":\"http:\/\/vincentians.com\/es\/carta-del-papa-juan-pablo-ii-al-p-gregory-gay-con-ocasion-de-su-eleccion-como-superior-general\/#primaryimage\"},\"thumbnailUrl\":\"\",\"datePublished\":\"2011-05-01T11:05:50+00:00\",\"dateModified\":\"2016-07-26T07:44:51+00:00\",\"breadcrumb\":{\"@id\":\"http:\/\/vincentians.com\/es\/carta-del-papa-juan-pablo-ii-al-p-gregory-gay-con-ocasion-de-su-eleccion-como-superior-general\/#breadcrumb\"},\"inLanguage\":\"es\",\"potentialAction\":[{\"@type\":\"ReadAction\",\"target\":[\"http:\/\/vincentians.com\/es\/carta-del-papa-juan-pablo-ii-al-p-gregory-gay-con-ocasion-de-su-eleccion-como-superior-general\/\"]}]},{\"@type\":\"ImageObject\",\"inLanguage\":\"es\",\"@id\":\"http:\/\/vincentians.com\/es\/carta-del-papa-juan-pablo-ii-al-p-gregory-gay-con-ocasion-de-su-eleccion-como-superior-general\/#primaryimage\",\"url\":\"\",\"contentUrl\":\"\"},{\"@type\":\"BreadcrumbList\",\"@id\":\"http:\/\/vincentians.com\/es\/carta-del-papa-juan-pablo-ii-al-p-gregory-gay-con-ocasion-de-su-eleccion-como-superior-general\/#breadcrumb\",\"itemListElement\":[{\"@type\":\"ListItem\",\"position\":1,\"name\":\"Portada\",\"item\":\"http:\/\/vincentians.com\/es\/\"},{\"@type\":\"ListItem\",\"position\":2,\"name\":\"Carta del Papa Juan Pablo II al P. Gregory Gay, con ocasi\u00f3n de su elecci\u00f3n como Superior General\"}]},{\"@type\":\"WebSite\",\"@id\":\"http:\/\/vincentians.com\/es\/#website\",\"url\":\"http:\/\/vincentians.com\/es\/\",\"name\":\"Somos Vicencianos\",\"description\":\"Know more to serve more\",\"publisher\":{\"@id\":\"http:\/\/vincentians.com\/es\/#organization\"},\"potentialAction\":[{\"@type\":\"SearchAction\",\"target\":{\"@type\":\"EntryPoint\",\"urlTemplate\":\"http:\/\/vincentians.com\/es\/?s={search_term_string}\"},\"query-input\":{\"@type\":\"PropertyValueSpecification\",\"valueRequired\":true,\"valueName\":\"search_term_string\"}}],\"inLanguage\":\"es\"},{\"@type\":\"Organization\",\"@id\":\"http:\/\/vincentians.com\/es\/#organization\",\"name\":\"The Vincentian Network\",\"url\":\"http:\/\/vincentians.com\/es\/\",\"logo\":{\"@type\":\"ImageObject\",\"inLanguage\":\"es\",\"@id\":\"http:\/\/vincentians.com\/es\/#\/schema\/logo\/image\/\",\"url\":\"https:\/\/i1.wp.com\/vincentians.com\/es\/wp-content\/uploads\/sites\/11\/2016\/06\/Vincentian-Network-logo-big.png?fit=778%2C778\",\"contentUrl\":\"https:\/\/i1.wp.com\/vincentians.com\/es\/wp-content\/uploads\/sites\/11\/2016\/06\/Vincentian-Network-logo-big.png?fit=778%2C778\",\"width\":778,\"height\":778,\"caption\":\"The Vincentian Network\"},\"image\":{\"@id\":\"http:\/\/vincentians.com\/es\/#\/schema\/logo\/image\/\"},\"sameAs\":[\"https:\/\/www.facebook.com\/WeAreVincentians\/\",\"https:\/\/x.com\/WeVincentians\"]},{\"@type\":\"Person\",\"@id\":\"http:\/\/vincentians.com\/es\/#\/schema\/person\/9623ef4d9aa3b2dfb8c061f1499288f2\",\"name\":\"Francisco Javier Fern\u00e1ndez Chento\",\"image\":{\"@type\":\"ImageObject\",\"inLanguage\":\"es\",\"@id\":\"http:\/\/vincentians.com\/es\/#\/schema\/person\/image\/\",\"url\":\"https:\/\/secure.gravatar.com\/avatar\/497d5cde87b4c3d097d0315953521681ba2cd523ee66e5077c3711f7021e65de?s=96&d=mm&r=g\",\"contentUrl\":\"https:\/\/secure.gravatar.com\/avatar\/497d5cde87b4c3d097d0315953521681ba2cd523ee66e5077c3711f7021e65de?s=96&d=mm&r=g\",\"caption\":\"Francisco Javier Fern\u00e1ndez Chento\"},\"description\":\"Director General y cofundador de La Red de Formaci\u00f3n Vicenciana. Javier es laico vicenciano, afiliado a la Congregaci\u00f3n de la Misi\u00f3n y miembro del Equipo de Misiones Populares de la provincia can\u00f3nica de Zaragoza (Espa\u00f1a) de la Congregaci\u00f3n de la Misi\u00f3n. Graduado en la Universidad Oberta de Catalunya con cuatro grados (Asistente de direcci\u00f3n, Gesti\u00f3n Administrativa, Recursos Humanos y Contabilidad Avanzada). Bil\u00edng\u00fce Espa\u00f1ol\/Ingl\u00e9s. gestiona y mantiene varias p\u00e1ginas web cristianas y vicencianas, incluida including La Red de Formaci\u00f3n Vicenciana, de la que es cofundador. Actualmente es responsable del \u00e1rea de Espa\u00f1ol de .famvin, la Red de Noticias de la Familia Vicenciana. Tambi\u00e9n es m\u00fasico cat\u00f3lico y ha editado varios discos. Es Director General y cofundador de Trovador, una reconocida compa\u00f1\u00eda discogr\u00e1fica critiana de Espa\u00f1a. Trabaja en las Tecnolog\u00edas de la Informaci\u00f3n, ofreciendo servicios de alojamiento, dise\u00f1o y mantenimiento Web, as\u00ed como asesoramiento, formaci\u00f3n y soluciones inform\u00e1ticas, gesti\u00f3n documental y digitalizaci\u00f3n de textos, edici\u00f3n y maquetaci\u00f3n de libros, revistas, flyers, etc.\",\"sameAs\":[\"http:\/\/chento.org\",\"https:\/\/www.facebook.com\/JavierChento\",\"https:\/\/x.com\/https:\/\/twitter.com\/javierchento\"],\"url\":\"http:\/\/vincentians.com\/es\/author\/chento\/\"}]}<\/script>\n<!-- \/ Yoast SEO plugin. -->","yoast_head_json":{"title":"Carta del Papa Juan Pablo II al P. Gregory Gay, con ocasi\u00f3n de su elecci\u00f3n como Superior General - Somos Vicencianos","robots":{"index":"index","follow":"follow","max-snippet":"max-snippet:-1","max-image-preview":"max-image-preview:large","max-video-preview":"max-video-preview:-1"},"canonical":"http:\/\/vincentians.com\/es\/carta-del-papa-juan-pablo-ii-al-p-gregory-gay-con-ocasion-de-su-eleccion-como-superior-general\/","og_locale":"es_ES","og_type":"article","og_title":"Carta del Papa Juan Pablo II al P. Gregory Gay, con ocasi\u00f3n de su elecci\u00f3n como Superior General - Somos Vicencianos","og_description":"Al muy Reverendo P. Gregorio Gay, Superior General de la Congregaci\u00f3n de la Misi\u00f3n Con gran afecto en el Se\u00f1or, le felicito por su reciente elecci\u00f3n y le pido que transmita mis saludos a todos ... Read More","og_url":"http:\/\/vincentians.com\/es\/carta-del-papa-juan-pablo-ii-al-p-gregory-gay-con-ocasion-de-su-eleccion-como-superior-general\/","og_site_name":"Somos Vicencianos","article_publisher":"https:\/\/www.facebook.com\/WeAreVincentians\/","article_author":"https:\/\/www.facebook.com\/JavierChento","article_published_time":"2011-05-01T11:05:50+00:00","article_modified_time":"2016-07-26T07:44:51+00:00","author":"Francisco Javier Fern\u00e1ndez Chento","twitter_card":"summary_large_image","twitter_creator":"@https:\/\/twitter.com\/javierchento","twitter_site":"@WeVincentians","twitter_misc":{"Escrito por":"Francisco Javier Fern\u00e1ndez Chento","Tiempo de lectura":"4 minutos"},"schema":{"@context":"https:\/\/schema.org","@graph":[{"@type":"Article","@id":"http:\/\/vincentians.com\/es\/carta-del-papa-juan-pablo-ii-al-p-gregory-gay-con-ocasion-de-su-eleccion-como-superior-general\/#article","isPartOf":{"@id":"http:\/\/vincentians.com\/es\/carta-del-papa-juan-pablo-ii-al-p-gregory-gay-con-ocasion-de-su-eleccion-como-superior-general\/"},"author":{"name":"Francisco Javier Fern\u00e1ndez Chento","@id":"http:\/\/vincentians.com\/es\/#\/schema\/person\/9623ef4d9aa3b2dfb8c061f1499288f2"},"headline":"Carta del Papa Juan Pablo II al P. Gregory Gay, con ocasi\u00f3n de su elecci\u00f3n como Superior General","datePublished":"2011-05-01T11:05:50+00:00","dateModified":"2016-07-26T07:44:51+00:00","mainEntityOfPage":{"@id":"http:\/\/vincentians.com\/es\/carta-del-papa-juan-pablo-ii-al-p-gregory-gay-con-ocasion-de-su-eleccion-como-superior-general\/"},"wordCount":771,"commentCount":0,"publisher":{"@id":"http:\/\/vincentians.com\/es\/#organization"},"image":{"@id":"http:\/\/vincentians.com\/es\/carta-del-papa-juan-pablo-ii-al-p-gregory-gay-con-ocasion-de-su-eleccion-como-superior-general\/#primaryimage"},"thumbnailUrl":"","articleSection":["Congregaci\u00f3n de la Misi\u00f3n"],"inLanguage":"es","potentialAction":[{"@type":"CommentAction","name":"Comment","target":["http:\/\/vincentians.com\/es\/carta-del-papa-juan-pablo-ii-al-p-gregory-gay-con-ocasion-de-su-eleccion-como-superior-general\/#respond"]}]},{"@type":"WebPage","@id":"http:\/\/vincentians.com\/es\/carta-del-papa-juan-pablo-ii-al-p-gregory-gay-con-ocasion-de-su-eleccion-como-superior-general\/","url":"http:\/\/vincentians.com\/es\/carta-del-papa-juan-pablo-ii-al-p-gregory-gay-con-ocasion-de-su-eleccion-como-superior-general\/","name":"Carta del Papa Juan Pablo II al P. Gregory Gay, con ocasi\u00f3n de su elecci\u00f3n como Superior General - Somos Vicencianos","isPartOf":{"@id":"http:\/\/vincentians.com\/es\/#website"},"primaryImageOfPage":{"@id":"http:\/\/vincentians.com\/es\/carta-del-papa-juan-pablo-ii-al-p-gregory-gay-con-ocasion-de-su-eleccion-como-superior-general\/#primaryimage"},"image":{"@id":"http:\/\/vincentians.com\/es\/carta-del-papa-juan-pablo-ii-al-p-gregory-gay-con-ocasion-de-su-eleccion-como-superior-general\/#primaryimage"},"thumbnailUrl":"","datePublished":"2011-05-01T11:05:50+00:00","dateModified":"2016-07-26T07:44:51+00:00","breadcrumb":{"@id":"http:\/\/vincentians.com\/es\/carta-del-papa-juan-pablo-ii-al-p-gregory-gay-con-ocasion-de-su-eleccion-como-superior-general\/#breadcrumb"},"inLanguage":"es","potentialAction":[{"@type":"ReadAction","target":["http:\/\/vincentians.com\/es\/carta-del-papa-juan-pablo-ii-al-p-gregory-gay-con-ocasion-de-su-eleccion-como-superior-general\/"]}]},{"@type":"ImageObject","inLanguage":"es","@id":"http:\/\/vincentians.com\/es\/carta-del-papa-juan-pablo-ii-al-p-gregory-gay-con-ocasion-de-su-eleccion-como-superior-general\/#primaryimage","url":"","contentUrl":""},{"@type":"BreadcrumbList","@id":"http:\/\/vincentians.com\/es\/carta-del-papa-juan-pablo-ii-al-p-gregory-gay-con-ocasion-de-su-eleccion-como-superior-general\/#breadcrumb","itemListElement":[{"@type":"ListItem","position":1,"name":"Portada","item":"http:\/\/vincentians.com\/es\/"},{"@type":"ListItem","position":2,"name":"Carta del Papa Juan Pablo II al P. Gregory Gay, con ocasi\u00f3n de su elecci\u00f3n como Superior General"}]},{"@type":"WebSite","@id":"http:\/\/vincentians.com\/es\/#website","url":"http:\/\/vincentians.com\/es\/","name":"Somos Vicencianos","description":"Know more to serve more","publisher":{"@id":"http:\/\/vincentians.com\/es\/#organization"},"potentialAction":[{"@type":"SearchAction","target":{"@type":"EntryPoint","urlTemplate":"http:\/\/vincentians.com\/es\/?s={search_term_string}"},"query-input":{"@type":"PropertyValueSpecification","valueRequired":true,"valueName":"search_term_string"}}],"inLanguage":"es"},{"@type":"Organization","@id":"http:\/\/vincentians.com\/es\/#organization","name":"The Vincentian Network","url":"http:\/\/vincentians.com\/es\/","logo":{"@type":"ImageObject","inLanguage":"es","@id":"http:\/\/vincentians.com\/es\/#\/schema\/logo\/image\/","url":"https:\/\/i1.wp.com\/vincentians.com\/es\/wp-content\/uploads\/sites\/11\/2016\/06\/Vincentian-Network-logo-big.png?fit=778%2C778","contentUrl":"https:\/\/i1.wp.com\/vincentians.com\/es\/wp-content\/uploads\/sites\/11\/2016\/06\/Vincentian-Network-logo-big.png?fit=778%2C778","width":778,"height":778,"caption":"The Vincentian Network"},"image":{"@id":"http:\/\/vincentians.com\/es\/#\/schema\/logo\/image\/"},"sameAs":["https:\/\/www.facebook.com\/WeAreVincentians\/","https:\/\/x.com\/WeVincentians"]},{"@type":"Person","@id":"http:\/\/vincentians.com\/es\/#\/schema\/person\/9623ef4d9aa3b2dfb8c061f1499288f2","name":"Francisco Javier Fern\u00e1ndez Chento","image":{"@type":"ImageObject","inLanguage":"es","@id":"http:\/\/vincentians.com\/es\/#\/schema\/person\/image\/","url":"https:\/\/secure.gravatar.com\/avatar\/497d5cde87b4c3d097d0315953521681ba2cd523ee66e5077c3711f7021e65de?s=96&d=mm&r=g","contentUrl":"https:\/\/secure.gravatar.com\/avatar\/497d5cde87b4c3d097d0315953521681ba2cd523ee66e5077c3711f7021e65de?s=96&d=mm&r=g","caption":"Francisco Javier Fern\u00e1ndez Chento"},"description":"Director General y cofundador de La Red de Formaci\u00f3n Vicenciana. Javier es laico vicenciano, afiliado a la Congregaci\u00f3n de la Misi\u00f3n y miembro del Equipo de Misiones Populares de la provincia can\u00f3nica de Zaragoza (Espa\u00f1a) de la Congregaci\u00f3n de la Misi\u00f3n. Graduado en la Universidad Oberta de Catalunya con cuatro grados (Asistente de direcci\u00f3n, Gesti\u00f3n Administrativa, Recursos Humanos y Contabilidad Avanzada). Bil\u00edng\u00fce Espa\u00f1ol\/Ingl\u00e9s. gestiona y mantiene varias p\u00e1ginas web cristianas y vicencianas, incluida including La Red de Formaci\u00f3n Vicenciana, de la que es cofundador. Actualmente es responsable del \u00e1rea de Espa\u00f1ol de .famvin, la Red de Noticias de la Familia Vicenciana. Tambi\u00e9n es m\u00fasico cat\u00f3lico y ha editado varios discos. Es Director General y cofundador de Trovador, una reconocida compa\u00f1\u00eda discogr\u00e1fica critiana de Espa\u00f1a. Trabaja en las Tecnolog\u00edas de la Informaci\u00f3n, ofreciendo servicios de alojamiento, dise\u00f1o y mantenimiento Web, as\u00ed como asesoramiento, formaci\u00f3n y soluciones inform\u00e1ticas, gesti\u00f3n documental y digitalizaci\u00f3n de textos, edici\u00f3n y maquetaci\u00f3n de libros, revistas, flyers, etc.","sameAs":["http:\/\/chento.org","https:\/\/www.facebook.com\/JavierChento","https:\/\/x.com\/https:\/\/twitter.com\/javierchento"],"url":"http:\/\/vincentians.com\/es\/author\/chento\/"}]}},"jetpack_publicize_connections":[],"jetpack_featured_media_url":"","jetpack_sharing_enabled":true,"jetpack_shortlink":"https:\/\/wp.me\/p7ETMF-9CO","jetpack-related-posts":[{"id":140032,"url":"http:\/\/vincentians.com\/es\/las-asambleas-generales-en-la-congregacion-de-la-mision-historia-y-resultados\/","url_meta":{"origin":37002,"position":0},"title":"Las Asambleas Generales en la Congregaci\u00f3n de la Misi\u00f3n: Historia y Resultados","author":"Mitxel Olabu\u00e9naga","date":"20\/02\/2015","format":false,"excerpt":"Introducci\u00f3n La autoridad suprema en la Congregaci\u00f3n, su asamblea general, ha sido crucial para su desarrollo y direcci\u00f3n. En su casi cuatro siglos de existencia, la Congregaci\u00f3n ha celebrado cuarenta y uno de estos encuentros, el primero fue en 1661. Vicente mismo, sin embargo, celebr\u00f3 asambleas preliminares en 1642 y\u2026","rel":"","context":"En \u00abHistoria de la Congregaci\u00f3n de la Misi\u00f3n\u00bb","block_context":{"text":"Historia de la Congregaci\u00f3n de la Misi\u00f3n","link":"http:\/\/vincentians.com\/es\/category\/historia-de-la-familia-vicenciana\/historia-de-la-congregacion-de-la-mision\/"},"img":{"alt_text":"logocm","src":"https:\/\/i0.wp.com\/vicencianos.org\/wp-content\/2011\/12\/logocm-245x300.png?resize=350%2C200","width":350,"height":200},"classes":[]},{"id":114121,"url":"http:\/\/vincentians.com\/es\/estatutos-del-centro-internacional-de-formacion-san-vicente-de-paul-cif\/","url_meta":{"origin":37002,"position":1},"title":"Estatutos del Centro Internacional de Formaci\u00f3n San Vicente de Pa\u00fal (CIF)","author":"Francisco Javier Fern\u00e1ndez Chento","date":"26\/10\/2012","format":false,"excerpt":"1. Identidad El Centro Internacional de Formaci\u00f3n San Vicente de Pa\u00fal (CIF) es una obra establecida por el Superior General de la Congregaci\u00f3n de la Misi\u00f3n con su consejo para ofrecer programas de formaci\u00f3n vicenciana. Los programas se dirigen en primer lugar a los miembros de la Congregaci\u00f3n de la\u2026","rel":"","context":"En \u00abDocumentos de otras Ramas e Instituciones vicencianas\u00bb","block_context":{"text":"Documentos de otras Ramas e Instituciones vicencianas","link":"http:\/\/vincentians.com\/es\/category\/formacion-vicenciana\/documentos-oficiales-de-la-familia-vicenciana\/documentos-de-otras-ramas-e-instituciones-vicencianas\/"},"img":{"alt_text":"","src":"","width":0,"height":0},"classes":[]},{"id":109351,"url":"http:\/\/vincentians.com\/es\/origenes-italianos-de-la-consagracion-de-la-mision-en-espana\/","url_meta":{"origin":37002,"position":2},"title":"Or\u00edgenes italianos de la Congregaci\u00f3n de la Misi\u00f3n en Espa\u00f1a","author":"Mitxel Olabu\u00e9naga","date":"10\/06\/2021","format":false,"excerpt":"En una PRIMERA PARTE del presente estudio es nuestro deber se\u00f1alar con toda claridad las diversas etapas que integran el primer per\u00edodo de la historia vicenciana de Espa\u00f1a, el per\u00edodo de la fundaci\u00f3n y de sus primeros setenta a\u00f1os, en que dependi\u00f3 del tronco vicenciano italiano, del cual proced\u00eda. ETAPA\u2026","rel":"","context":"En \u00abHistoria de la Congregaci\u00f3n de la Misi\u00f3n\u00bb","block_context":{"text":"Historia de la Congregaci\u00f3n de la Misi\u00f3n","link":"http:\/\/vincentians.com\/es\/category\/historia-de-la-familia-vicenciana\/historia-de-la-congregacion-de-la-mision\/"},"img":{"alt_text":"","src":"https:\/\/i0.wp.com\/vincentians.com\/es\/wp-content\/uploads\/sites\/11\/2016\/09\/espiritu-de-jesus.jpg?fit=1200%2C630&resize=350%2C200","width":350,"height":200,"srcset":"https:\/\/i0.wp.com\/vincentians.com\/es\/wp-content\/uploads\/sites\/11\/2016\/09\/espiritu-de-jesus.jpg?fit=1200%2C630&resize=350%2C200 1x, https:\/\/i0.wp.com\/vincentians.com\/es\/wp-content\/uploads\/sites\/11\/2016\/09\/espiritu-de-jesus.jpg?fit=1200%2C630&resize=525%2C300 1.5x, https:\/\/i0.wp.com\/vincentians.com\/es\/wp-content\/uploads\/sites\/11\/2016\/09\/espiritu-de-jesus.jpg?fit=1200%2C630&resize=700%2C400 2x, https:\/\/i0.wp.com\/vincentians.com\/es\/wp-content\/uploads\/sites\/11\/2016\/09\/espiritu-de-jesus.jpg?fit=1200%2C630&resize=1050%2C600 3x"},"classes":[]},{"id":140030,"url":"http:\/\/vincentians.com\/es\/multiculturalismo-solidaridad-y-colaboracion\/","url_meta":{"origin":37002,"position":3},"title":"Multiculturalismo, Solidaridad, y Colaboraci\u00f3n","author":"Francisco Javier Fern\u00e1ndez Chento","date":"22\/02\/2015","format":false,"excerpt":"I. Introducci\u00f3n \u201cDej\u00e9monos renovar por la vitalidad misionera de nuestra vocaci\u00f3n Vicenciana\u201d (Lema de la AG 2016. Cf Marzo 25, 2014 Carta de la Comisi\u00f3n Preparatoria a los Visitadores) Los temas relevantes de la AG 2016 no son f\u00e1ciles de explorar. Hablan de una cuesti\u00f3n importante para nosotros como Misioneros\u2026","rel":"","context":"En \u00abEspiritualidad vicenciana\u00bb","block_context":{"text":"Espiritualidad vicenciana","link":"http:\/\/vincentians.com\/es\/category\/espiritualidad\/espiritualidad-vicenciana\/"},"img":{"alt_text":"multiculturalismo","src":"https:\/\/i0.wp.com\/vicencianos.org\/wp-content\/2015\/02\/multiculturalismo-300x201.jpg?resize=350%2C200","width":350,"height":200},"classes":[]},{"id":386896,"url":"http:\/\/vincentians.com\/es\/saludo-del-superior-general-en-la-fiesta-de-la-congregacion-de-la-mision\/","url_meta":{"origin":37002,"position":4},"title":"Saludo del Superior General, en la fiesta de la Congregaci\u00f3n de la Misi\u00f3n","author":"Francisco Javier Fern\u00e1ndez Chento","date":"25\/01\/2016","format":"video","excerpt":"https:\/\/www.youtube.com\/watch?v=Kq5xTyJ7wPc \u00a0 Mis queridos hermanos de la Congregaci\u00f3n de la Misi\u00f3n: Con mucha alegr\u00eda tengo la oportunidad de felicitarles, en este d\u00eda en el que celebramos el aniversario de nuestra fundaci\u00f3n, en la fiesta de la conversi\u00f3n de san Pablo, un d\u00eda que marc\u00f3 la vida de san Vicente de\u2026","rel":"","context":"En \u00abCongregaci\u00f3n de la Misi\u00f3n\u00bb","block_context":{"text":"Congregaci\u00f3n de la Misi\u00f3n","link":"http:\/\/vincentians.com\/es\/category\/la-familia-vicenciana\/ramas\/congregacion-de-la-mision\/"},"img":{"alt_text":"","src":"https:\/\/i0.wp.com\/img.youtube.com\/vi\/Kq5xTyJ7wPc\/0.jpg?resize=350%2C200","width":350,"height":200},"classes":[]},{"id":398637,"url":"http:\/\/vincentians.com\/es\/aportacion-del-carisma-vicenciano-la-mision-la-iglesia-1\/","url_meta":{"origin":37002,"position":5},"title":"Aportaci\u00f3n del carisma vicenciano a la Misi\u00f3n de la Iglesia (1)","author":"Francisco Javier Fern\u00e1ndez Chento","date":"04\/08\/2016","format":false,"excerpt":"Introducci\u00f3n: Al reflexionar sobre la aportaci\u00f3n del carisma vicenciano a la Misi\u00f3n de la Iglesia, me parece necesario formular previamente algunas precisiones. 1.- Cuando hablamos de carisma vicenciano, nos referimos al don del Esp\u00edritu suscitado por Dios en su Iglesia en las personas de Vicente de Pa\u00fal y de Luisa\u2026","rel":"","context":"En \u00abFormaci\u00f3n Vicenciana\u00bb","block_context":{"text":"Formaci\u00f3n Vicenciana","link":"http:\/\/vincentians.com\/es\/category\/formacion-vicenciana\/"},"img":{"alt_text":"","src":"https:\/\/i0.wp.com\/vincentians.com\/es\/wp-content\/uploads\/sites\/11\/2016\/06\/contributions-charism.jpg?fit=1200%2C630&resize=350%2C200","width":350,"height":200,"srcset":"https:\/\/i0.wp.com\/vincentians.com\/es\/wp-content\/uploads\/sites\/11\/2016\/06\/contributions-charism.jpg?fit=1200%2C630&resize=350%2C200 1x, https:\/\/i0.wp.com\/vincentians.com\/es\/wp-content\/uploads\/sites\/11\/2016\/06\/contributions-charism.jpg?fit=1200%2C630&resize=525%2C300 1.5x, https:\/\/i0.wp.com\/vincentians.com\/es\/wp-content\/uploads\/sites\/11\/2016\/06\/contributions-charism.jpg?fit=1200%2C630&resize=700%2C400 2x, https:\/\/i0.wp.com\/vincentians.com\/es\/wp-content\/uploads\/sites\/11\/2016\/06\/contributions-charism.jpg?fit=1200%2C630&resize=1050%2C600 3x"},"classes":[]}],"_links":{"self":[{"href":"http:\/\/vincentians.com\/es\/wp-json\/wp\/v2\/posts\/37002","targetHints":{"allow":["GET"]}}],"collection":[{"href":"http:\/\/vincentians.com\/es\/wp-json\/wp\/v2\/posts"}],"about":[{"href":"http:\/\/vincentians.com\/es\/wp-json\/wp\/v2\/types\/post"}],"author":[{"embeddable":true,"href":"http:\/\/vincentians.com\/es\/wp-json\/wp\/v2\/users\/4"}],"replies":[{"embeddable":true,"href":"http:\/\/vincentians.com\/es\/wp-json\/wp\/v2\/comments?post=37002"}],"version-history":[{"count":0,"href":"http:\/\/vincentians.com\/es\/wp-json\/wp\/v2\/posts\/37002\/revisions"}],"wp:featuredmedia":[{"embeddable":true,"href":"http:\/\/vincentians.com\/es\/wp-json\/"}],"wp:attachment":[{"href":"http:\/\/vincentians.com\/es\/wp-json\/wp\/v2\/media?parent=37002"}],"wp:term":[{"taxonomy":"category","embeddable":true,"href":"http:\/\/vincentians.com\/es\/wp-json\/wp\/v2\/categories?post=37002"},{"taxonomy":"post_tag","embeddable":true,"href":"http:\/\/vincentians.com\/es\/wp-json\/wp\/v2\/tags?post=37002"}],"curies":[{"name":"wp","href":"https:\/\/api.w.org\/{rel}","templated":true}]}}