{"id":36962,"date":"2011-05-03T00:50:29","date_gmt":"2011-05-02T22:50:29","guid":{"rendered":"http:\/\/somos.vicencianos.org\/blog\/2011\/05\/luisa-de-marillac-carta-0283-a-sor-juliana-loret\/"},"modified":"2016-07-26T11:07:51","modified_gmt":"2016-07-26T09:07:51","slug":"luisa-de-marillac-carta-0283-a-sor-juliana-loret","status":"publish","type":"post","link":"http:\/\/vincentians.com\/es\/luisa-de-marillac-carta-0283-a-sor-juliana-loret\/","title":{"rendered":"Luisa de Marillac, Carta 0283: A Sor Juliana Loret"},"content":{"rendered":"<p>(abril 1649)<span id='easy-footnote-1-36962' class='easy-footnote-margin-adjust'><\/span><span class='easy-footnote'><a href='http:\/\/vincentians.com\/es\/luisa-de-marillac-carta-0283-a-sor-juliana-loret\/#easy-footnote-bottom-1-36962' title='Carta sin direcci\u00f3n. Desde Par\u00eds (ver cartas anteriores), Luisa de  Marillac debe dirigirse a Sor Juliana Loret, que est\u00e1 en la Casa  Madre.'><sup>1<\/sup><\/a><\/span>\n<p>Querida hermana:<\/p>\n<p>Tiene usted raz\u00f3n en quejarse de que no le he escrito; deseaba hacerlo, pero no me ha dado tiempo, y adem\u00e1s, pensaba regresar de un momento a otro con mis queridas Hermanas, como a menudo lo deseo, pero tenemos que esperar lo disponga as\u00ed la voluntad de Dios.<\/p>\n<p>Pienso har\u00e1 usted bien, querida hermana, en esperar nuestro regreso para reponer a Sor Luisa<span id='easy-footnote-2-36962' class='easy-footnote-margin-adjust'><\/span><span class='easy-footnote'><a href='http:\/\/vincentians.com\/es\/luisa-de-marillac-carta-0283-a-sor-juliana-loret\/#easy-footnote-bottom-2-36962' title='Luisa Cristina Rideau (ver C. 160, n. 7).'><sup>2<\/sup><\/a><\/span> en sus oficios, ya que no lo ha hecho; me dicen que se encuentra mal y la encomiendo a sus cuidados.<\/p>\n<p>Si ve usted que pasa trigo o harina a buen precio, puede comprarlo, pero si es tan caro, creo que vale m\u00e1s esperar. No s\u00e9 si Sor Francisca<span id='easy-footnote-3-36962' class='easy-footnote-margin-adjust'><\/span><span class='easy-footnote'><a href='http:\/\/vincentians.com\/es\/luisa-de-marillac-carta-0283-a-sor-juliana-loret\/#easy-footnote-bottom-3-36962' title='Francisca Fanchon (ver C. 653, n. 1).'><sup>3<\/sup><\/a><\/span> se habr\u00e1 acordado de decirle que hab\u00eda que mandar la vaca, aunque nos costar\u00e1 un poco de dinero, para no dejar que se le pase el tiempo.<\/p>\n<p>Ruego a las Hermanas jardineras que trabajen bien por conseguir un hermoso huerto, aprovechando que nuestro Dios nos da buen tiempo; les recomiendo de manera especial la achicoria. Aqu\u00ed tienen unas pocas habas muy hermosas, para que conservemos el recuerdo de la guerra recogiendo esta clase tan buena. Le ruego diga a Sor Francisca que creo hay que poner la esencia de canela al sol, como las dem\u00e1s aguas destiladas.<\/p>\n<p>Le suplico, querida hermana, que se siga rezando mucho por la paz y que nuestras hermanas den gracias a Dios por habernos conservado al se\u00f1or Vicente. Buenas noches, queridas hermanas, soy toda suya en el amor de Jes\u00fas Crucificado.<\/p>\n","protected":false},"excerpt":{"rendered":"<p>(abril 1649) Querida hermana: Tiene usted raz\u00f3n en quejarse de que no le he escrito; deseaba hacerlo, pero no me ha dado tiempo, y adem\u00e1s, pensaba regresar de un momento a otro con mis queridas &#8230; <a href=\"http:\/\/vincentians.com\/es\/luisa-de-marillac-carta-0283-a-sor-juliana-loret\/\" class=\"more-link\">Read More<\/a><\/p>\n","protected":false},"author":4,"featured_media":393751,"comment_status":"open","ping_status":"open","sticky":false,"template":"","format":"standard","meta":{"jetpack_post_was_ever_published":false,"_jetpack_newsletter_access":"","_jetpack_dont_email_post_to_subs":false,"_jetpack_newsletter_tier_id":0,"_jetpack_memberships_contains_paywalled_content":false,"_jetpack_memberships_contains_paid_content":false,"footnotes":"","jetpack_publicize_message":"","jetpack_publicize_feature_enabled":true,"jetpack_social_post_already_shared":true,"jetpack_social_options":{"image_generator_settings":{"template":"highway","default_image_id":0,"font":"","enabled":false},"version":2}},"categories":[67],"tags":[163,143],"class_list":["post-36962","post","type-post","status-publish","format-standard","has-post-thumbnail","hentry","category-escritos-de-luisa-de-marillac","tag-bons-enfants","tag-san-lazaro"],"yoast_head":"<!-- This site is optimized with the Yoast SEO plugin v26.3 - https:\/\/yoast.com\/wordpress\/plugins\/seo\/ -->\n<title>Luisa de Marillac, Carta 0283: A Sor Juliana Loret - Somos Vicencianos<\/title>\n<meta name=\"robots\" content=\"index, follow, max-snippet:-1, max-image-preview:large, max-video-preview:-1\" \/>\n<link rel=\"canonical\" href=\"http:\/\/vincentians.com\/es\/luisa-de-marillac-carta-0283-a-sor-juliana-loret\/\" \/>\n<meta property=\"og:locale\" content=\"es_ES\" \/>\n<meta property=\"og:type\" content=\"article\" \/>\n<meta property=\"og:title\" content=\"Luisa de Marillac, Carta 0283: A Sor Juliana Loret - Somos Vicencianos\" \/>\n<meta property=\"og:description\" content=\"(abril 1649) Querida hermana: Tiene usted raz\u00f3n en quejarse de que no le he escrito; deseaba hacerlo, pero no me ha dado tiempo, y adem\u00e1s, pensaba regresar de un momento a otro con mis queridas ... Read More\" \/>\n<meta property=\"og:url\" content=\"http:\/\/vincentians.com\/es\/luisa-de-marillac-carta-0283-a-sor-juliana-loret\/\" \/>\n<meta property=\"og:site_name\" content=\"Somos Vicencianos\" \/>\n<meta property=\"article:publisher\" content=\"https:\/\/www.facebook.com\/WeAreVincentians\/\" \/>\n<meta property=\"article:author\" content=\"https:\/\/www.facebook.com\/JavierChento\" \/>\n<meta property=\"article:published_time\" content=\"2011-05-02T22:50:29+00:00\" \/>\n<meta property=\"article:modified_time\" content=\"2016-07-26T09:07:51+00:00\" \/>\n<meta property=\"og:image\" content=\"https:\/\/i0.wp.com\/vincentians.com\/es\/wp-content\/uploads\/sites\/11\/2016\/07\/escritos-luisa-de-marillac.jpg?fit=1200%2C630\" \/>\n\t<meta property=\"og:image:width\" content=\"1200\" \/>\n\t<meta property=\"og:image:height\" content=\"630\" \/>\n\t<meta property=\"og:image:type\" content=\"image\/jpeg\" \/>\n<meta name=\"author\" content=\"Francisco Javier Fern\u00e1ndez Chento\" \/>\n<meta name=\"twitter:card\" content=\"summary_large_image\" \/>\n<meta name=\"twitter:creator\" content=\"@https:\/\/twitter.com\/javierchento\" \/>\n<meta name=\"twitter:site\" content=\"@WeVincentians\" \/>\n<meta name=\"twitter:label1\" content=\"Escrito por\" \/>\n\t<meta name=\"twitter:data1\" content=\"Francisco Javier Fern\u00e1ndez Chento\" \/>\n\t<meta name=\"twitter:label2\" content=\"Tiempo de lectura\" \/>\n\t<meta name=\"twitter:data2\" content=\"2 minutos\" \/>\n<script type=\"application\/ld+json\" class=\"yoast-schema-graph\">{\"@context\":\"https:\/\/schema.org\",\"@graph\":[{\"@type\":\"Article\",\"@id\":\"http:\/\/vincentians.com\/es\/luisa-de-marillac-carta-0283-a-sor-juliana-loret\/#article\",\"isPartOf\":{\"@id\":\"http:\/\/vincentians.com\/es\/luisa-de-marillac-carta-0283-a-sor-juliana-loret\/\"},\"author\":{\"name\":\"Francisco Javier Fern\u00e1ndez Chento\",\"@id\":\"http:\/\/vincentians.com\/es\/#\/schema\/person\/9623ef4d9aa3b2dfb8c061f1499288f2\"},\"headline\":\"Luisa de Marillac, Carta 0283: A Sor Juliana Loret\",\"datePublished\":\"2011-05-02T22:50:29+00:00\",\"dateModified\":\"2016-07-26T09:07:51+00:00\",\"mainEntityOfPage\":{\"@id\":\"http:\/\/vincentians.com\/es\/luisa-de-marillac-carta-0283-a-sor-juliana-loret\/\"},\"wordCount\":308,\"commentCount\":0,\"publisher\":{\"@id\":\"http:\/\/vincentians.com\/es\/#organization\"},\"image\":{\"@id\":\"http:\/\/vincentians.com\/es\/luisa-de-marillac-carta-0283-a-sor-juliana-loret\/#primaryimage\"},\"thumbnailUrl\":\"https:\/\/i0.wp.com\/vincentians.com\/es\/wp-content\/uploads\/sites\/11\/2016\/07\/escritos-luisa-de-marillac.jpg?fit=1200%2C630\",\"keywords\":[\"Bons Enfants\",\"San L\u00e1zaro\"],\"articleSection\":[\"Escritos de Luisa de Marillac\"],\"inLanguage\":\"es\",\"potentialAction\":[{\"@type\":\"CommentAction\",\"name\":\"Comment\",\"target\":[\"http:\/\/vincentians.com\/es\/luisa-de-marillac-carta-0283-a-sor-juliana-loret\/#respond\"]}]},{\"@type\":\"WebPage\",\"@id\":\"http:\/\/vincentians.com\/es\/luisa-de-marillac-carta-0283-a-sor-juliana-loret\/\",\"url\":\"http:\/\/vincentians.com\/es\/luisa-de-marillac-carta-0283-a-sor-juliana-loret\/\",\"name\":\"Luisa de Marillac, Carta 0283: A Sor Juliana Loret - Somos Vicencianos\",\"isPartOf\":{\"@id\":\"http:\/\/vincentians.com\/es\/#website\"},\"primaryImageOfPage\":{\"@id\":\"http:\/\/vincentians.com\/es\/luisa-de-marillac-carta-0283-a-sor-juliana-loret\/#primaryimage\"},\"image\":{\"@id\":\"http:\/\/vincentians.com\/es\/luisa-de-marillac-carta-0283-a-sor-juliana-loret\/#primaryimage\"},\"thumbnailUrl\":\"https:\/\/i0.wp.com\/vincentians.com\/es\/wp-content\/uploads\/sites\/11\/2016\/07\/escritos-luisa-de-marillac.jpg?fit=1200%2C630\",\"datePublished\":\"2011-05-02T22:50:29+00:00\",\"dateModified\":\"2016-07-26T09:07:51+00:00\",\"breadcrumb\":{\"@id\":\"http:\/\/vincentians.com\/es\/luisa-de-marillac-carta-0283-a-sor-juliana-loret\/#breadcrumb\"},\"inLanguage\":\"es\",\"potentialAction\":[{\"@type\":\"ReadAction\",\"target\":[\"http:\/\/vincentians.com\/es\/luisa-de-marillac-carta-0283-a-sor-juliana-loret\/\"]}]},{\"@type\":\"ImageObject\",\"inLanguage\":\"es\",\"@id\":\"http:\/\/vincentians.com\/es\/luisa-de-marillac-carta-0283-a-sor-juliana-loret\/#primaryimage\",\"url\":\"https:\/\/i0.wp.com\/vincentians.com\/es\/wp-content\/uploads\/sites\/11\/2016\/07\/escritos-luisa-de-marillac.jpg?fit=1200%2C630\",\"contentUrl\":\"https:\/\/i0.wp.com\/vincentians.com\/es\/wp-content\/uploads\/sites\/11\/2016\/07\/escritos-luisa-de-marillac.jpg?fit=1200%2C630\",\"width\":1200,\"height\":630},{\"@type\":\"BreadcrumbList\",\"@id\":\"http:\/\/vincentians.com\/es\/luisa-de-marillac-carta-0283-a-sor-juliana-loret\/#breadcrumb\",\"itemListElement\":[{\"@type\":\"ListItem\",\"position\":1,\"name\":\"Portada\",\"item\":\"http:\/\/vincentians.com\/es\/\"},{\"@type\":\"ListItem\",\"position\":2,\"name\":\"Luisa de Marillac, Carta 0283: A Sor Juliana Loret\"}]},{\"@type\":\"WebSite\",\"@id\":\"http:\/\/vincentians.com\/es\/#website\",\"url\":\"http:\/\/vincentians.com\/es\/\",\"name\":\"Somos Vicencianos\",\"description\":\"Know more to serve more\",\"publisher\":{\"@id\":\"http:\/\/vincentians.com\/es\/#organization\"},\"potentialAction\":[{\"@type\":\"SearchAction\",\"target\":{\"@type\":\"EntryPoint\",\"urlTemplate\":\"http:\/\/vincentians.com\/es\/?s={search_term_string}\"},\"query-input\":{\"@type\":\"PropertyValueSpecification\",\"valueRequired\":true,\"valueName\":\"search_term_string\"}}],\"inLanguage\":\"es\"},{\"@type\":\"Organization\",\"@id\":\"http:\/\/vincentians.com\/es\/#organization\",\"name\":\"The Vincentian Network\",\"url\":\"http:\/\/vincentians.com\/es\/\",\"logo\":{\"@type\":\"ImageObject\",\"inLanguage\":\"es\",\"@id\":\"http:\/\/vincentians.com\/es\/#\/schema\/logo\/image\/\",\"url\":\"https:\/\/i1.wp.com\/vincentians.com\/es\/wp-content\/uploads\/sites\/11\/2016\/06\/Vincentian-Network-logo-big.png?fit=778%2C778\",\"contentUrl\":\"https:\/\/i1.wp.com\/vincentians.com\/es\/wp-content\/uploads\/sites\/11\/2016\/06\/Vincentian-Network-logo-big.png?fit=778%2C778\",\"width\":778,\"height\":778,\"caption\":\"The Vincentian Network\"},\"image\":{\"@id\":\"http:\/\/vincentians.com\/es\/#\/schema\/logo\/image\/\"},\"sameAs\":[\"https:\/\/www.facebook.com\/WeAreVincentians\/\",\"https:\/\/x.com\/WeVincentians\"]},{\"@type\":\"Person\",\"@id\":\"http:\/\/vincentians.com\/es\/#\/schema\/person\/9623ef4d9aa3b2dfb8c061f1499288f2\",\"name\":\"Francisco Javier Fern\u00e1ndez Chento\",\"image\":{\"@type\":\"ImageObject\",\"inLanguage\":\"es\",\"@id\":\"http:\/\/vincentians.com\/es\/#\/schema\/person\/image\/\",\"url\":\"https:\/\/secure.gravatar.com\/avatar\/497d5cde87b4c3d097d0315953521681ba2cd523ee66e5077c3711f7021e65de?s=96&d=mm&r=g\",\"contentUrl\":\"https:\/\/secure.gravatar.com\/avatar\/497d5cde87b4c3d097d0315953521681ba2cd523ee66e5077c3711f7021e65de?s=96&d=mm&r=g\",\"caption\":\"Francisco Javier Fern\u00e1ndez Chento\"},\"description\":\"Director General y cofundador de La Red de Formaci\u00f3n Vicenciana. Javier es laico vicenciano, afiliado a la Congregaci\u00f3n de la Misi\u00f3n y miembro del Equipo de Misiones Populares de la provincia can\u00f3nica de Zaragoza (Espa\u00f1a) de la Congregaci\u00f3n de la Misi\u00f3n. Graduado en la Universidad Oberta de Catalunya con cuatro grados (Asistente de direcci\u00f3n, Gesti\u00f3n Administrativa, Recursos Humanos y Contabilidad Avanzada). Bil\u00edng\u00fce Espa\u00f1ol\/Ingl\u00e9s. gestiona y mantiene varias p\u00e1ginas web cristianas y vicencianas, incluida including La Red de Formaci\u00f3n Vicenciana, de la que es cofundador. Actualmente es responsable del \u00e1rea de Espa\u00f1ol de .famvin, la Red de Noticias de la Familia Vicenciana. Tambi\u00e9n es m\u00fasico cat\u00f3lico y ha editado varios discos. Es Director General y cofundador de Trovador, una reconocida compa\u00f1\u00eda discogr\u00e1fica critiana de Espa\u00f1a. Trabaja en las Tecnolog\u00edas de la Informaci\u00f3n, ofreciendo servicios de alojamiento, dise\u00f1o y mantenimiento Web, as\u00ed como asesoramiento, formaci\u00f3n y soluciones inform\u00e1ticas, gesti\u00f3n documental y digitalizaci\u00f3n de textos, edici\u00f3n y maquetaci\u00f3n de libros, revistas, flyers, etc.\",\"sameAs\":[\"http:\/\/chento.org\",\"https:\/\/www.facebook.com\/JavierChento\",\"https:\/\/x.com\/https:\/\/twitter.com\/javierchento\"],\"url\":\"http:\/\/vincentians.com\/es\/author\/chento\/\"}]}<\/script>\n<!-- \/ Yoast SEO plugin. -->","yoast_head_json":{"title":"Luisa de Marillac, Carta 0283: A Sor Juliana Loret - Somos Vicencianos","robots":{"index":"index","follow":"follow","max-snippet":"max-snippet:-1","max-image-preview":"max-image-preview:large","max-video-preview":"max-video-preview:-1"},"canonical":"http:\/\/vincentians.com\/es\/luisa-de-marillac-carta-0283-a-sor-juliana-loret\/","og_locale":"es_ES","og_type":"article","og_title":"Luisa de Marillac, Carta 0283: A Sor Juliana Loret - Somos Vicencianos","og_description":"(abril 1649) Querida hermana: Tiene usted raz\u00f3n en quejarse de que no le he escrito; deseaba hacerlo, pero no me ha dado tiempo, y adem\u00e1s, pensaba regresar de un momento a otro con mis queridas ... Read More","og_url":"http:\/\/vincentians.com\/es\/luisa-de-marillac-carta-0283-a-sor-juliana-loret\/","og_site_name":"Somos Vicencianos","article_publisher":"https:\/\/www.facebook.com\/WeAreVincentians\/","article_author":"https:\/\/www.facebook.com\/JavierChento","article_published_time":"2011-05-02T22:50:29+00:00","article_modified_time":"2016-07-26T09:07:51+00:00","og_image":[{"width":1200,"height":630,"url":"https:\/\/i0.wp.com\/vincentians.com\/es\/wp-content\/uploads\/sites\/11\/2016\/07\/escritos-luisa-de-marillac.jpg?fit=1200%2C630","type":"image\/jpeg"}],"author":"Francisco Javier Fern\u00e1ndez Chento","twitter_card":"summary_large_image","twitter_creator":"@https:\/\/twitter.com\/javierchento","twitter_site":"@WeVincentians","twitter_misc":{"Escrito por":"Francisco Javier Fern\u00e1ndez Chento","Tiempo de lectura":"2 minutos"},"schema":{"@context":"https:\/\/schema.org","@graph":[{"@type":"Article","@id":"http:\/\/vincentians.com\/es\/luisa-de-marillac-carta-0283-a-sor-juliana-loret\/#article","isPartOf":{"@id":"http:\/\/vincentians.com\/es\/luisa-de-marillac-carta-0283-a-sor-juliana-loret\/"},"author":{"name":"Francisco Javier Fern\u00e1ndez Chento","@id":"http:\/\/vincentians.com\/es\/#\/schema\/person\/9623ef4d9aa3b2dfb8c061f1499288f2"},"headline":"Luisa de Marillac, Carta 0283: A Sor Juliana Loret","datePublished":"2011-05-02T22:50:29+00:00","dateModified":"2016-07-26T09:07:51+00:00","mainEntityOfPage":{"@id":"http:\/\/vincentians.com\/es\/luisa-de-marillac-carta-0283-a-sor-juliana-loret\/"},"wordCount":308,"commentCount":0,"publisher":{"@id":"http:\/\/vincentians.com\/es\/#organization"},"image":{"@id":"http:\/\/vincentians.com\/es\/luisa-de-marillac-carta-0283-a-sor-juliana-loret\/#primaryimage"},"thumbnailUrl":"https:\/\/i0.wp.com\/vincentians.com\/es\/wp-content\/uploads\/sites\/11\/2016\/07\/escritos-luisa-de-marillac.jpg?fit=1200%2C630","keywords":["Bons Enfants","San L\u00e1zaro"],"articleSection":["Escritos de Luisa de Marillac"],"inLanguage":"es","potentialAction":[{"@type":"CommentAction","name":"Comment","target":["http:\/\/vincentians.com\/es\/luisa-de-marillac-carta-0283-a-sor-juliana-loret\/#respond"]}]},{"@type":"WebPage","@id":"http:\/\/vincentians.com\/es\/luisa-de-marillac-carta-0283-a-sor-juliana-loret\/","url":"http:\/\/vincentians.com\/es\/luisa-de-marillac-carta-0283-a-sor-juliana-loret\/","name":"Luisa de Marillac, Carta 0283: A Sor Juliana Loret - Somos Vicencianos","isPartOf":{"@id":"http:\/\/vincentians.com\/es\/#website"},"primaryImageOfPage":{"@id":"http:\/\/vincentians.com\/es\/luisa-de-marillac-carta-0283-a-sor-juliana-loret\/#primaryimage"},"image":{"@id":"http:\/\/vincentians.com\/es\/luisa-de-marillac-carta-0283-a-sor-juliana-loret\/#primaryimage"},"thumbnailUrl":"https:\/\/i0.wp.com\/vincentians.com\/es\/wp-content\/uploads\/sites\/11\/2016\/07\/escritos-luisa-de-marillac.jpg?fit=1200%2C630","datePublished":"2011-05-02T22:50:29+00:00","dateModified":"2016-07-26T09:07:51+00:00","breadcrumb":{"@id":"http:\/\/vincentians.com\/es\/luisa-de-marillac-carta-0283-a-sor-juliana-loret\/#breadcrumb"},"inLanguage":"es","potentialAction":[{"@type":"ReadAction","target":["http:\/\/vincentians.com\/es\/luisa-de-marillac-carta-0283-a-sor-juliana-loret\/"]}]},{"@type":"ImageObject","inLanguage":"es","@id":"http:\/\/vincentians.com\/es\/luisa-de-marillac-carta-0283-a-sor-juliana-loret\/#primaryimage","url":"https:\/\/i0.wp.com\/vincentians.com\/es\/wp-content\/uploads\/sites\/11\/2016\/07\/escritos-luisa-de-marillac.jpg?fit=1200%2C630","contentUrl":"https:\/\/i0.wp.com\/vincentians.com\/es\/wp-content\/uploads\/sites\/11\/2016\/07\/escritos-luisa-de-marillac.jpg?fit=1200%2C630","width":1200,"height":630},{"@type":"BreadcrumbList","@id":"http:\/\/vincentians.com\/es\/luisa-de-marillac-carta-0283-a-sor-juliana-loret\/#breadcrumb","itemListElement":[{"@type":"ListItem","position":1,"name":"Portada","item":"http:\/\/vincentians.com\/es\/"},{"@type":"ListItem","position":2,"name":"Luisa de Marillac, Carta 0283: A Sor Juliana Loret"}]},{"@type":"WebSite","@id":"http:\/\/vincentians.com\/es\/#website","url":"http:\/\/vincentians.com\/es\/","name":"Somos Vicencianos","description":"Know more to serve more","publisher":{"@id":"http:\/\/vincentians.com\/es\/#organization"},"potentialAction":[{"@type":"SearchAction","target":{"@type":"EntryPoint","urlTemplate":"http:\/\/vincentians.com\/es\/?s={search_term_string}"},"query-input":{"@type":"PropertyValueSpecification","valueRequired":true,"valueName":"search_term_string"}}],"inLanguage":"es"},{"@type":"Organization","@id":"http:\/\/vincentians.com\/es\/#organization","name":"The Vincentian Network","url":"http:\/\/vincentians.com\/es\/","logo":{"@type":"ImageObject","inLanguage":"es","@id":"http:\/\/vincentians.com\/es\/#\/schema\/logo\/image\/","url":"https:\/\/i1.wp.com\/vincentians.com\/es\/wp-content\/uploads\/sites\/11\/2016\/06\/Vincentian-Network-logo-big.png?fit=778%2C778","contentUrl":"https:\/\/i1.wp.com\/vincentians.com\/es\/wp-content\/uploads\/sites\/11\/2016\/06\/Vincentian-Network-logo-big.png?fit=778%2C778","width":778,"height":778,"caption":"The Vincentian Network"},"image":{"@id":"http:\/\/vincentians.com\/es\/#\/schema\/logo\/image\/"},"sameAs":["https:\/\/www.facebook.com\/WeAreVincentians\/","https:\/\/x.com\/WeVincentians"]},{"@type":"Person","@id":"http:\/\/vincentians.com\/es\/#\/schema\/person\/9623ef4d9aa3b2dfb8c061f1499288f2","name":"Francisco Javier Fern\u00e1ndez Chento","image":{"@type":"ImageObject","inLanguage":"es","@id":"http:\/\/vincentians.com\/es\/#\/schema\/person\/image\/","url":"https:\/\/secure.gravatar.com\/avatar\/497d5cde87b4c3d097d0315953521681ba2cd523ee66e5077c3711f7021e65de?s=96&d=mm&r=g","contentUrl":"https:\/\/secure.gravatar.com\/avatar\/497d5cde87b4c3d097d0315953521681ba2cd523ee66e5077c3711f7021e65de?s=96&d=mm&r=g","caption":"Francisco Javier Fern\u00e1ndez Chento"},"description":"Director General y cofundador de La Red de Formaci\u00f3n Vicenciana. Javier es laico vicenciano, afiliado a la Congregaci\u00f3n de la Misi\u00f3n y miembro del Equipo de Misiones Populares de la provincia can\u00f3nica de Zaragoza (Espa\u00f1a) de la Congregaci\u00f3n de la Misi\u00f3n. Graduado en la Universidad Oberta de Catalunya con cuatro grados (Asistente de direcci\u00f3n, Gesti\u00f3n Administrativa, Recursos Humanos y Contabilidad Avanzada). Bil\u00edng\u00fce Espa\u00f1ol\/Ingl\u00e9s. gestiona y mantiene varias p\u00e1ginas web cristianas y vicencianas, incluida including La Red de Formaci\u00f3n Vicenciana, de la que es cofundador. Actualmente es responsable del \u00e1rea de Espa\u00f1ol de .famvin, la Red de Noticias de la Familia Vicenciana. Tambi\u00e9n es m\u00fasico cat\u00f3lico y ha editado varios discos. Es Director General y cofundador de Trovador, una reconocida compa\u00f1\u00eda discogr\u00e1fica critiana de Espa\u00f1a. Trabaja en las Tecnolog\u00edas de la Informaci\u00f3n, ofreciendo servicios de alojamiento, dise\u00f1o y mantenimiento Web, as\u00ed como asesoramiento, formaci\u00f3n y soluciones inform\u00e1ticas, gesti\u00f3n documental y digitalizaci\u00f3n de textos, edici\u00f3n y maquetaci\u00f3n de libros, revistas, flyers, etc.","sameAs":["http:\/\/chento.org","https:\/\/www.facebook.com\/JavierChento","https:\/\/x.com\/https:\/\/twitter.com\/javierchento"],"url":"http:\/\/vincentians.com\/es\/author\/chento\/"}]}},"jetpack_publicize_connections":[],"jetpack_featured_media_url":"https:\/\/i0.wp.com\/vincentians.com\/es\/wp-content\/uploads\/sites\/11\/2016\/07\/escritos-luisa-de-marillac.jpg?fit=1200%2C630","jetpack_sharing_enabled":true,"jetpack_shortlink":"https:\/\/wp.me\/p7ETMF-9Ca","jetpack-related-posts":[{"id":103920,"url":"http:\/\/vincentians.com\/es\/luisa-de-marillac-carta-0652-a-mi-querida-sor-barbara-angiboust\/","url_meta":{"origin":36962,"position":0},"title":"Luisa de Marillac, Carta 0652: A mi querida Sor B\u00e1rbara Angiboust","author":"Francisco Javier Fern\u00e1ndez Chento","date":"28\/09\/2012","format":false,"excerpt":"Hija de la Caridad Ch\u00e2teaudun Hoy, 29 de septiembre de 1658 Mi querida Hermana: Un\u00a0 breve viaje que he tenido que hacer me ha impedido ver su carta tan pronto como ha llegado. Mucho me alegra la noticia que me da de la mejor\u00eda de la salud de nuestras Hermanas\u2026","rel":"","context":"En \u00abEscritos de Luisa de Marillac\u00bb","block_context":{"text":"Escritos de Luisa de Marillac","link":"http:\/\/vincentians.com\/es\/category\/escritos\/escritos-de-luisa-de-marillac\/"},"img":{"alt_text":"","src":"https:\/\/i0.wp.com\/vincentians.com\/es\/wp-content\/uploads\/sites\/11\/2016\/07\/escritos-luisa-de-marillac.jpg?fit=1200%2C630&resize=350%2C200","width":350,"height":200,"srcset":"https:\/\/i0.wp.com\/vincentians.com\/es\/wp-content\/uploads\/sites\/11\/2016\/07\/escritos-luisa-de-marillac.jpg?fit=1200%2C630&resize=350%2C200 1x, https:\/\/i0.wp.com\/vincentians.com\/es\/wp-content\/uploads\/sites\/11\/2016\/07\/escritos-luisa-de-marillac.jpg?fit=1200%2C630&resize=525%2C300 1.5x, https:\/\/i0.wp.com\/vincentians.com\/es\/wp-content\/uploads\/sites\/11\/2016\/07\/escritos-luisa-de-marillac.jpg?fit=1200%2C630&resize=700%2C400 2x, https:\/\/i0.wp.com\/vincentians.com\/es\/wp-content\/uploads\/sites\/11\/2016\/07\/escritos-luisa-de-marillac.jpg?fit=1200%2C630&resize=1050%2C600 3x"},"classes":[]},{"id":32973,"url":"http:\/\/vincentians.com\/es\/luisa-de-marillac-carta-0259-a-mi-querida-sor-juliana-loret\/","url_meta":{"origin":36962,"position":1},"title":"Luisa de Marillac, Carta 0259: A mi querida Sor Juliana Loret","author":"Francisco Javier Fern\u00e1ndez Chento","date":"09\/04\/2011","format":false,"excerpt":"Hija de la Caridad sierva de los Pobres Enfermos Hoy, 5 de septiembre (1648) Querida Hermana: Me ha proporcionado usted un gran consuelo con sus apreciadas noticias. Su primera carta me lo proporcion\u00f3 doblemente, ya que me dec\u00eda que toda esa querida familia estaba bien de salud; pero, al fin,\u2026","rel":"","context":"En \u00abEscritos de Luisa de Marillac\u00bb","block_context":{"text":"Escritos de Luisa de Marillac","link":"http:\/\/vincentians.com\/es\/category\/escritos\/escritos-de-luisa-de-marillac\/"},"img":{"alt_text":"","src":"https:\/\/i0.wp.com\/vincentians.com\/es\/wp-content\/uploads\/sites\/11\/2016\/07\/escritos-luisa-de-marillac.jpg?fit=1200%2C630&resize=350%2C200","width":350,"height":200,"srcset":"https:\/\/i0.wp.com\/vincentians.com\/es\/wp-content\/uploads\/sites\/11\/2016\/07\/escritos-luisa-de-marillac.jpg?fit=1200%2C630&resize=350%2C200 1x, https:\/\/i0.wp.com\/vincentians.com\/es\/wp-content\/uploads\/sites\/11\/2016\/07\/escritos-luisa-de-marillac.jpg?fit=1200%2C630&resize=525%2C300 1.5x, https:\/\/i0.wp.com\/vincentians.com\/es\/wp-content\/uploads\/sites\/11\/2016\/07\/escritos-luisa-de-marillac.jpg?fit=1200%2C630&resize=700%2C400 2x, https:\/\/i0.wp.com\/vincentians.com\/es\/wp-content\/uploads\/sites\/11\/2016\/07\/escritos-luisa-de-marillac.jpg?fit=1200%2C630&resize=1050%2C600 3x"},"classes":[]},{"id":103986,"url":"http:\/\/vincentians.com\/es\/luisa-de-marillac-carta-0656-a-mi-querida-sor-genoveva\/","url_meta":{"origin":36962,"position":2},"title":"Luisa de Marillac, Carta 0656: A mi querida Sor Genoveva","author":"Francisco Javier Fern\u00e1ndez Chento","date":"19\/10\/2012","format":false,"excerpt":"Hija de la Caridad\u00a0 Sierva de los Pobres Enfermos Chantilly Hoy, 7 de octubre de 1658 Mi querida Hermana: Me figuro el consuelo que habr\u00e1 tenido usted con la llegada de nuestra querida Sor Luisa, de la que conoce el car\u00e1cter complaciente y lleno de buenas disposiciones. He sentido mucho\u2026","rel":"","context":"En \u00abEscritos de Luisa de Marillac\u00bb","block_context":{"text":"Escritos de Luisa de Marillac","link":"http:\/\/vincentians.com\/es\/category\/escritos\/escritos-de-luisa-de-marillac\/"},"img":{"alt_text":"","src":"https:\/\/i0.wp.com\/vincentians.com\/es\/wp-content\/uploads\/sites\/11\/2016\/07\/escritos-luisa-de-marillac.jpg?fit=1200%2C630&resize=350%2C200","width":350,"height":200,"srcset":"https:\/\/i0.wp.com\/vincentians.com\/es\/wp-content\/uploads\/sites\/11\/2016\/07\/escritos-luisa-de-marillac.jpg?fit=1200%2C630&resize=350%2C200 1x, https:\/\/i0.wp.com\/vincentians.com\/es\/wp-content\/uploads\/sites\/11\/2016\/07\/escritos-luisa-de-marillac.jpg?fit=1200%2C630&resize=525%2C300 1.5x, https:\/\/i0.wp.com\/vincentians.com\/es\/wp-content\/uploads\/sites\/11\/2016\/07\/escritos-luisa-de-marillac.jpg?fit=1200%2C630&resize=700%2C400 2x, https:\/\/i0.wp.com\/vincentians.com\/es\/wp-content\/uploads\/sites\/11\/2016\/07\/escritos-luisa-de-marillac.jpg?fit=1200%2C630&resize=1050%2C600 3x"},"classes":[]},{"id":100678,"url":"http:\/\/vincentians.com\/es\/luisa-de-marillac-carta-0610-a-mi-querida-sor-barbara-angiboust\/","url_meta":{"origin":36962,"position":3},"title":"Luisa de Marillac, Carta 0610: A mi querida Sor B\u00e1rbara Angiboust","author":"Francisco Javier Fern\u00e1ndez Chento","date":"17\/08\/2012","format":false,"excerpt":"Hija de la Caridad Ch\u00e2teaudun Hoy, 2 de noviembre de 1657 Mi querida Hermana: Me parece que hace mucho tiempo que no he hablado a su buen coraz\u00f3n y no s\u00e9, siquiera, si le he dado noticias de la llegada de Sor Cecilia, que ha regresado con buena salud y\u2026","rel":"","context":"En \u00abEscritos de Luisa de Marillac\u00bb","block_context":{"text":"Escritos de Luisa de Marillac","link":"http:\/\/vincentians.com\/es\/category\/escritos\/escritos-de-luisa-de-marillac\/"},"img":{"alt_text":"","src":"https:\/\/i0.wp.com\/vincentians.com\/es\/wp-content\/uploads\/sites\/11\/2016\/07\/escritos-luisa-de-marillac.jpg?fit=1200%2C630&resize=350%2C200","width":350,"height":200,"srcset":"https:\/\/i0.wp.com\/vincentians.com\/es\/wp-content\/uploads\/sites\/11\/2016\/07\/escritos-luisa-de-marillac.jpg?fit=1200%2C630&resize=350%2C200 1x, https:\/\/i0.wp.com\/vincentians.com\/es\/wp-content\/uploads\/sites\/11\/2016\/07\/escritos-luisa-de-marillac.jpg?fit=1200%2C630&resize=525%2C300 1.5x, https:\/\/i0.wp.com\/vincentians.com\/es\/wp-content\/uploads\/sites\/11\/2016\/07\/escritos-luisa-de-marillac.jpg?fit=1200%2C630&resize=700%2C400 2x, https:\/\/i0.wp.com\/vincentians.com\/es\/wp-content\/uploads\/sites\/11\/2016\/07\/escritos-luisa-de-marillac.jpg?fit=1200%2C630&resize=1050%2C600 3x"},"classes":[]},{"id":103910,"url":"http:\/\/vincentians.com\/es\/luisa-de-marillac-carta-0644-a-mi-querida-sor-lorenza-dubois\/","url_meta":{"origin":36962,"position":4},"title":"Luisa de Marillac, Carta 0644: A mi querida Sor Lorenza Dubois","author":"Francisco Javier Fern\u00e1ndez Chento","date":"20\/09\/2012","format":false,"excerpt":"Hija de la Caridad Sierva de los Pobres Enfermos Bernay Hoy, 11 de septiembre de 1658 Mi querida Hermana: No me dice usted qu\u00e9 clase de cuerpo (o prenda de vestir) necesitan; porque, de ser camisetas, me parece que Sor Ana no tiene necesidad, y a usted le hemos enviado\u2026","rel":"","context":"En \u00abEscritos de Luisa de Marillac\u00bb","block_context":{"text":"Escritos de Luisa de Marillac","link":"http:\/\/vincentians.com\/es\/category\/escritos\/escritos-de-luisa-de-marillac\/"},"img":{"alt_text":"","src":"https:\/\/i0.wp.com\/vincentians.com\/es\/wp-content\/uploads\/sites\/11\/2016\/07\/escritos-luisa-de-marillac.jpg?fit=1200%2C630&resize=350%2C200","width":350,"height":200,"srcset":"https:\/\/i0.wp.com\/vincentians.com\/es\/wp-content\/uploads\/sites\/11\/2016\/07\/escritos-luisa-de-marillac.jpg?fit=1200%2C630&resize=350%2C200 1x, https:\/\/i0.wp.com\/vincentians.com\/es\/wp-content\/uploads\/sites\/11\/2016\/07\/escritos-luisa-de-marillac.jpg?fit=1200%2C630&resize=525%2C300 1.5x, https:\/\/i0.wp.com\/vincentians.com\/es\/wp-content\/uploads\/sites\/11\/2016\/07\/escritos-luisa-de-marillac.jpg?fit=1200%2C630&resize=700%2C400 2x, https:\/\/i0.wp.com\/vincentians.com\/es\/wp-content\/uploads\/sites\/11\/2016\/07\/escritos-luisa-de-marillac.jpg?fit=1200%2C630&resize=1050%2C600 3x"},"classes":[]},{"id":117532,"url":"http:\/\/vincentians.com\/es\/luisa-de-marillac-carta-0673-a-mi-querida-sor-juana-delacroix\/","url_meta":{"origin":36962,"position":5},"title":"Luisa de Marillac, Carta 0673: A mi querida Sor Juana Delacroix","author":"Francisco Javier Fern\u00e1ndez Chento","date":"14\/01\/2013","format":false,"excerpt":"Hija de la Caridad Sierva de los Pobres Enfermos Ch\u00e2teaudun Hoy, 23 de febrero de 1659 Mi querida Hermana: Me parece que lleva usted mucho tiempo sin darme noticias suyas, lo que me preocupa un poco; me extra\u00f1o tambi\u00e9n de que Sor Ana no me escriba. Me gustar\u00eda mucho saber\u2026","rel":"","context":"En \u00abEscritos de Luisa de Marillac\u00bb","block_context":{"text":"Escritos de Luisa de Marillac","link":"http:\/\/vincentians.com\/es\/category\/escritos\/escritos-de-luisa-de-marillac\/"},"img":{"alt_text":"","src":"https:\/\/i0.wp.com\/vincentians.com\/es\/wp-content\/uploads\/sites\/11\/2016\/07\/escritos-luisa-de-marillac.jpg?fit=1200%2C630&resize=350%2C200","width":350,"height":200,"srcset":"https:\/\/i0.wp.com\/vincentians.com\/es\/wp-content\/uploads\/sites\/11\/2016\/07\/escritos-luisa-de-marillac.jpg?fit=1200%2C630&resize=350%2C200 1x, https:\/\/i0.wp.com\/vincentians.com\/es\/wp-content\/uploads\/sites\/11\/2016\/07\/escritos-luisa-de-marillac.jpg?fit=1200%2C630&resize=525%2C300 1.5x, https:\/\/i0.wp.com\/vincentians.com\/es\/wp-content\/uploads\/sites\/11\/2016\/07\/escritos-luisa-de-marillac.jpg?fit=1200%2C630&resize=700%2C400 2x, https:\/\/i0.wp.com\/vincentians.com\/es\/wp-content\/uploads\/sites\/11\/2016\/07\/escritos-luisa-de-marillac.jpg?fit=1200%2C630&resize=1050%2C600 3x"},"classes":[]}],"_links":{"self":[{"href":"http:\/\/vincentians.com\/es\/wp-json\/wp\/v2\/posts\/36962","targetHints":{"allow":["GET"]}}],"collection":[{"href":"http:\/\/vincentians.com\/es\/wp-json\/wp\/v2\/posts"}],"about":[{"href":"http:\/\/vincentians.com\/es\/wp-json\/wp\/v2\/types\/post"}],"author":[{"embeddable":true,"href":"http:\/\/vincentians.com\/es\/wp-json\/wp\/v2\/users\/4"}],"replies":[{"embeddable":true,"href":"http:\/\/vincentians.com\/es\/wp-json\/wp\/v2\/comments?post=36962"}],"version-history":[{"count":0,"href":"http:\/\/vincentians.com\/es\/wp-json\/wp\/v2\/posts\/36962\/revisions"}],"wp:featuredmedia":[{"embeddable":true,"href":"http:\/\/vincentians.com\/es\/wp-json\/wp\/v2\/media\/393751"}],"wp:attachment":[{"href":"http:\/\/vincentians.com\/es\/wp-json\/wp\/v2\/media?parent=36962"}],"wp:term":[{"taxonomy":"category","embeddable":true,"href":"http:\/\/vincentians.com\/es\/wp-json\/wp\/v2\/categories?post=36962"},{"taxonomy":"post_tag","embeddable":true,"href":"http:\/\/vincentians.com\/es\/wp-json\/wp\/v2\/tags?post=36962"}],"curies":[{"name":"wp","href":"https:\/\/api.w.org\/{rel}","templated":true}]}}