{"id":36961,"date":"2011-05-02T00:50:29","date_gmt":"2011-05-01T22:50:29","guid":{"rendered":"http:\/\/somos.vicencianos.org\/blog\/2011\/05\/luisa-de-marillac-carta-0282-a-mis-queridas-hermanas-sor-juliana-y-sor-hellot\/"},"modified":"2016-07-26T11:07:52","modified_gmt":"2016-07-26T09:07:52","slug":"luisa-de-marillac-carta-0282-a-mis-queridas-hermanas-sor-juliana-y-sor-hellot","status":"publish","type":"post","link":"http:\/\/vincentians.com\/es\/luisa-de-marillac-carta-0282-a-mis-queridas-hermanas-sor-juliana-y-sor-hellot\/","title":{"rendered":"Luisa de Marillac, Carta 0282: A mis queridas hermanas Sor Juliana y Sor Hellot"},"content":{"rendered":"<p>Hijas de la Caridad, siervas de los pobres<\/p>\n<p>(Par\u00eds)<\/p>\n<p>(abril 1649)<\/p>\n<p>Mis queridas hermanas:<\/p>\n<p>Las encuentro un poco perezosas puesto que me hacen los encargos sin escribirme ni darme noticias de la Casa; quiz\u00e1 sea porque no saben que me gusta piensen ustedes que es necesario hacerlo, aparte de que me proporcionar\u00edan una gran satisfacci\u00f3n. No es, queridas hermanas, que no tenga un gran consuelo por la bendici\u00f3n que Dios derrama sobre su gobierno y que no le d\u00e9 gracias por ello de todo coraz\u00f3n. Pero bueno es que la virtud de la sumisi\u00f3n y dependencia se haga visible. Me parece que ella<span id='easy-footnote-1-36961' class='easy-footnote-margin-adjust'><\/span><span class='easy-footnote'><a href='http:\/\/vincentians.com\/es\/luisa-de-marillac-carta-0282-a-mis-queridas-hermanas-sor-juliana-y-sor-hellot\/#easy-footnote-bottom-1-36961' title='Se refiere a la Compa\u00f1\u00eda de las Hijas de la Caridad'><sup>1<\/sup><\/a><\/span> se mantiene en la pr\u00e1ctica de todas las cosas y que cada una cumple con su deber y deja que las dem\u00e1s cumplan con el suyo, seg\u00fan la costumbre ordinaria y las necesidades de los tiempos, que no podemos saber cu\u00e1nto van a durar, ni si ser\u00e1 acaso m\u00e1s de lo que pensamos, lo que no permita Dios a causa de los pobres que tanto necesitan que llegue el fin. En cuanto a m\u00ed, sigo bien, gracias a Dios, pero nunca he sentido tanto la guerra como desde que estoy en la ciudad. Pensaba poder regresar hoy despu\u00e9s de que ayer esperaba una buena comida que no tuve, porque Sor Hellot estuvo predicando el ayuno en casa de la se\u00f1ora de Mortemar<span id='easy-footnote-2-36961' class='easy-footnote-margin-adjust'><\/span><span class='easy-footnote'><a href='http:\/\/vincentians.com\/es\/luisa-de-marillac-carta-0282-a-mis-queridas-hermanas-sor-juliana-y-sor-hellot\/#easy-footnote-bottom-2-36961' title='Se\u00f1ora de Mortemart, parienta de Luisa de Marillac (ver C. 182 n. 1).'><sup>2<\/sup><\/a><\/span> y poco ha faltado para que Sor B\u00e1rbara<span id='easy-footnote-3-36961' class='easy-footnote-margin-adjust'><\/span><span class='easy-footnote'><a href='http:\/\/vincentians.com\/es\/luisa-de-marillac-carta-0282-a-mis-queridas-hermanas-sor-juliana-y-sor-hellot\/#easy-footnote-bottom-3-36961' title='B\u00e1rbara Bailly, que acompa\u00f1aba a Luisa en aquella circunstancia.'><sup>3<\/sup><\/a><\/span> no haya retado a quien se ha sentido muy ofendido por ello,<span id='easy-footnote-4-36961' class='easy-footnote-margin-adjust'><\/span><span class='easy-footnote'><a href='http:\/\/vincentians.com\/es\/luisa-de-marillac-carta-0282-a-mis-queridas-hermanas-sor-juliana-y-sor-hellot\/#easy-footnote-bottom-4-36961' title='Luisa habla en tono humor\u00edstico y hace broma de que nadie las ha invitado a comer'><sup>4<\/sup><\/a><\/span> y hoy, por no s\u00e9 qu\u00e9 otro motivo me ha ocurrido lo mismo en casa de la se\u00f1ora de Marillac;<span id='easy-footnote-5-36961' class='easy-footnote-margin-adjust'><\/span><span class='easy-footnote'><a href='http:\/\/vincentians.com\/es\/luisa-de-marillac-carta-0282-a-mis-queridas-hermanas-sor-juliana-y-sor-hellot\/#easy-footnote-bottom-5-36961' title='La se\u00f1ora de Marillac, la joven (ver C. 243, n. 2).'><sup>5<\/sup><\/a><\/span> pero ni lo uno ni lo otro me han Impedido tener una buena comida.<\/p>\n<p>Les ruego que se enteren y me lo digan c\u00f3mo est\u00e1 el se\u00f1or Lamberto<span id='easy-footnote-6-36961' class='easy-footnote-margin-adjust'><\/span><span class='easy-footnote'><a href='http:\/\/vincentians.com\/es\/luisa-de-marillac-carta-0282-a-mis-queridas-hermanas-sor-juliana-y-sor-hellot\/#easy-footnote-bottom-6-36961' title='Se\u00f1or Lamberto (ver C. 22, n. 1).'><sup>6<\/sup><\/a><\/span> a quien han tenido que sangrar dos veces.<\/p>\n<p>Alabo a Dios de que Sor Lorenza<span id='easy-footnote-7-36961' class='easy-footnote-margin-adjust'><\/span><span class='easy-footnote'><a href='http:\/\/vincentians.com\/es\/luisa-de-marillac-carta-0282-a-mis-queridas-hermanas-sor-juliana-y-sor-hellot\/#easy-footnote-bottom-7-36961' title='Lorenza Dubois (ver C. 475, n. 1).'><sup>7<\/sup><\/a><\/span> vaya mejor; d\u00edganle que me tiene a su lado y ofrezco con ella a Nuestro Se\u00f1or sus padecimientos por las necesidades p\u00fablicas.<\/p>\n<p>Les ruego, queridas hermanas, que si alguna Hermana de la ciudad va a confesarse, aunque no sea m\u00e1s que una, avisen al se\u00f1or Lamberto o al se\u00f1or Du Chesne,<span id='easy-footnote-8-36961' class='easy-footnote-margin-adjust'><\/span><span class='easy-footnote'><a href='http:\/\/vincentians.com\/es\/luisa-de-marillac-carta-0282-a-mis-queridas-hermanas-sor-juliana-y-sor-hellot\/#easy-footnote-bottom-8-36961' title='Se\u00f1or Du Chesne (ver C. 166, n. 4).'><sup>8<\/sup><\/a><\/span> estoy segura de que su caridad se tomar\u00e1 la molestia de Ir a casa. Pensaba que Sor Francisca<span id='easy-footnote-9-36961' class='easy-footnote-margin-adjust'><\/span><span class='easy-footnote'><a href='http:\/\/vincentians.com\/es\/luisa-de-marillac-carta-0282-a-mis-queridas-hermanas-sor-juliana-y-sor-hellot\/#easy-footnote-bottom-9-36961' title='Francisca Le Roseau (ver C. 284, n. 2).'><sup>9<\/sup><\/a><\/span> iba a venir; les ruego que lo haga ma\u00f1ana por la ma\u00f1ana, por temor de que cualquier circunstancia me obligue a salir, porque, de todas las que ten\u00eda que ver, todav\u00eda no he visto m\u00e1s que a la se\u00f1ora Presidenta de Lamoignon \u00a1tan ocupado anda todo el mundo!<\/p>\n<p>\u00a1Qu\u00e9 felices las consideraba a ustedes ayer lejos del gran tumulto que ten\u00edamos aqu\u00ed! Nunca me sent\u00ed tan dependiente y tan poco due\u00f1a de hacer mi voluntad como ahora, de lo que alabo a Dios de todo mi coraz\u00f3n, que no deja de pensar en el consuelo que va a tener cuando regrese junto a mis queridas hermanas. A todas las saludo con afecto lleno del deseo de su perfecci\u00f3n y santidad, y soy en el amor de Nuestro Se\u00f1or, queridas hermanas, su muy humilde hermana y servidorA<\/p>\n<p>P D. Les ruego que no dejen salir juntos a todos los cerdos y sobre todo que no se vayan al huerto para que podamos verlo reverdecer pronto. Me figuro que se cuidar\u00e1n de la comida de la vaca y de los dem\u00e1s animales, pero tengan en cuenta que el exceso les perjudica m\u00e1s que (la frase est\u00e1 sin terminar).<\/p>\n","protected":false},"excerpt":{"rendered":"<p>Hijas de la Caridad, siervas de los pobres (Par\u00eds) (abril 1649) Mis queridas hermanas: Las encuentro un poco perezosas puesto que me hacen los encargos sin escribirme ni darme noticias de la Casa; quiz\u00e1 sea &#8230; <a href=\"http:\/\/vincentians.com\/es\/luisa-de-marillac-carta-0282-a-mis-queridas-hermanas-sor-juliana-y-sor-hellot\/\" class=\"more-link\">Read More<\/a><\/p>\n","protected":false},"author":4,"featured_media":393751,"comment_status":"open","ping_status":"open","sticky":false,"template":"","format":"standard","meta":{"jetpack_post_was_ever_published":false,"_jetpack_newsletter_access":"","_jetpack_dont_email_post_to_subs":false,"_jetpack_newsletter_tier_id":0,"_jetpack_memberships_contains_paywalled_content":false,"_jetpack_memberships_contains_paid_content":false,"footnotes":"","jetpack_publicize_message":"","jetpack_publicize_feature_enabled":true,"jetpack_social_post_already_shared":true,"jetpack_social_options":{"image_generator_settings":{"template":"highway","default_image_id":0,"font":"","enabled":false},"version":2}},"categories":[67],"tags":[164,163,150,144,143],"class_list":["post-36961","post","type-post","status-publish","format-standard","has-post-thumbnail","hentry","category-escritos-de-luisa-de-marillac","tag-bailly","tag-bons-enfants","tag-du-chesne","tag-lambert","tag-san-lazaro"],"yoast_head":"<!-- This site is optimized with the Yoast SEO plugin v26.3 - https:\/\/yoast.com\/wordpress\/plugins\/seo\/ -->\n<title>Luisa de Marillac, Carta 0282: A mis queridas hermanas Sor Juliana y Sor Hellot - Somos Vicencianos<\/title>\n<meta name=\"robots\" content=\"index, follow, max-snippet:-1, max-image-preview:large, max-video-preview:-1\" \/>\n<link rel=\"canonical\" href=\"http:\/\/vincentians.com\/es\/luisa-de-marillac-carta-0282-a-mis-queridas-hermanas-sor-juliana-y-sor-hellot\/\" \/>\n<meta property=\"og:locale\" content=\"es_ES\" \/>\n<meta property=\"og:type\" content=\"article\" \/>\n<meta property=\"og:title\" content=\"Luisa de Marillac, Carta 0282: A mis queridas hermanas Sor Juliana y Sor Hellot - Somos Vicencianos\" \/>\n<meta property=\"og:description\" content=\"Hijas de la Caridad, siervas de los pobres (Par\u00eds) (abril 1649) Mis queridas hermanas: Las encuentro un poco perezosas puesto que me hacen los encargos sin escribirme ni darme noticias de la Casa; quiz\u00e1 sea ... Read More\" \/>\n<meta property=\"og:url\" content=\"http:\/\/vincentians.com\/es\/luisa-de-marillac-carta-0282-a-mis-queridas-hermanas-sor-juliana-y-sor-hellot\/\" \/>\n<meta property=\"og:site_name\" content=\"Somos Vicencianos\" \/>\n<meta property=\"article:publisher\" content=\"https:\/\/www.facebook.com\/WeAreVincentians\/\" \/>\n<meta property=\"article:author\" content=\"https:\/\/www.facebook.com\/JavierChento\" \/>\n<meta property=\"article:published_time\" content=\"2011-05-01T22:50:29+00:00\" \/>\n<meta property=\"article:modified_time\" content=\"2016-07-26T09:07:52+00:00\" \/>\n<meta property=\"og:image\" content=\"https:\/\/i0.wp.com\/vincentians.com\/es\/wp-content\/uploads\/sites\/11\/2016\/07\/escritos-luisa-de-marillac.jpg?fit=1200%2C630\" \/>\n\t<meta property=\"og:image:width\" content=\"1200\" \/>\n\t<meta property=\"og:image:height\" content=\"630\" \/>\n\t<meta property=\"og:image:type\" content=\"image\/jpeg\" \/>\n<meta name=\"author\" content=\"Francisco Javier Fern\u00e1ndez Chento\" \/>\n<meta name=\"twitter:card\" content=\"summary_large_image\" \/>\n<meta name=\"twitter:creator\" content=\"@https:\/\/twitter.com\/javierchento\" \/>\n<meta name=\"twitter:site\" content=\"@WeVincentians\" \/>\n<meta name=\"twitter:label1\" content=\"Escrito por\" \/>\n\t<meta name=\"twitter:data1\" content=\"Francisco Javier Fern\u00e1ndez Chento\" \/>\n\t<meta name=\"twitter:label2\" content=\"Tiempo de lectura\" \/>\n\t<meta name=\"twitter:data2\" content=\"4 minutos\" \/>\n<script type=\"application\/ld+json\" class=\"yoast-schema-graph\">{\"@context\":\"https:\/\/schema.org\",\"@graph\":[{\"@type\":\"Article\",\"@id\":\"http:\/\/vincentians.com\/es\/luisa-de-marillac-carta-0282-a-mis-queridas-hermanas-sor-juliana-y-sor-hellot\/#article\",\"isPartOf\":{\"@id\":\"http:\/\/vincentians.com\/es\/luisa-de-marillac-carta-0282-a-mis-queridas-hermanas-sor-juliana-y-sor-hellot\/\"},\"author\":{\"name\":\"Francisco Javier Fern\u00e1ndez Chento\",\"@id\":\"http:\/\/vincentians.com\/es\/#\/schema\/person\/9623ef4d9aa3b2dfb8c061f1499288f2\"},\"headline\":\"Luisa de Marillac, Carta 0282: A mis queridas hermanas Sor Juliana y Sor Hellot\",\"datePublished\":\"2011-05-01T22:50:29+00:00\",\"dateModified\":\"2016-07-26T09:07:52+00:00\",\"mainEntityOfPage\":{\"@id\":\"http:\/\/vincentians.com\/es\/luisa-de-marillac-carta-0282-a-mis-queridas-hermanas-sor-juliana-y-sor-hellot\/\"},\"wordCount\":726,\"commentCount\":0,\"publisher\":{\"@id\":\"http:\/\/vincentians.com\/es\/#organization\"},\"image\":{\"@id\":\"http:\/\/vincentians.com\/es\/luisa-de-marillac-carta-0282-a-mis-queridas-hermanas-sor-juliana-y-sor-hellot\/#primaryimage\"},\"thumbnailUrl\":\"https:\/\/i0.wp.com\/vincentians.com\/es\/wp-content\/uploads\/sites\/11\/2016\/07\/escritos-luisa-de-marillac.jpg?fit=1200%2C630\",\"keywords\":[\"Bailly\",\"Bons Enfants\",\"Du Chesne\",\"Lambert\",\"San L\u00e1zaro\"],\"articleSection\":[\"Escritos de Luisa de Marillac\"],\"inLanguage\":\"es\",\"potentialAction\":[{\"@type\":\"CommentAction\",\"name\":\"Comment\",\"target\":[\"http:\/\/vincentians.com\/es\/luisa-de-marillac-carta-0282-a-mis-queridas-hermanas-sor-juliana-y-sor-hellot\/#respond\"]}]},{\"@type\":\"WebPage\",\"@id\":\"http:\/\/vincentians.com\/es\/luisa-de-marillac-carta-0282-a-mis-queridas-hermanas-sor-juliana-y-sor-hellot\/\",\"url\":\"http:\/\/vincentians.com\/es\/luisa-de-marillac-carta-0282-a-mis-queridas-hermanas-sor-juliana-y-sor-hellot\/\",\"name\":\"Luisa de Marillac, Carta 0282: A mis queridas hermanas Sor Juliana y Sor Hellot - Somos Vicencianos\",\"isPartOf\":{\"@id\":\"http:\/\/vincentians.com\/es\/#website\"},\"primaryImageOfPage\":{\"@id\":\"http:\/\/vincentians.com\/es\/luisa-de-marillac-carta-0282-a-mis-queridas-hermanas-sor-juliana-y-sor-hellot\/#primaryimage\"},\"image\":{\"@id\":\"http:\/\/vincentians.com\/es\/luisa-de-marillac-carta-0282-a-mis-queridas-hermanas-sor-juliana-y-sor-hellot\/#primaryimage\"},\"thumbnailUrl\":\"https:\/\/i0.wp.com\/vincentians.com\/es\/wp-content\/uploads\/sites\/11\/2016\/07\/escritos-luisa-de-marillac.jpg?fit=1200%2C630\",\"datePublished\":\"2011-05-01T22:50:29+00:00\",\"dateModified\":\"2016-07-26T09:07:52+00:00\",\"breadcrumb\":{\"@id\":\"http:\/\/vincentians.com\/es\/luisa-de-marillac-carta-0282-a-mis-queridas-hermanas-sor-juliana-y-sor-hellot\/#breadcrumb\"},\"inLanguage\":\"es\",\"potentialAction\":[{\"@type\":\"ReadAction\",\"target\":[\"http:\/\/vincentians.com\/es\/luisa-de-marillac-carta-0282-a-mis-queridas-hermanas-sor-juliana-y-sor-hellot\/\"]}]},{\"@type\":\"ImageObject\",\"inLanguage\":\"es\",\"@id\":\"http:\/\/vincentians.com\/es\/luisa-de-marillac-carta-0282-a-mis-queridas-hermanas-sor-juliana-y-sor-hellot\/#primaryimage\",\"url\":\"https:\/\/i0.wp.com\/vincentians.com\/es\/wp-content\/uploads\/sites\/11\/2016\/07\/escritos-luisa-de-marillac.jpg?fit=1200%2C630\",\"contentUrl\":\"https:\/\/i0.wp.com\/vincentians.com\/es\/wp-content\/uploads\/sites\/11\/2016\/07\/escritos-luisa-de-marillac.jpg?fit=1200%2C630\",\"width\":1200,\"height\":630},{\"@type\":\"BreadcrumbList\",\"@id\":\"http:\/\/vincentians.com\/es\/luisa-de-marillac-carta-0282-a-mis-queridas-hermanas-sor-juliana-y-sor-hellot\/#breadcrumb\",\"itemListElement\":[{\"@type\":\"ListItem\",\"position\":1,\"name\":\"Portada\",\"item\":\"http:\/\/vincentians.com\/es\/\"},{\"@type\":\"ListItem\",\"position\":2,\"name\":\"Luisa de Marillac, Carta 0282: A mis queridas hermanas Sor Juliana y Sor Hellot\"}]},{\"@type\":\"WebSite\",\"@id\":\"http:\/\/vincentians.com\/es\/#website\",\"url\":\"http:\/\/vincentians.com\/es\/\",\"name\":\"Somos Vicencianos\",\"description\":\"Know more to serve more\",\"publisher\":{\"@id\":\"http:\/\/vincentians.com\/es\/#organization\"},\"potentialAction\":[{\"@type\":\"SearchAction\",\"target\":{\"@type\":\"EntryPoint\",\"urlTemplate\":\"http:\/\/vincentians.com\/es\/?s={search_term_string}\"},\"query-input\":{\"@type\":\"PropertyValueSpecification\",\"valueRequired\":true,\"valueName\":\"search_term_string\"}}],\"inLanguage\":\"es\"},{\"@type\":\"Organization\",\"@id\":\"http:\/\/vincentians.com\/es\/#organization\",\"name\":\"The Vincentian Network\",\"url\":\"http:\/\/vincentians.com\/es\/\",\"logo\":{\"@type\":\"ImageObject\",\"inLanguage\":\"es\",\"@id\":\"http:\/\/vincentians.com\/es\/#\/schema\/logo\/image\/\",\"url\":\"https:\/\/i1.wp.com\/vincentians.com\/es\/wp-content\/uploads\/sites\/11\/2016\/06\/Vincentian-Network-logo-big.png?fit=778%2C778\",\"contentUrl\":\"https:\/\/i1.wp.com\/vincentians.com\/es\/wp-content\/uploads\/sites\/11\/2016\/06\/Vincentian-Network-logo-big.png?fit=778%2C778\",\"width\":778,\"height\":778,\"caption\":\"The Vincentian Network\"},\"image\":{\"@id\":\"http:\/\/vincentians.com\/es\/#\/schema\/logo\/image\/\"},\"sameAs\":[\"https:\/\/www.facebook.com\/WeAreVincentians\/\",\"https:\/\/x.com\/WeVincentians\"]},{\"@type\":\"Person\",\"@id\":\"http:\/\/vincentians.com\/es\/#\/schema\/person\/9623ef4d9aa3b2dfb8c061f1499288f2\",\"name\":\"Francisco Javier Fern\u00e1ndez Chento\",\"image\":{\"@type\":\"ImageObject\",\"inLanguage\":\"es\",\"@id\":\"http:\/\/vincentians.com\/es\/#\/schema\/person\/image\/\",\"url\":\"https:\/\/secure.gravatar.com\/avatar\/497d5cde87b4c3d097d0315953521681ba2cd523ee66e5077c3711f7021e65de?s=96&d=mm&r=g\",\"contentUrl\":\"https:\/\/secure.gravatar.com\/avatar\/497d5cde87b4c3d097d0315953521681ba2cd523ee66e5077c3711f7021e65de?s=96&d=mm&r=g\",\"caption\":\"Francisco Javier Fern\u00e1ndez Chento\"},\"description\":\"Director General y cofundador de La Red de Formaci\u00f3n Vicenciana. Javier es laico vicenciano, afiliado a la Congregaci\u00f3n de la Misi\u00f3n y miembro del Equipo de Misiones Populares de la provincia can\u00f3nica de Zaragoza (Espa\u00f1a) de la Congregaci\u00f3n de la Misi\u00f3n. Graduado en la Universidad Oberta de Catalunya con cuatro grados (Asistente de direcci\u00f3n, Gesti\u00f3n Administrativa, Recursos Humanos y Contabilidad Avanzada). Bil\u00edng\u00fce Espa\u00f1ol\/Ingl\u00e9s. gestiona y mantiene varias p\u00e1ginas web cristianas y vicencianas, incluida including La Red de Formaci\u00f3n Vicenciana, de la que es cofundador. Actualmente es responsable del \u00e1rea de Espa\u00f1ol de .famvin, la Red de Noticias de la Familia Vicenciana. Tambi\u00e9n es m\u00fasico cat\u00f3lico y ha editado varios discos. Es Director General y cofundador de Trovador, una reconocida compa\u00f1\u00eda discogr\u00e1fica critiana de Espa\u00f1a. Trabaja en las Tecnolog\u00edas de la Informaci\u00f3n, ofreciendo servicios de alojamiento, dise\u00f1o y mantenimiento Web, as\u00ed como asesoramiento, formaci\u00f3n y soluciones inform\u00e1ticas, gesti\u00f3n documental y digitalizaci\u00f3n de textos, edici\u00f3n y maquetaci\u00f3n de libros, revistas, flyers, etc.\",\"sameAs\":[\"http:\/\/chento.org\",\"https:\/\/www.facebook.com\/JavierChento\",\"https:\/\/x.com\/https:\/\/twitter.com\/javierchento\"],\"url\":\"http:\/\/vincentians.com\/es\/author\/chento\/\"}]}<\/script>\n<!-- \/ Yoast SEO plugin. -->","yoast_head_json":{"title":"Luisa de Marillac, Carta 0282: A mis queridas hermanas Sor Juliana y Sor Hellot - Somos Vicencianos","robots":{"index":"index","follow":"follow","max-snippet":"max-snippet:-1","max-image-preview":"max-image-preview:large","max-video-preview":"max-video-preview:-1"},"canonical":"http:\/\/vincentians.com\/es\/luisa-de-marillac-carta-0282-a-mis-queridas-hermanas-sor-juliana-y-sor-hellot\/","og_locale":"es_ES","og_type":"article","og_title":"Luisa de Marillac, Carta 0282: A mis queridas hermanas Sor Juliana y Sor Hellot - Somos Vicencianos","og_description":"Hijas de la Caridad, siervas de los pobres (Par\u00eds) (abril 1649) Mis queridas hermanas: Las encuentro un poco perezosas puesto que me hacen los encargos sin escribirme ni darme noticias de la Casa; quiz\u00e1 sea ... Read More","og_url":"http:\/\/vincentians.com\/es\/luisa-de-marillac-carta-0282-a-mis-queridas-hermanas-sor-juliana-y-sor-hellot\/","og_site_name":"Somos Vicencianos","article_publisher":"https:\/\/www.facebook.com\/WeAreVincentians\/","article_author":"https:\/\/www.facebook.com\/JavierChento","article_published_time":"2011-05-01T22:50:29+00:00","article_modified_time":"2016-07-26T09:07:52+00:00","og_image":[{"width":1200,"height":630,"url":"https:\/\/i0.wp.com\/vincentians.com\/es\/wp-content\/uploads\/sites\/11\/2016\/07\/escritos-luisa-de-marillac.jpg?fit=1200%2C630","type":"image\/jpeg"}],"author":"Francisco Javier Fern\u00e1ndez Chento","twitter_card":"summary_large_image","twitter_creator":"@https:\/\/twitter.com\/javierchento","twitter_site":"@WeVincentians","twitter_misc":{"Escrito por":"Francisco Javier Fern\u00e1ndez Chento","Tiempo de lectura":"4 minutos"},"schema":{"@context":"https:\/\/schema.org","@graph":[{"@type":"Article","@id":"http:\/\/vincentians.com\/es\/luisa-de-marillac-carta-0282-a-mis-queridas-hermanas-sor-juliana-y-sor-hellot\/#article","isPartOf":{"@id":"http:\/\/vincentians.com\/es\/luisa-de-marillac-carta-0282-a-mis-queridas-hermanas-sor-juliana-y-sor-hellot\/"},"author":{"name":"Francisco Javier Fern\u00e1ndez Chento","@id":"http:\/\/vincentians.com\/es\/#\/schema\/person\/9623ef4d9aa3b2dfb8c061f1499288f2"},"headline":"Luisa de Marillac, Carta 0282: A mis queridas hermanas Sor Juliana y Sor Hellot","datePublished":"2011-05-01T22:50:29+00:00","dateModified":"2016-07-26T09:07:52+00:00","mainEntityOfPage":{"@id":"http:\/\/vincentians.com\/es\/luisa-de-marillac-carta-0282-a-mis-queridas-hermanas-sor-juliana-y-sor-hellot\/"},"wordCount":726,"commentCount":0,"publisher":{"@id":"http:\/\/vincentians.com\/es\/#organization"},"image":{"@id":"http:\/\/vincentians.com\/es\/luisa-de-marillac-carta-0282-a-mis-queridas-hermanas-sor-juliana-y-sor-hellot\/#primaryimage"},"thumbnailUrl":"https:\/\/i0.wp.com\/vincentians.com\/es\/wp-content\/uploads\/sites\/11\/2016\/07\/escritos-luisa-de-marillac.jpg?fit=1200%2C630","keywords":["Bailly","Bons Enfants","Du Chesne","Lambert","San L\u00e1zaro"],"articleSection":["Escritos de Luisa de Marillac"],"inLanguage":"es","potentialAction":[{"@type":"CommentAction","name":"Comment","target":["http:\/\/vincentians.com\/es\/luisa-de-marillac-carta-0282-a-mis-queridas-hermanas-sor-juliana-y-sor-hellot\/#respond"]}]},{"@type":"WebPage","@id":"http:\/\/vincentians.com\/es\/luisa-de-marillac-carta-0282-a-mis-queridas-hermanas-sor-juliana-y-sor-hellot\/","url":"http:\/\/vincentians.com\/es\/luisa-de-marillac-carta-0282-a-mis-queridas-hermanas-sor-juliana-y-sor-hellot\/","name":"Luisa de Marillac, Carta 0282: A mis queridas hermanas Sor Juliana y Sor Hellot - Somos Vicencianos","isPartOf":{"@id":"http:\/\/vincentians.com\/es\/#website"},"primaryImageOfPage":{"@id":"http:\/\/vincentians.com\/es\/luisa-de-marillac-carta-0282-a-mis-queridas-hermanas-sor-juliana-y-sor-hellot\/#primaryimage"},"image":{"@id":"http:\/\/vincentians.com\/es\/luisa-de-marillac-carta-0282-a-mis-queridas-hermanas-sor-juliana-y-sor-hellot\/#primaryimage"},"thumbnailUrl":"https:\/\/i0.wp.com\/vincentians.com\/es\/wp-content\/uploads\/sites\/11\/2016\/07\/escritos-luisa-de-marillac.jpg?fit=1200%2C630","datePublished":"2011-05-01T22:50:29+00:00","dateModified":"2016-07-26T09:07:52+00:00","breadcrumb":{"@id":"http:\/\/vincentians.com\/es\/luisa-de-marillac-carta-0282-a-mis-queridas-hermanas-sor-juliana-y-sor-hellot\/#breadcrumb"},"inLanguage":"es","potentialAction":[{"@type":"ReadAction","target":["http:\/\/vincentians.com\/es\/luisa-de-marillac-carta-0282-a-mis-queridas-hermanas-sor-juliana-y-sor-hellot\/"]}]},{"@type":"ImageObject","inLanguage":"es","@id":"http:\/\/vincentians.com\/es\/luisa-de-marillac-carta-0282-a-mis-queridas-hermanas-sor-juliana-y-sor-hellot\/#primaryimage","url":"https:\/\/i0.wp.com\/vincentians.com\/es\/wp-content\/uploads\/sites\/11\/2016\/07\/escritos-luisa-de-marillac.jpg?fit=1200%2C630","contentUrl":"https:\/\/i0.wp.com\/vincentians.com\/es\/wp-content\/uploads\/sites\/11\/2016\/07\/escritos-luisa-de-marillac.jpg?fit=1200%2C630","width":1200,"height":630},{"@type":"BreadcrumbList","@id":"http:\/\/vincentians.com\/es\/luisa-de-marillac-carta-0282-a-mis-queridas-hermanas-sor-juliana-y-sor-hellot\/#breadcrumb","itemListElement":[{"@type":"ListItem","position":1,"name":"Portada","item":"http:\/\/vincentians.com\/es\/"},{"@type":"ListItem","position":2,"name":"Luisa de Marillac, Carta 0282: A mis queridas hermanas Sor Juliana y Sor Hellot"}]},{"@type":"WebSite","@id":"http:\/\/vincentians.com\/es\/#website","url":"http:\/\/vincentians.com\/es\/","name":"Somos Vicencianos","description":"Know more to serve more","publisher":{"@id":"http:\/\/vincentians.com\/es\/#organization"},"potentialAction":[{"@type":"SearchAction","target":{"@type":"EntryPoint","urlTemplate":"http:\/\/vincentians.com\/es\/?s={search_term_string}"},"query-input":{"@type":"PropertyValueSpecification","valueRequired":true,"valueName":"search_term_string"}}],"inLanguage":"es"},{"@type":"Organization","@id":"http:\/\/vincentians.com\/es\/#organization","name":"The Vincentian Network","url":"http:\/\/vincentians.com\/es\/","logo":{"@type":"ImageObject","inLanguage":"es","@id":"http:\/\/vincentians.com\/es\/#\/schema\/logo\/image\/","url":"https:\/\/i1.wp.com\/vincentians.com\/es\/wp-content\/uploads\/sites\/11\/2016\/06\/Vincentian-Network-logo-big.png?fit=778%2C778","contentUrl":"https:\/\/i1.wp.com\/vincentians.com\/es\/wp-content\/uploads\/sites\/11\/2016\/06\/Vincentian-Network-logo-big.png?fit=778%2C778","width":778,"height":778,"caption":"The Vincentian Network"},"image":{"@id":"http:\/\/vincentians.com\/es\/#\/schema\/logo\/image\/"},"sameAs":["https:\/\/www.facebook.com\/WeAreVincentians\/","https:\/\/x.com\/WeVincentians"]},{"@type":"Person","@id":"http:\/\/vincentians.com\/es\/#\/schema\/person\/9623ef4d9aa3b2dfb8c061f1499288f2","name":"Francisco Javier Fern\u00e1ndez Chento","image":{"@type":"ImageObject","inLanguage":"es","@id":"http:\/\/vincentians.com\/es\/#\/schema\/person\/image\/","url":"https:\/\/secure.gravatar.com\/avatar\/497d5cde87b4c3d097d0315953521681ba2cd523ee66e5077c3711f7021e65de?s=96&d=mm&r=g","contentUrl":"https:\/\/secure.gravatar.com\/avatar\/497d5cde87b4c3d097d0315953521681ba2cd523ee66e5077c3711f7021e65de?s=96&d=mm&r=g","caption":"Francisco Javier Fern\u00e1ndez Chento"},"description":"Director General y cofundador de La Red de Formaci\u00f3n Vicenciana. Javier es laico vicenciano, afiliado a la Congregaci\u00f3n de la Misi\u00f3n y miembro del Equipo de Misiones Populares de la provincia can\u00f3nica de Zaragoza (Espa\u00f1a) de la Congregaci\u00f3n de la Misi\u00f3n. Graduado en la Universidad Oberta de Catalunya con cuatro grados (Asistente de direcci\u00f3n, Gesti\u00f3n Administrativa, Recursos Humanos y Contabilidad Avanzada). Bil\u00edng\u00fce Espa\u00f1ol\/Ingl\u00e9s. gestiona y mantiene varias p\u00e1ginas web cristianas y vicencianas, incluida including La Red de Formaci\u00f3n Vicenciana, de la que es cofundador. Actualmente es responsable del \u00e1rea de Espa\u00f1ol de .famvin, la Red de Noticias de la Familia Vicenciana. Tambi\u00e9n es m\u00fasico cat\u00f3lico y ha editado varios discos. Es Director General y cofundador de Trovador, una reconocida compa\u00f1\u00eda discogr\u00e1fica critiana de Espa\u00f1a. Trabaja en las Tecnolog\u00edas de la Informaci\u00f3n, ofreciendo servicios de alojamiento, dise\u00f1o y mantenimiento Web, as\u00ed como asesoramiento, formaci\u00f3n y soluciones inform\u00e1ticas, gesti\u00f3n documental y digitalizaci\u00f3n de textos, edici\u00f3n y maquetaci\u00f3n de libros, revistas, flyers, etc.","sameAs":["http:\/\/chento.org","https:\/\/www.facebook.com\/JavierChento","https:\/\/x.com\/https:\/\/twitter.com\/javierchento"],"url":"http:\/\/vincentians.com\/es\/author\/chento\/"}]}},"jetpack_publicize_connections":[],"jetpack_featured_media_url":"https:\/\/i0.wp.com\/vincentians.com\/es\/wp-content\/uploads\/sites\/11\/2016\/07\/escritos-luisa-de-marillac.jpg?fit=1200%2C630","jetpack_sharing_enabled":true,"jetpack_shortlink":"https:\/\/wp.me\/p7ETMF-9C9","jetpack-related-posts":[{"id":103903,"url":"http:\/\/vincentians.com\/es\/luisa-de-marillac-carta-0637-a-mis-queridas-hermanas-las-hijas-de-la-caridad\/","url_meta":{"origin":36961,"position":0},"title":"Luisa de Marillac, Carta 0637: A mis queridas Hermanas las Hijas de la Caridad","author":"Francisco Javier Fern\u00e1ndez Chento","date":"13\/09\/2012","format":false,"excerpt":"Siervas de los Pobres Enfermos Chantilly Hoy, 5 de julio de 1658 Mis queridas Hermanas: No duden del gran dolor que he experimentado cuando, al regreso de Sor Enriqueta, he sabido que se dejaba ver en la conducta de ustedes, tanto de la una como de la otra, mucha negligencia\u2026","rel":"","context":"En \u00abEscritos de Luisa de Marillac\u00bb","block_context":{"text":"Escritos de Luisa de Marillac","link":"http:\/\/vincentians.com\/es\/category\/escritos\/escritos-de-luisa-de-marillac\/"},"img":{"alt_text":"","src":"https:\/\/i0.wp.com\/vincentians.com\/es\/wp-content\/uploads\/sites\/11\/2016\/07\/escritos-luisa-de-marillac.jpg?fit=1200%2C630&resize=350%2C200","width":350,"height":200,"srcset":"https:\/\/i0.wp.com\/vincentians.com\/es\/wp-content\/uploads\/sites\/11\/2016\/07\/escritos-luisa-de-marillac.jpg?fit=1200%2C630&resize=350%2C200 1x, https:\/\/i0.wp.com\/vincentians.com\/es\/wp-content\/uploads\/sites\/11\/2016\/07\/escritos-luisa-de-marillac.jpg?fit=1200%2C630&resize=525%2C300 1.5x, https:\/\/i0.wp.com\/vincentians.com\/es\/wp-content\/uploads\/sites\/11\/2016\/07\/escritos-luisa-de-marillac.jpg?fit=1200%2C630&resize=700%2C400 2x, https:\/\/i0.wp.com\/vincentians.com\/es\/wp-content\/uploads\/sites\/11\/2016\/07\/escritos-luisa-de-marillac.jpg?fit=1200%2C630&resize=1050%2C600 3x"},"classes":[]},{"id":120064,"url":"http:\/\/vincentians.com\/es\/luisa-de-marillac-carta-0690-a-sor-genoveva-doinel\/","url_meta":{"origin":36961,"position":1},"title":"Luisa de Marillac, Carta 0690: A Sor Genoveva Doinel","author":"Francisco Javier Fern\u00e1ndez Chento","date":"17\/04\/2013","format":false,"excerpt":"Chantilly Hoy, 3 de septiembre de 1659 Mi querida Hermana: He sentido mucho dejarla tanto tiempo sola, y alabo a Dios que me proporciona el medio de poder enviarle a nuestra querida Sor Francisca, que es de car\u00e1cter bueno y apacible y tiene un gran deseo de pertenecer a Dios\u2026","rel":"","context":"En \u00abEscritos de Luisa de Marillac\u00bb","block_context":{"text":"Escritos de Luisa de Marillac","link":"http:\/\/vincentians.com\/es\/category\/escritos\/escritos-de-luisa-de-marillac\/"},"img":{"alt_text":"","src":"https:\/\/i0.wp.com\/vincentians.com\/es\/wp-content\/uploads\/sites\/11\/2016\/07\/escritos-luisa-de-marillac.jpg?fit=1200%2C630&resize=350%2C200","width":350,"height":200,"srcset":"https:\/\/i0.wp.com\/vincentians.com\/es\/wp-content\/uploads\/sites\/11\/2016\/07\/escritos-luisa-de-marillac.jpg?fit=1200%2C630&resize=350%2C200 1x, https:\/\/i0.wp.com\/vincentians.com\/es\/wp-content\/uploads\/sites\/11\/2016\/07\/escritos-luisa-de-marillac.jpg?fit=1200%2C630&resize=525%2C300 1.5x, https:\/\/i0.wp.com\/vincentians.com\/es\/wp-content\/uploads\/sites\/11\/2016\/07\/escritos-luisa-de-marillac.jpg?fit=1200%2C630&resize=700%2C400 2x, https:\/\/i0.wp.com\/vincentians.com\/es\/wp-content\/uploads\/sites\/11\/2016\/07\/escritos-luisa-de-marillac.jpg?fit=1200%2C630&resize=1050%2C600 3x"},"classes":[]},{"id":117535,"url":"http:\/\/vincentians.com\/es\/luisa-de-marillac-carta-0677-a-mi-querida-sor-nicolasa-georget\/","url_meta":{"origin":36961,"position":2},"title":"Luisa de Marillac, Carta 0677: A mi querida Sor Nicolasa Georget","author":"Francisco Javier Fern\u00e1ndez Chento","date":"18\/01\/2013","format":false,"excerpt":"Hija de la Caridad\u00a0 Sierva de los Pobres Enfermos (Nanteuil) Hoy, 28 de marzo de 1659 Mi querida hermana: Mucho he sentido su pena por los diferentes motivos que me comunica, aunque no debemos extra\u00f1arnos por todas las murmuraciones que, mintiendo, quieran decir de nosotras, puesto que somos cristianas y,\u2026","rel":"","context":"En \u00abEscritos de Luisa de Marillac\u00bb","block_context":{"text":"Escritos de Luisa de Marillac","link":"http:\/\/vincentians.com\/es\/category\/escritos\/escritos-de-luisa-de-marillac\/"},"img":{"alt_text":"","src":"https:\/\/i0.wp.com\/vincentians.com\/es\/wp-content\/uploads\/sites\/11\/2016\/07\/escritos-luisa-de-marillac.jpg?fit=1200%2C630&resize=350%2C200","width":350,"height":200,"srcset":"https:\/\/i0.wp.com\/vincentians.com\/es\/wp-content\/uploads\/sites\/11\/2016\/07\/escritos-luisa-de-marillac.jpg?fit=1200%2C630&resize=350%2C200 1x, https:\/\/i0.wp.com\/vincentians.com\/es\/wp-content\/uploads\/sites\/11\/2016\/07\/escritos-luisa-de-marillac.jpg?fit=1200%2C630&resize=525%2C300 1.5x, https:\/\/i0.wp.com\/vincentians.com\/es\/wp-content\/uploads\/sites\/11\/2016\/07\/escritos-luisa-de-marillac.jpg?fit=1200%2C630&resize=700%2C400 2x, https:\/\/i0.wp.com\/vincentians.com\/es\/wp-content\/uploads\/sites\/11\/2016\/07\/escritos-luisa-de-marillac.jpg?fit=1200%2C630&resize=1050%2C600 3x"},"classes":[]},{"id":100680,"url":"http:\/\/vincentians.com\/es\/luisa-de-marillac-carta-0611-a-mi-querida-sor-lorenza-dubois\/","url_meta":{"origin":36961,"position":3},"title":"Luisa de Marillac, Carta 0611: A mi querida Sor Lorenza Dubois","author":"Francisco Javier Fern\u00e1ndez Chento","date":"18\/08\/2012","format":false,"excerpt":"Hija de la Caridad Sierva de los Pobres Enfermos Bernay Hoy, 16 de noviembre de 1657 : No s\u00e9 si recibe usted nuestras cartas; le hemos escrito despu\u00e9s de haber marchado ah\u00ed Sor Ana y no hemos sabido nada de ustedes, lo que me tiene preocupada; le ruego me d\u00e9\u2026","rel":"","context":"En \u00abEscritos de Luisa de Marillac\u00bb","block_context":{"text":"Escritos de Luisa de Marillac","link":"http:\/\/vincentians.com\/es\/category\/escritos\/escritos-de-luisa-de-marillac\/"},"img":{"alt_text":"","src":"https:\/\/i0.wp.com\/vincentians.com\/es\/wp-content\/uploads\/sites\/11\/2016\/07\/escritos-luisa-de-marillac.jpg?fit=1200%2C630&resize=350%2C200","width":350,"height":200,"srcset":"https:\/\/i0.wp.com\/vincentians.com\/es\/wp-content\/uploads\/sites\/11\/2016\/07\/escritos-luisa-de-marillac.jpg?fit=1200%2C630&resize=350%2C200 1x, https:\/\/i0.wp.com\/vincentians.com\/es\/wp-content\/uploads\/sites\/11\/2016\/07\/escritos-luisa-de-marillac.jpg?fit=1200%2C630&resize=525%2C300 1.5x, https:\/\/i0.wp.com\/vincentians.com\/es\/wp-content\/uploads\/sites\/11\/2016\/07\/escritos-luisa-de-marillac.jpg?fit=1200%2C630&resize=700%2C400 2x, https:\/\/i0.wp.com\/vincentians.com\/es\/wp-content\/uploads\/sites\/11\/2016\/07\/escritos-luisa-de-marillac.jpg?fit=1200%2C630&resize=1050%2C600 3x"},"classes":[]},{"id":100683,"url":"http:\/\/vincentians.com\/es\/luisa-de-marillac-carta-0614-a-mi-querida-sor-lorenza-dubois\/","url_meta":{"origin":36961,"position":4},"title":"Luisa de Marillac, Carta 0614: A mi querida Sor Lorenza Dubois","author":"Francisco Javier Fern\u00e1ndez Chento","date":"21\/08\/2012","format":false,"excerpt":"Hija de la Caridad Sierva de los pobres Enfermos Bernay Hoy, 4 de diciembre de 1657 Mi querida Hermana: Alabo a Dios con todo mi coraz\u00f3n al saber est\u00e1n ustedes en gran paz con las se\u00f1oras de la Caridad; no hay nada tan poderoso para mantenerse en ella como el\u2026","rel":"","context":"En \u00abEscritos de Luisa de Marillac\u00bb","block_context":{"text":"Escritos de Luisa de Marillac","link":"http:\/\/vincentians.com\/es\/category\/escritos\/escritos-de-luisa-de-marillac\/"},"img":{"alt_text":"","src":"https:\/\/i0.wp.com\/vincentians.com\/es\/wp-content\/uploads\/sites\/11\/2016\/07\/escritos-luisa-de-marillac.jpg?fit=1200%2C630&resize=350%2C200","width":350,"height":200,"srcset":"https:\/\/i0.wp.com\/vincentians.com\/es\/wp-content\/uploads\/sites\/11\/2016\/07\/escritos-luisa-de-marillac.jpg?fit=1200%2C630&resize=350%2C200 1x, https:\/\/i0.wp.com\/vincentians.com\/es\/wp-content\/uploads\/sites\/11\/2016\/07\/escritos-luisa-de-marillac.jpg?fit=1200%2C630&resize=525%2C300 1.5x, https:\/\/i0.wp.com\/vincentians.com\/es\/wp-content\/uploads\/sites\/11\/2016\/07\/escritos-luisa-de-marillac.jpg?fit=1200%2C630&resize=700%2C400 2x, https:\/\/i0.wp.com\/vincentians.com\/es\/wp-content\/uploads\/sites\/11\/2016\/07\/escritos-luisa-de-marillac.jpg?fit=1200%2C630&resize=1050%2C600 3x"},"classes":[]},{"id":103913,"url":"http:\/\/vincentians.com\/es\/luisa-de-marillac-carta-0645-a-mi-querida-sor-genoveva\/","url_meta":{"origin":36961,"position":5},"title":"Luisa de Marillac, Carta 0645: A mi querida Sor Genoveva","author":"Francisco Javier Fern\u00e1ndez Chento","date":"21\/09\/2012","format":false,"excerpt":"Hija de la Caridad Sierva de los Pobres Enfermos Chantilly Hoy, 12 de septiembre de 165 Mi querida Hermana: No puedo por menos de manifestarle mi dolor por saber no tiene ya con usted una lectora que le lea mis cartas, dada la necesidad, y obligaci\u00f3n por parte de nuestras\u2026","rel":"","context":"En \u00abEscritos de Luisa de Marillac\u00bb","block_context":{"text":"Escritos de Luisa de Marillac","link":"http:\/\/vincentians.com\/es\/category\/escritos\/escritos-de-luisa-de-marillac\/"},"img":{"alt_text":"","src":"https:\/\/i0.wp.com\/vincentians.com\/es\/wp-content\/uploads\/sites\/11\/2016\/07\/escritos-luisa-de-marillac.jpg?fit=1200%2C630&resize=350%2C200","width":350,"height":200,"srcset":"https:\/\/i0.wp.com\/vincentians.com\/es\/wp-content\/uploads\/sites\/11\/2016\/07\/escritos-luisa-de-marillac.jpg?fit=1200%2C630&resize=350%2C200 1x, https:\/\/i0.wp.com\/vincentians.com\/es\/wp-content\/uploads\/sites\/11\/2016\/07\/escritos-luisa-de-marillac.jpg?fit=1200%2C630&resize=525%2C300 1.5x, https:\/\/i0.wp.com\/vincentians.com\/es\/wp-content\/uploads\/sites\/11\/2016\/07\/escritos-luisa-de-marillac.jpg?fit=1200%2C630&resize=700%2C400 2x, https:\/\/i0.wp.com\/vincentians.com\/es\/wp-content\/uploads\/sites\/11\/2016\/07\/escritos-luisa-de-marillac.jpg?fit=1200%2C630&resize=1050%2C600 3x"},"classes":[]}],"_links":{"self":[{"href":"http:\/\/vincentians.com\/es\/wp-json\/wp\/v2\/posts\/36961","targetHints":{"allow":["GET"]}}],"collection":[{"href":"http:\/\/vincentians.com\/es\/wp-json\/wp\/v2\/posts"}],"about":[{"href":"http:\/\/vincentians.com\/es\/wp-json\/wp\/v2\/types\/post"}],"author":[{"embeddable":true,"href":"http:\/\/vincentians.com\/es\/wp-json\/wp\/v2\/users\/4"}],"replies":[{"embeddable":true,"href":"http:\/\/vincentians.com\/es\/wp-json\/wp\/v2\/comments?post=36961"}],"version-history":[{"count":0,"href":"http:\/\/vincentians.com\/es\/wp-json\/wp\/v2\/posts\/36961\/revisions"}],"wp:featuredmedia":[{"embeddable":true,"href":"http:\/\/vincentians.com\/es\/wp-json\/wp\/v2\/media\/393751"}],"wp:attachment":[{"href":"http:\/\/vincentians.com\/es\/wp-json\/wp\/v2\/media?parent=36961"}],"wp:term":[{"taxonomy":"category","embeddable":true,"href":"http:\/\/vincentians.com\/es\/wp-json\/wp\/v2\/categories?post=36961"},{"taxonomy":"post_tag","embeddable":true,"href":"http:\/\/vincentians.com\/es\/wp-json\/wp\/v2\/tags?post=36961"}],"curies":[{"name":"wp","href":"https:\/\/api.w.org\/{rel}","templated":true}]}}