{"id":36894,"date":"2011-05-23T03:01:39","date_gmt":"2011-05-23T01:01:39","guid":{"rendered":"http:\/\/somos.vicencianos.org\/blog\/2011\/05\/regis-clet-carta-68-a-sus-hermanos-de-congregacion-portugueses-en-pekin\/"},"modified":"2011-05-23T03:01:39","modified_gmt":"2011-05-23T01:01:39","slug":"regis-clet-carta-68-a-sus-hermanos-de-congregacion-portugueses-en-pekin","status":"publish","type":"post","link":"http:\/\/vincentians.com\/es\/regis-clet-carta-68-a-sus-hermanos-de-congregacion-portugueses-en-pekin\/","title":{"rendered":"R\u00e9gis Clet, Carta 68: A Sus Hermanos De Congregaci\u00f3n Portugueses, En Pek\u00edn"},"content":{"rendered":"<p>Desde las c\u00e1rceles de U-tchang-fu<span id='easy-footnote-1-36894' class='easy-footnote-margin-adjust'><\/span><span class='easy-footnote'><a href='http:\/\/vincentians.com\/es\/regis-clet-carta-68-a-sus-hermanos-de-congregacion-portugueses-en-pekin\/#easy-footnote-bottom-1-36894' title='CARTA 68. Casa Madre, copia ( en lat\u00edn) (B aros n. 61).'><sup>1<\/sup><\/a><\/span>\n<p>El 19 de enero de 1820<span id='easy-footnote-2-36894' class='easy-footnote-margin-adjust'><\/span><span class='easy-footnote'><a href='http:\/\/vincentians.com\/es\/regis-clet-carta-68-a-sus-hermanos-de-congregacion-portugueses-en-pekin\/#easy-footnote-bottom-2-36894' title='Monse\u00f1or Demimuid &lt;em&gt;(o. c., &lt;\/em&gt;p. 530) fija la fecha de esta carta  en 4 de enero, el Padre Baros en 4 de febrero; esta divergencia parece  provenir de una lectura defectuosa; Demimuid leer\u00eda &lt;em&gt;Die &lt;\/em&gt;&lt;em&gt;4 1\u00b0 1820, &lt;\/em&gt;y Baros &lt;em&gt;Die 4 12 1820, &lt;\/em&gt;siendo  esta segunda lectura la verdadera, o sea el 4\u00b0 d\u00eda de la 12&amp;#8242; luna de  1820, que corresponde al 19 de enero. No es la primera vez que el  Bienaventurado Clet se sirve de la fecha china; el Padre Lamiot pudo  tambi\u00e9n poner esa fecha en la copia. El 4 de enero no cuadra, pues el  Bienaventurado env\u00eda al Padre Lamiot, con la Carta 66, la presente sin  terminar; el 4 de febrero es demasiado tarde, pues ya se menciona en las  nn. 70 y 72; s\u00f3lo el 19 de enero satisface.'><sup>2<\/sup><\/a><\/span>\n<p>Padres y muy queridos hermanos,<span id='easy-footnote-3-36894' class='easy-footnote-margin-adjust'><\/span><span class='easy-footnote'><a href='http:\/\/vincentians.com\/es\/regis-clet-carta-68-a-sus-hermanos-de-congregacion-portugueses-en-pekin\/#easy-footnote-bottom-3-36894' title='Estos hermanos portugueses eran:&lt;\/p&gt;\n&lt;p&gt;Domingo Joaqu\u00edn Ferreira,  sacerdote, nacido en al di\u00f3cesis de Lisboa el 4 de agosto de 1748,  admitido en el Seminario Interno de Lisboa el 8 de mayo de 1777, emiti\u00f3  los votos el 9 de mayo de 1779. Lleg\u00f3 a Macao el 11 de septiembre de  1791, a Pek\u00edn el 24 de mayo de 1801, fue presidente del tribunal de  matem\u00e1ticas el 13 de agosto de 1808. Muri\u00f3 en Pek\u00edn el 1 de febrero de  1824.&lt;\/p&gt;\n&lt;p&gt;Jos\u00e9 Nunez Ribeiro, sacerdote, nacido en Portugal el de  mayo de 1767. Admitido en el Seminario Interno en Lisboa el 28 de  octubre de 1783, emiti\u00f3 lo votos el 29 de octu\u00adbre de 1785. Lleg\u00f3 a  Macao el 11 de septiembre de 1791, a Pek\u00edn el 24 de mayo de 1801, sucede  al P. Ferreira como presidente del tribunal de matem\u00e1ticas. Muri\u00f3 el 14  de octubre de 1826.&lt;\/p&gt;\n&lt;p&gt;Verissimo Monteiro da Serra, sacerdote,  nacido en el Portugal y admitido en el Semi\u00adnario Interno en Lisboa.  Lleg\u00f3 a Macao el 7 de septiembre de 1803, a Pek\u00edn en octu\u00adbre de 1804,  volvi\u00f3 a Macao en 1827, entr\u00f3 en Portugal en 1832. Muri\u00f3 en Bombarral el  9 de octubre de 1852.&lt;\/p&gt;\n&lt;p&gt;\u2014 Adem\u00e1s estaba en Pek\u00edn Mons. Pires, obispo de Nank\u00edn, cfr. Carta 63, nota.'><sup>3<\/sup><\/a><\/span>\n<p>La gracia de Nuestro Se\u00f1or est\u00e9 siempre con nosotros.<\/p>\n<p>Cautivo por Jesucristo, dirijo antes de morir unas palabras a mis muy queridos hermanos de Congregaci\u00f3n de la iglesia del Nan-tang que es la hermana mayor de la de Pe-tang, para agradecerles a todos la soli\u00adcitud eficaz que, en nombre y bajo la inspiraci\u00f3n del Padre Ribeiro, superior suyo y vicario general del obispo de Pek\u00edn, han mostrado, seg\u00fan tuve ocasi\u00f3n de averiguar, hacia su hermana menor, que yo, misepecador, puse en peligro grave de perecer. Apenas encuentro palabras para expresar qu\u00e9 angustia siento, cu\u00e1ntas l\u00e1grimas he derramado al saber que nuestra misi\u00f3n francesa se enfrentaba a una grave persecu\u00adci\u00f3n del emperador por causa de tres cartas, que confes\u00e9 ante el man\u00addar\u00edn, haber recibido del Padre Lamiot; de manera que \u00e9ste se vio obli\u00adgado a emprender un largo viaje para ser confrontado conmigo.<\/p>\n<p>Luego me enter\u00e9 de que enviaron ustedes, a la metr\u00f3poli de Hu-p\u00e9, dinero y a dos hombres inteligentes y prudentes,<span id='easy-footnote-4-36894' class='easy-footnote-margin-adjust'><\/span><span class='easy-footnote'><a href='http:\/\/vincentians.com\/es\/regis-clet-carta-68-a-sus-hermanos-de-congregacion-portugueses-en-pekin\/#easy-footnote-bottom-4-36894' title='Eran el catequista Tchao y Melit\u00f3n Tchang.'><sup>4<\/sup><\/a><\/span> para arreglar este espinoso asunto.<\/p>\n<p>Entonces tuve la gran esperanza de verlo llegar a feliz t\u00e9rmino con el auxilio y la protecci\u00f3n de Dios, sin cuya asistencia no se puede hacer bien alguno; pero mi esperanza se vio colmada al ver a dos mandari\u00adnes entenderse con nosotros y hasta sugerir al Padre Chen y a m\u00ed un medio eficaz de acabar favorablemente este proceso, tanto que el fu\u00adyuen ante quien comparecimos y estos dos mandarines declararon al Padre Lamiot inocente de la acusaci\u00f3n dirigida contra \u00e9l, y que nada se opone ahora a que regrese a Pek\u00edn.<\/p>\n<p>Comprenden ahora ustedes muy bien que es un deber testimoniar nuestro agradecimiento a estos mandarines, que se mostraron tan ben\u00e9\u00advolos con nosotros. Hay dos sobre todo que, desde mi llegada a Hu-p\u00e9, han demostrado hacia m\u00ed y el Padre Chen una constante y grande bon\u00addad; nos permitieron sentarnos cuando pensaron que est\u00e1bamos cansa\u00addos por una larga genuflexi\u00f3n; nos hicieron servir alimento, al enterar\u00adse que est\u00e1bamos en ayunas; en una ocasi\u00f3n incluso nos preguntaron si aquel d\u00eda era de abstinencia, y al responder nosotros negativamente, mandaron que nos trajeran carne; por fin una vez nos dieron mil sape\u00adcas. He insistido mucho ante el Padre Lamiot, quien piensa como yo, en la necesidad de expresarles nuestro agradecimiento: lo que he hablado tambi\u00e9n con Melit\u00f3n Tchang, para que les ofrezca alg\u00fan rega\u00adlo y dinero, y no sea mezquino en esta circunstancia. Es, de momento, muy conveniente y hasta indispensable mostrar nuestra gratitud. Ade\u00adm\u00e1s, ser\u00e1 muy \u00fatil en el futuro, pues tal vez se presente alguna ocasi\u00f3n en que los cristianos tengan necesidad de la protecci\u00f3n del mandar\u00edn superior, quien estar\u00e1 tanto mas dispuesto a ayudarles, cuanto m\u00e1s seguro se sienta de que saben agradecer los servicios recibidos.<span id='easy-footnote-5-36894' class='easy-footnote-margin-adjust'><\/span><span class='easy-footnote'><a href='http:\/\/vincentians.com\/es\/regis-clet-carta-68-a-sus-hermanos-de-congregacion-portugueses-en-pekin\/#easy-footnote-bottom-5-36894' title='Este p\u00e1rrafo se omite en la copia de Bazos, lo reproducimos seg\u00fan Vauris, &lt;em&gt;Le Disciple de &lt;\/em&gt;&lt;em&gt;J\u00e9sus&amp;#8230;, &lt;\/em&gt;pp. 556-557.'><sup>5<\/sup><\/a><\/span>\n<p>En lo que se refiere al regreso del Padre Lamiot a Pek\u00edn, habr\u00e1 que esperar probablemente un permiso del emperador. Ignoro si mi supli\u00adcio ser\u00e1 diferido hasta entonces o no; aqu\u00ed reina el m\u00e1s profundo silen\u00adcio sobre este tema. Espero la suerte que me est\u00e1 reservada con pacien\u00adcia y resignaci\u00f3n a la voluntad de Dios. Aunque los mandarines de esta ciudad se oponen a la pena de muerte, no podr\u00e1n dejar de obedecer al emperador, que es enemigo de los europeos y de los cristianos.<\/p>\n<p>No puedo ver al Padre Lamiot, aunque se encuentre cerca de m\u00ed. Le escribo, yo que soy m\u00e1s viejo y me encuentro en v\u00edsperas de morir, para obligarle a renunciar a toda sospecha contra ustedes; a vivir con todos ustedes en buen entendimiento; a hacer las paces sobre los asun\u00adtos que les dividen, para que no caiga una casa sobre la otra, y resul\u00adten ambas totalmente destruidas, seg\u00fan las palabras de Nuestro Se\u00f1or. Les ruego tambi\u00e9n con insistencia, a los que en el caso presente han dado una prueba tan grande de solicitud por la iglesia de Pe-tang y por su superior, que sigan manteniendo esta conducta en el futuro, para que estas dos hermanas, las \u00fanicas que sobreviven de las cuatro que han existido, conserven entre s\u00ed la concordia y la unidad fundada en la caridad.<\/p>\n<p>Me encomiendo a sus oraciones, y soy con respeto y afecto, Padres,<\/p>\n<p>Su muy humilde y obediente servidor,<\/p>\n<p>Clet.<\/p>\n","protected":false},"excerpt":{"rendered":"<p>Desde las c\u00e1rceles de U-tchang-fu El 19 de enero de 1820 Padres y muy queridos hermanos, La gracia de Nuestro Se\u00f1or est\u00e9 siempre con nosotros. Cautivo por Jesucristo, dirijo antes de morir unas palabras a &#8230; <a href=\"http:\/\/vincentians.com\/es\/regis-clet-carta-68-a-sus-hermanos-de-congregacion-portugueses-en-pekin\/\" class=\"more-link\">Read More<\/a><\/p>\n","protected":false},"author":4,"featured_media":393752,"comment_status":"open","ping_status":"open","sticky":false,"template":"","format":"standard","meta":{"jetpack_post_was_ever_published":false,"_jetpack_newsletter_access":"","_jetpack_dont_email_post_to_subs":false,"_jetpack_newsletter_tier_id":0,"_jetpack_memberships_contains_paywalled_content":false,"_jetpack_memberships_contains_paid_content":false,"footnotes":"","jetpack_publicize_message":"","jetpack_publicize_feature_enabled":true,"jetpack_social_post_already_shared":true,"jetpack_social_options":{"image_generator_settings":{"template":"highway","default_image_id":0,"font":"","enabled":false},"version":2}},"categories":[211],"tags":[],"class_list":["post-36894","post","type-post","status-publish","format-standard","has-post-thumbnail","hentry","category-escritos-de-francisco-regis-clet"],"yoast_head":"<!-- This site is optimized with the Yoast SEO plugin v26.3 - https:\/\/yoast.com\/wordpress\/plugins\/seo\/ -->\n<title>R\u00e9gis Clet, Carta 68: A Sus Hermanos De Congregaci\u00f3n Portugueses, En Pek\u00edn - Somos Vicencianos<\/title>\n<meta name=\"robots\" content=\"index, follow, max-snippet:-1, max-image-preview:large, max-video-preview:-1\" \/>\n<link rel=\"canonical\" href=\"http:\/\/vincentians.com\/es\/regis-clet-carta-68-a-sus-hermanos-de-congregacion-portugueses-en-pekin\/\" \/>\n<meta property=\"og:locale\" content=\"es_ES\" \/>\n<meta property=\"og:type\" content=\"article\" \/>\n<meta property=\"og:title\" content=\"R\u00e9gis Clet, Carta 68: A Sus Hermanos De Congregaci\u00f3n Portugueses, En Pek\u00edn - Somos Vicencianos\" \/>\n<meta property=\"og:description\" content=\"Desde las c\u00e1rceles de U-tchang-fu El 19 de enero de 1820 Padres y muy queridos hermanos, La gracia de Nuestro Se\u00f1or est\u00e9 siempre con nosotros. Cautivo por Jesucristo, dirijo antes de morir unas palabras a ... Read More\" \/>\n<meta property=\"og:url\" content=\"http:\/\/vincentians.com\/es\/regis-clet-carta-68-a-sus-hermanos-de-congregacion-portugueses-en-pekin\/\" \/>\n<meta property=\"og:site_name\" content=\"Somos Vicencianos\" \/>\n<meta property=\"article:publisher\" content=\"https:\/\/www.facebook.com\/WeAreVincentians\/\" \/>\n<meta property=\"article:author\" content=\"https:\/\/www.facebook.com\/JavierChento\" \/>\n<meta property=\"article:published_time\" content=\"2011-05-23T01:01:39+00:00\" \/>\n<meta property=\"og:image\" content=\"https:\/\/i0.wp.com\/vincentians.com\/es\/wp-content\/uploads\/sites\/11\/2016\/07\/escritos-regis-clet.jpg?fit=1200%2C630\" \/>\n\t<meta property=\"og:image:width\" content=\"1200\" \/>\n\t<meta property=\"og:image:height\" content=\"630\" \/>\n\t<meta property=\"og:image:type\" content=\"image\/jpeg\" \/>\n<meta name=\"author\" content=\"Francisco Javier Fern\u00e1ndez Chento\" \/>\n<meta name=\"twitter:card\" content=\"summary_large_image\" \/>\n<meta name=\"twitter:creator\" content=\"@https:\/\/twitter.com\/javierchento\" \/>\n<meta name=\"twitter:site\" content=\"@WeVincentians\" \/>\n<meta name=\"twitter:label1\" content=\"Escrito por\" \/>\n\t<meta name=\"twitter:data1\" content=\"Francisco Javier Fern\u00e1ndez Chento\" \/>\n\t<meta name=\"twitter:label2\" content=\"Tiempo de lectura\" \/>\n\t<meta name=\"twitter:data2\" content=\"6 minutos\" \/>\n<script type=\"application\/ld+json\" class=\"yoast-schema-graph\">{\"@context\":\"https:\/\/schema.org\",\"@graph\":[{\"@type\":\"Article\",\"@id\":\"http:\/\/vincentians.com\/es\/regis-clet-carta-68-a-sus-hermanos-de-congregacion-portugueses-en-pekin\/#article\",\"isPartOf\":{\"@id\":\"http:\/\/vincentians.com\/es\/regis-clet-carta-68-a-sus-hermanos-de-congregacion-portugueses-en-pekin\/\"},\"author\":{\"name\":\"Francisco Javier Fern\u00e1ndez Chento\",\"@id\":\"http:\/\/vincentians.com\/es\/#\/schema\/person\/9623ef4d9aa3b2dfb8c061f1499288f2\"},\"headline\":\"R\u00e9gis Clet, Carta 68: A Sus Hermanos De Congregaci\u00f3n Portugueses, En Pek\u00edn\",\"datePublished\":\"2011-05-23T01:01:39+00:00\",\"mainEntityOfPage\":{\"@id\":\"http:\/\/vincentians.com\/es\/regis-clet-carta-68-a-sus-hermanos-de-congregacion-portugueses-en-pekin\/\"},\"wordCount\":1146,\"commentCount\":0,\"publisher\":{\"@id\":\"http:\/\/vincentians.com\/es\/#organization\"},\"image\":{\"@id\":\"http:\/\/vincentians.com\/es\/regis-clet-carta-68-a-sus-hermanos-de-congregacion-portugueses-en-pekin\/#primaryimage\"},\"thumbnailUrl\":\"https:\/\/i0.wp.com\/vincentians.com\/es\/wp-content\/uploads\/sites\/11\/2016\/07\/escritos-regis-clet.jpg?fit=1200%2C630\",\"articleSection\":[\"Escritos de Francisco R\u00e9gis Clet\"],\"inLanguage\":\"es\",\"potentialAction\":[{\"@type\":\"CommentAction\",\"name\":\"Comment\",\"target\":[\"http:\/\/vincentians.com\/es\/regis-clet-carta-68-a-sus-hermanos-de-congregacion-portugueses-en-pekin\/#respond\"]}]},{\"@type\":\"WebPage\",\"@id\":\"http:\/\/vincentians.com\/es\/regis-clet-carta-68-a-sus-hermanos-de-congregacion-portugueses-en-pekin\/\",\"url\":\"http:\/\/vincentians.com\/es\/regis-clet-carta-68-a-sus-hermanos-de-congregacion-portugueses-en-pekin\/\",\"name\":\"R\u00e9gis Clet, Carta 68: A Sus Hermanos De Congregaci\u00f3n Portugueses, En Pek\u00edn - Somos Vicencianos\",\"isPartOf\":{\"@id\":\"http:\/\/vincentians.com\/es\/#website\"},\"primaryImageOfPage\":{\"@id\":\"http:\/\/vincentians.com\/es\/regis-clet-carta-68-a-sus-hermanos-de-congregacion-portugueses-en-pekin\/#primaryimage\"},\"image\":{\"@id\":\"http:\/\/vincentians.com\/es\/regis-clet-carta-68-a-sus-hermanos-de-congregacion-portugueses-en-pekin\/#primaryimage\"},\"thumbnailUrl\":\"https:\/\/i0.wp.com\/vincentians.com\/es\/wp-content\/uploads\/sites\/11\/2016\/07\/escritos-regis-clet.jpg?fit=1200%2C630\",\"datePublished\":\"2011-05-23T01:01:39+00:00\",\"breadcrumb\":{\"@id\":\"http:\/\/vincentians.com\/es\/regis-clet-carta-68-a-sus-hermanos-de-congregacion-portugueses-en-pekin\/#breadcrumb\"},\"inLanguage\":\"es\",\"potentialAction\":[{\"@type\":\"ReadAction\",\"target\":[\"http:\/\/vincentians.com\/es\/regis-clet-carta-68-a-sus-hermanos-de-congregacion-portugueses-en-pekin\/\"]}]},{\"@type\":\"ImageObject\",\"inLanguage\":\"es\",\"@id\":\"http:\/\/vincentians.com\/es\/regis-clet-carta-68-a-sus-hermanos-de-congregacion-portugueses-en-pekin\/#primaryimage\",\"url\":\"https:\/\/i0.wp.com\/vincentians.com\/es\/wp-content\/uploads\/sites\/11\/2016\/07\/escritos-regis-clet.jpg?fit=1200%2C630\",\"contentUrl\":\"https:\/\/i0.wp.com\/vincentians.com\/es\/wp-content\/uploads\/sites\/11\/2016\/07\/escritos-regis-clet.jpg?fit=1200%2C630\",\"width\":1200,\"height\":630},{\"@type\":\"BreadcrumbList\",\"@id\":\"http:\/\/vincentians.com\/es\/regis-clet-carta-68-a-sus-hermanos-de-congregacion-portugueses-en-pekin\/#breadcrumb\",\"itemListElement\":[{\"@type\":\"ListItem\",\"position\":1,\"name\":\"Portada\",\"item\":\"http:\/\/vincentians.com\/es\/\"},{\"@type\":\"ListItem\",\"position\":2,\"name\":\"R\u00e9gis Clet, Carta 68: A Sus Hermanos De Congregaci\u00f3n Portugueses, En Pek\u00edn\"}]},{\"@type\":\"WebSite\",\"@id\":\"http:\/\/vincentians.com\/es\/#website\",\"url\":\"http:\/\/vincentians.com\/es\/\",\"name\":\"Somos Vicencianos\",\"description\":\"Know more to serve more\",\"publisher\":{\"@id\":\"http:\/\/vincentians.com\/es\/#organization\"},\"potentialAction\":[{\"@type\":\"SearchAction\",\"target\":{\"@type\":\"EntryPoint\",\"urlTemplate\":\"http:\/\/vincentians.com\/es\/?s={search_term_string}\"},\"query-input\":{\"@type\":\"PropertyValueSpecification\",\"valueRequired\":true,\"valueName\":\"search_term_string\"}}],\"inLanguage\":\"es\"},{\"@type\":\"Organization\",\"@id\":\"http:\/\/vincentians.com\/es\/#organization\",\"name\":\"The Vincentian Network\",\"url\":\"http:\/\/vincentians.com\/es\/\",\"logo\":{\"@type\":\"ImageObject\",\"inLanguage\":\"es\",\"@id\":\"http:\/\/vincentians.com\/es\/#\/schema\/logo\/image\/\",\"url\":\"https:\/\/i1.wp.com\/vincentians.com\/es\/wp-content\/uploads\/sites\/11\/2016\/06\/Vincentian-Network-logo-big.png?fit=778%2C778\",\"contentUrl\":\"https:\/\/i1.wp.com\/vincentians.com\/es\/wp-content\/uploads\/sites\/11\/2016\/06\/Vincentian-Network-logo-big.png?fit=778%2C778\",\"width\":778,\"height\":778,\"caption\":\"The Vincentian Network\"},\"image\":{\"@id\":\"http:\/\/vincentians.com\/es\/#\/schema\/logo\/image\/\"},\"sameAs\":[\"https:\/\/www.facebook.com\/WeAreVincentians\/\",\"https:\/\/x.com\/WeVincentians\"]},{\"@type\":\"Person\",\"@id\":\"http:\/\/vincentians.com\/es\/#\/schema\/person\/9623ef4d9aa3b2dfb8c061f1499288f2\",\"name\":\"Francisco Javier Fern\u00e1ndez Chento\",\"image\":{\"@type\":\"ImageObject\",\"inLanguage\":\"es\",\"@id\":\"http:\/\/vincentians.com\/es\/#\/schema\/person\/image\/\",\"url\":\"https:\/\/secure.gravatar.com\/avatar\/497d5cde87b4c3d097d0315953521681ba2cd523ee66e5077c3711f7021e65de?s=96&d=mm&r=g\",\"contentUrl\":\"https:\/\/secure.gravatar.com\/avatar\/497d5cde87b4c3d097d0315953521681ba2cd523ee66e5077c3711f7021e65de?s=96&d=mm&r=g\",\"caption\":\"Francisco Javier Fern\u00e1ndez Chento\"},\"description\":\"Director General y cofundador de La Red de Formaci\u00f3n Vicenciana. Javier es laico vicenciano, afiliado a la Congregaci\u00f3n de la Misi\u00f3n y miembro del Equipo de Misiones Populares de la provincia can\u00f3nica de Zaragoza (Espa\u00f1a) de la Congregaci\u00f3n de la Misi\u00f3n. Graduado en la Universidad Oberta de Catalunya con cuatro grados (Asistente de direcci\u00f3n, Gesti\u00f3n Administrativa, Recursos Humanos y Contabilidad Avanzada). Bil\u00edng\u00fce Espa\u00f1ol\/Ingl\u00e9s. gestiona y mantiene varias p\u00e1ginas web cristianas y vicencianas, incluida including La Red de Formaci\u00f3n Vicenciana, de la que es cofundador. Actualmente es responsable del \u00e1rea de Espa\u00f1ol de .famvin, la Red de Noticias de la Familia Vicenciana. Tambi\u00e9n es m\u00fasico cat\u00f3lico y ha editado varios discos. Es Director General y cofundador de Trovador, una reconocida compa\u00f1\u00eda discogr\u00e1fica critiana de Espa\u00f1a. Trabaja en las Tecnolog\u00edas de la Informaci\u00f3n, ofreciendo servicios de alojamiento, dise\u00f1o y mantenimiento Web, as\u00ed como asesoramiento, formaci\u00f3n y soluciones inform\u00e1ticas, gesti\u00f3n documental y digitalizaci\u00f3n de textos, edici\u00f3n y maquetaci\u00f3n de libros, revistas, flyers, etc.\",\"sameAs\":[\"http:\/\/chento.org\",\"https:\/\/www.facebook.com\/JavierChento\",\"https:\/\/x.com\/https:\/\/twitter.com\/javierchento\"],\"url\":\"http:\/\/vincentians.com\/es\/author\/chento\/\"}]}<\/script>\n<!-- \/ Yoast SEO plugin. -->","yoast_head_json":{"title":"R\u00e9gis Clet, Carta 68: A Sus Hermanos De Congregaci\u00f3n Portugueses, En Pek\u00edn - Somos Vicencianos","robots":{"index":"index","follow":"follow","max-snippet":"max-snippet:-1","max-image-preview":"max-image-preview:large","max-video-preview":"max-video-preview:-1"},"canonical":"http:\/\/vincentians.com\/es\/regis-clet-carta-68-a-sus-hermanos-de-congregacion-portugueses-en-pekin\/","og_locale":"es_ES","og_type":"article","og_title":"R\u00e9gis Clet, Carta 68: A Sus Hermanos De Congregaci\u00f3n Portugueses, En Pek\u00edn - Somos Vicencianos","og_description":"Desde las c\u00e1rceles de U-tchang-fu El 19 de enero de 1820 Padres y muy queridos hermanos, La gracia de Nuestro Se\u00f1or est\u00e9 siempre con nosotros. Cautivo por Jesucristo, dirijo antes de morir unas palabras a ... Read More","og_url":"http:\/\/vincentians.com\/es\/regis-clet-carta-68-a-sus-hermanos-de-congregacion-portugueses-en-pekin\/","og_site_name":"Somos Vicencianos","article_publisher":"https:\/\/www.facebook.com\/WeAreVincentians\/","article_author":"https:\/\/www.facebook.com\/JavierChento","article_published_time":"2011-05-23T01:01:39+00:00","og_image":[{"width":1200,"height":630,"url":"https:\/\/i0.wp.com\/vincentians.com\/es\/wp-content\/uploads\/sites\/11\/2016\/07\/escritos-regis-clet.jpg?fit=1200%2C630","type":"image\/jpeg"}],"author":"Francisco Javier Fern\u00e1ndez Chento","twitter_card":"summary_large_image","twitter_creator":"@https:\/\/twitter.com\/javierchento","twitter_site":"@WeVincentians","twitter_misc":{"Escrito por":"Francisco Javier Fern\u00e1ndez Chento","Tiempo de lectura":"6 minutos"},"schema":{"@context":"https:\/\/schema.org","@graph":[{"@type":"Article","@id":"http:\/\/vincentians.com\/es\/regis-clet-carta-68-a-sus-hermanos-de-congregacion-portugueses-en-pekin\/#article","isPartOf":{"@id":"http:\/\/vincentians.com\/es\/regis-clet-carta-68-a-sus-hermanos-de-congregacion-portugueses-en-pekin\/"},"author":{"name":"Francisco Javier Fern\u00e1ndez Chento","@id":"http:\/\/vincentians.com\/es\/#\/schema\/person\/9623ef4d9aa3b2dfb8c061f1499288f2"},"headline":"R\u00e9gis Clet, Carta 68: A Sus Hermanos De Congregaci\u00f3n Portugueses, En Pek\u00edn","datePublished":"2011-05-23T01:01:39+00:00","mainEntityOfPage":{"@id":"http:\/\/vincentians.com\/es\/regis-clet-carta-68-a-sus-hermanos-de-congregacion-portugueses-en-pekin\/"},"wordCount":1146,"commentCount":0,"publisher":{"@id":"http:\/\/vincentians.com\/es\/#organization"},"image":{"@id":"http:\/\/vincentians.com\/es\/regis-clet-carta-68-a-sus-hermanos-de-congregacion-portugueses-en-pekin\/#primaryimage"},"thumbnailUrl":"https:\/\/i0.wp.com\/vincentians.com\/es\/wp-content\/uploads\/sites\/11\/2016\/07\/escritos-regis-clet.jpg?fit=1200%2C630","articleSection":["Escritos de Francisco R\u00e9gis Clet"],"inLanguage":"es","potentialAction":[{"@type":"CommentAction","name":"Comment","target":["http:\/\/vincentians.com\/es\/regis-clet-carta-68-a-sus-hermanos-de-congregacion-portugueses-en-pekin\/#respond"]}]},{"@type":"WebPage","@id":"http:\/\/vincentians.com\/es\/regis-clet-carta-68-a-sus-hermanos-de-congregacion-portugueses-en-pekin\/","url":"http:\/\/vincentians.com\/es\/regis-clet-carta-68-a-sus-hermanos-de-congregacion-portugueses-en-pekin\/","name":"R\u00e9gis Clet, Carta 68: A Sus Hermanos De Congregaci\u00f3n Portugueses, En Pek\u00edn - Somos Vicencianos","isPartOf":{"@id":"http:\/\/vincentians.com\/es\/#website"},"primaryImageOfPage":{"@id":"http:\/\/vincentians.com\/es\/regis-clet-carta-68-a-sus-hermanos-de-congregacion-portugueses-en-pekin\/#primaryimage"},"image":{"@id":"http:\/\/vincentians.com\/es\/regis-clet-carta-68-a-sus-hermanos-de-congregacion-portugueses-en-pekin\/#primaryimage"},"thumbnailUrl":"https:\/\/i0.wp.com\/vincentians.com\/es\/wp-content\/uploads\/sites\/11\/2016\/07\/escritos-regis-clet.jpg?fit=1200%2C630","datePublished":"2011-05-23T01:01:39+00:00","breadcrumb":{"@id":"http:\/\/vincentians.com\/es\/regis-clet-carta-68-a-sus-hermanos-de-congregacion-portugueses-en-pekin\/#breadcrumb"},"inLanguage":"es","potentialAction":[{"@type":"ReadAction","target":["http:\/\/vincentians.com\/es\/regis-clet-carta-68-a-sus-hermanos-de-congregacion-portugueses-en-pekin\/"]}]},{"@type":"ImageObject","inLanguage":"es","@id":"http:\/\/vincentians.com\/es\/regis-clet-carta-68-a-sus-hermanos-de-congregacion-portugueses-en-pekin\/#primaryimage","url":"https:\/\/i0.wp.com\/vincentians.com\/es\/wp-content\/uploads\/sites\/11\/2016\/07\/escritos-regis-clet.jpg?fit=1200%2C630","contentUrl":"https:\/\/i0.wp.com\/vincentians.com\/es\/wp-content\/uploads\/sites\/11\/2016\/07\/escritos-regis-clet.jpg?fit=1200%2C630","width":1200,"height":630},{"@type":"BreadcrumbList","@id":"http:\/\/vincentians.com\/es\/regis-clet-carta-68-a-sus-hermanos-de-congregacion-portugueses-en-pekin\/#breadcrumb","itemListElement":[{"@type":"ListItem","position":1,"name":"Portada","item":"http:\/\/vincentians.com\/es\/"},{"@type":"ListItem","position":2,"name":"R\u00e9gis Clet, Carta 68: A Sus Hermanos De Congregaci\u00f3n Portugueses, En Pek\u00edn"}]},{"@type":"WebSite","@id":"http:\/\/vincentians.com\/es\/#website","url":"http:\/\/vincentians.com\/es\/","name":"Somos Vicencianos","description":"Know more to serve more","publisher":{"@id":"http:\/\/vincentians.com\/es\/#organization"},"potentialAction":[{"@type":"SearchAction","target":{"@type":"EntryPoint","urlTemplate":"http:\/\/vincentians.com\/es\/?s={search_term_string}"},"query-input":{"@type":"PropertyValueSpecification","valueRequired":true,"valueName":"search_term_string"}}],"inLanguage":"es"},{"@type":"Organization","@id":"http:\/\/vincentians.com\/es\/#organization","name":"The Vincentian Network","url":"http:\/\/vincentians.com\/es\/","logo":{"@type":"ImageObject","inLanguage":"es","@id":"http:\/\/vincentians.com\/es\/#\/schema\/logo\/image\/","url":"https:\/\/i1.wp.com\/vincentians.com\/es\/wp-content\/uploads\/sites\/11\/2016\/06\/Vincentian-Network-logo-big.png?fit=778%2C778","contentUrl":"https:\/\/i1.wp.com\/vincentians.com\/es\/wp-content\/uploads\/sites\/11\/2016\/06\/Vincentian-Network-logo-big.png?fit=778%2C778","width":778,"height":778,"caption":"The Vincentian Network"},"image":{"@id":"http:\/\/vincentians.com\/es\/#\/schema\/logo\/image\/"},"sameAs":["https:\/\/www.facebook.com\/WeAreVincentians\/","https:\/\/x.com\/WeVincentians"]},{"@type":"Person","@id":"http:\/\/vincentians.com\/es\/#\/schema\/person\/9623ef4d9aa3b2dfb8c061f1499288f2","name":"Francisco Javier Fern\u00e1ndez Chento","image":{"@type":"ImageObject","inLanguage":"es","@id":"http:\/\/vincentians.com\/es\/#\/schema\/person\/image\/","url":"https:\/\/secure.gravatar.com\/avatar\/497d5cde87b4c3d097d0315953521681ba2cd523ee66e5077c3711f7021e65de?s=96&d=mm&r=g","contentUrl":"https:\/\/secure.gravatar.com\/avatar\/497d5cde87b4c3d097d0315953521681ba2cd523ee66e5077c3711f7021e65de?s=96&d=mm&r=g","caption":"Francisco Javier Fern\u00e1ndez Chento"},"description":"Director General y cofundador de La Red de Formaci\u00f3n Vicenciana. Javier es laico vicenciano, afiliado a la Congregaci\u00f3n de la Misi\u00f3n y miembro del Equipo de Misiones Populares de la provincia can\u00f3nica de Zaragoza (Espa\u00f1a) de la Congregaci\u00f3n de la Misi\u00f3n. Graduado en la Universidad Oberta de Catalunya con cuatro grados (Asistente de direcci\u00f3n, Gesti\u00f3n Administrativa, Recursos Humanos y Contabilidad Avanzada). Bil\u00edng\u00fce Espa\u00f1ol\/Ingl\u00e9s. gestiona y mantiene varias p\u00e1ginas web cristianas y vicencianas, incluida including La Red de Formaci\u00f3n Vicenciana, de la que es cofundador. Actualmente es responsable del \u00e1rea de Espa\u00f1ol de .famvin, la Red de Noticias de la Familia Vicenciana. Tambi\u00e9n es m\u00fasico cat\u00f3lico y ha editado varios discos. Es Director General y cofundador de Trovador, una reconocida compa\u00f1\u00eda discogr\u00e1fica critiana de Espa\u00f1a. Trabaja en las Tecnolog\u00edas de la Informaci\u00f3n, ofreciendo servicios de alojamiento, dise\u00f1o y mantenimiento Web, as\u00ed como asesoramiento, formaci\u00f3n y soluciones inform\u00e1ticas, gesti\u00f3n documental y digitalizaci\u00f3n de textos, edici\u00f3n y maquetaci\u00f3n de libros, revistas, flyers, etc.","sameAs":["http:\/\/chento.org","https:\/\/www.facebook.com\/JavierChento","https:\/\/x.com\/https:\/\/twitter.com\/javierchento"],"url":"http:\/\/vincentians.com\/es\/author\/chento\/"}]}},"jetpack_publicize_connections":[],"jetpack_featured_media_url":"https:\/\/i0.wp.com\/vincentians.com\/es\/wp-content\/uploads\/sites\/11\/2016\/07\/escritos-regis-clet.jpg?fit=1200%2C630","jetpack_sharing_enabled":true,"jetpack_shortlink":"https:\/\/wp.me\/p7ETMF-9B4","jetpack-related-posts":[{"id":36901,"url":"http:\/\/vincentians.com\/es\/regis-clet-carta-73-a-luis-lamiot-c-m-en-u-tchang\/","url_meta":{"origin":36894,"position":0},"title":"R\u00e9gis Clet, Carta 73: A Luis Lamiot, C.M., En U-Tch&#8217;ang","author":"Francisco Javier Fern\u00e1ndez Chento","date":"28\/05\/2011","format":false,"excerpt":"4 de febrero de 1820 J.M.J. Padre y muy querido superior, He dado cumplimiento lo mejor que he podido a la muy pesada obligaci\u00f3n de escribir a Nant'ang; pido a Dios que esta carta produzca el buen efecto que me propuse al escribirla. Me apresuro a envi\u00e1rsela, porque no s\u00e9\u2026","rel":"","context":"En \u00abEscritos de Francisco R\u00e9gis Clet\u00bb","block_context":{"text":"Escritos de Francisco R\u00e9gis Clet","link":"http:\/\/vincentians.com\/es\/category\/escritos\/escritos-de-francisco-regis-clet\/"},"img":{"alt_text":"","src":"https:\/\/i0.wp.com\/vincentians.com\/es\/wp-content\/uploads\/sites\/11\/2016\/07\/escritos-regis-clet.jpg?fit=1200%2C630&resize=350%2C200","width":350,"height":200,"srcset":"https:\/\/i0.wp.com\/vincentians.com\/es\/wp-content\/uploads\/sites\/11\/2016\/07\/escritos-regis-clet.jpg?fit=1200%2C630&resize=350%2C200 1x, https:\/\/i0.wp.com\/vincentians.com\/es\/wp-content\/uploads\/sites\/11\/2016\/07\/escritos-regis-clet.jpg?fit=1200%2C630&resize=525%2C300 1.5x, https:\/\/i0.wp.com\/vincentians.com\/es\/wp-content\/uploads\/sites\/11\/2016\/07\/escritos-regis-clet.jpg?fit=1200%2C630&resize=700%2C400 2x, https:\/\/i0.wp.com\/vincentians.com\/es\/wp-content\/uploads\/sites\/11\/2016\/07\/escritos-regis-clet.jpg?fit=1200%2C630&resize=1050%2C600 3x"},"classes":[]},{"id":36892,"url":"http:\/\/vincentians.com\/es\/regis-clet-carta-66-a-luis-lamiot-c-m-en-u-tchang\/","url_meta":{"origin":36894,"position":1},"title":"R\u00e9gis Clet, Carta 66: A Luis Lamiot, C.M., En U-Tchang","author":"Francisco Javier Fern\u00e1ndez Chento","date":"21\/05\/2011","format":false,"excerpt":"Desde las prisiones de U-tch'ang-seng, antes del 14 de enero de 1820 J.M.J. Padre, S\u00e9 que ha recibido el escrito que el Ta-gin fu yuen ha enviado al emperador con relaci\u00f3n a usted, al Padre Chen y a m\u00ed. Le ruego me lo comunique. No tema asustarme, si pronuncia contra\u2026","rel":"","context":"En \u00abEscritos de Francisco R\u00e9gis Clet\u00bb","block_context":{"text":"Escritos de Francisco R\u00e9gis Clet","link":"http:\/\/vincentians.com\/es\/category\/escritos\/escritos-de-francisco-regis-clet\/"},"img":{"alt_text":"","src":"https:\/\/i0.wp.com\/vincentians.com\/es\/wp-content\/uploads\/sites\/11\/2016\/07\/escritos-regis-clet.jpg?fit=1200%2C630&resize=350%2C200","width":350,"height":200,"srcset":"https:\/\/i0.wp.com\/vincentians.com\/es\/wp-content\/uploads\/sites\/11\/2016\/07\/escritos-regis-clet.jpg?fit=1200%2C630&resize=350%2C200 1x, https:\/\/i0.wp.com\/vincentians.com\/es\/wp-content\/uploads\/sites\/11\/2016\/07\/escritos-regis-clet.jpg?fit=1200%2C630&resize=525%2C300 1.5x, https:\/\/i0.wp.com\/vincentians.com\/es\/wp-content\/uploads\/sites\/11\/2016\/07\/escritos-regis-clet.jpg?fit=1200%2C630&resize=700%2C400 2x, https:\/\/i0.wp.com\/vincentians.com\/es\/wp-content\/uploads\/sites\/11\/2016\/07\/escritos-regis-clet.jpg?fit=1200%2C630&resize=1050%2C600 3x"},"classes":[]},{"id":36899,"url":"http:\/\/vincentians.com\/es\/regis-clet-carta-71-a-luis-lamiot-c-m-en-u-tchang\/","url_meta":{"origin":36894,"position":2},"title":"R\u00e9gis Clet, Carta 71: A Luis Lamiot, C.M., En U-Tchang","author":"Francisco Javier Fern\u00e1ndez Chento","date":"26\/05\/2011","format":false,"excerpt":"Antes del 31 de enero de 1820 J.M.J. Padre, En su carta latina, la que ha escrito currente calamo, parece anima\u00addo de ese esp\u00edritu de caridad que le cae tan bien a un hijo del caritati\u00advo san Vicente. Pero decida con claridad si va a ser usted quien en pro\u00adpio\u2026","rel":"","context":"En \u00abEscritos de Francisco R\u00e9gis Clet\u00bb","block_context":{"text":"Escritos de Francisco R\u00e9gis Clet","link":"http:\/\/vincentians.com\/es\/category\/escritos\/escritos-de-francisco-regis-clet\/"},"img":{"alt_text":"","src":"https:\/\/i0.wp.com\/vincentians.com\/es\/wp-content\/uploads\/sites\/11\/2016\/07\/escritos-regis-clet.jpg?fit=1200%2C630&resize=350%2C200","width":350,"height":200,"srcset":"https:\/\/i0.wp.com\/vincentians.com\/es\/wp-content\/uploads\/sites\/11\/2016\/07\/escritos-regis-clet.jpg?fit=1200%2C630&resize=350%2C200 1x, https:\/\/i0.wp.com\/vincentians.com\/es\/wp-content\/uploads\/sites\/11\/2016\/07\/escritos-regis-clet.jpg?fit=1200%2C630&resize=525%2C300 1.5x, https:\/\/i0.wp.com\/vincentians.com\/es\/wp-content\/uploads\/sites\/11\/2016\/07\/escritos-regis-clet.jpg?fit=1200%2C630&resize=700%2C400 2x, https:\/\/i0.wp.com\/vincentians.com\/es\/wp-content\/uploads\/sites\/11\/2016\/07\/escritos-regis-clet.jpg?fit=1200%2C630&resize=1050%2C600 3x"},"classes":[]},{"id":36903,"url":"http:\/\/vincentians.com\/es\/regis-clet-carta-75-a-luis-lamiot-c-m-en-u-tchang\/","url_meta":{"origin":36894,"position":3},"title":"R\u00e9gis Clet, Carta 75: A Luis Lamiot, C.M., En U-Tch&#8217;ang","author":"Francisco Javier Fern\u00e1ndez Chento","date":"30\/05\/2011","format":false,"excerpt":"Entre el 15 y el 17 de febrero Padre y muy querido Superior, Bien o mal, creo haber cumplido toda la tarea que me encomend\u00f3: no me resta ya m\u00e1s que prepararme a morir, lo que deseo m\u00e1s que vivir. Le confieso que prefiero mi suerte a la de usted:\u2026","rel":"","context":"En \u00abEscritos de Francisco R\u00e9gis Clet\u00bb","block_context":{"text":"Escritos de Francisco R\u00e9gis Clet","link":"http:\/\/vincentians.com\/es\/category\/escritos\/escritos-de-francisco-regis-clet\/"},"img":{"alt_text":"","src":"https:\/\/i0.wp.com\/vincentians.com\/es\/wp-content\/uploads\/sites\/11\/2016\/07\/escritos-regis-clet.jpg?fit=1200%2C630&resize=350%2C200","width":350,"height":200,"srcset":"https:\/\/i0.wp.com\/vincentians.com\/es\/wp-content\/uploads\/sites\/11\/2016\/07\/escritos-regis-clet.jpg?fit=1200%2C630&resize=350%2C200 1x, https:\/\/i0.wp.com\/vincentians.com\/es\/wp-content\/uploads\/sites\/11\/2016\/07\/escritos-regis-clet.jpg?fit=1200%2C630&resize=525%2C300 1.5x, https:\/\/i0.wp.com\/vincentians.com\/es\/wp-content\/uploads\/sites\/11\/2016\/07\/escritos-regis-clet.jpg?fit=1200%2C630&resize=700%2C400 2x, https:\/\/i0.wp.com\/vincentians.com\/es\/wp-content\/uploads\/sites\/11\/2016\/07\/escritos-regis-clet.jpg?fit=1200%2C630&resize=1050%2C600 3x"},"classes":[]},{"id":36897,"url":"http:\/\/vincentians.com\/es\/regis-clet-carta-69-a-jose-nunes-ribeiro-c-m-en-pekin\/","url_meta":{"origin":36894,"position":4},"title":"R\u00e9gis Clet, Carta 69: A Jos\u00e9 Nunes Ribeiro, C.M., En Pek\u00edn","author":"Francisco Javier Fern\u00e1ndez Chento","date":"24\/05\/2011","format":false,"excerpt":"19 de enero de 1820 Padre y muy querido hermano, La gracia de Nuestro Se\u00f1or est\u00e9 siempre con nosotros. Aprovecho con gozo la ocasi\u00f3n de renovarme en su amistad, por\u00adque la primera vez que le vi [en Macao], su conversaci\u00f3n me agrad\u00f3 mucho, y experimentaba un gran placer cuando ven\u00eda\u2026","rel":"","context":"En \u00abEscritos de Francisco R\u00e9gis Clet\u00bb","block_context":{"text":"Escritos de Francisco R\u00e9gis Clet","link":"http:\/\/vincentians.com\/es\/category\/escritos\/escritos-de-francisco-regis-clet\/"},"img":{"alt_text":"","src":"https:\/\/i0.wp.com\/vincentians.com\/es\/wp-content\/uploads\/sites\/11\/2016\/07\/escritos-regis-clet.jpg?fit=1200%2C630&resize=350%2C200","width":350,"height":200,"srcset":"https:\/\/i0.wp.com\/vincentians.com\/es\/wp-content\/uploads\/sites\/11\/2016\/07\/escritos-regis-clet.jpg?fit=1200%2C630&resize=350%2C200 1x, https:\/\/i0.wp.com\/vincentians.com\/es\/wp-content\/uploads\/sites\/11\/2016\/07\/escritos-regis-clet.jpg?fit=1200%2C630&resize=525%2C300 1.5x, https:\/\/i0.wp.com\/vincentians.com\/es\/wp-content\/uploads\/sites\/11\/2016\/07\/escritos-regis-clet.jpg?fit=1200%2C630&resize=700%2C400 2x, https:\/\/i0.wp.com\/vincentians.com\/es\/wp-content\/uploads\/sites\/11\/2016\/07\/escritos-regis-clet.jpg?fit=1200%2C630&resize=1050%2C600 3x"},"classes":[]},{"id":36900,"url":"http:\/\/vincentians.com\/es\/regis-clet-carta-72-a-sus-hermanos-de-congregacion-portugueses-en-pekin\/","url_meta":{"origin":36894,"position":5},"title":"R\u00e9gis Clet, Carta 72: A Sus Hermanos De Congregaci\u00f3n Portugueses, En Pek\u00edn","author":"Francisco Javier Fern\u00e1ndez Chento","date":"27\/05\/2011","format":false,"excerpt":"[31 de enero de 1820] Padres y muy queridos hermanos, La gracia de Nuestro Se\u00f1or est\u00e9 siempre con nosotros. Cuando les escrib\u00ed por primera vez, a usted y al Padre Ribeiro, sab\u00eda s\u00f3lo de manera confusa que exist\u00eda alg\u00fan mal entendimiento entre las dos iglesias de Nan-tang y de Pet'\u2026","rel":"","context":"En \u00abEscritos de Francisco R\u00e9gis Clet\u00bb","block_context":{"text":"Escritos de Francisco R\u00e9gis Clet","link":"http:\/\/vincentians.com\/es\/category\/escritos\/escritos-de-francisco-regis-clet\/"},"img":{"alt_text":"","src":"https:\/\/i0.wp.com\/vincentians.com\/es\/wp-content\/uploads\/sites\/11\/2016\/07\/escritos-regis-clet.jpg?fit=1200%2C630&resize=350%2C200","width":350,"height":200,"srcset":"https:\/\/i0.wp.com\/vincentians.com\/es\/wp-content\/uploads\/sites\/11\/2016\/07\/escritos-regis-clet.jpg?fit=1200%2C630&resize=350%2C200 1x, https:\/\/i0.wp.com\/vincentians.com\/es\/wp-content\/uploads\/sites\/11\/2016\/07\/escritos-regis-clet.jpg?fit=1200%2C630&resize=525%2C300 1.5x, https:\/\/i0.wp.com\/vincentians.com\/es\/wp-content\/uploads\/sites\/11\/2016\/07\/escritos-regis-clet.jpg?fit=1200%2C630&resize=700%2C400 2x, https:\/\/i0.wp.com\/vincentians.com\/es\/wp-content\/uploads\/sites\/11\/2016\/07\/escritos-regis-clet.jpg?fit=1200%2C630&resize=1050%2C600 3x"},"classes":[]}],"_links":{"self":[{"href":"http:\/\/vincentians.com\/es\/wp-json\/wp\/v2\/posts\/36894","targetHints":{"allow":["GET"]}}],"collection":[{"href":"http:\/\/vincentians.com\/es\/wp-json\/wp\/v2\/posts"}],"about":[{"href":"http:\/\/vincentians.com\/es\/wp-json\/wp\/v2\/types\/post"}],"author":[{"embeddable":true,"href":"http:\/\/vincentians.com\/es\/wp-json\/wp\/v2\/users\/4"}],"replies":[{"embeddable":true,"href":"http:\/\/vincentians.com\/es\/wp-json\/wp\/v2\/comments?post=36894"}],"version-history":[{"count":0,"href":"http:\/\/vincentians.com\/es\/wp-json\/wp\/v2\/posts\/36894\/revisions"}],"wp:featuredmedia":[{"embeddable":true,"href":"http:\/\/vincentians.com\/es\/wp-json\/wp\/v2\/media\/393752"}],"wp:attachment":[{"href":"http:\/\/vincentians.com\/es\/wp-json\/wp\/v2\/media?parent=36894"}],"wp:term":[{"taxonomy":"category","embeddable":true,"href":"http:\/\/vincentians.com\/es\/wp-json\/wp\/v2\/categories?post=36894"},{"taxonomy":"post_tag","embeddable":true,"href":"http:\/\/vincentians.com\/es\/wp-json\/wp\/v2\/tags?post=36894"}],"curies":[{"name":"wp","href":"https:\/\/api.w.org\/{rel}","templated":true}]}}