{"id":36891,"date":"2011-05-20T03:01:39","date_gmt":"2011-05-20T01:01:39","guid":{"rendered":"http:\/\/somos.vicencianos.org\/blog\/2011\/05\/regis-clet-carta-65-a-juan-francisco-richenet-c-m-en-paris\/"},"modified":"2011-05-20T03:01:39","modified_gmt":"2011-05-20T01:01:39","slug":"regis-clet-carta-65-a-juan-francisco-richenet-c-m-en-paris","status":"publish","type":"post","link":"http:\/\/vincentians.com\/es\/regis-clet-carta-65-a-juan-francisco-richenet-c-m-en-paris\/","title":{"rendered":"R\u00e9gis Clet, Carta 65: A Juan Francisco Richenet, C.M., En Par\u00eds"},"content":{"rendered":"<p>Desde las prisiones de U-tchang-fu 28 de diciembre de 1819<span id='easy-footnote-1-36891' class='easy-footnote-margin-adjust'><\/span><span class='easy-footnote'><a href='http:\/\/vincentians.com\/es\/regis-clet-carta-65-a-juan-francisco-richenet-c-m-en-paris\/#easy-footnote-bottom-1-36891' title='CARTA 65. Casa Madre, original (Baros n. 55).'><sup>1<\/sup><\/a><\/span>\n<p>Padre y muy querido hermano<span id='easy-footnote-2-36891' class='easy-footnote-margin-adjust'><\/span><span class='easy-footnote'><a href='http:\/\/vincentians.com\/es\/regis-clet-carta-65-a-juan-francisco-richenet-c-m-en-paris\/#easy-footnote-bottom-2-36891' title='Padre Richenet, cfr. Carta 52, nota 1.'><sup>2<\/sup><\/a><\/span>\n<p>La gracia de Nuestro Se\u00f1or est\u00e9 siempre con nosotros<\/p>\n<p>El lugar de donde escribo le indica en primer lugar que no me falta raz\u00f3n si empleo estas palabras del Profeta: Deus&#8230; <em>adjutor in tribula\u00ad<\/em><em>tionibus quae invenerunt nos nimis <\/em>(Dios es&#8230; nuestro auxilio perma\u00adnente en la desgracia).<span id='easy-footnote-3-36891' class='easy-footnote-margin-adjust'><\/span><span class='easy-footnote'><a href='http:\/\/vincentians.com\/es\/regis-clet-carta-65-a-juan-francisco-richenet-c-m-en-paris\/#easy-footnote-bottom-3-36891' title='Sal 46, 2.'><sup>3<\/sup><\/a><\/span>\n<p>En el mes de diciembre de 1818, una enfermedad de 7 a 8 d\u00edas nos arrebat\u00f3 al Padre Dumazel.<span id='easy-footnote-4-36891' class='easy-footnote-margin-adjust'><\/span><span class='easy-footnote'><a href='http:\/\/vincentians.com\/es\/regis-clet-carta-65-a-juan-francisco-richenet-c-m-en-paris\/#easy-footnote-bottom-4-36891' title='El Padre Dumazel muri\u00f3 el 15 de diciembre de 1818.'><sup>4<\/sup><\/a><\/span> La Providencia ha querido, yo creo, aho\u00adrrarle a su alma, muy sensible, el dolor de la desolaci\u00f3n de las cris\u00adtiandades en las monta\u00f1as de Cu-tching. En el mes de febrero de 1819 fue vendido el Padre Chen a los pretorianos por un nuevo Judas en 20.000 denarios,<span id='easy-footnote-5-36891' class='easy-footnote-margin-adjust'><\/span><span class='easy-footnote'><a href='http:\/\/vincentians.com\/es\/regis-clet-carta-65-a-juan-francisco-richenet-c-m-en-paris\/#easy-footnote-bottom-5-36891' title='20.000 denarios; se trata de 20 Tiao o ligaduras (la ligadura comprend\u00eda  mil sapecas) que podr\u00eda valer en aquella \u00e9poca 200 francos.'><sup>5<\/sup><\/a><\/span> de los que fue despojado por otro granuja tan malo como \u00e9l. Fue conducido a Cu-tchin, de donde fue trasladado a la metr\u00f3poli, U-tchan-fu, despu\u00e9s de recibir sesenta bofetadas. Yo fui cap\u00adturado en las proximidades de Nan-yang-fu,<span id='easy-footnote-6-36891' class='easy-footnote-margin-adjust'><\/span><span class='easy-footnote'><a href='http:\/\/vincentians.com\/es\/regis-clet-carta-65-a-juan-francisco-richenet-c-m-en-paris\/#easy-footnote-bottom-6-36891' title='El Padre Clet fue capturado en el pueblo Kin-Kia-kang, cerca de  Nan-yang-fu. Actual\u00admente la residencia del Vicario Apost\u00f3lico de  Nan-yang se encuentra ene ste pueblo.'><sup>6<\/sup><\/a><\/span> en Ho-nan, y de all\u00ed lle\u00advado a la capital de dicho Ho-nan<sup><\/sup>,<span id='easy-footnote-7-36891' class='easy-footnote-margin-adjust'><\/span><span class='easy-footnote'><a href='http:\/\/vincentians.com\/es\/regis-clet-carta-65-a-juan-francisco-richenet-c-m-en-paris\/#easy-footnote-bottom-7-36891' title='La capital de Ho-nan es K&amp;#8217;ai-fong-fu, llamada tambi\u00e9n Pien-leang.'><sup>7<\/sup><\/a><\/span> donde, despu\u00e9s de haberme honra\u00addo en varias ocasiones con una treintena de bofetadas y de tenerme arrodillado sobre cadenas de hierro durante tres o cuatro horas, me lle\u00advaron a U-tchang-fu por un camino de veinte d\u00edas, con grilletes en los pies y esposas en las manos y cadenas al cuello, sin otro albergue que las prisiones que se encontraban. Era intenci\u00f3n del mandar\u00edn enviarme a una prisi\u00f3n, donde ser\u00eda el \u00fanico cristiano y habr\u00eda perecido, sin auxi\u00adlios, encontr\u00e1ndose mi salud en lamentable estado despu\u00e9s de la per\u00admanencia en la prisi\u00f3n de Ho-nan y el largo camino: pero la Providen\u00adcia quiso que los carceleros de esta prisi\u00f3n no quisieran recibirme.<\/p>\n<p>Me hallaba entonces en un pobre estado, una gran delgadez, larga barba que hormigueaba de piojos, con una camisa bastante sucia sobre un pantal\u00f3n del mismo calibre, lo que preconizaba a un hombre pobre que no ten\u00eda un c\u00e9ntimo.<\/p>\n<p>Esta negativa hizo que me llevaran a una prisi\u00f3n vecina, donde reci\u00adb\u00ed el consuelo de encontrar al Padre Chen<span id='easy-footnote-8-36891' class='easy-footnote-margin-adjust'><\/span><span class='easy-footnote'><a href='http:\/\/vincentians.com\/es\/regis-clet-carta-65-a-juan-francisco-richenet-c-m-en-paris\/#easy-footnote-bottom-8-36891' title='Todas las vidas de Clet dicen que fue visitado en la prisi\u00f3n de  U-tch&amp;#8217;ang por el Padre Tchang (Juan). Est\u00e1n equivocadas. El Padre Tchang  estaba entonces en Kiang-nan. Fue el Pa\u00addre Tcheng (Antonio) que no  hab\u00eda abandonado Hu-p\u00e9, quien le prest\u00f3 este servicio.'><sup>8<\/sup><\/a><\/span> y a diez buenos cristianos todos reunidos en una habitaci\u00f3n donde hacemos en com\u00fan las oracio\u00adnes de la ma\u00f1ana y de la tarde y de las fiestas, sin ser molestados por los carceleros ni por una multitud de paganos prisioneros que ocupan otras habitaciones que dan a un vasto patio, donde cada uno es libre de pasear desde el amanecer hasta la noche.<\/p>\n<p>Al ver esto, le confieso que no pude menos de derramar l\u00e1grimas de consuelo y alegr\u00eda, al ver el cuidado paternal del buen Dios para con su indigno servidor y sus fieles hijos que no pod\u00edan confesarse m\u00e1s que conmigo Todos hicimos la confesi\u00f3n y el Padre Tchin, que contin\u00faa en secreto visitando a los cristianos de los lugares circunvecinos de esta ciudad, celebr\u00f3 la misa en una casa poco distante, nos trajo la sagrada comuni\u00f3n sin que se enteraran nuestros convecinos.<\/p>\n<p>Hay otras prisiones en esta ciudad, pero esta es la \u00fanica donde tenemos la libertad de recibir las visitas de los amigos mediante el pago de 100 sapecas por cabeza, es decir de unos 20 c\u00e9ntimos de nuestra moneda.<\/p>\n<p>Hace cinco meses y medio que me encuentro aqu\u00ed en esta prisi\u00f3n, esperando con paciencia y resignaci\u00f3n de parte del Emperador, la deci\u00adsi\u00f3n sobre mi suerte para vivir o para morir. Si mi destino dependiera tan s\u00f3lo de los mandarines de aqu\u00ed, mi \u00fanico castigo seria ser devuel\u00adto a mi patria; pero el Emperador que teme a los europeos, no s\u00e9 por qu\u00e9, ha decretado pena de muerte contra los misioneros que entran en su imperio sin su conocimiento.<\/p>\n<p>Otros tres sacerdotes,<span id='easy-footnote-9-36891' class='easy-footnote-margin-adjust'><\/span><span class='easy-footnote'><a href='http:\/\/vincentians.com\/es\/regis-clet-carta-65-a-juan-francisco-richenet-c-m-en-paris\/#easy-footnote-bottom-9-36891' title='Estos tres sacerdotes eran: Pablo Song, Antonio Tcheng, Estanislao Ngai.'><sup>9<\/sup><\/a><\/span> m\u00e1s o menos dichosos que yo, han empren\u00addido la huida lejos y no s\u00e9 d\u00f3nde.<\/p>\n<p>He encontrado en Ho-nan a mandarines bastante duros conmigo.<span id='easy-footnote-10-36891' class='easy-footnote-margin-adjust'><\/span><span class='easy-footnote'><a href='http:\/\/vincentians.com\/es\/regis-clet-carta-65-a-juan-francisco-richenet-c-m-en-paris\/#easy-footnote-bottom-10-36891' title='En el tribunal de Nan-yang-fu, el primero a donde fue conducido, el  Padre Clet dijo al mandar\u00edn: \u00abHermano m\u00edo, tu me juzgas ahora; pero en  poco tiempo, mi Dios te juzgar\u00e1 a ti mismo\u00bb. Este mandar\u00edn cay\u00f3  enseguida en desgracia y a comienzos de 1820 sufri\u00f3 el suplicio  reservado a los sediciosos y criminales de lesa majestad: su cuerpo fue  seccionado en diversos pedazos y sus miembros fueron arrojados al r\u00edo  (Dememuid, o. c., p. 375).'><sup>10<\/sup><\/a><\/span> Pero los de aqu\u00ed son menos severos, tienen compasi\u00f3n, nos hacen sentar cuando la audiencia es larga, y tres veces nos dieron de comer habi\u00e9n\u00addose informado por nosotros, si hab\u00edamos comido; y una vez nos dieron carne al contestar que no a su pregunta de si era d\u00eda de abstinencia.<\/p>\n<p>No s\u00e9 cu\u00e1l es el estado de las prisiones de Francia; usted podr\u00e1 compararlas con las de la capital de Hu-p\u00e9.<\/p>\n<p>1\u00b0. Doce ta\u00e9ls<span id='easy-footnote-11-36891' class='easy-footnote-margin-adjust'><\/span><span class='easy-footnote'><a href='http:\/\/vincentians.com\/es\/regis-clet-carta-65-a-juan-francisco-richenet-c-m-en-paris\/#easy-footnote-bottom-11-36891' title='El cambio del ta\u00e9l es variable; en la \u00e9poca de que se trata, ten\u00eda el valor de 10 francos..'><sup>11<\/sup><\/a><\/span> han hecho caer de nuestro cuello, manos y pies, las cadenas, las esposas y las trabas, en lat\u00edn <em>compedes, <\/em>si no me enga\u00f1o. Para eso cada prisionero da m\u00e1s o menos seg\u00fan sus posibilidades.<\/p>\n<p>En el amplio patio existen hornos elevados en los que cada cu\u00e1l cuece<sup>&#8211;<\/sup>el arroz que es suficiente para un hombre que no come mucho. Nos dan en le\u00f1a, el combustible, y en dinero lo suficiente para la coc\u00adci\u00f3n del arroz. Pero no nos dan ni aceite ni sal, de manera que los muy pobres hacen una comida muy ligera. Pero la mayor parte tienen de casa algunos denarios (5 \u00f3 6 sueldos de Francia por d\u00eda), para tener aceite<sup>&#8211;<\/sup>, sal y hortalizas. Los que son m\u00e1s ricos viven como las familias comunes de Europa. Nosotros vivimos en com\u00fan. Tenemos un recade\u00adro que va todos los d\u00edas al mercado para compramos lo que necesita\u00admos de hortalizas, t\u00e9u-fu (especie de queso de habas), a veces carne, pescado, etc. Los cristianos de los lugares vecinos nos ofrecen a menu\u00addo carne, pescado, fruta de diversas clases, etc. Como ve, no es como para tenernos l\u00e1stima. Pero no nos faltan sufrimientos. Llegada la noche, en los d\u00edas largos y cortos, hay que acostarse y poner una pier\u00adna en una traba hasta el amanecer del d\u00eda siguiente.<\/p>\n<p>Esta traba est\u00e1 formada por dos planchas de dos pulgadas de espe\u00adsor, que el carcelero junta y cierra con candado despu\u00e9s de que cada prisionero ha metido una pierna en un agujero formado en redondo, de donde no puede salir hasta el d\u00eda siguiente al abrir el candado.<\/p>\n<p>No es la pierna trabada lo que sufre, excepto de fr\u00edo para los que no est\u00e1n provistos de buenas medias, es la otra pierna que no se puede extender cuando se quiere y esto, le confieso, es muy inc\u00f3modo.<\/p>\n<p>En la prisi\u00f3n de Ho-nan, donde estuve un mes, existe otra incomo\u00addidad no dolorosa, pero muy molesta, es una cadena de hierro que nos ata a todos a nuestra cabecera y no deja levantar la cabeza; s\u00f3lo pode\u00admos, no sin esfuerzos, volvernos de costado y de espaldas.<\/p>\n<p>Vuelvo sobre mis pasos para describir el origen y los progresos de esta persecuci\u00f3n.<\/p>\n<p>Un pagano, para vengarse de un cristiano a quien odiaba, quem\u00f3 \u00e9l mismo su casa y fue a acusarle de haberle quemado la casa a ins\u00adtigaci\u00f3n m\u00eda. Esta acusaci\u00f3n de incendiario fue aceptada, y el man\u00addar\u00edn civil y militar, sobre todo este \u00faltimo, empezaron a buscar a este Europeo.<\/p>\n<p>300 \u00f3 400 hombres, soldados, pretorianos, paganos invadieron nuestras monta\u00f1as, atra\u00eddos por una promesa de 1.000 ta\u00e9ls a quien me apresara; recorrieron todos los antros, todas las cavernas, y s\u00f3lo llega\u00adban cuando ya hab\u00eda marchado para refugiarme en otra. Sobre todo una vez, hac\u00eda once d\u00edas que me encontraba en una caverna de diez pies de profundidad, cuando al anochecer un pagano dijo en voz alta a su com\u00adpa\u00f1ero: \u00abQuiz\u00e1 hay ah\u00ed alguno escondido\u00bb. Estas palabras nos pare\u00adcieron una voz del cielo, salimos por la noche y al d\u00eda siguiente fue visitada en vano.<\/p>\n<p>Por fin cansado de recorrer las grutas, muchas de ellas peligrosas, emprend\u00ed la huida por la noche y fui a Ho-nan, donde crey\u00e9ndome seguro fui hecho prisionero, como he referido antes.<\/p>\n<p>Por las mismas fechas, todas las casas de los cristianos fueron asal\u00adtadas, devastadas, sometidas al pillaje con una ferocidad inconcebible; no les dejaron, por decirlo as\u00ed, m\u00e1s que los ojos para llorar, etc.<\/p>\n<p>Tuve la desgracia de comprometer el Padre Lamiot, de manera que Pe-tang se encuentra en el mayor de los peligros. Ha llegado aqu\u00ed y parece que su asunto se va a arreglar. Pero el m\u00edo est\u00e1 a punto de con\u00adcluir. Acaban de anunciarme que dentro de poco, quiz\u00e1 ma\u00f1ana, ser\u00e9 sometido a suplicio; tal vez tambi\u00e9n el Padre Chen.<\/p>\n<p>Pero gu\u00e1rdese mucho de considerarme como m\u00e1rtir. Mi impruden\u00adcia me ha hecho comprometer nuestra casa de Pek\u00edn y a tres cristian\u00addades que sufren persecuci\u00f3n por ello; por eso no debo aparecer sino como el asesino de muchas almas, quien, como culpable de lesa majes\u00adtad divina, sufre aqu\u00ed abajo la pena que merece. Dichoso, si con ello, puedo evitar los tormentos eternos.<\/p>\n<p>Mis homenajes muy respetuosos al Padre Verbert<sup><\/sup><span id='easy-footnote-12-36891' class='easy-footnote-margin-adjust'><\/span><span class='easy-footnote'><a href='http:\/\/vincentians.com\/es\/regis-clet-carta-65-a-juan-francisco-richenet-c-m-en-paris\/#easy-footnote-bottom-12-36891' title='Verbert (Mar\u00eda Carlos Manuel), C.M., sacerdote, nacido en  Pont-de-Beauvoisin, di\u00f3cesis de Lyon, el 5 de noviembre de 1752, fue  recibido en el Seminario Interno en Lyon el 25 de noviem\u00adbre de 1769,  emiti\u00f3 los votos el 10 de diciembre de 1771. Vicario General de la  Congregaci\u00f3n de la Misi\u00f3n en agosto de 1816, muri\u00f3 en Par\u00eds el 4 de  marzo de 1819 (Coste, o. c., p. 615).'><sup>12<\/sup><\/a><\/span> nuestro gene\u00adral, a quien no puedo escribir. Mis respetos tambi\u00e9n al Padre Boulangier,<span id='easy-footnote-13-36891' class='easy-footnote-margin-adjust'><\/span><span class='easy-footnote'><a href='http:\/\/vincentians.com\/es\/regis-clet-carta-65-a-juan-francisco-richenet-c-m-en-paris\/#easy-footnote-bottom-13-36891' title='Boulangier (Jos\u00e9 Mansuet), C.M., sacerdote, nacido en  Fonteney-le-Ch\u00e1teau, di\u00f3cesis de Besangon, el 30 de agosto de 1758,  admitido en el Seminario Interno el 2 de enero de 1779, emi\u00adti\u00f3 los  votos el 10 de febrero de 1781 y muri\u00f3 en Par\u00eds el 1 de diciembre de  1843 (Coste, o. c., p. 83).'><sup>13<\/sup><\/a><\/span> y a otros que se acuerdan de m\u00ed, y encomi\u00e9ndeme a las ora\u00adciones de todos.<\/p>\n<p>Me entero con satisfacci\u00f3n de la resurrecci\u00f3n de nuestra querida Congregaci\u00f3n y soy con el m\u00e1s profundo respeto&#8230;<\/p>\n<p>Post-scriptum (26-1-1820)<\/p>\n<p>Hoy, 26 de enero, todav\u00eda sigo vivo. Ayer, fiesta de la Conversi\u00f3n de San Pablo, d\u00eda memorable por la Instituci\u00f3n de nuestra Congregaci\u00f3n, el Padre Chen y yo hemos recibido la santa comuni\u00f3n de las manos del Padre Tching, y a mediod\u00eda hemos celebrado un peque\u00f1o fest\u00edn, donde \u00e9ramos tres sacerdotes y seis laicos, dos de la prisi\u00f3n y cuatro de fuera; s\u00f3lo faltaba el Padre Lamiot que pag\u00f3 los gastos de la comida, pero aunque no est\u00e9 encarcelado como nosotros, no tiene la libertad de visi\u00adtarnos.<\/p>\n<p>El Padre Lamiot, el Padre Chen, yo y un buen n\u00famero de cristianos hemos sido juzgados definitivamente y en \u00faltima instancia por el gran mandar\u00edn Ta-gin (gran hombre) quien tiene el t\u00edtulo de Fu-yuen (gobernador de provincia), el uno de enero que ca\u00eda en s\u00e1bado.<\/p>\n<p>En primer lugar presentaron a los ap\u00f3statas carne de cerdo, que en estas circunstancias es signo de apostas\u00eda. Todos comieron, y a rengl\u00f3n seguido los enviaron a sus casas, con una doble apostas\u00eda en el cuerpo.<\/p>\n<p>Despu\u00e9s comparecieron 23 cristianos fieles quienes, perseverando en la profesi\u00f3n de nuestra Santa Fe, fueron devueltos a prisi\u00f3n a espe\u00adrar la decisi\u00f3n del Emperador.<\/p>\n<p>Por fin comparecimos los Padres Lamiot, Chen y yo; despu\u00e9s de interrogarnos dos o tres veces, el Ta-gin declar\u00f3 al Padre Lamiot libre de toda acusaci\u00f3n, y recibi\u00f3 orden de levantarse.<\/p>\n<p>El Padre Chen y yo segu\u00edamos de rodillas; el Ta-gin exhort\u00f3 al Padre Chen a apostatar; al negarse, se le declar\u00f3 sujeto a castigo. Por fin dicho Ta-gin dijo algunas palabras para excusarme sobre mi estancia en China, lo que confirm\u00f3 otro mandar\u00edn inferior. Al Padre Lamiot le devuelven en silla de portadores a su hotel y al Padre Chen y a m\u00ed, con los grilletes en los pies, en las manos y cuello, nos devuelven a la pri\u00adsi\u00f3n, donde al punto nos quitamos estos instrumentos, de los que s\u00f3lo nos vemos adornados cuando hay que comparecer ante el mandar\u00edn.<\/p>\n<p>Esperamos ahora la decisi\u00f3n del Emperador que imaginamos debe llegar en 5 \u00f3 6 d\u00edas. Ahora bien, aunque el Ta-gin haya escrito algo en mi descargo, se duda mucho que el Emperador consienta en dejarme vivir. Me preparo pues a la muerte, diciendo a menudo con san Pablo: <em>Para m\u00ed la vida es Cristo, y morir significa una ganancia <\/em>(Flp 1, 21).<\/p>\n<p>Como he o\u00eddo a menudo hablar en Francia de mazmorras y negros calabozos donde se encierra a los criminales hasta la decisi\u00f3n de su proceso, me creo obligado a darle una breve noticia de las prisiones de China, para al menos hacer enrojecer a cristianos por ser mucho menos humanos que los chinos con estas v\u00edctimas desdichadas de la vengan\u00adza humana, triste preludio de la venganza divina de la que poco se hace para preservarlos.<\/p>\n<p>De esto puedo hablar con conocimiento de causa, ya que he reco\u00adrrido 27 prisiones para ser trasladado desde Honan a U-tchang seng.<span id='easy-footnote-14-36891' class='easy-footnote-margin-adjust'><\/span><span class='easy-footnote'><a href='http:\/\/vincentians.com\/es\/regis-clet-carta-65-a-juan-francisco-richenet-c-m-en-paris\/#easy-footnote-bottom-14-36891' title='U-tch&amp;#8217;ang seng. Capital provincial de Hu-p\u00e9.'><sup>14<\/sup><\/a><\/span> Pues en ninguna parte hay calabozos ni mazmorras. En la prisi\u00f3n donde estoy hay asesinos, salteadores, ladrones, etc.; todos gozan del amanecer a la noche de libertad para pasear, jugar en un patio y respi\u00adrar este aire puro tan necesario a la conservaci\u00f3n de la salud. He visto a un hombre que hab\u00eda envenenado a su madre \u00a1Crimen horrible! Estuvo libre en este patio hasta el d\u00eda de su suplicio&#8230;<\/p>\n<p>Para darse una idea m\u00e1s precisa de las prisiones en China: Estas pri\u00adsiones pueden ser m\u00e1s o menos grandes, pero quien ve una es como si hubiese visto un ciento.<\/p>\n<p>Imag\u00ednese pues un patio m\u00e1s o menos largo de una anchura pro\u00adporcionada, alrededor del cual est\u00e1n construidas habitaciones m\u00e1s o menos largas en la planta baja. Este patio se barre cada d\u00eda y se man\u00adtiene limpio<\/p>\n<p>Estas habitaciones, en los grandes lugares, pueden contener a unos 25 prisioneros: se las llana jaulas, en chino <em>long, <\/em>por estar revestidas de barrotes de madera del grosor de una pierna, de abajo arriba y hasta el suelo, a la distancia de una pulgada de un barrote al otro. Esta pre\u00adcauci\u00f3n es para impedir que los prisioneros da\u00f1en los muros. La parte anterior es como un largo vest\u00edbulo; hay una puerta grande que, no estando cerrada m\u00e1s que por la noche, ilumina este vasto local con un gran ventanal a ambos lados de la puerta.<\/p>\n<p>Los prisioneros se acuestan unos al lado de otros en planchas levan\u00adtadas un pie del suelo, para evitar la humedad. A la llegada del invierno se entrega a cada uno una estera de paja para resguardar del fr\u00edo, y en el verano un abanico para moderar el calor. Una l\u00e1mpara debe alum\u00adbrar cada habitaci\u00f3n toda la noche, y un vigilante, que duerme en una cama, mantiene el buen orden, v. gr. disputas y atenci\u00f3n a las necesi\u00addades inesperadas de los prisioneros.<\/p>\n<p>En el patio hay 3 \u00f3 4 hombres contratados para golpear toda la noche uno tras otro un instrumento m\u00e1s o menos sonoro, cuyo ruido, a los 4 \u00f3 5 d\u00edas, no impide dormir.<\/p>\n<p>Cada habitaci\u00f3n se cierra con candado y se lleva la llave al manda\u00adr\u00edn de la prisi\u00f3n.<\/p>\n<p>Fuera de la puerta exterior hay una peque\u00f1a habitaci\u00f3n donde varios carceleros se relevan para guardarla, abrirla y cerrarla cuando haga falta. Los prisioneros m\u00e1s notables nombran a uno de entre ellos a dedo para cortar las disputas inevitables entre un mont\u00f3n de gente sin reglas y sin costumbres. Si llegan a golpearse se avisa al mandar\u00edn que viene con toda seriedad a propinar unos bastonazos a los culpables y a hacer una peque\u00f1a, exhortaci\u00f3n sobre la paz a todos los oyentes.<\/p>\n<p>Y no se debe olvidar que la conmiseraci\u00f3n china llega hasta dar a los prisioneros, durante los calores, te en abundancia o bien alguna bebida refrescante, y en invierno, ropas y pantalones forrados de algo\u00add\u00f3n a los m\u00e1s pobres.<\/p>\n<p>En Francia se predica sobre la conmiseraci\u00f3n en favor de los pri\u00adsioneros. Los sedicentes fil\u00f3sofos, no por caridad, sino para tener oca\u00adsi\u00f3n de lanzar invectivas contra nuestra santa Religi\u00f3n, que es toda caridad, elevan tambi\u00e9n la voz para reclamar contra la dureza, por no decir inhumanidad, con los prisioneros. Y yo levanto mi voz al morir para oponer a unos paganos a los cristianos.<\/p>\n<p>Los predicadores en las c\u00e1tedras cristianas reclaman la caridad de los fieles en favor de los prisioneros; y yo reclamo el Cristianismo y la bondad de nuestros monarcas y la tierna vigilancia de los magistrados en favor de un gran n\u00famero de infelices que mueren mil y mil veces antes de perder realmente la vida en el \u00faltimo suplicio.<\/p>\n<p>El socorro que las almas buenas prestan a los prisioneros, s\u00f3lo es un socorro moment\u00e1neo; pertenece y es deber del ministerio p\u00fablico mejorar de tal manera su suerte, que puedan con paciencia y resigna\u00adci\u00f3n encarar el suplicio que los espera como un medio de satisfacer a la justicia divina y darles derecho a la felicidad eterna proMetida a los pecadores penitentes.<\/p>\n<p>Con esta descripci\u00f3n de las prisiones de China intento, si as\u00ed le parece a nuestro Padre General, que la mande insertar en los papeles p\u00fablicos con el t\u00edtulo de extracto de una carta de un franc\u00e9s misionero apost\u00f3lico en China, detenido por la fe en las prisiones de U-tchang, capital de Hu-p\u00e9.<\/p>\n<p>Suprimir\u00e1 mi nombre, que no deseo, ni quiero estar inscrito m\u00e1s que en el libro de la vida.<\/p>\n<p>Antes de terminar quiero a\u00f1adir que nuestros cristianos de las mon\u00adta\u00f1as, a instigaci\u00f3n de un mandar\u00edn vecino, indignado por las atroci\u00addades cometidas contra ellos, han acusado al jefe de los pretorianos, autor de este bandidaje, y a sus adherentes, al tribunal de los cr\u00edmenes cuyo jefe tiene el t\u00edtulo de Ngan-tcha-sze<span id='easy-footnote-15-36891' class='easy-footnote-margin-adjust'><\/span><span class='easy-footnote'><a href='http:\/\/vincentians.com\/es\/regis-clet-carta-65-a-juan-francisco-richenet-c-m-en-paris\/#easy-footnote-bottom-15-36891' title='Ngan-tcha-sze, juez provincial.'><sup>15<\/sup><\/a><\/span> y que es ta-gin.<\/p>\n<p>Este proceso de lo criminal, que al principio parec\u00eda deber perder\u00adse, comienza a presentar mejor aspecto por el favor de algunos man\u00addarines indignados; y este jefe de los pretorianos que antes iba con la cabeza bien levantada comienza a temer por su piel. Se ha atrevido a proponer un arreglo fraudulento, pero el mandar\u00edn lo ha rechazado con desprecio, y el Ngan-sze ha declarado por escrito que un proceso de lo criminal no se pod\u00eda terminar.<\/p>\n<p>Este proceso se entabl\u00f3 sin saberlo yo; sin embargo pedimos, ayu\u00adnamos por su feliz resultado, puesto que, si los cristianos de las Mon\u00adta\u00f1as lo ganan, podr\u00e1n esperar disfrutar en adelante de la paz; si por el contrario lo pierden, lo perder\u00e1n todo, y se ver\u00e1n probablemente redu\u00adcidos a emigrar no s\u00e9 a d\u00f3nde.<\/p>\n<p>Lo que empeora su causa es que sus principales defensores, justa\u00admente intimidados, han emprendido la fuga, y este Ya-yi o jefe de los pretorianos no puede darse a la fuga.<\/p>\n<p>Y ya este proceso fue llevado adrede a la capital de Hu-p\u00e9, es decir, a 100 leguas de distancia de nuestras monta\u00f1as&#8230;<\/p>\n","protected":false},"excerpt":{"rendered":"<p>Desde las prisiones de U-tchang-fu 28 de diciembre de 1819 Padre y muy querido hermano La gracia de Nuestro Se\u00f1or est\u00e9 siempre con nosotros El lugar de donde escribo le indica en primer lugar que &#8230; <a href=\"http:\/\/vincentians.com\/es\/regis-clet-carta-65-a-juan-francisco-richenet-c-m-en-paris\/\" class=\"more-link\">Read More<\/a><\/p>\n","protected":false},"author":4,"featured_media":393752,"comment_status":"open","ping_status":"open","sticky":false,"template":"","format":"standard","meta":{"jetpack_post_was_ever_published":false,"_jetpack_newsletter_access":"","_jetpack_dont_email_post_to_subs":false,"_jetpack_newsletter_tier_id":0,"_jetpack_memberships_contains_paywalled_content":false,"_jetpack_memberships_contains_paid_content":false,"footnotes":"","jetpack_publicize_message":"","jetpack_publicize_feature_enabled":true,"jetpack_social_post_already_shared":true,"jetpack_social_options":{"image_generator_settings":{"template":"highway","default_image_id":0,"font":"","enabled":false},"version":2}},"categories":[211],"tags":[],"class_list":["post-36891","post","type-post","status-publish","format-standard","has-post-thumbnail","hentry","category-escritos-de-francisco-regis-clet"],"yoast_head":"<!-- This site is optimized with the Yoast SEO plugin v26.3 - https:\/\/yoast.com\/wordpress\/plugins\/seo\/ -->\n<title>R\u00e9gis Clet, Carta 65: A Juan Francisco Richenet, C.M., En Par\u00eds - Somos Vicencianos<\/title>\n<meta name=\"robots\" content=\"index, follow, max-snippet:-1, max-image-preview:large, max-video-preview:-1\" \/>\n<link rel=\"canonical\" href=\"http:\/\/vincentians.com\/es\/regis-clet-carta-65-a-juan-francisco-richenet-c-m-en-paris\/\" \/>\n<meta property=\"og:locale\" content=\"es_ES\" \/>\n<meta property=\"og:type\" content=\"article\" \/>\n<meta property=\"og:title\" content=\"R\u00e9gis Clet, Carta 65: A Juan Francisco Richenet, C.M., En Par\u00eds - Somos Vicencianos\" \/>\n<meta property=\"og:description\" content=\"Desde las prisiones de U-tchang-fu 28 de diciembre de 1819 Padre y muy querido hermano La gracia de Nuestro Se\u00f1or est\u00e9 siempre con nosotros El lugar de donde escribo le indica en primer lugar que ... Read More\" \/>\n<meta property=\"og:url\" content=\"http:\/\/vincentians.com\/es\/regis-clet-carta-65-a-juan-francisco-richenet-c-m-en-paris\/\" \/>\n<meta property=\"og:site_name\" content=\"Somos Vicencianos\" \/>\n<meta property=\"article:publisher\" content=\"https:\/\/www.facebook.com\/WeAreVincentians\/\" \/>\n<meta property=\"article:author\" content=\"https:\/\/www.facebook.com\/JavierChento\" \/>\n<meta property=\"article:published_time\" content=\"2011-05-20T01:01:39+00:00\" \/>\n<meta property=\"og:image\" content=\"https:\/\/i0.wp.com\/vincentians.com\/es\/wp-content\/uploads\/sites\/11\/2016\/07\/escritos-regis-clet.jpg?fit=1200%2C630\" \/>\n\t<meta property=\"og:image:width\" content=\"1200\" \/>\n\t<meta property=\"og:image:height\" content=\"630\" \/>\n\t<meta property=\"og:image:type\" content=\"image\/jpeg\" \/>\n<meta name=\"author\" content=\"Francisco Javier Fern\u00e1ndez Chento\" \/>\n<meta name=\"twitter:card\" content=\"summary_large_image\" \/>\n<meta name=\"twitter:creator\" content=\"@https:\/\/twitter.com\/javierchento\" \/>\n<meta name=\"twitter:site\" content=\"@WeVincentians\" \/>\n<meta name=\"twitter:label1\" content=\"Escrito por\" \/>\n\t<meta name=\"twitter:data1\" content=\"Francisco Javier Fern\u00e1ndez Chento\" \/>\n\t<meta name=\"twitter:label2\" content=\"Tiempo de lectura\" \/>\n\t<meta name=\"twitter:data2\" content=\"18 minutos\" \/>\n<script type=\"application\/ld+json\" class=\"yoast-schema-graph\">{\"@context\":\"https:\/\/schema.org\",\"@graph\":[{\"@type\":\"Article\",\"@id\":\"http:\/\/vincentians.com\/es\/regis-clet-carta-65-a-juan-francisco-richenet-c-m-en-paris\/#article\",\"isPartOf\":{\"@id\":\"http:\/\/vincentians.com\/es\/regis-clet-carta-65-a-juan-francisco-richenet-c-m-en-paris\/\"},\"author\":{\"name\":\"Francisco Javier Fern\u00e1ndez Chento\",\"@id\":\"http:\/\/vincentians.com\/es\/#\/schema\/person\/9623ef4d9aa3b2dfb8c061f1499288f2\"},\"headline\":\"R\u00e9gis Clet, Carta 65: A Juan Francisco Richenet, C.M., En Par\u00eds\",\"datePublished\":\"2011-05-20T01:01:39+00:00\",\"mainEntityOfPage\":{\"@id\":\"http:\/\/vincentians.com\/es\/regis-clet-carta-65-a-juan-francisco-richenet-c-m-en-paris\/\"},\"wordCount\":3533,\"commentCount\":0,\"publisher\":{\"@id\":\"http:\/\/vincentians.com\/es\/#organization\"},\"image\":{\"@id\":\"http:\/\/vincentians.com\/es\/regis-clet-carta-65-a-juan-francisco-richenet-c-m-en-paris\/#primaryimage\"},\"thumbnailUrl\":\"https:\/\/i0.wp.com\/vincentians.com\/es\/wp-content\/uploads\/sites\/11\/2016\/07\/escritos-regis-clet.jpg?fit=1200%2C630\",\"articleSection\":[\"Escritos de Francisco R\u00e9gis Clet\"],\"inLanguage\":\"es\",\"potentialAction\":[{\"@type\":\"CommentAction\",\"name\":\"Comment\",\"target\":[\"http:\/\/vincentians.com\/es\/regis-clet-carta-65-a-juan-francisco-richenet-c-m-en-paris\/#respond\"]}]},{\"@type\":\"WebPage\",\"@id\":\"http:\/\/vincentians.com\/es\/regis-clet-carta-65-a-juan-francisco-richenet-c-m-en-paris\/\",\"url\":\"http:\/\/vincentians.com\/es\/regis-clet-carta-65-a-juan-francisco-richenet-c-m-en-paris\/\",\"name\":\"R\u00e9gis Clet, Carta 65: A Juan Francisco Richenet, C.M., En Par\u00eds - Somos Vicencianos\",\"isPartOf\":{\"@id\":\"http:\/\/vincentians.com\/es\/#website\"},\"primaryImageOfPage\":{\"@id\":\"http:\/\/vincentians.com\/es\/regis-clet-carta-65-a-juan-francisco-richenet-c-m-en-paris\/#primaryimage\"},\"image\":{\"@id\":\"http:\/\/vincentians.com\/es\/regis-clet-carta-65-a-juan-francisco-richenet-c-m-en-paris\/#primaryimage\"},\"thumbnailUrl\":\"https:\/\/i0.wp.com\/vincentians.com\/es\/wp-content\/uploads\/sites\/11\/2016\/07\/escritos-regis-clet.jpg?fit=1200%2C630\",\"datePublished\":\"2011-05-20T01:01:39+00:00\",\"breadcrumb\":{\"@id\":\"http:\/\/vincentians.com\/es\/regis-clet-carta-65-a-juan-francisco-richenet-c-m-en-paris\/#breadcrumb\"},\"inLanguage\":\"es\",\"potentialAction\":[{\"@type\":\"ReadAction\",\"target\":[\"http:\/\/vincentians.com\/es\/regis-clet-carta-65-a-juan-francisco-richenet-c-m-en-paris\/\"]}]},{\"@type\":\"ImageObject\",\"inLanguage\":\"es\",\"@id\":\"http:\/\/vincentians.com\/es\/regis-clet-carta-65-a-juan-francisco-richenet-c-m-en-paris\/#primaryimage\",\"url\":\"https:\/\/i0.wp.com\/vincentians.com\/es\/wp-content\/uploads\/sites\/11\/2016\/07\/escritos-regis-clet.jpg?fit=1200%2C630\",\"contentUrl\":\"https:\/\/i0.wp.com\/vincentians.com\/es\/wp-content\/uploads\/sites\/11\/2016\/07\/escritos-regis-clet.jpg?fit=1200%2C630\",\"width\":1200,\"height\":630},{\"@type\":\"BreadcrumbList\",\"@id\":\"http:\/\/vincentians.com\/es\/regis-clet-carta-65-a-juan-francisco-richenet-c-m-en-paris\/#breadcrumb\",\"itemListElement\":[{\"@type\":\"ListItem\",\"position\":1,\"name\":\"Portada\",\"item\":\"http:\/\/vincentians.com\/es\/\"},{\"@type\":\"ListItem\",\"position\":2,\"name\":\"R\u00e9gis Clet, Carta 65: A Juan Francisco Richenet, C.M., En Par\u00eds\"}]},{\"@type\":\"WebSite\",\"@id\":\"http:\/\/vincentians.com\/es\/#website\",\"url\":\"http:\/\/vincentians.com\/es\/\",\"name\":\"Somos Vicencianos\",\"description\":\"Know more to serve more\",\"publisher\":{\"@id\":\"http:\/\/vincentians.com\/es\/#organization\"},\"potentialAction\":[{\"@type\":\"SearchAction\",\"target\":{\"@type\":\"EntryPoint\",\"urlTemplate\":\"http:\/\/vincentians.com\/es\/?s={search_term_string}\"},\"query-input\":{\"@type\":\"PropertyValueSpecification\",\"valueRequired\":true,\"valueName\":\"search_term_string\"}}],\"inLanguage\":\"es\"},{\"@type\":\"Organization\",\"@id\":\"http:\/\/vincentians.com\/es\/#organization\",\"name\":\"The Vincentian Network\",\"url\":\"http:\/\/vincentians.com\/es\/\",\"logo\":{\"@type\":\"ImageObject\",\"inLanguage\":\"es\",\"@id\":\"http:\/\/vincentians.com\/es\/#\/schema\/logo\/image\/\",\"url\":\"https:\/\/i1.wp.com\/vincentians.com\/es\/wp-content\/uploads\/sites\/11\/2016\/06\/Vincentian-Network-logo-big.png?fit=778%2C778\",\"contentUrl\":\"https:\/\/i1.wp.com\/vincentians.com\/es\/wp-content\/uploads\/sites\/11\/2016\/06\/Vincentian-Network-logo-big.png?fit=778%2C778\",\"width\":778,\"height\":778,\"caption\":\"The Vincentian Network\"},\"image\":{\"@id\":\"http:\/\/vincentians.com\/es\/#\/schema\/logo\/image\/\"},\"sameAs\":[\"https:\/\/www.facebook.com\/WeAreVincentians\/\",\"https:\/\/x.com\/WeVincentians\"]},{\"@type\":\"Person\",\"@id\":\"http:\/\/vincentians.com\/es\/#\/schema\/person\/9623ef4d9aa3b2dfb8c061f1499288f2\",\"name\":\"Francisco Javier Fern\u00e1ndez Chento\",\"image\":{\"@type\":\"ImageObject\",\"inLanguage\":\"es\",\"@id\":\"http:\/\/vincentians.com\/es\/#\/schema\/person\/image\/\",\"url\":\"https:\/\/secure.gravatar.com\/avatar\/497d5cde87b4c3d097d0315953521681ba2cd523ee66e5077c3711f7021e65de?s=96&d=mm&r=g\",\"contentUrl\":\"https:\/\/secure.gravatar.com\/avatar\/497d5cde87b4c3d097d0315953521681ba2cd523ee66e5077c3711f7021e65de?s=96&d=mm&r=g\",\"caption\":\"Francisco Javier Fern\u00e1ndez Chento\"},\"description\":\"Director General y cofundador de La Red de Formaci\u00f3n Vicenciana. Javier es laico vicenciano, afiliado a la Congregaci\u00f3n de la Misi\u00f3n y miembro del Equipo de Misiones Populares de la provincia can\u00f3nica de Zaragoza (Espa\u00f1a) de la Congregaci\u00f3n de la Misi\u00f3n. Graduado en la Universidad Oberta de Catalunya con cuatro grados (Asistente de direcci\u00f3n, Gesti\u00f3n Administrativa, Recursos Humanos y Contabilidad Avanzada). Bil\u00edng\u00fce Espa\u00f1ol\/Ingl\u00e9s. gestiona y mantiene varias p\u00e1ginas web cristianas y vicencianas, incluida including La Red de Formaci\u00f3n Vicenciana, de la que es cofundador. Actualmente es responsable del \u00e1rea de Espa\u00f1ol de .famvin, la Red de Noticias de la Familia Vicenciana. Tambi\u00e9n es m\u00fasico cat\u00f3lico y ha editado varios discos. Es Director General y cofundador de Trovador, una reconocida compa\u00f1\u00eda discogr\u00e1fica critiana de Espa\u00f1a. Trabaja en las Tecnolog\u00edas de la Informaci\u00f3n, ofreciendo servicios de alojamiento, dise\u00f1o y mantenimiento Web, as\u00ed como asesoramiento, formaci\u00f3n y soluciones inform\u00e1ticas, gesti\u00f3n documental y digitalizaci\u00f3n de textos, edici\u00f3n y maquetaci\u00f3n de libros, revistas, flyers, etc.\",\"sameAs\":[\"http:\/\/chento.org\",\"https:\/\/www.facebook.com\/JavierChento\",\"https:\/\/x.com\/https:\/\/twitter.com\/javierchento\"],\"url\":\"http:\/\/vincentians.com\/es\/author\/chento\/\"}]}<\/script>\n<!-- \/ Yoast SEO plugin. -->","yoast_head_json":{"title":"R\u00e9gis Clet, Carta 65: A Juan Francisco Richenet, C.M., En Par\u00eds - Somos Vicencianos","robots":{"index":"index","follow":"follow","max-snippet":"max-snippet:-1","max-image-preview":"max-image-preview:large","max-video-preview":"max-video-preview:-1"},"canonical":"http:\/\/vincentians.com\/es\/regis-clet-carta-65-a-juan-francisco-richenet-c-m-en-paris\/","og_locale":"es_ES","og_type":"article","og_title":"R\u00e9gis Clet, Carta 65: A Juan Francisco Richenet, C.M., En Par\u00eds - Somos Vicencianos","og_description":"Desde las prisiones de U-tchang-fu 28 de diciembre de 1819 Padre y muy querido hermano La gracia de Nuestro Se\u00f1or est\u00e9 siempre con nosotros El lugar de donde escribo le indica en primer lugar que ... Read More","og_url":"http:\/\/vincentians.com\/es\/regis-clet-carta-65-a-juan-francisco-richenet-c-m-en-paris\/","og_site_name":"Somos Vicencianos","article_publisher":"https:\/\/www.facebook.com\/WeAreVincentians\/","article_author":"https:\/\/www.facebook.com\/JavierChento","article_published_time":"2011-05-20T01:01:39+00:00","og_image":[{"width":1200,"height":630,"url":"https:\/\/i0.wp.com\/vincentians.com\/es\/wp-content\/uploads\/sites\/11\/2016\/07\/escritos-regis-clet.jpg?fit=1200%2C630","type":"image\/jpeg"}],"author":"Francisco Javier Fern\u00e1ndez Chento","twitter_card":"summary_large_image","twitter_creator":"@https:\/\/twitter.com\/javierchento","twitter_site":"@WeVincentians","twitter_misc":{"Escrito por":"Francisco Javier Fern\u00e1ndez Chento","Tiempo de lectura":"18 minutos"},"schema":{"@context":"https:\/\/schema.org","@graph":[{"@type":"Article","@id":"http:\/\/vincentians.com\/es\/regis-clet-carta-65-a-juan-francisco-richenet-c-m-en-paris\/#article","isPartOf":{"@id":"http:\/\/vincentians.com\/es\/regis-clet-carta-65-a-juan-francisco-richenet-c-m-en-paris\/"},"author":{"name":"Francisco Javier Fern\u00e1ndez Chento","@id":"http:\/\/vincentians.com\/es\/#\/schema\/person\/9623ef4d9aa3b2dfb8c061f1499288f2"},"headline":"R\u00e9gis Clet, Carta 65: A Juan Francisco Richenet, C.M., En Par\u00eds","datePublished":"2011-05-20T01:01:39+00:00","mainEntityOfPage":{"@id":"http:\/\/vincentians.com\/es\/regis-clet-carta-65-a-juan-francisco-richenet-c-m-en-paris\/"},"wordCount":3533,"commentCount":0,"publisher":{"@id":"http:\/\/vincentians.com\/es\/#organization"},"image":{"@id":"http:\/\/vincentians.com\/es\/regis-clet-carta-65-a-juan-francisco-richenet-c-m-en-paris\/#primaryimage"},"thumbnailUrl":"https:\/\/i0.wp.com\/vincentians.com\/es\/wp-content\/uploads\/sites\/11\/2016\/07\/escritos-regis-clet.jpg?fit=1200%2C630","articleSection":["Escritos de Francisco R\u00e9gis Clet"],"inLanguage":"es","potentialAction":[{"@type":"CommentAction","name":"Comment","target":["http:\/\/vincentians.com\/es\/regis-clet-carta-65-a-juan-francisco-richenet-c-m-en-paris\/#respond"]}]},{"@type":"WebPage","@id":"http:\/\/vincentians.com\/es\/regis-clet-carta-65-a-juan-francisco-richenet-c-m-en-paris\/","url":"http:\/\/vincentians.com\/es\/regis-clet-carta-65-a-juan-francisco-richenet-c-m-en-paris\/","name":"R\u00e9gis Clet, Carta 65: A Juan Francisco Richenet, C.M., En Par\u00eds - Somos Vicencianos","isPartOf":{"@id":"http:\/\/vincentians.com\/es\/#website"},"primaryImageOfPage":{"@id":"http:\/\/vincentians.com\/es\/regis-clet-carta-65-a-juan-francisco-richenet-c-m-en-paris\/#primaryimage"},"image":{"@id":"http:\/\/vincentians.com\/es\/regis-clet-carta-65-a-juan-francisco-richenet-c-m-en-paris\/#primaryimage"},"thumbnailUrl":"https:\/\/i0.wp.com\/vincentians.com\/es\/wp-content\/uploads\/sites\/11\/2016\/07\/escritos-regis-clet.jpg?fit=1200%2C630","datePublished":"2011-05-20T01:01:39+00:00","breadcrumb":{"@id":"http:\/\/vincentians.com\/es\/regis-clet-carta-65-a-juan-francisco-richenet-c-m-en-paris\/#breadcrumb"},"inLanguage":"es","potentialAction":[{"@type":"ReadAction","target":["http:\/\/vincentians.com\/es\/regis-clet-carta-65-a-juan-francisco-richenet-c-m-en-paris\/"]}]},{"@type":"ImageObject","inLanguage":"es","@id":"http:\/\/vincentians.com\/es\/regis-clet-carta-65-a-juan-francisco-richenet-c-m-en-paris\/#primaryimage","url":"https:\/\/i0.wp.com\/vincentians.com\/es\/wp-content\/uploads\/sites\/11\/2016\/07\/escritos-regis-clet.jpg?fit=1200%2C630","contentUrl":"https:\/\/i0.wp.com\/vincentians.com\/es\/wp-content\/uploads\/sites\/11\/2016\/07\/escritos-regis-clet.jpg?fit=1200%2C630","width":1200,"height":630},{"@type":"BreadcrumbList","@id":"http:\/\/vincentians.com\/es\/regis-clet-carta-65-a-juan-francisco-richenet-c-m-en-paris\/#breadcrumb","itemListElement":[{"@type":"ListItem","position":1,"name":"Portada","item":"http:\/\/vincentians.com\/es\/"},{"@type":"ListItem","position":2,"name":"R\u00e9gis Clet, Carta 65: A Juan Francisco Richenet, C.M., En Par\u00eds"}]},{"@type":"WebSite","@id":"http:\/\/vincentians.com\/es\/#website","url":"http:\/\/vincentians.com\/es\/","name":"Somos Vicencianos","description":"Know more to serve more","publisher":{"@id":"http:\/\/vincentians.com\/es\/#organization"},"potentialAction":[{"@type":"SearchAction","target":{"@type":"EntryPoint","urlTemplate":"http:\/\/vincentians.com\/es\/?s={search_term_string}"},"query-input":{"@type":"PropertyValueSpecification","valueRequired":true,"valueName":"search_term_string"}}],"inLanguage":"es"},{"@type":"Organization","@id":"http:\/\/vincentians.com\/es\/#organization","name":"The Vincentian Network","url":"http:\/\/vincentians.com\/es\/","logo":{"@type":"ImageObject","inLanguage":"es","@id":"http:\/\/vincentians.com\/es\/#\/schema\/logo\/image\/","url":"https:\/\/i1.wp.com\/vincentians.com\/es\/wp-content\/uploads\/sites\/11\/2016\/06\/Vincentian-Network-logo-big.png?fit=778%2C778","contentUrl":"https:\/\/i1.wp.com\/vincentians.com\/es\/wp-content\/uploads\/sites\/11\/2016\/06\/Vincentian-Network-logo-big.png?fit=778%2C778","width":778,"height":778,"caption":"The Vincentian Network"},"image":{"@id":"http:\/\/vincentians.com\/es\/#\/schema\/logo\/image\/"},"sameAs":["https:\/\/www.facebook.com\/WeAreVincentians\/","https:\/\/x.com\/WeVincentians"]},{"@type":"Person","@id":"http:\/\/vincentians.com\/es\/#\/schema\/person\/9623ef4d9aa3b2dfb8c061f1499288f2","name":"Francisco Javier Fern\u00e1ndez Chento","image":{"@type":"ImageObject","inLanguage":"es","@id":"http:\/\/vincentians.com\/es\/#\/schema\/person\/image\/","url":"https:\/\/secure.gravatar.com\/avatar\/497d5cde87b4c3d097d0315953521681ba2cd523ee66e5077c3711f7021e65de?s=96&d=mm&r=g","contentUrl":"https:\/\/secure.gravatar.com\/avatar\/497d5cde87b4c3d097d0315953521681ba2cd523ee66e5077c3711f7021e65de?s=96&d=mm&r=g","caption":"Francisco Javier Fern\u00e1ndez Chento"},"description":"Director General y cofundador de La Red de Formaci\u00f3n Vicenciana. Javier es laico vicenciano, afiliado a la Congregaci\u00f3n de la Misi\u00f3n y miembro del Equipo de Misiones Populares de la provincia can\u00f3nica de Zaragoza (Espa\u00f1a) de la Congregaci\u00f3n de la Misi\u00f3n. Graduado en la Universidad Oberta de Catalunya con cuatro grados (Asistente de direcci\u00f3n, Gesti\u00f3n Administrativa, Recursos Humanos y Contabilidad Avanzada). Bil\u00edng\u00fce Espa\u00f1ol\/Ingl\u00e9s. gestiona y mantiene varias p\u00e1ginas web cristianas y vicencianas, incluida including La Red de Formaci\u00f3n Vicenciana, de la que es cofundador. Actualmente es responsable del \u00e1rea de Espa\u00f1ol de .famvin, la Red de Noticias de la Familia Vicenciana. Tambi\u00e9n es m\u00fasico cat\u00f3lico y ha editado varios discos. Es Director General y cofundador de Trovador, una reconocida compa\u00f1\u00eda discogr\u00e1fica critiana de Espa\u00f1a. Trabaja en las Tecnolog\u00edas de la Informaci\u00f3n, ofreciendo servicios de alojamiento, dise\u00f1o y mantenimiento Web, as\u00ed como asesoramiento, formaci\u00f3n y soluciones inform\u00e1ticas, gesti\u00f3n documental y digitalizaci\u00f3n de textos, edici\u00f3n y maquetaci\u00f3n de libros, revistas, flyers, etc.","sameAs":["http:\/\/chento.org","https:\/\/www.facebook.com\/JavierChento","https:\/\/x.com\/https:\/\/twitter.com\/javierchento"],"url":"http:\/\/vincentians.com\/es\/author\/chento\/"}]}},"jetpack_publicize_connections":[],"jetpack_featured_media_url":"https:\/\/i0.wp.com\/vincentians.com\/es\/wp-content\/uploads\/sites\/11\/2016\/07\/escritos-regis-clet.jpg?fit=1200%2C630","jetpack_sharing_enabled":true,"jetpack_shortlink":"https:\/\/wp.me\/p7ETMF-9B1","jetpack-related-posts":[{"id":36888,"url":"http:\/\/vincentians.com\/es\/regis-clet-carta-62-a-un-hermano-de-congregacion\/","url_meta":{"origin":36891,"position":0},"title":"R\u00e9gis Clet, Carta 62: A Un Hermano De Congregaci\u00f3n","author":"Francisco Javier Fern\u00e1ndez Chento","date":"17\/05\/2011","format":false,"excerpt":"Entre 1810 y 1818 El Padre Clet dec\u00eda \"que (el Padre Dumazel) le daba \u00e9l solo m\u00e1s quebraderos de cabeza para dirigirle que toda la provincia de Hup\u00e9\". Citado por Mons. Baldus, C. M., en una carta del 25 de diciembre de 1861, seg\u00fan una carta del Bienaventurado, hoy perdida\u2026","rel":"","context":"En \u00abEscritos de Francisco R\u00e9gis Clet\u00bb","block_context":{"text":"Escritos de Francisco R\u00e9gis Clet","link":"http:\/\/vincentians.com\/es\/category\/escritos\/escritos-de-francisco-regis-clet\/"},"img":{"alt_text":"","src":"https:\/\/i0.wp.com\/vincentians.com\/es\/wp-content\/uploads\/sites\/11\/2016\/07\/escritos-regis-clet.jpg?fit=1200%2C630&resize=350%2C200","width":350,"height":200,"srcset":"https:\/\/i0.wp.com\/vincentians.com\/es\/wp-content\/uploads\/sites\/11\/2016\/07\/escritos-regis-clet.jpg?fit=1200%2C630&resize=350%2C200 1x, https:\/\/i0.wp.com\/vincentians.com\/es\/wp-content\/uploads\/sites\/11\/2016\/07\/escritos-regis-clet.jpg?fit=1200%2C630&resize=525%2C300 1.5x, https:\/\/i0.wp.com\/vincentians.com\/es\/wp-content\/uploads\/sites\/11\/2016\/07\/escritos-regis-clet.jpg?fit=1200%2C630&resize=700%2C400 2x, https:\/\/i0.wp.com\/vincentians.com\/es\/wp-content\/uploads\/sites\/11\/2016\/07\/escritos-regis-clet.jpg?fit=1200%2C630&resize=1050%2C600 3x"},"classes":[]},{"id":34093,"url":"http:\/\/vincentians.com\/es\/regis-clet-carta-39-a-pablo-song-c-m\/","url_meta":{"origin":36891,"position":1},"title":"R\u00e9gis Clet, Carta 39: A Pablo Song, C.M.","author":"Francisco Javier Fern\u00e1ndez Chento","date":"24\/04\/2011","format":false,"excerpt":"Tcha-yuen-ke\u00fa, 30 de la 2\u00aa luna de 1809 14 de abril de 1809 Padre y muy querido hermano, Ocho o diez d\u00edas antes de Pascua, lleg\u00f3 el hermano Uang a nuestra casa con Yuen Lorenzo y su hijo. Al primero nos lo manda el Padre Ghislain para guardar y llevar\u2026","rel":"","context":"En \u00abEscritos de Francisco R\u00e9gis Clet\u00bb","block_context":{"text":"Escritos de Francisco R\u00e9gis Clet","link":"http:\/\/vincentians.com\/es\/category\/escritos\/escritos-de-francisco-regis-clet\/"},"img":{"alt_text":"","src":"https:\/\/i0.wp.com\/vincentians.com\/es\/wp-content\/uploads\/sites\/11\/2016\/07\/escritos-regis-clet.jpg?fit=1200%2C630&resize=350%2C200","width":350,"height":200,"srcset":"https:\/\/i0.wp.com\/vincentians.com\/es\/wp-content\/uploads\/sites\/11\/2016\/07\/escritos-regis-clet.jpg?fit=1200%2C630&resize=350%2C200 1x, https:\/\/i0.wp.com\/vincentians.com\/es\/wp-content\/uploads\/sites\/11\/2016\/07\/escritos-regis-clet.jpg?fit=1200%2C630&resize=525%2C300 1.5x, https:\/\/i0.wp.com\/vincentians.com\/es\/wp-content\/uploads\/sites\/11\/2016\/07\/escritos-regis-clet.jpg?fit=1200%2C630&resize=700%2C400 2x, https:\/\/i0.wp.com\/vincentians.com\/es\/wp-content\/uploads\/sites\/11\/2016\/07\/escritos-regis-clet.jpg?fit=1200%2C630&resize=1050%2C600 3x"},"classes":[]},{"id":36873,"url":"http:\/\/vincentians.com\/es\/regis-clet-carta-47-a-juan-jose-ghislain-c-m-en-pekin\/","url_meta":{"origin":36891,"position":2},"title":"R\u00e9gis Clet, Carta 47: A Juan Jos\u00e9 Ghislain, C.M., En Pek\u00edn","author":"Francisco Javier Fern\u00e1ndez Chento","date":"02\/05\/2011","format":false,"excerpt":"3 de mayo de 1810 Padre y muy querido hermano, \u00a1La gracia de Nuestro Se\u00f1or est\u00e9 siempre con nosotros! Bien poco falt\u00f3 para que no pudiera tener con usted m\u00e1s relaciones que en el cielo. Al d\u00eda siguiente de la Epifan\u00eda fui atacado de un chan\u00adhan-ping (tifus), es decir, creo,\u2026","rel":"","context":"En \u00abEscritos de Francisco R\u00e9gis Clet\u00bb","block_context":{"text":"Escritos de Francisco R\u00e9gis Clet","link":"http:\/\/vincentians.com\/es\/category\/escritos\/escritos-de-francisco-regis-clet\/"},"img":{"alt_text":"","src":"https:\/\/i0.wp.com\/vincentians.com\/es\/wp-content\/uploads\/sites\/11\/2016\/07\/escritos-regis-clet.jpg?fit=1200%2C630&resize=350%2C200","width":350,"height":200,"srcset":"https:\/\/i0.wp.com\/vincentians.com\/es\/wp-content\/uploads\/sites\/11\/2016\/07\/escritos-regis-clet.jpg?fit=1200%2C630&resize=350%2C200 1x, https:\/\/i0.wp.com\/vincentians.com\/es\/wp-content\/uploads\/sites\/11\/2016\/07\/escritos-regis-clet.jpg?fit=1200%2C630&resize=525%2C300 1.5x, https:\/\/i0.wp.com\/vincentians.com\/es\/wp-content\/uploads\/sites\/11\/2016\/07\/escritos-regis-clet.jpg?fit=1200%2C630&resize=700%2C400 2x, https:\/\/i0.wp.com\/vincentians.com\/es\/wp-content\/uploads\/sites\/11\/2016\/07\/escritos-regis-clet.jpg?fit=1200%2C630&resize=1050%2C600 3x"},"classes":[]},{"id":11342,"url":"http:\/\/vincentians.com\/es\/francisco-regis-clet-biografia-06\/","url_meta":{"origin":36891,"position":3},"title":"Francisco R\u00e9gis Clet, biograf\u00eda (06)","author":"Francisco Javier Fern\u00e1ndez Chento","date":"14\/02\/2015","format":false,"excerpt":"6. La correspondencia del padre Clet Las cartas de Francisco R\u00e9gis a su hermana S\u00f3lo nos quedan cinco cartas del Padre Clet a su hermana mayor y madrina, Mar\u00eda Teresa. Ata\u00f1en a su candidatura de misionero para China y al viaje. Trata \u00e9l de comunicarle su entusiasmo. Prev\u00e9 que ella\u2026","rel":"","context":"En \u00abFrancisco R\u00e9gis Clet\u00bb","block_context":{"text":"Francisco R\u00e9gis Clet","link":"http:\/\/vincentians.com\/es\/category\/la-familia-vicenciana\/la-familia-vicenciana-en-los-altares\/santos\/francisco-regis-clet\/"},"img":{"alt_text":"","src":"https:\/\/i0.wp.com\/vicencianos.org\/wp-content\/2010\/02\/regis-clet1-300x300.jpg?resize=350%2C200","width":350,"height":200},"classes":[]},{"id":36878,"url":"http:\/\/vincentians.com\/es\/regis-clet-carta-52-a-juan-francisco-richenet-c-m-en-macao\/","url_meta":{"origin":36891,"position":4},"title":"R\u00e9gis Clet, Carta 52: A Juan-Francisco Richenet, C.M., En Macao","author":"Francisco Javier Fern\u00e1ndez Chento","date":"07\/05\/2011","format":false,"excerpt":"Hacia setiembre de 1810 Padre y muy querido hermano, La gracia de Nuestro Se\u00f1or est\u00e9 siempre con nosotros. Hemos llegado por fin al colmo de nuestros deseos. La Providencia a la que se conf\u00eda por entero ha dirigido tan rectamente sus pasos, que la mercanc\u00eda que tanto necesit\u00e1bamos ha llegado\u2026","rel":"","context":"En \u00abEscritos de Francisco R\u00e9gis Clet\u00bb","block_context":{"text":"Escritos de Francisco R\u00e9gis Clet","link":"http:\/\/vincentians.com\/es\/category\/escritos\/escritos-de-francisco-regis-clet\/"},"img":{"alt_text":"","src":"https:\/\/i0.wp.com\/vincentians.com\/es\/wp-content\/uploads\/sites\/11\/2016\/07\/escritos-regis-clet.jpg?fit=1200%2C630&resize=350%2C200","width":350,"height":200,"srcset":"https:\/\/i0.wp.com\/vincentians.com\/es\/wp-content\/uploads\/sites\/11\/2016\/07\/escritos-regis-clet.jpg?fit=1200%2C630&resize=350%2C200 1x, https:\/\/i0.wp.com\/vincentians.com\/es\/wp-content\/uploads\/sites\/11\/2016\/07\/escritos-regis-clet.jpg?fit=1200%2C630&resize=525%2C300 1.5x, https:\/\/i0.wp.com\/vincentians.com\/es\/wp-content\/uploads\/sites\/11\/2016\/07\/escritos-regis-clet.jpg?fit=1200%2C630&resize=700%2C400 2x, https:\/\/i0.wp.com\/vincentians.com\/es\/wp-content\/uploads\/sites\/11\/2016\/07\/escritos-regis-clet.jpg?fit=1200%2C630&resize=1050%2C600 3x"},"classes":[]},{"id":36884,"url":"http:\/\/vincentians.com\/es\/regis-clet-carta-58-a-lazaro-dumazel-c-m\/","url_meta":{"origin":36891,"position":5},"title":"R\u00e9gis Clet, Carta 58: A L\u00e1zaro Dumazel, C.M.","author":"Francisco Javier Fern\u00e1ndez Chento","date":"13\/05\/2011","format":false,"excerpt":"A las 10 de la noche del 16 de 1813 Padre y muy querido hermano: La gracia de Nuestro Se\u00f1or est\u00e9 siempre con nosotros Yo no pongo los puntos sobre las \u00edes como usted. Hasta ahora no me ha entrado ning\u00fan escr\u00fapulo sobre estos zapatos o estos teu-fu hechos por\u2026","rel":"","context":"En \u00abEscritos de Francisco R\u00e9gis Clet\u00bb","block_context":{"text":"Escritos de Francisco R\u00e9gis Clet","link":"http:\/\/vincentians.com\/es\/category\/escritos\/escritos-de-francisco-regis-clet\/"},"img":{"alt_text":"","src":"https:\/\/i0.wp.com\/vincentians.com\/es\/wp-content\/uploads\/sites\/11\/2016\/07\/escritos-regis-clet.jpg?fit=1200%2C630&resize=350%2C200","width":350,"height":200,"srcset":"https:\/\/i0.wp.com\/vincentians.com\/es\/wp-content\/uploads\/sites\/11\/2016\/07\/escritos-regis-clet.jpg?fit=1200%2C630&resize=350%2C200 1x, https:\/\/i0.wp.com\/vincentians.com\/es\/wp-content\/uploads\/sites\/11\/2016\/07\/escritos-regis-clet.jpg?fit=1200%2C630&resize=525%2C300 1.5x, https:\/\/i0.wp.com\/vincentians.com\/es\/wp-content\/uploads\/sites\/11\/2016\/07\/escritos-regis-clet.jpg?fit=1200%2C630&resize=700%2C400 2x, https:\/\/i0.wp.com\/vincentians.com\/es\/wp-content\/uploads\/sites\/11\/2016\/07\/escritos-regis-clet.jpg?fit=1200%2C630&resize=1050%2C600 3x"},"classes":[]}],"_links":{"self":[{"href":"http:\/\/vincentians.com\/es\/wp-json\/wp\/v2\/posts\/36891","targetHints":{"allow":["GET"]}}],"collection":[{"href":"http:\/\/vincentians.com\/es\/wp-json\/wp\/v2\/posts"}],"about":[{"href":"http:\/\/vincentians.com\/es\/wp-json\/wp\/v2\/types\/post"}],"author":[{"embeddable":true,"href":"http:\/\/vincentians.com\/es\/wp-json\/wp\/v2\/users\/4"}],"replies":[{"embeddable":true,"href":"http:\/\/vincentians.com\/es\/wp-json\/wp\/v2\/comments?post=36891"}],"version-history":[{"count":0,"href":"http:\/\/vincentians.com\/es\/wp-json\/wp\/v2\/posts\/36891\/revisions"}],"wp:featuredmedia":[{"embeddable":true,"href":"http:\/\/vincentians.com\/es\/wp-json\/wp\/v2\/media\/393752"}],"wp:attachment":[{"href":"http:\/\/vincentians.com\/es\/wp-json\/wp\/v2\/media?parent=36891"}],"wp:term":[{"taxonomy":"category","embeddable":true,"href":"http:\/\/vincentians.com\/es\/wp-json\/wp\/v2\/categories?post=36891"},{"taxonomy":"post_tag","embeddable":true,"href":"http:\/\/vincentians.com\/es\/wp-json\/wp\/v2\/tags?post=36891"}],"curies":[{"name":"wp","href":"https:\/\/api.w.org\/{rel}","templated":true}]}}