{"id":36882,"date":"2011-05-11T03:01:39","date_gmt":"2011-05-11T01:01:39","guid":{"rendered":"http:\/\/somos.vicencianos.org\/blog\/2011\/05\/regis-clet-carta-56-a-pablo-song-c-m\/"},"modified":"2011-05-11T03:01:39","modified_gmt":"2011-05-11T01:01:39","slug":"regis-clet-carta-56-a-pablo-song-c-m","status":"publish","type":"post","link":"http:\/\/vincentians.com\/es\/regis-clet-carta-56-a-pablo-song-c-m\/","title":{"rendered":"R\u00e9gis Clet, Carta 56: A Pablo Song, C.M."},"content":{"rendered":"<p>6 de setiembre de 1812<span id='easy-footnote-1-36882' class='easy-footnote-margin-adjust'><\/span><span class='easy-footnote'><a href='http:\/\/vincentians.com\/es\/regis-clet-carta-56-a-pablo-song-c-m\/#easy-footnote-bottom-1-36882' title='CARTA 56. Casa Madre, original (Bazos n. 49).'><sup>1<\/sup><\/a><\/span>\n<p>Padre y muy querido hermano<\/p>\n<p>La gracia de Nuestro Se\u00f1or est\u00e9 siempre con nosotros<\/p>\n<p>Hace mucho que deseaba escribirle, pero la ausencia de ocasiones me ha mpedido hasta ahora. Hoy me aprovecho del regreso de Uei-yn\u00adchu a sus parajes para mandar noticias nuestras..<\/p>\n<p>Hace unos dos meses que se difundi\u00f3 por Fang-hien y Cutching un rumor terrible: que los cristianos se rebelaban y que hab\u00edan fijado el d\u00eda de la rebeli\u00f3n en la fiesta de la Asunci\u00f3n de la Sant\u00edsima Virgen, o sea el 9 de la s\u00e9ptima luna. Este rumor fue creciendo hasta tal punto, que los campesinos de Fag-hien formaban campamentos para refu\u00adgiarse, como en la \u00e9poca de la revuelta de los Pe-lien-kiao; se dec\u00eda que dos Sy-yang-gin, es decir, dos europeos eran los jefes de la rebe\u00adli\u00f3n. Dos mandarines de guerra vinieron a acusarlos a los mandarines de guerra de Cutching, para convenir en los medios que hab\u00eda que emplear para detener y apagar esta pretendida revuelta en su naci\u00admiento.<\/p>\n<p>Como los dos pretendidos cabecillas de la revuelta eran designados por su propio nombre, vinieron a molestar a los cristianos, para que los entregasen. Los cristianos negaron rotundamente que hubiera europe\u00ados en sus monta\u00f1as, y los campesinos de Qon-yn-tang dijeron lo mismo.<\/p>\n<p>En cuanto a la revuelta, ha sido f\u00e1cil probar que era una pura calum\u00adnia. Sin embargo tuvieron que ir a Hien para declarar por escrito que los cristianos no se rebelaban. Se nombr\u00f3 al Sun Chui-kin y a dos cate\u00adquistas para entregar este escrito de no-revuelta. Pero al comparecer ante el mandar\u00edn, en lugar de hablarle sobre esta revuelta, que ya se hab\u00eda demostrado calumniosa, le presentaron el edicto del Emperador que ordena castigar a los cristianos que en un ario no renuncien a su Religi\u00f3n, y se le orden\u00f3 que explicara por qu\u00e9 se hab\u00eda negado a ello por dos veces; se le honr\u00f3 con 50 bofetadas, que recibi\u00f3 con alegr\u00eda por el nombre de Dios: as\u00ed tenemos a Sun-hoei-tchang confesor de Jesu\u00adcristo por segunda vez, porque cuando la persecuci\u00f3n de los cincuenta de Kien-long hab\u00eda recibido otras tantas.<\/p>\n<p>As\u00ed est\u00e1n hoy las cosas. Hay algunas familias denunciadas como cristianas. El mandar\u00edn quer\u00eda enviar soldados o pretorianos para pren\u00adderlas, pero Pie-lao-ya<span id='easy-footnote-2-36882' class='easy-footnote-margin-adjust'><\/span><span class='easy-footnote'><a href='http:\/\/vincentians.com\/es\/regis-clet-carta-56-a-pablo-song-c-m\/#easy-footnote-bottom-2-36882' title='Pie-lao-ya: Pie, el jefe de los esbirros.'><sup>2<\/sup><\/a><\/span> ha dicho que no era necesaria la violencia, y que los cristianos denunciados ir\u00edan voluntarios al Hien para dar raz\u00f3n de su conducta. \u00a1Que Dios les d\u00e9 las fuerzas que necesitan para no renunciar a la fe!<\/p>\n<p>No se sabe si el dinero podr\u00e1 detener esta persecuci\u00f3n. \u00a1Pero los cristianos son bien pobres!<\/p>\n<p>Cuando Uang-fang-qoei me trajo su carta, yo la contest\u00e9 al punto, porque me dijo que deb\u00eda volverse a los dos o tres d\u00edas: me enter\u00e9 luego que, habiendo ido a ver al hijo de su hermana, que es yerno en la familia Hoang, se hab\u00eda quedado all\u00ed cerca de dos meses. Le mand\u00e9 a decir que me avisara de su partida, porque quer\u00eda escribirle una segunda carta, pero parti\u00f3 sin decir palabra. Despu\u00e9s he recibido carta suya en la que me cuenta la malversaci\u00f3n de su monaguillo. Ya sab\u00eda\u00admos de su regreso a Che-hoa-kiai, pero ignor\u00e1bamos el motivo; es su carta la que nos ha puesto al tanto de este misterio de iniquidad. Ello nos entristeci\u00f3 mucho. Eso nos debe ense\u00f1ar que no debemos emplear en nuestro servicio m\u00e1s que a hombres probados, conocidos por largo tiempo por gente regular y temerosa de Dios.<\/p>\n<p>El Padre Dumazel impresionado por la p\u00e9rdida de esta oveja extra\u00adviada, envi\u00f3 a Sun-hoei-tchang, su padrino, para exhortarle a arrepen\u00adtirse de su falta y traerla al reba\u00f1o. Sun le trajo a nuestra residencia, donde hizo su confesi\u00f3n con el Padre Dumazel, y pidi\u00f3 perd\u00f3n por su locura y condonaci\u00f3n del dinero robado, y se volvi\u00f3 a Che-hoa-kiai, donde ha procurado no difamarse y nosotros no divulgar su infamia. De este modo este desdichado asunto no traer\u00e1 consecuencias.<\/p>\n<p>Se busca marido para esta joven de Tuin-sy, cuya vida escandalosa ha sido conocida por los cristianos y paganos de Hoang-chan-ya y se ha difundido hasta por nuestras monta\u00f1as: ahora se encuentra en Hoang-tsao-pa con la virgen Uang, donde la confes\u00e9 <em>in periculo mor\u00ad<\/em><em>tis (en peligro de muerte). <\/em>Dicen que siente repugnancia a casarse; sin embargo, cuando se le haya encontrado un partido conveniente, ser\u00e1 preciso que consienta en el matrimonio, que es el \u00fanico medio de hacer olvidar su oprobio.<\/p>\n<p>Me ha costado mucho comprender qu\u00e9 era eso que ha comprado por 250 libras. Por fin he pensado que se trataba de uva para hacer vino. Lo principal es procurar la m\u00e1s r\u00e1pida fermentaci\u00f3n, de la cual depende su conservaci\u00f3n. El Padre Tchin<span id='easy-footnote-3-36882' class='easy-footnote-margin-adjust'><\/span><span class='easy-footnote'><a href='http:\/\/vincentians.com\/es\/regis-clet-carta-56-a-pablo-song-c-m\/#easy-footnote-bottom-3-36882' title='Padre Tchin. Antonio Tchin, cfr., Carta 50, nota 4.'><sup>3<\/sup><\/a><\/span> lo hizo el a\u00f1o pasado, y no lo alteraron los calores del verano, y m\u00e1s nos vale, porque el vino de Europa casi se ha terminado y no veo c\u00f3mo se podr\u00eda ahora traerlo de Qang-tong. Creo que el Padre Tchin se dedica a hacerlo ahora en el lugar donde se ha escondido. Si pudiera conseguir hacerlo en el lugar donde se halla, ser\u00eda sin duda una buena obra.<\/p>\n<p>Sin noticias de la Babilonia. Pienso que, si hacia el fin de la&#8230; luna no recibimos, habr\u00e1 que enviarles las nuestras y a la vez conocer las suyas y pedirles alguna ayudita de dinero, porque el hambre que se hace sentir por aqu\u00ed durante 5 \u00f3 6 meses nos ha empobrecido mucho. No s\u00e9 c\u00f3mo andan sus finanzas, pero sea rico o pobre, lo siento en el alma, no tengo nada que darle.<\/p>\n<p>He aqu\u00ed c\u00f3mo resuelven los te\u00f3logos el caso de los vendedores de telas y otras mercanc\u00edas cualesquiera. Pueden exigir de los comprado\u00adres a cr\u00e9dito el precio supremo, mientras se contenten con el precio medio o \u00ednfimo para los compradores con dinero al contado: pues bien, la latitud del precio \u00ednfimo y supremo es poco m\u00e1s o menos de diez denarios sobre cien, as\u00ed si el precio \u00ednfimo es 95, el precio supremo ser\u00e1 unos 105. Es cierto que si el retraso del precio hace que los vendedores sufran da\u00f1o y que se encuentren en esta ocasi\u00f3n <em>in casu lucri cessantis <\/em><em>vel damni emergentis (en caso de lucro cesante o de da\u00f1o emergente), <\/em>pueden vender m\u00e1s caro a t\u00edtulo de compensaci\u00f3n. Pero los mismos te\u00f3\u00adlogos observan que no pueden (los vendedores) aspirar a esta compen\u00adsaci\u00f3n, porque est\u00e1n bastante compensados por la multitud de los com\u00adpradores. Pues es claro que un mercader que s\u00f3lo quisiera vender dinero en mano, tendr\u00eda pocos compradores, mientras que el vendedor a cr\u00e9di\u00adto tiene muchos: as\u00ed vendiendo a cr\u00e9dito al precio supremo gana en total m\u00e1s que si s\u00f3lo vendiera al contado, por la gran cantidad de mercan\u00adc\u00edas que no vender\u00eda si no quisiera vender a cr\u00e9dito.<\/p>\n<p>Le env\u00edo una carta de nuestro Padre Superior Ghislain. Le parecer\u00e1 que se encuentra en muy mal estado, pero atrib\u00fayaselo a nuestros Padres, que temiendo que los portadores fuesen detenidos en ruta les han hecho que se sirvieran de sobres para diversos objetos. Ha habido varias de estas cartas que est\u00e1n mucho m\u00e1s estropeadas que la suya y que ha costado mucho descifrar. Se la env\u00edo tarde porque me olvid\u00e9 de incluirla en la que le escrib\u00ed en la primera luna y hasta ahora no se ha presentado la ocasi\u00f3n.<\/p>\n<p>Ya comprende bien que en la crisis en que estamos, todos nos hemos escondido y los efectos de la casa est\u00e1n en lugar seguro. No s\u00e9 si el Padre Dumazel tiene Santos \u00d3leos en reserva; se lo consulto.<\/p>\n<p>Nosotros estamos bastante bien todos, pienso yo. Durante la cuarta luna tuve una terrible hemorragia que me hizo perder por la nariz al menos 5 libras de sangre. Ya me he repuesto.<\/p>\n<p>Acabo de hacer los ejercicios anuales, los que le invito a hacer si la salud se lo permite: en estos tiempos tenemos grande necesidad del auxilio de lo Alto; a nosotros nos toca llorar entre el vest\u00edbulo y el altar, para mover el coraz\u00f3n de Dios hacia nuestras ovejas, rog\u00e1ndole con insistencia que derrame sobre ellas y nosotros la abundancia de sus misericordias.<\/p>\n<p>Como no le olvido ante Dios, le pido lo rec\u00edproco respecto de m\u00ed y soy con respeto y amistad.<\/p>\n<p>P. S. Diga a Tchang-ky-tai que venga o env\u00ede a buscar su dinero, que durante esta tempestad nos preocupa mucho, y hasta peligra que lo gastemos, lo que no se nos ocurrir\u00e1, por miedo de no poder restituir.<\/p>\n","protected":false},"excerpt":{"rendered":"<p>6 de setiembre de 1812 Padre y muy querido hermano La gracia de Nuestro Se\u00f1or est\u00e9 siempre con nosotros Hace mucho que deseaba escribirle, pero la ausencia de ocasiones me ha mpedido hasta ahora. Hoy &#8230; <a href=\"http:\/\/vincentians.com\/es\/regis-clet-carta-56-a-pablo-song-c-m\/\" class=\"more-link\">Read More<\/a><\/p>\n","protected":false},"author":4,"featured_media":393752,"comment_status":"open","ping_status":"open","sticky":false,"template":"","format":"standard","meta":{"jetpack_post_was_ever_published":false,"_jetpack_newsletter_access":"","_jetpack_dont_email_post_to_subs":false,"_jetpack_newsletter_tier_id":0,"_jetpack_memberships_contains_paywalled_content":false,"_jetpack_memberships_contains_paid_content":false,"footnotes":"","jetpack_publicize_message":"","jetpack_publicize_feature_enabled":true,"jetpack_social_post_already_shared":true,"jetpack_social_options":{"image_generator_settings":{"template":"highway","default_image_id":0,"font":"","enabled":false},"version":2}},"categories":[211],"tags":[],"class_list":["post-36882","post","type-post","status-publish","format-standard","has-post-thumbnail","hentry","category-escritos-de-francisco-regis-clet"],"yoast_head":"<!-- This site is optimized with the Yoast SEO plugin v26.3 - https:\/\/yoast.com\/wordpress\/plugins\/seo\/ -->\n<title>R\u00e9gis Clet, Carta 56: A Pablo Song, C.M. - Somos Vicencianos<\/title>\n<meta name=\"robots\" content=\"index, follow, max-snippet:-1, max-image-preview:large, max-video-preview:-1\" \/>\n<link rel=\"canonical\" href=\"http:\/\/vincentians.com\/es\/regis-clet-carta-56-a-pablo-song-c-m\/\" \/>\n<meta property=\"og:locale\" content=\"es_ES\" \/>\n<meta property=\"og:type\" content=\"article\" \/>\n<meta property=\"og:title\" content=\"R\u00e9gis Clet, Carta 56: A Pablo Song, C.M. - Somos Vicencianos\" \/>\n<meta property=\"og:description\" content=\"6 de setiembre de 1812 Padre y muy querido hermano La gracia de Nuestro Se\u00f1or est\u00e9 siempre con nosotros Hace mucho que deseaba escribirle, pero la ausencia de ocasiones me ha mpedido hasta ahora. Hoy ... Read More\" \/>\n<meta property=\"og:url\" content=\"http:\/\/vincentians.com\/es\/regis-clet-carta-56-a-pablo-song-c-m\/\" \/>\n<meta property=\"og:site_name\" content=\"Somos Vicencianos\" \/>\n<meta property=\"article:publisher\" content=\"https:\/\/www.facebook.com\/WeAreVincentians\/\" \/>\n<meta property=\"article:author\" content=\"https:\/\/www.facebook.com\/JavierChento\" \/>\n<meta property=\"article:published_time\" content=\"2011-05-11T01:01:39+00:00\" \/>\n<meta property=\"og:image\" content=\"https:\/\/i0.wp.com\/vincentians.com\/es\/wp-content\/uploads\/sites\/11\/2016\/07\/escritos-regis-clet.jpg?fit=1200%2C630\" \/>\n\t<meta property=\"og:image:width\" content=\"1200\" \/>\n\t<meta property=\"og:image:height\" content=\"630\" \/>\n\t<meta property=\"og:image:type\" content=\"image\/jpeg\" \/>\n<meta name=\"author\" content=\"Francisco Javier Fern\u00e1ndez Chento\" \/>\n<meta name=\"twitter:card\" content=\"summary_large_image\" \/>\n<meta name=\"twitter:creator\" content=\"@https:\/\/twitter.com\/javierchento\" \/>\n<meta name=\"twitter:site\" content=\"@WeVincentians\" \/>\n<meta name=\"twitter:label1\" content=\"Escrito por\" \/>\n\t<meta name=\"twitter:data1\" content=\"Francisco Javier Fern\u00e1ndez Chento\" \/>\n\t<meta name=\"twitter:label2\" content=\"Tiempo de lectura\" \/>\n\t<meta name=\"twitter:data2\" content=\"8 minutos\" \/>\n<script type=\"application\/ld+json\" class=\"yoast-schema-graph\">{\"@context\":\"https:\/\/schema.org\",\"@graph\":[{\"@type\":\"Article\",\"@id\":\"http:\/\/vincentians.com\/es\/regis-clet-carta-56-a-pablo-song-c-m\/#article\",\"isPartOf\":{\"@id\":\"http:\/\/vincentians.com\/es\/regis-clet-carta-56-a-pablo-song-c-m\/\"},\"author\":{\"name\":\"Francisco Javier Fern\u00e1ndez Chento\",\"@id\":\"https:\/\/vincentians.com\/es\/#\/schema\/person\/9623ef4d9aa3b2dfb8c061f1499288f2\"},\"headline\":\"R\u00e9gis Clet, Carta 56: A Pablo Song, C.M.\",\"datePublished\":\"2011-05-11T01:01:39+00:00\",\"mainEntityOfPage\":{\"@id\":\"http:\/\/vincentians.com\/es\/regis-clet-carta-56-a-pablo-song-c-m\/\"},\"wordCount\":1520,\"commentCount\":0,\"publisher\":{\"@id\":\"https:\/\/vincentians.com\/es\/#organization\"},\"image\":{\"@id\":\"http:\/\/vincentians.com\/es\/regis-clet-carta-56-a-pablo-song-c-m\/#primaryimage\"},\"thumbnailUrl\":\"https:\/\/i0.wp.com\/vincentians.com\/es\/wp-content\/uploads\/sites\/11\/2016\/07\/escritos-regis-clet.jpg?fit=1200%2C630\",\"articleSection\":[\"Escritos de Francisco R\u00e9gis Clet\"],\"inLanguage\":\"es\",\"potentialAction\":[{\"@type\":\"CommentAction\",\"name\":\"Comment\",\"target\":[\"http:\/\/vincentians.com\/es\/regis-clet-carta-56-a-pablo-song-c-m\/#respond\"]}]},{\"@type\":\"WebPage\",\"@id\":\"http:\/\/vincentians.com\/es\/regis-clet-carta-56-a-pablo-song-c-m\/\",\"url\":\"http:\/\/vincentians.com\/es\/regis-clet-carta-56-a-pablo-song-c-m\/\",\"name\":\"R\u00e9gis Clet, Carta 56: A Pablo Song, C.M. - Somos Vicencianos\",\"isPartOf\":{\"@id\":\"https:\/\/vincentians.com\/es\/#website\"},\"primaryImageOfPage\":{\"@id\":\"http:\/\/vincentians.com\/es\/regis-clet-carta-56-a-pablo-song-c-m\/#primaryimage\"},\"image\":{\"@id\":\"http:\/\/vincentians.com\/es\/regis-clet-carta-56-a-pablo-song-c-m\/#primaryimage\"},\"thumbnailUrl\":\"https:\/\/i0.wp.com\/vincentians.com\/es\/wp-content\/uploads\/sites\/11\/2016\/07\/escritos-regis-clet.jpg?fit=1200%2C630\",\"datePublished\":\"2011-05-11T01:01:39+00:00\",\"breadcrumb\":{\"@id\":\"http:\/\/vincentians.com\/es\/regis-clet-carta-56-a-pablo-song-c-m\/#breadcrumb\"},\"inLanguage\":\"es\",\"potentialAction\":[{\"@type\":\"ReadAction\",\"target\":[\"http:\/\/vincentians.com\/es\/regis-clet-carta-56-a-pablo-song-c-m\/\"]}]},{\"@type\":\"ImageObject\",\"inLanguage\":\"es\",\"@id\":\"http:\/\/vincentians.com\/es\/regis-clet-carta-56-a-pablo-song-c-m\/#primaryimage\",\"url\":\"https:\/\/i0.wp.com\/vincentians.com\/es\/wp-content\/uploads\/sites\/11\/2016\/07\/escritos-regis-clet.jpg?fit=1200%2C630\",\"contentUrl\":\"https:\/\/i0.wp.com\/vincentians.com\/es\/wp-content\/uploads\/sites\/11\/2016\/07\/escritos-regis-clet.jpg?fit=1200%2C630\",\"width\":1200,\"height\":630},{\"@type\":\"BreadcrumbList\",\"@id\":\"http:\/\/vincentians.com\/es\/regis-clet-carta-56-a-pablo-song-c-m\/#breadcrumb\",\"itemListElement\":[{\"@type\":\"ListItem\",\"position\":1,\"name\":\"Portada\",\"item\":\"https:\/\/vincentians.com\/es\/\"},{\"@type\":\"ListItem\",\"position\":2,\"name\":\"R\u00e9gis Clet, Carta 56: A Pablo Song, C.M.\"}]},{\"@type\":\"WebSite\",\"@id\":\"https:\/\/vincentians.com\/es\/#website\",\"url\":\"https:\/\/vincentians.com\/es\/\",\"name\":\"Somos Vicencianos\",\"description\":\"Know more to serve more\",\"publisher\":{\"@id\":\"https:\/\/vincentians.com\/es\/#organization\"},\"potentialAction\":[{\"@type\":\"SearchAction\",\"target\":{\"@type\":\"EntryPoint\",\"urlTemplate\":\"https:\/\/vincentians.com\/es\/?s={search_term_string}\"},\"query-input\":{\"@type\":\"PropertyValueSpecification\",\"valueRequired\":true,\"valueName\":\"search_term_string\"}}],\"inLanguage\":\"es\"},{\"@type\":\"Organization\",\"@id\":\"https:\/\/vincentians.com\/es\/#organization\",\"name\":\"The Vincentian Network\",\"url\":\"https:\/\/vincentians.com\/es\/\",\"logo\":{\"@type\":\"ImageObject\",\"inLanguage\":\"es\",\"@id\":\"https:\/\/vincentians.com\/es\/#\/schema\/logo\/image\/\",\"url\":\"https:\/\/i1.wp.com\/vincentians.com\/es\/wp-content\/uploads\/sites\/11\/2016\/06\/Vincentian-Network-logo-big.png?fit=778%2C778\",\"contentUrl\":\"https:\/\/i1.wp.com\/vincentians.com\/es\/wp-content\/uploads\/sites\/11\/2016\/06\/Vincentian-Network-logo-big.png?fit=778%2C778\",\"width\":778,\"height\":778,\"caption\":\"The Vincentian Network\"},\"image\":{\"@id\":\"https:\/\/vincentians.com\/es\/#\/schema\/logo\/image\/\"},\"sameAs\":[\"https:\/\/www.facebook.com\/WeAreVincentians\/\",\"https:\/\/x.com\/WeVincentians\"]},{\"@type\":\"Person\",\"@id\":\"https:\/\/vincentians.com\/es\/#\/schema\/person\/9623ef4d9aa3b2dfb8c061f1499288f2\",\"name\":\"Francisco Javier Fern\u00e1ndez Chento\",\"image\":{\"@type\":\"ImageObject\",\"inLanguage\":\"es\",\"@id\":\"https:\/\/vincentians.com\/es\/#\/schema\/person\/image\/\",\"url\":\"https:\/\/secure.gravatar.com\/avatar\/497d5cde87b4c3d097d0315953521681ba2cd523ee66e5077c3711f7021e65de?s=96&d=mm&r=g\",\"contentUrl\":\"https:\/\/secure.gravatar.com\/avatar\/497d5cde87b4c3d097d0315953521681ba2cd523ee66e5077c3711f7021e65de?s=96&d=mm&r=g\",\"caption\":\"Francisco Javier Fern\u00e1ndez Chento\"},\"description\":\"Director General y cofundador de La Red de Formaci\u00f3n Vicenciana. Javier es laico vicenciano, afiliado a la Congregaci\u00f3n de la Misi\u00f3n y miembro del Equipo de Misiones Populares de la provincia can\u00f3nica de Zaragoza (Espa\u00f1a) de la Congregaci\u00f3n de la Misi\u00f3n. Graduado en la Universidad Oberta de Catalunya con cuatro grados (Asistente de direcci\u00f3n, Gesti\u00f3n Administrativa, Recursos Humanos y Contabilidad Avanzada). Bil\u00edng\u00fce Espa\u00f1ol\/Ingl\u00e9s. gestiona y mantiene varias p\u00e1ginas web cristianas y vicencianas, incluida including La Red de Formaci\u00f3n Vicenciana, de la que es cofundador. Actualmente es responsable del \u00e1rea de Espa\u00f1ol de .famvin, la Red de Noticias de la Familia Vicenciana. Tambi\u00e9n es m\u00fasico cat\u00f3lico y ha editado varios discos. Es Director General y cofundador de Trovador, una reconocida compa\u00f1\u00eda discogr\u00e1fica critiana de Espa\u00f1a. Trabaja en las Tecnolog\u00edas de la Informaci\u00f3n, ofreciendo servicios de alojamiento, dise\u00f1o y mantenimiento Web, as\u00ed como asesoramiento, formaci\u00f3n y soluciones inform\u00e1ticas, gesti\u00f3n documental y digitalizaci\u00f3n de textos, edici\u00f3n y maquetaci\u00f3n de libros, revistas, flyers, etc.\",\"sameAs\":[\"http:\/\/chento.org\",\"https:\/\/www.facebook.com\/JavierChento\",\"https:\/\/x.com\/https:\/\/twitter.com\/javierchento\"],\"url\":\"http:\/\/vincentians.com\/es\/author\/chento\/\"}]}<\/script>\n<!-- \/ Yoast SEO plugin. -->","yoast_head_json":{"title":"R\u00e9gis Clet, Carta 56: A Pablo Song, C.M. - Somos Vicencianos","robots":{"index":"index","follow":"follow","max-snippet":"max-snippet:-1","max-image-preview":"max-image-preview:large","max-video-preview":"max-video-preview:-1"},"canonical":"http:\/\/vincentians.com\/es\/regis-clet-carta-56-a-pablo-song-c-m\/","og_locale":"es_ES","og_type":"article","og_title":"R\u00e9gis Clet, Carta 56: A Pablo Song, C.M. - Somos Vicencianos","og_description":"6 de setiembre de 1812 Padre y muy querido hermano La gracia de Nuestro Se\u00f1or est\u00e9 siempre con nosotros Hace mucho que deseaba escribirle, pero la ausencia de ocasiones me ha mpedido hasta ahora. Hoy ... Read More","og_url":"http:\/\/vincentians.com\/es\/regis-clet-carta-56-a-pablo-song-c-m\/","og_site_name":"Somos Vicencianos","article_publisher":"https:\/\/www.facebook.com\/WeAreVincentians\/","article_author":"https:\/\/www.facebook.com\/JavierChento","article_published_time":"2011-05-11T01:01:39+00:00","og_image":[{"width":1200,"height":630,"url":"https:\/\/i0.wp.com\/vincentians.com\/es\/wp-content\/uploads\/sites\/11\/2016\/07\/escritos-regis-clet.jpg?fit=1200%2C630","type":"image\/jpeg"}],"author":"Francisco Javier Fern\u00e1ndez Chento","twitter_card":"summary_large_image","twitter_creator":"@https:\/\/twitter.com\/javierchento","twitter_site":"@WeVincentians","twitter_misc":{"Escrito por":"Francisco Javier Fern\u00e1ndez Chento","Tiempo de lectura":"8 minutos"},"schema":{"@context":"https:\/\/schema.org","@graph":[{"@type":"Article","@id":"http:\/\/vincentians.com\/es\/regis-clet-carta-56-a-pablo-song-c-m\/#article","isPartOf":{"@id":"http:\/\/vincentians.com\/es\/regis-clet-carta-56-a-pablo-song-c-m\/"},"author":{"name":"Francisco Javier Fern\u00e1ndez Chento","@id":"https:\/\/vincentians.com\/es\/#\/schema\/person\/9623ef4d9aa3b2dfb8c061f1499288f2"},"headline":"R\u00e9gis Clet, Carta 56: A Pablo Song, C.M.","datePublished":"2011-05-11T01:01:39+00:00","mainEntityOfPage":{"@id":"http:\/\/vincentians.com\/es\/regis-clet-carta-56-a-pablo-song-c-m\/"},"wordCount":1520,"commentCount":0,"publisher":{"@id":"https:\/\/vincentians.com\/es\/#organization"},"image":{"@id":"http:\/\/vincentians.com\/es\/regis-clet-carta-56-a-pablo-song-c-m\/#primaryimage"},"thumbnailUrl":"https:\/\/i0.wp.com\/vincentians.com\/es\/wp-content\/uploads\/sites\/11\/2016\/07\/escritos-regis-clet.jpg?fit=1200%2C630","articleSection":["Escritos de Francisco R\u00e9gis Clet"],"inLanguage":"es","potentialAction":[{"@type":"CommentAction","name":"Comment","target":["http:\/\/vincentians.com\/es\/regis-clet-carta-56-a-pablo-song-c-m\/#respond"]}]},{"@type":"WebPage","@id":"http:\/\/vincentians.com\/es\/regis-clet-carta-56-a-pablo-song-c-m\/","url":"http:\/\/vincentians.com\/es\/regis-clet-carta-56-a-pablo-song-c-m\/","name":"R\u00e9gis Clet, Carta 56: A Pablo Song, C.M. - Somos Vicencianos","isPartOf":{"@id":"https:\/\/vincentians.com\/es\/#website"},"primaryImageOfPage":{"@id":"http:\/\/vincentians.com\/es\/regis-clet-carta-56-a-pablo-song-c-m\/#primaryimage"},"image":{"@id":"http:\/\/vincentians.com\/es\/regis-clet-carta-56-a-pablo-song-c-m\/#primaryimage"},"thumbnailUrl":"https:\/\/i0.wp.com\/vincentians.com\/es\/wp-content\/uploads\/sites\/11\/2016\/07\/escritos-regis-clet.jpg?fit=1200%2C630","datePublished":"2011-05-11T01:01:39+00:00","breadcrumb":{"@id":"http:\/\/vincentians.com\/es\/regis-clet-carta-56-a-pablo-song-c-m\/#breadcrumb"},"inLanguage":"es","potentialAction":[{"@type":"ReadAction","target":["http:\/\/vincentians.com\/es\/regis-clet-carta-56-a-pablo-song-c-m\/"]}]},{"@type":"ImageObject","inLanguage":"es","@id":"http:\/\/vincentians.com\/es\/regis-clet-carta-56-a-pablo-song-c-m\/#primaryimage","url":"https:\/\/i0.wp.com\/vincentians.com\/es\/wp-content\/uploads\/sites\/11\/2016\/07\/escritos-regis-clet.jpg?fit=1200%2C630","contentUrl":"https:\/\/i0.wp.com\/vincentians.com\/es\/wp-content\/uploads\/sites\/11\/2016\/07\/escritos-regis-clet.jpg?fit=1200%2C630","width":1200,"height":630},{"@type":"BreadcrumbList","@id":"http:\/\/vincentians.com\/es\/regis-clet-carta-56-a-pablo-song-c-m\/#breadcrumb","itemListElement":[{"@type":"ListItem","position":1,"name":"Portada","item":"https:\/\/vincentians.com\/es\/"},{"@type":"ListItem","position":2,"name":"R\u00e9gis Clet, Carta 56: A Pablo Song, C.M."}]},{"@type":"WebSite","@id":"https:\/\/vincentians.com\/es\/#website","url":"https:\/\/vincentians.com\/es\/","name":"Somos Vicencianos","description":"Know more to serve more","publisher":{"@id":"https:\/\/vincentians.com\/es\/#organization"},"potentialAction":[{"@type":"SearchAction","target":{"@type":"EntryPoint","urlTemplate":"https:\/\/vincentians.com\/es\/?s={search_term_string}"},"query-input":{"@type":"PropertyValueSpecification","valueRequired":true,"valueName":"search_term_string"}}],"inLanguage":"es"},{"@type":"Organization","@id":"https:\/\/vincentians.com\/es\/#organization","name":"The Vincentian Network","url":"https:\/\/vincentians.com\/es\/","logo":{"@type":"ImageObject","inLanguage":"es","@id":"https:\/\/vincentians.com\/es\/#\/schema\/logo\/image\/","url":"https:\/\/i1.wp.com\/vincentians.com\/es\/wp-content\/uploads\/sites\/11\/2016\/06\/Vincentian-Network-logo-big.png?fit=778%2C778","contentUrl":"https:\/\/i1.wp.com\/vincentians.com\/es\/wp-content\/uploads\/sites\/11\/2016\/06\/Vincentian-Network-logo-big.png?fit=778%2C778","width":778,"height":778,"caption":"The Vincentian Network"},"image":{"@id":"https:\/\/vincentians.com\/es\/#\/schema\/logo\/image\/"},"sameAs":["https:\/\/www.facebook.com\/WeAreVincentians\/","https:\/\/x.com\/WeVincentians"]},{"@type":"Person","@id":"https:\/\/vincentians.com\/es\/#\/schema\/person\/9623ef4d9aa3b2dfb8c061f1499288f2","name":"Francisco Javier Fern\u00e1ndez Chento","image":{"@type":"ImageObject","inLanguage":"es","@id":"https:\/\/vincentians.com\/es\/#\/schema\/person\/image\/","url":"https:\/\/secure.gravatar.com\/avatar\/497d5cde87b4c3d097d0315953521681ba2cd523ee66e5077c3711f7021e65de?s=96&d=mm&r=g","contentUrl":"https:\/\/secure.gravatar.com\/avatar\/497d5cde87b4c3d097d0315953521681ba2cd523ee66e5077c3711f7021e65de?s=96&d=mm&r=g","caption":"Francisco Javier Fern\u00e1ndez Chento"},"description":"Director General y cofundador de La Red de Formaci\u00f3n Vicenciana. Javier es laico vicenciano, afiliado a la Congregaci\u00f3n de la Misi\u00f3n y miembro del Equipo de Misiones Populares de la provincia can\u00f3nica de Zaragoza (Espa\u00f1a) de la Congregaci\u00f3n de la Misi\u00f3n. Graduado en la Universidad Oberta de Catalunya con cuatro grados (Asistente de direcci\u00f3n, Gesti\u00f3n Administrativa, Recursos Humanos y Contabilidad Avanzada). Bil\u00edng\u00fce Espa\u00f1ol\/Ingl\u00e9s. gestiona y mantiene varias p\u00e1ginas web cristianas y vicencianas, incluida including La Red de Formaci\u00f3n Vicenciana, de la que es cofundador. Actualmente es responsable del \u00e1rea de Espa\u00f1ol de .famvin, la Red de Noticias de la Familia Vicenciana. Tambi\u00e9n es m\u00fasico cat\u00f3lico y ha editado varios discos. Es Director General y cofundador de Trovador, una reconocida compa\u00f1\u00eda discogr\u00e1fica critiana de Espa\u00f1a. Trabaja en las Tecnolog\u00edas de la Informaci\u00f3n, ofreciendo servicios de alojamiento, dise\u00f1o y mantenimiento Web, as\u00ed como asesoramiento, formaci\u00f3n y soluciones inform\u00e1ticas, gesti\u00f3n documental y digitalizaci\u00f3n de textos, edici\u00f3n y maquetaci\u00f3n de libros, revistas, flyers, etc.","sameAs":["http:\/\/chento.org","https:\/\/www.facebook.com\/JavierChento","https:\/\/x.com\/https:\/\/twitter.com\/javierchento"],"url":"http:\/\/vincentians.com\/es\/author\/chento\/"}]}},"jetpack_publicize_connections":[],"jetpack_featured_media_url":"https:\/\/i0.wp.com\/vincentians.com\/es\/wp-content\/uploads\/sites\/11\/2016\/07\/escritos-regis-clet.jpg?fit=1200%2C630","jetpack_sharing_enabled":true,"jetpack_shortlink":"https:\/\/wp.me\/p7ETMF-9AS","jetpack-related-posts":[{"id":36903,"url":"http:\/\/vincentians.com\/es\/regis-clet-carta-75-a-luis-lamiot-c-m-en-u-tchang\/","url_meta":{"origin":36882,"position":0},"title":"R\u00e9gis Clet, Carta 75: A Luis Lamiot, C.M., En U-Tch&#8217;ang","author":"Francisco Javier Fern\u00e1ndez Chento","date":"30\/05\/2011","format":false,"excerpt":"Entre el 15 y el 17 de febrero Padre y muy querido Superior, Bien o mal, creo haber cumplido toda la tarea que me encomend\u00f3: no me resta ya m\u00e1s que prepararme a morir, lo que deseo m\u00e1s que vivir. Le confieso que prefiero mi suerte a la de usted:\u2026","rel":"","context":"En \u00abEscritos de Francisco R\u00e9gis Clet\u00bb","block_context":{"text":"Escritos de Francisco R\u00e9gis Clet","link":"http:\/\/vincentians.com\/es\/category\/escritos\/escritos-de-francisco-regis-clet\/"},"img":{"alt_text":"","src":"https:\/\/i0.wp.com\/vincentians.com\/es\/wp-content\/uploads\/sites\/11\/2016\/07\/escritos-regis-clet.jpg?fit=1200%2C630&resize=350%2C200","width":350,"height":200,"srcset":"https:\/\/i0.wp.com\/vincentians.com\/es\/wp-content\/uploads\/sites\/11\/2016\/07\/escritos-regis-clet.jpg?fit=1200%2C630&resize=350%2C200 1x, https:\/\/i0.wp.com\/vincentians.com\/es\/wp-content\/uploads\/sites\/11\/2016\/07\/escritos-regis-clet.jpg?fit=1200%2C630&resize=525%2C300 1.5x, https:\/\/i0.wp.com\/vincentians.com\/es\/wp-content\/uploads\/sites\/11\/2016\/07\/escritos-regis-clet.jpg?fit=1200%2C630&resize=700%2C400 2x, https:\/\/i0.wp.com\/vincentians.com\/es\/wp-content\/uploads\/sites\/11\/2016\/07\/escritos-regis-clet.jpg?fit=1200%2C630&resize=1050%2C600 3x"},"classes":[]},{"id":36880,"url":"http:\/\/vincentians.com\/es\/regis-clet-carta-54-a-pablo-song-c-m\/","url_meta":{"origin":36882,"position":1},"title":"R\u00e9gis Clet, Carta 54: A Pablo Song, C.M.","author":"Francisco Javier Fern\u00e1ndez Chento","date":"09\/05\/2011","format":false,"excerpt":"En el Sze-tchoang, a 12 de febrero de 1811 Para el enfermo Padre Song. Padre, querido hermano, amigo La gracia... Comienzo esta carta a las 11 de la noche, antes de salir ma\u00f1ana para Ma-kia-lu en una hermosa carroza arrastrada por dos bueyes. As\u00ed mientras su salud descansa, la m\u00eda\u2026","rel":"","context":"En \u00abEscritos de Francisco R\u00e9gis Clet\u00bb","block_context":{"text":"Escritos de Francisco R\u00e9gis Clet","link":"http:\/\/vincentians.com\/es\/category\/escritos\/escritos-de-francisco-regis-clet\/"},"img":{"alt_text":"","src":"https:\/\/i0.wp.com\/vincentians.com\/es\/wp-content\/uploads\/sites\/11\/2016\/07\/escritos-regis-clet.jpg?fit=1200%2C630&resize=350%2C200","width":350,"height":200,"srcset":"https:\/\/i0.wp.com\/vincentians.com\/es\/wp-content\/uploads\/sites\/11\/2016\/07\/escritos-regis-clet.jpg?fit=1200%2C630&resize=350%2C200 1x, https:\/\/i0.wp.com\/vincentians.com\/es\/wp-content\/uploads\/sites\/11\/2016\/07\/escritos-regis-clet.jpg?fit=1200%2C630&resize=525%2C300 1.5x, https:\/\/i0.wp.com\/vincentians.com\/es\/wp-content\/uploads\/sites\/11\/2016\/07\/escritos-regis-clet.jpg?fit=1200%2C630&resize=700%2C400 2x, https:\/\/i0.wp.com\/vincentians.com\/es\/wp-content\/uploads\/sites\/11\/2016\/07\/escritos-regis-clet.jpg?fit=1200%2C630&resize=1050%2C600 3x"},"classes":[]},{"id":36875,"url":"http:\/\/vincentians.com\/es\/regis-clet-carta-49-a-pablo-song-c-m\/","url_meta":{"origin":36882,"position":2},"title":"R\u00e9gis Clet, Carta 49: A Pablo Song, C.M.","author":"Francisco Javier Fern\u00e1ndez Chento","date":"04\/05\/2011","format":false,"excerpt":"25 de julio de 1810 Padre y muy querido hermano, Habr\u00e1 recibido sin duda una carta m\u00eda en respuesta a la suya; pero como me olvid\u00e9 de decirle algo importante y hasta necesario, le vuel\u00advo a escribir, y espero que la carta le llegue antes de la fecha de su\u2026","rel":"","context":"En \u00abEscritos de Francisco R\u00e9gis Clet\u00bb","block_context":{"text":"Escritos de Francisco R\u00e9gis Clet","link":"http:\/\/vincentians.com\/es\/category\/escritos\/escritos-de-francisco-regis-clet\/"},"img":{"alt_text":"","src":"https:\/\/i0.wp.com\/vincentians.com\/es\/wp-content\/uploads\/sites\/11\/2016\/07\/escritos-regis-clet.jpg?fit=1200%2C630&resize=350%2C200","width":350,"height":200,"srcset":"https:\/\/i0.wp.com\/vincentians.com\/es\/wp-content\/uploads\/sites\/11\/2016\/07\/escritos-regis-clet.jpg?fit=1200%2C630&resize=350%2C200 1x, https:\/\/i0.wp.com\/vincentians.com\/es\/wp-content\/uploads\/sites\/11\/2016\/07\/escritos-regis-clet.jpg?fit=1200%2C630&resize=525%2C300 1.5x, https:\/\/i0.wp.com\/vincentians.com\/es\/wp-content\/uploads\/sites\/11\/2016\/07\/escritos-regis-clet.jpg?fit=1200%2C630&resize=700%2C400 2x, https:\/\/i0.wp.com\/vincentians.com\/es\/wp-content\/uploads\/sites\/11\/2016\/07\/escritos-regis-clet.jpg?fit=1200%2C630&resize=1050%2C600 3x"},"classes":[]},{"id":36874,"url":"http:\/\/vincentians.com\/es\/regis-clet-carta-48-a-pablo-song-c-m\/","url_meta":{"origin":36882,"position":3},"title":"R\u00e9gis Clet, Carta 48: A Pablo Song, C.M.","author":"Francisco Javier Fern\u00e1ndez Chento","date":"03\/05\/2011","format":false,"excerpt":"11 de junio de 1810 Padre y muy querido hermano, \u00a1La gracia de N. S. est\u00e9 siempre con nosotros! Era sin duda conveniente que yo contribuyera al regocijo de su coraz\u00f3n, d\u00e1ndole la muy grata nueva de la llegada de nuestro querido hermano el Padre Dumazel; pero la falta de\u2026","rel":"","context":"En \u00abEscritos de Francisco R\u00e9gis Clet\u00bb","block_context":{"text":"Escritos de Francisco R\u00e9gis Clet","link":"http:\/\/vincentians.com\/es\/category\/escritos\/escritos-de-francisco-regis-clet\/"},"img":{"alt_text":"","src":"https:\/\/i0.wp.com\/vincentians.com\/es\/wp-content\/uploads\/sites\/11\/2016\/07\/escritos-regis-clet.jpg?fit=1200%2C630&resize=350%2C200","width":350,"height":200,"srcset":"https:\/\/i0.wp.com\/vincentians.com\/es\/wp-content\/uploads\/sites\/11\/2016\/07\/escritos-regis-clet.jpg?fit=1200%2C630&resize=350%2C200 1x, https:\/\/i0.wp.com\/vincentians.com\/es\/wp-content\/uploads\/sites\/11\/2016\/07\/escritos-regis-clet.jpg?fit=1200%2C630&resize=525%2C300 1.5x, https:\/\/i0.wp.com\/vincentians.com\/es\/wp-content\/uploads\/sites\/11\/2016\/07\/escritos-regis-clet.jpg?fit=1200%2C630&resize=700%2C400 2x, https:\/\/i0.wp.com\/vincentians.com\/es\/wp-content\/uploads\/sites\/11\/2016\/07\/escritos-regis-clet.jpg?fit=1200%2C630&resize=1050%2C600 3x"},"classes":[]},{"id":34096,"url":"http:\/\/vincentians.com\/es\/regis-clet-carta-42-a-pablo-song-c-m\/","url_meta":{"origin":36882,"position":4},"title":"R\u00e9gis Clet, Carta 42: A Pablo Song, C.M.","author":"Francisco Javier Fern\u00e1ndez Chento","date":"27\/04\/2011","format":false,"excerpt":"17 de septiembre de 1809 Padre y muy querido hermano, En cualquier tiempo en que lleguen sus noticias, siempre son recibi\u00addas con gozo, pero esta vez me han llegado mucho m\u00e1s tarde de lo que hubiera deseado. Despu\u00e9s de esperarlas largo tiempo, no me ha sido posible diferir m\u00e1s el\u2026","rel":"","context":"En \u00abEscritos de Francisco R\u00e9gis Clet\u00bb","block_context":{"text":"Escritos de Francisco R\u00e9gis Clet","link":"http:\/\/vincentians.com\/es\/category\/escritos\/escritos-de-francisco-regis-clet\/"},"img":{"alt_text":"","src":"https:\/\/i0.wp.com\/vincentians.com\/es\/wp-content\/uploads\/sites\/11\/2016\/07\/escritos-regis-clet.jpg?fit=1200%2C630&resize=350%2C200","width":350,"height":200,"srcset":"https:\/\/i0.wp.com\/vincentians.com\/es\/wp-content\/uploads\/sites\/11\/2016\/07\/escritos-regis-clet.jpg?fit=1200%2C630&resize=350%2C200 1x, https:\/\/i0.wp.com\/vincentians.com\/es\/wp-content\/uploads\/sites\/11\/2016\/07\/escritos-regis-clet.jpg?fit=1200%2C630&resize=525%2C300 1.5x, https:\/\/i0.wp.com\/vincentians.com\/es\/wp-content\/uploads\/sites\/11\/2016\/07\/escritos-regis-clet.jpg?fit=1200%2C630&resize=700%2C400 2x, https:\/\/i0.wp.com\/vincentians.com\/es\/wp-content\/uploads\/sites\/11\/2016\/07\/escritos-regis-clet.jpg?fit=1200%2C630&resize=1050%2C600 3x"},"classes":[]},{"id":34097,"url":"http:\/\/vincentians.com\/es\/regis-clet-carta-43-a-pablo-song-c-m\/","url_meta":{"origin":36882,"position":5},"title":"R\u00e9gis Clet, Carta 43: A Pablo Song, C.M.","author":"Francisco Javier Fern\u00e1ndez Chento","date":"28\/04\/2011","format":false,"excerpt":"27 de octubre de 1809 Padre y muy querido hermano, Su \u00faltima carta con fecha del 5 de septiembre no me lleg\u00f3 hasta mediados del presente octubre. Aprovecho la primera ocasi\u00f3n para con\u00adtestarla. El portador es Gai lao-se, de cuyo regreso podr\u00e1 aprovecharse para darme noticias suyas, que siempre son\u2026","rel":"","context":"En \u00abEscritos de Francisco R\u00e9gis Clet\u00bb","block_context":{"text":"Escritos de Francisco R\u00e9gis Clet","link":"http:\/\/vincentians.com\/es\/category\/escritos\/escritos-de-francisco-regis-clet\/"},"img":{"alt_text":"","src":"https:\/\/i0.wp.com\/vincentians.com\/es\/wp-content\/uploads\/sites\/11\/2016\/07\/escritos-regis-clet.jpg?fit=1200%2C630&resize=350%2C200","width":350,"height":200,"srcset":"https:\/\/i0.wp.com\/vincentians.com\/es\/wp-content\/uploads\/sites\/11\/2016\/07\/escritos-regis-clet.jpg?fit=1200%2C630&resize=350%2C200 1x, https:\/\/i0.wp.com\/vincentians.com\/es\/wp-content\/uploads\/sites\/11\/2016\/07\/escritos-regis-clet.jpg?fit=1200%2C630&resize=525%2C300 1.5x, https:\/\/i0.wp.com\/vincentians.com\/es\/wp-content\/uploads\/sites\/11\/2016\/07\/escritos-regis-clet.jpg?fit=1200%2C630&resize=700%2C400 2x, https:\/\/i0.wp.com\/vincentians.com\/es\/wp-content\/uploads\/sites\/11\/2016\/07\/escritos-regis-clet.jpg?fit=1200%2C630&resize=1050%2C600 3x"},"classes":[]}],"_links":{"self":[{"href":"http:\/\/vincentians.com\/es\/wp-json\/wp\/v2\/posts\/36882","targetHints":{"allow":["GET"]}}],"collection":[{"href":"http:\/\/vincentians.com\/es\/wp-json\/wp\/v2\/posts"}],"about":[{"href":"http:\/\/vincentians.com\/es\/wp-json\/wp\/v2\/types\/post"}],"author":[{"embeddable":true,"href":"http:\/\/vincentians.com\/es\/wp-json\/wp\/v2\/users\/4"}],"replies":[{"embeddable":true,"href":"http:\/\/vincentians.com\/es\/wp-json\/wp\/v2\/comments?post=36882"}],"version-history":[{"count":0,"href":"http:\/\/vincentians.com\/es\/wp-json\/wp\/v2\/posts\/36882\/revisions"}],"wp:featuredmedia":[{"embeddable":true,"href":"http:\/\/vincentians.com\/es\/wp-json\/wp\/v2\/media\/393752"}],"wp:attachment":[{"href":"http:\/\/vincentians.com\/es\/wp-json\/wp\/v2\/media?parent=36882"}],"wp:term":[{"taxonomy":"category","embeddable":true,"href":"http:\/\/vincentians.com\/es\/wp-json\/wp\/v2\/categories?post=36882"},{"taxonomy":"post_tag","embeddable":true,"href":"http:\/\/vincentians.com\/es\/wp-json\/wp\/v2\/tags?post=36882"}],"curies":[{"name":"wp","href":"https:\/\/api.w.org\/{rel}","templated":true}]}}