{"id":36462,"date":"2014-07-12T08:45:37","date_gmt":"2014-07-12T06:45:37","guid":{"rendered":"http:\/\/somos.vicencianos.org\/blog\/2011\/05\/dominum-et-vivificantem\/"},"modified":"2016-07-26T19:33:45","modified_gmt":"2016-07-26T17:33:45","slug":"dominum-et-vivificantem","status":"publish","type":"post","link":"http:\/\/vincentians.com\/es\/dominum-et-vivificantem\/","title":{"rendered":"Dominum et Vivificantem"},"content":{"rendered":"<h1 style=\"text-align: center\">Dominum et Vivificantem<\/h1>\n<p style=\"text-align: center\"><strong>Carta Enc\u00edclica promulgada por el Papa Juan Pablo II el 18 de Mayo de 1986.<\/strong><br \/>\n<strong> Sobre el Esp\u00edritu Santo en la Vida de la Iglesia y del Mundo.<\/strong><\/p>\n<p><a href=\"https:\/\/i0.wp.com\/vicencianos.org\/wp-content\/2011\/04\/Dominum-et-vivificantem.jpg\"><img data-recalc-dims=\"1\" loading=\"lazy\" decoding=\"async\" class=\"alignright size-medium wp-image-36463\" title=\"Dominum-et-vivificantem\" src=\"https:\/\/i0.wp.com\/vicencianos.org\/wp-content\/2011\/04\/Dominum-et-vivificantem-180x300.jpg?resize=180%2C300\" alt=\"\" width=\"180\" height=\"300\" \/><\/a>La presente carta enc\u00edclica, sobre el Esp\u00edritu Santo, arranca de la herencia profunda del concilio Vaticano II. En efecto, los textos conciliares, gracias a su ense\u00f1anza sobre la Iglesia en s\u00ed misma y sobre la Iglesia en el mundo, nos animan a penetrar cada vez m\u00e1s en el misterio trinitario. De este modo la Iglesia responde tambi\u00e9n a ciertos deseos profundos, q ue trata de vislumbrar en el coraz\u00f3n de los hombres de hoy: un nuevo d escubrimiento de Dios en su realidad trascendente de Esp\u00edritu infinito , la necesidad de adorarlo en esp\u00edritu y verdad, la esperanza de encon trar en \u00e9l el secreto del amor y la fuerza de una nueva creaci\u00f3n.<\/p>\n<p>Es teol\u00f3gicamente la enc\u00edclica m\u00e1s audaz y m\u00e1s rica de Juan Pablo II, tanto en plano ecum\u00e9nico (de acercamiento a la Iglesia Ortodoxa), como de b\u00fasqueda del constitutivo personal del Esp\u00edritu Santo dentro de la Trinidad. Puede compararse con la de Le\u00f3n XIII, Divinum illud munus, 1897. Esta la enc\u00edclica donde m\u00e1s se ha destacado el tema de la comuni\u00f3n de Dios y donde aparece con m\u00e1s fuerza el motivo de la Persona del Esp\u00edritu entendida en clave de persona-amor.<\/p>\n<div class='stb-container stb-style-download stb-no-caption'><div class='stb-caption'><div class='stb-logo'><img class='stb-logo__image' src='data:image\/png;base64,iVBORw0KGgoAAAANSUhEUgAAADIAAAAyCAYAAAAeP4ixAAAACXBIWXMAAAsTAAALEwEAmpwYAAAKT2lDQ1BQaG90b3Nob3AgSUNDIHByb2ZpbGUAAHjanVNnVFPpFj333vRCS4iAlEtvUhUIIFJCi4AUkSYqIQkQSoghodkVUcERRUUEG8igiAOOjoCMFVEsDIoK2AfkIaKOg6OIisr74Xuja9a89+bN\/rXXPues852zzwfACAyWSDNRNYAMqUIeEeCDx8TG4eQuQIEKJHAAEAizZCFz\/SMBAPh+PDwrIsAHvgABeNMLCADATZvAMByH\/w\/qQplcAYCEAcB0kThLCIAUAEB6jkKmAEBGAYCdmCZTAKAEAGDLY2LjAFAtAGAnf+bTAICd+Jl7AQBblCEVAaCRACATZYhEAGg7AKzPVopFAFgwABRmS8Q5ANgtADBJV2ZIALC3AMDOEAuyAAgMADBRiIUpAAR7AGDIIyN4AISZABRG8lc88SuuEOcqAAB4mbI8uSQ5RYFbCC1xB1dXLh4ozkkXKxQ2YQJhmkAuwnmZGTKBNA\/g88wAAKCRFRHgg\/P9eM4Ors7ONo62Dl8t6r8G\/yJiYuP+5c+rcEAAAOF0ftH+LC+zGoA7BoBt\/qIl7gRoXgugdfeLZrIPQLUAoOnaV\/Nw+H48PEWhkLnZ2eXk5NhKxEJbYcpXff5nwl\/AV\/1s+X48\/Pf14L7iJIEyXYFHBPjgwsz0TKUcz5IJhGLc5o9H\/LcL\/\/wd0yLESWK5WCoU41EScY5EmozzMqUiiUKSKcUl0v9k4t8s+wM+3zUAsGo+AXuRLahdYwP2SycQWHTA4vcAAPK7b8HUKAgDgGiD4c93\/+8\/\/UegJQCAZkmScQAAXkQkLlTKsz\/HCAAARKCBKrBBG\/TBGCzABhzBBdzBC\/xgNoRCJMTCQhBCCmSAHHJgKayCQiiGzbAdKmAv1EAdNMBRaIaTcA4uwlW4Dj1wD\/phCJ7BKLyBCQRByAgTYSHaiAFiilgjjggXmYX4IcFIBBKLJCDJiBRRIkuRNUgxUopUIFVIHfI9cgI5h1xGupE7yAAygvyGvEcxlIGyUT3UDLVDuag3GoRGogvQZHQxmo8WoJvQcrQaPYw2oefQq2gP2o8+Q8cwwOgYBzPEbDAuxsNCsTgsCZNjy7EirAyrxhqwVqwDu4n1Y8+xdwQSgUXACTYEd0IgYR5BSFhMWE7YSKggHCQ0EdoJNwkDhFHCJyKTqEu0JroR+cQYYjIxh1hILCPWEo8TLxB7iEPENyQSiUMyJ7mQAkmxpFTSEtJG0m5SI+ksqZs0SBojk8naZGuyBzmULCAryIXkneTD5DPkG+Qh8lsKnWJAcaT4U+IoUspqShnlEOU05QZlmDJBVaOaUt2ooVQRNY9aQq2htlKvUYeoEzR1mjnNgxZJS6WtopXTGmgXaPdpr+h0uhHdlR5Ol9BX0svpR+iX6AP0dwwNhhWDx4hnKBmbGAcYZxl3GK+YTKYZ04sZx1QwNzHrmOeZD5lvVVgqtip8FZHKCpVKlSaVGyovVKmqpqreqgtV81XLVI+pXlN9rkZVM1PjqQnUlqtVqp1Q61MbU2epO6iHqmeob1Q\/pH5Z\/YkGWcNMw09DpFGgsV\/jvMYgC2MZs3gsIWsNq4Z1gTXEJrHN2Xx2KruY\/R27iz2qqaE5QzNKM1ezUvOUZj8H45hx+Jx0TgnnKKeX836K3hTvKeIpG6Y0TLkxZVxrqpaXllirSKtRq0frvTau7aedpr1Fu1n7gQ5Bx0onXCdHZ4\/OBZ3nU9lT3acKpxZNPTr1ri6qa6UbobtEd79up+6Ynr5egJ5Mb6feeb3n+hx9L\/1U\/W36p\/VHDFgGswwkBtsMzhg8xTVxbzwdL8fb8VFDXcNAQ6VhlWGX4YSRudE8o9VGjUYPjGnGXOMk423GbcajJgYmISZLTepN7ppSTbmmKaY7TDtMx83MzaLN1pk1mz0x1zLnm+eb15vft2BaeFostqi2uGVJsuRaplnutrxuhVo5WaVYVVpds0atna0l1rutu6cRp7lOk06rntZnw7Dxtsm2qbcZsOXYBtuutm22fWFnYhdnt8Wuw+6TvZN9un2N\/T0HDYfZDqsdWh1+c7RyFDpWOt6azpzuP33F9JbpL2dYzxDP2DPjthPLKcRpnVOb00dnF2e5c4PziIuJS4LLLpc+Lpsbxt3IveRKdPVxXeF60vWdm7Obwu2o26\/uNu5p7ofcn8w0nymeWTNz0MPIQ+BR5dE\/C5+VMGvfrH5PQ0+BZ7XnIy9jL5FXrdewt6V3qvdh7xc+9j5yn+M+4zw33jLeWV\/MN8C3yLfLT8Nvnl+F30N\/I\/9k\/3r\/0QCngCUBZwOJgUGBWwL7+Hp8Ib+OPzrbZfay2e1BjKC5QRVBj4KtguXBrSFoyOyQrSH355jOkc5pDoVQfujW0Adh5mGLw34MJ4WHhVeGP45wiFga0TGXNXfR3ENz30T6RJZE3ptnMU85ry1KNSo+qi5qPNo3ujS6P8YuZlnM1VidWElsSxw5LiquNm5svt\/87fOH4p3iC+N7F5gvyF1weaHOwvSFpxapLhIsOpZATIhOOJTwQRAqqBaMJfITdyWOCnnCHcJnIi\/RNtGI2ENcKh5O8kgqTXqS7JG8NXkkxTOlLOW5hCepkLxMDUzdmzqeFpp2IG0yPTq9MYOSkZBxQqohTZO2Z+pn5mZ2y6xlhbL+xW6Lty8elQfJa7OQrAVZLQq2QqboVFoo1yoHsmdlV2a\/zYnKOZarnivN7cyzytuQN5zvn\/\/tEsIS4ZK2pYZLVy0dWOa9rGo5sjxxedsK4xUFK4ZWBqw8uIq2Km3VT6vtV5eufr0mek1rgV7ByoLBtQFr6wtVCuWFfevc1+1dT1gvWd+1YfqGnRs+FYmKrhTbF5cVf9go3HjlG4dvyr+Z3JS0qavEuWTPZtJm6ebeLZ5bDpaql+aXDm4N2dq0Dd9WtO319kXbL5fNKNu7g7ZDuaO\/PLi8ZafJzs07P1SkVPRU+lQ27tLdtWHX+G7R7ht7vPY07NXbW7z3\/T7JvttVAVVN1WbVZftJ+7P3P66Jqun4lvttXa1ObXHtxwPSA\/0HIw6217nU1R3SPVRSj9Yr60cOxx++\/p3vdy0NNg1VjZzG4iNwRHnk6fcJ3\/ceDTradox7rOEH0x92HWcdL2pCmvKaRptTmvtbYlu6T8w+0dbq3nr8R9sfD5w0PFl5SvNUyWna6YLTk2fyz4ydlZ19fi753GDborZ752PO32oPb++6EHTh0kX\/i+c7vDvOXPK4dPKy2+UTV7hXmq86X23qdOo8\/pPTT8e7nLuarrlca7nuer21e2b36RueN87d9L158Rb\/1tWeOT3dvfN6b\/fF9\/XfFt1+cif9zsu72Xcn7q28T7xf9EDtQdlD3YfVP1v+3Njv3H9qwHeg89HcR\/cGhYPP\/pH1jw9DBY+Zj8uGDYbrnjg+OTniP3L96fynQ89kzyaeF\/6i\/suuFxYvfvjV69fO0ZjRoZfyl5O\/bXyl\/erA6xmv28bCxh6+yXgzMV70VvvtwXfcdx3vo98PT+R8IH8o\/2j5sfVT0Kf7kxmTk\/8EA5jz\/GMzLdsAAAAgY0hSTQAAeiUAAICDAAD5\/wAAgOkAAHUwAADqYAAAOpgAABdvkl\/FRgAADcFJREFUeNrsmnmQXNV1xn\/3Lf1eb9OzdM+qGe2DFgZFIGQIizFGBpRAgQUhmDUOqQI7qYIirtguAgHbyBUbO3FsEpcTIixMICKgsDgskYyNWGwEaLEQoA1mn+np6Z6ZXt9288d9o8E2IhKSUymXXtWrN931+vX97vnOOd93eoSUkt+FQ+N35DgO5DiQ39JhfNCbQojfeC+ia0RtC8\/zKdUclvUspVQus3hJD\/nxMfoGhwkqU3zi\/NV2NF7X+OSjD2WSDem6IJAWgKGJ2kR+fPLiNX+UrZaL45ue+XHViCbo7GijpaWVHdu3kYhH2frGTmzTQAiB5\/u4fvAba\/mgAmUczS4IIfA9j+pUIbpo4bwerLozS1b6FLtjwfJP\/sU3WnNTtVix7JgEAUnLcNPJSAlqw6X+\/W\/0nHrGa8ItbRkZHNjpNjVVP2jzjjoih3VIKE5MGF2zu1bH5yy9WrZ0n5N1zMzOgTFGXxrAK1XA80FK8APwPAuBZdrRxpbGhiWL5i6+qi0psk0L9m1u0ksP\/PzFF5+ORdu8j7ypHxSmD6eWR6nmsmJZz6KTV11y+z6v8Q\/2lURd\/0gOr1gEASBACAUiEBAEClQQQAB4EnyJmUgxb14ny+emJhdEhp7a9Oj6r7z82vbdlqGjadoRUeuIgFimQaXqcO6qVZfPP++P7970zviCvXv2EggDYgkQEiRhFMK\/gzAivgShhfVFqKsPeGDE6jj1lKV8+pTY3lf+\/e9v+4+NTz1sGTpSSpxjDUQHIgL90muuvTl65pV3\/dvz22Pl0QHwqmqBdh1omtp1yftASBUFCUgdhD4DBB00AzQbtCQdJ53IFy9bUHln\/V\/f\/t17f\/BtobbgsIAcdvnVBNql11x7q7HqhrXrt\/bFyq4Ltg1GBHwPnKpa7K9uSUgzDTQLTAuMXzvNOMQbobmTgckodzyvRRfe9J27P3\/TDV8QR7K+w71x1YWrr01ccMOdD768z3Q8D+oaIJoEwwRdA68CgaeiIlA5IoR6rZkKsG6BFlGgtBBErAHqZ0FmNjS3MZ6rcMcjA+aCq+6647I1l15\/TIEsnNu1fPEVf\/61B7b2216tBpapAMTqwIqCpgMBuI56pBAc5JcIgei2AqJH1GnGQhDt0NQJdRnFX1Ekv38\/X3\/kHfvsz962dkn33BXHBIita6k1N976lScOVNvL+TxYEbU4ISBiQaIhBKNB4IAMFO\/F+2hlRn6VVmZ0BkS6E1Jp0CRUJ6A4BrLE8N5e1m+tNt\/wl3d+LaJRd9RAzr\/o4iv3pntW7enPqcV6rtps3QijkoREWi2QAHxXRUDTFRjdACMKhq0iEYlCvAEa2iHTCXXNoAmoFmBqFKbyUKtCRPCL7ft5W19yzqcvv\/yqowLSEDXTs89aff2W\/ZMRKXTQTdUXPE+BMUy104l6RQ3DVGCmaRcJIxCJQTSuSnS8HhrboLkTUs1qBZVxmByFYgGcmqp8AgLf55lt2Uj32Zdc15CwMkcMZLr4nnb2OasGY3NOGslOQuCD1ELa6ApMEIBpQiwO9RlIpsE01FlzYXAA+nphYBgGRqEqoKkDWmere5FQzYcg8uBUQPozC9AE\/UN5ekVHz2lnnPVJAP0QUsY4hPpAB635hGXn7iiaUemEVPJDBaELRR3fn8kBTVfn2ADs3UU608Q5n+gJfq+7q2hEkuweLie39DliXxHIpBSdSuMwOQKlvIoE8mDFRqrK51Wr7B4OYiuWnf4p45n\/3uBJ6R+R1upsb+5KdC1ZPjRUUHmhh7yXngLkS1V28VUuWLb68vwEl328x7vzxst3z25t3O041UKlUsZz\/fqi0Jf+8w5v0Xef7dXdhAVuXtHJdZQqQMxEIwjRiIDBbJFgVueSlkx9+0C20HdEQKxEalb\/hN+RHehXOy+tsGfoICKqZ7ieAumbIAX09XLN6tO9H9y8ZrOpadt937ftaMw2IlHGstmRYGL8vS+ubBwW1eCcbz28UyedVJ9HqggRyhv5vqjogqHcBOX5mXnp1vZ5hwKiHQpdqr5pbtUVLf5oPxRzMDEGk+NQmoRqRckOEYHAAC+AwX46jTJ3XX3udsvQt2u6niyVy9ozzz777qZNmw7ohqEnG9PJ4aHc63+2IrVzaaMLY7kwp3QwNBVhXczQiwC0AK84RWDVZ1pa2+dHxBHI+PbWNM2tbe0emqBcBGmDqIKhQyXs0tN9wTRVjozkuOSiE91ZDfFfOq5re57v33LLLU+88MILL0spWbly5elr1679w3hdg21r3q4LTuk4cdejbxs0N4AIVbEfyn4pFX0DBwIXfJeJsosVT2Yy6frDr1rxRBzTsut8N1C77fvqwbUa1EpQmlDRKYxCIQfj41Aq0t3ZUiqWSmXTjMQefvjhnevWrXs+lUpN1tXVTT700EPPb968eXdbW2scoU0snF0\/RSwOEQNMoapV4IDngF8BWQXpKpCapOh4eGh2Ll84fCD7DvQKTdc06fvKR\/jB+67Tpw+uD46jzkBD001ZLleo1WpaLpcrtbe312zbJpFI0N3d7dRqtXIsFtNsOyo14fqYDkQkmBI0XxUS6QAuCB90qShnGkhdBylFzUMcNrUcX0rfccqGJpTkkHJGemtGqJ1CEWjaYCchoTFWFvHAd+yR0dHKeeedd1JbW9uSe++9902AtWvXLlq2bNlix3EqqWQyvufA1iQTg+CmVNWLWWCb4QZ5SiH4QWjGfBJxG6EJT36Axv7QqpUdHc4m53gqH9BVH9EjKi+08KqHeWInIGPz3N5y5PpPRU7Ij2RfyLS2NS6PRP5kzZo1L5umycqVK0+fNWtWKvC93JSr9Tz3zphFRwvogXKMEUt9l9BnzJgbVsaKT6o+xlilWDhiz54bG+1tCGp5YnUNyECp14NSPIzK9NWwYXYLL40GbHyPkz8zp360f3jorVRjuu6mz33uoqhtS8dxKp7r5QzT6P76gz9esW2kBMuWQtVRKsBH5YOuK2GqaYoJToDWbBExKpPZ4cHeI9ZaTnmqvz1lDqcbGkGG0RBm6BX1UAFbilbJDDTPIuhcxB0bJuwf7qhd0JhuPNOUTiQ3MlgcHx0q6tI1y7XaGV\/6\/mMX3rPuKZtUQjWKmAmJKMQjilo6qslqEiwDYhFaZ6exykO92YH+A0cckYGBwV53vO\/t1ubuxWO5ogq5mAagK2MUTUB9M6RnQTQFEgo5nb\/63jZ7Q2dwxkUrO09ePDc9JUSZ7W\/9PLlhy87ortGqoHOhyoH8BNQnFQBfU0VEhtJfovIDQUeTRXTXuwdGsvm+IwZS8ynk3nvzxRNWrLz4l\/uyGlKbAWPYEK1TIJo6lCdxfZgcA6+Al4rxyr4R8crubTFMPQZVqGYhakDnQtX0KhOQL4Q6TVUmNA1cpXzRNZAawogwP1IJ9r7005\/VoPCRZPxrL2\/ZPD9e3d+STs8oXyOqLG6qBdIdSsK7nuopuUHIj4BbhXQjzOmCznaY1QlzFkBjE1QKKieEptTuVBEcX\/UqXSg6aeHgQkpaMnHmTR048PqLWzZ\/ZD8ykM3vGN31kyc\/fupcVal0G2IpaGiFTDskGxQd8iOQG4CJUaiVlX5ya0oMTjdTNyynTlndE4T0qVSgWFHPCQK1Iss46P1PazYZfOaxJ\/vzk9uPxiF6Gzc8eP\/HMvnd3Yvngx6HhhbIdCiX53gKxNgAFLJQKYemy1eJ7PsKgOMoCaJHVJXzQ60WhHlQqkDFC1\/Lg1ZhTlcjHxt\/8+3HfvTAOlUBjsLqFqbKuzd876v33Hh+V7W+eyEkmpX78zzIj4aRGINqWe289FUTDRuZUsdeOFExwl4B+E44hfTU\/aUK1EJL4AVEklGuaqe28W\/vvGeiWtt9LKYozitbt23c+8R37rvtmh6sTBNM1WAiC+NDSmvVyqoKSVfJjMBXC\/RcpZ2kFyqD0AIYlhoxShlqudDflGpQdiBicV1PM333ffNffvHG9scA51gAkUDuX++779vu0\/c8\/uUL01jOJAz0qSpVK4W764bRCDVT4M6o1yCcFwotVAiWUtL4KipuTUWl4iEcwRXL2ok+\/v3HHvnRA9+SMMYhZMlHGtBVXH\/v3bf\/zZfEk199\/NbzEtiiCoUC+LUQxPTi3VAnTQPxQqc3PXHUFb0MWzU9gSoCpRJmNMpnlreTefIf\/3PdPd\/4ctn19x3zafxB56iLhdf96Q1f6Dr3s9fev3nQ2rOnN1SqMxPSg5NGjbBHmBCJKAOl6+Ec21dj1kACJm1dHVxxctrJPvVP6x754f3frAVyzyEpcjRD7F8bsrSevvKUSy+6\/ubP7yy1LX7u1XdFLptH+o7a5Wm3p2nKHkdCA2boytKGQIUOdQmbMxa00+Pvf+sn6\/\/uH159bdtGCUMfRqdjBWQaTCwZs5atueLKqzM9564+UE51vjNQ1AayExSKJXw3rJZ6CMSyIGqjxywa6uK0ZOLMr9OCzlp\/X\/61p\/\/rqUceWj9RcbYD5f8tJ44lkPcfdS2NqeW\/f9bZq1KzFp0aa1t0QlHEmkfKwnb1mAg0E2maGKaGqbmyJSarca+QLR3Y8XZh385XX\/nZT58dKUy+Dkwd9o9lvyUgB38LMgWts7s6FiTqG+fokVhbfWM6bVh2DCEInGo5n8uO+dXS0FQ+9957fUN7XBg+nNL6fw3k16lnAaErI9TmOEDtcMrpMQFy\/B8GjgM5DuQ4kP+3x\/8MAHWpUzAU7qJ7AAAAAElFTkSuQmCC' alt='img'\/><\/div><div class='stb-caption-content'><\/div><div class='stb-tool'><\/div><\/div><div class='stb-content'>\n<h2>Descarga este texto<\/h2>\n<p><a href=\"http:\/\/vicencianos.org\/?dl_id=28\">Puedes descargar el texto completo de la Enc\u00edclica (formato PDF) pulsando aqu\u00ed<\/a>.<\/p>\n<\/div><\/div>\n","protected":false},"excerpt":{"rendered":"<p>Dominum et Vivificantem Carta Enc\u00edclica promulgada por el Papa Juan Pablo II el 18 de Mayo de 1986. Sobre el Esp\u00edritu Santo en la Vida de la Iglesia y del Mundo. La presente carta enc\u00edclica, &#8230; <a href=\"http:\/\/vincentians.com\/es\/dominum-et-vivificantem\/\" class=\"more-link\">Read More<\/a><\/p>\n","protected":false},"author":4,"featured_media":36463,"comment_status":"open","ping_status":"open","sticky":false,"template":"","format":"standard","meta":{"jetpack_post_was_ever_published":false,"_jetpack_newsletter_access":"","_jetpack_dont_email_post_to_subs":false,"_jetpack_newsletter_tier_id":0,"_jetpack_memberships_contains_paywalled_content":false,"_jetpack_memberships_contains_paid_content":false,"footnotes":"","jetpack_publicize_message":"","jetpack_publicize_feature_enabled":true,"jetpack_social_post_already_shared":true,"jetpack_social_options":{"image_generator_settings":{"template":"highway","default_image_id":0,"font":"","enabled":false},"version":2}},"categories":[100],"tags":[],"class_list":["post-36462","post","type-post","status-publish","format-standard","has-post-thumbnail","hentry","category-documentos-pontificios"],"yoast_head":"<!-- This site is optimized with the Yoast SEO plugin v26.3 - https:\/\/yoast.com\/wordpress\/plugins\/seo\/ -->\n<title>Dominum et Vivificantem - Somos Vicencianos<\/title>\n<meta name=\"robots\" content=\"index, follow, max-snippet:-1, max-image-preview:large, max-video-preview:-1\" \/>\n<link rel=\"canonical\" href=\"https:\/\/vincentians.com\/es\/dominum-et-vivificantem\/\" \/>\n<meta property=\"og:locale\" content=\"es_ES\" \/>\n<meta property=\"og:type\" content=\"article\" \/>\n<meta property=\"og:title\" content=\"Dominum et Vivificantem - Somos Vicencianos\" \/>\n<meta property=\"og:description\" content=\"Dominum et Vivificantem Carta Enc\u00edclica promulgada por el Papa Juan Pablo II el 18 de Mayo de 1986. Sobre el Esp\u00edritu Santo en la Vida de la Iglesia y del Mundo. La presente carta enc\u00edclica, ... Read More\" \/>\n<meta property=\"og:url\" content=\"https:\/\/vincentians.com\/es\/dominum-et-vivificantem\/\" \/>\n<meta property=\"og:site_name\" content=\"Somos Vicencianos\" \/>\n<meta property=\"article:publisher\" content=\"https:\/\/www.facebook.com\/WeAreVincentians\/\" \/>\n<meta property=\"article:author\" content=\"https:\/\/www.facebook.com\/JavierChento\" \/>\n<meta property=\"article:published_time\" content=\"2014-07-12T06:45:37+00:00\" \/>\n<meta property=\"article:modified_time\" content=\"2016-07-26T17:33:45+00:00\" \/>\n<meta name=\"author\" content=\"Francisco Javier Fern\u00e1ndez Chento\" \/>\n<meta name=\"twitter:card\" content=\"summary_large_image\" \/>\n<meta name=\"twitter:creator\" content=\"@https:\/\/twitter.com\/javierchento\" \/>\n<meta name=\"twitter:site\" content=\"@WeVincentians\" \/>\n<meta name=\"twitter:label1\" content=\"Escrito por\" \/>\n\t<meta name=\"twitter:data1\" content=\"Francisco Javier Fern\u00e1ndez Chento\" \/>\n\t<meta name=\"twitter:label2\" content=\"Tiempo de lectura\" \/>\n\t<meta name=\"twitter:data2\" content=\"1 minuto\" \/>\n<script type=\"application\/ld+json\" class=\"yoast-schema-graph\">{\"@context\":\"https:\/\/schema.org\",\"@graph\":[{\"@type\":\"Article\",\"@id\":\"https:\/\/vincentians.com\/es\/dominum-et-vivificantem\/#article\",\"isPartOf\":{\"@id\":\"https:\/\/vincentians.com\/es\/dominum-et-vivificantem\/\"},\"author\":{\"name\":\"Francisco Javier Fern\u00e1ndez Chento\",\"@id\":\"https:\/\/vincentians.com\/es\/#\/schema\/person\/9623ef4d9aa3b2dfb8c061f1499288f2\"},\"headline\":\"Dominum et Vivificantem\",\"datePublished\":\"2014-07-12T06:45:37+00:00\",\"dateModified\":\"2016-07-26T17:33:45+00:00\",\"mainEntityOfPage\":{\"@id\":\"https:\/\/vincentians.com\/es\/dominum-et-vivificantem\/\"},\"wordCount\":268,\"commentCount\":0,\"publisher\":{\"@id\":\"https:\/\/vincentians.com\/es\/#organization\"},\"image\":{\"@id\":\"https:\/\/vincentians.com\/es\/dominum-et-vivificantem\/#primaryimage\"},\"thumbnailUrl\":\"\",\"articleSection\":[\"Documentos Pontificios\"],\"inLanguage\":\"es\",\"potentialAction\":[{\"@type\":\"CommentAction\",\"name\":\"Comment\",\"target\":[\"https:\/\/vincentians.com\/es\/dominum-et-vivificantem\/#respond\"]}]},{\"@type\":\"WebPage\",\"@id\":\"https:\/\/vincentians.com\/es\/dominum-et-vivificantem\/\",\"url\":\"https:\/\/vincentians.com\/es\/dominum-et-vivificantem\/\",\"name\":\"Dominum et Vivificantem - Somos Vicencianos\",\"isPartOf\":{\"@id\":\"https:\/\/vincentians.com\/es\/#website\"},\"primaryImageOfPage\":{\"@id\":\"https:\/\/vincentians.com\/es\/dominum-et-vivificantem\/#primaryimage\"},\"image\":{\"@id\":\"https:\/\/vincentians.com\/es\/dominum-et-vivificantem\/#primaryimage\"},\"thumbnailUrl\":\"\",\"datePublished\":\"2014-07-12T06:45:37+00:00\",\"dateModified\":\"2016-07-26T17:33:45+00:00\",\"breadcrumb\":{\"@id\":\"https:\/\/vincentians.com\/es\/dominum-et-vivificantem\/#breadcrumb\"},\"inLanguage\":\"es\",\"potentialAction\":[{\"@type\":\"ReadAction\",\"target\":[\"https:\/\/vincentians.com\/es\/dominum-et-vivificantem\/\"]}]},{\"@type\":\"ImageObject\",\"inLanguage\":\"es\",\"@id\":\"https:\/\/vincentians.com\/es\/dominum-et-vivificantem\/#primaryimage\",\"url\":\"\",\"contentUrl\":\"\"},{\"@type\":\"BreadcrumbList\",\"@id\":\"https:\/\/vincentians.com\/es\/dominum-et-vivificantem\/#breadcrumb\",\"itemListElement\":[{\"@type\":\"ListItem\",\"position\":1,\"name\":\"Portada\",\"item\":\"https:\/\/vincentians.com\/es\/\"},{\"@type\":\"ListItem\",\"position\":2,\"name\":\"Dominum et Vivificantem\"}]},{\"@type\":\"WebSite\",\"@id\":\"https:\/\/vincentians.com\/es\/#website\",\"url\":\"https:\/\/vincentians.com\/es\/\",\"name\":\"Somos Vicencianos\",\"description\":\"Know more to serve more\",\"publisher\":{\"@id\":\"https:\/\/vincentians.com\/es\/#organization\"},\"potentialAction\":[{\"@type\":\"SearchAction\",\"target\":{\"@type\":\"EntryPoint\",\"urlTemplate\":\"https:\/\/vincentians.com\/es\/?s={search_term_string}\"},\"query-input\":{\"@type\":\"PropertyValueSpecification\",\"valueRequired\":true,\"valueName\":\"search_term_string\"}}],\"inLanguage\":\"es\"},{\"@type\":\"Organization\",\"@id\":\"https:\/\/vincentians.com\/es\/#organization\",\"name\":\"The Vincentian Network\",\"url\":\"https:\/\/vincentians.com\/es\/\",\"logo\":{\"@type\":\"ImageObject\",\"inLanguage\":\"es\",\"@id\":\"https:\/\/vincentians.com\/es\/#\/schema\/logo\/image\/\",\"url\":\"https:\/\/i1.wp.com\/vincentians.com\/es\/wp-content\/uploads\/sites\/11\/2016\/06\/Vincentian-Network-logo-big.png?fit=778%2C778\",\"contentUrl\":\"https:\/\/i1.wp.com\/vincentians.com\/es\/wp-content\/uploads\/sites\/11\/2016\/06\/Vincentian-Network-logo-big.png?fit=778%2C778\",\"width\":778,\"height\":778,\"caption\":\"The Vincentian Network\"},\"image\":{\"@id\":\"https:\/\/vincentians.com\/es\/#\/schema\/logo\/image\/\"},\"sameAs\":[\"https:\/\/www.facebook.com\/WeAreVincentians\/\",\"https:\/\/x.com\/WeVincentians\"]},{\"@type\":\"Person\",\"@id\":\"https:\/\/vincentians.com\/es\/#\/schema\/person\/9623ef4d9aa3b2dfb8c061f1499288f2\",\"name\":\"Francisco Javier Fern\u00e1ndez Chento\",\"image\":{\"@type\":\"ImageObject\",\"inLanguage\":\"es\",\"@id\":\"https:\/\/vincentians.com\/es\/#\/schema\/person\/image\/\",\"url\":\"https:\/\/secure.gravatar.com\/avatar\/497d5cde87b4c3d097d0315953521681ba2cd523ee66e5077c3711f7021e65de?s=96&d=mm&r=g\",\"contentUrl\":\"https:\/\/secure.gravatar.com\/avatar\/497d5cde87b4c3d097d0315953521681ba2cd523ee66e5077c3711f7021e65de?s=96&d=mm&r=g\",\"caption\":\"Francisco Javier Fern\u00e1ndez Chento\"},\"description\":\"Director General y cofundador de La Red de Formaci\u00f3n Vicenciana. Javier es laico vicenciano, afiliado a la Congregaci\u00f3n de la Misi\u00f3n y miembro del Equipo de Misiones Populares de la provincia can\u00f3nica de Zaragoza (Espa\u00f1a) de la Congregaci\u00f3n de la Misi\u00f3n. Graduado en la Universidad Oberta de Catalunya con cuatro grados (Asistente de direcci\u00f3n, Gesti\u00f3n Administrativa, Recursos Humanos y Contabilidad Avanzada). Bil\u00edng\u00fce Espa\u00f1ol\/Ingl\u00e9s. gestiona y mantiene varias p\u00e1ginas web cristianas y vicencianas, incluida including La Red de Formaci\u00f3n Vicenciana, de la que es cofundador. Actualmente es responsable del \u00e1rea de Espa\u00f1ol de .famvin, la Red de Noticias de la Familia Vicenciana. Tambi\u00e9n es m\u00fasico cat\u00f3lico y ha editado varios discos. Es Director General y cofundador de Trovador, una reconocida compa\u00f1\u00eda discogr\u00e1fica critiana de Espa\u00f1a. Trabaja en las Tecnolog\u00edas de la Informaci\u00f3n, ofreciendo servicios de alojamiento, dise\u00f1o y mantenimiento Web, as\u00ed como asesoramiento, formaci\u00f3n y soluciones inform\u00e1ticas, gesti\u00f3n documental y digitalizaci\u00f3n de textos, edici\u00f3n y maquetaci\u00f3n de libros, revistas, flyers, etc.\",\"sameAs\":[\"http:\/\/chento.org\",\"https:\/\/www.facebook.com\/JavierChento\",\"https:\/\/x.com\/https:\/\/twitter.com\/javierchento\"],\"url\":\"http:\/\/vincentians.com\/es\/author\/chento\/\"}]}<\/script>\n<!-- \/ Yoast SEO plugin. -->","yoast_head_json":{"title":"Dominum et Vivificantem - Somos Vicencianos","robots":{"index":"index","follow":"follow","max-snippet":"max-snippet:-1","max-image-preview":"max-image-preview:large","max-video-preview":"max-video-preview:-1"},"canonical":"https:\/\/vincentians.com\/es\/dominum-et-vivificantem\/","og_locale":"es_ES","og_type":"article","og_title":"Dominum et Vivificantem - Somos Vicencianos","og_description":"Dominum et Vivificantem Carta Enc\u00edclica promulgada por el Papa Juan Pablo II el 18 de Mayo de 1986. Sobre el Esp\u00edritu Santo en la Vida de la Iglesia y del Mundo. La presente carta enc\u00edclica, ... Read More","og_url":"https:\/\/vincentians.com\/es\/dominum-et-vivificantem\/","og_site_name":"Somos Vicencianos","article_publisher":"https:\/\/www.facebook.com\/WeAreVincentians\/","article_author":"https:\/\/www.facebook.com\/JavierChento","article_published_time":"2014-07-12T06:45:37+00:00","article_modified_time":"2016-07-26T17:33:45+00:00","author":"Francisco Javier Fern\u00e1ndez Chento","twitter_card":"summary_large_image","twitter_creator":"@https:\/\/twitter.com\/javierchento","twitter_site":"@WeVincentians","twitter_misc":{"Escrito por":"Francisco Javier Fern\u00e1ndez Chento","Tiempo de lectura":"1 minuto"},"schema":{"@context":"https:\/\/schema.org","@graph":[{"@type":"Article","@id":"https:\/\/vincentians.com\/es\/dominum-et-vivificantem\/#article","isPartOf":{"@id":"https:\/\/vincentians.com\/es\/dominum-et-vivificantem\/"},"author":{"name":"Francisco Javier Fern\u00e1ndez Chento","@id":"https:\/\/vincentians.com\/es\/#\/schema\/person\/9623ef4d9aa3b2dfb8c061f1499288f2"},"headline":"Dominum et Vivificantem","datePublished":"2014-07-12T06:45:37+00:00","dateModified":"2016-07-26T17:33:45+00:00","mainEntityOfPage":{"@id":"https:\/\/vincentians.com\/es\/dominum-et-vivificantem\/"},"wordCount":268,"commentCount":0,"publisher":{"@id":"https:\/\/vincentians.com\/es\/#organization"},"image":{"@id":"https:\/\/vincentians.com\/es\/dominum-et-vivificantem\/#primaryimage"},"thumbnailUrl":"","articleSection":["Documentos Pontificios"],"inLanguage":"es","potentialAction":[{"@type":"CommentAction","name":"Comment","target":["https:\/\/vincentians.com\/es\/dominum-et-vivificantem\/#respond"]}]},{"@type":"WebPage","@id":"https:\/\/vincentians.com\/es\/dominum-et-vivificantem\/","url":"https:\/\/vincentians.com\/es\/dominum-et-vivificantem\/","name":"Dominum et Vivificantem - Somos Vicencianos","isPartOf":{"@id":"https:\/\/vincentians.com\/es\/#website"},"primaryImageOfPage":{"@id":"https:\/\/vincentians.com\/es\/dominum-et-vivificantem\/#primaryimage"},"image":{"@id":"https:\/\/vincentians.com\/es\/dominum-et-vivificantem\/#primaryimage"},"thumbnailUrl":"","datePublished":"2014-07-12T06:45:37+00:00","dateModified":"2016-07-26T17:33:45+00:00","breadcrumb":{"@id":"https:\/\/vincentians.com\/es\/dominum-et-vivificantem\/#breadcrumb"},"inLanguage":"es","potentialAction":[{"@type":"ReadAction","target":["https:\/\/vincentians.com\/es\/dominum-et-vivificantem\/"]}]},{"@type":"ImageObject","inLanguage":"es","@id":"https:\/\/vincentians.com\/es\/dominum-et-vivificantem\/#primaryimage","url":"","contentUrl":""},{"@type":"BreadcrumbList","@id":"https:\/\/vincentians.com\/es\/dominum-et-vivificantem\/#breadcrumb","itemListElement":[{"@type":"ListItem","position":1,"name":"Portada","item":"https:\/\/vincentians.com\/es\/"},{"@type":"ListItem","position":2,"name":"Dominum et Vivificantem"}]},{"@type":"WebSite","@id":"https:\/\/vincentians.com\/es\/#website","url":"https:\/\/vincentians.com\/es\/","name":"Somos Vicencianos","description":"Know more to serve more","publisher":{"@id":"https:\/\/vincentians.com\/es\/#organization"},"potentialAction":[{"@type":"SearchAction","target":{"@type":"EntryPoint","urlTemplate":"https:\/\/vincentians.com\/es\/?s={search_term_string}"},"query-input":{"@type":"PropertyValueSpecification","valueRequired":true,"valueName":"search_term_string"}}],"inLanguage":"es"},{"@type":"Organization","@id":"https:\/\/vincentians.com\/es\/#organization","name":"The Vincentian Network","url":"https:\/\/vincentians.com\/es\/","logo":{"@type":"ImageObject","inLanguage":"es","@id":"https:\/\/vincentians.com\/es\/#\/schema\/logo\/image\/","url":"https:\/\/i1.wp.com\/vincentians.com\/es\/wp-content\/uploads\/sites\/11\/2016\/06\/Vincentian-Network-logo-big.png?fit=778%2C778","contentUrl":"https:\/\/i1.wp.com\/vincentians.com\/es\/wp-content\/uploads\/sites\/11\/2016\/06\/Vincentian-Network-logo-big.png?fit=778%2C778","width":778,"height":778,"caption":"The Vincentian Network"},"image":{"@id":"https:\/\/vincentians.com\/es\/#\/schema\/logo\/image\/"},"sameAs":["https:\/\/www.facebook.com\/WeAreVincentians\/","https:\/\/x.com\/WeVincentians"]},{"@type":"Person","@id":"https:\/\/vincentians.com\/es\/#\/schema\/person\/9623ef4d9aa3b2dfb8c061f1499288f2","name":"Francisco Javier Fern\u00e1ndez Chento","image":{"@type":"ImageObject","inLanguage":"es","@id":"https:\/\/vincentians.com\/es\/#\/schema\/person\/image\/","url":"https:\/\/secure.gravatar.com\/avatar\/497d5cde87b4c3d097d0315953521681ba2cd523ee66e5077c3711f7021e65de?s=96&d=mm&r=g","contentUrl":"https:\/\/secure.gravatar.com\/avatar\/497d5cde87b4c3d097d0315953521681ba2cd523ee66e5077c3711f7021e65de?s=96&d=mm&r=g","caption":"Francisco Javier Fern\u00e1ndez Chento"},"description":"Director General y cofundador de La Red de Formaci\u00f3n Vicenciana. Javier es laico vicenciano, afiliado a la Congregaci\u00f3n de la Misi\u00f3n y miembro del Equipo de Misiones Populares de la provincia can\u00f3nica de Zaragoza (Espa\u00f1a) de la Congregaci\u00f3n de la Misi\u00f3n. Graduado en la Universidad Oberta de Catalunya con cuatro grados (Asistente de direcci\u00f3n, Gesti\u00f3n Administrativa, Recursos Humanos y Contabilidad Avanzada). Bil\u00edng\u00fce Espa\u00f1ol\/Ingl\u00e9s. gestiona y mantiene varias p\u00e1ginas web cristianas y vicencianas, incluida including La Red de Formaci\u00f3n Vicenciana, de la que es cofundador. Actualmente es responsable del \u00e1rea de Espa\u00f1ol de .famvin, la Red de Noticias de la Familia Vicenciana. Tambi\u00e9n es m\u00fasico cat\u00f3lico y ha editado varios discos. Es Director General y cofundador de Trovador, una reconocida compa\u00f1\u00eda discogr\u00e1fica critiana de Espa\u00f1a. Trabaja en las Tecnolog\u00edas de la Informaci\u00f3n, ofreciendo servicios de alojamiento, dise\u00f1o y mantenimiento Web, as\u00ed como asesoramiento, formaci\u00f3n y soluciones inform\u00e1ticas, gesti\u00f3n documental y digitalizaci\u00f3n de textos, edici\u00f3n y maquetaci\u00f3n de libros, revistas, flyers, etc.","sameAs":["http:\/\/chento.org","https:\/\/www.facebook.com\/JavierChento","https:\/\/x.com\/https:\/\/twitter.com\/javierchento"],"url":"http:\/\/vincentians.com\/es\/author\/chento\/"}]}},"jetpack_publicize_connections":[],"jetpack_featured_media_url":"","jetpack_sharing_enabled":true,"jetpack_shortlink":"https:\/\/wp.me\/p7ETMF-9u6","jetpack-related-posts":[{"id":121858,"url":"http:\/\/vincentians.com\/es\/enciclica-sollicitudo-rei-socialis\/","url_meta":{"origin":36462,"position":0},"title":"Enc\u00edclica &quot;Sollicitudo rei socialis&quot;","author":"Francisco Javier Fern\u00e1ndez Chento","date":"04\/05\/2013","format":false,"excerpt":"\"Sollicitudo rei socialis\" al cumplirse el vig\u00e9simo aniversario de la Populorum Progressio 1987.12.30 Bendici\u00f3n Venerables Hermanos, amad\u00edsimos Hijos e Hijas: salud y Bendici\u00f3n Apost\u00f3lica I.\u2014 Introducci\u00f3n 1. La preocupaci\u00f3n social de la Iglesia, orientada al desarrollo aut\u00e9ntico del hombre y de la sociedad, que respete y promueva en toda su\u2026","rel":"","context":"En \u00abDoctrina Social de la Iglesia\u00bb","block_context":{"text":"Doctrina Social de la Iglesia","link":"http:\/\/vincentians.com\/es\/category\/formacion-cristiana\/doctrina-social-de-la-iglesia\/"},"img":{"alt_text":"POPE JOHN PAUL II SEEN IN IMAGE RELEASED BY POSTULATION OF SAINTHOOD CAUSE","src":"https:\/\/i0.wp.com\/vicencianos.org\/wp-content\/2013\/05\/juan_pablo_ii-212x300.jpg?resize=350%2C200","width":350,"height":200},"classes":[]},{"id":387086,"url":"http:\/\/vincentians.com\/es\/maria-madre-de-cristo-y-de-la-iglesia\/","url_meta":{"origin":36462,"position":1},"title":"Mar\u00eda, madre de Cristo y de la Iglesia","author":"Mitxel Olabu\u00e9naga","date":"18\/02\/2016","format":false,"excerpt":"\u00abAl ver a su madre y a su lado al disc\u00edpulo preferido, dijo Jes\u00fas: Mujer, ese es tu hijo. Y luego al disc\u00edpulo: Esa es tu madre\u00bb. (Jn 19,26-27). \u00abVeneraremos tambi\u00e9n con especial devoci\u00f3n a Mar\u00eda, Madre de Cristo y de la Iglesia, quien, seg\u00fan las palabras de San Vicente,\u2026","rel":"","context":"En \u00abEspiritualidad\u00bb","block_context":{"text":"Espiritualidad","link":"http:\/\/vincentians.com\/es\/category\/espiritualidad\/"},"img":{"alt_text":"asd","src":"https:\/\/i0.wp.com\/vicencianos.org\/wp-content\/uploads\/2016\/02\/asd-279x300.jpg?resize=350%2C200","width":350,"height":200},"classes":[]},{"id":128875,"url":"http:\/\/vincentians.com\/es\/cristianos-laicos-y-signos-de-los-tiempos-3\/","url_meta":{"origin":36462,"position":2},"title":"Cristianos laicos y signos de los tiempos (3)","author":"Francisco Javier Fern\u00e1ndez Chento","date":"13\/11\/2024","format":false,"excerpt":"III. El Vaticano II frente a los \"signos de los tiempos\" Juan XXIII al convocar el Concilio Vaticano II se propuso realizar una \"puesta al d\u00eda\" de la Iglesia (\"aggiornamento\") tenien\u00addo como punto de referencia no solo los valores y pautas del Evangelio, sino tambi\u00e9n y de forma muy especial,\u2026","rel":"","context":"En \u00abFormaci\u00f3n Cristiana\u00bb","block_context":{"text":"Formaci\u00f3n Cristiana","link":"http:\/\/vincentians.com\/es\/category\/formacion-cristiana\/"},"img":{"alt_text":"","src":"https:\/\/i0.wp.com\/vincentians.com\/es\/wp-content\/uploads\/sites\/11\/2013\/05\/Cuba-Iglesia-de-La-Milagrosa-La-Habana.png?fit=1200%2C919&resize=350%2C200","width":350,"height":200,"srcset":"https:\/\/i0.wp.com\/vincentians.com\/es\/wp-content\/uploads\/sites\/11\/2013\/05\/Cuba-Iglesia-de-La-Milagrosa-La-Habana.png?fit=1200%2C919&resize=350%2C200 1x, https:\/\/i0.wp.com\/vincentians.com\/es\/wp-content\/uploads\/sites\/11\/2013\/05\/Cuba-Iglesia-de-La-Milagrosa-La-Habana.png?fit=1200%2C919&resize=525%2C300 1.5x, https:\/\/i0.wp.com\/vincentians.com\/es\/wp-content\/uploads\/sites\/11\/2013\/05\/Cuba-Iglesia-de-La-Milagrosa-La-Habana.png?fit=1200%2C919&resize=700%2C400 2x, https:\/\/i0.wp.com\/vincentians.com\/es\/wp-content\/uploads\/sites\/11\/2013\/05\/Cuba-Iglesia-de-La-Milagrosa-La-Habana.png?fit=1200%2C919&resize=1050%2C600 3x"},"classes":[]},{"id":119438,"url":"http:\/\/vincentians.com\/es\/anunciar-a-jesucristo-hoy\/","url_meta":{"origin":36462,"position":3},"title":"Anunciar a Jesucristo, hoy","author":"Francisco Javier Fern\u00e1ndez Chento","date":"10\/04\/2013","format":false,"excerpt":"I - Un nuevo escenario cultural Vivimos un momento de cambios y transformaciones importantes en todos los \u00e1mbitos de la existencia humana; \"una acelerada transformaci\u00f3n\" de la sociedad ha generado un nuevo escenario cultural caracterizado por la p\u00e9rdida de la consistencia ontol\u00f3gica del alma, una crisis de verdad, una perversi\u00f3n\u2026","rel":"","context":"En \u00abFormaci\u00f3n Cristiana\u00bb","block_context":{"text":"Formaci\u00f3n Cristiana","link":"http:\/\/vincentians.com\/es\/category\/formacion-cristiana\/"},"img":{"alt_text":"anunciar","src":"https:\/\/i0.wp.com\/vicencianos.org\/wp-content\/2013\/04\/anunciar-211x300.jpg?resize=350%2C200","width":350,"height":200},"classes":[]},{"id":121767,"url":"http:\/\/vincentians.com\/es\/enciclica-mater-et-magistra\/","url_meta":{"origin":36462,"position":4},"title":"Enc\u00edclica Mater et Magistra","author":"Francisco Javier Fern\u00e1ndez Chento","date":"23\/04\/2022","format":false,"excerpt":"Contexto Ya hab\u00edan pasado setenta a\u00f1os de que Le\u00f3n XIII hab\u00eda escrito la enc\u00edclica conocida como la Carta Magna del Trabajo , cuando el 15 de mayo de 1961 Juan XXIII dio a conocer su ense\u00f1anza social en Mater et Magistra . Los problemas sociales de m\u00e1s de un siglo\u2026","rel":"","context":"En \u00abDocumentos Pontificios\u00bb","block_context":{"text":"Documentos Pontificios","link":"http:\/\/vincentians.com\/es\/category\/formacion-cristiana\/documentos-pontificios\/"},"img":{"alt_text":"DOC","src":"https:\/\/i0.wp.com\/vicencianos.org\/vicencianos\/files\/doc.png?resize=350%2C200","width":350,"height":200},"classes":[]},{"id":117161,"url":"http:\/\/vincentians.com\/es\/unitatis-redintegratio\/","url_meta":{"origin":36462,"position":5},"title":"Unitatis redintegratio","author":"Francisco Javier Fern\u00e1ndez Chento","date":"04\/11\/2018","format":false,"excerpt":"Comentario a \"Unitatis redintegratio\" Autor: Jos\u00e9 Miguel Arr\u00e1iz El documento Unitatis Redintegratio es el decreto del Concilio Vaticano II referente al ecumenismo. Fue promulgado el 20 de noviembre de 1964 con el siguiente resultado: 2054 votos a favor, 64 en contra, 6 votos iuxta modum y 5 votos nulos. Composici\u00f3n\u2026","rel":"","context":"En \u00abConcilio Vaticano II\u00bb","block_context":{"text":"Concilio Vaticano II","link":"http:\/\/vincentians.com\/es\/category\/formacion-cristiana\/concilios-ecumenicos\/concilio-vaticano-ii\/"},"img":{"alt_text":"","src":"","width":0,"height":0},"classes":[]}],"_links":{"self":[{"href":"http:\/\/vincentians.com\/es\/wp-json\/wp\/v2\/posts\/36462","targetHints":{"allow":["GET"]}}],"collection":[{"href":"http:\/\/vincentians.com\/es\/wp-json\/wp\/v2\/posts"}],"about":[{"href":"http:\/\/vincentians.com\/es\/wp-json\/wp\/v2\/types\/post"}],"author":[{"embeddable":true,"href":"http:\/\/vincentians.com\/es\/wp-json\/wp\/v2\/users\/4"}],"replies":[{"embeddable":true,"href":"http:\/\/vincentians.com\/es\/wp-json\/wp\/v2\/comments?post=36462"}],"version-history":[{"count":0,"href":"http:\/\/vincentians.com\/es\/wp-json\/wp\/v2\/posts\/36462\/revisions"}],"wp:featuredmedia":[{"embeddable":true,"href":"http:\/\/vincentians.com\/es\/wp-json\/"}],"wp:attachment":[{"href":"http:\/\/vincentians.com\/es\/wp-json\/wp\/v2\/media?parent=36462"}],"wp:term":[{"taxonomy":"category","embeddable":true,"href":"http:\/\/vincentians.com\/es\/wp-json\/wp\/v2\/categories?post=36462"},{"taxonomy":"post_tag","embeddable":true,"href":"http:\/\/vincentians.com\/es\/wp-json\/wp\/v2\/tags?post=36462"}],"curies":[{"name":"wp","href":"https:\/\/api.w.org\/{rel}","templated":true}]}}