{"id":36457,"date":"2014-07-08T08:22:37","date_gmt":"2014-07-08T06:22:37","guid":{"rendered":"http:\/\/somos.vicencianos.org\/blog\/2011\/04\/dives-in-misericordia\/"},"modified":"2016-07-26T19:33:45","modified_gmt":"2016-07-26T17:33:45","slug":"dives-in-misericordia","status":"publish","type":"post","link":"http:\/\/vincentians.com\/es\/dives-in-misericordia\/","title":{"rendered":"Dives in Misericordia"},"content":{"rendered":"<h1 style=\"text-align: center\">Dives in Misericordia<\/h1>\n<p style=\"text-align: center\"><strong>Carta Enc\u00edclica promulgada por el Papa Juan Pablo II el\u00a030 de noviembre de 1980.<\/strong><br \/>\n<strong>Sobre la misericordia divina.<\/strong><\/p>\n<p><a href=\"https:\/\/i0.wp.com\/vicencianos.org\/wp-content\/2011\/04\/Dives-in-misericordia.jpg\"><img data-recalc-dims=\"1\" loading=\"lazy\" decoding=\"async\" class=\"alignright size-medium wp-image-36458\" title=\"Dives-in-misericordia\" src=\"https:\/\/i0.wp.com\/vicencianos.org\/wp-content\/2011\/04\/Dives-in-misericordia-183x300.jpg?resize=183%2C300\" alt=\"\" width=\"183\" height=\"300\" \/><\/a>El anuncio de la segunda enc\u00edclica de Juan Pablo II, \u00abDives in Misericordia\u00bb lleg\u00f3 por sorpresa. Hab\u00eda pasado poco m\u00e1s de un a\u00f1o y apareci\u00f3 la segunda, como si el Papa tuviera \u00abprisa\u00bb por completar la reflexi\u00f3n realizada en la enc\u00edclica Redemptor Hominis. Esta nueva encl\u00edcia es un complemento necesario a la primera.<\/p>\n<p>Fue escrita originalmente en polaco.\u00a0El texto nace de una meditaci\u00f3n profunda y larga que Karol Wojtyla hab\u00eda realizado antes de haber sido elegido obispo de Roma,\u00a0\u00abel amor de Dios es siempre m\u00e1s fuerte que nuestras debilidades\u00bb, pues \u00abel amor misericordioso sale en b\u00fasqueda del hombre pecador y le lleva a la salvaci\u00f3n\u00bb.<\/p>\n<p>Est\u00e1 dividida en ocho cap\u00edtulos.\u00a0El cap. 1\u00ba nos presenta a Cristo como revelaci\u00f3n y encarnaci\u00f3n de la misericordia del Padre. El cap. 2\u00ba resume el mensaje mesi\u00e1nico y centra su mirada en la misi\u00f3n de Jes\u00fas. Una l\u00edneas de este cap\u00edtulo expresan el mensaje que nos quiso ofrecer el Papa:<\/p>\n<p>\u00abJes\u00fas, sobre todo con su estilo de vida y con sus acciones, ha demostrado c\u00f3mo en el mundo en que vivimos est\u00e1 presente el amor, el amor operante, el amor que se dirige al hombre y abraza todo lo que forma su humanidad. Este amor se hace notar particularmente en el contacto con el sufrimiento, la injusticia, la pobreza; en contacto con toda la \u00abcondici\u00f3n humana\u00bb hist\u00f3rica, que de distintos modos manifiesta la limitaci\u00f3n y la fragilidad del hombre, bien sea f\u00edsica, bien sea moral. Cabalmente el modo y el \u00e1mbito en que se manifiesta el amor es llamado \u00abmisericordia\u00bb en el lenguaje b\u00edblico\u00bb (n. 3).<\/p>\n<p>La noci\u00f3n de la misericordia desde el punto de vista b\u00edblico ocupa los cap. 3\u00ba (dedicado al Antiguo Testamento), 4\u00ba (una meditaci\u00f3n sobre la par\u00e1bola del hijo pr\u00f3digo) y 5\u00ba (donde se explica el misterio pascual: Pasi\u00f3n, Muerte y Resurrecci\u00f3n del Se\u00f1or.<\/p>\n<p>El cap. 6\u00ba analiza la historia, para fijarse, especialmente, en la situaci\u00f3n del mundo a finales del siglo XX. El Papa se\u00f1alaba graves amenazas a la vida misma de la humanidad, y notaba que la b\u00fasqueda de la justicia, imprescindible, no era suficiente, pues hac\u00eda falta dar un paso ulterior: el amor.<\/p>\n<p>El cap. 7\u00ba presenta cu\u00e1l es el lugar de la misericordia en la vida de la Iglesia, mientras que el cap. 8\u00ba es una oraci\u00f3n ferviente y profunda para invocar la misericordia divina, la \u00fanica que puede librar radicalmente de los males que afligen a la humanidad.<\/p>\n<p>Dives in Misericordia es la expresi\u00f3n m\u00e1s transparente del alma pastoral de Juan Pablo II y\u00a0de mayor intensidad teol\u00f3gica que\u00a0refleja dimensiones personales de su vida espiritual.<\/p>\n<div class='stb-container stb-style-download stb-no-caption'><div class='stb-caption'><div class='stb-logo'><img class='stb-logo__image' src='data:image\/png;base64,iVBORw0KGgoAAAANSUhEUgAAADIAAAAyCAYAAAAeP4ixAAAACXBIWXMAAAsTAAALEwEAmpwYAAAKT2lDQ1BQaG90b3Nob3AgSUNDIHByb2ZpbGUAAHjanVNnVFPpFj333vRCS4iAlEtvUhUIIFJCi4AUkSYqIQkQSoghodkVUcERRUUEG8igiAOOjoCMFVEsDIoK2AfkIaKOg6OIisr74Xuja9a89+bN\/rXXPues852zzwfACAyWSDNRNYAMqUIeEeCDx8TG4eQuQIEKJHAAEAizZCFz\/SMBAPh+PDwrIsAHvgABeNMLCADATZvAMByH\/w\/qQplcAYCEAcB0kThLCIAUAEB6jkKmAEBGAYCdmCZTAKAEAGDLY2LjAFAtAGAnf+bTAICd+Jl7AQBblCEVAaCRACATZYhEAGg7AKzPVopFAFgwABRmS8Q5ANgtADBJV2ZIALC3AMDOEAuyAAgMADBRiIUpAAR7AGDIIyN4AISZABRG8lc88SuuEOcqAAB4mbI8uSQ5RYFbCC1xB1dXLh4ozkkXKxQ2YQJhmkAuwnmZGTKBNA\/g88wAAKCRFRHgg\/P9eM4Ors7ONo62Dl8t6r8G\/yJiYuP+5c+rcEAAAOF0ftH+LC+zGoA7BoBt\/qIl7gRoXgugdfeLZrIPQLUAoOnaV\/Nw+H48PEWhkLnZ2eXk5NhKxEJbYcpXff5nwl\/AV\/1s+X48\/Pf14L7iJIEyXYFHBPjgwsz0TKUcz5IJhGLc5o9H\/LcL\/\/wd0yLESWK5WCoU41EScY5EmozzMqUiiUKSKcUl0v9k4t8s+wM+3zUAsGo+AXuRLahdYwP2SycQWHTA4vcAAPK7b8HUKAgDgGiD4c93\/+8\/\/UegJQCAZkmScQAAXkQkLlTKsz\/HCAAARKCBKrBBG\/TBGCzABhzBBdzBC\/xgNoRCJMTCQhBCCmSAHHJgKayCQiiGzbAdKmAv1EAdNMBRaIaTcA4uwlW4Dj1wD\/phCJ7BKLyBCQRByAgTYSHaiAFiilgjjggXmYX4IcFIBBKLJCDJiBRRIkuRNUgxUopUIFVIHfI9cgI5h1xGupE7yAAygvyGvEcxlIGyUT3UDLVDuag3GoRGogvQZHQxmo8WoJvQcrQaPYw2oefQq2gP2o8+Q8cwwOgYBzPEbDAuxsNCsTgsCZNjy7EirAyrxhqwVqwDu4n1Y8+xdwQSgUXACTYEd0IgYR5BSFhMWE7YSKggHCQ0EdoJNwkDhFHCJyKTqEu0JroR+cQYYjIxh1hILCPWEo8TLxB7iEPENyQSiUMyJ7mQAkmxpFTSEtJG0m5SI+ksqZs0SBojk8naZGuyBzmULCAryIXkneTD5DPkG+Qh8lsKnWJAcaT4U+IoUspqShnlEOU05QZlmDJBVaOaUt2ooVQRNY9aQq2htlKvUYeoEzR1mjnNgxZJS6WtopXTGmgXaPdpr+h0uhHdlR5Ol9BX0svpR+iX6AP0dwwNhhWDx4hnKBmbGAcYZxl3GK+YTKYZ04sZx1QwNzHrmOeZD5lvVVgqtip8FZHKCpVKlSaVGyovVKmqpqreqgtV81XLVI+pXlN9rkZVM1PjqQnUlqtVqp1Q61MbU2epO6iHqmeob1Q\/pH5Z\/YkGWcNMw09DpFGgsV\/jvMYgC2MZs3gsIWsNq4Z1gTXEJrHN2Xx2KruY\/R27iz2qqaE5QzNKM1ezUvOUZj8H45hx+Jx0TgnnKKeX836K3hTvKeIpG6Y0TLkxZVxrqpaXllirSKtRq0frvTau7aedpr1Fu1n7gQ5Bx0onXCdHZ4\/OBZ3nU9lT3acKpxZNPTr1ri6qa6UbobtEd79up+6Ynr5egJ5Mb6feeb3n+hx9L\/1U\/W36p\/VHDFgGswwkBtsMzhg8xTVxbzwdL8fb8VFDXcNAQ6VhlWGX4YSRudE8o9VGjUYPjGnGXOMk423GbcajJgYmISZLTepN7ppSTbmmKaY7TDtMx83MzaLN1pk1mz0x1zLnm+eb15vft2BaeFostqi2uGVJsuRaplnutrxuhVo5WaVYVVpds0atna0l1rutu6cRp7lOk06rntZnw7Dxtsm2qbcZsOXYBtuutm22fWFnYhdnt8Wuw+6TvZN9un2N\/T0HDYfZDqsdWh1+c7RyFDpWOt6azpzuP33F9JbpL2dYzxDP2DPjthPLKcRpnVOb00dnF2e5c4PziIuJS4LLLpc+Lpsbxt3IveRKdPVxXeF60vWdm7Obwu2o26\/uNu5p7ofcn8w0nymeWTNz0MPIQ+BR5dE\/C5+VMGvfrH5PQ0+BZ7XnIy9jL5FXrdewt6V3qvdh7xc+9j5yn+M+4zw33jLeWV\/MN8C3yLfLT8Nvnl+F30N\/I\/9k\/3r\/0QCngCUBZwOJgUGBWwL7+Hp8Ib+OPzrbZfay2e1BjKC5QRVBj4KtguXBrSFoyOyQrSH355jOkc5pDoVQfujW0Adh5mGLw34MJ4WHhVeGP45wiFga0TGXNXfR3ENz30T6RJZE3ptnMU85ry1KNSo+qi5qPNo3ujS6P8YuZlnM1VidWElsSxw5LiquNm5svt\/87fOH4p3iC+N7F5gvyF1weaHOwvSFpxapLhIsOpZATIhOOJTwQRAqqBaMJfITdyWOCnnCHcJnIi\/RNtGI2ENcKh5O8kgqTXqS7JG8NXkkxTOlLOW5hCepkLxMDUzdmzqeFpp2IG0yPTq9MYOSkZBxQqohTZO2Z+pn5mZ2y6xlhbL+xW6Lty8elQfJa7OQrAVZLQq2QqboVFoo1yoHsmdlV2a\/zYnKOZarnivN7cyzytuQN5zvn\/\/tEsIS4ZK2pYZLVy0dWOa9rGo5sjxxedsK4xUFK4ZWBqw8uIq2Km3VT6vtV5eufr0mek1rgV7ByoLBtQFr6wtVCuWFfevc1+1dT1gvWd+1YfqGnRs+FYmKrhTbF5cVf9go3HjlG4dvyr+Z3JS0qavEuWTPZtJm6ebeLZ5bDpaql+aXDm4N2dq0Dd9WtO319kXbL5fNKNu7g7ZDuaO\/PLi8ZafJzs07P1SkVPRU+lQ27tLdtWHX+G7R7ht7vPY07NXbW7z3\/T7JvttVAVVN1WbVZftJ+7P3P66Jqun4lvttXa1ObXHtxwPSA\/0HIw6217nU1R3SPVRSj9Yr60cOxx++\/p3vdy0NNg1VjZzG4iNwRHnk6fcJ3\/ceDTradox7rOEH0x92HWcdL2pCmvKaRptTmvtbYlu6T8w+0dbq3nr8R9sfD5w0PFl5SvNUyWna6YLTk2fyz4ydlZ19fi753GDborZ752PO32oPb++6EHTh0kX\/i+c7vDvOXPK4dPKy2+UTV7hXmq86X23qdOo8\/pPTT8e7nLuarrlca7nuer21e2b36RueN87d9L158Rb\/1tWeOT3dvfN6b\/fF9\/XfFt1+cif9zsu72Xcn7q28T7xf9EDtQdlD3YfVP1v+3Njv3H9qwHeg89HcR\/cGhYPP\/pH1jw9DBY+Zj8uGDYbrnjg+OTniP3L96fynQ89kzyaeF\/6i\/suuFxYvfvjV69fO0ZjRoZfyl5O\/bXyl\/erA6xmv28bCxh6+yXgzMV70VvvtwXfcdx3vo98PT+R8IH8o\/2j5sfVT0Kf7kxmTk\/8EA5jz\/GMzLdsAAAAgY0hSTQAAeiUAAICDAAD5\/wAAgOkAAHUwAADqYAAAOpgAABdvkl\/FRgAADcFJREFUeNrsmnmQXNV1xn\/3Lf1eb9OzdM+qGe2DFgZFIGQIizFGBpRAgQUhmDUOqQI7qYIirtguAgHbyBUbO3FsEpcTIixMICKgsDgskYyNWGwEaLEQoA1mn+np6Z6ZXt9288d9o8E2IhKSUymXXtWrN931+vX97vnOOd93eoSUkt+FQ+N35DgO5DiQ39JhfNCbQojfeC+ia0RtC8\/zKdUclvUspVQus3hJD\/nxMfoGhwkqU3zi\/NV2NF7X+OSjD2WSDem6IJAWgKGJ2kR+fPLiNX+UrZaL45ue+XHViCbo7GijpaWVHdu3kYhH2frGTmzTQAiB5\/u4fvAba\/mgAmUczS4IIfA9j+pUIbpo4bwerLozS1b6FLtjwfJP\/sU3WnNTtVix7JgEAUnLcNPJSAlqw6X+\/W\/0nHrGa8ItbRkZHNjpNjVVP2jzjjoih3VIKE5MGF2zu1bH5yy9WrZ0n5N1zMzOgTFGXxrAK1XA80FK8APwPAuBZdrRxpbGhiWL5i6+qi0psk0L9m1u0ksP\/PzFF5+ORdu8j7ypHxSmD6eWR6nmsmJZz6KTV11y+z6v8Q\/2lURd\/0gOr1gEASBACAUiEBAEClQQQAB4EnyJmUgxb14ny+emJhdEhp7a9Oj6r7z82vbdlqGjadoRUeuIgFimQaXqcO6qVZfPP++P7970zviCvXv2EggDYgkQEiRhFMK\/gzAivgShhfVFqKsPeGDE6jj1lKV8+pTY3lf+\/e9v+4+NTz1sGTpSSpxjDUQHIgL90muuvTl65pV3\/dvz22Pl0QHwqmqBdh1omtp1yftASBUFCUgdhD4DBB00AzQbtCQdJ53IFy9bUHln\/V\/f\/t17f\/BtobbgsIAcdvnVBNql11x7q7HqhrXrt\/bFyq4Ltg1GBHwPnKpa7K9uSUgzDTQLTAuMXzvNOMQbobmTgckodzyvRRfe9J27P3\/TDV8QR7K+w71x1YWrr01ccMOdD768z3Q8D+oaIJoEwwRdA68CgaeiIlA5IoR6rZkKsG6BFlGgtBBErAHqZ0FmNjS3MZ6rcMcjA+aCq+6647I1l15\/TIEsnNu1fPEVf\/61B7b2216tBpapAMTqwIqCpgMBuI56pBAc5JcIgei2AqJH1GnGQhDt0NQJdRnFX1Ekv38\/X3\/kHfvsz962dkn33BXHBIita6k1N976lScOVNvL+TxYEbU4ISBiQaIhBKNB4IAMFO\/F+2hlRn6VVmZ0BkS6E1Jp0CRUJ6A4BrLE8N5e1m+tNt\/wl3d+LaJRd9RAzr\/o4iv3pntW7enPqcV6rtps3QijkoREWi2QAHxXRUDTFRjdACMKhq0iEYlCvAEa2iHTCXXNoAmoFmBqFKbyUKtCRPCL7ft5W19yzqcvv\/yqowLSEDXTs89aff2W\/ZMRKXTQTdUXPE+BMUy104l6RQ3DVGCmaRcJIxCJQTSuSnS8HhrboLkTUs1qBZVxmByFYgGcmqp8AgLf55lt2Uj32Zdc15CwMkcMZLr4nnb2OasGY3NOGslOQuCD1ELa6ApMEIBpQiwO9RlIpsE01FlzYXAA+nphYBgGRqEqoKkDWmere5FQzYcg8uBUQPozC9AE\/UN5ekVHz2lnnPVJAP0QUsY4hPpAB635hGXn7iiaUemEVPJDBaELRR3fn8kBTVfn2ADs3UU608Q5n+gJfq+7q2hEkuweLie39DliXxHIpBSdSuMwOQKlvIoE8mDFRqrK51Wr7B4OYiuWnf4p45n\/3uBJ6R+R1upsb+5KdC1ZPjRUUHmhh7yXngLkS1V28VUuWLb68vwEl328x7vzxst3z25t3O041UKlUsZz\/fqi0Jf+8w5v0Xef7dXdhAVuXtHJdZQqQMxEIwjRiIDBbJFgVueSlkx9+0C20HdEQKxEalb\/hN+RHehXOy+tsGfoICKqZ7ieAumbIAX09XLN6tO9H9y8ZrOpadt937ftaMw2IlHGstmRYGL8vS+ubBwW1eCcbz28UyedVJ9HqggRyhv5vqjogqHcBOX5mXnp1vZ5hwKiHQpdqr5pbtUVLf5oPxRzMDEGk+NQmoRqRckOEYHAAC+AwX46jTJ3XX3udsvQt2u6niyVy9ozzz777qZNmw7ohqEnG9PJ4aHc63+2IrVzaaMLY7kwp3QwNBVhXczQiwC0AK84RWDVZ1pa2+dHxBHI+PbWNM2tbe0emqBcBGmDqIKhQyXs0tN9wTRVjozkuOSiE91ZDfFfOq5re57v33LLLU+88MILL0spWbly5elr1679w3hdg21r3q4LTuk4cdejbxs0N4AIVbEfyn4pFX0DBwIXfJeJsosVT2Yy6frDr1rxRBzTsut8N1C77fvqwbUa1EpQmlDRKYxCIQfj41Aq0t3ZUiqWSmXTjMQefvjhnevWrXs+lUpN1tXVTT700EPPb968eXdbW2scoU0snF0\/RSwOEQNMoapV4IDngF8BWQXpKpCapOh4eGh2Ll84fCD7DvQKTdc06fvKR\/jB+67Tpw+uD46jzkBD001ZLleo1WpaLpcrtbe312zbJpFI0N3d7dRqtXIsFtNsOyo14fqYDkQkmBI0XxUS6QAuCB90qShnGkhdBylFzUMcNrUcX0rfccqGJpTkkHJGemtGqJ1CEWjaYCchoTFWFvHAd+yR0dHKeeedd1JbW9uSe++9902AtWvXLlq2bNlix3EqqWQyvufA1iQTg+CmVNWLWWCb4QZ5SiH4QWjGfBJxG6EJT36Axv7QqpUdHc4m53gqH9BVH9EjKi+08KqHeWInIGPz3N5y5PpPRU7Ij2RfyLS2NS6PRP5kzZo1L5umycqVK0+fNWtWKvC93JSr9Tz3zphFRwvogXKMEUt9l9BnzJgbVsaKT6o+xlilWDhiz54bG+1tCGp5YnUNyECp14NSPIzK9NWwYXYLL40GbHyPkz8zp360f3jorVRjuu6mz33uoqhtS8dxKp7r5QzT6P76gz9esW2kBMuWQtVRKsBH5YOuK2GqaYoJToDWbBExKpPZ4cHeI9ZaTnmqvz1lDqcbGkGG0RBm6BX1UAFbilbJDDTPIuhcxB0bJuwf7qhd0JhuPNOUTiQ3MlgcHx0q6tI1y7XaGV\/6\/mMX3rPuKZtUQjWKmAmJKMQjilo6qslqEiwDYhFaZ6exykO92YH+A0cckYGBwV53vO\/t1ubuxWO5ogq5mAagK2MUTUB9M6RnQTQFEgo5nb\/63jZ7Q2dwxkUrO09ePDc9JUSZ7W\/9PLlhy87ortGqoHOhyoH8BNQnFQBfU0VEhtJfovIDQUeTRXTXuwdGsvm+IwZS8ynk3nvzxRNWrLz4l\/uyGlKbAWPYEK1TIJo6lCdxfZgcA6+Al4rxyr4R8crubTFMPQZVqGYhakDnQtX0KhOQL4Q6TVUmNA1cpXzRNZAawogwP1IJ9r7005\/VoPCRZPxrL2\/ZPD9e3d+STs8oXyOqLG6qBdIdSsK7nuopuUHIj4BbhXQjzOmCznaY1QlzFkBjE1QKKieEptTuVBEcX\/UqXSg6aeHgQkpaMnHmTR048PqLWzZ\/ZD8ykM3vGN31kyc\/fupcVal0G2IpaGiFTDskGxQd8iOQG4CJUaiVlX5ya0oMTjdTNyynTlndE4T0qVSgWFHPCQK1Iss46P1PazYZfOaxJ\/vzk9uPxiF6Gzc8eP\/HMvnd3Yvngx6HhhbIdCiX53gKxNgAFLJQKYemy1eJ7PsKgOMoCaJHVJXzQ60WhHlQqkDFC1\/Lg1ZhTlcjHxt\/8+3HfvTAOlUBjsLqFqbKuzd876v33Hh+V7W+eyEkmpX78zzIj4aRGINqWe289FUTDRuZUsdeOFExwl4B+E44hfTU\/aUK1EJL4AVEklGuaqe28W\/vvGeiWtt9LKYozitbt23c+8R37rvtmh6sTBNM1WAiC+NDSmvVyqoKSVfJjMBXC\/RcpZ2kFyqD0AIYlhoxShlqudDflGpQdiBicV1PM333ffNffvHG9scA51gAkUDuX++779vu0\/c8\/uUL01jOJAz0qSpVK4W764bRCDVT4M6o1yCcFwotVAiWUtL4KipuTUWl4iEcwRXL2ok+\/v3HHvnRA9+SMMYhZMlHGtBVXH\/v3bf\/zZfEk199\/NbzEtiiCoUC+LUQxPTi3VAnTQPxQqc3PXHUFb0MWzU9gSoCpRJmNMpnlreTefIf\/3PdPd\/4ctn19x3zafxB56iLhdf96Q1f6Dr3s9fev3nQ2rOnN1SqMxPSg5NGjbBHmBCJKAOl6+Ec21dj1kACJm1dHVxxctrJPvVP6x754f3frAVyzyEpcjRD7F8bsrSevvKUSy+6\/ubP7yy1LX7u1XdFLptH+o7a5Wm3p2nKHkdCA2boytKGQIUOdQmbMxa00+Pvf+sn6\/\/uH159bdtGCUMfRqdjBWQaTCwZs5atueLKqzM9564+UE51vjNQ1AayExSKJXw3rJZ6CMSyIGqjxywa6uK0ZOLMr9OCzlp\/X\/61p\/\/rqUceWj9RcbYD5f8tJ44lkPcfdS2NqeW\/f9bZq1KzFp0aa1t0QlHEmkfKwnb1mAg0E2maGKaGqbmyJSarca+QLR3Y8XZh385XX\/nZT58dKUy+Dkwd9o9lvyUgB38LMgWts7s6FiTqG+fokVhbfWM6bVh2DCEInGo5n8uO+dXS0FQ+9957fUN7XBg+nNL6fw3k16lnAaErI9TmOEDtcMrpMQFy\/B8GjgM5DuQ4kP+3x\/8MAHWpUzAU7qJ7AAAAAElFTkSuQmCC' alt='img'\/><\/div><div class='stb-caption-content'><\/div><div class='stb-tool'><\/div><\/div><div class='stb-content'>\n<h2>Descarga este texto<\/h2>\n<p><a href=\"http:\/\/vicencianos.org\/?dl_id=27\">Puedes descargar el texto completo de la Enc\u00edclica (formato PDF) pulsando aqu\u00ed<\/a>.<\/p>\n<\/div><\/div>\n","protected":false},"excerpt":{"rendered":"<p>Dives in Misericordia Carta Enc\u00edclica promulgada por el Papa Juan Pablo II el\u00a030 de noviembre de 1980. Sobre la misericordia divina. El anuncio de la segunda enc\u00edclica de Juan Pablo II, \u00abDives in Misericordia\u00bb lleg\u00f3 &#8230; <a href=\"http:\/\/vincentians.com\/es\/dives-in-misericordia\/\" class=\"more-link\">Read More<\/a><\/p>\n","protected":false},"author":4,"featured_media":36458,"comment_status":"open","ping_status":"open","sticky":false,"template":"","format":"standard","meta":{"jetpack_post_was_ever_published":false,"_jetpack_newsletter_access":"","_jetpack_dont_email_post_to_subs":false,"_jetpack_newsletter_tier_id":0,"_jetpack_memberships_contains_paywalled_content":false,"_jetpack_memberships_contains_paid_content":false,"footnotes":"","jetpack_publicize_message":"","jetpack_publicize_feature_enabled":true,"jetpack_social_post_already_shared":true,"jetpack_social_options":{"image_generator_settings":{"template":"highway","default_image_id":0,"font":"","enabled":false},"version":2}},"categories":[100],"tags":[172],"class_list":["post-36457","post","type-post","status-publish","format-standard","has-post-thumbnail","hentry","category-documentos-pontificios","tag-pobreza"],"yoast_head":"<!-- This site is optimized with the Yoast SEO plugin v26.3 - https:\/\/yoast.com\/wordpress\/plugins\/seo\/ -->\n<title>Dives in Misericordia - Somos Vicencianos<\/title>\n<meta name=\"robots\" content=\"index, follow, max-snippet:-1, max-image-preview:large, max-video-preview:-1\" \/>\n<link rel=\"canonical\" href=\"http:\/\/vincentians.com\/es\/dives-in-misericordia\/\" \/>\n<meta property=\"og:locale\" content=\"es_ES\" \/>\n<meta property=\"og:type\" content=\"article\" \/>\n<meta property=\"og:title\" content=\"Dives in Misericordia - Somos Vicencianos\" \/>\n<meta property=\"og:description\" content=\"Dives in Misericordia Carta Enc\u00edclica promulgada por el Papa Juan Pablo II el\u00a030 de noviembre de 1980. Sobre la misericordia divina. El anuncio de la segunda enc\u00edclica de Juan Pablo II, \u00abDives in Misericordia\u00bb lleg\u00f3 ... Read More\" \/>\n<meta property=\"og:url\" content=\"http:\/\/vincentians.com\/es\/dives-in-misericordia\/\" \/>\n<meta property=\"og:site_name\" content=\"Somos Vicencianos\" \/>\n<meta property=\"article:publisher\" content=\"https:\/\/www.facebook.com\/WeAreVincentians\/\" \/>\n<meta property=\"article:author\" content=\"https:\/\/www.facebook.com\/JavierChento\" \/>\n<meta property=\"article:published_time\" content=\"2014-07-08T06:22:37+00:00\" \/>\n<meta property=\"article:modified_time\" content=\"2016-07-26T17:33:45+00:00\" \/>\n<meta name=\"author\" content=\"Francisco Javier Fern\u00e1ndez Chento\" \/>\n<meta name=\"twitter:card\" content=\"summary_large_image\" \/>\n<meta name=\"twitter:creator\" content=\"@https:\/\/twitter.com\/javierchento\" \/>\n<meta name=\"twitter:site\" content=\"@WeVincentians\" \/>\n<meta name=\"twitter:label1\" content=\"Escrito por\" \/>\n\t<meta name=\"twitter:data1\" content=\"Francisco Javier Fern\u00e1ndez Chento\" \/>\n\t<meta name=\"twitter:label2\" content=\"Tiempo de lectura\" \/>\n\t<meta name=\"twitter:data2\" content=\"3 minutos\" \/>\n<script type=\"application\/ld+json\" class=\"yoast-schema-graph\">{\"@context\":\"https:\/\/schema.org\",\"@graph\":[{\"@type\":\"Article\",\"@id\":\"http:\/\/vincentians.com\/es\/dives-in-misericordia\/#article\",\"isPartOf\":{\"@id\":\"http:\/\/vincentians.com\/es\/dives-in-misericordia\/\"},\"author\":{\"name\":\"Francisco Javier Fern\u00e1ndez Chento\",\"@id\":\"https:\/\/vincentians.com\/es\/#\/schema\/person\/9623ef4d9aa3b2dfb8c061f1499288f2\"},\"headline\":\"Dives in Misericordia\",\"datePublished\":\"2014-07-08T06:22:37+00:00\",\"dateModified\":\"2016-07-26T17:33:45+00:00\",\"mainEntityOfPage\":{\"@id\":\"http:\/\/vincentians.com\/es\/dives-in-misericordia\/\"},\"wordCount\":512,\"commentCount\":0,\"publisher\":{\"@id\":\"https:\/\/vincentians.com\/es\/#organization\"},\"image\":{\"@id\":\"http:\/\/vincentians.com\/es\/dives-in-misericordia\/#primaryimage\"},\"thumbnailUrl\":\"\",\"keywords\":[\"Pobreza\"],\"articleSection\":[\"Documentos Pontificios\"],\"inLanguage\":\"es\",\"potentialAction\":[{\"@type\":\"CommentAction\",\"name\":\"Comment\",\"target\":[\"http:\/\/vincentians.com\/es\/dives-in-misericordia\/#respond\"]}]},{\"@type\":\"WebPage\",\"@id\":\"http:\/\/vincentians.com\/es\/dives-in-misericordia\/\",\"url\":\"http:\/\/vincentians.com\/es\/dives-in-misericordia\/\",\"name\":\"Dives in Misericordia - Somos Vicencianos\",\"isPartOf\":{\"@id\":\"https:\/\/vincentians.com\/es\/#website\"},\"primaryImageOfPage\":{\"@id\":\"http:\/\/vincentians.com\/es\/dives-in-misericordia\/#primaryimage\"},\"image\":{\"@id\":\"http:\/\/vincentians.com\/es\/dives-in-misericordia\/#primaryimage\"},\"thumbnailUrl\":\"\",\"datePublished\":\"2014-07-08T06:22:37+00:00\",\"dateModified\":\"2016-07-26T17:33:45+00:00\",\"breadcrumb\":{\"@id\":\"http:\/\/vincentians.com\/es\/dives-in-misericordia\/#breadcrumb\"},\"inLanguage\":\"es\",\"potentialAction\":[{\"@type\":\"ReadAction\",\"target\":[\"http:\/\/vincentians.com\/es\/dives-in-misericordia\/\"]}]},{\"@type\":\"ImageObject\",\"inLanguage\":\"es\",\"@id\":\"http:\/\/vincentians.com\/es\/dives-in-misericordia\/#primaryimage\",\"url\":\"\",\"contentUrl\":\"\"},{\"@type\":\"BreadcrumbList\",\"@id\":\"http:\/\/vincentians.com\/es\/dives-in-misericordia\/#breadcrumb\",\"itemListElement\":[{\"@type\":\"ListItem\",\"position\":1,\"name\":\"Portada\",\"item\":\"https:\/\/vincentians.com\/es\/\"},{\"@type\":\"ListItem\",\"position\":2,\"name\":\"Dives in Misericordia\"}]},{\"@type\":\"WebSite\",\"@id\":\"https:\/\/vincentians.com\/es\/#website\",\"url\":\"https:\/\/vincentians.com\/es\/\",\"name\":\"Somos Vicencianos\",\"description\":\"Know more to serve more\",\"publisher\":{\"@id\":\"https:\/\/vincentians.com\/es\/#organization\"},\"potentialAction\":[{\"@type\":\"SearchAction\",\"target\":{\"@type\":\"EntryPoint\",\"urlTemplate\":\"https:\/\/vincentians.com\/es\/?s={search_term_string}\"},\"query-input\":{\"@type\":\"PropertyValueSpecification\",\"valueRequired\":true,\"valueName\":\"search_term_string\"}}],\"inLanguage\":\"es\"},{\"@type\":\"Organization\",\"@id\":\"https:\/\/vincentians.com\/es\/#organization\",\"name\":\"The Vincentian Network\",\"url\":\"https:\/\/vincentians.com\/es\/\",\"logo\":{\"@type\":\"ImageObject\",\"inLanguage\":\"es\",\"@id\":\"https:\/\/vincentians.com\/es\/#\/schema\/logo\/image\/\",\"url\":\"https:\/\/i1.wp.com\/vincentians.com\/es\/wp-content\/uploads\/sites\/11\/2016\/06\/Vincentian-Network-logo-big.png?fit=778%2C778\",\"contentUrl\":\"https:\/\/i1.wp.com\/vincentians.com\/es\/wp-content\/uploads\/sites\/11\/2016\/06\/Vincentian-Network-logo-big.png?fit=778%2C778\",\"width\":778,\"height\":778,\"caption\":\"The Vincentian Network\"},\"image\":{\"@id\":\"https:\/\/vincentians.com\/es\/#\/schema\/logo\/image\/\"},\"sameAs\":[\"https:\/\/www.facebook.com\/WeAreVincentians\/\",\"https:\/\/x.com\/WeVincentians\"]},{\"@type\":\"Person\",\"@id\":\"https:\/\/vincentians.com\/es\/#\/schema\/person\/9623ef4d9aa3b2dfb8c061f1499288f2\",\"name\":\"Francisco Javier Fern\u00e1ndez Chento\",\"image\":{\"@type\":\"ImageObject\",\"inLanguage\":\"es\",\"@id\":\"https:\/\/vincentians.com\/es\/#\/schema\/person\/image\/\",\"url\":\"https:\/\/secure.gravatar.com\/avatar\/497d5cde87b4c3d097d0315953521681ba2cd523ee66e5077c3711f7021e65de?s=96&d=mm&r=g\",\"contentUrl\":\"https:\/\/secure.gravatar.com\/avatar\/497d5cde87b4c3d097d0315953521681ba2cd523ee66e5077c3711f7021e65de?s=96&d=mm&r=g\",\"caption\":\"Francisco Javier Fern\u00e1ndez Chento\"},\"description\":\"Director General y cofundador de La Red de Formaci\u00f3n Vicenciana. Javier es laico vicenciano, afiliado a la Congregaci\u00f3n de la Misi\u00f3n y miembro del Equipo de Misiones Populares de la provincia can\u00f3nica de Zaragoza (Espa\u00f1a) de la Congregaci\u00f3n de la Misi\u00f3n. Graduado en la Universidad Oberta de Catalunya con cuatro grados (Asistente de direcci\u00f3n, Gesti\u00f3n Administrativa, Recursos Humanos y Contabilidad Avanzada). Bil\u00edng\u00fce Espa\u00f1ol\/Ingl\u00e9s. gestiona y mantiene varias p\u00e1ginas web cristianas y vicencianas, incluida including La Red de Formaci\u00f3n Vicenciana, de la que es cofundador. Actualmente es responsable del \u00e1rea de Espa\u00f1ol de .famvin, la Red de Noticias de la Familia Vicenciana. Tambi\u00e9n es m\u00fasico cat\u00f3lico y ha editado varios discos. Es Director General y cofundador de Trovador, una reconocida compa\u00f1\u00eda discogr\u00e1fica critiana de Espa\u00f1a. Trabaja en las Tecnolog\u00edas de la Informaci\u00f3n, ofreciendo servicios de alojamiento, dise\u00f1o y mantenimiento Web, as\u00ed como asesoramiento, formaci\u00f3n y soluciones inform\u00e1ticas, gesti\u00f3n documental y digitalizaci\u00f3n de textos, edici\u00f3n y maquetaci\u00f3n de libros, revistas, flyers, etc.\",\"sameAs\":[\"http:\/\/chento.org\",\"https:\/\/www.facebook.com\/JavierChento\",\"https:\/\/x.com\/https:\/\/twitter.com\/javierchento\"],\"url\":\"http:\/\/vincentians.com\/es\/author\/chento\/\"}]}<\/script>\n<!-- \/ Yoast SEO plugin. -->","yoast_head_json":{"title":"Dives in Misericordia - Somos Vicencianos","robots":{"index":"index","follow":"follow","max-snippet":"max-snippet:-1","max-image-preview":"max-image-preview:large","max-video-preview":"max-video-preview:-1"},"canonical":"http:\/\/vincentians.com\/es\/dives-in-misericordia\/","og_locale":"es_ES","og_type":"article","og_title":"Dives in Misericordia - Somos Vicencianos","og_description":"Dives in Misericordia Carta Enc\u00edclica promulgada por el Papa Juan Pablo II el\u00a030 de noviembre de 1980. Sobre la misericordia divina. El anuncio de la segunda enc\u00edclica de Juan Pablo II, \u00abDives in Misericordia\u00bb lleg\u00f3 ... Read More","og_url":"http:\/\/vincentians.com\/es\/dives-in-misericordia\/","og_site_name":"Somos Vicencianos","article_publisher":"https:\/\/www.facebook.com\/WeAreVincentians\/","article_author":"https:\/\/www.facebook.com\/JavierChento","article_published_time":"2014-07-08T06:22:37+00:00","article_modified_time":"2016-07-26T17:33:45+00:00","author":"Francisco Javier Fern\u00e1ndez Chento","twitter_card":"summary_large_image","twitter_creator":"@https:\/\/twitter.com\/javierchento","twitter_site":"@WeVincentians","twitter_misc":{"Escrito por":"Francisco Javier Fern\u00e1ndez Chento","Tiempo de lectura":"3 minutos"},"schema":{"@context":"https:\/\/schema.org","@graph":[{"@type":"Article","@id":"http:\/\/vincentians.com\/es\/dives-in-misericordia\/#article","isPartOf":{"@id":"http:\/\/vincentians.com\/es\/dives-in-misericordia\/"},"author":{"name":"Francisco Javier Fern\u00e1ndez Chento","@id":"https:\/\/vincentians.com\/es\/#\/schema\/person\/9623ef4d9aa3b2dfb8c061f1499288f2"},"headline":"Dives in Misericordia","datePublished":"2014-07-08T06:22:37+00:00","dateModified":"2016-07-26T17:33:45+00:00","mainEntityOfPage":{"@id":"http:\/\/vincentians.com\/es\/dives-in-misericordia\/"},"wordCount":512,"commentCount":0,"publisher":{"@id":"https:\/\/vincentians.com\/es\/#organization"},"image":{"@id":"http:\/\/vincentians.com\/es\/dives-in-misericordia\/#primaryimage"},"thumbnailUrl":"","keywords":["Pobreza"],"articleSection":["Documentos Pontificios"],"inLanguage":"es","potentialAction":[{"@type":"CommentAction","name":"Comment","target":["http:\/\/vincentians.com\/es\/dives-in-misericordia\/#respond"]}]},{"@type":"WebPage","@id":"http:\/\/vincentians.com\/es\/dives-in-misericordia\/","url":"http:\/\/vincentians.com\/es\/dives-in-misericordia\/","name":"Dives in Misericordia - Somos Vicencianos","isPartOf":{"@id":"https:\/\/vincentians.com\/es\/#website"},"primaryImageOfPage":{"@id":"http:\/\/vincentians.com\/es\/dives-in-misericordia\/#primaryimage"},"image":{"@id":"http:\/\/vincentians.com\/es\/dives-in-misericordia\/#primaryimage"},"thumbnailUrl":"","datePublished":"2014-07-08T06:22:37+00:00","dateModified":"2016-07-26T17:33:45+00:00","breadcrumb":{"@id":"http:\/\/vincentians.com\/es\/dives-in-misericordia\/#breadcrumb"},"inLanguage":"es","potentialAction":[{"@type":"ReadAction","target":["http:\/\/vincentians.com\/es\/dives-in-misericordia\/"]}]},{"@type":"ImageObject","inLanguage":"es","@id":"http:\/\/vincentians.com\/es\/dives-in-misericordia\/#primaryimage","url":"","contentUrl":""},{"@type":"BreadcrumbList","@id":"http:\/\/vincentians.com\/es\/dives-in-misericordia\/#breadcrumb","itemListElement":[{"@type":"ListItem","position":1,"name":"Portada","item":"https:\/\/vincentians.com\/es\/"},{"@type":"ListItem","position":2,"name":"Dives in Misericordia"}]},{"@type":"WebSite","@id":"https:\/\/vincentians.com\/es\/#website","url":"https:\/\/vincentians.com\/es\/","name":"Somos Vicencianos","description":"Know more to serve more","publisher":{"@id":"https:\/\/vincentians.com\/es\/#organization"},"potentialAction":[{"@type":"SearchAction","target":{"@type":"EntryPoint","urlTemplate":"https:\/\/vincentians.com\/es\/?s={search_term_string}"},"query-input":{"@type":"PropertyValueSpecification","valueRequired":true,"valueName":"search_term_string"}}],"inLanguage":"es"},{"@type":"Organization","@id":"https:\/\/vincentians.com\/es\/#organization","name":"The Vincentian Network","url":"https:\/\/vincentians.com\/es\/","logo":{"@type":"ImageObject","inLanguage":"es","@id":"https:\/\/vincentians.com\/es\/#\/schema\/logo\/image\/","url":"https:\/\/i1.wp.com\/vincentians.com\/es\/wp-content\/uploads\/sites\/11\/2016\/06\/Vincentian-Network-logo-big.png?fit=778%2C778","contentUrl":"https:\/\/i1.wp.com\/vincentians.com\/es\/wp-content\/uploads\/sites\/11\/2016\/06\/Vincentian-Network-logo-big.png?fit=778%2C778","width":778,"height":778,"caption":"The Vincentian Network"},"image":{"@id":"https:\/\/vincentians.com\/es\/#\/schema\/logo\/image\/"},"sameAs":["https:\/\/www.facebook.com\/WeAreVincentians\/","https:\/\/x.com\/WeVincentians"]},{"@type":"Person","@id":"https:\/\/vincentians.com\/es\/#\/schema\/person\/9623ef4d9aa3b2dfb8c061f1499288f2","name":"Francisco Javier Fern\u00e1ndez Chento","image":{"@type":"ImageObject","inLanguage":"es","@id":"https:\/\/vincentians.com\/es\/#\/schema\/person\/image\/","url":"https:\/\/secure.gravatar.com\/avatar\/497d5cde87b4c3d097d0315953521681ba2cd523ee66e5077c3711f7021e65de?s=96&d=mm&r=g","contentUrl":"https:\/\/secure.gravatar.com\/avatar\/497d5cde87b4c3d097d0315953521681ba2cd523ee66e5077c3711f7021e65de?s=96&d=mm&r=g","caption":"Francisco Javier Fern\u00e1ndez Chento"},"description":"Director General y cofundador de La Red de Formaci\u00f3n Vicenciana. Javier es laico vicenciano, afiliado a la Congregaci\u00f3n de la Misi\u00f3n y miembro del Equipo de Misiones Populares de la provincia can\u00f3nica de Zaragoza (Espa\u00f1a) de la Congregaci\u00f3n de la Misi\u00f3n. Graduado en la Universidad Oberta de Catalunya con cuatro grados (Asistente de direcci\u00f3n, Gesti\u00f3n Administrativa, Recursos Humanos y Contabilidad Avanzada). Bil\u00edng\u00fce Espa\u00f1ol\/Ingl\u00e9s. gestiona y mantiene varias p\u00e1ginas web cristianas y vicencianas, incluida including La Red de Formaci\u00f3n Vicenciana, de la que es cofundador. Actualmente es responsable del \u00e1rea de Espa\u00f1ol de .famvin, la Red de Noticias de la Familia Vicenciana. Tambi\u00e9n es m\u00fasico cat\u00f3lico y ha editado varios discos. Es Director General y cofundador de Trovador, una reconocida compa\u00f1\u00eda discogr\u00e1fica critiana de Espa\u00f1a. Trabaja en las Tecnolog\u00edas de la Informaci\u00f3n, ofreciendo servicios de alojamiento, dise\u00f1o y mantenimiento Web, as\u00ed como asesoramiento, formaci\u00f3n y soluciones inform\u00e1ticas, gesti\u00f3n documental y digitalizaci\u00f3n de textos, edici\u00f3n y maquetaci\u00f3n de libros, revistas, flyers, etc.","sameAs":["http:\/\/chento.org","https:\/\/www.facebook.com\/JavierChento","https:\/\/x.com\/https:\/\/twitter.com\/javierchento"],"url":"http:\/\/vincentians.com\/es\/author\/chento\/"}]}},"jetpack_publicize_connections":[],"jetpack_featured_media_url":"","jetpack_sharing_enabled":true,"jetpack_shortlink":"https:\/\/wp.me\/p7ETMF-9u1","jetpack-related-posts":[{"id":143372,"url":"http:\/\/vincentians.com\/es\/bula-misericordiae-vultus\/","url_meta":{"origin":36457,"position":0},"title":"Bula \u00abMisericordiae Vultus\u00bb","author":"Francisco Javier Fern\u00e1ndez Chento","date":"17\/04\/2015","format":false,"excerpt":"BULA DE CONVOCACI\u00d3N DEL JUBILEO EXTRAORDINARIO DE LA MISERICORDIA FRANCISCO OBISPO DE ROMA SIERVO DE LOS SIERVOS DE DIOS A CUANTOS LEAN ESTA CARTA GRACIA, MISERICORDIA Y PAZ 1. Jesucristo es el rostro de la misericordia del Padre. El misterio de la fe cristiana parece encontrar su s\u00edntesis en esta\u2026","rel":"","context":"En \u00abDocumentos Pontificios\u00bb","block_context":{"text":"Documentos Pontificios","link":"http:\/\/vincentians.com\/es\/category\/formacion-cristiana\/documentos-pontificios\/"},"img":{"alt_text":"jubileo","src":"https:\/\/i0.wp.com\/vicencianos.org\/wp-content\/2015\/04\/jubileo.jpg?resize=350%2C200","width":350,"height":200,"srcset":"https:\/\/i0.wp.com\/vicencianos.org\/wp-content\/2015\/04\/jubileo.jpg?resize=350%2C200 1x, https:\/\/i0.wp.com\/vicencianos.org\/wp-content\/2015\/04\/jubileo.jpg?resize=525%2C300 1.5x"},"classes":[]},{"id":142916,"url":"http:\/\/vincentians.com\/es\/2o-domingo-de-pascua-reflexion-de-antonio-elduayen-c-m-3\/","url_meta":{"origin":36457,"position":1},"title":"2\u00ba Domingo de Pascua (reflexi\u00f3n de Antonio Elduayen, C.M.)","author":"Francisco Javier Fern\u00e1ndez Chento","date":"10\/04\/2015","format":false,"excerpt":"Queridos amigos, Este 2\u00ba Domingo de Pascua, por ser la octava de la Resurrecci\u00f3n del Se\u00f1or, fue siempre un D\u00eda Grande. \u201cComo si ahora hubi\u00e9ramos nacido\u2026\u201d (1 Pe 2,2), es la obertura de la liturgia, que hace referencia a cuantos por el bautismo hemos muerto y resucitado con Jesucristo. Por\u2026","rel":"","context":"En \u00abHomil\u00edas y reflexiones, A\u00f1o B\u00bb","block_context":{"text":"Homil\u00edas y reflexiones, A\u00f1o B","link":"http:\/\/vincentians.com\/es\/category\/homilias-y-reflexiones-a-la-palabra-de-dios\/homilias-y-reflexiones-ano-b\/"},"img":{"alt_text":"","src":"https:\/\/i0.wp.com\/vincentians.com\/es\/wp-content\/uploads\/sites\/11\/2016\/07\/reflexiones-palabra-de-dios.jpg?fit=1200%2C630&resize=350%2C200","width":350,"height":200,"srcset":"https:\/\/i0.wp.com\/vincentians.com\/es\/wp-content\/uploads\/sites\/11\/2016\/07\/reflexiones-palabra-de-dios.jpg?fit=1200%2C630&resize=350%2C200 1x, https:\/\/i0.wp.com\/vincentians.com\/es\/wp-content\/uploads\/sites\/11\/2016\/07\/reflexiones-palabra-de-dios.jpg?fit=1200%2C630&resize=525%2C300 1.5x, https:\/\/i0.wp.com\/vincentians.com\/es\/wp-content\/uploads\/sites\/11\/2016\/07\/reflexiones-palabra-de-dios.jpg?fit=1200%2C630&resize=700%2C400 2x, https:\/\/i0.wp.com\/vincentians.com\/es\/wp-content\/uploads\/sites\/11\/2016\/07\/reflexiones-palabra-de-dios.jpg?fit=1200%2C630&resize=1050%2C600 3x"},"classes":[]},{"id":36462,"url":"http:\/\/vincentians.com\/es\/dominum-et-vivificantem\/","url_meta":{"origin":36457,"position":2},"title":"Dominum et Vivificantem","author":"Francisco Javier Fern\u00e1ndez Chento","date":"12\/07\/2014","format":false,"excerpt":"Dominum et Vivificantem Carta Enc\u00edclica promulgada por el Papa Juan Pablo II el 18 de Mayo de 1986. Sobre el Esp\u00edritu Santo en la Vida de la Iglesia y del Mundo. La presente carta enc\u00edclica, sobre el Esp\u00edritu Santo, arranca de la herencia profunda del concilio Vaticano II. En efecto,\u2026","rel":"","context":"En \u00abDocumentos Pontificios\u00bb","block_context":{"text":"Documentos Pontificios","link":"http:\/\/vincentians.com\/es\/category\/formacion-cristiana\/documentos-pontificios\/"},"img":{"alt_text":"","src":"https:\/\/i0.wp.com\/vicencianos.org\/wp-content\/2011\/04\/Dominum-et-vivificantem-180x300.jpg?resize=350%2C200","width":350,"height":200},"classes":[]},{"id":45323,"url":"http:\/\/vincentians.com\/es\/san-vicente-y-santa-luisa-en-la-enciclica-deus-caritas-est\/","url_meta":{"origin":36457,"position":3},"title":"San Vicente y Santa Luisa en la Enc\u00edclica \u201cDeus Caritas Est\u201d","author":"Francisco Javier Fern\u00e1ndez Chento","date":"08\/07\/2011","format":false,"excerpt":"El amor esencia del cristianismo La primera Enc\u00edclica del Papa Benedicto XVI esta dedicada a la esencia del cristianismo: el amor. Seg\u00fan San Juan (1 Jn. 4,8) es la definici\u00f3n de Dios: Deus Caritas Est. En los puntos privilegiados de la Enc\u00edclica, y esto es al final de la primera\u2026","rel":"","context":"En \u00abFormaci\u00f3n Vicenciana\u00bb","block_context":{"text":"Formaci\u00f3n Vicenciana","link":"http:\/\/vincentians.com\/es\/category\/formacion-vicenciana\/"},"img":{"alt_text":"","src":"https:\/\/i0.wp.com\/vicencianos.org\/wp-content\/2011\/05\/vicente_y_luisa1-233x300.jpg?resize=350%2C200","width":350,"height":200},"classes":[]},{"id":501,"url":"http:\/\/vincentians.com\/es\/ciclo-a-domingo-2%c2%ba-de-pascua-reflexion-de-antonio-elduayen-c-m\/","url_meta":{"origin":36457,"position":4},"title":"Ciclo A, Domingo 2\u00ba de Pascua (reflexi\u00f3n de Antonio Elduayen, C.M.)","author":"Francisco Javier Fern\u00e1ndez Chento","date":"28\/04\/2011","format":false,"excerpt":"Queridos amigos Este 2\u00ba Domingo de Pascua, por ser la octava de la Resurrecci\u00f3n del Se\u00f1or, fue siempre un D\u00eda Grande. \u201cComo si ahora hubi\u00e9ramos nacido\u2026\u201d (1 Pe 2,2), es la obertura de la liturgia, que hace referencia a cuantos por el bautismo hemos muerto y resucitado con Jesucristo. Por\u2026","rel":"","context":"En \u00abHomil\u00edas y reflexiones, A\u00f1o A\u00bb","block_context":{"text":"Homil\u00edas y reflexiones, A\u00f1o A","link":"http:\/\/vincentians.com\/es\/category\/homilias-y-reflexiones-a-la-palabra-de-dios\/homilias-y-reflexiones-ano-a\/"},"img":{"alt_text":"","src":"https:\/\/i0.wp.com\/vincentians.com\/es\/wp-content\/uploads\/sites\/11\/2016\/07\/reflexiones-palabra-de-dios.jpg?fit=1200%2C630&resize=350%2C200","width":350,"height":200,"srcset":"https:\/\/i0.wp.com\/vincentians.com\/es\/wp-content\/uploads\/sites\/11\/2016\/07\/reflexiones-palabra-de-dios.jpg?fit=1200%2C630&resize=350%2C200 1x, https:\/\/i0.wp.com\/vincentians.com\/es\/wp-content\/uploads\/sites\/11\/2016\/07\/reflexiones-palabra-de-dios.jpg?fit=1200%2C630&resize=525%2C300 1.5x, https:\/\/i0.wp.com\/vincentians.com\/es\/wp-content\/uploads\/sites\/11\/2016\/07\/reflexiones-palabra-de-dios.jpg?fit=1200%2C630&resize=700%2C400 2x, https:\/\/i0.wp.com\/vincentians.com\/es\/wp-content\/uploads\/sites\/11\/2016\/07\/reflexiones-palabra-de-dios.jpg?fit=1200%2C630&resize=1050%2C600 3x"},"classes":[]},{"id":5866,"url":"http:\/\/vincentians.com\/es\/2o-domingo-de-pascua-reflexion-de-antonio-elduayen-c-m\/","url_meta":{"origin":36457,"position":5},"title":"2\u00ba Domingo de Pascua (reflexi\u00f3n de Antonio Elduayen, C.M.)","author":"Francisco Javier Fern\u00e1ndez Chento","date":"25\/04\/2014","format":false,"excerpt":"Queridos amigos y amigas, Este 2\u00ba Domingo de Pascua fue siempre un D\u00eda Memorable, por ser la octava de la Resurrecci\u00f3n del Se\u00f1or. Hoy celebramos en \u00e9l al Se\u00f1or de la Divina Misericordia, por decisi\u00f3n de Juan Pablo II, que hizo suyo el deseo del mismo Se\u00f1or de la Misericordia,\u2026","rel":"","context":"En \u00abHomil\u00edas y reflexiones, A\u00f1o A\u00bb","block_context":{"text":"Homil\u00edas y reflexiones, A\u00f1o A","link":"http:\/\/vincentians.com\/es\/category\/homilias-y-reflexiones-a-la-palabra-de-dios\/homilias-y-reflexiones-ano-a\/"},"img":{"alt_text":"","src":"https:\/\/i0.wp.com\/vincentians.com\/es\/wp-content\/uploads\/sites\/11\/2016\/07\/reflexiones-palabra-de-dios.jpg?fit=1200%2C630&resize=350%2C200","width":350,"height":200,"srcset":"https:\/\/i0.wp.com\/vincentians.com\/es\/wp-content\/uploads\/sites\/11\/2016\/07\/reflexiones-palabra-de-dios.jpg?fit=1200%2C630&resize=350%2C200 1x, https:\/\/i0.wp.com\/vincentians.com\/es\/wp-content\/uploads\/sites\/11\/2016\/07\/reflexiones-palabra-de-dios.jpg?fit=1200%2C630&resize=525%2C300 1.5x, https:\/\/i0.wp.com\/vincentians.com\/es\/wp-content\/uploads\/sites\/11\/2016\/07\/reflexiones-palabra-de-dios.jpg?fit=1200%2C630&resize=700%2C400 2x, https:\/\/i0.wp.com\/vincentians.com\/es\/wp-content\/uploads\/sites\/11\/2016\/07\/reflexiones-palabra-de-dios.jpg?fit=1200%2C630&resize=1050%2C600 3x"},"classes":[]}],"_links":{"self":[{"href":"http:\/\/vincentians.com\/es\/wp-json\/wp\/v2\/posts\/36457","targetHints":{"allow":["GET"]}}],"collection":[{"href":"http:\/\/vincentians.com\/es\/wp-json\/wp\/v2\/posts"}],"about":[{"href":"http:\/\/vincentians.com\/es\/wp-json\/wp\/v2\/types\/post"}],"author":[{"embeddable":true,"href":"http:\/\/vincentians.com\/es\/wp-json\/wp\/v2\/users\/4"}],"replies":[{"embeddable":true,"href":"http:\/\/vincentians.com\/es\/wp-json\/wp\/v2\/comments?post=36457"}],"version-history":[{"count":0,"href":"http:\/\/vincentians.com\/es\/wp-json\/wp\/v2\/posts\/36457\/revisions"}],"wp:featuredmedia":[{"embeddable":true,"href":"http:\/\/vincentians.com\/es\/wp-json\/"}],"wp:attachment":[{"href":"http:\/\/vincentians.com\/es\/wp-json\/wp\/v2\/media?parent=36457"}],"wp:term":[{"taxonomy":"category","embeddable":true,"href":"http:\/\/vincentians.com\/es\/wp-json\/wp\/v2\/categories?post=36457"},{"taxonomy":"post_tag","embeddable":true,"href":"http:\/\/vincentians.com\/es\/wp-json\/wp\/v2\/tags?post=36457"}],"curies":[{"name":"wp","href":"https:\/\/api.w.org\/{rel}","templated":true}]}}