{"id":3613,"date":"2009-12-16T13:40:46","date_gmt":"2009-12-16T12:40:46","guid":{"rendered":"http:\/\/www.vicencianos.org\/web\/2009\/12\/16\/vicente-de-paul-documento-009-san-vicente-toma-en-arriendo-la-abadia-de-san-leonardo-de-chaume\/"},"modified":"2016-07-26T19:51:16","modified_gmt":"2016-07-26T17:51:16","slug":"vicente-de-paul-documento-009-san-vicente-toma-en-arriendo-la-abadia-de-san-leonardo-de-chaume","status":"publish","type":"post","link":"http:\/\/vincentians.com\/es\/vicente-de-paul-documento-009-san-vicente-toma-en-arriendo-la-abadia-de-san-leonardo-de-chaume\/","title":{"rendered":"Vicente de Pa\u00fal, Documento 009: San Vicente Toma En Arriendo La Abadia De San Leonardo De Chaume"},"content":{"rendered":"<p>14 mayo 1610<\/p>\n<p>Se presenta personalmente el reverendo se\u00f1or Pablo Hurault de l&#8217;Hospital, arzobispo de Aix y abad de la abad\u00eda de San Leonardo de Chaume, de la orden del C\u00edster, en la di\u00f3cesis de Saintes, alojado actualmente en esta ciudad de Par\u00eds, calle Coustellerie, parroquia de San Mederico, para reconocer y confesar que ha alquilado y entregado y por las presentes entrega y alquila a partir del primer d\u00eda de enero pr\u00f3ximo hasta pasados tres a\u00f1os, para que goce de ella durante ese tiempo el se\u00f1or Arnault Doziet, comerciante, residente en Par\u00eds, en la calle del Sena, barrio de San Germ\u00e1n y parroquia de San Sulpicio, actual y presente arrendatario, y reciba las rentas temporales de dicha abad\u00eda, de sus pertenencias y dependencias, derechos y se\u00f1or\u00edo, alta, baja y media justicia, censos, rentas y beneficios y todas las dem\u00e1s cosas en general, sin exceptuar, retener ni reservarse nada de cualquier forma y manera y bajo ning\u00fan pretexto, de lo cual el arrendatario se declara contento de gozar, hacer y disfrutar durante el tiempo que se ha mencionado.<\/p>\n<p>El presente alquiler y arrendamiento se hace por el precio y suma de 3.600 libras turnesas que cada uno de dichos tres a\u00f1os el arrendatario mencionado se obliga a entregar en firme y promete pagar al propietario o a su comisionado, aqu\u00ed en Par\u00eds, en dos plazos iguales de San Juan y de Navidad, acabando el primer plazo en el d\u00eda de San Juan Bautista del a\u00f1o 1611 y continuando de ese modo. Acepta adem\u00e1s la carga de hacer reedificar al capilla de dicha abad\u00eda actualmente en ruinas, de forma que se pueda cantar y celebrar all\u00ed el servicio divino desde el primer d\u00eda del pr\u00f3ximo mes de enero; y a este fin establecer all\u00ed a dos religiosos de la orden del C\u00edster, que ser\u00e1n nombrados por dicho se\u00f1or abad y ser\u00e1n aceptados por el se\u00f1or abad del C\u00edster; uno de ellos ser\u00e1 prior claustral, y se encargar\u00e1n de decir, cantar y celebrar el servicio divino cada d\u00eda, ofrecerles ornamentos, c\u00e1lices el presente a\u00f1o de esta\u00f1o, y el segundo que comienza el primero de enero de 1612 de plata, con la cruz y todo lo necesario para celebrar la misa y otros oficios divinos; alojarlos, alimentarlos y mantenerlos honestamente seg\u00fan su vocaci\u00f3n, restablecer la justicia, poner all\u00ed suficientes y buenos cat\u00f3licos como oficiales para que ejerzan el cargo con fidelidad, pagar los costes de los oficiales, pagar tambi\u00e9n todos los diezmos y antiguas cargas de dicha abad\u00eda, garantizar al propietario durante ese tiempo de las reparaciones grandes y menudas que haya que hacer en los edificios y hacer labrar y cultivar las tierras debidamente, a su debido tiempo y saz\u00f3n, sin perjudicarlas en nada; amueblar las casas, dotar las fincas y llevar las bestias y dem\u00e1s cosas necesarias para labrar las tierras y todo cuanto pueda servir a la finca, limpiar y cuidar los prados, cortar la le\u00f1a a su debido tiempo seg\u00fan las ordenanzas, recibir y cobrar los subarriendos de las casas que dependen de ella y los dem\u00e1s derechos particulares de la abad\u00eda, portarse con todos como un buen padre de familia, sin poder trasladar a otras personas sus derechos de alquiler sin permiso del propietario y no podr\u00e1 el arrendatario pedir ni exigir ninguna disminuci\u00f3n o rebaja de alquiler por guerra, peste, hambre ni dem\u00e1s accidentes. El arrendatario cumplir\u00e1 debidamente con todas estas obligaciones ante el propietario y \u00e9ste a su vez se compromete a no aumentar el precio del alquiler por ninguna consideraci\u00f3n que sea.<\/p>\n<p>A todo ello estuvo presente el distinguido se\u00f1or Vicente de Pa\u00fal, sacerdote, capell\u00e1n de la reina Margarita, duquesa de Valois, natural de la parroquia de Pouy, di\u00f3cesis de Dax en Guyena, actualmente residente en la ciudad de Par\u00eds, calle de Sayne en la casa que tiene como distintivo la imagen de San Nicol\u00e1s, que se ha constituido y constituye en aval y responsable del arrendatario, prometiendo con \u00e9l, uno por el otro y cada uno de ellos por todo, sin disminuci\u00f3n ni discusi\u00f3n en los beneficios de divisi\u00f3n, orden y derecho de discusi\u00f3n, pagar dicho alquiler y cumplir con todas y cada una de las cargas, cl\u00e1usulas y condiciones del presente contrato, lo mismo que si fuera el arrendatario principal.<\/p>\n<p>Y para la ejecuci\u00f3n de las presentes, dichas partes han elegido y eligen su domicilio irrevocable, a saber, dicho se\u00f1or arzobispo en la casa del maestro Antonio de la Loire, procurador en el parlamento y residente en la calle Quincapoix, y los se\u00f1ores arrendatarios en la casa del maestro Juan de la Tanne, tesorero de la ciudad de Par\u00eds y domiciliado en la casa de la Moneda, en cuyo lugar desean, consienten y aceptan que se presenten, como si se tratara de sus propias personas y domicilios, todos los mandamientos, intimaciones, significaciones y dem\u00e1s acciones de justicia que se hagan y puedan hacerse por raz\u00f3n del contenido de las presentes y lo relacionado con ellas, tanto en causa principal como en apelaci\u00f3n.<\/p>\n<p>Siendo as\u00ed&#8230; prometiendo&#8230;, obligando cada uno en su derecho&#8230; el arrendatario y su aval&#8230;, uno por todo y cada uno de ellos por el otro sin divisi\u00f3n ni discusi\u00f3n, por una parte, y por otra el propietario de dicho beneficio&#8230;<\/p>\n<p>Hecho y pasado en la casa donde se aloja el se\u00f1or arzobispo susodicho, el viernes por la tarde, 14 de mayo de 1610. Y firman a continuaci\u00f3n,<\/p>\n<p>PABLO arzobispo de Aix,<\/p>\n<p>VICENTE DEPAUL<\/p>\n<p>ARNALDO DOZIET MOTELET GRUNDRYE<\/p>\n","protected":false},"excerpt":{"rendered":"<p>14 mayo 1610 Se presenta personalmente el reverendo se\u00f1or Pablo Hurault de l&#8217;Hospital, arzobispo de Aix y abad de la abad\u00eda de San Leonardo de Chaume, de la orden del C\u00edster, en la di\u00f3cesis de &#8230; <a href=\"http:\/\/vincentians.com\/es\/vicente-de-paul-documento-009-san-vicente-toma-en-arriendo-la-abadia-de-san-leonardo-de-chaume\/\" class=\"more-link\">Read More<\/a><\/p>\n","protected":false},"author":4,"featured_media":393753,"comment_status":"open","ping_status":"open","sticky":false,"template":"","format":"standard","meta":{"jetpack_post_was_ever_published":false,"_jetpack_newsletter_access":"","_jetpack_dont_email_post_to_subs":false,"_jetpack_newsletter_tier_id":0,"_jetpack_memberships_contains_paywalled_content":false,"_jetpack_memberships_contains_paid_content":false,"footnotes":"","jetpack_publicize_message":"","jetpack_publicize_feature_enabled":true,"jetpack_social_post_already_shared":true,"jetpack_social_options":{"image_generator_settings":{"template":"highway","default_image_id":0,"font":"","enabled":false},"version":2}},"categories":[65],"tags":[186,187,117,179,188,140],"class_list":["post-3613","post","type-post","status-publish","format-standard","has-post-thumbnail","hentry","category-escritos-de-vicente-de-paul","tag-abadia-de-san-leonardo","tag-pablo-hurault","tag-pouy","tag-reina-margarita","tag-san-leonardo","tag-san-sulpicio"],"yoast_head":"<!-- This site is optimized with the Yoast SEO plugin v26.3 - https:\/\/yoast.com\/wordpress\/plugins\/seo\/ -->\n<title>Vicente de Pa\u00fal, Documento 009: San Vicente Toma En Arriendo La Abadia De San Leonardo De Chaume - Somos Vicencianos<\/title>\n<meta name=\"robots\" content=\"index, follow, max-snippet:-1, max-image-preview:large, max-video-preview:-1\" \/>\n<link rel=\"canonical\" href=\"http:\/\/vincentians.com\/es\/vicente-de-paul-documento-009-san-vicente-toma-en-arriendo-la-abadia-de-san-leonardo-de-chaume\/\" \/>\n<meta property=\"og:locale\" content=\"es_ES\" \/>\n<meta property=\"og:type\" content=\"article\" \/>\n<meta property=\"og:title\" content=\"Vicente de Pa\u00fal, Documento 009: San Vicente Toma En Arriendo La Abadia De San Leonardo De Chaume - Somos Vicencianos\" \/>\n<meta property=\"og:description\" content=\"14 mayo 1610 Se presenta personalmente el reverendo se\u00f1or Pablo Hurault de l&#8217;Hospital, arzobispo de Aix y abad de la abad\u00eda de San Leonardo de Chaume, de la orden del C\u00edster, en la di\u00f3cesis de ... Read More\" \/>\n<meta property=\"og:url\" content=\"http:\/\/vincentians.com\/es\/vicente-de-paul-documento-009-san-vicente-toma-en-arriendo-la-abadia-de-san-leonardo-de-chaume\/\" \/>\n<meta property=\"og:site_name\" content=\"Somos Vicencianos\" \/>\n<meta property=\"article:publisher\" content=\"https:\/\/www.facebook.com\/WeAreVincentians\/\" \/>\n<meta property=\"article:author\" content=\"https:\/\/www.facebook.com\/JavierChento\" \/>\n<meta property=\"article:published_time\" content=\"2009-12-16T12:40:46+00:00\" \/>\n<meta property=\"article:modified_time\" content=\"2016-07-26T17:51:16+00:00\" \/>\n<meta property=\"og:image\" content=\"https:\/\/i0.wp.com\/vincentians.com\/es\/wp-content\/uploads\/sites\/11\/2016\/07\/escritos-vicente-de-paul.jpg?fit=1200%2C630\" \/>\n\t<meta property=\"og:image:width\" content=\"1200\" \/>\n\t<meta property=\"og:image:height\" content=\"630\" \/>\n\t<meta property=\"og:image:type\" content=\"image\/jpeg\" \/>\n<meta name=\"author\" content=\"Francisco Javier Fern\u00e1ndez Chento\" \/>\n<meta name=\"twitter:card\" content=\"summary_large_image\" \/>\n<meta name=\"twitter:creator\" content=\"@https:\/\/twitter.com\/javierchento\" \/>\n<meta name=\"twitter:site\" content=\"@WeVincentians\" \/>\n<meta name=\"twitter:label1\" content=\"Escrito por\" \/>\n\t<meta name=\"twitter:data1\" content=\"Francisco Javier Fern\u00e1ndez Chento\" \/>\n\t<meta name=\"twitter:label2\" content=\"Tiempo de lectura\" \/>\n\t<meta name=\"twitter:data2\" content=\"5 minutos\" \/>\n<script type=\"application\/ld+json\" class=\"yoast-schema-graph\">{\"@context\":\"https:\/\/schema.org\",\"@graph\":[{\"@type\":\"Article\",\"@id\":\"http:\/\/vincentians.com\/es\/vicente-de-paul-documento-009-san-vicente-toma-en-arriendo-la-abadia-de-san-leonardo-de-chaume\/#article\",\"isPartOf\":{\"@id\":\"http:\/\/vincentians.com\/es\/vicente-de-paul-documento-009-san-vicente-toma-en-arriendo-la-abadia-de-san-leonardo-de-chaume\/\"},\"author\":{\"name\":\"Francisco Javier Fern\u00e1ndez Chento\",\"@id\":\"https:\/\/vincentians.com\/es\/#\/schema\/person\/9623ef4d9aa3b2dfb8c061f1499288f2\"},\"headline\":\"Vicente de Pa\u00fal, Documento 009: San Vicente Toma En Arriendo La Abadia De San Leonardo De Chaume\",\"datePublished\":\"2009-12-16T12:40:46+00:00\",\"dateModified\":\"2016-07-26T17:51:16+00:00\",\"mainEntityOfPage\":{\"@id\":\"http:\/\/vincentians.com\/es\/vicente-de-paul-documento-009-san-vicente-toma-en-arriendo-la-abadia-de-san-leonardo-de-chaume\/\"},\"wordCount\":987,\"commentCount\":0,\"publisher\":{\"@id\":\"https:\/\/vincentians.com\/es\/#organization\"},\"image\":{\"@id\":\"http:\/\/vincentians.com\/es\/vicente-de-paul-documento-009-san-vicente-toma-en-arriendo-la-abadia-de-san-leonardo-de-chaume\/#primaryimage\"},\"thumbnailUrl\":\"https:\/\/i0.wp.com\/vincentians.com\/es\/wp-content\/uploads\/sites\/11\/2016\/07\/escritos-vicente-de-paul.jpg?fit=1200%2C630\",\"keywords\":[\"Abad\u00eda de San Leonardo\",\"Pablo Hurault\",\"Pouy\",\"Reina Margarita\",\"San Leonardo\",\"San Sulpicio\"],\"articleSection\":[\"Escritos de Vicente de Pa\u00fal\"],\"inLanguage\":\"es\",\"potentialAction\":[{\"@type\":\"CommentAction\",\"name\":\"Comment\",\"target\":[\"http:\/\/vincentians.com\/es\/vicente-de-paul-documento-009-san-vicente-toma-en-arriendo-la-abadia-de-san-leonardo-de-chaume\/#respond\"]}]},{\"@type\":\"WebPage\",\"@id\":\"http:\/\/vincentians.com\/es\/vicente-de-paul-documento-009-san-vicente-toma-en-arriendo-la-abadia-de-san-leonardo-de-chaume\/\",\"url\":\"http:\/\/vincentians.com\/es\/vicente-de-paul-documento-009-san-vicente-toma-en-arriendo-la-abadia-de-san-leonardo-de-chaume\/\",\"name\":\"Vicente de Pa\u00fal, Documento 009: San Vicente Toma En Arriendo La Abadia De San Leonardo De Chaume - Somos Vicencianos\",\"isPartOf\":{\"@id\":\"https:\/\/vincentians.com\/es\/#website\"},\"primaryImageOfPage\":{\"@id\":\"http:\/\/vincentians.com\/es\/vicente-de-paul-documento-009-san-vicente-toma-en-arriendo-la-abadia-de-san-leonardo-de-chaume\/#primaryimage\"},\"image\":{\"@id\":\"http:\/\/vincentians.com\/es\/vicente-de-paul-documento-009-san-vicente-toma-en-arriendo-la-abadia-de-san-leonardo-de-chaume\/#primaryimage\"},\"thumbnailUrl\":\"https:\/\/i0.wp.com\/vincentians.com\/es\/wp-content\/uploads\/sites\/11\/2016\/07\/escritos-vicente-de-paul.jpg?fit=1200%2C630\",\"datePublished\":\"2009-12-16T12:40:46+00:00\",\"dateModified\":\"2016-07-26T17:51:16+00:00\",\"breadcrumb\":{\"@id\":\"http:\/\/vincentians.com\/es\/vicente-de-paul-documento-009-san-vicente-toma-en-arriendo-la-abadia-de-san-leonardo-de-chaume\/#breadcrumb\"},\"inLanguage\":\"es\",\"potentialAction\":[{\"@type\":\"ReadAction\",\"target\":[\"http:\/\/vincentians.com\/es\/vicente-de-paul-documento-009-san-vicente-toma-en-arriendo-la-abadia-de-san-leonardo-de-chaume\/\"]}]},{\"@type\":\"ImageObject\",\"inLanguage\":\"es\",\"@id\":\"http:\/\/vincentians.com\/es\/vicente-de-paul-documento-009-san-vicente-toma-en-arriendo-la-abadia-de-san-leonardo-de-chaume\/#primaryimage\",\"url\":\"https:\/\/i0.wp.com\/vincentians.com\/es\/wp-content\/uploads\/sites\/11\/2016\/07\/escritos-vicente-de-paul.jpg?fit=1200%2C630\",\"contentUrl\":\"https:\/\/i0.wp.com\/vincentians.com\/es\/wp-content\/uploads\/sites\/11\/2016\/07\/escritos-vicente-de-paul.jpg?fit=1200%2C630\",\"width\":1200,\"height\":630},{\"@type\":\"BreadcrumbList\",\"@id\":\"http:\/\/vincentians.com\/es\/vicente-de-paul-documento-009-san-vicente-toma-en-arriendo-la-abadia-de-san-leonardo-de-chaume\/#breadcrumb\",\"itemListElement\":[{\"@type\":\"ListItem\",\"position\":1,\"name\":\"Portada\",\"item\":\"https:\/\/vincentians.com\/es\/\"},{\"@type\":\"ListItem\",\"position\":2,\"name\":\"Vicente de Pa\u00fal, Documento 009: San Vicente Toma En Arriendo La Abadia De San Leonardo De Chaume\"}]},{\"@type\":\"WebSite\",\"@id\":\"https:\/\/vincentians.com\/es\/#website\",\"url\":\"https:\/\/vincentians.com\/es\/\",\"name\":\"Somos Vicencianos\",\"description\":\"Know more to serve more\",\"publisher\":{\"@id\":\"https:\/\/vincentians.com\/es\/#organization\"},\"potentialAction\":[{\"@type\":\"SearchAction\",\"target\":{\"@type\":\"EntryPoint\",\"urlTemplate\":\"https:\/\/vincentians.com\/es\/?s={search_term_string}\"},\"query-input\":{\"@type\":\"PropertyValueSpecification\",\"valueRequired\":true,\"valueName\":\"search_term_string\"}}],\"inLanguage\":\"es\"},{\"@type\":\"Organization\",\"@id\":\"https:\/\/vincentians.com\/es\/#organization\",\"name\":\"The Vincentian Network\",\"url\":\"https:\/\/vincentians.com\/es\/\",\"logo\":{\"@type\":\"ImageObject\",\"inLanguage\":\"es\",\"@id\":\"https:\/\/vincentians.com\/es\/#\/schema\/logo\/image\/\",\"url\":\"https:\/\/i1.wp.com\/vincentians.com\/es\/wp-content\/uploads\/sites\/11\/2016\/06\/Vincentian-Network-logo-big.png?fit=778%2C778\",\"contentUrl\":\"https:\/\/i1.wp.com\/vincentians.com\/es\/wp-content\/uploads\/sites\/11\/2016\/06\/Vincentian-Network-logo-big.png?fit=778%2C778\",\"width\":778,\"height\":778,\"caption\":\"The Vincentian Network\"},\"image\":{\"@id\":\"https:\/\/vincentians.com\/es\/#\/schema\/logo\/image\/\"},\"sameAs\":[\"https:\/\/www.facebook.com\/WeAreVincentians\/\",\"https:\/\/x.com\/WeVincentians\"]},{\"@type\":\"Person\",\"@id\":\"https:\/\/vincentians.com\/es\/#\/schema\/person\/9623ef4d9aa3b2dfb8c061f1499288f2\",\"name\":\"Francisco Javier Fern\u00e1ndez Chento\",\"image\":{\"@type\":\"ImageObject\",\"inLanguage\":\"es\",\"@id\":\"https:\/\/vincentians.com\/es\/#\/schema\/person\/image\/\",\"url\":\"https:\/\/secure.gravatar.com\/avatar\/497d5cde87b4c3d097d0315953521681ba2cd523ee66e5077c3711f7021e65de?s=96&d=mm&r=g\",\"contentUrl\":\"https:\/\/secure.gravatar.com\/avatar\/497d5cde87b4c3d097d0315953521681ba2cd523ee66e5077c3711f7021e65de?s=96&d=mm&r=g\",\"caption\":\"Francisco Javier Fern\u00e1ndez Chento\"},\"description\":\"Director General y cofundador de La Red de Formaci\u00f3n Vicenciana. Javier es laico vicenciano, afiliado a la Congregaci\u00f3n de la Misi\u00f3n y miembro del Equipo de Misiones Populares de la provincia can\u00f3nica de Zaragoza (Espa\u00f1a) de la Congregaci\u00f3n de la Misi\u00f3n. Graduado en la Universidad Oberta de Catalunya con cuatro grados (Asistente de direcci\u00f3n, Gesti\u00f3n Administrativa, Recursos Humanos y Contabilidad Avanzada). Bil\u00edng\u00fce Espa\u00f1ol\/Ingl\u00e9s. gestiona y mantiene varias p\u00e1ginas web cristianas y vicencianas, incluida including La Red de Formaci\u00f3n Vicenciana, de la que es cofundador. Actualmente es responsable del \u00e1rea de Espa\u00f1ol de .famvin, la Red de Noticias de la Familia Vicenciana. Tambi\u00e9n es m\u00fasico cat\u00f3lico y ha editado varios discos. Es Director General y cofundador de Trovador, una reconocida compa\u00f1\u00eda discogr\u00e1fica critiana de Espa\u00f1a. Trabaja en las Tecnolog\u00edas de la Informaci\u00f3n, ofreciendo servicios de alojamiento, dise\u00f1o y mantenimiento Web, as\u00ed como asesoramiento, formaci\u00f3n y soluciones inform\u00e1ticas, gesti\u00f3n documental y digitalizaci\u00f3n de textos, edici\u00f3n y maquetaci\u00f3n de libros, revistas, flyers, etc.\",\"sameAs\":[\"http:\/\/chento.org\",\"https:\/\/www.facebook.com\/JavierChento\",\"https:\/\/x.com\/https:\/\/twitter.com\/javierchento\"],\"url\":\"http:\/\/vincentians.com\/es\/author\/chento\/\"}]}<\/script>\n<!-- \/ Yoast SEO plugin. -->","yoast_head_json":{"title":"Vicente de Pa\u00fal, Documento 009: San Vicente Toma En Arriendo La Abadia De San Leonardo De Chaume - Somos Vicencianos","robots":{"index":"index","follow":"follow","max-snippet":"max-snippet:-1","max-image-preview":"max-image-preview:large","max-video-preview":"max-video-preview:-1"},"canonical":"http:\/\/vincentians.com\/es\/vicente-de-paul-documento-009-san-vicente-toma-en-arriendo-la-abadia-de-san-leonardo-de-chaume\/","og_locale":"es_ES","og_type":"article","og_title":"Vicente de Pa\u00fal, Documento 009: San Vicente Toma En Arriendo La Abadia De San Leonardo De Chaume - Somos Vicencianos","og_description":"14 mayo 1610 Se presenta personalmente el reverendo se\u00f1or Pablo Hurault de l&#8217;Hospital, arzobispo de Aix y abad de la abad\u00eda de San Leonardo de Chaume, de la orden del C\u00edster, en la di\u00f3cesis de ... Read More","og_url":"http:\/\/vincentians.com\/es\/vicente-de-paul-documento-009-san-vicente-toma-en-arriendo-la-abadia-de-san-leonardo-de-chaume\/","og_site_name":"Somos Vicencianos","article_publisher":"https:\/\/www.facebook.com\/WeAreVincentians\/","article_author":"https:\/\/www.facebook.com\/JavierChento","article_published_time":"2009-12-16T12:40:46+00:00","article_modified_time":"2016-07-26T17:51:16+00:00","og_image":[{"width":1200,"height":630,"url":"https:\/\/i0.wp.com\/vincentians.com\/es\/wp-content\/uploads\/sites\/11\/2016\/07\/escritos-vicente-de-paul.jpg?fit=1200%2C630","type":"image\/jpeg"}],"author":"Francisco Javier Fern\u00e1ndez Chento","twitter_card":"summary_large_image","twitter_creator":"@https:\/\/twitter.com\/javierchento","twitter_site":"@WeVincentians","twitter_misc":{"Escrito por":"Francisco Javier Fern\u00e1ndez Chento","Tiempo de lectura":"5 minutos"},"schema":{"@context":"https:\/\/schema.org","@graph":[{"@type":"Article","@id":"http:\/\/vincentians.com\/es\/vicente-de-paul-documento-009-san-vicente-toma-en-arriendo-la-abadia-de-san-leonardo-de-chaume\/#article","isPartOf":{"@id":"http:\/\/vincentians.com\/es\/vicente-de-paul-documento-009-san-vicente-toma-en-arriendo-la-abadia-de-san-leonardo-de-chaume\/"},"author":{"name":"Francisco Javier Fern\u00e1ndez Chento","@id":"https:\/\/vincentians.com\/es\/#\/schema\/person\/9623ef4d9aa3b2dfb8c061f1499288f2"},"headline":"Vicente de Pa\u00fal, Documento 009: San Vicente Toma En Arriendo La Abadia De San Leonardo De Chaume","datePublished":"2009-12-16T12:40:46+00:00","dateModified":"2016-07-26T17:51:16+00:00","mainEntityOfPage":{"@id":"http:\/\/vincentians.com\/es\/vicente-de-paul-documento-009-san-vicente-toma-en-arriendo-la-abadia-de-san-leonardo-de-chaume\/"},"wordCount":987,"commentCount":0,"publisher":{"@id":"https:\/\/vincentians.com\/es\/#organization"},"image":{"@id":"http:\/\/vincentians.com\/es\/vicente-de-paul-documento-009-san-vicente-toma-en-arriendo-la-abadia-de-san-leonardo-de-chaume\/#primaryimage"},"thumbnailUrl":"https:\/\/i0.wp.com\/vincentians.com\/es\/wp-content\/uploads\/sites\/11\/2016\/07\/escritos-vicente-de-paul.jpg?fit=1200%2C630","keywords":["Abad\u00eda de San Leonardo","Pablo Hurault","Pouy","Reina Margarita","San Leonardo","San Sulpicio"],"articleSection":["Escritos de Vicente de Pa\u00fal"],"inLanguage":"es","potentialAction":[{"@type":"CommentAction","name":"Comment","target":["http:\/\/vincentians.com\/es\/vicente-de-paul-documento-009-san-vicente-toma-en-arriendo-la-abadia-de-san-leonardo-de-chaume\/#respond"]}]},{"@type":"WebPage","@id":"http:\/\/vincentians.com\/es\/vicente-de-paul-documento-009-san-vicente-toma-en-arriendo-la-abadia-de-san-leonardo-de-chaume\/","url":"http:\/\/vincentians.com\/es\/vicente-de-paul-documento-009-san-vicente-toma-en-arriendo-la-abadia-de-san-leonardo-de-chaume\/","name":"Vicente de Pa\u00fal, Documento 009: San Vicente Toma En Arriendo La Abadia De San Leonardo De Chaume - Somos Vicencianos","isPartOf":{"@id":"https:\/\/vincentians.com\/es\/#website"},"primaryImageOfPage":{"@id":"http:\/\/vincentians.com\/es\/vicente-de-paul-documento-009-san-vicente-toma-en-arriendo-la-abadia-de-san-leonardo-de-chaume\/#primaryimage"},"image":{"@id":"http:\/\/vincentians.com\/es\/vicente-de-paul-documento-009-san-vicente-toma-en-arriendo-la-abadia-de-san-leonardo-de-chaume\/#primaryimage"},"thumbnailUrl":"https:\/\/i0.wp.com\/vincentians.com\/es\/wp-content\/uploads\/sites\/11\/2016\/07\/escritos-vicente-de-paul.jpg?fit=1200%2C630","datePublished":"2009-12-16T12:40:46+00:00","dateModified":"2016-07-26T17:51:16+00:00","breadcrumb":{"@id":"http:\/\/vincentians.com\/es\/vicente-de-paul-documento-009-san-vicente-toma-en-arriendo-la-abadia-de-san-leonardo-de-chaume\/#breadcrumb"},"inLanguage":"es","potentialAction":[{"@type":"ReadAction","target":["http:\/\/vincentians.com\/es\/vicente-de-paul-documento-009-san-vicente-toma-en-arriendo-la-abadia-de-san-leonardo-de-chaume\/"]}]},{"@type":"ImageObject","inLanguage":"es","@id":"http:\/\/vincentians.com\/es\/vicente-de-paul-documento-009-san-vicente-toma-en-arriendo-la-abadia-de-san-leonardo-de-chaume\/#primaryimage","url":"https:\/\/i0.wp.com\/vincentians.com\/es\/wp-content\/uploads\/sites\/11\/2016\/07\/escritos-vicente-de-paul.jpg?fit=1200%2C630","contentUrl":"https:\/\/i0.wp.com\/vincentians.com\/es\/wp-content\/uploads\/sites\/11\/2016\/07\/escritos-vicente-de-paul.jpg?fit=1200%2C630","width":1200,"height":630},{"@type":"BreadcrumbList","@id":"http:\/\/vincentians.com\/es\/vicente-de-paul-documento-009-san-vicente-toma-en-arriendo-la-abadia-de-san-leonardo-de-chaume\/#breadcrumb","itemListElement":[{"@type":"ListItem","position":1,"name":"Portada","item":"https:\/\/vincentians.com\/es\/"},{"@type":"ListItem","position":2,"name":"Vicente de Pa\u00fal, Documento 009: San Vicente Toma En Arriendo La Abadia De San Leonardo De Chaume"}]},{"@type":"WebSite","@id":"https:\/\/vincentians.com\/es\/#website","url":"https:\/\/vincentians.com\/es\/","name":"Somos Vicencianos","description":"Know more to serve more","publisher":{"@id":"https:\/\/vincentians.com\/es\/#organization"},"potentialAction":[{"@type":"SearchAction","target":{"@type":"EntryPoint","urlTemplate":"https:\/\/vincentians.com\/es\/?s={search_term_string}"},"query-input":{"@type":"PropertyValueSpecification","valueRequired":true,"valueName":"search_term_string"}}],"inLanguage":"es"},{"@type":"Organization","@id":"https:\/\/vincentians.com\/es\/#organization","name":"The Vincentian Network","url":"https:\/\/vincentians.com\/es\/","logo":{"@type":"ImageObject","inLanguage":"es","@id":"https:\/\/vincentians.com\/es\/#\/schema\/logo\/image\/","url":"https:\/\/i1.wp.com\/vincentians.com\/es\/wp-content\/uploads\/sites\/11\/2016\/06\/Vincentian-Network-logo-big.png?fit=778%2C778","contentUrl":"https:\/\/i1.wp.com\/vincentians.com\/es\/wp-content\/uploads\/sites\/11\/2016\/06\/Vincentian-Network-logo-big.png?fit=778%2C778","width":778,"height":778,"caption":"The Vincentian Network"},"image":{"@id":"https:\/\/vincentians.com\/es\/#\/schema\/logo\/image\/"},"sameAs":["https:\/\/www.facebook.com\/WeAreVincentians\/","https:\/\/x.com\/WeVincentians"]},{"@type":"Person","@id":"https:\/\/vincentians.com\/es\/#\/schema\/person\/9623ef4d9aa3b2dfb8c061f1499288f2","name":"Francisco Javier Fern\u00e1ndez Chento","image":{"@type":"ImageObject","inLanguage":"es","@id":"https:\/\/vincentians.com\/es\/#\/schema\/person\/image\/","url":"https:\/\/secure.gravatar.com\/avatar\/497d5cde87b4c3d097d0315953521681ba2cd523ee66e5077c3711f7021e65de?s=96&d=mm&r=g","contentUrl":"https:\/\/secure.gravatar.com\/avatar\/497d5cde87b4c3d097d0315953521681ba2cd523ee66e5077c3711f7021e65de?s=96&d=mm&r=g","caption":"Francisco Javier Fern\u00e1ndez Chento"},"description":"Director General y cofundador de La Red de Formaci\u00f3n Vicenciana. Javier es laico vicenciano, afiliado a la Congregaci\u00f3n de la Misi\u00f3n y miembro del Equipo de Misiones Populares de la provincia can\u00f3nica de Zaragoza (Espa\u00f1a) de la Congregaci\u00f3n de la Misi\u00f3n. Graduado en la Universidad Oberta de Catalunya con cuatro grados (Asistente de direcci\u00f3n, Gesti\u00f3n Administrativa, Recursos Humanos y Contabilidad Avanzada). Bil\u00edng\u00fce Espa\u00f1ol\/Ingl\u00e9s. gestiona y mantiene varias p\u00e1ginas web cristianas y vicencianas, incluida including La Red de Formaci\u00f3n Vicenciana, de la que es cofundador. Actualmente es responsable del \u00e1rea de Espa\u00f1ol de .famvin, la Red de Noticias de la Familia Vicenciana. Tambi\u00e9n es m\u00fasico cat\u00f3lico y ha editado varios discos. Es Director General y cofundador de Trovador, una reconocida compa\u00f1\u00eda discogr\u00e1fica critiana de Espa\u00f1a. Trabaja en las Tecnolog\u00edas de la Informaci\u00f3n, ofreciendo servicios de alojamiento, dise\u00f1o y mantenimiento Web, as\u00ed como asesoramiento, formaci\u00f3n y soluciones inform\u00e1ticas, gesti\u00f3n documental y digitalizaci\u00f3n de textos, edici\u00f3n y maquetaci\u00f3n de libros, revistas, flyers, etc.","sameAs":["http:\/\/chento.org","https:\/\/www.facebook.com\/JavierChento","https:\/\/x.com\/https:\/\/twitter.com\/javierchento"],"url":"http:\/\/vincentians.com\/es\/author\/chento\/"}]}},"jetpack_publicize_connections":[],"jetpack_featured_media_url":"https:\/\/i0.wp.com\/vincentians.com\/es\/wp-content\/uploads\/sites\/11\/2016\/07\/escritos-vicente-de-paul.jpg?fit=1200%2C630","jetpack_sharing_enabled":true,"jetpack_shortlink":"https:\/\/wp.me\/p7ETMF-Wh","jetpack-related-posts":[{"id":3614,"url":"http:\/\/vincentians.com\/es\/vicente-de-paul-documento-010-resignacion-de-la-abadia-de-san-leonardo-de-chaume-en-favor-de-san-vicente\/","url_meta":{"origin":3613,"position":0},"title":"Vicente de Pa\u00fal, Documento 010: Resignaci\u00f3n De La Abad\u00eda De San Leonardo De Chaume En Favor De San Vicente","author":"Francisco Javier Fern\u00e1ndez Chento","date":"17\/12\/2009","format":false,"excerpt":"17 mayo 1610 El que suscribe, arzobispo de Aix, consejero del rey en su consejo de estado, manifiesta que ha prometido y promete al se\u00f1or Vicente de Pa\u00fal, consejero y capell\u00e1n de la reina Margarita, duquesa de Valois, resignar en su favor la abad\u00eda de San Leonardo de Chaume, de\u2026","rel":"","context":"En \u00abEscritos de Vicente de Pa\u00fal\u00bb","block_context":{"text":"Escritos de Vicente de Pa\u00fal","link":"http:\/\/vincentians.com\/es\/category\/escritos\/escritos-de-vicente-de-paul\/"},"img":{"alt_text":"","src":"https:\/\/i0.wp.com\/vincentians.com\/es\/wp-content\/uploads\/sites\/11\/2016\/07\/escritos-vicente-de-paul.jpg?fit=1200%2C630&resize=350%2C200","width":350,"height":200,"srcset":"https:\/\/i0.wp.com\/vincentians.com\/es\/wp-content\/uploads\/sites\/11\/2016\/07\/escritos-vicente-de-paul.jpg?fit=1200%2C630&resize=350%2C200 1x, https:\/\/i0.wp.com\/vincentians.com\/es\/wp-content\/uploads\/sites\/11\/2016\/07\/escritos-vicente-de-paul.jpg?fit=1200%2C630&resize=525%2C300 1.5x, https:\/\/i0.wp.com\/vincentians.com\/es\/wp-content\/uploads\/sites\/11\/2016\/07\/escritos-vicente-de-paul.jpg?fit=1200%2C630&resize=700%2C400 2x, https:\/\/i0.wp.com\/vincentians.com\/es\/wp-content\/uploads\/sites\/11\/2016\/07\/escritos-vicente-de-paul.jpg?fit=1200%2C630&resize=1050%2C600 3x"},"classes":[]},{"id":3632,"url":"http:\/\/vincentians.com\/es\/vicente-de-paul-documento-011-monsenor-paul-hurault-de-lhospital-y-el-senor-vicente-de-paul\/","url_meta":{"origin":3613,"position":1},"title":"Vicente de Pa\u00fal, Documento 011: Monse\u00f1or Paul Hurault De L&#8217;hospital Y El Se\u00f1or Vicente De Paul","author":"Francisco Javier Fern\u00e1ndez Chento","date":"18\/12\/2009","format":false,"excerpt":"28 mayo 1611 Asisti\u00f3 en persona el Reverendo Padre en Dios Se\u00f1or Paul Hurault de l'Hospital, arzobispo de Aix, miembro del Consejo de Estado del Rey, residente en Par\u00eds, place de Gr\u00c8ve, parroquia de San Juan, quien en ejecuci\u00f3n de la donaci\u00f3n y trasferencia anteriormente hecha por \u00e9l al Se\u00f1or\u2026","rel":"","context":"En \u00abEscritos de Vicente de Pa\u00fal\u00bb","block_context":{"text":"Escritos de Vicente de Pa\u00fal","link":"http:\/\/vincentians.com\/es\/category\/escritos\/escritos-de-vicente-de-paul\/"},"img":{"alt_text":"","src":"https:\/\/i0.wp.com\/vincentians.com\/es\/wp-content\/uploads\/sites\/11\/2016\/07\/escritos-vicente-de-paul.jpg?fit=1200%2C630&resize=350%2C200","width":350,"height":200,"srcset":"https:\/\/i0.wp.com\/vincentians.com\/es\/wp-content\/uploads\/sites\/11\/2016\/07\/escritos-vicente-de-paul.jpg?fit=1200%2C630&resize=350%2C200 1x, https:\/\/i0.wp.com\/vincentians.com\/es\/wp-content\/uploads\/sites\/11\/2016\/07\/escritos-vicente-de-paul.jpg?fit=1200%2C630&resize=525%2C300 1.5x, https:\/\/i0.wp.com\/vincentians.com\/es\/wp-content\/uploads\/sites\/11\/2016\/07\/escritos-vicente-de-paul.jpg?fit=1200%2C630&resize=700%2C400 2x, https:\/\/i0.wp.com\/vincentians.com\/es\/wp-content\/uploads\/sites\/11\/2016\/07\/escritos-vicente-de-paul.jpg?fit=1200%2C630&resize=1050%2C600 3x"},"classes":[]},{"id":22400,"url":"http:\/\/vincentians.com\/es\/tal-dia-como-hoy-17-de-mayo\/","url_meta":{"origin":3613,"position":2},"title":"Tal d\u00eda como hoy: 17 de mayo","author":"Francisco Javier Fern\u00e1ndez Chento","date":"17\/05\/2017","format":false,"excerpt":"1610. En Par\u00eds, Vicente de Pa\u00fal, que desde hace poco es capell\u00e1n de la Reina Margarita, recibe un beneficio que piensa que le sacar\u00e1 de la escasez. El Arzobispo de Aix, Hurault de l'H\u00f4pital, le cede la abad\u00eda de San Leonardo de Chaumes, en la di\u00f3cesis de Saintes. Sobre el\u2026","rel":"","context":"En \u00abEfem\u00e9rides Vicencianas\u00bb","block_context":{"text":"Efem\u00e9rides Vicencianas","link":"http:\/\/vincentians.com\/es\/category\/historia-de-la-familia-vicenciana\/efemerides-vicencianas\/"},"img":{"alt_text":"","src":"https:\/\/i0.wp.com\/vincentians.com\/es\/wp-content\/uploads\/sites\/11\/2016\/07\/ephemerides-fb.jpg?fit=1200%2C630&resize=350%2C200","width":350,"height":200,"srcset":"https:\/\/i0.wp.com\/vincentians.com\/es\/wp-content\/uploads\/sites\/11\/2016\/07\/ephemerides-fb.jpg?fit=1200%2C630&resize=350%2C200 1x, https:\/\/i0.wp.com\/vincentians.com\/es\/wp-content\/uploads\/sites\/11\/2016\/07\/ephemerides-fb.jpg?fit=1200%2C630&resize=525%2C300 1.5x, https:\/\/i0.wp.com\/vincentians.com\/es\/wp-content\/uploads\/sites\/11\/2016\/07\/ephemerides-fb.jpg?fit=1200%2C630&resize=700%2C400 2x, https:\/\/i0.wp.com\/vincentians.com\/es\/wp-content\/uploads\/sites\/11\/2016\/07\/ephemerides-fb.jpg?fit=1200%2C630&resize=1050%2C600 3x"},"classes":[]},{"id":131898,"url":"http:\/\/vincentians.com\/es\/el-senor-vicente-relee-su-vida-vi\/","url_meta":{"origin":3613,"position":3},"title":"El se\u00f1or Vicente relee su vida (VI)","author":"Francisco Javier Fern\u00e1ndez Chento","date":"11\/12\/2014","format":false,"excerpt":"Influencias Podr\u00eda tratar de deciros un poco lo que esto me ha supuesto. Hab\u00e9is podido advertir que desde mis comienzos en el mundo he conocido m\u00e1s sinsabores que \u00e9xitos en mis empresas\u2026 Hab\u00eda que tomar conciencia, pero yo mezclaba las vistas insondables de la Providencia de las que habla San\u2026","rel":"","context":"En \u00abVicente de Pa\u00fal\u00bb","block_context":{"text":"Vicente de Pa\u00fal","link":"http:\/\/vincentians.com\/es\/category\/la-familia-vicenciana\/fundadores\/vicente-de-paul\/"},"img":{"alt_text":"corazon","src":"https:\/\/i0.wp.com\/vicencianos.org\/wp-content\/2014\/12\/corazon-289x300.jpg?resize=350%2C200","width":350,"height":200},"classes":[]},{"id":119697,"url":"http:\/\/vincentians.com\/es\/el-senor-vicente-relee-su-vida-influencias\/","url_meta":{"origin":3613,"position":4},"title":"El Se\u00f1or Vicente relee su vida: Influencias","author":"Francisco Javier Fern\u00e1ndez Chento","date":"09\/02\/2022","format":false,"excerpt":"Podr\u00eda tratar de deciros un poco lo que esto me ha supuesto. Hab\u00e9is podido advertir que desde mis comienzos en el mundo he conocido m\u00e1s sinsabores que \u00e9xitos en mis empresas\u2026 Hab\u00eda que tomar conciencia, pero yo mezclaba las vistas insondables de la Providencia de las que habla San Pablo\u2026","rel":"","context":"En \u00abVicente de Pa\u00fal\u00bb","block_context":{"text":"Vicente de Pa\u00fal","link":"http:\/\/vincentians.com\/es\/category\/la-familia-vicenciana\/fundadores\/vicente-de-paul\/"},"img":{"alt_text":"","src":"https:\/\/i0.wp.com\/vincentians.com\/es\/wp-content\/uploads\/sites\/11\/2013\/04\/f-2-scaled.jpg?fit=1200%2C570&resize=350%2C200","width":350,"height":200,"srcset":"https:\/\/i0.wp.com\/vincentians.com\/es\/wp-content\/uploads\/sites\/11\/2013\/04\/f-2-scaled.jpg?fit=1200%2C570&resize=350%2C200 1x, https:\/\/i0.wp.com\/vincentians.com\/es\/wp-content\/uploads\/sites\/11\/2013\/04\/f-2-scaled.jpg?fit=1200%2C570&resize=525%2C300 1.5x, https:\/\/i0.wp.com\/vincentians.com\/es\/wp-content\/uploads\/sites\/11\/2013\/04\/f-2-scaled.jpg?fit=1200%2C570&resize=700%2C400 2x, https:\/\/i0.wp.com\/vincentians.com\/es\/wp-content\/uploads\/sites\/11\/2013\/04\/f-2-scaled.jpg?fit=1200%2C570&resize=1050%2C600 3x"},"classes":[]},{"id":115056,"url":"http:\/\/vincentians.com\/es\/casas-de-las-hijas-de-la-caridad-en-paris-en-tiempos-de-san-vicente-i\/","url_meta":{"origin":3613,"position":5},"title":"Casas de las Hijas de la Caridad en Par\u00eds en tiempos de San Vicente (I)","author":"Mitxel Olabu\u00e9naga","date":"16\/03\/2019","format":false,"excerpt":"1) Parroquias a) San Salvador (II, 482) Fue la primera parroquia de Paris donde se estableci\u00f3, en el a\u00f1o 1629, una Cofrad\u00eda de la Caridad. Historia: En 1248 se construy\u00f3 una iglesia-capilla, en lugar de otra m\u00e1s peque\u00f1a, que era un anexo de la parroquia de San Germ\u00e1n L'Auxerrois y\u2026","rel":"","context":"En \u00abEn tiempos de Vicente de Pa\u00fal\u00bb","block_context":{"text":"En tiempos de Vicente de Pa\u00fal","link":"http:\/\/vincentians.com\/es\/category\/historia-de-la-familia-vicenciana\/en-tiempos-de-vicente-de-paul\/"},"img":{"alt_text":"","src":"https:\/\/i0.wp.com\/vincentians.com\/es\/wp-content\/uploads\/sites\/11\/2016\/08\/con-damas-de-la-caridad.jpg?fit=1200%2C630&resize=350%2C200","width":350,"height":200,"srcset":"https:\/\/i0.wp.com\/vincentians.com\/es\/wp-content\/uploads\/sites\/11\/2016\/08\/con-damas-de-la-caridad.jpg?fit=1200%2C630&resize=350%2C200 1x, https:\/\/i0.wp.com\/vincentians.com\/es\/wp-content\/uploads\/sites\/11\/2016\/08\/con-damas-de-la-caridad.jpg?fit=1200%2C630&resize=525%2C300 1.5x, https:\/\/i0.wp.com\/vincentians.com\/es\/wp-content\/uploads\/sites\/11\/2016\/08\/con-damas-de-la-caridad.jpg?fit=1200%2C630&resize=700%2C400 2x, https:\/\/i0.wp.com\/vincentians.com\/es\/wp-content\/uploads\/sites\/11\/2016\/08\/con-damas-de-la-caridad.jpg?fit=1200%2C630&resize=1050%2C600 3x"},"classes":[]}],"_links":{"self":[{"href":"http:\/\/vincentians.com\/es\/wp-json\/wp\/v2\/posts\/3613","targetHints":{"allow":["GET"]}}],"collection":[{"href":"http:\/\/vincentians.com\/es\/wp-json\/wp\/v2\/posts"}],"about":[{"href":"http:\/\/vincentians.com\/es\/wp-json\/wp\/v2\/types\/post"}],"author":[{"embeddable":true,"href":"http:\/\/vincentians.com\/es\/wp-json\/wp\/v2\/users\/4"}],"replies":[{"embeddable":true,"href":"http:\/\/vincentians.com\/es\/wp-json\/wp\/v2\/comments?post=3613"}],"version-history":[{"count":0,"href":"http:\/\/vincentians.com\/es\/wp-json\/wp\/v2\/posts\/3613\/revisions"}],"wp:featuredmedia":[{"embeddable":true,"href":"http:\/\/vincentians.com\/es\/wp-json\/wp\/v2\/media\/393753"}],"wp:attachment":[{"href":"http:\/\/vincentians.com\/es\/wp-json\/wp\/v2\/media?parent=3613"}],"wp:term":[{"taxonomy":"category","embeddable":true,"href":"http:\/\/vincentians.com\/es\/wp-json\/wp\/v2\/categories?post=3613"},{"taxonomy":"post_tag","embeddable":true,"href":"http:\/\/vincentians.com\/es\/wp-json\/wp\/v2\/tags?post=3613"}],"curies":[{"name":"wp","href":"https:\/\/api.w.org\/{rel}","templated":true}]}}