{"id":35811,"date":"2017-02-01T08:24:11","date_gmt":"2017-02-01T07:24:11","guid":{"rendered":"http:\/\/somos.vicencianos.org\/blog\/2011\/04\/ano-1631\/"},"modified":"2016-12-28T12:02:20","modified_gmt":"2016-12-28T11:02:20","slug":"ano-1631","status":"publish","type":"post","link":"http:\/\/vincentians.com\/es\/ano-1631\/","title":{"rendered":"A\u00f1o 1631"},"content":{"rendered":"<h2><img data-recalc-dims=\"1\" loading=\"lazy\" decoding=\"async\" data-attachment-id=\"399384\" data-permalink=\"http:\/\/vincentians.com\/es\/benito-perez-galdos-y-las-hermanas-de-la-caridad-de-san-vicente-de-paul\/benito-perez-galdos\/\" data-orig-file=\"https:\/\/i0.wp.com\/vincentians.com\/es\/wp-content\/uploads\/sites\/11\/2016\/08\/benito-perez-galdos.jpg?fit=1200%2C630\" data-orig-size=\"1200,630\" data-comments-opened=\"1\" data-image-meta=\"{&quot;aperture&quot;:&quot;0&quot;,&quot;credit&quot;:&quot;&quot;,&quot;camera&quot;:&quot;&quot;,&quot;caption&quot;:&quot;&quot;,&quot;created_timestamp&quot;:&quot;0&quot;,&quot;copyright&quot;:&quot;&quot;,&quot;focal_length&quot;:&quot;0&quot;,&quot;iso&quot;:&quot;0&quot;,&quot;shutter_speed&quot;:&quot;0&quot;,&quot;title&quot;:&quot;&quot;,&quot;orientation&quot;:&quot;1&quot;}\" data-image-title=\"benito perez galdos\" data-image-description=\"\" data-image-caption=\"\" data-medium-file=\"https:\/\/i0.wp.com\/vincentians.com\/es\/wp-content\/uploads\/sites\/11\/2016\/08\/benito-perez-galdos.jpg?fit=300%2C158\" data-large-file=\"https:\/\/i0.wp.com\/vincentians.com\/es\/wp-content\/uploads\/sites\/11\/2016\/08\/benito-perez-galdos.jpg?fit=846%2C444\" class=\"alignnone size-medium wp-image-399384 alignleft\" src=\"https:\/\/i0.wp.com\/vincentians.com\/es\/wp-content\/uploads\/sites\/11\/2016\/08\/benito-perez-galdos.jpg?resize=300%2C158\" alt=\"\" width=\"300\" height=\"158\" srcset=\"https:\/\/i0.wp.com\/vincentians.com\/es\/wp-content\/uploads\/sites\/11\/2016\/08\/benito-perez-galdos.jpg?resize=300%2C158 300w, https:\/\/i0.wp.com\/vincentians.com\/es\/wp-content\/uploads\/sites\/11\/2016\/08\/benito-perez-galdos.jpg?resize=768%2C403 768w, https:\/\/i0.wp.com\/vincentians.com\/es\/wp-content\/uploads\/sites\/11\/2016\/08\/benito-perez-galdos.jpg?resize=1024%2C538 1024w, https:\/\/i0.wp.com\/vincentians.com\/es\/wp-content\/uploads\/sites\/11\/2016\/08\/benito-perez-galdos.jpg?resize=100%2C53 100w, https:\/\/i0.wp.com\/vincentians.com\/es\/wp-content\/uploads\/sites\/11\/2016\/08\/benito-perez-galdos.jpg?resize=846%2C444 846w, https:\/\/i0.wp.com\/vincentians.com\/es\/wp-content\/uploads\/sites\/11\/2016\/08\/benito-perez-galdos.jpg?resize=1004%2C527 1004w, https:\/\/i0.wp.com\/vincentians.com\/es\/wp-content\/uploads\/sites\/11\/2016\/08\/benito-perez-galdos.jpg?w=1200 1200w\" sizes=\"auto, (max-width: 300px) 100vw, 300px\" \/>El a\u00f1o 1631 en Francia:<\/h2>\n<p><strong>23 enero:<\/strong> Francia promete ayuda financiera a Gustavo Adolfo de Suecia por el Tratado de B\u00e4rwald, negociado por Charnace, embajador franc\u00e9s en Suecia (R. 532). Fue renovado <strong>el 19\/IV\/1633 y el 30\/III\/1636<\/strong>. Esto hace que el emperador retarde la soluci\u00f3n de Mantua que se est\u00e1 tratando en Ratisbona (L. 485; MM. 487; R. 529-532; Lu. 214).<\/p>\n<p><strong>30 enero:<\/strong> Gast\u00f3n rompe con Richelieu (que ahora vive en su nuevo Palacio), abandona la Corte y marcha a Orle\u00e1ns. El <strong>11 de marzo<\/strong> huye a Borgo\u00f1a, va al Franco-Condado (espa\u00f1ol) y de all\u00ed a Lorena (L. 404. 458; MM. 468; R. 508-509. 514).<strong><br \/>\n<\/strong><\/p>\n<p><strong>12 febrero:<\/strong> Mar\u00eda de M\u00e9dicis, que est\u00e1 apartada de los Consejos desde el d\u00eda de \u00ablos enga\u00f1ados\u00bb va con la Corte a Compiegne. Hay Consejo para tratar de la Reina Madre a la que se le ofrece el Borbonesado y una residencia en Moulins, despu\u00e9s Nevers, pero ella no acepta. La Corte marcha a Par\u00eds y vuelve otra vez la duquesa de Chevreuse (A. 108). Mar\u00eda de M\u00e9dicis queda, desde <strong>el 23 de febrero,<\/strong> pr\u00e1cticamente presa en Compiegne (L. 404-407; MM. 463-468; A.104; R. 513; Lu. 211).<\/p>\n<p><strong>14 febrero<\/strong>: Los benedictinos de S. Mauro inician la reforma de la Abad\u00eda de S. Germ\u00e1n de los Prados; <strong>en 1633<\/strong>, el P. Tarisse con 35 de estos monjes har\u00e1n lo mismo con la Abad\u00eda de S. Denis.<\/p>\n<p><strong>26 marzo:<\/strong> Luis XIII, llegado de Dijon, hace una declaraci\u00f3n contra los partidarios de Gast\u00f3n, que se ha exilado a Lorena (R. 514).<\/p>\n<p><strong>30 marzo:<\/strong> Declaraci\u00f3n real contra los c\u00f3mplices de Gast\u00f3n de Orle\u00e1ns, acusados de crimen de \u00ablesa majestad\u00bb (LJ. 238).<\/p>\n<p><strong>6 abril:<\/strong> Se firma por fin la paz de Cherasco con la que termina el asunto de Mantua: el Duque de Nevers poseer\u00e1 el ducado junto con el Montferrato; Torino y Aldaba ser\u00e1n para Saboya; y Pignerolo, en acuerdo secreto (13-III) ser\u00e1 para Francia (se convertir\u00e1 en definitivo, el <strong>6 de julio de 1632<\/strong>, por el Tratado de Mirefleur). Hubo varios acuerdos y firmas (<strong>19 de junio, 19 de octubre<\/strong>) junto a una serie de cl\u00e1usulas secretas. Mazarino asisti\u00f3 como representante de la Santa Sede (L. 482-483; M. 45; Lu. 214; Mz. 28).<\/p>\n<p><strong>13 mayo:<\/strong> Se constituye una comisi\u00f3n especial encargada de juzgar al mariscal de Marillac (LJ. 238).<\/p>\n<p><strong>20 de mayo:<\/strong> En relaci\u00f3n con los asuntos del Imperio, se hace el Tratado de Fontainebleau entre Francia y Maximiliano de Baviera. El Arzobispo de Tr\u00e9veris se pone bajo protecci\u00f3n francesa (R. 531-532; Lu. 214).<\/p>\n<p>Teofrasto Renaudot, m\u00e9dico, nacido en Loudun, crea el primer peri\u00f3dico (semanal), \u00abLa Gazzette de Francia\u00bb, que se publicar\u00e1 hasta 1914 (L. 459; MM. 483).<\/p>\n<p>El <strong>30 de mayo<\/strong> Gast\u00f3n hace un Manifiesto desde su exilio en Nancy contra Richelieu, y desde su destierro intenta ganarse al duque de Guisa, gobernador de Provenza, y entabla conversaciones con Montmorency, gobernador del Languedoc, que tiene problemas con los impuestos reales (L. 458-460. 463; MM. 480).<\/p>\n<p><strong>1 junio:<\/strong> El Rey da un ultim\u00e1tum a su madre para que elija alguna de las ofertas que se le han hecho, incluso se le ampl\u00edan ofreci\u00e9ndole tambi\u00e9n Angers. Las tropas, que la vigilan en Compiegne, se retiran a dos leguas de la ciudad; a pesar de los emisarios del Rey ella no contesta (MM. 470; R. 515).<\/p>\n<p><strong>18-19 julio:<\/strong> Mar\u00eda de M\u00e9dicis se escapa de Compiegne; intenta ir a La Capella pero se le ha adelantado Richelieu y el marqu\u00e9s De Vardes tiene vigilado el lugar. Entonces toma la ruta de los Pa\u00edses Bajos. En su viaje hacia el exilio la encontramos en la noche del 19, cruzada la frontera, en Estoeung, <strong>el 20<\/strong> est\u00e1 en Avesnes y trata de ponerse en comunicaci\u00f3n con Isabel Clara Eugenia, gobernadora de los Pa\u00edses Bajos, <strong>el 29<\/strong> reside en Mons y m\u00e1s tarde ir\u00e1 a Bruselas y a Amberes. La se\u00f1ora de Fargis tambi\u00e9n huy\u00f3 y se escondi\u00f3 en sus tierras de Commercy, morir\u00e1 en 1639 (A. 105.107; L. 404; MM. 470; R. 516-517.523; Lu. 211; Ri. 148-149).<\/p>\n<p><strong>25 julio:<\/strong> El exilio de la Reina Madre obliga a Luis XIII a ir al Parlamento, donde reafirma su voluntad de adhesi\u00f3n a Richelieu y trata de detener los movimientos nacionalistas e internacionales contra Francia (MM. 476; R. 522; Ri. 149).<\/p>\n<p><strong>Agosto:<\/strong> El Rey firma las Cartas Patentes por las que el castillo y el se\u00f1or\u00edo de Richelieu pasan a ser ducado-par, y el nuevo duque jura su cargo en la sesi\u00f3n del 5 de septiembre en el Parlamento (L. 460; Ri. 149). Richelieu hab\u00eda comprado estas tierras por 79.000 libras en 1621. En 1625 Lemercier proyect\u00f3 un gran palacio, en 1628 compr\u00f3 las tierras de Mirebeau, despu\u00e9s se le a\u00f1adieron las tierras de l\u2019IIe-Bouchard y de Compigny-sur-Veude.<\/p>\n<p>A los pocos d\u00edas de hacerle duque y par consigue permiso para crear un pueblo junto al castillo que el 13 de diciembre es registrado en la C\u00e1mara de Cuentas.<\/p>\n<p>Este pueblo artificial es un rect\u00e1ngulo amurallado de 700 m. por 500 m., tendr\u00e1 cuatro ferias al a\u00f1o (lunes despu\u00e9s de Cuasimodo, el 4 de julio, el d\u00eda de S. Remigio y el d\u00eda de Reyes). En 1637 esta barriada, que depende de la parroquia de Braye a cuatro kil\u00f3metros es constituida en parroquia a la que Richelieu lleva en 1638 Lazaristas e Hijas de la Caridad. Tambi\u00e9n en este pueblo Richelieu cre\u00f3 en 1640 una Academia o Colegio Real de Lenguas Vivas para los hijos de la nobleza que se han establecido en el pueblo. (Ver Carmona \u00abLa France de Richelieu\u00bb).<\/p>\n<p><strong>1 agosto:<\/strong> Luis XIII tiene plena confianza en Richelieu y le provee de una escolta permanente de 120 caballeros.<\/p>\n<p><strong>5 agosto<\/strong>: Gast\u00f3n, exilado en Lorena, hace una salida a Mons, en los Pa\u00edses Bajos, para entrevistarse con su madre, vuelve a Lorena y comienza a reclutar un ej\u00e9rcito para invadir Francia (MM. 480; R. 524.536).<\/p>\n<p><strong>1 septiembre:<\/strong> Se re\u00fane en Charenton el XXVI s\u00ednodo nacional de las Iglesias reformadas (LJ. 238).<\/p>\n<p><strong>17 septiembre:<\/strong> Gustavo Adolfo gana la batalla de Breitenfeld que le abre los caminos del sur. Al d\u00eda siguiente el emperador hace un llamamiento a sus s\u00fabditos, al que responde Carlos IV de Lorena con el reclutamiento de un ej\u00e9rcito y se dispone a marchar, dejando indefenso su pa\u00eds, de lo que aprovechar\u00e1 Francia (MM. 482; R. 624-625).<\/p>\n<p><strong>26 septiembre:<\/strong> Se crea la \u00abC\u00e1mara del Arsenal\u00bb con jurisdicci\u00f3n sobre asuntos de Estado para seguridad del Estado. El Presidente Le Jay y el Parlamento protestan. Algunos se desplazar\u00e1n hasta las fronteras de Lorena donde est\u00e1 el Rey pero no conseguir\u00e1n nada.<\/p>\n<p><strong>Octubre:<\/strong> Luis XIII y el mariscal La Force re\u00fanen un ej\u00e9rcito en Champa\u00f1a con el fin de controlar la frontera de Lorena donde, tanto Gast\u00f3n como Mar\u00eda de M\u00e9dicis, la han convertido en nido de intriga e inseguridad. El <strong>26 de Octubre<\/strong> Luis XIII y Carlos IV de Lorena se entrevistan en Chateau Thierry. Luis XIII, despu\u00e9s de las explicaciones que el duque le da sobre las relaciones con el refugiado Gast\u00f3n y el levantamiento de tropas en sus tierras, sale convencido de que todo es mentira y que hay que seguir el plan de control de fronteras.<\/p>\n<p>Gast\u00f3n al quedarse solo en Lorena por la marcha del duque a la Guerra de Alemania, no se siente seguro y con el regimiento Mars, que ha reclutado, se marcha a tierras de Luxemburgo, al valle de Semoy. Las tropas francesas que vigilan la frontera no tienen inconveniente en entrar en tierras de Isabel Clara Eugenia y derrotar en Fleurance a este peque\u00f1o regimiento de Mars (L. 460; MM. 482-484; R. 536).<\/p>\n<p><strong>17 noviembre:<\/strong> El principado de Sed\u00e1n, que gobierna el duque de Bouill\u00f3n, se ha convertido tambi\u00e9n en un lugar de intriga que crea inestabilidad en la naci\u00f3n. Este principado, aunque independiente, son tierras de Francia. Bouill\u00f3n est\u00e1 en contacto con Mar\u00eda de M\u00e9dicis y Gast\u00f3n (las \u00faltimas tropas que se han salvado en Fleurance se han refugiado all\u00ed). Esta situaci\u00f3n hace que el ej\u00e9rcito de La Force entre <strong>el 17 de noviembre<\/strong> mientras el duque est\u00e1 ausente y lo ocupe militarmente (L. 460; MM. 484; R. 532-534).<\/p>\n<p><strong>25 diciembre:<\/strong> Luis XIII marcha a Verd\u00fan y luego a Metz (<strong>d\u00eda 21<\/strong>) para expulsar de Vic y Moyenvic (<strong>d\u00eda 25<\/strong>) peque\u00f1os territorios de los Tres Obispados y por lo tanto franceses; el a\u00f1o anterior, con la anuencia del duque de Lorena, unas guarniciones imperiales, con el pretexto de ayudar al obispo, se hab\u00edan establecido all\u00ed.<\/p>\n<p>Tambi\u00e9n hay otros problemas: uno que el duque Carlos IV de Lorena quiere anexionarse el ducado de Bar Mouvant, que pertenece a su mujer Nicole y que es feudo franc\u00e9s, y otro que desde principios de a\u00f1o Gast\u00f3n ha sido acogido por Carlos y quiere casarse con la hermana del duque, Margarita.<\/p>\n<p><strong>El 26<\/strong> el duque de Lorena es requerido por Luis XIII para que le de explicaciones de su comportamiento; el duque se humilla pero le enga\u00f1a. Es el comienzo de continuas guerras (cerca de 20 a\u00f1os). Jacques Callot, de Nancy, nos har\u00e1 los cuadros de estas devastaciones con sus grabados \u00abLos horrores de las Guerras\u00bb (L. 422. 461; MM. 486; R. 334.336).<\/p>\n<p><strong>&#8212;&#8212;&#8212;&#8212;-:<\/strong> Guez de Balzac escribe \u00abEl Pr\u00edncipe\u00bb.<\/p>\n<p>En este a\u00f1o se toma la decisi\u00f3n de reconstruir en Par\u00eds una muralla m\u00e1s hacia el Oeste. Richelieu que vive cerca de la Puerta de S. Honor\u00e9, consigue unos 17.840 m2 para la ampliaci\u00f3n de su viejo palacio que, en 1624, hab\u00eda comprado a Agennes. Este palacio tendr\u00e1 forma de una \u00abH\u00bb. <strong>En 1636<\/strong> tiene ya hecha la fachada y el <strong>16 de enero<\/strong> de 1641 se inaugura el teatro con la tragedia suya \u00abMirame\u00bb. Este teatro ser\u00e1 el local donde la compa\u00f1\u00eda de Moliere har\u00e1 a partir del <strong>1 de enero<\/strong> de 1661 sus representaciones, al derribar el Petit Borb\u00f3n para la ampliaci\u00f3n del Louvre.<\/p>\n<p>Corneille escribe \u00abClitandre o la inocencia perseguida\u00bb. \u00bfInspirada en el proceso que se est\u00e1 llevando contra Luis de Marillac?.<\/p>\n<h2>El a\u00f1o 1631: Vicente de Pa\u00fal<\/h2>\n<p><strong>Enero<\/strong>: se fundan las Caridades de las Parroquias de S. Eustaquio, S. Merry, S. Benito y luego la de S. Sulpicio (I, 161). Vicente va a Montreuil-sous-Bois (Caridad fundada el 11 de abril de 1627) y a los campos (I, 162.168).<\/p>\n<p><strong>21 de Febrero<\/strong>: Juan Fco. de Gondi, Arzobispo de Par\u00eds, exige el retiro de los Ordenandos. Comenzar\u00e1n en abril. Hubo seis sesiones al a\u00f1o hasta 1643, luego cinco. Desde 1639 ser\u00e1 obligatorio para todos los cl\u00e9rigos del Reino residentes en la di\u00f3cesis de Par\u00eds y desde 1649 esta obligaci\u00f3n se extender\u00e1 tambi\u00e9n a los que van a recibir las Ordenes Menores (I, 233-234.n).<\/p>\n<p><strong>4 de Abril<\/strong>: el Parlamento aprueba y registra las Cartas Patentes del Rey sobre la C.M., reconociendo su personalidad civil y jur\u00eddica (I, 279).<\/p>\n<p><strong>Mayo<\/strong>: Vicente est\u00e1 herido (molestia en la pierna) por una coz del caballo y por un peque\u00f1o tumor que comenz\u00f3 pocos d\u00edas antes (I, 173).<\/p>\n<p><strong>Junio<\/strong>: el P. Portail est\u00e1 misionando la regi\u00f3n de los Cevennes (I, 174).<\/p>\n<p><strong>Julio<\/strong>: el P. Du Coudray llega a Roma para negociar la Aprobaci\u00f3n de la C.M. Lleva cinco puntos a los que no hay que renunciar, seg\u00fan el consejo del Sr. A. Duval (I, 177.n). Permanecer\u00e1 hasta 1635.<\/p>\n<p><strong>Agosto?<\/strong>: Adrian le Bon (prior de San L\u00e1zaro) y Guillermo de Lestocq (p\u00e1rroco de San Lorenzo), con la mediaci\u00f3n del Sr. Duval, negocian la aceptaci\u00f3n y las condiciones del traspaso del Priorato de S. L\u00e1zaro a la Congregaci\u00f3n, especialmente en lo que se refiere a los religiosos que all\u00ed viv\u00edan: pensiones, alojamiento, coro\u2026 (I, 195.n; X, 291).<\/p>\n<p><strong>Septiembre-Octubre<\/strong>: hay una gran peste en Par\u00eds (I, 178).<\/p>\n<p><strong>12 de Septiembre<\/strong>: est\u00e1 \u00abcuasi\u00bb parado en Par\u00eds porque \u00ab<em>al no predicar ni catequizar ni confesar en la ciudad casi nadie tiene que hacer nada con nosotros ni nosotros con ellos<\/em>\u00bb (I, 183)<\/p>\n<p><strong>24 de Octubre<\/strong>: aprobaci\u00f3n de estatutos y reconocimiento del Seminario de la Parroquia de S. Nicol\u00e1s de Chardonnet. Ven\u00eda funcionando desde 1612 y su erecci\u00f3n oficial ser\u00e1 en 1644.<\/p>\n<p><strong>17 de Diciembre<\/strong>: los religiosos de S.V\u00edctor protestan por el Proyecto de entrega del Priorato de S. L\u00e1zaro a la Congregaci\u00f3n (I, 203.n, 206).<\/p>\n<h3 style=\"text-align: center\"><strong>CARTAS DE VICENTE DE PA\u00daL<\/strong><\/h3>\n<ul>\n<li>\u00ab<em>Hay que creer que la persona que ama la pobreza hasta el grado m\u00e1s alto, no podr\u00e1 empobrecerse<\/em>\u00bb (I, 165).<\/li>\n<li><em>\u00abSa\u00fal iba buscando una pollina y se encontr\u00f3 con un reino; San Luis buscaba la conquista de Tierra Santa y se encontr\u00f3 con la conquista de s\u00ed mismo&#8230; Usted busca convertirse en sierva de esas pobres muchachas y Dios quiere que sea sierva de \u00c9l y quiz\u00e1s de otras muchas personas\u00bb<\/em> (I, 175).<\/li>\n<li><em>\u00abEl pobre pueblo se condena por no saber las cosas necesarias a la salvaci\u00f3n. Hacen falta cinco cosas fundamentales\u00bb <\/em>(para la C.M. seg\u00fan el Sr. Duval) (I, 177).<\/li>\n<li><em>\u00abVivimos una vida tan solitaria en Par\u00eds como entre los cartujos. Y esta soledad nos hace aspirar por el trabajo en el campo y ese trabajo por la soledad\u00bb <\/em>(I, 183).<\/li>\n<li><em>\u00abUn buen esp\u00edritu es mejor a esa edad (18 a\u00f1os) que uno malo a los cincuenta\u00bb <\/em>(I, 190).<\/li>\n<li><em>\u00abEl que dice las cosas llanamente, como son, y se somete; creo que a Dios le agrada esta forma de proceder. La verdad y la humildad se avienen muy bien las dos juntas\u00bb <\/em>(I, 200).<\/li>\n<li><em>\u00abHay que aceptar la enfermedad como a un estado muy divino\u00bb <\/em>(l, 200).<\/li>\n<\/ul>\n<h2>El a\u00f1o 1631: Luisa de Marillac<\/h2>\n<p><strong>Enero<\/strong>: Vicente corrige el Plan de Vida de Luisa: Disciplinas, Comuniones (I, 148.163.164; SL, 671-673).<\/p>\n<p><strong>Marzo<\/strong>: Luisa va a visitar la caridad de Montreuil; all\u00ed est\u00e1 de p\u00e1rroco Mart\u00edn le Marinel (I, 164.n.165.n). Luisa tiene problemas con su hijo; no quiere estar en S. Nicol\u00e1s y marchar\u00e1 pensionista al colegio de los Jesuitas de Clermont de Par\u00eds (I, 164.171.173&#8230;).<\/p>\n<p><strong>Abril<\/strong>: funda la Caridad en el pueblo de Brie-Comte-Robert (X, 571).<\/p>\n<p><strong>28 agosto<\/strong>: contrato de renta junto con la C.M. y el Sr. Gueriri (X, 281.338).<\/p>\n<p><strong>Septiembre-Noviembre<\/strong>: hay peste en Par\u00eds. Vicente la manda a visitar las Cofrad\u00edas de Champa\u00f1a: Montmirail, Mesnil, Bergeres, Loisy, Soulieres, Goudron, Villeseneux (I, 179&#8230;.).<\/p>\n<p><strong>13 septiembre<\/strong>: muere Catalina de M\u00e9dicis (\u00bft\u00eda de Luisa?), pariente de la Reina Mar\u00eda de M\u00e9dicis y esposa del Mariscal Luis de Marillac que est\u00e1 preso y esperando el juicio incoado por Richelieu (I, 184.n).<\/p>\n<p><strong>Octubre-Noviembre<\/strong>: cambia de casa en el mismo barrio de S. V\u00edctor. De la casa del Sr. Guerin pasa a la del Sr.Veron en la calle Versalles. \u00bfFue s\u00f3lo por ahora un proyecto? (I, 189.214-215.264).<\/p>\n<p><strong>Noviembre<\/strong>: a la vuelta de visitar las Cofrad\u00edas de Champa\u00f1a, Luisa est\u00e1 enferma. Debe pedir un certificado al m\u00e9dico para poder comer carne los d\u00edas de abstinencia. Le falta alegr\u00eda y adem\u00e1s hay un hombre que la chantajea, diciendo que le ha prometido casarse con \u00e9l (I, 201.198).<\/p>\n<p><strong>Diciembre<\/strong>: muere la Sra. de Savin, la que invent\u00f3 la \u00abolla de los pobres\u00bb; se llamaba Mar\u00eda Ver\u00f3n (I, 168.198).<\/p>\n","protected":false},"excerpt":{"rendered":"<p>El a\u00f1o 1631 en Francia: 23 enero: Francia promete ayuda financiera a Gustavo Adolfo de Suecia por el Tratado de B\u00e4rwald, negociado por Charnace, embajador franc\u00e9s en Suecia (R. 532). Fue renovado el 19\/IV\/1633 y &#8230; <a href=\"http:\/\/vincentians.com\/es\/ano-1631\/\" class=\"more-link\">Read More<\/a><\/p>\n","protected":false},"author":4,"featured_media":399384,"comment_status":"open","ping_status":"open","sticky":false,"template":"","format":"standard","meta":{"jetpack_post_was_ever_published":false,"_jetpack_newsletter_access":"","_jetpack_dont_email_post_to_subs":false,"_jetpack_newsletter_tier_id":0,"_jetpack_memberships_contains_paywalled_content":false,"_jetpack_memberships_contains_paid_content":false,"footnotes":"","jetpack_publicize_message":"","jetpack_publicize_feature_enabled":true,"jetpack_social_post_already_shared":true,"jetpack_social_options":{"image_generator_settings":{"template":"highway","default_image_id":0,"font":"","enabled":false},"version":2}},"categories":[17],"tags":[130,163,141,148,124,152,119,131,138,127,182,267,143,129,135],"class_list":["post-35811","post","type-post","status-publish","format-standard","has-post-thumbnail","hentry","category-en-tiempos-de-vicente-de-paul","tag-beauvais","tag-bons-enfants","tag-cevennes","tag-clichy","tag-du-coudray","tag-duquesa-de-aiguillon","tag-gondi","tag-montmirail","tag-montreuil","tag-portail","tag-ratisbona","tag-saint-martin","tag-san-lazaro","tag-urbano-viii","tag-villepreux"],"yoast_head":"<!-- This site is optimized with the Yoast SEO plugin v26.3 - https:\/\/yoast.com\/wordpress\/plugins\/seo\/ -->\n<title>A\u00f1o 1631 - Somos Vicencianos<\/title>\n<meta name=\"robots\" content=\"index, follow, max-snippet:-1, max-image-preview:large, max-video-preview:-1\" \/>\n<link rel=\"canonical\" href=\"http:\/\/vincentians.com\/es\/ano-1631\/\" \/>\n<meta property=\"og:locale\" content=\"es_ES\" \/>\n<meta property=\"og:type\" content=\"article\" \/>\n<meta property=\"og:title\" content=\"A\u00f1o 1631 - Somos Vicencianos\" \/>\n<meta property=\"og:description\" content=\"El a\u00f1o 1631 en Francia: 23 enero: Francia promete ayuda financiera a Gustavo Adolfo de Suecia por el Tratado de B\u00e4rwald, negociado por Charnace, embajador franc\u00e9s en Suecia (R. 532). Fue renovado el 19\/IV\/1633 y ... Read More\" \/>\n<meta property=\"og:url\" content=\"http:\/\/vincentians.com\/es\/ano-1631\/\" \/>\n<meta property=\"og:site_name\" content=\"Somos Vicencianos\" \/>\n<meta property=\"article:publisher\" content=\"https:\/\/www.facebook.com\/WeAreVincentians\/\" \/>\n<meta property=\"article:author\" content=\"https:\/\/www.facebook.com\/JavierChento\" \/>\n<meta property=\"article:published_time\" content=\"2017-02-01T07:24:11+00:00\" \/>\n<meta property=\"og:image\" content=\"https:\/\/i0.wp.com\/vincentians.com\/es\/wp-content\/uploads\/sites\/11\/2016\/08\/benito-perez-galdos.jpg?fit=1200%2C630\" \/>\n\t<meta property=\"og:image:width\" content=\"1200\" \/>\n\t<meta property=\"og:image:height\" content=\"630\" \/>\n\t<meta property=\"og:image:type\" content=\"image\/jpeg\" \/>\n<meta name=\"author\" content=\"Francisco Javier Fern\u00e1ndez Chento\" \/>\n<meta name=\"twitter:card\" content=\"summary_large_image\" \/>\n<meta name=\"twitter:creator\" content=\"@https:\/\/twitter.com\/javierchento\" \/>\n<meta name=\"twitter:site\" content=\"@WeVincentians\" \/>\n<meta name=\"twitter:label1\" content=\"Escrito por\" \/>\n\t<meta name=\"twitter:data1\" content=\"Francisco Javier Fern\u00e1ndez Chento\" \/>\n\t<meta name=\"twitter:label2\" content=\"Tiempo de lectura\" \/>\n\t<meta name=\"twitter:data2\" content=\"13 minutos\" \/>\n<script type=\"application\/ld+json\" class=\"yoast-schema-graph\">{\"@context\":\"https:\/\/schema.org\",\"@graph\":[{\"@type\":\"Article\",\"@id\":\"http:\/\/vincentians.com\/es\/ano-1631\/#article\",\"isPartOf\":{\"@id\":\"http:\/\/vincentians.com\/es\/ano-1631\/\"},\"author\":{\"name\":\"Francisco Javier Fern\u00e1ndez Chento\",\"@id\":\"http:\/\/vincentians.com\/es\/#\/schema\/person\/9623ef4d9aa3b2dfb8c061f1499288f2\"},\"headline\":\"A\u00f1o 1631\",\"datePublished\":\"2017-02-01T07:24:11+00:00\",\"mainEntityOfPage\":{\"@id\":\"http:\/\/vincentians.com\/es\/ano-1631\/\"},\"wordCount\":2508,\"commentCount\":0,\"publisher\":{\"@id\":\"http:\/\/vincentians.com\/es\/#organization\"},\"image\":{\"@id\":\"http:\/\/vincentians.com\/es\/ano-1631\/#primaryimage\"},\"thumbnailUrl\":\"https:\/\/i0.wp.com\/vincentians.com\/es\/wp-content\/uploads\/sites\/11\/2016\/08\/benito-perez-galdos.jpg?fit=1200%2C630\",\"keywords\":[\"Beauvais\",\"Bons Enfants\",\"Cevennes\",\"Clichy\",\"Du Coudray\",\"Duquesa de Aiguillon\",\"Gondi\",\"Montmirail\",\"Montreuil\",\"Portail\",\"Ratisbona\",\"Saint Martin\",\"San L\u00e1zaro\",\"Urbano VIII\",\"Villepreux\"],\"articleSection\":[\"En tiempos de Vicente de Pa\u00fal\"],\"inLanguage\":\"es\",\"potentialAction\":[{\"@type\":\"CommentAction\",\"name\":\"Comment\",\"target\":[\"http:\/\/vincentians.com\/es\/ano-1631\/#respond\"]}]},{\"@type\":\"WebPage\",\"@id\":\"http:\/\/vincentians.com\/es\/ano-1631\/\",\"url\":\"http:\/\/vincentians.com\/es\/ano-1631\/\",\"name\":\"A\u00f1o 1631 - Somos Vicencianos\",\"isPartOf\":{\"@id\":\"http:\/\/vincentians.com\/es\/#website\"},\"primaryImageOfPage\":{\"@id\":\"http:\/\/vincentians.com\/es\/ano-1631\/#primaryimage\"},\"image\":{\"@id\":\"http:\/\/vincentians.com\/es\/ano-1631\/#primaryimage\"},\"thumbnailUrl\":\"https:\/\/i0.wp.com\/vincentians.com\/es\/wp-content\/uploads\/sites\/11\/2016\/08\/benito-perez-galdos.jpg?fit=1200%2C630\",\"datePublished\":\"2017-02-01T07:24:11+00:00\",\"breadcrumb\":{\"@id\":\"http:\/\/vincentians.com\/es\/ano-1631\/#breadcrumb\"},\"inLanguage\":\"es\",\"potentialAction\":[{\"@type\":\"ReadAction\",\"target\":[\"http:\/\/vincentians.com\/es\/ano-1631\/\"]}]},{\"@type\":\"ImageObject\",\"inLanguage\":\"es\",\"@id\":\"http:\/\/vincentians.com\/es\/ano-1631\/#primaryimage\",\"url\":\"https:\/\/i0.wp.com\/vincentians.com\/es\/wp-content\/uploads\/sites\/11\/2016\/08\/benito-perez-galdos.jpg?fit=1200%2C630\",\"contentUrl\":\"https:\/\/i0.wp.com\/vincentians.com\/es\/wp-content\/uploads\/sites\/11\/2016\/08\/benito-perez-galdos.jpg?fit=1200%2C630\",\"width\":1200,\"height\":630},{\"@type\":\"BreadcrumbList\",\"@id\":\"http:\/\/vincentians.com\/es\/ano-1631\/#breadcrumb\",\"itemListElement\":[{\"@type\":\"ListItem\",\"position\":1,\"name\":\"Portada\",\"item\":\"http:\/\/vincentians.com\/es\/\"},{\"@type\":\"ListItem\",\"position\":2,\"name\":\"A\u00f1o 1631\"}]},{\"@type\":\"WebSite\",\"@id\":\"http:\/\/vincentians.com\/es\/#website\",\"url\":\"http:\/\/vincentians.com\/es\/\",\"name\":\"Somos Vicencianos\",\"description\":\"Know more to serve more\",\"publisher\":{\"@id\":\"http:\/\/vincentians.com\/es\/#organization\"},\"potentialAction\":[{\"@type\":\"SearchAction\",\"target\":{\"@type\":\"EntryPoint\",\"urlTemplate\":\"http:\/\/vincentians.com\/es\/?s={search_term_string}\"},\"query-input\":{\"@type\":\"PropertyValueSpecification\",\"valueRequired\":true,\"valueName\":\"search_term_string\"}}],\"inLanguage\":\"es\"},{\"@type\":\"Organization\",\"@id\":\"http:\/\/vincentians.com\/es\/#organization\",\"name\":\"The Vincentian Network\",\"url\":\"http:\/\/vincentians.com\/es\/\",\"logo\":{\"@type\":\"ImageObject\",\"inLanguage\":\"es\",\"@id\":\"http:\/\/vincentians.com\/es\/#\/schema\/logo\/image\/\",\"url\":\"https:\/\/i1.wp.com\/vincentians.com\/es\/wp-content\/uploads\/sites\/11\/2016\/06\/Vincentian-Network-logo-big.png?fit=778%2C778\",\"contentUrl\":\"https:\/\/i1.wp.com\/vincentians.com\/es\/wp-content\/uploads\/sites\/11\/2016\/06\/Vincentian-Network-logo-big.png?fit=778%2C778\",\"width\":778,\"height\":778,\"caption\":\"The Vincentian Network\"},\"image\":{\"@id\":\"http:\/\/vincentians.com\/es\/#\/schema\/logo\/image\/\"},\"sameAs\":[\"https:\/\/www.facebook.com\/WeAreVincentians\/\",\"https:\/\/x.com\/WeVincentians\"]},{\"@type\":\"Person\",\"@id\":\"http:\/\/vincentians.com\/es\/#\/schema\/person\/9623ef4d9aa3b2dfb8c061f1499288f2\",\"name\":\"Francisco Javier Fern\u00e1ndez Chento\",\"image\":{\"@type\":\"ImageObject\",\"inLanguage\":\"es\",\"@id\":\"http:\/\/vincentians.com\/es\/#\/schema\/person\/image\/\",\"url\":\"https:\/\/secure.gravatar.com\/avatar\/497d5cde87b4c3d097d0315953521681ba2cd523ee66e5077c3711f7021e65de?s=96&d=mm&r=g\",\"contentUrl\":\"https:\/\/secure.gravatar.com\/avatar\/497d5cde87b4c3d097d0315953521681ba2cd523ee66e5077c3711f7021e65de?s=96&d=mm&r=g\",\"caption\":\"Francisco Javier Fern\u00e1ndez Chento\"},\"description\":\"Director General y cofundador de La Red de Formaci\u00f3n Vicenciana. Javier es laico vicenciano, afiliado a la Congregaci\u00f3n de la Misi\u00f3n y miembro del Equipo de Misiones Populares de la provincia can\u00f3nica de Zaragoza (Espa\u00f1a) de la Congregaci\u00f3n de la Misi\u00f3n. Graduado en la Universidad Oberta de Catalunya con cuatro grados (Asistente de direcci\u00f3n, Gesti\u00f3n Administrativa, Recursos Humanos y Contabilidad Avanzada). Bil\u00edng\u00fce Espa\u00f1ol\/Ingl\u00e9s. gestiona y mantiene varias p\u00e1ginas web cristianas y vicencianas, incluida including La Red de Formaci\u00f3n Vicenciana, de la que es cofundador. Actualmente es responsable del \u00e1rea de Espa\u00f1ol de .famvin, la Red de Noticias de la Familia Vicenciana. Tambi\u00e9n es m\u00fasico cat\u00f3lico y ha editado varios discos. Es Director General y cofundador de Trovador, una reconocida compa\u00f1\u00eda discogr\u00e1fica critiana de Espa\u00f1a. Trabaja en las Tecnolog\u00edas de la Informaci\u00f3n, ofreciendo servicios de alojamiento, dise\u00f1o y mantenimiento Web, as\u00ed como asesoramiento, formaci\u00f3n y soluciones inform\u00e1ticas, gesti\u00f3n documental y digitalizaci\u00f3n de textos, edici\u00f3n y maquetaci\u00f3n de libros, revistas, flyers, etc.\",\"sameAs\":[\"http:\/\/chento.org\",\"https:\/\/www.facebook.com\/JavierChento\",\"https:\/\/x.com\/https:\/\/twitter.com\/javierchento\"],\"url\":\"http:\/\/vincentians.com\/es\/author\/chento\/\"}]}<\/script>\n<!-- \/ Yoast SEO plugin. -->","yoast_head_json":{"title":"A\u00f1o 1631 - Somos Vicencianos","robots":{"index":"index","follow":"follow","max-snippet":"max-snippet:-1","max-image-preview":"max-image-preview:large","max-video-preview":"max-video-preview:-1"},"canonical":"http:\/\/vincentians.com\/es\/ano-1631\/","og_locale":"es_ES","og_type":"article","og_title":"A\u00f1o 1631 - Somos Vicencianos","og_description":"El a\u00f1o 1631 en Francia: 23 enero: Francia promete ayuda financiera a Gustavo Adolfo de Suecia por el Tratado de B\u00e4rwald, negociado por Charnace, embajador franc\u00e9s en Suecia (R. 532). Fue renovado el 19\/IV\/1633 y ... Read More","og_url":"http:\/\/vincentians.com\/es\/ano-1631\/","og_site_name":"Somos Vicencianos","article_publisher":"https:\/\/www.facebook.com\/WeAreVincentians\/","article_author":"https:\/\/www.facebook.com\/JavierChento","article_published_time":"2017-02-01T07:24:11+00:00","og_image":[{"width":1200,"height":630,"url":"https:\/\/i0.wp.com\/vincentians.com\/es\/wp-content\/uploads\/sites\/11\/2016\/08\/benito-perez-galdos.jpg?fit=1200%2C630","type":"image\/jpeg"}],"author":"Francisco Javier Fern\u00e1ndez Chento","twitter_card":"summary_large_image","twitter_creator":"@https:\/\/twitter.com\/javierchento","twitter_site":"@WeVincentians","twitter_misc":{"Escrito por":"Francisco Javier Fern\u00e1ndez Chento","Tiempo de lectura":"13 minutos"},"schema":{"@context":"https:\/\/schema.org","@graph":[{"@type":"Article","@id":"http:\/\/vincentians.com\/es\/ano-1631\/#article","isPartOf":{"@id":"http:\/\/vincentians.com\/es\/ano-1631\/"},"author":{"name":"Francisco Javier Fern\u00e1ndez Chento","@id":"http:\/\/vincentians.com\/es\/#\/schema\/person\/9623ef4d9aa3b2dfb8c061f1499288f2"},"headline":"A\u00f1o 1631","datePublished":"2017-02-01T07:24:11+00:00","mainEntityOfPage":{"@id":"http:\/\/vincentians.com\/es\/ano-1631\/"},"wordCount":2508,"commentCount":0,"publisher":{"@id":"http:\/\/vincentians.com\/es\/#organization"},"image":{"@id":"http:\/\/vincentians.com\/es\/ano-1631\/#primaryimage"},"thumbnailUrl":"https:\/\/i0.wp.com\/vincentians.com\/es\/wp-content\/uploads\/sites\/11\/2016\/08\/benito-perez-galdos.jpg?fit=1200%2C630","keywords":["Beauvais","Bons Enfants","Cevennes","Clichy","Du Coudray","Duquesa de Aiguillon","Gondi","Montmirail","Montreuil","Portail","Ratisbona","Saint Martin","San L\u00e1zaro","Urbano VIII","Villepreux"],"articleSection":["En tiempos de Vicente de Pa\u00fal"],"inLanguage":"es","potentialAction":[{"@type":"CommentAction","name":"Comment","target":["http:\/\/vincentians.com\/es\/ano-1631\/#respond"]}]},{"@type":"WebPage","@id":"http:\/\/vincentians.com\/es\/ano-1631\/","url":"http:\/\/vincentians.com\/es\/ano-1631\/","name":"A\u00f1o 1631 - Somos Vicencianos","isPartOf":{"@id":"http:\/\/vincentians.com\/es\/#website"},"primaryImageOfPage":{"@id":"http:\/\/vincentians.com\/es\/ano-1631\/#primaryimage"},"image":{"@id":"http:\/\/vincentians.com\/es\/ano-1631\/#primaryimage"},"thumbnailUrl":"https:\/\/i0.wp.com\/vincentians.com\/es\/wp-content\/uploads\/sites\/11\/2016\/08\/benito-perez-galdos.jpg?fit=1200%2C630","datePublished":"2017-02-01T07:24:11+00:00","breadcrumb":{"@id":"http:\/\/vincentians.com\/es\/ano-1631\/#breadcrumb"},"inLanguage":"es","potentialAction":[{"@type":"ReadAction","target":["http:\/\/vincentians.com\/es\/ano-1631\/"]}]},{"@type":"ImageObject","inLanguage":"es","@id":"http:\/\/vincentians.com\/es\/ano-1631\/#primaryimage","url":"https:\/\/i0.wp.com\/vincentians.com\/es\/wp-content\/uploads\/sites\/11\/2016\/08\/benito-perez-galdos.jpg?fit=1200%2C630","contentUrl":"https:\/\/i0.wp.com\/vincentians.com\/es\/wp-content\/uploads\/sites\/11\/2016\/08\/benito-perez-galdos.jpg?fit=1200%2C630","width":1200,"height":630},{"@type":"BreadcrumbList","@id":"http:\/\/vincentians.com\/es\/ano-1631\/#breadcrumb","itemListElement":[{"@type":"ListItem","position":1,"name":"Portada","item":"http:\/\/vincentians.com\/es\/"},{"@type":"ListItem","position":2,"name":"A\u00f1o 1631"}]},{"@type":"WebSite","@id":"http:\/\/vincentians.com\/es\/#website","url":"http:\/\/vincentians.com\/es\/","name":"Somos Vicencianos","description":"Know more to serve more","publisher":{"@id":"http:\/\/vincentians.com\/es\/#organization"},"potentialAction":[{"@type":"SearchAction","target":{"@type":"EntryPoint","urlTemplate":"http:\/\/vincentians.com\/es\/?s={search_term_string}"},"query-input":{"@type":"PropertyValueSpecification","valueRequired":true,"valueName":"search_term_string"}}],"inLanguage":"es"},{"@type":"Organization","@id":"http:\/\/vincentians.com\/es\/#organization","name":"The Vincentian Network","url":"http:\/\/vincentians.com\/es\/","logo":{"@type":"ImageObject","inLanguage":"es","@id":"http:\/\/vincentians.com\/es\/#\/schema\/logo\/image\/","url":"https:\/\/i1.wp.com\/vincentians.com\/es\/wp-content\/uploads\/sites\/11\/2016\/06\/Vincentian-Network-logo-big.png?fit=778%2C778","contentUrl":"https:\/\/i1.wp.com\/vincentians.com\/es\/wp-content\/uploads\/sites\/11\/2016\/06\/Vincentian-Network-logo-big.png?fit=778%2C778","width":778,"height":778,"caption":"The Vincentian Network"},"image":{"@id":"http:\/\/vincentians.com\/es\/#\/schema\/logo\/image\/"},"sameAs":["https:\/\/www.facebook.com\/WeAreVincentians\/","https:\/\/x.com\/WeVincentians"]},{"@type":"Person","@id":"http:\/\/vincentians.com\/es\/#\/schema\/person\/9623ef4d9aa3b2dfb8c061f1499288f2","name":"Francisco Javier Fern\u00e1ndez Chento","image":{"@type":"ImageObject","inLanguage":"es","@id":"http:\/\/vincentians.com\/es\/#\/schema\/person\/image\/","url":"https:\/\/secure.gravatar.com\/avatar\/497d5cde87b4c3d097d0315953521681ba2cd523ee66e5077c3711f7021e65de?s=96&d=mm&r=g","contentUrl":"https:\/\/secure.gravatar.com\/avatar\/497d5cde87b4c3d097d0315953521681ba2cd523ee66e5077c3711f7021e65de?s=96&d=mm&r=g","caption":"Francisco Javier Fern\u00e1ndez Chento"},"description":"Director General y cofundador de La Red de Formaci\u00f3n Vicenciana. Javier es laico vicenciano, afiliado a la Congregaci\u00f3n de la Misi\u00f3n y miembro del Equipo de Misiones Populares de la provincia can\u00f3nica de Zaragoza (Espa\u00f1a) de la Congregaci\u00f3n de la Misi\u00f3n. Graduado en la Universidad Oberta de Catalunya con cuatro grados (Asistente de direcci\u00f3n, Gesti\u00f3n Administrativa, Recursos Humanos y Contabilidad Avanzada). Bil\u00edng\u00fce Espa\u00f1ol\/Ingl\u00e9s. gestiona y mantiene varias p\u00e1ginas web cristianas y vicencianas, incluida including La Red de Formaci\u00f3n Vicenciana, de la que es cofundador. Actualmente es responsable del \u00e1rea de Espa\u00f1ol de .famvin, la Red de Noticias de la Familia Vicenciana. Tambi\u00e9n es m\u00fasico cat\u00f3lico y ha editado varios discos. Es Director General y cofundador de Trovador, una reconocida compa\u00f1\u00eda discogr\u00e1fica critiana de Espa\u00f1a. Trabaja en las Tecnolog\u00edas de la Informaci\u00f3n, ofreciendo servicios de alojamiento, dise\u00f1o y mantenimiento Web, as\u00ed como asesoramiento, formaci\u00f3n y soluciones inform\u00e1ticas, gesti\u00f3n documental y digitalizaci\u00f3n de textos, edici\u00f3n y maquetaci\u00f3n de libros, revistas, flyers, etc.","sameAs":["http:\/\/chento.org","https:\/\/www.facebook.com\/JavierChento","https:\/\/x.com\/https:\/\/twitter.com\/javierchento"],"url":"http:\/\/vincentians.com\/es\/author\/chento\/"}]}},"jetpack_publicize_connections":[],"jetpack_featured_media_url":"https:\/\/i0.wp.com\/vincentians.com\/es\/wp-content\/uploads\/sites\/11\/2016\/08\/benito-perez-galdos.jpg?fit=1200%2C630","jetpack_sharing_enabled":true,"jetpack_shortlink":"https:\/\/wp.me\/p7ETMF-9jB","jetpack-related-posts":[{"id":37181,"url":"http:\/\/vincentians.com\/es\/ano-1637\/","url_meta":{"origin":35811,"position":0},"title":"A\u00f1o 1637","author":"Francisco Javier Fern\u00e1ndez Chento","date":"07\/02\/2017","format":false,"excerpt":"El a\u00f1o 1637 en Francia: 4 enero: Primera representaci\u00f3n al p\u00fablico, en el teatro del Marais, de la obra de Corneille \"El Cid\", con gran pol\u00e9mica. \u00bfEra una exaltaci\u00f3n de los valores y nobleza de los espa\u00f1oles? (A. 124; Lu. 245). 8 febrero: Gast\u00f3n, una vez m\u00e1s, se reconcilia con\u2026","rel":"","context":"En \u00abEn tiempos de Vicente de Pa\u00fal\u00bb","block_context":{"text":"En tiempos de Vicente de Pa\u00fal","link":"http:\/\/vincentians.com\/es\/category\/historia-de-la-familia-vicenciana\/en-tiempos-de-vicente-de-paul\/"},"img":{"alt_text":"","src":"https:\/\/i0.wp.com\/vincentians.com\/es\/wp-content\/uploads\/sites\/11\/2016\/09\/voluntad-del-padre.jpg?fit=1200%2C630&resize=350%2C200","width":350,"height":200,"srcset":"https:\/\/i0.wp.com\/vincentians.com\/es\/wp-content\/uploads\/sites\/11\/2016\/09\/voluntad-del-padre.jpg?fit=1200%2C630&resize=350%2C200 1x, https:\/\/i0.wp.com\/vincentians.com\/es\/wp-content\/uploads\/sites\/11\/2016\/09\/voluntad-del-padre.jpg?fit=1200%2C630&resize=525%2C300 1.5x, https:\/\/i0.wp.com\/vincentians.com\/es\/wp-content\/uploads\/sites\/11\/2016\/09\/voluntad-del-padre.jpg?fit=1200%2C630&resize=700%2C400 2x, https:\/\/i0.wp.com\/vincentians.com\/es\/wp-content\/uploads\/sites\/11\/2016\/09\/voluntad-del-padre.jpg?fit=1200%2C630&resize=1050%2C600 3x"},"classes":[]},{"id":35941,"url":"http:\/\/vincentians.com\/es\/ano-1632\/","url_meta":{"origin":35811,"position":1},"title":"A\u00f1o 1632","author":"Francisco Javier Fern\u00e1ndez Chento","date":"23\/03\/2022","format":false,"excerpt":"El a\u00f1o 1632 en Francia: 3 enero: Gast\u00f3n se casa en secreto con Margarita, la hermana del duque de Lorena, quien ocult\u00e1ndole el casamiento, firma con Luis XIII el tratado de Vic (6 de enero) por el cual Carlos IV cede Marsal a Francia por tres a\u00f1os, concede a los\u2026","rel":"","context":"En \u00abEn tiempos de Vicente de Pa\u00fal\u00bb","block_context":{"text":"En tiempos de Vicente de Pa\u00fal","link":"http:\/\/vincentians.com\/es\/category\/historia-de-la-familia-vicenciana\/en-tiempos-de-vicente-de-paul\/"},"img":{"alt_text":"","src":"https:\/\/i0.wp.com\/vincentians.com\/es\/wp-content\/uploads\/sites\/11\/2015\/04\/tres-descubrimientos-de-Vicente-de-Paul.jpg?fit=1200%2C630&resize=350%2C200","width":350,"height":200,"srcset":"https:\/\/i0.wp.com\/vincentians.com\/es\/wp-content\/uploads\/sites\/11\/2015\/04\/tres-descubrimientos-de-Vicente-de-Paul.jpg?fit=1200%2C630&resize=350%2C200 1x, https:\/\/i0.wp.com\/vincentians.com\/es\/wp-content\/uploads\/sites\/11\/2015\/04\/tres-descubrimientos-de-Vicente-de-Paul.jpg?fit=1200%2C630&resize=525%2C300 1.5x, https:\/\/i0.wp.com\/vincentians.com\/es\/wp-content\/uploads\/sites\/11\/2015\/04\/tres-descubrimientos-de-Vicente-de-Paul.jpg?fit=1200%2C630&resize=700%2C400 2x, https:\/\/i0.wp.com\/vincentians.com\/es\/wp-content\/uploads\/sites\/11\/2015\/04\/tres-descubrimientos-de-Vicente-de-Paul.jpg?fit=1200%2C630&resize=1050%2C600 3x"},"classes":[]},{"id":35236,"url":"http:\/\/vincentians.com\/es\/ano-1630\/","url_meta":{"origin":35811,"position":2},"title":"A\u00f1o 1630","author":"Francisco Javier Fern\u00e1ndez Chento","date":"23\/01\/2017","format":false,"excerpt":"El a\u00f1o 1630 en Francia: Enero: Decreto de reorganizaci\u00f3n del Gran Consejo Real por el que se crean cuatro secciones: 1\u00aa: Consejo Privado o de los Partidos; 2\u00aa: Consejo de Asuntos o Despachos; 3\u00aa: Consejo de Estado y Finanzas; 4\u00aa: Consejo de Finanzas. Adem\u00e1s se crea el Consejo Secreto de\u2026","rel":"","context":"En \u00abEn tiempos de Vicente de Pa\u00fal\u00bb","block_context":{"text":"En tiempos de Vicente de Pa\u00fal","link":"http:\/\/vincentians.com\/es\/category\/historia-de-la-familia-vicenciana\/en-tiempos-de-vicente-de-paul\/"},"img":{"alt_text":"","src":"https:\/\/i0.wp.com\/vincentians.com\/es\/wp-content\/uploads\/sites\/11\/2016\/09\/enviados-evangelizar-pobres.jpg?fit=1200%2C630&resize=350%2C200","width":350,"height":200,"srcset":"https:\/\/i0.wp.com\/vincentians.com\/es\/wp-content\/uploads\/sites\/11\/2016\/09\/enviados-evangelizar-pobres.jpg?fit=1200%2C630&resize=350%2C200 1x, https:\/\/i0.wp.com\/vincentians.com\/es\/wp-content\/uploads\/sites\/11\/2016\/09\/enviados-evangelizar-pobres.jpg?fit=1200%2C630&resize=525%2C300 1.5x, https:\/\/i0.wp.com\/vincentians.com\/es\/wp-content\/uploads\/sites\/11\/2016\/09\/enviados-evangelizar-pobres.jpg?fit=1200%2C630&resize=700%2C400 2x, https:\/\/i0.wp.com\/vincentians.com\/es\/wp-content\/uploads\/sites\/11\/2016\/09\/enviados-evangelizar-pobres.jpg?fit=1200%2C630&resize=1050%2C600 3x"},"classes":[]},{"id":37182,"url":"http:\/\/vincentians.com\/es\/ano-1638\/","url_meta":{"origin":35811,"position":3},"title":"A\u00f1o 1638","author":"Francisco Javier Fern\u00e1ndez Chento","date":"15\/02\/2017","format":false,"excerpt":"El a\u00f1o 1638 en Francia: 1 enero: Las tierras de Aiguillon que hab\u00edan pertenecido al favorito de Gast\u00f3n, Puylaurens (encarcelado en 1635 y muerto a los pocos meses, R. 557) elevadas a la categor\u00eda de Ducado-Par pagan a Combalet, sobrina de Richelieu, desde ahora la Duquesa de Aiguillon (R. 618).\u2026","rel":"","context":"En \u00abEn tiempos de Vicente de Pa\u00fal\u00bb","block_context":{"text":"En tiempos de Vicente de Pa\u00fal","link":"http:\/\/vincentians.com\/es\/category\/historia-de-la-familia-vicenciana\/en-tiempos-de-vicente-de-paul\/"},"img":{"alt_text":"","src":"https:\/\/i0.wp.com\/vincentians.com\/es\/wp-content\/uploads\/sites\/11\/2016\/10\/chatillon_sur_chalaronne.jpg?fit=1200%2C630&resize=350%2C200","width":350,"height":200,"srcset":"https:\/\/i0.wp.com\/vincentians.com\/es\/wp-content\/uploads\/sites\/11\/2016\/10\/chatillon_sur_chalaronne.jpg?fit=1200%2C630&resize=350%2C200 1x, https:\/\/i0.wp.com\/vincentians.com\/es\/wp-content\/uploads\/sites\/11\/2016\/10\/chatillon_sur_chalaronne.jpg?fit=1200%2C630&resize=525%2C300 1.5x, https:\/\/i0.wp.com\/vincentians.com\/es\/wp-content\/uploads\/sites\/11\/2016\/10\/chatillon_sur_chalaronne.jpg?fit=1200%2C630&resize=700%2C400 2x, https:\/\/i0.wp.com\/vincentians.com\/es\/wp-content\/uploads\/sites\/11\/2016\/10\/chatillon_sur_chalaronne.jpg?fit=1200%2C630&resize=1050%2C600 3x"},"classes":[]},{"id":34509,"url":"http:\/\/vincentians.com\/es\/ano-1629\/","url_meta":{"origin":35811,"position":4},"title":"A\u00f1o 1629","author":"Francisco Javier Fern\u00e1ndez Chento","date":"21\/01\/2017","format":false,"excerpt":"El a\u00f1o 1629 en Francia: Enero: Miguel de Marillac publica el \"C\u00f3digo Michau\" que recopila las Ordenanzas de los Estados Generales, las Asambleas de Notables y una serie de las leyes financieras y administrativas (L. 343; MM. 448-449; R. 485). 13 enero: Richelieu hace p\u00fablico su programa pol\u00edtico a seguir\u2026","rel":"","context":"En \u00abEn tiempos de Vicente de Pa\u00fal\u00bb","block_context":{"text":"En tiempos de Vicente de Pa\u00fal","link":"http:\/\/vincentians.com\/es\/category\/historia-de-la-familia-vicenciana\/en-tiempos-de-vicente-de-paul\/"},"img":{"alt_text":"","src":"https:\/\/i0.wp.com\/vincentians.com\/es\/wp-content\/uploads\/sites\/11\/2016\/10\/ranquines.jpg?fit=1200%2C630&resize=350%2C200","width":350,"height":200,"srcset":"https:\/\/i0.wp.com\/vincentians.com\/es\/wp-content\/uploads\/sites\/11\/2016\/10\/ranquines.jpg?fit=1200%2C630&resize=350%2C200 1x, https:\/\/i0.wp.com\/vincentians.com\/es\/wp-content\/uploads\/sites\/11\/2016\/10\/ranquines.jpg?fit=1200%2C630&resize=525%2C300 1.5x, https:\/\/i0.wp.com\/vincentians.com\/es\/wp-content\/uploads\/sites\/11\/2016\/10\/ranquines.jpg?fit=1200%2C630&resize=700%2C400 2x, https:\/\/i0.wp.com\/vincentians.com\/es\/wp-content\/uploads\/sites\/11\/2016\/10\/ranquines.jpg?fit=1200%2C630&resize=1050%2C600 3x"},"classes":[]},{"id":34507,"url":"http:\/\/vincentians.com\/es\/ano-1628\/","url_meta":{"origin":35811,"position":5},"title":"A\u00f1o 1628","author":"Francisco Javier Fern\u00e1ndez Chento","date":"21\/01\/2017","format":false,"excerpt":"El a\u00f1o 1628 en Francia: 6 febrero-24 junio: Asamblea del Clero (peque\u00f1a o de cuentas). Acordar\u00e1 un don al Estado de 3 millones de libras para el sitio de La Rochela (R. 466). 8 febrero: Ambrosio de Sp\u00ednola acude a La Rochela y les asesora en el proyecto de construcci\u00f3n\u2026","rel":"","context":"En \u00abEn tiempos de Vicente de Pa\u00fal\u00bb","block_context":{"text":"En tiempos de Vicente de Pa\u00fal","link":"http:\/\/vincentians.com\/es\/category\/historia-de-la-familia-vicenciana\/en-tiempos-de-vicente-de-paul\/"},"img":{"alt_text":"","src":"https:\/\/i0.wp.com\/vincentians.com\/es\/wp-content\/uploads\/sites\/11\/2016\/09\/identidad.jpg?fit=1200%2C630&resize=350%2C200","width":350,"height":200,"srcset":"https:\/\/i0.wp.com\/vincentians.com\/es\/wp-content\/uploads\/sites\/11\/2016\/09\/identidad.jpg?fit=1200%2C630&resize=350%2C200 1x, https:\/\/i0.wp.com\/vincentians.com\/es\/wp-content\/uploads\/sites\/11\/2016\/09\/identidad.jpg?fit=1200%2C630&resize=525%2C300 1.5x, https:\/\/i0.wp.com\/vincentians.com\/es\/wp-content\/uploads\/sites\/11\/2016\/09\/identidad.jpg?fit=1200%2C630&resize=700%2C400 2x, https:\/\/i0.wp.com\/vincentians.com\/es\/wp-content\/uploads\/sites\/11\/2016\/09\/identidad.jpg?fit=1200%2C630&resize=1050%2C600 3x"},"classes":[]}],"_links":{"self":[{"href":"http:\/\/vincentians.com\/es\/wp-json\/wp\/v2\/posts\/35811","targetHints":{"allow":["GET"]}}],"collection":[{"href":"http:\/\/vincentians.com\/es\/wp-json\/wp\/v2\/posts"}],"about":[{"href":"http:\/\/vincentians.com\/es\/wp-json\/wp\/v2\/types\/post"}],"author":[{"embeddable":true,"href":"http:\/\/vincentians.com\/es\/wp-json\/wp\/v2\/users\/4"}],"replies":[{"embeddable":true,"href":"http:\/\/vincentians.com\/es\/wp-json\/wp\/v2\/comments?post=35811"}],"version-history":[{"count":2,"href":"http:\/\/vincentians.com\/es\/wp-json\/wp\/v2\/posts\/35811\/revisions"}],"predecessor-version":[{"id":400365,"href":"http:\/\/vincentians.com\/es\/wp-json\/wp\/v2\/posts\/35811\/revisions\/400365"}],"wp:featuredmedia":[{"embeddable":true,"href":"http:\/\/vincentians.com\/es\/wp-json\/wp\/v2\/media\/399384"}],"wp:attachment":[{"href":"http:\/\/vincentians.com\/es\/wp-json\/wp\/v2\/media?parent=35811"}],"wp:term":[{"taxonomy":"category","embeddable":true,"href":"http:\/\/vincentians.com\/es\/wp-json\/wp\/v2\/categories?post=35811"},{"taxonomy":"post_tag","embeddable":true,"href":"http:\/\/vincentians.com\/es\/wp-json\/wp\/v2\/tags?post=35811"}],"curies":[{"name":"wp","href":"https:\/\/api.w.org\/{rel}","templated":true}]}}