{"id":35503,"date":"2014-06-09T08:39:48","date_gmt":"2014-06-09T06:39:48","guid":{"rendered":"http:\/\/somos.vicencianos.org\/?p=35503"},"modified":"2014-06-09T08:39:48","modified_gmt":"2014-06-09T06:39:48","slug":"via-crucis-de-la-pasion-y-muerte-de-jesus-en-el-mundo-obrero-de-hoy","status":"publish","type":"post","link":"http:\/\/vincentians.com\/es\/via-crucis-de-la-pasion-y-muerte-de-jesus-en-el-mundo-obrero-de-hoy\/","title":{"rendered":"Via Crucis de la Pasi\u00f3n y muerte de Jes\u00fas en el mundo obrero de hoy"},"content":{"rendered":"<h2 style=\"text-align: justify\">Introducci\u00f3n<\/h2>\n<h3 style=\"text-align: justify\"><strong>Invocaci\u00f3n:<\/strong><\/h3>\n<p style=\"text-align: justify\">P\/ Te adoramos, oh Cristo, y te bendecimos,<br \/>\nR\/ que por tu santa Cruz redimiste el mundo.<\/p>\n<p style=\"text-align: justify\">Hoy nos reunimos para actualizar aquel primer viacrucis del ajusticiado Jes\u00fas. Contemplando su camino hasta el supli\u00adcio, queremos solidarizarnos con todas las v\u00edctimas de la historia, en las que \u00c9l sigue sufriendo y muriendo. Vamos, pues, a acompa\u00f1arle en su Cuerpo do\u00adliente y crucificado de nuevo, aqu\u00ed y aho\u00adra, a lo largo y ancho de nuestro mundo. Por eso nuestro \u00abV\u00eda Crucis\u00bb es hoy, tambi\u00e9n, un \u00abV\u00eda Mundis\u00bb: el camino de la Cruz es el camino del mundo. Vamos a caminar con el mundo que sube hasta el Calvario: el Calvario del despido y del paro, de la precariedad, de la econom\u00eda sumergida, del hambre y de la guerra, de todo tipo de violencias&#8230;<\/p>\n<p style=\"text-align: justify\">Las v\u00edctimas de hoy (sin rostro, sin nombre, an\u00f3nimas, irrelevan\u00adtes,&#8230;) son. tambi\u00e9n Cristo Crucificado.<\/p>\n<p style=\"text-align: justify\">Que la actualizaci\u00f3n del V\u00eda Crucis nos comprometa a estar siempre al lado de quienes sufren injustamente, a fin de trabajar, con todas nuestras fuerzas, para suprimir tantas cruces que hoy ponemos en las espaldas de los empobrecidos y desamparados de nuestro mundo.<\/p>\n<h2 style=\"text-align: justify\"><strong>1<\/strong><strong><sup>a<\/sup><\/strong><strong> Estaci\u00f3n: La condena injusta del inocente Jes\u00fas por la seguridad del \u00aborden\u00bb<\/strong><\/h2>\n<h3 style=\"text-align: justify\"><strong><a href=\"https:\/\/i0.wp.com\/vicencianos.org\/wp-content\/2011\/04\/Viacrucis01.jpg\"><img data-recalc-dims=\"1\" loading=\"lazy\" decoding=\"async\" class=\"alignright size-medium wp-image-35506\" title=\"Viacrucis01\" src=\"https:\/\/i0.wp.com\/vicencianos.org\/wp-content\/2011\/04\/Viacrucis01-242x300.jpg?resize=242%2C300\" alt=\"\" width=\"242\" height=\"300\" \/><\/a>Invocaci\u00f3n:<\/strong><\/h3>\n<p style=\"text-align: justify\">P\/ Te adoramos, oh Cristo, y te bendecimos,<br \/>\nR\/ que por tu santa Cruz redimiste el mundo.<\/p>\n<h3 style=\"text-align: justify\"><strong>Nuevo Testamento:<\/strong><\/h3>\n<p style=\"text-align: justify\">Del Evangelio de Juan (19,14a-16).<\/p>\n<p style=\"text-align: justify\">Dijo Pilato a los jud\u00edos: \u00abAqu\u00ed ten\u00e9is a vuestro rey. Ellos gritaban: \u00ab&#8216;Fuera, fuera! \u00a1Crucif\u00edcalo!\u00bb Pilato les dijo: \u00ab\u00bfCrucificar a vuestro rey?\u00bb Contestaron: \u00abNo tenemos m\u00e1s rey que el <em>C\u00e9sar\u00bb. <\/em>Entonces, al fin, <em>se <\/em>lo entreg\u00f3 para que lo crucificaran.<\/p>\n<h3 style=\"text-align: justify\"><strong>Lectura: Testimonio de un inmigrante a Caritas Diocesana<\/strong><\/h3>\n<p style=\"text-align: justify\">Un joven boliviano que participa en un curso de formaci\u00f3n, aca\u00adba de salir de la Comisar\u00eda. \u00abMe detuvieron dos polic\u00edas. Uno de ellos, al ver el papel de que estaba haciendo un curso de C\u00e1ri\u00adtas, me quiso dejar ir. Su compa\u00f1ero se neg\u00f3 y me llevaron a la Comisar\u00eda, porque en el Centro de Internamiento no hay sitio. Pas\u00e9 la noche con otras ocho personas en u\u00f1a celda. No nos dejaban ir al cuarto de ba\u00f1o. Ahora me han dado una citaci\u00f3n para que me presente en el Juzgado. Pero tengo miedo, es po\u00adsible que vayan a buscarme a casa, as\u00ed que me ir\u00e9 a otro sitio\u00bb.<\/p>\n<h3 style=\"text-align: justify\"><strong>Oraci\u00f3n:<\/strong><\/h3>\n<p style=\"text-align: justify\">Jes\u00fas, condenado por el \u00aborden\u00bb de este mundo: venimos hoy ante Ti. Te traemos a los condenados de la tierra. Son condena\u00addos al hambre, al desempleo, al desprecio, al desamparo y a la represi\u00f3n. Jes\u00fas, justo y condenado: que mantengamos la fe en Ti, pues s\u00f3lo T\u00fa no nos condenas sino que nos perdonas y sal\u00advas.<\/p>\n<h3 style=\"text-align: justify\"><strong>Canto:<\/strong><\/h3>\n<p style=\"text-align: justify\">Alguien sufre hoy, ten piedad; alguien llora hoy, ten piedad; alguien muere hoy, ten piedad, Se\u00f1or, ten piedad.<\/p>\n<h2 style=\"text-align: justify\"><strong>2\u00aa Estaci\u00f3n: La pesada carga del mal e injusticia del mundo, sobre los hombros de Jes\u00fas<\/strong><\/h2>\n<h3 style=\"text-align: justify\"><strong><a href=\"https:\/\/i0.wp.com\/vicencianos.org\/wp-content\/2011\/04\/Viacrucis02.jpg\"><img data-recalc-dims=\"1\" loading=\"lazy\" decoding=\"async\" class=\"alignright size-medium wp-image-35507\" title=\"Viacrucis02\" src=\"https:\/\/i0.wp.com\/vicencianos.org\/wp-content\/2011\/04\/Viacrucis02-242x300.jpg?resize=242%2C300\" alt=\"\" width=\"242\" height=\"300\" \/><\/a>Invocaci\u00f3n:<\/strong><\/h3>\n<p style=\"text-align: justify\">P\/ Te adoramos, oh Cristo, y te bendecimos,<br \/>\nR\/ que por tu santa Cruz redimiste el mundo.<\/p>\n<h3 style=\"text-align: justify\"><strong><strong>Nuevo Testamento:<\/strong><\/strong><\/h3>\n<p style=\"text-align: justify\">Del Evangelio de Juan (19,16-17)<\/p>\n<p style=\"text-align: justify\">Tomaron a Jes\u00fas y, carg\u00e1ndole la cruz, sali\u00f3 al sitio llamado Calvario, que en hebreo <em>se <\/em>dice G\u00f3lgota.<\/p>\n<h3 style=\"text-align: justify\"><strong>Lectura-reflexi\u00f3n:<\/strong><\/h3>\n<p style=\"text-align: justify\">V\u00edctorina es una viuda como otras muchas que pueblan nuestros barrios. Apenas puede salir adelante con la pensi\u00f3n m\u00ednima que le dej\u00f3 su marido. Una de sus hijas, ya casada, ha vuelto con toda su familia a su casa. Est\u00e1n ella y su marido en el paro. V\u00edctorina les ha abierto las puertas de su casa. Tratan juntos de sobrevivir ante la crisis. Suman los pocos ingresos. Como buena madre, carga a sus espaldas el peso de una crisis que ella no ha provocado. Su amor desbordante, aunque anciano, sigue dando vida.<\/p>\n<h3 style=\"text-align: justify\"><strong>Oraci\u00f3n:<\/strong><\/h3>\n<p style=\"text-align: justify\">Se\u00f1or, te presentamos aquellas personas a quienes cargamos con la cruz del despido, el paro y las deudas. Nuestra sociedad sigue haciendo prevalecer los intereses econ\u00f3micos a los hu\u00admanos. Danos tu Esp\u00edritu para sentir como nuestro el peso de la injusticia que cae sobre tantos vecinos y compa\u00f1eros.<\/p>\n<h3 style=\"text-align: justify\"><strong>Canto:<\/strong><\/h3>\n<p style=\"text-align: justify\">Danos un coraz\u00f3n grande para amar,<br \/>\nDanos un coraz\u00f3n fuerte para luchar.<\/p>\n<p style=\"text-align: justify\">Hombres Nuevos creadores de la historia<br \/>\nconstructores de nueva humanidad.<br \/>\nHombres nuevos sin frenos ni cadenas<br \/>\nhombres libres que exigen libertad.<\/p>\n<h2 style=\"text-align: justify\"><strong>3\u00aa Estaci\u00f3n:<\/strong><strong> El peso del mal y del dolor <\/strong><strong>hacen caer a tierra a Jes\u00fas<\/strong><\/h2>\n<h3 style=\"text-align: justify\"><strong><a href=\"https:\/\/i0.wp.com\/vicencianos.org\/wp-content\/2011\/04\/Viacrucis03.jpg\"><img data-recalc-dims=\"1\" loading=\"lazy\" decoding=\"async\" class=\"alignright size-medium wp-image-35508\" title=\"Viacrucis03\" src=\"https:\/\/i0.wp.com\/vicencianos.org\/wp-content\/2011\/04\/Viacrucis03-242x300.jpg?resize=242%2C300\" alt=\"\" width=\"242\" height=\"300\" \/><\/a>Invocaci\u00f3n:<\/strong><\/h3>\n<p style=\"text-align: justify\">P\/ Te adoramos, oh Cristo, y te bendecimos,<br \/>\nR\/ que por tu santa Cruz redimiste el mundo.<\/p>\n<h3 style=\"text-align: justify\"><strong>Nuevo Testamento:<\/strong><\/h3>\n<p style=\"text-align: justify\">De evangelio de San Juan (12,24-25a)<\/p>\n<p style=\"text-align: justify\">Dijo Jes\u00fas: Yo os aseguro que el grano de trigo seguir\u00e1 siendo un \u00fanico grano, a no ser que caiga dentro de la tierra y muera; s\u00f3lo entonces producir\u00e1 fruto abundante. Quien vive preocupado por su vida, la perder\u00e1\u00bb.<\/p>\n<h3 style=\"text-align: justify\"><strong>Lectura-reflexi\u00f3n:<\/strong><\/h3>\n<p style=\"text-align: justify\">Cuando los a\u00f1os pasan y ya no sirvo para trabajar; cuando la enfermedad va minando mi salud y me cambia la vida; cuando aunque estire el sueldo, el dinero no llega; cuando los problemas se amontonan y parece que no tengan soluci\u00f3n; cuando me fa\u00adllan las fuerzas y tengo que seguir adelante; cuando me miran con extra\u00f1eza porque soy diferente; cuando tengo que salir de mi casa y de mi tierra para ganarme el pan en otras casas y en otras tierras; cuando no puedo dar a los m\u00edos el pan que necesi\u00adtan&#8230;; entonces, Jes\u00fas, yo tambi\u00e9n caigo a tierra como T\u00fa.<\/p>\n<h3 style=\"text-align: justify\"><strong>Oraci\u00f3n <\/strong><\/h3>\n<p style=\"text-align: justify\">Se\u00f1or, al verte por tierra recordamos a tantas personas de\u00adrrumbadas por las cargas que sufren. Danos fuerza para ayudar a que nadie caiga y para aliviar a quienes van demasiado carga\u00addos.<\/p>\n<h3 style=\"text-align: justify\"><strong>Canto:<\/strong><\/h3>\n<p style=\"text-align: justify\">Postrado ante la cruz en la que has muerto<br \/>\ny a la que yo tambi\u00e9n te he condenado,<br \/>\ns\u00f3lo puedo decirte que lo siento,<br \/>\nsolo puedo decirte que hoy te amo.<br \/>\nY te pido perd\u00f3n por mis errores,<br \/>\ny te pido perd\u00f3n por mis pecados.<br \/>\nPERD\u00d3NAME SE\u00d1OR, HOY ME ARREPIENTO<br \/>\nPERD\u00d3NAME, MI DIOS CRUCIFICADO.<\/p>\n<h2 style=\"text-align: justify\">4<sup>a<\/sup> Estaci\u00f3n: La madre dolorosa contempla el rostro doliente y desfigurado de Jes\u00fas camino de la cruz.<\/h2>\n<h3 style=\"text-align: justify\"><strong><a href=\"https:\/\/i0.wp.com\/vicencianos.org\/wp-content\/2011\/04\/Viacrucis04.jpg\"><img data-recalc-dims=\"1\" loading=\"lazy\" decoding=\"async\" class=\"alignright size-medium wp-image-35509\" title=\"Viacrucis04\" src=\"https:\/\/i0.wp.com\/vicencianos.org\/wp-content\/2011\/04\/Viacrucis04-242x300.jpg?resize=242%2C300\" alt=\"\" width=\"242\" height=\"300\" \/><\/a>Invocaci\u00f3n:<\/strong><\/h3>\n<p style=\"text-align: justify\">P\/ Te adoramos, oh Cristo, y te bendecimos,<br \/>\nR\/ que por tu santa Cruz redimiste el mundo.<\/p>\n<h3 style=\"text-align: justify\"><strong>Nuevo Testamento:<\/strong><\/h3>\n<p style=\"text-align: justify\">Del Evangelio de Lucas (2,34-35):<\/p>\n<p style=\"text-align: justify\">Sim\u00f3n les bendijo y dijo a Mar\u00eda, su Madre: \u00ab\u00c9ste est\u00e1 puesto pa\u00adra ca\u00edda y elevaci\u00f3n de muchos en Israel, y para ser se\u00f1al de con\u00adtradicci\u00f3n, a fin de que queden al descubierto las intenciones de muchos corazones. Y <em>a <\/em>ti misma, una espada te atravesar\u00e1 el alma\u00bb.<\/p>\n<h3 style=\"text-align: justify\"><strong>Lectura-reflexi\u00f3n:<\/strong><\/h3>\n<p style=\"text-align: justify\">En este largo calvario de la crisis, muchas mujeres han visto pasar por delante de sus vidas al Viviente crucificado. Josefina ha visto c\u00f3mo su marido, 10 a\u00f1os ya en Espa\u00f1a, perd\u00eda su puesto de trabajo. Gracias a \u00e9l, pudieron reagruparse toda la familia ve\u00adnida de Ecuador. Ella es consuelo para un hombre al que han roto todos sus sue\u00f1os. Ahora la toca a ella cargar con el peso de la familia. Y se ha puesto a trabajar en la limpieza. La pagan una miseria por limpiar portales. No puede ponerse enferma ni que\u00adjarse. Hay muchas en el paro, le amenaza su jefe.<\/p>\n<h3 style=\"text-align: justify\"><strong>Oraci\u00f3n:<\/strong><\/h3>\n<p style=\"text-align: justify\">Jes\u00fas, hijo de Mar\u00eda, que fortalecidos por la mirada de tu ma\u00addre, podamos acompa\u00f1ar a los hermanos y hermanas que su\u00adfren a nuestro alrededor.<\/p>\n<h3 style=\"text-align: justify\"><strong>Canto:<\/strong><\/h3>\n<p style=\"text-align: justify\">Madre de los pobres, los humildes y sencillos,<br \/>\nde los tristes y los ni\u00f1os, que conf\u00edan siempre en Dios.<br \/>\nT\u00fa, que has vivido el dolor y la pobreza; T\u00fa que has sufrido en la noche sin hogar;<br \/>\nT\u00fa que eres madre de los pobres y olvidados, Eres el consuelo del que reza en su llorar.<\/p>\n<h2 style=\"text-align: justify\"><strong>5\u00aa Estaci\u00f3n:<\/strong><strong> Un hombre del pueblo <\/strong><strong>ayuda a Jes\u00fas a llevar la pesada carga de la Cruz<\/strong><\/h2>\n<h3 style=\"text-align: justify\"><strong><a href=\"https:\/\/i0.wp.com\/vicencianos.org\/wp-content\/2011\/04\/Viacrucis06.jpg\"><img data-recalc-dims=\"1\" loading=\"lazy\" decoding=\"async\" class=\"alignright size-medium wp-image-35512\" title=\"Viacrucis06\" src=\"https:\/\/i0.wp.com\/vicencianos.org\/wp-content\/2011\/04\/Viacrucis06-242x300.jpg?resize=242%2C300\" alt=\"\" width=\"242\" height=\"300\" \/><\/a>Invocaci\u00f3n:<\/strong><\/h3>\n<p style=\"text-align: justify\">P\/ Te adoramos, oh Cristo, y te bendecimos,<br \/>\nR\/ que por tu santa Cruz redimiste el mundo.<\/p>\n<h3 style=\"text-align: justify\"><strong>Nuevo Testamento:<\/strong><\/h3>\n<p style=\"text-align: justify\">Del evangelio de Lucas (23, 26)<\/p>\n<p style=\"text-align: justify\">\u00abCuando se lo llevaban para crucificarlo, echaron mano de un tal Sim\u00f3n de Cirene, que ven\u00eda del campo, y le cargaron la cruz para que la llevara detr\u00e1s de Jes\u00fas\u00bb.<\/p>\n<h3 style=\"text-align: justify\"><strong>Lectura-reflexi\u00f3n:<\/strong><\/h3>\n<p style=\"text-align: justify\">Las familias est\u00e1n siendo un verdadero colch\u00f3n en medio de esta crisis. El otro d\u00eda una madre del barrio me pill\u00f3 comprando alimentos en el super para los necesitados de Caritas. Me co\u00adment\u00f3 lo mal que lo est\u00e1 pasando un hermano suyo. Perdi\u00f3 el empleo y en casa nadie ingresa nada. Tiene dos hijos que ali\u00admentar. Entre los hermanos le est\u00e1n ayudando. Ellos son el Ciri\u00adneo del camino.<\/p>\n<h3 style=\"text-align: justify\"><strong>Oraci\u00f3n <\/strong><\/h3>\n<p style=\"text-align: justify\">Ens\u00e9\u00f1ame, Cristo, a ser siempre un Cirineo para mis hermanos y hermanas, y a aceptar a todos los Cirineos que encuentro en mi camino.<\/p>\n<h3 style=\"text-align: justify\"><strong>Canto:<\/strong><\/h3>\n<p style=\"text-align: justify\">Cuando el pobre nada tiene y a\u00fan reparte,<br \/>\ncuando un pobre pasa sed y agua nos da,<br \/>\ncuando el d\u00e9bil a su hermano fortalece,<br \/>\nva Dios mismo en nuestro mismo caminar (bis).<\/p>\n<h2 style=\"text-align: justify\"><strong>6\u00aa Estaci\u00f3n: Un mujer del pueblo se compadeci\u00f3 de Jes\u00fas y le sec\u00f3 el rostro con un lienzo<\/strong><\/h2>\n<h3 style=\"text-align: justify\"><strong><a href=\"https:\/\/i0.wp.com\/vicencianos.org\/wp-content\/2011\/04\/Viacrucis08.jpg\"><img data-recalc-dims=\"1\" loading=\"lazy\" decoding=\"async\" class=\"alignright size-medium wp-image-35511\" title=\"Viacrucis08\" src=\"https:\/\/i0.wp.com\/vicencianos.org\/wp-content\/2011\/04\/Viacrucis08-242x300.jpg?resize=242%2C300\" alt=\"\" width=\"242\" height=\"300\" \/><\/a>Invocaci\u00f3n:<\/strong><\/h3>\n<p style=\"text-align: justify\">P\/ Te adoramos, oh Cristo, y te bendecimos,<br \/>\nR\/ que por tu santa Cruz redimiste el mundo.<\/p>\n<h3 style=\"text-align: justify\"><strong>Nuevo Testamento:<\/strong><\/h3>\n<p style=\"text-align: justify\">Del evangelio de Mateo (10,42)<\/p>\n<p style=\"text-align: justify\">Dijo <em>Jes\u00fas: \u00abY <\/em>quien d\u00e9 un vaso de agua a uno de estos peque\u00f1os por ser disc\u00edpulo m\u00edo, os aseguro que no se quedar\u00e1 sin recompensa\u00bb.<\/p>\n<h3 style=\"text-align: justify\"><strong>Lectura-reflexi\u00f3n:<\/strong><\/h3>\n<p style=\"text-align: justify\">Florencio est\u00e1 ya jubilado. Pod\u00eda quedarse en la cama o dedi\u00adcarse a sus aficiones particulares. Sin embargo, todos los d\u00edas de labor va a la Casa de acogida de san Vicente a dar de comer a los transe\u00fantes e inmigrantes. Lo que m\u00e1s le gusta es escu\u00adcharles, dedicarles tiempo. Asegura que es mucho m\u00e1s lo que recibe, que lo que da. Y que ellos se sienten dignificados. Les acaba cogiendo cari\u00f1o. Luego le saludan por la calle. Sus nom\u00adbres se han grabado en la memoria y en el coraz\u00f3n.<\/p>\n<h3 style=\"text-align: justify\"><strong>Oraci\u00f3n:<\/strong><\/h3>\n<p style=\"text-align: justify\">Jes\u00fas: que nunca nos falten los buenos hombres y mujeres an\u00f3nimos que enjugan las l\u00e1grimas y consuelan a los cansados del camino de la vida. Que descubran <sup>&#8211;<\/sup>en los pobres tu rostro ensangrentado.<\/p>\n<h3 style=\"text-align: justify\"><strong>Canto:<\/strong><\/h3>\n<p style=\"text-align: justify\">Con vosotros est\u00e1 y no le conoc\u00e9is;<br \/>\ncon vosotros est\u00e1, su nombre es el Se\u00f1or. (bis)<\/p>\n<h2 style=\"text-align: justify\"><strong>7<\/strong><strong><sup>a<\/sup><\/strong><strong> Estaci\u00f3n:<\/strong><strong> Jes\u00fas va sinti\u00e9ndose <\/strong><strong>m\u00e1s agotado y cae a tierra<\/strong><strong> por segunda vez<\/strong><\/h2>\n<h3 style=\"text-align: justify\"><strong><strong><a href=\"https:\/\/i0.wp.com\/vicencianos.org\/wp-content\/2011\/04\/Viacrucis05.jpg\"><img data-recalc-dims=\"1\" loading=\"lazy\" decoding=\"async\" class=\"alignright\" title=\"Viacrucis05\" src=\"https:\/\/i0.wp.com\/vicencianos.org\/wp-content\/2011\/04\/Viacrucis05-242x300.jpg?resize=242%2C300\" alt=\"\" width=\"242\" height=\"300\" \/><\/a><\/strong><\/strong><\/h3>\n<h3 style=\"text-align: justify\"><strong>Invocaci\u00f3n:<\/strong><\/h3>\n<p style=\"text-align: justify\">P\/ Te adoramos, oh Cristo, y te bendecimos,<br \/>\nR\/ que por tu santa Cruz redimiste el mundo.<\/p>\n<h3 style=\"text-align: justify\"><strong>Nuevo Testamento:<\/strong><\/h3>\n<p style=\"text-align: justify\">Del Evangelio de Mateo (23, 37ss):<\/p>\n<p style=\"text-align: justify\">Jerusal\u00e9n, Jerusal\u00e9n, que matas a los profetas y apedreas a los que te son enviados. \u00a1Cu\u00e1ntas veces he querido reunir a tus hijos, como una gallina re\u00fane a sus pollos bajo las alas, y no has querido! Pues bien, se os va a dejar desierta vuestra casa.<\/p>\n<h3 style=\"text-align: justify\"><strong>Lectura-reflexi\u00f3n:<\/strong><\/h3>\n<p style=\"text-align: justify\">No, no es la cruz al m\u00e9rito, ni la gran cruz de oro y brillantes. Es la cruz, la de siempre, la de morir. Una cruz que sigue pesando hoy sobre los seres humanos: el trabajo precario que deshuma\u00adniza; la precariedad laboral que produce tantos accidentes y muerte; la enfermedad que humilla; la incultura que margina; la vejez que nos trae el sentimiento de inutilidad total; la responsa\u00adbilidad de sacar una familia adelante o unos alumnos mej\u00f3r for\u00admados, el compromiso de luchar por un mundo m\u00e1s justo. Cru\u00adces y m\u00e1s cruces sobre las espaldas de los hombres y mujeres, que les hacen caer rostro en tierra, como a Jes\u00fas.<\/p>\n<h3 style=\"text-align: justify\"><strong>Oraci\u00f3n:<\/strong><\/h3>\n<p style=\"text-align: justify\">No nos dejes caer, Se\u00f1or, en la insensibilidad y la indiferencia. No dejes que se endurezca nuestro coraz\u00f3n ante nuestras pro\u00adpias ca\u00eddas y las de los dem\u00e1s.<\/p>\n<h3 style=\"text-align: justify\"><strong>Canto:<\/strong><\/h3>\n<p style=\"text-align: justify\">Yo he cargado de espinas tu cabeza,<br \/>\ncuando he vuelto la espalda a mis hermanos.<br \/>\nYo he llenado tu cuerpo de tormentos<br \/>\ncuando a alg\u00fan semejante he despreciado.<br \/>\nY yo clavo en la cruz tus manos y tus pies,<br \/>\nsiempre que a mis hermanos yo defraudo.<br \/>\nPERDONAME SE\u00d1OR, HOY ME ARREPIENTO<br \/>\nPERD\u00d3NAME, MI DIOS CRUCIFICADO.<\/p>\n<h2 style=\"text-align: justify\"><strong>8\u00aa Estaci\u00f3n: El llanto de las mujeres de Jerusal\u00e9n por Jes\u00fas y el consuelo de Jes\u00fas hacia ellas.<\/strong><\/h2>\n<h3 style=\"text-align: justify\"><strong><a href=\"https:\/\/i0.wp.com\/vicencianos.org\/wp-content\/2011\/04\/Viacrucis07.jpg\"><img data-recalc-dims=\"1\" loading=\"lazy\" decoding=\"async\" class=\"alignright size-medium wp-image-35513\" title=\"Viacrucis07\" src=\"https:\/\/i0.wp.com\/vicencianos.org\/wp-content\/2011\/04\/Viacrucis07-242x300.jpg?resize=242%2C300\" alt=\"\" width=\"242\" height=\"300\" \/><\/a>Invocaci\u00f3n:<\/strong><\/h3>\n<p style=\"text-align: justify\">P\/ Te adoramos, oh Cristo, y te bendecimos,<br \/>\nR\/ que por tu santa Cruz redimiste el mundo.<\/p>\n<h3 style=\"text-align: justify\"><strong>Nuevo Testamento:<\/strong><\/h3>\n<p style=\"text-align: justify\">Del Evangelio de Lucas (23,28)<\/p>\n<p style=\"text-align: justify\">Cuando llevaban a crucificar a Jes\u00fas, unas mujeres de Jerusal\u00e9n <em>se <\/em>compadecieron de Jes\u00fas y lloraban a sus pasos. Jes\u00fas les dijo: \u00abHijas de Jerusal\u00e9n, no llor\u00e9is por m\u00ed; llorad m\u00e1s bien por vosotras mismas y por vuestros hijos\u00bb.<\/p>\n<h3 style=\"text-align: justify\"><strong>Meditaci\u00f3n-oraci\u00f3n:<\/strong><\/h3>\n<p style=\"text-align: justify\">Jes\u00fas estuvo bien acompa\u00f1ado. Se volvi\u00f3 hacia ellas al recono\u00adcer tantas miradas y sufri\u00f3 por el sufrimiento de aquellas muje\u00adres y, en ellas, por el de muchas otras de \u00e9pocas por venir.<\/p>\n<p style=\"text-align: justify\">Hoy recordamos a todas las mujeres que sufren maltrato f\u00edsico, ps\u00edquico o sexual; a las que se prostituyen para sacar adelante a sus hijos; a las que acompa\u00f1an, escuchan y cuidan enfermos y ancianos en lo escondido de sus hogares; a las que son social\u00admente valoradas y utilizadas s\u00f3lo por su cuerpo; a las que son discriminadas laboralmente por raz\u00f3n de su sexo; y, en fin, a todas aquellas que alguna vez se hayan sentido infravaloradas, despreciadas o marginadas por el hecho de ser mujeres.<\/p>\n<h3 style=\"text-align: justify\"><strong>Oraci\u00f3n:<\/strong><\/h3>\n<p style=\"text-align: justify\"><strong>Gloria al Padre, al Hijo y al Esp\u00edritu Santo&#8230;<\/strong><\/p>\n<h3 style=\"text-align: justify\"><strong>Canto:<\/strong><\/h3>\n<p style=\"text-align: justify\">TU ERES MARIA, LA MADRE DE DIOS.<br \/>\nTU ERES LA MADRE QUE CRISTO NOS DIO.<br \/>\nT\u00fa eres el consuelo de los hombres<br \/>\ncuando llegan los momentos de dolor.<br \/>\nOfreces la esperanza de tu mano<br \/>\ny alumbras el camino del Se\u00f1or.<\/p>\n<h2 style=\"text-align: justify\"><strong>9a Estaci\u00f3n:<\/strong><strong> Jes\u00fas, extenuado <\/strong><strong>por el sufrimiento y el peso <\/strong><strong>de la Cruz, cae por tercera vez.<\/strong><\/h2>\n<h3 style=\"text-align: justify\"><strong><a href=\"https:\/\/i0.wp.com\/vicencianos.org\/wp-content\/2011\/04\/Viacrucis09.jpg\"><img data-recalc-dims=\"1\" loading=\"lazy\" decoding=\"async\" class=\"alignright size-medium wp-image-35514\" title=\"Viacrucis09\" src=\"https:\/\/i0.wp.com\/vicencianos.org\/wp-content\/2011\/04\/Viacrucis09-242x300.jpg?resize=242%2C300\" alt=\"\" width=\"242\" height=\"300\" \/><\/a>Invocaci\u00f3n:<\/strong><\/h3>\n<p style=\"text-align: justify\">P\/ Te adoramos, oh Cristo, y te bendecimos,<br \/>\nR\/ que por tu santa Cruz redimiste el mundo.<\/p>\n<h3 style=\"text-align: justify\"><strong>Nuevo Testamento:<\/strong><\/h3>\n<p style=\"text-align: justify\">Del Evangelio de Mateo (26,73-75)<\/p>\n<p style=\"text-align: justify\">\u00abPoco despu\u00e9s se acercaron los que estaban all\u00ed y dijeron a Pedro: \u00abSeguro que t\u00fa tambi\u00e9n eres de esos, pues tu habla te delata\u00bb. En\u00adtonces, \u00e9l empez\u00f3 a imprecar y jurar: \u00abNo conozco a ese hombre\u00bb. Y enseguida el gallo cant\u00f3. Pedro se acord\u00f3 de las palabras de Jes\u00fas, que le hab\u00eda advertido: \u00abAntes de que cante el gallo, me negar\u00e1s tres veces\u00bb. Y saliendo, llor\u00f3 amargamente\u00bb.<\/p>\n<h3 style=\"text-align: justify\"><strong>Lectura-reflexi\u00f3n:<\/strong><\/h3>\n<p style=\"text-align: justify\">La cruz cada vez pesa m\u00e1s. Jes\u00fas no aguanta y cae al suelo. Podemos o\u00edr la experiencia de tantos ca\u00eddos en la adicci\u00f3n a las drogas, al alcohol, al juego. \u00a1Se sienten tan d\u00e9biles, con tan poca fuerza de voluntad! Se enganchan una y otra vez. Su raz\u00f3n quie\u00adre, pero su voluntad les traiciona. Caen una, dos veces y tres veces, como Jes\u00fas. Y nos dicen: Por favor, \u00a1ay\u00fadame a salir! Cristo mismo, en cada persona que sufre adicci\u00f3n, nos est\u00e1 pi\u00addiendo ayuda. Grita desde la c\u00e1rcel, desde el suburbio, desde la calle. Su familia ya est\u00e1 harta y ni quiere o\u00edr hablar de ella. En\u00ads\u00e9\u00f1anos, Jes\u00fas, a no cansarnos nunca, a estar atentos, a verte a Ti en estos hermanos y hermanas.<\/p>\n<p style=\"text-align: justify\"><strong>Padre nuestro&#8230;<\/strong><\/p>\n<h3 style=\"text-align: justify\"><strong>Canto:<\/strong><\/h3>\n<p style=\"text-align: justify\"><strong>El Se\u00f1or es <\/strong>mi fuerza, mi roca y salvaci\u00f3n (bis)<br \/>\nIluminas las sombras de mi vida, al mundo das la luz.<br \/>\nT\u00fa me haces vivir en confianza, seguro en tu poder.<\/p>\n<h2 style=\"text-align: justify\">10\u00aa Estaci\u00f3n: Llegados al lugar de la crucifixi\u00f3n. Jes\u00fas es despojado de sus vestidos.<\/h2>\n<p style=\"text-align: justify\"><strong><a href=\"https:\/\/i0.wp.com\/vicencianos.org\/wp-content\/2011\/04\/Viacrucis10.jpg\"><img data-recalc-dims=\"1\" loading=\"lazy\" decoding=\"async\" class=\"alignright size-medium wp-image-35515\" title=\"Viacrucis10\" src=\"https:\/\/i0.wp.com\/vicencianos.org\/wp-content\/2011\/04\/Viacrucis10-242x300.jpg?resize=242%2C300\" alt=\"\" width=\"242\" height=\"300\" \/><\/a>Invocaci\u00f3n:<\/strong><\/p>\n<p style=\"text-align: justify\">P\/ Te adoramos, oh Cristo, y te bendecimos,<br \/>\nR\/ que por tu santa Cruz redimiste el mundo.<\/p>\n<h3 style=\"text-align: justify\"><strong>Nuevo Testamento:<\/strong><\/h3>\n<p style=\"text-align: justify\">Del Evangelio de Juan (19,23-24):<\/p>\n<p style=\"text-align: justify\">Los soldados, despu\u00e9s de crucificar a Jes\u00fas, se apropiaron de sus vestidos e hicieron con ellos cuatro lotes, uno para cada uno. Deja\u00adron aparte la t\u00fanica. Era una t\u00fanica sin costuras, tejida de una sola pieza de arriba a abajo. Los soldados llegaron a este acuerdo: No debernos dividirla; vamos a sortearla para ver a qui\u00e9n le toca. As\u00ed se cumpli\u00f3 este texto de la Escritura: Dividieron entre ellos mis vesti\u00addos y mi t\u00fanica la echaron a suertes\u00bb.<\/p>\n<h3 style=\"text-align: justify\"><strong>Testimonio:<\/strong><\/h3>\n<p style=\"text-align: justify\">Naci\u00f3 en el 66 y parece que tuviera 60 a\u00f1os. Es una mujer rumana. Lleva cinco meses en Espa\u00f1a. Se le muri\u00f3 el marido reciente\u00admente. De esta forma se vio despojada de su apoyo y amor. Dej\u00f3 la f\u00e1brica de piezas de autom\u00f3vil en la que trabajaba. Con el sueldo malamente la daba para comer. Aquel trabajo la despojaba de su dignidad. Ha emprendido una aventura nueva. Viene a Espa\u00f1a, apenas sabe el idioma y las costumbres. Se ve despojada de sus ra\u00edces, de su historia, de su mundo. Y anda dependiente de las ayudas de C\u00e1ritas para comer y albergarse.<\/p>\n<p style=\"text-align: justify\">Ciertamente hay gente, cerca de nosotros, que la sacudida de la crisis, les deja al desnudo, como Jes\u00fas.<\/p>\n<h3 style=\"text-align: justify\"><strong>Oraci\u00f3n:<\/strong><\/h3>\n<p style=\"text-align: justify\">Se\u00f1or: que contemplando a tantos seres humanos despojados y desnudados, se convierta nuestro coraz\u00f3n al compartir solida\u00adrio.<\/p>\n<h3 style=\"text-align: justify\"><strong>Canto:<\/strong><\/h3>\n<p style=\"text-align: justify\">Cristo te necesita para amar, para amar.<br \/>\nCristo te-necesita para amar (bis)<br \/>\nNO TE IMPORTEN LAS RAZAS NI EL COLOR DE LA PIEL.<br \/>\nAMA A TODOS COMO HERMANOS Y HAZ EL BIEN (BIS)<\/p>\n<h2 style=\"text-align: justify\"><strong>11<\/strong><strong><sup>a<\/sup><\/strong><strong> Estaci\u00f3n:<\/strong><strong> Jes\u00fas es clavado<\/strong><strong> en la Cruz<\/strong><\/h2>\n<h3 style=\"text-align: justify\"><strong><a href=\"https:\/\/i0.wp.com\/vicencianos.org\/wp-content\/2011\/04\/Viacrucis11.jpg\"><img data-recalc-dims=\"1\" loading=\"lazy\" decoding=\"async\" class=\"alignright size-medium wp-image-35516\" title=\"Viacrucis11\" src=\"https:\/\/i0.wp.com\/vicencianos.org\/wp-content\/2011\/04\/Viacrucis11-242x300.jpg?resize=242%2C300\" alt=\"\" width=\"242\" height=\"300\" \/><\/a>Invocaci\u00f3n:<\/strong><\/h3>\n<p style=\"text-align: justify\">P\/ Te adoramos, oh Cristo, y te bendecimos,<br \/>\nR\/ que por tu santa Cruz redimiste el mundo.<\/p>\n<h3 style=\"text-align: justify\"><strong>Nuevo Testamento:<\/strong><\/h3>\n<p style=\"text-align: justify\">Del Evangelio de Marcos (15,25ss.):<\/p>\n<p style=\"text-align: justify\">\u00abEra mediod\u00eda cuando lo crucificaron. En el letrero estaba escrita la causa de su condena: El rey de los jud\u00edos. Crucificaron con \u00c9l a dos bandidos, uno a la derecha y el otro a la izquierda. Tambi\u00e9n los que estaban crucificados con \u00e9l, lo insultaban\u00bb.<\/p>\n<h3 style=\"text-align: justify\"><strong>Lectura-reflexi\u00f3n:<\/strong><\/h3>\n<p style=\"text-align: justify\">Al contemplar a Jes\u00fas crucificado, no dejo de pensar en los j\u00f3\u00advenes de nuestros barrios. Han nacido en una \u00e9poca de bonan\u00adza, les hemos dado todo hecho, tienen los mejores medios. A la hora de estudiar, les hemos pedido que sean los mejores. Sin embargo, el fracaso escolar aumenta. Se encuentran desmoti\u00advados. El colegio, los estudios, les aburren. Hemos crucificado con tanto consumo, las ganas e ilusiones juveniles.<\/p>\n<p style=\"text-align: justify\">Y cuando han conseguido terminar una carrera, a casi la mitad (43%) les espera \u00e9l paro. \u00bfPara qu\u00e9 sirve tanto estudiar? \u00bfD\u00f3n\u00adde est\u00e1n esos trabajos tan estupendos? Algunos consiguen ser becarios, otros un contrato por pocos meses. As\u00ed no pueden hacerse planes. Y los sueldos, una miseria en muchos casos. \u00a1C\u00f3mo van a salir as\u00ed de casa de sus padres!<\/p>\n<p style=\"text-align: justify\">Estamos crucificando a la juventud espa\u00f1ola. La resignaci\u00f3n se ha apoderado de ellos. No les queda mas que la noche y el botell\u00f3n para ahogar penas.<\/p>\n<h3 style=\"text-align: justify\"><strong>Oraci\u00f3n:<\/strong><\/h3>\n<p style=\"text-align: justify\"><strong>Padre nuestro&#8230;<\/strong><\/p>\n<h3 style=\"text-align: justify\"><strong>Canto:<\/strong><\/h3>\n<p style=\"text-align: justify\">TE PEDIMOS PERDON, SE\u00d1OR<br \/>\nPOR EL BIEN QUE NO HEMOS HECHO,<br \/>\nPOR LO QUE HEMOS HECHO MAL<br \/>\nSE\u00d1OR, PIEDAD.<\/p>\n<h2 style=\"text-align: justify\">12<sup>a<\/sup> Estaci\u00f3n: Jes\u00fas, dando un fuerte grito, expir\u00f3<\/h2>\n<h3 style=\"text-align: justify\"><strong><a href=\"https:\/\/i0.wp.com\/vicencianos.org\/wp-content\/2011\/04\/Viacrucis12.jpg\"><img data-recalc-dims=\"1\" loading=\"lazy\" decoding=\"async\" class=\"alignright size-medium wp-image-35517\" title=\"Viacrucis12\" src=\"https:\/\/i0.wp.com\/vicencianos.org\/wp-content\/2011\/04\/Viacrucis12-242x300.jpg?resize=242%2C300\" alt=\"\" width=\"242\" height=\"300\" \/><\/a>Invocaci\u00f3n:<\/strong><\/h3>\n<p style=\"text-align: justify\">P\/ Te adoramos, oh Cristo, y te bendecimos,<br \/>\nR\/ que por tu santa Cruz redimiste el mundo.<\/p>\n<h3 style=\"text-align: justify\"><strong>Nuevo Testamento:<\/strong><\/h3>\n<p style=\"text-align: justify\">Del Evangelio de Lucas (23,33b-34.39-46)<\/p>\n<p style=\"text-align: justify\">Los crucificaron all\u00ed, a \u00e9l y a los malhechores, uno a la derecha y otro a la izquierda. Jes\u00fas dec\u00eda: \u00abPadre, perd\u00f3nales, que no saben lo que hacen\u00bb. Era la hora de nona cuando se oscureci\u00f3 el sol, y toda la regi\u00f3n qued\u00f3 en tinieblas. La cortina del santuario se rasg\u00f3 por me\u00addio. Jes\u00fas grit\u00f3 muy fuerte: \u00abPadre, a tus manos encomiendo mi esp\u00edritu\u00bb. Y dicho esto, expir\u00f3.<\/p>\n<h3 style=\"text-align: justify\"><strong>Lectura-reflexi\u00f3n:<\/strong><\/h3>\n<p style=\"text-align: justify\">Se\u00f1or, \u00a1cu\u00e1ntos muertos silenciosos y silenciados intenciona\u00addamente en nuestro mundo de hoy! Son muertos sin nombre, porque no interesan o porque desgraciadamente muchos de ellos no lo tienen.<\/p>\n<p style=\"text-align: justify\">\u00bfQu\u00e9 han hecho esos 30.000 ni\u00f1os que cada d\u00eda mueren cruci\u00adficados de hambre en \u00c1frica? \u00bfQu\u00e9 culpa tienen de haber naci\u00addo tambi\u00e9n en \u00c1frica esos 22 millones de hombres, mujeres y ni\u00f1os para que se les crucifique en la cruz del hambre y la po\u00adbreza? \u00bfQu\u00e9 han hecho esas personas de Irak, Palestina, Libia, Congo, Costa de Marfil&#8230; entre otros pa\u00edses, para que mueran en la cruz de la violencia? \u00bfQu\u00e9 han hecho esos chicos y chicas que son violados y empleados en las redes de trata humana para complacer los apetitos m\u00e1s infames de gente sin escr\u00fapu\u00adlos? \u00bfY los ni\u00f1os soldado, y los ni\u00f1os esclavos, y los ni\u00f1os ven\u00addidos para extraer de ellos \u00f3rganos para la venta? \u00bfQu\u00e9 han hecho esas mujeres que mueren lentamente en la cruz del mal\u00adtrato diario, al verse no reconocidas ni queridas? \u00bfQu\u00e9 han he\u00adcho, en definitiva, esos millones de ni\u00f1os y ni\u00f1as que nacen ya muertos en una cruz constru\u00edda a base de analfabetismo, explo\u00adtaci\u00f3n laboral, falta de afecto y falta de los medios imprescindi\u00adbles para tener una vida digna y feliz?<\/p>\n<h2 style=\"text-align: justify\">13\u00aa Estaci\u00f3n: Jes\u00fas, muerto y asesinado, es bajado de la Cruz y colocado en brazos de su Madre<\/h2>\n<h3 style=\"text-align: justify\"><strong><a href=\"https:\/\/i0.wp.com\/vicencianos.org\/wp-content\/2011\/04\/Viacrucis13.jpg\"><img data-recalc-dims=\"1\" loading=\"lazy\" decoding=\"async\" class=\"alignright size-medium wp-image-35518\" title=\"Viacrucis13\" src=\"https:\/\/i0.wp.com\/vicencianos.org\/wp-content\/2011\/04\/Viacrucis13-242x300.jpg?resize=242%2C300\" alt=\"\" width=\"242\" height=\"300\" \/><\/a>Invocaci\u00f3n:<\/strong><\/h3>\n<p style=\"text-align: justify\">P\/ Te adoramos, oh Cristo, y te bendecimos,<br \/>\nR\/ que por tu santa Cruz redimiste el mundo.<\/p>\n<h3 style=\"text-align: justify\"><strong>Nuevo Testamento:<\/strong><\/h3>\n<p style=\"text-align: justify\">Del Evangelio de Lucas (23,50ss.;2,51):<\/p>\n<p style=\"text-align: justify\">\u00abUn senador, de nombre Jos\u00e9 de Arimatea, se present\u00f3 a Pilato y le pidi\u00f3 el cuerpo de Jes\u00fas. Despu\u00e9s de bajarlo, lo envolvi\u00f3 en una s\u00e1ba\u00adna y lo puso en un sepulcro excavado en la roca\u00bb.<\/p>\n<p style=\"text-align: justify\">\u00abMar\u00eda su madre, conservava todas estas cosas en su coraz\u00f3n\u00bb.<\/p>\n<h3 style=\"text-align: justify\"><strong>Lectura-reflexi\u00f3n:<\/strong><\/h3>\n<p style=\"text-align: justify\">Mar\u00eda recibe en sus brazos al hijo destrozado. La serenidad sin\u00adgular de su p\u00e1lido semblante transfigura las llagas. El cuerpo estigmatizado recobra una extra\u00f1a belleza. Nada m\u00e1s acariciar\u00adlo, Mar\u00eda ya puede llorar. Y, sollozando, exclama: \u00abHijo m\u00edo, hijo, m\u00edo, \u00bfqu\u00e9 te han hecho? T\u00fa les anunciaste una gran liberaci\u00f3n, \u00a1y mira el fracaso que te han impuesto! T\u00fa curaste a tantos con tus manos, \u00a1y mira c\u00f3mo te las taladraron! Hijo m\u00edo, hijo m\u00edo, \u00bfqu\u00e9 te han hecho? T\u00fa devolviste a tantos la vida, \u00a1y mira c\u00f3mo se han unido para quitarte la tuya! T\u00fa hiciste s\u00f3lo el bien, \u00a1y mira el mal que te han causado! Hijo m\u00edo, hijo m\u00edo, \u00bfqu\u00e9 te han he\u00adcho? \u00bfQu\u00e9 m\u00e1s debiste hacerles que no hiciste? \u00bfNo les diste el cuerpo, los vestidos y la vida? \u00a1Y mira c\u00f3mo te han clavado en la cruz! \u00bfQu\u00e9 m\u00e1s debiste hacerles que no hiciste? \u00bfNo les diste toda tu sangre? \u00a1Y mira, c\u00f3mo te han perforado el coraz\u00f3n! Re\u00adposa, hijo m\u00edo, porque tu Padre, por tu vida, por tu entrega y por tu muerte ya se apiad\u00f3 y dio la salvaci\u00f3n al mundo.<\/p>\n<h3 style=\"text-align: justify\"><strong><strong>Oraci\u00f3n:<\/strong><\/strong><\/h3>\n<p style=\"text-align: justify\"><strong>Dios te salve, Mar\u00eda&#8230;<\/strong><\/p>\n<h3 style=\"text-align: justify\"><strong>Canto:<\/strong><\/h3>\n<p style=\"text-align: justify\">MADRE DE LOS POBRES,<br \/>\nLOS HUMILDES Y SENCI\u00adLLOS,<br \/>\nDE LOS TRISTES Y LOS NI\u00d1OS,<br \/>\nQUE CONF\u00cdAN SIEM\u00adPRE EN DIOS<\/p>\n<h2 style=\"text-align: justify\">14\u00aa Estaci\u00f3n: Jes\u00fas es puesto en el sepulcro<\/h2>\n<h3 style=\"text-align: justify\"><strong><a href=\"https:\/\/i0.wp.com\/vicencianos.org\/wp-content\/2011\/04\/Viacrucis14.jpg\"><img data-recalc-dims=\"1\" loading=\"lazy\" decoding=\"async\" class=\"alignright size-medium wp-image-35519\" title=\"Viacrucis14\" src=\"https:\/\/i0.wp.com\/vicencianos.org\/wp-content\/2011\/04\/Viacrucis14-242x300.jpg?resize=242%2C300\" alt=\"\" width=\"242\" height=\"300\" \/><\/a>Invocaci\u00f3n:<\/strong><\/h3>\n<p style=\"text-align: justify\">P\/ Te adoramos, oh Cristo, y te bendecimos,<br \/>\nR\/ que por tu santa Cruz redimiste el mundo.<\/p>\n<h3 style=\"text-align: justify\"><strong>Nuevo Testamento:<\/strong><\/h3>\n<p style=\"text-align: justify\">Del Evangelio de Juan (19,40ss.):<\/p>\n<p style=\"text-align: justify\">Jos\u00e9 y Nicodemo \u00abtomaron el cuerpo de <em>Jes\u00fas <\/em>y lo envolvieron en vendas, con los perfumes, seg\u00fan es costumbre enterrar entre los jud\u00edos. Hab\u00eda un jard\u00edn en el sitio donde lo crucificaron, y en el jar\u00add\u00edn un sepulcro nuevo, en el que nadie hab\u00eda sido enterrado todav\u00eda. All\u00ed, por estar cerca, pusieron a Jes\u00fas, a causa de la Preparaci\u00f3n de los jud\u00edos\u00bb.<\/p>\n<h3 style=\"text-align: justify\"><strong>Lectura-reflexi\u00f3n:<\/strong><\/h3>\n<p style=\"text-align: justify\">El sepulcro es lugar de silencio. Me hace pensar en la multitud de buena gente que, en medio de esta crisis que sacude a la gente trabajadora, son espacio de reposo y esperanza. Pienso en \u00d3scar que abre los locales de su asociaci\u00f3n a chavales dif\u00edci\u00adles para que puedan encontrar calor y amistad. Pienso en Carlos que hace filigranas para no echar a nadie de su peque\u00f1a em\u00adpresa. Con sacrificios salen adelante. Pienso en Sonia y el cari\u00ad\u00f1o que le echa a sus ni\u00f1os en el cole. Muchos de ellos viven en casa el drama de la amenaza, el despido, el desahucio. Pienso en Bea que calladamente va cuestionando a sus compa\u00f1eras de trabajo para hacerlo m\u00e1s habitable y humano. Pienso en las vo\u00adluntarias de los talleres de C\u00e1ritas que escuchan pacientemente a los golpeados por la crisis. Pienso en \u00c1ngel y la pasi\u00f3n que le pone al sindicato como herramienta de lucha y defensa de los derechos que se van perdiendo.<\/p>\n<p style=\"text-align: justify\">\u00d3scar, Carlos, Sonia, Bea, las voluntarias de C\u00e1ritas, \u00c1ngel&#8230; son sepulcros donde se est\u00e1 incubando la vida nueva del Resu\u00adcitado. Su amor y servicio callado a los dem\u00e1s es tierra f\u00e9rtil donde est\u00e1 ya rompiendo la semilla de la vida nueva regalada en Jes\u00fas Resucitado. Ellos son se\u00f1ales de la Pascua en medio del mundo obrero de hoy.<\/p>\n<h3 style=\"text-align: justify\"><strong>Oraci\u00f3n:<\/strong><\/h3>\n<p style=\"text-align: justify\">Se\u00f1or: Que nunca nos falte la fe ni la esperanza; que no se nos acabe el amor. T\u00fa, que has dado la vida para que todos vivamos plenamente, haz que nos convirtamos al Amor y sea\u00admos causa de vida y felicidad para todos nuestros hermanos y hermanas.<\/p>\n<h3 style=\"text-align: justify\"><strong>Canto:<\/strong><\/h3>\n<p style=\"text-align: justify\">VICTORIA, TU REINAR\u00c1S<br \/>\nOH CRUZ, TU NOS SALVAR\u00c1S.<br \/>\nEl Verbo en ti clavado, muriendo nos rescat\u00f3.<br \/>\nDe ti, madero santo, nos viene la redenci\u00f3n.<br \/>\nExtiende por el mundo tu Reino de salvaci\u00f3n.<br \/>\nOh, cruz fecunda fuente de vida y de bendici\u00f3n.<\/p>\n<h2 style=\"text-align: justify\"><strong>Mas, al tercer d\u00eda&#8230;<\/strong><\/h2>\n<p style=\"text-align: justify\"><strong><a href=\"https:\/\/i0.wp.com\/vicencianos.org\/wp-content\/2011\/04\/Viacrucis15.jpg\"><img data-recalc-dims=\"1\" loading=\"lazy\" decoding=\"async\" class=\"size-large wp-image-35520 aligncenter\" title=\"Viacrucis15\" src=\"https:\/\/i0.wp.com\/vicencianos.org\/wp-content\/2011\/04\/Viacrucis15-826x1024.jpg?resize=559%2C693\" alt=\"\" width=\"559\" height=\"693\" \/><\/a><br \/>\n<\/strong><\/p>\n","protected":false},"excerpt":{"rendered":"<p>Introducci\u00f3n Invocaci\u00f3n: P\/ Te adoramos, oh Cristo, y te bendecimos, R\/ que por tu santa Cruz redimiste el mundo. Hoy nos reunimos para actualizar aquel primer viacrucis del ajusticiado Jes\u00fas. Contemplando su camino hasta el &#8230; <a href=\"http:\/\/vincentians.com\/es\/via-crucis-de-la-pasion-y-muerte-de-jesus-en-el-mundo-obrero-de-hoy\/\" class=\"more-link\">Read More<\/a><\/p>\n","protected":false},"author":4,"featured_media":35506,"comment_status":"open","ping_status":"open","sticky":false,"template":"","format":"standard","meta":{"jetpack_post_was_ever_published":false,"_jetpack_newsletter_access":"","_jetpack_dont_email_post_to_subs":false,"_jetpack_newsletter_tier_id":0,"_jetpack_memberships_contains_paywalled_content":false,"_jetpack_memberships_contains_paid_content":false,"footnotes":"","jetpack_publicize_message":"","jetpack_publicize_feature_enabled":true,"jetpack_social_post_already_shared":true,"jetpack_social_options":{"image_generator_settings":{"template":"highway","default_image_id":0,"font":"","enabled":false},"version":2}},"categories":[205],"tags":[172],"class_list":["post-35503","post","type-post","status-publish","format-standard","has-post-thumbnail","hentry","category-oracion","tag-pobreza"],"yoast_head":"<!-- This site is optimized with the Yoast SEO plugin v26.3 - https:\/\/yoast.com\/wordpress\/plugins\/seo\/ -->\n<title>Via Crucis de la Pasi\u00f3n y muerte de Jes\u00fas en el mundo obrero de hoy - Somos Vicencianos<\/title>\n<meta name=\"robots\" content=\"index, follow, max-snippet:-1, max-image-preview:large, max-video-preview:-1\" \/>\n<link rel=\"canonical\" href=\"http:\/\/vincentians.com\/es\/via-crucis-de-la-pasion-y-muerte-de-jesus-en-el-mundo-obrero-de-hoy\/\" \/>\n<meta property=\"og:locale\" content=\"es_ES\" \/>\n<meta property=\"og:type\" content=\"article\" \/>\n<meta property=\"og:title\" content=\"Via Crucis de la Pasi\u00f3n y muerte de Jes\u00fas en el mundo obrero de hoy - Somos Vicencianos\" \/>\n<meta property=\"og:description\" content=\"Introducci\u00f3n Invocaci\u00f3n: P\/ Te adoramos, oh Cristo, y te bendecimos, R\/ que por tu santa Cruz redimiste el mundo. Hoy nos reunimos para actualizar aquel primer viacrucis del ajusticiado Jes\u00fas. Contemplando su camino hasta el ... Read More\" \/>\n<meta property=\"og:url\" content=\"http:\/\/vincentians.com\/es\/via-crucis-de-la-pasion-y-muerte-de-jesus-en-el-mundo-obrero-de-hoy\/\" \/>\n<meta property=\"og:site_name\" content=\"Somos Vicencianos\" \/>\n<meta property=\"article:publisher\" content=\"https:\/\/www.facebook.com\/WeAreVincentians\/\" \/>\n<meta property=\"article:author\" content=\"https:\/\/www.facebook.com\/JavierChento\" \/>\n<meta property=\"article:published_time\" content=\"2014-06-09T06:39:48+00:00\" \/>\n<meta name=\"author\" content=\"Francisco Javier Fern\u00e1ndez Chento\" \/>\n<meta name=\"twitter:card\" content=\"summary_large_image\" \/>\n<meta name=\"twitter:creator\" content=\"@https:\/\/twitter.com\/javierchento\" \/>\n<meta name=\"twitter:site\" content=\"@WeVincentians\" \/>\n<meta name=\"twitter:label1\" content=\"Escrito por\" \/>\n\t<meta name=\"twitter:data1\" content=\"Francisco Javier Fern\u00e1ndez Chento\" \/>\n\t<meta name=\"twitter:label2\" content=\"Tiempo de lectura\" \/>\n\t<meta name=\"twitter:data2\" content=\"22 minutos\" \/>\n<script type=\"application\/ld+json\" class=\"yoast-schema-graph\">{\"@context\":\"https:\/\/schema.org\",\"@graph\":[{\"@type\":\"Article\",\"@id\":\"http:\/\/vincentians.com\/es\/via-crucis-de-la-pasion-y-muerte-de-jesus-en-el-mundo-obrero-de-hoy\/#article\",\"isPartOf\":{\"@id\":\"http:\/\/vincentians.com\/es\/via-crucis-de-la-pasion-y-muerte-de-jesus-en-el-mundo-obrero-de-hoy\/\"},\"author\":{\"name\":\"Francisco Javier Fern\u00e1ndez Chento\",\"@id\":\"http:\/\/vincentians.com\/es\/#\/schema\/person\/9623ef4d9aa3b2dfb8c061f1499288f2\"},\"headline\":\"Via Crucis de la Pasi\u00f3n y muerte de Jes\u00fas en el mundo obrero de hoy\",\"datePublished\":\"2014-06-09T06:39:48+00:00\",\"mainEntityOfPage\":{\"@id\":\"http:\/\/vincentians.com\/es\/via-crucis-de-la-pasion-y-muerte-de-jesus-en-el-mundo-obrero-de-hoy\/\"},\"wordCount\":4427,\"commentCount\":0,\"publisher\":{\"@id\":\"http:\/\/vincentians.com\/es\/#organization\"},\"image\":{\"@id\":\"http:\/\/vincentians.com\/es\/via-crucis-de-la-pasion-y-muerte-de-jesus-en-el-mundo-obrero-de-hoy\/#primaryimage\"},\"thumbnailUrl\":\"\",\"keywords\":[\"Pobreza\"],\"articleSection\":[\"Oraci\u00f3n\"],\"inLanguage\":\"es\",\"potentialAction\":[{\"@type\":\"CommentAction\",\"name\":\"Comment\",\"target\":[\"http:\/\/vincentians.com\/es\/via-crucis-de-la-pasion-y-muerte-de-jesus-en-el-mundo-obrero-de-hoy\/#respond\"]}]},{\"@type\":\"WebPage\",\"@id\":\"http:\/\/vincentians.com\/es\/via-crucis-de-la-pasion-y-muerte-de-jesus-en-el-mundo-obrero-de-hoy\/\",\"url\":\"http:\/\/vincentians.com\/es\/via-crucis-de-la-pasion-y-muerte-de-jesus-en-el-mundo-obrero-de-hoy\/\",\"name\":\"Via Crucis de la Pasi\u00f3n y muerte de Jes\u00fas en el mundo obrero de hoy - Somos Vicencianos\",\"isPartOf\":{\"@id\":\"http:\/\/vincentians.com\/es\/#website\"},\"primaryImageOfPage\":{\"@id\":\"http:\/\/vincentians.com\/es\/via-crucis-de-la-pasion-y-muerte-de-jesus-en-el-mundo-obrero-de-hoy\/#primaryimage\"},\"image\":{\"@id\":\"http:\/\/vincentians.com\/es\/via-crucis-de-la-pasion-y-muerte-de-jesus-en-el-mundo-obrero-de-hoy\/#primaryimage\"},\"thumbnailUrl\":\"\",\"datePublished\":\"2014-06-09T06:39:48+00:00\",\"breadcrumb\":{\"@id\":\"http:\/\/vincentians.com\/es\/via-crucis-de-la-pasion-y-muerte-de-jesus-en-el-mundo-obrero-de-hoy\/#breadcrumb\"},\"inLanguage\":\"es\",\"potentialAction\":[{\"@type\":\"ReadAction\",\"target\":[\"http:\/\/vincentians.com\/es\/via-crucis-de-la-pasion-y-muerte-de-jesus-en-el-mundo-obrero-de-hoy\/\"]}]},{\"@type\":\"ImageObject\",\"inLanguage\":\"es\",\"@id\":\"http:\/\/vincentians.com\/es\/via-crucis-de-la-pasion-y-muerte-de-jesus-en-el-mundo-obrero-de-hoy\/#primaryimage\",\"url\":\"\",\"contentUrl\":\"\"},{\"@type\":\"BreadcrumbList\",\"@id\":\"http:\/\/vincentians.com\/es\/via-crucis-de-la-pasion-y-muerte-de-jesus-en-el-mundo-obrero-de-hoy\/#breadcrumb\",\"itemListElement\":[{\"@type\":\"ListItem\",\"position\":1,\"name\":\"Portada\",\"item\":\"http:\/\/vincentians.com\/es\/\"},{\"@type\":\"ListItem\",\"position\":2,\"name\":\"Via Crucis de la Pasi\u00f3n y muerte de Jes\u00fas en el mundo obrero de hoy\"}]},{\"@type\":\"WebSite\",\"@id\":\"http:\/\/vincentians.com\/es\/#website\",\"url\":\"http:\/\/vincentians.com\/es\/\",\"name\":\"Somos Vicencianos\",\"description\":\"Know more to serve more\",\"publisher\":{\"@id\":\"http:\/\/vincentians.com\/es\/#organization\"},\"potentialAction\":[{\"@type\":\"SearchAction\",\"target\":{\"@type\":\"EntryPoint\",\"urlTemplate\":\"http:\/\/vincentians.com\/es\/?s={search_term_string}\"},\"query-input\":{\"@type\":\"PropertyValueSpecification\",\"valueRequired\":true,\"valueName\":\"search_term_string\"}}],\"inLanguage\":\"es\"},{\"@type\":\"Organization\",\"@id\":\"http:\/\/vincentians.com\/es\/#organization\",\"name\":\"The Vincentian Network\",\"url\":\"http:\/\/vincentians.com\/es\/\",\"logo\":{\"@type\":\"ImageObject\",\"inLanguage\":\"es\",\"@id\":\"http:\/\/vincentians.com\/es\/#\/schema\/logo\/image\/\",\"url\":\"https:\/\/i1.wp.com\/vincentians.com\/es\/wp-content\/uploads\/sites\/11\/2016\/06\/Vincentian-Network-logo-big.png?fit=778%2C778\",\"contentUrl\":\"https:\/\/i1.wp.com\/vincentians.com\/es\/wp-content\/uploads\/sites\/11\/2016\/06\/Vincentian-Network-logo-big.png?fit=778%2C778\",\"width\":778,\"height\":778,\"caption\":\"The Vincentian Network\"},\"image\":{\"@id\":\"http:\/\/vincentians.com\/es\/#\/schema\/logo\/image\/\"},\"sameAs\":[\"https:\/\/www.facebook.com\/WeAreVincentians\/\",\"https:\/\/x.com\/WeVincentians\"]},{\"@type\":\"Person\",\"@id\":\"http:\/\/vincentians.com\/es\/#\/schema\/person\/9623ef4d9aa3b2dfb8c061f1499288f2\",\"name\":\"Francisco Javier Fern\u00e1ndez Chento\",\"image\":{\"@type\":\"ImageObject\",\"inLanguage\":\"es\",\"@id\":\"http:\/\/vincentians.com\/es\/#\/schema\/person\/image\/\",\"url\":\"https:\/\/secure.gravatar.com\/avatar\/497d5cde87b4c3d097d0315953521681ba2cd523ee66e5077c3711f7021e65de?s=96&d=mm&r=g\",\"contentUrl\":\"https:\/\/secure.gravatar.com\/avatar\/497d5cde87b4c3d097d0315953521681ba2cd523ee66e5077c3711f7021e65de?s=96&d=mm&r=g\",\"caption\":\"Francisco Javier Fern\u00e1ndez Chento\"},\"description\":\"Director General y cofundador de La Red de Formaci\u00f3n Vicenciana. Javier es laico vicenciano, afiliado a la Congregaci\u00f3n de la Misi\u00f3n y miembro del Equipo de Misiones Populares de la provincia can\u00f3nica de Zaragoza (Espa\u00f1a) de la Congregaci\u00f3n de la Misi\u00f3n. Graduado en la Universidad Oberta de Catalunya con cuatro grados (Asistente de direcci\u00f3n, Gesti\u00f3n Administrativa, Recursos Humanos y Contabilidad Avanzada). Bil\u00edng\u00fce Espa\u00f1ol\/Ingl\u00e9s. gestiona y mantiene varias p\u00e1ginas web cristianas y vicencianas, incluida including La Red de Formaci\u00f3n Vicenciana, de la que es cofundador. Actualmente es responsable del \u00e1rea de Espa\u00f1ol de .famvin, la Red de Noticias de la Familia Vicenciana. Tambi\u00e9n es m\u00fasico cat\u00f3lico y ha editado varios discos. Es Director General y cofundador de Trovador, una reconocida compa\u00f1\u00eda discogr\u00e1fica critiana de Espa\u00f1a. Trabaja en las Tecnolog\u00edas de la Informaci\u00f3n, ofreciendo servicios de alojamiento, dise\u00f1o y mantenimiento Web, as\u00ed como asesoramiento, formaci\u00f3n y soluciones inform\u00e1ticas, gesti\u00f3n documental y digitalizaci\u00f3n de textos, edici\u00f3n y maquetaci\u00f3n de libros, revistas, flyers, etc.\",\"sameAs\":[\"http:\/\/chento.org\",\"https:\/\/www.facebook.com\/JavierChento\",\"https:\/\/x.com\/https:\/\/twitter.com\/javierchento\"],\"url\":\"http:\/\/vincentians.com\/es\/author\/chento\/\"}]}<\/script>\n<!-- \/ Yoast SEO plugin. -->","yoast_head_json":{"title":"Via Crucis de la Pasi\u00f3n y muerte de Jes\u00fas en el mundo obrero de hoy - Somos Vicencianos","robots":{"index":"index","follow":"follow","max-snippet":"max-snippet:-1","max-image-preview":"max-image-preview:large","max-video-preview":"max-video-preview:-1"},"canonical":"http:\/\/vincentians.com\/es\/via-crucis-de-la-pasion-y-muerte-de-jesus-en-el-mundo-obrero-de-hoy\/","og_locale":"es_ES","og_type":"article","og_title":"Via Crucis de la Pasi\u00f3n y muerte de Jes\u00fas en el mundo obrero de hoy - Somos Vicencianos","og_description":"Introducci\u00f3n Invocaci\u00f3n: P\/ Te adoramos, oh Cristo, y te bendecimos, R\/ que por tu santa Cruz redimiste el mundo. Hoy nos reunimos para actualizar aquel primer viacrucis del ajusticiado Jes\u00fas. Contemplando su camino hasta el ... Read More","og_url":"http:\/\/vincentians.com\/es\/via-crucis-de-la-pasion-y-muerte-de-jesus-en-el-mundo-obrero-de-hoy\/","og_site_name":"Somos Vicencianos","article_publisher":"https:\/\/www.facebook.com\/WeAreVincentians\/","article_author":"https:\/\/www.facebook.com\/JavierChento","article_published_time":"2014-06-09T06:39:48+00:00","author":"Francisco Javier Fern\u00e1ndez Chento","twitter_card":"summary_large_image","twitter_creator":"@https:\/\/twitter.com\/javierchento","twitter_site":"@WeVincentians","twitter_misc":{"Escrito por":"Francisco Javier Fern\u00e1ndez Chento","Tiempo de lectura":"22 minutos"},"schema":{"@context":"https:\/\/schema.org","@graph":[{"@type":"Article","@id":"http:\/\/vincentians.com\/es\/via-crucis-de-la-pasion-y-muerte-de-jesus-en-el-mundo-obrero-de-hoy\/#article","isPartOf":{"@id":"http:\/\/vincentians.com\/es\/via-crucis-de-la-pasion-y-muerte-de-jesus-en-el-mundo-obrero-de-hoy\/"},"author":{"name":"Francisco Javier Fern\u00e1ndez Chento","@id":"http:\/\/vincentians.com\/es\/#\/schema\/person\/9623ef4d9aa3b2dfb8c061f1499288f2"},"headline":"Via Crucis de la Pasi\u00f3n y muerte de Jes\u00fas en el mundo obrero de hoy","datePublished":"2014-06-09T06:39:48+00:00","mainEntityOfPage":{"@id":"http:\/\/vincentians.com\/es\/via-crucis-de-la-pasion-y-muerte-de-jesus-en-el-mundo-obrero-de-hoy\/"},"wordCount":4427,"commentCount":0,"publisher":{"@id":"http:\/\/vincentians.com\/es\/#organization"},"image":{"@id":"http:\/\/vincentians.com\/es\/via-crucis-de-la-pasion-y-muerte-de-jesus-en-el-mundo-obrero-de-hoy\/#primaryimage"},"thumbnailUrl":"","keywords":["Pobreza"],"articleSection":["Oraci\u00f3n"],"inLanguage":"es","potentialAction":[{"@type":"CommentAction","name":"Comment","target":["http:\/\/vincentians.com\/es\/via-crucis-de-la-pasion-y-muerte-de-jesus-en-el-mundo-obrero-de-hoy\/#respond"]}]},{"@type":"WebPage","@id":"http:\/\/vincentians.com\/es\/via-crucis-de-la-pasion-y-muerte-de-jesus-en-el-mundo-obrero-de-hoy\/","url":"http:\/\/vincentians.com\/es\/via-crucis-de-la-pasion-y-muerte-de-jesus-en-el-mundo-obrero-de-hoy\/","name":"Via Crucis de la Pasi\u00f3n y muerte de Jes\u00fas en el mundo obrero de hoy - Somos Vicencianos","isPartOf":{"@id":"http:\/\/vincentians.com\/es\/#website"},"primaryImageOfPage":{"@id":"http:\/\/vincentians.com\/es\/via-crucis-de-la-pasion-y-muerte-de-jesus-en-el-mundo-obrero-de-hoy\/#primaryimage"},"image":{"@id":"http:\/\/vincentians.com\/es\/via-crucis-de-la-pasion-y-muerte-de-jesus-en-el-mundo-obrero-de-hoy\/#primaryimage"},"thumbnailUrl":"","datePublished":"2014-06-09T06:39:48+00:00","breadcrumb":{"@id":"http:\/\/vincentians.com\/es\/via-crucis-de-la-pasion-y-muerte-de-jesus-en-el-mundo-obrero-de-hoy\/#breadcrumb"},"inLanguage":"es","potentialAction":[{"@type":"ReadAction","target":["http:\/\/vincentians.com\/es\/via-crucis-de-la-pasion-y-muerte-de-jesus-en-el-mundo-obrero-de-hoy\/"]}]},{"@type":"ImageObject","inLanguage":"es","@id":"http:\/\/vincentians.com\/es\/via-crucis-de-la-pasion-y-muerte-de-jesus-en-el-mundo-obrero-de-hoy\/#primaryimage","url":"","contentUrl":""},{"@type":"BreadcrumbList","@id":"http:\/\/vincentians.com\/es\/via-crucis-de-la-pasion-y-muerte-de-jesus-en-el-mundo-obrero-de-hoy\/#breadcrumb","itemListElement":[{"@type":"ListItem","position":1,"name":"Portada","item":"http:\/\/vincentians.com\/es\/"},{"@type":"ListItem","position":2,"name":"Via Crucis de la Pasi\u00f3n y muerte de Jes\u00fas en el mundo obrero de hoy"}]},{"@type":"WebSite","@id":"http:\/\/vincentians.com\/es\/#website","url":"http:\/\/vincentians.com\/es\/","name":"Somos Vicencianos","description":"Know more to serve more","publisher":{"@id":"http:\/\/vincentians.com\/es\/#organization"},"potentialAction":[{"@type":"SearchAction","target":{"@type":"EntryPoint","urlTemplate":"http:\/\/vincentians.com\/es\/?s={search_term_string}"},"query-input":{"@type":"PropertyValueSpecification","valueRequired":true,"valueName":"search_term_string"}}],"inLanguage":"es"},{"@type":"Organization","@id":"http:\/\/vincentians.com\/es\/#organization","name":"The Vincentian Network","url":"http:\/\/vincentians.com\/es\/","logo":{"@type":"ImageObject","inLanguage":"es","@id":"http:\/\/vincentians.com\/es\/#\/schema\/logo\/image\/","url":"https:\/\/i1.wp.com\/vincentians.com\/es\/wp-content\/uploads\/sites\/11\/2016\/06\/Vincentian-Network-logo-big.png?fit=778%2C778","contentUrl":"https:\/\/i1.wp.com\/vincentians.com\/es\/wp-content\/uploads\/sites\/11\/2016\/06\/Vincentian-Network-logo-big.png?fit=778%2C778","width":778,"height":778,"caption":"The Vincentian Network"},"image":{"@id":"http:\/\/vincentians.com\/es\/#\/schema\/logo\/image\/"},"sameAs":["https:\/\/www.facebook.com\/WeAreVincentians\/","https:\/\/x.com\/WeVincentians"]},{"@type":"Person","@id":"http:\/\/vincentians.com\/es\/#\/schema\/person\/9623ef4d9aa3b2dfb8c061f1499288f2","name":"Francisco Javier Fern\u00e1ndez Chento","image":{"@type":"ImageObject","inLanguage":"es","@id":"http:\/\/vincentians.com\/es\/#\/schema\/person\/image\/","url":"https:\/\/secure.gravatar.com\/avatar\/497d5cde87b4c3d097d0315953521681ba2cd523ee66e5077c3711f7021e65de?s=96&d=mm&r=g","contentUrl":"https:\/\/secure.gravatar.com\/avatar\/497d5cde87b4c3d097d0315953521681ba2cd523ee66e5077c3711f7021e65de?s=96&d=mm&r=g","caption":"Francisco Javier Fern\u00e1ndez Chento"},"description":"Director General y cofundador de La Red de Formaci\u00f3n Vicenciana. Javier es laico vicenciano, afiliado a la Congregaci\u00f3n de la Misi\u00f3n y miembro del Equipo de Misiones Populares de la provincia can\u00f3nica de Zaragoza (Espa\u00f1a) de la Congregaci\u00f3n de la Misi\u00f3n. Graduado en la Universidad Oberta de Catalunya con cuatro grados (Asistente de direcci\u00f3n, Gesti\u00f3n Administrativa, Recursos Humanos y Contabilidad Avanzada). Bil\u00edng\u00fce Espa\u00f1ol\/Ingl\u00e9s. gestiona y mantiene varias p\u00e1ginas web cristianas y vicencianas, incluida including La Red de Formaci\u00f3n Vicenciana, de la que es cofundador. Actualmente es responsable del \u00e1rea de Espa\u00f1ol de .famvin, la Red de Noticias de la Familia Vicenciana. Tambi\u00e9n es m\u00fasico cat\u00f3lico y ha editado varios discos. Es Director General y cofundador de Trovador, una reconocida compa\u00f1\u00eda discogr\u00e1fica critiana de Espa\u00f1a. Trabaja en las Tecnolog\u00edas de la Informaci\u00f3n, ofreciendo servicios de alojamiento, dise\u00f1o y mantenimiento Web, as\u00ed como asesoramiento, formaci\u00f3n y soluciones inform\u00e1ticas, gesti\u00f3n documental y digitalizaci\u00f3n de textos, edici\u00f3n y maquetaci\u00f3n de libros, revistas, flyers, etc.","sameAs":["http:\/\/chento.org","https:\/\/www.facebook.com\/JavierChento","https:\/\/x.com\/https:\/\/twitter.com\/javierchento"],"url":"http:\/\/vincentians.com\/es\/author\/chento\/"}]}},"jetpack_publicize_connections":[],"jetpack_featured_media_url":"","jetpack_sharing_enabled":true,"jetpack_shortlink":"https:\/\/wp.me\/p7ETMF-9eD","jetpack-related-posts":[{"id":12026,"url":"http:\/\/vincentians.com\/es\/via-crucis\/","url_meta":{"origin":35503,"position":0},"title":"Via Crucis","author":"Francisco Javier Fern\u00e1ndez Chento","date":"22\/04\/2011","format":false,"excerpt":"Recordando a Gerardo Diego Presentaci\u00f3n: Jes\u00fas viene al mundo A este mundo nuestro vino, como otro ni\u00f1o al nacer, sin grandeza ni poder, a pesar de ser divino, para abrirnos el camino, sin ninguna ostentaci\u00f3n, pues tom\u00f3 la condici\u00f3n de esclavo entre los humanos: nos dio sus pies y sus\u2026","rel":"","context":"En \u00abOraci\u00f3n\u00bb","block_context":{"text":"Oraci\u00f3n","link":"http:\/\/vincentians.com\/es\/category\/espiritualidad\/oracion\/"},"img":{"alt_text":"","src":"https:\/\/i0.wp.com\/vicencianos.org\/wp-content\/2011\/04\/viacrucis-286x300.jpg?resize=350%2C200","width":350,"height":200},"classes":[]},{"id":142617,"url":"http:\/\/vincentians.com\/es\/domingo-de-ramos-reflexion-de-javier-balda-c-m\/","url_meta":{"origin":35503,"position":1},"title":"Domingo de Ramos (reflexi\u00f3n de Javier Balda, C.M.)","author":"Francisco Javier Fern\u00e1ndez Chento","date":"29\/03\/2015","format":false,"excerpt":"Hoy palmas, ma\u00f1ana espinas. Hoy hosannas y v\u00edtores, ma\u00f1ana condenas y gritos de crucifixi\u00f3n. Hoy camino de rosas y alfombras, ma\u00f1ana de piedras y lodo. Hoy camino de vida triunfal, ma\u00f1ana de muerte ignominiosa. Hoy el h\u00e9roe, el Mes\u00edas, el Hijo de David, ma\u00f1ana el villano, el impostor, el blasfemo.\u2026","rel":"","context":"En \u00abHomil\u00edas y reflexiones, A\u00f1o B\u00bb","block_context":{"text":"Homil\u00edas y reflexiones, A\u00f1o B","link":"http:\/\/vincentians.com\/es\/category\/homilias-y-reflexiones-a-la-palabra-de-dios\/homilias-y-reflexiones-ano-b\/"},"img":{"alt_text":"","src":"https:\/\/i0.wp.com\/vincentians.com\/es\/wp-content\/uploads\/sites\/11\/2016\/07\/reflexiones-palabra-de-dios.jpg?fit=1200%2C630&resize=350%2C200","width":350,"height":200,"srcset":"https:\/\/i0.wp.com\/vincentians.com\/es\/wp-content\/uploads\/sites\/11\/2016\/07\/reflexiones-palabra-de-dios.jpg?fit=1200%2C630&resize=350%2C200 1x, https:\/\/i0.wp.com\/vincentians.com\/es\/wp-content\/uploads\/sites\/11\/2016\/07\/reflexiones-palabra-de-dios.jpg?fit=1200%2C630&resize=525%2C300 1.5x, https:\/\/i0.wp.com\/vincentians.com\/es\/wp-content\/uploads\/sites\/11\/2016\/07\/reflexiones-palabra-de-dios.jpg?fit=1200%2C630&resize=700%2C400 2x, https:\/\/i0.wp.com\/vincentians.com\/es\/wp-content\/uploads\/sites\/11\/2016\/07\/reflexiones-palabra-de-dios.jpg?fit=1200%2C630&resize=1050%2C600 3x"},"classes":[]},{"id":140736,"url":"http:\/\/vincentians.com\/es\/2o-domingo-de-cuaresma-reflexion-de-jose-antonio-pagola-3\/","url_meta":{"origin":35503,"position":2},"title":"2\u00ba domingo de Cuaresma (reflexi\u00f3n de Jos\u00e9 Antonio Pagola)","author":"Francisco Javier Fern\u00e1ndez Chento","date":"23\/02\/2015","format":false,"excerpt":"No confundir a nadie con Jes\u00fas Seg\u00fan el evangelista, Jes\u00fas toma consigo a Pedro, Santiago y Juan, los lleva aparte a una monta\u00f1a, y all\u00ed \u00abse transfigura delante de ellos\u00bb. Son los tres disc\u00edpulos que, al parecer, ofrecen mayor resistencia a Jes\u00fas cuando les habla de su destino doloroso de\u2026","rel":"","context":"En \u00abHomil\u00edas y reflexiones, A\u00f1o B\u00bb","block_context":{"text":"Homil\u00edas y reflexiones, A\u00f1o B","link":"http:\/\/vincentians.com\/es\/category\/homilias-y-reflexiones-a-la-palabra-de-dios\/homilias-y-reflexiones-ano-b\/"},"img":{"alt_text":"","src":"https:\/\/i0.wp.com\/vincentians.com\/es\/wp-content\/uploads\/sites\/11\/2016\/07\/reflexiones-pagola.jpg?fit=1200%2C630&resize=350%2C200","width":350,"height":200,"srcset":"https:\/\/i0.wp.com\/vincentians.com\/es\/wp-content\/uploads\/sites\/11\/2016\/07\/reflexiones-pagola.jpg?fit=1200%2C630&resize=350%2C200 1x, https:\/\/i0.wp.com\/vincentians.com\/es\/wp-content\/uploads\/sites\/11\/2016\/07\/reflexiones-pagola.jpg?fit=1200%2C630&resize=525%2C300 1.5x, https:\/\/i0.wp.com\/vincentians.com\/es\/wp-content\/uploads\/sites\/11\/2016\/07\/reflexiones-pagola.jpg?fit=1200%2C630&resize=700%2C400 2x, https:\/\/i0.wp.com\/vincentians.com\/es\/wp-content\/uploads\/sites\/11\/2016\/07\/reflexiones-pagola.jpg?fit=1200%2C630&resize=1050%2C600 3x"},"classes":[]},{"id":11634,"url":"http:\/\/vincentians.com\/es\/decalogo-cuaresmal\/","url_meta":{"origin":35503,"position":3},"title":"Dec\u00e1logo Cuaresmal","author":"Francisco Javier Fern\u00e1ndez Chento","date":"21\/02\/2015","format":false,"excerpt":"\"El \u00faltimo enemigo en ser destruido ser\u00e1 la Muerte\". (1 Cor 15, 26). Lee la Pasi\u00f3n de Jes\u00fas. Cont\u00e9mplala en el silencio. \u00bfSabes que el Se\u00f1or muri\u00f3 por Ti? Qu\u00e9 bueno ser\u00eda que, la Biblia \u2013que tal vez la tienes como adorno en una estanter\u00eda o recogida en alg\u00fan armario\u2013\u2026","rel":"","context":"En \u00abFormaci\u00f3n Cristiana\u00bb","block_context":{"text":"Formaci\u00f3n Cristiana","link":"http:\/\/vincentians.com\/es\/category\/formacion-cristiana\/"},"img":{"alt_text":"tiempo de cuaresma","src":"https:\/\/i0.wp.com\/vicencianos.org\/wp-content\/2010\/02\/tiempo-de-cuaresma-300x239.jpg?resize=350%2C200","width":350,"height":200},"classes":[]},{"id":135845,"url":"http:\/\/vincentians.com\/es\/domingo-de-ramos-reflexion-de-jose-cervantes-gabarron\/","url_meta":{"origin":35503,"position":4},"title":"Domingo de Ramos (reflexi\u00f3n de Jos\u00e9 Cervantes Gabarr\u00f3n)","author":"Francisco Javier Fern\u00e1ndez Chento","date":"22\/03\/2013","format":false,"excerpt":"El Se\u00f1or Jes\u00fas, justo e inocente Jos\u00e9 Cervantes Gabarr\u00f3n, sacerdote misionero y profesor de Sagrada Escritura.El mundo ha quedado sorprendido otra vez por la decisi\u00f3n del papa Francisco de celebrar la misa de la Cena del Se\u00f1or del pr\u00f3ximo Jueves santo en la Instituci\u00f3n Penal para Menores de Casal del\u2026","rel":"","context":"En \u00abHomil\u00edas y reflexiones, A\u00f1o C\u00bb","block_context":{"text":"Homil\u00edas y reflexiones, A\u00f1o C","link":"http:\/\/vincentians.com\/es\/category\/homilias-y-reflexiones-a-la-palabra-de-dios\/homilias-y-reflexiones-ano-c\/"},"img":{"alt_text":"","src":"https:\/\/i0.wp.com\/vincentians.com\/es\/wp-content\/uploads\/sites\/11\/2016\/07\/reflexiones-palabra-de-dios.jpg?fit=1200%2C630&resize=350%2C200","width":350,"height":200,"srcset":"https:\/\/i0.wp.com\/vincentians.com\/es\/wp-content\/uploads\/sites\/11\/2016\/07\/reflexiones-palabra-de-dios.jpg?fit=1200%2C630&resize=350%2C200 1x, https:\/\/i0.wp.com\/vincentians.com\/es\/wp-content\/uploads\/sites\/11\/2016\/07\/reflexiones-palabra-de-dios.jpg?fit=1200%2C630&resize=525%2C300 1.5x, https:\/\/i0.wp.com\/vincentians.com\/es\/wp-content\/uploads\/sites\/11\/2016\/07\/reflexiones-palabra-de-dios.jpg?fit=1200%2C630&resize=700%2C400 2x, https:\/\/i0.wp.com\/vincentians.com\/es\/wp-content\/uploads\/sites\/11\/2016\/07\/reflexiones-palabra-de-dios.jpg?fit=1200%2C630&resize=1050%2C600 3x"},"classes":[]},{"id":38470,"url":"http:\/\/vincentians.com\/es\/beato-pierre-vigne-c-m-1670-1740-un-misionero-de-la-eucaristia\/","url_meta":{"origin":35503,"position":5},"title":"Beato Pierre Vigne, C.M. (1670-1740), un misionero de la Eucarist\u00eda","author":"Mitxel Olabu\u00e9naga","date":"16\/08\/2014","format":false,"excerpt":"Introducci\u00f3n Esta sencilla semblanza del beato Pierre Vigne (1670- 1740) nos permite acercar\u00adnos un poco para conocer su riqueza espiritual y apost\u00f3\u00adlica. Podemos descubrir en su persona, diversas facetas: el sacerdote, el misionero, el fundador. Pero sobre todo, descubrimos en \u00e9l un misio\u00adnero enamorado de la Euca\u00adrist\u00eda. Nuestra intenci\u00f3n al\u2026","rel":"","context":"En \u00abBiograf\u00edas de Misioneros Pa\u00fales\u00bb","block_context":{"text":"Biograf\u00edas de Misioneros Pa\u00fales","link":"http:\/\/vincentians.com\/es\/category\/la-familia-vicenciana\/biografias-vicencianas\/biografias-de-misioneros-paules\/"},"img":{"alt_text":"","src":"https:\/\/i0.wp.com\/vincentians.com\/es\/wp-content\/uploads\/sites\/11\/2016\/07\/bio-cm.jpg?fit=1200%2C630&resize=350%2C200","width":350,"height":200,"srcset":"https:\/\/i0.wp.com\/vincentians.com\/es\/wp-content\/uploads\/sites\/11\/2016\/07\/bio-cm.jpg?fit=1200%2C630&resize=350%2C200 1x, https:\/\/i0.wp.com\/vincentians.com\/es\/wp-content\/uploads\/sites\/11\/2016\/07\/bio-cm.jpg?fit=1200%2C630&resize=525%2C300 1.5x, https:\/\/i0.wp.com\/vincentians.com\/es\/wp-content\/uploads\/sites\/11\/2016\/07\/bio-cm.jpg?fit=1200%2C630&resize=700%2C400 2x, https:\/\/i0.wp.com\/vincentians.com\/es\/wp-content\/uploads\/sites\/11\/2016\/07\/bio-cm.jpg?fit=1200%2C630&resize=1050%2C600 3x"},"classes":[]}],"_links":{"self":[{"href":"http:\/\/vincentians.com\/es\/wp-json\/wp\/v2\/posts\/35503","targetHints":{"allow":["GET"]}}],"collection":[{"href":"http:\/\/vincentians.com\/es\/wp-json\/wp\/v2\/posts"}],"about":[{"href":"http:\/\/vincentians.com\/es\/wp-json\/wp\/v2\/types\/post"}],"author":[{"embeddable":true,"href":"http:\/\/vincentians.com\/es\/wp-json\/wp\/v2\/users\/4"}],"replies":[{"embeddable":true,"href":"http:\/\/vincentians.com\/es\/wp-json\/wp\/v2\/comments?post=35503"}],"version-history":[{"count":0,"href":"http:\/\/vincentians.com\/es\/wp-json\/wp\/v2\/posts\/35503\/revisions"}],"wp:featuredmedia":[{"embeddable":true,"href":"http:\/\/vincentians.com\/es\/wp-json\/"}],"wp:attachment":[{"href":"http:\/\/vincentians.com\/es\/wp-json\/wp\/v2\/media?parent=35503"}],"wp:term":[{"taxonomy":"category","embeddable":true,"href":"http:\/\/vincentians.com\/es\/wp-json\/wp\/v2\/categories?post=35503"},{"taxonomy":"post_tag","embeddable":true,"href":"http:\/\/vincentians.com\/es\/wp-json\/wp\/v2\/tags?post=35503"}],"curies":[{"name":"wp","href":"https:\/\/api.w.org\/{rel}","templated":true}]}}