{"id":35398,"date":"2015-05-29T08:27:01","date_gmt":"2015-05-29T06:27:01","guid":{"rendered":"http:\/\/somos.vicencianos.org\/?p=35398"},"modified":"2016-07-26T19:17:45","modified_gmt":"2016-07-26T17:17:45","slug":"el-testamento-de-monsieur-vincent","status":"publish","type":"post","link":"http:\/\/vincentians.com\/es\/el-testamento-de-monsieur-vincent\/","title":{"rendered":"El testamento de Monsieur Vincent"},"content":{"rendered":"<h2><strong>La conferencia sobre el fin de la Congregaci\u00f3n, 6 de diciembre de 1658<\/strong><\/h2>\n<p>La conferencia sobre el fin de la Congregaci\u00f3n de la Misi\u00f3n no es un testamento en el sentido usual de reparti\u00adci\u00f3n p\u00f3stuma de bienes econ\u00f3micos. San Vicente (en ade\u00adlante nos referiremos a \u00e9l como MV) no ten\u00eda literalmente nada que testar en favor de nadie ni en el momento de la conferencia ni, dos a\u00f1os m\u00e1s tarde, en el momento de su muerte. M\u00e1s de treinta a\u00f1os antes de la fecha de esta con\u00adferencia hab\u00eda renunciado por documentos firmados a los \u00faltimos bienes de los que era leg\u00edtimo due\u00f1o y poseedor: en 1626, a sus bienes familiares en favor de sus parientes;<span id='easy-footnote-1-35398' class='easy-footnote-margin-adjust'><\/span><span class='easy-footnote'><a href='http:\/\/vincentians.com\/es\/el-testamento-de-monsieur-vincent\/#easy-footnote-bottom-1-35398' title='XIII 61.'><sup>1<\/sup><\/a><\/span> en 1627, al colegio de Bons Enfants en favor de la CM.<span id='easy-footnote-2-35398' class='easy-footnote-margin-adjust'><\/span><span class='easy-footnote'><a href='http:\/\/vincentians.com\/es\/el-testamento-de-monsieur-vincent\/#easy-footnote-bottom-2-35398' title='XIII 208.'><sup>2<\/sup><\/a><\/span>\n<p>MV no tiene otra cosa que legar a sus oyentes que la in\u00adterpretaci\u00f3n de su propia vida. Eso es lo que \u00e9l quiere que perdure en las manos de sus herederos. Se trata efectiva\u00admente de un testamento, de un legado definitivo, pues \u00e9l siente que est\u00e1 a punto de abandonarles por muerte: \u00abYo me ir\u00e9 muy pronto; mi edad,<span id='easy-footnote-3-35398' class='easy-footnote-margin-adjust'><\/span><span class='easy-footnote'><a href='http:\/\/vincentians.com\/es\/el-testamento-de-monsieur-vincent\/#easy-footnote-bottom-3-35398' title='Suponiendo su nacimiento en abril de 1580, ten\u00eda en el momento de la conferencia algo m\u00e1s de 78 a\u00f1os y medio.'><sup>3<\/sup><\/a><\/span> mis enfermedades&#8230;\u00bb [89 \/ 395];<span id='easy-footnote-4-35398' class='easy-footnote-margin-adjust'><\/span><span class='easy-footnote'><a href='http:\/\/vincentians.com\/es\/el-testamento-de-monsieur-vincent\/#easy-footnote-bottom-4-35398' title='Las cifras entre corchetes se refieren en todos los casos a las p\u00e1ginas del tomo XII de Coste, tomo en que se encuentra la conferencia que estudiamos. Tambi\u00e9n se incluyen separados por una l\u00ednea inclinada los n\u00fameros de las p\u00e1ginas de la edici\u00f3n espa\u00f1ola, tomo XI\/3.'><sup>4<\/sup><\/a><\/span> \u00abYo os advierto&#8230; antes de dejaras\u00bb [90\/396].<\/p>\n<h2><em>El m\u00e9todo de an\u00e1lisis<\/em><\/h2>\n<p>Un texto cualquiera puede analizarse de maneras m\u00falti\u00adples. Conviene definir desde el principio el m\u00e9todo que em\u00adpleamos aqu\u00ed para que no se espere de este estudio lo que el m\u00e9todo no puede dar de s\u00ed. El m\u00e9todo que vamos a emplear aqu\u00ed quiere simplemente responder a una pregunta igualmente simple: \u00bfqu\u00e9 dice este texto? El an\u00e1lisis se limi\u00adtar\u00e1 al texto mismo y no har\u00e1 por eso referencia alguna a otros textos vicencianos, o a la vida anterior de MV. Menos a\u00fan se har\u00e1n referencias al entorno cultural, econ\u00f3mico-social, pol\u00edtico o religioso del tiempo del autor del texto.<span id='easy-footnote-5-35398' class='easy-footnote-margin-adjust'><\/span><span class='easy-footnote'><a href='http:\/\/vincentians.com\/es\/el-testamento-de-monsieur-vincent\/#easy-footnote-bottom-5-35398' title='Si por necesidad se hiciere alguna referencia de este tipo, apa\u00adrecer\u00e1 en este trabajo como nota.'><sup>5<\/sup><\/a><\/span> Y mucho menos a teor\u00edas y esquemas tales como el marxis\u00admo, el estructuralismo o teor\u00eda existencial alguna, sin los que hoy parece imposible explicar adecuadamente cualquier texto hist\u00f3rico. Tampoco vamos a analizar este texto desde el punto de vista teol\u00f3gico, aunque el tema se prestar\u00eda f\u00e1\u00adcilmente a ello; ni desde el punto de vista literario, aspecto este muy tentador, dada la riqueza expresiva del lenguaje de MV.<\/p>\n<p>En suma, vamos a intentar analizar el texto en s\u00ed mismo y por s\u00ed mismo. Vamos a mirarlo como si se tratara de un manuscrito desempolvado de las entra\u00f1as de alg\u00fan oscuro archivo, de una pieza de arqueolog\u00eda escrita, para tratar simplemente de ver lo que dice. Esta decisi\u00f3n asc\u00e9tica de li\u00admitarnos al texto dado nos privar\u00e1 de saber qu\u00e9 puesto ocu\u00adpa esta conferencia en la historia de la humanidad, en la evoluci\u00f3n del cosmos, o en el plan de Dios, pero nos ayu\u00addar\u00e1 probablemente a entender mejor lo que dice.<\/p>\n<h2><em>El <\/em><em>texto<\/em><\/h2>\n<p>El texto que vamos a analizar se encuentra \u00edntegramen\u00adte en Coste XII 73-94 (XI\/3 381-398). Existen en la vida de MV que escribi\u00f3 Abelly algunas variantes importantes de este texto,<span id='easy-footnote-6-35398' class='easy-footnote-margin-adjust'><\/span><span class='easy-footnote'><a href='http:\/\/vincentians.com\/es\/el-testamento-de-monsieur-vincent\/#easy-footnote-bottom-6-35398' title='Abelly, 1. 2, cap. 5, p. 2959 ss.; I. 3, cap. 11, secc. 2, p. 127.'><sup>6<\/sup><\/a><\/span> variantes que no vamos a tener en cuenta aqu\u00ed. Por un lado est\u00e1 suficientemente probada la facilidad con que Abelly se atreve a retocar incluso los textos escritos por el mismo MV.<span id='easy-footnote-7-35398' class='easy-footnote-margin-adjust'><\/span><span class='easy-footnote'><a href='http:\/\/vincentians.com\/es\/el-testamento-de-monsieur-vincent\/#easy-footnote-bottom-7-35398' title='XI p. XVIII (XI\/3 22).'><sup>7<\/sup><\/a><\/span> Por otro lado, y esto es lo important; el hermano Ducournau, escribiente del texto manuscrito,<span id='easy-footnote-8-35398' class='easy-footnote-margin-adjust'><\/span><span class='easy-footnote'><a href='http:\/\/vincentians.com\/es\/el-testamento-de-monsieur-vincent\/#easy-footnote-bottom-8-35398' title='El manuscrito actual es s\u00f3lo una copia fiel del original escrito por el hermano Ducournau. Ver XI, pp. XVI-XVII (XI\/3 17-18).'><sup>8<\/sup><\/a><\/span> no nos ha dado ciertamente una reproducci\u00f3n estenogr\u00e1fica de la palabra de MV,<span id='easy-footnote-9-35398' class='easy-footnote-margin-adjust'><\/span><span class='easy-footnote'><a href='http:\/\/vincentians.com\/es\/el-testamento-de-monsieur-vincent\/#easy-footnote-bottom-9-35398' title='XI, pp. XVI-XVII (XI\/3 20-21).'><sup>9<\/sup><\/a><\/span> pero se ha acercado mucho a ello.<span id='easy-footnote-10-35398' class='easy-footnote-margin-adjust'><\/span><span class='easy-footnote'><a href='http:\/\/vincentians.com\/es\/el-testamento-de-monsieur-vincent\/#easy-footnote-bottom-10-35398' title='Afirmaci\u00f3n que nos atrevemos a hacer tanto por razones exter\u00adnas al texto mismo (la indudable veneraci\u00f3n que sent\u00eda el hermano Du\u00adcournau por las palabras de san Vicente \u2014ver XII 447 (XI\/3 21, XI\/4 835)\u2014 as\u00ed como el conocimiento del pensamiento del santo adquirido por el hermano durante muchos a\u00f1os en su funci\u00f3n de secretario) cuanto por razones internas: cuanto m\u00e1s se familiariza uno con los textos hablados y escritos de san Vicente, tanto m\u00e1s se siente la impresi\u00f3n de que el texto de sus conferencias a partir de 1658 reproduce fielmente (no nos atrevemos a decir que &lt;em&gt;siempre &lt;\/em&gt;lo hace literalmente) no s\u00f3lo el pensar sino tambi\u00e9n su hablar.'><sup>10<\/sup><\/a><\/span>\n<h2><em>El <\/em><em>contexto<\/em><\/h2>\n<p>Por fidelidad al m\u00e9todo elegido no se tratar\u00e1 aqu\u00ed del contexto exterior al texto de la conferencia. Dejaremos pues a un lado tanto la dimensi\u00f3n diacr\u00f3nica (la prehist\u00f3rica de este texto tanto en la vida de MV cuanto en las circunstan\u00adcias socio-hist\u00f3ricas de la sociedad francesa y eclesi\u00e1stica que condicionan las locuciones de esta conferencia) cuanto la sincr\u00f3nica, es decir, el momento sicol\u00f3gico y social tanto del mismo MV cuanto de sus oyentes, y de las circunstan\u00adcias que rodean a unos y otros. La definici\u00f3n del contexto que vamos a delinear brotar\u00e1 exclusivamente de un an\u00e1lisis de contenido del texto mismo de la conferencia.<\/p>\n<p>En cuanto al locutor, se trata, seg\u00fan vimos, de un hom-bre que se cree ya muy cerca del final de una vida larga en experiencias y en obras, que quiere resumir esa vida y esas obras en el espacio apretado de 20 p\u00e1ginas, y quiere ade-m\u00e1s asegurar la supervivencia de esas obras en las manos de sus oyentes. Les habla, con mucho calor y mucha fuerza, en la hora de la oraci\u00f3n. Quiere hacerles ver la fuerte co-nexi\u00f3n de lo que dice con realidades trascendentes que no se perciben: la obediencia a Dios, el ejemplo de Jesucristo (en adelante: J-C.). Al comienzo de la conferencia les advierte que por esta vez va a dejar de lado el modo coloquial acos-tumbrado; la exposici\u00f3n adopta un tono m\u00e1s bien exhorta-tivo-magisterial como de quien puede hablar con autoridad, y eso a pesar del reconocimiento expl\u00edcito de la indignidad del locutor [73\/3811.<\/p>\n<p>Sus oyentes son en su mayor\u00eda sacerdotes colaboradores en sus obras, seg\u00fan aparece abundantemente en el texto, y hermanos para los que hay que leer en franc\u00e9s el texto de las Reglas Comunes (en adelante: RC) que va a comentar. No se nos dice ni cu\u00e1ntos ni c\u00f3mo son. Pero a trav\u00e9s de la lectura del texto se puede percibir con claridad que las ob-jeciones contra lo que \u00e9l ense\u00f1a, y que \u00e9l mismo presenta como hipot\u00e9ticas (\u00abpodr\u00e1 suceder despu\u00e9s de mi muerte&#8230;\u00bb [89\/3951) son objeciones vivas que ha o\u00eddo de labios de al-gunos de sus oyentes [85-89\/391-3951. O sea, que parece haber entre ellos quienes no han aceptado en el pasado lo que MV quiere proponer en e,sta conferencia. En cuanto al futuro (en cuanto a los deseos de hacerle caso por parte de <em>todos <\/em>sus oyentes) es claro por el tono vehemente e in-cluso mordaz que emplea que MV se teme con cierto fun-damento, pues parece conocer bien a sus hombres, que las dificultades que \u00e9l prev\u00e9 se dar\u00e1n con toda probabilidad (ver sobre todo [92 \u00faltimo p\u00e1rrafo\/397]), y quiere ya desde ahora quitarles toda validez. MV quiere evidentemente que sus oyentes acepten su palabra como definitiva: como defini\u00addora de un pasado, y como determinante del futuro. Se crea pues una situaci\u00f3n de intercambio entre MV y sus oyentes, por la que MV ofrece el texto a cambio de la aceptaci\u00f3n por parte de sus oyentes de lo que en el texto se dice. En !a perspectiva de una teor\u00eda de la comunicaci\u00f3n tendr\u00edamos este sencillo gr\u00e1fico para expresar visualmente lo que aca\u00adbamos de decir:<\/p>\n<p><a href=\"https:\/\/i0.wp.com\/vicencianos.org\/wp-content\/2011\/04\/El_testamento_de_Monsieur_Vincent_esquema_01.jpg\"><img data-recalc-dims=\"1\" loading=\"lazy\" decoding=\"async\" class=\"aligncenter size-large wp-image-35400\" title=\"El_testamento_de_Monsieur_Vincent_esquema_01\" src=\"https:\/\/i0.wp.com\/vicencianos.org\/wp-content\/2011\/04\/El_testamento_de_Monsieur_Vincent_esquema_01-1024x208.jpg?resize=572%2C116\" alt=\"\" width=\"572\" height=\"116\" \/><\/a><\/p>\n<p>En resumen: MV busca, a trav\u00e9s de la interpretaci\u00f3n de su propia vida y de la peque\u00f1a historia de la CM hasta ese momento, que \u00e9sta se comprometa a hacer en el futuro lo que \u00e9l ense\u00f1a en este 6 de diciembre de 1658.<\/p>\n<p>En cuanto al contexto social que se puede extraer del texto que estudiamos, el locutor y los oyentes se encuentran enmarcados dentro de un grupo religioso m\u00e1s amplio de cristianos muchos de los cuales no cumplen con su obliga\u00adci\u00f3n principal de hacerse perfectos como el Padre celestial [76\/384]. Este hecho constituye a los oyentes, por contraste, y al locutor en un grupo de \u00e9lite se\u00f1alado expresamente por Dios para llevar a cabo ese fin principal de toda vida cristiana. Hay otros muchos sacerdotes en la Iglesia y en Francia que, como los que oyen a MV, tambi\u00e9n predican en los pueblos y predican a los pobres. Pero los oyentes de MV se distinguen porque predican <em>s\u00f3lo <\/em>a los pobres, y <em>s\u00f3lo <\/em>en los pueblos [79-80\/387]. As\u00ed pues, los oyentes de MV a\u00f1aden algo nuevo y caracter\u00edstico a lo que es usual entre el clero de la Francia de su tiempo. Por otro lado, hay entre el clero del tiempo algunos, o muchos, elementos tales que hay que preguntarse, aun con peligro de escandalizar, si no deben atribuirse a ellos \u00abtodos los des\u00f3rdenes que vemos en el mundo\u00bb, de manera que MV se atreve a afirmar que \u00abla Iglesia no tiene peores enemigos que los sacerdotes\u00bb [86\/392].<\/p>\n<p>La dedicaci\u00f3n exclusiva y preferencia de la CM se jus\u00adtifica en su urgencia por la ignorancia religiosa de los po\u00adbres, ignorancia que es \u00abcasi incre\u00edble\u00bb, y que les pone en situaci\u00f3n de condenaci\u00f3n eterna [80-81\/387-388]. Los po\u00adbres parecen ser muchos, y ciertamente no sufren s\u00f3lo de ignorancia en la fe. Son pobres en sentido literal, que nece\u00adsitan limosnas, alivio, curaci\u00f3n [87-88\/393]. Est\u00e1n las po\u00adbres gentes del campo (passim), los locos [88\/394], los an\u00adcianos asilados [87\/393], los ni\u00f1os abandonados [88\/394], los arruinados por la guerra [89\/395], aparte de otros po\u00adbres m\u00e1s lejanos en las Indias y en Berber\u00eda [90\/395].<\/p>\n<p>Ninguna otra cosa significativa acerca del contexto so\u00adcial se encuentra en el texto que estamos estudiando. Por su concentraci\u00f3n sobre ellos y su olvido de cualquier otra cir\u00adcunstancia social externa se podr\u00eda decir que para MV no existe m\u00e1s mundo exterior a la sala de conferencias que el de los sacerdotes y el de los pobres.<\/p>\n<h2><em>La estructura formal de la conferencia<\/em><\/h2>\n<blockquote>[73-76\/381-383] <em>Introducci\u00f3n: <\/em>lectura y comentario gene\u00adral a RC I, 1<\/p>\n[76-89\/384-390] <em>Cuerpo de la conferencia<\/em><\/p>\n[76-79\/384-386] <em>tema 1\u00ba<\/em>: trabajar en la propia perfecci\u00f3n<\/p>\n[79-83\/386-389] <em>tema 2\u00ba: <\/em>evangelizar a los pobres, sobre todo a los del campo<\/p>\n[83-84\/390] <em>tema 3\u00ba: <\/em>instruir a los eclesi\u00e1sticos<\/p>\n[84-89\/391-395] <em>contratema: <\/em>las objeciones<\/p>\n[89-92\/395-397] <em>Coda: <\/em>los peligros del futuro<\/p>\n[93-94\/398] <em>Final<\/em><\/p><\/blockquote>\n<p><em><br \/>\n<\/em><\/p>\n<p>La introducci\u00f3n nos dice de entrada que, como se advir\u00adti\u00f3 arriba, se va a dejar de lado por esta vez el estilo habi\u00adtual de coloquio o \u00abpuesta en com\u00fan\u00bb, y se va a adoptar un tono \u00abmagisterial\u00bb, por as\u00ed decirlo. Sigue la lectura de RC I, 1, cuya estructura superficial se podr\u00eda describir as\u00ed:<\/p>\n<p><a href=\"https:\/\/i0.wp.com\/vicencianos.org\/wp-content\/2011\/04\/El_testamento_de_Monsieur_Vincent_esquema_02.jpg\"><img data-recalc-dims=\"1\" loading=\"lazy\" decoding=\"async\" class=\"aligncenter size-large wp-image-35401\" title=\"El_testamento_de_Monsieur_Vincent_esquema_02\" src=\"https:\/\/i0.wp.com\/vicencianos.org\/wp-content\/2011\/04\/El_testamento_de_Monsieur_Vincent_esquema_02-1024x508.jpg?resize=577%2C286\" alt=\"\" width=\"577\" height=\"286\" \/><\/a>Se advertir\u00e1 f\u00e1cilmente el paralelismo que RC I, 1 quie\u00adre establecer entre la figura de J.C. y la de los miembros de la CM. N\u00f3tese una peque\u00f1a ambig\u00fcedad en el uso de los vocablos \u00abfm-medios\u00bb. En la l\u00ednea quinta [74\/382 l\u00ednea s\u00e9p-tima], y tambi\u00e9n m\u00e1s abajo en la l\u00ednea 19 [382 l\u00edneas 21-22], se llama \u00abmedios\u00bb a lo que en la l\u00ednea sexta [382 l\u00ednea 9] se califica de \u00abfin\u00bb (\u00abfinalidad\u00bb en la traducci\u00f3n castellana). La ambig\u00fcedad desaparece sin embargo si se examina con cuidado el sentido. El verdadero fin de la CM es imitar a J.-C. como evangelizador (\u00abdesea imitar al mismo Jesucris-to\u00bb [74 primera l\u00ednea\/382 cuarta lineal), y con ese <em>fin <\/em>debe servirse de los mismos <em>medios <\/em>de que \u00e9l se sirvi\u00f3. Estos <em>me-dios <\/em>se presentan como el fin <em>inmediato <\/em>de la CM, fin orde-nado en realidad (como medio) a conseguir el fin que real-mente interesa: la imitaci\u00f3n de J.-C. salvador.<\/p>\n<p>Las virtudes de J-C. no se ven como simples adornos sobrenaturales de su alma, sino que son tambi\u00e9n salvadoras: \u00abvirtudes convenientes a un Dios que se ha hecho hombre para ser el ejemplo de las dem\u00e1s hombres\u00bb [74\/382], lo cual est\u00e1 perfectamente en l\u00ednea con la primera afirmaci\u00f3n de RC I, 1: \u00abPara salvar al g\u00e9nero humano, comenz\u00f3&#8230; a hacer\u00bb, cosa que J.-C. llev\u00f3 a cabo \u00abpracticando toda clase de virtude,s\u00bb.<\/p>\n<p>El fin (le dessein [75\/383 primera l\u00ednea] \u00abel prop\u00f3sito-) de la CM es imitar a J.-C.: con-formarse con su manera de ser y de obrar, tratar de adquirir la figura de J.-C., imitar sus acciones e inacciones [76\/383]. La consecuci\u00f3n de ese fin \u00faltimo se lleva a cabo con la pr\u00e1ctica de lo que se pre-senta como <em>el fin <\/em>(no los fines) <em>inmediato <\/em>de la CM, un fin que se compone de tres miembros: la dedicaci\u00f3n a la pro-pia perfecci\u00f3n, la evangelizaci\u00f3n de los pobres, la formaci\u00f3n de eclesi\u00e1sticos.<\/p>\n<p>Queda a\u00fan por se\u00f1alar un aspecto que no se expone en concreto en ning\u00fan sitio, pero que atraviesa claramente toda la introducci\u00f3n. \u00bfC\u00f3mo unas \u00abpersonas pobres y ruines\u00bb [75\/383] pueden o se atreven a plantearse un fin tan ele\u00advado? Se admite de entrada la pobreza de fuerzas para una tal empresa <em>(\u00abselon son petit possible\u00bb, <\/em>[74 l\u00ednea segunda\/ 383]). Pero adem\u00e1s, y esto es lo decisivo, un tal fin no ha si\u00addo escogido por esas pobres personas, sino que ha sido se\u00f1a\u00adlado por Dios a la CM desde toda la eternidad [74\/382].<\/p>\n<h2><em>Cuerpo de la conferencia <\/em>[76-89\/384-390]<\/h2>\n<h3><em>Tema 1.\u00b0: trabajar en la perfecci\u00f3n propia <\/em>[76-79\/384-386]<\/h3>\n<p>Este primer aspecto del fin no es t\u00edpico de la CM, sino com\u00fan a todos los cristianos. S\u00f3lo porque fallan en ello la mayor parte, Dios suscita a algunos para que lo tomen en serio [76\/384]. La perfecci\u00f3n no se define como un cat\u00e1logo de virtudes que hay que apropiarse, sino como un modo de ser y un modo de obrar que hay que adquirir progresivamen\u00adte en tres niveles o aspectos: como hombres \u00abrazonables\u00bb, como cristianos, como misioneros [77-78\/385]. Un modo de ser, dec\u00edamos, y no s\u00f3lo un modo de obrar, pues es posible obrar como misionero sin ser tal en realidad. Hay que obrar, pero no sin m\u00e1s, sino \u00aben el mismo esp\u00edritu\u00bb de J.-C. [78\/ 385]. Si se carece de perfecci\u00f3n propia no se puede ser inter\u00admediario aceptado por Dios [78\/385], ni ayudar verdadera\u00admente al pr\u00f3jimo en la obra de salvaci\u00f3n, pues la perfec\u00adci\u00f3n es vista en este lugar por MV como un medio necesa\u00adrio <em>(\u00abpar ce moyen\u00bb, <\/em>\u00abde esta forma\u00bb) para ayudar a los dem\u00e1s [78\/386].<\/p>\n<p>Como resumen de este primer tema: ser perfecto es ha\u00adcer bien, hacer como J.-C., los ejercicios interiores del esp\u00ed\u00adritu y las obras externas.<\/p>\n<h3><em>Tema 2.\u00b0: evangelizar a los pobres, sobre todo a los del <\/em><em>campo <\/em>[79-83\/386-389]<\/h3>\n<p>Primer motivo: la voluntad de J.-C., quien lo \u00abpide de nosotros\u00bb, y del Padre eterno, quien \u00abnos destina a lo mis\u00admo que destin\u00f3 a su Hijo\u00bb <em>(\u00abaux desseins de son Fils\u00bb). <\/em>\u00bfCu\u00e1l es el contenido de esta voluntad? Se define con dos ex\u00adpresiones que parecen ser equivalentes:<\/p>\n<p style=\"text-align: center\"><em>instruir a los pueblos del campo <\/em> (l\u00ednea 14\/l\u00ednea 22) <em>= que evangelicemos a los pobres <\/em> [79\/386] (l\u00ednea 16\/ l\u00edneas 23-24)<\/p>\n<p>y, por tanto:<\/p>\n<p style=\"text-align: center\"><em>instruir a los pueblos = evangelizar<br \/>\n<\/em><em>pueblos del campo = pobres<\/em><\/p>\n<p>Veremos m\u00e1s adelante en el texto que, con toda clari\u00addad, <em>no <\/em>se dan tales equivalencias en el verdadero pensa\u00admiento de MV.<\/p>\n<p>El contenido de este segundo tema, la evangelizaci\u00f3n de los pobres, es una gran vocaci\u00f3n que ciertamente no nos merecemos, que otros podr\u00edan hacer mejor, pero que Dios nos ha dado [79\/386]. De hecho hay otros que tambi\u00e9n evangelizan a los pobres y que predican en los campos, pero s\u00f3lo esta compa\u00f1\u00eda se dedica exclusivamente a ello, eso es lo \u00fanico que profesa, de manera que lo que la define <em>(\u00abcela <\/em><em>leur est particulier d&#8217;\u00e9tre\u00bb, <\/em>\u00ablo especial suyo\u00bb) es la dedica\u00adci\u00f3n exclusiva a los pobres, cosa que tambi\u00e9n define a J.-C. [80\/387].<\/p>\n<p>Segundo motivo: la grandeza de esta vocaci\u00f3n. Porque efectivamente esta vocaci\u00f3n es una continuaci\u00f3n de la del Hijo de Dios, de manera que convierte a los misioneros en instrumentos por los que el Hijo de Dios sigue haciendo en el mundo lo que \u00e9l empez\u00f3 a hacer en la tierra [80\/387].<\/p>\n<p>Tercer motivo: la necesidad; la ignorancia casi incre\u00edble del pobre pueblo en las cosas de la fe, ignorancia que pone en peligro su salvaci\u00f3n eterna [80-81\/387-388] ; las malas confesiones, con el mismo peligro [82\/388-389].<span id='easy-footnote-11-35398' class='easy-footnote-margin-adjust'><\/span><span class='easy-footnote'><a href='http:\/\/vincentians.com\/es\/el-testamento-de-monsieur-vincent\/#easy-footnote-bottom-11-35398' title='No confundir el incidente relatado en el p\u00e1rrafo segundo &lt;em&gt;(\u00abJ&amp;#8217;en &lt;\/em&gt;&lt;em&gt;al vu&amp;#8230;\u00bb &lt;\/em&gt;\u00abConozco a uno&amp;#8230;\u00bb, p. 389) con el de Gannes-Folleville. Son sin duda diferentes, aunque tienen alguna semejanza. M\u00e1s de una vez, a las hermanas en IX 59 (IX\/1 72); a los misioneros en XI 3 (XI\/4 698), relat\u00f3 el santo el incidente de Gannes con toda precisi\u00f3n.'><sup>11<\/sup><\/a><\/span> Dios nos ha enviado para remediar esta necesidad extrema.<\/p>\n<p>MV termina [82-83\/389] la exposici\u00f3n de este motivo con un p\u00e1rrafo en el que se percibe con toda claridad la in\u00adtenci\u00f3n del locutor que atraviesa toda la conferencia. Este texto no es una mera exposici\u00f3n de hechos o ideas, no es una mera instrucci\u00f3n: es un discurso que busca deliberadamente el asentimiento de los oyentes a lo que se dice en \u00e9l.<span id='easy-footnote-12-35398' class='easy-footnote-margin-adjust'><\/span><span class='easy-footnote'><a href='http:\/\/vincentians.com\/es\/el-testamento-de-monsieur-vincent\/#easy-footnote-bottom-12-35398' title='Refiri\u00e9ndonos a la terminolog\u00eda usual en el an\u00e1lisis de textos, distinguir\u00edamos lo que el texto dice sin m\u00e1s (sentido locucionario) de lo que se percibe a trav\u00e9s del texto &lt;em&gt;en la intenci\u00f3n &lt;\/em&gt;del hablante (sentido ilocucionario). El texto de la conferencia est\u00e1 lleno de pistas (el p\u00e1rrafo que comentamos [82-83\/389] es abundante en ellas) que revelan con ni\u00adtidez el sentido ilocucionario del mismo texto, o sea, la intenci\u00f3n del locutor: convencer a sus oyentes para que \u00e9stos lleven a cabo lo que se les dice.'><sup>12<\/sup><\/a><\/span> As\u00ed que faltan contra la Regla, que es la que define el fin de la CM:<\/p>\n<ul>\n<li>los que no quieren ir a misionar (a los campos);<\/li>\n<li>los que habiendo ido alguna vez, no quieren volver por las incomodidades que tal vez encontraron;<\/li>\n<li>los que por estar trabajando a gusto en los seminarios no quieren salir de ellos;<\/li>\n<li>los que trabajando en alg\u00fan otro empleo, no quieren ir a misiones.<\/li>\n<\/ul>\n<p>De todo esto se deduce sin esfuerzo: misionar a las po-bres gentes de los campos es lo principal, porque eso es ayudar a los pobres como lo har\u00eda el mismo Se\u00f1or si estu-viera en la tierra [83\/389].<\/p>\n<h3><em>Tema 3.\u00b0: formar en ciencia y en virtud a los eclesi\u00e1s-<\/em><em>ticos <\/em>[83-84\/390]<\/h3>\n<p>Esta actividad no se daba en el comienzo de la Compa\u00f1\u00eda, pues durante los primeros arios no pens\u00e1bamos m\u00e1s que \u00aben nosotros y en los pobres\u00bb<span id='easy-footnote-13-35398' class='easy-footnote-margin-adjust'><\/span><span class='easy-footnote'><a href='http:\/\/vincentians.com\/es\/el-testamento-de-monsieur-vincent\/#easy-footnote-bottom-13-35398' title='Efectivamente. Recordemos fechas: en enero de 1618 san Vicen-te comienza su vida de misionero ambulante por las tierras de los Gondy. En 1626 se firma el contrato de asociaci\u00f3n de los cuatro primeros mi-sioneros (Portail, Du Coudray, La Salle y el mismo Vicente) con el fin exclusivo de dedicarse a las misiones rurales. Dos a\u00f1os despu\u00e9s, en 1628, comienza san Vicente sus trabajos en la formaci\u00f3n del clero con un primer retiro a ordenandos por sugerencia del obispo de Beauvais. Ver Abelly, 1. 1, cap. 25, pp. 116 ss.'><sup>13<\/sup><\/a><\/span> [83\/390]. Pero al adoptarla no hemos hecho m\u00e1s que seguir los pasos de J.-C., que tambi\u00e9n se dedic\u00f3 a ellos. Al hacerlo contribuiremos a \u00abdar buenos pastores a las parroquias\u00bb. Dios es quien nos ha lla-mado a ello, no se nos ocurri\u00f3 a nosotros. Empresa, por otro lado, sublime, de la que ciertamente no somos capaces [84\/390].<\/p>\n<h3><em>Contratema: las dificultades <\/em>[84-89\/391-395]<\/h3>\n<p>Las dificultades que se proponen no se refieren al tema primero (la propia perfecci\u00f3n), ni al tercero (la formaci\u00f3n de eclesi\u00e1sticos), sino al segundo: la evangelizaci\u00f3n de los pobres. De hecho el tema tercero va a aparecer precisamen-te como la primera dificultad contra el tema segundo [85\/391]. Como adem\u00e1s no se mencionan dificultades contra el contenido del tema primero, se puede deducir sin violentar el contenido sem\u00e1ntico del texto que es el segundo tema el que da sentido a todo el texto de la conferencia. En otras, palabras, que el contenido del tema segundo es la clave y resumen del texto que estamos analizando.<\/p>\n<p>A la misma conclusi\u00f3n llegamos en un examen r\u00e1pido de la longitud material dada por el locutor a la exposici\u00f3n de cada tema. El primero se extiende a lo largo de tres p\u00e1ginas; el tercero recibe una p\u00e1gina, mientras que al segundo se dedican cuatro p\u00e1ginas, y esto sin contar las seis p\u00e1ginas de\u00addicadas a las dificultades que, como queda dicho, se refieren todas a este segundo tema.<\/p>\n<p>Las dificultades son todas \u00abestructurales\u00bb, es decir, bro\u00adtan de la misma estructura organizada de la CM, que de he\u00adcho se ve envuelta en otras obras que parecen no tener rela\u00adci\u00f3n, e incluso parecen impedir, la dicha evangelizaci\u00f3n. En el fondo, pues, se trata de una cuesti\u00f3n capital para la mis\u00adma CM. Si \u00e9sta est\u00e1 en el mundo s\u00f3lo para evangelizar a los pobres [80\/387], \u00bfpor qu\u00e9 hace esto y lo de m\u00e1s all\u00e1? Adem\u00e1s, el mismo MV se crea con su propio discurso algu\u00adnas de las dificultades propuestas al haber establecido arriba la equivalencia observada: <em>gentes del campo = pobres.<\/em><\/p>\n<p>Las dificultades son, seg\u00fan est\u00e1n formuladas en el texto, hipot\u00e9ticas (\u00abOs hablo de todas estas objeciones antes de que se presenten\u00bb [89\/395]). Pero el tono vivo en que se dicen y su marcado realismo parecen sugerir que se han dado de hecho en el pasado. MV quiere quitarles toda fuer\u00adza para el futuro, y eso es realmente lo que persigue al ex\u00adponerlas con detalle y hasta con cierta crudeza.<\/p>\n<p><strong><em>Primera dificultad: la formaci\u00f3n de eclesi\u00e1sticos<\/em> [85-86\/391-392]<\/strong><\/p>\n<p>Esta dificultad brota precisamente de la existencia de dos fines aparentemente incompatibles entre s\u00ed: la dedicaci\u00f3n a las misiones rurales por un lado (\u00ablo que he venido a ha\u00adcer\u00bb), y el encerrarse en una ciudad para formar eclesi\u00e1sti\u00adcos por otro.<\/p>\n<p><em>Sed contra:<\/em><\/p>\n<ul>\n<li>Jesucristo lo hizo;<\/li>\n<li>por culpa de los malos sacerdotes reinan el vicio y la ignorancia \u00abentre el pobre pueblo\u00bb;<\/li>\n<li>los malos sacerdotes son la ruina de la Iglesia.<\/li>\n<\/ul>\n<p>Advi\u00e9rtase que la dificultad, <em>tal como la ha planteado <\/em><em>MV, <\/em>sigue en pie. Aunque lo que dice MV en contra de la dificultad sea cierto, no es menos fuerte la dificultad. Si uno se dedica con todas sus fuerzas a una cosa, no se puede dedicar a la otra. La aparente inconsistencia se desvanece, sin embargo, si se recuerda lo que dice MV en [83 \u00faltimas l\u00edneas] y en [84 l\u00edneas 8-9\/390]: \u00ablos anim\u00f3 \u2014a los ap\u00f3s\u00adtoles\u2014 de su esp\u00edritu, no s\u00f3lo para ellos, sino para todos los pueblos\u00bb, \u00abformar buenos sacerdotes, dar buenos pasto\u00adres a las parroquias\u00bb. La formaci\u00f3n de buenos eclesi\u00e1sticos es vista en definitiva como ordenada a la evangelizaci\u00f3n de las gentes.<\/p>\n<p><strong><em>Segunda dificultad: el servicio a las Hijas de la Caridad<\/em> [86-87\/392]<\/strong><\/p>\n<p>Dada la definici\u00f3n del fin que el mismo MV ha dado previamente, no se ve por qu\u00e9 esta Compa\u00f1\u00eda tenga que servir a las Hijas de la Caridad.<\/p>\n<p><em>Sed contra:<\/em><\/p>\n<ul>\n<li>J.-C. mismo, que tambi\u00e9n vino al mundo para evangelizar a los pobres y formar sacerdotes, se ocup\u00f3 tambi\u00e9n de la direcci\u00f3n de mujeres;<\/li>\n<li>nosotros tambi\u00e9n debemos ayudar a las Hijas de la Caridad a conseguir su perfecci\u00f3n en orden a \u00abla asistencia de los pobres\u00bb.<\/li>\n<\/ul>\n<p><strong><em>Tercera dificultad: asistencia corporal-material a los <\/em><em>pobres <\/em>[87-88\/393]<\/strong><\/p>\n<p>La dificultad procede aqu\u00ed del lenguaje mismo que MV ha usado hasta ahora. Hasta este momento \u00abevangelizar\u00bb se ha presentado como locuci\u00f3n equivalente a \u00abpredicar\u00bb o \u00abinstruir\u00bb (por ejemplo en [79\/386]). Ahora bien, la asis-tencia corporal-material no parece compatible con la de evangelizar en el sentido definido.<\/p>\n<p><em>Sed contra:<\/em><\/p>\n<ul>\n<li>J.-C. asisti\u00f3 a los pobres en sus necesidades ma-teriales;<\/li>\n<li>lo deben por tanto hacer tambi\u00e9n los sacerdotes;<\/li>\n<li>adem\u00e1s, y esto es lo decisivo, asistirles en el plano corporal-material es tambi\u00e9n evangelizar; hacer eso es evangelizar de palabra y de obra [88 segun\u00adda l\u00ednea\/393 fin de p\u00e1gina]. As\u00ed ha entendido el mismo J.-C. su labor evangelizadora (Veremos es\u00adta idea con m\u00e1s detalle en el Escolio).<\/li>\n<\/ul>\n<p><strong><em>Cuarta dificultad: la asistencia a los locos <\/em>[88\/394]<\/strong><\/p>\n<p>\u00bfPor qu\u00e9 hacerlo?<\/p>\n<p><em>Sed contra:<\/em><\/p>\n<ul>\n<li>J.-C. asisti\u00f3 a los locos y endemoniados;<\/li>\n<li>tambi\u00e9n nosotros debemos hacerlo, pues hacemos profesi\u00f3n de imitarle;<\/li>\n<li>no los buscamos nosotros, sino que nos los trae la Providencia.<\/li>\n<\/ul>\n<p><strong><em>Quinta dificultad: los ni\u00f1os abandonados <\/em>[88-89\/394]<\/strong><\/p>\n<p>\u00bfNo tenemos ya demasiadas cosas en que ocuparnos? <em>Sed contra:<\/em><\/p>\n<ul>\n<li>J.-C. nos ha dado ejemplo tambi\u00e9n en esto;<\/li>\n<li>debemos imitarle;<\/li>\n<li>se trata de pobres seres abandonados que J.-C. ciertamente no abandonar\u00eda.<\/li>\n<\/ul>\n<p><strong><em>Sexta dificultad: el trabajo en tierras lejanas, las Indias, Berber\u00eda <\/em>[90\/395]<\/strong><\/p>\n<p>Esta \u00faltima dificultad aparece como de paso en un p\u00e1\u00adrrafo de redacci\u00f3n revuelta (a partir de \u00abOs hablo de todas estas objeciones&#8230;\u00bb [89\/395]) que es en realidad el comien\u00adzo de la Coda (ver m\u00e1s abajo).<\/p>\n<p><em>Sed contra:<\/em><\/p>\n<ul>\n<li>J.-C. tambi\u00e9n envi\u00f3 a sus ap\u00f3stoles a tierras lejanas.<\/li>\n<\/ul>\n<p>La frase que termina este p\u00e1rrafo: \u00abNo importa; nues\u00adtra vocaci\u00f3n es: <em>evangelizare pauperibus\u00bb, <\/em>parece a la vista ser simplemente el cierre a la \u00faltima dificultad. Sint\u00e1ctica y sem\u00e1nticamente, sin embargo, el \u00abNo importa\u00bb no parece tener una relaci\u00f3n directa con lo que antecede inmediata\u00admente en el texto. Puede que tengamos aqu\u00ed un caso en que el escribiente ha abreviado o suprimido algo con las prisas de la redacci\u00f3n tomada a o\u00eddo. Pero esto es una suposici\u00f3n indirecta y nada segura. En la sem\u00e1ntica del texto, tal como \u00e9ste ha llegado a nosotros, esa frase algo enigm\u00e1tica parece ocupar un lugar claro en el conjunto del discurso. Y su sen\u00adtido parece ser algo as\u00ed como el de resumen de los <em>sed con\u00ad<\/em><em>tras <\/em>de esta larga serie de dificultades. Si estamos en lo cier\u00adto al interpretarlo as\u00ed, su sentido ser\u00eda \u00e9ste: \u00abNo importa que tengamos muchas y muy diversas obras, porque todas ellas son obras dirigidas a la evangelizaci\u00f3n de los pobres. Al llevarlas a cabo, llevamos tambi\u00e9n a cabo el fin de nuestra vocaci\u00f3n\u00bb.<\/p>\n<p>&nbsp;<\/p>\n<p>En todas las obras que cita MV se dan unas caracter\u00edsti\u00adcas comunes que son precisamente las que las justifican co\u00admo obras de una compa\u00f1\u00eda que se define como evangeliza\u00addora de los pobres en imitaci\u00f3n de J.-C.:<\/p>\n<p><em>primera caracter\u00edstica: <\/em>tambi\u00e9n las ha hecho J.-C.;<\/p>\n<p><em>segunda caracter\u00edstica: <\/em>no nos hemos buscado nosotros esas obras, sino que nos las ha dado Dios, o bien a trav\u00e9s de los que tienen autoridad, o bien a trav\u00e9s de su necesidad, necesidad que nos ha hecho ver Dios;<\/p>\n<p><em>tercera caracter\u00edstica: <\/em>todas ellas son obras ordenadas a la evangelizaci\u00f3n de los pobres<\/p>\n<ul>\n<li>inmediatamente en el plano espiritual (misiones)<\/li>\n<li>inmediatamente en el plano corporal (ancianos, asi\u00adlados, locos, socorros de guerra, ni\u00f1os abandonados)<\/li>\n<li>mediatamente en el plano espiritual (formaci\u00f3n de sacerdotes)<\/li>\n<li>mediatamente en el plano corporal (asistencia a las Hijas de la Caridad).<\/li>\n<\/ul>\n<p>Esta tercera caracter\u00edstica se puede expresar con el si\u00adguiente gr\u00e1fico, que refleja muy claramente la fuerte con\u00adsistencia del pensamiento de MV a pesar de la complejidad de sus obras.<\/p>\n<p><a href=\"https:\/\/i0.wp.com\/vicencianos.org\/wp-content\/2011\/04\/El_testamento_de_Monsieur_Vincent_esquema_03.jpg\"><img data-recalc-dims=\"1\" loading=\"lazy\" decoding=\"async\" class=\"aligncenter size-large wp-image-35402\" title=\"El_testamento_de_Monsieur_Vincent_esquema_03\" src=\"https:\/\/i0.wp.com\/vicencianos.org\/wp-content\/2011\/04\/El_testamento_de_Monsieur_Vincent_esquema_03-1024x317.jpg?resize=575%2C178\" alt=\"\" width=\"575\" height=\"178\" \/><\/a><\/p>\n<p><em>objeto \u00fanico: <\/em>evangelizaci\u00f3n de los pobres en imitaci\u00f3n de J.-C.<\/p>\n<p><em>medios varios: <\/em>espirituales-corporales, directos-indirectos <em>Coda: los peligros del futuro <\/em>[89-92\/395-397]\n<p>La conferencia se dirige hacia su final, pero MV inserta antes una especie de larga coda en que prev\u00e9 y refuta de antemano una serie de dificultades no de tipo estructural, como las que hemos visto, sino de tipo personal, dificultades que MV se teme con fundamento, dado el calor emocional con que las rechaza, que surgir\u00e1n sin duda en el futuro. El mero cat\u00e1logo de expresiones que MV usa para carac-terizar el tipo de misioneros de los que brotar\u00e1n las dificul-tades es por dem\u00e1s interesante.<\/p>\n<p>esp\u00edritus de contradicci\u00f3n<br \/>\ncomodones <em>(personnes l\u00e1ches)<\/em><br \/>\nesp\u00edritus mal nacidos<br \/>\nlobos rapaces<br \/>\nfalsos hermanos<br \/>\nfalsos profetas<br \/>\nesqueletos de misioneros<br \/>\nesp\u00edritus libertinos, libertinos libertinos<br \/>\ngentes comodonas <em>(gens mitton\u00e9s)<\/em><br \/>\npersonas que no viven m\u00e1s que en un peque\u00f1o c\u00edrculo <em>(gens qui n&#8217;ont qu&#8217;une petite p\u00e9riph\u00e9rie)<\/em><br \/>\nesp\u00edritus raqu\u00edticos <em>(petits esprits)<\/em><\/p>\n<p>Impresionante cat\u00e1logo de horrores, en verdad. No es la pura emoci\u00f3n del discurso, sin embargo, ni su desbordante capacidad expresiva lo que hace a MV desatar este torrente de invectivas hacia los que atentar\u00e1n en el futuro contra la definici\u00f3n del fin de la Compa\u00f1\u00eda que \u00e9l ha pretendido fijar para la posteridad. A trav\u00e9s de los ep\u00edtetos vivos y de las lo-cuciones brillantes se pueden advertir dos ideas b\u00e1sicas sobre los males que pueden surgir en el futuro para desviar a la Compa\u00f1\u00eda de su fin. Por un lado, la falta de fidelidad a lo que MV define aqu\u00ed; la pusilanimidad, la cobard\u00eda y la pe\u00adreza por otro. Dos remedios ofrece MV para obviar estas futuras dificultads: primero, la fidelidad a su ense\u00f1anza tal como \u00e9l mismo la ha expuesto en su conferencia (\u00abMante\u00adneos firmes\u00bb [92\/397]). Y, en segundo lugar, el coraje. Por si las obras enumeradas parecieran excesivas a sus oyen\u00adtes, les advierte que la compa\u00f1\u00eda est\u00e1 ahora (en 1658) en su infancia [92\/397]. Pero si Dios quiere aumentarle sus trabajos, le aumentar\u00e1 tambi\u00e9n sin duda las fuerzas [93\/ 398].<\/p>\n<p><em>Final: <\/em>\u00abEntregu\u00e9monos a Dios, hermanos&#8230;\u00bb [93-94\/ 398].<\/p>\n<h2><em>Escolio: el significado de la expresi\u00f3n \u00abevangelizare <\/em><em>pauperibus\u00bb<\/em><\/h2>\n<p>Como ya se advirti\u00f3 arriba, en el enunciado del segundo tema creemos ver la clave y cifra de este texto de MV. Ahora nos vamos a detener en un an\u00e1lisis m\u00e1s detallado del significado de esta expresi\u00f3n bas\u00e1ndonos exclusivamente en los elementos que aparecen en el texto mismo<\/p>\n<p>Poco hay que a\u00f1adir a lo que ya se dijo sobre el signi\u00adficado de la palabra \u00abevangelizar\u00bb en el texto de la confe\u00adrencia. Inicialmente, ya desde el texto de RC I, 1, evange\u00adlizar se presenta como \u00abpredicar el evangelio\u00bb. La misma actividad evangelizadora de J.-C. se define como una \u00abins\u00adtrucci\u00f3n\u00bb en las verdades divinas (\u00abinstruyendo al pobre pueblo\u00bb [75\/382]). La primera vez que se menciona la labor evangelizadora de la CM [79, segundo p\u00e1rrafo\/386] se dice que consiste en \u00abinstruir\u00bb a las gentes de los campos Definiciones similares aparecen a lo largo de todo el texto con mucha abundancia.<\/p>\n<p>Pero el mismo MV, que ha empleado estas expresiones sin pararse a delimitar con m\u00e1s detalle su significado, cuan\u00addo quiere definirlo expresamente extiende el contenido de la palabra \u00abevangelizar\u00bb mucho m\u00e1s all\u00e1 del sentido de \u00abense\u00f1ar\u00bb, \u00abinstruir\u00bb o \u00abpredicar\u00bb. Por ejemplo, en [84\/ 391]:<\/p>\n<p style=\"padding-left: 30px\">\u00abSe puede decir que &#8216;venir a evangelizar a los pobres&#8217; no se entiende solamente a <em>ense\u00f1ar <\/em>los misterios ne\u00adcesarios para la salvaci\u00f3n, sino <em>hacer <\/em>las cosas predi\u00adchas y prefiguradas por los profetas (o sea) <em>hacer efec\u00ad<\/em><em>tivo el evangelio\u00bb.<\/em><\/p>\n<p>Y de una manera a\u00fan m\u00e1s expl\u00edcita en [87-88\/393], de modo que no vemos necesario a\u00f1adir nada a lo que MV dice con tanta claridad y precisi\u00f3n:<\/p>\n<p style=\"padding-left: 30px\">\u00abDe manera que si se encuentran entre nosotros quie\u00adnes piensen que est\u00e1n en la Misi\u00f3n para evangelizar a los pobres y no para aliviarles, para remediar sus ne\u00adcesidades espirituales y no las temporales, respondo que les debemos asistir y hacer asistir de todas las maneras, por nosotros mismos y por otros&#8230; Hacer eso es evan\u00adgelizar de palabra y de obra\u00bb.<\/p>\n<p>El contenido del vocablo \u00abpauperes\u00bb en la locuci\u00f3n que estamos tratando de analizar presenta aspectos m\u00e1s compli\u00adcados. De la primera vez que se emplea en RC I, 1 como objeto de la actividad evangelizadora de los misioneros s\u00f3lo se puede deducir que hay otros pobres adem\u00e1s de los del campo, pues a los del campo debe ir dirigida preferente\u00admente <em>(\u00abparticuli\u00e9rement\u00bb, <\/em>\u00abespecialmente\u00bb) esa actividad [74\/382]. El sustantivo \u00abpobre\u00bb aparece en muy numerosas ocasiones o bien solo, o bien modificado por un determinan\u00adte (pobres <em>de los campos&#8230;). <\/em>Aparece muy a menudo tam\u00adbi\u00e9n en forma adjetival (pobres gentes, pobre pueblo, pobres enfermos&#8230;).<span id='easy-footnote-14-35398' class='easy-footnote-margin-adjust'><\/span><span class='easy-footnote'><a href='http:\/\/vincentians.com\/es\/el-testamento-de-monsieur-vincent\/#easy-footnote-bottom-14-35398' title='V\u00e9ase un estudio detallado de este aspecto, en el conjunto de los escritos de san Vicente, en el art\u00edculo de John W. Carven, C.M. &lt;em&gt;The &lt;\/em&gt;&lt;em&gt;Poor, An attempt to fathom the mind of St. Vincent, &lt;\/em&gt;Vincentiana 1979, 1, pp. 42 ss.'><sup>14<\/sup><\/a><\/span> En cuanto al significado de la palabra cada vez que se emplea en el texto de la conferencia como nom\u00adbre o como adjetivo habr\u00e1 que ver su contexto inmediato para tratar de descubrir su significado exacto. Aqu\u00ed vamos a tratar de determinar a qui\u00e9n se refiere en realidad MV <em>en el conjunto de la conferencia <\/em>cuando define el fin de la CM como dirigido a la evangelizaci\u00f3n de los pobres.<\/p>\n<p>La primera vez que el mismo MV nos da un equiva\u00adlente del significado de la palabra que estudiamos parece hacerla sin\u00f3nimo de \u00abgentes del campo\u00bb [79\/386]:<\/p>\n<p style=\"text-align: center\">\u00abinstruir = \u00abque evangelicemos a los pueblos del campo\u00bb = a los pobres\u00bb<\/p>\n<p>Esta impresi\u00f3n se confirma en la p\u00e1gina siguiente [80\/ 387] al afirmar que la Compa\u00f1\u00eda no debe predicar en las ciudades precisamente porque se dedica a los pobres.<\/p>\n<p>\u00bfSer\u00e1 en verdad equivalente en el pensar de MV el con\u00adtenido de la palabra \u00abpobres\u00bb con el de la locuci\u00f3n \u00abgen\u00adtes del campo\u00bb? Creemos que se puede afirmar claramente que no. \u00bfQu\u00e9 significa, pues, la palabra \u00abpobres\u00bb en la ex\u00adpresi\u00f3n <em>\u00abevangelizare pauperibus\u00bb? <\/em>Se perdonar\u00e1 la aparen\u00adte banalidad de la afirmaci\u00f3n, pero creemos que se puede afirmar sin titubeos que para MV la palabra \u00abpobre\u00bb signi\u00adfica <em>pobre, y <\/em>no otra cosa. Y no en el sentido de \u00ablamentable\u00bb, \u00abdigno de conmiseraci\u00f3n\u00bb, o como exclamaci\u00f3n com-pasiva, como se podr\u00eda decir de un rey condenado a muerte: \u00abpobre rey\u00bb, o de un potentado con c\u00e1ncer terminal: \u00abpo-bre hombre\u00bb, sino en el sentido que tiene la palabra cuando se usa como sustantivo, o bien como adjetivo detr\u00e1s del nombre: \u00abhombre pobre\u00bb, \u00aba los pobres siempre los ten-dr\u00e9is con vosotros\u00bb.<span id='easy-footnote-15-35398' class='easy-footnote-margin-adjust'><\/span><span class='easy-footnote'><a href='http:\/\/vincentians.com\/es\/el-testamento-de-monsieur-vincent\/#easy-footnote-bottom-15-35398' title='Se advertir\u00e1 que con esta conclusi\u00f3n nos apartamos claramente de la definici\u00f3n del mismo problema tal como lo expone John Carver en el art\u00edculo citado. Ver en particular su conclusi\u00f3n el la p\u00e1gina 54: \u00abIf I may paraphrase St. Vincent, our Ends is to ernbrace the hearts of men, to do what the Son of God did, to preach the Gospel to needy people, the common folk (Gens grossiers) \u00bb &lt;em&gt;(sic). &lt;\/em&gt;En cuanto al sentido &lt;em&gt;b\u00edblico &lt;\/em&gt;de la palabra \u00abpobre\u00bb: es irrelevante tratar de ese sentido cuando se quiere conocer lo que pensaba en realidad san Vicente. Pudo entender \u00e9l la cosa de muy distinta manera sin tener en cuenta para nada el sen-tido b\u00edblico que pudiera tener tal palabra en su tiempo. Si adem\u00e1s se proyectan sobre san Vicente los descubrimientos de la ex\u00e9gesis moderna, esa es la mejor manera de arriesgarse a no llegar a conocer el significado de textos que se escribieron sin pensar en tal ex\u00e9gesis.'><sup>15<\/sup><\/a><\/span>\n<p>Este an\u00e1lisis nos parece indiscutible <em>en relaci\u00f3n a todo <\/em><em>el texto de esta conferencia. <\/em>A\u00f1\u00e1dase adem\u00e1s que <em>todas las <\/em>obras que MV quiere justificar para demostrar que con ellas el fin de la CM se dirigen directa o indirectamente a per-sonas que s\u00f3lo se pueden calificar como pobres no en el primer sentido de dignos de compasi\u00f3n por su mala suerte, por ejemplo, sino en el segundo: pobres porque sufren ne-cesidades totalmente fundamentales para la vida humana.<\/p>\n<p>Advi\u00e9rtase, finalmente, que la primera definici\u00f3n del fin de la CM en RC I, 1 en cuanto a la evangelizaci\u00f3n de los pobres se centra de manera preferente en los pobres <em>del <\/em>campo, pero no excluye a otros <em>(\u00abparticuli\u00e9rement \u00e1 <\/em>ceux de la campagne\u00bb, <em>\u00abespecialmente a <\/em>los del campo\u00bb). Por el pe-que\u00f1o portillo que queda abierto por el \u00abespecialmente\u00bb se cuelan tumultuosamente en la sala de conferencias pobres de todo tipo, los ancianos, los locos, los ni\u00f1os abandonados, los esclavos, para evangelizar a los cuales no se tiene en cuenta su condici\u00f3n de urbanos o rurales. Los ancianos, los locos, los ni\u00f1os son ciudadanos de Par\u00eds.<\/p>\n<p><em>\u00abEvangelizare pauperibus\u00bb <\/em>significar\u00eda, seg\u00fan el texto de esta conferencia que pretende definir expresamente el fin de la CM como interpretaci\u00f3n del pasado y como clave del fu\u00adturo, algo as\u00ed como lo que sigue: trabajar por los que son realmente pobres, por s\u00ed mismo o a trav\u00e9s de la ayuda que se presta a otros, lo mismo en el plano espiritual, de refe\u00adrencia a Dios, que en el corporal, de bienestar material y de bienes de cultura y de salud. Hacer eso es, como dir\u00eda MV, \u00abhacer efectivo el Evangelio\u00bb.<\/p>\n","protected":false},"excerpt":{"rendered":"<p>La conferencia sobre el fin de la Congregaci\u00f3n, 6 de diciembre de 1658 La conferencia sobre el fin de la Congregaci\u00f3n de la Misi\u00f3n no es un testamento en el sentido usual de reparti\u00adci\u00f3n p\u00f3stuma &#8230; <a href=\"http:\/\/vincentians.com\/es\/el-testamento-de-monsieur-vincent\/\" class=\"more-link\">Read More<\/a><\/p>\n","protected":false},"author":4,"featured_media":32807,"comment_status":"open","ping_status":"open","sticky":false,"template":"","format":"standard","meta":{"jetpack_post_was_ever_published":false,"_jetpack_newsletter_access":"","_jetpack_dont_email_post_to_subs":false,"_jetpack_newsletter_tier_id":0,"_jetpack_memberships_contains_paywalled_content":false,"_jetpack_memberships_contains_paid_content":false,"footnotes":"","jetpack_publicize_message":"","jetpack_publicize_feature_enabled":true,"jetpack_social_post_already_shared":true,"jetpack_social_options":{"image_generator_settings":{"template":"highway","default_image_id":0,"font":"","enabled":false},"version":2}},"categories":[28,5],"tags":[218,130,163,124,175,145,172,127],"class_list":["post-35398","post","type-post","status-publish","format-standard","has-post-thumbnail","hentry","category-formacion-vicenciana","category-vicente-de-paul","tag-abelly","tag-beauvais","tag-bons-enfants","tag-du-coudray","tag-folleville","tag-gannes","tag-pobreza","tag-portail"],"yoast_head":"<!-- This site is optimized with the Yoast SEO plugin v26.3 - https:\/\/yoast.com\/wordpress\/plugins\/seo\/ -->\n<title>El testamento de Monsieur Vincent - Somos Vicencianos<\/title>\n<meta name=\"robots\" content=\"index, follow, max-snippet:-1, max-image-preview:large, max-video-preview:-1\" \/>\n<link rel=\"canonical\" href=\"http:\/\/vincentians.com\/es\/el-testamento-de-monsieur-vincent\/\" \/>\n<meta property=\"og:locale\" content=\"es_ES\" \/>\n<meta property=\"og:type\" content=\"article\" \/>\n<meta property=\"og:title\" content=\"El testamento de Monsieur Vincent - Somos Vicencianos\" \/>\n<meta property=\"og:description\" content=\"La conferencia sobre el fin de la Congregaci\u00f3n, 6 de diciembre de 1658 La conferencia sobre el fin de la Congregaci\u00f3n de la Misi\u00f3n no es un testamento en el sentido usual de reparti\u00adci\u00f3n p\u00f3stuma ... Read More\" \/>\n<meta property=\"og:url\" content=\"http:\/\/vincentians.com\/es\/el-testamento-de-monsieur-vincent\/\" \/>\n<meta property=\"og:site_name\" content=\"Somos Vicencianos\" \/>\n<meta property=\"article:publisher\" content=\"https:\/\/www.facebook.com\/WeAreVincentians\/\" \/>\n<meta property=\"article:author\" content=\"https:\/\/www.facebook.com\/JavierChento\" \/>\n<meta property=\"article:published_time\" content=\"2015-05-29T06:27:01+00:00\" \/>\n<meta property=\"article:modified_time\" content=\"2016-07-26T17:17:45+00:00\" \/>\n<meta name=\"author\" content=\"Francisco Javier Fern\u00e1ndez Chento\" \/>\n<meta name=\"twitter:card\" content=\"summary_large_image\" \/>\n<meta name=\"twitter:creator\" content=\"@https:\/\/twitter.com\/javierchento\" \/>\n<meta name=\"twitter:site\" content=\"@WeVincentians\" \/>\n<meta name=\"twitter:label1\" content=\"Escrito por\" \/>\n\t<meta name=\"twitter:data1\" content=\"Francisco Javier Fern\u00e1ndez Chento\" \/>\n\t<meta name=\"twitter:label2\" content=\"Tiempo de lectura\" \/>\n\t<meta name=\"twitter:data2\" content=\"32 minutos\" \/>\n<script type=\"application\/ld+json\" class=\"yoast-schema-graph\">{\"@context\":\"https:\/\/schema.org\",\"@graph\":[{\"@type\":\"Article\",\"@id\":\"http:\/\/vincentians.com\/es\/el-testamento-de-monsieur-vincent\/#article\",\"isPartOf\":{\"@id\":\"http:\/\/vincentians.com\/es\/el-testamento-de-monsieur-vincent\/\"},\"author\":{\"name\":\"Francisco Javier Fern\u00e1ndez Chento\",\"@id\":\"http:\/\/vincentians.com\/es\/#\/schema\/person\/9623ef4d9aa3b2dfb8c061f1499288f2\"},\"headline\":\"El testamento de Monsieur Vincent\",\"datePublished\":\"2015-05-29T06:27:01+00:00\",\"dateModified\":\"2016-07-26T17:17:45+00:00\",\"mainEntityOfPage\":{\"@id\":\"http:\/\/vincentians.com\/es\/el-testamento-de-monsieur-vincent\/\"},\"wordCount\":6451,\"commentCount\":0,\"publisher\":{\"@id\":\"http:\/\/vincentians.com\/es\/#organization\"},\"image\":{\"@id\":\"http:\/\/vincentians.com\/es\/el-testamento-de-monsieur-vincent\/#primaryimage\"},\"thumbnailUrl\":\"\",\"keywords\":[\"Abelly\",\"Beauvais\",\"Bons Enfants\",\"Du Coudray\",\"Folleville\",\"Gannes\",\"Pobreza\",\"Portail\"],\"articleSection\":[\"Formaci\u00f3n Vicenciana\",\"Vicente de Pa\u00fal\"],\"inLanguage\":\"es\",\"potentialAction\":[{\"@type\":\"CommentAction\",\"name\":\"Comment\",\"target\":[\"http:\/\/vincentians.com\/es\/el-testamento-de-monsieur-vincent\/#respond\"]}]},{\"@type\":\"WebPage\",\"@id\":\"http:\/\/vincentians.com\/es\/el-testamento-de-monsieur-vincent\/\",\"url\":\"http:\/\/vincentians.com\/es\/el-testamento-de-monsieur-vincent\/\",\"name\":\"El testamento de Monsieur Vincent - Somos Vicencianos\",\"isPartOf\":{\"@id\":\"http:\/\/vincentians.com\/es\/#website\"},\"primaryImageOfPage\":{\"@id\":\"http:\/\/vincentians.com\/es\/el-testamento-de-monsieur-vincent\/#primaryimage\"},\"image\":{\"@id\":\"http:\/\/vincentians.com\/es\/el-testamento-de-monsieur-vincent\/#primaryimage\"},\"thumbnailUrl\":\"\",\"datePublished\":\"2015-05-29T06:27:01+00:00\",\"dateModified\":\"2016-07-26T17:17:45+00:00\",\"breadcrumb\":{\"@id\":\"http:\/\/vincentians.com\/es\/el-testamento-de-monsieur-vincent\/#breadcrumb\"},\"inLanguage\":\"es\",\"potentialAction\":[{\"@type\":\"ReadAction\",\"target\":[\"http:\/\/vincentians.com\/es\/el-testamento-de-monsieur-vincent\/\"]}]},{\"@type\":\"ImageObject\",\"inLanguage\":\"es\",\"@id\":\"http:\/\/vincentians.com\/es\/el-testamento-de-monsieur-vincent\/#primaryimage\",\"url\":\"\",\"contentUrl\":\"\"},{\"@type\":\"BreadcrumbList\",\"@id\":\"http:\/\/vincentians.com\/es\/el-testamento-de-monsieur-vincent\/#breadcrumb\",\"itemListElement\":[{\"@type\":\"ListItem\",\"position\":1,\"name\":\"Portada\",\"item\":\"http:\/\/vincentians.com\/es\/\"},{\"@type\":\"ListItem\",\"position\":2,\"name\":\"El testamento de Monsieur Vincent\"}]},{\"@type\":\"WebSite\",\"@id\":\"http:\/\/vincentians.com\/es\/#website\",\"url\":\"http:\/\/vincentians.com\/es\/\",\"name\":\"Somos Vicencianos\",\"description\":\"Know more to serve more\",\"publisher\":{\"@id\":\"http:\/\/vincentians.com\/es\/#organization\"},\"potentialAction\":[{\"@type\":\"SearchAction\",\"target\":{\"@type\":\"EntryPoint\",\"urlTemplate\":\"http:\/\/vincentians.com\/es\/?s={search_term_string}\"},\"query-input\":{\"@type\":\"PropertyValueSpecification\",\"valueRequired\":true,\"valueName\":\"search_term_string\"}}],\"inLanguage\":\"es\"},{\"@type\":\"Organization\",\"@id\":\"http:\/\/vincentians.com\/es\/#organization\",\"name\":\"The Vincentian Network\",\"url\":\"http:\/\/vincentians.com\/es\/\",\"logo\":{\"@type\":\"ImageObject\",\"inLanguage\":\"es\",\"@id\":\"http:\/\/vincentians.com\/es\/#\/schema\/logo\/image\/\",\"url\":\"https:\/\/i1.wp.com\/vincentians.com\/es\/wp-content\/uploads\/sites\/11\/2016\/06\/Vincentian-Network-logo-big.png?fit=778%2C778\",\"contentUrl\":\"https:\/\/i1.wp.com\/vincentians.com\/es\/wp-content\/uploads\/sites\/11\/2016\/06\/Vincentian-Network-logo-big.png?fit=778%2C778\",\"width\":778,\"height\":778,\"caption\":\"The Vincentian Network\"},\"image\":{\"@id\":\"http:\/\/vincentians.com\/es\/#\/schema\/logo\/image\/\"},\"sameAs\":[\"https:\/\/www.facebook.com\/WeAreVincentians\/\",\"https:\/\/x.com\/WeVincentians\"]},{\"@type\":\"Person\",\"@id\":\"http:\/\/vincentians.com\/es\/#\/schema\/person\/9623ef4d9aa3b2dfb8c061f1499288f2\",\"name\":\"Francisco Javier Fern\u00e1ndez Chento\",\"image\":{\"@type\":\"ImageObject\",\"inLanguage\":\"es\",\"@id\":\"http:\/\/vincentians.com\/es\/#\/schema\/person\/image\/\",\"url\":\"https:\/\/secure.gravatar.com\/avatar\/497d5cde87b4c3d097d0315953521681ba2cd523ee66e5077c3711f7021e65de?s=96&d=mm&r=g\",\"contentUrl\":\"https:\/\/secure.gravatar.com\/avatar\/497d5cde87b4c3d097d0315953521681ba2cd523ee66e5077c3711f7021e65de?s=96&d=mm&r=g\",\"caption\":\"Francisco Javier Fern\u00e1ndez Chento\"},\"description\":\"Director General y cofundador de La Red de Formaci\u00f3n Vicenciana. Javier es laico vicenciano, afiliado a la Congregaci\u00f3n de la Misi\u00f3n y miembro del Equipo de Misiones Populares de la provincia can\u00f3nica de Zaragoza (Espa\u00f1a) de la Congregaci\u00f3n de la Misi\u00f3n. Graduado en la Universidad Oberta de Catalunya con cuatro grados (Asistente de direcci\u00f3n, Gesti\u00f3n Administrativa, Recursos Humanos y Contabilidad Avanzada). Bil\u00edng\u00fce Espa\u00f1ol\/Ingl\u00e9s. gestiona y mantiene varias p\u00e1ginas web cristianas y vicencianas, incluida including La Red de Formaci\u00f3n Vicenciana, de la que es cofundador. Actualmente es responsable del \u00e1rea de Espa\u00f1ol de .famvin, la Red de Noticias de la Familia Vicenciana. Tambi\u00e9n es m\u00fasico cat\u00f3lico y ha editado varios discos. Es Director General y cofundador de Trovador, una reconocida compa\u00f1\u00eda discogr\u00e1fica critiana de Espa\u00f1a. Trabaja en las Tecnolog\u00edas de la Informaci\u00f3n, ofreciendo servicios de alojamiento, dise\u00f1o y mantenimiento Web, as\u00ed como asesoramiento, formaci\u00f3n y soluciones inform\u00e1ticas, gesti\u00f3n documental y digitalizaci\u00f3n de textos, edici\u00f3n y maquetaci\u00f3n de libros, revistas, flyers, etc.\",\"sameAs\":[\"http:\/\/chento.org\",\"https:\/\/www.facebook.com\/JavierChento\",\"https:\/\/x.com\/https:\/\/twitter.com\/javierchento\"],\"url\":\"http:\/\/vincentians.com\/es\/author\/chento\/\"}]}<\/script>\n<!-- \/ Yoast SEO plugin. -->","yoast_head_json":{"title":"El testamento de Monsieur Vincent - Somos Vicencianos","robots":{"index":"index","follow":"follow","max-snippet":"max-snippet:-1","max-image-preview":"max-image-preview:large","max-video-preview":"max-video-preview:-1"},"canonical":"http:\/\/vincentians.com\/es\/el-testamento-de-monsieur-vincent\/","og_locale":"es_ES","og_type":"article","og_title":"El testamento de Monsieur Vincent - Somos Vicencianos","og_description":"La conferencia sobre el fin de la Congregaci\u00f3n, 6 de diciembre de 1658 La conferencia sobre el fin de la Congregaci\u00f3n de la Misi\u00f3n no es un testamento en el sentido usual de reparti\u00adci\u00f3n p\u00f3stuma ... Read More","og_url":"http:\/\/vincentians.com\/es\/el-testamento-de-monsieur-vincent\/","og_site_name":"Somos Vicencianos","article_publisher":"https:\/\/www.facebook.com\/WeAreVincentians\/","article_author":"https:\/\/www.facebook.com\/JavierChento","article_published_time":"2015-05-29T06:27:01+00:00","article_modified_time":"2016-07-26T17:17:45+00:00","author":"Francisco Javier Fern\u00e1ndez Chento","twitter_card":"summary_large_image","twitter_creator":"@https:\/\/twitter.com\/javierchento","twitter_site":"@WeVincentians","twitter_misc":{"Escrito por":"Francisco Javier Fern\u00e1ndez Chento","Tiempo de lectura":"32 minutos"},"schema":{"@context":"https:\/\/schema.org","@graph":[{"@type":"Article","@id":"http:\/\/vincentians.com\/es\/el-testamento-de-monsieur-vincent\/#article","isPartOf":{"@id":"http:\/\/vincentians.com\/es\/el-testamento-de-monsieur-vincent\/"},"author":{"name":"Francisco Javier Fern\u00e1ndez Chento","@id":"http:\/\/vincentians.com\/es\/#\/schema\/person\/9623ef4d9aa3b2dfb8c061f1499288f2"},"headline":"El testamento de Monsieur Vincent","datePublished":"2015-05-29T06:27:01+00:00","dateModified":"2016-07-26T17:17:45+00:00","mainEntityOfPage":{"@id":"http:\/\/vincentians.com\/es\/el-testamento-de-monsieur-vincent\/"},"wordCount":6451,"commentCount":0,"publisher":{"@id":"http:\/\/vincentians.com\/es\/#organization"},"image":{"@id":"http:\/\/vincentians.com\/es\/el-testamento-de-monsieur-vincent\/#primaryimage"},"thumbnailUrl":"","keywords":["Abelly","Beauvais","Bons Enfants","Du Coudray","Folleville","Gannes","Pobreza","Portail"],"articleSection":["Formaci\u00f3n Vicenciana","Vicente de Pa\u00fal"],"inLanguage":"es","potentialAction":[{"@type":"CommentAction","name":"Comment","target":["http:\/\/vincentians.com\/es\/el-testamento-de-monsieur-vincent\/#respond"]}]},{"@type":"WebPage","@id":"http:\/\/vincentians.com\/es\/el-testamento-de-monsieur-vincent\/","url":"http:\/\/vincentians.com\/es\/el-testamento-de-monsieur-vincent\/","name":"El testamento de Monsieur Vincent - Somos Vicencianos","isPartOf":{"@id":"http:\/\/vincentians.com\/es\/#website"},"primaryImageOfPage":{"@id":"http:\/\/vincentians.com\/es\/el-testamento-de-monsieur-vincent\/#primaryimage"},"image":{"@id":"http:\/\/vincentians.com\/es\/el-testamento-de-monsieur-vincent\/#primaryimage"},"thumbnailUrl":"","datePublished":"2015-05-29T06:27:01+00:00","dateModified":"2016-07-26T17:17:45+00:00","breadcrumb":{"@id":"http:\/\/vincentians.com\/es\/el-testamento-de-monsieur-vincent\/#breadcrumb"},"inLanguage":"es","potentialAction":[{"@type":"ReadAction","target":["http:\/\/vincentians.com\/es\/el-testamento-de-monsieur-vincent\/"]}]},{"@type":"ImageObject","inLanguage":"es","@id":"http:\/\/vincentians.com\/es\/el-testamento-de-monsieur-vincent\/#primaryimage","url":"","contentUrl":""},{"@type":"BreadcrumbList","@id":"http:\/\/vincentians.com\/es\/el-testamento-de-monsieur-vincent\/#breadcrumb","itemListElement":[{"@type":"ListItem","position":1,"name":"Portada","item":"http:\/\/vincentians.com\/es\/"},{"@type":"ListItem","position":2,"name":"El testamento de Monsieur Vincent"}]},{"@type":"WebSite","@id":"http:\/\/vincentians.com\/es\/#website","url":"http:\/\/vincentians.com\/es\/","name":"Somos Vicencianos","description":"Know more to serve more","publisher":{"@id":"http:\/\/vincentians.com\/es\/#organization"},"potentialAction":[{"@type":"SearchAction","target":{"@type":"EntryPoint","urlTemplate":"http:\/\/vincentians.com\/es\/?s={search_term_string}"},"query-input":{"@type":"PropertyValueSpecification","valueRequired":true,"valueName":"search_term_string"}}],"inLanguage":"es"},{"@type":"Organization","@id":"http:\/\/vincentians.com\/es\/#organization","name":"The Vincentian Network","url":"http:\/\/vincentians.com\/es\/","logo":{"@type":"ImageObject","inLanguage":"es","@id":"http:\/\/vincentians.com\/es\/#\/schema\/logo\/image\/","url":"https:\/\/i1.wp.com\/vincentians.com\/es\/wp-content\/uploads\/sites\/11\/2016\/06\/Vincentian-Network-logo-big.png?fit=778%2C778","contentUrl":"https:\/\/i1.wp.com\/vincentians.com\/es\/wp-content\/uploads\/sites\/11\/2016\/06\/Vincentian-Network-logo-big.png?fit=778%2C778","width":778,"height":778,"caption":"The Vincentian Network"},"image":{"@id":"http:\/\/vincentians.com\/es\/#\/schema\/logo\/image\/"},"sameAs":["https:\/\/www.facebook.com\/WeAreVincentians\/","https:\/\/x.com\/WeVincentians"]},{"@type":"Person","@id":"http:\/\/vincentians.com\/es\/#\/schema\/person\/9623ef4d9aa3b2dfb8c061f1499288f2","name":"Francisco Javier Fern\u00e1ndez Chento","image":{"@type":"ImageObject","inLanguage":"es","@id":"http:\/\/vincentians.com\/es\/#\/schema\/person\/image\/","url":"https:\/\/secure.gravatar.com\/avatar\/497d5cde87b4c3d097d0315953521681ba2cd523ee66e5077c3711f7021e65de?s=96&d=mm&r=g","contentUrl":"https:\/\/secure.gravatar.com\/avatar\/497d5cde87b4c3d097d0315953521681ba2cd523ee66e5077c3711f7021e65de?s=96&d=mm&r=g","caption":"Francisco Javier Fern\u00e1ndez Chento"},"description":"Director General y cofundador de La Red de Formaci\u00f3n Vicenciana. Javier es laico vicenciano, afiliado a la Congregaci\u00f3n de la Misi\u00f3n y miembro del Equipo de Misiones Populares de la provincia can\u00f3nica de Zaragoza (Espa\u00f1a) de la Congregaci\u00f3n de la Misi\u00f3n. Graduado en la Universidad Oberta de Catalunya con cuatro grados (Asistente de direcci\u00f3n, Gesti\u00f3n Administrativa, Recursos Humanos y Contabilidad Avanzada). Bil\u00edng\u00fce Espa\u00f1ol\/Ingl\u00e9s. gestiona y mantiene varias p\u00e1ginas web cristianas y vicencianas, incluida including La Red de Formaci\u00f3n Vicenciana, de la que es cofundador. Actualmente es responsable del \u00e1rea de Espa\u00f1ol de .famvin, la Red de Noticias de la Familia Vicenciana. Tambi\u00e9n es m\u00fasico cat\u00f3lico y ha editado varios discos. Es Director General y cofundador de Trovador, una reconocida compa\u00f1\u00eda discogr\u00e1fica critiana de Espa\u00f1a. Trabaja en las Tecnolog\u00edas de la Informaci\u00f3n, ofreciendo servicios de alojamiento, dise\u00f1o y mantenimiento Web, as\u00ed como asesoramiento, formaci\u00f3n y soluciones inform\u00e1ticas, gesti\u00f3n documental y digitalizaci\u00f3n de textos, edici\u00f3n y maquetaci\u00f3n de libros, revistas, flyers, etc.","sameAs":["http:\/\/chento.org","https:\/\/www.facebook.com\/JavierChento","https:\/\/x.com\/https:\/\/twitter.com\/javierchento"],"url":"http:\/\/vincentians.com\/es\/author\/chento\/"}]}},"jetpack_publicize_connections":[],"jetpack_featured_media_url":"","jetpack_sharing_enabled":true,"jetpack_shortlink":"https:\/\/wp.me\/p7ETMF-9cW","jetpack-related-posts":[{"id":119727,"url":"http:\/\/vincentians.com\/es\/el-senor-vicente-relee-su-vida-san-lazaro\/","url_meta":{"origin":35398,"position":0},"title":"El Se\u00f1or Vicente relee su vida: San L\u00e1zaro","author":"Francisco Javier Fern\u00e1ndez Chento","date":"02\/05\/2013","format":false,"excerpt":"Yo me acercaba a los 50 a\u00f1os \u2013la edad en que una gran parte de la gente se muere- y ten\u00eda ante los ojos el ejemplo reciente del Cardenal de B\u00e9rulle\u2026el 7de septiembre de 1630, hice mi testamento, testamento espiritual, para comenzar, pero tambi\u00e9n a favor de mis hermanos y\u2026","rel":"","context":"En \u00abVicente de Pa\u00fal\u00bb","block_context":{"text":"Vicente de Pa\u00fal","link":"http:\/\/vincentians.com\/es\/category\/la-familia-vicenciana\/fundadores\/vicente-de-paul\/"},"img":{"alt_text":"","src":"","width":0,"height":0},"classes":[]},{"id":119709,"url":"http:\/\/vincentians.com\/es\/el-senor-vicente-relee-su-vida-misionero\/","url_meta":{"origin":35398,"position":1},"title":"El Se\u00f1or Vicente relee su vida: Misionero","author":"Francisco Javier Fern\u00e1ndez Chento","date":"19\/04\/2022","format":false,"excerpt":"Siete largos a\u00f1os van ante todo a transcurrir, en la misma l\u00ednea que los tres precedentes: misionar s\u00f3lo en los pueblos de las tierras de los Gondi, y sin embargo de manera muy diferente. Entregado del todo a estas misiones a las pobres gentes de los campos, tengo ahora mi\u2026","rel":"","context":"En \u00abVicente de Pa\u00fal\u00bb","block_context":{"text":"Vicente de Pa\u00fal","link":"http:\/\/vincentians.com\/es\/category\/la-familia-vicenciana\/fundadores\/vicente-de-paul\/"},"img":{"alt_text":"","src":"https:\/\/i0.wp.com\/vincentians.com\/es\/wp-content\/uploads\/sites\/11\/2013\/04\/f-8-scaled.jpg?fit=1200%2C570&resize=350%2C200","width":350,"height":200,"srcset":"https:\/\/i0.wp.com\/vincentians.com\/es\/wp-content\/uploads\/sites\/11\/2013\/04\/f-8-scaled.jpg?fit=1200%2C570&resize=350%2C200 1x, https:\/\/i0.wp.com\/vincentians.com\/es\/wp-content\/uploads\/sites\/11\/2013\/04\/f-8-scaled.jpg?fit=1200%2C570&resize=525%2C300 1.5x, https:\/\/i0.wp.com\/vincentians.com\/es\/wp-content\/uploads\/sites\/11\/2013\/04\/f-8-scaled.jpg?fit=1200%2C570&resize=700%2C400 2x, https:\/\/i0.wp.com\/vincentians.com\/es\/wp-content\/uploads\/sites\/11\/2013\/04\/f-8-scaled.jpg?fit=1200%2C570&resize=1050%2C600 3x"},"classes":[]},{"id":115258,"url":"http:\/\/vincentians.com\/es\/casas-de-la-congregacion-de-la-mision-en-paris-en-tiempos-de-san-vicente-i\/","url_meta":{"origin":35398,"position":2},"title":"Casas de la Congregaci\u00f3n de la Misi\u00f3n en Par\u00eds en tiempos de San Vicente (I)","author":"Francisco Javier Fern\u00e1ndez Chento","date":"04\/10\/2018","format":false,"excerpt":"Bons-Enfants (En la calle des Ecoles n2 2-4) Hacia 1250 ya exist\u00eda la casa con el nombre de Colegio de Bons-Enfants. Era un Colegio Menor fundado por el Rey San Luis que le dej\u00f3 unas \u00f3n0 libras de renta. La finca ten\u00eda unos 4.000 m 2 y los edificios ocupaban\u2026","rel":"","context":"En \u00abEn tiempos de Vicente de Pa\u00fal\u00bb","block_context":{"text":"En tiempos de Vicente de Pa\u00fal","link":"http:\/\/vincentians.com\/es\/category\/historia-de-la-familia-vicenciana\/en-tiempos-de-vicente-de-paul\/"},"img":{"alt_text":"","src":"https:\/\/i0.wp.com\/vincentians.com\/es\/wp-content\/uploads\/sites\/11\/2015\/04\/tres-descubrimientos-de-Vicente-de-Paul.jpg?fit=1200%2C630&resize=350%2C200","width":350,"height":200,"srcset":"https:\/\/i0.wp.com\/vincentians.com\/es\/wp-content\/uploads\/sites\/11\/2015\/04\/tres-descubrimientos-de-Vicente-de-Paul.jpg?fit=1200%2C630&resize=350%2C200 1x, https:\/\/i0.wp.com\/vincentians.com\/es\/wp-content\/uploads\/sites\/11\/2015\/04\/tres-descubrimientos-de-Vicente-de-Paul.jpg?fit=1200%2C630&resize=525%2C300 1.5x, https:\/\/i0.wp.com\/vincentians.com\/es\/wp-content\/uploads\/sites\/11\/2015\/04\/tres-descubrimientos-de-Vicente-de-Paul.jpg?fit=1200%2C630&resize=700%2C400 2x, https:\/\/i0.wp.com\/vincentians.com\/es\/wp-content\/uploads\/sites\/11\/2015\/04\/tres-descubrimientos-de-Vicente-de-Paul.jpg?fit=1200%2C630&resize=1050%2C600 3x"},"classes":[]},{"id":126035,"url":"http:\/\/vincentians.com\/es\/san-vicente-de-paul-siervo-de-los-pobres-10\/","url_meta":{"origin":35398,"position":3},"title":"San Vicente de Pa\u00fal, siervo de los pobres (10)","author":"Francisco Javier Fern\u00e1ndez Chento","date":"05\/12\/2013","format":false,"excerpt":"X. La reforma del clero Las conferencias del martes Para reformar a los eclesi\u00e1sticos y perfeccionarlos en las virtudes sacerdotales, junto con los retiros, las misio\u00adnes los seminarios, Vicente ide\u00f3 las conferencias que, porque se ten\u00edan semanalmente, el martes, se llamaron conferencias del martes. La primera se tuvo el 19\u2026","rel":"","context":"En \u00abVicente de Pa\u00fal\u00bb","block_context":{"text":"Vicente de Pa\u00fal","link":"http:\/\/vincentians.com\/es\/category\/la-familia-vicenciana\/fundadores\/vicente-de-paul\/"},"img":{"alt_text":"","src":"","width":0,"height":0},"classes":[]},{"id":124197,"url":"http:\/\/vincentians.com\/es\/vicente-de-paul-el-fundador\/","url_meta":{"origin":35398,"position":4},"title":"Vicente de Pa\u00fal: El fundador","author":"Francisco Javier Fern\u00e1ndez Chento","date":"03\/03\/2023","format":false,"excerpt":"Por a\u00f1os, Vicente hab\u00eda compartido con sacerdotes y seglares su atenci\u00f3n a los pobres. Ahora empieza por reunir a estos compa\u00f1eros en una comunidad permanente. Es decir, como Jesucristo, o el ap\u00f3stol Pablo, empieza a juntar sacerdotes y ayudantes para que compartan no s\u00f3lo sus deberes sino tambi\u00e9n toda su\u2026","rel":"","context":"En \u00abVicente de Pa\u00fal\u00bb","block_context":{"text":"Vicente de Pa\u00fal","link":"http:\/\/vincentians.com\/es\/category\/la-familia-vicenciana\/fundadores\/vicente-de-paul\/"},"img":{"alt_text":"","src":"https:\/\/i0.wp.com\/vincentians.com\/es\/wp-content\/uploads\/sites\/11\/2013\/04\/d.jpg?fit=1200%2C799&resize=350%2C200","width":350,"height":200,"srcset":"https:\/\/i0.wp.com\/vincentians.com\/es\/wp-content\/uploads\/sites\/11\/2013\/04\/d.jpg?fit=1200%2C799&resize=350%2C200 1x, https:\/\/i0.wp.com\/vincentians.com\/es\/wp-content\/uploads\/sites\/11\/2013\/04\/d.jpg?fit=1200%2C799&resize=525%2C300 1.5x, https:\/\/i0.wp.com\/vincentians.com\/es\/wp-content\/uploads\/sites\/11\/2013\/04\/d.jpg?fit=1200%2C799&resize=700%2C400 2x, https:\/\/i0.wp.com\/vincentians.com\/es\/wp-content\/uploads\/sites\/11\/2013\/04\/d.jpg?fit=1200%2C799&resize=1050%2C600 3x"},"classes":[]},{"id":125283,"url":"http:\/\/vincentians.com\/es\/un-enamorado-de-los-pobres-san-vicente-de-paul-1581-1660\/","url_meta":{"origin":35398,"position":5},"title":"Un enamorado de los pobres: San Vicente de Pa\u00fal (1581-1660)","author":"Francisco Javier Fern\u00e1ndez Chento","date":"15\/11\/2013","format":false,"excerpt":"Fundador de la Congregaci\u00f3n de la Misi\u00f3n (Misioneros Pa\u00fales) en 1625 y de las Hijas de la Caridad en 1633 Pocos hombres en la Historia y pocos corazones en el mundo han tenido el amor a los pobres que manifest\u00f3 S. Vicente de Pa\u00fal. Su figura resulta esencialmente inseparable del\u2026","rel":"","context":"En \u00abVicente de Pa\u00fal\u00bb","block_context":{"text":"Vicente de Pa\u00fal","link":"http:\/\/vincentians.com\/es\/category\/la-familia-vicenciana\/fundadores\/vicente-de-paul\/"},"img":{"alt_text":"08DIV","src":"https:\/\/i0.wp.com\/vicencianos.org\/wp-content\/2013\/11\/08DIV-300x190.jpg?resize=350%2C200","width":350,"height":200},"classes":[]}],"_links":{"self":[{"href":"http:\/\/vincentians.com\/es\/wp-json\/wp\/v2\/posts\/35398","targetHints":{"allow":["GET"]}}],"collection":[{"href":"http:\/\/vincentians.com\/es\/wp-json\/wp\/v2\/posts"}],"about":[{"href":"http:\/\/vincentians.com\/es\/wp-json\/wp\/v2\/types\/post"}],"author":[{"embeddable":true,"href":"http:\/\/vincentians.com\/es\/wp-json\/wp\/v2\/users\/4"}],"replies":[{"embeddable":true,"href":"http:\/\/vincentians.com\/es\/wp-json\/wp\/v2\/comments?post=35398"}],"version-history":[{"count":0,"href":"http:\/\/vincentians.com\/es\/wp-json\/wp\/v2\/posts\/35398\/revisions"}],"wp:featuredmedia":[{"embeddable":true,"href":"http:\/\/vincentians.com\/es\/wp-json\/"}],"wp:attachment":[{"href":"http:\/\/vincentians.com\/es\/wp-json\/wp\/v2\/media?parent=35398"}],"wp:term":[{"taxonomy":"category","embeddable":true,"href":"http:\/\/vincentians.com\/es\/wp-json\/wp\/v2\/categories?post=35398"},{"taxonomy":"post_tag","embeddable":true,"href":"http:\/\/vincentians.com\/es\/wp-json\/wp\/v2\/tags?post=35398"}],"curies":[{"name":"wp","href":"https:\/\/api.w.org\/{rel}","templated":true}]}}