{"id":35303,"date":"2020-07-23T08:45:37","date_gmt":"2020-07-23T06:45:37","guid":{"rendered":"http:\/\/somos.vicencianos.org\/?p=35303"},"modified":"2020-07-07T18:22:06","modified_gmt":"2020-07-07T16:22:06","slug":"redemptor-hominis","status":"publish","type":"post","link":"http:\/\/vincentians.com\/es\/redemptor-hominis\/","title":{"rendered":"Redemptor Hominis"},"content":{"rendered":"<h1 style=\"text-align: center\">Redemptor Hominis<\/h1>\n<p style=\"text-align: center\"><strong>Todos los caminos de la Iglesia conducen al Hombre.<br \/>\nCarta Enc\u00edclica promulgada por el Papa Juan Pablo II el 4 de Marzo de 1979.<\/strong><\/p>\n<p style=\"text-align: right\"><em>Precisamente porque Cristo en su misterio de Redenci\u00f3n se ha unido a ella,<\/em> <em><br \/>\nla Iglesia debe estar fuertemente unida con todo hombre.<\/em><br \/>\nJuan Pablo II<\/p>\n<h2><strong>1. INTRODUCCI\u00d3N<\/strong><span id='easy-footnote-1-35303' class='easy-footnote-margin-adjust'><\/span><span class='easy-footnote'><a href='http:\/\/vincentians.com\/es\/redemptor-hominis\/#easy-footnote-bottom-1-35303' title='Comentario de la Comunidad de Vida Cristiana CVX-Galilea (Madrid, Espa\u00f1a).'><sup>1<\/sup><\/a><\/span><\/h2>\n<p>Juan Pablo II hizo p\u00fablica su primera enc\u00edclica el 4 de marzo de 1979, primer a\u00f1o de su pontificado, que comenzaba con estas palabras: \u00abEL REDENTOR DEL HOMBRE, Jesucristo, es el centro del cosmos y de la historia.\u00bb Esta era su intenci\u00f3n: \u00abAl comienzo de mi pontificado quiero dirigir al Redentor del hombre mi pensamiento y mi coraz\u00f3n, deseo con ello entrar y penetrar en el ritmo m\u00e1s profundo de la vida de la Iglesia.\u00bb En este documento invitamos tambi\u00e9n a \u00abentrar en el ritmo m\u00e1s profundo de la vida de la Iglesia\u00bb.<span id='easy-footnote-2-35303' class='easy-footnote-margin-adjust'><\/span><span class='easy-footnote'><a href='http:\/\/vincentians.com\/es\/redemptor-hominis\/#easy-footnote-bottom-2-35303' title='Todos los textos tras la introducci\u00f3n proceden de la enc\u00edclica&lt;em&gt; Redemptor Hominis&lt;\/em&gt;, incluidos los de la oraci\u00f3n inicial que hemos compuesto con ellos.'><sup>2<\/sup><\/a><\/span>\n<p>Proponemos meditar personal y grupalmente este documento y recomendamos la lectura del texto \u00edntegro de Redemptor Hominis. Para el discernimiento grupal, invitamos a reflexionar estas cuestiones:<\/p>\n<ul>\n<li>\u00bfEn qu\u00e9 modo has experimentado que Cristo te ha revelado los m\u00e1s hondos misterios de ti mismo?<\/li>\n<li>\u00bfQu\u00e9 crees que, profundizando en la amistad con Jes\u00fas, \u00c9l te va a mostrar de ti que te causar\u00e1 asombro y \u00abmaravilla\u00bb?<\/li>\n<li>\u00bfHasta qu\u00e9 punto nos comprometemos con todos los hombres en su diversidad y pluralismo, para conocer todos los caminos que debe recorrer la Iglesia para caminar con Cristo?<\/li>\n<li>\u00bfC\u00f3mo podemos ayudar como Iglesia a que se comprometa con cada hombre, a que no d\u00e9 por abandonado a ninguna persona y est\u00e9 \u00abfuertemente unida\u00bb a ella?<\/li>\n<li>\u00bfDe qu\u00e9 modo estamos siendo innovadoramente audaces y creadores para dar a luz otra econom\u00eda en la que no haya explotaci\u00f3n ni alienaci\u00f3n?<\/li>\n<li>\u00bfC\u00f3mo hacer que en nuestro coraz\u00f3n y mentalidad sucedan los cambios que har\u00e1n que comiencen a transformarse con justicia las estructuras econ\u00f3micas?<\/li>\n<\/ul>\n<h2><strong>2. ORACI\u00d3N DE ENTRADA<\/strong><\/h2>\n<p><strong>Todos los caminos de la Iglesia conducen al hombre.<\/strong><\/p>\n<p><em>Textos de Juan Pablo II<\/em><\/p>\n<p>Al comienzo dirijo al Redentor del hombre<br \/>\nmi pensamiento y mi coraz\u00f3n,<br \/>\npara entrar en el ritmo m\u00e1s profundo<br \/>\nde la vida de la Iglesia.<br \/>\nEl hombre no puede vivir sin amor.<br \/>\nPermanece para s\u00ed incomprensible<br \/>\nsi no se encuentra con el amor,<br \/>\ny por eso Cristo Redentor<br \/>\nrevela plenamente el hombre Al mismo hombre.<br \/>\nEn el misterio de la Redenci\u00f3n<br \/>\nel hombre es confirmado<br \/>\ny en cierto modo nuevamente creado.<br \/>\nEl hombre que quiere comprenderse<br \/>\nhasta el fondo a s\u00ed mismo<br \/>\ndebe, con su inquietud, incertidumbre<br \/>\ne incluso con su debilidad y mal<br \/>\nacercarse a Jes\u00fas.<br \/>\nSi se va con \u00c9l en ese hondo camino<br \/>\nel fruto es una profunda maravilla<br \/>\nal conocerse a s\u00ed mismo.<br \/>\nEse profundo estupor respecto al valor<br \/>\ny a la dignidad de cada hombre<br \/>\nse llama Evangelio, es decir, Buena Nueva.<br \/>\nSe llama tambi\u00e9n cristianismo.<br \/>\nJes\u00fas sale al encuentro de cada hombre,<br \/>\nun hombre al que la Iglesia no puede abandonar.<br \/>\nEste hombre es el primer camino<br \/>\nque la Iglesia debe recorrer,<br \/>\nel camino primero y fundamental de la Iglesia,<br \/>\ncamino trazado por el mismo Jes\u00fas.<\/p>\n<h2><strong>3. MATERIAS PRIMAS<\/strong><\/h2>\n<h3><strong>a. Se revela el misterio de cada hombre<\/strong><\/h3>\n<ul>\n<li>El hombre no puede vivir sin amor. \u00c9l permanece para s\u00ed mismo un ser incomprensible, su vida est\u00e1 privada de sentido si no se le revela el amor, si no se encuentra con el amor, si no lo experimenta y lo hace propio, si no participa en \u00e9l vivamente. Por esto precisamente, Cristo Redentor, como se ha dicho anteriormente, revela plenamente el hombre al mismo hombre.<\/li>\n<li>En el misterio de la Redenci\u00f3n el hombre es \u00abconfirmado\u00bb y en cierto modo es nuevamente creado. \u00a1\u00c9l es creado de nuevo!<\/li>\n<li>El hombre que quiere comprenderse hasta el fondo a s\u00ed mismo \u2014no solamente seg\u00fan criterios y medidas del propio ser inmediatos, parciales, a veces superficiales e incluso aparentes\u2014 debe, con su inquietud, incertidumbre e incluso con su debilidad y pecaminosidad, con su vida y con su muerte, acercarse a Cristo&#8230; Si se act\u00faa en \u00e9l este hondo proceso, entonces \u00e9l da frutos no s\u00f3lo de adoraci\u00f3n a Dios, sino tambi\u00e9n de profunda maravilla de s\u00ed mismo.<\/li>\n<li>En realidad, ese profundo estupor respecto al valor y a la dignidad del hombre se llama Evangelio, es decir, Buena Nueva. Se llama tambi\u00e9n cristianismo.<\/li>\n<li>Jesucristo sale al encuentro del hombre de toda \u00e9poca, tambi\u00e9n de nuestra \u00e9poca&#8230;<\/li>\n<li>La Iglesia no puede abandonar al hombre&#8230;<\/li>\n<\/ul>\n<h3><strong>b. Todos los caminos de la Iglesia conducen al hombre<\/strong><\/h3>\n<ul>\n<li>El hombre en la plena verdad de su existencia, de su ser personal y a la vez de su ser comunitario y social&#8230;<em> este hombre<\/em> es el primer camino que la Iglesia debe recorrer en el cumplimiento de su misi\u00f3n, \u00e9l es el camino primero y fundamental de la Iglesia, camino trazado por Cristo mismo&#8230;\n<ul>\n<li>A este hombre precisamente en toda la verdad de su vida, en su conciencia, en su continua inclinaci\u00f3n al pecado y a la vez en su continua aspiraci\u00f3n a la verdad, al bien, a la belleza, a la justicia, al amor&#8230;<\/li>\n<\/ul>\n<\/li>\n<li>Este hombre es el camino de la Iglesia, camino que conduce en cierto modo al origen de todos aquellos caminos por los que debe caminar la Iglesia, porque el hombre \u2014 todo hombre sin excepci\u00f3n alguna\u2014 ha sido redimido por Cristo.<\/li>\n<li>Siendo pues este hombre el camino de la Iglesia, camino de su vida y experiencia cotidianas, de su misi\u00f3n y de su fatiga, la Iglesia de nuestro tiempo debe ser, de manera siempre nueva, consciente de la \u00absituaci\u00f3n\u00bb de \u00e9l. Es decir, debe ser consciente de sus posibilidades, que toman siempre nueva orientaci\u00f3n y de este modo se manifiestan; la Iglesia, al mismo tiempo, debe ser consciente de las amenazas que se presentan al hombre.\n<ul>\n<li>Debe ser consciente tambi\u00e9n de todo lo que parece ser contrario al esfuerzo para que \u00abla vida humana sea cada vez m\u00e1s humana\u00bb Pablo VI, 1967:<em> Populorum Progressio<\/em>, n\u00ba21), para que todo lo que compone esta vida responda a la verdadera dignidad del hombre.<\/li>\n<\/ul>\n<\/li>\n<\/ul>\n<h3><strong>c. Urgen innovaciones audaces y creadoras<\/strong><\/h3>\n<ul>\n<li>El hombre actual parece estar siempre amenazado por lo que produce, es decir, por el resultado del trabajo de sus manos y m\u00e1s a\u00fan por el trabajo de su entendimiento, de las tendencias de su voluntad.\n<ul>\n<li>Los frutos de esta m\u00faltiple actividad del hombre se traducen muy pronto y de manera a veces imprevisible en objeto de \u00abalienaci\u00f3n\u00bb, es decir, son pura y simplemente arrebatados a quien los ha producido; pero, al menos parcialmente, en la l\u00ednea indirecta de sus efectos, esos frutos se vuelven contra el mismo hombre; ellos est\u00e1n dirigidos o pueden ser dirigidos contra \u00e9l.<\/li>\n<li>En esto parece consistir el cap\u00edtulo principal del drama de la existencia humana contempor\u00e1nea en su dimensi\u00f3n m\u00e1s amplia y universal.<\/li>\n<li>El hombre por tanto vive cada vez m\u00e1s en el miedo.<\/li>\n<\/ul>\n<\/li>\n<li>El progreso&#8230; se trata del desarrollo de las personas y no solamente de la multiplicaci\u00f3n de las cosas.<\/li>\n<li>Es bien conocido el cuadro de la civilizaci\u00f3n consumista, que consiste en un cierto exceso de bienes necesarios al hombre, a las sociedades enteras \u2014y aqu\u00ed se trata precisamente de las sociedades ricas y muy desarrolladas\u2014 mientras las dem\u00e1s, al menos amplios estratos de las mismas, sufren el hambre, y muchas personas mueren a diario por inedia y desnutrici\u00f3n.\n<ul>\n<li>Asimismo se da entre algunos un cierto abuso de la libertad, que va unido precisamente a un comportamiento consumista no controlado por la moral, lo cual limita contempor\u00e1neamente la libertad de los dem\u00e1s, es decir, de aquellos que sufren deficiencias relevantes y son empujados hacia condiciones de ulterior miseria e indigencia&#8230;<\/li>\n<li>La amplitud del fen\u00f3meno pone en tela de juicio las estructuras y los mecanismos financieros, monetarios, productivos y comerciales que, apoyados en diversas presiones pol\u00edticas, rigen la econom\u00eda mundial: ellos se revelan casi incapaces de absorber las injustas situaciones sociales heredadas del pasado y de enfrentarse a los urgentes desaf\u00edos y a las exigencias \u00e9ticas.<\/li>\n<li>Sometiendo al hombre a las tensiones creadas por \u00e9l mismo, dilapidando a ritmo acelerado los recursos materiales y energ\u00e9ticos, comprometiendo el ambiente geof\u00edsico, estas estructuras hacen extenderse continuamente las zonas de miseria y con ella la angustia, frustraci\u00f3n y amargura.<\/li>\n<li>Nos encontramos ante un grave drama que no puede dejarnos indiferentes&#8230;<\/li>\n<li>A\u00f1\u00e1danse la fiebre de la inflaci\u00f3n y la plaga del paro; son otros tantos s\u00edntomas de este desorden moral, que se hace notar en la situaci\u00f3n mundial y que reclama por ello innovaciones audaces y creadoras, de acuerdo con la aut\u00e9ntica dignidad del hombre.<\/li>\n<li>La tarea no es imposible.<\/li>\n<\/ul>\n<\/li>\n<li>No se avanzar\u00e1 en este camino dif\u00edcil de las indispensables transformaciones de las estructuras de la vida econ\u00f3mica, si no se realiza una verdadera conversi\u00f3n de las mentalidades y de los corazones.\n<ul>\n<li>La tarea requiere el compromiso decidido de hombres y de pueblos libres ysolidarios.<\/li>\n<li>Demasiado frecuentemente se confunde la libertad con el instinto del inter\u00e9s \u2014individual o colectivo\u2014, o incluso con el instinto de lucha y de dominio, cualesquiera sean los colores ideol\u00f3gicos que revisten.<\/li>\n<li>Es obvio que tales instintos existen y operan, pero no habr\u00e1 econom\u00eda humana si no son asumidos, orientados y dominados por las fuerzas m\u00e1s profundas que se encuentran en el hombre y que deciden la verdadera cultura de los pueblos.<\/li>\n<li>Precisamente de estas fuentes debe nacer el esfuerzo con el que se expresar\u00e1 la verdadera libertad humana, y que ser\u00e1 capaz de asegurarla tambi\u00e9n en el campo de la econom\u00eda.<\/li>\n<li>El desarrollo econ\u00f3mico, con todo lo que forma parte de su adecuado funcionamiento, debe ser constantemente programado y realizado en una perspectiva de desarrollo universal y solidario de los hombres y de los pueblos, como lo recordaba de manera convincente mi predecesor Pablo VI en la Enc\u00edclica<em> Populorum progressio.<\/em><\/li>\n<li>Sin ello la mera categor\u00eda del \u00abprogreso\u00bb econ\u00f3mico se convierte en una categor\u00eda superior que subordina el conjunto de la existencia humana a sus exigencias parciales, sofoca al hombre, disgrega la sociedad y acaba por ahogarse en sus propias tensiones y en sus mismos excesos.<\/li>\n<\/ul>\n<\/li>\n<li>\u00abTuve hambre, y no me disteis de comer&#8230; estuve desnudo, y no me vestisteis&#8230; en la c\u00e1rcel, y no me visitasteis\u00bb.\n<ul>\n<li>Estas palabras adquieren una mayor carga amonestadora, sipensamos que, en vez del pan y de la ayuda cultural a los nuevos estados y naciones que se est\u00e1n despertando a la vida independiente, seles ofrece a veces en abundancia armas modernas y medios de destrucci\u00f3n, puestos al servicio de conflictos armados ydeguerras que no son tanto una exigencia de la defensa de sus justos derechos y de su soberan\u00eda sino m\u00e1s bien una forma de \u00abpatrioter\u00eda\u00bb, de imperialismo, de neocolonialismo de distinto tipo.<\/li>\n<li>Todos sabemos bien que las zonas de miseria ode hambre que existen en nuestro globo, hubieran podido ser \u00abfertilizadas\u00bb en breve<br \/>\ntiempo, si las gigantescas inversiones dearmamentos que sirven a la guerra y a la destrucci\u00f3n, hubieran sido cambiadas en inversiones para el alimento que sirvan a la vida.<\/li>\n<\/ul>\n<\/li>\n<li>La Iglesia&#8230; no cesa de pedir a cada una de las dos partes, y de pedir a todos en nombre de Dios y en nombre del hombre:<\/li>\n<\/ul>\n<p style=\"text-align: center\">\u00a1No mat\u00e9is!<br \/>\n\u00a1No prepar\u00e9is alos hombres destrucciones yexterminio!<br \/>\n\u00a1Pensad envuestros hermanos que sufren hambre ymiseria!<br \/>\n\u00a1Respetad ladignidad ylalibertad decada uno!<\/p>\n<div class='stb-container stb-style-download stb-no-caption'><div class='stb-caption'><div class='stb-logo'><img class='stb-logo__image' src='data:image\/png;base64,iVBORw0KGgoAAAANSUhEUgAAADIAAAAyCAYAAAAeP4ixAAAACXBIWXMAAAsTAAALEwEAmpwYAAAKT2lDQ1BQaG90b3Nob3AgSUNDIHByb2ZpbGUAAHjanVNnVFPpFj333vRCS4iAlEtvUhUIIFJCi4AUkSYqIQkQSoghodkVUcERRUUEG8igiAOOjoCMFVEsDIoK2AfkIaKOg6OIisr74Xuja9a89+bN\/rXXPues852zzwfACAyWSDNRNYAMqUIeEeCDx8TG4eQuQIEKJHAAEAizZCFz\/SMBAPh+PDwrIsAHvgABeNMLCADATZvAMByH\/w\/qQplcAYCEAcB0kThLCIAUAEB6jkKmAEBGAYCdmCZTAKAEAGDLY2LjAFAtAGAnf+bTAICd+Jl7AQBblCEVAaCRACATZYhEAGg7AKzPVopFAFgwABRmS8Q5ANgtADBJV2ZIALC3AMDOEAuyAAgMADBRiIUpAAR7AGDIIyN4AISZABRG8lc88SuuEOcqAAB4mbI8uSQ5RYFbCC1xB1dXLh4ozkkXKxQ2YQJhmkAuwnmZGTKBNA\/g88wAAKCRFRHgg\/P9eM4Ors7ONo62Dl8t6r8G\/yJiYuP+5c+rcEAAAOF0ftH+LC+zGoA7BoBt\/qIl7gRoXgugdfeLZrIPQLUAoOnaV\/Nw+H48PEWhkLnZ2eXk5NhKxEJbYcpXff5nwl\/AV\/1s+X48\/Pf14L7iJIEyXYFHBPjgwsz0TKUcz5IJhGLc5o9H\/LcL\/\/wd0yLESWK5WCoU41EScY5EmozzMqUiiUKSKcUl0v9k4t8s+wM+3zUAsGo+AXuRLahdYwP2SycQWHTA4vcAAPK7b8HUKAgDgGiD4c93\/+8\/\/UegJQCAZkmScQAAXkQkLlTKsz\/HCAAARKCBKrBBG\/TBGCzABhzBBdzBC\/xgNoRCJMTCQhBCCmSAHHJgKayCQiiGzbAdKmAv1EAdNMBRaIaTcA4uwlW4Dj1wD\/phCJ7BKLyBCQRByAgTYSHaiAFiilgjjggXmYX4IcFIBBKLJCDJiBRRIkuRNUgxUopUIFVIHfI9cgI5h1xGupE7yAAygvyGvEcxlIGyUT3UDLVDuag3GoRGogvQZHQxmo8WoJvQcrQaPYw2oefQq2gP2o8+Q8cwwOgYBzPEbDAuxsNCsTgsCZNjy7EirAyrxhqwVqwDu4n1Y8+xdwQSgUXACTYEd0IgYR5BSFhMWE7YSKggHCQ0EdoJNwkDhFHCJyKTqEu0JroR+cQYYjIxh1hILCPWEo8TLxB7iEPENyQSiUMyJ7mQAkmxpFTSEtJG0m5SI+ksqZs0SBojk8naZGuyBzmULCAryIXkneTD5DPkG+Qh8lsKnWJAcaT4U+IoUspqShnlEOU05QZlmDJBVaOaUt2ooVQRNY9aQq2htlKvUYeoEzR1mjnNgxZJS6WtopXTGmgXaPdpr+h0uhHdlR5Ol9BX0svpR+iX6AP0dwwNhhWDx4hnKBmbGAcYZxl3GK+YTKYZ04sZx1QwNzHrmOeZD5lvVVgqtip8FZHKCpVKlSaVGyovVKmqpqreqgtV81XLVI+pXlN9rkZVM1PjqQnUlqtVqp1Q61MbU2epO6iHqmeob1Q\/pH5Z\/YkGWcNMw09DpFGgsV\/jvMYgC2MZs3gsIWsNq4Z1gTXEJrHN2Xx2KruY\/R27iz2qqaE5QzNKM1ezUvOUZj8H45hx+Jx0TgnnKKeX836K3hTvKeIpG6Y0TLkxZVxrqpaXllirSKtRq0frvTau7aedpr1Fu1n7gQ5Bx0onXCdHZ4\/OBZ3nU9lT3acKpxZNPTr1ri6qa6UbobtEd79up+6Ynr5egJ5Mb6feeb3n+hx9L\/1U\/W36p\/VHDFgGswwkBtsMzhg8xTVxbzwdL8fb8VFDXcNAQ6VhlWGX4YSRudE8o9VGjUYPjGnGXOMk423GbcajJgYmISZLTepN7ppSTbmmKaY7TDtMx83MzaLN1pk1mz0x1zLnm+eb15vft2BaeFostqi2uGVJsuRaplnutrxuhVo5WaVYVVpds0atna0l1rutu6cRp7lOk06rntZnw7Dxtsm2qbcZsOXYBtuutm22fWFnYhdnt8Wuw+6TvZN9un2N\/T0HDYfZDqsdWh1+c7RyFDpWOt6azpzuP33F9JbpL2dYzxDP2DPjthPLKcRpnVOb00dnF2e5c4PziIuJS4LLLpc+Lpsbxt3IveRKdPVxXeF60vWdm7Obwu2o26\/uNu5p7ofcn8w0nymeWTNz0MPIQ+BR5dE\/C5+VMGvfrH5PQ0+BZ7XnIy9jL5FXrdewt6V3qvdh7xc+9j5yn+M+4zw33jLeWV\/MN8C3yLfLT8Nvnl+F30N\/I\/9k\/3r\/0QCngCUBZwOJgUGBWwL7+Hp8Ib+OPzrbZfay2e1BjKC5QRVBj4KtguXBrSFoyOyQrSH355jOkc5pDoVQfujW0Adh5mGLw34MJ4WHhVeGP45wiFga0TGXNXfR3ENz30T6RJZE3ptnMU85ry1KNSo+qi5qPNo3ujS6P8YuZlnM1VidWElsSxw5LiquNm5svt\/87fOH4p3iC+N7F5gvyF1weaHOwvSFpxapLhIsOpZATIhOOJTwQRAqqBaMJfITdyWOCnnCHcJnIi\/RNtGI2ENcKh5O8kgqTXqS7JG8NXkkxTOlLOW5hCepkLxMDUzdmzqeFpp2IG0yPTq9MYOSkZBxQqohTZO2Z+pn5mZ2y6xlhbL+xW6Lty8elQfJa7OQrAVZLQq2QqboVFoo1yoHsmdlV2a\/zYnKOZarnivN7cyzytuQN5zvn\/\/tEsIS4ZK2pYZLVy0dWOa9rGo5sjxxedsK4xUFK4ZWBqw8uIq2Km3VT6vtV5eufr0mek1rgV7ByoLBtQFr6wtVCuWFfevc1+1dT1gvWd+1YfqGnRs+FYmKrhTbF5cVf9go3HjlG4dvyr+Z3JS0qavEuWTPZtJm6ebeLZ5bDpaql+aXDm4N2dq0Dd9WtO319kXbL5fNKNu7g7ZDuaO\/PLi8ZafJzs07P1SkVPRU+lQ27tLdtWHX+G7R7ht7vPY07NXbW7z3\/T7JvttVAVVN1WbVZftJ+7P3P66Jqun4lvttXa1ObXHtxwPSA\/0HIw6217nU1R3SPVRSj9Yr60cOxx++\/p3vdy0NNg1VjZzG4iNwRHnk6fcJ3\/ceDTradox7rOEH0x92HWcdL2pCmvKaRptTmvtbYlu6T8w+0dbq3nr8R9sfD5w0PFl5SvNUyWna6YLTk2fyz4ydlZ19fi753GDborZ752PO32oPb++6EHTh0kX\/i+c7vDvOXPK4dPKy2+UTV7hXmq86X23qdOo8\/pPTT8e7nLuarrlca7nuer21e2b36RueN87d9L158Rb\/1tWeOT3dvfN6b\/fF9\/XfFt1+cif9zsu72Xcn7q28T7xf9EDtQdlD3YfVP1v+3Njv3H9qwHeg89HcR\/cGhYPP\/pH1jw9DBY+Zj8uGDYbrnjg+OTniP3L96fynQ89kzyaeF\/6i\/suuFxYvfvjV69fO0ZjRoZfyl5O\/bXyl\/erA6xmv28bCxh6+yXgzMV70VvvtwXfcdx3vo98PT+R8IH8o\/2j5sfVT0Kf7kxmTk\/8EA5jz\/GMzLdsAAAAgY0hSTQAAeiUAAICDAAD5\/wAAgOkAAHUwAADqYAAAOpgAABdvkl\/FRgAADcFJREFUeNrsmnmQXNV1xn\/3Lf1eb9OzdM+qGe2DFgZFIGQIizFGBpRAgQUhmDUOqQI7qYIirtguAgHbyBUbO3FsEpcTIixMICKgsDgskYyNWGwEaLEQoA1mn+np6Z6ZXt9288d9o8E2IhKSUymXXtWrN931+vX97vnOOd93eoSUkt+FQ+N35DgO5DiQ39JhfNCbQojfeC+ia0RtC8\/zKdUclvUspVQus3hJD\/nxMfoGhwkqU3zi\/NV2NF7X+OSjD2WSDem6IJAWgKGJ2kR+fPLiNX+UrZaL45ue+XHViCbo7GijpaWVHdu3kYhH2frGTmzTQAiB5\/u4fvAba\/mgAmUczS4IIfA9j+pUIbpo4bwerLozS1b6FLtjwfJP\/sU3WnNTtVix7JgEAUnLcNPJSAlqw6X+\/W\/0nHrGa8ItbRkZHNjpNjVVP2jzjjoih3VIKE5MGF2zu1bH5yy9WrZ0n5N1zMzOgTFGXxrAK1XA80FK8APwPAuBZdrRxpbGhiWL5i6+qi0psk0L9m1u0ksP\/PzFF5+ORdu8j7ypHxSmD6eWR6nmsmJZz6KTV11y+z6v8Q\/2lURd\/0gOr1gEASBACAUiEBAEClQQQAB4EnyJmUgxb14ny+emJhdEhp7a9Oj6r7z82vbdlqGjadoRUeuIgFimQaXqcO6qVZfPP++P7970zviCvXv2EggDYgkQEiRhFMK\/gzAivgShhfVFqKsPeGDE6jj1lKV8+pTY3lf+\/e9v+4+NTz1sGTpSSpxjDUQHIgL90muuvTl65pV3\/dvz22Pl0QHwqmqBdh1omtp1yftASBUFCUgdhD4DBB00AzQbtCQdJ53IFy9bUHln\/V\/f\/t17f\/BtobbgsIAcdvnVBNql11x7q7HqhrXrt\/bFyq4Ltg1GBHwPnKpa7K9uSUgzDTQLTAuMXzvNOMQbobmTgckodzyvRRfe9J27P3\/TDV8QR7K+w71x1YWrr01ccMOdD768z3Q8D+oaIJoEwwRdA68CgaeiIlA5IoR6rZkKsG6BFlGgtBBErAHqZ0FmNjS3MZ6rcMcjA+aCq+6647I1l15\/TIEsnNu1fPEVf\/61B7b2216tBpapAMTqwIqCpgMBuI56pBAc5JcIgei2AqJH1GnGQhDt0NQJdRnFX1Ekv38\/X3\/kHfvsz962dkn33BXHBIita6k1N976lScOVNvL+TxYEbU4ISBiQaIhBKNB4IAMFO\/F+2hlRn6VVmZ0BkS6E1Jp0CRUJ6A4BrLE8N5e1m+tNt\/wl3d+LaJRd9RAzr\/o4iv3pntW7enPqcV6rtps3QijkoREWi2QAHxXRUDTFRjdACMKhq0iEYlCvAEa2iHTCXXNoAmoFmBqFKbyUKtCRPCL7ft5W19yzqcvv\/yqowLSEDXTs89aff2W\/ZMRKXTQTdUXPE+BMUy104l6RQ3DVGCmaRcJIxCJQTSuSnS8HhrboLkTUs1qBZVxmByFYgGcmqp8AgLf55lt2Uj32Zdc15CwMkcMZLr4nnb2OasGY3NOGslOQuCD1ELa6ApMEIBpQiwO9RlIpsE01FlzYXAA+nphYBgGRqEqoKkDWmere5FQzYcg8uBUQPozC9AE\/UN5ekVHz2lnnPVJAP0QUsY4hPpAB635hGXn7iiaUemEVPJDBaELRR3fn8kBTVfn2ADs3UU608Q5n+gJfq+7q2hEkuweLie39DliXxHIpBSdSuMwOQKlvIoE8mDFRqrK51Wr7B4OYiuWnf4p45n\/3uBJ6R+R1upsb+5KdC1ZPjRUUHmhh7yXngLkS1V28VUuWLb68vwEl328x7vzxst3z25t3O041UKlUsZz\/fqi0Jf+8w5v0Xef7dXdhAVuXtHJdZQqQMxEIwjRiIDBbJFgVueSlkx9+0C20HdEQKxEalb\/hN+RHehXOy+tsGfoICKqZ7ieAumbIAX09XLN6tO9H9y8ZrOpadt937ftaMw2IlHGstmRYGL8vS+ubBwW1eCcbz28UyedVJ9HqggRyhv5vqjogqHcBOX5mXnp1vZ5hwKiHQpdqr5pbtUVLf5oPxRzMDEGk+NQmoRqRckOEYHAAC+AwX46jTJ3XX3udsvQt2u6niyVy9ozzz777qZNmw7ohqEnG9PJ4aHc63+2IrVzaaMLY7kwp3QwNBVhXczQiwC0AK84RWDVZ1pa2+dHxBHI+PbWNM2tbe0emqBcBGmDqIKhQyXs0tN9wTRVjozkuOSiE91ZDfFfOq5re57v33LLLU+88MILL0spWbly5elr1679w3hdg21r3q4LTuk4cdejbxs0N4AIVbEfyn4pFX0DBwIXfJeJsosVT2Yy6frDr1rxRBzTsut8N1C77fvqwbUa1EpQmlDRKYxCIQfj41Aq0t3ZUiqWSmXTjMQefvjhnevWrXs+lUpN1tXVTT700EPPb968eXdbW2scoU0snF0\/RSwOEQNMoapV4IDngF8BWQXpKpCapOh4eGh2Ll84fCD7DvQKTdc06fvKR\/jB+67Tpw+uD46jzkBD001ZLleo1WpaLpcrtbe312zbJpFI0N3d7dRqtXIsFtNsOyo14fqYDkQkmBI0XxUS6QAuCB90qShnGkhdBylFzUMcNrUcX0rfccqGJpTkkHJGemtGqJ1CEWjaYCchoTFWFvHAd+yR0dHKeeedd1JbW9uSe++9902AtWvXLlq2bNlix3EqqWQyvufA1iQTg+CmVNWLWWCb4QZ5SiH4QWjGfBJxG6EJT36Axv7QqpUdHc4m53gqH9BVH9EjKi+08KqHeWInIGPz3N5y5PpPRU7Ij2RfyLS2NS6PRP5kzZo1L5umycqVK0+fNWtWKvC93JSr9Tz3zphFRwvogXKMEUt9l9BnzJgbVsaKT6o+xlilWDhiz54bG+1tCGp5YnUNyECp14NSPIzK9NWwYXYLL40GbHyPkz8zp360f3jorVRjuu6mz33uoqhtS8dxKp7r5QzT6P76gz9esW2kBMuWQtVRKsBH5YOuK2GqaYoJToDWbBExKpPZ4cHeI9ZaTnmqvz1lDqcbGkGG0RBm6BX1UAFbilbJDDTPIuhcxB0bJuwf7qhd0JhuPNOUTiQ3MlgcHx0q6tI1y7XaGV\/6\/mMX3rPuKZtUQjWKmAmJKMQjilo6qslqEiwDYhFaZ6exykO92YH+A0cckYGBwV53vO\/t1ubuxWO5ogq5mAagK2MUTUB9M6RnQTQFEgo5nb\/63jZ7Q2dwxkUrO09ePDc9JUSZ7W\/9PLlhy87ortGqoHOhyoH8BNQnFQBfU0VEhtJfovIDQUeTRXTXuwdGsvm+IwZS8ynk3nvzxRNWrLz4l\/uyGlKbAWPYEK1TIJo6lCdxfZgcA6+Al4rxyr4R8crubTFMPQZVqGYhakDnQtX0KhOQL4Q6TVUmNA1cpXzRNZAawogwP1IJ9r7005\/VoPCRZPxrL2\/ZPD9e3d+STs8oXyOqLG6qBdIdSsK7nuopuUHIj4BbhXQjzOmCznaY1QlzFkBjE1QKKieEptTuVBEcX\/UqXSg6aeHgQkpaMnHmTR048PqLWzZ\/ZD8ykM3vGN31kyc\/fupcVal0G2IpaGiFTDskGxQd8iOQG4CJUaiVlX5ya0oMTjdTNyynTlndE4T0qVSgWFHPCQK1Iss46P1PazYZfOaxJ\/vzk9uPxiF6Gzc8eP\/HMvnd3Yvngx6HhhbIdCiX53gKxNgAFLJQKYemy1eJ7PsKgOMoCaJHVJXzQ60WhHlQqkDFC1\/Lg1ZhTlcjHxt\/8+3HfvTAOlUBjsLqFqbKuzd876v33Hh+V7W+eyEkmpX78zzIj4aRGINqWe289FUTDRuZUsdeOFExwl4B+E44hfTU\/aUK1EJL4AVEklGuaqe28W\/vvGeiWtt9LKYozitbt23c+8R37rvtmh6sTBNM1WAiC+NDSmvVyqoKSVfJjMBXC\/RcpZ2kFyqD0AIYlhoxShlqudDflGpQdiBicV1PM333ffNffvHG9scA51gAkUDuX++779vu0\/c8\/uUL01jOJAz0qSpVK4W764bRCDVT4M6o1yCcFwotVAiWUtL4KipuTUWl4iEcwRXL2ok+\/v3HHvnRA9+SMMYhZMlHGtBVXH\/v3bf\/zZfEk199\/NbzEtiiCoUC+LUQxPTi3VAnTQPxQqc3PXHUFb0MWzU9gSoCpRJmNMpnlreTefIf\/3PdPd\/4ctn19x3zafxB56iLhdf96Q1f6Dr3s9fev3nQ2rOnN1SqMxPSg5NGjbBHmBCJKAOl6+Ec21dj1kACJm1dHVxxctrJPvVP6x754f3frAVyzyEpcjRD7F8bsrSevvKUSy+6\/ubP7yy1LX7u1XdFLptH+o7a5Wm3p2nKHkdCA2boytKGQIUOdQmbMxa00+Pvf+sn6\/\/uH159bdtGCUMfRqdjBWQaTCwZs5atueLKqzM9564+UE51vjNQ1AayExSKJXw3rJZ6CMSyIGqjxywa6uK0ZOLMr9OCzlp\/X\/61p\/\/rqUceWj9RcbYD5f8tJ44lkPcfdS2NqeW\/f9bZq1KzFp0aa1t0QlHEmkfKwnb1mAg0E2maGKaGqbmyJSarca+QLR3Y8XZh385XX\/nZT58dKUy+Dkwd9o9lvyUgB38LMgWts7s6FiTqG+fokVhbfWM6bVh2DCEInGo5n8uO+dXS0FQ+9957fUN7XBg+nNL6fw3k16lnAaErI9TmOEDtcMrpMQFy\/B8GjgM5DuQ4kP+3x\/8MAHWpUzAU7qJ7AAAAAElFTkSuQmCC' alt='img'\/><\/div><div class='stb-caption-content'><\/div><div class='stb-tool'><\/div><\/div><div class='stb-content'>\n<h2>Descarga este texto<\/h2>\n<p><a href=\"http:\/\/vicencianos.org\/?dl_id=25\">Puedes descargar el texto completo de la Enc\u00edclica (formato PDF) pulsando aqu\u00ed<\/a>.<\/p>\n<\/div><\/div>\n","protected":false},"excerpt":{"rendered":"<p>Redemptor Hominis Todos los caminos de la Iglesia conducen al Hombre. Carta Enc\u00edclica promulgada por el Papa Juan Pablo II el 4 de Marzo de 1979. Precisamente porque Cristo en su misterio de Redenci\u00f3n se &#8230; <a href=\"http:\/\/vincentians.com\/es\/redemptor-hominis\/\" class=\"more-link\">Read More<\/a><\/p>\n","protected":false},"author":4,"featured_media":399979,"comment_status":"open","ping_status":"open","sticky":false,"template":"","format":"standard","meta":{"jetpack_post_was_ever_published":false,"_jetpack_newsletter_access":"","_jetpack_dont_email_post_to_subs":false,"_jetpack_newsletter_tier_id":0,"_jetpack_memberships_contains_paywalled_content":false,"_jetpack_memberships_contains_paid_content":false,"footnotes":"","jetpack_publicize_message":"","jetpack_publicize_feature_enabled":true,"jetpack_social_post_already_shared":true,"jetpack_social_options":{"image_generator_settings":{"template":"highway","default_image_id":0,"font":"","enabled":false},"version":2}},"categories":[100],"tags":[],"class_list":["post-35303","post","type-post","status-publish","format-standard","has-post-thumbnail","hentry","category-documentos-pontificios"],"yoast_head":"<!-- This site is optimized with the Yoast SEO plugin v26.3 - https:\/\/yoast.com\/wordpress\/plugins\/seo\/ -->\n<title>Redemptor Hominis - Somos Vicencianos<\/title>\n<meta name=\"robots\" content=\"index, follow, max-snippet:-1, max-image-preview:large, max-video-preview:-1\" \/>\n<link rel=\"canonical\" href=\"https:\/\/vincentians.com\/es\/redemptor-hominis\/\" \/>\n<meta property=\"og:locale\" content=\"es_ES\" \/>\n<meta property=\"og:type\" content=\"article\" \/>\n<meta property=\"og:title\" content=\"Redemptor Hominis - Somos Vicencianos\" \/>\n<meta property=\"og:description\" content=\"Redemptor Hominis Todos los caminos de la Iglesia conducen al Hombre. Carta Enc\u00edclica promulgada por el Papa Juan Pablo II el 4 de Marzo de 1979. Precisamente porque Cristo en su misterio de Redenci\u00f3n se ... Read More\" \/>\n<meta property=\"og:url\" content=\"https:\/\/vincentians.com\/es\/redemptor-hominis\/\" \/>\n<meta property=\"og:site_name\" content=\"Somos Vicencianos\" \/>\n<meta property=\"article:publisher\" content=\"https:\/\/www.facebook.com\/WeAreVincentians\/\" \/>\n<meta property=\"article:author\" content=\"https:\/\/www.facebook.com\/JavierChento\" \/>\n<meta property=\"article:published_time\" content=\"2020-07-23T06:45:37+00:00\" \/>\n<meta property=\"og:image\" content=\"https:\/\/i0.wp.com\/vincentians.com\/es\/wp-content\/uploads\/sites\/11\/2016\/09\/identidad.jpg?fit=1200%2C630&ssl=1\" \/>\n\t<meta property=\"og:image:width\" content=\"1200\" \/>\n\t<meta property=\"og:image:height\" content=\"630\" \/>\n\t<meta property=\"og:image:type\" content=\"image\/jpeg\" \/>\n<meta name=\"author\" content=\"Francisco Javier Fern\u00e1ndez Chento\" \/>\n<meta name=\"twitter:card\" content=\"summary_large_image\" \/>\n<meta name=\"twitter:creator\" content=\"@https:\/\/twitter.com\/javierchento\" \/>\n<meta name=\"twitter:site\" content=\"@WeVincentians\" \/>\n<meta name=\"twitter:label1\" content=\"Escrito por\" \/>\n\t<meta name=\"twitter:data1\" content=\"Francisco Javier Fern\u00e1ndez Chento\" \/>\n\t<meta name=\"twitter:label2\" content=\"Tiempo de lectura\" \/>\n\t<meta name=\"twitter:data2\" content=\"10 minutos\" \/>\n<script type=\"application\/ld+json\" class=\"yoast-schema-graph\">{\"@context\":\"https:\/\/schema.org\",\"@graph\":[{\"@type\":\"Article\",\"@id\":\"https:\/\/vincentians.com\/es\/redemptor-hominis\/#article\",\"isPartOf\":{\"@id\":\"https:\/\/vincentians.com\/es\/redemptor-hominis\/\"},\"author\":{\"name\":\"Francisco Javier Fern\u00e1ndez Chento\",\"@id\":\"https:\/\/vincentians.com\/es\/#\/schema\/person\/9623ef4d9aa3b2dfb8c061f1499288f2\"},\"headline\":\"Redemptor Hominis\",\"datePublished\":\"2020-07-23T06:45:37+00:00\",\"mainEntityOfPage\":{\"@id\":\"https:\/\/vincentians.com\/es\/redemptor-hominis\/\"},\"wordCount\":2007,\"commentCount\":0,\"publisher\":{\"@id\":\"https:\/\/vincentians.com\/es\/#organization\"},\"image\":{\"@id\":\"https:\/\/vincentians.com\/es\/redemptor-hominis\/#primaryimage\"},\"thumbnailUrl\":\"https:\/\/i0.wp.com\/vincentians.com\/es\/wp-content\/uploads\/sites\/11\/2016\/09\/identidad.jpg?fit=1200%2C630\",\"articleSection\":[\"Documentos Pontificios\"],\"inLanguage\":\"es\",\"potentialAction\":[{\"@type\":\"CommentAction\",\"name\":\"Comment\",\"target\":[\"https:\/\/vincentians.com\/es\/redemptor-hominis\/#respond\"]}]},{\"@type\":\"WebPage\",\"@id\":\"https:\/\/vincentians.com\/es\/redemptor-hominis\/\",\"url\":\"https:\/\/vincentians.com\/es\/redemptor-hominis\/\",\"name\":\"Redemptor Hominis - Somos Vicencianos\",\"isPartOf\":{\"@id\":\"https:\/\/vincentians.com\/es\/#website\"},\"primaryImageOfPage\":{\"@id\":\"https:\/\/vincentians.com\/es\/redemptor-hominis\/#primaryimage\"},\"image\":{\"@id\":\"https:\/\/vincentians.com\/es\/redemptor-hominis\/#primaryimage\"},\"thumbnailUrl\":\"https:\/\/i0.wp.com\/vincentians.com\/es\/wp-content\/uploads\/sites\/11\/2016\/09\/identidad.jpg?fit=1200%2C630\",\"datePublished\":\"2020-07-23T06:45:37+00:00\",\"breadcrumb\":{\"@id\":\"https:\/\/vincentians.com\/es\/redemptor-hominis\/#breadcrumb\"},\"inLanguage\":\"es\",\"potentialAction\":[{\"@type\":\"ReadAction\",\"target\":[\"https:\/\/vincentians.com\/es\/redemptor-hominis\/\"]}]},{\"@type\":\"ImageObject\",\"inLanguage\":\"es\",\"@id\":\"https:\/\/vincentians.com\/es\/redemptor-hominis\/#primaryimage\",\"url\":\"https:\/\/i0.wp.com\/vincentians.com\/es\/wp-content\/uploads\/sites\/11\/2016\/09\/identidad.jpg?fit=1200%2C630\",\"contentUrl\":\"https:\/\/i0.wp.com\/vincentians.com\/es\/wp-content\/uploads\/sites\/11\/2016\/09\/identidad.jpg?fit=1200%2C630\",\"width\":1200,\"height\":630},{\"@type\":\"BreadcrumbList\",\"@id\":\"https:\/\/vincentians.com\/es\/redemptor-hominis\/#breadcrumb\",\"itemListElement\":[{\"@type\":\"ListItem\",\"position\":1,\"name\":\"Portada\",\"item\":\"https:\/\/vincentians.com\/es\/\"},{\"@type\":\"ListItem\",\"position\":2,\"name\":\"Redemptor Hominis\"}]},{\"@type\":\"WebSite\",\"@id\":\"https:\/\/vincentians.com\/es\/#website\",\"url\":\"https:\/\/vincentians.com\/es\/\",\"name\":\"Somos Vicencianos\",\"description\":\"Know more to serve more\",\"publisher\":{\"@id\":\"https:\/\/vincentians.com\/es\/#organization\"},\"potentialAction\":[{\"@type\":\"SearchAction\",\"target\":{\"@type\":\"EntryPoint\",\"urlTemplate\":\"https:\/\/vincentians.com\/es\/?s={search_term_string}\"},\"query-input\":{\"@type\":\"PropertyValueSpecification\",\"valueRequired\":true,\"valueName\":\"search_term_string\"}}],\"inLanguage\":\"es\"},{\"@type\":\"Organization\",\"@id\":\"https:\/\/vincentians.com\/es\/#organization\",\"name\":\"The Vincentian Network\",\"url\":\"https:\/\/vincentians.com\/es\/\",\"logo\":{\"@type\":\"ImageObject\",\"inLanguage\":\"es\",\"@id\":\"https:\/\/vincentians.com\/es\/#\/schema\/logo\/image\/\",\"url\":\"https:\/\/i1.wp.com\/vincentians.com\/es\/wp-content\/uploads\/sites\/11\/2016\/06\/Vincentian-Network-logo-big.png?fit=778%2C778\",\"contentUrl\":\"https:\/\/i1.wp.com\/vincentians.com\/es\/wp-content\/uploads\/sites\/11\/2016\/06\/Vincentian-Network-logo-big.png?fit=778%2C778\",\"width\":778,\"height\":778,\"caption\":\"The Vincentian Network\"},\"image\":{\"@id\":\"https:\/\/vincentians.com\/es\/#\/schema\/logo\/image\/\"},\"sameAs\":[\"https:\/\/www.facebook.com\/WeAreVincentians\/\",\"https:\/\/x.com\/WeVincentians\"]},{\"@type\":\"Person\",\"@id\":\"https:\/\/vincentians.com\/es\/#\/schema\/person\/9623ef4d9aa3b2dfb8c061f1499288f2\",\"name\":\"Francisco Javier Fern\u00e1ndez Chento\",\"image\":{\"@type\":\"ImageObject\",\"inLanguage\":\"es\",\"@id\":\"https:\/\/vincentians.com\/es\/#\/schema\/person\/image\/\",\"url\":\"https:\/\/secure.gravatar.com\/avatar\/497d5cde87b4c3d097d0315953521681ba2cd523ee66e5077c3711f7021e65de?s=96&d=mm&r=g\",\"contentUrl\":\"https:\/\/secure.gravatar.com\/avatar\/497d5cde87b4c3d097d0315953521681ba2cd523ee66e5077c3711f7021e65de?s=96&d=mm&r=g\",\"caption\":\"Francisco Javier Fern\u00e1ndez Chento\"},\"description\":\"Director General y cofundador de La Red de Formaci\u00f3n Vicenciana. Javier es laico vicenciano, afiliado a la Congregaci\u00f3n de la Misi\u00f3n y miembro del Equipo de Misiones Populares de la provincia can\u00f3nica de Zaragoza (Espa\u00f1a) de la Congregaci\u00f3n de la Misi\u00f3n. Graduado en la Universidad Oberta de Catalunya con cuatro grados (Asistente de direcci\u00f3n, Gesti\u00f3n Administrativa, Recursos Humanos y Contabilidad Avanzada). Bil\u00edng\u00fce Espa\u00f1ol\/Ingl\u00e9s. gestiona y mantiene varias p\u00e1ginas web cristianas y vicencianas, incluida including La Red de Formaci\u00f3n Vicenciana, de la que es cofundador. Actualmente es responsable del \u00e1rea de Espa\u00f1ol de .famvin, la Red de Noticias de la Familia Vicenciana. Tambi\u00e9n es m\u00fasico cat\u00f3lico y ha editado varios discos. Es Director General y cofundador de Trovador, una reconocida compa\u00f1\u00eda discogr\u00e1fica critiana de Espa\u00f1a. Trabaja en las Tecnolog\u00edas de la Informaci\u00f3n, ofreciendo servicios de alojamiento, dise\u00f1o y mantenimiento Web, as\u00ed como asesoramiento, formaci\u00f3n y soluciones inform\u00e1ticas, gesti\u00f3n documental y digitalizaci\u00f3n de textos, edici\u00f3n y maquetaci\u00f3n de libros, revistas, flyers, etc.\",\"sameAs\":[\"http:\/\/chento.org\",\"https:\/\/www.facebook.com\/JavierChento\",\"https:\/\/x.com\/https:\/\/twitter.com\/javierchento\"],\"url\":\"http:\/\/vincentians.com\/es\/author\/chento\/\"}]}<\/script>\n<!-- \/ Yoast SEO plugin. -->","yoast_head_json":{"title":"Redemptor Hominis - Somos Vicencianos","robots":{"index":"index","follow":"follow","max-snippet":"max-snippet:-1","max-image-preview":"max-image-preview:large","max-video-preview":"max-video-preview:-1"},"canonical":"https:\/\/vincentians.com\/es\/redemptor-hominis\/","og_locale":"es_ES","og_type":"article","og_title":"Redemptor Hominis - Somos Vicencianos","og_description":"Redemptor Hominis Todos los caminos de la Iglesia conducen al Hombre. Carta Enc\u00edclica promulgada por el Papa Juan Pablo II el 4 de Marzo de 1979. Precisamente porque Cristo en su misterio de Redenci\u00f3n se ... Read More","og_url":"https:\/\/vincentians.com\/es\/redemptor-hominis\/","og_site_name":"Somos Vicencianos","article_publisher":"https:\/\/www.facebook.com\/WeAreVincentians\/","article_author":"https:\/\/www.facebook.com\/JavierChento","article_published_time":"2020-07-23T06:45:37+00:00","og_image":[{"width":1200,"height":630,"url":"https:\/\/i0.wp.com\/vincentians.com\/es\/wp-content\/uploads\/sites\/11\/2016\/09\/identidad.jpg?fit=1200%2C630&ssl=1","type":"image\/jpeg"}],"author":"Francisco Javier Fern\u00e1ndez Chento","twitter_card":"summary_large_image","twitter_creator":"@https:\/\/twitter.com\/javierchento","twitter_site":"@WeVincentians","twitter_misc":{"Escrito por":"Francisco Javier Fern\u00e1ndez Chento","Tiempo de lectura":"10 minutos"},"schema":{"@context":"https:\/\/schema.org","@graph":[{"@type":"Article","@id":"https:\/\/vincentians.com\/es\/redemptor-hominis\/#article","isPartOf":{"@id":"https:\/\/vincentians.com\/es\/redemptor-hominis\/"},"author":{"name":"Francisco Javier Fern\u00e1ndez Chento","@id":"https:\/\/vincentians.com\/es\/#\/schema\/person\/9623ef4d9aa3b2dfb8c061f1499288f2"},"headline":"Redemptor Hominis","datePublished":"2020-07-23T06:45:37+00:00","mainEntityOfPage":{"@id":"https:\/\/vincentians.com\/es\/redemptor-hominis\/"},"wordCount":2007,"commentCount":0,"publisher":{"@id":"https:\/\/vincentians.com\/es\/#organization"},"image":{"@id":"https:\/\/vincentians.com\/es\/redemptor-hominis\/#primaryimage"},"thumbnailUrl":"https:\/\/i0.wp.com\/vincentians.com\/es\/wp-content\/uploads\/sites\/11\/2016\/09\/identidad.jpg?fit=1200%2C630","articleSection":["Documentos Pontificios"],"inLanguage":"es","potentialAction":[{"@type":"CommentAction","name":"Comment","target":["https:\/\/vincentians.com\/es\/redemptor-hominis\/#respond"]}]},{"@type":"WebPage","@id":"https:\/\/vincentians.com\/es\/redemptor-hominis\/","url":"https:\/\/vincentians.com\/es\/redemptor-hominis\/","name":"Redemptor Hominis - Somos Vicencianos","isPartOf":{"@id":"https:\/\/vincentians.com\/es\/#website"},"primaryImageOfPage":{"@id":"https:\/\/vincentians.com\/es\/redemptor-hominis\/#primaryimage"},"image":{"@id":"https:\/\/vincentians.com\/es\/redemptor-hominis\/#primaryimage"},"thumbnailUrl":"https:\/\/i0.wp.com\/vincentians.com\/es\/wp-content\/uploads\/sites\/11\/2016\/09\/identidad.jpg?fit=1200%2C630","datePublished":"2020-07-23T06:45:37+00:00","breadcrumb":{"@id":"https:\/\/vincentians.com\/es\/redemptor-hominis\/#breadcrumb"},"inLanguage":"es","potentialAction":[{"@type":"ReadAction","target":["https:\/\/vincentians.com\/es\/redemptor-hominis\/"]}]},{"@type":"ImageObject","inLanguage":"es","@id":"https:\/\/vincentians.com\/es\/redemptor-hominis\/#primaryimage","url":"https:\/\/i0.wp.com\/vincentians.com\/es\/wp-content\/uploads\/sites\/11\/2016\/09\/identidad.jpg?fit=1200%2C630","contentUrl":"https:\/\/i0.wp.com\/vincentians.com\/es\/wp-content\/uploads\/sites\/11\/2016\/09\/identidad.jpg?fit=1200%2C630","width":1200,"height":630},{"@type":"BreadcrumbList","@id":"https:\/\/vincentians.com\/es\/redemptor-hominis\/#breadcrumb","itemListElement":[{"@type":"ListItem","position":1,"name":"Portada","item":"https:\/\/vincentians.com\/es\/"},{"@type":"ListItem","position":2,"name":"Redemptor Hominis"}]},{"@type":"WebSite","@id":"https:\/\/vincentians.com\/es\/#website","url":"https:\/\/vincentians.com\/es\/","name":"Somos Vicencianos","description":"Know more to serve more","publisher":{"@id":"https:\/\/vincentians.com\/es\/#organization"},"potentialAction":[{"@type":"SearchAction","target":{"@type":"EntryPoint","urlTemplate":"https:\/\/vincentians.com\/es\/?s={search_term_string}"},"query-input":{"@type":"PropertyValueSpecification","valueRequired":true,"valueName":"search_term_string"}}],"inLanguage":"es"},{"@type":"Organization","@id":"https:\/\/vincentians.com\/es\/#organization","name":"The Vincentian Network","url":"https:\/\/vincentians.com\/es\/","logo":{"@type":"ImageObject","inLanguage":"es","@id":"https:\/\/vincentians.com\/es\/#\/schema\/logo\/image\/","url":"https:\/\/i1.wp.com\/vincentians.com\/es\/wp-content\/uploads\/sites\/11\/2016\/06\/Vincentian-Network-logo-big.png?fit=778%2C778","contentUrl":"https:\/\/i1.wp.com\/vincentians.com\/es\/wp-content\/uploads\/sites\/11\/2016\/06\/Vincentian-Network-logo-big.png?fit=778%2C778","width":778,"height":778,"caption":"The Vincentian Network"},"image":{"@id":"https:\/\/vincentians.com\/es\/#\/schema\/logo\/image\/"},"sameAs":["https:\/\/www.facebook.com\/WeAreVincentians\/","https:\/\/x.com\/WeVincentians"]},{"@type":"Person","@id":"https:\/\/vincentians.com\/es\/#\/schema\/person\/9623ef4d9aa3b2dfb8c061f1499288f2","name":"Francisco Javier Fern\u00e1ndez Chento","image":{"@type":"ImageObject","inLanguage":"es","@id":"https:\/\/vincentians.com\/es\/#\/schema\/person\/image\/","url":"https:\/\/secure.gravatar.com\/avatar\/497d5cde87b4c3d097d0315953521681ba2cd523ee66e5077c3711f7021e65de?s=96&d=mm&r=g","contentUrl":"https:\/\/secure.gravatar.com\/avatar\/497d5cde87b4c3d097d0315953521681ba2cd523ee66e5077c3711f7021e65de?s=96&d=mm&r=g","caption":"Francisco Javier Fern\u00e1ndez Chento"},"description":"Director General y cofundador de La Red de Formaci\u00f3n Vicenciana. Javier es laico vicenciano, afiliado a la Congregaci\u00f3n de la Misi\u00f3n y miembro del Equipo de Misiones Populares de la provincia can\u00f3nica de Zaragoza (Espa\u00f1a) de la Congregaci\u00f3n de la Misi\u00f3n. Graduado en la Universidad Oberta de Catalunya con cuatro grados (Asistente de direcci\u00f3n, Gesti\u00f3n Administrativa, Recursos Humanos y Contabilidad Avanzada). Bil\u00edng\u00fce Espa\u00f1ol\/Ingl\u00e9s. gestiona y mantiene varias p\u00e1ginas web cristianas y vicencianas, incluida including La Red de Formaci\u00f3n Vicenciana, de la que es cofundador. Actualmente es responsable del \u00e1rea de Espa\u00f1ol de .famvin, la Red de Noticias de la Familia Vicenciana. Tambi\u00e9n es m\u00fasico cat\u00f3lico y ha editado varios discos. Es Director General y cofundador de Trovador, una reconocida compa\u00f1\u00eda discogr\u00e1fica critiana de Espa\u00f1a. Trabaja en las Tecnolog\u00edas de la Informaci\u00f3n, ofreciendo servicios de alojamiento, dise\u00f1o y mantenimiento Web, as\u00ed como asesoramiento, formaci\u00f3n y soluciones inform\u00e1ticas, gesti\u00f3n documental y digitalizaci\u00f3n de textos, edici\u00f3n y maquetaci\u00f3n de libros, revistas, flyers, etc.","sameAs":["http:\/\/chento.org","https:\/\/www.facebook.com\/JavierChento","https:\/\/x.com\/https:\/\/twitter.com\/javierchento"],"url":"http:\/\/vincentians.com\/es\/author\/chento\/"}]}},"jetpack_publicize_connections":[],"jetpack_featured_media_url":"https:\/\/i0.wp.com\/vincentians.com\/es\/wp-content\/uploads\/sites\/11\/2016\/09\/identidad.jpg?fit=1200%2C630","jetpack_sharing_enabled":true,"jetpack_shortlink":"https:\/\/wp.me\/p7ETMF-9bp","jetpack-related-posts":[{"id":36457,"url":"http:\/\/vincentians.com\/es\/dives-in-misericordia\/","url_meta":{"origin":35303,"position":0},"title":"Dives in Misericordia","author":"Francisco Javier Fern\u00e1ndez Chento","date":"08\/07\/2014","format":false,"excerpt":"Dives in Misericordia Carta Enc\u00edclica promulgada por el Papa Juan Pablo II el\u00a030 de noviembre de 1980. Sobre la misericordia divina. El anuncio de la segunda enc\u00edclica de Juan Pablo II, \"Dives in Misericordia\" lleg\u00f3 por sorpresa. Hab\u00eda pasado poco m\u00e1s de un a\u00f1o y apareci\u00f3 la segunda, como si\u2026","rel":"","context":"En \u00abDocumentos Pontificios\u00bb","block_context":{"text":"Documentos Pontificios","link":"http:\/\/vincentians.com\/es\/category\/formacion-cristiana\/documentos-pontificios\/"},"img":{"alt_text":"","src":"https:\/\/i0.wp.com\/vicencianos.org\/wp-content\/2011\/04\/Dives-in-misericordia-183x300.jpg?resize=350%2C200","width":350,"height":200},"classes":[]},{"id":121858,"url":"http:\/\/vincentians.com\/es\/enciclica-sollicitudo-rei-socialis\/","url_meta":{"origin":35303,"position":1},"title":"Enc\u00edclica &quot;Sollicitudo rei socialis&quot;","author":"Francisco Javier Fern\u00e1ndez Chento","date":"04\/05\/2013","format":false,"excerpt":"\"Sollicitudo rei socialis\" al cumplirse el vig\u00e9simo aniversario de la Populorum Progressio 1987.12.30 Bendici\u00f3n Venerables Hermanos, amad\u00edsimos Hijos e Hijas: salud y Bendici\u00f3n Apost\u00f3lica I.\u2014 Introducci\u00f3n 1. La preocupaci\u00f3n social de la Iglesia, orientada al desarrollo aut\u00e9ntico del hombre y de la sociedad, que respete y promueva en toda su\u2026","rel":"","context":"En \u00abDoctrina Social de la Iglesia\u00bb","block_context":{"text":"Doctrina Social de la Iglesia","link":"http:\/\/vincentians.com\/es\/category\/formacion-cristiana\/doctrina-social-de-la-iglesia\/"},"img":{"alt_text":"POPE JOHN PAUL II SEEN IN IMAGE RELEASED BY POSTULATION OF SAINTHOOD CAUSE","src":"https:\/\/i0.wp.com\/vicencianos.org\/wp-content\/2013\/05\/juan_pablo_ii-212x300.jpg?resize=350%2C200","width":350,"height":200},"classes":[]},{"id":119438,"url":"http:\/\/vincentians.com\/es\/anunciar-a-jesucristo-hoy\/","url_meta":{"origin":35303,"position":2},"title":"Anunciar a Jesucristo, hoy","author":"Francisco Javier Fern\u00e1ndez Chento","date":"10\/04\/2013","format":false,"excerpt":"I - Un nuevo escenario cultural Vivimos un momento de cambios y transformaciones importantes en todos los \u00e1mbitos de la existencia humana; \"una acelerada transformaci\u00f3n\" de la sociedad ha generado un nuevo escenario cultural caracterizado por la p\u00e9rdida de la consistencia ontol\u00f3gica del alma, una crisis de verdad, una perversi\u00f3n\u2026","rel":"","context":"En \u00abFormaci\u00f3n Cristiana\u00bb","block_context":{"text":"Formaci\u00f3n Cristiana","link":"http:\/\/vincentians.com\/es\/category\/formacion-cristiana\/"},"img":{"alt_text":"anunciar","src":"https:\/\/i0.wp.com\/vicencianos.org\/wp-content\/2013\/04\/anunciar-211x300.jpg?resize=350%2C200","width":350,"height":200},"classes":[]},{"id":135583,"url":"http:\/\/vincentians.com\/es\/celam-documento-de-puebla-1979\/","url_meta":{"origin":35303,"position":3},"title":"Celam: Documento de Puebla (1979)","author":"Francisco Javier Fern\u00e1ndez Chento","date":"30\/01\/2015","format":false,"excerpt":"Resumen Introducci\u00f3n La II Asamblea General del CELAM celebrada en Medell\u00edn hab\u00eda sido un fuerte revulsivo para la pastoral de la Iglesia Latino Am\u00e9rica, las directrices marcadas, las opciones impulsadas estaban ayudando a mostrar una nueva Iglesia. Por otra parte la situaci\u00f3n social cada vez m\u00e1s explosiva hac\u00eda m\u00e1s clara\u2026","rel":"","context":"En \u00abConsejo Episcopal Latinoamericano\u00bb","block_context":{"text":"Consejo Episcopal Latinoamericano","link":"http:\/\/vincentians.com\/es\/category\/formacion-cristiana\/consejo-episcopal-latinoamericano\/"},"img":{"alt_text":"","src":"https:\/\/i0.wp.com\/vincentians.com\/es\/wp-content\/uploads\/sites\/11\/2016\/07\/celam.jpg?fit=1200%2C630&resize=350%2C200","width":350,"height":200,"srcset":"https:\/\/i0.wp.com\/vincentians.com\/es\/wp-content\/uploads\/sites\/11\/2016\/07\/celam.jpg?fit=1200%2C630&resize=350%2C200 1x, https:\/\/i0.wp.com\/vincentians.com\/es\/wp-content\/uploads\/sites\/11\/2016\/07\/celam.jpg?fit=1200%2C630&resize=525%2C300 1.5x, https:\/\/i0.wp.com\/vincentians.com\/es\/wp-content\/uploads\/sites\/11\/2016\/07\/celam.jpg?fit=1200%2C630&resize=700%2C400 2x, https:\/\/i0.wp.com\/vincentians.com\/es\/wp-content\/uploads\/sites\/11\/2016\/07\/celam.jpg?fit=1200%2C630&resize=1050%2C600 3x"},"classes":[]},{"id":129403,"url":"http:\/\/vincentians.com\/es\/cristianos-laicos-y-signos-de-los-tiempos-7\/","url_meta":{"origin":35303,"position":4},"title":"Cristianos laicos y signos de los tiempos (7)","author":"Francisco Javier Fern\u00e1ndez Chento","date":"29\/12\/2024","format":false,"excerpt":"VII. Algunos compromisos laicales frente a los \"signos de los tiempos\" La percepci\u00f3n y aceptaci\u00f3n (cr\u00edtica) de los \"signos de los tiempos\" ha significado, si no un verdadero revulsivo, s\u00ed un v\u00e1lido y poderoso catalizador en el seno de la Iglesia. Despu\u00e9s de siglos en los que el distanciamiento, los\u2026","rel":"","context":"En \u00abFormaci\u00f3n Cristiana\u00bb","block_context":{"text":"Formaci\u00f3n Cristiana","link":"http:\/\/vincentians.com\/es\/category\/formacion-cristiana\/"},"img":{"alt_text":"","src":"https:\/\/i0.wp.com\/vincentians.com\/es\/wp-content\/uploads\/sites\/11\/2016\/10\/ranquines.jpg?fit=1200%2C630&resize=350%2C200","width":350,"height":200,"srcset":"https:\/\/i0.wp.com\/vincentians.com\/es\/wp-content\/uploads\/sites\/11\/2016\/10\/ranquines.jpg?fit=1200%2C630&resize=350%2C200 1x, https:\/\/i0.wp.com\/vincentians.com\/es\/wp-content\/uploads\/sites\/11\/2016\/10\/ranquines.jpg?fit=1200%2C630&resize=525%2C300 1.5x, https:\/\/i0.wp.com\/vincentians.com\/es\/wp-content\/uploads\/sites\/11\/2016\/10\/ranquines.jpg?fit=1200%2C630&resize=700%2C400 2x, https:\/\/i0.wp.com\/vincentians.com\/es\/wp-content\/uploads\/sites\/11\/2016\/10\/ranquines.jpg?fit=1200%2C630&resize=1050%2C600 3x"},"classes":[]},{"id":181443,"url":"http:\/\/vincentians.com\/es\/enciclica-laudato-si-01\/","url_meta":{"origin":35303,"position":5},"title":"Enc\u00edclica \u00abLaudato Si\u00bb 01","author":"Francisco Javier Fern\u00e1ndez Chento","date":"19\/06\/2015","format":false,"excerpt":"CARTA ENC\u00cdCLICA LAUDATO SI\u2019 DEL SANTO PADRE FRANCISCO SOBRE EL CUIDADO DE LA CASA COM\u00daN 1. \u00abLaudato si\u2019, mi\u2019 Signore\u00bb \u2013 \u00abAlabado seas, mi Se\u00f1or\u00bb, cantaba san Francisco de As\u00eds. En ese hermoso c\u00e1ntico nos recordaba que nuestra casa com\u00fan es tambi\u00e9n como una hermana, con la cual compartimos la\u2026","rel":"","context":"En \u00abDocumentos Pontificios\u00bb","block_context":{"text":"Documentos Pontificios","link":"http:\/\/vincentians.com\/es\/category\/formacion-cristiana\/documentos-pontificios\/"},"img":{"alt_text":"laudato si","src":"https:\/\/i0.wp.com\/vicencianos.org\/wp-content\/2015\/06\/laudato-si1-1024x773.jpg?resize=350%2C200","width":350,"height":200,"srcset":"https:\/\/i0.wp.com\/vicencianos.org\/wp-content\/2015\/06\/laudato-si1-1024x773.jpg?resize=350%2C200 1x, https:\/\/i0.wp.com\/vicencianos.org\/wp-content\/2015\/06\/laudato-si1-1024x773.jpg?resize=525%2C300 1.5x, https:\/\/i0.wp.com\/vicencianos.org\/wp-content\/2015\/06\/laudato-si1-1024x773.jpg?resize=700%2C400 2x"},"classes":[]}],"_links":{"self":[{"href":"http:\/\/vincentians.com\/es\/wp-json\/wp\/v2\/posts\/35303","targetHints":{"allow":["GET"]}}],"collection":[{"href":"http:\/\/vincentians.com\/es\/wp-json\/wp\/v2\/posts"}],"about":[{"href":"http:\/\/vincentians.com\/es\/wp-json\/wp\/v2\/types\/post"}],"author":[{"embeddable":true,"href":"http:\/\/vincentians.com\/es\/wp-json\/wp\/v2\/users\/4"}],"replies":[{"embeddable":true,"href":"http:\/\/vincentians.com\/es\/wp-json\/wp\/v2\/comments?post=35303"}],"version-history":[{"count":1,"href":"http:\/\/vincentians.com\/es\/wp-json\/wp\/v2\/posts\/35303\/revisions"}],"predecessor-version":[{"id":402958,"href":"http:\/\/vincentians.com\/es\/wp-json\/wp\/v2\/posts\/35303\/revisions\/402958"}],"wp:featuredmedia":[{"embeddable":true,"href":"http:\/\/vincentians.com\/es\/wp-json\/wp\/v2\/media\/399979"}],"wp:attachment":[{"href":"http:\/\/vincentians.com\/es\/wp-json\/wp\/v2\/media?parent=35303"}],"wp:term":[{"taxonomy":"category","embeddable":true,"href":"http:\/\/vincentians.com\/es\/wp-json\/wp\/v2\/categories?post=35303"},{"taxonomy":"post_tag","embeddable":true,"href":"http:\/\/vincentians.com\/es\/wp-json\/wp\/v2\/tags?post=35303"}],"curies":[{"name":"wp","href":"https:\/\/api.w.org\/{rel}","templated":true}]}}