{"id":35236,"date":"2017-01-23T08:25:11","date_gmt":"2017-01-23T07:25:11","guid":{"rendered":"http:\/\/somos.vicencianos.org\/blog\/2011\/04\/ano-1630\/"},"modified":"2016-12-26T17:26:23","modified_gmt":"2016-12-26T16:26:23","slug":"ano-1630","status":"publish","type":"post","link":"http:\/\/vincentians.com\/es\/ano-1630\/","title":{"rendered":"A\u00f1o 1630"},"content":{"rendered":"<h2><img data-recalc-dims=\"1\" loading=\"lazy\" decoding=\"async\" data-attachment-id=\"399998\" data-permalink=\"http:\/\/vincentians.com\/es\/carisma-vicenciano-la-nueva-evangelizacion-algunas-claves-vicencianas-la-evangelizacion-actual\/enviados-evangelizar-pobres\/\" data-orig-file=\"https:\/\/i0.wp.com\/vincentians.com\/es\/wp-content\/uploads\/sites\/11\/2016\/09\/enviados-evangelizar-pobres.jpg?fit=1200%2C630\" data-orig-size=\"1200,630\" data-comments-opened=\"1\" data-image-meta=\"{&quot;aperture&quot;:&quot;0&quot;,&quot;credit&quot;:&quot;&quot;,&quot;camera&quot;:&quot;&quot;,&quot;caption&quot;:&quot;&quot;,&quot;created_timestamp&quot;:&quot;0&quot;,&quot;copyright&quot;:&quot;&quot;,&quot;focal_length&quot;:&quot;0&quot;,&quot;iso&quot;:&quot;0&quot;,&quot;shutter_speed&quot;:&quot;0&quot;,&quot;title&quot;:&quot;&quot;,&quot;orientation&quot;:&quot;1&quot;}\" data-image-title=\"enviados-evangelizar-pobres\" data-image-description=\"\" data-image-caption=\"\" data-medium-file=\"https:\/\/i0.wp.com\/vincentians.com\/es\/wp-content\/uploads\/sites\/11\/2016\/09\/enviados-evangelizar-pobres.jpg?fit=300%2C158\" data-large-file=\"https:\/\/i0.wp.com\/vincentians.com\/es\/wp-content\/uploads\/sites\/11\/2016\/09\/enviados-evangelizar-pobres.jpg?fit=846%2C444\" class=\"alignnone size-medium wp-image-399998 alignleft\" src=\"https:\/\/i0.wp.com\/vincentians.com\/es\/wp-content\/uploads\/sites\/11\/2016\/09\/enviados-evangelizar-pobres.jpg?resize=300%2C158\" alt=\"\" width=\"300\" height=\"158\" srcset=\"https:\/\/i0.wp.com\/vincentians.com\/es\/wp-content\/uploads\/sites\/11\/2016\/09\/enviados-evangelizar-pobres.jpg?resize=300%2C158 300w, https:\/\/i0.wp.com\/vincentians.com\/es\/wp-content\/uploads\/sites\/11\/2016\/09\/enviados-evangelizar-pobres.jpg?resize=768%2C403 768w, https:\/\/i0.wp.com\/vincentians.com\/es\/wp-content\/uploads\/sites\/11\/2016\/09\/enviados-evangelizar-pobres.jpg?resize=1024%2C538 1024w, https:\/\/i0.wp.com\/vincentians.com\/es\/wp-content\/uploads\/sites\/11\/2016\/09\/enviados-evangelizar-pobres.jpg?resize=100%2C53 100w, https:\/\/i0.wp.com\/vincentians.com\/es\/wp-content\/uploads\/sites\/11\/2016\/09\/enviados-evangelizar-pobres.jpg?resize=846%2C444 846w, https:\/\/i0.wp.com\/vincentians.com\/es\/wp-content\/uploads\/sites\/11\/2016\/09\/enviados-evangelizar-pobres.jpg?resize=1004%2C527 1004w, https:\/\/i0.wp.com\/vincentians.com\/es\/wp-content\/uploads\/sites\/11\/2016\/09\/enviados-evangelizar-pobres.jpg?w=1200 1200w\" sizes=\"auto, (max-width: 300px) 100vw, 300px\" \/>El a\u00f1o 1630 en Francia:<\/h2>\n<p><strong>Enero:<\/strong> Decreto de reorganizaci\u00f3n del Gran Consejo Real por el que se crean cuatro secciones: 1\u00aa: Consejo Privado o de los Partidos; 2\u00aa: Consejo de Asuntos o Despachos; 3\u00aa: Consejo de Estado y Finanzas; 4\u00aa: Consejo de Finanzas. Adem\u00e1s se crea el Consejo Secreto de los Asuntos, Consejo muy restringido (s\u00f3lo el Rey con sus ministros), que se reun\u00eda en el gabinete del Rey y lo presid\u00eda \u00abel principal ministro\u00bb (Ri. 196).<\/p>\n<p><strong>2 enero:<\/strong> Gast\u00f3n, que se hab\u00eda escapado a Lorena en septiembre pasado, vuelve a Francia. Va a ver a Mar\u00eda Luisa que lo rechaza por razones de Estado, Francia est\u00e1 ayudando a su padre para conseguir Mantua. Gast\u00f3n har\u00e1 las paces con su hermano el pr\u00f3ximo 18 de abril en Troyes (L. 357-358; R. 491).<\/p>\n<p><strong>18 enero:<\/strong> Richelieu, que hab\u00eda salido de Fontainebleau el pasado Diciembre camino de Italia, llega a Lyon y se junta con el ej\u00e9rcito que ha formado el mariscal La Force.<\/p>\n<p>Saboya que deb\u00eda ayudar a los ej\u00e9rcitos franceses seg\u00fan lo pactado se hace el remol\u00f3n; entonces los franceses toman R\u00edvoli, van hacia Tur\u00edn y acaban tomando, <strong>el 29 de marzo<\/strong>, Pignerolo, plaza clave para entrar en Italia (L. 365; MM. 447; R. 491-492; Ri. 140-141; Mz. 23-24).<\/p>\n<p><strong>13 abril:<\/strong> Richelieu manda un memorandum a Luis XIII: conservar Pignerolo es ser \u00e1rbitro de Italia, pero esto supone la guerra (R. 492; Ri. 141).<\/p>\n<p><strong>18 abril:<\/strong> Gast\u00f3n se reconcilia con Luis XIII en Troyes <strong>y el 23<\/strong> sale toda la corte hacia Italia. En Dij\u00f3n, <strong>el 26<\/strong>, reciben el \u00abmemorandum\u00bb que, sobre Italia, Richelieu les ha mandado (L. 365-366; MM. 450; R. 492-493).<\/p>\n<p><strong>10 mayo:<\/strong> La Corte se detiene en Lyon y Luis XIII va a juntarse con Richelieu en Grenoble. <strong>Aqu\u00ed, el 17<\/strong>, acuden los embajadores de Saboya y Julio Mazarino que viene en nombre del Papa. Se hacen proposiciones pero, como rechazarlas supone la guerra, Richelieu quiere conocer el parecer de Mar\u00eda de M\u00e9dicis y marcha a Lyon. <strong>El 12<\/strong> est\u00e1 de vuelta en Grenoble y le anuncia al Rey que su madre, ahora, es partidaria de la guerra (L. 365; MM. 450; R. 493; Lu. 200; Ri. 141; Mz. 24).<\/p>\n<p><strong>Mayo-Julio:<\/strong> Los franceses invaden y conquistan casi toda Saboya. El <strong>3 de junio<\/strong> el Rey est\u00e1 en S. Morice y Richelieu en S. Juan de Maurienne. Por otra parte, el <strong>30 de Mayo<\/strong> Sp\u00ednola se apodera de Casal y s\u00f3lo queda la ciudadela en poder de Torras. Collalto, con su ej\u00e9rcito imperial, toma Mantua <strong>el 18 de julio<\/strong> (L. 367-368; MM. 451; R. 494-495; M. 24).<\/p>\n<p><strong>25 julio:<\/strong> Se declara la peste en el ej\u00e9rcito y el Rey marcha a Lyon donde est\u00e1 la Corte y m\u00e1s tarde, <strong>el 22 de agosto<\/strong>, ir\u00e1 Richelieu (L. 368; MM. 452; R. 495-496; Lu. 201).<\/p>\n<p><strong>26 julio:<\/strong> Muere Carlos Manuel I de Saboya y comienzan las negociaciones con su hijo y sucesor V\u00edctor Amadeo I casado con Cristina, hermana de Luis XIII (L. 367; MM. 451; R. 495).<\/p>\n<p><strong>4 septiembre:<\/strong> Se firma un armisticio de 40 d\u00edas y se dialogar\u00e1 en Ratisbona (Alemania) a donde van, de parte de Francia, el capuchino P. Jos\u00e9 y Brulart de Le\u00f3n (MM. 452; R. 452; Ri. 143; Mz. 26).<\/p>\n<p><strong>20-30 septiembre:<\/strong> Luis XIII cae gravemente enfermo, est\u00e1 a punto de morir. Se planea\u2026 la destituci\u00f3n o muerte de Richelieu, el nuevo gobierno, con Gast\u00f3n como Rey, que se casar\u00eda con Ana, se presiona sobre Luis en el lecho de muerte\u2026 pero <strong>el d\u00eda 30<\/strong> explota el absceso intestinal y mejora repentinamente con gran asombro de todos (L. 371-377; MM. 453; A. 92-94; R. 497-499; Lu. 201-202).<\/p>\n<p><strong>26 septiembre:<\/strong> Muere repentinamente Sp\u00ednola y le sucede Gonzalo de C\u00f3rdoba (L. 370; MM. 452-453; R. 499).<\/p>\n<p><strong>13 octubre:<\/strong> En Ratisbona se firma un acuerdo de paz, que llega a Lyon <strong>el 20 y el 22<\/strong> Richelieu no lo acepta. En el Consejo <strong>del 24<\/strong>, Mar\u00eda de M\u00e9dicis se opone abiertamente a Richelieu, pero el ej\u00e9rcito est\u00e1 ya de camino para continuar la guerra (L. 376-377; MM. 453; R. 459-460; Lu. 204).<\/p>\n<p><strong>26 octubre:<\/strong> Superados los 40 d\u00edas de tregua, conseguidos por Mazarino, los ej\u00e9rcitos franceses y espa\u00f1oles est\u00e1n a punto de batirse en Casale pero, de nuevo Mazarino, enviado por el Papa Urbano VIII, consigue un entendimiento en el mismo campo de batalla. Casale parar\u00e1 de momento al duque de Montmorency, los ej\u00e9rcitos invasores se retirar\u00e1n cada uno a su pa\u00eds respectivo y dar\u00e1 por terminada la guerra de Mantua. Carlos de Nevers ser\u00e1 el nuevo duque de Mantua reconocido por todas las potencias (L. 377; MM. 453-454; A. 94-95; R. 500; Lu. 204; Mz. 26-27).<\/p>\n<p><strong>29 octubre:<\/strong> Luis XIII llega a Versalles (LJ. 237)<\/p>\n<p><strong>Oto\u00f1o:<\/strong> Alejandro Bichi es el nuevo nuncio en Par\u00eds; sustituye a Guido Bagno, aunque este permanecer\u00e1 varios a\u00f1os a\u00fan (L. 402).<\/p>\n<p><strong>10 noviembre:<\/strong> La Corte ha vuelto a Par\u00eds. Luis XIII acude ese domingo a comulgar p\u00fablicamente a Notre Dame por la ma\u00f1ana. Al medio d\u00eda hay consejo en el Palacio de Luxemburgo, donde reside la Reina Mar\u00eda (el Rey desde la vuelta de la guerra reside en el Palacio de Embajadores antigua casa de Concini y Luynes) y Richelieu en el Petit Luxemburgo. En este Consejo se nombra a Luis de Marillac Comandante jefe de todos los ej\u00e9rcitos de Italia. Despu\u00e9s del Consejo y dadas las desavenencias entre Mar\u00eda y Richelieu el rey decide retirarle al Cardenal el t\u00edtulo de Superintendente de la Reina Mar\u00eda de M\u00e9dicis (l. 378-393; MM. 454-455; A. 96; R. 503; Lu. 206; Ri. 146).<\/p>\n<p><strong>11 noviembre:<\/strong> A las once de la ma\u00f1ana tuvo lugar el famoso encuentro entre Mar\u00eda de M\u00e9dicis y Luis XIII en el Palacio de Luxemburgo. La reina madre plantea a su hijo la cuesti\u00f3n de elegir entre ella y Richelieu. Cuando estaban en lo m\u00e1s tenso de la discusi\u00f3n, apareci\u00f3 el Cardenal, entrando por una puerta secreta. Mar\u00eda qued\u00f3 cortada pero inmediatamente explot\u00f3 con una serie de insultos contra Richelieu y su sobrina, la futura duquesa de Aiguillon. Luis XIII mand\u00f3 salir al Cardenal e inmediatamente sali\u00f3 \u00e9l. Cada uno march\u00f3 a su casa, mientras Mar\u00eda segu\u00eda gritando en su palacio. Horas despu\u00e9s sal\u00eda el Rey para su pabell\u00f3n de caza de Versalles. Al atardecer env\u00eda dos \u00f3rdenes, una a Richelieu por la que le manda que inmediatamente vaya a Versalles y otra a Miguel de Marillac, convoc\u00e1ndole tambi\u00e9n pero diciendo que vaya primero a Glatigny y que espere all\u00ed \u00f3rdenes. Era la \u00abJornada de los Enga\u00f1ados\u00bb (L. 382-393; MM. 467; A. 96; R. 504-506; Lu. 207-209; Ri. 148).<\/p>\n<p><strong>11-12 noviembre:<\/strong> En esta noche tuvo Luis XIII consejo con Richelieu en Versalles. El Cardenal recibi\u00f3 el apoyo del Rey mientras que Miguel de Marillac, en Glatigny, recib\u00eda la orden de arresto y un correo sal\u00eda para Italia con la orden de detenci\u00f3n de Luis de Marillac quien dos d\u00edas antes hab\u00eda sido nombrado jefe de todas las fuerzas de Italia.<\/p>\n<p>Miguel de Marillac, apresado en Glatigny esta misma noche fue llevado a Caen y luego a Lisieux, para acabar definitivamente en febrero tras los muros del castillo de Chateaudum, donde morir\u00e1 en 1632 (L. 396; R. 507).<\/p>\n<p>Tambi\u00e9n cay\u00f3 el jesuita y confesor del Rey, P. Sufren y los dem\u00e1s del \u00abpartido devoto\u00bb (los enga\u00f1ados): Guisa (A. 97-98), Bossompierre, la princesa Conty, Bellagarde, Epernon, La Rochefoucauld, el matrimonio Fargis (A. 99. 105. 107; L. 403.421), los \u00faltimos espa\u00f1oles de la corte de Ana (L. 421), el matrimonio Lavau\u2026 etc. (L. 393-401; MM. 457-460; A. 97-98; Lu. 210; Ri. 148).<\/p>\n<p><strong>21 noviembre:<\/strong> Luis XIII hace unas declaraciones p\u00fablicas de apoyo a Richelieu que molestan mucho a Mar\u00eda de M\u00e9dicis (L. 402).<\/p>\n<p><strong>23 noviembre:<\/strong> Luis de Marillac es apresado en Folizzo (Italia) por sus compa\u00f1eros mariscales, La Force y Schomberg, y es llevado a Avigliana. El <strong>9 de diciembre<\/strong> sale para Lyon y el <strong>9 de febrero<\/strong> llegaba a la c\u00e1rcel de destino, en Sainte Menehoulde, en espera de ser juzgado.<\/p>\n<p><strong>6 diciembre:<\/strong> Gast\u00f3n se reconcilia con Richelieu en principio pero enseguida romper\u00e1 con \u00e9l y marchar\u00e1 al exilio. La reina Madre y Ana no le hablan ni acuden a las fiestas de Palacio. Guisa y Epernon se ausentan de la Corte, Epernon marcha a sus tierras y Guisa acabar\u00e1 al a\u00f1o que viene en Italia despu\u00e9s que el pr\u00edncipe Cond\u00e9 trate de pacificar la revuelta que hay en Provenza de cuya provincia Guisa es Gobernador.<\/p>\n<p>&nbsp;<\/p>\n<p><strong>23-24-25 diciembre:<\/strong> El Nuncio, Cardenal Bagni, hace de mediador en el Palacio de Luxemburgo entre Mar\u00eda y Luis XIII con Richelieu, pero todos los esfuerzos que desarroll\u00f3 en estos tres d\u00edas fueron infructuosos. Mar\u00eda no habla y no se desdice de la posici\u00f3n tomada.<\/p>\n<h2>El a\u00f1o 1630: Vicente de Pa\u00fal<\/h2>\n<p><strong>15 febrero: <\/strong>el Rey ordena al Parlamento que registre sus Cartas Patentes de mayo de 1627 en favor de la Congregaci\u00f3n (X, 274).<\/p>\n<p><strong>19 febrero: <\/strong>Vicente y los misioneros vienen de Misiones para salir inmediatamente. \u00c9l piensa hacerlo dentro de dos d\u00edas para Chelles pero se encuentra un poco indispuesto y no sale. Aprovecha para entrevistarse con Margarita Nasseau y mand\u00e1rsela a Luisa (I.138).<\/p>\n<p><strong>Marzo: <\/strong>se funda la Compa\u00f1\u00eda del Santo Sacramento. Ya hab\u00eda empezado a funcionar provisionalmente desde el a\u00f1o 1627. La componen el Duque de Ventadour, el capuchino Felipe de Angoumois y otras muchas personas de bien, religiosas y seculares: Condren, Suffren, Solminihac, Potier, Godeau, Zamet, Olier, Vicente de Pa\u00fal&#8230; Se re\u00fanen en los Capuchinos de S.H\u00f3nor\u00e9. No tuvo aprobaci\u00f3n pontificia y tuvo un estilo secreto y an\u00f3nimo que le llev\u00f3 a ser suprimida hacia 1661 por Mazarino. Parece que hubo tambi\u00e9n una rama femenina (Coste,S.V.P.III, 311; Pastor XXVIII, 220-223).<\/p>\n<p>Funda la Caridad de S. Nicol\u00e1s de Chardonnet, unida a la cofrad\u00eda ya existente del Santo Sacramento. Vicente da consejos a Luisa, que ser\u00e1 la Presidenta (I, 140.142) Reglamento (X, 667).<\/p>\n<p><strong>Junio: <\/strong>el P. Portail ha vencido el miedo; \u00a1ha subido al p\u00falpito! (I, 150).<\/p>\n<p><strong>25 julio:<\/strong> recibe 400 libras (100 por cada a\u00f1o) de Juan Suillard, P\u00e1rroco de Clichy, por la entrega del cargo, hecha por Vicente en 1626 (X, 97).<\/p>\n<p><strong>Agosto: <\/strong>recibe en Par\u00eds la visita de uno de sus sobrinos (I, 152.n, 89).<\/p>\n<p><strong>8 agosto:<\/strong> encarga a Nicol\u00e1s Lemaire un \u00f3rgano para Bons Enfants por 150 libras (X, 98).<\/p>\n<p><strong>Septiembre: <\/strong>se le encomienda una investigaci\u00f3n sobre unos \u00abiluminados\u00bb. Interroga a dos curas, Pedro Guerin y Claudio Bouquet, presos en la Bastilla. Eran fundadores y protectores en Roye (Picardia) de un grupo de mujeres dedicadas a la ense\u00f1anza (futuras Hijas de la Cruz). Con esta ocasi\u00f3n una de ellas, Maria Sanier, vino a Par\u00eds, se relacion\u00f3 con la Se\u00f1ora de Villeneuve y a\u00f1os m\u00e1s tarde, despu\u00e9s de una escisi\u00f3n del grupo, se establecer\u00e1n (Hijas de la Cruz) en Par\u00eds frente a la Visitaci\u00f3n de la calle S. Antonio.<\/p>\n<p><strong>1 septiembre: <\/strong>ruega al se\u00f1or de Saint Martin (posiblemente Luis de Saint Martin, esposo de Catalina de Comet) que procure unos vestidos para su hermano y sus sobrinos y haga reparar un rinc\u00f3n de su casa que amenazaba ruina (I. 152).<\/p>\n<p><strong>19 octubre: <\/strong>Vicente viaja a Moubuisson, cerca de Pontoise (I, 155).<\/p>\n<p><strong>Noviembre: <\/strong>va a visitar las Caridades de Beauvais. Tiene dificultades con los funcionarios de la ciudad (I, 156).<\/p>\n<p><strong>11 noviembre: <\/strong>d\u00eda de los \u00abEnga\u00f1ados\u00bb en el Palacio de Luxemburgo.<\/p>\n<p><strong>4 diciembre: <\/strong>los curas de Par\u00eds se oponen a que el Parlamento registre la aprobaci\u00f3n real de la C.M. Exigen condiciones. Las presenta Esteban Tonnelier, p\u00e1rroco de S. Eustaquio y s\u00edndico de los curas de Par\u00eds. Las objeciones se tuvieron en cuenta para la aprobaci\u00f3n (X, 275-279).<\/p>\n<p>El Prior de S. L\u00e1zaro, Adri\u00e1n le Bon, tiene problemas con sus s\u00fabditos y piensa en ofrecer su Priorato a Vicente. Adri\u00e1n le Bon junto con el cura de S. Lorenzo, Guillermo Lestocq, acuden a Bons-Enfants para hacer la proposici\u00f3n de entrega. Vicente se toma seis meses para pensarlo (X, 291; I, 195.n; V, 510; VIII, 360).<\/p>\n<p style=\"text-align: center\"><strong>CARTAS DE VICENTE DE PAUL<\/strong><\/p>\n<p>&nbsp;<\/p>\n<ul>\n<li><em>\u00abUn hermoso diamante vale m\u00e1s que una monta\u00f1a de piedras (sumisi\u00f3n y obras<\/em>)\u00bb (I, 143).<\/li>\n<li><em>\u00abNuestro Se\u00f1or quiere que le sirvamos con juicio, y lo contrario se llama celo indiscreto<\/em>\u00bb (I, 146).<\/li>\n<li>\u00ab<em>Dios es amor y quiere que vayamos a El por amor&#8230; no con actos (33 actos elegidos por Luisa<\/em>)\u00bb (I, 149).<\/li>\n<li>\u00ab<em>Evite trabajar demasiado. Es una astucia del demonio&#8230; para que luego no pueda hacer nada<\/em>\u00bb (I, 158).<\/li>\n<li>\u00ab<em>Un esp\u00edritu humilde&#8230; hace como la abeja, fabrica miel&#8230; del ajenjo y de la rosa<\/em>\u00bb (I, 160).<\/li>\n<\/ul>\n<h2>El a\u00f1o 1630: Luisa de Marillac<\/h2>\n<p><strong>5 de Febrero:<\/strong> Luisa visita la Caridad de S.Cloud. Desposorios m\u00edsticos durante la comuni\u00f3n antes de salir. Est\u00e1 preocupada por su hijo y cae enferma (I, 137.139; SL, 682).<\/p>\n<p><strong>Febrero:<\/strong> Vicente manda a algunas campesinas a Luisa que est\u00e1 ya en contacto con otras, en especial con Margarita Nasseau (I, 138; IX, 203.249).<\/p>\n<p><strong>Marzo: <\/strong>fundadora y Presidenta de la Caridad de S. Nicol\u00e1s de Chardonnet (SL, 17).<\/p>\n<p><strong>Abril-Mayo: <\/strong>visita la Caridad de Villepreux, ense\u00f1a a los ni\u00f1os, haciendo horas extraordinarias, tiene problemas con el p\u00e1rroco Sr. Belin (I, 312). Tambi\u00e9n aqu\u00ed cay\u00f3 enferma y estuvo preocupada por su hijo (I, 143-146).<\/p>\n<p><strong>Septiembre: <\/strong>proyecto de Luisa para visitar a sus parientes de Attichy cuando vaya a Montmirail o a Beauvais (I, 153-154).<\/p>\n<p><strong>Octubre: <\/strong>visita la Caridad de Montmirail (I, 155). Tambi\u00e9n la de Villers-le-Bel (I, 160).<\/p>\n<p><strong>Noviembre: <\/strong>la \u00abJornada de los Enga\u00f1ados\u00bb le afecta a Luisa de una manera especial: su t\u00edo Miguel es inmediatamente encarcelado y su t\u00edo Juan Luis, preso en Italia, es trasladado a Francia para ser juzgado. Ella intenta hacer algo por ellos (I, 205).<\/p>\n<p><strong>Diciembre: <\/strong>Luisa marcha a visitar las Caridades de Beauvais y alrededores. Trabajo espectacular y admiraci\u00f3n de los hombres. Al marcharse, el coche en que viajaba atropella a un ni\u00f1o, pero no pasa nada (I, 157-160). Luisa pinta un cuadro para Vicente (I, 149).<\/p>\n","protected":false},"excerpt":{"rendered":"<p>El a\u00f1o 1630 en Francia: Enero: Decreto de reorganizaci\u00f3n del Gran Consejo Real por el que se crean cuatro secciones: 1\u00aa: Consejo Privado o de los Partidos; 2\u00aa: Consejo de Asuntos o Despachos; 3\u00aa: Consejo &#8230; <a href=\"http:\/\/vincentians.com\/es\/ano-1630\/\" class=\"more-link\">Read More<\/a><\/p>\n","protected":false},"author":4,"featured_media":399998,"comment_status":"open","ping_status":"open","sticky":false,"template":"","format":"standard","meta":{"jetpack_post_was_ever_published":false,"_jetpack_newsletter_access":"","_jetpack_dont_email_post_to_subs":false,"_jetpack_newsletter_tier_id":0,"_jetpack_memberships_contains_paywalled_content":false,"_jetpack_memberships_contains_paid_content":false,"footnotes":"","jetpack_publicize_message":"","jetpack_publicize_feature_enabled":true,"jetpack_social_post_already_shared":true,"jetpack_social_options":{"image_generator_settings":{"template":"highway","default_image_id":0,"font":"","enabled":false},"version":2}},"categories":[17],"tags":[130,163,148,152,131,127,182,267,143,129,135],"class_list":["post-35236","post","type-post","status-publish","format-standard","has-post-thumbnail","hentry","category-en-tiempos-de-vicente-de-paul","tag-beauvais","tag-bons-enfants","tag-clichy","tag-duquesa-de-aiguillon","tag-montmirail","tag-portail","tag-ratisbona","tag-saint-martin","tag-san-lazaro","tag-urbano-viii","tag-villepreux"],"yoast_head":"<!-- This site is optimized with the Yoast SEO plugin v26.3 - https:\/\/yoast.com\/wordpress\/plugins\/seo\/ -->\n<title>A\u00f1o 1630 - Somos Vicencianos<\/title>\n<meta name=\"robots\" content=\"index, follow, max-snippet:-1, max-image-preview:large, max-video-preview:-1\" \/>\n<link rel=\"canonical\" href=\"http:\/\/vincentians.com\/es\/ano-1630\/\" \/>\n<meta property=\"og:locale\" content=\"es_ES\" \/>\n<meta property=\"og:type\" content=\"article\" \/>\n<meta property=\"og:title\" content=\"A\u00f1o 1630 - Somos Vicencianos\" \/>\n<meta property=\"og:description\" content=\"El a\u00f1o 1630 en Francia: Enero: Decreto de reorganizaci\u00f3n del Gran Consejo Real por el que se crean cuatro secciones: 1\u00aa: Consejo Privado o de los Partidos; 2\u00aa: Consejo de Asuntos o Despachos; 3\u00aa: Consejo ... Read More\" \/>\n<meta property=\"og:url\" content=\"http:\/\/vincentians.com\/es\/ano-1630\/\" \/>\n<meta property=\"og:site_name\" content=\"Somos Vicencianos\" \/>\n<meta property=\"article:publisher\" content=\"https:\/\/www.facebook.com\/WeAreVincentians\/\" \/>\n<meta property=\"article:author\" content=\"https:\/\/www.facebook.com\/JavierChento\" \/>\n<meta property=\"article:published_time\" content=\"2017-01-23T07:25:11+00:00\" \/>\n<meta property=\"og:image\" content=\"https:\/\/i0.wp.com\/vincentians.com\/es\/wp-content\/uploads\/sites\/11\/2016\/09\/enviados-evangelizar-pobres.jpg?fit=1200%2C630\" \/>\n\t<meta property=\"og:image:width\" content=\"1200\" \/>\n\t<meta property=\"og:image:height\" content=\"630\" \/>\n\t<meta property=\"og:image:type\" content=\"image\/jpeg\" \/>\n<meta name=\"author\" content=\"Francisco Javier Fern\u00e1ndez Chento\" \/>\n<meta name=\"twitter:card\" content=\"summary_large_image\" \/>\n<meta name=\"twitter:creator\" content=\"@https:\/\/twitter.com\/javierchento\" \/>\n<meta name=\"twitter:site\" content=\"@WeVincentians\" \/>\n<meta name=\"twitter:label1\" content=\"Escrito por\" \/>\n\t<meta name=\"twitter:data1\" content=\"Francisco Javier Fern\u00e1ndez Chento\" \/>\n\t<meta name=\"twitter:label2\" content=\"Tiempo de lectura\" \/>\n\t<meta name=\"twitter:data2\" content=\"12 minutos\" \/>\n<script type=\"application\/ld+json\" class=\"yoast-schema-graph\">{\"@context\":\"https:\/\/schema.org\",\"@graph\":[{\"@type\":\"Article\",\"@id\":\"http:\/\/vincentians.com\/es\/ano-1630\/#article\",\"isPartOf\":{\"@id\":\"http:\/\/vincentians.com\/es\/ano-1630\/\"},\"author\":{\"name\":\"Francisco Javier Fern\u00e1ndez Chento\",\"@id\":\"http:\/\/vincentians.com\/es\/#\/schema\/person\/9623ef4d9aa3b2dfb8c061f1499288f2\"},\"headline\":\"A\u00f1o 1630\",\"datePublished\":\"2017-01-23T07:25:11+00:00\",\"mainEntityOfPage\":{\"@id\":\"http:\/\/vincentians.com\/es\/ano-1630\/\"},\"wordCount\":2327,\"commentCount\":0,\"publisher\":{\"@id\":\"http:\/\/vincentians.com\/es\/#organization\"},\"image\":{\"@id\":\"http:\/\/vincentians.com\/es\/ano-1630\/#primaryimage\"},\"thumbnailUrl\":\"https:\/\/i0.wp.com\/vincentians.com\/es\/wp-content\/uploads\/sites\/11\/2016\/09\/enviados-evangelizar-pobres.jpg?fit=1200%2C630\",\"keywords\":[\"Beauvais\",\"Bons Enfants\",\"Clichy\",\"Duquesa de Aiguillon\",\"Montmirail\",\"Portail\",\"Ratisbona\",\"Saint Martin\",\"San L\u00e1zaro\",\"Urbano VIII\",\"Villepreux\"],\"articleSection\":[\"En tiempos de Vicente de Pa\u00fal\"],\"inLanguage\":\"es\",\"potentialAction\":[{\"@type\":\"CommentAction\",\"name\":\"Comment\",\"target\":[\"http:\/\/vincentians.com\/es\/ano-1630\/#respond\"]}]},{\"@type\":\"WebPage\",\"@id\":\"http:\/\/vincentians.com\/es\/ano-1630\/\",\"url\":\"http:\/\/vincentians.com\/es\/ano-1630\/\",\"name\":\"A\u00f1o 1630 - Somos Vicencianos\",\"isPartOf\":{\"@id\":\"http:\/\/vincentians.com\/es\/#website\"},\"primaryImageOfPage\":{\"@id\":\"http:\/\/vincentians.com\/es\/ano-1630\/#primaryimage\"},\"image\":{\"@id\":\"http:\/\/vincentians.com\/es\/ano-1630\/#primaryimage\"},\"thumbnailUrl\":\"https:\/\/i0.wp.com\/vincentians.com\/es\/wp-content\/uploads\/sites\/11\/2016\/09\/enviados-evangelizar-pobres.jpg?fit=1200%2C630\",\"datePublished\":\"2017-01-23T07:25:11+00:00\",\"breadcrumb\":{\"@id\":\"http:\/\/vincentians.com\/es\/ano-1630\/#breadcrumb\"},\"inLanguage\":\"es\",\"potentialAction\":[{\"@type\":\"ReadAction\",\"target\":[\"http:\/\/vincentians.com\/es\/ano-1630\/\"]}]},{\"@type\":\"ImageObject\",\"inLanguage\":\"es\",\"@id\":\"http:\/\/vincentians.com\/es\/ano-1630\/#primaryimage\",\"url\":\"https:\/\/i0.wp.com\/vincentians.com\/es\/wp-content\/uploads\/sites\/11\/2016\/09\/enviados-evangelizar-pobres.jpg?fit=1200%2C630\",\"contentUrl\":\"https:\/\/i0.wp.com\/vincentians.com\/es\/wp-content\/uploads\/sites\/11\/2016\/09\/enviados-evangelizar-pobres.jpg?fit=1200%2C630\",\"width\":1200,\"height\":630},{\"@type\":\"BreadcrumbList\",\"@id\":\"http:\/\/vincentians.com\/es\/ano-1630\/#breadcrumb\",\"itemListElement\":[{\"@type\":\"ListItem\",\"position\":1,\"name\":\"Portada\",\"item\":\"http:\/\/vincentians.com\/es\/\"},{\"@type\":\"ListItem\",\"position\":2,\"name\":\"A\u00f1o 1630\"}]},{\"@type\":\"WebSite\",\"@id\":\"http:\/\/vincentians.com\/es\/#website\",\"url\":\"http:\/\/vincentians.com\/es\/\",\"name\":\"Somos Vicencianos\",\"description\":\"Know more to serve more\",\"publisher\":{\"@id\":\"http:\/\/vincentians.com\/es\/#organization\"},\"potentialAction\":[{\"@type\":\"SearchAction\",\"target\":{\"@type\":\"EntryPoint\",\"urlTemplate\":\"http:\/\/vincentians.com\/es\/?s={search_term_string}\"},\"query-input\":{\"@type\":\"PropertyValueSpecification\",\"valueRequired\":true,\"valueName\":\"search_term_string\"}}],\"inLanguage\":\"es\"},{\"@type\":\"Organization\",\"@id\":\"http:\/\/vincentians.com\/es\/#organization\",\"name\":\"The Vincentian Network\",\"url\":\"http:\/\/vincentians.com\/es\/\",\"logo\":{\"@type\":\"ImageObject\",\"inLanguage\":\"es\",\"@id\":\"http:\/\/vincentians.com\/es\/#\/schema\/logo\/image\/\",\"url\":\"https:\/\/i1.wp.com\/vincentians.com\/es\/wp-content\/uploads\/sites\/11\/2016\/06\/Vincentian-Network-logo-big.png?fit=778%2C778\",\"contentUrl\":\"https:\/\/i1.wp.com\/vincentians.com\/es\/wp-content\/uploads\/sites\/11\/2016\/06\/Vincentian-Network-logo-big.png?fit=778%2C778\",\"width\":778,\"height\":778,\"caption\":\"The Vincentian Network\"},\"image\":{\"@id\":\"http:\/\/vincentians.com\/es\/#\/schema\/logo\/image\/\"},\"sameAs\":[\"https:\/\/www.facebook.com\/WeAreVincentians\/\",\"https:\/\/x.com\/WeVincentians\"]},{\"@type\":\"Person\",\"@id\":\"http:\/\/vincentians.com\/es\/#\/schema\/person\/9623ef4d9aa3b2dfb8c061f1499288f2\",\"name\":\"Francisco Javier Fern\u00e1ndez Chento\",\"image\":{\"@type\":\"ImageObject\",\"inLanguage\":\"es\",\"@id\":\"http:\/\/vincentians.com\/es\/#\/schema\/person\/image\/\",\"url\":\"https:\/\/secure.gravatar.com\/avatar\/497d5cde87b4c3d097d0315953521681ba2cd523ee66e5077c3711f7021e65de?s=96&d=mm&r=g\",\"contentUrl\":\"https:\/\/secure.gravatar.com\/avatar\/497d5cde87b4c3d097d0315953521681ba2cd523ee66e5077c3711f7021e65de?s=96&d=mm&r=g\",\"caption\":\"Francisco Javier Fern\u00e1ndez Chento\"},\"description\":\"Director General y cofundador de La Red de Formaci\u00f3n Vicenciana. Javier es laico vicenciano, afiliado a la Congregaci\u00f3n de la Misi\u00f3n y miembro del Equipo de Misiones Populares de la provincia can\u00f3nica de Zaragoza (Espa\u00f1a) de la Congregaci\u00f3n de la Misi\u00f3n. Graduado en la Universidad Oberta de Catalunya con cuatro grados (Asistente de direcci\u00f3n, Gesti\u00f3n Administrativa, Recursos Humanos y Contabilidad Avanzada). Bil\u00edng\u00fce Espa\u00f1ol\/Ingl\u00e9s. gestiona y mantiene varias p\u00e1ginas web cristianas y vicencianas, incluida including La Red de Formaci\u00f3n Vicenciana, de la que es cofundador. Actualmente es responsable del \u00e1rea de Espa\u00f1ol de .famvin, la Red de Noticias de la Familia Vicenciana. Tambi\u00e9n es m\u00fasico cat\u00f3lico y ha editado varios discos. Es Director General y cofundador de Trovador, una reconocida compa\u00f1\u00eda discogr\u00e1fica critiana de Espa\u00f1a. Trabaja en las Tecnolog\u00edas de la Informaci\u00f3n, ofreciendo servicios de alojamiento, dise\u00f1o y mantenimiento Web, as\u00ed como asesoramiento, formaci\u00f3n y soluciones inform\u00e1ticas, gesti\u00f3n documental y digitalizaci\u00f3n de textos, edici\u00f3n y maquetaci\u00f3n de libros, revistas, flyers, etc.\",\"sameAs\":[\"http:\/\/chento.org\",\"https:\/\/www.facebook.com\/JavierChento\",\"https:\/\/x.com\/https:\/\/twitter.com\/javierchento\"],\"url\":\"http:\/\/vincentians.com\/es\/author\/chento\/\"}]}<\/script>\n<!-- \/ Yoast SEO plugin. -->","yoast_head_json":{"title":"A\u00f1o 1630 - Somos Vicencianos","robots":{"index":"index","follow":"follow","max-snippet":"max-snippet:-1","max-image-preview":"max-image-preview:large","max-video-preview":"max-video-preview:-1"},"canonical":"http:\/\/vincentians.com\/es\/ano-1630\/","og_locale":"es_ES","og_type":"article","og_title":"A\u00f1o 1630 - Somos Vicencianos","og_description":"El a\u00f1o 1630 en Francia: Enero: Decreto de reorganizaci\u00f3n del Gran Consejo Real por el que se crean cuatro secciones: 1\u00aa: Consejo Privado o de los Partidos; 2\u00aa: Consejo de Asuntos o Despachos; 3\u00aa: Consejo ... Read More","og_url":"http:\/\/vincentians.com\/es\/ano-1630\/","og_site_name":"Somos Vicencianos","article_publisher":"https:\/\/www.facebook.com\/WeAreVincentians\/","article_author":"https:\/\/www.facebook.com\/JavierChento","article_published_time":"2017-01-23T07:25:11+00:00","og_image":[{"width":1200,"height":630,"url":"https:\/\/i0.wp.com\/vincentians.com\/es\/wp-content\/uploads\/sites\/11\/2016\/09\/enviados-evangelizar-pobres.jpg?fit=1200%2C630","type":"image\/jpeg"}],"author":"Francisco Javier Fern\u00e1ndez Chento","twitter_card":"summary_large_image","twitter_creator":"@https:\/\/twitter.com\/javierchento","twitter_site":"@WeVincentians","twitter_misc":{"Escrito por":"Francisco Javier Fern\u00e1ndez Chento","Tiempo de lectura":"12 minutos"},"schema":{"@context":"https:\/\/schema.org","@graph":[{"@type":"Article","@id":"http:\/\/vincentians.com\/es\/ano-1630\/#article","isPartOf":{"@id":"http:\/\/vincentians.com\/es\/ano-1630\/"},"author":{"name":"Francisco Javier Fern\u00e1ndez Chento","@id":"http:\/\/vincentians.com\/es\/#\/schema\/person\/9623ef4d9aa3b2dfb8c061f1499288f2"},"headline":"A\u00f1o 1630","datePublished":"2017-01-23T07:25:11+00:00","mainEntityOfPage":{"@id":"http:\/\/vincentians.com\/es\/ano-1630\/"},"wordCount":2327,"commentCount":0,"publisher":{"@id":"http:\/\/vincentians.com\/es\/#organization"},"image":{"@id":"http:\/\/vincentians.com\/es\/ano-1630\/#primaryimage"},"thumbnailUrl":"https:\/\/i0.wp.com\/vincentians.com\/es\/wp-content\/uploads\/sites\/11\/2016\/09\/enviados-evangelizar-pobres.jpg?fit=1200%2C630","keywords":["Beauvais","Bons Enfants","Clichy","Duquesa de Aiguillon","Montmirail","Portail","Ratisbona","Saint Martin","San L\u00e1zaro","Urbano VIII","Villepreux"],"articleSection":["En tiempos de Vicente de Pa\u00fal"],"inLanguage":"es","potentialAction":[{"@type":"CommentAction","name":"Comment","target":["http:\/\/vincentians.com\/es\/ano-1630\/#respond"]}]},{"@type":"WebPage","@id":"http:\/\/vincentians.com\/es\/ano-1630\/","url":"http:\/\/vincentians.com\/es\/ano-1630\/","name":"A\u00f1o 1630 - Somos Vicencianos","isPartOf":{"@id":"http:\/\/vincentians.com\/es\/#website"},"primaryImageOfPage":{"@id":"http:\/\/vincentians.com\/es\/ano-1630\/#primaryimage"},"image":{"@id":"http:\/\/vincentians.com\/es\/ano-1630\/#primaryimage"},"thumbnailUrl":"https:\/\/i0.wp.com\/vincentians.com\/es\/wp-content\/uploads\/sites\/11\/2016\/09\/enviados-evangelizar-pobres.jpg?fit=1200%2C630","datePublished":"2017-01-23T07:25:11+00:00","breadcrumb":{"@id":"http:\/\/vincentians.com\/es\/ano-1630\/#breadcrumb"},"inLanguage":"es","potentialAction":[{"@type":"ReadAction","target":["http:\/\/vincentians.com\/es\/ano-1630\/"]}]},{"@type":"ImageObject","inLanguage":"es","@id":"http:\/\/vincentians.com\/es\/ano-1630\/#primaryimage","url":"https:\/\/i0.wp.com\/vincentians.com\/es\/wp-content\/uploads\/sites\/11\/2016\/09\/enviados-evangelizar-pobres.jpg?fit=1200%2C630","contentUrl":"https:\/\/i0.wp.com\/vincentians.com\/es\/wp-content\/uploads\/sites\/11\/2016\/09\/enviados-evangelizar-pobres.jpg?fit=1200%2C630","width":1200,"height":630},{"@type":"BreadcrumbList","@id":"http:\/\/vincentians.com\/es\/ano-1630\/#breadcrumb","itemListElement":[{"@type":"ListItem","position":1,"name":"Portada","item":"http:\/\/vincentians.com\/es\/"},{"@type":"ListItem","position":2,"name":"A\u00f1o 1630"}]},{"@type":"WebSite","@id":"http:\/\/vincentians.com\/es\/#website","url":"http:\/\/vincentians.com\/es\/","name":"Somos Vicencianos","description":"Know more to serve more","publisher":{"@id":"http:\/\/vincentians.com\/es\/#organization"},"potentialAction":[{"@type":"SearchAction","target":{"@type":"EntryPoint","urlTemplate":"http:\/\/vincentians.com\/es\/?s={search_term_string}"},"query-input":{"@type":"PropertyValueSpecification","valueRequired":true,"valueName":"search_term_string"}}],"inLanguage":"es"},{"@type":"Organization","@id":"http:\/\/vincentians.com\/es\/#organization","name":"The Vincentian Network","url":"http:\/\/vincentians.com\/es\/","logo":{"@type":"ImageObject","inLanguage":"es","@id":"http:\/\/vincentians.com\/es\/#\/schema\/logo\/image\/","url":"https:\/\/i1.wp.com\/vincentians.com\/es\/wp-content\/uploads\/sites\/11\/2016\/06\/Vincentian-Network-logo-big.png?fit=778%2C778","contentUrl":"https:\/\/i1.wp.com\/vincentians.com\/es\/wp-content\/uploads\/sites\/11\/2016\/06\/Vincentian-Network-logo-big.png?fit=778%2C778","width":778,"height":778,"caption":"The Vincentian Network"},"image":{"@id":"http:\/\/vincentians.com\/es\/#\/schema\/logo\/image\/"},"sameAs":["https:\/\/www.facebook.com\/WeAreVincentians\/","https:\/\/x.com\/WeVincentians"]},{"@type":"Person","@id":"http:\/\/vincentians.com\/es\/#\/schema\/person\/9623ef4d9aa3b2dfb8c061f1499288f2","name":"Francisco Javier Fern\u00e1ndez Chento","image":{"@type":"ImageObject","inLanguage":"es","@id":"http:\/\/vincentians.com\/es\/#\/schema\/person\/image\/","url":"https:\/\/secure.gravatar.com\/avatar\/497d5cde87b4c3d097d0315953521681ba2cd523ee66e5077c3711f7021e65de?s=96&d=mm&r=g","contentUrl":"https:\/\/secure.gravatar.com\/avatar\/497d5cde87b4c3d097d0315953521681ba2cd523ee66e5077c3711f7021e65de?s=96&d=mm&r=g","caption":"Francisco Javier Fern\u00e1ndez Chento"},"description":"Director General y cofundador de La Red de Formaci\u00f3n Vicenciana. Javier es laico vicenciano, afiliado a la Congregaci\u00f3n de la Misi\u00f3n y miembro del Equipo de Misiones Populares de la provincia can\u00f3nica de Zaragoza (Espa\u00f1a) de la Congregaci\u00f3n de la Misi\u00f3n. Graduado en la Universidad Oberta de Catalunya con cuatro grados (Asistente de direcci\u00f3n, Gesti\u00f3n Administrativa, Recursos Humanos y Contabilidad Avanzada). Bil\u00edng\u00fce Espa\u00f1ol\/Ingl\u00e9s. gestiona y mantiene varias p\u00e1ginas web cristianas y vicencianas, incluida including La Red de Formaci\u00f3n Vicenciana, de la que es cofundador. Actualmente es responsable del \u00e1rea de Espa\u00f1ol de .famvin, la Red de Noticias de la Familia Vicenciana. Tambi\u00e9n es m\u00fasico cat\u00f3lico y ha editado varios discos. Es Director General y cofundador de Trovador, una reconocida compa\u00f1\u00eda discogr\u00e1fica critiana de Espa\u00f1a. Trabaja en las Tecnolog\u00edas de la Informaci\u00f3n, ofreciendo servicios de alojamiento, dise\u00f1o y mantenimiento Web, as\u00ed como asesoramiento, formaci\u00f3n y soluciones inform\u00e1ticas, gesti\u00f3n documental y digitalizaci\u00f3n de textos, edici\u00f3n y maquetaci\u00f3n de libros, revistas, flyers, etc.","sameAs":["http:\/\/chento.org","https:\/\/www.facebook.com\/JavierChento","https:\/\/x.com\/https:\/\/twitter.com\/javierchento"],"url":"http:\/\/vincentians.com\/es\/author\/chento\/"}]}},"jetpack_publicize_connections":[],"jetpack_featured_media_url":"https:\/\/i0.wp.com\/vincentians.com\/es\/wp-content\/uploads\/sites\/11\/2016\/09\/enviados-evangelizar-pobres.jpg?fit=1200%2C630","jetpack_sharing_enabled":true,"jetpack_shortlink":"https:\/\/wp.me\/p7ETMF-9ak","jetpack-related-posts":[{"id":34509,"url":"http:\/\/vincentians.com\/es\/ano-1629\/","url_meta":{"origin":35236,"position":0},"title":"A\u00f1o 1629","author":"Francisco Javier Fern\u00e1ndez Chento","date":"21\/01\/2017","format":false,"excerpt":"El a\u00f1o 1629 en Francia: Enero: Miguel de Marillac publica el \"C\u00f3digo Michau\" que recopila las Ordenanzas de los Estados Generales, las Asambleas de Notables y una serie de las leyes financieras y administrativas (L. 343; MM. 448-449; R. 485). 13 enero: Richelieu hace p\u00fablico su programa pol\u00edtico a seguir\u2026","rel":"","context":"En \u00abEn tiempos de Vicente de Pa\u00fal\u00bb","block_context":{"text":"En tiempos de Vicente de Pa\u00fal","link":"http:\/\/vincentians.com\/es\/category\/historia-de-la-familia-vicenciana\/en-tiempos-de-vicente-de-paul\/"},"img":{"alt_text":"","src":"https:\/\/i0.wp.com\/vincentians.com\/es\/wp-content\/uploads\/sites\/11\/2016\/10\/ranquines.jpg?fit=1200%2C630&resize=350%2C200","width":350,"height":200,"srcset":"https:\/\/i0.wp.com\/vincentians.com\/es\/wp-content\/uploads\/sites\/11\/2016\/10\/ranquines.jpg?fit=1200%2C630&resize=350%2C200 1x, https:\/\/i0.wp.com\/vincentians.com\/es\/wp-content\/uploads\/sites\/11\/2016\/10\/ranquines.jpg?fit=1200%2C630&resize=525%2C300 1.5x, https:\/\/i0.wp.com\/vincentians.com\/es\/wp-content\/uploads\/sites\/11\/2016\/10\/ranquines.jpg?fit=1200%2C630&resize=700%2C400 2x, https:\/\/i0.wp.com\/vincentians.com\/es\/wp-content\/uploads\/sites\/11\/2016\/10\/ranquines.jpg?fit=1200%2C630&resize=1050%2C600 3x"},"classes":[]},{"id":35941,"url":"http:\/\/vincentians.com\/es\/ano-1632\/","url_meta":{"origin":35236,"position":1},"title":"A\u00f1o 1632","author":"Francisco Javier Fern\u00e1ndez Chento","date":"23\/03\/2022","format":false,"excerpt":"El a\u00f1o 1632 en Francia: 3 enero: Gast\u00f3n se casa en secreto con Margarita, la hermana del duque de Lorena, quien ocult\u00e1ndole el casamiento, firma con Luis XIII el tratado de Vic (6 de enero) por el cual Carlos IV cede Marsal a Francia por tres a\u00f1os, concede a los\u2026","rel":"","context":"En \u00abEn tiempos de Vicente de Pa\u00fal\u00bb","block_context":{"text":"En tiempos de Vicente de Pa\u00fal","link":"http:\/\/vincentians.com\/es\/category\/historia-de-la-familia-vicenciana\/en-tiempos-de-vicente-de-paul\/"},"img":{"alt_text":"","src":"https:\/\/i0.wp.com\/vincentians.com\/es\/wp-content\/uploads\/sites\/11\/2015\/04\/tres-descubrimientos-de-Vicente-de-Paul.jpg?fit=1200%2C630&resize=350%2C200","width":350,"height":200,"srcset":"https:\/\/i0.wp.com\/vincentians.com\/es\/wp-content\/uploads\/sites\/11\/2015\/04\/tres-descubrimientos-de-Vicente-de-Paul.jpg?fit=1200%2C630&resize=350%2C200 1x, https:\/\/i0.wp.com\/vincentians.com\/es\/wp-content\/uploads\/sites\/11\/2015\/04\/tres-descubrimientos-de-Vicente-de-Paul.jpg?fit=1200%2C630&resize=525%2C300 1.5x, https:\/\/i0.wp.com\/vincentians.com\/es\/wp-content\/uploads\/sites\/11\/2015\/04\/tres-descubrimientos-de-Vicente-de-Paul.jpg?fit=1200%2C630&resize=700%2C400 2x, https:\/\/i0.wp.com\/vincentians.com\/es\/wp-content\/uploads\/sites\/11\/2015\/04\/tres-descubrimientos-de-Vicente-de-Paul.jpg?fit=1200%2C630&resize=1050%2C600 3x"},"classes":[]},{"id":35811,"url":"http:\/\/vincentians.com\/es\/ano-1631\/","url_meta":{"origin":35236,"position":2},"title":"A\u00f1o 1631","author":"Francisco Javier Fern\u00e1ndez Chento","date":"01\/02\/2017","format":false,"excerpt":"El a\u00f1o 1631 en Francia: 23 enero: Francia promete ayuda financiera a Gustavo Adolfo de Suecia por el Tratado de B\u00e4rwald, negociado por Charnace, embajador franc\u00e9s en Suecia (R. 532). Fue renovado el 19\/IV\/1633 y el 30\/III\/1636. Esto hace que el emperador retarde la soluci\u00f3n de Mantua que se est\u00e1\u2026","rel":"","context":"En \u00abEn tiempos de Vicente de Pa\u00fal\u00bb","block_context":{"text":"En tiempos de Vicente de Pa\u00fal","link":"http:\/\/vincentians.com\/es\/category\/historia-de-la-familia-vicenciana\/en-tiempos-de-vicente-de-paul\/"},"img":{"alt_text":"","src":"https:\/\/i0.wp.com\/vincentians.com\/es\/wp-content\/uploads\/sites\/11\/2016\/08\/benito-perez-galdos.jpg?fit=1200%2C630&resize=350%2C200","width":350,"height":200,"srcset":"https:\/\/i0.wp.com\/vincentians.com\/es\/wp-content\/uploads\/sites\/11\/2016\/08\/benito-perez-galdos.jpg?fit=1200%2C630&resize=350%2C200 1x, https:\/\/i0.wp.com\/vincentians.com\/es\/wp-content\/uploads\/sites\/11\/2016\/08\/benito-perez-galdos.jpg?fit=1200%2C630&resize=525%2C300 1.5x, https:\/\/i0.wp.com\/vincentians.com\/es\/wp-content\/uploads\/sites\/11\/2016\/08\/benito-perez-galdos.jpg?fit=1200%2C630&resize=700%2C400 2x, https:\/\/i0.wp.com\/vincentians.com\/es\/wp-content\/uploads\/sites\/11\/2016\/08\/benito-perez-galdos.jpg?fit=1200%2C630&resize=1050%2C600 3x"},"classes":[]},{"id":400102,"url":"http:\/\/vincentians.com\/es\/francia-tiempo-vicente-paul-las-finanzas-reales\/","url_meta":{"origin":35236,"position":3},"title":"Francia en tiempo de Vicente de Pa\u00fal: las finanzas reales","author":"Mitxel Olabu\u00e9naga","date":"12\/11\/2016","format":false,"excerpt":"El territorio franc\u00e9s de 1600 sugiere fronteras sensiblemente diferentes de las de Francia en la actualidad. La diferencia se sit\u00faa sobre todo en el norte. El simple enunciado de fronteras evo\u00adca los problemas de pol\u00edtica exterior, que se hicieron sentir du\u00adrante el reinado de Luis XIII. Esta Francia de 1610\u2026","rel":"","context":"En \u00abEn tiempos de Vicente de Pa\u00fal\u00bb","block_context":{"text":"En tiempos de Vicente de Pa\u00fal","link":"http:\/\/vincentians.com\/es\/category\/historia-de-la-familia-vicenciana\/en-tiempos-de-vicente-de-paul\/"},"img":{"alt_text":"400es-01-copy","src":"https:\/\/i0.wp.com\/vincentians.com\/es\/wp-content\/uploads\/sites\/11\/2016\/10\/400es-01-copy-300x234.png?resize=350%2C200","width":350,"height":200},"classes":[]},{"id":33061,"url":"http:\/\/vincentians.com\/es\/entorno-historico-politico-en-tiempo-de-vicente-de-paul\/","url_meta":{"origin":35236,"position":4},"title":"Entorno hist\u00f3rico-pol\u00edtico en tiempo de Vicente de Pa\u00fal","author":"Mitxel Olabu\u00e9naga","date":"13\/01\/2017","format":false,"excerpt":"Se inicia este mes de Estudios Vicencianos con una mirada lo suficientemente amplia, aunque r\u00e1pida, al entorno hist\u00f3rico en el que vivi\u00f3 Vicente de Pa\u00fal, o dicho en otros t\u00e9rminos, a la realidad so\u00adcial, econ\u00f3mica, pol\u00edtica y religiosa en la que el acontecimiento Vi\u00adcente de Pa\u00fal tuvo lugar. La justificaci\u00f3n\u2026","rel":"","context":"En \u00abHistoria de la Congregaci\u00f3n de la Misi\u00f3n\u00bb","block_context":{"text":"Historia de la Congregaci\u00f3n de la Misi\u00f3n","link":"http:\/\/vincentians.com\/es\/category\/historia-de-la-familia-vicenciana\/historia-de-la-congregacion-de-la-mision\/"},"img":{"alt_text":"","src":"https:\/\/i0.wp.com\/vincentians.com\/es\/wp-content\/uploads\/sites\/11\/2016\/08\/vincent-de-paul-Jean-Leon-Gerome.jpg?fit=1200%2C630&resize=350%2C200","width":350,"height":200,"srcset":"https:\/\/i0.wp.com\/vincentians.com\/es\/wp-content\/uploads\/sites\/11\/2016\/08\/vincent-de-paul-Jean-Leon-Gerome.jpg?fit=1200%2C630&resize=350%2C200 1x, https:\/\/i0.wp.com\/vincentians.com\/es\/wp-content\/uploads\/sites\/11\/2016\/08\/vincent-de-paul-Jean-Leon-Gerome.jpg?fit=1200%2C630&resize=525%2C300 1.5x, https:\/\/i0.wp.com\/vincentians.com\/es\/wp-content\/uploads\/sites\/11\/2016\/08\/vincent-de-paul-Jean-Leon-Gerome.jpg?fit=1200%2C630&resize=700%2C400 2x, https:\/\/i0.wp.com\/vincentians.com\/es\/wp-content\/uploads\/sites\/11\/2016\/08\/vincent-de-paul-Jean-Leon-Gerome.jpg?fit=1200%2C630&resize=1050%2C600 3x"},"classes":[]},{"id":44994,"url":"http:\/\/vincentians.com\/es\/historia-general-de-la-c-m-hasta-el-ano-1720-76-asuntos-temporales-de-la-congregacion\/","url_meta":{"origin":35236,"position":5},"title":"Historia general de la C.M., hasta el a\u00f1o 1720 (76. Asuntos temporales de la Congregaci\u00f3n)","author":"Mitxel Olabu\u00e9naga","date":"27\/01\/2015","format":false,"excerpt":"San Vicente de Pa\u00fal LXXVI. Asuntos temporales de la Congregaci\u00f3n Desde que hicimos menci\u00f3n en esta Historia de la elecci\u00f3n del sr. Bonnet al generalato, tan s\u00f3lo hemos hablado de las funciones espirituales ejercidas por los misioneros bajo su gobierno. Hay que decir ahora algo de lo temporal, cuyo conocimiento\u2026","rel":"","context":"En \u00abHistoria de la Congregaci\u00f3n de la Misi\u00f3n\u00bb","block_context":{"text":"Historia de la Congregaci\u00f3n de la Misi\u00f3n","link":"http:\/\/vincentians.com\/es\/category\/historia-de-la-familia-vicenciana\/historia-de-la-congregacion-de-la-mision\/"},"img":{"alt_text":"San Vicente de Pa\u00fal","src":"https:\/\/i0.wp.com\/vicencianos.org\/wp-content\/2011\/05\/vincent_de_paul-205x300.jpg?resize=350%2C200","width":350,"height":200},"classes":[]}],"_links":{"self":[{"href":"http:\/\/vincentians.com\/es\/wp-json\/wp\/v2\/posts\/35236","targetHints":{"allow":["GET"]}}],"collection":[{"href":"http:\/\/vincentians.com\/es\/wp-json\/wp\/v2\/posts"}],"about":[{"href":"http:\/\/vincentians.com\/es\/wp-json\/wp\/v2\/types\/post"}],"author":[{"embeddable":true,"href":"http:\/\/vincentians.com\/es\/wp-json\/wp\/v2\/users\/4"}],"replies":[{"embeddable":true,"href":"http:\/\/vincentians.com\/es\/wp-json\/wp\/v2\/comments?post=35236"}],"version-history":[{"count":2,"href":"http:\/\/vincentians.com\/es\/wp-json\/wp\/v2\/posts\/35236\/revisions"}],"predecessor-version":[{"id":400320,"href":"http:\/\/vincentians.com\/es\/wp-json\/wp\/v2\/posts\/35236\/revisions\/400320"}],"wp:featuredmedia":[{"embeddable":true,"href":"http:\/\/vincentians.com\/es\/wp-json\/wp\/v2\/media\/399998"}],"wp:attachment":[{"href":"http:\/\/vincentians.com\/es\/wp-json\/wp\/v2\/media?parent=35236"}],"wp:term":[{"taxonomy":"category","embeddable":true,"href":"http:\/\/vincentians.com\/es\/wp-json\/wp\/v2\/categories?post=35236"},{"taxonomy":"post_tag","embeddable":true,"href":"http:\/\/vincentians.com\/es\/wp-json\/wp\/v2\/tags?post=35236"}],"curies":[{"name":"wp","href":"https:\/\/api.w.org\/{rel}","templated":true}]}}