{"id":35065,"date":"2011-07-22T07:41:13","date_gmt":"2011-07-22T05:41:13","guid":{"rendered":"http:\/\/somos.vicencianos.org\/blog\/2011\/07\/introduccion-a-la-vida-devota-quinta-parte-capitulo-10\/"},"modified":"2011-07-22T07:41:13","modified_gmt":"2011-07-22T05:41:13","slug":"introduccion-a-la-vida-devota-quinta-parte-capitulo-10","status":"publish","type":"post","link":"http:\/\/vincentians.com\/es\/introduccion-a-la-vida-devota-quinta-parte-capitulo-10\/","title":{"rendered":"Introducci\u00f3n a la vida devota. Quinta parte, cap\u00edtulo 10"},"content":{"rendered":"<div id=\"attachment_32887\" style=\"width: 215px\" class=\"wp-caption alignright\"><a href=\"https:\/\/i0.wp.com\/vicencianos.org\/wp-content\/2011\/04\/francisco-de-sales.jpg\"><img data-recalc-dims=\"1\" loading=\"lazy\" decoding=\"async\" aria-describedby=\"caption-attachment-32887\" class=\"size-medium wp-image-32887\" title=\"San Francisco de Sales\" src=\"https:\/\/i0.wp.com\/vicencianos.org\/wp-content\/2011\/04\/francisco-de-sales-205x300.jpg?resize=205%2C300\" alt=\"San Francisco de Sales\" width=\"205\" height=\"300\" \/><\/a><p id=\"caption-attachment-32887\" class=\"wp-caption-text\">San Francisco de Sales<\/p><\/div>\n<p><strong>CAP\u00cdTULO X<\/strong><\/p>\n<p><strong>PRIMERA CONSIDERACI\u00d3N: DE LA EXCELENCIA DE NUESTRAS ALMAS<\/strong><\/p>\n<p>Considera la nobleza y la excelencia de tu alma, que posee un entendimiento capaz de conocer no s\u00f3lo el mundo visible, sino tambi\u00e9n la existencia de los \u00e1ngeles y del para\u00edso; que hay un Dios soberano absoluto, lleno de bondad e inefable; que hay una eternidad; y, adem\u00e1s, capaz de conocer lo que es menester para vivir en este mundo visible, para juntarse con los \u00e1ngeles en el para\u00edso, y gozar de Dios eternamente.<\/p>\n<p>Tu alma tiene, adem\u00e1s, una voluntad noble, la cual puede amar a Dios y no puede odiarle en s\u00ed mismo. Mira cu\u00e1n generoso es tu coraz\u00f3n, y que, as\u00ed como nada puede lograr que las abejas se posen en cosa alguna corrompida, sino tan s\u00f3lo en las flores, as\u00ed tambi\u00e9n tu coraz\u00f3n s\u00f3lo puede reposar en Dios, y ninguna criatura puede satisfacerle. Recuerda francamente las mayores y m\u00e1s agradables diversiones que, en otros tiempos, llenaron tu coraz\u00f3n, y juzga, con sinceridad, si no estaban llenas de inquietud, de acerbos pensamientos y de cuidados importunos, entre los cuales tu pobre coraz\u00f3n se sent\u00eda desgraciado.<\/p>\n<p>\u00a1Ah!, nuestro coraz\u00f3n, cuando corre en pos de las criaturas, anda ansioso, pensando que podr\u00e1 en ellas saciar sus deseos; pero, en cuanto les ha dado alcance, ve que todo queda por hacer y que nada puede contentarle, pues Dios no quiere que nuestro coraz\u00f3n encuentre lugar alguno donde poder descansar, para que, como la paloma soltada del arca de No\u00e9, vuelva a su Dios, del cual sali\u00f3. \u00a1Ah! \u00a1Qu\u00e9 cualidad tan hermosa la de nuestro coraz\u00f3n! \u00bfPor qu\u00e9, pues, lo ocupamos, contra su voluntad, en el servicio de las criaturas?<\/p>\n<p>\u00a1Oh, hermosa alma m\u00eda!, has de decir, t\u00fa puedes conocer y amar a Dios, \u00bfpor qu\u00e9 te entretienes en cosas de menor precio? Puedes aspirar a la eternidad, \u00bfpor qu\u00e9 te detienes en los instantes? Este fue uno de los lamentos del hijo pr\u00f3digo, el cual, habiendo podido vivir deliciosamente en la mesa de su padre, com\u00eda vilmente con las bestias. \u00a1Oh, alma m\u00eda!, t\u00fa eres capaz de Dios; desventurada de ti, si te contentas con lo que es menos que Dios. Eleva tu alma a esta consideraci\u00f3n; recu\u00e9rdale que es eterna y digna de la eternidad, ali\u00e9ntala a que siga por este camino.<\/p>\n","protected":false},"excerpt":{"rendered":"<p>CAP\u00cdTULO X PRIMERA CONSIDERACI\u00d3N: DE LA EXCELENCIA DE NUESTRAS ALMAS Considera la nobleza y la excelencia de tu alma, que posee un entendimiento capaz de conocer no s\u00f3lo el mundo visible, sino tambi\u00e9n la existencia &#8230; <a href=\"http:\/\/vincentians.com\/es\/introduccion-a-la-vida-devota-quinta-parte-capitulo-10\/\" class=\"more-link\">Read More<\/a><\/p>\n","protected":false},"author":4,"featured_media":398698,"comment_status":"open","ping_status":"open","sticky":false,"template":"","format":"standard","meta":{"jetpack_post_was_ever_published":false,"_jetpack_newsletter_access":"","_jetpack_dont_email_post_to_subs":false,"_jetpack_newsletter_tier_id":0,"_jetpack_memberships_contains_paywalled_content":false,"_jetpack_memberships_contains_paid_content":false,"footnotes":"","jetpack_publicize_message":"","jetpack_publicize_feature_enabled":true,"jetpack_social_post_already_shared":true,"jetpack_social_options":{"image_generator_settings":{"template":"highway","default_image_id":0,"font":"","enabled":false},"version":2}},"categories":[272],"tags":[],"class_list":["post-35065","post","type-post","status-publish","format-standard","has-post-thumbnail","hentry","category-escritos-de-francisco-de-sales"],"yoast_head":"<!-- This site is optimized with the Yoast SEO plugin v26.3 - https:\/\/yoast.com\/wordpress\/plugins\/seo\/ -->\n<title>Introducci\u00f3n a la vida devota. Quinta parte, cap\u00edtulo 10 - Somos Vicencianos<\/title>\n<meta name=\"robots\" content=\"index, follow, max-snippet:-1, max-image-preview:large, max-video-preview:-1\" \/>\n<link rel=\"canonical\" href=\"https:\/\/vincentians.com\/es\/introduccion-a-la-vida-devota-quinta-parte-capitulo-10\/\" \/>\n<meta property=\"og:locale\" content=\"es_ES\" \/>\n<meta property=\"og:type\" content=\"article\" \/>\n<meta property=\"og:title\" content=\"Introducci\u00f3n a la vida devota. Quinta parte, cap\u00edtulo 10 - Somos Vicencianos\" \/>\n<meta property=\"og:description\" content=\"CAP\u00cdTULO X PRIMERA CONSIDERACI\u00d3N: DE LA EXCELENCIA DE NUESTRAS ALMAS Considera la nobleza y la excelencia de tu alma, que posee un entendimiento capaz de conocer no s\u00f3lo el mundo visible, sino tambi\u00e9n la existencia ... Read More\" \/>\n<meta property=\"og:url\" content=\"https:\/\/vincentians.com\/es\/introduccion-a-la-vida-devota-quinta-parte-capitulo-10\/\" \/>\n<meta property=\"og:site_name\" content=\"Somos Vicencianos\" \/>\n<meta property=\"article:publisher\" content=\"https:\/\/www.facebook.com\/WeAreVincentians\/\" \/>\n<meta property=\"article:author\" content=\"https:\/\/www.facebook.com\/JavierChento\" \/>\n<meta property=\"article:published_time\" content=\"2011-07-22T05:41:13+00:00\" \/>\n<meta property=\"og:image\" content=\"https:\/\/i0.wp.com\/vincentians.com\/es\/wp-content\/uploads\/sites\/11\/2016\/08\/escritos-francisco-de-sales.jpg?fit=1200%2C630&ssl=1\" \/>\n\t<meta property=\"og:image:width\" content=\"1200\" \/>\n\t<meta property=\"og:image:height\" content=\"630\" \/>\n\t<meta property=\"og:image:type\" content=\"image\/jpeg\" \/>\n<meta name=\"author\" content=\"Francisco Javier Fern\u00e1ndez Chento\" \/>\n<meta name=\"twitter:card\" content=\"summary_large_image\" \/>\n<meta name=\"twitter:creator\" content=\"@https:\/\/twitter.com\/javierchento\" \/>\n<meta name=\"twitter:site\" content=\"@WeVincentians\" \/>\n<meta name=\"twitter:label1\" content=\"Escrito por\" \/>\n\t<meta name=\"twitter:data1\" content=\"Francisco Javier Fern\u00e1ndez Chento\" \/>\n\t<meta name=\"twitter:label2\" content=\"Tiempo de lectura\" \/>\n\t<meta name=\"twitter:data2\" content=\"2 minutos\" \/>\n<script type=\"application\/ld+json\" class=\"yoast-schema-graph\">{\"@context\":\"https:\/\/schema.org\",\"@graph\":[{\"@type\":\"Article\",\"@id\":\"https:\/\/vincentians.com\/es\/introduccion-a-la-vida-devota-quinta-parte-capitulo-10\/#article\",\"isPartOf\":{\"@id\":\"https:\/\/vincentians.com\/es\/introduccion-a-la-vida-devota-quinta-parte-capitulo-10\/\"},\"author\":{\"name\":\"Francisco Javier Fern\u00e1ndez Chento\",\"@id\":\"https:\/\/vincentians.com\/es\/#\/schema\/person\/9623ef4d9aa3b2dfb8c061f1499288f2\"},\"headline\":\"Introducci\u00f3n a la vida devota. Quinta parte, cap\u00edtulo 10\",\"datePublished\":\"2011-07-22T05:41:13+00:00\",\"mainEntityOfPage\":{\"@id\":\"https:\/\/vincentians.com\/es\/introduccion-a-la-vida-devota-quinta-parte-capitulo-10\/\"},\"wordCount\":432,\"commentCount\":0,\"publisher\":{\"@id\":\"https:\/\/vincentians.com\/es\/#organization\"},\"image\":{\"@id\":\"https:\/\/vincentians.com\/es\/introduccion-a-la-vida-devota-quinta-parte-capitulo-10\/#primaryimage\"},\"thumbnailUrl\":\"https:\/\/i0.wp.com\/vincentians.com\/es\/wp-content\/uploads\/sites\/11\/2016\/08\/escritos-francisco-de-sales.jpg?fit=1200%2C630\",\"articleSection\":[\"Escritos de Francisco de Sales\"],\"inLanguage\":\"es\",\"potentialAction\":[{\"@type\":\"CommentAction\",\"name\":\"Comment\",\"target\":[\"https:\/\/vincentians.com\/es\/introduccion-a-la-vida-devota-quinta-parte-capitulo-10\/#respond\"]}]},{\"@type\":\"WebPage\",\"@id\":\"https:\/\/vincentians.com\/es\/introduccion-a-la-vida-devota-quinta-parte-capitulo-10\/\",\"url\":\"https:\/\/vincentians.com\/es\/introduccion-a-la-vida-devota-quinta-parte-capitulo-10\/\",\"name\":\"Introducci\u00f3n a la vida devota. Quinta parte, cap\u00edtulo 10 - Somos Vicencianos\",\"isPartOf\":{\"@id\":\"https:\/\/vincentians.com\/es\/#website\"},\"primaryImageOfPage\":{\"@id\":\"https:\/\/vincentians.com\/es\/introduccion-a-la-vida-devota-quinta-parte-capitulo-10\/#primaryimage\"},\"image\":{\"@id\":\"https:\/\/vincentians.com\/es\/introduccion-a-la-vida-devota-quinta-parte-capitulo-10\/#primaryimage\"},\"thumbnailUrl\":\"https:\/\/i0.wp.com\/vincentians.com\/es\/wp-content\/uploads\/sites\/11\/2016\/08\/escritos-francisco-de-sales.jpg?fit=1200%2C630\",\"datePublished\":\"2011-07-22T05:41:13+00:00\",\"breadcrumb\":{\"@id\":\"https:\/\/vincentians.com\/es\/introduccion-a-la-vida-devota-quinta-parte-capitulo-10\/#breadcrumb\"},\"inLanguage\":\"es\",\"potentialAction\":[{\"@type\":\"ReadAction\",\"target\":[\"https:\/\/vincentians.com\/es\/introduccion-a-la-vida-devota-quinta-parte-capitulo-10\/\"]}]},{\"@type\":\"ImageObject\",\"inLanguage\":\"es\",\"@id\":\"https:\/\/vincentians.com\/es\/introduccion-a-la-vida-devota-quinta-parte-capitulo-10\/#primaryimage\",\"url\":\"https:\/\/i0.wp.com\/vincentians.com\/es\/wp-content\/uploads\/sites\/11\/2016\/08\/escritos-francisco-de-sales.jpg?fit=1200%2C630\",\"contentUrl\":\"https:\/\/i0.wp.com\/vincentians.com\/es\/wp-content\/uploads\/sites\/11\/2016\/08\/escritos-francisco-de-sales.jpg?fit=1200%2C630\",\"width\":1200,\"height\":630},{\"@type\":\"BreadcrumbList\",\"@id\":\"https:\/\/vincentians.com\/es\/introduccion-a-la-vida-devota-quinta-parte-capitulo-10\/#breadcrumb\",\"itemListElement\":[{\"@type\":\"ListItem\",\"position\":1,\"name\":\"Portada\",\"item\":\"https:\/\/vincentians.com\/es\/\"},{\"@type\":\"ListItem\",\"position\":2,\"name\":\"Introducci\u00f3n a la vida devota. Quinta parte, cap\u00edtulo 10\"}]},{\"@type\":\"WebSite\",\"@id\":\"https:\/\/vincentians.com\/es\/#website\",\"url\":\"https:\/\/vincentians.com\/es\/\",\"name\":\"Somos Vicencianos\",\"description\":\"Know more to serve more\",\"publisher\":{\"@id\":\"https:\/\/vincentians.com\/es\/#organization\"},\"potentialAction\":[{\"@type\":\"SearchAction\",\"target\":{\"@type\":\"EntryPoint\",\"urlTemplate\":\"https:\/\/vincentians.com\/es\/?s={search_term_string}\"},\"query-input\":{\"@type\":\"PropertyValueSpecification\",\"valueRequired\":true,\"valueName\":\"search_term_string\"}}],\"inLanguage\":\"es\"},{\"@type\":\"Organization\",\"@id\":\"https:\/\/vincentians.com\/es\/#organization\",\"name\":\"The Vincentian Network\",\"url\":\"https:\/\/vincentians.com\/es\/\",\"logo\":{\"@type\":\"ImageObject\",\"inLanguage\":\"es\",\"@id\":\"https:\/\/vincentians.com\/es\/#\/schema\/logo\/image\/\",\"url\":\"https:\/\/i1.wp.com\/vincentians.com\/es\/wp-content\/uploads\/sites\/11\/2016\/06\/Vincentian-Network-logo-big.png?fit=778%2C778\",\"contentUrl\":\"https:\/\/i1.wp.com\/vincentians.com\/es\/wp-content\/uploads\/sites\/11\/2016\/06\/Vincentian-Network-logo-big.png?fit=778%2C778\",\"width\":778,\"height\":778,\"caption\":\"The Vincentian Network\"},\"image\":{\"@id\":\"https:\/\/vincentians.com\/es\/#\/schema\/logo\/image\/\"},\"sameAs\":[\"https:\/\/www.facebook.com\/WeAreVincentians\/\",\"https:\/\/x.com\/WeVincentians\"]},{\"@type\":\"Person\",\"@id\":\"https:\/\/vincentians.com\/es\/#\/schema\/person\/9623ef4d9aa3b2dfb8c061f1499288f2\",\"name\":\"Francisco Javier Fern\u00e1ndez Chento\",\"image\":{\"@type\":\"ImageObject\",\"inLanguage\":\"es\",\"@id\":\"https:\/\/vincentians.com\/es\/#\/schema\/person\/image\/\",\"url\":\"https:\/\/secure.gravatar.com\/avatar\/497d5cde87b4c3d097d0315953521681ba2cd523ee66e5077c3711f7021e65de?s=96&d=mm&r=g\",\"contentUrl\":\"https:\/\/secure.gravatar.com\/avatar\/497d5cde87b4c3d097d0315953521681ba2cd523ee66e5077c3711f7021e65de?s=96&d=mm&r=g\",\"caption\":\"Francisco Javier Fern\u00e1ndez Chento\"},\"description\":\"Director General y cofundador de La Red de Formaci\u00f3n Vicenciana. Javier es laico vicenciano, afiliado a la Congregaci\u00f3n de la Misi\u00f3n y miembro del Equipo de Misiones Populares de la provincia can\u00f3nica de Zaragoza (Espa\u00f1a) de la Congregaci\u00f3n de la Misi\u00f3n. Graduado en la Universidad Oberta de Catalunya con cuatro grados (Asistente de direcci\u00f3n, Gesti\u00f3n Administrativa, Recursos Humanos y Contabilidad Avanzada). Bil\u00edng\u00fce Espa\u00f1ol\/Ingl\u00e9s. gestiona y mantiene varias p\u00e1ginas web cristianas y vicencianas, incluida including La Red de Formaci\u00f3n Vicenciana, de la que es cofundador. Actualmente es responsable del \u00e1rea de Espa\u00f1ol de .famvin, la Red de Noticias de la Familia Vicenciana. Tambi\u00e9n es m\u00fasico cat\u00f3lico y ha editado varios discos. Es Director General y cofundador de Trovador, una reconocida compa\u00f1\u00eda discogr\u00e1fica critiana de Espa\u00f1a. Trabaja en las Tecnolog\u00edas de la Informaci\u00f3n, ofreciendo servicios de alojamiento, dise\u00f1o y mantenimiento Web, as\u00ed como asesoramiento, formaci\u00f3n y soluciones inform\u00e1ticas, gesti\u00f3n documental y digitalizaci\u00f3n de textos, edici\u00f3n y maquetaci\u00f3n de libros, revistas, flyers, etc.\",\"sameAs\":[\"http:\/\/chento.org\",\"https:\/\/www.facebook.com\/JavierChento\",\"https:\/\/x.com\/https:\/\/twitter.com\/javierchento\"],\"url\":\"http:\/\/vincentians.com\/es\/author\/chento\/\"}]}<\/script>\n<!-- \/ Yoast SEO plugin. -->","yoast_head_json":{"title":"Introducci\u00f3n a la vida devota. Quinta parte, cap\u00edtulo 10 - Somos Vicencianos","robots":{"index":"index","follow":"follow","max-snippet":"max-snippet:-1","max-image-preview":"max-image-preview:large","max-video-preview":"max-video-preview:-1"},"canonical":"https:\/\/vincentians.com\/es\/introduccion-a-la-vida-devota-quinta-parte-capitulo-10\/","og_locale":"es_ES","og_type":"article","og_title":"Introducci\u00f3n a la vida devota. Quinta parte, cap\u00edtulo 10 - Somos Vicencianos","og_description":"CAP\u00cdTULO X PRIMERA CONSIDERACI\u00d3N: DE LA EXCELENCIA DE NUESTRAS ALMAS Considera la nobleza y la excelencia de tu alma, que posee un entendimiento capaz de conocer no s\u00f3lo el mundo visible, sino tambi\u00e9n la existencia ... Read More","og_url":"https:\/\/vincentians.com\/es\/introduccion-a-la-vida-devota-quinta-parte-capitulo-10\/","og_site_name":"Somos Vicencianos","article_publisher":"https:\/\/www.facebook.com\/WeAreVincentians\/","article_author":"https:\/\/www.facebook.com\/JavierChento","article_published_time":"2011-07-22T05:41:13+00:00","og_image":[{"width":1200,"height":630,"url":"https:\/\/i0.wp.com\/vincentians.com\/es\/wp-content\/uploads\/sites\/11\/2016\/08\/escritos-francisco-de-sales.jpg?fit=1200%2C630&ssl=1","type":"image\/jpeg"}],"author":"Francisco Javier Fern\u00e1ndez Chento","twitter_card":"summary_large_image","twitter_creator":"@https:\/\/twitter.com\/javierchento","twitter_site":"@WeVincentians","twitter_misc":{"Escrito por":"Francisco Javier Fern\u00e1ndez Chento","Tiempo de lectura":"2 minutos"},"schema":{"@context":"https:\/\/schema.org","@graph":[{"@type":"Article","@id":"https:\/\/vincentians.com\/es\/introduccion-a-la-vida-devota-quinta-parte-capitulo-10\/#article","isPartOf":{"@id":"https:\/\/vincentians.com\/es\/introduccion-a-la-vida-devota-quinta-parte-capitulo-10\/"},"author":{"name":"Francisco Javier Fern\u00e1ndez Chento","@id":"https:\/\/vincentians.com\/es\/#\/schema\/person\/9623ef4d9aa3b2dfb8c061f1499288f2"},"headline":"Introducci\u00f3n a la vida devota. Quinta parte, cap\u00edtulo 10","datePublished":"2011-07-22T05:41:13+00:00","mainEntityOfPage":{"@id":"https:\/\/vincentians.com\/es\/introduccion-a-la-vida-devota-quinta-parte-capitulo-10\/"},"wordCount":432,"commentCount":0,"publisher":{"@id":"https:\/\/vincentians.com\/es\/#organization"},"image":{"@id":"https:\/\/vincentians.com\/es\/introduccion-a-la-vida-devota-quinta-parte-capitulo-10\/#primaryimage"},"thumbnailUrl":"https:\/\/i0.wp.com\/vincentians.com\/es\/wp-content\/uploads\/sites\/11\/2016\/08\/escritos-francisco-de-sales.jpg?fit=1200%2C630","articleSection":["Escritos de Francisco de Sales"],"inLanguage":"es","potentialAction":[{"@type":"CommentAction","name":"Comment","target":["https:\/\/vincentians.com\/es\/introduccion-a-la-vida-devota-quinta-parte-capitulo-10\/#respond"]}]},{"@type":"WebPage","@id":"https:\/\/vincentians.com\/es\/introduccion-a-la-vida-devota-quinta-parte-capitulo-10\/","url":"https:\/\/vincentians.com\/es\/introduccion-a-la-vida-devota-quinta-parte-capitulo-10\/","name":"Introducci\u00f3n a la vida devota. Quinta parte, cap\u00edtulo 10 - Somos Vicencianos","isPartOf":{"@id":"https:\/\/vincentians.com\/es\/#website"},"primaryImageOfPage":{"@id":"https:\/\/vincentians.com\/es\/introduccion-a-la-vida-devota-quinta-parte-capitulo-10\/#primaryimage"},"image":{"@id":"https:\/\/vincentians.com\/es\/introduccion-a-la-vida-devota-quinta-parte-capitulo-10\/#primaryimage"},"thumbnailUrl":"https:\/\/i0.wp.com\/vincentians.com\/es\/wp-content\/uploads\/sites\/11\/2016\/08\/escritos-francisco-de-sales.jpg?fit=1200%2C630","datePublished":"2011-07-22T05:41:13+00:00","breadcrumb":{"@id":"https:\/\/vincentians.com\/es\/introduccion-a-la-vida-devota-quinta-parte-capitulo-10\/#breadcrumb"},"inLanguage":"es","potentialAction":[{"@type":"ReadAction","target":["https:\/\/vincentians.com\/es\/introduccion-a-la-vida-devota-quinta-parte-capitulo-10\/"]}]},{"@type":"ImageObject","inLanguage":"es","@id":"https:\/\/vincentians.com\/es\/introduccion-a-la-vida-devota-quinta-parte-capitulo-10\/#primaryimage","url":"https:\/\/i0.wp.com\/vincentians.com\/es\/wp-content\/uploads\/sites\/11\/2016\/08\/escritos-francisco-de-sales.jpg?fit=1200%2C630","contentUrl":"https:\/\/i0.wp.com\/vincentians.com\/es\/wp-content\/uploads\/sites\/11\/2016\/08\/escritos-francisco-de-sales.jpg?fit=1200%2C630","width":1200,"height":630},{"@type":"BreadcrumbList","@id":"https:\/\/vincentians.com\/es\/introduccion-a-la-vida-devota-quinta-parte-capitulo-10\/#breadcrumb","itemListElement":[{"@type":"ListItem","position":1,"name":"Portada","item":"https:\/\/vincentians.com\/es\/"},{"@type":"ListItem","position":2,"name":"Introducci\u00f3n a la vida devota. Quinta parte, cap\u00edtulo 10"}]},{"@type":"WebSite","@id":"https:\/\/vincentians.com\/es\/#website","url":"https:\/\/vincentians.com\/es\/","name":"Somos Vicencianos","description":"Know more to serve more","publisher":{"@id":"https:\/\/vincentians.com\/es\/#organization"},"potentialAction":[{"@type":"SearchAction","target":{"@type":"EntryPoint","urlTemplate":"https:\/\/vincentians.com\/es\/?s={search_term_string}"},"query-input":{"@type":"PropertyValueSpecification","valueRequired":true,"valueName":"search_term_string"}}],"inLanguage":"es"},{"@type":"Organization","@id":"https:\/\/vincentians.com\/es\/#organization","name":"The Vincentian Network","url":"https:\/\/vincentians.com\/es\/","logo":{"@type":"ImageObject","inLanguage":"es","@id":"https:\/\/vincentians.com\/es\/#\/schema\/logo\/image\/","url":"https:\/\/i1.wp.com\/vincentians.com\/es\/wp-content\/uploads\/sites\/11\/2016\/06\/Vincentian-Network-logo-big.png?fit=778%2C778","contentUrl":"https:\/\/i1.wp.com\/vincentians.com\/es\/wp-content\/uploads\/sites\/11\/2016\/06\/Vincentian-Network-logo-big.png?fit=778%2C778","width":778,"height":778,"caption":"The Vincentian Network"},"image":{"@id":"https:\/\/vincentians.com\/es\/#\/schema\/logo\/image\/"},"sameAs":["https:\/\/www.facebook.com\/WeAreVincentians\/","https:\/\/x.com\/WeVincentians"]},{"@type":"Person","@id":"https:\/\/vincentians.com\/es\/#\/schema\/person\/9623ef4d9aa3b2dfb8c061f1499288f2","name":"Francisco Javier Fern\u00e1ndez Chento","image":{"@type":"ImageObject","inLanguage":"es","@id":"https:\/\/vincentians.com\/es\/#\/schema\/person\/image\/","url":"https:\/\/secure.gravatar.com\/avatar\/497d5cde87b4c3d097d0315953521681ba2cd523ee66e5077c3711f7021e65de?s=96&d=mm&r=g","contentUrl":"https:\/\/secure.gravatar.com\/avatar\/497d5cde87b4c3d097d0315953521681ba2cd523ee66e5077c3711f7021e65de?s=96&d=mm&r=g","caption":"Francisco Javier Fern\u00e1ndez Chento"},"description":"Director General y cofundador de La Red de Formaci\u00f3n Vicenciana. Javier es laico vicenciano, afiliado a la Congregaci\u00f3n de la Misi\u00f3n y miembro del Equipo de Misiones Populares de la provincia can\u00f3nica de Zaragoza (Espa\u00f1a) de la Congregaci\u00f3n de la Misi\u00f3n. Graduado en la Universidad Oberta de Catalunya con cuatro grados (Asistente de direcci\u00f3n, Gesti\u00f3n Administrativa, Recursos Humanos y Contabilidad Avanzada). Bil\u00edng\u00fce Espa\u00f1ol\/Ingl\u00e9s. gestiona y mantiene varias p\u00e1ginas web cristianas y vicencianas, incluida including La Red de Formaci\u00f3n Vicenciana, de la que es cofundador. Actualmente es responsable del \u00e1rea de Espa\u00f1ol de .famvin, la Red de Noticias de la Familia Vicenciana. Tambi\u00e9n es m\u00fasico cat\u00f3lico y ha editado varios discos. Es Director General y cofundador de Trovador, una reconocida compa\u00f1\u00eda discogr\u00e1fica critiana de Espa\u00f1a. Trabaja en las Tecnolog\u00edas de la Informaci\u00f3n, ofreciendo servicios de alojamiento, dise\u00f1o y mantenimiento Web, as\u00ed como asesoramiento, formaci\u00f3n y soluciones inform\u00e1ticas, gesti\u00f3n documental y digitalizaci\u00f3n de textos, edici\u00f3n y maquetaci\u00f3n de libros, revistas, flyers, etc.","sameAs":["http:\/\/chento.org","https:\/\/www.facebook.com\/JavierChento","https:\/\/x.com\/https:\/\/twitter.com\/javierchento"],"url":"http:\/\/vincentians.com\/es\/author\/chento\/"}]}},"jetpack_publicize_connections":[],"jetpack_featured_media_url":"https:\/\/i0.wp.com\/vincentians.com\/es\/wp-content\/uploads\/sites\/11\/2016\/08\/escritos-francisco-de-sales.jpg?fit=1200%2C630","jetpack_sharing_enabled":true,"jetpack_shortlink":"https:\/\/wp.me\/p7ETMF-97z","jetpack-related-posts":[{"id":34190,"url":"http:\/\/vincentians.com\/es\/introduccion-a-la-vida-devota-primera-parte-capitulo-17\/","url_meta":{"origin":35065,"position":0},"title":"Introducci\u00f3n a la vida devota. Primera parte, cap\u00edtulo 17","author":"Francisco Javier Fern\u00e1ndez Chento","date":"06\/06\/2020","format":false,"excerpt":"CAP\u00cdTULO XVII Meditaci\u00f3n 9\u00aa : A MANERA DE ELECCI\u00d3N DEL PARA\u00cdSO PREPARACI\u00d3N 1. Ponte en la presencia de Dios. 2. Hum\u00edllate en su presencia y p\u00eddele que te ilumine. CONSIDERACIONES Imagina que te encuentras en campo raso, sola con tu buen \u00e1ngel, como el jovencito Tob\u00edas cuando iba a Rages,\u2026","rel":"","context":"En \u00abEscritos de Francisco de Sales\u00bb","block_context":{"text":"Escritos de Francisco de Sales","link":"http:\/\/vincentians.com\/es\/category\/escritos\/escritos-de-francisco-de-sales\/"},"img":{"alt_text":"","src":"https:\/\/i0.wp.com\/vincentians.com\/es\/wp-content\/uploads\/sites\/11\/2016\/08\/escritos-francisco-de-sales.jpg?fit=1200%2C630&resize=350%2C200","width":350,"height":200,"srcset":"https:\/\/i0.wp.com\/vincentians.com\/es\/wp-content\/uploads\/sites\/11\/2016\/08\/escritos-francisco-de-sales.jpg?fit=1200%2C630&resize=350%2C200 1x, https:\/\/i0.wp.com\/vincentians.com\/es\/wp-content\/uploads\/sites\/11\/2016\/08\/escritos-francisco-de-sales.jpg?fit=1200%2C630&resize=525%2C300 1.5x, https:\/\/i0.wp.com\/vincentians.com\/es\/wp-content\/uploads\/sites\/11\/2016\/08\/escritos-francisco-de-sales.jpg?fit=1200%2C630&resize=700%2C400 2x, https:\/\/i0.wp.com\/vincentians.com\/es\/wp-content\/uploads\/sites\/11\/2016\/08\/escritos-francisco-de-sales.jpg?fit=1200%2C630&resize=1050%2C600 3x"},"classes":[]},{"id":114953,"url":"http:\/\/vincentians.com\/es\/como-rezar-el-rosario\/","url_meta":{"origin":35065,"position":1},"title":"C\u00f3mo rezar el Rosario","author":"Francisco Javier Fern\u00e1ndez Chento","date":"14\/02\/2019","format":false,"excerpt":"Modo de rezarlo Hacer el signo de la cruz y rezar el s\u00edmbolo de los ap\u00f3stoles o el acto de contrici\u00f3n. Rezar el Padrenuestro. Rezar 3 Avemar\u00edas y Gloria. Anunciar el primer misterio. Rezar el Padrenuestro. Rezar 10 Avemar\u00edas, Gloria y Jaculatoria. Anunciar el segundo misterio. Rezar el Padrenuestro. Rezar\u2026","rel":"","context":"En \u00abOraci\u00f3n\u00bb","block_context":{"text":"Oraci\u00f3n","link":"http:\/\/vincentians.com\/es\/category\/espiritualidad\/oracion\/"},"img":{"alt_text":"","src":"https:\/\/i0.wp.com\/vincentians.com\/es\/wp-content\/uploads\/sites\/11\/2016\/09\/ojos-jesucristo.jpg?fit=1200%2C630&resize=350%2C200","width":350,"height":200,"srcset":"https:\/\/i0.wp.com\/vincentians.com\/es\/wp-content\/uploads\/sites\/11\/2016\/09\/ojos-jesucristo.jpg?fit=1200%2C630&resize=350%2C200 1x, https:\/\/i0.wp.com\/vincentians.com\/es\/wp-content\/uploads\/sites\/11\/2016\/09\/ojos-jesucristo.jpg?fit=1200%2C630&resize=525%2C300 1.5x, https:\/\/i0.wp.com\/vincentians.com\/es\/wp-content\/uploads\/sites\/11\/2016\/09\/ojos-jesucristo.jpg?fit=1200%2C630&resize=700%2C400 2x, https:\/\/i0.wp.com\/vincentians.com\/es\/wp-content\/uploads\/sites\/11\/2016\/09\/ojos-jesucristo.jpg?fit=1200%2C630&resize=1050%2C600 3x"},"classes":[]},{"id":34202,"url":"http:\/\/vincentians.com\/es\/introduccion-a-la-vida-devota-primera-parte-capitulo-21\/","url_meta":{"origin":35065,"position":2},"title":"Introducci\u00f3n a la vida devota. Primera parte, cap\u00edtulo 21","author":"Francisco Javier Fern\u00e1ndez Chento","date":"15\/06\/2020","format":false,"excerpt":"CAP\u00cdTULO XXI CONCLUSI\u00d3N PARA ESTA PRIMERA PURIFICACI\u00d3N Hecha esta promesa, est\u00e1 atenta y abre los o\u00eddos de tu coraz\u00f3n para escuchar, en esp\u00edritu, las palabras de tu absoluci\u00f3n, que el mismo Salvador de tu alma, sentado en el solio de su misericordia, pronunciar\u00e1, desde lo alto de los cielos, en\u2026","rel":"","context":"En \u00abEscritos de Francisco de Sales\u00bb","block_context":{"text":"Escritos de Francisco de Sales","link":"http:\/\/vincentians.com\/es\/category\/escritos\/escritos-de-francisco-de-sales\/"},"img":{"alt_text":"","src":"https:\/\/i0.wp.com\/vincentians.com\/es\/wp-content\/uploads\/sites\/11\/2016\/08\/escritos-francisco-de-sales.jpg?fit=1200%2C630&resize=350%2C200","width":350,"height":200,"srcset":"https:\/\/i0.wp.com\/vincentians.com\/es\/wp-content\/uploads\/sites\/11\/2016\/08\/escritos-francisco-de-sales.jpg?fit=1200%2C630&resize=350%2C200 1x, https:\/\/i0.wp.com\/vincentians.com\/es\/wp-content\/uploads\/sites\/11\/2016\/08\/escritos-francisco-de-sales.jpg?fit=1200%2C630&resize=525%2C300 1.5x, https:\/\/i0.wp.com\/vincentians.com\/es\/wp-content\/uploads\/sites\/11\/2016\/08\/escritos-francisco-de-sales.jpg?fit=1200%2C630&resize=700%2C400 2x, https:\/\/i0.wp.com\/vincentians.com\/es\/wp-content\/uploads\/sites\/11\/2016\/08\/escritos-francisco-de-sales.jpg?fit=1200%2C630&resize=1050%2C600 3x"},"classes":[]},{"id":34186,"url":"http:\/\/vincentians.com\/es\/introduccion-a-la-vida-devota-primera-parte-capitulo-16\/","url_meta":{"origin":35065,"position":3},"title":"Introducci\u00f3n a la vida devota. Primera parte, cap\u00edtulo 16","author":"Francisco Javier Fern\u00e1ndez Chento","date":"30\/05\/2020","format":false,"excerpt":"CAP\u00cdTULO XVI Meditaci\u00f3n 8\u00aa: EL PARA\u00cdSO PREPARACI\u00d3N 1. Ponte en la presencia de Dios. 2. Haz la invocaci\u00f3n. CONSIDERACIONES 1. imagina una hermosa noche muy serena, y piensa cu\u00e1n agradable es ver el cielo tachonado de esta multitud y variedad de estrellas. Ahora a\u00f1ade esta belleza a la de un\u2026","rel":"","context":"En \u00abEscritos de Francisco de Sales\u00bb","block_context":{"text":"Escritos de Francisco de Sales","link":"http:\/\/vincentians.com\/es\/category\/escritos\/escritos-de-francisco-de-sales\/"},"img":{"alt_text":"","src":"https:\/\/i0.wp.com\/vincentians.com\/es\/wp-content\/uploads\/sites\/11\/2016\/08\/escritos-francisco-de-sales.jpg?fit=1200%2C630&resize=350%2C200","width":350,"height":200,"srcset":"https:\/\/i0.wp.com\/vincentians.com\/es\/wp-content\/uploads\/sites\/11\/2016\/08\/escritos-francisco-de-sales.jpg?fit=1200%2C630&resize=350%2C200 1x, https:\/\/i0.wp.com\/vincentians.com\/es\/wp-content\/uploads\/sites\/11\/2016\/08\/escritos-francisco-de-sales.jpg?fit=1200%2C630&resize=525%2C300 1.5x, https:\/\/i0.wp.com\/vincentians.com\/es\/wp-content\/uploads\/sites\/11\/2016\/08\/escritos-francisco-de-sales.jpg?fit=1200%2C630&resize=700%2C400 2x, https:\/\/i0.wp.com\/vincentians.com\/es\/wp-content\/uploads\/sites\/11\/2016\/08\/escritos-francisco-de-sales.jpg?fit=1200%2C630&resize=1050%2C600 3x"},"classes":[]},{"id":54305,"url":"http:\/\/vincentians.com\/es\/las-sagradas-escrituras-nos-manifiestan-los-misterios-de-dios-san-hipolito\/","url_meta":{"origin":35065,"position":4},"title":"Las Sagradas Escrituras nos manifiestan los misterios de Dios (San Hip\u00f3lito)","author":"Francisco Javier Fern\u00e1ndez Chento","date":"13\/06\/2019","format":false,"excerpt":"Las Sagradas Escrituras nos manifiestan los misterios de Dios Del Tratado de San Hip\u00f3lito, presb\u00edtero, Contra la herej\u00eda de Noeto. Lectura b\u00edblica: Jn 1, 1-18 San Hip\u00f3lito (\u00bf-235) Desconocemos lugar y fecha de su nacimiento, aunque sabemos que fue disc\u00edpulo de San Ireneo y compuso sus escritos entre los a\u00f1os\u2026","rel":"","context":"En \u00abPadres de la Iglesia\u00bb","block_context":{"text":"Padres de la Iglesia","link":"http:\/\/vincentians.com\/es\/category\/formacion-cristiana\/padres-de-la-iglesia\/"},"img":{"alt_text":"","src":"https:\/\/i0.wp.com\/vincentians.com\/es\/wp-content\/uploads\/sites\/11\/2016\/09\/enviados-evangelizar-pobres.jpg?fit=1200%2C630&resize=350%2C200","width":350,"height":200,"srcset":"https:\/\/i0.wp.com\/vincentians.com\/es\/wp-content\/uploads\/sites\/11\/2016\/09\/enviados-evangelizar-pobres.jpg?fit=1200%2C630&resize=350%2C200 1x, https:\/\/i0.wp.com\/vincentians.com\/es\/wp-content\/uploads\/sites\/11\/2016\/09\/enviados-evangelizar-pobres.jpg?fit=1200%2C630&resize=525%2C300 1.5x, https:\/\/i0.wp.com\/vincentians.com\/es\/wp-content\/uploads\/sites\/11\/2016\/09\/enviados-evangelizar-pobres.jpg?fit=1200%2C630&resize=700%2C400 2x, https:\/\/i0.wp.com\/vincentians.com\/es\/wp-content\/uploads\/sites\/11\/2016\/09\/enviados-evangelizar-pobres.jpg?fit=1200%2C630&resize=1050%2C600 3x"},"classes":[]},{"id":32925,"url":"http:\/\/vincentians.com\/es\/introduccion-a-la-vida-devota-primera-parte-capitulo-09\/","url_meta":{"origin":35065,"position":5},"title":"Introducci\u00f3n a la vida devota. Primera parte, cap\u00edtulo 09","author":"Francisco Javier Fern\u00e1ndez Chento","date":"04\/05\/2020","format":false,"excerpt":"CAP\u00cdTULO IX: Meditaci\u00f3n 1\u00aa : DE LA CREACI\u00d3N PREPARACI\u00d3N. 1. Ponte en la presencia de Dios. 2. P\u00eddele que te ilumine. CONSIDERACIONES. 1. Considera que s\u00f3lo hace algunos a\u00f1os que no estabas en el mundo y que tu ser era una verdadera nada. \u00bfD\u00f3nde est\u00e1bamos, \u00a1oh alma m\u00eda!, en aquel\u2026","rel":"","context":"En \u00abEscritos de Francisco de Sales\u00bb","block_context":{"text":"Escritos de Francisco de Sales","link":"http:\/\/vincentians.com\/es\/category\/escritos\/escritos-de-francisco-de-sales\/"},"img":{"alt_text":"","src":"https:\/\/i0.wp.com\/vincentians.com\/es\/wp-content\/uploads\/sites\/11\/2016\/08\/escritos-francisco-de-sales.jpg?fit=1200%2C630&resize=350%2C200","width":350,"height":200,"srcset":"https:\/\/i0.wp.com\/vincentians.com\/es\/wp-content\/uploads\/sites\/11\/2016\/08\/escritos-francisco-de-sales.jpg?fit=1200%2C630&resize=350%2C200 1x, https:\/\/i0.wp.com\/vincentians.com\/es\/wp-content\/uploads\/sites\/11\/2016\/08\/escritos-francisco-de-sales.jpg?fit=1200%2C630&resize=525%2C300 1.5x, https:\/\/i0.wp.com\/vincentians.com\/es\/wp-content\/uploads\/sites\/11\/2016\/08\/escritos-francisco-de-sales.jpg?fit=1200%2C630&resize=700%2C400 2x, https:\/\/i0.wp.com\/vincentians.com\/es\/wp-content\/uploads\/sites\/11\/2016\/08\/escritos-francisco-de-sales.jpg?fit=1200%2C630&resize=1050%2C600 3x"},"classes":[]}],"_links":{"self":[{"href":"http:\/\/vincentians.com\/es\/wp-json\/wp\/v2\/posts\/35065","targetHints":{"allow":["GET"]}}],"collection":[{"href":"http:\/\/vincentians.com\/es\/wp-json\/wp\/v2\/posts"}],"about":[{"href":"http:\/\/vincentians.com\/es\/wp-json\/wp\/v2\/types\/post"}],"author":[{"embeddable":true,"href":"http:\/\/vincentians.com\/es\/wp-json\/wp\/v2\/users\/4"}],"replies":[{"embeddable":true,"href":"http:\/\/vincentians.com\/es\/wp-json\/wp\/v2\/comments?post=35065"}],"version-history":[{"count":0,"href":"http:\/\/vincentians.com\/es\/wp-json\/wp\/v2\/posts\/35065\/revisions"}],"wp:featuredmedia":[{"embeddable":true,"href":"http:\/\/vincentians.com\/es\/wp-json\/wp\/v2\/media\/398698"}],"wp:attachment":[{"href":"http:\/\/vincentians.com\/es\/wp-json\/wp\/v2\/media?parent=35065"}],"wp:term":[{"taxonomy":"category","embeddable":true,"href":"http:\/\/vincentians.com\/es\/wp-json\/wp\/v2\/categories?post=35065"},{"taxonomy":"post_tag","embeddable":true,"href":"http:\/\/vincentians.com\/es\/wp-json\/wp\/v2\/tags?post=35065"}],"curies":[{"name":"wp","href":"https:\/\/api.w.org\/{rel}","templated":true}]}}