{"id":35060,"date":"2011-07-17T01:35:13","date_gmt":"2011-07-16T23:35:13","guid":{"rendered":"http:\/\/somos.vicencianos.org\/blog\/2011\/07\/introduccion-a-la-vida-devota-quinta-parte-capitulo-05\/"},"modified":"2011-07-17T01:35:13","modified_gmt":"2011-07-16T23:35:13","slug":"introduccion-a-la-vida-devota-quinta-parte-capitulo-05","status":"publish","type":"post","link":"http:\/\/vincentians.com\/es\/introduccion-a-la-vida-devota-quinta-parte-capitulo-05\/","title":{"rendered":"Introducci\u00f3n a la vida devota. Quinta parte, cap\u00edtulo 05"},"content":{"rendered":"<div id=\"attachment_32887\" style=\"width: 215px\" class=\"wp-caption alignright\"><a href=\"https:\/\/i0.wp.com\/vicencianos.org\/wp-content\/2011\/04\/francisco-de-sales.jpg\"><img data-recalc-dims=\"1\" loading=\"lazy\" decoding=\"async\" aria-describedby=\"caption-attachment-32887\" class=\"size-medium wp-image-32887\" title=\"San Francisco de Sales\" src=\"https:\/\/i0.wp.com\/vicencianos.org\/wp-content\/2011\/04\/francisco-de-sales-205x300.jpg?resize=205%2C300\" alt=\"San Francisco de Sales\" width=\"205\" height=\"300\" \/><\/a><p id=\"caption-attachment-32887\" class=\"wp-caption-text\">San Francisco de Sales<\/p><\/div>\n<p><strong>CAP\u00cdTULO V<\/strong><\/p>\n<p><strong>EXAMEN DE NUESTRO ESTADO CON RELACI\u00d3N A NOSOTROS MISMOS<\/strong><\/p>\n<p>1. \u00bfC\u00f3mo te amas a ti misma? \u00bfTe amas demasiado para este mundo? Si es as\u00ed, desear\u00e1s estar siempre en \u00e9l y andar\u00e1s preocupada para establecerte en esta tierra; pero, si te amas para el cielo, desear\u00e1s, o, a lo menos, f\u00e1cilmente te resignar\u00e1s a salir de ac\u00e1 abajo, a la hora que plazca a Nuestro Se\u00f1or.<\/p>\n<p>2. \u00bfTienes bien ordenado el amor a ti misma? Porque nada hay que nos arruine tanto como el amor desordenado de nosotros mismos. Ahora bien, el amor ordenado quiere que amemos m\u00e1s al alma que al cuerpo, que tengamos m\u00e1s inter\u00e9s en adquirir las virtudes que toda otra cosa, que nos preocupemos m\u00e1s del honor celestial que del honor bajo y caduco. El coraz\u00f3n bien ordenado se dice con frecuencia: \u00ab\u00bfQu\u00e9 dir\u00e1n los \u00e1ngeles si pienso tal cosa?\u00bb, y no \u00ab\u00bfqu\u00e9 dir\u00e1n los hombres?\u00bb<\/p>\n<p>3. \u00bfQu\u00e9 amor tienes a tu coraz\u00f3n? \u00bfTe cansas de servirlo en sus enfermedades? \u00a1Ah! le debes estos cuidados: el de socorrerle, el de hacer que le socorran cuando sus pasiones le atormentan y el de dejarlo todo para esto.<\/p>\n<p>4. \u00bfQu\u00e9 crees que eres delante de Dios? Nada, sin duda. Ahora bien, no arguye gran humildad, en una mosca, el no tenerse por nada delante de una monta\u00f1a, ni, en una gota de agua, el no tenerse por nada en comparaci\u00f3n con el mar, ni, en una chispa o peque\u00f1a llama, el no tenerse por nada delante del sol; pero la humildad consiste en no tenernos en m\u00e1s que los otros y en no querer ser tenidos en m\u00e1s por ellos: \u00bfc\u00f3mo est\u00e1s respecto a este punto?<\/p>\n<p>5. En cuanto a la lengua, \u00bfhaces alarde de alguna cosa? \u00bfTe alabas hablando de t\u00ed?<\/p>\n<p>6. En cuanto a las obras, \u00bfte das alg\u00fan gusto contrario a la salud? Me refiero al placer vano e in\u00fatil, como velar sin motivo y otros semejantes.<\/p>\n","protected":false},"excerpt":{"rendered":"<p>CAP\u00cdTULO V EXAMEN DE NUESTRO ESTADO CON RELACI\u00d3N A NOSOTROS MISMOS 1. \u00bfC\u00f3mo te amas a ti misma? \u00bfTe amas demasiado para este mundo? Si es as\u00ed, desear\u00e1s estar siempre en \u00e9l y andar\u00e1s preocupada &#8230; <a href=\"http:\/\/vincentians.com\/es\/introduccion-a-la-vida-devota-quinta-parte-capitulo-05\/\" class=\"more-link\">Read More<\/a><\/p>\n","protected":false},"author":4,"featured_media":398698,"comment_status":"open","ping_status":"open","sticky":false,"template":"","format":"standard","meta":{"jetpack_post_was_ever_published":false,"_jetpack_newsletter_access":"","_jetpack_dont_email_post_to_subs":false,"_jetpack_newsletter_tier_id":0,"_jetpack_memberships_contains_paywalled_content":false,"_jetpack_memberships_contains_paid_content":false,"footnotes":"","jetpack_publicize_message":"","jetpack_publicize_feature_enabled":true,"jetpack_social_post_already_shared":true,"jetpack_social_options":{"image_generator_settings":{"template":"highway","default_image_id":0,"font":"","enabled":false},"version":2}},"categories":[272],"tags":[],"class_list":["post-35060","post","type-post","status-publish","format-standard","has-post-thumbnail","hentry","category-escritos-de-francisco-de-sales"],"yoast_head":"<!-- This site is optimized with the Yoast SEO plugin v26.3 - https:\/\/yoast.com\/wordpress\/plugins\/seo\/ -->\n<title>Introducci\u00f3n a la vida devota. Quinta parte, cap\u00edtulo 05 - Somos Vicencianos<\/title>\n<meta name=\"robots\" content=\"index, follow, max-snippet:-1, max-image-preview:large, max-video-preview:-1\" \/>\n<link rel=\"canonical\" href=\"https:\/\/vincentians.com\/es\/introduccion-a-la-vida-devota-quinta-parte-capitulo-05\/\" \/>\n<meta property=\"og:locale\" content=\"es_ES\" \/>\n<meta property=\"og:type\" content=\"article\" \/>\n<meta property=\"og:title\" content=\"Introducci\u00f3n a la vida devota. Quinta parte, cap\u00edtulo 05 - Somos Vicencianos\" \/>\n<meta property=\"og:description\" content=\"CAP\u00cdTULO V EXAMEN DE NUESTRO ESTADO CON RELACI\u00d3N A NOSOTROS MISMOS 1. \u00bfC\u00f3mo te amas a ti misma? \u00bfTe amas demasiado para este mundo? Si es as\u00ed, desear\u00e1s estar siempre en \u00e9l y andar\u00e1s preocupada ... Read More\" \/>\n<meta property=\"og:url\" content=\"https:\/\/vincentians.com\/es\/introduccion-a-la-vida-devota-quinta-parte-capitulo-05\/\" \/>\n<meta property=\"og:site_name\" content=\"Somos Vicencianos\" \/>\n<meta property=\"article:publisher\" content=\"https:\/\/www.facebook.com\/WeAreVincentians\/\" \/>\n<meta property=\"article:author\" content=\"https:\/\/www.facebook.com\/JavierChento\" \/>\n<meta property=\"article:published_time\" content=\"2011-07-16T23:35:13+00:00\" \/>\n<meta property=\"og:image\" content=\"https:\/\/i0.wp.com\/vincentians.com\/es\/wp-content\/uploads\/sites\/11\/2016\/08\/escritos-francisco-de-sales.jpg?fit=1200%2C630&ssl=1\" \/>\n\t<meta property=\"og:image:width\" content=\"1200\" \/>\n\t<meta property=\"og:image:height\" content=\"630\" \/>\n\t<meta property=\"og:image:type\" content=\"image\/jpeg\" \/>\n<meta name=\"author\" content=\"Francisco Javier Fern\u00e1ndez Chento\" \/>\n<meta name=\"twitter:card\" content=\"summary_large_image\" \/>\n<meta name=\"twitter:creator\" content=\"@https:\/\/twitter.com\/javierchento\" \/>\n<meta name=\"twitter:site\" content=\"@WeVincentians\" \/>\n<meta name=\"twitter:label1\" content=\"Escrito por\" \/>\n\t<meta name=\"twitter:data1\" content=\"Francisco Javier Fern\u00e1ndez Chento\" \/>\n\t<meta name=\"twitter:label2\" content=\"Tiempo de lectura\" \/>\n\t<meta name=\"twitter:data2\" content=\"2 minutos\" \/>\n<script type=\"application\/ld+json\" class=\"yoast-schema-graph\">{\"@context\":\"https:\/\/schema.org\",\"@graph\":[{\"@type\":\"Article\",\"@id\":\"https:\/\/vincentians.com\/es\/introduccion-a-la-vida-devota-quinta-parte-capitulo-05\/#article\",\"isPartOf\":{\"@id\":\"https:\/\/vincentians.com\/es\/introduccion-a-la-vida-devota-quinta-parte-capitulo-05\/\"},\"author\":{\"name\":\"Francisco Javier Fern\u00e1ndez Chento\",\"@id\":\"https:\/\/vincentians.com\/es\/#\/schema\/person\/9623ef4d9aa3b2dfb8c061f1499288f2\"},\"headline\":\"Introducci\u00f3n a la vida devota. Quinta parte, cap\u00edtulo 05\",\"datePublished\":\"2011-07-16T23:35:13+00:00\",\"mainEntityOfPage\":{\"@id\":\"https:\/\/vincentians.com\/es\/introduccion-a-la-vida-devota-quinta-parte-capitulo-05\/\"},\"wordCount\":366,\"commentCount\":0,\"publisher\":{\"@id\":\"https:\/\/vincentians.com\/es\/#organization\"},\"image\":{\"@id\":\"https:\/\/vincentians.com\/es\/introduccion-a-la-vida-devota-quinta-parte-capitulo-05\/#primaryimage\"},\"thumbnailUrl\":\"https:\/\/i0.wp.com\/vincentians.com\/es\/wp-content\/uploads\/sites\/11\/2016\/08\/escritos-francisco-de-sales.jpg?fit=1200%2C630\",\"articleSection\":[\"Escritos de Francisco de Sales\"],\"inLanguage\":\"es\",\"potentialAction\":[{\"@type\":\"CommentAction\",\"name\":\"Comment\",\"target\":[\"https:\/\/vincentians.com\/es\/introduccion-a-la-vida-devota-quinta-parte-capitulo-05\/#respond\"]}]},{\"@type\":\"WebPage\",\"@id\":\"https:\/\/vincentians.com\/es\/introduccion-a-la-vida-devota-quinta-parte-capitulo-05\/\",\"url\":\"https:\/\/vincentians.com\/es\/introduccion-a-la-vida-devota-quinta-parte-capitulo-05\/\",\"name\":\"Introducci\u00f3n a la vida devota. Quinta parte, cap\u00edtulo 05 - Somos Vicencianos\",\"isPartOf\":{\"@id\":\"https:\/\/vincentians.com\/es\/#website\"},\"primaryImageOfPage\":{\"@id\":\"https:\/\/vincentians.com\/es\/introduccion-a-la-vida-devota-quinta-parte-capitulo-05\/#primaryimage\"},\"image\":{\"@id\":\"https:\/\/vincentians.com\/es\/introduccion-a-la-vida-devota-quinta-parte-capitulo-05\/#primaryimage\"},\"thumbnailUrl\":\"https:\/\/i0.wp.com\/vincentians.com\/es\/wp-content\/uploads\/sites\/11\/2016\/08\/escritos-francisco-de-sales.jpg?fit=1200%2C630\",\"datePublished\":\"2011-07-16T23:35:13+00:00\",\"breadcrumb\":{\"@id\":\"https:\/\/vincentians.com\/es\/introduccion-a-la-vida-devota-quinta-parte-capitulo-05\/#breadcrumb\"},\"inLanguage\":\"es\",\"potentialAction\":[{\"@type\":\"ReadAction\",\"target\":[\"https:\/\/vincentians.com\/es\/introduccion-a-la-vida-devota-quinta-parte-capitulo-05\/\"]}]},{\"@type\":\"ImageObject\",\"inLanguage\":\"es\",\"@id\":\"https:\/\/vincentians.com\/es\/introduccion-a-la-vida-devota-quinta-parte-capitulo-05\/#primaryimage\",\"url\":\"https:\/\/i0.wp.com\/vincentians.com\/es\/wp-content\/uploads\/sites\/11\/2016\/08\/escritos-francisco-de-sales.jpg?fit=1200%2C630\",\"contentUrl\":\"https:\/\/i0.wp.com\/vincentians.com\/es\/wp-content\/uploads\/sites\/11\/2016\/08\/escritos-francisco-de-sales.jpg?fit=1200%2C630\",\"width\":1200,\"height\":630},{\"@type\":\"BreadcrumbList\",\"@id\":\"https:\/\/vincentians.com\/es\/introduccion-a-la-vida-devota-quinta-parte-capitulo-05\/#breadcrumb\",\"itemListElement\":[{\"@type\":\"ListItem\",\"position\":1,\"name\":\"Portada\",\"item\":\"https:\/\/vincentians.com\/es\/\"},{\"@type\":\"ListItem\",\"position\":2,\"name\":\"Introducci\u00f3n a la vida devota. Quinta parte, cap\u00edtulo 05\"}]},{\"@type\":\"WebSite\",\"@id\":\"https:\/\/vincentians.com\/es\/#website\",\"url\":\"https:\/\/vincentians.com\/es\/\",\"name\":\"Somos Vicencianos\",\"description\":\"Know more to serve more\",\"publisher\":{\"@id\":\"https:\/\/vincentians.com\/es\/#organization\"},\"potentialAction\":[{\"@type\":\"SearchAction\",\"target\":{\"@type\":\"EntryPoint\",\"urlTemplate\":\"https:\/\/vincentians.com\/es\/?s={search_term_string}\"},\"query-input\":{\"@type\":\"PropertyValueSpecification\",\"valueRequired\":true,\"valueName\":\"search_term_string\"}}],\"inLanguage\":\"es\"},{\"@type\":\"Organization\",\"@id\":\"https:\/\/vincentians.com\/es\/#organization\",\"name\":\"The Vincentian Network\",\"url\":\"https:\/\/vincentians.com\/es\/\",\"logo\":{\"@type\":\"ImageObject\",\"inLanguage\":\"es\",\"@id\":\"https:\/\/vincentians.com\/es\/#\/schema\/logo\/image\/\",\"url\":\"https:\/\/i1.wp.com\/vincentians.com\/es\/wp-content\/uploads\/sites\/11\/2016\/06\/Vincentian-Network-logo-big.png?fit=778%2C778\",\"contentUrl\":\"https:\/\/i1.wp.com\/vincentians.com\/es\/wp-content\/uploads\/sites\/11\/2016\/06\/Vincentian-Network-logo-big.png?fit=778%2C778\",\"width\":778,\"height\":778,\"caption\":\"The Vincentian Network\"},\"image\":{\"@id\":\"https:\/\/vincentians.com\/es\/#\/schema\/logo\/image\/\"},\"sameAs\":[\"https:\/\/www.facebook.com\/WeAreVincentians\/\",\"https:\/\/x.com\/WeVincentians\"]},{\"@type\":\"Person\",\"@id\":\"https:\/\/vincentians.com\/es\/#\/schema\/person\/9623ef4d9aa3b2dfb8c061f1499288f2\",\"name\":\"Francisco Javier Fern\u00e1ndez Chento\",\"image\":{\"@type\":\"ImageObject\",\"inLanguage\":\"es\",\"@id\":\"https:\/\/vincentians.com\/es\/#\/schema\/person\/image\/\",\"url\":\"https:\/\/secure.gravatar.com\/avatar\/497d5cde87b4c3d097d0315953521681ba2cd523ee66e5077c3711f7021e65de?s=96&d=mm&r=g\",\"contentUrl\":\"https:\/\/secure.gravatar.com\/avatar\/497d5cde87b4c3d097d0315953521681ba2cd523ee66e5077c3711f7021e65de?s=96&d=mm&r=g\",\"caption\":\"Francisco Javier Fern\u00e1ndez Chento\"},\"description\":\"Director General y cofundador de La Red de Formaci\u00f3n Vicenciana. Javier es laico vicenciano, afiliado a la Congregaci\u00f3n de la Misi\u00f3n y miembro del Equipo de Misiones Populares de la provincia can\u00f3nica de Zaragoza (Espa\u00f1a) de la Congregaci\u00f3n de la Misi\u00f3n. Graduado en la Universidad Oberta de Catalunya con cuatro grados (Asistente de direcci\u00f3n, Gesti\u00f3n Administrativa, Recursos Humanos y Contabilidad Avanzada). Bil\u00edng\u00fce Espa\u00f1ol\/Ingl\u00e9s. gestiona y mantiene varias p\u00e1ginas web cristianas y vicencianas, incluida including La Red de Formaci\u00f3n Vicenciana, de la que es cofundador. Actualmente es responsable del \u00e1rea de Espa\u00f1ol de .famvin, la Red de Noticias de la Familia Vicenciana. Tambi\u00e9n es m\u00fasico cat\u00f3lico y ha editado varios discos. Es Director General y cofundador de Trovador, una reconocida compa\u00f1\u00eda discogr\u00e1fica critiana de Espa\u00f1a. Trabaja en las Tecnolog\u00edas de la Informaci\u00f3n, ofreciendo servicios de alojamiento, dise\u00f1o y mantenimiento Web, as\u00ed como asesoramiento, formaci\u00f3n y soluciones inform\u00e1ticas, gesti\u00f3n documental y digitalizaci\u00f3n de textos, edici\u00f3n y maquetaci\u00f3n de libros, revistas, flyers, etc.\",\"sameAs\":[\"http:\/\/chento.org\",\"https:\/\/www.facebook.com\/JavierChento\",\"https:\/\/x.com\/https:\/\/twitter.com\/javierchento\"],\"url\":\"http:\/\/vincentians.com\/es\/author\/chento\/\"}]}<\/script>\n<!-- \/ Yoast SEO plugin. -->","yoast_head_json":{"title":"Introducci\u00f3n a la vida devota. Quinta parte, cap\u00edtulo 05 - Somos Vicencianos","robots":{"index":"index","follow":"follow","max-snippet":"max-snippet:-1","max-image-preview":"max-image-preview:large","max-video-preview":"max-video-preview:-1"},"canonical":"https:\/\/vincentians.com\/es\/introduccion-a-la-vida-devota-quinta-parte-capitulo-05\/","og_locale":"es_ES","og_type":"article","og_title":"Introducci\u00f3n a la vida devota. Quinta parte, cap\u00edtulo 05 - Somos Vicencianos","og_description":"CAP\u00cdTULO V EXAMEN DE NUESTRO ESTADO CON RELACI\u00d3N A NOSOTROS MISMOS 1. \u00bfC\u00f3mo te amas a ti misma? \u00bfTe amas demasiado para este mundo? Si es as\u00ed, desear\u00e1s estar siempre en \u00e9l y andar\u00e1s preocupada ... Read More","og_url":"https:\/\/vincentians.com\/es\/introduccion-a-la-vida-devota-quinta-parte-capitulo-05\/","og_site_name":"Somos Vicencianos","article_publisher":"https:\/\/www.facebook.com\/WeAreVincentians\/","article_author":"https:\/\/www.facebook.com\/JavierChento","article_published_time":"2011-07-16T23:35:13+00:00","og_image":[{"width":1200,"height":630,"url":"https:\/\/i0.wp.com\/vincentians.com\/es\/wp-content\/uploads\/sites\/11\/2016\/08\/escritos-francisco-de-sales.jpg?fit=1200%2C630&ssl=1","type":"image\/jpeg"}],"author":"Francisco Javier Fern\u00e1ndez Chento","twitter_card":"summary_large_image","twitter_creator":"@https:\/\/twitter.com\/javierchento","twitter_site":"@WeVincentians","twitter_misc":{"Escrito por":"Francisco Javier Fern\u00e1ndez Chento","Tiempo de lectura":"2 minutos"},"schema":{"@context":"https:\/\/schema.org","@graph":[{"@type":"Article","@id":"https:\/\/vincentians.com\/es\/introduccion-a-la-vida-devota-quinta-parte-capitulo-05\/#article","isPartOf":{"@id":"https:\/\/vincentians.com\/es\/introduccion-a-la-vida-devota-quinta-parte-capitulo-05\/"},"author":{"name":"Francisco Javier Fern\u00e1ndez Chento","@id":"https:\/\/vincentians.com\/es\/#\/schema\/person\/9623ef4d9aa3b2dfb8c061f1499288f2"},"headline":"Introducci\u00f3n a la vida devota. Quinta parte, cap\u00edtulo 05","datePublished":"2011-07-16T23:35:13+00:00","mainEntityOfPage":{"@id":"https:\/\/vincentians.com\/es\/introduccion-a-la-vida-devota-quinta-parte-capitulo-05\/"},"wordCount":366,"commentCount":0,"publisher":{"@id":"https:\/\/vincentians.com\/es\/#organization"},"image":{"@id":"https:\/\/vincentians.com\/es\/introduccion-a-la-vida-devota-quinta-parte-capitulo-05\/#primaryimage"},"thumbnailUrl":"https:\/\/i0.wp.com\/vincentians.com\/es\/wp-content\/uploads\/sites\/11\/2016\/08\/escritos-francisco-de-sales.jpg?fit=1200%2C630","articleSection":["Escritos de Francisco de Sales"],"inLanguage":"es","potentialAction":[{"@type":"CommentAction","name":"Comment","target":["https:\/\/vincentians.com\/es\/introduccion-a-la-vida-devota-quinta-parte-capitulo-05\/#respond"]}]},{"@type":"WebPage","@id":"https:\/\/vincentians.com\/es\/introduccion-a-la-vida-devota-quinta-parte-capitulo-05\/","url":"https:\/\/vincentians.com\/es\/introduccion-a-la-vida-devota-quinta-parte-capitulo-05\/","name":"Introducci\u00f3n a la vida devota. Quinta parte, cap\u00edtulo 05 - Somos Vicencianos","isPartOf":{"@id":"https:\/\/vincentians.com\/es\/#website"},"primaryImageOfPage":{"@id":"https:\/\/vincentians.com\/es\/introduccion-a-la-vida-devota-quinta-parte-capitulo-05\/#primaryimage"},"image":{"@id":"https:\/\/vincentians.com\/es\/introduccion-a-la-vida-devota-quinta-parte-capitulo-05\/#primaryimage"},"thumbnailUrl":"https:\/\/i0.wp.com\/vincentians.com\/es\/wp-content\/uploads\/sites\/11\/2016\/08\/escritos-francisco-de-sales.jpg?fit=1200%2C630","datePublished":"2011-07-16T23:35:13+00:00","breadcrumb":{"@id":"https:\/\/vincentians.com\/es\/introduccion-a-la-vida-devota-quinta-parte-capitulo-05\/#breadcrumb"},"inLanguage":"es","potentialAction":[{"@type":"ReadAction","target":["https:\/\/vincentians.com\/es\/introduccion-a-la-vida-devota-quinta-parte-capitulo-05\/"]}]},{"@type":"ImageObject","inLanguage":"es","@id":"https:\/\/vincentians.com\/es\/introduccion-a-la-vida-devota-quinta-parte-capitulo-05\/#primaryimage","url":"https:\/\/i0.wp.com\/vincentians.com\/es\/wp-content\/uploads\/sites\/11\/2016\/08\/escritos-francisco-de-sales.jpg?fit=1200%2C630","contentUrl":"https:\/\/i0.wp.com\/vincentians.com\/es\/wp-content\/uploads\/sites\/11\/2016\/08\/escritos-francisco-de-sales.jpg?fit=1200%2C630","width":1200,"height":630},{"@type":"BreadcrumbList","@id":"https:\/\/vincentians.com\/es\/introduccion-a-la-vida-devota-quinta-parte-capitulo-05\/#breadcrumb","itemListElement":[{"@type":"ListItem","position":1,"name":"Portada","item":"https:\/\/vincentians.com\/es\/"},{"@type":"ListItem","position":2,"name":"Introducci\u00f3n a la vida devota. Quinta parte, cap\u00edtulo 05"}]},{"@type":"WebSite","@id":"https:\/\/vincentians.com\/es\/#website","url":"https:\/\/vincentians.com\/es\/","name":"Somos Vicencianos","description":"Know more to serve more","publisher":{"@id":"https:\/\/vincentians.com\/es\/#organization"},"potentialAction":[{"@type":"SearchAction","target":{"@type":"EntryPoint","urlTemplate":"https:\/\/vincentians.com\/es\/?s={search_term_string}"},"query-input":{"@type":"PropertyValueSpecification","valueRequired":true,"valueName":"search_term_string"}}],"inLanguage":"es"},{"@type":"Organization","@id":"https:\/\/vincentians.com\/es\/#organization","name":"The Vincentian Network","url":"https:\/\/vincentians.com\/es\/","logo":{"@type":"ImageObject","inLanguage":"es","@id":"https:\/\/vincentians.com\/es\/#\/schema\/logo\/image\/","url":"https:\/\/i1.wp.com\/vincentians.com\/es\/wp-content\/uploads\/sites\/11\/2016\/06\/Vincentian-Network-logo-big.png?fit=778%2C778","contentUrl":"https:\/\/i1.wp.com\/vincentians.com\/es\/wp-content\/uploads\/sites\/11\/2016\/06\/Vincentian-Network-logo-big.png?fit=778%2C778","width":778,"height":778,"caption":"The Vincentian Network"},"image":{"@id":"https:\/\/vincentians.com\/es\/#\/schema\/logo\/image\/"},"sameAs":["https:\/\/www.facebook.com\/WeAreVincentians\/","https:\/\/x.com\/WeVincentians"]},{"@type":"Person","@id":"https:\/\/vincentians.com\/es\/#\/schema\/person\/9623ef4d9aa3b2dfb8c061f1499288f2","name":"Francisco Javier Fern\u00e1ndez Chento","image":{"@type":"ImageObject","inLanguage":"es","@id":"https:\/\/vincentians.com\/es\/#\/schema\/person\/image\/","url":"https:\/\/secure.gravatar.com\/avatar\/497d5cde87b4c3d097d0315953521681ba2cd523ee66e5077c3711f7021e65de?s=96&d=mm&r=g","contentUrl":"https:\/\/secure.gravatar.com\/avatar\/497d5cde87b4c3d097d0315953521681ba2cd523ee66e5077c3711f7021e65de?s=96&d=mm&r=g","caption":"Francisco Javier Fern\u00e1ndez Chento"},"description":"Director General y cofundador de La Red de Formaci\u00f3n Vicenciana. Javier es laico vicenciano, afiliado a la Congregaci\u00f3n de la Misi\u00f3n y miembro del Equipo de Misiones Populares de la provincia can\u00f3nica de Zaragoza (Espa\u00f1a) de la Congregaci\u00f3n de la Misi\u00f3n. Graduado en la Universidad Oberta de Catalunya con cuatro grados (Asistente de direcci\u00f3n, Gesti\u00f3n Administrativa, Recursos Humanos y Contabilidad Avanzada). Bil\u00edng\u00fce Espa\u00f1ol\/Ingl\u00e9s. gestiona y mantiene varias p\u00e1ginas web cristianas y vicencianas, incluida including La Red de Formaci\u00f3n Vicenciana, de la que es cofundador. Actualmente es responsable del \u00e1rea de Espa\u00f1ol de .famvin, la Red de Noticias de la Familia Vicenciana. Tambi\u00e9n es m\u00fasico cat\u00f3lico y ha editado varios discos. Es Director General y cofundador de Trovador, una reconocida compa\u00f1\u00eda discogr\u00e1fica critiana de Espa\u00f1a. Trabaja en las Tecnolog\u00edas de la Informaci\u00f3n, ofreciendo servicios de alojamiento, dise\u00f1o y mantenimiento Web, as\u00ed como asesoramiento, formaci\u00f3n y soluciones inform\u00e1ticas, gesti\u00f3n documental y digitalizaci\u00f3n de textos, edici\u00f3n y maquetaci\u00f3n de libros, revistas, flyers, etc.","sameAs":["http:\/\/chento.org","https:\/\/www.facebook.com\/JavierChento","https:\/\/x.com\/https:\/\/twitter.com\/javierchento"],"url":"http:\/\/vincentians.com\/es\/author\/chento\/"}]}},"jetpack_publicize_connections":[],"jetpack_featured_media_url":"https:\/\/i0.wp.com\/vincentians.com\/es\/wp-content\/uploads\/sites\/11\/2016\/08\/escritos-francisco-de-sales.jpg?fit=1200%2C630","jetpack_sharing_enabled":true,"jetpack_shortlink":"https:\/\/wp.me\/p7ETMF-97u","jetpack-related-posts":[{"id":35061,"url":"http:\/\/vincentians.com\/es\/introduccion-a-la-vida-devota-quinta-parte-capitulo-06\/","url_meta":{"origin":35060,"position":0},"title":"Introducci\u00f3n a la vida devota. Quinta parte, cap\u00edtulo 06","author":"Francisco Javier Fern\u00e1ndez Chento","date":"18\/07\/2011","format":false,"excerpt":"CAP\u00cdTULO VI EXAMEN DEL ESTADO DE NUESTRA ALMA CON RELACI\u00d3N AL PR\u00d3JIMO El marido y la mujer se han de amar con un amor dulce y tranquilo, firme y perseverante, en primer lugar porque Dios as\u00ed lo ordena y lo quiere. Lo mismo digo de los hijos y de los\u2026","rel":"","context":"En \u00abEscritos de Francisco de Sales\u00bb","block_context":{"text":"Escritos de Francisco de Sales","link":"http:\/\/vincentians.com\/es\/category\/escritos\/escritos-de-francisco-de-sales\/"},"img":{"alt_text":"","src":"https:\/\/i0.wp.com\/vincentians.com\/es\/wp-content\/uploads\/sites\/11\/2016\/08\/escritos-francisco-de-sales.jpg?fit=1200%2C630&resize=350%2C200","width":350,"height":200,"srcset":"https:\/\/i0.wp.com\/vincentians.com\/es\/wp-content\/uploads\/sites\/11\/2016\/08\/escritos-francisco-de-sales.jpg?fit=1200%2C630&resize=350%2C200 1x, https:\/\/i0.wp.com\/vincentians.com\/es\/wp-content\/uploads\/sites\/11\/2016\/08\/escritos-francisco-de-sales.jpg?fit=1200%2C630&resize=525%2C300 1.5x, https:\/\/i0.wp.com\/vincentians.com\/es\/wp-content\/uploads\/sites\/11\/2016\/08\/escritos-francisco-de-sales.jpg?fit=1200%2C630&resize=700%2C400 2x, https:\/\/i0.wp.com\/vincentians.com\/es\/wp-content\/uploads\/sites\/11\/2016\/08\/escritos-francisco-de-sales.jpg?fit=1200%2C630&resize=1050%2C600 3x"},"classes":[]},{"id":34960,"url":"http:\/\/vincentians.com\/es\/introduccion-a-la-vida-devota-tercera-parte-capitulo-15\/","url_meta":{"origin":35060,"position":1},"title":"Introducci\u00f3n a la vida devota. Tercera parte, cap\u00edtulo 15","author":"Francisco Javier Fern\u00e1ndez Chento","date":"18\/12\/2020","format":false,"excerpt":"CAP\u00cdTULO XV C\u00d3MO HA DE PRACTICAR LA POBREZA REAL EL QUE ES RICO DE HECHO El pintor Parrasio pint\u00f3 al pueblo ateniense de una manera muy ingeniosa, represent\u00e1ndolo con un car\u00e1cter diverso y variable, col\u00e9rico, injusto, inconstante, cort\u00e9s, clemente, misericordioso, altivo, glorioso, humilde, valiente y pusil\u00e1nime y todo esto en\u2026","rel":"","context":"En \u00abEscritos de Francisco de Sales\u00bb","block_context":{"text":"Escritos de Francisco de Sales","link":"http:\/\/vincentians.com\/es\/category\/escritos\/escritos-de-francisco-de-sales\/"},"img":{"alt_text":"","src":"https:\/\/i0.wp.com\/vincentians.com\/es\/wp-content\/uploads\/sites\/11\/2016\/08\/escritos-francisco-de-sales.jpg?fit=1200%2C630&resize=350%2C200","width":350,"height":200,"srcset":"https:\/\/i0.wp.com\/vincentians.com\/es\/wp-content\/uploads\/sites\/11\/2016\/08\/escritos-francisco-de-sales.jpg?fit=1200%2C630&resize=350%2C200 1x, https:\/\/i0.wp.com\/vincentians.com\/es\/wp-content\/uploads\/sites\/11\/2016\/08\/escritos-francisco-de-sales.jpg?fit=1200%2C630&resize=525%2C300 1.5x, https:\/\/i0.wp.com\/vincentians.com\/es\/wp-content\/uploads\/sites\/11\/2016\/08\/escritos-francisco-de-sales.jpg?fit=1200%2C630&resize=700%2C400 2x, https:\/\/i0.wp.com\/vincentians.com\/es\/wp-content\/uploads\/sites\/11\/2016\/08\/escritos-francisco-de-sales.jpg?fit=1200%2C630&resize=1050%2C600 3x"},"classes":[]},{"id":42210,"url":"http:\/\/vincentians.com\/es\/susana-guillemin-repeticion-de-oracion-renovacion-de-1959\/","url_meta":{"origin":35060,"position":2},"title":"Susana Guillemin: Repetici\u00f3n de oraci\u00f3n, Renovaci\u00f3n de 1959","author":"Francisco Javier Fern\u00e1ndez Chento","date":"26\/04\/2021","format":false,"excerpt":"Llenas del recuerdo de las palabras pronunciadas por el Se\u00f1or en sus Apariciones de Resucitado, 'este a\u00f1o nos encontramos, de alguna forma, en la misma situad\u00f3n que los Ap\u00f3stoles. Tambi\u00e9n nosotras nos vemos como saliendo de una prueba: no hemos respondido a nuestro ideal de perfecci\u00f3n. No somos lo que\u2026","rel":"","context":"En \u00abEscritos de Susana Guillemin\u00bb","block_context":{"text":"Escritos de Susana Guillemin","link":"http:\/\/vincentians.com\/es\/category\/escritos\/escritos-de-susana-guillemin\/"},"img":{"alt_text":"","src":"https:\/\/i0.wp.com\/vincentians.com\/es\/wp-content\/uploads\/sites\/11\/2016\/07\/escritos-guillemin.jpg?fit=1200%2C630&resize=350%2C200","width":350,"height":200,"srcset":"https:\/\/i0.wp.com\/vincentians.com\/es\/wp-content\/uploads\/sites\/11\/2016\/07\/escritos-guillemin.jpg?fit=1200%2C630&resize=350%2C200 1x, https:\/\/i0.wp.com\/vincentians.com\/es\/wp-content\/uploads\/sites\/11\/2016\/07\/escritos-guillemin.jpg?fit=1200%2C630&resize=525%2C300 1.5x, https:\/\/i0.wp.com\/vincentians.com\/es\/wp-content\/uploads\/sites\/11\/2016\/07\/escritos-guillemin.jpg?fit=1200%2C630&resize=700%2C400 2x, https:\/\/i0.wp.com\/vincentians.com\/es\/wp-content\/uploads\/sites\/11\/2016\/07\/escritos-guillemin.jpg?fit=1200%2C630&resize=1050%2C600 3x"},"classes":[]},{"id":131675,"url":"http:\/\/vincentians.com\/es\/amor-y-reverencia-hacia-el-padre\/","url_meta":{"origin":35060,"position":3},"title":"Amor y reverencia hacia el Padre","author":"Francisco Javier Fern\u00e1ndez Chento","date":"07\/02\/2015","format":false,"excerpt":"\"Se acerca la hora, o mejor dicho, ha llegado, en que los que dan culto aut\u00e9ntico dar\u00e1n culto al Padre con esp\u00edritu y verdad, pues de hecho el Padre busca hombres que le adoren as\u00ed. Dios es esp\u00edritu, y los que le adoran han de dar culto con esp\u00edritu y\u2026","rel":"","context":"En \u00abEspiritualidad vicenciana\u00bb","block_context":{"text":"Espiritualidad vicenciana","link":"http:\/\/vincentians.com\/es\/category\/espiritualidad\/espiritualidad-vicenciana\/"},"img":{"alt_text":"dios_nos_cuida","src":"https:\/\/i0.wp.com\/vicencianos.org\/wp-content\/2014\/11\/dios_nos_cuida-300x191.png?resize=350%2C200","width":350,"height":200},"classes":[]},{"id":144553,"url":"http:\/\/vincentians.com\/es\/6o-domingo-de-pascua-reflexion-de-javier-balda-c-m\/","url_meta":{"origin":35060,"position":4},"title":"6\u00ba Domingo de Pascua (reflexi\u00f3n de Javier Balda, C.M.)","author":"Francisco Javier Fern\u00e1ndez Chento","date":"08\/04\/2015","format":false,"excerpt":"Yo s\u00ed os he amado Hoy Cristo se te acerca y te dice: \u201cTe amo. Porque te amor me hice hombre. Porque te amor acept\u00e9 la voluntad del Padre. Porque te amo sufr\u00ed persecuci\u00f3n, calumnias, traici\u00f3n, escupitajos, golpes y hasta una muerte ignominiosa en una cruz. Porque te amo resucit\u00e9\u2026","rel":"","context":"En \u00abHomil\u00edas y reflexiones, A\u00f1o B\u00bb","block_context":{"text":"Homil\u00edas y reflexiones, A\u00f1o B","link":"http:\/\/vincentians.com\/es\/category\/homilias-y-reflexiones-a-la-palabra-de-dios\/homilias-y-reflexiones-ano-b\/"},"img":{"alt_text":"","src":"https:\/\/i0.wp.com\/vincentians.com\/es\/wp-content\/uploads\/sites\/11\/2016\/07\/reflexiones-palabra-de-dios.jpg?fit=1200%2C630&resize=350%2C200","width":350,"height":200,"srcset":"https:\/\/i0.wp.com\/vincentians.com\/es\/wp-content\/uploads\/sites\/11\/2016\/07\/reflexiones-palabra-de-dios.jpg?fit=1200%2C630&resize=350%2C200 1x, https:\/\/i0.wp.com\/vincentians.com\/es\/wp-content\/uploads\/sites\/11\/2016\/07\/reflexiones-palabra-de-dios.jpg?fit=1200%2C630&resize=525%2C300 1.5x, https:\/\/i0.wp.com\/vincentians.com\/es\/wp-content\/uploads\/sites\/11\/2016\/07\/reflexiones-palabra-de-dios.jpg?fit=1200%2C630&resize=700%2C400 2x, https:\/\/i0.wp.com\/vincentians.com\/es\/wp-content\/uploads\/sites\/11\/2016\/07\/reflexiones-palabra-de-dios.jpg?fit=1200%2C630&resize=1050%2C600 3x"},"classes":[]},{"id":34983,"url":"http:\/\/vincentians.com\/es\/introduccion-a-la-vida-devota-tercera-parte-capitulo-35\/","url_meta":{"origin":35060,"position":5},"title":"Introducci\u00f3n a la vida devota. Tercera parte, cap\u00edtulo 35","author":"Francisco Javier Fern\u00e1ndez Chento","date":"14\/04\/2021","format":false,"excerpt":"CAP\u00cdTULO XXXV QUE ES NECESARIO SER FIEL EN LAS OCASIONES GRANDES Y EN LAS PEQUE\u00d1AS El sagrado Esposo del Cantar de los Cantares dice que la Esposa le ha robado el coraz\u00f3n con uno de sus ojos y con uno de sus cabellos. Ahora bien, de todas las partes exteriores\u2026","rel":"","context":"En \u00abEscritos de Francisco de Sales\u00bb","block_context":{"text":"Escritos de Francisco de Sales","link":"http:\/\/vincentians.com\/es\/category\/escritos\/escritos-de-francisco-de-sales\/"},"img":{"alt_text":"","src":"https:\/\/i0.wp.com\/vincentians.com\/es\/wp-content\/uploads\/sites\/11\/2016\/08\/escritos-francisco-de-sales.jpg?fit=1200%2C630&resize=350%2C200","width":350,"height":200,"srcset":"https:\/\/i0.wp.com\/vincentians.com\/es\/wp-content\/uploads\/sites\/11\/2016\/08\/escritos-francisco-de-sales.jpg?fit=1200%2C630&resize=350%2C200 1x, https:\/\/i0.wp.com\/vincentians.com\/es\/wp-content\/uploads\/sites\/11\/2016\/08\/escritos-francisco-de-sales.jpg?fit=1200%2C630&resize=525%2C300 1.5x, https:\/\/i0.wp.com\/vincentians.com\/es\/wp-content\/uploads\/sites\/11\/2016\/08\/escritos-francisco-de-sales.jpg?fit=1200%2C630&resize=700%2C400 2x, https:\/\/i0.wp.com\/vincentians.com\/es\/wp-content\/uploads\/sites\/11\/2016\/08\/escritos-francisco-de-sales.jpg?fit=1200%2C630&resize=1050%2C600 3x"},"classes":[]}],"_links":{"self":[{"href":"http:\/\/vincentians.com\/es\/wp-json\/wp\/v2\/posts\/35060","targetHints":{"allow":["GET"]}}],"collection":[{"href":"http:\/\/vincentians.com\/es\/wp-json\/wp\/v2\/posts"}],"about":[{"href":"http:\/\/vincentians.com\/es\/wp-json\/wp\/v2\/types\/post"}],"author":[{"embeddable":true,"href":"http:\/\/vincentians.com\/es\/wp-json\/wp\/v2\/users\/4"}],"replies":[{"embeddable":true,"href":"http:\/\/vincentians.com\/es\/wp-json\/wp\/v2\/comments?post=35060"}],"version-history":[{"count":0,"href":"http:\/\/vincentians.com\/es\/wp-json\/wp\/v2\/posts\/35060\/revisions"}],"wp:featuredmedia":[{"embeddable":true,"href":"http:\/\/vincentians.com\/es\/wp-json\/wp\/v2\/media\/398698"}],"wp:attachment":[{"href":"http:\/\/vincentians.com\/es\/wp-json\/wp\/v2\/media?parent=35060"}],"wp:term":[{"taxonomy":"category","embeddable":true,"href":"http:\/\/vincentians.com\/es\/wp-json\/wp\/v2\/categories?post=35060"},{"taxonomy":"post_tag","embeddable":true,"href":"http:\/\/vincentians.com\/es\/wp-json\/wp\/v2\/tags?post=35060"}],"curies":[{"name":"wp","href":"https:\/\/api.w.org\/{rel}","templated":true}]}}