{"id":35057,"date":"2011-07-14T02:35:13","date_gmt":"2011-07-14T00:35:13","guid":{"rendered":"http:\/\/somos.vicencianos.org\/blog\/2011\/07\/introduccion-a-la-vida-devota-quinta-parte-capitulo-02\/"},"modified":"2011-07-14T02:35:13","modified_gmt":"2011-07-14T00:35:13","slug":"introduccion-a-la-vida-devota-quinta-parte-capitulo-02","status":"publish","type":"post","link":"http:\/\/vincentians.com\/es\/introduccion-a-la-vida-devota-quinta-parte-capitulo-02\/","title":{"rendered":"Introducci\u00f3n a la vida devota. Quinta parte, cap\u00edtulo 02"},"content":{"rendered":"<div id=\"attachment_32887\" style=\"width: 215px\" class=\"wp-caption alignright\"><a href=\"https:\/\/i0.wp.com\/vicencianos.org\/wp-content\/2011\/04\/francisco-de-sales.jpg\"><img data-recalc-dims=\"1\" loading=\"lazy\" decoding=\"async\" aria-describedby=\"caption-attachment-32887\" class=\"size-medium wp-image-32887\" title=\"San Francisco de Sales\" src=\"https:\/\/i0.wp.com\/vicencianos.org\/wp-content\/2011\/04\/francisco-de-sales-205x300.jpg?resize=205%2C300\" alt=\"San Francisco de Sales\" width=\"205\" height=\"300\" \/><\/a><p id=\"caption-attachment-32887\" class=\"wp-caption-text\">San Francisco de Sales<\/p><\/div>\n<p><strong>CAP\u00cdTULO II<\/strong><\/p>\n<p><strong>CONSIDERACI\u00d3N SOBRE EL INMENSO BENEFICIO QUE DIOS NOS HACE AL LLAMARNOS A SU SERVICIO, SEG\u00daN LA PROMESA YA CITADA<\/strong><\/p>\n<p>1. Considera, los puntos de tu promesa. El primero es haber dejado, rehusado, detestado, renunciado, para siempre, todo pecado mortal; el segundo es haber dedicado y consagrado tu alma, tu coraz\u00f3n, tu cuerpo, con todo lo que de \u00e9l depende, al amor y al servicio de Dios; el tercero es que, si llegases a caer en alguna mala acci\u00f3n, te levantar\u00edas enseguida, mediante la gracia de Dios. \u00a1Qu\u00e9 resoluciones tan bellas, justas, dignas y generosas! Reflexiona bien en tu interior cu\u00e1n santa, razonable y deseable es esta promesa.<\/p>\n<p>2. Considera a quien has hecho esta promesa: la has hecho a Dios. Si la palabra razonable dada a los hombres nos obliga estrechamente, cu\u00e1nto m\u00e1s la palabra dada a Dios. \u00ab\u00a1Ah, Se\u00f1or! -dec\u00eda David-, es a Ti, a quien mi coraz\u00f3n ha hablado; mi coraz\u00f3n ha dicho una buena palabra; jam\u00e1s la olvidar\u00e9\u00bb.<\/p>\n<p>3. Considera en presencia de quien, pues ha sido delante de toda la corte celestial. \u00a1Ah! la Sant\u00edsima Virgen, San Jos\u00e9, tu \u00c1ngel bueno, San Luis, toda esta bendita compa\u00f1\u00eda te miraba y, al o\u00edr tus palabras, exhalaba suspiros de gozo y aprobaci\u00f3n, y, con una mirada de amor inefable, ve\u00eda tu coraz\u00f3n, que, postrado a los pies del Salvador, se consagraba a su servicio. En la Jerusal\u00e9n celestial hubo un gozo muy particular, y ahora se celebrar\u00e1 all\u00ed la conmemoraci\u00f3n, si de coraz\u00f3n renuevas tus prop\u00f3sitos.<\/p>\n<p>4. Considera por qu\u00e9 procedimiento hiciste las promesas. \u00a1Ah! \u00a1Qu\u00e9 dulce y generoso fue Dios para contigo en aquel tiempo! Mas d\u00edme \u00bfno fuiste invitada por los suaves atractivos del Esp\u00edritu Santo? Las cuerdas, con las cuales arrastr\u00f3 Dios tu barquichuela hacia este puerto de salvaci\u00f3n, \u00bfno fueron el amor y la caridad? \u00bfNo te atrajo despu\u00e9s con su az\u00facar divino, con los sacramentos, la lectura y la oraci\u00f3n? \u00a1Ah, amada Filotea!, t\u00fa dorm\u00edas y Dios velaba por ti, y pensaba pensamientos de paz sobre tu coraz\u00f3n, y meditaba para ti. meditaciones de amor.<\/p>\n<p>5. Considera en qu\u00e9 tiempo te inspir\u00f3 Dios estas grandes resoluciones; fue en la flor de tu edad. \u00a1Ah! \u00a1Qu\u00e9 gozo conocer tan pronto lo que s\u00f3lo podemos saber demasiado tarde! San Agust\u00edn, ganado para Dios a la edad de treinta a\u00f1os, exclamaba: \u00ab\u00a1Belleza antigua! \u00bfC\u00f3mo te he conocido tan tarde? \u00a1Ah, te ve\u00eda y no hac\u00eda caso de ti! \u00bb Y t\u00fa podr\u00edas muy bien decir: \u00ab\u00a1Oh Dulzura antigua! \u00bfPor qu\u00e9 no te he saboreado antes?\u00bb Y sin embargo, todav\u00eda no lo merec\u00edas, por lo tanto, reconociendo la gracia que te ha hecho Dios, de atraerte en tu juventud, dile con David: \u00ab\u00a1Oh Dios m\u00edo, T\u00fa me has iluminado y tocado desde mi juventud, y yo proclamar\u00e9 siempre tu misericordia\u00bb. Y si esto no ha ocurrido hasta tu vejez, \u00a1qu\u00e9 gracia, Filotea, que, despu\u00e9s de los abusos de los a\u00f1os precedentes, Dios te haya llamado antes de la muerte, y haya detenido el curso de tu miseria en un tiempo en el cual, si esto hubiese continuado, hubieras sido eternamente desdichada!<\/p>\n<p>Considera los efectos de esta vocaci\u00f3n: seg\u00fan me parece, encontrar\u00e1s en ti muy buenos cambios, si comparas lo que eres con lo que fuiste. \u00bfNo sientes gozo en saber hablar de Dios por la oraci\u00f3n, en sentirte inclinada a quererle amar, en haber sosegado y pacificado muchas pasiones que te inquietaban, en haber evitado muchos pecados y tropiezos de conciencia y, finalmente, en haber comulgado con mucha m\u00e1s frecuencia que no lo hubieras hecho, uni\u00e9ndote con esta soberana fuente de gracias eternas? \u00a1Ah! \u00a1Qu\u00e9 grandes son estas gracias! Es menester pesarlas con el peso del santuario. Es la diestra de Dios la que ha hecho todo esto. \u00abLa bondadosa mano de Dios, exclama David, ha hecho la virtud; su diestra me ha levantado. \u00a1Ah! no morir\u00e9, sino que vivir\u00e9 y proclamar\u00e9 con el coraz\u00f3n, con la boca y con mis obras las maravillas de su bondad\u00bb.<\/p>\n<p>Despu\u00e9s de todas estas consideraciones, las cuales, como ves, inspiran gran abundancia de buenos afectos, es menester acabar sencillamente con una acci\u00f3n de gracias y con una plegaria, anhelando sacar mucho provecho de ellas, retir\u00e1ndote con humildad y confianza en Dios; reservando el esfuerzo que exigen las resoluciones para despu\u00e9s del segundo punto de este ejercicio.<\/p>\n","protected":false},"excerpt":{"rendered":"<p>CAP\u00cdTULO II CONSIDERACI\u00d3N SOBRE EL INMENSO BENEFICIO QUE DIOS NOS HACE AL LLAMARNOS A SU SERVICIO, SEG\u00daN LA PROMESA YA CITADA 1. Considera, los puntos de tu promesa. El primero es haber dejado, rehusado, detestado, &#8230; <a href=\"http:\/\/vincentians.com\/es\/introduccion-a-la-vida-devota-quinta-parte-capitulo-02\/\" class=\"more-link\">Read More<\/a><\/p>\n","protected":false},"author":4,"featured_media":398698,"comment_status":"open","ping_status":"open","sticky":false,"template":"","format":"standard","meta":{"rs_blank_template":"","rs_page_bg_color":"","slide_template_v7":"","_jetpack_newsletter_access":"","_jetpack_dont_email_post_to_subs":false,"_jetpack_newsletter_tier_id":0,"_jetpack_memberships_contains_paywalled_content":false,"_jetpack_feature_clip_id":0,"_jetpack_memberships_contains_paid_content":false,"footnotes":"","jetpack_publicize_message":"","jetpack_publicize_feature_enabled":true,"jetpack_social_post_already_shared":true,"jetpack_social_options":{"image_generator_settings":{"template":"highway","default_image_id":0,"font":"","enabled":false},"version":2},"jetpack_post_was_ever_published":false},"categories":[272],"tags":[],"class_list":["post-35057","post","type-post","status-publish","format-standard","has-post-thumbnail","hentry","category-escritos-de-francisco-de-sales"],"yoast_head":"<!-- This site is optimized with the Yoast SEO plugin v27.9 - https:\/\/yoast.com\/product\/yoast-seo-wordpress\/ -->\n<title>Introducci\u00f3n a la vida devota. Quinta parte, cap\u00edtulo 02 - Somos Vicencianos<\/title>\n<meta name=\"robots\" content=\"index, follow, max-snippet:-1, max-image-preview:large, max-video-preview:-1\" \/>\n<link rel=\"canonical\" href=\"http:\/\/vincentians.com\/es\/introduccion-a-la-vida-devota-quinta-parte-capitulo-02\/\" \/>\n<meta property=\"og:locale\" content=\"es_ES\" \/>\n<meta property=\"og:type\" content=\"article\" \/>\n<meta property=\"og:title\" content=\"Introducci\u00f3n a la vida devota. Quinta parte, cap\u00edtulo 02 - Somos Vicencianos\" \/>\n<meta property=\"og:description\" content=\"CAP\u00cdTULO II CONSIDERACI\u00d3N SOBRE EL INMENSO BENEFICIO QUE DIOS NOS HACE AL LLAMARNOS A SU SERVICIO, SEG\u00daN LA PROMESA YA CITADA 1. Considera, los puntos de tu promesa. El primero es haber dejado, rehusado, detestado, ... Read More\" \/>\n<meta property=\"og:url\" content=\"http:\/\/vincentians.com\/es\/introduccion-a-la-vida-devota-quinta-parte-capitulo-02\/\" \/>\n<meta property=\"og:site_name\" content=\"Somos Vicencianos\" \/>\n<meta property=\"article:publisher\" content=\"https:\/\/www.facebook.com\/WeAreVincentians\/\" \/>\n<meta property=\"article:author\" content=\"https:\/\/www.facebook.com\/JavierChento\" \/>\n<meta property=\"article:published_time\" content=\"2011-07-14T00:35:13+00:00\" \/>\n<meta property=\"og:image\" content=\"https:\/\/i0.wp.com\/vincentians.com\/es\/wp-content\/uploads\/sites\/11\/2016\/08\/escritos-francisco-de-sales.jpg?fit=1200%2C630\" \/>\n\t<meta property=\"og:image:width\" content=\"1200\" \/>\n\t<meta property=\"og:image:height\" content=\"630\" \/>\n\t<meta property=\"og:image:type\" content=\"image\/jpeg\" \/>\n<meta name=\"author\" content=\"Francisco Javier Fern\u00e1ndez Chento\" \/>\n<meta name=\"twitter:card\" content=\"summary_large_image\" \/>\n<meta name=\"twitter:creator\" content=\"@https:\/\/twitter.com\/javierchento\" \/>\n<meta name=\"twitter:site\" content=\"@WeVincentians\" \/>\n<meta name=\"twitter:label1\" content=\"Escrito por\" \/>\n\t<meta name=\"twitter:data1\" content=\"Francisco Javier Fern\u00e1ndez Chento\" \/>\n\t<meta name=\"twitter:label2\" content=\"Tiempo de lectura\" \/>\n\t<meta name=\"twitter:data2\" content=\"4 minutos\" \/>\n<script type=\"application\/ld+json\" class=\"yoast-schema-graph\">{\"@context\":\"https:\\\/\\\/schema.org\",\"@graph\":[{\"@type\":\"Article\",\"@id\":\"http:\\\/\\\/vincentians.com\\\/es\\\/introduccion-a-la-vida-devota-quinta-parte-capitulo-02\\\/#article\",\"isPartOf\":{\"@id\":\"http:\\\/\\\/vincentians.com\\\/es\\\/introduccion-a-la-vida-devota-quinta-parte-capitulo-02\\\/\"},\"author\":{\"name\":\"Francisco Javier Fern\u00e1ndez Chento\",\"@id\":\"https:\\\/\\\/vincentians.com\\\/es\\\/#\\\/schema\\\/person\\\/9623ef4d9aa3b2dfb8c061f1499288f2\"},\"headline\":\"Introducci\u00f3n a la vida devota. Quinta parte, cap\u00edtulo 02\",\"datePublished\":\"2011-07-14T00:35:13+00:00\",\"mainEntityOfPage\":{\"@id\":\"http:\\\/\\\/vincentians.com\\\/es\\\/introduccion-a-la-vida-devota-quinta-parte-capitulo-02\\\/\"},\"wordCount\":789,\"commentCount\":0,\"publisher\":{\"@id\":\"https:\\\/\\\/vincentians.com\\\/es\\\/#organization\"},\"image\":{\"@id\":\"http:\\\/\\\/vincentians.com\\\/es\\\/introduccion-a-la-vida-devota-quinta-parte-capitulo-02\\\/#primaryimage\"},\"thumbnailUrl\":\"https:\\\/\\\/i0.wp.com\\\/vincentians.com\\\/es\\\/wp-content\\\/uploads\\\/sites\\\/11\\\/2016\\\/08\\\/escritos-francisco-de-sales.jpg?fit=1200%2C630\",\"articleSection\":[\"Escritos de Francisco de Sales\"],\"inLanguage\":\"es\",\"potentialAction\":[{\"@type\":\"CommentAction\",\"name\":\"Comment\",\"target\":[\"http:\\\/\\\/vincentians.com\\\/es\\\/introduccion-a-la-vida-devota-quinta-parte-capitulo-02\\\/#respond\"]}]},{\"@type\":\"WebPage\",\"@id\":\"http:\\\/\\\/vincentians.com\\\/es\\\/introduccion-a-la-vida-devota-quinta-parte-capitulo-02\\\/\",\"url\":\"http:\\\/\\\/vincentians.com\\\/es\\\/introduccion-a-la-vida-devota-quinta-parte-capitulo-02\\\/\",\"name\":\"Introducci\u00f3n a la vida devota. Quinta parte, cap\u00edtulo 02 - Somos Vicencianos\",\"isPartOf\":{\"@id\":\"https:\\\/\\\/vincentians.com\\\/es\\\/#website\"},\"primaryImageOfPage\":{\"@id\":\"http:\\\/\\\/vincentians.com\\\/es\\\/introduccion-a-la-vida-devota-quinta-parte-capitulo-02\\\/#primaryimage\"},\"image\":{\"@id\":\"http:\\\/\\\/vincentians.com\\\/es\\\/introduccion-a-la-vida-devota-quinta-parte-capitulo-02\\\/#primaryimage\"},\"thumbnailUrl\":\"https:\\\/\\\/i0.wp.com\\\/vincentians.com\\\/es\\\/wp-content\\\/uploads\\\/sites\\\/11\\\/2016\\\/08\\\/escritos-francisco-de-sales.jpg?fit=1200%2C630\",\"datePublished\":\"2011-07-14T00:35:13+00:00\",\"breadcrumb\":{\"@id\":\"http:\\\/\\\/vincentians.com\\\/es\\\/introduccion-a-la-vida-devota-quinta-parte-capitulo-02\\\/#breadcrumb\"},\"inLanguage\":\"es\",\"potentialAction\":[{\"@type\":\"ReadAction\",\"target\":[\"http:\\\/\\\/vincentians.com\\\/es\\\/introduccion-a-la-vida-devota-quinta-parte-capitulo-02\\\/\"]}]},{\"@type\":\"ImageObject\",\"inLanguage\":\"es\",\"@id\":\"http:\\\/\\\/vincentians.com\\\/es\\\/introduccion-a-la-vida-devota-quinta-parte-capitulo-02\\\/#primaryimage\",\"url\":\"https:\\\/\\\/i0.wp.com\\\/vincentians.com\\\/es\\\/wp-content\\\/uploads\\\/sites\\\/11\\\/2016\\\/08\\\/escritos-francisco-de-sales.jpg?fit=1200%2C630\",\"contentUrl\":\"https:\\\/\\\/i0.wp.com\\\/vincentians.com\\\/es\\\/wp-content\\\/uploads\\\/sites\\\/11\\\/2016\\\/08\\\/escritos-francisco-de-sales.jpg?fit=1200%2C630\",\"width\":1200,\"height\":630},{\"@type\":\"BreadcrumbList\",\"@id\":\"http:\\\/\\\/vincentians.com\\\/es\\\/introduccion-a-la-vida-devota-quinta-parte-capitulo-02\\\/#breadcrumb\",\"itemListElement\":[{\"@type\":\"ListItem\",\"position\":1,\"name\":\"Portada\",\"item\":\"https:\\\/\\\/vincentians.com\\\/es\\\/\"},{\"@type\":\"ListItem\",\"position\":2,\"name\":\"Introducci\u00f3n a la vida devota. Quinta parte, cap\u00edtulo 02\"}]},{\"@type\":\"WebSite\",\"@id\":\"https:\\\/\\\/vincentians.com\\\/es\\\/#website\",\"url\":\"https:\\\/\\\/vincentians.com\\\/es\\\/\",\"name\":\"Somos Vicencianos\",\"description\":\"Know more to serve more\",\"publisher\":{\"@id\":\"https:\\\/\\\/vincentians.com\\\/es\\\/#organization\"},\"potentialAction\":[{\"@type\":\"SearchAction\",\"target\":{\"@type\":\"EntryPoint\",\"urlTemplate\":\"https:\\\/\\\/vincentians.com\\\/es\\\/?s={search_term_string}\"},\"query-input\":{\"@type\":\"PropertyValueSpecification\",\"valueRequired\":true,\"valueName\":\"search_term_string\"}}],\"inLanguage\":\"es\"},{\"@type\":\"Organization\",\"@id\":\"https:\\\/\\\/vincentians.com\\\/es\\\/#organization\",\"name\":\"The Vincentian Network\",\"url\":\"https:\\\/\\\/vincentians.com\\\/es\\\/\",\"logo\":{\"@type\":\"ImageObject\",\"inLanguage\":\"es\",\"@id\":\"https:\\\/\\\/vincentians.com\\\/es\\\/#\\\/schema\\\/logo\\\/image\\\/\",\"url\":\"https:\\\/\\\/i1.wp.com\\\/vincentians.com\\\/es\\\/wp-content\\\/uploads\\\/sites\\\/11\\\/2016\\\/06\\\/Vincentian-Network-logo-big.png?fit=778%2C778\",\"contentUrl\":\"https:\\\/\\\/i1.wp.com\\\/vincentians.com\\\/es\\\/wp-content\\\/uploads\\\/sites\\\/11\\\/2016\\\/06\\\/Vincentian-Network-logo-big.png?fit=778%2C778\",\"width\":778,\"height\":778,\"caption\":\"The Vincentian Network\"},\"image\":{\"@id\":\"https:\\\/\\\/vincentians.com\\\/es\\\/#\\\/schema\\\/logo\\\/image\\\/\"},\"sameAs\":[\"https:\\\/\\\/www.facebook.com\\\/WeAreVincentians\\\/\",\"https:\\\/\\\/x.com\\\/WeVincentians\"]},{\"@type\":\"Person\",\"@id\":\"https:\\\/\\\/vincentians.com\\\/es\\\/#\\\/schema\\\/person\\\/9623ef4d9aa3b2dfb8c061f1499288f2\",\"name\":\"Francisco Javier Fern\u00e1ndez Chento\",\"image\":{\"@type\":\"ImageObject\",\"inLanguage\":\"es\",\"@id\":\"https:\\\/\\\/secure.gravatar.com\\\/avatar\\\/497d5cde87b4c3d097d0315953521681ba2cd523ee66e5077c3711f7021e65de?s=96&d=mm&r=g\",\"url\":\"https:\\\/\\\/secure.gravatar.com\\\/avatar\\\/497d5cde87b4c3d097d0315953521681ba2cd523ee66e5077c3711f7021e65de?s=96&d=mm&r=g\",\"contentUrl\":\"https:\\\/\\\/secure.gravatar.com\\\/avatar\\\/497d5cde87b4c3d097d0315953521681ba2cd523ee66e5077c3711f7021e65de?s=96&d=mm&r=g\",\"caption\":\"Francisco Javier Fern\u00e1ndez Chento\"},\"description\":\"Director General y cofundador de La Red de Formaci\u00f3n Vicenciana. Javier es laico vicenciano, afiliado a la Congregaci\u00f3n de la Misi\u00f3n y miembro del Equipo de Misiones Populares de la provincia can\u00f3nica de Zaragoza (Espa\u00f1a) de la Congregaci\u00f3n de la Misi\u00f3n. Graduado en la Universidad Oberta de Catalunya con cuatro grados (Asistente de direcci\u00f3n, Gesti\u00f3n Administrativa, Recursos Humanos y Contabilidad Avanzada). Bil\u00edng\u00fce Espa\u00f1ol\\\/Ingl\u00e9s. gestiona y mantiene varias p\u00e1ginas web cristianas y vicencianas, incluida including La Red de Formaci\u00f3n Vicenciana, de la que es cofundador. Actualmente es responsable del \u00e1rea de Espa\u00f1ol de .famvin, la Red de Noticias de la Familia Vicenciana. Tambi\u00e9n es m\u00fasico cat\u00f3lico y ha editado varios discos. Es Director General y cofundador de Trovador, una reconocida compa\u00f1\u00eda discogr\u00e1fica critiana de Espa\u00f1a. Trabaja en las Tecnolog\u00edas de la Informaci\u00f3n, ofreciendo servicios de alojamiento, dise\u00f1o y mantenimiento Web, as\u00ed como asesoramiento, formaci\u00f3n y soluciones inform\u00e1ticas, gesti\u00f3n documental y digitalizaci\u00f3n de textos, edici\u00f3n y maquetaci\u00f3n de libros, revistas, flyers, etc.\",\"sameAs\":[\"http:\\\/\\\/chento.org\",\"https:\\\/\\\/www.facebook.com\\\/JavierChento\",\"https:\\\/\\\/x.com\\\/https:\\\/\\\/twitter.com\\\/javierchento\"],\"url\":\"http:\\\/\\\/vincentians.com\\\/es\\\/author\\\/chento\\\/\"}]}<\/script>\n<!-- \/ Yoast SEO plugin. -->","yoast_head_json":{"title":"Introducci\u00f3n a la vida devota. Quinta parte, cap\u00edtulo 02 - Somos Vicencianos","robots":{"index":"index","follow":"follow","max-snippet":"max-snippet:-1","max-image-preview":"max-image-preview:large","max-video-preview":"max-video-preview:-1"},"canonical":"http:\/\/vincentians.com\/es\/introduccion-a-la-vida-devota-quinta-parte-capitulo-02\/","og_locale":"es_ES","og_type":"article","og_title":"Introducci\u00f3n a la vida devota. Quinta parte, cap\u00edtulo 02 - Somos Vicencianos","og_description":"CAP\u00cdTULO II CONSIDERACI\u00d3N SOBRE EL INMENSO BENEFICIO QUE DIOS NOS HACE AL LLAMARNOS A SU SERVICIO, SEG\u00daN LA PROMESA YA CITADA 1. Considera, los puntos de tu promesa. El primero es haber dejado, rehusado, detestado, ... Read More","og_url":"http:\/\/vincentians.com\/es\/introduccion-a-la-vida-devota-quinta-parte-capitulo-02\/","og_site_name":"Somos Vicencianos","article_publisher":"https:\/\/www.facebook.com\/WeAreVincentians\/","article_author":"https:\/\/www.facebook.com\/JavierChento","article_published_time":"2011-07-14T00:35:13+00:00","og_image":[{"width":1200,"height":630,"url":"https:\/\/i0.wp.com\/vincentians.com\/es\/wp-content\/uploads\/sites\/11\/2016\/08\/escritos-francisco-de-sales.jpg?fit=1200%2C630","type":"image\/jpeg"}],"author":"Francisco Javier Fern\u00e1ndez Chento","twitter_card":"summary_large_image","twitter_creator":"@https:\/\/twitter.com\/javierchento","twitter_site":"@WeVincentians","twitter_misc":{"Escrito por":"Francisco Javier Fern\u00e1ndez Chento","Tiempo de lectura":"4 minutos"},"schema":{"@context":"https:\/\/schema.org","@graph":[{"@type":"Article","@id":"http:\/\/vincentians.com\/es\/introduccion-a-la-vida-devota-quinta-parte-capitulo-02\/#article","isPartOf":{"@id":"http:\/\/vincentians.com\/es\/introduccion-a-la-vida-devota-quinta-parte-capitulo-02\/"},"author":{"name":"Francisco Javier Fern\u00e1ndez Chento","@id":"https:\/\/vincentians.com\/es\/#\/schema\/person\/9623ef4d9aa3b2dfb8c061f1499288f2"},"headline":"Introducci\u00f3n a la vida devota. Quinta parte, cap\u00edtulo 02","datePublished":"2011-07-14T00:35:13+00:00","mainEntityOfPage":{"@id":"http:\/\/vincentians.com\/es\/introduccion-a-la-vida-devota-quinta-parte-capitulo-02\/"},"wordCount":789,"commentCount":0,"publisher":{"@id":"https:\/\/vincentians.com\/es\/#organization"},"image":{"@id":"http:\/\/vincentians.com\/es\/introduccion-a-la-vida-devota-quinta-parte-capitulo-02\/#primaryimage"},"thumbnailUrl":"https:\/\/i0.wp.com\/vincentians.com\/es\/wp-content\/uploads\/sites\/11\/2016\/08\/escritos-francisco-de-sales.jpg?fit=1200%2C630","articleSection":["Escritos de Francisco de Sales"],"inLanguage":"es","potentialAction":[{"@type":"CommentAction","name":"Comment","target":["http:\/\/vincentians.com\/es\/introduccion-a-la-vida-devota-quinta-parte-capitulo-02\/#respond"]}]},{"@type":"WebPage","@id":"http:\/\/vincentians.com\/es\/introduccion-a-la-vida-devota-quinta-parte-capitulo-02\/","url":"http:\/\/vincentians.com\/es\/introduccion-a-la-vida-devota-quinta-parte-capitulo-02\/","name":"Introducci\u00f3n a la vida devota. Quinta parte, cap\u00edtulo 02 - Somos Vicencianos","isPartOf":{"@id":"https:\/\/vincentians.com\/es\/#website"},"primaryImageOfPage":{"@id":"http:\/\/vincentians.com\/es\/introduccion-a-la-vida-devota-quinta-parte-capitulo-02\/#primaryimage"},"image":{"@id":"http:\/\/vincentians.com\/es\/introduccion-a-la-vida-devota-quinta-parte-capitulo-02\/#primaryimage"},"thumbnailUrl":"https:\/\/i0.wp.com\/vincentians.com\/es\/wp-content\/uploads\/sites\/11\/2016\/08\/escritos-francisco-de-sales.jpg?fit=1200%2C630","datePublished":"2011-07-14T00:35:13+00:00","breadcrumb":{"@id":"http:\/\/vincentians.com\/es\/introduccion-a-la-vida-devota-quinta-parte-capitulo-02\/#breadcrumb"},"inLanguage":"es","potentialAction":[{"@type":"ReadAction","target":["http:\/\/vincentians.com\/es\/introduccion-a-la-vida-devota-quinta-parte-capitulo-02\/"]}]},{"@type":"ImageObject","inLanguage":"es","@id":"http:\/\/vincentians.com\/es\/introduccion-a-la-vida-devota-quinta-parte-capitulo-02\/#primaryimage","url":"https:\/\/i0.wp.com\/vincentians.com\/es\/wp-content\/uploads\/sites\/11\/2016\/08\/escritos-francisco-de-sales.jpg?fit=1200%2C630","contentUrl":"https:\/\/i0.wp.com\/vincentians.com\/es\/wp-content\/uploads\/sites\/11\/2016\/08\/escritos-francisco-de-sales.jpg?fit=1200%2C630","width":1200,"height":630},{"@type":"BreadcrumbList","@id":"http:\/\/vincentians.com\/es\/introduccion-a-la-vida-devota-quinta-parte-capitulo-02\/#breadcrumb","itemListElement":[{"@type":"ListItem","position":1,"name":"Portada","item":"https:\/\/vincentians.com\/es\/"},{"@type":"ListItem","position":2,"name":"Introducci\u00f3n a la vida devota. Quinta parte, cap\u00edtulo 02"}]},{"@type":"WebSite","@id":"https:\/\/vincentians.com\/es\/#website","url":"https:\/\/vincentians.com\/es\/","name":"Somos Vicencianos","description":"Know more to serve more","publisher":{"@id":"https:\/\/vincentians.com\/es\/#organization"},"potentialAction":[{"@type":"SearchAction","target":{"@type":"EntryPoint","urlTemplate":"https:\/\/vincentians.com\/es\/?s={search_term_string}"},"query-input":{"@type":"PropertyValueSpecification","valueRequired":true,"valueName":"search_term_string"}}],"inLanguage":"es"},{"@type":"Organization","@id":"https:\/\/vincentians.com\/es\/#organization","name":"The Vincentian Network","url":"https:\/\/vincentians.com\/es\/","logo":{"@type":"ImageObject","inLanguage":"es","@id":"https:\/\/vincentians.com\/es\/#\/schema\/logo\/image\/","url":"https:\/\/i1.wp.com\/vincentians.com\/es\/wp-content\/uploads\/sites\/11\/2016\/06\/Vincentian-Network-logo-big.png?fit=778%2C778","contentUrl":"https:\/\/i1.wp.com\/vincentians.com\/es\/wp-content\/uploads\/sites\/11\/2016\/06\/Vincentian-Network-logo-big.png?fit=778%2C778","width":778,"height":778,"caption":"The Vincentian Network"},"image":{"@id":"https:\/\/vincentians.com\/es\/#\/schema\/logo\/image\/"},"sameAs":["https:\/\/www.facebook.com\/WeAreVincentians\/","https:\/\/x.com\/WeVincentians"]},{"@type":"Person","@id":"https:\/\/vincentians.com\/es\/#\/schema\/person\/9623ef4d9aa3b2dfb8c061f1499288f2","name":"Francisco Javier Fern\u00e1ndez Chento","image":{"@type":"ImageObject","inLanguage":"es","@id":"https:\/\/secure.gravatar.com\/avatar\/497d5cde87b4c3d097d0315953521681ba2cd523ee66e5077c3711f7021e65de?s=96&d=mm&r=g","url":"https:\/\/secure.gravatar.com\/avatar\/497d5cde87b4c3d097d0315953521681ba2cd523ee66e5077c3711f7021e65de?s=96&d=mm&r=g","contentUrl":"https:\/\/secure.gravatar.com\/avatar\/497d5cde87b4c3d097d0315953521681ba2cd523ee66e5077c3711f7021e65de?s=96&d=mm&r=g","caption":"Francisco Javier Fern\u00e1ndez Chento"},"description":"Director General y cofundador de La Red de Formaci\u00f3n Vicenciana. Javier es laico vicenciano, afiliado a la Congregaci\u00f3n de la Misi\u00f3n y miembro del Equipo de Misiones Populares de la provincia can\u00f3nica de Zaragoza (Espa\u00f1a) de la Congregaci\u00f3n de la Misi\u00f3n. Graduado en la Universidad Oberta de Catalunya con cuatro grados (Asistente de direcci\u00f3n, Gesti\u00f3n Administrativa, Recursos Humanos y Contabilidad Avanzada). Bil\u00edng\u00fce Espa\u00f1ol\/Ingl\u00e9s. gestiona y mantiene varias p\u00e1ginas web cristianas y vicencianas, incluida including La Red de Formaci\u00f3n Vicenciana, de la que es cofundador. Actualmente es responsable del \u00e1rea de Espa\u00f1ol de .famvin, la Red de Noticias de la Familia Vicenciana. Tambi\u00e9n es m\u00fasico cat\u00f3lico y ha editado varios discos. Es Director General y cofundador de Trovador, una reconocida compa\u00f1\u00eda discogr\u00e1fica critiana de Espa\u00f1a. Trabaja en las Tecnolog\u00edas de la Informaci\u00f3n, ofreciendo servicios de alojamiento, dise\u00f1o y mantenimiento Web, as\u00ed como asesoramiento, formaci\u00f3n y soluciones inform\u00e1ticas, gesti\u00f3n documental y digitalizaci\u00f3n de textos, edici\u00f3n y maquetaci\u00f3n de libros, revistas, flyers, etc.","sameAs":["http:\/\/chento.org","https:\/\/www.facebook.com\/JavierChento","https:\/\/x.com\/https:\/\/twitter.com\/javierchento"],"url":"http:\/\/vincentians.com\/es\/author\/chento\/"}]}},"jetpack_publicize_connections":[],"jetpack_featured_media_url":"https:\/\/i0.wp.com\/vincentians.com\/es\/wp-content\/uploads\/sites\/11\/2016\/08\/escritos-francisco-de-sales.jpg?fit=1200%2C630","jetpack_sharing_enabled":true,"jetpack_shortlink":"https:\/\/wp.me\/p7ETMF-97r","jetpack-related-posts":[{"id":114953,"url":"http:\/\/vincentians.com\/es\/como-rezar-el-rosario\/","url_meta":{"origin":35057,"position":0},"title":"C\u00f3mo rezar el Rosario","author":"Francisco Javier Fern\u00e1ndez Chento","date":"14\/02\/2019","format":false,"excerpt":"Modo de rezarlo Hacer el signo de la cruz y rezar el s\u00edmbolo de los ap\u00f3stoles o el acto de contrici\u00f3n. Rezar el Padrenuestro. Rezar 3 Avemar\u00edas y Gloria. Anunciar el primer misterio. Rezar el Padrenuestro. Rezar 10 Avemar\u00edas, Gloria y Jaculatoria. Anunciar el segundo misterio. Rezar el Padrenuestro. Rezar\u2026","rel":"","context":"En \u00abOraci\u00f3n\u00bb","block_context":{"text":"Oraci\u00f3n","link":"http:\/\/vincentians.com\/es\/category\/espiritualidad\/oracion\/"},"img":{"alt_text":"","src":"https:\/\/i0.wp.com\/vincentians.com\/es\/wp-content\/uploads\/sites\/11\/2016\/09\/ojos-jesucristo.jpg?fit=1200%2C630&resize=350%2C200","width":350,"height":200,"srcset":"https:\/\/i0.wp.com\/vincentians.com\/es\/wp-content\/uploads\/sites\/11\/2016\/09\/ojos-jesucristo.jpg?fit=1200%2C630&resize=350%2C200 1x, https:\/\/i0.wp.com\/vincentians.com\/es\/wp-content\/uploads\/sites\/11\/2016\/09\/ojos-jesucristo.jpg?fit=1200%2C630&resize=525%2C300 1.5x, https:\/\/i0.wp.com\/vincentians.com\/es\/wp-content\/uploads\/sites\/11\/2016\/09\/ojos-jesucristo.jpg?fit=1200%2C630&resize=700%2C400 2x, https:\/\/i0.wp.com\/vincentians.com\/es\/wp-content\/uploads\/sites\/11\/2016\/09\/ojos-jesucristo.jpg?fit=1200%2C630&resize=1050%2C600 3x"},"classes":[]},{"id":125375,"url":"http:\/\/vincentians.com\/es\/lumen-fidei-capitulo-1\/","url_meta":{"origin":35057,"position":1},"title":"Lumen Fidei (Cap\u00edtulo 1)","author":"Francisco Javier Fern\u00e1ndez Chento","date":"16\/11\/2013","format":false,"excerpt":"\u00a0 Cap\u00edtulo primero: Hemos cre\u00eddo en el amor (cf. 1 Jn 4,16) Abrah\u00e1n, nuestro padre en la fe 8. La fe nos abre el camino y acompa\u00f1a nuestros pasos a lo largo de la historia. Por eso, si queremos entender lo que es la fe, tenemos que narrar su recorrido,\u2026","rel":"","context":"En \u00abDocumentos Pontificios\u00bb","block_context":{"text":"Documentos Pontificios","link":"http:\/\/vincentians.com\/es\/category\/formacion-cristiana\/documentos-pontificios\/"},"img":{"alt_text":"Lumen-fidei","src":"https:\/\/i0.wp.com\/vicencianos.org\/wp-content\/2013\/11\/Lumen-fidei-300x300.jpg?resize=350%2C200","width":350,"height":200},"classes":[]},{"id":135241,"url":"http:\/\/vincentians.com\/es\/vicente-de-paul-carta-1243-carlos-nacquart-sacerdote-de-la-mision-a-san-vicente\/","url_meta":{"origin":35057,"position":2},"title":"Vicente de Pa\u00fal, Carta 1243: Carlos Nacquart, Sacerdote De La Misi\u00f3n, A San Vicente","author":"Francisco Javier Fern\u00e1ndez Chento","date":"08\/01\/2015","format":false,"excerpt":"Fuerte Dauphin, 16 febrero 1650. Padre: Le pido su santa bendici\u00f3n. \u00a1Bendito sea Dios si la misma persona por quien le escribo la presente es portador de la misma, tal como me lo ha prometido! Pues, adem\u00e1s de lo mucho que le debo por haberme dado su afecto, su respeto,\u2026","rel":"","context":"En \u00abEscritos de Vicente de Pa\u00fal\u00bb","block_context":{"text":"Escritos de Vicente de Pa\u00fal","link":"http:\/\/vincentians.com\/es\/category\/escritos\/escritos-de-vicente-de-paul\/"},"img":{"alt_text":"","src":"https:\/\/i0.wp.com\/vincentians.com\/es\/wp-content\/uploads\/sites\/11\/2016\/07\/escritos-vicente-de-paul.jpg?fit=1200%2C630&resize=350%2C200","width":350,"height":200,"srcset":"https:\/\/i0.wp.com\/vincentians.com\/es\/wp-content\/uploads\/sites\/11\/2016\/07\/escritos-vicente-de-paul.jpg?fit=1200%2C630&resize=350%2C200 1x, https:\/\/i0.wp.com\/vincentians.com\/es\/wp-content\/uploads\/sites\/11\/2016\/07\/escritos-vicente-de-paul.jpg?fit=1200%2C630&resize=525%2C300 1.5x, https:\/\/i0.wp.com\/vincentians.com\/es\/wp-content\/uploads\/sites\/11\/2016\/07\/escritos-vicente-de-paul.jpg?fit=1200%2C630&resize=700%2C400 2x, https:\/\/i0.wp.com\/vincentians.com\/es\/wp-content\/uploads\/sites\/11\/2016\/07\/escritos-vicente-de-paul.jpg?fit=1200%2C630&resize=1050%2C600 3x"},"classes":[]},{"id":121269,"url":"http:\/\/vincentians.com\/es\/el-signo-de-estos-tiempos-tesis-3a-la-base-historica-buscar-el-reino-de-dios-y-su-justicia\/","url_meta":{"origin":35057,"position":3},"title":"El signo de estos tiempos. Tesis 3\u00aa: La base hist\u00f3rica: buscar el reino de Dios y su justicia","author":"Francisco Javier Fern\u00e1ndez Chento","date":"30\/06\/2015","format":false,"excerpt":"Tesis 3\u00aa: La base hist\u00f3rica: buscar el reino de Dios y su justicia La promesa divina de liberaci\u00f3n escatol\u00f3gica, objeto de la esperanza creyente, debe estimular al seguidor de Jesucristo a trabajar con todas sus fuerzas por establecer signos de liberaci\u00f3n en este mundo, en el tiempo de la historia.\u2026","rel":"","context":"En \u00abFormaci\u00f3n Vicenciana\u00bb","block_context":{"text":"Formaci\u00f3n Vicenciana","link":"http:\/\/vincentians.com\/es\/category\/formacion-vicenciana\/"},"img":{"alt_text":"El_signo_de_estos_tiempos_tesis_3","src":"https:\/\/i0.wp.com\/vicencianos.org\/wp-content\/2013\/04\/El_signo_de_estos_tiempos_tesis_3-1024x591.jpg?resize=350%2C200","width":350,"height":200,"srcset":"https:\/\/i0.wp.com\/vicencianos.org\/wp-content\/2013\/04\/El_signo_de_estos_tiempos_tesis_3-1024x591.jpg?resize=350%2C200 1x, https:\/\/i0.wp.com\/vicencianos.org\/wp-content\/2013\/04\/El_signo_de_estos_tiempos_tesis_3-1024x591.jpg?resize=525%2C300 1.5x"},"classes":[]},{"id":130255,"url":"http:\/\/vincentians.com\/es\/un-perfil-heroico-santa-luisa-de-marillac-04\/","url_meta":{"origin":35057,"position":4},"title":"Un perfil heroico: santa Luisa de Marillac (04)","author":"Francisco Javier Fern\u00e1ndez Chento","date":"26\/02\/2015","format":false,"excerpt":"QU\u00c9 es el hombre, Se\u00f1or, para que T\u00fa hagas de \u00e9l tanto caso, y para que se ocupe de \u00e9l tu coraz\u00f3n? Lo visitas al rayar el alba, y de repente lo atribulas. (Job, VIII.) LLAMADA divina que hace crecer en el amor a las almas que son fieles en\u2026","rel":"","context":"En \u00abLuisa de Marillac\u00bb","block_context":{"text":"Luisa de Marillac","link":"http:\/\/vincentians.com\/es\/category\/la-familia-vicenciana\/fundadores\/luisa-de-marillac\/"},"img":{"alt_text":"OLYMPUS DIGITAL CAMERA","src":"https:\/\/i0.wp.com\/vicencianos.org\/wp-content\/2014\/04\/louise-marillac-300x248.jpg?resize=350%2C200","width":350,"height":200},"classes":[]},{"id":103923,"url":"http:\/\/vincentians.com\/es\/luisa-de-marillac-carta-0649-a-mis-muy-queridas-hermanas-las-hijas-de-la-caridad\/","url_meta":{"origin":35057,"position":5},"title":"Luisa de Marillac, Carta 0649: A mis muy queridas Hermanas las Hijas de la Caridad","author":"Francisco Javier Fern\u00e1ndez Chento","date":"25\/09\/2012","format":false,"excerpt":"Siervas de los Pobres Enfermos en Ussel Hoy, 20 de septiembre de 1658 Mis muy queridas Hermanas: Tenemos muchos motivos para alabar a Dios por la paciencia que les ha dado y la bendici\u00f3n que su bondad ha derramado despu\u00e9s sobre los designios de nuestra buena y respetada se\u00f1ora Duquesa.\u2026","rel":"","context":"En \u00abEscritos de Luisa de Marillac\u00bb","block_context":{"text":"Escritos de Luisa de Marillac","link":"http:\/\/vincentians.com\/es\/category\/escritos\/escritos-de-luisa-de-marillac\/"},"img":{"alt_text":"","src":"https:\/\/i0.wp.com\/vincentians.com\/es\/wp-content\/uploads\/sites\/11\/2016\/07\/escritos-luisa-de-marillac.jpg?fit=1200%2C630&resize=350%2C200","width":350,"height":200,"srcset":"https:\/\/i0.wp.com\/vincentians.com\/es\/wp-content\/uploads\/sites\/11\/2016\/07\/escritos-luisa-de-marillac.jpg?fit=1200%2C630&resize=350%2C200 1x, https:\/\/i0.wp.com\/vincentians.com\/es\/wp-content\/uploads\/sites\/11\/2016\/07\/escritos-luisa-de-marillac.jpg?fit=1200%2C630&resize=525%2C300 1.5x, https:\/\/i0.wp.com\/vincentians.com\/es\/wp-content\/uploads\/sites\/11\/2016\/07\/escritos-luisa-de-marillac.jpg?fit=1200%2C630&resize=700%2C400 2x, https:\/\/i0.wp.com\/vincentians.com\/es\/wp-content\/uploads\/sites\/11\/2016\/07\/escritos-luisa-de-marillac.jpg?fit=1200%2C630&resize=1050%2C600 3x"},"classes":[]}],"_links":{"self":[{"href":"http:\/\/vincentians.com\/es\/wp-json\/wp\/v2\/posts\/35057","targetHints":{"allow":["GET"]}}],"collection":[{"href":"http:\/\/vincentians.com\/es\/wp-json\/wp\/v2\/posts"}],"about":[{"href":"http:\/\/vincentians.com\/es\/wp-json\/wp\/v2\/types\/post"}],"author":[{"embeddable":true,"href":"http:\/\/vincentians.com\/es\/wp-json\/wp\/v2\/users\/4"}],"replies":[{"embeddable":true,"href":"http:\/\/vincentians.com\/es\/wp-json\/wp\/v2\/comments?post=35057"}],"version-history":[{"count":0,"href":"http:\/\/vincentians.com\/es\/wp-json\/wp\/v2\/posts\/35057\/revisions"}],"wp:featuredmedia":[{"embeddable":true,"href":"http:\/\/vincentians.com\/es\/wp-json\/wp\/v2\/media\/398698"}],"wp:attachment":[{"href":"http:\/\/vincentians.com\/es\/wp-json\/wp\/v2\/media?parent=35057"}],"wp:term":[{"taxonomy":"category","embeddable":true,"href":"http:\/\/vincentians.com\/es\/wp-json\/wp\/v2\/categories?post=35057"},{"taxonomy":"post_tag","embeddable":true,"href":"http:\/\/vincentians.com\/es\/wp-json\/wp\/v2\/tags?post=35057"}],"curies":[{"name":"wp","href":"https:\/\/api.w.org\/{rel}","templated":true}]}}