{"id":340,"date":"2009-11-18T14:26:49","date_gmt":"2009-11-18T13:26:49","guid":{"rendered":"http:\/\/somos.vicencianos.org\/blog\/?p=340"},"modified":"2016-07-27T12:15:47","modified_gmt":"2016-07-27T10:15:47","slug":"victor-andueza","status":"publish","type":"post","link":"http:\/\/vincentians.com\/es\/victor-andueza\/","title":{"rendered":"V\u00edctor Andueza"},"content":{"rendered":"<table border=\"1\" cellspacing=\"0\" cellpadding=\"0\">\n<tbody>\n<tr>\n<td width=\"36\" valign=\"top\">\n<p align=\"center\"><strong>3<\/strong><\/p>\n<\/td>\n<td width=\"195\" valign=\"top\">\n<p align=\"center\"><strong>P. V\u00edctor Andueza<\/strong><\/p>\n<\/td>\n<td width=\"79\" valign=\"top\">\n<p align=\"center\"><strong>14-06-72<\/strong><\/p>\n<\/td>\n<td width=\"113\" valign=\"top\">\n<p align=\"center\"><strong>Pamplona<\/strong><\/p>\n<\/td>\n<td width=\"153\" valign=\"top\">\n<p align=\"center\"><strong>Anales 72, pg.364<\/strong><\/p>\n<\/td>\n<\/tr>\n<\/tbody>\n<\/table>\n<p><a href=\"https:\/\/i0.wp.com\/vicencianos.org\/vicencianos\/files\/2009\/11\/mso4C036.jpg\"><img data-recalc-dims=\"1\" loading=\"lazy\" decoding=\"async\" class=\"alignleft size-medium wp-image-487\" src=\"https:\/\/i0.wp.com\/vicencianos.org\/vicencianos\/files\/2009\/11\/mso4C036-183x300.jpg?resize=279%2C457\" alt=\"mso4C036\" width=\"279\" height=\"457\" \/><\/a>\u00abMe voy al para\u00edso\u00bb, nos dec\u00eda al comenzar su \u00faltima semana de vida. Ya est\u00e1 all\u00ed. Muri\u00f3 en Pamplona el 14 de junio a las nueve y cinco de la ma\u00f1ana. Los dos \u00faltimos d\u00edas ya no pod\u00eda hablar, aunque entend\u00eda y segu\u00eda todo lo que se hac\u00eda en su alrededor y, sin embargo, poco antes de morir salud\u00f3 con todo cari\u00f1o a la Hermana que le atend\u00eda.<\/p>\n<p>Todo comenz\u00f3 la noche del 14 de mayo. Hab\u00eda vuelto aquella ma\u00f1ana de su querido Artajona, donde hab\u00eda impartido la primera comuni\u00f3n a la m\u00e1s peque\u00f1a de sus sobrinas. Por la noche calent\u00f3 la cena y prepar\u00f3 todo como lo sol\u00eda hacer los d\u00edas festivos. No notaba nada. Estaba ale\u00adgre y de buen humor. Ya en la cama se puso mal. No se levant\u00f3 el 15 y al llegar el m\u00e9dico mando internarlo inmediatamente. Lo llevaron a la cl\u00ednica del Hospital Provincial que atienden nuestras Hermanas y que se han esmerado en atenderle. Aquella misma tarde le operaron de oclusi\u00f3n intestinal. Los m\u00e9dicos apenas pod\u00edan trabajar. Todo el vientre estaba inflamado y tem\u00edan que reventara por cualquier lado. Hicieron lo imprescindible en espera de mejor oportunidad. Le volvieron a intervenir el 27 de mayo. Esta vez trabajaron a gusto y quedaron contentos de su labor. No reaccionaba. Estuvieron pendientes de \u00e9l en todo momento. Pensaron operarle otra vez el 13 de junio, pero ya no se atrevieron. Nada se pod\u00eda hacer por \u00e9l.<\/p>\n<p>No estuvo ni un minuto solo. Sus hermanos se han turnado d\u00eda y noche. Las visitas de nuestros padres han sido incesantes.<\/p>\n<p>El estaba convencido de que morir\u00eda joven. Lo afirm\u00f3 muchas veces. No le importaba gran cosa. Los primeros d\u00edas no daba importancia a su enfermedad. Cre\u00eda que era cuesti\u00f3n de d\u00edas. Con todo, se confes\u00f3 varias veces. Acept\u00f3 la muerte con toda paz y tranquilidad. Durante la adminis\u00adtraci\u00f3n de la unci\u00f3n de los enfermos contest\u00f3 a todo con voz serena. Continuamente rezaba jaculatorias dirigidas, las m\u00e1s de las veces, al Sa\u00adgrado Coraz\u00f3n y a la Virgen.<\/p>\n<p>No eran \u00e9stas las primeras operaciones que sufr\u00eda. Anteriormente ha\u00adb\u00eda soportado otras siete, todas en el vientre. Algunas urgentes, a vida o muerte. Todo comenz\u00f3, al parecer, con su destino a Cuba. Despu\u00e9s de pasar unos a\u00f1os en Galicia, y en vista de la labor que hab\u00eda desarrollado en Los Milagros, los superiores le enviaron en 1947 al Caribe. All\u00ed pronto cay\u00f3 enfermo y tuvo que volver a Espa\u00f1a. No faltaron quienes diagnos\u00adticaron \u00abhispanitis\u00bb a sus dolencias, pero nueve operaciones y veinte a\u00f1os de enfermedad permanente recusan tal diagn\u00f3stico.&amp;<\/p>\n<p><title>500 Internal Server Error<\/title><\/p>\n<h1>Internal Server Error<\/h1>\n<p>The server encountered an internal error or<br \/>\nmisconfiguration and was unable to complete<br \/>\nyour request.<\/p>\n<p>Please contact the server administrator,<br \/>\n webmaster@vicencianos.org and inform them of the time the error occurred,<br \/>\nand anything you might have done that may have<br \/>\ncaused the error.<\/p>\n<p>More information about this error may be available<br \/>\nin the server error log.<\/p>\n<p>Additionally, a 404 Not Found<br \/>\nerror was encountered while trying to use an ErrorDocument to handle the request.<\/p>\n","protected":false},"excerpt":{"rendered":"<p>3 P. V\u00edctor Andueza 14-06-72 Pamplona Anales 72, pg.364 \u00abMe voy al para\u00edso\u00bb, nos dec\u00eda al comenzar su \u00faltima semana de vida. Ya est\u00e1 all\u00ed. Muri\u00f3 en Pamplona el 14 de junio a las nueve &#8230; <a href=\"http:\/\/vincentians.com\/es\/victor-andueza\/\" class=\"more-link\">Read More<\/a><\/p>\n","protected":false},"author":5,"featured_media":391249,"comment_status":"closed","ping_status":"closed","sticky":false,"template":"","format":"standard","meta":{"rs_blank_template":"","rs_page_bg_color":"","slide_template_v7":"","_jetpack_newsletter_access":"","_jetpack_dont_email_post_to_subs":false,"_jetpack_newsletter_tier_id":0,"_jetpack_memberships_contains_paywalled_content":false,"_jetpack_feature_clip_id":0,"_jetpack_memberships_contains_paid_content":false,"footnotes":"","jetpack_publicize_message":"","jetpack_publicize_feature_enabled":true,"jetpack_social_post_already_shared":true,"jetpack_social_options":{"image_generator_settings":{"template":"highway","default_image_id":0,"font":"","enabled":false},"version":2},"jetpack_post_was_ever_published":false},"categories":[19],"tags":[],"class_list":["post-340","post","type-post","status-publish","format-standard","has-post-thumbnail","hentry","category-biografias-de-misioneros-paules"],"yoast_head":"<!-- This site is optimized with the Yoast SEO plugin v27.9 - https:\/\/yoast.com\/product\/yoast-seo-wordpress\/ -->\n<title>V\u00edctor Andueza - Somos Vicencianos<\/title>\n<meta name=\"robots\" content=\"index, follow, max-snippet:-1, max-image-preview:large, max-video-preview:-1\" \/>\n<link rel=\"canonical\" href=\"http:\/\/vincentians.com\/es\/victor-andueza\/\" \/>\n<meta property=\"og:locale\" content=\"es_ES\" \/>\n<meta property=\"og:type\" content=\"article\" \/>\n<meta property=\"og:title\" content=\"V\u00edctor Andueza - Somos Vicencianos\" \/>\n<meta property=\"og:description\" content=\"3 P. V\u00edctor Andueza 14-06-72 Pamplona Anales 72, pg.364 \u00abMe voy al para\u00edso\u00bb, nos dec\u00eda al comenzar su \u00faltima semana de vida. Ya est\u00e1 all\u00ed. Muri\u00f3 en Pamplona el 14 de junio a las nueve ... Read More\" \/>\n<meta property=\"og:url\" content=\"http:\/\/vincentians.com\/es\/victor-andueza\/\" \/>\n<meta property=\"og:site_name\" content=\"Somos Vicencianos\" \/>\n<meta property=\"article:publisher\" content=\"https:\/\/www.facebook.com\/WeAreVincentians\/\" \/>\n<meta property=\"article:published_time\" content=\"2009-11-18T13:26:49+00:00\" \/>\n<meta property=\"article:modified_time\" content=\"2016-07-27T10:15:47+00:00\" \/>\n<meta property=\"og:image\" content=\"https:\/\/i0.wp.com\/vincentians.com\/es\/wp-content\/uploads\/sites\/11\/2016\/07\/bio-cm.jpg?fit=1200%2C630\" \/>\n\t<meta property=\"og:image:width\" content=\"1200\" \/>\n\t<meta property=\"og:image:height\" content=\"630\" \/>\n\t<meta property=\"og:image:type\" content=\"image\/jpeg\" \/>\n<meta name=\"author\" content=\"Mitxel Olabu\u00e9naga\" \/>\n<meta name=\"twitter:card\" content=\"summary_large_image\" \/>\n<meta name=\"twitter:creator\" content=\"@WeVincentians\" \/>\n<meta name=\"twitter:site\" content=\"@WeVincentians\" \/>\n<meta name=\"twitter:label1\" content=\"Escrito por\" \/>\n\t<meta name=\"twitter:data1\" content=\"Mitxel Olabu\u00e9naga\" \/>\n\t<meta name=\"twitter:label2\" content=\"Tiempo de lectura\" \/>\n\t<meta name=\"twitter:data2\" content=\"3 minutos\" \/>\n<script type=\"application\/ld+json\" class=\"yoast-schema-graph\">{\"@context\":\"https:\\\/\\\/schema.org\",\"@graph\":[{\"@type\":\"Article\",\"@id\":\"http:\\\/\\\/vincentians.com\\\/es\\\/victor-andueza\\\/#article\",\"isPartOf\":{\"@id\":\"http:\\\/\\\/vincentians.com\\\/es\\\/victor-andueza\\\/\"},\"author\":{\"name\":\"Mitxel Olabu\u00e9naga\",\"@id\":\"http:\\\/\\\/vincentians.com\\\/es\\\/#\\\/schema\\\/person\\\/7c2670b4445a7ca9d164ea6acdb31859\"},\"headline\":\"V\u00edctor Andueza\",\"datePublished\":\"2009-11-18T13:26:49+00:00\",\"dateModified\":\"2016-07-27T10:15:47+00:00\",\"mainEntityOfPage\":{\"@id\":\"http:\\\/\\\/vincentians.com\\\/es\\\/victor-andueza\\\/\"},\"wordCount\":563,\"publisher\":{\"@id\":\"http:\\\/\\\/vincentians.com\\\/es\\\/#organization\"},\"image\":{\"@id\":\"http:\\\/\\\/vincentians.com\\\/es\\\/victor-andueza\\\/#primaryimage\"},\"thumbnailUrl\":\"https:\\\/\\\/i0.wp.com\\\/vincentians.com\\\/es\\\/wp-content\\\/uploads\\\/sites\\\/11\\\/2016\\\/07\\\/bio-cm.jpg?fit=1200%2C630\",\"articleSection\":[\"Biograf\u00edas de Misioneros Pa\u00fales\"],\"inLanguage\":\"es\"},{\"@type\":\"WebPage\",\"@id\":\"http:\\\/\\\/vincentians.com\\\/es\\\/victor-andueza\\\/\",\"url\":\"http:\\\/\\\/vincentians.com\\\/es\\\/victor-andueza\\\/\",\"name\":\"V\u00edctor Andueza - Somos Vicencianos\",\"isPartOf\":{\"@id\":\"http:\\\/\\\/vincentians.com\\\/es\\\/#website\"},\"primaryImageOfPage\":{\"@id\":\"http:\\\/\\\/vincentians.com\\\/es\\\/victor-andueza\\\/#primaryimage\"},\"image\":{\"@id\":\"http:\\\/\\\/vincentians.com\\\/es\\\/victor-andueza\\\/#primaryimage\"},\"thumbnailUrl\":\"https:\\\/\\\/i0.wp.com\\\/vincentians.com\\\/es\\\/wp-content\\\/uploads\\\/sites\\\/11\\\/2016\\\/07\\\/bio-cm.jpg?fit=1200%2C630\",\"datePublished\":\"2009-11-18T13:26:49+00:00\",\"dateModified\":\"2016-07-27T10:15:47+00:00\",\"breadcrumb\":{\"@id\":\"http:\\\/\\\/vincentians.com\\\/es\\\/victor-andueza\\\/#breadcrumb\"},\"inLanguage\":\"es\",\"potentialAction\":[{\"@type\":\"ReadAction\",\"target\":[\"http:\\\/\\\/vincentians.com\\\/es\\\/victor-andueza\\\/\"]}]},{\"@type\":\"ImageObject\",\"inLanguage\":\"es\",\"@id\":\"http:\\\/\\\/vincentians.com\\\/es\\\/victor-andueza\\\/#primaryimage\",\"url\":\"https:\\\/\\\/i0.wp.com\\\/vincentians.com\\\/es\\\/wp-content\\\/uploads\\\/sites\\\/11\\\/2016\\\/07\\\/bio-cm.jpg?fit=1200%2C630\",\"contentUrl\":\"https:\\\/\\\/i0.wp.com\\\/vincentians.com\\\/es\\\/wp-content\\\/uploads\\\/sites\\\/11\\\/2016\\\/07\\\/bio-cm.jpg?fit=1200%2C630\",\"width\":1200,\"height\":630},{\"@type\":\"BreadcrumbList\",\"@id\":\"http:\\\/\\\/vincentians.com\\\/es\\\/victor-andueza\\\/#breadcrumb\",\"itemListElement\":[{\"@type\":\"ListItem\",\"position\":1,\"name\":\"Portada\",\"item\":\"http:\\\/\\\/vincentians.com\\\/es\\\/\"},{\"@type\":\"ListItem\",\"position\":2,\"name\":\"V\u00edctor Andueza\"}]},{\"@type\":\"WebSite\",\"@id\":\"http:\\\/\\\/vincentians.com\\\/es\\\/#website\",\"url\":\"http:\\\/\\\/vincentians.com\\\/es\\\/\",\"name\":\"Somos Vicencianos\",\"description\":\"Know more to serve more\",\"publisher\":{\"@id\":\"http:\\\/\\\/vincentians.com\\\/es\\\/#organization\"},\"potentialAction\":[{\"@type\":\"SearchAction\",\"target\":{\"@type\":\"EntryPoint\",\"urlTemplate\":\"http:\\\/\\\/vincentians.com\\\/es\\\/?s={search_term_string}\"},\"query-input\":{\"@type\":\"PropertyValueSpecification\",\"valueRequired\":true,\"valueName\":\"search_term_string\"}}],\"inLanguage\":\"es\"},{\"@type\":\"Organization\",\"@id\":\"http:\\\/\\\/vincentians.com\\\/es\\\/#organization\",\"name\":\"The Vincentian Network\",\"url\":\"http:\\\/\\\/vincentians.com\\\/es\\\/\",\"logo\":{\"@type\":\"ImageObject\",\"inLanguage\":\"es\",\"@id\":\"http:\\\/\\\/vincentians.com\\\/es\\\/#\\\/schema\\\/logo\\\/image\\\/\",\"url\":\"https:\\\/\\\/i1.wp.com\\\/vincentians.com\\\/es\\\/wp-content\\\/uploads\\\/sites\\\/11\\\/2016\\\/06\\\/Vincentian-Network-logo-big.png?fit=778%2C778\",\"contentUrl\":\"https:\\\/\\\/i1.wp.com\\\/vincentians.com\\\/es\\\/wp-content\\\/uploads\\\/sites\\\/11\\\/2016\\\/06\\\/Vincentian-Network-logo-big.png?fit=778%2C778\",\"width\":778,\"height\":778,\"caption\":\"The Vincentian Network\"},\"image\":{\"@id\":\"http:\\\/\\\/vincentians.com\\\/es\\\/#\\\/schema\\\/logo\\\/image\\\/\"},\"sameAs\":[\"https:\\\/\\\/www.facebook.com\\\/WeAreVincentians\\\/\",\"https:\\\/\\\/x.com\\\/WeVincentians\"]},{\"@type\":\"Person\",\"@id\":\"http:\\\/\\\/vincentians.com\\\/es\\\/#\\\/schema\\\/person\\\/7c2670b4445a7ca9d164ea6acdb31859\",\"name\":\"Mitxel Olabu\u00e9naga\",\"image\":{\"@type\":\"ImageObject\",\"inLanguage\":\"es\",\"@id\":\"https:\\\/\\\/secure.gravatar.com\\\/avatar\\\/34137ec2e2b8939cbbed975731e71f3f4f1defc7266ded337a5ce0f925426877?s=96&d=mm&r=g\",\"url\":\"https:\\\/\\\/secure.gravatar.com\\\/avatar\\\/34137ec2e2b8939cbbed975731e71f3f4f1defc7266ded337a5ce0f925426877?s=96&d=mm&r=g\",\"contentUrl\":\"https:\\\/\\\/secure.gravatar.com\\\/avatar\\\/34137ec2e2b8939cbbed975731e71f3f4f1defc7266ded337a5ce0f925426877?s=96&d=mm&r=g\",\"caption\":\"Mitxel Olabu\u00e9naga\"},\"url\":\"http:\\\/\\\/vincentians.com\\\/es\\\/author\\\/mitxel\\\/\"}]}<\/script>\n<!-- \/ Yoast SEO plugin. -->","yoast_head_json":{"title":"V\u00edctor Andueza - Somos Vicencianos","robots":{"index":"index","follow":"follow","max-snippet":"max-snippet:-1","max-image-preview":"max-image-preview:large","max-video-preview":"max-video-preview:-1"},"canonical":"http:\/\/vincentians.com\/es\/victor-andueza\/","og_locale":"es_ES","og_type":"article","og_title":"V\u00edctor Andueza - Somos Vicencianos","og_description":"3 P. V\u00edctor Andueza 14-06-72 Pamplona Anales 72, pg.364 \u00abMe voy al para\u00edso\u00bb, nos dec\u00eda al comenzar su \u00faltima semana de vida. Ya est\u00e1 all\u00ed. Muri\u00f3 en Pamplona el 14 de junio a las nueve ... Read More","og_url":"http:\/\/vincentians.com\/es\/victor-andueza\/","og_site_name":"Somos Vicencianos","article_publisher":"https:\/\/www.facebook.com\/WeAreVincentians\/","article_published_time":"2009-11-18T13:26:49+00:00","article_modified_time":"2016-07-27T10:15:47+00:00","og_image":[{"width":1200,"height":630,"url":"https:\/\/i0.wp.com\/vincentians.com\/es\/wp-content\/uploads\/sites\/11\/2016\/07\/bio-cm.jpg?fit=1200%2C630","type":"image\/jpeg"}],"author":"Mitxel Olabu\u00e9naga","twitter_card":"summary_large_image","twitter_creator":"@WeVincentians","twitter_site":"@WeVincentians","twitter_misc":{"Escrito por":"Mitxel Olabu\u00e9naga","Tiempo de lectura":"3 minutos"},"schema":{"@context":"https:\/\/schema.org","@graph":[{"@type":"Article","@id":"http:\/\/vincentians.com\/es\/victor-andueza\/#article","isPartOf":{"@id":"http:\/\/vincentians.com\/es\/victor-andueza\/"},"author":{"name":"Mitxel Olabu\u00e9naga","@id":"http:\/\/vincentians.com\/es\/#\/schema\/person\/7c2670b4445a7ca9d164ea6acdb31859"},"headline":"V\u00edctor Andueza","datePublished":"2009-11-18T13:26:49+00:00","dateModified":"2016-07-27T10:15:47+00:00","mainEntityOfPage":{"@id":"http:\/\/vincentians.com\/es\/victor-andueza\/"},"wordCount":563,"publisher":{"@id":"http:\/\/vincentians.com\/es\/#organization"},"image":{"@id":"http:\/\/vincentians.com\/es\/victor-andueza\/#primaryimage"},"thumbnailUrl":"https:\/\/i0.wp.com\/vincentians.com\/es\/wp-content\/uploads\/sites\/11\/2016\/07\/bio-cm.jpg?fit=1200%2C630","articleSection":["Biograf\u00edas de Misioneros Pa\u00fales"],"inLanguage":"es"},{"@type":"WebPage","@id":"http:\/\/vincentians.com\/es\/victor-andueza\/","url":"http:\/\/vincentians.com\/es\/victor-andueza\/","name":"V\u00edctor Andueza - Somos Vicencianos","isPartOf":{"@id":"http:\/\/vincentians.com\/es\/#website"},"primaryImageOfPage":{"@id":"http:\/\/vincentians.com\/es\/victor-andueza\/#primaryimage"},"image":{"@id":"http:\/\/vincentians.com\/es\/victor-andueza\/#primaryimage"},"thumbnailUrl":"https:\/\/i0.wp.com\/vincentians.com\/es\/wp-content\/uploads\/sites\/11\/2016\/07\/bio-cm.jpg?fit=1200%2C630","datePublished":"2009-11-18T13:26:49+00:00","dateModified":"2016-07-27T10:15:47+00:00","breadcrumb":{"@id":"http:\/\/vincentians.com\/es\/victor-andueza\/#breadcrumb"},"inLanguage":"es","potentialAction":[{"@type":"ReadAction","target":["http:\/\/vincentians.com\/es\/victor-andueza\/"]}]},{"@type":"ImageObject","inLanguage":"es","@id":"http:\/\/vincentians.com\/es\/victor-andueza\/#primaryimage","url":"https:\/\/i0.wp.com\/vincentians.com\/es\/wp-content\/uploads\/sites\/11\/2016\/07\/bio-cm.jpg?fit=1200%2C630","contentUrl":"https:\/\/i0.wp.com\/vincentians.com\/es\/wp-content\/uploads\/sites\/11\/2016\/07\/bio-cm.jpg?fit=1200%2C630","width":1200,"height":630},{"@type":"BreadcrumbList","@id":"http:\/\/vincentians.com\/es\/victor-andueza\/#breadcrumb","itemListElement":[{"@type":"ListItem","position":1,"name":"Portada","item":"http:\/\/vincentians.com\/es\/"},{"@type":"ListItem","position":2,"name":"V\u00edctor Andueza"}]},{"@type":"WebSite","@id":"http:\/\/vincentians.com\/es\/#website","url":"http:\/\/vincentians.com\/es\/","name":"Somos Vicencianos","description":"Know more to serve more","publisher":{"@id":"http:\/\/vincentians.com\/es\/#organization"},"potentialAction":[{"@type":"SearchAction","target":{"@type":"EntryPoint","urlTemplate":"http:\/\/vincentians.com\/es\/?s={search_term_string}"},"query-input":{"@type":"PropertyValueSpecification","valueRequired":true,"valueName":"search_term_string"}}],"inLanguage":"es"},{"@type":"Organization","@id":"http:\/\/vincentians.com\/es\/#organization","name":"The Vincentian Network","url":"http:\/\/vincentians.com\/es\/","logo":{"@type":"ImageObject","inLanguage":"es","@id":"http:\/\/vincentians.com\/es\/#\/schema\/logo\/image\/","url":"https:\/\/i1.wp.com\/vincentians.com\/es\/wp-content\/uploads\/sites\/11\/2016\/06\/Vincentian-Network-logo-big.png?fit=778%2C778","contentUrl":"https:\/\/i1.wp.com\/vincentians.com\/es\/wp-content\/uploads\/sites\/11\/2016\/06\/Vincentian-Network-logo-big.png?fit=778%2C778","width":778,"height":778,"caption":"The Vincentian Network"},"image":{"@id":"http:\/\/vincentians.com\/es\/#\/schema\/logo\/image\/"},"sameAs":["https:\/\/www.facebook.com\/WeAreVincentians\/","https:\/\/x.com\/WeVincentians"]},{"@type":"Person","@id":"http:\/\/vincentians.com\/es\/#\/schema\/person\/7c2670b4445a7ca9d164ea6acdb31859","name":"Mitxel Olabu\u00e9naga","image":{"@type":"ImageObject","inLanguage":"es","@id":"https:\/\/secure.gravatar.com\/avatar\/34137ec2e2b8939cbbed975731e71f3f4f1defc7266ded337a5ce0f925426877?s=96&d=mm&r=g","url":"https:\/\/secure.gravatar.com\/avatar\/34137ec2e2b8939cbbed975731e71f3f4f1defc7266ded337a5ce0f925426877?s=96&d=mm&r=g","contentUrl":"https:\/\/secure.gravatar.com\/avatar\/34137ec2e2b8939cbbed975731e71f3f4f1defc7266ded337a5ce0f925426877?s=96&d=mm&r=g","caption":"Mitxel Olabu\u00e9naga"},"url":"http:\/\/vincentians.com\/es\/author\/mitxel\/"}]}},"jetpack_publicize_connections":[],"jetpack_featured_media_url":"https:\/\/i0.wp.com\/vincentians.com\/es\/wp-content\/uploads\/sites\/11\/2016\/07\/bio-cm.jpg?fit=1200%2C630","jetpack_sharing_enabled":true,"jetpack_shortlink":"https:\/\/wp.me\/p7ETMF-5u","jetpack-related-posts":[{"id":316,"url":"http:\/\/vincentians.com\/es\/rafael-resa\/","url_meta":{"origin":340,"position":0},"title":"Rafael Resa","author":"Mitxel Olabu\u00e9naga","date":"18\/11\/2009","format":false,"excerpt":"2 P. Rafael Resa 17-06-71 Corella Anales 71, pg.336 Descans\u00f3 en el Se\u00f1or, despu\u00e9s de una larga agon\u00eda, la tarde del 17 de junio. Lleg\u00f3 de Roma, ya enfermo, el verano pasado. El diagn\u00f3stico de los m\u00e9dicos no pudo ser m\u00e1s pesimista: c\u00e1ncer de h\u00edgado y po\u00adcos meses de vida.\u2026","rel":"","context":"En \u00abBiograf\u00edas de Misioneros Pa\u00fales\u00bb","block_context":{"text":"Biograf\u00edas de Misioneros Pa\u00fales","link":"http:\/\/vincentians.com\/es\/category\/la-familia-vicenciana\/biografias-vicencianas\/biografias-de-misioneros-paules\/"},"img":{"alt_text":"","src":"https:\/\/i0.wp.com\/vincentians.com\/es\/wp-content\/uploads\/sites\/11\/2016\/07\/bio-cm.jpg?fit=1200%2C630&resize=350%2C200","width":350,"height":200,"srcset":"https:\/\/i0.wp.com\/vincentians.com\/es\/wp-content\/uploads\/sites\/11\/2016\/07\/bio-cm.jpg?fit=1200%2C630&resize=350%2C200 1x, https:\/\/i0.wp.com\/vincentians.com\/es\/wp-content\/uploads\/sites\/11\/2016\/07\/bio-cm.jpg?fit=1200%2C630&resize=525%2C300 1.5x, https:\/\/i0.wp.com\/vincentians.com\/es\/wp-content\/uploads\/sites\/11\/2016\/07\/bio-cm.jpg?fit=1200%2C630&resize=700%2C400 2x, https:\/\/i0.wp.com\/vincentians.com\/es\/wp-content\/uploads\/sites\/11\/2016\/07\/bio-cm.jpg?fit=1200%2C630&resize=1050%2C600 3x"},"classes":[]},{"id":405076,"url":"http:\/\/vincentians.com\/es\/santuarios-marianos-c-m-en-espana-x\/","url_meta":{"origin":340,"position":1},"title":"SANTUARIOS MARIANOS C.M. en ESPA\u00d1A (X)","author":"Mitxel Olabu\u00e9naga","date":"12\/01\/2024","format":false,"excerpt":"IGLESIA-SANTUARIO DE LA VIRGEN MILAGROSA (PAMPLONA) La fundaci\u00f3n de nuestra casa de Pamplona tiene sus antecedentes en la villa de Lodosa, donde en 1914 se fund\u00f3 una casa-misi\u00f3n gracias a la gene\u00adrosidad y celo de la famosa Sor Simona Oroz, secundada m\u00e1s tarde por Sor Carmen y Sor Petra Ezcurra,\u2026","rel":"","context":"En \u00abSin categor\u00eda\u00bb","block_context":{"text":"Sin categor\u00eda","link":"http:\/\/vincentians.com\/es\/category\/sin-categoria\/"},"img":{"alt_text":"","src":"https:\/\/i0.wp.com\/vincentians.com\/es\/wp-content\/uploads\/sites\/11\/2016\/09\/ojos-jesucristo.jpg?fit=1200%2C630&resize=350%2C200","width":350,"height":200,"srcset":"https:\/\/i0.wp.com\/vincentians.com\/es\/wp-content\/uploads\/sites\/11\/2016\/09\/ojos-jesucristo.jpg?fit=1200%2C630&resize=350%2C200 1x, https:\/\/i0.wp.com\/vincentians.com\/es\/wp-content\/uploads\/sites\/11\/2016\/09\/ojos-jesucristo.jpg?fit=1200%2C630&resize=525%2C300 1.5x, https:\/\/i0.wp.com\/vincentians.com\/es\/wp-content\/uploads\/sites\/11\/2016\/09\/ojos-jesucristo.jpg?fit=1200%2C630&resize=700%2C400 2x, https:\/\/i0.wp.com\/vincentians.com\/es\/wp-content\/uploads\/sites\/11\/2016\/09\/ojos-jesucristo.jpg?fit=1200%2C630&resize=1050%2C600 3x"},"classes":[]},{"id":387681,"url":"http:\/\/vincentians.com\/es\/la-provincia-de-las-hijas-de-la-caridad-xxi\/","url_meta":{"origin":340,"position":2},"title":"La Provincia espa\u00f1ola de las Hijas de la Caridad (XXI)","author":"Mitxel Olabu\u00e9naga","date":"25\/06\/2016","format":false,"excerpt":"Fundaci\u00f3n de las Hermanas en Pamplona. Casi al mismo tiempo de establecerse el noviciado comenzaron las gestiones de la Inclusa de Pamplona para conseguir los servicios de las Hijas de la Caridad. Fue el promotor de esta obra el eximio Arcediano de aquella Iglesia, D.Joaqu\u00edn Javier Uriz y Lasaga, futuro\u2026","rel":"","context":"En \u00abHistoria de las Hijas de la Caridad\u00bb","block_context":{"text":"Historia de las Hijas de la Caridad","link":"http:\/\/vincentians.com\/es\/category\/historia-de-la-familia-vicenciana\/historia-de-las-hijas-de-la-caridad\/"},"img":{"alt_text":"LOGO HHC","src":"https:\/\/i0.wp.com\/vicencianos.org\/wp-content\/uploads\/2013\/01\/LOGO-HHC.gif?resize=350%2C200","width":350,"height":200},"classes":[]},{"id":330,"url":"http:\/\/vincentians.com\/es\/tomas-lucea\/","url_meta":{"origin":340,"position":3},"title":"Tom\u00e1s Lucea","author":"Mitxel Olabu\u00e9naga","date":"18\/11\/2009","format":false,"excerpt":"6 P. Tom\u00e1s Lucea 02-09-73 Pamplona Anales 73, pg. 464 El d\u00eda 2 de septiembre de 1973, el se\u00f1or alguacil de Larraga (Navarra) echaba el siguiente bando por los altavoces de la pa\u00adrroquia y del Ayuntamiento: \"En Pamplona acaba de fallecer el P. Tom\u00e1s Lucea y Fern\u00e1ndez de Beaumont, a\u2026","rel":"","context":"En \u00abBiograf\u00edas de Misioneros Pa\u00fales\u00bb","block_context":{"text":"Biograf\u00edas de Misioneros Pa\u00fales","link":"http:\/\/vincentians.com\/es\/category\/la-familia-vicenciana\/biografias-vicencianas\/biografias-de-misioneros-paules\/"},"img":{"alt_text":"","src":"https:\/\/i0.wp.com\/vincentians.com\/es\/wp-content\/uploads\/sites\/11\/2016\/07\/bio-cm.jpg?fit=1200%2C630&resize=350%2C200","width":350,"height":200,"srcset":"https:\/\/i0.wp.com\/vincentians.com\/es\/wp-content\/uploads\/sites\/11\/2016\/07\/bio-cm.jpg?fit=1200%2C630&resize=350%2C200 1x, https:\/\/i0.wp.com\/vincentians.com\/es\/wp-content\/uploads\/sites\/11\/2016\/07\/bio-cm.jpg?fit=1200%2C630&resize=525%2C300 1.5x, https:\/\/i0.wp.com\/vincentians.com\/es\/wp-content\/uploads\/sites\/11\/2016\/07\/bio-cm.jpg?fit=1200%2C630&resize=700%2C400 2x, https:\/\/i0.wp.com\/vincentians.com\/es\/wp-content\/uploads\/sites\/11\/2016\/07\/bio-cm.jpg?fit=1200%2C630&resize=1050%2C600 3x"},"classes":[]},{"id":309,"url":"http:\/\/vincentians.com\/es\/pedro-ballaz\/","url_meta":{"origin":340,"position":4},"title":"Pedro Ballaz","author":"Mitxel Olabu\u00e9naga","date":"18\/11\/2009","format":false,"excerpt":"41 P. Pedro Ballaz 28-06-93 Pamplona Anales 1993 Sep.569 Homil\u00eda del P. Visitador en la Misa Exequial. Pamplona, Iglesia de la Milagrosa, 28 de junio 1993 El P. Pedro Ballaz, C.M. falleci\u00f3 la madrugada del 27 de junio de 1993 en la Residencia de los PP. Pa\u00fales de Pamplona. Hab\u00eda\u2026","rel":"","context":"En \u00abBiograf\u00edas de Misioneros Pa\u00fales\u00bb","block_context":{"text":"Biograf\u00edas de Misioneros Pa\u00fales","link":"http:\/\/vincentians.com\/es\/category\/la-familia-vicenciana\/biografias-vicencianas\/biografias-de-misioneros-paules\/"},"img":{"alt_text":"","src":"https:\/\/i0.wp.com\/vincentians.com\/es\/wp-content\/uploads\/sites\/11\/2016\/07\/bio-cm.jpg?fit=1200%2C630&resize=350%2C200","width":350,"height":200,"srcset":"https:\/\/i0.wp.com\/vincentians.com\/es\/wp-content\/uploads\/sites\/11\/2016\/07\/bio-cm.jpg?fit=1200%2C630&resize=350%2C200 1x, https:\/\/i0.wp.com\/vincentians.com\/es\/wp-content\/uploads\/sites\/11\/2016\/07\/bio-cm.jpg?fit=1200%2C630&resize=525%2C300 1.5x, https:\/\/i0.wp.com\/vincentians.com\/es\/wp-content\/uploads\/sites\/11\/2016\/07\/bio-cm.jpg?fit=1200%2C630&resize=700%2C400 2x, https:\/\/i0.wp.com\/vincentians.com\/es\/wp-content\/uploads\/sites\/11\/2016\/07\/bio-cm.jpg?fit=1200%2C630&resize=1050%2C600 3x"},"classes":[]},{"id":118290,"url":"http:\/\/vincentians.com\/es\/centenario-de-las-hijas-de-la-caridad-en-marchena-1964\/","url_meta":{"origin":340,"position":5},"title":"Centenario de las Hijas de la Caridad en Marchena (1964)","author":"Mitxel Olabu\u00e9naga","date":"17\/03\/2013","format":false,"excerpt":"J\u00fabilo de hace un siglo El d\u00eda 19 de junio de 1864 lle\u00adgaban a Marchena las Hijas de la Caridad. Las esperaban el ve\u00adcindario entero, presidido por su Ayuntamiento y los sacerdotes de la localidad. Al aparecer en lontananza el coche de caballos en el que viajaban, repicaron las campanas\u2026","rel":"","context":"En \u00abHistoria de las Hijas de la Caridad\u00bb","block_context":{"text":"Historia de las Hijas de la Caridad","link":"http:\/\/vincentians.com\/es\/category\/historia-de-la-familia-vicenciana\/historia-de-las-hijas-de-la-caridad\/"},"img":{"alt_text":"calle Milagrosa","src":"https:\/\/i0.wp.com\/vicencianos.org\/wp-content\/2013\/02\/calle-Milagrosa.jpg?resize=350%2C200","width":350,"height":200},"classes":[]}],"_links":{"self":[{"href":"http:\/\/vincentians.com\/es\/wp-json\/wp\/v2\/posts\/340","targetHints":{"allow":["GET"]}}],"collection":[{"href":"http:\/\/vincentians.com\/es\/wp-json\/wp\/v2\/posts"}],"about":[{"href":"http:\/\/vincentians.com\/es\/wp-json\/wp\/v2\/types\/post"}],"author":[{"embeddable":true,"href":"http:\/\/vincentians.com\/es\/wp-json\/wp\/v2\/users\/5"}],"replies":[{"embeddable":true,"href":"http:\/\/vincentians.com\/es\/wp-json\/wp\/v2\/comments?post=340"}],"version-history":[{"count":0,"href":"http:\/\/vincentians.com\/es\/wp-json\/wp\/v2\/posts\/340\/revisions"}],"wp:featuredmedia":[{"embeddable":true,"href":"http:\/\/vincentians.com\/es\/wp-json\/wp\/v2\/media\/391249"}],"wp:attachment":[{"href":"http:\/\/vincentians.com\/es\/wp-json\/wp\/v2\/media?parent=340"}],"wp:term":[{"taxonomy":"category","embeddable":true,"href":"http:\/\/vincentians.com\/es\/wp-json\/wp\/v2\/categories?post=340"},{"taxonomy":"post_tag","embeddable":true,"href":"http:\/\/vincentians.com\/es\/wp-json\/wp\/v2\/tags?post=340"}],"curies":[{"name":"wp","href":"https:\/\/api.w.org\/{rel}","templated":true}]}}