{"id":3381,"date":"2013-04-25T06:35:44","date_gmt":"2013-04-25T04:35:44","guid":{"rendered":"http:\/\/somos.vicencianos.org\/comentarios\/2013\/04\/18\/4o-domingo-de-pascua-reflexion-de-antonio-elduayen-c-m-2\/"},"modified":"2016-07-24T10:27:18","modified_gmt":"2016-07-24T08:27:18","slug":"5o-domingo-de-pascua-reflexion-de-antonio-elduayen-c-m","status":"publish","type":"post","link":"http:\/\/vincentians.com\/es\/5o-domingo-de-pascua-reflexion-de-antonio-elduayen-c-m\/","title":{"rendered":"5\u00ba Domingo de Pascua (reflexi\u00f3n de Antonio Elduayen, C.M.)"},"content":{"rendered":"<p><img data-recalc-dims=\"1\" loading=\"lazy\" decoding=\"async\" class=\"alignright size-full wp-image-74\" title=\"antonio_elduayen\" alt=\"\" src=\"https:\/\/i0.wp.com\/vicencianos.org\/comentarios\/files\/2010\/12\/antonio_elduayen.jpg?resize=204%2C225\" width=\"204\" height=\"225\" \/>Queridos amigos<\/p>\n<p>El mandamiento nuevo del amor es sin duda lo m\u00e1s importante que Jes\u00fas nos dio en su despedida de los ap\u00f3stoles despu\u00e9s de la \u00daltima Cena. Nos lo transcribe el evangelista Juan (Jn 13, 34-35), casi al final del cap\u00edtulo en el que tan originalmente nos habla de la \u00faltima Pascua de Jes\u00fas (Jn 13, 1-38). Les recuerdo que los sin\u00f3pticos prefirieron poner la despedida de Jes\u00fas en el d\u00eda de su Ascensi\u00f3n al Padre, con las instrucciones \u00faltimas, que dio a los ap\u00f3stoles antes de partir (Mt 28,18-20). Y que Juan convirti\u00f3 esas instrucciones en cuatro largos e importantes \u201cdiscursos\u201d (cap\u00edtulos 14, 15, 16 y 17), que les dio mientras iban caminando del cen\u00e1culo al huerto de Getseman\u00ed.<\/p>\n<p>Por tratarse de una despedida y por las circunstancias especiales que la rodearon (Jn. 13, 1-30), hubo conmoci\u00f3n y pena en los ap\u00f3stoles. Tambi\u00e9n en Jes\u00fas, que reaccion\u00f3 pronto y les fue haciendo ver el lado positivo del acontecimiento, de lo que iba a pasar, seg\u00fan nos lo cuenta Juan, que estuvo all\u00ed. Este es mi momento de gloria, les dijo (y nos dijo), y el momento de la mayor gloria tributada nunca a Dios. Es por ello que el Padre Dios me va a glorificar y me va a sentar a su derecha en el cielo (Jn 13, 31-32). Por la cruz a la luz, solemos decir. Es cabalmente lo que le pas\u00f3 a Jes\u00fas y lo que \u00c9l dijo: cuando sea levantado en la cruz (su pasi\u00f3n y muerte) ser\u00e9 exaltado por Dios (resurrecci\u00f3n, ascensi\u00f3n y vida eterna para cuantos crean en \u00c9l (Jn 12, 32).<\/p>\n<p>A los ap\u00f3stoles -y a nosotros, que quedamos para Su venida -, nos dej\u00f3, salido de su coraz\u00f3n, el mandamiento nuevo del amor (Jn 13, 34-35). El amor que es vivir en comuni\u00f3n (\u00e1mense los unos a los otros); el amor que tiene en Jesucristo su fuente, modelo y t\u00e9rmino (\u00e1mense los unos a los otros como yo les he ha amado): y el amor que es la se\u00f1al de ser disc\u00edpulo de Jes\u00fas (por el amor que se tengan los unos a los otros reconocer\u00e1n todos que son disc\u00edpulos m\u00edos y a M\u00ed me reconocer\u00e1n como su Maestro). Gran y hermosa tarea la de vivir y ense\u00f1ar a vivir as\u00ed el amor. Como forma, estilo y estado de vida. Tal fue en Jes\u00fas y lo ha sido en los santos que, como San Vicente de Paul, han sido amor y han vivido para la caridad.<\/p>\n<p>Lamentablemente, olvidando que la caridad es mucho m\u00e1s que una virtud que se pone en pr\u00e1ctica de vez en cuando, la redujimos a hacer caridades (limosna y beneficencia). Olvidamos que la caridad (el amor) es el estado de vida del cristiano, quien, como dec\u00eda San Vicente, debe vivir continuamente ocupado en la pr\u00e1ctica real del amor o en disposici\u00f3n de ello. Y olvidamos que, como indic\u00f3 Jes\u00fas, el signo distintivo de quien quiere ser su disc\u00edpulo es que nos amemos y que la gente vea que nos amamos. Es decir, vivir la comuni\u00f3n. Al respecto Jes\u00fas hizo dos cosas: lavar los pies a sus disc\u00edpulos y darse a s\u00ed mismo en comida, como eucarist\u00eda. Darnos a Dios en el servicio de los empobrecidos debiera ser lo que nosotros hagamos. Siendo comprensivos, solidarios y bondadosos con todos.<\/p>\n","protected":false},"excerpt":{"rendered":"<p>Queridos amigos El mandamiento nuevo del amor es sin duda lo m\u00e1s importante que Jes\u00fas nos dio en su despedida de los ap\u00f3stoles despu\u00e9s de la \u00daltima Cena. Nos lo transcribe el evangelista Juan (Jn &#8230; <a href=\"http:\/\/vincentians.com\/es\/5o-domingo-de-pascua-reflexion-de-antonio-elduayen-c-m\/\" class=\"more-link\">Read More<\/a><\/p>\n","protected":false},"author":4,"featured_media":388408,"comment_status":"open","ping_status":"open","sticky":false,"template":"","format":"standard","meta":{"jetpack_post_was_ever_published":false,"_jetpack_newsletter_access":"","_jetpack_dont_email_post_to_subs":false,"_jetpack_newsletter_tier_id":0,"_jetpack_memberships_contains_paywalled_content":false,"_jetpack_memberships_contains_paid_content":false,"footnotes":"","jetpack_publicize_message":"","jetpack_publicize_feature_enabled":true,"jetpack_social_post_already_shared":true,"jetpack_social_options":{"image_generator_settings":{"template":"highway","default_image_id":0,"font":"","enabled":false},"version":2}},"categories":[94],"tags":[],"class_list":["post-3381","post","type-post","status-publish","format-standard","has-post-thumbnail","hentry","category-homilias-y-reflexiones-ano-c"],"yoast_head":"<!-- This site is optimized with the Yoast SEO plugin v26.3 - https:\/\/yoast.com\/wordpress\/plugins\/seo\/ -->\n<title>5\u00ba Domingo de Pascua (reflexi\u00f3n de Antonio Elduayen, C.M.) - Somos Vicencianos<\/title>\n<meta name=\"robots\" content=\"index, follow, max-snippet:-1, max-image-preview:large, max-video-preview:-1\" \/>\n<link rel=\"canonical\" href=\"http:\/\/vincentians.com\/es\/5o-domingo-de-pascua-reflexion-de-antonio-elduayen-c-m\/\" \/>\n<meta property=\"og:locale\" content=\"es_ES\" \/>\n<meta property=\"og:type\" content=\"article\" \/>\n<meta property=\"og:title\" content=\"5\u00ba Domingo de Pascua (reflexi\u00f3n de Antonio Elduayen, C.M.) - Somos Vicencianos\" \/>\n<meta property=\"og:description\" content=\"Queridos amigos El mandamiento nuevo del amor es sin duda lo m\u00e1s importante que Jes\u00fas nos dio en su despedida de los ap\u00f3stoles despu\u00e9s de la \u00daltima Cena. Nos lo transcribe el evangelista Juan (Jn ... Read More\" \/>\n<meta property=\"og:url\" content=\"http:\/\/vincentians.com\/es\/5o-domingo-de-pascua-reflexion-de-antonio-elduayen-c-m\/\" \/>\n<meta property=\"og:site_name\" content=\"Somos Vicencianos\" \/>\n<meta property=\"article:publisher\" content=\"https:\/\/www.facebook.com\/WeAreVincentians\/\" \/>\n<meta property=\"article:author\" content=\"https:\/\/www.facebook.com\/JavierChento\" \/>\n<meta property=\"article:published_time\" content=\"2013-04-25T04:35:44+00:00\" \/>\n<meta property=\"article:modified_time\" content=\"2016-07-24T08:27:18+00:00\" \/>\n<meta property=\"og:image\" content=\"https:\/\/i0.wp.com\/vincentians.com\/es\/wp-content\/uploads\/sites\/11\/2016\/07\/reflexiones-palabra-de-dios.jpg?fit=1200%2C630\" \/>\n\t<meta property=\"og:image:width\" content=\"1200\" \/>\n\t<meta property=\"og:image:height\" content=\"630\" \/>\n\t<meta property=\"og:image:type\" content=\"image\/jpeg\" \/>\n<meta name=\"author\" content=\"Francisco Javier Fern\u00e1ndez Chento\" \/>\n<meta name=\"twitter:card\" content=\"summary_large_image\" \/>\n<meta name=\"twitter:creator\" content=\"@https:\/\/twitter.com\/javierchento\" \/>\n<meta name=\"twitter:site\" content=\"@WeVincentians\" \/>\n<meta name=\"twitter:label1\" content=\"Escrito por\" \/>\n\t<meta name=\"twitter:data1\" content=\"Francisco Javier Fern\u00e1ndez Chento\" \/>\n\t<meta name=\"twitter:label2\" content=\"Tiempo de lectura\" \/>\n\t<meta name=\"twitter:data2\" content=\"3 minutos\" \/>\n<script type=\"application\/ld+json\" class=\"yoast-schema-graph\">{\"@context\":\"https:\/\/schema.org\",\"@graph\":[{\"@type\":\"Article\",\"@id\":\"http:\/\/vincentians.com\/es\/5o-domingo-de-pascua-reflexion-de-antonio-elduayen-c-m\/#article\",\"isPartOf\":{\"@id\":\"http:\/\/vincentians.com\/es\/5o-domingo-de-pascua-reflexion-de-antonio-elduayen-c-m\/\"},\"author\":{\"name\":\"Francisco Javier Fern\u00e1ndez Chento\",\"@id\":\"http:\/\/vincentians.com\/es\/#\/schema\/person\/9623ef4d9aa3b2dfb8c061f1499288f2\"},\"headline\":\"5\u00ba Domingo de Pascua (reflexi\u00f3n de Antonio Elduayen, C.M.)\",\"datePublished\":\"2013-04-25T04:35:44+00:00\",\"dateModified\":\"2016-07-24T08:27:18+00:00\",\"mainEntityOfPage\":{\"@id\":\"http:\/\/vincentians.com\/es\/5o-domingo-de-pascua-reflexion-de-antonio-elduayen-c-m\/\"},\"wordCount\":596,\"commentCount\":0,\"publisher\":{\"@id\":\"http:\/\/vincentians.com\/es\/#organization\"},\"image\":{\"@id\":\"http:\/\/vincentians.com\/es\/5o-domingo-de-pascua-reflexion-de-antonio-elduayen-c-m\/#primaryimage\"},\"thumbnailUrl\":\"https:\/\/i0.wp.com\/vincentians.com\/es\/wp-content\/uploads\/sites\/11\/2016\/07\/reflexiones-palabra-de-dios.jpg?fit=1200%2C630\",\"articleSection\":[\"Homil\u00edas y reflexiones, A\u00f1o C\"],\"inLanguage\":\"es\",\"potentialAction\":[{\"@type\":\"CommentAction\",\"name\":\"Comment\",\"target\":[\"http:\/\/vincentians.com\/es\/5o-domingo-de-pascua-reflexion-de-antonio-elduayen-c-m\/#respond\"]}]},{\"@type\":\"WebPage\",\"@id\":\"http:\/\/vincentians.com\/es\/5o-domingo-de-pascua-reflexion-de-antonio-elduayen-c-m\/\",\"url\":\"http:\/\/vincentians.com\/es\/5o-domingo-de-pascua-reflexion-de-antonio-elduayen-c-m\/\",\"name\":\"5\u00ba Domingo de Pascua (reflexi\u00f3n de Antonio Elduayen, C.M.) - Somos Vicencianos\",\"isPartOf\":{\"@id\":\"http:\/\/vincentians.com\/es\/#website\"},\"primaryImageOfPage\":{\"@id\":\"http:\/\/vincentians.com\/es\/5o-domingo-de-pascua-reflexion-de-antonio-elduayen-c-m\/#primaryimage\"},\"image\":{\"@id\":\"http:\/\/vincentians.com\/es\/5o-domingo-de-pascua-reflexion-de-antonio-elduayen-c-m\/#primaryimage\"},\"thumbnailUrl\":\"https:\/\/i0.wp.com\/vincentians.com\/es\/wp-content\/uploads\/sites\/11\/2016\/07\/reflexiones-palabra-de-dios.jpg?fit=1200%2C630\",\"datePublished\":\"2013-04-25T04:35:44+00:00\",\"dateModified\":\"2016-07-24T08:27:18+00:00\",\"breadcrumb\":{\"@id\":\"http:\/\/vincentians.com\/es\/5o-domingo-de-pascua-reflexion-de-antonio-elduayen-c-m\/#breadcrumb\"},\"inLanguage\":\"es\",\"potentialAction\":[{\"@type\":\"ReadAction\",\"target\":[\"http:\/\/vincentians.com\/es\/5o-domingo-de-pascua-reflexion-de-antonio-elduayen-c-m\/\"]}]},{\"@type\":\"ImageObject\",\"inLanguage\":\"es\",\"@id\":\"http:\/\/vincentians.com\/es\/5o-domingo-de-pascua-reflexion-de-antonio-elduayen-c-m\/#primaryimage\",\"url\":\"https:\/\/i0.wp.com\/vincentians.com\/es\/wp-content\/uploads\/sites\/11\/2016\/07\/reflexiones-palabra-de-dios.jpg?fit=1200%2C630\",\"contentUrl\":\"https:\/\/i0.wp.com\/vincentians.com\/es\/wp-content\/uploads\/sites\/11\/2016\/07\/reflexiones-palabra-de-dios.jpg?fit=1200%2C630\",\"width\":1200,\"height\":630},{\"@type\":\"BreadcrumbList\",\"@id\":\"http:\/\/vincentians.com\/es\/5o-domingo-de-pascua-reflexion-de-antonio-elduayen-c-m\/#breadcrumb\",\"itemListElement\":[{\"@type\":\"ListItem\",\"position\":1,\"name\":\"Portada\",\"item\":\"http:\/\/vincentians.com\/es\/\"},{\"@type\":\"ListItem\",\"position\":2,\"name\":\"5\u00ba Domingo de Pascua (reflexi\u00f3n de Antonio Elduayen, C.M.)\"}]},{\"@type\":\"WebSite\",\"@id\":\"http:\/\/vincentians.com\/es\/#website\",\"url\":\"http:\/\/vincentians.com\/es\/\",\"name\":\"Somos Vicencianos\",\"description\":\"Know more to serve more\",\"publisher\":{\"@id\":\"http:\/\/vincentians.com\/es\/#organization\"},\"potentialAction\":[{\"@type\":\"SearchAction\",\"target\":{\"@type\":\"EntryPoint\",\"urlTemplate\":\"http:\/\/vincentians.com\/es\/?s={search_term_string}\"},\"query-input\":{\"@type\":\"PropertyValueSpecification\",\"valueRequired\":true,\"valueName\":\"search_term_string\"}}],\"inLanguage\":\"es\"},{\"@type\":\"Organization\",\"@id\":\"http:\/\/vincentians.com\/es\/#organization\",\"name\":\"The Vincentian Network\",\"url\":\"http:\/\/vincentians.com\/es\/\",\"logo\":{\"@type\":\"ImageObject\",\"inLanguage\":\"es\",\"@id\":\"http:\/\/vincentians.com\/es\/#\/schema\/logo\/image\/\",\"url\":\"https:\/\/i1.wp.com\/vincentians.com\/es\/wp-content\/uploads\/sites\/11\/2016\/06\/Vincentian-Network-logo-big.png?fit=778%2C778\",\"contentUrl\":\"https:\/\/i1.wp.com\/vincentians.com\/es\/wp-content\/uploads\/sites\/11\/2016\/06\/Vincentian-Network-logo-big.png?fit=778%2C778\",\"width\":778,\"height\":778,\"caption\":\"The Vincentian Network\"},\"image\":{\"@id\":\"http:\/\/vincentians.com\/es\/#\/schema\/logo\/image\/\"},\"sameAs\":[\"https:\/\/www.facebook.com\/WeAreVincentians\/\",\"https:\/\/x.com\/WeVincentians\"]},{\"@type\":\"Person\",\"@id\":\"http:\/\/vincentians.com\/es\/#\/schema\/person\/9623ef4d9aa3b2dfb8c061f1499288f2\",\"name\":\"Francisco Javier Fern\u00e1ndez Chento\",\"image\":{\"@type\":\"ImageObject\",\"inLanguage\":\"es\",\"@id\":\"http:\/\/vincentians.com\/es\/#\/schema\/person\/image\/\",\"url\":\"https:\/\/secure.gravatar.com\/avatar\/497d5cde87b4c3d097d0315953521681ba2cd523ee66e5077c3711f7021e65de?s=96&d=mm&r=g\",\"contentUrl\":\"https:\/\/secure.gravatar.com\/avatar\/497d5cde87b4c3d097d0315953521681ba2cd523ee66e5077c3711f7021e65de?s=96&d=mm&r=g\",\"caption\":\"Francisco Javier Fern\u00e1ndez Chento\"},\"description\":\"Director General y cofundador de La Red de Formaci\u00f3n Vicenciana. Javier es laico vicenciano, afiliado a la Congregaci\u00f3n de la Misi\u00f3n y miembro del Equipo de Misiones Populares de la provincia can\u00f3nica de Zaragoza (Espa\u00f1a) de la Congregaci\u00f3n de la Misi\u00f3n. Graduado en la Universidad Oberta de Catalunya con cuatro grados (Asistente de direcci\u00f3n, Gesti\u00f3n Administrativa, Recursos Humanos y Contabilidad Avanzada). Bil\u00edng\u00fce Espa\u00f1ol\/Ingl\u00e9s. gestiona y mantiene varias p\u00e1ginas web cristianas y vicencianas, incluida including La Red de Formaci\u00f3n Vicenciana, de la que es cofundador. Actualmente es responsable del \u00e1rea de Espa\u00f1ol de .famvin, la Red de Noticias de la Familia Vicenciana. Tambi\u00e9n es m\u00fasico cat\u00f3lico y ha editado varios discos. Es Director General y cofundador de Trovador, una reconocida compa\u00f1\u00eda discogr\u00e1fica critiana de Espa\u00f1a. Trabaja en las Tecnolog\u00edas de la Informaci\u00f3n, ofreciendo servicios de alojamiento, dise\u00f1o y mantenimiento Web, as\u00ed como asesoramiento, formaci\u00f3n y soluciones inform\u00e1ticas, gesti\u00f3n documental y digitalizaci\u00f3n de textos, edici\u00f3n y maquetaci\u00f3n de libros, revistas, flyers, etc.\",\"sameAs\":[\"http:\/\/chento.org\",\"https:\/\/www.facebook.com\/JavierChento\",\"https:\/\/x.com\/https:\/\/twitter.com\/javierchento\"],\"url\":\"http:\/\/vincentians.com\/es\/author\/chento\/\"}]}<\/script>\n<!-- \/ Yoast SEO plugin. -->","yoast_head_json":{"title":"5\u00ba Domingo de Pascua (reflexi\u00f3n de Antonio Elduayen, C.M.) - Somos Vicencianos","robots":{"index":"index","follow":"follow","max-snippet":"max-snippet:-1","max-image-preview":"max-image-preview:large","max-video-preview":"max-video-preview:-1"},"canonical":"http:\/\/vincentians.com\/es\/5o-domingo-de-pascua-reflexion-de-antonio-elduayen-c-m\/","og_locale":"es_ES","og_type":"article","og_title":"5\u00ba Domingo de Pascua (reflexi\u00f3n de Antonio Elduayen, C.M.) - Somos Vicencianos","og_description":"Queridos amigos El mandamiento nuevo del amor es sin duda lo m\u00e1s importante que Jes\u00fas nos dio en su despedida de los ap\u00f3stoles despu\u00e9s de la \u00daltima Cena. Nos lo transcribe el evangelista Juan (Jn ... Read More","og_url":"http:\/\/vincentians.com\/es\/5o-domingo-de-pascua-reflexion-de-antonio-elduayen-c-m\/","og_site_name":"Somos Vicencianos","article_publisher":"https:\/\/www.facebook.com\/WeAreVincentians\/","article_author":"https:\/\/www.facebook.com\/JavierChento","article_published_time":"2013-04-25T04:35:44+00:00","article_modified_time":"2016-07-24T08:27:18+00:00","og_image":[{"width":1200,"height":630,"url":"https:\/\/i0.wp.com\/vincentians.com\/es\/wp-content\/uploads\/sites\/11\/2016\/07\/reflexiones-palabra-de-dios.jpg?fit=1200%2C630","type":"image\/jpeg"}],"author":"Francisco Javier Fern\u00e1ndez Chento","twitter_card":"summary_large_image","twitter_creator":"@https:\/\/twitter.com\/javierchento","twitter_site":"@WeVincentians","twitter_misc":{"Escrito por":"Francisco Javier Fern\u00e1ndez Chento","Tiempo de lectura":"3 minutos"},"schema":{"@context":"https:\/\/schema.org","@graph":[{"@type":"Article","@id":"http:\/\/vincentians.com\/es\/5o-domingo-de-pascua-reflexion-de-antonio-elduayen-c-m\/#article","isPartOf":{"@id":"http:\/\/vincentians.com\/es\/5o-domingo-de-pascua-reflexion-de-antonio-elduayen-c-m\/"},"author":{"name":"Francisco Javier Fern\u00e1ndez Chento","@id":"http:\/\/vincentians.com\/es\/#\/schema\/person\/9623ef4d9aa3b2dfb8c061f1499288f2"},"headline":"5\u00ba Domingo de Pascua (reflexi\u00f3n de Antonio Elduayen, C.M.)","datePublished":"2013-04-25T04:35:44+00:00","dateModified":"2016-07-24T08:27:18+00:00","mainEntityOfPage":{"@id":"http:\/\/vincentians.com\/es\/5o-domingo-de-pascua-reflexion-de-antonio-elduayen-c-m\/"},"wordCount":596,"commentCount":0,"publisher":{"@id":"http:\/\/vincentians.com\/es\/#organization"},"image":{"@id":"http:\/\/vincentians.com\/es\/5o-domingo-de-pascua-reflexion-de-antonio-elduayen-c-m\/#primaryimage"},"thumbnailUrl":"https:\/\/i0.wp.com\/vincentians.com\/es\/wp-content\/uploads\/sites\/11\/2016\/07\/reflexiones-palabra-de-dios.jpg?fit=1200%2C630","articleSection":["Homil\u00edas y reflexiones, A\u00f1o C"],"inLanguage":"es","potentialAction":[{"@type":"CommentAction","name":"Comment","target":["http:\/\/vincentians.com\/es\/5o-domingo-de-pascua-reflexion-de-antonio-elduayen-c-m\/#respond"]}]},{"@type":"WebPage","@id":"http:\/\/vincentians.com\/es\/5o-domingo-de-pascua-reflexion-de-antonio-elduayen-c-m\/","url":"http:\/\/vincentians.com\/es\/5o-domingo-de-pascua-reflexion-de-antonio-elduayen-c-m\/","name":"5\u00ba Domingo de Pascua (reflexi\u00f3n de Antonio Elduayen, C.M.) - Somos Vicencianos","isPartOf":{"@id":"http:\/\/vincentians.com\/es\/#website"},"primaryImageOfPage":{"@id":"http:\/\/vincentians.com\/es\/5o-domingo-de-pascua-reflexion-de-antonio-elduayen-c-m\/#primaryimage"},"image":{"@id":"http:\/\/vincentians.com\/es\/5o-domingo-de-pascua-reflexion-de-antonio-elduayen-c-m\/#primaryimage"},"thumbnailUrl":"https:\/\/i0.wp.com\/vincentians.com\/es\/wp-content\/uploads\/sites\/11\/2016\/07\/reflexiones-palabra-de-dios.jpg?fit=1200%2C630","datePublished":"2013-04-25T04:35:44+00:00","dateModified":"2016-07-24T08:27:18+00:00","breadcrumb":{"@id":"http:\/\/vincentians.com\/es\/5o-domingo-de-pascua-reflexion-de-antonio-elduayen-c-m\/#breadcrumb"},"inLanguage":"es","potentialAction":[{"@type":"ReadAction","target":["http:\/\/vincentians.com\/es\/5o-domingo-de-pascua-reflexion-de-antonio-elduayen-c-m\/"]}]},{"@type":"ImageObject","inLanguage":"es","@id":"http:\/\/vincentians.com\/es\/5o-domingo-de-pascua-reflexion-de-antonio-elduayen-c-m\/#primaryimage","url":"https:\/\/i0.wp.com\/vincentians.com\/es\/wp-content\/uploads\/sites\/11\/2016\/07\/reflexiones-palabra-de-dios.jpg?fit=1200%2C630","contentUrl":"https:\/\/i0.wp.com\/vincentians.com\/es\/wp-content\/uploads\/sites\/11\/2016\/07\/reflexiones-palabra-de-dios.jpg?fit=1200%2C630","width":1200,"height":630},{"@type":"BreadcrumbList","@id":"http:\/\/vincentians.com\/es\/5o-domingo-de-pascua-reflexion-de-antonio-elduayen-c-m\/#breadcrumb","itemListElement":[{"@type":"ListItem","position":1,"name":"Portada","item":"http:\/\/vincentians.com\/es\/"},{"@type":"ListItem","position":2,"name":"5\u00ba Domingo de Pascua (reflexi\u00f3n de Antonio Elduayen, C.M.)"}]},{"@type":"WebSite","@id":"http:\/\/vincentians.com\/es\/#website","url":"http:\/\/vincentians.com\/es\/","name":"Somos Vicencianos","description":"Know more to serve more","publisher":{"@id":"http:\/\/vincentians.com\/es\/#organization"},"potentialAction":[{"@type":"SearchAction","target":{"@type":"EntryPoint","urlTemplate":"http:\/\/vincentians.com\/es\/?s={search_term_string}"},"query-input":{"@type":"PropertyValueSpecification","valueRequired":true,"valueName":"search_term_string"}}],"inLanguage":"es"},{"@type":"Organization","@id":"http:\/\/vincentians.com\/es\/#organization","name":"The Vincentian Network","url":"http:\/\/vincentians.com\/es\/","logo":{"@type":"ImageObject","inLanguage":"es","@id":"http:\/\/vincentians.com\/es\/#\/schema\/logo\/image\/","url":"https:\/\/i1.wp.com\/vincentians.com\/es\/wp-content\/uploads\/sites\/11\/2016\/06\/Vincentian-Network-logo-big.png?fit=778%2C778","contentUrl":"https:\/\/i1.wp.com\/vincentians.com\/es\/wp-content\/uploads\/sites\/11\/2016\/06\/Vincentian-Network-logo-big.png?fit=778%2C778","width":778,"height":778,"caption":"The Vincentian Network"},"image":{"@id":"http:\/\/vincentians.com\/es\/#\/schema\/logo\/image\/"},"sameAs":["https:\/\/www.facebook.com\/WeAreVincentians\/","https:\/\/x.com\/WeVincentians"]},{"@type":"Person","@id":"http:\/\/vincentians.com\/es\/#\/schema\/person\/9623ef4d9aa3b2dfb8c061f1499288f2","name":"Francisco Javier Fern\u00e1ndez Chento","image":{"@type":"ImageObject","inLanguage":"es","@id":"http:\/\/vincentians.com\/es\/#\/schema\/person\/image\/","url":"https:\/\/secure.gravatar.com\/avatar\/497d5cde87b4c3d097d0315953521681ba2cd523ee66e5077c3711f7021e65de?s=96&d=mm&r=g","contentUrl":"https:\/\/secure.gravatar.com\/avatar\/497d5cde87b4c3d097d0315953521681ba2cd523ee66e5077c3711f7021e65de?s=96&d=mm&r=g","caption":"Francisco Javier Fern\u00e1ndez Chento"},"description":"Director General y cofundador de La Red de Formaci\u00f3n Vicenciana. Javier es laico vicenciano, afiliado a la Congregaci\u00f3n de la Misi\u00f3n y miembro del Equipo de Misiones Populares de la provincia can\u00f3nica de Zaragoza (Espa\u00f1a) de la Congregaci\u00f3n de la Misi\u00f3n. Graduado en la Universidad Oberta de Catalunya con cuatro grados (Asistente de direcci\u00f3n, Gesti\u00f3n Administrativa, Recursos Humanos y Contabilidad Avanzada). Bil\u00edng\u00fce Espa\u00f1ol\/Ingl\u00e9s. gestiona y mantiene varias p\u00e1ginas web cristianas y vicencianas, incluida including La Red de Formaci\u00f3n Vicenciana, de la que es cofundador. Actualmente es responsable del \u00e1rea de Espa\u00f1ol de .famvin, la Red de Noticias de la Familia Vicenciana. Tambi\u00e9n es m\u00fasico cat\u00f3lico y ha editado varios discos. Es Director General y cofundador de Trovador, una reconocida compa\u00f1\u00eda discogr\u00e1fica critiana de Espa\u00f1a. Trabaja en las Tecnolog\u00edas de la Informaci\u00f3n, ofreciendo servicios de alojamiento, dise\u00f1o y mantenimiento Web, as\u00ed como asesoramiento, formaci\u00f3n y soluciones inform\u00e1ticas, gesti\u00f3n documental y digitalizaci\u00f3n de textos, edici\u00f3n y maquetaci\u00f3n de libros, revistas, flyers, etc.","sameAs":["http:\/\/chento.org","https:\/\/www.facebook.com\/JavierChento","https:\/\/x.com\/https:\/\/twitter.com\/javierchento"],"url":"http:\/\/vincentians.com\/es\/author\/chento\/"}]}},"jetpack_publicize_connections":[],"jetpack_featured_media_url":"https:\/\/i0.wp.com\/vincentians.com\/es\/wp-content\/uploads\/sites\/11\/2016\/07\/reflexiones-palabra-de-dios.jpg?fit=1200%2C630","jetpack_sharing_enabled":true,"jetpack_shortlink":"https:\/\/wp.me\/p7ETMF-Sx","jetpack-related-posts":[{"id":136980,"url":"http:\/\/vincentians.com\/es\/ciclo-a-domingo-6%c2%ba-de-pascua-reflexion-de-antonio-elduayen-c-m\/","url_meta":{"origin":3381,"position":0},"title":"Ciclo A, Domingo 6\u00ba de Pascua (reflexi\u00f3n de Antonio Elduayen, C.M.)","author":"Francisco Javier Fern\u00e1ndez Chento","date":"26\/05\/2011","format":false,"excerpt":"Queridos amigos Los dos mayores regalos que Jes\u00fas nos hizo son: d\u00e1rsenos en persona en la eucarist\u00eda y enviarnos desde el Padre al Esp\u00edritu Santo (Jn 6,51; 14,16). Es lo que nos dice el evangelista Juan, quien, en el evangelio de hoy (Jn 14, 15-21) nos da la primicia de\u2026","rel":"","context":"En \u00abHomil\u00edas y reflexiones, A\u00f1o A\u00bb","block_context":{"text":"Homil\u00edas y reflexiones, A\u00f1o A","link":"http:\/\/vincentians.com\/es\/category\/homilias-y-reflexiones-a-la-palabra-de-dios\/homilias-y-reflexiones-ano-a\/"},"img":{"alt_text":"","src":"https:\/\/i0.wp.com\/vincentians.com\/es\/wp-content\/uploads\/sites\/11\/2016\/07\/reflexiones-palabra-de-dios.jpg?fit=1200%2C630&resize=350%2C200","width":350,"height":200,"srcset":"https:\/\/i0.wp.com\/vincentians.com\/es\/wp-content\/uploads\/sites\/11\/2016\/07\/reflexiones-palabra-de-dios.jpg?fit=1200%2C630&resize=350%2C200 1x, https:\/\/i0.wp.com\/vincentians.com\/es\/wp-content\/uploads\/sites\/11\/2016\/07\/reflexiones-palabra-de-dios.jpg?fit=1200%2C630&resize=525%2C300 1.5x, https:\/\/i0.wp.com\/vincentians.com\/es\/wp-content\/uploads\/sites\/11\/2016\/07\/reflexiones-palabra-de-dios.jpg?fit=1200%2C630&resize=700%2C400 2x, https:\/\/i0.wp.com\/vincentians.com\/es\/wp-content\/uploads\/sites\/11\/2016\/07\/reflexiones-palabra-de-dios.jpg?fit=1200%2C630&resize=1050%2C600 3x"},"classes":[]},{"id":132445,"url":"http:\/\/vincentians.com\/es\/6o-domingo-de-pascua-reflexion-de-antonio-elduayen-c-m-3\/","url_meta":{"origin":3381,"position":1},"title":"6\u00ba Domingo de Pascua (reflexi\u00f3n de Antonio Elduayen, C.M.)","author":"Francisco Javier Fern\u00e1ndez Chento","date":"08\/05\/2012","format":false,"excerpt":"Queridos amigos: La par\u00e1bola de la vi\u00f1a y los sarmientos (Jn 15, 1-17), nos hizo ver en su primera parte (Jn 15, 1-8), la importancia de la unidad, la necesidad que tenemos de vivir unidos con Cristo y entre nosotros, como los sarmientos de una vid. En su segunda parte\u2026","rel":"","context":"En \u00abHomil\u00edas y reflexiones, A\u00f1o B\u00bb","block_context":{"text":"Homil\u00edas y reflexiones, A\u00f1o B","link":"http:\/\/vincentians.com\/es\/category\/homilias-y-reflexiones-a-la-palabra-de-dios\/homilias-y-reflexiones-ano-b\/"},"img":{"alt_text":"","src":"https:\/\/i0.wp.com\/vincentians.com\/es\/wp-content\/uploads\/sites\/11\/2016\/07\/reflexiones-palabra-de-dios.jpg?fit=1200%2C630&resize=350%2C200","width":350,"height":200,"srcset":"https:\/\/i0.wp.com\/vincentians.com\/es\/wp-content\/uploads\/sites\/11\/2016\/07\/reflexiones-palabra-de-dios.jpg?fit=1200%2C630&resize=350%2C200 1x, https:\/\/i0.wp.com\/vincentians.com\/es\/wp-content\/uploads\/sites\/11\/2016\/07\/reflexiones-palabra-de-dios.jpg?fit=1200%2C630&resize=525%2C300 1.5x, https:\/\/i0.wp.com\/vincentians.com\/es\/wp-content\/uploads\/sites\/11\/2016\/07\/reflexiones-palabra-de-dios.jpg?fit=1200%2C630&resize=700%2C400 2x, https:\/\/i0.wp.com\/vincentians.com\/es\/wp-content\/uploads\/sites\/11\/2016\/07\/reflexiones-palabra-de-dios.jpg?fit=1200%2C630&resize=1050%2C600 3x"},"classes":[]},{"id":136974,"url":"http:\/\/vincentians.com\/es\/ciclo-a-domingo-5%c2%ba-de-pascua-reflexion-de-jose-roman-flecha\/","url_meta":{"origin":3381,"position":2},"title":"Ciclo A, Domingo 5\u00ba de Pascua (reflexi\u00f3n de Jos\u00e9 Rom\u00e1n Flecha)","author":"Francisco Javier Fern\u00e1ndez Chento","date":"18\/05\/2011","format":false,"excerpt":"LA META Y EL CAMINO Domingo 5\u00ba de Pascua 22 de mayo de 2011 El evangelio que se proclama en este domingo quinto de Pascua es muy rico en sugerencias (Jn 14, 1-12). Vemos que, al menos, contiene una promesa, una revelaci\u00f3n y una exhortaci\u00f3n. La promesa forma parte de\u2026","rel":"","context":"En \u00abHomil\u00edas y reflexiones, A\u00f1o A\u00bb","block_context":{"text":"Homil\u00edas y reflexiones, A\u00f1o A","link":"http:\/\/vincentians.com\/es\/category\/homilias-y-reflexiones-a-la-palabra-de-dios\/homilias-y-reflexiones-ano-a\/"},"img":{"alt_text":"","src":"","width":0,"height":0},"classes":[]},{"id":136976,"url":"http:\/\/vincentians.com\/es\/ciclo-a-domingo-5%c2%ba-de-pascua-reflexion-de-antonio-elduayen-c-m\/","url_meta":{"origin":3381,"position":3},"title":"Ciclo A, Domingo 5\u00ba de Pascua (reflexi\u00f3n de Antonio Elduayen, C.M.)","author":"Francisco Javier Fern\u00e1ndez Chento","date":"20\/05\/2011","format":false,"excerpt":"Queridos amigos Jes\u00fas acaba de decir a los ap\u00f3stoles que se va y que se quedar\u00e1n solos (Jn 14,33), y esto les ha dejado preocupados y hasta angustiados. Dir\u00edamos que su reacci\u00f3n es la normal y que lo mismo nos hubiera pasado a nosotros, y nos pasa cuando alguien a\u2026","rel":"","context":"En \u00abHomil\u00edas y reflexiones, A\u00f1o A\u00bb","block_context":{"text":"Homil\u00edas y reflexiones, A\u00f1o A","link":"http:\/\/vincentians.com\/es\/category\/homilias-y-reflexiones-a-la-palabra-de-dios\/homilias-y-reflexiones-ano-a\/"},"img":{"alt_text":"","src":"https:\/\/i0.wp.com\/vincentians.com\/es\/wp-content\/uploads\/sites\/11\/2016\/07\/reflexiones-palabra-de-dios.jpg?fit=1200%2C630&resize=350%2C200","width":350,"height":200,"srcset":"https:\/\/i0.wp.com\/vincentians.com\/es\/wp-content\/uploads\/sites\/11\/2016\/07\/reflexiones-palabra-de-dios.jpg?fit=1200%2C630&resize=350%2C200 1x, https:\/\/i0.wp.com\/vincentians.com\/es\/wp-content\/uploads\/sites\/11\/2016\/07\/reflexiones-palabra-de-dios.jpg?fit=1200%2C630&resize=525%2C300 1.5x, https:\/\/i0.wp.com\/vincentians.com\/es\/wp-content\/uploads\/sites\/11\/2016\/07\/reflexiones-palabra-de-dios.jpg?fit=1200%2C630&resize=700%2C400 2x, https:\/\/i0.wp.com\/vincentians.com\/es\/wp-content\/uploads\/sites\/11\/2016\/07\/reflexiones-palabra-de-dios.jpg?fit=1200%2C630&resize=1050%2C600 3x"},"classes":[]},{"id":142916,"url":"http:\/\/vincentians.com\/es\/2o-domingo-de-pascua-reflexion-de-antonio-elduayen-c-m-3\/","url_meta":{"origin":3381,"position":4},"title":"2\u00ba Domingo de Pascua (reflexi\u00f3n de Antonio Elduayen, C.M.)","author":"Francisco Javier Fern\u00e1ndez Chento","date":"10\/04\/2015","format":false,"excerpt":"Queridos amigos, Este 2\u00ba Domingo de Pascua, por ser la octava de la Resurrecci\u00f3n del Se\u00f1or, fue siempre un D\u00eda Grande. \u201cComo si ahora hubi\u00e9ramos nacido\u2026\u201d (1 Pe 2,2), es la obertura de la liturgia, que hace referencia a cuantos por el bautismo hemos muerto y resucitado con Jesucristo. Por\u2026","rel":"","context":"En \u00abHomil\u00edas y reflexiones, A\u00f1o B\u00bb","block_context":{"text":"Homil\u00edas y reflexiones, A\u00f1o B","link":"http:\/\/vincentians.com\/es\/category\/homilias-y-reflexiones-a-la-palabra-de-dios\/homilias-y-reflexiones-ano-b\/"},"img":{"alt_text":"","src":"https:\/\/i0.wp.com\/vincentians.com\/es\/wp-content\/uploads\/sites\/11\/2016\/07\/reflexiones-palabra-de-dios.jpg?fit=1200%2C630&resize=350%2C200","width":350,"height":200,"srcset":"https:\/\/i0.wp.com\/vincentians.com\/es\/wp-content\/uploads\/sites\/11\/2016\/07\/reflexiones-palabra-de-dios.jpg?fit=1200%2C630&resize=350%2C200 1x, https:\/\/i0.wp.com\/vincentians.com\/es\/wp-content\/uploads\/sites\/11\/2016\/07\/reflexiones-palabra-de-dios.jpg?fit=1200%2C630&resize=525%2C300 1.5x, https:\/\/i0.wp.com\/vincentians.com\/es\/wp-content\/uploads\/sites\/11\/2016\/07\/reflexiones-palabra-de-dios.jpg?fit=1200%2C630&resize=700%2C400 2x, https:\/\/i0.wp.com\/vincentians.com\/es\/wp-content\/uploads\/sites\/11\/2016\/07\/reflexiones-palabra-de-dios.jpg?fit=1200%2C630&resize=1050%2C600 3x"},"classes":[]},{"id":136970,"url":"http:\/\/vincentians.com\/es\/ciclo-a-domingo-de-resurreccion-reflexion-de-antonio-elduayen-c-m\/","url_meta":{"origin":3381,"position":5},"title":"Ciclo A, Domingo de Resurrecci\u00f3n (reflexi\u00f3n de Antonio Elduayen, C.M.)","author":"Francisco Javier Fern\u00e1ndez Chento","date":"22\/04\/2011","format":false,"excerpt":"Queridos amigos En esta noche\u00a0\u00a1JESUCRISTO RESUCITO\u2026! Muchos de nosotros le hemos acompa\u00f1ado en Vigilia Pascual, en vigilante espera, hasta que de repente se hizo la luz y todo fue alegr\u00eda, canto, palmas, abrazos\u2026\u00a0\u00a1ALELUYA!, es la palabra que m\u00e1s hemos repetido. En hebreo quiere decir \u00a1Alaben a Yav\u00e9!, y es como\u2026","rel":"","context":"En \u00abHomil\u00edas y reflexiones, A\u00f1o A\u00bb","block_context":{"text":"Homil\u00edas y reflexiones, A\u00f1o A","link":"http:\/\/vincentians.com\/es\/category\/homilias-y-reflexiones-a-la-palabra-de-dios\/homilias-y-reflexiones-ano-a\/"},"img":{"alt_text":"","src":"https:\/\/i0.wp.com\/vincentians.com\/es\/wp-content\/uploads\/sites\/11\/2016\/07\/reflexiones-palabra-de-dios.jpg?fit=1200%2C630&resize=350%2C200","width":350,"height":200,"srcset":"https:\/\/i0.wp.com\/vincentians.com\/es\/wp-content\/uploads\/sites\/11\/2016\/07\/reflexiones-palabra-de-dios.jpg?fit=1200%2C630&resize=350%2C200 1x, https:\/\/i0.wp.com\/vincentians.com\/es\/wp-content\/uploads\/sites\/11\/2016\/07\/reflexiones-palabra-de-dios.jpg?fit=1200%2C630&resize=525%2C300 1.5x, https:\/\/i0.wp.com\/vincentians.com\/es\/wp-content\/uploads\/sites\/11\/2016\/07\/reflexiones-palabra-de-dios.jpg?fit=1200%2C630&resize=700%2C400 2x, https:\/\/i0.wp.com\/vincentians.com\/es\/wp-content\/uploads\/sites\/11\/2016\/07\/reflexiones-palabra-de-dios.jpg?fit=1200%2C630&resize=1050%2C600 3x"},"classes":[]}],"_links":{"self":[{"href":"http:\/\/vincentians.com\/es\/wp-json\/wp\/v2\/posts\/3381","targetHints":{"allow":["GET"]}}],"collection":[{"href":"http:\/\/vincentians.com\/es\/wp-json\/wp\/v2\/posts"}],"about":[{"href":"http:\/\/vincentians.com\/es\/wp-json\/wp\/v2\/types\/post"}],"author":[{"embeddable":true,"href":"http:\/\/vincentians.com\/es\/wp-json\/wp\/v2\/users\/4"}],"replies":[{"embeddable":true,"href":"http:\/\/vincentians.com\/es\/wp-json\/wp\/v2\/comments?post=3381"}],"version-history":[{"count":0,"href":"http:\/\/vincentians.com\/es\/wp-json\/wp\/v2\/posts\/3381\/revisions"}],"wp:featuredmedia":[{"embeddable":true,"href":"http:\/\/vincentians.com\/es\/wp-json\/wp\/v2\/media\/388408"}],"wp:attachment":[{"href":"http:\/\/vincentians.com\/es\/wp-json\/wp\/v2\/media?parent=3381"}],"wp:term":[{"taxonomy":"category","embeddable":true,"href":"http:\/\/vincentians.com\/es\/wp-json\/wp\/v2\/categories?post=3381"},{"taxonomy":"post_tag","embeddable":true,"href":"http:\/\/vincentians.com\/es\/wp-json\/wp\/v2\/tags?post=3381"}],"curies":[{"name":"wp","href":"https:\/\/api.w.org\/{rel}","templated":true}]}}