{"id":33656,"date":"2014-04-28T15:19:22","date_gmt":"2014-04-28T13:19:22","guid":{"rendered":"http:\/\/somos.vicencianos.org\/?p=33656"},"modified":"2016-07-27T12:05:43","modified_gmt":"2016-07-27T10:05:43","slug":"susana-guillemin-h-c","status":"publish","type":"post","link":"http:\/\/vincentians.com\/es\/susana-guillemin-h-c\/","title":{"rendered":"Susana Guillemin, H.C."},"content":{"rendered":"<div id=\"attachment_33649\" style=\"width: 247px\" class=\"wp-caption alignright\"><a href=\"https:\/\/i0.wp.com\/vicencianos.org\/wp-content\/2011\/04\/susana_guillemin.jpg\"><img data-recalc-dims=\"1\" loading=\"lazy\" decoding=\"async\" aria-describedby=\"caption-attachment-33649\" class=\"size-medium wp-image-33649\" title=\"Susana Guillemin, H.C.\" alt=\"Susana Guillemin, H.C.\" src=\"https:\/\/i0.wp.com\/vicencianos.org\/wp-content\/2011\/04\/susana_guillemin-237x300.jpg?resize=237%2C300\" width=\"237\" height=\"300\" \/><\/a><p id=\"caption-attachment-33649\" class=\"wp-caption-text\">Susana Guillemin, H.C.<\/p><\/div>\n<p>Sor Susana Guillemin muri\u00f3 en plenitud a los 62 a\u00f1os, el 28 de marzo de 1968.<\/p>\n<p>Para aqu\u00e9llos y aqu\u00e9llas que no la conocieron o que la conocieron poco, parece bueno precisar en primer lugar que la Madre Guillemin fue ante todo y en todo su ser una Hija de la Caridad seg\u00fan el coraz\u00f3n de los Fundadores. Toda su persona, en efecto, respond\u00eda a la vocaci\u00f3n y se adher\u00eda profundamente a sus exigencias.<\/p>\n<p>Con una fuerte influencia en la vida religiosa y eclesial de la etapa providencial del Vaticano II, fue nombrada auditora en el mismo al comienzo de la tercera sesi\u00f3n, y contribuy\u00f3 profundamente a la renovaci\u00f3n de la vida religiosa femenina. De una manera particular, por su personalidad y por su cargo, promovi\u00f3 y anim\u00f3 la renovaci\u00f3n personal y comunitaria de las Hijas de la Caridad.<\/p>\n<p>Era \u00abgrande\u00bb en la plena acepci\u00f3n de la palabra. Se impon\u00eda por una dignidad y reserva en sus actitudes, a la vez que por la discreci\u00f3n y modestia de su comportamiento. Su mirada iluminaba el rostro y revelaba a la persona unida sin cesar a Dios: un bello mirar profundo, recto, atento y perspicaz, bondadoso.<\/p>\n<p>Su acogida era siempre sencilla, a veces reservada, siempre c\u00e1lida sin embargo, en cuanto quedaba establecido el primer contacto. R\u00e1pidamente, se encontraba uno con ella a nivel de relaciones humanas impregnadas de confianza.<\/p>\n<p>La humildad verdadera, sin encogimiento ni evasi\u00f3n, la caracterizaba, ya que su naturaleza profunda todo lo atribu\u00eda a Dios. \u00ab<em>Ahora ya no puedo dudar de que yo no soy nada y de que Dios lo lleva todo<\/em>\u00ab, escrib\u00eda en diciembre de 1963, con motivo de unos acontecimientos relacionados con la Compa\u00f1\u00eda. Consciente de los peligros que puede encerrar la satisfacci\u00f3n de la vanidad, sab\u00eda descubrirlos para s\u00ed misma.<\/p>\n<p>Me viene un recuerdo&#8230; el de un Congreso de Religiosos: varias conferencias se daban al mismo tiempo, y las Religiosas se distribu\u00edan seg\u00fan los temas. Ella era una de las conferenciantes, y yo gozaba porque iba a escuchar a mi Hermana Sirviente. Mi sorpresa fue muy grande al o\u00edr que me dec\u00eda era preferible que asistiera a otra conferencia&#8230; Y a\u00f1adi\u00f3 esbozando una sonrisa: \u00ab<em>Renuncio a quedar bien delante de usted<\/em>\u00ab.<\/p>\n<p>Buscar ante todo la gloria de Dios, no atribuirse nada a s\u00ed misma, vivir con gran pureza de intenci\u00f3n al servicio de Cristo en los Pobres&#8230; as\u00ed es como todo su ser realizaba \u2014sus m\u00e1s \u00edntimos pueden dar testimonio de ello\u2014 la armon\u00eda entre la vocaci\u00f3n y la vida. Sus exigencias eran fuertes respecto de la verdad, la misericordia y la justicia. Para ella, humildad y verdad, eran inseparables. Por eso, no pod\u00eda tolerar que se alterase la verdad en su presencia, como tampoco aceptaba las insinuaciones ni acomodos. En estos casos, ella sab\u00eda admirablemente dar a entender que no estaba de acuerdo. Para suavizar y excusar esta incapacidad \u00abpara la componenda\u00bb, una sonrisa constitu\u00eda su primera respuesta: luego, expresaba tranquilamente las convicciones fundamentales, con apreciaci\u00f3n de los compromisos necesarios, de las opciones que habr\u00eda que tomar y los medios oportunos para permanecer fiel.<\/p>\n<p>En lo \u00edntimo de s\u00ed misma, explicando decisiones y comportamientos, exist\u00eda un sereno dominio de s\u00ed, derivado de su Fe, y una energ\u00eda constante y optimista traduc\u00eda su Caridad ardiente y aquel fervor apasionado, contenido, que revelaba a veces una expresi\u00f3n fugitiva.<\/p>\n<p>Ten\u00eda una capacidad extraordinaria para realizar lo que hab\u00eda proyectado, incluso a partir de las bases m\u00e1s precarias, a menudo con medios irrisorios. Cuando estaban en juego el bien de la Compa\u00f1\u00eda, la renovaci\u00f3n de la vocaci\u00f3n de la Hija de la Caridad Sierva de los Pobres, para hoy, necesariamente ten\u00edan que vencerse los obst\u00e1culos. Hab\u00eda en ella una especie de prudencia audaz, arraigada en la Fe y cierta convicci\u00f3n, que se comprobaba sin cesar, de que con una reflexi\u00f3n madurada ante el Se\u00f1or, apoyada en un amor confiado, ninguna realizaci\u00f3n era imposible. Muchos recuerdos podr\u00edan ilustrar esta afirmaci\u00f3n&#8230;<\/p>\n<p>Sab\u00eda tambi\u00e9n suscitar el inter\u00e9s por todo lo que concierne a la evangelizaci\u00f3n, abrir sin cesar nuevas perspectivas, lograr que cada uno diera todo el potencial de los dones recibidos. M\u00e1s todav\u00eda, su Fe profunda, alimentada en la oraci\u00f3n regular, su adhesi\u00f3n a la Compa\u00f1\u00eda y a los Pobres, su sentido de lo real, han hecho de ella un verdadero gu\u00eda espiritual.<\/p>\n<div id=\"attachment_33723\" style=\"width: 310px\" class=\"wp-caption alignright\"><a href=\"https:\/\/i0.wp.com\/vicencianos.org\/wp-content\/2011\/04\/esquela_susana_guillemin.jpg\"><img data-recalc-dims=\"1\" loading=\"lazy\" decoding=\"async\" aria-describedby=\"caption-attachment-33723\" class=\"size-medium wp-image-33723\" title=\"Esquela de sor Susana Guillemin, aparecida en el diario ABC el 29 de marzo de 1968\" alt=\"Esquela de sor Susana Guillemin, aparecida en el diario ABC el 29 de marzo de 1968\" src=\"https:\/\/i0.wp.com\/vicencianos.org\/wp-content\/2011\/04\/esquela_susana_guillemin-300x212.jpg?resize=300%2C212\" width=\"300\" height=\"212\" \/><\/a><p id=\"caption-attachment-33723\" class=\"wp-caption-text\">Esquela de sor Susana Guillemin, aparecida en el diario ABC el 29 de marzo de 1968<\/p><\/div>\n<p>En ella se hallaban reunidas: la sierva de Cristo en los Pobres, la mujer de reflexi\u00f3n, la organizadora, el ama de casa hasta en los detalles de la vida dom\u00e9stica, y tambi\u00e9n, la m\u00edstica unida sin cesar a su Dios.<\/p>\n<p>\u00ab<em>He recibido una gracia&#8230; He comprendido con claridad meridiana que el trabajo sobre la Comunidad y para la Comunidad no es ni nunca podr\u00e1 ser obra de nadie en particular. Es obra de Dios y \u00fanicamente de Dios. Y yo he entrado en ese trabajo, porque \u00c9l lo ha querido, pero es Su Obra y no la m\u00eda la que hago. Por eso, a menudo he hecho lo que no hab\u00eda previsto y otras veces no puedo realizar lo que me parec\u00eda m\u00e1s razonable. Este pensamiento de obrar seg\u00fan el plan de Dios&#8230; me da una confianza infinita. Y comprendo que mi trabajo m\u00e1s urgente es hacerme cada vez m\u00e1s apta para recibir el impulso divino<\/em>\u00ab. (Correspondencia [in\u00e9dita.) 1958).<\/p>\n<p>En sus textos deseo descubran la amplitud y la actualidad del mensaje que ella nos dej\u00f3: es el de una vida teologal que impregnaba una entrega incondicional al servicio de los pobres, al servicio de la Compa\u00f1\u00eda, al servicio de la Iglesia. Ese mensaje es todav\u00eda una presencia de uni\u00f3n, de comuni\u00f3n en el seno de la peque\u00f1a Compa\u00f1\u00eda, una presencia prof\u00e9tica para la Misi\u00f3n. De ah\u00ed, que un \u00abCongreso Nacional de Religiosas del campo de Sanidad\u00bb, doce a\u00f1os despu\u00e9s de su muerte, haya podido inspirarse ampliamente en sus escritos.<\/p>\n<p>Y nosotras, sus herederas en l\u00ednea directa, \u00bfqu\u00e9 hemos hecho de su mensaje? La invitaci\u00f3n a releer sus escritos, constituyen una invitaci\u00f3n para continuar la tarea emprendida por ella: en fidelidad a los Fundadores, necesitamos reanimar en nosotras el amor y el don total al Se\u00f1or de la Caridad.<\/p>\n","protected":false},"excerpt":{"rendered":"<p>Sor Susana Guillemin muri\u00f3 en plenitud a los 62 a\u00f1os, el 28 de marzo de 1968. Para aqu\u00e9llos y aqu\u00e9llas que no la conocieron o que la conocieron poco, parece bueno precisar en primer lugar &#8230; <a href=\"http:\/\/vincentians.com\/es\/susana-guillemin-h-c\/\" class=\"more-link\">Read More<\/a><\/p>\n","protected":false},"author":5,"featured_media":391164,"comment_status":"open","ping_status":"open","sticky":false,"template":"","format":"standard","meta":{"rs_blank_template":"","rs_page_bg_color":"","slide_template_v7":"","_jetpack_newsletter_access":"","_jetpack_dont_email_post_to_subs":false,"_jetpack_newsletter_tier_id":0,"_jetpack_memberships_contains_paywalled_content":false,"_jetpack_feature_clip_id":0,"_jetpack_memberships_contains_paid_content":false,"footnotes":"","jetpack_publicize_message":"","jetpack_publicize_feature_enabled":true,"jetpack_social_post_already_shared":true,"jetpack_social_options":{"image_generator_settings":{"template":"highway","default_image_id":0,"font":"","enabled":false},"version":2},"jetpack_post_was_ever_published":false},"categories":[14],"tags":[],"class_list":["post-33656","post","type-post","status-publish","format-standard","has-post-thumbnail","hentry","category-biografias-de-hijas-de-la-caridad"],"yoast_head":"<!-- This site is optimized with the Yoast SEO plugin v27.9 - https:\/\/yoast.com\/product\/yoast-seo-wordpress\/ -->\n<title>Susana Guillemin, H.C. - Somos Vicencianos<\/title>\n<meta name=\"robots\" content=\"index, follow, max-snippet:-1, max-image-preview:large, max-video-preview:-1\" \/>\n<link rel=\"canonical\" href=\"http:\/\/vincentians.com\/es\/susana-guillemin-h-c\/\" \/>\n<meta property=\"og:locale\" content=\"es_ES\" \/>\n<meta property=\"og:type\" content=\"article\" \/>\n<meta property=\"og:title\" content=\"Susana Guillemin, H.C. - Somos Vicencianos\" \/>\n<meta property=\"og:description\" content=\"Sor Susana Guillemin muri\u00f3 en plenitud a los 62 a\u00f1os, el 28 de marzo de 1968. Para aqu\u00e9llos y aqu\u00e9llas que no la conocieron o que la conocieron poco, parece bueno precisar en primer lugar ... Read More\" \/>\n<meta property=\"og:url\" content=\"http:\/\/vincentians.com\/es\/susana-guillemin-h-c\/\" \/>\n<meta property=\"og:site_name\" content=\"Somos Vicencianos\" \/>\n<meta property=\"article:publisher\" content=\"https:\/\/www.facebook.com\/WeAreVincentians\/\" \/>\n<meta property=\"article:published_time\" content=\"2014-04-28T13:19:22+00:00\" \/>\n<meta property=\"article:modified_time\" content=\"2016-07-27T10:05:43+00:00\" \/>\n<meta property=\"og:image\" content=\"https:\/\/i0.wp.com\/vincentians.com\/es\/wp-content\/uploads\/sites\/11\/2016\/07\/bio-hc.jpg?fit=1200%2C630\" \/>\n\t<meta property=\"og:image:width\" content=\"1200\" \/>\n\t<meta property=\"og:image:height\" content=\"630\" \/>\n\t<meta property=\"og:image:type\" content=\"image\/jpeg\" \/>\n<meta name=\"author\" content=\"Mitxel Olabu\u00e9naga\" \/>\n<meta name=\"twitter:card\" content=\"summary_large_image\" \/>\n<meta name=\"twitter:creator\" content=\"@WeVincentians\" \/>\n<meta name=\"twitter:site\" content=\"@WeVincentians\" \/>\n<meta name=\"twitter:label1\" content=\"Escrito por\" \/>\n\t<meta name=\"twitter:data1\" content=\"Mitxel Olabu\u00e9naga\" \/>\n\t<meta name=\"twitter:label2\" content=\"Tiempo de lectura\" \/>\n\t<meta name=\"twitter:data2\" content=\"6 minutos\" \/>\n<script type=\"application\/ld+json\" class=\"yoast-schema-graph\">{\"@context\":\"https:\\\/\\\/schema.org\",\"@graph\":[{\"@type\":\"Article\",\"@id\":\"http:\\\/\\\/vincentians.com\\\/es\\\/susana-guillemin-h-c\\\/#article\",\"isPartOf\":{\"@id\":\"http:\\\/\\\/vincentians.com\\\/es\\\/susana-guillemin-h-c\\\/\"},\"author\":{\"name\":\"Mitxel Olabu\u00e9naga\",\"@id\":\"http:\\\/\\\/vincentians.com\\\/es\\\/#\\\/schema\\\/person\\\/7c2670b4445a7ca9d164ea6acdb31859\"},\"headline\":\"Susana Guillemin, H.C.\",\"datePublished\":\"2014-04-28T13:19:22+00:00\",\"dateModified\":\"2016-07-27T10:05:43+00:00\",\"mainEntityOfPage\":{\"@id\":\"http:\\\/\\\/vincentians.com\\\/es\\\/susana-guillemin-h-c\\\/\"},\"wordCount\":1133,\"commentCount\":0,\"publisher\":{\"@id\":\"http:\\\/\\\/vincentians.com\\\/es\\\/#organization\"},\"image\":{\"@id\":\"http:\\\/\\\/vincentians.com\\\/es\\\/susana-guillemin-h-c\\\/#primaryimage\"},\"thumbnailUrl\":\"https:\\\/\\\/i0.wp.com\\\/vincentians.com\\\/es\\\/wp-content\\\/uploads\\\/sites\\\/11\\\/2016\\\/07\\\/bio-hc.jpg?fit=1200%2C630\",\"articleSection\":[\"Biograf\u00edas de Hijas de la Caridad\"],\"inLanguage\":\"es\",\"potentialAction\":[{\"@type\":\"CommentAction\",\"name\":\"Comment\",\"target\":[\"http:\\\/\\\/vincentians.com\\\/es\\\/susana-guillemin-h-c\\\/#respond\"]}]},{\"@type\":\"WebPage\",\"@id\":\"http:\\\/\\\/vincentians.com\\\/es\\\/susana-guillemin-h-c\\\/\",\"url\":\"http:\\\/\\\/vincentians.com\\\/es\\\/susana-guillemin-h-c\\\/\",\"name\":\"Susana Guillemin, H.C. - Somos Vicencianos\",\"isPartOf\":{\"@id\":\"http:\\\/\\\/vincentians.com\\\/es\\\/#website\"},\"primaryImageOfPage\":{\"@id\":\"http:\\\/\\\/vincentians.com\\\/es\\\/susana-guillemin-h-c\\\/#primaryimage\"},\"image\":{\"@id\":\"http:\\\/\\\/vincentians.com\\\/es\\\/susana-guillemin-h-c\\\/#primaryimage\"},\"thumbnailUrl\":\"https:\\\/\\\/i0.wp.com\\\/vincentians.com\\\/es\\\/wp-content\\\/uploads\\\/sites\\\/11\\\/2016\\\/07\\\/bio-hc.jpg?fit=1200%2C630\",\"datePublished\":\"2014-04-28T13:19:22+00:00\",\"dateModified\":\"2016-07-27T10:05:43+00:00\",\"breadcrumb\":{\"@id\":\"http:\\\/\\\/vincentians.com\\\/es\\\/susana-guillemin-h-c\\\/#breadcrumb\"},\"inLanguage\":\"es\",\"potentialAction\":[{\"@type\":\"ReadAction\",\"target\":[\"http:\\\/\\\/vincentians.com\\\/es\\\/susana-guillemin-h-c\\\/\"]}]},{\"@type\":\"ImageObject\",\"inLanguage\":\"es\",\"@id\":\"http:\\\/\\\/vincentians.com\\\/es\\\/susana-guillemin-h-c\\\/#primaryimage\",\"url\":\"https:\\\/\\\/i0.wp.com\\\/vincentians.com\\\/es\\\/wp-content\\\/uploads\\\/sites\\\/11\\\/2016\\\/07\\\/bio-hc.jpg?fit=1200%2C630\",\"contentUrl\":\"https:\\\/\\\/i0.wp.com\\\/vincentians.com\\\/es\\\/wp-content\\\/uploads\\\/sites\\\/11\\\/2016\\\/07\\\/bio-hc.jpg?fit=1200%2C630\",\"width\":1200,\"height\":630},{\"@type\":\"BreadcrumbList\",\"@id\":\"http:\\\/\\\/vincentians.com\\\/es\\\/susana-guillemin-h-c\\\/#breadcrumb\",\"itemListElement\":[{\"@type\":\"ListItem\",\"position\":1,\"name\":\"Portada\",\"item\":\"http:\\\/\\\/vincentians.com\\\/es\\\/\"},{\"@type\":\"ListItem\",\"position\":2,\"name\":\"Susana Guillemin, H.C.\"}]},{\"@type\":\"WebSite\",\"@id\":\"http:\\\/\\\/vincentians.com\\\/es\\\/#website\",\"url\":\"http:\\\/\\\/vincentians.com\\\/es\\\/\",\"name\":\"Somos Vicencianos\",\"description\":\"Know more to serve more\",\"publisher\":{\"@id\":\"http:\\\/\\\/vincentians.com\\\/es\\\/#organization\"},\"potentialAction\":[{\"@type\":\"SearchAction\",\"target\":{\"@type\":\"EntryPoint\",\"urlTemplate\":\"http:\\\/\\\/vincentians.com\\\/es\\\/?s={search_term_string}\"},\"query-input\":{\"@type\":\"PropertyValueSpecification\",\"valueRequired\":true,\"valueName\":\"search_term_string\"}}],\"inLanguage\":\"es\"},{\"@type\":\"Organization\",\"@id\":\"http:\\\/\\\/vincentians.com\\\/es\\\/#organization\",\"name\":\"The Vincentian Network\",\"url\":\"http:\\\/\\\/vincentians.com\\\/es\\\/\",\"logo\":{\"@type\":\"ImageObject\",\"inLanguage\":\"es\",\"@id\":\"http:\\\/\\\/vincentians.com\\\/es\\\/#\\\/schema\\\/logo\\\/image\\\/\",\"url\":\"https:\\\/\\\/i1.wp.com\\\/vincentians.com\\\/es\\\/wp-content\\\/uploads\\\/sites\\\/11\\\/2016\\\/06\\\/Vincentian-Network-logo-big.png?fit=778%2C778\",\"contentUrl\":\"https:\\\/\\\/i1.wp.com\\\/vincentians.com\\\/es\\\/wp-content\\\/uploads\\\/sites\\\/11\\\/2016\\\/06\\\/Vincentian-Network-logo-big.png?fit=778%2C778\",\"width\":778,\"height\":778,\"caption\":\"The Vincentian Network\"},\"image\":{\"@id\":\"http:\\\/\\\/vincentians.com\\\/es\\\/#\\\/schema\\\/logo\\\/image\\\/\"},\"sameAs\":[\"https:\\\/\\\/www.facebook.com\\\/WeAreVincentians\\\/\",\"https:\\\/\\\/x.com\\\/WeVincentians\"]},{\"@type\":\"Person\",\"@id\":\"http:\\\/\\\/vincentians.com\\\/es\\\/#\\\/schema\\\/person\\\/7c2670b4445a7ca9d164ea6acdb31859\",\"name\":\"Mitxel Olabu\u00e9naga\",\"image\":{\"@type\":\"ImageObject\",\"inLanguage\":\"es\",\"@id\":\"https:\\\/\\\/secure.gravatar.com\\\/avatar\\\/34137ec2e2b8939cbbed975731e71f3f4f1defc7266ded337a5ce0f925426877?s=96&d=mm&r=g\",\"url\":\"https:\\\/\\\/secure.gravatar.com\\\/avatar\\\/34137ec2e2b8939cbbed975731e71f3f4f1defc7266ded337a5ce0f925426877?s=96&d=mm&r=g\",\"contentUrl\":\"https:\\\/\\\/secure.gravatar.com\\\/avatar\\\/34137ec2e2b8939cbbed975731e71f3f4f1defc7266ded337a5ce0f925426877?s=96&d=mm&r=g\",\"caption\":\"Mitxel Olabu\u00e9naga\"},\"url\":\"http:\\\/\\\/vincentians.com\\\/es\\\/author\\\/mitxel\\\/\"}]}<\/script>\n<!-- \/ Yoast SEO plugin. -->","yoast_head_json":{"title":"Susana Guillemin, H.C. - Somos Vicencianos","robots":{"index":"index","follow":"follow","max-snippet":"max-snippet:-1","max-image-preview":"max-image-preview:large","max-video-preview":"max-video-preview:-1"},"canonical":"http:\/\/vincentians.com\/es\/susana-guillemin-h-c\/","og_locale":"es_ES","og_type":"article","og_title":"Susana Guillemin, H.C. - Somos Vicencianos","og_description":"Sor Susana Guillemin muri\u00f3 en plenitud a los 62 a\u00f1os, el 28 de marzo de 1968. Para aqu\u00e9llos y aqu\u00e9llas que no la conocieron o que la conocieron poco, parece bueno precisar en primer lugar ... Read More","og_url":"http:\/\/vincentians.com\/es\/susana-guillemin-h-c\/","og_site_name":"Somos Vicencianos","article_publisher":"https:\/\/www.facebook.com\/WeAreVincentians\/","article_published_time":"2014-04-28T13:19:22+00:00","article_modified_time":"2016-07-27T10:05:43+00:00","og_image":[{"width":1200,"height":630,"url":"https:\/\/i0.wp.com\/vincentians.com\/es\/wp-content\/uploads\/sites\/11\/2016\/07\/bio-hc.jpg?fit=1200%2C630","type":"image\/jpeg"}],"author":"Mitxel Olabu\u00e9naga","twitter_card":"summary_large_image","twitter_creator":"@WeVincentians","twitter_site":"@WeVincentians","twitter_misc":{"Escrito por":"Mitxel Olabu\u00e9naga","Tiempo de lectura":"6 minutos"},"schema":{"@context":"https:\/\/schema.org","@graph":[{"@type":"Article","@id":"http:\/\/vincentians.com\/es\/susana-guillemin-h-c\/#article","isPartOf":{"@id":"http:\/\/vincentians.com\/es\/susana-guillemin-h-c\/"},"author":{"name":"Mitxel Olabu\u00e9naga","@id":"http:\/\/vincentians.com\/es\/#\/schema\/person\/7c2670b4445a7ca9d164ea6acdb31859"},"headline":"Susana Guillemin, H.C.","datePublished":"2014-04-28T13:19:22+00:00","dateModified":"2016-07-27T10:05:43+00:00","mainEntityOfPage":{"@id":"http:\/\/vincentians.com\/es\/susana-guillemin-h-c\/"},"wordCount":1133,"commentCount":0,"publisher":{"@id":"http:\/\/vincentians.com\/es\/#organization"},"image":{"@id":"http:\/\/vincentians.com\/es\/susana-guillemin-h-c\/#primaryimage"},"thumbnailUrl":"https:\/\/i0.wp.com\/vincentians.com\/es\/wp-content\/uploads\/sites\/11\/2016\/07\/bio-hc.jpg?fit=1200%2C630","articleSection":["Biograf\u00edas de Hijas de la Caridad"],"inLanguage":"es","potentialAction":[{"@type":"CommentAction","name":"Comment","target":["http:\/\/vincentians.com\/es\/susana-guillemin-h-c\/#respond"]}]},{"@type":"WebPage","@id":"http:\/\/vincentians.com\/es\/susana-guillemin-h-c\/","url":"http:\/\/vincentians.com\/es\/susana-guillemin-h-c\/","name":"Susana Guillemin, H.C. - Somos Vicencianos","isPartOf":{"@id":"http:\/\/vincentians.com\/es\/#website"},"primaryImageOfPage":{"@id":"http:\/\/vincentians.com\/es\/susana-guillemin-h-c\/#primaryimage"},"image":{"@id":"http:\/\/vincentians.com\/es\/susana-guillemin-h-c\/#primaryimage"},"thumbnailUrl":"https:\/\/i0.wp.com\/vincentians.com\/es\/wp-content\/uploads\/sites\/11\/2016\/07\/bio-hc.jpg?fit=1200%2C630","datePublished":"2014-04-28T13:19:22+00:00","dateModified":"2016-07-27T10:05:43+00:00","breadcrumb":{"@id":"http:\/\/vincentians.com\/es\/susana-guillemin-h-c\/#breadcrumb"},"inLanguage":"es","potentialAction":[{"@type":"ReadAction","target":["http:\/\/vincentians.com\/es\/susana-guillemin-h-c\/"]}]},{"@type":"ImageObject","inLanguage":"es","@id":"http:\/\/vincentians.com\/es\/susana-guillemin-h-c\/#primaryimage","url":"https:\/\/i0.wp.com\/vincentians.com\/es\/wp-content\/uploads\/sites\/11\/2016\/07\/bio-hc.jpg?fit=1200%2C630","contentUrl":"https:\/\/i0.wp.com\/vincentians.com\/es\/wp-content\/uploads\/sites\/11\/2016\/07\/bio-hc.jpg?fit=1200%2C630","width":1200,"height":630},{"@type":"BreadcrumbList","@id":"http:\/\/vincentians.com\/es\/susana-guillemin-h-c\/#breadcrumb","itemListElement":[{"@type":"ListItem","position":1,"name":"Portada","item":"http:\/\/vincentians.com\/es\/"},{"@type":"ListItem","position":2,"name":"Susana Guillemin, H.C."}]},{"@type":"WebSite","@id":"http:\/\/vincentians.com\/es\/#website","url":"http:\/\/vincentians.com\/es\/","name":"Somos Vicencianos","description":"Know more to serve more","publisher":{"@id":"http:\/\/vincentians.com\/es\/#organization"},"potentialAction":[{"@type":"SearchAction","target":{"@type":"EntryPoint","urlTemplate":"http:\/\/vincentians.com\/es\/?s={search_term_string}"},"query-input":{"@type":"PropertyValueSpecification","valueRequired":true,"valueName":"search_term_string"}}],"inLanguage":"es"},{"@type":"Organization","@id":"http:\/\/vincentians.com\/es\/#organization","name":"The Vincentian Network","url":"http:\/\/vincentians.com\/es\/","logo":{"@type":"ImageObject","inLanguage":"es","@id":"http:\/\/vincentians.com\/es\/#\/schema\/logo\/image\/","url":"https:\/\/i1.wp.com\/vincentians.com\/es\/wp-content\/uploads\/sites\/11\/2016\/06\/Vincentian-Network-logo-big.png?fit=778%2C778","contentUrl":"https:\/\/i1.wp.com\/vincentians.com\/es\/wp-content\/uploads\/sites\/11\/2016\/06\/Vincentian-Network-logo-big.png?fit=778%2C778","width":778,"height":778,"caption":"The Vincentian Network"},"image":{"@id":"http:\/\/vincentians.com\/es\/#\/schema\/logo\/image\/"},"sameAs":["https:\/\/www.facebook.com\/WeAreVincentians\/","https:\/\/x.com\/WeVincentians"]},{"@type":"Person","@id":"http:\/\/vincentians.com\/es\/#\/schema\/person\/7c2670b4445a7ca9d164ea6acdb31859","name":"Mitxel Olabu\u00e9naga","image":{"@type":"ImageObject","inLanguage":"es","@id":"https:\/\/secure.gravatar.com\/avatar\/34137ec2e2b8939cbbed975731e71f3f4f1defc7266ded337a5ce0f925426877?s=96&d=mm&r=g","url":"https:\/\/secure.gravatar.com\/avatar\/34137ec2e2b8939cbbed975731e71f3f4f1defc7266ded337a5ce0f925426877?s=96&d=mm&r=g","contentUrl":"https:\/\/secure.gravatar.com\/avatar\/34137ec2e2b8939cbbed975731e71f3f4f1defc7266ded337a5ce0f925426877?s=96&d=mm&r=g","caption":"Mitxel Olabu\u00e9naga"},"url":"http:\/\/vincentians.com\/es\/author\/mitxel\/"}]}},"jetpack_publicize_connections":[],"jetpack_featured_media_url":"https:\/\/i0.wp.com\/vincentians.com\/es\/wp-content\/uploads\/sites\/11\/2016\/07\/bio-hc.jpg?fit=1200%2C630","jetpack_sharing_enabled":true,"jetpack_shortlink":"https:\/\/wp.me\/p7ETMF-8KQ","jetpack-related-posts":[{"id":35202,"url":"http:\/\/vincentians.com\/es\/susana-guillemin-con-la-iglesia-en-estado-de-concilio\/","url_meta":{"origin":33656,"position":0},"title":"Susana Guillemin: Con la Iglesia, en estado de Concilio","author":"Francisco Javier Fern\u00e1ndez Chento","date":"04\/06\/2014","format":false,"excerpt":"La conversi\u00f3n que buscamos, la que nos interesa, es descubrir que el Concilio no transcurrir\u00e1 sin nosotros. Constituye una etapa de la vida de la Iglesia, de la que formamos parte; una acci\u00f3n de Dios en su Iglesia, que pasa a trav\u00e9s de todo el cuerpo eclesial, de la cabeza\u2026","rel":"","context":"En \u00abEscritos de Susana Guillemin\u00bb","block_context":{"text":"Escritos de Susana Guillemin","link":"http:\/\/vincentians.com\/es\/category\/escritos\/escritos-de-susana-guillemin\/"},"img":{"alt_text":"","src":"https:\/\/i0.wp.com\/vincentians.com\/es\/wp-content\/uploads\/sites\/11\/2016\/07\/escritos-guillemin.jpg?fit=1200%2C630&resize=350%2C200","width":350,"height":200,"srcset":"https:\/\/i0.wp.com\/vincentians.com\/es\/wp-content\/uploads\/sites\/11\/2016\/07\/escritos-guillemin.jpg?fit=1200%2C630&resize=350%2C200 1x, https:\/\/i0.wp.com\/vincentians.com\/es\/wp-content\/uploads\/sites\/11\/2016\/07\/escritos-guillemin.jpg?fit=1200%2C630&resize=525%2C300 1.5x, https:\/\/i0.wp.com\/vincentians.com\/es\/wp-content\/uploads\/sites\/11\/2016\/07\/escritos-guillemin.jpg?fit=1200%2C630&resize=700%2C400 2x, https:\/\/i0.wp.com\/vincentians.com\/es\/wp-content\/uploads\/sites\/11\/2016\/07\/escritos-guillemin.jpg?fit=1200%2C630&resize=1050%2C600 3x"},"classes":[]},{"id":35204,"url":"http:\/\/vincentians.com\/es\/susana-guillemin-el-silencio-es-de-gran-consecuencia\/","url_meta":{"origin":33656,"position":1},"title":"Susana Guillemin: \u00abEl silencio es de gran consecuencia\u00bb","author":"Francisco Javier Fern\u00e1ndez Chento","date":"20\/06\/2014","format":false,"excerpt":"\"Ahora bien, quien suprime esto (la pr\u00e1ctica del silencio) en una Comunidad, introduce en ella un desorden y una confusi\u00f3n como no se imagina, lo que ha hecho decir a un santo personaje que no vacilar\u00eda en asegurar que una comunidad es regular y observa todas sus pr\u00e1cticas, si la\u2026","rel":"","context":"En \u00abEscritos de Susana Guillemin\u00bb","block_context":{"text":"Escritos de Susana Guillemin","link":"http:\/\/vincentians.com\/es\/category\/escritos\/escritos-de-susana-guillemin\/"},"img":{"alt_text":"","src":"https:\/\/i0.wp.com\/vincentians.com\/es\/wp-content\/uploads\/sites\/11\/2016\/07\/escritos-guillemin.jpg?fit=1200%2C630&resize=350%2C200","width":350,"height":200,"srcset":"https:\/\/i0.wp.com\/vincentians.com\/es\/wp-content\/uploads\/sites\/11\/2016\/07\/escritos-guillemin.jpg?fit=1200%2C630&resize=350%2C200 1x, https:\/\/i0.wp.com\/vincentians.com\/es\/wp-content\/uploads\/sites\/11\/2016\/07\/escritos-guillemin.jpg?fit=1200%2C630&resize=525%2C300 1.5x, https:\/\/i0.wp.com\/vincentians.com\/es\/wp-content\/uploads\/sites\/11\/2016\/07\/escritos-guillemin.jpg?fit=1200%2C630&resize=700%2C400 2x, https:\/\/i0.wp.com\/vincentians.com\/es\/wp-content\/uploads\/sites\/11\/2016\/07\/escritos-guillemin.jpg?fit=1200%2C630&resize=1050%2C600 3x"},"classes":[]},{"id":35210,"url":"http:\/\/vincentians.com\/es\/susana-guillemin-la-uniformidad-con-miras-a-la-unidad\/","url_meta":{"origin":33656,"position":2},"title":"Susana Guillemin: La uniformidad: con miras a la unidad","author":"Francisco Javier Fern\u00e1ndez Chento","date":"26\/06\/2014","format":false,"excerpt":"\"Lo que mantendr\u00e1 vivo el amor entre vosotras ser\u00e1 la semejanza.\" (San Vicente a las Hijas de la Caridad el 15 de noviembre de 1657). \u00bfNo es un hecho que tenemos la tendencia a vivir demasiado replegadas en nosotras mismas, encerradas en nuestras preocupaciones de Casa o de Oficio (muy\u2026","rel":"","context":"En \u00abEscritos de Susana Guillemin\u00bb","block_context":{"text":"Escritos de Susana Guillemin","link":"http:\/\/vincentians.com\/es\/category\/escritos\/escritos-de-susana-guillemin\/"},"img":{"alt_text":"","src":"https:\/\/i0.wp.com\/vincentians.com\/es\/wp-content\/uploads\/sites\/11\/2016\/07\/escritos-guillemin.jpg?fit=1200%2C630&resize=350%2C200","width":350,"height":200,"srcset":"https:\/\/i0.wp.com\/vincentians.com\/es\/wp-content\/uploads\/sites\/11\/2016\/07\/escritos-guillemin.jpg?fit=1200%2C630&resize=350%2C200 1x, https:\/\/i0.wp.com\/vincentians.com\/es\/wp-content\/uploads\/sites\/11\/2016\/07\/escritos-guillemin.jpg?fit=1200%2C630&resize=525%2C300 1.5x, https:\/\/i0.wp.com\/vincentians.com\/es\/wp-content\/uploads\/sites\/11\/2016\/07\/escritos-guillemin.jpg?fit=1200%2C630&resize=700%2C400 2x, https:\/\/i0.wp.com\/vincentians.com\/es\/wp-content\/uploads\/sites\/11\/2016\/07\/escritos-guillemin.jpg?fit=1200%2C630&resize=1050%2C600 3x"},"classes":[]},{"id":35211,"url":"http:\/\/vincentians.com\/es\/susana-guillemin-siervas-de-los-pobres\/","url_meta":{"origin":33656,"position":3},"title":"Susana Guillemin: Siervas de los pobres","author":"Francisco Javier Fern\u00e1ndez Chento","date":"17\/07\/2020","format":false,"excerpt":"Se dice con frecuencia, y es muy cierto y de toda actualidad, que la hija de la Caridad es catequista por excelencia. Hemos de tener, s\u00ed, la preocupaci\u00f3n por esa pobreza de la mayor\u00eda de nuestros contempor\u00e1neos que es la carencia espiritual, la situaci\u00f3n de los que no reconocen a\u2026","rel":"","context":"En \u00abEscritos de Susana Guillemin\u00bb","block_context":{"text":"Escritos de Susana Guillemin","link":"http:\/\/vincentians.com\/es\/category\/escritos\/escritos-de-susana-guillemin\/"},"img":{"alt_text":"","src":"https:\/\/i0.wp.com\/vincentians.com\/es\/wp-content\/uploads\/sites\/11\/2016\/07\/escritos-guillemin.jpg?fit=1200%2C630&resize=350%2C200","width":350,"height":200,"srcset":"https:\/\/i0.wp.com\/vincentians.com\/es\/wp-content\/uploads\/sites\/11\/2016\/07\/escritos-guillemin.jpg?fit=1200%2C630&resize=350%2C200 1x, https:\/\/i0.wp.com\/vincentians.com\/es\/wp-content\/uploads\/sites\/11\/2016\/07\/escritos-guillemin.jpg?fit=1200%2C630&resize=525%2C300 1.5x, https:\/\/i0.wp.com\/vincentians.com\/es\/wp-content\/uploads\/sites\/11\/2016\/07\/escritos-guillemin.jpg?fit=1200%2C630&resize=700%2C400 2x, https:\/\/i0.wp.com\/vincentians.com\/es\/wp-content\/uploads\/sites\/11\/2016\/07\/escritos-guillemin.jpg?fit=1200%2C630&resize=1050%2C600 3x"},"classes":[]},{"id":41741,"url":"http:\/\/vincentians.com\/es\/susana-guillemin-repeticion-de-oracion-sobre-los-santos-angeles-octubre-de-1957\/","url_meta":{"origin":33656,"position":4},"title":"Susana Guillemin: Repetici\u00f3n de oraci\u00f3n, Sobre los Santos \u00c1ngeles, octubre de 1957","author":"Francisco Javier Fern\u00e1ndez Chento","date":"22\/01\/2021","format":false,"excerpt":"Nos encontramos en el momento en que debemos renovar nuestra intenci\u00f3n de tomar resoluciones para el a\u00f1o que empieza. Tambi\u00e9n es el momento de contemplar las gracias que hemos recibido y el considerar las faltas. Es para nosotras, en una palabra, el momento de ofrecemos a Dios con nuestras ca\u00eddas,\u2026","rel":"","context":"En \u00abEscritos de Susana Guillemin\u00bb","block_context":{"text":"Escritos de Susana Guillemin","link":"http:\/\/vincentians.com\/es\/category\/escritos\/escritos-de-susana-guillemin\/"},"img":{"alt_text":"","src":"https:\/\/i0.wp.com\/vincentians.com\/es\/wp-content\/uploads\/sites\/11\/2016\/07\/escritos-guillemin.jpg?fit=1200%2C630&resize=350%2C200","width":350,"height":200,"srcset":"https:\/\/i0.wp.com\/vincentians.com\/es\/wp-content\/uploads\/sites\/11\/2016\/07\/escritos-guillemin.jpg?fit=1200%2C630&resize=350%2C200 1x, https:\/\/i0.wp.com\/vincentians.com\/es\/wp-content\/uploads\/sites\/11\/2016\/07\/escritos-guillemin.jpg?fit=1200%2C630&resize=525%2C300 1.5x, https:\/\/i0.wp.com\/vincentians.com\/es\/wp-content\/uploads\/sites\/11\/2016\/07\/escritos-guillemin.jpg?fit=1200%2C630&resize=700%2C400 2x, https:\/\/i0.wp.com\/vincentians.com\/es\/wp-content\/uploads\/sites\/11\/2016\/07\/escritos-guillemin.jpg?fit=1200%2C630&resize=1050%2C600 3x"},"classes":[]},{"id":134950,"url":"http:\/\/vincentians.com\/es\/un-fuego-nuevo\/","url_meta":{"origin":33656,"position":5},"title":"Un fuego nuevo","author":"Francisco Javier Fern\u00e1ndez Chento","date":"13\/01\/2015","format":false,"excerpt":"Las Hijas de la Caridad \u00bfpodr\u00e1n escribir todav\u00eda una gran historia? Espero que s\u00ed. Pero para ello se necesitar\u00e1 concentrar todas las energ\u00edas en orden a hacer un serio discernimiento, don un tanto raro, y dar lugar a una fidelidad creativa al carisma recibido y a cuanto lo caracteriza. Es\u2026","rel":"","context":"En \u00abHijas de la Caridad\u00bb","block_context":{"text":"Hijas de la Caridad","link":"http:\/\/vincentians.com\/es\/category\/la-familia-vicenciana\/ramas\/hijas-de-la-caridad\/"},"img":{"alt_text":"Filles-de-la-Charite","src":"https:\/\/i0.wp.com\/vicencianos.org\/wp-content\/2015\/01\/Filles-de-la-Charite-300x245.jpg?resize=350%2C200","width":350,"height":200},"classes":[]}],"_links":{"self":[{"href":"http:\/\/vincentians.com\/es\/wp-json\/wp\/v2\/posts\/33656","targetHints":{"allow":["GET"]}}],"collection":[{"href":"http:\/\/vincentians.com\/es\/wp-json\/wp\/v2\/posts"}],"about":[{"href":"http:\/\/vincentians.com\/es\/wp-json\/wp\/v2\/types\/post"}],"author":[{"embeddable":true,"href":"http:\/\/vincentians.com\/es\/wp-json\/wp\/v2\/users\/5"}],"replies":[{"embeddable":true,"href":"http:\/\/vincentians.com\/es\/wp-json\/wp\/v2\/comments?post=33656"}],"version-history":[{"count":0,"href":"http:\/\/vincentians.com\/es\/wp-json\/wp\/v2\/posts\/33656\/revisions"}],"wp:featuredmedia":[{"embeddable":true,"href":"http:\/\/vincentians.com\/es\/wp-json\/wp\/v2\/media\/391164"}],"wp:attachment":[{"href":"http:\/\/vincentians.com\/es\/wp-json\/wp\/v2\/media?parent=33656"}],"wp:term":[{"taxonomy":"category","embeddable":true,"href":"http:\/\/vincentians.com\/es\/wp-json\/wp\/v2\/categories?post=33656"},{"taxonomy":"post_tag","embeddable":true,"href":"http:\/\/vincentians.com\/es\/wp-json\/wp\/v2\/tags?post=33656"}],"curies":[{"name":"wp","href":"https:\/\/api.w.org\/{rel}","templated":true}]}}