{"id":33566,"date":"2011-04-07T13:22:37","date_gmt":"2011-04-07T11:22:37","guid":{"rendered":"http:\/\/somos.vicencianos.org\/?p=33566"},"modified":"2011-04-07T13:22:37","modified_gmt":"2011-04-07T11:22:37","slug":"nuevo-presidente-de-juventudes-marianas-vicencianas-en-espana","status":"publish","type":"post","link":"http:\/\/vincentians.com\/es\/nuevo-presidente-de-juventudes-marianas-vicencianas-en-espana\/","title":{"rendered":"Nuevo presidente de Juventudes Marianas Vicencianas en Espa\u00f1a"},"content":{"rendered":"<div id=\"attachment_33567\" style=\"width: 221px\" class=\"wp-caption alignright\"><a href=\"https:\/\/i0.wp.com\/vicencianos.org\/wp-content\/2011\/04\/irune_y_daniel_jmv.jpg\"><img data-recalc-dims=\"1\" loading=\"lazy\" decoding=\"async\" aria-describedby=\"caption-attachment-33567\" class=\"size-medium wp-image-33567\" title=\"Irune, presidenta saliente, y Daniel, nuevo presidente de JMV\" src=\"https:\/\/i0.wp.com\/vicencianos.org\/wp-content\/2011\/04\/irune_y_daniel_jmv-211x300.jpg?resize=211%2C300\" alt=\"Irune, presidenta saliente, y Daniel, nuevo presidente de JMV\" width=\"211\" height=\"300\" \/><\/a><p id=\"caption-attachment-33567\" class=\"wp-caption-text\">Irune, presidenta saliente, y Daniel, nuevo presidente de JMV<\/p><\/div>\n<p>Los d\u00edas 2 y 3 de abril JMV de Espa\u00f1a ha  celebrado su V Asamblea General nacional en la Casa Provincial de las  Hijas de la Caridad de Santa Luisa, con la participaci\u00f3n de unos 100  j\u00f3venes y asesores, representando a las 9 provincias can\u00f3nicas.<\/p>\n<p>Comenzamos en la capilla de la Casa  Provincial que est\u00e1 celebrando su centenario,\u00a0 en ambiente de oraci\u00f3n,  meditando que estamos edificados en Cristo, nuestra Roca. Posteriormente  en el sal\u00f3n de actos Irune, Presidenta Nacional, recibi\u00f3 y salud\u00f3 a los  asamble\u00edstas y tras anunciar los nombres de todos declar\u00f3 abierta la  Asamblea. Se aprob\u00f3 el reglamento y se eligieron a los escrutadores,  secretarios y moderadores.<\/p>\n<p>Despu\u00e9s del descanso se tuvo la parte  formativa que este a\u00f1o ha sido sobre la eclesialidad de JMV. \u00a0D. Adrian  R\u00edos, Delegado Diocesano de Pastoral Juvenil en Sevilla, nos ayud\u00f3 a  reflexionar sobre el tema con una ponencia que titul\u00f3: C\u00f3mo vivir la  nota eclesial en JMV. Nos invit\u00f3 a reflexionar en la importancia de la  comuni\u00f3n eclesial desde una perspectiva antropol\u00f3gica, b\u00edblica y  eclesiol\u00f3gica y nos insisti\u00f3 en la comuni\u00f3n como don y tarea de todos,  que la comuni\u00f3n no supone fusi\u00f3n, sino intercambio de carismas y desde  su experiencia en la Di\u00f3cesis de Sevilla dio pistas a JMV para vivir la  comuni\u00f3n en el seno de la Familia Vicenciana, desde la inserci\u00f3n en las  Parroquias y en las Di\u00f3cesis. Seguidamente tuvimos un di\u00e1logo rico y  abierto con Adri\u00e1n sobre como vivir esto en puntos concretos de la  relaci\u00f3n de JMV con Parroquias y Di\u00f3cesis.<\/p>\n<p>Al final de la ma\u00f1ana Irune presento el  documento \u00abComunidades de Servicio en JMV\u00bb que anteriormente hab\u00eda  preparado y aprobado el Consejo Nacional y se abri\u00f3 un dialogo  enriquecedor sobre el significado de estas experiencias comunitarias  para los j\u00f3venes de JMV.<\/p>\n<p>El trabajo de la tarde se inicio con la  \u00abMemoria de actividades\u00bb del curso 2010, presentado de forma visual y  amena por la Secretaria Nacional, Mamen Navarro. Tras un di\u00e1logo sobre  este informe de la vida de la Asociaci\u00f3n y de cada Provincia se aprob\u00f3  por la Asamblea. Seguidamente Sor Isabel M\u00aa Higueras, Delegada Nacional,  present\u00f3 con detalle y gr\u00e1ficamente el Informe Econ\u00f3mico 2010, que  consolida la contabilidad del Secretariado nacional, Provincias y Centro  Contigo. Tambi\u00e9n present\u00f3 el presupuesto del 2011 y tras un dialogo  abierto se aprobaron por la Asamblea.<\/p>\n<p>Tras el descanso, tocaba el turno de  presentar al \u00fanico candidato al cargo de Presidente Nacional, el joven  Daniel Malmierca. Irune planteo esta presentaci\u00f3n como un di\u00e1logo en  intimidad entre los dos sentados en unas escaleras. La Asamblea  particip\u00f3 en el di\u00e1logo con preguntas al candidato. Y la tarde culmino  con una Vigilia de oraci\u00f3n, de la mano de Mar\u00eda, seguidora de Jes\u00fas.<\/p>\n<p>El domingo se retom\u00f3 la Asamblea con la  oraci\u00f3n de la ma\u00f1ana en que se nos invit\u00f3 a construir Iglesia y a  sentirnos todos piedras vivas en ella. Reunidos en el sal\u00f3n de actos la  Asamblea continu\u00f3 con la presentaci\u00f3n del Documento de Misiones,  revisado y actualizado por la Comisi\u00f3n de Misiones y Consejo Nacional,  por parte del P. Juanjo, como miembro de la Comisi\u00f3n de Misiones. Sigui\u00f3  un di\u00e1logo sobre la vivencia de la dimensi\u00f3n misionera en la  Asociaci\u00f3n. Tambi\u00e9n se invit\u00f3 a los asambleistas a conocer y hacer vida  el nuevo \u00abProceso de maduraci\u00f3n en la fe de JMV\u00bb.<\/p>\n<p>Llegamos as\u00ed al momento m\u00e1s  esperado de la Asamblea: la elecci\u00f3n del nuevo Presidente. Tras la  votaci\u00f3n Daniel agradeci\u00f3 la confianza y manifest\u00f3 su disponibilidad e  Irune dirigi\u00f3 a la Asamblea unas emotivas palabras de despedida  valorando lo que han significando estos cuatro a\u00f1os para ella. Tras un  descanso se celebr\u00f3 el homenaje de despedida a Irune con un video que  recog\u00eda su vida en JMV preparado por la Secretaria Nacional y la entrega  de un ramo de flores y un album digitalizado con fotos y testimonios de  gratitud, entre la emoci\u00f3n de Irune y los aplausos de la Asamblea.<\/p>\n<p>Los secretarios presentaron el  acta y fue aprobada y el nuevo Presidente clausur\u00f3 la Asamblea. Nos  dirigimos a la capilla de la casa Provincial de San Vicente para  celebrar la Eucarist\u00eda de clausura, acompa\u00f1ados ya por un buen grupo de  invitados, j\u00f3venes de JMV de varias Provincias y miembros de la Familia  Vicenciana. El P. Enrique Sanz, Visitador de la Provincia de Madrid y el  P. Enrique Rivas, Director Internacional de la AMM, concelebraron con  los Conciliarios presentes en la Asamblea. Al final de la celebraci\u00f3n el  P. Raigoso, como el m\u00e1s \u00abanciano\u00bb de la asamblea, \u00a0agradeci\u00f3 a Irune y  Dani su servicio a JMV. Irune pas\u00f3 la antorcha a Dani y se les  impusieron las pa\u00f1oletas, blanca a Dani y verde a Irune, en un ambiente  emotivo y festivo. Y entre felicitaciones, despedidas y l\u00e1grimas  concluyo la Asamblea General Nacional 2011 con los objetivos cumplidos.<\/p>\n","protected":false},"excerpt":{"rendered":"<p>Los d\u00edas 2 y 3 de abril JMV de Espa\u00f1a ha celebrado su V Asamblea General nacional en la Casa Provincial de las Hijas de la Caridad de Santa Luisa, con la participaci\u00f3n de unos &#8230; <a href=\"http:\/\/vincentians.com\/es\/nuevo-presidente-de-juventudes-marianas-vicencianas-en-espana\/\" class=\"more-link\">Read More<\/a><\/p>\n","protected":false},"author":4,"featured_media":33567,"comment_status":"open","ping_status":"open","sticky":false,"template":"","format":"standard","meta":{"jetpack_post_was_ever_published":false,"_jetpack_newsletter_access":"","_jetpack_dont_email_post_to_subs":false,"_jetpack_newsletter_tier_id":0,"_jetpack_memberships_contains_paywalled_content":false,"_jetpack_memberships_contains_paid_content":false,"footnotes":"","jetpack_publicize_message":"","jetpack_publicize_feature_enabled":true,"jetpack_social_post_already_shared":true,"jetpack_social_options":{"image_generator_settings":{"template":"highway","default_image_id":0,"font":"","enabled":false},"version":2}},"categories":[202],"tags":[],"class_list":["post-33566","post","type-post","status-publish","format-standard","has-post-thumbnail","hentry","category-juventudes-marianas-vicencianas"],"yoast_head":"<!-- This site is optimized with the Yoast SEO plugin v26.3 - https:\/\/yoast.com\/wordpress\/plugins\/seo\/ -->\n<title>Nuevo presidente de Juventudes Marianas Vicencianas en Espa\u00f1a - Somos Vicencianos<\/title>\n<meta name=\"robots\" content=\"index, follow, max-snippet:-1, max-image-preview:large, max-video-preview:-1\" \/>\n<link rel=\"canonical\" href=\"http:\/\/vincentians.com\/es\/nuevo-presidente-de-juventudes-marianas-vicencianas-en-espana\/\" \/>\n<meta property=\"og:locale\" content=\"es_ES\" \/>\n<meta property=\"og:type\" content=\"article\" \/>\n<meta property=\"og:title\" content=\"Nuevo presidente de Juventudes Marianas Vicencianas en Espa\u00f1a - Somos Vicencianos\" \/>\n<meta property=\"og:description\" content=\"Los d\u00edas 2 y 3 de abril JMV de Espa\u00f1a ha celebrado su V Asamblea General nacional en la Casa Provincial de las Hijas de la Caridad de Santa Luisa, con la participaci\u00f3n de unos ... Read More\" \/>\n<meta property=\"og:url\" content=\"http:\/\/vincentians.com\/es\/nuevo-presidente-de-juventudes-marianas-vicencianas-en-espana\/\" \/>\n<meta property=\"og:site_name\" content=\"Somos Vicencianos\" \/>\n<meta property=\"article:publisher\" content=\"https:\/\/www.facebook.com\/WeAreVincentians\/\" \/>\n<meta property=\"article:author\" content=\"https:\/\/www.facebook.com\/JavierChento\" \/>\n<meta property=\"article:published_time\" content=\"2011-04-07T11:22:37+00:00\" \/>\n<meta name=\"author\" content=\"Francisco Javier Fern\u00e1ndez Chento\" \/>\n<meta name=\"twitter:card\" content=\"summary_large_image\" \/>\n<meta name=\"twitter:creator\" content=\"@https:\/\/twitter.com\/javierchento\" \/>\n<meta name=\"twitter:site\" content=\"@WeVincentians\" \/>\n<meta name=\"twitter:label1\" content=\"Escrito por\" \/>\n\t<meta name=\"twitter:data1\" content=\"Francisco Javier Fern\u00e1ndez Chento\" \/>\n\t<meta name=\"twitter:label2\" content=\"Tiempo de lectura\" \/>\n\t<meta name=\"twitter:data2\" content=\"4 minutos\" \/>\n<script type=\"application\/ld+json\" class=\"yoast-schema-graph\">{\"@context\":\"https:\/\/schema.org\",\"@graph\":[{\"@type\":\"Article\",\"@id\":\"http:\/\/vincentians.com\/es\/nuevo-presidente-de-juventudes-marianas-vicencianas-en-espana\/#article\",\"isPartOf\":{\"@id\":\"http:\/\/vincentians.com\/es\/nuevo-presidente-de-juventudes-marianas-vicencianas-en-espana\/\"},\"author\":{\"name\":\"Francisco Javier Fern\u00e1ndez Chento\",\"@id\":\"https:\/\/vincentians.com\/es\/#\/schema\/person\/9623ef4d9aa3b2dfb8c061f1499288f2\"},\"headline\":\"Nuevo presidente de Juventudes Marianas Vicencianas en Espa\u00f1a\",\"datePublished\":\"2011-04-07T11:22:37+00:00\",\"mainEntityOfPage\":{\"@id\":\"http:\/\/vincentians.com\/es\/nuevo-presidente-de-juventudes-marianas-vicencianas-en-espana\/\"},\"wordCount\":880,\"commentCount\":0,\"publisher\":{\"@id\":\"https:\/\/vincentians.com\/es\/#organization\"},\"image\":{\"@id\":\"http:\/\/vincentians.com\/es\/nuevo-presidente-de-juventudes-marianas-vicencianas-en-espana\/#primaryimage\"},\"thumbnailUrl\":\"\",\"articleSection\":[\"Juventudes Marianas Vicencianas\"],\"inLanguage\":\"es\",\"potentialAction\":[{\"@type\":\"CommentAction\",\"name\":\"Comment\",\"target\":[\"http:\/\/vincentians.com\/es\/nuevo-presidente-de-juventudes-marianas-vicencianas-en-espana\/#respond\"]}]},{\"@type\":\"WebPage\",\"@id\":\"http:\/\/vincentians.com\/es\/nuevo-presidente-de-juventudes-marianas-vicencianas-en-espana\/\",\"url\":\"http:\/\/vincentians.com\/es\/nuevo-presidente-de-juventudes-marianas-vicencianas-en-espana\/\",\"name\":\"Nuevo presidente de Juventudes Marianas Vicencianas en Espa\u00f1a - Somos Vicencianos\",\"isPartOf\":{\"@id\":\"https:\/\/vincentians.com\/es\/#website\"},\"primaryImageOfPage\":{\"@id\":\"http:\/\/vincentians.com\/es\/nuevo-presidente-de-juventudes-marianas-vicencianas-en-espana\/#primaryimage\"},\"image\":{\"@id\":\"http:\/\/vincentians.com\/es\/nuevo-presidente-de-juventudes-marianas-vicencianas-en-espana\/#primaryimage\"},\"thumbnailUrl\":\"\",\"datePublished\":\"2011-04-07T11:22:37+00:00\",\"breadcrumb\":{\"@id\":\"http:\/\/vincentians.com\/es\/nuevo-presidente-de-juventudes-marianas-vicencianas-en-espana\/#breadcrumb\"},\"inLanguage\":\"es\",\"potentialAction\":[{\"@type\":\"ReadAction\",\"target\":[\"http:\/\/vincentians.com\/es\/nuevo-presidente-de-juventudes-marianas-vicencianas-en-espana\/\"]}]},{\"@type\":\"ImageObject\",\"inLanguage\":\"es\",\"@id\":\"http:\/\/vincentians.com\/es\/nuevo-presidente-de-juventudes-marianas-vicencianas-en-espana\/#primaryimage\",\"url\":\"\",\"contentUrl\":\"\"},{\"@type\":\"BreadcrumbList\",\"@id\":\"http:\/\/vincentians.com\/es\/nuevo-presidente-de-juventudes-marianas-vicencianas-en-espana\/#breadcrumb\",\"itemListElement\":[{\"@type\":\"ListItem\",\"position\":1,\"name\":\"Portada\",\"item\":\"https:\/\/vincentians.com\/es\/\"},{\"@type\":\"ListItem\",\"position\":2,\"name\":\"Nuevo presidente de Juventudes Marianas Vicencianas en Espa\u00f1a\"}]},{\"@type\":\"WebSite\",\"@id\":\"https:\/\/vincentians.com\/es\/#website\",\"url\":\"https:\/\/vincentians.com\/es\/\",\"name\":\"Somos Vicencianos\",\"description\":\"Know more to serve more\",\"publisher\":{\"@id\":\"https:\/\/vincentians.com\/es\/#organization\"},\"potentialAction\":[{\"@type\":\"SearchAction\",\"target\":{\"@type\":\"EntryPoint\",\"urlTemplate\":\"https:\/\/vincentians.com\/es\/?s={search_term_string}\"},\"query-input\":{\"@type\":\"PropertyValueSpecification\",\"valueRequired\":true,\"valueName\":\"search_term_string\"}}],\"inLanguage\":\"es\"},{\"@type\":\"Organization\",\"@id\":\"https:\/\/vincentians.com\/es\/#organization\",\"name\":\"The Vincentian Network\",\"url\":\"https:\/\/vincentians.com\/es\/\",\"logo\":{\"@type\":\"ImageObject\",\"inLanguage\":\"es\",\"@id\":\"https:\/\/vincentians.com\/es\/#\/schema\/logo\/image\/\",\"url\":\"https:\/\/i1.wp.com\/vincentians.com\/es\/wp-content\/uploads\/sites\/11\/2016\/06\/Vincentian-Network-logo-big.png?fit=778%2C778\",\"contentUrl\":\"https:\/\/i1.wp.com\/vincentians.com\/es\/wp-content\/uploads\/sites\/11\/2016\/06\/Vincentian-Network-logo-big.png?fit=778%2C778\",\"width\":778,\"height\":778,\"caption\":\"The Vincentian Network\"},\"image\":{\"@id\":\"https:\/\/vincentians.com\/es\/#\/schema\/logo\/image\/\"},\"sameAs\":[\"https:\/\/www.facebook.com\/WeAreVincentians\/\",\"https:\/\/x.com\/WeVincentians\"]},{\"@type\":\"Person\",\"@id\":\"https:\/\/vincentians.com\/es\/#\/schema\/person\/9623ef4d9aa3b2dfb8c061f1499288f2\",\"name\":\"Francisco Javier Fern\u00e1ndez Chento\",\"image\":{\"@type\":\"ImageObject\",\"inLanguage\":\"es\",\"@id\":\"https:\/\/vincentians.com\/es\/#\/schema\/person\/image\/\",\"url\":\"https:\/\/secure.gravatar.com\/avatar\/497d5cde87b4c3d097d0315953521681ba2cd523ee66e5077c3711f7021e65de?s=96&d=mm&r=g\",\"contentUrl\":\"https:\/\/secure.gravatar.com\/avatar\/497d5cde87b4c3d097d0315953521681ba2cd523ee66e5077c3711f7021e65de?s=96&d=mm&r=g\",\"caption\":\"Francisco Javier Fern\u00e1ndez Chento\"},\"description\":\"Director General y cofundador de La Red de Formaci\u00f3n Vicenciana. Javier es laico vicenciano, afiliado a la Congregaci\u00f3n de la Misi\u00f3n y miembro del Equipo de Misiones Populares de la provincia can\u00f3nica de Zaragoza (Espa\u00f1a) de la Congregaci\u00f3n de la Misi\u00f3n. Graduado en la Universidad Oberta de Catalunya con cuatro grados (Asistente de direcci\u00f3n, Gesti\u00f3n Administrativa, Recursos Humanos y Contabilidad Avanzada). Bil\u00edng\u00fce Espa\u00f1ol\/Ingl\u00e9s. gestiona y mantiene varias p\u00e1ginas web cristianas y vicencianas, incluida including La Red de Formaci\u00f3n Vicenciana, de la que es cofundador. Actualmente es responsable del \u00e1rea de Espa\u00f1ol de .famvin, la Red de Noticias de la Familia Vicenciana. Tambi\u00e9n es m\u00fasico cat\u00f3lico y ha editado varios discos. Es Director General y cofundador de Trovador, una reconocida compa\u00f1\u00eda discogr\u00e1fica critiana de Espa\u00f1a. Trabaja en las Tecnolog\u00edas de la Informaci\u00f3n, ofreciendo servicios de alojamiento, dise\u00f1o y mantenimiento Web, as\u00ed como asesoramiento, formaci\u00f3n y soluciones inform\u00e1ticas, gesti\u00f3n documental y digitalizaci\u00f3n de textos, edici\u00f3n y maquetaci\u00f3n de libros, revistas, flyers, etc.\",\"sameAs\":[\"http:\/\/chento.org\",\"https:\/\/www.facebook.com\/JavierChento\",\"https:\/\/x.com\/https:\/\/twitter.com\/javierchento\"],\"url\":\"http:\/\/vincentians.com\/es\/author\/chento\/\"}]}<\/script>\n<!-- \/ Yoast SEO plugin. -->","yoast_head_json":{"title":"Nuevo presidente de Juventudes Marianas Vicencianas en Espa\u00f1a - Somos Vicencianos","robots":{"index":"index","follow":"follow","max-snippet":"max-snippet:-1","max-image-preview":"max-image-preview:large","max-video-preview":"max-video-preview:-1"},"canonical":"http:\/\/vincentians.com\/es\/nuevo-presidente-de-juventudes-marianas-vicencianas-en-espana\/","og_locale":"es_ES","og_type":"article","og_title":"Nuevo presidente de Juventudes Marianas Vicencianas en Espa\u00f1a - Somos Vicencianos","og_description":"Los d\u00edas 2 y 3 de abril JMV de Espa\u00f1a ha celebrado su V Asamblea General nacional en la Casa Provincial de las Hijas de la Caridad de Santa Luisa, con la participaci\u00f3n de unos ... Read More","og_url":"http:\/\/vincentians.com\/es\/nuevo-presidente-de-juventudes-marianas-vicencianas-en-espana\/","og_site_name":"Somos Vicencianos","article_publisher":"https:\/\/www.facebook.com\/WeAreVincentians\/","article_author":"https:\/\/www.facebook.com\/JavierChento","article_published_time":"2011-04-07T11:22:37+00:00","author":"Francisco Javier Fern\u00e1ndez Chento","twitter_card":"summary_large_image","twitter_creator":"@https:\/\/twitter.com\/javierchento","twitter_site":"@WeVincentians","twitter_misc":{"Escrito por":"Francisco Javier Fern\u00e1ndez Chento","Tiempo de lectura":"4 minutos"},"schema":{"@context":"https:\/\/schema.org","@graph":[{"@type":"Article","@id":"http:\/\/vincentians.com\/es\/nuevo-presidente-de-juventudes-marianas-vicencianas-en-espana\/#article","isPartOf":{"@id":"http:\/\/vincentians.com\/es\/nuevo-presidente-de-juventudes-marianas-vicencianas-en-espana\/"},"author":{"name":"Francisco Javier Fern\u00e1ndez Chento","@id":"https:\/\/vincentians.com\/es\/#\/schema\/person\/9623ef4d9aa3b2dfb8c061f1499288f2"},"headline":"Nuevo presidente de Juventudes Marianas Vicencianas en Espa\u00f1a","datePublished":"2011-04-07T11:22:37+00:00","mainEntityOfPage":{"@id":"http:\/\/vincentians.com\/es\/nuevo-presidente-de-juventudes-marianas-vicencianas-en-espana\/"},"wordCount":880,"commentCount":0,"publisher":{"@id":"https:\/\/vincentians.com\/es\/#organization"},"image":{"@id":"http:\/\/vincentians.com\/es\/nuevo-presidente-de-juventudes-marianas-vicencianas-en-espana\/#primaryimage"},"thumbnailUrl":"","articleSection":["Juventudes Marianas Vicencianas"],"inLanguage":"es","potentialAction":[{"@type":"CommentAction","name":"Comment","target":["http:\/\/vincentians.com\/es\/nuevo-presidente-de-juventudes-marianas-vicencianas-en-espana\/#respond"]}]},{"@type":"WebPage","@id":"http:\/\/vincentians.com\/es\/nuevo-presidente-de-juventudes-marianas-vicencianas-en-espana\/","url":"http:\/\/vincentians.com\/es\/nuevo-presidente-de-juventudes-marianas-vicencianas-en-espana\/","name":"Nuevo presidente de Juventudes Marianas Vicencianas en Espa\u00f1a - Somos Vicencianos","isPartOf":{"@id":"https:\/\/vincentians.com\/es\/#website"},"primaryImageOfPage":{"@id":"http:\/\/vincentians.com\/es\/nuevo-presidente-de-juventudes-marianas-vicencianas-en-espana\/#primaryimage"},"image":{"@id":"http:\/\/vincentians.com\/es\/nuevo-presidente-de-juventudes-marianas-vicencianas-en-espana\/#primaryimage"},"thumbnailUrl":"","datePublished":"2011-04-07T11:22:37+00:00","breadcrumb":{"@id":"http:\/\/vincentians.com\/es\/nuevo-presidente-de-juventudes-marianas-vicencianas-en-espana\/#breadcrumb"},"inLanguage":"es","potentialAction":[{"@type":"ReadAction","target":["http:\/\/vincentians.com\/es\/nuevo-presidente-de-juventudes-marianas-vicencianas-en-espana\/"]}]},{"@type":"ImageObject","inLanguage":"es","@id":"http:\/\/vincentians.com\/es\/nuevo-presidente-de-juventudes-marianas-vicencianas-en-espana\/#primaryimage","url":"","contentUrl":""},{"@type":"BreadcrumbList","@id":"http:\/\/vincentians.com\/es\/nuevo-presidente-de-juventudes-marianas-vicencianas-en-espana\/#breadcrumb","itemListElement":[{"@type":"ListItem","position":1,"name":"Portada","item":"https:\/\/vincentians.com\/es\/"},{"@type":"ListItem","position":2,"name":"Nuevo presidente de Juventudes Marianas Vicencianas en Espa\u00f1a"}]},{"@type":"WebSite","@id":"https:\/\/vincentians.com\/es\/#website","url":"https:\/\/vincentians.com\/es\/","name":"Somos Vicencianos","description":"Know more to serve more","publisher":{"@id":"https:\/\/vincentians.com\/es\/#organization"},"potentialAction":[{"@type":"SearchAction","target":{"@type":"EntryPoint","urlTemplate":"https:\/\/vincentians.com\/es\/?s={search_term_string}"},"query-input":{"@type":"PropertyValueSpecification","valueRequired":true,"valueName":"search_term_string"}}],"inLanguage":"es"},{"@type":"Organization","@id":"https:\/\/vincentians.com\/es\/#organization","name":"The Vincentian Network","url":"https:\/\/vincentians.com\/es\/","logo":{"@type":"ImageObject","inLanguage":"es","@id":"https:\/\/vincentians.com\/es\/#\/schema\/logo\/image\/","url":"https:\/\/i1.wp.com\/vincentians.com\/es\/wp-content\/uploads\/sites\/11\/2016\/06\/Vincentian-Network-logo-big.png?fit=778%2C778","contentUrl":"https:\/\/i1.wp.com\/vincentians.com\/es\/wp-content\/uploads\/sites\/11\/2016\/06\/Vincentian-Network-logo-big.png?fit=778%2C778","width":778,"height":778,"caption":"The Vincentian Network"},"image":{"@id":"https:\/\/vincentians.com\/es\/#\/schema\/logo\/image\/"},"sameAs":["https:\/\/www.facebook.com\/WeAreVincentians\/","https:\/\/x.com\/WeVincentians"]},{"@type":"Person","@id":"https:\/\/vincentians.com\/es\/#\/schema\/person\/9623ef4d9aa3b2dfb8c061f1499288f2","name":"Francisco Javier Fern\u00e1ndez Chento","image":{"@type":"ImageObject","inLanguage":"es","@id":"https:\/\/vincentians.com\/es\/#\/schema\/person\/image\/","url":"https:\/\/secure.gravatar.com\/avatar\/497d5cde87b4c3d097d0315953521681ba2cd523ee66e5077c3711f7021e65de?s=96&d=mm&r=g","contentUrl":"https:\/\/secure.gravatar.com\/avatar\/497d5cde87b4c3d097d0315953521681ba2cd523ee66e5077c3711f7021e65de?s=96&d=mm&r=g","caption":"Francisco Javier Fern\u00e1ndez Chento"},"description":"Director General y cofundador de La Red de Formaci\u00f3n Vicenciana. Javier es laico vicenciano, afiliado a la Congregaci\u00f3n de la Misi\u00f3n y miembro del Equipo de Misiones Populares de la provincia can\u00f3nica de Zaragoza (Espa\u00f1a) de la Congregaci\u00f3n de la Misi\u00f3n. Graduado en la Universidad Oberta de Catalunya con cuatro grados (Asistente de direcci\u00f3n, Gesti\u00f3n Administrativa, Recursos Humanos y Contabilidad Avanzada). Bil\u00edng\u00fce Espa\u00f1ol\/Ingl\u00e9s. gestiona y mantiene varias p\u00e1ginas web cristianas y vicencianas, incluida including La Red de Formaci\u00f3n Vicenciana, de la que es cofundador. Actualmente es responsable del \u00e1rea de Espa\u00f1ol de .famvin, la Red de Noticias de la Familia Vicenciana. Tambi\u00e9n es m\u00fasico cat\u00f3lico y ha editado varios discos. Es Director General y cofundador de Trovador, una reconocida compa\u00f1\u00eda discogr\u00e1fica critiana de Espa\u00f1a. Trabaja en las Tecnolog\u00edas de la Informaci\u00f3n, ofreciendo servicios de alojamiento, dise\u00f1o y mantenimiento Web, as\u00ed como asesoramiento, formaci\u00f3n y soluciones inform\u00e1ticas, gesti\u00f3n documental y digitalizaci\u00f3n de textos, edici\u00f3n y maquetaci\u00f3n de libros, revistas, flyers, etc.","sameAs":["http:\/\/chento.org","https:\/\/www.facebook.com\/JavierChento","https:\/\/x.com\/https:\/\/twitter.com\/javierchento"],"url":"http:\/\/vincentians.com\/es\/author\/chento\/"}]}},"jetpack_publicize_connections":[],"jetpack_featured_media_url":"","jetpack_sharing_enabled":true,"jetpack_shortlink":"https:\/\/wp.me\/p7ETMF-8Jo","jetpack-related-posts":[{"id":14382,"url":"http:\/\/vincentians.com\/es\/caridad-y-mision-en-la-experiencia-de-juventudes-marianas-vicencianas-audio\/","url_meta":{"origin":33566,"position":0},"title":"Caridad y Misi\u00f3n en la experiencia de Juventudes Marianas Vicencianas (audio)","author":"Francisco Javier Fern\u00e1ndez Chento","date":"15\/10\/2023","format":false,"excerpt":"Irune Fern\u00e1ndez, presidenta de JMV Espa\u00f1a y secretaria de la Coordinadora Nacional de Familia Vicenciana, es profesora de educaci\u00f3n especial en el colegio de San Jos\u00e9 de Astillero (Cantabria). Presenta el pasado, presente y futuro de Juventudes Marianas Vicencianas. La Asociaci\u00f3n de Hijos e Hijas de Mar\u00eda, que hoy se\u2026","rel":"","context":"En \u00abFormaci\u00f3n Vicenciana\u00bb","block_context":{"text":"Formaci\u00f3n Vicenciana","link":"http:\/\/vincentians.com\/es\/category\/formacion-vicenciana\/"},"img":{"alt_text":"","src":"https:\/\/i0.wp.com\/vincentians.com\/es\/wp-content\/uploads\/sites\/11\/2013\/04\/f-8-scaled.jpg?fit=1200%2C570&resize=350%2C200","width":350,"height":200,"srcset":"https:\/\/i0.wp.com\/vincentians.com\/es\/wp-content\/uploads\/sites\/11\/2013\/04\/f-8-scaled.jpg?fit=1200%2C570&resize=350%2C200 1x, https:\/\/i0.wp.com\/vincentians.com\/es\/wp-content\/uploads\/sites\/11\/2013\/04\/f-8-scaled.jpg?fit=1200%2C570&resize=525%2C300 1.5x, https:\/\/i0.wp.com\/vincentians.com\/es\/wp-content\/uploads\/sites\/11\/2013\/04\/f-8-scaled.jpg?fit=1200%2C570&resize=700%2C400 2x, https:\/\/i0.wp.com\/vincentians.com\/es\/wp-content\/uploads\/sites\/11\/2013\/04\/f-8-scaled.jpg?fit=1200%2C570&resize=1050%2C600 3x"},"classes":[]},{"id":58484,"url":"http:\/\/vincentians.com\/es\/noticias-de-j-m-v-en-el-mundo\/","url_meta":{"origin":33566,"position":1},"title":"Noticias de J.M.V. en el mundo","author":"Francisco Javier Fern\u00e1ndez Chento","date":"05\/01\/2012","format":false,"excerpt":"Am\u00e9rica Brasil: Con la aprobaci\u00f3n de sus Estatutos Nacionales y con el fin de unificar la nomenclatura con los dem\u00e1s pa\u00edses lus\u00f3fonos, la Asociaci\u00f3n pasa a llamarse Juventude \"Mariana\" Vicentina y no \"Marial\". En\u00a0 noviembre, los miembros laicos del\u00a0 Consejo Nacional (Clarissa y Bruno) participaron en las Asambleas Provinciales de\u2026","rel":"","context":"En \u00abJuventudes Marianas Vicencianas\u00bb","block_context":{"text":"Juventudes Marianas Vicencianas","link":"http:\/\/vincentians.com\/es\/category\/la-familia-vicenciana\/ramas\/juventudes-marianas-vicencianas\/"},"img":{"alt_text":"","src":"https:\/\/i0.wp.com\/vicencianos.org\/wp-content\/2012\/01\/grupo_jmv-300x257.jpg?resize=350%2C200","width":350,"height":200},"classes":[]},{"id":142750,"url":"http:\/\/vincentians.com\/es\/sor-aurora-bernardo-una-hija-de-la-caridad-en-salida-permanente\/","url_meta":{"origin":33566,"position":2},"title":"Sor Aurora Bernardo, una Hija de la Caridad en \u00absalida\u00bb permanente","author":"Francisco Javier Fern\u00e1ndez Chento","date":"31\/03\/2015","format":false,"excerpt":"1. Retrato robot Se va, pero se queda; ha emprendido un largo viaje, pero sigue acompa\u00f1\u00e1ndonos en nuestra marcha diaria; nos ha dicho adi\u00f3s el 24 de Febrero de 2015, serena, tranquila, hasta sonriente, pero, con su mirada puesta en lo alto, y su dedo \u00edndice se\u00f1alando nuevos horizontes, nos\u2026","rel":"","context":"En \u00abTestigos vicencianos\u00bb","block_context":{"text":"Testigos vicencianos","link":"http:\/\/vincentians.com\/es\/category\/la-familia-vicenciana\/testigos-vicencianos\/"},"img":{"alt_text":"aurora02","src":"https:\/\/i0.wp.com\/vicencianos.org\/wp-content\/2015\/03\/aurora02-200x300.jpg?resize=350%2C200","width":350,"height":200},"classes":[]},{"id":30152,"url":"http:\/\/vincentians.com\/es\/el-grupo-musical-en-nigeria\/","url_meta":{"origin":33566,"position":3},"title":"El Grupo Musical en Nigeria","author":"Francisco Javier Fern\u00e1ndez Chento","date":"24\/02\/2011","format":false,"excerpt":"La m\u00fasica es un elemento importante en la cultura nigeriana, y en todo el continente africano. Acompa\u00f1a al nacimiento, matrimonio, a todas las actividades y de hecho a cualquier evento que re\u00fane a la gente. La m\u00fasica en Nigeria oscila desde coro llamada-respuesta, desde las canciones narrativas a un teatro\u2026","rel":"","context":"En \u00abJuventudes Marianas Vicencianas\u00bb","block_context":{"text":"Juventudes Marianas Vicencianas","link":"http:\/\/vincentians.com\/es\/category\/la-familia-vicenciana\/ramas\/juventudes-marianas-vicencianas\/"},"img":{"alt_text":"","src":"https:\/\/i0.wp.com\/vicencianos.org\/wp-content\/2011\/02\/Ne2-300x300.jpg?resize=350%2C200","width":350,"height":200},"classes":[]},{"id":18033,"url":"http:\/\/vincentians.com\/es\/la-jmv-en-el-tercer-milenio-una-aventura-de-jovenes-y-para-jovenes\/","url_meta":{"origin":33566,"position":4},"title":"La JMV en el Tercer Milenio: una aventura de j\u00f3venes y para j\u00f3venes","author":"Francisco Javier Fern\u00e1ndez Chento","date":"07\/03\/2023","format":false,"excerpt":"La JMV, un deseo divino transformado en realidad cotidiana\u2026 Una aventura de j\u00f3venes\u2026. Una evoluci\u00f3n\u2026 Fue en 1830, en la Rue du Bac, donde toda una historia, un camino comenz\u00f3... (las apariciones de la Virgen) Una mirada del cielo... (Jes\u00fas y Mar\u00eda) Una escucha en la tierra... (Catalina) Una meditaci\u00f3n\u2026","rel":"","context":"En \u00abJuventudes Marianas Vicencianas\u00bb","block_context":{"text":"Juventudes Marianas Vicencianas","link":"http:\/\/vincentians.com\/es\/category\/la-familia-vicenciana\/ramas\/juventudes-marianas-vicencianas\/"},"img":{"alt_text":"","src":"https:\/\/i0.wp.com\/vincentians.com\/es\/wp-content\/uploads\/sites\/11\/2013\/04\/msoF811D.jpg?fit=612%2C490&resize=350%2C200","width":350,"height":200,"srcset":"https:\/\/i0.wp.com\/vincentians.com\/es\/wp-content\/uploads\/sites\/11\/2013\/04\/msoF811D.jpg?fit=612%2C490&resize=350%2C200 1x, https:\/\/i0.wp.com\/vincentians.com\/es\/wp-content\/uploads\/sites\/11\/2013\/04\/msoF811D.jpg?fit=612%2C490&resize=525%2C300 1.5x"},"classes":[]},{"id":127199,"url":"http:\/\/vincentians.com\/es\/misioneros-vicencianos-con-dios-entre-los-mas-pobres\/","url_meta":{"origin":33566,"position":5},"title":"Misioneros Vicencianos: con Dios entre los m\u00e1s pobres","author":"Francisco Javier Fern\u00e1ndez Chento","date":"15\/01\/2024","format":false,"excerpt":"Bajo la denominaci\u00f3n de Misioneros Vicencianos se hace referencia en este art\u00edculo al carisma misionero de los Padres Pa\u00fales, Hijas de la Caridad y Misioneros Seglares Vicencianos. Una galer\u00eda de hombres y mujeres de talla excepcional que se encuentran all\u00ed donde m\u00e1s se les necesita \u2013entre los perseguidos, hu\u00e9rfanos, hambrientos,\u2026","rel":"","context":"En \u00abMisiones \u00abAd gentes\u00bb\u00bb","block_context":{"text":"Misiones \u00abAd gentes\u00bb","link":"http:\/\/vincentians.com\/es\/category\/servicios-y-ministerios\/misiones-ad-gentes\/"},"img":{"alt_text":"","src":"https:\/\/i0.wp.com\/vincentians.com\/es\/wp-content\/uploads\/sites\/11\/2016\/09\/enviados-evangelizar-pobres.jpg?fit=1200%2C630&resize=350%2C200","width":350,"height":200,"srcset":"https:\/\/i0.wp.com\/vincentians.com\/es\/wp-content\/uploads\/sites\/11\/2016\/09\/enviados-evangelizar-pobres.jpg?fit=1200%2C630&resize=350%2C200 1x, https:\/\/i0.wp.com\/vincentians.com\/es\/wp-content\/uploads\/sites\/11\/2016\/09\/enviados-evangelizar-pobres.jpg?fit=1200%2C630&resize=525%2C300 1.5x, https:\/\/i0.wp.com\/vincentians.com\/es\/wp-content\/uploads\/sites\/11\/2016\/09\/enviados-evangelizar-pobres.jpg?fit=1200%2C630&resize=700%2C400 2x, https:\/\/i0.wp.com\/vincentians.com\/es\/wp-content\/uploads\/sites\/11\/2016\/09\/enviados-evangelizar-pobres.jpg?fit=1200%2C630&resize=1050%2C600 3x"},"classes":[]}],"_links":{"self":[{"href":"http:\/\/vincentians.com\/es\/wp-json\/wp\/v2\/posts\/33566","targetHints":{"allow":["GET"]}}],"collection":[{"href":"http:\/\/vincentians.com\/es\/wp-json\/wp\/v2\/posts"}],"about":[{"href":"http:\/\/vincentians.com\/es\/wp-json\/wp\/v2\/types\/post"}],"author":[{"embeddable":true,"href":"http:\/\/vincentians.com\/es\/wp-json\/wp\/v2\/users\/4"}],"replies":[{"embeddable":true,"href":"http:\/\/vincentians.com\/es\/wp-json\/wp\/v2\/comments?post=33566"}],"version-history":[{"count":0,"href":"http:\/\/vincentians.com\/es\/wp-json\/wp\/v2\/posts\/33566\/revisions"}],"wp:featuredmedia":[{"embeddable":true,"href":"http:\/\/vincentians.com\/es\/wp-json\/"}],"wp:attachment":[{"href":"http:\/\/vincentians.com\/es\/wp-json\/wp\/v2\/media?parent=33566"}],"wp:term":[{"taxonomy":"category","embeddable":true,"href":"http:\/\/vincentians.com\/es\/wp-json\/wp\/v2\/categories?post=33566"},{"taxonomy":"post_tag","embeddable":true,"href":"http:\/\/vincentians.com\/es\/wp-json\/wp\/v2\/tags?post=33566"}],"curies":[{"name":"wp","href":"https:\/\/api.w.org\/{rel}","templated":true}]}}