{"id":334,"date":"2009-11-18T14:25:42","date_gmt":"2009-11-18T13:25:42","guid":{"rendered":"http:\/\/somos.vicencianos.org\/blog\/?p=334"},"modified":"2016-07-27T12:15:47","modified_gmt":"2016-07-27T10:15:47","slug":"valentin-navarro","status":"publish","type":"post","link":"http:\/\/vincentians.com\/es\/valentin-navarro\/","title":{"rendered":"Valent\u00edn Navarro"},"content":{"rendered":"<table border=\"1\" cellspacing=\"0\" cellpadding=\"0\">\n<tbody>\n<tr>\n<td width=\"36\" valign=\"top\">\n<p align=\"center\"><strong>45<\/strong><\/p>\n<\/td>\n<td width=\"195\" valign=\"top\">\n<p align=\"center\"><strong>P. Valent\u00edn Navarro<\/strong><\/p>\n<\/td>\n<td width=\"79\" valign=\"top\">\n<p align=\"center\"><strong>04-06-95<\/strong><\/p>\n<\/td>\n<td width=\"113\" valign=\"top\">\n<p align=\"center\"><strong>Zaragoza<\/strong><\/p>\n<\/td>\n<td width=\"189\" valign=\"top\">\n<p align=\"center\"><strong>BPZ, mayo 1995<\/strong><\/p>\n<\/td>\n<\/tr>\n<\/tbody>\n<\/table>\n<p><a href=\"https:\/\/i0.wp.com\/vicencianos.org\/vicencianos\/files\/2009\/11\/normal_04.jpg\"><img data-recalc-dims=\"1\" loading=\"lazy\" decoding=\"async\" class=\"alignleft size-medium wp-image-513\" src=\"https:\/\/i0.wp.com\/vicencianos.org\/vicencianos\/files\/2009\/11\/normal_04-225x300.jpg?resize=225%2C300\" alt=\"normal_04\" width=\"225\" height=\"300\" \/><\/a>Me piden hacer una breve semblanza del padre, del amigo, del maestro Valent\u00edn. La \u00fanica dificultad que tengo viene de que le admiro m\u00e1s que le conozco. Me faltan muchos datos de su rica personalidad que seguro alguno de vosotros conoc\u00e9is. Pero, como no se trata m\u00e1s que de revivir su presencia, seguro que vosotros mejorar\u00e9is su imagen.<\/p>\n<p>Y lo primero que hay resaltar en Valent\u00edn es su figura de gran misionero. Esta era la realidad que siempre, incluso ahora, le hac\u00eda vibrar. El nos contaba como hab\u00eda mamado esta vocaci\u00f3n en el seno de su familia, junto a sus padres. El, parco en hablar de s\u00ed, nos hab\u00eda relatado para animarnos sus corre\u00adr\u00edas por Castilla, por Canarias, por Am\u00e9rica, por todas las grandes ciu\u00addades de Espa\u00f1a. El, uno de los pilares firmes sobre los que se apoy\u00f3 la renovaci\u00f3n misionera de la posguerra, era un apasionado, convencido y \u00a0\u00adrebelde, del primer misio\u00adnero: Jes\u00fas. El, maestro en sus \u00faltimos a\u00f1os nos lo pon\u00eda siempre delante: <em>Id a lo esencial <\/em>-dec\u00eda-; <em>no os vay\u00e1is por las ramas.<\/em><\/p>\n<p>Porque este es uno de sus rasgos misioneros. Va\u00adlent\u00edn, misionero en una \u00e9poca en la que todav\u00eda contaba mucho aquello del qu\u00e9 <em>bien ha predicado, <\/em>Valent\u00edn sent\u00eda repugnancia a todo lo que fuera hojarasca, o cart\u00f3n piedra, o actitudes en los misioneros poco evang\u00e9licas. Era un misionero cr\u00edtico. Actitud cr\u00edtica que no mermaba en nada su gran coraz\u00f3n, su bondad, su sentido positivo del compa\u00f1ero, su cercan\u00eda a los despreciados, incluidos los mismos Misioneros\u2026<\/p>\n<p>Por contar alguna an\u00e9cdota, dejadme que recuerde como el P. Huelin, jesu\u00edta, con la alegr\u00eda y el aplauso de todos, le nombr\u00f3 subdirector de la Misi\u00f3n de la CONFER de Am\u00e9rica-58; dejadme que recuerde c\u00f3mo por mantener la misi\u00f3n se qued\u00f3 s\u00f3lo, soportando sin quejarse dos graves problemas de salud: uno de ri\u00f1\u00f3n y otro de coraz\u00f3n. Quiz\u00e1 este esfuerzo le pas\u00f3 factura al final de su vida en la tierra\u2026 Rafael Hern\u00e1ndez, compa\u00f1ero de fatigas misioneras, recuerda: <em>Nunca, nunca dijo que no a nada. Y <\/em>eso que siempre le cargaron con lo peor.<\/p>\n<p>Cr\u00edtico. De \u00e9l aprendimos que no todo lo desarrollado en aquella \u00e9poca de esplendor de los a\u00f1os 40-50 fue positivo. Se trabaj\u00f3 mucho y bien. <em>Estoy convencido que las misiones han servido y mucho en la posguerra para la reconciliaci\u00f3n de los espa\u00f1oles; han sido un buen fundamento para la democracia <\/em>-me comentaba un d\u00eda cercano al 23F-. Pero en planteamientos, en doctrina, en relaciones, en sentido de equipo, en sencillez humilde\u2026 hab\u00eda cosas que no cuadraban con la imagen de un hijo de San Vicente que buscaba a<em>daptarse sencillamente a las circunstancias del lugar, de los tiempos y de las personas\u2026<\/em><\/p>\n<p>Como muchos de nuestros \u00abpadres\u00bb, Valent\u00edn ha sido un misionero exigente y duro consigo mismo, sensible al afecto y desprendido, \u00abamigo de la vida\u00bb, \u00abamigo de los sencillos\u00bb. Cuando llegamos a Socovos una de las se\u00f1oras que nos recibi\u00f3 nos dijo al ofrecer su casa: <em>En mi casa ni etiquetas ni pu\u00f1etas. <\/em>Inmediatamente contest\u00f3 Valent\u00edn: <em>\u00a1Huy, que bien! Me voy a tu casa.<\/em><\/p>\n<p>Profundamente humano, Valent\u00edn ha sido vitalista, amigo del buen humor y del buen comer, estimulante para los compa\u00f1eros, hombre de profunda fe y de oraci\u00f3n, fiel\u2026 (Fiel, incluso, al pobre Osasuna). Externamente pod\u00eda parecer a quienes no lo conoc\u00edan un \u00abviva la Virgen\u00bb; quienes lo conoc\u00edamos ve\u00edamos en \u00e9l un profundo hombre de Dios. Profundo hombre de Dios que no dejaba por ello de ser tremendamente humano. Hasta del paisaje ten\u00eda una visi\u00f3n humana: <em>Fijaos <\/em>-nos dec\u00eda- <em>qu\u00e9 paisaje tan bonito, fijaos qu\u00e9 lechugas y qu\u00e9 tomates tan hermosos.<\/em><\/p>\n<p>Rebelde y obediente. Daba admiraci\u00f3n o\u00edrle decir con una expresi\u00f3n llena de cari\u00f1o: <em>\u00a1Marrano Visitador!\u2026 <\/em>Con delicadeza y sin permitirse que sufriera la gente, estando en Am\u00e9rica, pens\u00f3 tras un a\u00f1o de entrega a la tarea de evangelizar a los m\u00e1s pobres, que no era bueno para la iglesia hispanoamericana seguir colaborando en una misi\u00f3n planteada con \u00abaires conquistadores\u00bb, y se march\u00f3 junto con Rafael. Pero el P. Huelin, director de la Misi\u00f3n y responsable de muchos entuertos, no tuvo empacho en reconocer ante las Hijas de la Caridad: Los <em>pa\u00fales son como los burros, cuanta m\u00e1s carga les echas, m\u00e1s levantan las orejas.<\/em><\/p>\n<p>Humilde. Conoc\u00eda sus l\u00edmites y hasta los exageraba. Para m\u00ed, la mayor prueba de su humildad fue el comprobar como lo aceptaban, lo buscaban y le abr\u00edan el coraz\u00f3n los humildes.<\/p>\n<p>Valent\u00edn, sacerdote. O, si me permit\u00eds, siendo m\u00e1s fiel a \u00e9l, <em>cura. <\/em>Sab\u00eda que Dios le hab\u00eda puesto en el mundo <em>al cuidado <\/em>de sus Misterios que reverenciaba. Sab\u00eda que Dios le hab\u00eda puesto en el mundo para tener <em>cuidado <\/em>de su Palabra, que cultiv\u00f3 siempre. Sab\u00eda que Dios le hab\u00eda puesto en el mundo <em>al cuidado <\/em>de las personas: de sus \u00abpeque\u00f1os\u00bb compa\u00f1eros y \u00abde las almas\u00bb. \u00a1Y como sab\u00eda cumplir su tarea de mediador! Hasta los \u00faltimos d\u00edas de su paso por la tierra ha estado prepar\u00e1ndose y trabajando para partir el <em>pan de la Palabra <\/em>a los pobres. Hasta el final, su tiempo, su cari\u00f1o y su trato, pleno de coraz\u00f3n, han sido para los pobres, para los enfermos. Como lo conoc\u00ed siempre, le vi vivir sus \u00faltimos d\u00edas: Se olvidaba de si para acudir a quien lo necesitaba.<\/p>\n<p>Valent\u00edn, el hombre de la palabra de \u00e1nimo, estoy plenamente convencido de que nos lanza un reto -se lo he o\u00eddo al final-: <em>\u00a1Animo! \u00a1Adelante! \u00a1Cuidad las misiones! \u00a1No os desanim\u00e9is por esas dificultades! \u00a1No dej\u00e9is que la Provincia se acomode!<\/em><\/p>\n<p>Luis M\u00aa M. San Juan<\/p>\n<p>\ufeff<\/p>\n","protected":false},"excerpt":{"rendered":"<p>45 P. Valent\u00edn Navarro 04-06-95 Zaragoza BPZ, mayo 1995 Me piden hacer una breve semblanza del padre, del amigo, del maestro Valent\u00edn. La \u00fanica dificultad que tengo viene de que le admiro m\u00e1s que le &#8230; <a href=\"http:\/\/vincentians.com\/es\/valentin-navarro\/\" class=\"more-link\">Read More<\/a><\/p>\n","protected":false},"author":5,"featured_media":391249,"comment_status":"open","ping_status":"open","sticky":false,"template":"","format":"standard","meta":{"rs_blank_template":"","rs_page_bg_color":"","slide_template_v7":"","_jetpack_newsletter_access":"","_jetpack_dont_email_post_to_subs":false,"_jetpack_newsletter_tier_id":0,"_jetpack_memberships_contains_paywalled_content":false,"_jetpack_feature_clip_id":0,"_jetpack_memberships_contains_paid_content":false,"footnotes":"","jetpack_publicize_message":"","jetpack_publicize_feature_enabled":true,"jetpack_social_post_already_shared":true,"jetpack_social_options":{"image_generator_settings":{"template":"highway","default_image_id":0,"font":"","enabled":false},"version":2},"jetpack_post_was_ever_published":false},"categories":[19],"tags":[],"class_list":["post-334","post","type-post","status-publish","format-standard","has-post-thumbnail","hentry","category-biografias-de-misioneros-paules"],"yoast_head":"<!-- This site is optimized with the Yoast SEO plugin v27.9 - https:\/\/yoast.com\/product\/yoast-seo-wordpress\/ -->\n<title>Valent\u00edn Navarro - Somos Vicencianos<\/title>\n<meta name=\"robots\" content=\"index, follow, max-snippet:-1, max-image-preview:large, max-video-preview:-1\" \/>\n<link rel=\"canonical\" href=\"http:\/\/vincentians.com\/es\/valentin-navarro\/\" \/>\n<meta property=\"og:locale\" content=\"es_ES\" \/>\n<meta property=\"og:type\" content=\"article\" \/>\n<meta property=\"og:title\" content=\"Valent\u00edn Navarro - Somos Vicencianos\" \/>\n<meta property=\"og:description\" content=\"45 P. Valent\u00edn Navarro 04-06-95 Zaragoza BPZ, mayo 1995 Me piden hacer una breve semblanza del padre, del amigo, del maestro Valent\u00edn. La \u00fanica dificultad que tengo viene de que le admiro m\u00e1s que le ... Read More\" \/>\n<meta property=\"og:url\" content=\"http:\/\/vincentians.com\/es\/valentin-navarro\/\" \/>\n<meta property=\"og:site_name\" content=\"Somos Vicencianos\" \/>\n<meta property=\"article:publisher\" content=\"https:\/\/www.facebook.com\/WeAreVincentians\/\" \/>\n<meta property=\"article:published_time\" content=\"2009-11-18T13:25:42+00:00\" \/>\n<meta property=\"article:modified_time\" content=\"2016-07-27T10:15:47+00:00\" \/>\n<meta property=\"og:image\" content=\"https:\/\/i0.wp.com\/vincentians.com\/es\/wp-content\/uploads\/sites\/11\/2016\/07\/bio-cm.jpg?fit=1200%2C630\" \/>\n\t<meta property=\"og:image:width\" content=\"1200\" \/>\n\t<meta property=\"og:image:height\" content=\"630\" \/>\n\t<meta property=\"og:image:type\" content=\"image\/jpeg\" \/>\n<meta name=\"author\" content=\"Mitxel Olabu\u00e9naga\" \/>\n<meta name=\"twitter:card\" content=\"summary_large_image\" \/>\n<meta name=\"twitter:creator\" content=\"@WeVincentians\" \/>\n<meta name=\"twitter:site\" content=\"@WeVincentians\" \/>\n<meta name=\"twitter:label1\" content=\"Escrito por\" \/>\n\t<meta name=\"twitter:data1\" content=\"Mitxel Olabu\u00e9naga\" \/>\n\t<meta name=\"twitter:label2\" content=\"Tiempo de lectura\" \/>\n\t<meta name=\"twitter:data2\" content=\"5 minutos\" \/>\n<script type=\"application\/ld+json\" class=\"yoast-schema-graph\">{\"@context\":\"https:\\\/\\\/schema.org\",\"@graph\":[{\"@type\":\"Article\",\"@id\":\"http:\\\/\\\/vincentians.com\\\/es\\\/valentin-navarro\\\/#article\",\"isPartOf\":{\"@id\":\"http:\\\/\\\/vincentians.com\\\/es\\\/valentin-navarro\\\/\"},\"author\":{\"name\":\"Mitxel Olabu\u00e9naga\",\"@id\":\"http:\\\/\\\/vincentians.com\\\/es\\\/#\\\/schema\\\/person\\\/7c2670b4445a7ca9d164ea6acdb31859\"},\"headline\":\"Valent\u00edn Navarro\",\"datePublished\":\"2009-11-18T13:25:42+00:00\",\"dateModified\":\"2016-07-27T10:15:47+00:00\",\"mainEntityOfPage\":{\"@id\":\"http:\\\/\\\/vincentians.com\\\/es\\\/valentin-navarro\\\/\"},\"wordCount\":1036,\"commentCount\":0,\"publisher\":{\"@id\":\"http:\\\/\\\/vincentians.com\\\/es\\\/#organization\"},\"image\":{\"@id\":\"http:\\\/\\\/vincentians.com\\\/es\\\/valentin-navarro\\\/#primaryimage\"},\"thumbnailUrl\":\"https:\\\/\\\/i0.wp.com\\\/vincentians.com\\\/es\\\/wp-content\\\/uploads\\\/sites\\\/11\\\/2016\\\/07\\\/bio-cm.jpg?fit=1200%2C630\",\"articleSection\":[\"Biograf\u00edas de Misioneros Pa\u00fales\"],\"inLanguage\":\"es\",\"potentialAction\":[{\"@type\":\"CommentAction\",\"name\":\"Comment\",\"target\":[\"http:\\\/\\\/vincentians.com\\\/es\\\/valentin-navarro\\\/#respond\"]}]},{\"@type\":\"WebPage\",\"@id\":\"http:\\\/\\\/vincentians.com\\\/es\\\/valentin-navarro\\\/\",\"url\":\"http:\\\/\\\/vincentians.com\\\/es\\\/valentin-navarro\\\/\",\"name\":\"Valent\u00edn Navarro - Somos Vicencianos\",\"isPartOf\":{\"@id\":\"http:\\\/\\\/vincentians.com\\\/es\\\/#website\"},\"primaryImageOfPage\":{\"@id\":\"http:\\\/\\\/vincentians.com\\\/es\\\/valentin-navarro\\\/#primaryimage\"},\"image\":{\"@id\":\"http:\\\/\\\/vincentians.com\\\/es\\\/valentin-navarro\\\/#primaryimage\"},\"thumbnailUrl\":\"https:\\\/\\\/i0.wp.com\\\/vincentians.com\\\/es\\\/wp-content\\\/uploads\\\/sites\\\/11\\\/2016\\\/07\\\/bio-cm.jpg?fit=1200%2C630\",\"datePublished\":\"2009-11-18T13:25:42+00:00\",\"dateModified\":\"2016-07-27T10:15:47+00:00\",\"breadcrumb\":{\"@id\":\"http:\\\/\\\/vincentians.com\\\/es\\\/valentin-navarro\\\/#breadcrumb\"},\"inLanguage\":\"es\",\"potentialAction\":[{\"@type\":\"ReadAction\",\"target\":[\"http:\\\/\\\/vincentians.com\\\/es\\\/valentin-navarro\\\/\"]}]},{\"@type\":\"ImageObject\",\"inLanguage\":\"es\",\"@id\":\"http:\\\/\\\/vincentians.com\\\/es\\\/valentin-navarro\\\/#primaryimage\",\"url\":\"https:\\\/\\\/i0.wp.com\\\/vincentians.com\\\/es\\\/wp-content\\\/uploads\\\/sites\\\/11\\\/2016\\\/07\\\/bio-cm.jpg?fit=1200%2C630\",\"contentUrl\":\"https:\\\/\\\/i0.wp.com\\\/vincentians.com\\\/es\\\/wp-content\\\/uploads\\\/sites\\\/11\\\/2016\\\/07\\\/bio-cm.jpg?fit=1200%2C630\",\"width\":1200,\"height\":630},{\"@type\":\"BreadcrumbList\",\"@id\":\"http:\\\/\\\/vincentians.com\\\/es\\\/valentin-navarro\\\/#breadcrumb\",\"itemListElement\":[{\"@type\":\"ListItem\",\"position\":1,\"name\":\"Portada\",\"item\":\"http:\\\/\\\/vincentians.com\\\/es\\\/\"},{\"@type\":\"ListItem\",\"position\":2,\"name\":\"Valent\u00edn Navarro\"}]},{\"@type\":\"WebSite\",\"@id\":\"http:\\\/\\\/vincentians.com\\\/es\\\/#website\",\"url\":\"http:\\\/\\\/vincentians.com\\\/es\\\/\",\"name\":\"Somos Vicencianos\",\"description\":\"Know more to serve more\",\"publisher\":{\"@id\":\"http:\\\/\\\/vincentians.com\\\/es\\\/#organization\"},\"potentialAction\":[{\"@type\":\"SearchAction\",\"target\":{\"@type\":\"EntryPoint\",\"urlTemplate\":\"http:\\\/\\\/vincentians.com\\\/es\\\/?s={search_term_string}\"},\"query-input\":{\"@type\":\"PropertyValueSpecification\",\"valueRequired\":true,\"valueName\":\"search_term_string\"}}],\"inLanguage\":\"es\"},{\"@type\":\"Organization\",\"@id\":\"http:\\\/\\\/vincentians.com\\\/es\\\/#organization\",\"name\":\"The Vincentian Network\",\"url\":\"http:\\\/\\\/vincentians.com\\\/es\\\/\",\"logo\":{\"@type\":\"ImageObject\",\"inLanguage\":\"es\",\"@id\":\"http:\\\/\\\/vincentians.com\\\/es\\\/#\\\/schema\\\/logo\\\/image\\\/\",\"url\":\"https:\\\/\\\/i1.wp.com\\\/vincentians.com\\\/es\\\/wp-content\\\/uploads\\\/sites\\\/11\\\/2016\\\/06\\\/Vincentian-Network-logo-big.png?fit=778%2C778\",\"contentUrl\":\"https:\\\/\\\/i1.wp.com\\\/vincentians.com\\\/es\\\/wp-content\\\/uploads\\\/sites\\\/11\\\/2016\\\/06\\\/Vincentian-Network-logo-big.png?fit=778%2C778\",\"width\":778,\"height\":778,\"caption\":\"The Vincentian Network\"},\"image\":{\"@id\":\"http:\\\/\\\/vincentians.com\\\/es\\\/#\\\/schema\\\/logo\\\/image\\\/\"},\"sameAs\":[\"https:\\\/\\\/www.facebook.com\\\/WeAreVincentians\\\/\",\"https:\\\/\\\/x.com\\\/WeVincentians\"]},{\"@type\":\"Person\",\"@id\":\"http:\\\/\\\/vincentians.com\\\/es\\\/#\\\/schema\\\/person\\\/7c2670b4445a7ca9d164ea6acdb31859\",\"name\":\"Mitxel Olabu\u00e9naga\",\"image\":{\"@type\":\"ImageObject\",\"inLanguage\":\"es\",\"@id\":\"https:\\\/\\\/secure.gravatar.com\\\/avatar\\\/34137ec2e2b8939cbbed975731e71f3f4f1defc7266ded337a5ce0f925426877?s=96&d=mm&r=g\",\"url\":\"https:\\\/\\\/secure.gravatar.com\\\/avatar\\\/34137ec2e2b8939cbbed975731e71f3f4f1defc7266ded337a5ce0f925426877?s=96&d=mm&r=g\",\"contentUrl\":\"https:\\\/\\\/secure.gravatar.com\\\/avatar\\\/34137ec2e2b8939cbbed975731e71f3f4f1defc7266ded337a5ce0f925426877?s=96&d=mm&r=g\",\"caption\":\"Mitxel Olabu\u00e9naga\"},\"url\":\"http:\\\/\\\/vincentians.com\\\/es\\\/author\\\/mitxel\\\/\"}]}<\/script>\n<!-- \/ Yoast SEO plugin. -->","yoast_head_json":{"title":"Valent\u00edn Navarro - Somos Vicencianos","robots":{"index":"index","follow":"follow","max-snippet":"max-snippet:-1","max-image-preview":"max-image-preview:large","max-video-preview":"max-video-preview:-1"},"canonical":"http:\/\/vincentians.com\/es\/valentin-navarro\/","og_locale":"es_ES","og_type":"article","og_title":"Valent\u00edn Navarro - Somos Vicencianos","og_description":"45 P. Valent\u00edn Navarro 04-06-95 Zaragoza BPZ, mayo 1995 Me piden hacer una breve semblanza del padre, del amigo, del maestro Valent\u00edn. La \u00fanica dificultad que tengo viene de que le admiro m\u00e1s que le ... Read More","og_url":"http:\/\/vincentians.com\/es\/valentin-navarro\/","og_site_name":"Somos Vicencianos","article_publisher":"https:\/\/www.facebook.com\/WeAreVincentians\/","article_published_time":"2009-11-18T13:25:42+00:00","article_modified_time":"2016-07-27T10:15:47+00:00","og_image":[{"width":1200,"height":630,"url":"https:\/\/i0.wp.com\/vincentians.com\/es\/wp-content\/uploads\/sites\/11\/2016\/07\/bio-cm.jpg?fit=1200%2C630","type":"image\/jpeg"}],"author":"Mitxel Olabu\u00e9naga","twitter_card":"summary_large_image","twitter_creator":"@WeVincentians","twitter_site":"@WeVincentians","twitter_misc":{"Escrito por":"Mitxel Olabu\u00e9naga","Tiempo de lectura":"5 minutos"},"schema":{"@context":"https:\/\/schema.org","@graph":[{"@type":"Article","@id":"http:\/\/vincentians.com\/es\/valentin-navarro\/#article","isPartOf":{"@id":"http:\/\/vincentians.com\/es\/valentin-navarro\/"},"author":{"name":"Mitxel Olabu\u00e9naga","@id":"http:\/\/vincentians.com\/es\/#\/schema\/person\/7c2670b4445a7ca9d164ea6acdb31859"},"headline":"Valent\u00edn Navarro","datePublished":"2009-11-18T13:25:42+00:00","dateModified":"2016-07-27T10:15:47+00:00","mainEntityOfPage":{"@id":"http:\/\/vincentians.com\/es\/valentin-navarro\/"},"wordCount":1036,"commentCount":0,"publisher":{"@id":"http:\/\/vincentians.com\/es\/#organization"},"image":{"@id":"http:\/\/vincentians.com\/es\/valentin-navarro\/#primaryimage"},"thumbnailUrl":"https:\/\/i0.wp.com\/vincentians.com\/es\/wp-content\/uploads\/sites\/11\/2016\/07\/bio-cm.jpg?fit=1200%2C630","articleSection":["Biograf\u00edas de Misioneros Pa\u00fales"],"inLanguage":"es","potentialAction":[{"@type":"CommentAction","name":"Comment","target":["http:\/\/vincentians.com\/es\/valentin-navarro\/#respond"]}]},{"@type":"WebPage","@id":"http:\/\/vincentians.com\/es\/valentin-navarro\/","url":"http:\/\/vincentians.com\/es\/valentin-navarro\/","name":"Valent\u00edn Navarro - Somos Vicencianos","isPartOf":{"@id":"http:\/\/vincentians.com\/es\/#website"},"primaryImageOfPage":{"@id":"http:\/\/vincentians.com\/es\/valentin-navarro\/#primaryimage"},"image":{"@id":"http:\/\/vincentians.com\/es\/valentin-navarro\/#primaryimage"},"thumbnailUrl":"https:\/\/i0.wp.com\/vincentians.com\/es\/wp-content\/uploads\/sites\/11\/2016\/07\/bio-cm.jpg?fit=1200%2C630","datePublished":"2009-11-18T13:25:42+00:00","dateModified":"2016-07-27T10:15:47+00:00","breadcrumb":{"@id":"http:\/\/vincentians.com\/es\/valentin-navarro\/#breadcrumb"},"inLanguage":"es","potentialAction":[{"@type":"ReadAction","target":["http:\/\/vincentians.com\/es\/valentin-navarro\/"]}]},{"@type":"ImageObject","inLanguage":"es","@id":"http:\/\/vincentians.com\/es\/valentin-navarro\/#primaryimage","url":"https:\/\/i0.wp.com\/vincentians.com\/es\/wp-content\/uploads\/sites\/11\/2016\/07\/bio-cm.jpg?fit=1200%2C630","contentUrl":"https:\/\/i0.wp.com\/vincentians.com\/es\/wp-content\/uploads\/sites\/11\/2016\/07\/bio-cm.jpg?fit=1200%2C630","width":1200,"height":630},{"@type":"BreadcrumbList","@id":"http:\/\/vincentians.com\/es\/valentin-navarro\/#breadcrumb","itemListElement":[{"@type":"ListItem","position":1,"name":"Portada","item":"http:\/\/vincentians.com\/es\/"},{"@type":"ListItem","position":2,"name":"Valent\u00edn Navarro"}]},{"@type":"WebSite","@id":"http:\/\/vincentians.com\/es\/#website","url":"http:\/\/vincentians.com\/es\/","name":"Somos Vicencianos","description":"Know more to serve more","publisher":{"@id":"http:\/\/vincentians.com\/es\/#organization"},"potentialAction":[{"@type":"SearchAction","target":{"@type":"EntryPoint","urlTemplate":"http:\/\/vincentians.com\/es\/?s={search_term_string}"},"query-input":{"@type":"PropertyValueSpecification","valueRequired":true,"valueName":"search_term_string"}}],"inLanguage":"es"},{"@type":"Organization","@id":"http:\/\/vincentians.com\/es\/#organization","name":"The Vincentian Network","url":"http:\/\/vincentians.com\/es\/","logo":{"@type":"ImageObject","inLanguage":"es","@id":"http:\/\/vincentians.com\/es\/#\/schema\/logo\/image\/","url":"https:\/\/i1.wp.com\/vincentians.com\/es\/wp-content\/uploads\/sites\/11\/2016\/06\/Vincentian-Network-logo-big.png?fit=778%2C778","contentUrl":"https:\/\/i1.wp.com\/vincentians.com\/es\/wp-content\/uploads\/sites\/11\/2016\/06\/Vincentian-Network-logo-big.png?fit=778%2C778","width":778,"height":778,"caption":"The Vincentian Network"},"image":{"@id":"http:\/\/vincentians.com\/es\/#\/schema\/logo\/image\/"},"sameAs":["https:\/\/www.facebook.com\/WeAreVincentians\/","https:\/\/x.com\/WeVincentians"]},{"@type":"Person","@id":"http:\/\/vincentians.com\/es\/#\/schema\/person\/7c2670b4445a7ca9d164ea6acdb31859","name":"Mitxel Olabu\u00e9naga","image":{"@type":"ImageObject","inLanguage":"es","@id":"https:\/\/secure.gravatar.com\/avatar\/34137ec2e2b8939cbbed975731e71f3f4f1defc7266ded337a5ce0f925426877?s=96&d=mm&r=g","url":"https:\/\/secure.gravatar.com\/avatar\/34137ec2e2b8939cbbed975731e71f3f4f1defc7266ded337a5ce0f925426877?s=96&d=mm&r=g","contentUrl":"https:\/\/secure.gravatar.com\/avatar\/34137ec2e2b8939cbbed975731e71f3f4f1defc7266ded337a5ce0f925426877?s=96&d=mm&r=g","caption":"Mitxel Olabu\u00e9naga"},"url":"http:\/\/vincentians.com\/es\/author\/mitxel\/"}]}},"jetpack_publicize_connections":[],"jetpack_featured_media_url":"https:\/\/i0.wp.com\/vincentians.com\/es\/wp-content\/uploads\/sites\/11\/2016\/07\/bio-cm.jpg?fit=1200%2C630","jetpack_sharing_enabled":true,"jetpack_shortlink":"https:\/\/wp.me\/p7ETMF-5o","jetpack-related-posts":[{"id":33644,"url":"http:\/\/vincentians.com\/es\/los-martires-de-la-familia-vicenciana-en-el-siglo-xx-la-guerra-civil-espanola-de-1936-1939-cuarta-parte\/","url_meta":{"origin":334,"position":0},"title":"Los m\u00e1rtires de la Familia Vicenciana en el siglo XX: La guerra civil espa\u00f1ola de 1936-1939 (Cuarta parte)","author":"Francisco Javier Fern\u00e1ndez Chento","date":"03\/06\/2014","format":false,"excerpt":"Sociedad de San Vicente de Pa\u00fal 1. Bienaventurado Ceferino GIM\u00c9NEZ MALLA, SSVP, naci\u00f3 el 1861 en Fraga (Huesca) y muri\u00f3 el 1936.Gitano espa\u00f1ol, que ejerc\u00eda la profesi\u00f3n de mercader de caballos. Despu\u00e9s de una conversi\u00f3n profunda se consagr\u00f3 al servicio de los pobres y al apostolado participando activamente en una\u2026","rel":"","context":"En \u00abHistoria sin categorizar\u00bb","block_context":{"text":"Historia sin categorizar","link":"http:\/\/vincentians.com\/es\/category\/historia-de-la-familia-vicenciana\/historia-sin-categorizar\/"},"img":{"alt_text":"","src":"https:\/\/i0.wp.com\/vicencianos.org\/wp-content\/2011\/04\/sanmiguel2-214x300.jpg?resize=350%2C200","width":350,"height":200},"classes":[]},{"id":405291,"url":"http:\/\/vincentians.com\/es\/acta-de-constitucion-de-la-sociedad-de-san-vicente-de-paul-en-espana1\/","url_meta":{"origin":334,"position":1},"title":"ACTA DE CONSTITUCI\u00d3N DE LA SOCIEDAD DE SAN VICEN\u00adTE DE PA\u00daL EN ESPA\u00d1A[1]","author":"Mitxel Olabu\u00e9naga","date":"08\/08\/2024","format":false,"excerpt":"D\u00cdA 11 DE NOVIEMBRE DE 1849. En la villa de Madrid, a II de Noviembre de 1849, reunidos los se\u00f1ores D. Santiago Vicente Masarnau, D. Anselmo Ouradou y el infrascrito, en la habitaci\u00f3n del se\u00f1or Don Santiago V. Masarnau, despu\u00e9s de haber tratado acerca del mejor modo de plantear en\u2026","rel":"","context":"En \u00abDocumentos de la Sociedad de San Vicente de Pa\u00fal\u00bb","block_context":{"text":"Documentos de la Sociedad de San Vicente de Pa\u00fal","link":"http:\/\/vincentians.com\/es\/category\/formacion-vicenciana\/documentos-oficiales-de-la-familia-vicenciana\/documentos-de-la-sociedad-de-san-vicente-de-paul\/"},"img":{"alt_text":"","src":"https:\/\/i0.wp.com\/vincentians.com\/es\/wp-content\/uploads\/sites\/11\/2023\/08\/aaa.jpg?fit=800%2C328&resize=350%2C200","width":350,"height":200,"srcset":"https:\/\/i0.wp.com\/vincentians.com\/es\/wp-content\/uploads\/sites\/11\/2023\/08\/aaa.jpg?fit=800%2C328&resize=350%2C200 1x, https:\/\/i0.wp.com\/vincentians.com\/es\/wp-content\/uploads\/sites\/11\/2023\/08\/aaa.jpg?fit=800%2C328&resize=525%2C300 1.5x, https:\/\/i0.wp.com\/vincentians.com\/es\/wp-content\/uploads\/sites\/11\/2023\/08\/aaa.jpg?fit=800%2C328&resize=700%2C400 2x"},"classes":[]},{"id":402336,"url":"http:\/\/vincentians.com\/es\/luisa-de-marillac-i-daydi\/","url_meta":{"origin":334,"position":2},"title":"Luisa de Marillac (I) (Daydi)","author":"Mitxel Olabu\u00e9naga","date":"06\/06\/2019","format":false,"excerpt":"Nacimiento y juventud de la B. Luisa de Marillac SESI\u00d3N SOLEMNE EN EL VATICANO. \u2014 LAS HIJAS DE LA CARIDAD. \u2014 LA MUJER PROVIDENCIAL. \u2014 NACIMIENTO DE LA B. LUISA. \u2014LA FAMILIA DE MARILLAC. \u2014 SEGUNDAS NUPCIAS DE SU PADRE. \u2014 EL PENSIONADO DE POISSY. REGRESO A PAR\u00cdS. \u2014 SU\u2026","rel":"","context":"En \u00abLuisa de Marillac\u00bb","block_context":{"text":"Luisa de Marillac","link":"http:\/\/vincentians.com\/es\/category\/la-familia-vicenciana\/fundadores\/luisa-de-marillac\/"},"img":{"alt_text":"","src":"https:\/\/i0.wp.com\/vincentians.com\/es\/wp-content\/uploads\/sites\/11\/2016\/08\/luisa-y-vicente-con-ninyos.jpg?fit=1200%2C630&resize=350%2C200","width":350,"height":200,"srcset":"https:\/\/i0.wp.com\/vincentians.com\/es\/wp-content\/uploads\/sites\/11\/2016\/08\/luisa-y-vicente-con-ninyos.jpg?fit=1200%2C630&resize=350%2C200 1x, https:\/\/i0.wp.com\/vincentians.com\/es\/wp-content\/uploads\/sites\/11\/2016\/08\/luisa-y-vicente-con-ninyos.jpg?fit=1200%2C630&resize=525%2C300 1.5x, https:\/\/i0.wp.com\/vincentians.com\/es\/wp-content\/uploads\/sites\/11\/2016\/08\/luisa-y-vicente-con-ninyos.jpg?fit=1200%2C630&resize=700%2C400 2x, https:\/\/i0.wp.com\/vincentians.com\/es\/wp-content\/uploads\/sites\/11\/2016\/08\/luisa-y-vicente-con-ninyos.jpg?fit=1200%2C630&resize=1050%2C600 3x"},"classes":[]},{"id":115578,"url":"http:\/\/vincentians.com\/es\/centenaria-de-las-hijas-de-maria-en-canarias\/","url_meta":{"origin":334,"position":3},"title":"Centenario de las Hijas de Mar\u00eda en Canarias (1969)","author":"Francisco Javier Fern\u00e1ndez Chento","date":"15\/12\/2012","format":false,"excerpt":"Cien a\u00f1os de historia bien merece un recuerdo y una celebraci\u00f3n. Y esto es lo que han hecho las Hijas de Mar\u00eda en Canarias al encon\u00adtrarse en este a\u00f1o de 1969 con la fecha centenaria de su nacimiento. El acontecimiento se ven\u00eda preparando desde el Cursillo Regional, dado en Canarias\u2026","rel":"","context":"En \u00abAsociaci\u00f3n de la Medalla Milagrosa\u00bb","block_context":{"text":"Asociaci\u00f3n de la Medalla Milagrosa","link":"http:\/\/vincentians.com\/es\/category\/la-familia-vicenciana\/ramas\/asociacion-de-la-medalla-milagrosa\/"},"img":{"alt_text":"","src":"https:\/\/i0.wp.com\/vicencianos.org\/wp-content\/2012\/12\/13153616-300x188.jpg?resize=350%2C200","width":350,"height":200},"classes":[]},{"id":128102,"url":"http:\/\/vincentians.com\/es\/fundacion-de-las-hijas-de-la-caridad-mexico-i\/","url_meta":{"origin":334,"position":4},"title":"Fundaci\u00f3n de las Hijas de la Caridad (M\u00e9xico) (I)","author":"Mitxel Olabu\u00e9naga","date":"01\/10\/2024","format":false,"excerpt":"Fundadores \"El alma privilegiada que Dios escogi\u00f3 como instrumento de la funda\u00adci\u00f3n de las Hijas de la Caridad en M\u00e9xico fue la se\u00f1ora Condesa Ana G\u00f3mez de la Cortina. Y como las buenas ideas son contagiosas, a esa piadosa dama se le unieron pronto, para la realizaci\u00f3n de su proyecto,\u2026","rel":"","context":"En \u00abHistoria de las Hijas de la Caridad\u00bb","block_context":{"text":"Historia de las Hijas de la Caridad","link":"http:\/\/vincentians.com\/es\/category\/historia-de-la-familia-vicenciana\/historia-de-las-hijas-de-la-caridad\/"},"img":{"alt_text":"","src":"https:\/\/i0.wp.com\/vincentians.com\/es\/wp-content\/uploads\/sites\/11\/2013\/04\/Hijas-de-la-Caridad.jpg?fit=400%2C300&resize=350%2C200","width":350,"height":200},"classes":[]},{"id":405596,"url":"http:\/\/vincentians.com\/es\/dos-ordenaciones-episcopales\/","url_meta":{"origin":334,"position":5},"title":"Dos ordenaciones episcopales","author":"Mitxel Olabu\u00e9naga","date":"08\/10\/2024","format":false,"excerpt":"Carta del Su. P. DE LA GARDE, Sacerdote de la Misi\u00f3n, al M. R. P. A. FIAT, Superior General. Lima, 30 Octubre 1909. Sus dos hijos designados para el Episcopado, el Sr. Emi\u00adlio Liz\u00f3n, promovido al Obispado de Chachapoyas, y el Sr. Valent\u00edn Ampuero, para el Obispado de Puno, han\u2026","rel":"","context":"En \u00abFormaci\u00f3n Vicenciana\u00bb","block_context":{"text":"Formaci\u00f3n Vicenciana","link":"http:\/\/vincentians.com\/es\/category\/formacion-vicenciana\/"},"img":{"alt_text":"","src":"https:\/\/i0.wp.com\/vincentians.com\/es\/wp-content\/uploads\/sites\/11\/2017\/04\/vicente-y-eucaristia.jpg?fit=1200%2C630&resize=350%2C200","width":350,"height":200,"srcset":"https:\/\/i0.wp.com\/vincentians.com\/es\/wp-content\/uploads\/sites\/11\/2017\/04\/vicente-y-eucaristia.jpg?fit=1200%2C630&resize=350%2C200 1x, https:\/\/i0.wp.com\/vincentians.com\/es\/wp-content\/uploads\/sites\/11\/2017\/04\/vicente-y-eucaristia.jpg?fit=1200%2C630&resize=525%2C300 1.5x, https:\/\/i0.wp.com\/vincentians.com\/es\/wp-content\/uploads\/sites\/11\/2017\/04\/vicente-y-eucaristia.jpg?fit=1200%2C630&resize=700%2C400 2x, https:\/\/i0.wp.com\/vincentians.com\/es\/wp-content\/uploads\/sites\/11\/2017\/04\/vicente-y-eucaristia.jpg?fit=1200%2C630&resize=1050%2C600 3x"},"classes":[]}],"_links":{"self":[{"href":"http:\/\/vincentians.com\/es\/wp-json\/wp\/v2\/posts\/334","targetHints":{"allow":["GET"]}}],"collection":[{"href":"http:\/\/vincentians.com\/es\/wp-json\/wp\/v2\/posts"}],"about":[{"href":"http:\/\/vincentians.com\/es\/wp-json\/wp\/v2\/types\/post"}],"author":[{"embeddable":true,"href":"http:\/\/vincentians.com\/es\/wp-json\/wp\/v2\/users\/5"}],"replies":[{"embeddable":true,"href":"http:\/\/vincentians.com\/es\/wp-json\/wp\/v2\/comments?post=334"}],"version-history":[{"count":0,"href":"http:\/\/vincentians.com\/es\/wp-json\/wp\/v2\/posts\/334\/revisions"}],"wp:featuredmedia":[{"embeddable":true,"href":"http:\/\/vincentians.com\/es\/wp-json\/wp\/v2\/media\/391249"}],"wp:attachment":[{"href":"http:\/\/vincentians.com\/es\/wp-json\/wp\/v2\/media?parent=334"}],"wp:term":[{"taxonomy":"category","embeddable":true,"href":"http:\/\/vincentians.com\/es\/wp-json\/wp\/v2\/categories?post=334"},{"taxonomy":"post_tag","embeddable":true,"href":"http:\/\/vincentians.com\/es\/wp-json\/wp\/v2\/tags?post=334"}],"curies":[{"name":"wp","href":"https:\/\/api.w.org\/{rel}","templated":true}]}}