{"id":33361,"date":"2021-10-15T08:40:41","date_gmt":"2021-10-15T06:40:41","guid":{"rendered":"http:\/\/somos.vicencianos.org\/?p=33361"},"modified":"2021-07-12T19:45:44","modified_gmt":"2021-07-12T17:45:44","slug":"dejarse-evangelizar-por-los-pobres","status":"publish","type":"post","link":"http:\/\/vincentians.com\/es\/dejarse-evangelizar-por-los-pobres\/","title":{"rendered":"Dejarse evangelizar por los pobres"},"content":{"rendered":"<h2>0. Introducci\u00f3n<\/h2>\n<p>Un t\u00edtulo, el de mi reflexi\u00f3n, con dos palabras de arraigada tradici\u00f3n en el carisma compartido por la Familia Vicenciana. Pobres y evangelizaci\u00f3n. Parad\u00f3jicamente inseparables y distintas, pero conformadoras de un estilo que aporta a la Iglesia un granito de riqueza.<\/p>\n<p>Desde ese ambiente eclesial no nos sorprende escuchar a todos los cristianos que viven su vocaci\u00f3n sirviendo a los pobres que \u00ablos pobres nos evangelizan\u00bb. Hacemos nuestra esta afirmaci\u00f3n. Y con este t\u00edtulo y esta afirmaci\u00f3n, arrancamos nuestro pensamiento y nuestro sentimiento.<\/p>\n<p>La espiritualidad vicenciana tiene por centro al pobre. La expresi\u00f3n m\u00e1s clarividente es la frase de San Vicente en la que reconoce que \u00abellos son nuestros amos y se\u00f1ores\u00bb.<\/p>\n<p>La evangelizaci\u00f3n es tambi\u00e9n, sin duda, n\u00facleo de la espiritualidad Vicenciana. Evangelizaci\u00f3n espiritual y corporal. San Vicente no desaprovecha ninguna ocasi\u00f3n para recordarlo: a las Caridades (laicos), con las que se estrena; a los Misioneros, con la advertencia de que tambi\u00e9n les tocan las necesidades corporales; a las Hermanas, con la petici\u00f3n de que no abandonen el \u00abalma\u00bb de aquellos a los que sirven.<\/p>\n<p>Hoy esta idea se plasma en la expresi\u00f3n \u00abevangelizaci\u00f3n integral\u00bb, porque la Buena Noticia debe llegar y trasformar al hombre en todas sus dimensiones, liberando al hombre en su totalidad.<\/p>\n<p>Pasar\u00e9 a describir con m\u00e1s profundidad el sentido de la frase que titula este momento: \u00abDejarse evangelizar por los pobres\u00bb, que es una invitaci\u00f3n que no podemos rechazar ya que se hace vida en el servicio vicenciano, y pasa a ser un testimonio que afirma: \u00abLos pobres nos evangelizan\u00bb.<\/p>\n<h2>1. Historia de esta afirmaci\u00f3n<\/h2>\n<p>Esta frase: \u00ablos pobres nos evangelizan\u00bb no es de San Vicente pero bien puede venir de \u00e9l. De todas formas, est\u00e1 \u00abadoptada\u00bb por todos los que secularmente han ido acerc\u00e1ndose a la evangelizaci\u00f3n y se han encontrado con los pobres. Es una experiencia com\u00fan a todos ellos que nace al hilo de descubrir unas virtudes en nuestros hermanos y hermanas m\u00e1s necesitados, que \u00abjuzgan\u00bb nuestras opciones y nuestros estilos de vida. El que pasa tiempo entre ellos descubre que hay \u00absemillas del verbo\u00bb preciosamente escondidas en los pobres que terminan evangeliz\u00e1ndonos.<\/p>\n<p>La referencia vicenciana m\u00e1s clara a esta \u00absentencia com\u00fan\u00bb la encontramos en un documento de las Hijas de la Caridad, el de su Asamblea General de 1985 (Documento final, En la encrucijada, pp. 8-9): \u00abLos pobres nos evangelizan mediante su paciencia y su capacidad de acogida\u00bb. Pero detr\u00e1s de esta afirmaci\u00f3n hay toda una tradici\u00f3n que nace de San Vicente y Santa Luisa, expresada en la frase:<\/p>\n<p style=\"text-align: center\"><em><strong>Los pobres son nuestros amos y maestros.<\/strong><\/em><\/p>\n<p>Me detengo a explicarla en el siguiente punto.<\/p>\n<h2>2. Sentido para San Vicente<\/h2>\n<p style=\"padding-left: 30px\"><em>As\u00ed pues, padres y hermanos m\u00edos, nuestro lote son los pobres, los pobres: Pauperibus evangelizare misit me. \u00a1Qu\u00e9 dicha, padres, qu\u00e9 dicha! \u00a1Hacer aquello por lo que nuestro Se\u00f1or vino del cielo a la tierra, y mediante lo cual nosotros iremos de la tierra al cielo! \u00a1Continuar la obra de Dios, que hu\u00eda de las ciudades y se iba al campo en busca de los pobres! En eso es en lo que nos ocupan nuestras reglas: ayudar a los pobres, nuestros amos y se\u00f1ores. \u00a1Oh pobres pero benditas reglas de la Misi\u00f3n, que nos comprometen a servirles, excluyendo a las ciudades!. Se trata de algo inaudito. Y ser\u00e1n bienaventurados los que las observen, ya que conformar\u00e1n toda su vida y todas sus acciones con las del Hijo de Dios. \u00a1Dios m\u00edo, qu\u00e9 motivos tiene la compa\u00f1\u00eda en esto para observar bien las reglas: hacer lo que el Hijo de Dios vino a hacer al mundo!: Que haya una compa\u00f1\u00eda, y que \u00e9sta sea la de la Misi\u00f3n, compuesta de pobres gentes, hecha especialmente para eso, yendo de ac\u00e1 para all\u00e1 por las aldeas y villorrios, dejando las ciudades, como nunca se hab\u00eda hecho, yendo a anunciar el evangelio solamente a los pobres! \u00a1Y eso es precisamente lo que nos mandan nuestras reglas!<\/em><br \/>\n(SV XII, 4-5 \/ ES XI, 324).<\/p>\n<p>La expresi\u00f3n no es original de San Vicente pero s\u00ed la aplicaci\u00f3n y pr\u00e1ctica de la misma en \u00e9l y sus seguidores. Los pobres son nuestros amos y se\u00f1ores porque son la imagen doliente de Jes\u00fas, nuestro Se\u00f1or y Maestro.<\/p>\n<p>Esto desde el punto de vista teol\u00f3gico. San Vicente y Santa Luisa supieron descubrirle el lado sociol\u00f3gico. Ambos sab\u00edan, por sus m\u00faltiples contactos, lo exigentes, injustos, caprichosos y desagradecidos que eran los \u00abSe\u00f1ores\u00bb; pero a la par comprobaban c\u00f3mo los que los serv\u00edan lo hac\u00edan con esmero y aprecio, porque a un amo se le escucha. Para los vicencianos, entonces, los pobres se convierten en amos a los que servimos, no por dinero, sino por amor.<\/p>\n<p>En el mismo sentido, son nuestros maestros porque con sus necesidades y sus acontecimientos nos indican cu\u00e1l es el querer de Dios. De un maestro se aprende, y a los vicencianos los pobres nos ense\u00f1an a acercarnos a Dios y Jesucristo; nos interpelan con su sufrimiento; nos invitan a una pobreza m\u00e1s radical; nos muestran la mordedura de la pobreza; en definitiva, nos evangelizan mediante sus virtudes.<\/p>\n<p>De lo expuesto se deduce con facilidad que la experiencia haya ido modelando esa expresi\u00f3n: \u00ablos pobres nos evangelizan\u00bb. Resulta muy f\u00e1cil, despu\u00e9s del encuentro con los pobres, recordar que estamos con ellos porque Jes\u00fas nos dijo: \u00abId y evangelizad\u00bb, porque la Iglesia, nuestra Asociaci\u00f3n, nuestra comunidad nos envi\u00f3, y descubrimos que el mismo Jes\u00fas nos dice por ellos: \u00abid y aprended\u00bb. El P. Robert Maloney, Superior General, hacia referencia a esto en la Asamblea General de la JMV en Roma, el 11 de agosto de 2000:<\/p>\n<p style=\"text-align: center\"><em>Tenemos que acercarnos al pobre con mucho tacto y prudencia; no podemos llegar con nuestros equipajes llenos de saber hacer (nuestros bienes). Los pobres nos evangelizan y nos remiten a nuestra propia pobreza.<\/em><\/p>\n<h2>3. Denuncia de una espiritualizaci\u00f3n de la frase que la deja sin contenido<\/h2>\n<p>Desde la \u00f3ptica de los excluidos, la espiritualidad se ti\u00f1e de exigencia, no s\u00f3lo solidaria sino contracultural, oponi\u00e9ndose al consumismo, a la injusticia, a todo lo que excluya&#8230;<\/p>\n<p>Vivir una espiritualidad desde el \u00e1mbito de los excluidos quiere decir, a mi entender, estar atentos al grito de los que no tienen voz y tener en nosotros los sentimientos de Cristo. Estar atentos a aquellos que identifico con el mismo Jes\u00fas: <em>Porque tuve hambre, sed, estaba desnudo, encarcelado, enfermo&#8230; y me atendiste<\/em> (Cf. Mt 25,31-46).<\/p>\n<p>Y esto me posiciona a mi y nos posiciona a todos nosotros en la cultura del Evangelio, que es precisamente contraria a la cultura dominante de nuestro tiempo: la del poder, la del dinero, la de la superficialidad&#8230;<\/p>\n<p style=\"padding-left: 30px\"><em>Sab\u00e9is que los que gobiernan a los pueblos, los tiranizan y que los grandes los oprimen, pero no ha de ser as\u00ed entre vosotros; al contrario, el que quiera subir, ha de ser servidor vuestro, y el que quiera ser primero, sea esclavo de todos, porque<strong> el Hijo del Hombre no ha venido a ser servido, sino a servir.<br \/>\n<\/strong><\/em>(Mt 20, 25-27).<\/p>\n<p>Esta actitud de servicio a los pobres y de ocupar un lugar \u00aben las fronteras\u00bb, es lo que marca una de las caracter\u00edsticas m\u00e1s inteligibles del mensaje evang\u00e9lico y de la espiritualidad del siglo XXI.<\/p>\n<p>Se ha dicho mucho que los pobres nos evangelizan. Y yo creo que esta frase, ya estereotipada, nos lleva a una realidad profunda. Y es que, junto a ellos y con ellos, el mandamiento del amor se hace m\u00e1s inteligible.<\/p>\n<p>Y cuando nuestros propios intereses llegan a tener menos espacio, porque lo ocupan aquellos a quienes amamos, la vida cambia por completo. El Evangelio se entiende mejor y ocupa en nuestra vida un lugar de exigencia que antes no ten\u00eda.<\/p>\n<p>Pero hay algo m\u00e1s. Cuando los que habitamos en el llamado \u00abPrimer Mundo\u00bb, hablamos de los excluidos, nos referimos a los que nosotros, en nuestra sociedad de consumo, en nuestras sociedades de opulencia, hemos dejado relegados por un complejo de problemas econ\u00f3micos y sociales. Es evidente que las bolsas de pobreza de lo que llamamos \u00abCuarto Mundo\u00bb aumentan. Y ahora se hacen alarmantes con la llegada masiva de inmigrantes que han tenido que dejar su pa\u00eds por los mismos motivos excluyentes, llam\u00e9mosle globalizaci\u00f3n, o como queramos.<\/p>\n<p>En ese mundo desestructurado y excluyente, los marginados est\u00e1n tambi\u00e9n al margen de los grandes valores de la existencia, a donde les ha lanzado nuestro ego\u00edsmo. Siempre me ha angustiado el hecho de que en nuestras iglesias s\u00f3lo tienen un lugar: en la puerta y con la mano extendida.<\/p>\n<p>Por esto, el encuetro con Cristo en el servicio al pobre nos har\u00e1 vivir en profundidad la afirmaci\u00f3n \u00ablos pobres nos evangelizan\u00bb y har\u00e1 que esta afirmaci\u00f3n no sea tan s\u00f3lo una frase espiritual que se comunica oralmente sino que ser\u00e1 \u00abvida\u00bb, por experincia propia.<\/p>\n<p>Los Vicencianos hemos hablado mucho de ver el rostro de Dios en los pobres. Pero creo que la espiritualidad vicenciana de hoy, en este mundo a veces sin esperanza, nos llama a que los pobres vean el rostro de Dios en nosotros. S\u00f3lo a trav\u00e9s del amor que nosotros podamos darles, van a reconocer el amor de Dios que el Esp\u00edritu ha derramado en nuestros corazones. Porque, como dice San Juan, <em>nadie ha visto jam\u00e1s a Dios; si nosotros nos amamos los unos a los otros, Dios permanece en nosotros y su amor ha llegado en nosotros a la perfecci\u00f3n<\/em> (1 Jn 1,12).<\/p>\n<h2>4. As\u00ed se entiende desde la experiencia vital de quien se encuentra con los pobres<\/h2>\n<p>Lo dicho, lo he experimentado en muchas ocasiones y ha cambiado mi vida y mi espiritualidad. \u00a1Cu\u00e1ntas lecciones he recibido de personas que no se lo pueden ni imaginar!<\/p>\n<p>Sin hablar directamente de Dios, he podido experimentar que el lenguaje del amor es el m\u00e1s claro y evidente, y el que lleva a la fuente del amor, Dios.<\/p>\n<p>Por esto, tras reflexionarlo en el Equipo Coordinador de Misevi, hemos encontrado unas condiciones que nosotros consideramos esenciales para dejarse evangelizar por los pobres. Y que nos gustar\u00eda compartir con ustedes.<\/p>\n<p>En primer lugar, creemos que ser\u00eda esencial dejar de ver al pobre como \u00abpobre\u00bb y verlo como persona.<\/p>\n<p>Dentro del ambiente de la caridad eclesial, dentro del ambiente de las teor\u00edas de la caridad y del servicio, incluso dentro del ambiente de la FV, deber\u00edamos \u00abrenovar\u00bb nuestro vocabulario, retomar los contenidos de las palabras y asignar a cada vocablo su contenido, limpio de las connotaciones de las que se ha ido impregnando con el paso de la historia.<\/p>\n<p>Hablar del pobre en todos estos ambientes implica, en gran medida, una visi\u00f3n preconcebida de esa persona pobre. Al pobre no podemos convertirlo en objeto de nuestra evangelizaci\u00f3n o de nuestra asistencia o solidaridad. El pobre es sujeto, es un yo, con el que me relaciono y del que puedo y debo aprender.<\/p>\n<p>En el campo de lo ling\u00fc\u00edstico, la palabra pobre significa necesitado, persona que no tiene lo necesario para vivir. La palabra pobre es un adjetivo calificativo que califica el grado de solvencia econ\u00f3mica de un individuo; y se ha hecho nombre por comodidad o historia ling\u00fc\u00edstica, pero el pobre es, siempre primero y, ante todo, una persona (pobre pero siempre persona). En realidad, la palabra pobre es un adjetivo \u00abdescalificativo\u00bb porque al hacer referencia a lo que tiene o no el sujeto; normalmente el uso del adjetivo pobre lo califica en negativo porque es pobre el que carece de algo. Por ello, en nuestra sociedad el pobre de salud esta descalificado, el pobre de inteligencia, el pobre de posesiones, el pobre de cultura, el pobre de Dios&#8230; Todos ellos son los pobres y quedan descalificados, o sea apartados de la gran carrera en la que participan, y parece que ganan, los abanderados del consumismo, del tener m\u00e1s, del disfrutar de todo y ahora; los defensores de la globalizaci\u00f3n&#8230;<\/p>\n<p>El Hombre pobre es, ante todo, una persona, un ser humano (hombre y mujer) con todos sus derechos, y ser\u00eda justo que, de vez en cuando, nos ley\u00e9ramos de nuevo la Declaraci\u00f3n de los Derechos Humanos y or\u00e1ramos sobre ella, para interiorizarla en el coraz\u00f3n y convertirla en actitud de vida. En la Declaraci\u00f3n de los Derechos Humanos doy por incluidos los derechos de la mujer y, por supuesto, los del ni\u00f1o.<\/p>\n<p>Con los Derechos Humanos asumidos y la Palabra de Dios en el coraz\u00f3n, reconocemos que toda persona es hijo de Dios y tiene un derecho inviolable a ser tratado como tal, o sea, con la dignidad y el respeto que se merece todo hijo de Dios, que es imagen y semejanza suya.<\/p>\n<p>Con esto, asumimos que la clave central del acercamiento al hermano est\u00e1 en valorar su dignidad y, desde esta situaci\u00f3n de iguales (igual Hijo de Dios iguales derechos), relacionarse con el otro.<\/p>\n<p>Este tipo de relaci\u00f3n con el empobrecido cambia el posicionamiento del evangelizador o del servidor de los pobres porque, en este contexto, el otro adquiere un lugar en su vida y en su coraz\u00f3n; es una persona concreta, con rostro y nombre propio, hasta con apodo, y rodeado de circunstancias muy concretas que lo hacen ser de una forma \u00fanica e irrepetible y estar en esa situaci\u00f3n, tambi\u00e9n \u00fanica e irrepetible.<\/p>\n<p>Cuando esto sucede, es cuando el otro, el hermano al que servimos, entra en nuestra vida, en nuestro coraz\u00f3n, y podemos hacer nuestras sus alegr\u00edas y sus penas y, en esta relaci\u00f3n de igualdad, surge el compartir tambi\u00e9n de la propia vida con el otro.<\/p>\n<p>Los aspectos que voy a rese\u00f1ar a continuaci\u00f3n son aspectos en los que nos hemos sentido evangelizados; est\u00e1n sacados de las propias experiencias de los miembros del Equipo Coordinador de Misevi.<\/p>\n<p>Los empobrecidos del mundo viven el d\u00eda a d\u00eda, sintiendo la presencia cercana de Dios. Dios es cercano, familiar; es alguien de quien pueden fiarse, en quien pueden confiar tanto cuando la vida regala buenos momentos como cuando llega la adversidad y el sufrimiento. Esta vivencia de la cercan\u00eda de Dios nos ha evangelizado.<\/p>\n<p>Son estas personas las que en las situaciones m\u00e1s dif\u00edciles saben comprender al otro, saben ponerse en su lugar y vivir con \u00e9l el \u00abmomento del hermano\u00bb. Esta comprensi\u00f3n fraternal, esta empat\u00eda natural, nos ha evangelizado.<\/p>\n<p>Viven en la sencillez y desde su ser sencillo se relacionan con el otro y con Dios. Afrontan con sencillez las situaciones que les llegan y, desde su sencillez, son todo lo creativos que los hace el amor. Esta sencillez tambi\u00e9n nos ha evangelizado<\/p>\n<p>Hemos vivido en la misi\u00f3n ad-gentes con personas pobres, econ\u00f3micamente hablando, pero ricas en generosidad, que dan lo poco que tienen, aunque a veces precisen de ello. Esta generosidad nos ha evangelizado.<\/p>\n<p>Su admiraci\u00f3n por el detalle, su valoraci\u00f3n de lo peque\u00f1o nos ha evangelizado.<\/p>\n<p>Y, por supuesto, su capacidad de relativizar la propia cruz, de vivir con la alegr\u00eda de los salvados su propio vida, nos ha hecho recordar nuestra actitud ante nuestras cruces y nos han iluminado. Otra vez nos han evangelizado.<\/p>\n<p>Pero, para que estos aspectos y otros muchos lleguen a nuestra vida y movilicen nuestros valores est\u00e1ticos, creemos que hace falta haber asumido unos principios inspiradores de nuestro estilo de vida que nos permiten estar abiertos a poder ser evangelizados:<\/p>\n<p><strong>La austeridad<\/strong> es el primer principio que debe darse en nuestro estilo de vida. Es dif\u00edcil planificar una vida austera en el mundo en que nos movemos, y m\u00e1s dif\u00edcil a\u00fan, no caer en el consumismo&#8230; Hay que vivir con lo justo para tener la dignidad de ser hombre-mujer&#8230; Hay que hacer buen uso del dinero, de los recursos, de la tecnolog\u00eda&#8230; La austeridad es un valor evang\u00e9lico, nos lo cuenta Mateo<\/p>\n<p style=\"padding-left: 30px\"><em> As\u00ed que no se inquieten diciendo: \u00bfQu\u00e9 comeremos?, \u00bfQu\u00e9 beberemos?, \u00bfCon que nos vestiremos?&#8230;. Busquen primero el reino de Dios y hacer su voluntad, y todo lo dem\u00e1s les vendr\u00e1 por a\u00f1adidura.<\/em><br \/>\n(Mt 6, 31. 33).<\/p>\n<p>La <strong>austeridad<\/strong> y la <strong>confianza en la Providencia<\/strong>: dos principios b\u00e1sicos para evangelizar y poder ser evangelizados por los pobres.<\/p>\n<p>Entendemos que otro principio podr\u00eda ser vivir en actitud de <strong>compartir<\/strong>; estar predispuesto a compartir lo que tengo y lo que tienen los otros, promoviendo un mutuo acercamiento basado en la \u00absonrisa\u00bb.<\/p>\n<p>Esta predisposici\u00f3n abarca todas las dimensiones de mi ser, no s\u00f3lo mis actividades o los momentos de trabajo; implica compartir mi vida, con sus emociones, sentimientos&#8230; en el servicio y en la evangelizaci\u00f3n.<\/p>\n<p>Y para la evangelizaci\u00f3n y el servicio son necesarios los hombres y mujeres que quieren responder a la llamada de Jesucristo: \u00abId y evangelizad\u00bb; que se creen a pie juntillas la Buena Nueva y que quieren hacer vida el Reino de Dios \u00a1ahora! Y \u00a1ya! entre los hombres compartiendo todo lo que son y todo lo que tienen.<\/p>\n<p>Para ello puede ser muy \u00fatil <strong>leer el Evangelio<\/strong> con los empobrecidos, <strong>orar con el hermano<\/strong>, escuchar y reflexionar juntos la Palabra de Dios. Compartir al estilo Vicenciano la oraci\u00f3n nos ayudar\u00e1 a hacer comunidad, que en definitiva es de lo que se trata: de vivir en comuni\u00f3n fraterna. Orar juntos nos une, nos enriquece y crea fraternidad.<\/p>\n<p><strong>Vivir en reflexi\u00f3n<\/strong> constante, buscando las causas de la pobreza, no la mera constataci\u00f3n de la misma. Y planificar la acci\u00f3n liberadora en funci\u00f3n del cambio social, y no como mero asistencialismo; y, por supuesto, <strong>actuar con realismo<\/strong>, ser\u00edan los otros principios de nuestro estilo de vida que nos llevar\u00e1n a vivir en plenitud la afirmaci\u00f3n: \u00ablos pobres nos evangelizan\u00bb.<\/p>\n<h2>5. Los Misioneros Seglares Vicencianos comparten con nosotros su experiencia<\/h2>\n<p>Algunos de los laicos en la misi\u00f3n ad gentes han querido compartir con nosotros su propia experiencia, y no he querido retocar sus textos, tan s\u00f3lo para no extenderme demasiado He jugado al <em>copiar y pegar<\/em>:<\/p>\n<h3>Desde la comunidad misionera de la JMV en San Pedro Sula (Honduras)<\/h3>\n<ul>\n<li><em>Algo que nos llena de vida y nos renueva en nuestra vocaci\u00f3n es descubrir c\u00f3mo los enfermos, los que viven con VIH, se aferran a la vida y luchan hasta el ultimo momento. Es incre\u00edble compartir con ellos su participaci\u00f3n en las actividades y proyectos, el apoyo mutuo, el apoyo a iniciativas comunes&#8230; A\u00fan sabiendo que la muerte est\u00e1 pr\u00f3xima, el acceso a antirretrovirales y medicaci\u00f3n es muy limitado; sorprende su esperanza, su confianza en Dios y en el propio esfuerzo de superaci\u00f3n (educaci\u00f3n, trabajo, producci\u00f3n&#8230;). Esto hace que la experiencia de compartir con ellos nos evangelice y cuestione nuestras actitudes frente a la vida.<\/em><\/li>\n<li><em>El esfuerzo de superaci\u00f3n, la opci\u00f3n por cuidar del ecosistema, las reuniones y trabajos comunitarios en el \u00e1rea rural, con los campesinos, han hecho posible que la calidad de vida de todas esas familias est\u00e9 mejorando considerablemente. Todo ello ha sido posible desde el convencimiento de que la naturaleza es un regalo de Dios y una herencia para las generaciones futuras, y de que la uni\u00f3n y la organizaci\u00f3n de la comunidad hacen posible la solidaridad al Reino. Esta experiencia nos ilumina en la vida comunitaria y nos impulsa a continuar, a pesar de las dificultades, siendo siempre semillas de esperanza.<\/em><\/li>\n<li><em>El conocer y vincularse a la experiencia de ni\u00f1os provenientes de hogares desintegrados, compartir con aquellos que desde peque\u00f1os se enfrentan a un camino de dificultades; el esfuerzo de superaci\u00f3n de madres solteras, el empe\u00f1o por brindar oportunidades a sus hijos, los hermanos mayores que deben hacer de padres a edades muy tempranas&#8230; Esto nos invita a valorar la gratuidad y la inocencia de estos peque\u00f1os, imagen de Dios. Y tambi\u00e9n, a reconocer el gran esfuerzo y la capacidad de lucha, afrontando la vida con valent\u00eda y esperanza.<\/em><\/li>\n<li><em>Los j\u00f3venes \u00abmareros\u00bb o \u00abpandilleros\u00bb, considerados como muy peligrosos y rechazados por la sociedad, estos j\u00f3venes adictos a la droga, al sexo y a la violencia, con un pasado carente de toda muestra de afecto y de satisfacci\u00f3n de otras muchas necesidades b\u00e1sicas, son capaces de demostrar actitudes de solidaridad, ayuda, cuidado, sensibilidad en m\u00e1s de una ocasi\u00f3n&#8230; que har\u00e1 que pasen delante de nosotros al Reino de Dios. Esto nos convence de que todos tenemos un tesoro de bondad que hasta los \u00abm\u00e1s malos\u00bb son capaces de expresar, y nos cuestiona en qu\u00e9 medida lo expresamos nosotros que lo hemos recibido todo.<\/em><\/li>\n<li><em>El compartir la fe en la comunidad eclesial y el testimonio de los laicos que se esfuerzan por formarse y contribuir en el servicio al Reino, cuestiona nuestra vivencia de fe; la formaci\u00f3n y la vocaci\u00f3n misionera que d\u00eda a d\u00eda debemos renovar.<\/em><\/li>\n<\/ul>\n<h3>Desde la comunidad misionera de la JMV en Nacala (Mozambique)<\/h3>\n<p style=\"padding-left: 30px\"><em>La Comunidad la formamos 4 personas. Compartimos trabajo pastoral y parte de la vida con la Comunidad de Padres Paules de esta Misi\u00f3n. Como veis, un equipo numeroso, aunque aqu\u00ed lo que no sobran son manos para trabajar.<\/em><\/p>\n<p style=\"padding-left: 30px\"><em>Tengo un traje africano muy bonito, bueno; voy a ser legal y a confesar que tengo otro, pero del que m\u00e1s me gusta es del que voy a hablar. No me lo he puesto muchas veces, podr\u00eda contarlas \u00a1y tanto que podr\u00eda! s\u00f3lo han sido do:, el d\u00eda de Nochebuena y el domingo pasado. \u00bfPor qu\u00e9? Pues eso, porque es un traje para fiestas grandes y no para todos los d\u00edas.<\/em><\/p>\n<p style=\"padding-left: 30px\"><em>Y sobre la \u00faltima vez que me lo puse voy a contaros. El domingo pasado tenia que salir para una Comunidad en el campo, como casi todos los domingos; como estaba pasando la marat\u00f3n contra el Sida en la parroquia y era el \u00faltimo d\u00eda de la misma, decid\u00ed ponerme el susodicho traje&#8230;<\/em><\/p>\n<p style=\"padding-left: 30px\"><em>Me sent\u00eda yo tan bien, hasta que llegu\u00e9 a la Comunidad: San Pedro de Mecurua. No se me olvidar\u00e1 nunca este d\u00eda.<\/em><\/p>\n<p style=\"padding-left: 30px\"><em>Cuando llegu\u00e9 all\u00ed y empec\u00e9 a mirar a m\u00ed alrededor, sent\u00ed verg\u00fcenza. Me encuentro con una se\u00f1ora que estaba con una anemia enorme, y no por enfermedad. No, sino porque estaba pasando hambre. Me sent\u00ed fatal; me mir\u00e9 yo, la mir\u00e9 a ella, y mi conciencia hizo el resto.<\/em><\/p>\n<p style=\"padding-left: 30px\"><em>Despu\u00e9s, continu\u00e9 observando a la gente y me di cuenta de que mucha gente estaba mucho m\u00e1s delgada que la \u00faltima vez que los vi hace menos de un mes. El animador de zona &#8211; el se\u00f1or Constantino-, la animadora de zona &#8211; Do\u00f1a Mar\u00eda Magdalena&#8230;- Estaban en los huesos.<\/em><\/p>\n<p style=\"padding-left: 30px\"><em>Y entonces entend\u00ed por qu\u00e9 los j\u00f3venes de aquella zona no pod\u00edan llegar a los encuentros: es tiempo de hambre. Este a\u00f1o ha sido malo para la cosecha, y hay mucha gente que no tiene qu\u00e9 comer.<\/em><\/p>\n<p style=\"padding-left: 30px\"><em>S\u00e9 que el tiempo de hambre pasa todos los a\u00f1os y que, gracias a Dios y si no hay ninguna cat\u00e1strofe natural, el pr\u00f3ximo mes la cosecha estar\u00e1 al llegar; pero es algo a lo que no me acostumbro. As\u00ed que all\u00ed estaba yo pensando cu\u00e1ntos sacos de ma\u00edz, de mandioca; cu\u00e1nta comida se pod\u00eda pagar con el dinero que cuesta uno de estos trajes, que para Europa seria barato pero para aqu\u00ed no lo es.<\/em><\/p>\n<p style=\"padding-left: 30px\"><em>Pens\u00e9 y me avergonc\u00e9. Hacia tiempo que no sent\u00eda tanta verg\u00fcenza. Si hubiese podido meterme debajo de las piedras me hubiese metido. Porque una cosa es o\u00edr hablar de hambre y otra es verla de cara en personas que conoces.<\/em><\/p>\n<p style=\"padding-left: 30px\"><em>Es verdad que no se puede dejar ganar al sentimentalismo, lo reconozco. Soy consciente de que no puedo arreglar ese problema sola. No soy nada amiga de contar estas cosas para remover los corazones. Quien me conoce lo sabe bien. Es cierto que muchas veces me dejo llevar por los sentimientos. Pero esta vez quer\u00eda compartir lo que sent\u00ed. Y lo hago desde la esperanza en que un d\u00eda esto pueda cambiar.<\/em><\/p>\n<p style=\"padding-left: 30px\"><em>\u00bfSab\u00e9is? La misi\u00f3n es muy bonita, es verdad. Pero tambi\u00e9n tiene sus momentos m\u00e1s duros en los que te planteas muchas cosas y la impotencia te sobrepasa.<\/em><\/p>\n<p style=\"padding-left: 30px\"><em>Pues s\u00ed, as\u00ed es la Misi\u00f3n. Como veis, nada f\u00e1cil. Pero, bueno, el Esp\u00edritu sopla y nunca tenemos que olvidar que solos no podemos; sin \u00c9l las cosas no salen adelante.<\/em><\/p>\n<p style=\"padding-left: 30px\"><em>Espero que esto haya sido un buen compartir vicenciano.<\/em><\/p>\n<p style=\"padding-left: 30px\"><em>Solo una cosa m\u00e1s: por favor, no os olvid\u00e9is de rezar por nosotros&#8230; por la Iglesia extendida por toda la tierra.<\/em><\/p>\n<p style=\"padding-left: 30px\"><em>Desde Nacala, \u00abMpakha nihiku nikina\u00bb<br \/>\n(hasta otro d\u00eda en macua).<\/em><\/p>\n<p style=\"padding-left: 30px\"><em>Silvia<\/em><\/p>\n","protected":false},"excerpt":{"rendered":"<p>0. Introducci\u00f3n Un t\u00edtulo, el de mi reflexi\u00f3n, con dos palabras de arraigada tradici\u00f3n en el carisma compartido por la Familia Vicenciana. Pobres y evangelizaci\u00f3n. Parad\u00f3jicamente inseparables y distintas, pero conformadoras de un estilo que &#8230; <a href=\"http:\/\/vincentians.com\/es\/dejarse-evangelizar-por-los-pobres\/\" class=\"more-link\">Read More<\/a><\/p>\n","protected":false},"author":4,"featured_media":400001,"comment_status":"open","ping_status":"open","sticky":false,"template":"","format":"standard","meta":{"jetpack_post_was_ever_published":false,"_jetpack_newsletter_access":"","_jetpack_dont_email_post_to_subs":false,"_jetpack_newsletter_tier_id":0,"_jetpack_memberships_contains_paywalled_content":false,"_jetpack_memberships_contains_paid_content":false,"footnotes":"","jetpack_publicize_message":"","jetpack_publicize_feature_enabled":true,"jetpack_social_post_already_shared":true,"jetpack_social_options":{"image_generator_settings":{"template":"highway","default_image_id":0,"font":"","enabled":false},"version":2}},"categories":[28,15],"tags":[195,172],"class_list":["post-33361","post","type-post","status-publish","format-standard","has-post-thumbnail","hentry","category-formacion-vicenciana","category-misevi","tag-misioneros-seglares","tag-pobreza"],"yoast_head":"<!-- This site is optimized with the Yoast SEO plugin v26.3 - https:\/\/yoast.com\/wordpress\/plugins\/seo\/ -->\n<title>Dejarse evangelizar por los pobres - Somos Vicencianos<\/title>\n<meta name=\"robots\" content=\"index, follow, max-snippet:-1, max-image-preview:large, max-video-preview:-1\" \/>\n<link rel=\"canonical\" href=\"http:\/\/vincentians.com\/es\/dejarse-evangelizar-por-los-pobres\/\" \/>\n<meta property=\"og:locale\" content=\"es_ES\" \/>\n<meta property=\"og:type\" content=\"article\" \/>\n<meta property=\"og:title\" content=\"Dejarse evangelizar por los pobres - Somos Vicencianos\" \/>\n<meta property=\"og:description\" content=\"0. Introducci\u00f3n Un t\u00edtulo, el de mi reflexi\u00f3n, con dos palabras de arraigada tradici\u00f3n en el carisma compartido por la Familia Vicenciana. Pobres y evangelizaci\u00f3n. Parad\u00f3jicamente inseparables y distintas, pero conformadoras de un estilo que ... Read More\" \/>\n<meta property=\"og:url\" content=\"http:\/\/vincentians.com\/es\/dejarse-evangelizar-por-los-pobres\/\" \/>\n<meta property=\"og:site_name\" content=\"Somos Vicencianos\" \/>\n<meta property=\"article:publisher\" content=\"https:\/\/www.facebook.com\/WeAreVincentians\/\" \/>\n<meta property=\"article:author\" content=\"https:\/\/www.facebook.com\/JavierChento\" \/>\n<meta property=\"article:published_time\" content=\"2021-10-15T06:40:41+00:00\" \/>\n<meta property=\"og:image\" content=\"https:\/\/i0.wp.com\/vincentians.com\/es\/wp-content\/uploads\/sites\/11\/2016\/09\/revolucion-francesa.jpg?fit=1600%2C840\" \/>\n\t<meta property=\"og:image:width\" content=\"1600\" \/>\n\t<meta property=\"og:image:height\" content=\"840\" \/>\n\t<meta property=\"og:image:type\" content=\"image\/jpeg\" \/>\n<meta name=\"author\" content=\"Francisco Javier Fern\u00e1ndez Chento\" \/>\n<meta name=\"twitter:card\" content=\"summary_large_image\" \/>\n<meta name=\"twitter:creator\" content=\"@https:\/\/twitter.com\/javierchento\" \/>\n<meta name=\"twitter:site\" content=\"@WeVincentians\" \/>\n<meta name=\"twitter:label1\" content=\"Escrito por\" \/>\n\t<meta name=\"twitter:data1\" content=\"Francisco Javier Fern\u00e1ndez Chento\" \/>\n\t<meta name=\"twitter:label2\" content=\"Tiempo de lectura\" \/>\n\t<meta name=\"twitter:data2\" content=\"18 minutos\" \/>\n<script type=\"application\/ld+json\" class=\"yoast-schema-graph\">{\"@context\":\"https:\/\/schema.org\",\"@graph\":[{\"@type\":\"Article\",\"@id\":\"http:\/\/vincentians.com\/es\/dejarse-evangelizar-por-los-pobres\/#article\",\"isPartOf\":{\"@id\":\"http:\/\/vincentians.com\/es\/dejarse-evangelizar-por-los-pobres\/\"},\"author\":{\"name\":\"Francisco Javier Fern\u00e1ndez Chento\",\"@id\":\"http:\/\/vincentians.com\/es\/#\/schema\/person\/9623ef4d9aa3b2dfb8c061f1499288f2\"},\"headline\":\"Dejarse evangelizar por los pobres\",\"datePublished\":\"2021-10-15T06:40:41+00:00\",\"mainEntityOfPage\":{\"@id\":\"http:\/\/vincentians.com\/es\/dejarse-evangelizar-por-los-pobres\/\"},\"wordCount\":4239,\"commentCount\":0,\"publisher\":{\"@id\":\"http:\/\/vincentians.com\/es\/#organization\"},\"image\":{\"@id\":\"http:\/\/vincentians.com\/es\/dejarse-evangelizar-por-los-pobres\/#primaryimage\"},\"thumbnailUrl\":\"https:\/\/i0.wp.com\/vincentians.com\/es\/wp-content\/uploads\/sites\/11\/2016\/09\/revolucion-francesa.jpg?fit=1600%2C840\",\"keywords\":[\"Misioneros Seglares\",\"Pobreza\"],\"articleSection\":[\"Formaci\u00f3n Vicenciana\",\"Misevi\"],\"inLanguage\":\"es\",\"potentialAction\":[{\"@type\":\"CommentAction\",\"name\":\"Comment\",\"target\":[\"http:\/\/vincentians.com\/es\/dejarse-evangelizar-por-los-pobres\/#respond\"]}]},{\"@type\":\"WebPage\",\"@id\":\"http:\/\/vincentians.com\/es\/dejarse-evangelizar-por-los-pobres\/\",\"url\":\"http:\/\/vincentians.com\/es\/dejarse-evangelizar-por-los-pobres\/\",\"name\":\"Dejarse evangelizar por los pobres - Somos Vicencianos\",\"isPartOf\":{\"@id\":\"http:\/\/vincentians.com\/es\/#website\"},\"primaryImageOfPage\":{\"@id\":\"http:\/\/vincentians.com\/es\/dejarse-evangelizar-por-los-pobres\/#primaryimage\"},\"image\":{\"@id\":\"http:\/\/vincentians.com\/es\/dejarse-evangelizar-por-los-pobres\/#primaryimage\"},\"thumbnailUrl\":\"https:\/\/i0.wp.com\/vincentians.com\/es\/wp-content\/uploads\/sites\/11\/2016\/09\/revolucion-francesa.jpg?fit=1600%2C840\",\"datePublished\":\"2021-10-15T06:40:41+00:00\",\"breadcrumb\":{\"@id\":\"http:\/\/vincentians.com\/es\/dejarse-evangelizar-por-los-pobres\/#breadcrumb\"},\"inLanguage\":\"es\",\"potentialAction\":[{\"@type\":\"ReadAction\",\"target\":[\"http:\/\/vincentians.com\/es\/dejarse-evangelizar-por-los-pobres\/\"]}]},{\"@type\":\"ImageObject\",\"inLanguage\":\"es\",\"@id\":\"http:\/\/vincentians.com\/es\/dejarse-evangelizar-por-los-pobres\/#primaryimage\",\"url\":\"https:\/\/i0.wp.com\/vincentians.com\/es\/wp-content\/uploads\/sites\/11\/2016\/09\/revolucion-francesa.jpg?fit=1600%2C840\",\"contentUrl\":\"https:\/\/i0.wp.com\/vincentians.com\/es\/wp-content\/uploads\/sites\/11\/2016\/09\/revolucion-francesa.jpg?fit=1600%2C840\",\"width\":1600,\"height\":840},{\"@type\":\"BreadcrumbList\",\"@id\":\"http:\/\/vincentians.com\/es\/dejarse-evangelizar-por-los-pobres\/#breadcrumb\",\"itemListElement\":[{\"@type\":\"ListItem\",\"position\":1,\"name\":\"Portada\",\"item\":\"http:\/\/vincentians.com\/es\/\"},{\"@type\":\"ListItem\",\"position\":2,\"name\":\"Dejarse evangelizar por los pobres\"}]},{\"@type\":\"WebSite\",\"@id\":\"http:\/\/vincentians.com\/es\/#website\",\"url\":\"http:\/\/vincentians.com\/es\/\",\"name\":\"Somos Vicencianos\",\"description\":\"Know more to serve more\",\"publisher\":{\"@id\":\"http:\/\/vincentians.com\/es\/#organization\"},\"potentialAction\":[{\"@type\":\"SearchAction\",\"target\":{\"@type\":\"EntryPoint\",\"urlTemplate\":\"http:\/\/vincentians.com\/es\/?s={search_term_string}\"},\"query-input\":{\"@type\":\"PropertyValueSpecification\",\"valueRequired\":true,\"valueName\":\"search_term_string\"}}],\"inLanguage\":\"es\"},{\"@type\":\"Organization\",\"@id\":\"http:\/\/vincentians.com\/es\/#organization\",\"name\":\"The Vincentian Network\",\"url\":\"http:\/\/vincentians.com\/es\/\",\"logo\":{\"@type\":\"ImageObject\",\"inLanguage\":\"es\",\"@id\":\"http:\/\/vincentians.com\/es\/#\/schema\/logo\/image\/\",\"url\":\"https:\/\/i1.wp.com\/vincentians.com\/es\/wp-content\/uploads\/sites\/11\/2016\/06\/Vincentian-Network-logo-big.png?fit=778%2C778\",\"contentUrl\":\"https:\/\/i1.wp.com\/vincentians.com\/es\/wp-content\/uploads\/sites\/11\/2016\/06\/Vincentian-Network-logo-big.png?fit=778%2C778\",\"width\":778,\"height\":778,\"caption\":\"The Vincentian Network\"},\"image\":{\"@id\":\"http:\/\/vincentians.com\/es\/#\/schema\/logo\/image\/\"},\"sameAs\":[\"https:\/\/www.facebook.com\/WeAreVincentians\/\",\"https:\/\/x.com\/WeVincentians\"]},{\"@type\":\"Person\",\"@id\":\"http:\/\/vincentians.com\/es\/#\/schema\/person\/9623ef4d9aa3b2dfb8c061f1499288f2\",\"name\":\"Francisco Javier Fern\u00e1ndez Chento\",\"image\":{\"@type\":\"ImageObject\",\"inLanguage\":\"es\",\"@id\":\"http:\/\/vincentians.com\/es\/#\/schema\/person\/image\/\",\"url\":\"https:\/\/secure.gravatar.com\/avatar\/497d5cde87b4c3d097d0315953521681ba2cd523ee66e5077c3711f7021e65de?s=96&d=mm&r=g\",\"contentUrl\":\"https:\/\/secure.gravatar.com\/avatar\/497d5cde87b4c3d097d0315953521681ba2cd523ee66e5077c3711f7021e65de?s=96&d=mm&r=g\",\"caption\":\"Francisco Javier Fern\u00e1ndez Chento\"},\"description\":\"Director General y cofundador de La Red de Formaci\u00f3n Vicenciana. Javier es laico vicenciano, afiliado a la Congregaci\u00f3n de la Misi\u00f3n y miembro del Equipo de Misiones Populares de la provincia can\u00f3nica de Zaragoza (Espa\u00f1a) de la Congregaci\u00f3n de la Misi\u00f3n. Graduado en la Universidad Oberta de Catalunya con cuatro grados (Asistente de direcci\u00f3n, Gesti\u00f3n Administrativa, Recursos Humanos y Contabilidad Avanzada). Bil\u00edng\u00fce Espa\u00f1ol\/Ingl\u00e9s. gestiona y mantiene varias p\u00e1ginas web cristianas y vicencianas, incluida including La Red de Formaci\u00f3n Vicenciana, de la que es cofundador. Actualmente es responsable del \u00e1rea de Espa\u00f1ol de .famvin, la Red de Noticias de la Familia Vicenciana. Tambi\u00e9n es m\u00fasico cat\u00f3lico y ha editado varios discos. Es Director General y cofundador de Trovador, una reconocida compa\u00f1\u00eda discogr\u00e1fica critiana de Espa\u00f1a. Trabaja en las Tecnolog\u00edas de la Informaci\u00f3n, ofreciendo servicios de alojamiento, dise\u00f1o y mantenimiento Web, as\u00ed como asesoramiento, formaci\u00f3n y soluciones inform\u00e1ticas, gesti\u00f3n documental y digitalizaci\u00f3n de textos, edici\u00f3n y maquetaci\u00f3n de libros, revistas, flyers, etc.\",\"sameAs\":[\"http:\/\/chento.org\",\"https:\/\/www.facebook.com\/JavierChento\",\"https:\/\/x.com\/https:\/\/twitter.com\/javierchento\"],\"url\":\"http:\/\/vincentians.com\/es\/author\/chento\/\"}]}<\/script>\n<!-- \/ Yoast SEO plugin. -->","yoast_head_json":{"title":"Dejarse evangelizar por los pobres - Somos Vicencianos","robots":{"index":"index","follow":"follow","max-snippet":"max-snippet:-1","max-image-preview":"max-image-preview:large","max-video-preview":"max-video-preview:-1"},"canonical":"http:\/\/vincentians.com\/es\/dejarse-evangelizar-por-los-pobres\/","og_locale":"es_ES","og_type":"article","og_title":"Dejarse evangelizar por los pobres - Somos Vicencianos","og_description":"0. Introducci\u00f3n Un t\u00edtulo, el de mi reflexi\u00f3n, con dos palabras de arraigada tradici\u00f3n en el carisma compartido por la Familia Vicenciana. Pobres y evangelizaci\u00f3n. Parad\u00f3jicamente inseparables y distintas, pero conformadoras de un estilo que ... Read More","og_url":"http:\/\/vincentians.com\/es\/dejarse-evangelizar-por-los-pobres\/","og_site_name":"Somos Vicencianos","article_publisher":"https:\/\/www.facebook.com\/WeAreVincentians\/","article_author":"https:\/\/www.facebook.com\/JavierChento","article_published_time":"2021-10-15T06:40:41+00:00","og_image":[{"width":1600,"height":840,"url":"https:\/\/i0.wp.com\/vincentians.com\/es\/wp-content\/uploads\/sites\/11\/2016\/09\/revolucion-francesa.jpg?fit=1600%2C840","type":"image\/jpeg"}],"author":"Francisco Javier Fern\u00e1ndez Chento","twitter_card":"summary_large_image","twitter_creator":"@https:\/\/twitter.com\/javierchento","twitter_site":"@WeVincentians","twitter_misc":{"Escrito por":"Francisco Javier Fern\u00e1ndez Chento","Tiempo de lectura":"18 minutos"},"schema":{"@context":"https:\/\/schema.org","@graph":[{"@type":"Article","@id":"http:\/\/vincentians.com\/es\/dejarse-evangelizar-por-los-pobres\/#article","isPartOf":{"@id":"http:\/\/vincentians.com\/es\/dejarse-evangelizar-por-los-pobres\/"},"author":{"name":"Francisco Javier Fern\u00e1ndez Chento","@id":"http:\/\/vincentians.com\/es\/#\/schema\/person\/9623ef4d9aa3b2dfb8c061f1499288f2"},"headline":"Dejarse evangelizar por los pobres","datePublished":"2021-10-15T06:40:41+00:00","mainEntityOfPage":{"@id":"http:\/\/vincentians.com\/es\/dejarse-evangelizar-por-los-pobres\/"},"wordCount":4239,"commentCount":0,"publisher":{"@id":"http:\/\/vincentians.com\/es\/#organization"},"image":{"@id":"http:\/\/vincentians.com\/es\/dejarse-evangelizar-por-los-pobres\/#primaryimage"},"thumbnailUrl":"https:\/\/i0.wp.com\/vincentians.com\/es\/wp-content\/uploads\/sites\/11\/2016\/09\/revolucion-francesa.jpg?fit=1600%2C840","keywords":["Misioneros Seglares","Pobreza"],"articleSection":["Formaci\u00f3n Vicenciana","Misevi"],"inLanguage":"es","potentialAction":[{"@type":"CommentAction","name":"Comment","target":["http:\/\/vincentians.com\/es\/dejarse-evangelizar-por-los-pobres\/#respond"]}]},{"@type":"WebPage","@id":"http:\/\/vincentians.com\/es\/dejarse-evangelizar-por-los-pobres\/","url":"http:\/\/vincentians.com\/es\/dejarse-evangelizar-por-los-pobres\/","name":"Dejarse evangelizar por los pobres - Somos Vicencianos","isPartOf":{"@id":"http:\/\/vincentians.com\/es\/#website"},"primaryImageOfPage":{"@id":"http:\/\/vincentians.com\/es\/dejarse-evangelizar-por-los-pobres\/#primaryimage"},"image":{"@id":"http:\/\/vincentians.com\/es\/dejarse-evangelizar-por-los-pobres\/#primaryimage"},"thumbnailUrl":"https:\/\/i0.wp.com\/vincentians.com\/es\/wp-content\/uploads\/sites\/11\/2016\/09\/revolucion-francesa.jpg?fit=1600%2C840","datePublished":"2021-10-15T06:40:41+00:00","breadcrumb":{"@id":"http:\/\/vincentians.com\/es\/dejarse-evangelizar-por-los-pobres\/#breadcrumb"},"inLanguage":"es","potentialAction":[{"@type":"ReadAction","target":["http:\/\/vincentians.com\/es\/dejarse-evangelizar-por-los-pobres\/"]}]},{"@type":"ImageObject","inLanguage":"es","@id":"http:\/\/vincentians.com\/es\/dejarse-evangelizar-por-los-pobres\/#primaryimage","url":"https:\/\/i0.wp.com\/vincentians.com\/es\/wp-content\/uploads\/sites\/11\/2016\/09\/revolucion-francesa.jpg?fit=1600%2C840","contentUrl":"https:\/\/i0.wp.com\/vincentians.com\/es\/wp-content\/uploads\/sites\/11\/2016\/09\/revolucion-francesa.jpg?fit=1600%2C840","width":1600,"height":840},{"@type":"BreadcrumbList","@id":"http:\/\/vincentians.com\/es\/dejarse-evangelizar-por-los-pobres\/#breadcrumb","itemListElement":[{"@type":"ListItem","position":1,"name":"Portada","item":"http:\/\/vincentians.com\/es\/"},{"@type":"ListItem","position":2,"name":"Dejarse evangelizar por los pobres"}]},{"@type":"WebSite","@id":"http:\/\/vincentians.com\/es\/#website","url":"http:\/\/vincentians.com\/es\/","name":"Somos Vicencianos","description":"Know more to serve more","publisher":{"@id":"http:\/\/vincentians.com\/es\/#organization"},"potentialAction":[{"@type":"SearchAction","target":{"@type":"EntryPoint","urlTemplate":"http:\/\/vincentians.com\/es\/?s={search_term_string}"},"query-input":{"@type":"PropertyValueSpecification","valueRequired":true,"valueName":"search_term_string"}}],"inLanguage":"es"},{"@type":"Organization","@id":"http:\/\/vincentians.com\/es\/#organization","name":"The Vincentian Network","url":"http:\/\/vincentians.com\/es\/","logo":{"@type":"ImageObject","inLanguage":"es","@id":"http:\/\/vincentians.com\/es\/#\/schema\/logo\/image\/","url":"https:\/\/i1.wp.com\/vincentians.com\/es\/wp-content\/uploads\/sites\/11\/2016\/06\/Vincentian-Network-logo-big.png?fit=778%2C778","contentUrl":"https:\/\/i1.wp.com\/vincentians.com\/es\/wp-content\/uploads\/sites\/11\/2016\/06\/Vincentian-Network-logo-big.png?fit=778%2C778","width":778,"height":778,"caption":"The Vincentian Network"},"image":{"@id":"http:\/\/vincentians.com\/es\/#\/schema\/logo\/image\/"},"sameAs":["https:\/\/www.facebook.com\/WeAreVincentians\/","https:\/\/x.com\/WeVincentians"]},{"@type":"Person","@id":"http:\/\/vincentians.com\/es\/#\/schema\/person\/9623ef4d9aa3b2dfb8c061f1499288f2","name":"Francisco Javier Fern\u00e1ndez Chento","image":{"@type":"ImageObject","inLanguage":"es","@id":"http:\/\/vincentians.com\/es\/#\/schema\/person\/image\/","url":"https:\/\/secure.gravatar.com\/avatar\/497d5cde87b4c3d097d0315953521681ba2cd523ee66e5077c3711f7021e65de?s=96&d=mm&r=g","contentUrl":"https:\/\/secure.gravatar.com\/avatar\/497d5cde87b4c3d097d0315953521681ba2cd523ee66e5077c3711f7021e65de?s=96&d=mm&r=g","caption":"Francisco Javier Fern\u00e1ndez Chento"},"description":"Director General y cofundador de La Red de Formaci\u00f3n Vicenciana. Javier es laico vicenciano, afiliado a la Congregaci\u00f3n de la Misi\u00f3n y miembro del Equipo de Misiones Populares de la provincia can\u00f3nica de Zaragoza (Espa\u00f1a) de la Congregaci\u00f3n de la Misi\u00f3n. Graduado en la Universidad Oberta de Catalunya con cuatro grados (Asistente de direcci\u00f3n, Gesti\u00f3n Administrativa, Recursos Humanos y Contabilidad Avanzada). Bil\u00edng\u00fce Espa\u00f1ol\/Ingl\u00e9s. gestiona y mantiene varias p\u00e1ginas web cristianas y vicencianas, incluida including La Red de Formaci\u00f3n Vicenciana, de la que es cofundador. Actualmente es responsable del \u00e1rea de Espa\u00f1ol de .famvin, la Red de Noticias de la Familia Vicenciana. Tambi\u00e9n es m\u00fasico cat\u00f3lico y ha editado varios discos. Es Director General y cofundador de Trovador, una reconocida compa\u00f1\u00eda discogr\u00e1fica critiana de Espa\u00f1a. Trabaja en las Tecnolog\u00edas de la Informaci\u00f3n, ofreciendo servicios de alojamiento, dise\u00f1o y mantenimiento Web, as\u00ed como asesoramiento, formaci\u00f3n y soluciones inform\u00e1ticas, gesti\u00f3n documental y digitalizaci\u00f3n de textos, edici\u00f3n y maquetaci\u00f3n de libros, revistas, flyers, etc.","sameAs":["http:\/\/chento.org","https:\/\/www.facebook.com\/JavierChento","https:\/\/x.com\/https:\/\/twitter.com\/javierchento"],"url":"http:\/\/vincentians.com\/es\/author\/chento\/"}]}},"jetpack_publicize_connections":[],"jetpack_featured_media_url":"https:\/\/i0.wp.com\/vincentians.com\/es\/wp-content\/uploads\/sites\/11\/2016\/09\/revolucion-francesa.jpg?fit=1600%2C840","jetpack_sharing_enabled":true,"jetpack_shortlink":"https:\/\/wp.me\/p7ETMF-8G5","jetpack-related-posts":[{"id":140029,"url":"http:\/\/vincentians.com\/es\/aportes-vicencianos-a-la-nueva-evangelizacion-2\/","url_meta":{"origin":33361,"position":0},"title":"Aportes vicencianos a la Nueva Evangelizaci\u00f3n","author":"Francisco Javier Fern\u00e1ndez Chento","date":"19\/02\/2015","format":false,"excerpt":"Convocados por el Superior General, P. Gregory G. Gay, los misioneros de la Congregaci\u00f3n de la Misi\u00f3n celebrar\u00e1n su 42\u00aa Asamblea General, del 27 de junio al 15 de julio de 2016. El lema de la Asamblea se centra en la entra\u00f1a evangelizadora de nuestro ser y quehacer: \u201cDej\u00e9monos renovar\u2026","rel":"","context":"En \u00abEspiritualidad vicenciana\u00bb","block_context":{"text":"Espiritualidad vicenciana","link":"http:\/\/vincentians.com\/es\/category\/espiritualidad\/espiritualidad-vicenciana\/"},"img":{"alt_text":"OLYMPUS DIGITAL CAMERA","src":"https:\/\/i0.wp.com\/vicencianos.org\/wp-content\/2015\/02\/nueva-evangelizacion1-300x225.jpg?resize=350%2C200","width":350,"height":200},"classes":[]},{"id":128402,"url":"http:\/\/vincentians.com\/es\/aportes-vicencianos-a-la-nueva-evangelizacion\/","url_meta":{"origin":33361,"position":1},"title":"Aportes vicencianos a la nueva evangelizaci\u00f3n","author":"Francisco Javier Fern\u00e1ndez Chento","date":"15\/06\/2024","format":false,"excerpt":"Introducci\u00f3n Desde hace bastante tiempo, estamos oyendo, en la Congregaci\u00f3n de la Misi\u00f3n y en muchos c\u00edrculos de la Familia Vicenciana, dos cuestiones referentes al \"ser\" y al \"quehacer\" vicencianos. Por un lado, todos estamos plenamente de acuerdo en que el carisma, el \"ser\", la identidad, el sello caracter\u00edstico de\u2026","rel":"","context":"En \u00abFormaci\u00f3n Vicenciana\u00bb","block_context":{"text":"Formaci\u00f3n Vicenciana","link":"http:\/\/vincentians.com\/es\/category\/formacion-vicenciana\/"},"img":{"alt_text":"","src":"https:\/\/i0.wp.com\/vincentians.com\/es\/wp-content\/uploads\/sites\/11\/2016\/09\/enviados-evangelizar-pobres.jpg?fit=1200%2C630&resize=350%2C200","width":350,"height":200,"srcset":"https:\/\/i0.wp.com\/vincentians.com\/es\/wp-content\/uploads\/sites\/11\/2016\/09\/enviados-evangelizar-pobres.jpg?fit=1200%2C630&resize=350%2C200 1x, https:\/\/i0.wp.com\/vincentians.com\/es\/wp-content\/uploads\/sites\/11\/2016\/09\/enviados-evangelizar-pobres.jpg?fit=1200%2C630&resize=525%2C300 1.5x, https:\/\/i0.wp.com\/vincentians.com\/es\/wp-content\/uploads\/sites\/11\/2016\/09\/enviados-evangelizar-pobres.jpg?fit=1200%2C630&resize=700%2C400 2x, https:\/\/i0.wp.com\/vincentians.com\/es\/wp-content\/uploads\/sites\/11\/2016\/09\/enviados-evangelizar-pobres.jpg?fit=1200%2C630&resize=1050%2C600 3x"},"classes":[]},{"id":399992,"url":"http:\/\/vincentians.com\/es\/carisma-vicenciano-la-nueva-evangelizacion-algunas-claves-vicencianas-la-evangelizacion-actual\/","url_meta":{"origin":33361,"position":2},"title":"El Carisma Vicenciano y la Nueva Evangelizaci\u00f3n: algunas claves vicencianas para la evangelizaci\u00f3n actual","author":"Francisco Javier Fern\u00e1ndez Chento","date":"16\/09\/2016","format":false,"excerpt":"Punto de partida: Confrontaci\u00f3n entre el Ser y el Quehacer Con frecuencia, en nuestros encuentros, convivencias, reuniones, asambleas... nos planteamos dos cuestiones relativas al ser y al quehacer vicencianos. Partimos de dos percepciones: por un lado, todos estamos de acuerdo en que el carisma, el ser, la identidad, el sello\u2026","rel":"","context":"En \u00abFormaci\u00f3n Vicenciana\u00bb","block_context":{"text":"Formaci\u00f3n Vicenciana","link":"http:\/\/vincentians.com\/es\/category\/formacion-vicenciana\/"},"img":{"alt_text":"","src":"https:\/\/i0.wp.com\/vincentians.com\/es\/wp-content\/uploads\/sites\/11\/2016\/09\/enviados-evangelizar-pobres.jpg?fit=1200%2C630&resize=350%2C200","width":350,"height":200,"srcset":"https:\/\/i0.wp.com\/vincentians.com\/es\/wp-content\/uploads\/sites\/11\/2016\/09\/enviados-evangelizar-pobres.jpg?fit=1200%2C630&resize=350%2C200 1x, https:\/\/i0.wp.com\/vincentians.com\/es\/wp-content\/uploads\/sites\/11\/2016\/09\/enviados-evangelizar-pobres.jpg?fit=1200%2C630&resize=525%2C300 1.5x, https:\/\/i0.wp.com\/vincentians.com\/es\/wp-content\/uploads\/sites\/11\/2016\/09\/enviados-evangelizar-pobres.jpg?fit=1200%2C630&resize=700%2C400 2x, https:\/\/i0.wp.com\/vincentians.com\/es\/wp-content\/uploads\/sites\/11\/2016\/09\/enviados-evangelizar-pobres.jpg?fit=1200%2C630&resize=1050%2C600 3x"},"classes":[]},{"id":108324,"url":"http:\/\/vincentians.com\/es\/que-podemos-aportar-los-vicencianos-a-la-tarea-evangelizadora-de-la-iglesia\/","url_meta":{"origin":33361,"position":3},"title":"\u00bfQu\u00e9 podemos aportar los vicencianos a la tarea evangelizadora de la Iglesia?","author":"Francisco Javier Fern\u00e1ndez Chento","date":"29\/09\/2018","format":false,"excerpt":"De entrada, quiero dejar muy claro que \u00e9ste no es un art\u00edculo completo y acabado. Se trata, m\u00e1s bien, de una especie de esbozo, de borrador, de \"lluvia de ideas\". Y, evidentemente, se trata tambi\u00e9n de mi propia opini\u00f3n que no es ni mejor ni peor que otras opiniones. Por\u2026","rel":"","context":"En \u00abFormaci\u00f3n Vicenciana\u00bb","block_context":{"text":"Formaci\u00f3n Vicenciana","link":"http:\/\/vincentians.com\/es\/category\/formacion-vicenciana\/"},"img":{"alt_text":"","src":"https:\/\/i0.wp.com\/vincentians.com\/es\/wp-content\/uploads\/sites\/11\/2016\/07\/comnidad-vicenciana-para-la-mision.jpg?fit=1200%2C630&resize=350%2C200","width":350,"height":200,"srcset":"https:\/\/i0.wp.com\/vincentians.com\/es\/wp-content\/uploads\/sites\/11\/2016\/07\/comnidad-vicenciana-para-la-mision.jpg?fit=1200%2C630&resize=350%2C200 1x, https:\/\/i0.wp.com\/vincentians.com\/es\/wp-content\/uploads\/sites\/11\/2016\/07\/comnidad-vicenciana-para-la-mision.jpg?fit=1200%2C630&resize=525%2C300 1.5x, https:\/\/i0.wp.com\/vincentians.com\/es\/wp-content\/uploads\/sites\/11\/2016\/07\/comnidad-vicenciana-para-la-mision.jpg?fit=1200%2C630&resize=700%2C400 2x, https:\/\/i0.wp.com\/vincentians.com\/es\/wp-content\/uploads\/sites\/11\/2016\/07\/comnidad-vicenciana-para-la-mision.jpg?fit=1200%2C630&resize=1050%2C600 3x"},"classes":[]},{"id":140312,"url":"http:\/\/vincentians.com\/es\/espiritualidad-y-cambio-sistemico\/","url_meta":{"origin":33361,"position":4},"title":"Espiritualidad y cambio sist\u00e9mico","author":"Francisco Javier Fern\u00e1ndez Chento","date":"21\/02\/2015","format":false,"excerpt":"1.- M\u00e1s que una relaci\u00f3n, quisiera proponerles una breve meditaci\u00f3n... El objetivo de esta meditaci\u00f3n es redescubrir la dimensi\u00f3n espiritual contenida en la metodolog\u00eda del cambio sist\u00e9mico, que no es una estrategia de trabajo, sino una dimen\u00adsi\u00f3n espiritual, un acto de fe, que est\u00e1 en la base, si queremos vivirla\u2026","rel":"","context":"En \u00abCambio sist\u00e9mico\u00bb","block_context":{"text":"Cambio sist\u00e9mico","link":"http:\/\/vincentians.com\/es\/category\/formacion-vicenciana\/cambio-sistemico\/"},"img":{"alt_text":"manzanas_union","src":"https:\/\/i0.wp.com\/vicencianos.org\/wp-content\/2015\/02\/manzanas_union-244x300.jpg?resize=350%2C200","width":350,"height":200},"classes":[]},{"id":398644,"url":"http:\/\/vincentians.com\/es\/aportacion-del-carisma-vicenciano-la-mision-la-iglesia-8\/","url_meta":{"origin":33361,"position":5},"title":"Aportaci\u00f3n del carisma vicenciano a la Misi\u00f3n de la Iglesia (8)","author":"Francisco Javier Fern\u00e1ndez Chento","date":"11\/08\/2016","format":false,"excerpt":"8.- La Caridad, que anima la Misi\u00f3n. La Misi\u00f3n que se hace Caridad. En la sinagoga de Nazaret y a partir de un texto del profeta Isa\u00edas (El Esp\u00edritu del Se\u00f1or est\u00e1 sobre m\u00ed, porque \u00e9l me ha ungido; me ha enviado para dar la buena noticia a los pobres\u2026),\u2026","rel":"","context":"En \u00abFormaci\u00f3n Vicenciana\u00bb","block_context":{"text":"Formaci\u00f3n Vicenciana","link":"http:\/\/vincentians.com\/es\/category\/formacion-vicenciana\/"},"img":{"alt_text":"","src":"https:\/\/i0.wp.com\/vincentians.com\/es\/wp-content\/uploads\/sites\/11\/2016\/06\/contributions-charism.jpg?fit=1200%2C630&resize=350%2C200","width":350,"height":200,"srcset":"https:\/\/i0.wp.com\/vincentians.com\/es\/wp-content\/uploads\/sites\/11\/2016\/06\/contributions-charism.jpg?fit=1200%2C630&resize=350%2C200 1x, https:\/\/i0.wp.com\/vincentians.com\/es\/wp-content\/uploads\/sites\/11\/2016\/06\/contributions-charism.jpg?fit=1200%2C630&resize=525%2C300 1.5x, https:\/\/i0.wp.com\/vincentians.com\/es\/wp-content\/uploads\/sites\/11\/2016\/06\/contributions-charism.jpg?fit=1200%2C630&resize=700%2C400 2x, https:\/\/i0.wp.com\/vincentians.com\/es\/wp-content\/uploads\/sites\/11\/2016\/06\/contributions-charism.jpg?fit=1200%2C630&resize=1050%2C600 3x"},"classes":[]}],"_links":{"self":[{"href":"http:\/\/vincentians.com\/es\/wp-json\/wp\/v2\/posts\/33361","targetHints":{"allow":["GET"]}}],"collection":[{"href":"http:\/\/vincentians.com\/es\/wp-json\/wp\/v2\/posts"}],"about":[{"href":"http:\/\/vincentians.com\/es\/wp-json\/wp\/v2\/types\/post"}],"author":[{"embeddable":true,"href":"http:\/\/vincentians.com\/es\/wp-json\/wp\/v2\/users\/4"}],"replies":[{"embeddable":true,"href":"http:\/\/vincentians.com\/es\/wp-json\/wp\/v2\/comments?post=33361"}],"version-history":[{"count":1,"href":"http:\/\/vincentians.com\/es\/wp-json\/wp\/v2\/posts\/33361\/revisions"}],"predecessor-version":[{"id":403707,"href":"http:\/\/vincentians.com\/es\/wp-json\/wp\/v2\/posts\/33361\/revisions\/403707"}],"wp:featuredmedia":[{"embeddable":true,"href":"http:\/\/vincentians.com\/es\/wp-json\/wp\/v2\/media\/400001"}],"wp:attachment":[{"href":"http:\/\/vincentians.com\/es\/wp-json\/wp\/v2\/media?parent=33361"}],"wp:term":[{"taxonomy":"category","embeddable":true,"href":"http:\/\/vincentians.com\/es\/wp-json\/wp\/v2\/categories?post=33361"},{"taxonomy":"post_tag","embeddable":true,"href":"http:\/\/vincentians.com\/es\/wp-json\/wp\/v2\/tags?post=33361"}],"curies":[{"name":"wp","href":"https:\/\/api.w.org\/{rel}","templated":true}]}}