{"id":32943,"date":"2020-05-23T05:05:13","date_gmt":"2020-05-23T03:05:13","guid":{"rendered":"http:\/\/somos.vicencianos.org\/blog\/2011\/04\/introduccion-a-la-vida-devota-primera-parte-capitulo-14\/"},"modified":"2020-04-03T18:49:55","modified_gmt":"2020-04-03T16:49:55","slug":"introduccion-a-la-vida-devota-primera-parte-capitulo-14","status":"publish","type":"post","link":"http:\/\/vincentians.com\/es\/introduccion-a-la-vida-devota-primera-parte-capitulo-14\/","title":{"rendered":"Introducci\u00f3n a la vida devota. Primera parte, cap\u00edtulo 14"},"content":{"rendered":"<p><strong>CAP\u00cdTULO XIV: Meditaci\u00f3n 6\u00aa: DEL JUICIO<\/strong><\/p>\n<p><strong>PREPARACI\u00d3N.<\/strong><\/p>\n<p>1. Ponte en la presencia de Dios.<\/p>\n<p>2. P\u00eddele que te ilumine.<\/p>\n<p><strong>CONSIDERACIONES.<\/strong><\/p>\n<p>1. Finalmente, despu\u00e9s de transcurrido el tiempo se\u00f1alado por Dios a la duraci\u00f3n del mundo y despu\u00e9s de una serie de se\u00f1ales y presagios horribles, que har\u00e1n temblar a los hombres de espanto y de terror, el fuego, que caer\u00e1 como un diluvio, abrasar\u00e1 y reducir\u00e1 a cenizas toda la faz de la tierra, sin que ninguna de las cosas que vernos sobre ella llegue a escapar.<\/p>\n<p>2. Despu\u00e9s de este diluvio de llamas y rayos, todos los hombres saldr\u00e1n del seno de la tierra, excepci\u00f3n hecha de los que ya hubieren resucitado, y, a la voz de\u00a1Arc\u00e1ngel, comparecer\u00e1n en el valle de Josafat. \u00a1Mas, ay, con qu\u00e9 diferencia! Porque los unos estar\u00e1n all\u00ed con sus cuerpos gloriosos y resplandecientes y los otros con los cuerpos feos y espantosos.<\/p>\n<p>3. Considera la majestad, con la cual el soberano Juez aparecer\u00e1, rodeado de todos los \u00e1ngeles y santos, teniendo delante su cruz, m\u00e1s reluciente que el sol, ense\u00f1a de gracia para los buenos y de rigor para los malos.<\/p>\n<p>4. Este soberano Juez, por terrible mandato suyo, que ser\u00e1 enseguida ejecutado, separar\u00e1 a los buenos de los malos, poniendo a los unos a su derecha y a los otros a su izquierda; separaci\u00f3n eterna, despu\u00e9s de la cual los dos bandos no se encontrar\u00e1n jam\u00e1s.<\/p>\n<p>5. Hecha la separaci\u00f3n y abiertos los libros de las conciencias, quedar\u00e1 puesta de manifiesto, con toda claridad, la malicia de los malos y el desprecio de que habr\u00e1n hecho objeto a Dios; y, por otra parte, la penitencia de los buenos y los efectos de la gracia de Dios que, en vida, habr\u00e1n recibido y nada quedar\u00e1 oculto. \u00a1Oh Dios, qu\u00e9 confusi\u00f3n para los unos y qu\u00e9 consuelo para los otros!<\/p>\n<p>6. Considera la \u00faltima sentencia de los malos. \u00abId malditos al fuego eterno, preparado para el diablo y sus compa\u00f1eros\u00bb. Pondera estas palabras tan graves. \u00abId\u00bb, les dice. Es una palabra de abandono eterno, con que Dios deja a estos desgraciados y los aleja para siempre de su faz. Les llama \u00abmalditos \u00ab. \u00a1Oh alma m\u00eda, qu\u00e9 maldici\u00f3n! Maldici\u00f3n general, que abarca todos los males; maldici\u00f3n irrevocable, que comprende todos los tiempos y toda la eternidad. Y a\u00f1ade \u00abal fuego eterno\u00bb. Mira, \u00a1oh coraz\u00f3n m\u00edo! esta gran eternidad. \u00a1Oh eterna eternidad de las penas, qu\u00e9 espantosa eres!<\/p>\n<p>7. Considera la sentencia contraria de los buenos: \u00abVenid\u00bb, dice el Juez. \u00a1Ah!, es la agradable palabra de salvaci\u00f3n, por la que Dios nos atrae hacia s\u00ed y nos recibe en el seno de su bondad; \u00abbenditos de mi Padre\u00bb: \u00a1oh hermosa bendici\u00f3n, que encierra todas las bendiciones! \u00abtomad posesi\u00f3n del reino que ten\u00e9is preparado desde la creaci\u00f3n del mundo\u00bb. \u00a1Oh, Dios m\u00edo, qu\u00e9 gracia, porque este reino jam\u00e1s tendr\u00e1 fin!<\/p>\n<p><strong>AFECTOS Y RESOLUCIONES.<\/strong><\/p>\n<p>1. Tiembla, \u00a1oh alma m\u00eda!, ante este recuerdo. \u00bfQui\u00e9n podr\u00e1, \u00a1oh Dios m\u00edo!, darme seguridad para aquel d\u00eda, en el cual temblar\u00e1n de pavor las columnas del firmamento?<\/p>\n<p>2. Detesta tus pecados, pues s\u00f3lo ellos pueden perderte en aquel d\u00eda temible.<\/p>\n<p>3. \u00a1Ah!, quiero juzgarme a m\u00ed mismo ahora, para no ser juzgado despu\u00e9s. Quiero examinar mi conciencia y condenarme, acusarme y corregirme, para que el Juez no me condene e aquel d\u00eda terrible: me confesar\u00e9 y har\u00e9 caso de los avisos necesarios, etc.<\/p>\n<p><strong>CONCLUSI\u00d3N.<\/strong><\/p>\n<p>1. Da gracias a Dios, que te ha dado los medios de asegurarte para aquel d\u00eda, y tiempo para hacer penitencia.<\/p>\n<p>2. Ofr\u00e9cele tu coraz\u00f3n para hacerla.<\/p>\n<p>3. P\u00eddele que te d\u00e9 su gracia para llevarla a la pr\u00e1ctica.<\/p>\n<p>Padrenuestro, etc.<\/p>\n<p>Haz el ramillete espiritual.<\/p>\n<p>&nbsp;<\/p>\n","protected":false},"excerpt":{"rendered":"<p>CAP\u00cdTULO XIV: Meditaci\u00f3n 6\u00aa: DEL JUICIO PREPARACI\u00d3N. 1. Ponte en la presencia de Dios. 2. P\u00eddele que te ilumine. CONSIDERACIONES. 1. Finalmente, despu\u00e9s de transcurrido el tiempo se\u00f1alado por Dios a la duraci\u00f3n del mundo &#8230; <a href=\"http:\/\/vincentians.com\/es\/introduccion-a-la-vida-devota-primera-parte-capitulo-14\/\" class=\"more-link\">Read More<\/a><\/p>\n","protected":false},"author":4,"featured_media":398698,"comment_status":"open","ping_status":"open","sticky":false,"template":"","format":"standard","meta":{"rs_blank_template":"","rs_page_bg_color":"#ffffff","slide_template_v7":"","_jetpack_newsletter_access":"","_jetpack_dont_email_post_to_subs":false,"_jetpack_newsletter_tier_id":0,"_jetpack_memberships_contains_paywalled_content":false,"_jetpack_feature_clip_id":0,"_jetpack_memberships_contains_paid_content":false,"footnotes":"","jetpack_publicize_message":"","jetpack_publicize_feature_enabled":true,"jetpack_social_post_already_shared":true,"jetpack_social_options":{"image_generator_settings":{"template":"highway","default_image_id":0,"font":"","enabled":false},"version":2},"jetpack_post_was_ever_published":false},"categories":[272],"tags":[],"class_list":["post-32943","post","type-post","status-publish","format-standard","has-post-thumbnail","hentry","category-escritos-de-francisco-de-sales"],"yoast_head":"<!-- This site is optimized with the Yoast SEO plugin v27.9 - https:\/\/yoast.com\/product\/yoast-seo-wordpress\/ -->\n<title>Introducci\u00f3n a la vida devota. Primera parte, cap\u00edtulo 14 - Somos Vicencianos<\/title>\n<meta name=\"robots\" content=\"index, follow, max-snippet:-1, max-image-preview:large, max-video-preview:-1\" \/>\n<link rel=\"canonical\" href=\"http:\/\/vincentians.com\/es\/introduccion-a-la-vida-devota-primera-parte-capitulo-14\/\" \/>\n<meta property=\"og:locale\" content=\"es_ES\" \/>\n<meta property=\"og:type\" content=\"article\" \/>\n<meta property=\"og:title\" content=\"Introducci\u00f3n a la vida devota. Primera parte, cap\u00edtulo 14 - Somos Vicencianos\" \/>\n<meta property=\"og:description\" content=\"CAP\u00cdTULO XIV: Meditaci\u00f3n 6\u00aa: DEL JUICIO PREPARACI\u00d3N. 1. Ponte en la presencia de Dios. 2. P\u00eddele que te ilumine. CONSIDERACIONES. 1. Finalmente, despu\u00e9s de transcurrido el tiempo se\u00f1alado por Dios a la duraci\u00f3n del mundo ... Read More\" \/>\n<meta property=\"og:url\" content=\"http:\/\/vincentians.com\/es\/introduccion-a-la-vida-devota-primera-parte-capitulo-14\/\" \/>\n<meta property=\"og:site_name\" content=\"Somos Vicencianos\" \/>\n<meta property=\"article:publisher\" content=\"https:\/\/www.facebook.com\/WeAreVincentians\/\" \/>\n<meta property=\"article:author\" content=\"https:\/\/www.facebook.com\/JavierChento\" \/>\n<meta property=\"article:published_time\" content=\"2020-05-23T03:05:13+00:00\" \/>\n<meta property=\"og:image\" content=\"https:\/\/i0.wp.com\/vincentians.com\/es\/wp-content\/uploads\/sites\/11\/2016\/08\/escritos-francisco-de-sales.jpg?fit=1200%2C630\" \/>\n\t<meta property=\"og:image:width\" content=\"1200\" \/>\n\t<meta property=\"og:image:height\" content=\"630\" \/>\n\t<meta property=\"og:image:type\" content=\"image\/jpeg\" \/>\n<meta name=\"author\" content=\"Francisco Javier Fern\u00e1ndez Chento\" \/>\n<meta name=\"twitter:card\" content=\"summary_large_image\" \/>\n<meta name=\"twitter:creator\" content=\"@https:\/\/twitter.com\/javierchento\" \/>\n<meta name=\"twitter:site\" content=\"@WeVincentians\" \/>\n<meta name=\"twitter:label1\" content=\"Escrito por\" \/>\n\t<meta name=\"twitter:data1\" content=\"Francisco Javier Fern\u00e1ndez Chento\" \/>\n\t<meta name=\"twitter:label2\" content=\"Tiempo de lectura\" \/>\n\t<meta name=\"twitter:data2\" content=\"3 minutos\" \/>\n<script type=\"application\/ld+json\" class=\"yoast-schema-graph\">{\"@context\":\"https:\\\/\\\/schema.org\",\"@graph\":[{\"@type\":\"Article\",\"@id\":\"http:\\\/\\\/vincentians.com\\\/es\\\/introduccion-a-la-vida-devota-primera-parte-capitulo-14\\\/#article\",\"isPartOf\":{\"@id\":\"http:\\\/\\\/vincentians.com\\\/es\\\/introduccion-a-la-vida-devota-primera-parte-capitulo-14\\\/\"},\"author\":{\"name\":\"Francisco Javier Fern\u00e1ndez Chento\",\"@id\":\"https:\\\/\\\/vincentians.com\\\/es\\\/#\\\/schema\\\/person\\\/9623ef4d9aa3b2dfb8c061f1499288f2\"},\"headline\":\"Introducci\u00f3n a la vida devota. Primera parte, cap\u00edtulo 14\",\"datePublished\":\"2020-05-23T03:05:13+00:00\",\"mainEntityOfPage\":{\"@id\":\"http:\\\/\\\/vincentians.com\\\/es\\\/introduccion-a-la-vida-devota-primera-parte-capitulo-14\\\/\"},\"wordCount\":658,\"commentCount\":0,\"publisher\":{\"@id\":\"https:\\\/\\\/vincentians.com\\\/es\\\/#organization\"},\"image\":{\"@id\":\"http:\\\/\\\/vincentians.com\\\/es\\\/introduccion-a-la-vida-devota-primera-parte-capitulo-14\\\/#primaryimage\"},\"thumbnailUrl\":\"https:\\\/\\\/i0.wp.com\\\/vincentians.com\\\/es\\\/wp-content\\\/uploads\\\/sites\\\/11\\\/2016\\\/08\\\/escritos-francisco-de-sales.jpg?fit=1200%2C630\",\"articleSection\":[\"Escritos de Francisco de Sales\"],\"inLanguage\":\"es\",\"potentialAction\":[{\"@type\":\"CommentAction\",\"name\":\"Comment\",\"target\":[\"http:\\\/\\\/vincentians.com\\\/es\\\/introduccion-a-la-vida-devota-primera-parte-capitulo-14\\\/#respond\"]}]},{\"@type\":\"WebPage\",\"@id\":\"http:\\\/\\\/vincentians.com\\\/es\\\/introduccion-a-la-vida-devota-primera-parte-capitulo-14\\\/\",\"url\":\"http:\\\/\\\/vincentians.com\\\/es\\\/introduccion-a-la-vida-devota-primera-parte-capitulo-14\\\/\",\"name\":\"Introducci\u00f3n a la vida devota. Primera parte, cap\u00edtulo 14 - Somos Vicencianos\",\"isPartOf\":{\"@id\":\"https:\\\/\\\/vincentians.com\\\/es\\\/#website\"},\"primaryImageOfPage\":{\"@id\":\"http:\\\/\\\/vincentians.com\\\/es\\\/introduccion-a-la-vida-devota-primera-parte-capitulo-14\\\/#primaryimage\"},\"image\":{\"@id\":\"http:\\\/\\\/vincentians.com\\\/es\\\/introduccion-a-la-vida-devota-primera-parte-capitulo-14\\\/#primaryimage\"},\"thumbnailUrl\":\"https:\\\/\\\/i0.wp.com\\\/vincentians.com\\\/es\\\/wp-content\\\/uploads\\\/sites\\\/11\\\/2016\\\/08\\\/escritos-francisco-de-sales.jpg?fit=1200%2C630\",\"datePublished\":\"2020-05-23T03:05:13+00:00\",\"breadcrumb\":{\"@id\":\"http:\\\/\\\/vincentians.com\\\/es\\\/introduccion-a-la-vida-devota-primera-parte-capitulo-14\\\/#breadcrumb\"},\"inLanguage\":\"es\",\"potentialAction\":[{\"@type\":\"ReadAction\",\"target\":[\"http:\\\/\\\/vincentians.com\\\/es\\\/introduccion-a-la-vida-devota-primera-parte-capitulo-14\\\/\"]}]},{\"@type\":\"ImageObject\",\"inLanguage\":\"es\",\"@id\":\"http:\\\/\\\/vincentians.com\\\/es\\\/introduccion-a-la-vida-devota-primera-parte-capitulo-14\\\/#primaryimage\",\"url\":\"https:\\\/\\\/i0.wp.com\\\/vincentians.com\\\/es\\\/wp-content\\\/uploads\\\/sites\\\/11\\\/2016\\\/08\\\/escritos-francisco-de-sales.jpg?fit=1200%2C630\",\"contentUrl\":\"https:\\\/\\\/i0.wp.com\\\/vincentians.com\\\/es\\\/wp-content\\\/uploads\\\/sites\\\/11\\\/2016\\\/08\\\/escritos-francisco-de-sales.jpg?fit=1200%2C630\",\"width\":1200,\"height\":630},{\"@type\":\"BreadcrumbList\",\"@id\":\"http:\\\/\\\/vincentians.com\\\/es\\\/introduccion-a-la-vida-devota-primera-parte-capitulo-14\\\/#breadcrumb\",\"itemListElement\":[{\"@type\":\"ListItem\",\"position\":1,\"name\":\"Portada\",\"item\":\"https:\\\/\\\/vincentians.com\\\/es\\\/\"},{\"@type\":\"ListItem\",\"position\":2,\"name\":\"Introducci\u00f3n a la vida devota. Primera parte, cap\u00edtulo 14\"}]},{\"@type\":\"WebSite\",\"@id\":\"https:\\\/\\\/vincentians.com\\\/es\\\/#website\",\"url\":\"https:\\\/\\\/vincentians.com\\\/es\\\/\",\"name\":\"Somos Vicencianos\",\"description\":\"Know more to serve more\",\"publisher\":{\"@id\":\"https:\\\/\\\/vincentians.com\\\/es\\\/#organization\"},\"potentialAction\":[{\"@type\":\"SearchAction\",\"target\":{\"@type\":\"EntryPoint\",\"urlTemplate\":\"https:\\\/\\\/vincentians.com\\\/es\\\/?s={search_term_string}\"},\"query-input\":{\"@type\":\"PropertyValueSpecification\",\"valueRequired\":true,\"valueName\":\"search_term_string\"}}],\"inLanguage\":\"es\"},{\"@type\":\"Organization\",\"@id\":\"https:\\\/\\\/vincentians.com\\\/es\\\/#organization\",\"name\":\"The Vincentian Network\",\"url\":\"https:\\\/\\\/vincentians.com\\\/es\\\/\",\"logo\":{\"@type\":\"ImageObject\",\"inLanguage\":\"es\",\"@id\":\"https:\\\/\\\/vincentians.com\\\/es\\\/#\\\/schema\\\/logo\\\/image\\\/\",\"url\":\"https:\\\/\\\/i1.wp.com\\\/vincentians.com\\\/es\\\/wp-content\\\/uploads\\\/sites\\\/11\\\/2016\\\/06\\\/Vincentian-Network-logo-big.png?fit=778%2C778\",\"contentUrl\":\"https:\\\/\\\/i1.wp.com\\\/vincentians.com\\\/es\\\/wp-content\\\/uploads\\\/sites\\\/11\\\/2016\\\/06\\\/Vincentian-Network-logo-big.png?fit=778%2C778\",\"width\":778,\"height\":778,\"caption\":\"The Vincentian Network\"},\"image\":{\"@id\":\"https:\\\/\\\/vincentians.com\\\/es\\\/#\\\/schema\\\/logo\\\/image\\\/\"},\"sameAs\":[\"https:\\\/\\\/www.facebook.com\\\/WeAreVincentians\\\/\",\"https:\\\/\\\/x.com\\\/WeVincentians\"]},{\"@type\":\"Person\",\"@id\":\"https:\\\/\\\/vincentians.com\\\/es\\\/#\\\/schema\\\/person\\\/9623ef4d9aa3b2dfb8c061f1499288f2\",\"name\":\"Francisco Javier Fern\u00e1ndez Chento\",\"image\":{\"@type\":\"ImageObject\",\"inLanguage\":\"es\",\"@id\":\"https:\\\/\\\/secure.gravatar.com\\\/avatar\\\/497d5cde87b4c3d097d0315953521681ba2cd523ee66e5077c3711f7021e65de?s=96&d=mm&r=g\",\"url\":\"https:\\\/\\\/secure.gravatar.com\\\/avatar\\\/497d5cde87b4c3d097d0315953521681ba2cd523ee66e5077c3711f7021e65de?s=96&d=mm&r=g\",\"contentUrl\":\"https:\\\/\\\/secure.gravatar.com\\\/avatar\\\/497d5cde87b4c3d097d0315953521681ba2cd523ee66e5077c3711f7021e65de?s=96&d=mm&r=g\",\"caption\":\"Francisco Javier Fern\u00e1ndez Chento\"},\"description\":\"Director General y cofundador de La Red de Formaci\u00f3n Vicenciana. Javier es laico vicenciano, afiliado a la Congregaci\u00f3n de la Misi\u00f3n y miembro del Equipo de Misiones Populares de la provincia can\u00f3nica de Zaragoza (Espa\u00f1a) de la Congregaci\u00f3n de la Misi\u00f3n. Graduado en la Universidad Oberta de Catalunya con cuatro grados (Asistente de direcci\u00f3n, Gesti\u00f3n Administrativa, Recursos Humanos y Contabilidad Avanzada). Bil\u00edng\u00fce Espa\u00f1ol\\\/Ingl\u00e9s. gestiona y mantiene varias p\u00e1ginas web cristianas y vicencianas, incluida including La Red de Formaci\u00f3n Vicenciana, de la que es cofundador. Actualmente es responsable del \u00e1rea de Espa\u00f1ol de .famvin, la Red de Noticias de la Familia Vicenciana. Tambi\u00e9n es m\u00fasico cat\u00f3lico y ha editado varios discos. Es Director General y cofundador de Trovador, una reconocida compa\u00f1\u00eda discogr\u00e1fica critiana de Espa\u00f1a. Trabaja en las Tecnolog\u00edas de la Informaci\u00f3n, ofreciendo servicios de alojamiento, dise\u00f1o y mantenimiento Web, as\u00ed como asesoramiento, formaci\u00f3n y soluciones inform\u00e1ticas, gesti\u00f3n documental y digitalizaci\u00f3n de textos, edici\u00f3n y maquetaci\u00f3n de libros, revistas, flyers, etc.\",\"sameAs\":[\"http:\\\/\\\/chento.org\",\"https:\\\/\\\/www.facebook.com\\\/JavierChento\",\"https:\\\/\\\/x.com\\\/https:\\\/\\\/twitter.com\\\/javierchento\"],\"url\":\"http:\\\/\\\/vincentians.com\\\/es\\\/author\\\/chento\\\/\"}]}<\/script>\n<!-- \/ Yoast SEO plugin. -->","yoast_head_json":{"title":"Introducci\u00f3n a la vida devota. Primera parte, cap\u00edtulo 14 - Somos Vicencianos","robots":{"index":"index","follow":"follow","max-snippet":"max-snippet:-1","max-image-preview":"max-image-preview:large","max-video-preview":"max-video-preview:-1"},"canonical":"http:\/\/vincentians.com\/es\/introduccion-a-la-vida-devota-primera-parte-capitulo-14\/","og_locale":"es_ES","og_type":"article","og_title":"Introducci\u00f3n a la vida devota. Primera parte, cap\u00edtulo 14 - Somos Vicencianos","og_description":"CAP\u00cdTULO XIV: Meditaci\u00f3n 6\u00aa: DEL JUICIO PREPARACI\u00d3N. 1. Ponte en la presencia de Dios. 2. P\u00eddele que te ilumine. CONSIDERACIONES. 1. Finalmente, despu\u00e9s de transcurrido el tiempo se\u00f1alado por Dios a la duraci\u00f3n del mundo ... Read More","og_url":"http:\/\/vincentians.com\/es\/introduccion-a-la-vida-devota-primera-parte-capitulo-14\/","og_site_name":"Somos Vicencianos","article_publisher":"https:\/\/www.facebook.com\/WeAreVincentians\/","article_author":"https:\/\/www.facebook.com\/JavierChento","article_published_time":"2020-05-23T03:05:13+00:00","og_image":[{"width":1200,"height":630,"url":"https:\/\/i0.wp.com\/vincentians.com\/es\/wp-content\/uploads\/sites\/11\/2016\/08\/escritos-francisco-de-sales.jpg?fit=1200%2C630","type":"image\/jpeg"}],"author":"Francisco Javier Fern\u00e1ndez Chento","twitter_card":"summary_large_image","twitter_creator":"@https:\/\/twitter.com\/javierchento","twitter_site":"@WeVincentians","twitter_misc":{"Escrito por":"Francisco Javier Fern\u00e1ndez Chento","Tiempo de lectura":"3 minutos"},"schema":{"@context":"https:\/\/schema.org","@graph":[{"@type":"Article","@id":"http:\/\/vincentians.com\/es\/introduccion-a-la-vida-devota-primera-parte-capitulo-14\/#article","isPartOf":{"@id":"http:\/\/vincentians.com\/es\/introduccion-a-la-vida-devota-primera-parte-capitulo-14\/"},"author":{"name":"Francisco Javier Fern\u00e1ndez Chento","@id":"https:\/\/vincentians.com\/es\/#\/schema\/person\/9623ef4d9aa3b2dfb8c061f1499288f2"},"headline":"Introducci\u00f3n a la vida devota. Primera parte, cap\u00edtulo 14","datePublished":"2020-05-23T03:05:13+00:00","mainEntityOfPage":{"@id":"http:\/\/vincentians.com\/es\/introduccion-a-la-vida-devota-primera-parte-capitulo-14\/"},"wordCount":658,"commentCount":0,"publisher":{"@id":"https:\/\/vincentians.com\/es\/#organization"},"image":{"@id":"http:\/\/vincentians.com\/es\/introduccion-a-la-vida-devota-primera-parte-capitulo-14\/#primaryimage"},"thumbnailUrl":"https:\/\/i0.wp.com\/vincentians.com\/es\/wp-content\/uploads\/sites\/11\/2016\/08\/escritos-francisco-de-sales.jpg?fit=1200%2C630","articleSection":["Escritos de Francisco de Sales"],"inLanguage":"es","potentialAction":[{"@type":"CommentAction","name":"Comment","target":["http:\/\/vincentians.com\/es\/introduccion-a-la-vida-devota-primera-parte-capitulo-14\/#respond"]}]},{"@type":"WebPage","@id":"http:\/\/vincentians.com\/es\/introduccion-a-la-vida-devota-primera-parte-capitulo-14\/","url":"http:\/\/vincentians.com\/es\/introduccion-a-la-vida-devota-primera-parte-capitulo-14\/","name":"Introducci\u00f3n a la vida devota. Primera parte, cap\u00edtulo 14 - Somos Vicencianos","isPartOf":{"@id":"https:\/\/vincentians.com\/es\/#website"},"primaryImageOfPage":{"@id":"http:\/\/vincentians.com\/es\/introduccion-a-la-vida-devota-primera-parte-capitulo-14\/#primaryimage"},"image":{"@id":"http:\/\/vincentians.com\/es\/introduccion-a-la-vida-devota-primera-parte-capitulo-14\/#primaryimage"},"thumbnailUrl":"https:\/\/i0.wp.com\/vincentians.com\/es\/wp-content\/uploads\/sites\/11\/2016\/08\/escritos-francisco-de-sales.jpg?fit=1200%2C630","datePublished":"2020-05-23T03:05:13+00:00","breadcrumb":{"@id":"http:\/\/vincentians.com\/es\/introduccion-a-la-vida-devota-primera-parte-capitulo-14\/#breadcrumb"},"inLanguage":"es","potentialAction":[{"@type":"ReadAction","target":["http:\/\/vincentians.com\/es\/introduccion-a-la-vida-devota-primera-parte-capitulo-14\/"]}]},{"@type":"ImageObject","inLanguage":"es","@id":"http:\/\/vincentians.com\/es\/introduccion-a-la-vida-devota-primera-parte-capitulo-14\/#primaryimage","url":"https:\/\/i0.wp.com\/vincentians.com\/es\/wp-content\/uploads\/sites\/11\/2016\/08\/escritos-francisco-de-sales.jpg?fit=1200%2C630","contentUrl":"https:\/\/i0.wp.com\/vincentians.com\/es\/wp-content\/uploads\/sites\/11\/2016\/08\/escritos-francisco-de-sales.jpg?fit=1200%2C630","width":1200,"height":630},{"@type":"BreadcrumbList","@id":"http:\/\/vincentians.com\/es\/introduccion-a-la-vida-devota-primera-parte-capitulo-14\/#breadcrumb","itemListElement":[{"@type":"ListItem","position":1,"name":"Portada","item":"https:\/\/vincentians.com\/es\/"},{"@type":"ListItem","position":2,"name":"Introducci\u00f3n a la vida devota. Primera parte, cap\u00edtulo 14"}]},{"@type":"WebSite","@id":"https:\/\/vincentians.com\/es\/#website","url":"https:\/\/vincentians.com\/es\/","name":"Somos Vicencianos","description":"Know more to serve more","publisher":{"@id":"https:\/\/vincentians.com\/es\/#organization"},"potentialAction":[{"@type":"SearchAction","target":{"@type":"EntryPoint","urlTemplate":"https:\/\/vincentians.com\/es\/?s={search_term_string}"},"query-input":{"@type":"PropertyValueSpecification","valueRequired":true,"valueName":"search_term_string"}}],"inLanguage":"es"},{"@type":"Organization","@id":"https:\/\/vincentians.com\/es\/#organization","name":"The Vincentian Network","url":"https:\/\/vincentians.com\/es\/","logo":{"@type":"ImageObject","inLanguage":"es","@id":"https:\/\/vincentians.com\/es\/#\/schema\/logo\/image\/","url":"https:\/\/i1.wp.com\/vincentians.com\/es\/wp-content\/uploads\/sites\/11\/2016\/06\/Vincentian-Network-logo-big.png?fit=778%2C778","contentUrl":"https:\/\/i1.wp.com\/vincentians.com\/es\/wp-content\/uploads\/sites\/11\/2016\/06\/Vincentian-Network-logo-big.png?fit=778%2C778","width":778,"height":778,"caption":"The Vincentian Network"},"image":{"@id":"https:\/\/vincentians.com\/es\/#\/schema\/logo\/image\/"},"sameAs":["https:\/\/www.facebook.com\/WeAreVincentians\/","https:\/\/x.com\/WeVincentians"]},{"@type":"Person","@id":"https:\/\/vincentians.com\/es\/#\/schema\/person\/9623ef4d9aa3b2dfb8c061f1499288f2","name":"Francisco Javier Fern\u00e1ndez Chento","image":{"@type":"ImageObject","inLanguage":"es","@id":"https:\/\/secure.gravatar.com\/avatar\/497d5cde87b4c3d097d0315953521681ba2cd523ee66e5077c3711f7021e65de?s=96&d=mm&r=g","url":"https:\/\/secure.gravatar.com\/avatar\/497d5cde87b4c3d097d0315953521681ba2cd523ee66e5077c3711f7021e65de?s=96&d=mm&r=g","contentUrl":"https:\/\/secure.gravatar.com\/avatar\/497d5cde87b4c3d097d0315953521681ba2cd523ee66e5077c3711f7021e65de?s=96&d=mm&r=g","caption":"Francisco Javier Fern\u00e1ndez Chento"},"description":"Director General y cofundador de La Red de Formaci\u00f3n Vicenciana. Javier es laico vicenciano, afiliado a la Congregaci\u00f3n de la Misi\u00f3n y miembro del Equipo de Misiones Populares de la provincia can\u00f3nica de Zaragoza (Espa\u00f1a) de la Congregaci\u00f3n de la Misi\u00f3n. Graduado en la Universidad Oberta de Catalunya con cuatro grados (Asistente de direcci\u00f3n, Gesti\u00f3n Administrativa, Recursos Humanos y Contabilidad Avanzada). Bil\u00edng\u00fce Espa\u00f1ol\/Ingl\u00e9s. gestiona y mantiene varias p\u00e1ginas web cristianas y vicencianas, incluida including La Red de Formaci\u00f3n Vicenciana, de la que es cofundador. Actualmente es responsable del \u00e1rea de Espa\u00f1ol de .famvin, la Red de Noticias de la Familia Vicenciana. Tambi\u00e9n es m\u00fasico cat\u00f3lico y ha editado varios discos. Es Director General y cofundador de Trovador, una reconocida compa\u00f1\u00eda discogr\u00e1fica critiana de Espa\u00f1a. Trabaja en las Tecnolog\u00edas de la Informaci\u00f3n, ofreciendo servicios de alojamiento, dise\u00f1o y mantenimiento Web, as\u00ed como asesoramiento, formaci\u00f3n y soluciones inform\u00e1ticas, gesti\u00f3n documental y digitalizaci\u00f3n de textos, edici\u00f3n y maquetaci\u00f3n de libros, revistas, flyers, etc.","sameAs":["http:\/\/chento.org","https:\/\/www.facebook.com\/JavierChento","https:\/\/x.com\/https:\/\/twitter.com\/javierchento"],"url":"http:\/\/vincentians.com\/es\/author\/chento\/"}]}},"jetpack_publicize_connections":[],"jetpack_featured_media_url":"https:\/\/i0.wp.com\/vincentians.com\/es\/wp-content\/uploads\/sites\/11\/2016\/08\/escritos-francisco-de-sales.jpg?fit=1200%2C630","jetpack_sharing_enabled":true,"jetpack_shortlink":"https:\/\/wp.me\/p7ETMF-8zl","jetpack-related-posts":[{"id":135013,"url":"http:\/\/vincentians.com\/es\/el-genesis\/","url_meta":{"origin":32943,"position":0},"title":"El G\u00e9nesis","author":"Francisco Javier Fern\u00e1ndez Chento","date":"17\/01\/2015","format":false,"excerpt":"Introducci\u00f3n \"Como sabemos, las Sagradas Escrituras son el testimonio escrito de la Palabra de Dios, el memorial can\u00f3nico que certifica el acontecimiento de la Revelaci\u00f3n. La Palabra de Dios, por lo tanto, precede y excede la Biblia. Es por esta raz\u00f3n que nuestra fe no tiene en el centro s\u00f3lo\u2026","rel":"","context":"En \u00abFormaci\u00f3n Cristiana\u00bb","block_context":{"text":"Formaci\u00f3n Cristiana","link":"http:\/\/vincentians.com\/es\/category\/formacion-cristiana\/"},"img":{"alt_text":"creacion1","src":"https:\/\/i0.wp.com\/vicencianos.org\/wp-content\/2015\/01\/creacion1.jpg?resize=350%2C200","width":350,"height":200},"classes":[]},{"id":125378,"url":"http:\/\/vincentians.com\/es\/lumen-fidei-capitulo-4-y-final\/","url_meta":{"origin":32943,"position":1},"title":"Lumen Fidei (Cap\u00edtulo 4 y final)","author":"Francisco Javier Fern\u00e1ndez Chento","date":"19\/11\/2013","format":false,"excerpt":"\u00a0 Cap\u00edtulo cuarto: Dios prepara una ciudad para ellos (cf. Hb 11,16) Fe y bien com\u00fan 50. Al presentar la historia de los patriarcas y de los justos del Antiguo Testamento, la Carta a los Hebreos pone de relieve un aspecto esencial de su fe. La fe no s\u00f3lo se\u2026","rel":"","context":"En \u00abDocumentos Pontificios\u00bb","block_context":{"text":"Documentos Pontificios","link":"http:\/\/vincentians.com\/es\/category\/formacion-cristiana\/documentos-pontificios\/"},"img":{"alt_text":"Lumen-fidei","src":"https:\/\/i0.wp.com\/vicencianos.org\/wp-content\/2013\/11\/Lumen-fidei-300x300.jpg?resize=350%2C200","width":350,"height":200},"classes":[]},{"id":116599,"url":"http:\/\/vincentians.com\/es\/dei-verbum\/","url_meta":{"origin":32943,"position":2},"title":"Dei Verbum","author":"Francisco Javier Fern\u00e1ndez Chento","date":"18\/10\/2018","format":false,"excerpt":"Comentario a \"Dei Verbum\" Autor: Jos\u00e9 Miguel Arr\u00e1iz La Dei Verbum o Constituci\u00f3n dogm\u00e1tica de la divina revelaci\u00f3n es otro de los documentos fundamentales del Concilio Vaticano II. Su valor doctrinal fue objeto de una notificaci\u00f3n el 15 de Noviembre de 1965 que reitera una dada el a\u00f1o anterior el\u2026","rel":"","context":"En \u00abConcilio Vaticano II\u00bb","block_context":{"text":"Concilio Vaticano II","link":"http:\/\/vincentians.com\/es\/category\/formacion-cristiana\/concilios-ecumenicos\/concilio-vaticano-ii\/"},"img":{"alt_text":"","src":"https:\/\/i0.wp.com\/vincentians.com\/es\/wp-content\/uploads\/sites\/11\/2016\/09\/sencillos-como-palomas.jpg?fit=1200%2C630&resize=350%2C200","width":350,"height":200,"srcset":"https:\/\/i0.wp.com\/vincentians.com\/es\/wp-content\/uploads\/sites\/11\/2016\/09\/sencillos-como-palomas.jpg?fit=1200%2C630&resize=350%2C200 1x, https:\/\/i0.wp.com\/vincentians.com\/es\/wp-content\/uploads\/sites\/11\/2016\/09\/sencillos-como-palomas.jpg?fit=1200%2C630&resize=525%2C300 1.5x, https:\/\/i0.wp.com\/vincentians.com\/es\/wp-content\/uploads\/sites\/11\/2016\/09\/sencillos-como-palomas.jpg?fit=1200%2C630&resize=700%2C400 2x, https:\/\/i0.wp.com\/vincentians.com\/es\/wp-content\/uploads\/sites\/11\/2016\/09\/sencillos-como-palomas.jpg?fit=1200%2C630&resize=1050%2C600 3x"},"classes":[]},{"id":116286,"url":"http:\/\/vincentians.com\/es\/apostolicam-actuositatem\/","url_meta":{"origin":32943,"position":3},"title":"Apostolicam Actuositatem","author":"Francisco Javier Fern\u00e1ndez Chento","date":"16\/12\/2012","format":false,"excerpt":"DECRETO APOSTOLICAM ACTUOSITATEM SOBRE EL APOSTOLADO DE LOS LAICOS Proemio 1. Queriendo intensificar m\u00e1s la actividad apost\u00f3lica del Pueblo de Dios, el Santo Concilio se dirige sol\u00edcitamente a los cristianos seglares, cuyo papel propio y enteramente necesario en la misi\u00f3n de la Iglesia ya ha mencionado en otros lugares. Porque\u2026","rel":"","context":"En \u00abConcilio Vaticano II\u00bb","block_context":{"text":"Concilio Vaticano II","link":"http:\/\/vincentians.com\/es\/category\/formacion-cristiana\/concilios-ecumenicos\/concilio-vaticano-ii\/"},"img":{"alt_text":"","src":"","width":0,"height":0},"classes":[]},{"id":121661,"url":"http:\/\/vincentians.com\/es\/san-vicente-de-paul-y-los-gondi-capitulo-18-y-ultimo\/","url_meta":{"origin":32943,"position":4},"title":"San Vicente de Pa\u00fal y los Gondi: Cap\u00edtulo 18 y \u00faltimo","author":"Francisco Javier Fern\u00e1ndez Chento","date":"21\/08\/2024","format":false,"excerpt":"Cap\u00edtulo XVIII: Ep\u00edlogo Regreso del cardenal de Retz a Commercy. - Su dimisi\u00f3n del arzobispado de Par\u00eds a cambio de la abad\u00eda de Saint-Denis. - El Se\u00f1or de Marca, su sucesor. - Muerte del P. de Gondi. - Regreso a Par\u00eds del cardenal de Retz. Su hubi\u00e9ramos tenido que consultar\u2026","rel":"","context":"En \u00abVicente de Pa\u00fal\u00bb","block_context":{"text":"Vicente de Pa\u00fal","link":"http:\/\/vincentians.com\/es\/category\/la-familia-vicenciana\/fundadores\/vicente-de-paul\/"},"img":{"alt_text":"","src":"https:\/\/i0.wp.com\/vincentians.com\/es\/wp-content\/uploads\/sites\/11\/2023\/08\/aaaf.jpg?fit=1200%2C827&resize=350%2C200","width":350,"height":200,"srcset":"https:\/\/i0.wp.com\/vincentians.com\/es\/wp-content\/uploads\/sites\/11\/2023\/08\/aaaf.jpg?fit=1200%2C827&resize=350%2C200 1x, https:\/\/i0.wp.com\/vincentians.com\/es\/wp-content\/uploads\/sites\/11\/2023\/08\/aaaf.jpg?fit=1200%2C827&resize=525%2C300 1.5x, https:\/\/i0.wp.com\/vincentians.com\/es\/wp-content\/uploads\/sites\/11\/2023\/08\/aaaf.jpg?fit=1200%2C827&resize=700%2C400 2x, https:\/\/i0.wp.com\/vincentians.com\/es\/wp-content\/uploads\/sites\/11\/2023\/08\/aaaf.jpg?fit=1200%2C827&resize=1050%2C600 3x"},"classes":[]},{"id":107880,"url":"http:\/\/vincentians.com\/es\/san-vicente-de-paul-su-vida-su-tiempo-sus-obras-su-influencia-libro-6-capitulo-4-a-2\/","url_meta":{"origin":32943,"position":5},"title":"San Vicente de Pa\u00fal. Su vida, su tiempo; sus obras, su influencia. Libro 6, cap\u00edtulo 4 (a)","author":"Francisco Javier Fern\u00e1ndez Chento","date":"23\/01\/2015","format":false,"excerpt":"Cap\u00edtulo IV: Misiones extranjeras Art\u00edculo Primero: Misi\u00f3n de Madagascar. I. La Isla de Madagascar. Madagascar, el C\u00edrculo de Plinio,\u00a0 la Menuthias de Tolomeo fue probablemente visitada por lo \u00e1rabes de los siglos VII y, hacia el IX, por los Chinos o Malasios, y por los Persas, de donde le viene\u2026","rel":"","context":"En \u00abVicente de Pa\u00fal\u00bb","block_context":{"text":"Vicente de Pa\u00fal","link":"http:\/\/vincentians.com\/es\/category\/la-familia-vicenciana\/fundadores\/vicente-de-paul\/"},"img":{"alt_text":"","src":"","width":0,"height":0},"classes":[]}],"_links":{"self":[{"href":"http:\/\/vincentians.com\/es\/wp-json\/wp\/v2\/posts\/32943","targetHints":{"allow":["GET"]}}],"collection":[{"href":"http:\/\/vincentians.com\/es\/wp-json\/wp\/v2\/posts"}],"about":[{"href":"http:\/\/vincentians.com\/es\/wp-json\/wp\/v2\/types\/post"}],"author":[{"embeddable":true,"href":"http:\/\/vincentians.com\/es\/wp-json\/wp\/v2\/users\/4"}],"replies":[{"embeddable":true,"href":"http:\/\/vincentians.com\/es\/wp-json\/wp\/v2\/comments?post=32943"}],"version-history":[{"count":1,"href":"http:\/\/vincentians.com\/es\/wp-json\/wp\/v2\/posts\/32943\/revisions"}],"predecessor-version":[{"id":402890,"href":"http:\/\/vincentians.com\/es\/wp-json\/wp\/v2\/posts\/32943\/revisions\/402890"}],"wp:featuredmedia":[{"embeddable":true,"href":"http:\/\/vincentians.com\/es\/wp-json\/wp\/v2\/media\/398698"}],"wp:attachment":[{"href":"http:\/\/vincentians.com\/es\/wp-json\/wp\/v2\/media?parent=32943"}],"wp:term":[{"taxonomy":"category","embeddable":true,"href":"http:\/\/vincentians.com\/es\/wp-json\/wp\/v2\/categories?post=32943"},{"taxonomy":"post_tag","embeddable":true,"href":"http:\/\/vincentians.com\/es\/wp-json\/wp\/v2\/tags?post=32943"}],"curies":[{"name":"wp","href":"https:\/\/api.w.org\/{rel}","templated":true}]}}