{"id":32881,"date":"2014-05-02T08:28:07","date_gmt":"2014-05-02T06:28:07","guid":{"rendered":"http:\/\/somos.vicencianos.org\/blog\/2011\/04\/espiritualidad-vicenciana-catequesis\/"},"modified":"2014-05-02T08:28:07","modified_gmt":"2014-05-02T06:28:07","slug":"espiritualidad-vicenciana-catequesis","status":"publish","type":"post","link":"http:\/\/vincentians.com\/es\/espiritualidad-vicenciana-catequesis\/","title":{"rendered":"Espiritualidad vicenciana: Catequesis"},"content":{"rendered":"<p><a href=\"https:\/\/i0.wp.com\/vicencianos.org\/wp-content\/2011\/04\/catequesis_adultos.jpg\"><img data-recalc-dims=\"1\" loading=\"lazy\" decoding=\"async\" class=\"alignright size-medium wp-image-32882\" title=\"catequesis_adultos\" alt=\"\" src=\"https:\/\/i0.wp.com\/vicencianos.org\/wp-content\/2011\/04\/catequesis_adultos-286x300.jpg?resize=286%2C300\" width=\"286\" height=\"300\" \/><\/a>Las misiones populares vicencianas forman parte principal de las llamadas \u00abmisiones cate\u00adqu\u00edsticas\u00bb que surgen en Francia durante el siglo XVII. A estas misiones, frente a otros tipos de mi\u00adsi\u00f3n sacramentalista, penitencial o de controver\u00adsia con los protestantes, se las identifica porque est\u00e1n orientadas a la alfabetizaci\u00f3n cristiana y a la conversi\u00f3n religiosa de las masas cat\u00f3licas, centrando su atenci\u00f3n en la catequesis o, debe\u00adr\u00edamos decir mejor, en el catecismo.<\/p>\n<p>La explicaci\u00f3n del catecismo es el centro de la acci\u00f3n misionera, ya que el objetivo \u00faltimo de la misi\u00f3n vicenciana es cristianizar a los campe\u00adsinos por medio de la instrucci\u00f3n religiosa, lle\u00adgando as\u00ed al conocimiento de las verdades de la fe (cf. IV, 46; XI, 55-57; XI, 323-324. 387). Con la instrucci\u00f3n en las verdades religiosas y morales se pretende una reforma moral de la poblaci\u00f3n, hacerla volver a la vida de la gracia y encaminar\u00adla hacia la salvaci\u00f3n eterna.<span id='easy-footnote-1-32881' class='easy-footnote-margin-adjust'><\/span><span class='easy-footnote'><a href='http:\/\/vincentians.com\/es\/espiritualidad-vicenciana-catequesis\/#easy-footnote-bottom-1-32881' title='Cfr. C. RICCARDI, La missione popolare nel pensiero di San&amp;#8217; Vincenzo, en Annali delta Missione, 71 (1964) 3-4, 213.'><sup>1<\/sup><\/a><\/span>\n<p>La misi\u00f3n vicenciana tiene su origen en una situaci\u00f3n de abandono espiritual y material de los pobres del campo y en la experiencia social y re\u00adligiosa vivida por san Vicente, para quien <em>\u00abel po\u00adbre pueblo se condena por no saber las cosas necesarias para la salvaci\u00f3n y no confesarse\u00bb <\/em>(I, 176). De las palabras de san Vicente puede de\u00adducirse su inter\u00e9s y preocupaci\u00f3n apasionada por la salvaci\u00f3n de los pobres, la prioridad de la en\u00adse\u00f1anza de las verdades al pobre corporalmente y en cualquier ocasi\u00f3n que se presente (cfr. I, 176- 177, 182; XI, 56-57. 266-267. 317).<\/p>\n<p>La preocupaci\u00f3n por la catequesis, converti\u00adda a veces en angustia, depende del concepto de salvaci\u00f3n que tiene la teolog\u00eda de la \u00e9poca, seg\u00fan la cual el desconocimiento de las verdades de la fe es causa de condenaci\u00f3n.<span id='easy-footnote-2-32881' class='easy-footnote-margin-adjust'><\/span><span class='easy-footnote'><a href='http:\/\/vincentians.com\/es\/espiritualidad-vicenciana-catequesis\/#easy-footnote-bottom-2-32881' title='Cfr, J. M.,IB\u00c1\u00d1EZ, Vicente de Pa\u00fal y los pobres de su tiempo, Salamanca, S\u00edgueme, 1977, pp. 310-311; J. C. DHO\u00adTEL, Les origines du Cat\u00e9chisme moderne d&amp;#8217;apr\u00e9s les pre\u00admiers manuels imprimes en France, Paris, Aubier Editions Montaigne, 1967, pp. 160, 164.'><sup>2<\/sup><\/a><\/span> La misi\u00f3n vicen\u00adciana entra en esta din\u00e1mica y surge para re\u00admediar la ignorancia religiosa, causa de conde\u00adnaci\u00f3n, que se da entre los pobres, especialmente los campesinos. La misi\u00f3n aporta al esfuerzo re\u00adformador del s. XVII por normalizar la instrucci\u00f3n cristiana el llegar con la instrucci\u00f3n a las masas m\u00e1s abandonadas y el preparar predicadores que sepan catequizarlas.<\/p>\n<p>Para san Vicente el pueblo tiene m\u00e1s necesi\u00addad del catecismo, y se aprovecha m\u00e1s de \u00e9l, que de las predicaciones (VI, 358). El santo pare\u00adce intransigente cuando se trata del catecismo en las misiones y lo es por la finalidad para la que ha nacido la Misi\u00f3n y por la raz\u00f3n de hacerse las misiones (ib.). La catequesis, el catecismo, es lo principal en las misiones, porque, con palabras de san Vicente, <em>\u00abtodo el mundo est\u00e1 de acuerdo en que el fruto que se realiza en la misi\u00f3n se debe al catecismo\u00bb <\/em>(I, 441; cfr. X, 391).<\/p>\n<p>Incluso aconseja suspender la predicaci\u00f3n y tener s\u00f3lo los dos catecismos o uno solo si fue\u00adra necesario (cf. I, 273-274). No se puede dejar el catecismo por la predicaci\u00f3n. La pastoral de la catequesis es el m\u00e9todo preferido de san Vicen\u00adte para evangelizar a los campesinos e insiste en que tambi\u00e9n a los sermones se les d\u00e9 un matiz catequ\u00edstico en su estilo, contenidos fundamen\u00adtales, lenguaje sencillo y familiar.<\/p>\n<p>En los or\u00edgenes de las misiones vicencianas se dedicaba dos momentos diarios al catecismo:<\/p>\n<p>&#8211; \u00abel peque\u00f1o catecismo\u00bb: se ten\u00eda hacia las dos de la tarde y estaba orientado a la instrucci\u00f3n de los ni\u00f1os. La metodolog\u00eda, propia de todo ca\u00adtecismo, de preguntas y respuestas, era muy fa\u00admiliar y al alcance del p\u00fablico infantil. El misionero-catequista no se sube al p\u00falpito, sino que est\u00e1 y se mueve entre los ni\u00f1os. El contenido se distri\u00adbuye en diez temas, que correspond\u00edan a diez d\u00ed\u00adas de misi\u00f3n, en caso de que \u00e9sta fuese corta: creaci\u00f3n y fin del hombre; el cristiano; la fe; el mis\u00adterio de la Sant\u00edsima Trinidad; el misterio de la En\u00adcarnaci\u00f3n; vida y pasi\u00f3n de Nuestro Se\u00f1or; resu\u00adrrecci\u00f3n y ascensi\u00f3n de Nuestro Se\u00f1or; el juicio universal; repetici\u00f3n de los misterios y breve ex\u00adplicaci\u00f3n de los art\u00edculos del S\u00edmbolo; los cinco \u00fal\u00adtimos art\u00edculos del S\u00edmbolo.<span id='easy-footnote-3-32881' class='easy-footnote-margin-adjust'><\/span><span class='easy-footnote'><a href='http:\/\/vincentians.com\/es\/espiritualidad-vicenciana-catequesis\/#easy-footnote-bottom-3-32881' title='Para los contenidos de los dos Catecismos hemos tenido en cuenta a J. GUICHARD, &lt;em&gt;Saint Vincent de Paul, ca\u00adtechiste, &lt;\/em&gt;Paris, Rue de Sevres, 96 (s. a. l, en &lt;em&gt;Cahiers cate\u00adchistiques ( &lt;\/em&gt;1938\/19391 61\/64, 172-190\/257-278 .'><sup>3<\/sup><\/a><\/span>\n<p>Ya en la Asamblea de 1651 \u00ab<em>fue opini\u00f3n com\u00fan que, exceptuando a las misiones muy importantes, ser\u00eda conveniente recortar el cate\u00adcismo de por la tarde, que podr\u00eda hacerse al atar\u00addecer, o solo -meciendo en \u00e9l algunas ense\u00f1an\u00adzas morales- o junto con el catecismo mayor, durante un cuarto de hora, sin subir al p\u00falpito y que, en ese caso, el que dirigiese el catecismo mayor no hablase m\u00e1s que durante media hora<\/em>\u00bb (X, 391; cfr. X, 407-408). As\u00ed comenz\u00f3 a quitarse el peque\u00f1o catecismo y a relegarlo a la \u00abDoctri\u00adna\u00bb que posteriormente se hac\u00eda antes del Ser\u00adm\u00f3n. Bien es verdad que la catequesis de ni\u00f1os ha sido una tarea que no han desatendido las mi\u00adsiones, cuidando siempre los temarios y las me\u00adtodolog\u00edas apropiadas para ellos.<\/p>\n<p>&#8211; \u00abel catecismo mayor\u00bb: se hac\u00eda por la tarde, terminando con \u00e9l la jornada misional. Dirigido a todos los fieles, era el momento central de la mi\u00adsi\u00f3n. Desde el p\u00falpito, para una mayor comodi\u00addad de los oyentes, seg\u00fan Abelly, el misionero resume lo que se hab\u00eda dicho en el catecismo anterior, sobre el que interroga a los ni\u00f1os durante un cuarto de hora; despu\u00e9s explica el tema que debe tratar, sacando al final algunas aplicaciones morales y algunos frutos, para la instrucci\u00f3n y la edificaci\u00f3n de los oyentes.<span id='easy-footnote-4-32881' class='easy-footnote-margin-adjust'><\/span><span class='easy-footnote'><a href='http:\/\/vincentians.com\/es\/espiritualidad-vicenciana-catequesis\/#easy-footnote-bottom-4-32881' title='Cf. L. ABELLY, La vie du venerable Serviteur de Dieu, Vincent de Paul, instituteur et Premier Superieur General de la Congr\u00e9gation de la Mission, Paris, Florentin Lambed, 1664, II, p. 13 ; P. COSTE, El gran Santo del gran sigla. El se\u00f1or Vicente, CEME, Salamanca 1990-1992, III, p. 24.'><sup>4<\/sup><\/a><\/span> Esta metodolog\u00eda ca\u00adtequ\u00edstica fue una novedad en la ense\u00f1anza del catecismo: preguntas a los ni\u00f1os, catecismo a los adultos y exhortaci\u00f3n final con aplicaciones mo\u00adrales para la vida cristiana. Esta metodolog\u00eda vi\u00adcenciana fue adoptada despu\u00e9s por la mayor\u00eda de los misioneros de la \u00e9poca (cf. J. DHOTEL, o. c., 229.).<\/p>\n<p>El contenido, entresacado del \u00abSegundo Ca\u00adtecismo para las misiones\u00bb, es m\u00e1s corto y al mismo tiempo m\u00e1s pr\u00e1ctico que el anterior. Com\u00adprende los misterios de la Sant\u00edsima Trinidad, de la Encarnaci\u00f3n, del Sant\u00edsimo Sacramento; la ora\u00adci\u00f3n; los mandamientos; los sacramentos; la ma\u00adnera de confesarse. Se trata de una s\u00edntesis de la vida cristiana: lo que hay que saber, lo que hay que hacer y los medios para conseguirlo.<\/p>\n<p>Posteriormente, y hasta la \u00e9poca del Vatica\u00adno II, la catequesis a los adultos pas\u00f3 a darse en las funciones misionales llamadas \u00abPl\u00e1tica\u00bb y \u00abDoctrina\u00bb.<\/p>\n<p>&#8211; La Pl\u00e1tica: predicaci\u00f3n que se hac\u00eda por la ma\u00f1ana, mientras se dec\u00eda la misa. Aunque en algunos momentos pareci\u00f3 una funci\u00f3n de re\u00adlleno y se redujo a dar una serie de instrucciones a las personas piadosas que asist\u00edan a misa so\u00adbre la vida de piedad, el modo de o\u00edr bien la mi\u00adsa, la frecuencia de los sacramentos, etc., la Pl\u00e1\u00adtica conten\u00eda algo de Serm\u00f3n y algo de Doctrina, de ah\u00ed su discurso instructivo y moralizante. La Pl\u00e1tica trata los mandamientos de la Ley de Dios y de la Iglesia, no como medio de preparaci\u00f3n pa\u00adra la confesi\u00f3n, cosa que hace el doctrinero a la tarde, sino para instruir a los fieles, muy al por\u00ad menor, sobre sus deberes de cristianos, de su estado y de sus oficio.<span id='easy-footnote-5-32881' class='easy-footnote-margin-adjust'><\/span><span class='easy-footnote'><a href='http:\/\/vincentians.com\/es\/espiritualidad-vicenciana-catequesis\/#easy-footnote-bottom-5-32881' title='Cf. E. ESCRIBANO, &lt;em&gt;Manual de! Misionero, &lt;\/em&gt;Madrid, Edi\u00adtorial \u00abLa Milagrosa\u00bb, 1943, I, p. 38 Hermandad Misione\u00adra de San Vicente de Pa\u00fal (ed.), &lt;em&gt;Manual del Misionero, &lt;\/em&gt;Ma\u00addrid, Editorial \u00abLa Milagrosa\u00bb, 1963, J, p. 154'><sup>5<\/sup><\/a><\/span> El contenido de las Pl\u00e1ti\u00adcas est\u00e1 expuesto en clave moralista y se orien\u00adta a la vida y costumbres de las personas que es\u00adcuchan.<\/p>\n<p>Se da una ense\u00f1anza detallada y minuciosa, acentuando, en algunos casos de forma exage\u00adrada, el aspecto del castigo a quienes no cumplen con los mandamientos.<\/p>\n<p>&#8211; La Doctrina: correspond\u00eda a lo que en tiem\u00adpos de san Vicente era el Catecismo Mayor, pe\u00adro con el tiempo fue reduci\u00e9ndose y centr\u00e1ndose s\u00f3lo en el sacramento de la penitencia. Es una charla instructiva que prepara para hacer una bue\u00adna confesi\u00f3n general. La Doctrina se hac\u00eda in\u00admediatamente antes del Serm\u00f3n de la noche y se consideraba como un g\u00e9nero menor (cfr. ESCRI\u00adBANO, <em>o. c., <\/em>36; Hermandad Misionera <em>o. c., <\/em>151- 152). Estamos lejos de la importancia que san Vicente dio a esta funci\u00f3n. La confesi\u00f3n es el te\u00adma estelar de la Doctrina, y podemos decir tam\u00adbi\u00e9n que de las misiones. La experiencia de las misiones atestigua que para la mayor\u00eda de los mi\u00adsionados la confesi\u00f3n general era necesaria. Esto hace que entre las preocupaciones del doc\u00adtrinero est\u00e9 el lograr que todos hagan una buena confesi\u00f3n general. El contenido de la Doctrina gira en torno a este eje central: la confesi\u00f3n: su comprensi\u00f3n, las condiciones, las excusas que se ponen, la verg\u00fcenza\u2026 Adem\u00e1s de la catequesis so\u00adbre la confesi\u00f3n, el doctrinero deb\u00eda ayudar a ha\u00adcer bien el examen de conciencia, preparar a los fieles a realizar una buena confesi\u00f3n. Dentro de la seriedad y profundidad del tema, el doctrinero se sirve de metodolog\u00edas catequ\u00edsticas que hagan asi\u00admilable el mensaje que transmite: exposici\u00f3n cla\u00adra, preguntas, ejemplos b\u00edblicos e historias, a ve\u00adces humor\u00edsticas, que no hagan pesado el propio examen, cumpliendo la norma de que \u00abla doctrina ha de tener un tono familiar y amable, pero nunca chabacano. Se le puede dar una nota graciosa, sin pasar a la bufonada. Como est\u00e1 orientada a la con\u00adfesi\u00f3n y \u00e9sta siempre cuesta, el doctrinero ha de extremar el cari\u00f1o a las almas\u00bb.<span id='easy-footnote-6-32881' class='easy-footnote-margin-adjust'><\/span><span class='easy-footnote'><a href='http:\/\/vincentians.com\/es\/espiritualidad-vicenciana-catequesis\/#easy-footnote-bottom-6-32881' title='AA. W., Breviario de Predicaci\u00f3n Misionera com\u00adpuesto por varios Misioneros de la Provincia de Madrid con ocasi\u00f3n de la Misi\u00f3n de Valencia (1948), Madrid, Editorial \u00abLa Milagrosa\u00bb, 1948, I, p. 8.'><sup>6<\/sup><\/a><\/span>\n<p>En la actualidad la catequesis ocupa un lugar central en las misiones. Sigue resonando todav\u00eda la ignorancia religiosa, presente en nuestro tiem\u00adpo, con el agravante del desconcierto que crea el pluralismo religioso, el sincretismo y la p\u00e9rdida de verdades y valores absolutos. Las diversas me\u00adtodolog\u00edas de misiones coinciden en hacer la ca\u00adtequesis por grupos coet\u00e1neos: ni\u00f1os, adoles\u00adcentes, j\u00f3venes, adultos, matrimonios, tercera edad. En todos ellos, la metodolog\u00eda parte de su experiencia, que es iluminada desde la Palabra, y tiende a la transformaci\u00f3n de la vida. En todos ellos se pretende seguir un itinerario que parte de la vida, se juzga desde la fe y vuelve a la vida. Me\u00adrece resaltarse, en este esfuerzo por educar la fe hoy, la novedad de las Comunidades de Caridad, Comunidades Familiares o Grupos de Encuentro, en los que las verdades de la fe, la experiencia cristiana y las vivencias humanas se hacen di\u00e1logo compartido en grupos que se re\u00fanen en las ca\u00adsas, siguiendo en su metodolog\u00eda el proceso ca\u00adtequ\u00e9tico.<\/p>\n<p>La diversidad de m\u00e9todos, grupos y temarios hace imposible un estudio detallado en este lu\u00adgar. Pero hay una coincidencia con la intuici\u00f3n y experiencia de san Vicente: el fruto que se reali\u00adza en la misi\u00f3n se debe a la catequesis.<\/p>\n<p><strong>BIBLIOGRAFIA:<\/strong><\/p>\n<p><em>Breviario de Predicaci\u00f3n Misionera, <\/em>compuesto por varios Misioneros de la Provincia de Ma\u00addrid con ocasi\u00f3n de la Misi\u00f3n de Valencia (1948), . Madrid, Editorial \u00abLa Milagrosa\u00bb, 1948.- P. COSTE, <em>Le Brand saint du gran si\u00e9\u00adcte. Monsieur Vincent, <\/em>3 vol., Paris, Descl\u00e9e de Brouwer et Cie., 1932. Versi\u00f3n castellana, <em>El gran Santo del gran siglo. El se\u00f1or Vicen\u00adte, <\/em>3 VOL CEME, Salamanca 1990-1992.- J. C. DHOTEL, <em>Les origines du Cat\u00e9chisme moder\u00adne d&#8217;apr\u00e9s les premiers manuefs imprim\u00e9s en France, <\/em>(=Th\u00e9ologie, 71), Paris, Aubier Edi\u00adtions Montaigne, 1967.- J. GUlCHARD, <em>Saint Vincent de Paul, cat\u00e9chiste, <\/em>Paris, Rue de S\u00e9v\u00adres, 95 (s. a.) (publicado en <em>Cahiers cat\u00e9chis\u00adtiques <\/em>(1938\/1939)61-64, 172-190, 257-278).- E. ESCRIBANO, <em>Predicaci\u00f3n Misionera, Doctrinas de la Santa Misi\u00f3n. Litografiadas en la Casa-noviciado de la Congregaci\u00f3n de la Misi\u00f3n, siendo Visitador de ella D. Ram\u00f3n Sanz. Ma\u00addrid, A\u00f1o1865, <\/em>01, Madrid, Editorial \u00abLa Mi\u00adlagrosa\u00bb, 1941.- ID., <em>Predicaci\u00f3n Misionera. Pl\u00e1ticas de la Santa Misi\u00f3n. por el Sr. Buena\u00adventura Codina obispo de Canarias Sacerdo\u00adte que fue de la Congregaci\u00f3n de la Misi\u00f3n, fundada por san Vicente de Pa\u00fal t. 11 <\/em>I. Madrid, Editorial \u00abLa Milagrosa\u00bb, 1942.-ID., <em>Manual del Misionero, t. <\/em>I, Madrid, Editorial \u00abLa Milagro\u00adsa\u00bb, 1943.- HERMANDAD MISIONERA DE SAN VI\u00adCENTE DE PA\u00daL (ed.), <em>Manual del Misionero, tt. <\/em>1-IV, Madrid, Editorial \u00abLa Milagrosa\u00bb, 1964.- J. ME IB\u00c1\u00d1EZ, <em>Vicente de Paul y los pobres de su tiempo, <\/em>Salamanca, S\u00edgueme, 1977.- Vv., <em>Misiones vicencianas y evangelizaci\u00f3n del hombre de hoy <\/em>(=Evangelizare, 23), Sala\u00admanca, CEME, 1987.- Vv., <em>Vicente de Pa\u00fal y la catequesis (=Evangelizare, <\/em>11), Salamanca, CEME, 1979.<\/p>\n","protected":false},"excerpt":{"rendered":"<p>Las misiones populares vicencianas forman parte principal de las llamadas \u00abmisiones cate\u00adqu\u00edsticas\u00bb que surgen en Francia durante el siglo XVII. A estas misiones, frente a otros tipos de mi\u00adsi\u00f3n sacramentalista, penitencial o de controver\u00adsia con &#8230; <a href=\"http:\/\/vincentians.com\/es\/espiritualidad-vicenciana-catequesis\/\" class=\"more-link\">Read More<\/a><\/p>\n","protected":false},"author":4,"featured_media":388395,"comment_status":"open","ping_status":"open","sticky":false,"template":"","format":"standard","meta":{"jetpack_post_was_ever_published":false,"_jetpack_newsletter_access":"","_jetpack_dont_email_post_to_subs":false,"_jetpack_newsletter_tier_id":0,"_jetpack_memberships_contains_paywalled_content":false,"_jetpack_memberships_contains_paid_content":false,"footnotes":"","jetpack_publicize_message":"","jetpack_publicize_feature_enabled":true,"jetpack_social_post_already_shared":true,"jetpack_social_options":{"image_generator_settings":{"template":"highway","default_image_id":0,"font":"","enabled":false},"version":2}},"categories":[226],"tags":[218,176],"class_list":["post-32881","post","type-post","status-publish","format-standard","has-post-thumbnail","hentry","category-espiritualidad-vicenciana","tag-abelly","tag-misiones-populares"],"yoast_head":"<!-- This site is optimized with the Yoast SEO plugin v26.3 - https:\/\/yoast.com\/wordpress\/plugins\/seo\/ -->\n<title>Espiritualidad vicenciana: Catequesis - Somos Vicencianos<\/title>\n<meta name=\"robots\" content=\"index, follow, max-snippet:-1, max-image-preview:large, max-video-preview:-1\" \/>\n<link rel=\"canonical\" href=\"http:\/\/vincentians.com\/es\/espiritualidad-vicenciana-catequesis\/\" \/>\n<meta property=\"og:locale\" content=\"es_ES\" \/>\n<meta property=\"og:type\" content=\"article\" \/>\n<meta property=\"og:title\" content=\"Espiritualidad vicenciana: Catequesis - Somos Vicencianos\" \/>\n<meta property=\"og:description\" content=\"Las misiones populares vicencianas forman parte principal de las llamadas \u00abmisiones cate\u00adqu\u00edsticas\u00bb que surgen en Francia durante el siglo XVII. A estas misiones, frente a otros tipos de mi\u00adsi\u00f3n sacramentalista, penitencial o de controver\u00adsia con ... Read More\" \/>\n<meta property=\"og:url\" content=\"http:\/\/vincentians.com\/es\/espiritualidad-vicenciana-catequesis\/\" \/>\n<meta property=\"og:site_name\" content=\"Somos Vicencianos\" \/>\n<meta property=\"article:publisher\" content=\"https:\/\/www.facebook.com\/WeAreVincentians\/\" \/>\n<meta property=\"article:author\" content=\"https:\/\/www.facebook.com\/JavierChento\" \/>\n<meta property=\"article:published_time\" content=\"2014-05-02T06:28:07+00:00\" \/>\n<meta property=\"og:image\" content=\"https:\/\/i0.wp.com\/vincentians.com\/es\/wp-content\/uploads\/sites\/11\/2016\/07\/espiritualidad-vicenciana.jpg?fit=1200%2C630\" \/>\n\t<meta property=\"og:image:width\" content=\"1200\" \/>\n\t<meta property=\"og:image:height\" content=\"630\" \/>\n\t<meta property=\"og:image:type\" content=\"image\/jpeg\" \/>\n<meta name=\"author\" content=\"Francisco Javier Fern\u00e1ndez Chento\" \/>\n<meta name=\"twitter:card\" content=\"summary_large_image\" \/>\n<meta name=\"twitter:creator\" content=\"@https:\/\/twitter.com\/javierchento\" \/>\n<meta name=\"twitter:site\" content=\"@WeVincentians\" \/>\n<meta name=\"twitter:label1\" content=\"Escrito por\" \/>\n\t<meta name=\"twitter:data1\" content=\"Francisco Javier Fern\u00e1ndez Chento\" \/>\n\t<meta name=\"twitter:label2\" content=\"Tiempo de lectura\" \/>\n\t<meta name=\"twitter:data2\" content=\"12 minutos\" \/>\n<script type=\"application\/ld+json\" class=\"yoast-schema-graph\">{\"@context\":\"https:\/\/schema.org\",\"@graph\":[{\"@type\":\"Article\",\"@id\":\"http:\/\/vincentians.com\/es\/espiritualidad-vicenciana-catequesis\/#article\",\"isPartOf\":{\"@id\":\"http:\/\/vincentians.com\/es\/espiritualidad-vicenciana-catequesis\/\"},\"author\":{\"name\":\"Francisco Javier Fern\u00e1ndez Chento\",\"@id\":\"https:\/\/vincentians.com\/es\/#\/schema\/person\/9623ef4d9aa3b2dfb8c061f1499288f2\"},\"headline\":\"Espiritualidad vicenciana: Catequesis\",\"datePublished\":\"2014-05-02T06:28:07+00:00\",\"mainEntityOfPage\":{\"@id\":\"http:\/\/vincentians.com\/es\/espiritualidad-vicenciana-catequesis\/\"},\"wordCount\":2398,\"commentCount\":0,\"publisher\":{\"@id\":\"https:\/\/vincentians.com\/es\/#organization\"},\"image\":{\"@id\":\"http:\/\/vincentians.com\/es\/espiritualidad-vicenciana-catequesis\/#primaryimage\"},\"thumbnailUrl\":\"https:\/\/i0.wp.com\/vincentians.com\/es\/wp-content\/uploads\/sites\/11\/2016\/07\/espiritualidad-vicenciana.jpg?fit=1200%2C630\",\"keywords\":[\"Abelly\",\"Misiones Populares\"],\"articleSection\":[\"Espiritualidad vicenciana\"],\"inLanguage\":\"es\",\"potentialAction\":[{\"@type\":\"CommentAction\",\"name\":\"Comment\",\"target\":[\"http:\/\/vincentians.com\/es\/espiritualidad-vicenciana-catequesis\/#respond\"]}]},{\"@type\":\"WebPage\",\"@id\":\"http:\/\/vincentians.com\/es\/espiritualidad-vicenciana-catequesis\/\",\"url\":\"http:\/\/vincentians.com\/es\/espiritualidad-vicenciana-catequesis\/\",\"name\":\"Espiritualidad vicenciana: Catequesis - Somos Vicencianos\",\"isPartOf\":{\"@id\":\"https:\/\/vincentians.com\/es\/#website\"},\"primaryImageOfPage\":{\"@id\":\"http:\/\/vincentians.com\/es\/espiritualidad-vicenciana-catequesis\/#primaryimage\"},\"image\":{\"@id\":\"http:\/\/vincentians.com\/es\/espiritualidad-vicenciana-catequesis\/#primaryimage\"},\"thumbnailUrl\":\"https:\/\/i0.wp.com\/vincentians.com\/es\/wp-content\/uploads\/sites\/11\/2016\/07\/espiritualidad-vicenciana.jpg?fit=1200%2C630\",\"datePublished\":\"2014-05-02T06:28:07+00:00\",\"breadcrumb\":{\"@id\":\"http:\/\/vincentians.com\/es\/espiritualidad-vicenciana-catequesis\/#breadcrumb\"},\"inLanguage\":\"es\",\"potentialAction\":[{\"@type\":\"ReadAction\",\"target\":[\"http:\/\/vincentians.com\/es\/espiritualidad-vicenciana-catequesis\/\"]}]},{\"@type\":\"ImageObject\",\"inLanguage\":\"es\",\"@id\":\"http:\/\/vincentians.com\/es\/espiritualidad-vicenciana-catequesis\/#primaryimage\",\"url\":\"https:\/\/i0.wp.com\/vincentians.com\/es\/wp-content\/uploads\/sites\/11\/2016\/07\/espiritualidad-vicenciana.jpg?fit=1200%2C630\",\"contentUrl\":\"https:\/\/i0.wp.com\/vincentians.com\/es\/wp-content\/uploads\/sites\/11\/2016\/07\/espiritualidad-vicenciana.jpg?fit=1200%2C630\",\"width\":1200,\"height\":630},{\"@type\":\"BreadcrumbList\",\"@id\":\"http:\/\/vincentians.com\/es\/espiritualidad-vicenciana-catequesis\/#breadcrumb\",\"itemListElement\":[{\"@type\":\"ListItem\",\"position\":1,\"name\":\"Portada\",\"item\":\"https:\/\/vincentians.com\/es\/\"},{\"@type\":\"ListItem\",\"position\":2,\"name\":\"Espiritualidad vicenciana: Catequesis\"}]},{\"@type\":\"WebSite\",\"@id\":\"https:\/\/vincentians.com\/es\/#website\",\"url\":\"https:\/\/vincentians.com\/es\/\",\"name\":\"Somos Vicencianos\",\"description\":\"Know more to serve more\",\"publisher\":{\"@id\":\"https:\/\/vincentians.com\/es\/#organization\"},\"potentialAction\":[{\"@type\":\"SearchAction\",\"target\":{\"@type\":\"EntryPoint\",\"urlTemplate\":\"https:\/\/vincentians.com\/es\/?s={search_term_string}\"},\"query-input\":{\"@type\":\"PropertyValueSpecification\",\"valueRequired\":true,\"valueName\":\"search_term_string\"}}],\"inLanguage\":\"es\"},{\"@type\":\"Organization\",\"@id\":\"https:\/\/vincentians.com\/es\/#organization\",\"name\":\"The Vincentian Network\",\"url\":\"https:\/\/vincentians.com\/es\/\",\"logo\":{\"@type\":\"ImageObject\",\"inLanguage\":\"es\",\"@id\":\"https:\/\/vincentians.com\/es\/#\/schema\/logo\/image\/\",\"url\":\"https:\/\/i1.wp.com\/vincentians.com\/es\/wp-content\/uploads\/sites\/11\/2016\/06\/Vincentian-Network-logo-big.png?fit=778%2C778\",\"contentUrl\":\"https:\/\/i1.wp.com\/vincentians.com\/es\/wp-content\/uploads\/sites\/11\/2016\/06\/Vincentian-Network-logo-big.png?fit=778%2C778\",\"width\":778,\"height\":778,\"caption\":\"The Vincentian Network\"},\"image\":{\"@id\":\"https:\/\/vincentians.com\/es\/#\/schema\/logo\/image\/\"},\"sameAs\":[\"https:\/\/www.facebook.com\/WeAreVincentians\/\",\"https:\/\/x.com\/WeVincentians\"]},{\"@type\":\"Person\",\"@id\":\"https:\/\/vincentians.com\/es\/#\/schema\/person\/9623ef4d9aa3b2dfb8c061f1499288f2\",\"name\":\"Francisco Javier Fern\u00e1ndez Chento\",\"image\":{\"@type\":\"ImageObject\",\"inLanguage\":\"es\",\"@id\":\"https:\/\/vincentians.com\/es\/#\/schema\/person\/image\/\",\"url\":\"https:\/\/secure.gravatar.com\/avatar\/497d5cde87b4c3d097d0315953521681ba2cd523ee66e5077c3711f7021e65de?s=96&d=mm&r=g\",\"contentUrl\":\"https:\/\/secure.gravatar.com\/avatar\/497d5cde87b4c3d097d0315953521681ba2cd523ee66e5077c3711f7021e65de?s=96&d=mm&r=g\",\"caption\":\"Francisco Javier Fern\u00e1ndez Chento\"},\"description\":\"Director General y cofundador de La Red de Formaci\u00f3n Vicenciana. Javier es laico vicenciano, afiliado a la Congregaci\u00f3n de la Misi\u00f3n y miembro del Equipo de Misiones Populares de la provincia can\u00f3nica de Zaragoza (Espa\u00f1a) de la Congregaci\u00f3n de la Misi\u00f3n. Graduado en la Universidad Oberta de Catalunya con cuatro grados (Asistente de direcci\u00f3n, Gesti\u00f3n Administrativa, Recursos Humanos y Contabilidad Avanzada). Bil\u00edng\u00fce Espa\u00f1ol\/Ingl\u00e9s. gestiona y mantiene varias p\u00e1ginas web cristianas y vicencianas, incluida including La Red de Formaci\u00f3n Vicenciana, de la que es cofundador. Actualmente es responsable del \u00e1rea de Espa\u00f1ol de .famvin, la Red de Noticias de la Familia Vicenciana. Tambi\u00e9n es m\u00fasico cat\u00f3lico y ha editado varios discos. Es Director General y cofundador de Trovador, una reconocida compa\u00f1\u00eda discogr\u00e1fica critiana de Espa\u00f1a. Trabaja en las Tecnolog\u00edas de la Informaci\u00f3n, ofreciendo servicios de alojamiento, dise\u00f1o y mantenimiento Web, as\u00ed como asesoramiento, formaci\u00f3n y soluciones inform\u00e1ticas, gesti\u00f3n documental y digitalizaci\u00f3n de textos, edici\u00f3n y maquetaci\u00f3n de libros, revistas, flyers, etc.\",\"sameAs\":[\"http:\/\/chento.org\",\"https:\/\/www.facebook.com\/JavierChento\",\"https:\/\/x.com\/https:\/\/twitter.com\/javierchento\"],\"url\":\"http:\/\/vincentians.com\/es\/author\/chento\/\"}]}<\/script>\n<!-- \/ Yoast SEO plugin. -->","yoast_head_json":{"title":"Espiritualidad vicenciana: Catequesis - Somos Vicencianos","robots":{"index":"index","follow":"follow","max-snippet":"max-snippet:-1","max-image-preview":"max-image-preview:large","max-video-preview":"max-video-preview:-1"},"canonical":"http:\/\/vincentians.com\/es\/espiritualidad-vicenciana-catequesis\/","og_locale":"es_ES","og_type":"article","og_title":"Espiritualidad vicenciana: Catequesis - Somos Vicencianos","og_description":"Las misiones populares vicencianas forman parte principal de las llamadas \u00abmisiones cate\u00adqu\u00edsticas\u00bb que surgen en Francia durante el siglo XVII. A estas misiones, frente a otros tipos de mi\u00adsi\u00f3n sacramentalista, penitencial o de controver\u00adsia con ... Read More","og_url":"http:\/\/vincentians.com\/es\/espiritualidad-vicenciana-catequesis\/","og_site_name":"Somos Vicencianos","article_publisher":"https:\/\/www.facebook.com\/WeAreVincentians\/","article_author":"https:\/\/www.facebook.com\/JavierChento","article_published_time":"2014-05-02T06:28:07+00:00","og_image":[{"width":1200,"height":630,"url":"https:\/\/i0.wp.com\/vincentians.com\/es\/wp-content\/uploads\/sites\/11\/2016\/07\/espiritualidad-vicenciana.jpg?fit=1200%2C630","type":"image\/jpeg"}],"author":"Francisco Javier Fern\u00e1ndez Chento","twitter_card":"summary_large_image","twitter_creator":"@https:\/\/twitter.com\/javierchento","twitter_site":"@WeVincentians","twitter_misc":{"Escrito por":"Francisco Javier Fern\u00e1ndez Chento","Tiempo de lectura":"12 minutos"},"schema":{"@context":"https:\/\/schema.org","@graph":[{"@type":"Article","@id":"http:\/\/vincentians.com\/es\/espiritualidad-vicenciana-catequesis\/#article","isPartOf":{"@id":"http:\/\/vincentians.com\/es\/espiritualidad-vicenciana-catequesis\/"},"author":{"name":"Francisco Javier Fern\u00e1ndez Chento","@id":"https:\/\/vincentians.com\/es\/#\/schema\/person\/9623ef4d9aa3b2dfb8c061f1499288f2"},"headline":"Espiritualidad vicenciana: Catequesis","datePublished":"2014-05-02T06:28:07+00:00","mainEntityOfPage":{"@id":"http:\/\/vincentians.com\/es\/espiritualidad-vicenciana-catequesis\/"},"wordCount":2398,"commentCount":0,"publisher":{"@id":"https:\/\/vincentians.com\/es\/#organization"},"image":{"@id":"http:\/\/vincentians.com\/es\/espiritualidad-vicenciana-catequesis\/#primaryimage"},"thumbnailUrl":"https:\/\/i0.wp.com\/vincentians.com\/es\/wp-content\/uploads\/sites\/11\/2016\/07\/espiritualidad-vicenciana.jpg?fit=1200%2C630","keywords":["Abelly","Misiones Populares"],"articleSection":["Espiritualidad vicenciana"],"inLanguage":"es","potentialAction":[{"@type":"CommentAction","name":"Comment","target":["http:\/\/vincentians.com\/es\/espiritualidad-vicenciana-catequesis\/#respond"]}]},{"@type":"WebPage","@id":"http:\/\/vincentians.com\/es\/espiritualidad-vicenciana-catequesis\/","url":"http:\/\/vincentians.com\/es\/espiritualidad-vicenciana-catequesis\/","name":"Espiritualidad vicenciana: Catequesis - Somos Vicencianos","isPartOf":{"@id":"https:\/\/vincentians.com\/es\/#website"},"primaryImageOfPage":{"@id":"http:\/\/vincentians.com\/es\/espiritualidad-vicenciana-catequesis\/#primaryimage"},"image":{"@id":"http:\/\/vincentians.com\/es\/espiritualidad-vicenciana-catequesis\/#primaryimage"},"thumbnailUrl":"https:\/\/i0.wp.com\/vincentians.com\/es\/wp-content\/uploads\/sites\/11\/2016\/07\/espiritualidad-vicenciana.jpg?fit=1200%2C630","datePublished":"2014-05-02T06:28:07+00:00","breadcrumb":{"@id":"http:\/\/vincentians.com\/es\/espiritualidad-vicenciana-catequesis\/#breadcrumb"},"inLanguage":"es","potentialAction":[{"@type":"ReadAction","target":["http:\/\/vincentians.com\/es\/espiritualidad-vicenciana-catequesis\/"]}]},{"@type":"ImageObject","inLanguage":"es","@id":"http:\/\/vincentians.com\/es\/espiritualidad-vicenciana-catequesis\/#primaryimage","url":"https:\/\/i0.wp.com\/vincentians.com\/es\/wp-content\/uploads\/sites\/11\/2016\/07\/espiritualidad-vicenciana.jpg?fit=1200%2C630","contentUrl":"https:\/\/i0.wp.com\/vincentians.com\/es\/wp-content\/uploads\/sites\/11\/2016\/07\/espiritualidad-vicenciana.jpg?fit=1200%2C630","width":1200,"height":630},{"@type":"BreadcrumbList","@id":"http:\/\/vincentians.com\/es\/espiritualidad-vicenciana-catequesis\/#breadcrumb","itemListElement":[{"@type":"ListItem","position":1,"name":"Portada","item":"https:\/\/vincentians.com\/es\/"},{"@type":"ListItem","position":2,"name":"Espiritualidad vicenciana: Catequesis"}]},{"@type":"WebSite","@id":"https:\/\/vincentians.com\/es\/#website","url":"https:\/\/vincentians.com\/es\/","name":"Somos Vicencianos","description":"Know more to serve more","publisher":{"@id":"https:\/\/vincentians.com\/es\/#organization"},"potentialAction":[{"@type":"SearchAction","target":{"@type":"EntryPoint","urlTemplate":"https:\/\/vincentians.com\/es\/?s={search_term_string}"},"query-input":{"@type":"PropertyValueSpecification","valueRequired":true,"valueName":"search_term_string"}}],"inLanguage":"es"},{"@type":"Organization","@id":"https:\/\/vincentians.com\/es\/#organization","name":"The Vincentian Network","url":"https:\/\/vincentians.com\/es\/","logo":{"@type":"ImageObject","inLanguage":"es","@id":"https:\/\/vincentians.com\/es\/#\/schema\/logo\/image\/","url":"https:\/\/i1.wp.com\/vincentians.com\/es\/wp-content\/uploads\/sites\/11\/2016\/06\/Vincentian-Network-logo-big.png?fit=778%2C778","contentUrl":"https:\/\/i1.wp.com\/vincentians.com\/es\/wp-content\/uploads\/sites\/11\/2016\/06\/Vincentian-Network-logo-big.png?fit=778%2C778","width":778,"height":778,"caption":"The Vincentian Network"},"image":{"@id":"https:\/\/vincentians.com\/es\/#\/schema\/logo\/image\/"},"sameAs":["https:\/\/www.facebook.com\/WeAreVincentians\/","https:\/\/x.com\/WeVincentians"]},{"@type":"Person","@id":"https:\/\/vincentians.com\/es\/#\/schema\/person\/9623ef4d9aa3b2dfb8c061f1499288f2","name":"Francisco Javier Fern\u00e1ndez Chento","image":{"@type":"ImageObject","inLanguage":"es","@id":"https:\/\/vincentians.com\/es\/#\/schema\/person\/image\/","url":"https:\/\/secure.gravatar.com\/avatar\/497d5cde87b4c3d097d0315953521681ba2cd523ee66e5077c3711f7021e65de?s=96&d=mm&r=g","contentUrl":"https:\/\/secure.gravatar.com\/avatar\/497d5cde87b4c3d097d0315953521681ba2cd523ee66e5077c3711f7021e65de?s=96&d=mm&r=g","caption":"Francisco Javier Fern\u00e1ndez Chento"},"description":"Director General y cofundador de La Red de Formaci\u00f3n Vicenciana. Javier es laico vicenciano, afiliado a la Congregaci\u00f3n de la Misi\u00f3n y miembro del Equipo de Misiones Populares de la provincia can\u00f3nica de Zaragoza (Espa\u00f1a) de la Congregaci\u00f3n de la Misi\u00f3n. Graduado en la Universidad Oberta de Catalunya con cuatro grados (Asistente de direcci\u00f3n, Gesti\u00f3n Administrativa, Recursos Humanos y Contabilidad Avanzada). Bil\u00edng\u00fce Espa\u00f1ol\/Ingl\u00e9s. gestiona y mantiene varias p\u00e1ginas web cristianas y vicencianas, incluida including La Red de Formaci\u00f3n Vicenciana, de la que es cofundador. Actualmente es responsable del \u00e1rea de Espa\u00f1ol de .famvin, la Red de Noticias de la Familia Vicenciana. Tambi\u00e9n es m\u00fasico cat\u00f3lico y ha editado varios discos. Es Director General y cofundador de Trovador, una reconocida compa\u00f1\u00eda discogr\u00e1fica critiana de Espa\u00f1a. Trabaja en las Tecnolog\u00edas de la Informaci\u00f3n, ofreciendo servicios de alojamiento, dise\u00f1o y mantenimiento Web, as\u00ed como asesoramiento, formaci\u00f3n y soluciones inform\u00e1ticas, gesti\u00f3n documental y digitalizaci\u00f3n de textos, edici\u00f3n y maquetaci\u00f3n de libros, revistas, flyers, etc.","sameAs":["http:\/\/chento.org","https:\/\/www.facebook.com\/JavierChento","https:\/\/x.com\/https:\/\/twitter.com\/javierchento"],"url":"http:\/\/vincentians.com\/es\/author\/chento\/"}]}},"jetpack_publicize_connections":[],"jetpack_featured_media_url":"https:\/\/i0.wp.com\/vincentians.com\/es\/wp-content\/uploads\/sites\/11\/2016\/07\/espiritualidad-vicenciana.jpg?fit=1200%2C630","jetpack_sharing_enabled":true,"jetpack_shortlink":"https:\/\/wp.me\/p7ETMF-8yl","jetpack-related-posts":[{"id":140316,"url":"http:\/\/vincentians.com\/es\/comunidad-fraterna-para-la-mision\/","url_meta":{"origin":32881,"position":0},"title":"Comunidad fraterna para la Misi\u00f3n","author":"Francisco Javier Fern\u00e1ndez Chento","date":"21\/02\/2015","format":false,"excerpt":"\u00abNo me elegisteis vosotros a m\u00ed, fui yo quien os eleg\u00ed \u00ada vosotros y os destin\u00e9 a que os pong\u00e1is en camino y d\u00e9is fruto, y un fruto que dure\u00bb. (Jn 15,16). \u00abSan Vicente reuni\u00f3 dentro de la Iglesia a algunos compa\u00f1eros, para que llevando una nueva forma de vida\u2026","rel":"","context":"En \u00abEspiritualidad vicenciana\u00bb","block_context":{"text":"Espiritualidad vicenciana","link":"http:\/\/vincentians.com\/es\/category\/espiritualidad\/espiritualidad-vicenciana\/"},"img":{"alt_text":"comunidad_fratrerna","src":"https:\/\/i0.wp.com\/vicencianos.org\/wp-content\/2015\/02\/comunidad_fratrerna-300x219.jpg?resize=350%2C200","width":350,"height":200},"classes":[]},{"id":403853,"url":"http:\/\/vincentians.com\/es\/vicente-de-paul-en-gannes-folleville-vi\/","url_meta":{"origin":32881,"position":1},"title":"VICENTE DE PAUL EN GANNES-FOLLEVILLE (VI)","author":"Mitxel Olabu\u00e9naga","date":"06\/12\/2021","format":false,"excerpt":"GANNES-FOLLEVILLE, \u00bfNACIMIENTO DE LA MISI\u00d3N POPULAR? En el apartado anterior hemos analizado el hecho hist\u00f3rico de Gannes y Folleville, su impacto en Vicente de Pa\u00fal y las inter\u00adpretaciones que, hasta el d\u00eda de hoy, ha habido al respecto. Pien\u00adso que ha quedado suficientemente claro que lo sucedido en Gannes y\u2026","rel":"","context":"En \u00abFormaci\u00f3n Vicenciana\u00bb","block_context":{"text":"Formaci\u00f3n Vicenciana","link":"http:\/\/vincentians.com\/es\/category\/formacion-vicenciana\/"},"img":{"alt_text":"","src":"https:\/\/i0.wp.com\/vincentians.com\/es\/wp-content\/uploads\/sites\/11\/2017\/04\/vicente-y-eucaristia.jpg?fit=1200%2C630&resize=350%2C200","width":350,"height":200,"srcset":"https:\/\/i0.wp.com\/vincentians.com\/es\/wp-content\/uploads\/sites\/11\/2017\/04\/vicente-y-eucaristia.jpg?fit=1200%2C630&resize=350%2C200 1x, https:\/\/i0.wp.com\/vincentians.com\/es\/wp-content\/uploads\/sites\/11\/2017\/04\/vicente-y-eucaristia.jpg?fit=1200%2C630&resize=525%2C300 1.5x, https:\/\/i0.wp.com\/vincentians.com\/es\/wp-content\/uploads\/sites\/11\/2017\/04\/vicente-y-eucaristia.jpg?fit=1200%2C630&resize=700%2C400 2x, https:\/\/i0.wp.com\/vincentians.com\/es\/wp-content\/uploads\/sites\/11\/2017\/04\/vicente-y-eucaristia.jpg?fit=1200%2C630&resize=1050%2C600 3x"},"classes":[]},{"id":119812,"url":"http:\/\/vincentians.com\/es\/la-predicacion-en-las-misiones-populares-dadas-por-los-pp-paules-en-espana-1940-1970\/","url_meta":{"origin":32881,"position":2},"title":"La predicaci\u00f3n en las misiones populares dadas por los PP. Pa\u00fales en Espa\u00f1a (1940-1970)","author":"Francisco Javier Fern\u00e1ndez Chento","date":"04\/05\/2013","format":false,"excerpt":"Introducci\u00f3n Despu\u00e9s de habernos situado en lo que fueron las misiones populares en el per\u00edodo 1940-1975 queremos presentar ahora cu\u00e1l era el mensaje doctrinal transmitido, es decir, cu\u00e1l era la predicaci\u00f3n que se hac\u00eda. Hay que notar que hemos reducido el per\u00edodo de estudio en cinco a\u00f1os (1940-1970). La raz\u00f3n\u2026","rel":"","context":"En \u00abMisiones \u00abAd gentes\u00bb\u00bb","block_context":{"text":"Misiones \u00abAd gentes\u00bb","link":"http:\/\/vincentians.com\/es\/category\/servicios-y-ministerios\/misiones-ad-gentes\/"},"img":{"alt_text":"mission-cross","src":"https:\/\/i0.wp.com\/vicencianos.org\/wp-content\/2013\/04\/mission-cross-300x225.jpg?resize=350%2C200","width":350,"height":200},"classes":[]},{"id":404655,"url":"http:\/\/vincentians.com\/es\/el-valor-del-catecismo-en-san-vicente-de-paul-iii\/","url_meta":{"origin":32881,"position":3},"title":"El valor del catecismo en san Vicente de Pa\u00fal (III)","author":"Mitxel Olabu\u00e9naga","date":"30\/04\/2023","format":false,"excerpt":"2.2. EVANGELIZAR E INSTRUIR A LOS POBRES: MISIONES Y CATECISMO En el serm\u00f3n sobre el Catecismo, Vicente de Pa\u00fal nos ha dejado plasmado el hallazgo de una necesidad en el pueblo de Dios y el proyecto para remediarla. All\u00ed hemos descubierto sus intenciones; hemos de ver y analizar, tambi\u00e9n, los\u2026","rel":"","context":"En \u00abEspiritualidad vicenciana\u00bb","block_context":{"text":"Espiritualidad vicenciana","link":"http:\/\/vincentians.com\/es\/category\/espiritualidad\/espiritualidad-vicenciana\/"},"img":{"alt_text":"","src":"https:\/\/i0.wp.com\/vincentians.com\/es\/wp-content\/uploads\/sites\/11\/2013\/04\/p.jpg?fit=550%2C289&resize=350%2C200","width":350,"height":200,"srcset":"https:\/\/i0.wp.com\/vincentians.com\/es\/wp-content\/uploads\/sites\/11\/2013\/04\/p.jpg?fit=550%2C289&resize=350%2C200 1x, https:\/\/i0.wp.com\/vincentians.com\/es\/wp-content\/uploads\/sites\/11\/2013\/04\/p.jpg?fit=550%2C289&resize=525%2C300 1.5x"},"classes":[]},{"id":120724,"url":"http:\/\/vincentians.com\/es\/la-trasmision-de-la-fe-en-la-parroquia-vicencianal-dificultades-y-posibilidades\/","url_meta":{"origin":32881,"position":4},"title":"La trasmisi\u00f3n de la fe en la parroquia vicencianal. Dificultades y posibilidades","author":"Francisco Javier Fern\u00e1ndez Chento","date":"11\/10\/2022","format":false,"excerpt":"1. Introducci\u00f3n: la instituci\u00f3n parroquial, c\u00e9lula de la Iglesia universal La instituci\u00f3n parroquial nos proporciona una cercan\u00eda a cada persona, a las distintas edades, clases sociales y situaciones por las que pasa cada miembro del pueblo de Dios. La permanencia en el tiempo nos permite el contacto asiduo con las\u2026","rel":"","context":"En \u00abEspiritualidad vicenciana\u00bb","block_context":{"text":"Espiritualidad vicenciana","link":"http:\/\/vincentians.com\/es\/category\/espiritualidad\/espiritualidad-vicenciana\/"},"img":{"alt_text":"","src":"https:\/\/i0.wp.com\/vincentians.com\/es\/wp-content\/uploads\/sites\/11\/2013\/04\/4.jpg?fit=1200%2C801&resize=350%2C200","width":350,"height":200,"srcset":"https:\/\/i0.wp.com\/vincentians.com\/es\/wp-content\/uploads\/sites\/11\/2013\/04\/4.jpg?fit=1200%2C801&resize=350%2C200 1x, https:\/\/i0.wp.com\/vincentians.com\/es\/wp-content\/uploads\/sites\/11\/2013\/04\/4.jpg?fit=1200%2C801&resize=525%2C300 1.5x, https:\/\/i0.wp.com\/vincentians.com\/es\/wp-content\/uploads\/sites\/11\/2013\/04\/4.jpg?fit=1200%2C801&resize=700%2C400 2x, https:\/\/i0.wp.com\/vincentians.com\/es\/wp-content\/uploads\/sites\/11\/2013\/04\/4.jpg?fit=1200%2C801&resize=1050%2C600 3x"},"classes":[]},{"id":114966,"url":"http:\/\/vincentians.com\/es\/intervenciones-vicencianas-en-el-sinodo-de-los-obispos\/","url_meta":{"origin":32881,"position":5},"title":"Intervenciones vicencianas en el S\u00ednodo de los Obispos","author":"Francisco Javier Fern\u00e1ndez Chento","date":"09\/11\/2012","format":false,"excerpt":"Hace unos d\u00edas public\u00e1bamos \u00edntegra la intervenci\u00f3n del Superior General, P. G. Gregory Gay CM, ante el S\u00ednodo de los Obispos para la Nueva Evangelizaci\u00f3n, en el que participaron y tuvieron intervenciones varios ilustres vicencianos: El Superior General, P. Gregory Gay, entre los delegados de la Uni\u00f3n de Superiores Generales.\u2026","rel":"","context":"En \u00abFormaci\u00f3n Vicenciana\u00bb","block_context":{"text":"Formaci\u00f3n Vicenciana","link":"http:\/\/vincentians.com\/es\/category\/formacion-vicenciana\/"},"img":{"alt_text":"ghebremedhin","src":"https:\/\/i0.wp.com\/vicencianos.org\/wp-content\/2012\/11\/ghebremedhin.jpg?resize=350%2C200","width":350,"height":200},"classes":[]}],"_links":{"self":[{"href":"http:\/\/vincentians.com\/es\/wp-json\/wp\/v2\/posts\/32881","targetHints":{"allow":["GET"]}}],"collection":[{"href":"http:\/\/vincentians.com\/es\/wp-json\/wp\/v2\/posts"}],"about":[{"href":"http:\/\/vincentians.com\/es\/wp-json\/wp\/v2\/types\/post"}],"author":[{"embeddable":true,"href":"http:\/\/vincentians.com\/es\/wp-json\/wp\/v2\/users\/4"}],"replies":[{"embeddable":true,"href":"http:\/\/vincentians.com\/es\/wp-json\/wp\/v2\/comments?post=32881"}],"version-history":[{"count":0,"href":"http:\/\/vincentians.com\/es\/wp-json\/wp\/v2\/posts\/32881\/revisions"}],"wp:featuredmedia":[{"embeddable":true,"href":"http:\/\/vincentians.com\/es\/wp-json\/wp\/v2\/media\/388395"}],"wp:attachment":[{"href":"http:\/\/vincentians.com\/es\/wp-json\/wp\/v2\/media?parent=32881"}],"wp:term":[{"taxonomy":"category","embeddable":true,"href":"http:\/\/vincentians.com\/es\/wp-json\/wp\/v2\/categories?post=32881"},{"taxonomy":"post_tag","embeddable":true,"href":"http:\/\/vincentians.com\/es\/wp-json\/wp\/v2\/tags?post=32881"}],"curies":[{"name":"wp","href":"https:\/\/api.w.org\/{rel}","templated":true}]}}