{"id":32675,"date":"2016-08-30T08:28:07","date_gmt":"2016-08-30T06:28:07","guid":{"rendered":"http:\/\/somos.vicencianos.org\/blog\/2010\/01\/espiritualidad-vicenciana-ascesis-2\/"},"modified":"2016-08-30T08:28:07","modified_gmt":"2016-08-30T06:28:07","slug":"espiritualidad-vicenciana-asociacionismo","status":"publish","type":"post","link":"http:\/\/vincentians.com\/es\/espiritualidad-vicenciana-asociacionismo\/","title":{"rendered":"Espiritualidad vicenciana: Asociacionismo"},"content":{"rendered":"<p><img data-recalc-dims=\"1\" loading=\"lazy\" decoding=\"async\" class=\"alignnone size-medium wp-image-387627 alignleft\" src=\"https:\/\/i0.wp.com\/vicencianos.org\/wp-content\/uploads\/2011\/04\/asd-243x300.jpg?resize=243%2C300\" alt=\"asd\" width=\"243\" height=\"300\" \/>Las Constituciones y la Bula fundacional de la Congregaci\u00f3n de la Misi\u00f3n mencionan expre\u00adsamente a las Cofrad\u00edas de la Caridad como aso\u00adciaci\u00f3n a establecer en las parroquias evangeli\u00adzadas por los misioneros. Posteriormente la C.M. acept\u00f3 y, en algunos casos, ella misma cre\u00f3 otras formas asociativas.<\/p>\n<p>Todas \u00e9stas corresponden a los siglos XIX-XX, especialmente al per\u00edodo en el que la cofra\u00add\u00eda de la Caridad estaba en reorganizaci\u00f3n. Son asociaciones de car\u00e1cter piadoso, en general. Despu\u00e9s del Concilio Vaticano II, estas asocia\u00adciones est\u00e1n reformulando sus estatutos. Aque\u00adllas que tienen por finalidad alguna actividad so\u00adcial, caritativa o apost\u00f3lica, tratan de aproximar su actividad y de coordinarse. En Espa\u00f1a se celebr\u00f3 el primer congreso del laicado vicenciano, abril de 1988, para un programa de coordinaci\u00f3n de la \u00abfamilia vicenciana\u00bb. Las dos asociaciones m\u00e1s impulsadas por los misioneros de San Vicente de Pa\u00fal y por las Hijas de la Caridad son las del Vo\u00adluntariado de la caridad (AIC) y la Sociedad de SVP (ver Ozanam y Cofrad\u00eda de la Caridad).<\/p>\n<p>Las asociaciones hist\u00f3ricas que vamos a men\u00adcionar, tienen extensi\u00f3n desigual. Todas ellas res\u00adponden a situaciones determinadas y su futuro es imprevisible.<\/p>\n<div>\n<p><strong>La Archicofrad\u00eda de la Sant\u00edsima Trinidad<\/strong><\/p>\n<\/div>\n<p>Aparece por los a\u00f1os 1854, gracias a Mar\u00eda Pe\u00adllerin, que fue la inspiradora. El Superior General de la C.M. es quien puede erigirla desde 1856. Finalidad: ayuda a los difuntos. La coincidencia en la devoci\u00f3n a la Sant\u00edsima Trinidad, recomenda\u00adda por San Vicente de Pa\u00fal, hizo que esta cofra\u00add\u00eda fuese asumida por la C.M. En Espa\u00f1a no se extendi\u00f3.<\/p>\n<div>\n<p><strong>Archicofrad\u00eda de la Santa Agon\u00eda<\/strong><\/p>\n<\/div>\n<p>Fundada por el P. Nicole C.M. en 1861, en Val\u00adfleury (Francia). Fines: honrar los dolores de Nues\u00adtro Se\u00f1or en el Huerto de los Olivos, obtener la paz en la Iglesia, conservar la fe en los pa\u00edses ca\u00adt\u00f3licos, poner fin a las calamidades, conseguir la conversi\u00f3n de los pecadores y ayudar a los ago\u00adnizantes. Esta cofrad\u00eda mantuvo durante muchos a\u00f1os cierto arraigo y en sus estatutos se recogen los puntos m\u00e1s comunes de la piedad de finales del s. XIX. Tom\u00f3 como propio el escapulario de la Pasi\u00f3n, escapulario rojo, de inspiraci\u00f3n de<br \/>\nla Hija de la Caridad, sor Apolonia Andriveau, 1846.<\/p>\n<div>\n<p><strong>Asociaci\u00f3n de Hijas\/os de Mar\u00eda<\/strong><\/p>\n<\/div>\n<p>Santa Catalina comunic\u00f3 al P. Aladel C.M. su experiencia de las \u00abapariciones de Mar\u00eda en 1830\u00bb, en la capilla de la calle de Bac (Par\u00eds), seg\u00fan la cual se deber\u00eda crear una asociaci\u00f3n de Hijas de Ma\u00adr\u00eda. El P. Aladel asoci\u00f3 algunas j\u00f3venes en Par\u00eds, 1837. En 1847 Pio IX aprob\u00f3 la asociaci\u00f3n conce\u00addiendo a perpetuidad que el Superior General de la CM. pudiera establecerla en las escuelas y cen\u00adtros de las Hijas de la Caridad. Desde 1931, por concesi\u00f3n de P\u00edo XI, pueden afiliarse grupos es\u00adtablecidos en parroquias. As\u00ed esta asociaci\u00f3n se extendi\u00f3 por todo el mundo, especialmente en las di\u00f3cesis con residencias de misioneros de SVP. En 1850 se hab\u00eda obtenido la aprobaci\u00f3n can\u00f3ni\u00adca por la rama de varones. Esta ha tenido una ex-tensi\u00f3n mucho m\u00e1s limitada.<\/p>\n<p>La Asociaci\u00f3n de Hijas\/os de Mar\u00eda busc\u00f3 siempre unir la devoci\u00f3n mariana y la espirituali\u00addad vicenciana, en defensa de los pobres y de la justicia. En 1901, una Hija de la Caridad, sor Milcent, promovi\u00f3 sindicatos femeninos \u00abL&#8217;Ab\u00adbaye\u00bb; las primeras militantes son todas Hijas de Mar\u00eda.<\/p>\n<p>En 1920 se empez\u00f3 a extender un movimiento entre las Hijas de Mar\u00eda en favor del deporte, de la actividad al aire libre, etc. con el nombre de \u00abRa\u00adyon Sportif Feminin\u00bb. Este movimiento se trans\u00adform\u00f3 en movimiento apost\u00f3lico de preocupa\u00adci\u00f3n por los pobres y por la actividad misionera.<\/p>\n<p>Si en Francia las Hijas de Mar\u00eda adoptaron sus actividades, tambi\u00e9n intentan conseguirlo en otros pa\u00edses. Funciona en Espa\u00f1a la asociaci\u00f3n mixta de Hijas\/os de Mar\u00eda con diferentes nombres v. g. con el de Juventud Mariana Vicenciana. Seg\u00fan sus estatutos, esta asociaci\u00f3n no hace sino actualizar los anteriores reglamentos de las Hijas\/os de Ma\u00adr\u00eda, de acuerdo con el canon 304. Est\u00e1 organiza\u00adda en todas las di\u00f3cesis de Espa\u00f1a con desigual implantaci\u00f3n. Se muestra sensible tanto a la for\u00admaci\u00f3n en comunidades juveniles como a la ac\u00adtividad social y misionera. Su labor se extiende a jornadas de apostolado en Am\u00e9rica Latina y en \u00c1frica, en colaboraci\u00f3n estrecha con las Hijas de la Caridad y los misioneros de SVP.<\/p>\n<div>\n<p><strong>Asociaci\u00f3n de la Medalla Milagrosa<\/strong><\/p>\n<\/div>\n<p>Su finalidad es cultual y asistencial. Se inici\u00f3 en Polonia y desde all\u00ed se ha extendido a todo el mundo. Pio X la aprob\u00f3 definitivamente en 1909. Desde 1990 tiene nuevos estatutos y se facilita la imposici\u00f3n de la medalla a los dirigentes laicos.<\/p>\n<p>Esta asociaci\u00f3n logr\u00f3 una difusi\u00f3n masiva es\u00adpecialmente en EE. UU. Para sus propagandistas el uso de la medalla y la piedad familiar que faci\u00adlitan las urnas port\u00e1tiles de la Virgen, son medios a interesar en el contexto de esta sociedad. Es\u00adta asociaci\u00f3n facilita recursos a distintas institu\u00adciones vicencianas lo mismo que a las parroquias en las que existe.<\/p>\n<p>En Espa\u00f1a esta asociaci\u00f3n est\u00e1 erigida en 59 di\u00f3cesis y edita un bolet\u00edn mensual para 58. 000 suscritores. Hab\u00eda 304 centros de asociadas en 1981, la Visita domiciliaria hac\u00eda llegar las urnas a 305. 683 familias. A\u00fan cuando la vitalidad de es\u00adta asociaci\u00f3n parece menos brillante que a me\u00addiados de siglo, mantiene los cultos a La Mila\u00adgrosa, la visita domiciliaria y la atenci\u00f3n a nece\u00adsidades puntuales, gracias, principalmente, a las Hijas de la Caridad.<\/p>\n<p><strong>ASOCIACIONES SACERDOTALES<\/strong><\/p>\n<div>\n<p><strong>Conferencias de los Martes<\/strong><\/p>\n<\/div>\n<p>San Vicente de Pa\u00fal asoci\u00f3 en San L\u00e1zaro a los sacerdotes de Par\u00eds para la reforma moral y para la colaboraci\u00f3n en las misiones. Se les dio a aquellas reuniones el nombre de \u00abConferen\u00adcias de los martes\u00bb, 1633. Los misioneros imita\u00adron esta forma asociativa en diferentes pa\u00edses y tiempos. Pio IX la enriqueci\u00f3 con indulgencias, 1854.<\/p>\n<div>\n<p><strong>Hermandad misionera de SVP<\/strong><\/p>\n<\/div>\n<p>En Espa\u00f1a se cre\u00f3 la \u00abHermandad misionera de SVP\u00bb, 1949, con car\u00e1cter misionero. Particip\u00f3 en numerosas misiones tanto en Espa\u00f1a como en la Am\u00e9rica Latina. En las dos \u00faltimas d\u00e9cadas su actividad se ha reducido y puede darse como inexistente.<\/p>\n<div>\n<p><strong>Reparaci\u00f3n sacerdotal<\/strong><\/p>\n<\/div>\n<p>Pio X, en 1908, aprob\u00f3 los estatutos de la Asociaci\u00f3n a petici\u00f3n del P. Mott CM. El Supe\u00adrior General CM es tambi\u00e9n director general de esta asociaci\u00f3n. Su finalidad es la reparaci\u00f3n de los pecados, la conversi\u00f3n de los pecadores y la perseverancia concretamente de los sacerdotes.<\/p>\n<p>Mientras el P. Mott se interesaba en estas for\u00admas asociativas, los PP. Pouget, Portal y otros di\u00adnamizaban el ecumenismo y la apertura teol\u00f3\u00adgica. Tambi\u00e9n la evangelizaci\u00f3n en otros pa\u00edses, v. g. en China, centraba la preocupaci\u00f3n de mi\u00adsioneros deseosos de mayor inculturaci\u00f3n de la Iglesia. Destac\u00f3 en este campo el P. V. Lebbe.<\/p>\n<p>Esta m\u00faltiple relaci\u00f3n de los misioneros y el cle\u00adro del primer tercio del s. XX evidencia el exce\u00adlente nivel espiritual de los misioneros de aquel per\u00edodo, cuando la CM ten\u00eda encomendada la for\u00admaci\u00f3n del clero en numerosos pa\u00edses.<\/p>\n<div>\n<p><strong>ASOCIACIONES MISIONERAS<\/strong><\/p>\n<\/div>\n<p>Los misioneros de SVP, lo mismo que las Hi\u00adjas de la Caridad, dieron apoyo a las obras Mi\u00adsionales Pontificias. La extensi\u00f3n del campo evan\u00adgelizado por la CM anim\u00f3 a asociar laicos, tanto para una colaboraci\u00f3n econ\u00f3mica, como para la formaci\u00f3n espiritual. Esto se operativiz\u00f3 median\u00adte publicaciones v. g. <em>Bto. Perboyre, <\/em>en Francia, <em>Reina de las Misiones, <\/em>en Espa\u00f1a, y otras de la misma tem\u00e1tica.<\/p>\n<p>Se crearon asociaciones y grupos laicos en diferentes pa\u00edses de apoyo a las misiones. A ve\u00adces ese mismo inter\u00e9s se trata de compatibili\u00adzarlo con otras finalidades en las asociaciones vicencianas.<\/p>\n<p>El Concilio Vaticano II insisti\u00f3 en la redimen\u00adsi\u00f3n de las instituciones eclesi\u00e1sticas. De las aso\u00adciaciones antedichas, algunas han realizado esa adaptaci\u00f3n como hemos indicado; de las restan\u00adtes cabe esperarlo, aun cuando su duraci\u00f3n inde\u00adfinida no est\u00e9 asegurada. Nacieron en tiempos y situaciones determinadas y est\u00e1n sometidas a los cambios de toda organizaci\u00f3n con vida.<\/p>\n<p style=\"text-align: right\">Francisco CARBALLO, C.M.<\/p>\n<p><strong>BIBLIOGRAF\u00cdA<\/strong>:<\/p>\n<p>F. DELGADO, Las Hijas e Hijos de Mar\u00eda, Madrid, La Milagrosa 1966.- J. FERN\u00c1NDEZ, Asociacio\u00adnes eclesi\u00e1sticas instituidas y dirigidas por la Congregaci\u00f3n de la Misi\u00f3n, Madrid, La Mila\u00adgrosa 1962.- <strong>lo., <\/strong>Hermandad Misionera de San Vicente de Pa\u00fal, Madrid, La Milagrosa 1953. \u00adM. LARIGALDE, Antoine Nicole pr\u00f3tre de la CM, Fondateur de I&#8217;archiconfr\u00e9rie de la Sainte Agonie de N. S. J. C., Paris, Lethielleux 1909.-VARIOS, Renacimiento del laicado vicenciano, Madrid, La Milagrosa 1988.<\/p>\n","protected":false},"excerpt":{"rendered":"<p>Las Constituciones y la Bula fundacional de la Congregaci\u00f3n de la Misi\u00f3n mencionan expre\u00adsamente a las Cofrad\u00edas de la Caridad como aso\u00adciaci\u00f3n a establecer en las parroquias evangeli\u00adzadas por los misioneros. Posteriormente la C.M. acept\u00f3 &#8230; <a href=\"http:\/\/vincentians.com\/es\/espiritualidad-vicenciana-asociacionismo\/\" class=\"more-link\">Read More<\/a><\/p>\n","protected":false},"author":4,"featured_media":388395,"comment_status":"open","ping_status":"open","sticky":false,"template":"","format":"standard","meta":{"jetpack_post_was_ever_published":false,"_jetpack_newsletter_access":"","_jetpack_dont_email_post_to_subs":false,"_jetpack_newsletter_tier_id":0,"_jetpack_memberships_contains_paywalled_content":false,"_jetpack_memberships_contains_paid_content":false,"footnotes":"","jetpack_publicize_message":"","jetpack_publicize_feature_enabled":true,"jetpack_social_post_already_shared":true,"jetpack_social_options":{"image_generator_settings":{"template":"highway","default_image_id":0,"font":"","enabled":false},"version":2}},"categories":[226],"tags":[196,143],"class_list":["post-32675","post","type-post","status-publish","format-standard","has-post-thumbnail","hentry","category-espiritualidad-vicenciana","tag-perboyre","tag-san-lazaro"],"yoast_head":"<!-- This site is optimized with the Yoast SEO plugin v26.3 - https:\/\/yoast.com\/wordpress\/plugins\/seo\/ -->\n<title>Espiritualidad vicenciana: Asociacionismo - Somos Vicencianos<\/title>\n<meta name=\"robots\" content=\"index, follow, max-snippet:-1, max-image-preview:large, max-video-preview:-1\" \/>\n<link rel=\"canonical\" href=\"http:\/\/vincentians.com\/es\/espiritualidad-vicenciana-asociacionismo\/\" \/>\n<meta property=\"og:locale\" content=\"es_ES\" \/>\n<meta property=\"og:type\" content=\"article\" \/>\n<meta property=\"og:title\" content=\"Espiritualidad vicenciana: Asociacionismo - Somos Vicencianos\" \/>\n<meta property=\"og:description\" content=\"Las Constituciones y la Bula fundacional de la Congregaci\u00f3n de la Misi\u00f3n mencionan expre\u00adsamente a las Cofrad\u00edas de la Caridad como aso\u00adciaci\u00f3n a establecer en las parroquias evangeli\u00adzadas por los misioneros. Posteriormente la C.M. acept\u00f3 ... Read More\" \/>\n<meta property=\"og:url\" content=\"http:\/\/vincentians.com\/es\/espiritualidad-vicenciana-asociacionismo\/\" \/>\n<meta property=\"og:site_name\" content=\"Somos Vicencianos\" \/>\n<meta property=\"article:publisher\" content=\"https:\/\/www.facebook.com\/WeAreVincentians\/\" \/>\n<meta property=\"article:author\" content=\"https:\/\/www.facebook.com\/JavierChento\" \/>\n<meta property=\"article:published_time\" content=\"2016-08-30T06:28:07+00:00\" \/>\n<meta property=\"og:image\" content=\"https:\/\/i0.wp.com\/vincentians.com\/es\/wp-content\/uploads\/sites\/11\/2016\/07\/espiritualidad-vicenciana.jpg?fit=1200%2C630\" \/>\n\t<meta property=\"og:image:width\" content=\"1200\" \/>\n\t<meta property=\"og:image:height\" content=\"630\" \/>\n\t<meta property=\"og:image:type\" content=\"image\/jpeg\" \/>\n<meta name=\"author\" content=\"Francisco Javier Fern\u00e1ndez Chento\" \/>\n<meta name=\"twitter:card\" content=\"summary_large_image\" \/>\n<meta name=\"twitter:creator\" content=\"@https:\/\/twitter.com\/javierchento\" \/>\n<meta name=\"twitter:site\" content=\"@WeVincentians\" \/>\n<meta name=\"twitter:label1\" content=\"Escrito por\" \/>\n\t<meta name=\"twitter:data1\" content=\"Francisco Javier Fern\u00e1ndez Chento\" \/>\n\t<meta name=\"twitter:label2\" content=\"Tiempo de lectura\" \/>\n\t<meta name=\"twitter:data2\" content=\"8 minutos\" \/>\n<script type=\"application\/ld+json\" class=\"yoast-schema-graph\">{\"@context\":\"https:\/\/schema.org\",\"@graph\":[{\"@type\":\"Article\",\"@id\":\"http:\/\/vincentians.com\/es\/espiritualidad-vicenciana-asociacionismo\/#article\",\"isPartOf\":{\"@id\":\"http:\/\/vincentians.com\/es\/espiritualidad-vicenciana-asociacionismo\/\"},\"author\":{\"name\":\"Francisco Javier Fern\u00e1ndez Chento\",\"@id\":\"https:\/\/vincentians.com\/es\/#\/schema\/person\/9623ef4d9aa3b2dfb8c061f1499288f2\"},\"headline\":\"Espiritualidad vicenciana: Asociacionismo\",\"datePublished\":\"2016-08-30T06:28:07+00:00\",\"mainEntityOfPage\":{\"@id\":\"http:\/\/vincentians.com\/es\/espiritualidad-vicenciana-asociacionismo\/\"},\"wordCount\":1546,\"commentCount\":0,\"publisher\":{\"@id\":\"https:\/\/vincentians.com\/es\/#organization\"},\"image\":{\"@id\":\"http:\/\/vincentians.com\/es\/espiritualidad-vicenciana-asociacionismo\/#primaryimage\"},\"thumbnailUrl\":\"https:\/\/i0.wp.com\/vincentians.com\/es\/wp-content\/uploads\/sites\/11\/2016\/07\/espiritualidad-vicenciana.jpg?fit=1200%2C630\",\"keywords\":[\"Perboyre\",\"San L\u00e1zaro\"],\"articleSection\":[\"Espiritualidad vicenciana\"],\"inLanguage\":\"es\",\"potentialAction\":[{\"@type\":\"CommentAction\",\"name\":\"Comment\",\"target\":[\"http:\/\/vincentians.com\/es\/espiritualidad-vicenciana-asociacionismo\/#respond\"]}]},{\"@type\":\"WebPage\",\"@id\":\"http:\/\/vincentians.com\/es\/espiritualidad-vicenciana-asociacionismo\/\",\"url\":\"http:\/\/vincentians.com\/es\/espiritualidad-vicenciana-asociacionismo\/\",\"name\":\"Espiritualidad vicenciana: Asociacionismo - Somos Vicencianos\",\"isPartOf\":{\"@id\":\"https:\/\/vincentians.com\/es\/#website\"},\"primaryImageOfPage\":{\"@id\":\"http:\/\/vincentians.com\/es\/espiritualidad-vicenciana-asociacionismo\/#primaryimage\"},\"image\":{\"@id\":\"http:\/\/vincentians.com\/es\/espiritualidad-vicenciana-asociacionismo\/#primaryimage\"},\"thumbnailUrl\":\"https:\/\/i0.wp.com\/vincentians.com\/es\/wp-content\/uploads\/sites\/11\/2016\/07\/espiritualidad-vicenciana.jpg?fit=1200%2C630\",\"datePublished\":\"2016-08-30T06:28:07+00:00\",\"breadcrumb\":{\"@id\":\"http:\/\/vincentians.com\/es\/espiritualidad-vicenciana-asociacionismo\/#breadcrumb\"},\"inLanguage\":\"es\",\"potentialAction\":[{\"@type\":\"ReadAction\",\"target\":[\"http:\/\/vincentians.com\/es\/espiritualidad-vicenciana-asociacionismo\/\"]}]},{\"@type\":\"ImageObject\",\"inLanguage\":\"es\",\"@id\":\"http:\/\/vincentians.com\/es\/espiritualidad-vicenciana-asociacionismo\/#primaryimage\",\"url\":\"https:\/\/i0.wp.com\/vincentians.com\/es\/wp-content\/uploads\/sites\/11\/2016\/07\/espiritualidad-vicenciana.jpg?fit=1200%2C630\",\"contentUrl\":\"https:\/\/i0.wp.com\/vincentians.com\/es\/wp-content\/uploads\/sites\/11\/2016\/07\/espiritualidad-vicenciana.jpg?fit=1200%2C630\",\"width\":1200,\"height\":630},{\"@type\":\"BreadcrumbList\",\"@id\":\"http:\/\/vincentians.com\/es\/espiritualidad-vicenciana-asociacionismo\/#breadcrumb\",\"itemListElement\":[{\"@type\":\"ListItem\",\"position\":1,\"name\":\"Portada\",\"item\":\"https:\/\/vincentians.com\/es\/\"},{\"@type\":\"ListItem\",\"position\":2,\"name\":\"Espiritualidad vicenciana: Asociacionismo\"}]},{\"@type\":\"WebSite\",\"@id\":\"https:\/\/vincentians.com\/es\/#website\",\"url\":\"https:\/\/vincentians.com\/es\/\",\"name\":\"Somos Vicencianos\",\"description\":\"Know more to serve more\",\"publisher\":{\"@id\":\"https:\/\/vincentians.com\/es\/#organization\"},\"potentialAction\":[{\"@type\":\"SearchAction\",\"target\":{\"@type\":\"EntryPoint\",\"urlTemplate\":\"https:\/\/vincentians.com\/es\/?s={search_term_string}\"},\"query-input\":{\"@type\":\"PropertyValueSpecification\",\"valueRequired\":true,\"valueName\":\"search_term_string\"}}],\"inLanguage\":\"es\"},{\"@type\":\"Organization\",\"@id\":\"https:\/\/vincentians.com\/es\/#organization\",\"name\":\"The Vincentian Network\",\"url\":\"https:\/\/vincentians.com\/es\/\",\"logo\":{\"@type\":\"ImageObject\",\"inLanguage\":\"es\",\"@id\":\"https:\/\/vincentians.com\/es\/#\/schema\/logo\/image\/\",\"url\":\"https:\/\/i1.wp.com\/vincentians.com\/es\/wp-content\/uploads\/sites\/11\/2016\/06\/Vincentian-Network-logo-big.png?fit=778%2C778\",\"contentUrl\":\"https:\/\/i1.wp.com\/vincentians.com\/es\/wp-content\/uploads\/sites\/11\/2016\/06\/Vincentian-Network-logo-big.png?fit=778%2C778\",\"width\":778,\"height\":778,\"caption\":\"The Vincentian Network\"},\"image\":{\"@id\":\"https:\/\/vincentians.com\/es\/#\/schema\/logo\/image\/\"},\"sameAs\":[\"https:\/\/www.facebook.com\/WeAreVincentians\/\",\"https:\/\/x.com\/WeVincentians\"]},{\"@type\":\"Person\",\"@id\":\"https:\/\/vincentians.com\/es\/#\/schema\/person\/9623ef4d9aa3b2dfb8c061f1499288f2\",\"name\":\"Francisco Javier Fern\u00e1ndez Chento\",\"image\":{\"@type\":\"ImageObject\",\"inLanguage\":\"es\",\"@id\":\"https:\/\/vincentians.com\/es\/#\/schema\/person\/image\/\",\"url\":\"https:\/\/secure.gravatar.com\/avatar\/497d5cde87b4c3d097d0315953521681ba2cd523ee66e5077c3711f7021e65de?s=96&d=mm&r=g\",\"contentUrl\":\"https:\/\/secure.gravatar.com\/avatar\/497d5cde87b4c3d097d0315953521681ba2cd523ee66e5077c3711f7021e65de?s=96&d=mm&r=g\",\"caption\":\"Francisco Javier Fern\u00e1ndez Chento\"},\"description\":\"Director General y cofundador de La Red de Formaci\u00f3n Vicenciana. Javier es laico vicenciano, afiliado a la Congregaci\u00f3n de la Misi\u00f3n y miembro del Equipo de Misiones Populares de la provincia can\u00f3nica de Zaragoza (Espa\u00f1a) de la Congregaci\u00f3n de la Misi\u00f3n. Graduado en la Universidad Oberta de Catalunya con cuatro grados (Asistente de direcci\u00f3n, Gesti\u00f3n Administrativa, Recursos Humanos y Contabilidad Avanzada). Bil\u00edng\u00fce Espa\u00f1ol\/Ingl\u00e9s. gestiona y mantiene varias p\u00e1ginas web cristianas y vicencianas, incluida including La Red de Formaci\u00f3n Vicenciana, de la que es cofundador. Actualmente es responsable del \u00e1rea de Espa\u00f1ol de .famvin, la Red de Noticias de la Familia Vicenciana. Tambi\u00e9n es m\u00fasico cat\u00f3lico y ha editado varios discos. Es Director General y cofundador de Trovador, una reconocida compa\u00f1\u00eda discogr\u00e1fica critiana de Espa\u00f1a. Trabaja en las Tecnolog\u00edas de la Informaci\u00f3n, ofreciendo servicios de alojamiento, dise\u00f1o y mantenimiento Web, as\u00ed como asesoramiento, formaci\u00f3n y soluciones inform\u00e1ticas, gesti\u00f3n documental y digitalizaci\u00f3n de textos, edici\u00f3n y maquetaci\u00f3n de libros, revistas, flyers, etc.\",\"sameAs\":[\"http:\/\/chento.org\",\"https:\/\/www.facebook.com\/JavierChento\",\"https:\/\/x.com\/https:\/\/twitter.com\/javierchento\"],\"url\":\"http:\/\/vincentians.com\/es\/author\/chento\/\"}]}<\/script>\n<!-- \/ Yoast SEO plugin. -->","yoast_head_json":{"title":"Espiritualidad vicenciana: Asociacionismo - Somos Vicencianos","robots":{"index":"index","follow":"follow","max-snippet":"max-snippet:-1","max-image-preview":"max-image-preview:large","max-video-preview":"max-video-preview:-1"},"canonical":"http:\/\/vincentians.com\/es\/espiritualidad-vicenciana-asociacionismo\/","og_locale":"es_ES","og_type":"article","og_title":"Espiritualidad vicenciana: Asociacionismo - Somos Vicencianos","og_description":"Las Constituciones y la Bula fundacional de la Congregaci\u00f3n de la Misi\u00f3n mencionan expre\u00adsamente a las Cofrad\u00edas de la Caridad como aso\u00adciaci\u00f3n a establecer en las parroquias evangeli\u00adzadas por los misioneros. Posteriormente la C.M. acept\u00f3 ... Read More","og_url":"http:\/\/vincentians.com\/es\/espiritualidad-vicenciana-asociacionismo\/","og_site_name":"Somos Vicencianos","article_publisher":"https:\/\/www.facebook.com\/WeAreVincentians\/","article_author":"https:\/\/www.facebook.com\/JavierChento","article_published_time":"2016-08-30T06:28:07+00:00","og_image":[{"width":1200,"height":630,"url":"https:\/\/i0.wp.com\/vincentians.com\/es\/wp-content\/uploads\/sites\/11\/2016\/07\/espiritualidad-vicenciana.jpg?fit=1200%2C630","type":"image\/jpeg"}],"author":"Francisco Javier Fern\u00e1ndez Chento","twitter_card":"summary_large_image","twitter_creator":"@https:\/\/twitter.com\/javierchento","twitter_site":"@WeVincentians","twitter_misc":{"Escrito por":"Francisco Javier Fern\u00e1ndez Chento","Tiempo de lectura":"8 minutos"},"schema":{"@context":"https:\/\/schema.org","@graph":[{"@type":"Article","@id":"http:\/\/vincentians.com\/es\/espiritualidad-vicenciana-asociacionismo\/#article","isPartOf":{"@id":"http:\/\/vincentians.com\/es\/espiritualidad-vicenciana-asociacionismo\/"},"author":{"name":"Francisco Javier Fern\u00e1ndez Chento","@id":"https:\/\/vincentians.com\/es\/#\/schema\/person\/9623ef4d9aa3b2dfb8c061f1499288f2"},"headline":"Espiritualidad vicenciana: Asociacionismo","datePublished":"2016-08-30T06:28:07+00:00","mainEntityOfPage":{"@id":"http:\/\/vincentians.com\/es\/espiritualidad-vicenciana-asociacionismo\/"},"wordCount":1546,"commentCount":0,"publisher":{"@id":"https:\/\/vincentians.com\/es\/#organization"},"image":{"@id":"http:\/\/vincentians.com\/es\/espiritualidad-vicenciana-asociacionismo\/#primaryimage"},"thumbnailUrl":"https:\/\/i0.wp.com\/vincentians.com\/es\/wp-content\/uploads\/sites\/11\/2016\/07\/espiritualidad-vicenciana.jpg?fit=1200%2C630","keywords":["Perboyre","San L\u00e1zaro"],"articleSection":["Espiritualidad vicenciana"],"inLanguage":"es","potentialAction":[{"@type":"CommentAction","name":"Comment","target":["http:\/\/vincentians.com\/es\/espiritualidad-vicenciana-asociacionismo\/#respond"]}]},{"@type":"WebPage","@id":"http:\/\/vincentians.com\/es\/espiritualidad-vicenciana-asociacionismo\/","url":"http:\/\/vincentians.com\/es\/espiritualidad-vicenciana-asociacionismo\/","name":"Espiritualidad vicenciana: Asociacionismo - Somos Vicencianos","isPartOf":{"@id":"https:\/\/vincentians.com\/es\/#website"},"primaryImageOfPage":{"@id":"http:\/\/vincentians.com\/es\/espiritualidad-vicenciana-asociacionismo\/#primaryimage"},"image":{"@id":"http:\/\/vincentians.com\/es\/espiritualidad-vicenciana-asociacionismo\/#primaryimage"},"thumbnailUrl":"https:\/\/i0.wp.com\/vincentians.com\/es\/wp-content\/uploads\/sites\/11\/2016\/07\/espiritualidad-vicenciana.jpg?fit=1200%2C630","datePublished":"2016-08-30T06:28:07+00:00","breadcrumb":{"@id":"http:\/\/vincentians.com\/es\/espiritualidad-vicenciana-asociacionismo\/#breadcrumb"},"inLanguage":"es","potentialAction":[{"@type":"ReadAction","target":["http:\/\/vincentians.com\/es\/espiritualidad-vicenciana-asociacionismo\/"]}]},{"@type":"ImageObject","inLanguage":"es","@id":"http:\/\/vincentians.com\/es\/espiritualidad-vicenciana-asociacionismo\/#primaryimage","url":"https:\/\/i0.wp.com\/vincentians.com\/es\/wp-content\/uploads\/sites\/11\/2016\/07\/espiritualidad-vicenciana.jpg?fit=1200%2C630","contentUrl":"https:\/\/i0.wp.com\/vincentians.com\/es\/wp-content\/uploads\/sites\/11\/2016\/07\/espiritualidad-vicenciana.jpg?fit=1200%2C630","width":1200,"height":630},{"@type":"BreadcrumbList","@id":"http:\/\/vincentians.com\/es\/espiritualidad-vicenciana-asociacionismo\/#breadcrumb","itemListElement":[{"@type":"ListItem","position":1,"name":"Portada","item":"https:\/\/vincentians.com\/es\/"},{"@type":"ListItem","position":2,"name":"Espiritualidad vicenciana: Asociacionismo"}]},{"@type":"WebSite","@id":"https:\/\/vincentians.com\/es\/#website","url":"https:\/\/vincentians.com\/es\/","name":"Somos Vicencianos","description":"Know more to serve more","publisher":{"@id":"https:\/\/vincentians.com\/es\/#organization"},"potentialAction":[{"@type":"SearchAction","target":{"@type":"EntryPoint","urlTemplate":"https:\/\/vincentians.com\/es\/?s={search_term_string}"},"query-input":{"@type":"PropertyValueSpecification","valueRequired":true,"valueName":"search_term_string"}}],"inLanguage":"es"},{"@type":"Organization","@id":"https:\/\/vincentians.com\/es\/#organization","name":"The Vincentian Network","url":"https:\/\/vincentians.com\/es\/","logo":{"@type":"ImageObject","inLanguage":"es","@id":"https:\/\/vincentians.com\/es\/#\/schema\/logo\/image\/","url":"https:\/\/i1.wp.com\/vincentians.com\/es\/wp-content\/uploads\/sites\/11\/2016\/06\/Vincentian-Network-logo-big.png?fit=778%2C778","contentUrl":"https:\/\/i1.wp.com\/vincentians.com\/es\/wp-content\/uploads\/sites\/11\/2016\/06\/Vincentian-Network-logo-big.png?fit=778%2C778","width":778,"height":778,"caption":"The Vincentian Network"},"image":{"@id":"https:\/\/vincentians.com\/es\/#\/schema\/logo\/image\/"},"sameAs":["https:\/\/www.facebook.com\/WeAreVincentians\/","https:\/\/x.com\/WeVincentians"]},{"@type":"Person","@id":"https:\/\/vincentians.com\/es\/#\/schema\/person\/9623ef4d9aa3b2dfb8c061f1499288f2","name":"Francisco Javier Fern\u00e1ndez Chento","image":{"@type":"ImageObject","inLanguage":"es","@id":"https:\/\/vincentians.com\/es\/#\/schema\/person\/image\/","url":"https:\/\/secure.gravatar.com\/avatar\/497d5cde87b4c3d097d0315953521681ba2cd523ee66e5077c3711f7021e65de?s=96&d=mm&r=g","contentUrl":"https:\/\/secure.gravatar.com\/avatar\/497d5cde87b4c3d097d0315953521681ba2cd523ee66e5077c3711f7021e65de?s=96&d=mm&r=g","caption":"Francisco Javier Fern\u00e1ndez Chento"},"description":"Director General y cofundador de La Red de Formaci\u00f3n Vicenciana. Javier es laico vicenciano, afiliado a la Congregaci\u00f3n de la Misi\u00f3n y miembro del Equipo de Misiones Populares de la provincia can\u00f3nica de Zaragoza (Espa\u00f1a) de la Congregaci\u00f3n de la Misi\u00f3n. Graduado en la Universidad Oberta de Catalunya con cuatro grados (Asistente de direcci\u00f3n, Gesti\u00f3n Administrativa, Recursos Humanos y Contabilidad Avanzada). Bil\u00edng\u00fce Espa\u00f1ol\/Ingl\u00e9s. gestiona y mantiene varias p\u00e1ginas web cristianas y vicencianas, incluida including La Red de Formaci\u00f3n Vicenciana, de la que es cofundador. Actualmente es responsable del \u00e1rea de Espa\u00f1ol de .famvin, la Red de Noticias de la Familia Vicenciana. Tambi\u00e9n es m\u00fasico cat\u00f3lico y ha editado varios discos. Es Director General y cofundador de Trovador, una reconocida compa\u00f1\u00eda discogr\u00e1fica critiana de Espa\u00f1a. Trabaja en las Tecnolog\u00edas de la Informaci\u00f3n, ofreciendo servicios de alojamiento, dise\u00f1o y mantenimiento Web, as\u00ed como asesoramiento, formaci\u00f3n y soluciones inform\u00e1ticas, gesti\u00f3n documental y digitalizaci\u00f3n de textos, edici\u00f3n y maquetaci\u00f3n de libros, revistas, flyers, etc.","sameAs":["http:\/\/chento.org","https:\/\/www.facebook.com\/JavierChento","https:\/\/x.com\/https:\/\/twitter.com\/javierchento"],"url":"http:\/\/vincentians.com\/es\/author\/chento\/"}]}},"jetpack_publicize_connections":[],"jetpack_featured_media_url":"https:\/\/i0.wp.com\/vincentians.com\/es\/wp-content\/uploads\/sites\/11\/2016\/07\/espiritualidad-vicenciana.jpg?fit=1200%2C630","jetpack_sharing_enabled":true,"jetpack_shortlink":"https:\/\/wp.me\/p7ETMF-8v1","jetpack-related-posts":[{"id":139662,"url":"http:\/\/vincentians.com\/es\/promotores-de-las-asociaciones-laicales-vicencianas\/","url_meta":{"origin":32675,"position":0},"title":"Promotores de las Asociaciones Laicales Vicencianas","author":"Francisco Javier Fern\u00e1ndez Chento","date":"16\/02\/2015","format":false,"excerpt":"\u00abDespu\u00e9s de esto fue cami\u00adnando de pueblo en pueblo y de aldea en aldea procla\u00admando la buena noticia del Reino de Dios; le acompa\u00f1a\u00adban los Doce y algunas mu\u00adjeres que \u00e9l hab\u00eda curado de malos esp\u00edritus y enfermeda\u00addes: Mar\u00eda Magdalena, de la que hab\u00eda echado siete demonios, Juana, la mujer\u2026","rel":"","context":"En \u00abEspiritualidad vicenciana\u00bb","block_context":{"text":"Espiritualidad vicenciana","link":"http:\/\/vincentians.com\/es\/category\/espiritualidad\/espiritualidad-vicenciana\/"},"img":{"alt_text":"asd","src":"https:\/\/i0.wp.com\/vicencianos.org\/wp-content\/2015\/02\/asd2.jpg?resize=350%2C200","width":350,"height":200},"classes":[]},{"id":122934,"url":"http:\/\/vincentians.com\/es\/introduccion-a-la-espiritualidad-vicenciana-laical\/","url_meta":{"origin":32675,"position":1},"title":"Introducci\u00f3n a la espiritualidad vicenciana laical","author":"Francisco Javier Fern\u00e1ndez Chento","date":"24\/06\/2015","format":false,"excerpt":"1. Lo que pretendo De momento, en este trabajo, no pretendo ofre\u00adcer un tratado perfecto y acabado de la espiritua\u00adlidad vicenciana laical, sino m\u00e1s bien asentar unos principios a modo de introducci\u00f3n. El pro\u00adyecto es ofrecer algunos criterios que puedan ayudar al laico vicenciano a vivir su condici\u00f3n de cristiano,\u2026","rel":"","context":"En \u00abEspiritualidad vicenciana\u00bb","block_context":{"text":"Espiritualidad vicenciana","link":"http:\/\/vincentians.com\/es\/category\/espiritualidad\/espiritualidad-vicenciana\/"},"img":{"alt_text":"sanvi_famvi","src":"https:\/\/i0.wp.com\/vicencianos.org\/wp-content\/2010\/12\/sanvi_famvi-300x296.jpg?resize=350%2C200","width":350,"height":200},"classes":[]},{"id":398639,"url":"http:\/\/vincentians.com\/es\/aportacion-del-carisma-vicenciano-la-mision-la-iglesia-3\/","url_meta":{"origin":32675,"position":2},"title":"Aportaci\u00f3n del carisma vicenciano a la Misi\u00f3n de la Iglesia (3)","author":"Francisco Javier Fern\u00e1ndez Chento","date":"06\/08\/2016","format":false,"excerpt":"3.- La participaci\u00f3n de los laicos, y particularmente de la mujer, en la Misi\u00f3n de los ap\u00f3stoles. Los bi\u00f3grafos de San Vicente de Pa\u00fal y de Santa Luisa de Marillac destacan su importante contribuci\u00f3n a la promoci\u00f3n de los laicos, y particularmente de la mujer, al apostolado en la Iglesia.\u2026","rel":"","context":"En \u00abFormaci\u00f3n Vicenciana\u00bb","block_context":{"text":"Formaci\u00f3n Vicenciana","link":"http:\/\/vincentians.com\/es\/category\/formacion-vicenciana\/"},"img":{"alt_text":"","src":"https:\/\/i0.wp.com\/vincentians.com\/es\/wp-content\/uploads\/sites\/11\/2016\/06\/contributions-charism.jpg?fit=1200%2C630&resize=350%2C200","width":350,"height":200,"srcset":"https:\/\/i0.wp.com\/vincentians.com\/es\/wp-content\/uploads\/sites\/11\/2016\/06\/contributions-charism.jpg?fit=1200%2C630&resize=350%2C200 1x, https:\/\/i0.wp.com\/vincentians.com\/es\/wp-content\/uploads\/sites\/11\/2016\/06\/contributions-charism.jpg?fit=1200%2C630&resize=525%2C300 1.5x, https:\/\/i0.wp.com\/vincentians.com\/es\/wp-content\/uploads\/sites\/11\/2016\/06\/contributions-charism.jpg?fit=1200%2C630&resize=700%2C400 2x, https:\/\/i0.wp.com\/vincentians.com\/es\/wp-content\/uploads\/sites\/11\/2016\/06\/contributions-charism.jpg?fit=1200%2C630&resize=1050%2C600 3x"},"classes":[]},{"id":122918,"url":"http:\/\/vincentians.com\/es\/animacion-de-la-formacion\/","url_meta":{"origin":32675,"position":3},"title":"Animaci\u00f3n de la formaci\u00f3n","author":"Francisco Javier Fern\u00e1ndez Chento","date":"21\/09\/2022","format":false,"excerpt":"1. Introducci\u00f3n Cuando se me encomend\u00f3 presentar esta Comunicaci\u00f3n se me dijo que lo hiciera desde mi experiencia pastoral en el campo de la Familia Vicenciana. Lo voy a intentar. Quiero empezar afir\u00admando que considero una gracia muy grande el haber podido trabajar como Consiliario o Asesor o simplemente como\u2026","rel":"","context":"En \u00abFormaci\u00f3n Cristiana\u00bb","block_context":{"text":"Formaci\u00f3n Cristiana","link":"http:\/\/vincentians.com\/es\/category\/formacion-cristiana\/"},"img":{"alt_text":"","src":"https:\/\/i0.wp.com\/vincentians.com\/es\/wp-content\/uploads\/sites\/11\/2013\/04\/formacion_permanente.jpg?fit=303%2C303&resize=350%2C200","width":350,"height":200},"classes":[]},{"id":126479,"url":"http:\/\/vincentians.com\/es\/el-laicado-vicenciano-a-la-luz-del-vaticano-ii\/","url_meta":{"origin":32675,"position":4},"title":"El Laicado Vicenciano a la luz del Vaticano II","author":"Francisco Javier Fern\u00e1ndez Chento","date":"26\/08\/2019","format":false,"excerpt":"De entrada, confieso mi rubor y mi atrevimiento. Porque soy consciente de que puedo caer en la sempiterna tentaci\u00f3n del t\u00edpico cl\u00e9rigo que, desde las alambradas del dogmatismo, se permite adoctrinar a los \"pobrecitos\" laicos, como si ellos no fueran mayores de edad y protagonis\u00adtas de su compromiso vital. Sin\u2026","rel":"","context":"En \u00abFormaci\u00f3n Vicenciana\u00bb","block_context":{"text":"Formaci\u00f3n Vicenciana","link":"http:\/\/vincentians.com\/es\/category\/formacion-vicenciana\/"},"img":{"alt_text":"","src":"https:\/\/i0.wp.com\/vincentians.com\/es\/wp-content\/uploads\/sites\/11\/2016\/09\/vincentian-missionarie.jpg?fit=846%2C444&resize=350%2C200","width":350,"height":200,"srcset":"https:\/\/i0.wp.com\/vincentians.com\/es\/wp-content\/uploads\/sites\/11\/2016\/09\/vincentian-missionarie.jpg?fit=846%2C444&resize=350%2C200 1x, https:\/\/i0.wp.com\/vincentians.com\/es\/wp-content\/uploads\/sites\/11\/2016\/09\/vincentian-missionarie.jpg?fit=846%2C444&resize=525%2C300 1.5x, https:\/\/i0.wp.com\/vincentians.com\/es\/wp-content\/uploads\/sites\/11\/2016\/09\/vincentian-missionarie.jpg?fit=846%2C444&resize=700%2C400 2x"},"classes":[]},{"id":131332,"url":"http:\/\/vincentians.com\/es\/vida-fraterna-en-comun\/","url_meta":{"origin":32675,"position":5},"title":"Vida fraterna en com\u00fan","author":"Francisco Javier Fern\u00e1ndez Chento","date":"01\/10\/2014","format":false,"excerpt":"\"Mientras sub\u00eda a la monta\u00f1a fue llamando a los que \u00e9l quiso y se reunieron con \u00e9l. Design\u00f3 a doce para que fueran sus compa\u00f1eros y para enviarles a predicar con poder de expulsar demonios\". (Mc. 7, 13.15). \"La Congregaci\u00f3n de la Misi\u00f3n es una sociedad clerical de vida apost\u00f3lica\u2026","rel":"","context":"En \u00abEspiritualidad vicenciana\u00bb","block_context":{"text":"Espiritualidad vicenciana","link":"http:\/\/vincentians.com\/es\/category\/espiritualidad\/espiritualidad-vicenciana\/"},"img":{"alt_text":"duccio296","src":"https:\/\/i0.wp.com\/vicencianos.org\/wp-content\/2014\/10\/duccio296-300x240.jpg?resize=350%2C200","width":350,"height":200},"classes":[]}],"_links":{"self":[{"href":"http:\/\/vincentians.com\/es\/wp-json\/wp\/v2\/posts\/32675","targetHints":{"allow":["GET"]}}],"collection":[{"href":"http:\/\/vincentians.com\/es\/wp-json\/wp\/v2\/posts"}],"about":[{"href":"http:\/\/vincentians.com\/es\/wp-json\/wp\/v2\/types\/post"}],"author":[{"embeddable":true,"href":"http:\/\/vincentians.com\/es\/wp-json\/wp\/v2\/users\/4"}],"replies":[{"embeddable":true,"href":"http:\/\/vincentians.com\/es\/wp-json\/wp\/v2\/comments?post=32675"}],"version-history":[{"count":0,"href":"http:\/\/vincentians.com\/es\/wp-json\/wp\/v2\/posts\/32675\/revisions"}],"wp:featuredmedia":[{"embeddable":true,"href":"http:\/\/vincentians.com\/es\/wp-json\/wp\/v2\/media\/388395"}],"wp:attachment":[{"href":"http:\/\/vincentians.com\/es\/wp-json\/wp\/v2\/media?parent=32675"}],"wp:term":[{"taxonomy":"category","embeddable":true,"href":"http:\/\/vincentians.com\/es\/wp-json\/wp\/v2\/categories?post=32675"},{"taxonomy":"post_tag","embeddable":true,"href":"http:\/\/vincentians.com\/es\/wp-json\/wp\/v2\/tags?post=32675"}],"curies":[{"name":"wp","href":"https:\/\/api.w.org\/{rel}","templated":true}]}}