{"id":320,"date":"2009-11-18T14:23:19","date_gmt":"2009-11-18T12:23:19","guid":{"rendered":"http:\/\/somos.vicencianos.org\/blog\/?p=320"},"modified":"2016-07-27T12:15:48","modified_gmt":"2016-07-27T10:15:48","slug":"ramiro-rodriguez","status":"publish","type":"post","link":"http:\/\/vincentians.com\/es\/ramiro-rodriguez\/","title":{"rendered":"Ramiro Rodr\u00edguez"},"content":{"rendered":"<table border=\"1\" cellspacing=\"0\" cellpadding=\"0\">\n<tbody>\n<tr>\n<td width=\"36\" valign=\"top\">\n<p align=\"center\"><strong>12<\/strong><\/p>\n<\/td>\n<td width=\"195\" valign=\"top\">\n<p align=\"center\"><strong>P. Ramiro Rodr\u00edguez<\/strong><\/p>\n<\/td>\n<td width=\"79\" valign=\"top\">\n<p align=\"center\"><strong>22-09-75<\/strong><\/p>\n<\/td>\n<td width=\"113\" valign=\"top\">\n<p align=\"center\"><strong>La Orotava<\/strong><\/p>\n<\/td>\n<td width=\"153\" valign=\"top\">\n<p align=\"center\"><strong>Anales 75, p. 710<\/strong><\/p>\n<\/td>\n<\/tr>\n<\/tbody>\n<\/table>\n<p><a href=\"https:\/\/i0.wp.com\/vicencianos.org\/vicencianos\/files\/2009\/11\/reginamundip.jpg\"><img data-recalc-dims=\"1\" loading=\"lazy\" decoding=\"async\" class=\"alignleft size-full wp-image-559\" src=\"https:\/\/i0.wp.com\/vicencianos.org\/vicencianos\/files\/2009\/11\/reginamundip.jpg?resize=270%2C203\" alt=\"reginamundip\" width=\"270\" height=\"203\" \/><\/a>Ramiro fue un hombre bueno. En boca de uno de los Padres, que concelebrando por \u00e9l, nos re\u00adunimos en La Orotava, fue un \u00abni\u00ad\u00f1o grande\u00bb en el mejor sentido de la expresi\u00f3n: se re\u00eda, se agitaba por el m\u00e1s peque\u00f1o suceso; un hombre incapaz de hacer da\u00f1o a nadie; se daba a todo el mundo v en eso encontraba toda su alegr\u00eda. Preocupado por su enfermedad, se daba todo el mundo y en los a\u00f1os que conviv\u00ed con \u00e9l no en\u00adcontr\u00e9 nada en lo que \u00e9l no fuera feliz, salvo la angustia que de vez en cuando le produc\u00eda su coraz\u00f3n enfermo.<\/p>\n<p>Recuerdo con admiraci\u00f3n que todos sus temas de conversaci\u00f3n incid\u00edan en su vida sacerdotal, su cari\u00f1o por la comunidad y su con\u00adtento en el trato con la gente: era raro y hasta c\u00f3mico o\u00edrle hablar de otras cosas. De ah\u00ed que los Pa\u00addres, cuando le recordamos, deci\u00admos un\u00e1nimemente de su amor a la comunidad; de ah\u00ed que la gente de nuestras parroquias de And\u00fa\u00adjar y La Orotava y de Garachico -su residencia de estos \u00faltimos meses- le recuerden, asombrosa\u00admente tantos, como gran sacerdo\u00adte y todos como un hombre muy bueno y hasta divertido.<\/p>\n<p>Forzosamente, despu\u00e9s de tan\u00adtos a\u00f1os juntos, no puedo menos de recordar c\u00f3mo le ve\u00eda a diario: un hombre de oraci\u00f3n, un empe\u00addernido lector -\u00e9l dec\u00eda que a la fuerza- de los libros de siempre de las revistas a que estuviese suscrita la casa, preparando y es\u00adcribiendo todas sus homil\u00edas, con\u00adversando con todo el que cayera a su alrededor, ya que se fatiga\u00adba por poco que caminara. Creo que \u00e9ste pod\u00eda ser el \u00aborden del d\u00eda\u00bb del Ramiro de estos \u00faltimos siete a\u00f1os. Y el confesonario: si he conocido a un sacerdote al que no le cansara el confesonario, ese era \u00e9l.<\/p>\n<p>Y poco m\u00e1s se puede decir del Ramiro de esta \u00faltima etapa de su vida. Otra cosa tendr\u00e1n que de\u00adcir desde Venezuela, donde dej\u00f3 la mayor parte de su vida, de su dedicaci\u00f3n, de su vocaci\u00f3n vicen\u00adciana. All\u00ed gast\u00f3 su coraz\u00f3n; aqu\u00ed lleg\u00f3 ya herido de muerte, aunque con frecuencia tom\u00e1ramos a bro\u00adma sus palpitaciones.<\/p>\n<p>Salvador Quintero<\/p>\n","protected":false},"excerpt":{"rendered":"<p>12 P. Ramiro Rodr\u00edguez 22-09-75 La Orotava Anales 75, p. 710 Ramiro fue un hombre bueno. En boca de uno de los Padres, que concelebrando por \u00e9l, nos re\u00adunimos en La Orotava, fue un \u00abni\u00ad\u00f1o &#8230; <a href=\"http:\/\/vincentians.com\/es\/ramiro-rodriguez\/\" class=\"more-link\">Read More<\/a><\/p>\n","protected":false},"author":5,"featured_media":391249,"comment_status":"open","ping_status":"open","sticky":false,"template":"","format":"standard","meta":{"rs_blank_template":"","rs_page_bg_color":"","slide_template_v7":"","_jetpack_newsletter_access":"","_jetpack_dont_email_post_to_subs":false,"_jetpack_newsletter_tier_id":0,"_jetpack_memberships_contains_paywalled_content":false,"_jetpack_feature_clip_id":0,"_jetpack_memberships_contains_paid_content":false,"footnotes":"","jetpack_publicize_message":"","jetpack_publicize_feature_enabled":true,"jetpack_social_post_already_shared":true,"jetpack_social_options":{"image_generator_settings":{"template":"highway","default_image_id":0,"font":"","enabled":false},"version":2},"jetpack_post_was_ever_published":false},"categories":[19],"tags":[],"class_list":["post-320","post","type-post","status-publish","format-standard","has-post-thumbnail","hentry","category-biografias-de-misioneros-paules"],"yoast_head":"<!-- This site is optimized with the Yoast SEO plugin v27.9 - https:\/\/yoast.com\/product\/yoast-seo-wordpress\/ -->\n<title>Ramiro Rodr\u00edguez - Somos Vicencianos<\/title>\n<meta name=\"robots\" content=\"index, follow, max-snippet:-1, max-image-preview:large, max-video-preview:-1\" \/>\n<link rel=\"canonical\" href=\"http:\/\/vincentians.com\/es\/ramiro-rodriguez\/\" \/>\n<meta property=\"og:locale\" content=\"es_ES\" \/>\n<meta property=\"og:type\" content=\"article\" \/>\n<meta property=\"og:title\" content=\"Ramiro Rodr\u00edguez - Somos Vicencianos\" \/>\n<meta property=\"og:description\" content=\"12 P. Ramiro Rodr\u00edguez 22-09-75 La Orotava Anales 75, p. 710 Ramiro fue un hombre bueno. En boca de uno de los Padres, que concelebrando por \u00e9l, nos re\u00adunimos en La Orotava, fue un \u00abni\u00ad\u00f1o ... Read More\" \/>\n<meta property=\"og:url\" content=\"http:\/\/vincentians.com\/es\/ramiro-rodriguez\/\" \/>\n<meta property=\"og:site_name\" content=\"Somos Vicencianos\" \/>\n<meta property=\"article:publisher\" content=\"https:\/\/www.facebook.com\/WeAreVincentians\/\" \/>\n<meta property=\"article:published_time\" content=\"2009-11-18T12:23:19+00:00\" \/>\n<meta property=\"article:modified_time\" content=\"2016-07-27T10:15:48+00:00\" \/>\n<meta property=\"og:image\" content=\"https:\/\/i0.wp.com\/vincentians.com\/es\/wp-content\/uploads\/sites\/11\/2016\/07\/bio-cm.jpg?fit=1200%2C630\" \/>\n\t<meta property=\"og:image:width\" content=\"1200\" \/>\n\t<meta property=\"og:image:height\" content=\"630\" \/>\n\t<meta property=\"og:image:type\" content=\"image\/jpeg\" \/>\n<meta name=\"author\" content=\"Mitxel Olabu\u00e9naga\" \/>\n<meta name=\"twitter:card\" content=\"summary_large_image\" \/>\n<meta name=\"twitter:creator\" content=\"@WeVincentians\" \/>\n<meta name=\"twitter:site\" content=\"@WeVincentians\" \/>\n<meta name=\"twitter:label1\" content=\"Escrito por\" \/>\n\t<meta name=\"twitter:data1\" content=\"Mitxel Olabu\u00e9naga\" \/>\n\t<meta name=\"twitter:label2\" content=\"Tiempo de lectura\" \/>\n\t<meta name=\"twitter:data2\" content=\"2 minutos\" \/>\n<script type=\"application\/ld+json\" class=\"yoast-schema-graph\">{\"@context\":\"https:\\\/\\\/schema.org\",\"@graph\":[{\"@type\":\"Article\",\"@id\":\"http:\\\/\\\/vincentians.com\\\/es\\\/ramiro-rodriguez\\\/#article\",\"isPartOf\":{\"@id\":\"http:\\\/\\\/vincentians.com\\\/es\\\/ramiro-rodriguez\\\/\"},\"author\":{\"name\":\"Mitxel Olabu\u00e9naga\",\"@id\":\"http:\\\/\\\/vincentians.com\\\/es\\\/#\\\/schema\\\/person\\\/7c2670b4445a7ca9d164ea6acdb31859\"},\"headline\":\"Ramiro Rodr\u00edguez\",\"datePublished\":\"2009-11-18T12:23:19+00:00\",\"dateModified\":\"2016-07-27T10:15:48+00:00\",\"mainEntityOfPage\":{\"@id\":\"http:\\\/\\\/vincentians.com\\\/es\\\/ramiro-rodriguez\\\/\"},\"wordCount\":416,\"commentCount\":0,\"publisher\":{\"@id\":\"http:\\\/\\\/vincentians.com\\\/es\\\/#organization\"},\"image\":{\"@id\":\"http:\\\/\\\/vincentians.com\\\/es\\\/ramiro-rodriguez\\\/#primaryimage\"},\"thumbnailUrl\":\"https:\\\/\\\/i0.wp.com\\\/vincentians.com\\\/es\\\/wp-content\\\/uploads\\\/sites\\\/11\\\/2016\\\/07\\\/bio-cm.jpg?fit=1200%2C630\",\"articleSection\":[\"Biograf\u00edas de Misioneros Pa\u00fales\"],\"inLanguage\":\"es\",\"potentialAction\":[{\"@type\":\"CommentAction\",\"name\":\"Comment\",\"target\":[\"http:\\\/\\\/vincentians.com\\\/es\\\/ramiro-rodriguez\\\/#respond\"]}]},{\"@type\":\"WebPage\",\"@id\":\"http:\\\/\\\/vincentians.com\\\/es\\\/ramiro-rodriguez\\\/\",\"url\":\"http:\\\/\\\/vincentians.com\\\/es\\\/ramiro-rodriguez\\\/\",\"name\":\"Ramiro Rodr\u00edguez - Somos Vicencianos\",\"isPartOf\":{\"@id\":\"http:\\\/\\\/vincentians.com\\\/es\\\/#website\"},\"primaryImageOfPage\":{\"@id\":\"http:\\\/\\\/vincentians.com\\\/es\\\/ramiro-rodriguez\\\/#primaryimage\"},\"image\":{\"@id\":\"http:\\\/\\\/vincentians.com\\\/es\\\/ramiro-rodriguez\\\/#primaryimage\"},\"thumbnailUrl\":\"https:\\\/\\\/i0.wp.com\\\/vincentians.com\\\/es\\\/wp-content\\\/uploads\\\/sites\\\/11\\\/2016\\\/07\\\/bio-cm.jpg?fit=1200%2C630\",\"datePublished\":\"2009-11-18T12:23:19+00:00\",\"dateModified\":\"2016-07-27T10:15:48+00:00\",\"breadcrumb\":{\"@id\":\"http:\\\/\\\/vincentians.com\\\/es\\\/ramiro-rodriguez\\\/#breadcrumb\"},\"inLanguage\":\"es\",\"potentialAction\":[{\"@type\":\"ReadAction\",\"target\":[\"http:\\\/\\\/vincentians.com\\\/es\\\/ramiro-rodriguez\\\/\"]}]},{\"@type\":\"ImageObject\",\"inLanguage\":\"es\",\"@id\":\"http:\\\/\\\/vincentians.com\\\/es\\\/ramiro-rodriguez\\\/#primaryimage\",\"url\":\"https:\\\/\\\/i0.wp.com\\\/vincentians.com\\\/es\\\/wp-content\\\/uploads\\\/sites\\\/11\\\/2016\\\/07\\\/bio-cm.jpg?fit=1200%2C630\",\"contentUrl\":\"https:\\\/\\\/i0.wp.com\\\/vincentians.com\\\/es\\\/wp-content\\\/uploads\\\/sites\\\/11\\\/2016\\\/07\\\/bio-cm.jpg?fit=1200%2C630\",\"width\":1200,\"height\":630},{\"@type\":\"BreadcrumbList\",\"@id\":\"http:\\\/\\\/vincentians.com\\\/es\\\/ramiro-rodriguez\\\/#breadcrumb\",\"itemListElement\":[{\"@type\":\"ListItem\",\"position\":1,\"name\":\"Portada\",\"item\":\"http:\\\/\\\/vincentians.com\\\/es\\\/\"},{\"@type\":\"ListItem\",\"position\":2,\"name\":\"Ramiro Rodr\u00edguez\"}]},{\"@type\":\"WebSite\",\"@id\":\"http:\\\/\\\/vincentians.com\\\/es\\\/#website\",\"url\":\"http:\\\/\\\/vincentians.com\\\/es\\\/\",\"name\":\"Somos Vicencianos\",\"description\":\"Know more to serve more\",\"publisher\":{\"@id\":\"http:\\\/\\\/vincentians.com\\\/es\\\/#organization\"},\"potentialAction\":[{\"@type\":\"SearchAction\",\"target\":{\"@type\":\"EntryPoint\",\"urlTemplate\":\"http:\\\/\\\/vincentians.com\\\/es\\\/?s={search_term_string}\"},\"query-input\":{\"@type\":\"PropertyValueSpecification\",\"valueRequired\":true,\"valueName\":\"search_term_string\"}}],\"inLanguage\":\"es\"},{\"@type\":\"Organization\",\"@id\":\"http:\\\/\\\/vincentians.com\\\/es\\\/#organization\",\"name\":\"The Vincentian Network\",\"url\":\"http:\\\/\\\/vincentians.com\\\/es\\\/\",\"logo\":{\"@type\":\"ImageObject\",\"inLanguage\":\"es\",\"@id\":\"http:\\\/\\\/vincentians.com\\\/es\\\/#\\\/schema\\\/logo\\\/image\\\/\",\"url\":\"https:\\\/\\\/i1.wp.com\\\/vincentians.com\\\/es\\\/wp-content\\\/uploads\\\/sites\\\/11\\\/2016\\\/06\\\/Vincentian-Network-logo-big.png?fit=778%2C778\",\"contentUrl\":\"https:\\\/\\\/i1.wp.com\\\/vincentians.com\\\/es\\\/wp-content\\\/uploads\\\/sites\\\/11\\\/2016\\\/06\\\/Vincentian-Network-logo-big.png?fit=778%2C778\",\"width\":778,\"height\":778,\"caption\":\"The Vincentian Network\"},\"image\":{\"@id\":\"http:\\\/\\\/vincentians.com\\\/es\\\/#\\\/schema\\\/logo\\\/image\\\/\"},\"sameAs\":[\"https:\\\/\\\/www.facebook.com\\\/WeAreVincentians\\\/\",\"https:\\\/\\\/x.com\\\/WeVincentians\"]},{\"@type\":\"Person\",\"@id\":\"http:\\\/\\\/vincentians.com\\\/es\\\/#\\\/schema\\\/person\\\/7c2670b4445a7ca9d164ea6acdb31859\",\"name\":\"Mitxel Olabu\u00e9naga\",\"image\":{\"@type\":\"ImageObject\",\"inLanguage\":\"es\",\"@id\":\"https:\\\/\\\/secure.gravatar.com\\\/avatar\\\/34137ec2e2b8939cbbed975731e71f3f4f1defc7266ded337a5ce0f925426877?s=96&d=mm&r=g\",\"url\":\"https:\\\/\\\/secure.gravatar.com\\\/avatar\\\/34137ec2e2b8939cbbed975731e71f3f4f1defc7266ded337a5ce0f925426877?s=96&d=mm&r=g\",\"contentUrl\":\"https:\\\/\\\/secure.gravatar.com\\\/avatar\\\/34137ec2e2b8939cbbed975731e71f3f4f1defc7266ded337a5ce0f925426877?s=96&d=mm&r=g\",\"caption\":\"Mitxel Olabu\u00e9naga\"},\"url\":\"http:\\\/\\\/vincentians.com\\\/es\\\/author\\\/mitxel\\\/\"}]}<\/script>\n<!-- \/ Yoast SEO plugin. -->","yoast_head_json":{"title":"Ramiro Rodr\u00edguez - Somos Vicencianos","robots":{"index":"index","follow":"follow","max-snippet":"max-snippet:-1","max-image-preview":"max-image-preview:large","max-video-preview":"max-video-preview:-1"},"canonical":"http:\/\/vincentians.com\/es\/ramiro-rodriguez\/","og_locale":"es_ES","og_type":"article","og_title":"Ramiro Rodr\u00edguez - Somos Vicencianos","og_description":"12 P. Ramiro Rodr\u00edguez 22-09-75 La Orotava Anales 75, p. 710 Ramiro fue un hombre bueno. En boca de uno de los Padres, que concelebrando por \u00e9l, nos re\u00adunimos en La Orotava, fue un \u00abni\u00ad\u00f1o ... Read More","og_url":"http:\/\/vincentians.com\/es\/ramiro-rodriguez\/","og_site_name":"Somos Vicencianos","article_publisher":"https:\/\/www.facebook.com\/WeAreVincentians\/","article_published_time":"2009-11-18T12:23:19+00:00","article_modified_time":"2016-07-27T10:15:48+00:00","og_image":[{"width":1200,"height":630,"url":"https:\/\/i0.wp.com\/vincentians.com\/es\/wp-content\/uploads\/sites\/11\/2016\/07\/bio-cm.jpg?fit=1200%2C630","type":"image\/jpeg"}],"author":"Mitxel Olabu\u00e9naga","twitter_card":"summary_large_image","twitter_creator":"@WeVincentians","twitter_site":"@WeVincentians","twitter_misc":{"Escrito por":"Mitxel Olabu\u00e9naga","Tiempo de lectura":"2 minutos"},"schema":{"@context":"https:\/\/schema.org","@graph":[{"@type":"Article","@id":"http:\/\/vincentians.com\/es\/ramiro-rodriguez\/#article","isPartOf":{"@id":"http:\/\/vincentians.com\/es\/ramiro-rodriguez\/"},"author":{"name":"Mitxel Olabu\u00e9naga","@id":"http:\/\/vincentians.com\/es\/#\/schema\/person\/7c2670b4445a7ca9d164ea6acdb31859"},"headline":"Ramiro Rodr\u00edguez","datePublished":"2009-11-18T12:23:19+00:00","dateModified":"2016-07-27T10:15:48+00:00","mainEntityOfPage":{"@id":"http:\/\/vincentians.com\/es\/ramiro-rodriguez\/"},"wordCount":416,"commentCount":0,"publisher":{"@id":"http:\/\/vincentians.com\/es\/#organization"},"image":{"@id":"http:\/\/vincentians.com\/es\/ramiro-rodriguez\/#primaryimage"},"thumbnailUrl":"https:\/\/i0.wp.com\/vincentians.com\/es\/wp-content\/uploads\/sites\/11\/2016\/07\/bio-cm.jpg?fit=1200%2C630","articleSection":["Biograf\u00edas de Misioneros Pa\u00fales"],"inLanguage":"es","potentialAction":[{"@type":"CommentAction","name":"Comment","target":["http:\/\/vincentians.com\/es\/ramiro-rodriguez\/#respond"]}]},{"@type":"WebPage","@id":"http:\/\/vincentians.com\/es\/ramiro-rodriguez\/","url":"http:\/\/vincentians.com\/es\/ramiro-rodriguez\/","name":"Ramiro Rodr\u00edguez - Somos Vicencianos","isPartOf":{"@id":"http:\/\/vincentians.com\/es\/#website"},"primaryImageOfPage":{"@id":"http:\/\/vincentians.com\/es\/ramiro-rodriguez\/#primaryimage"},"image":{"@id":"http:\/\/vincentians.com\/es\/ramiro-rodriguez\/#primaryimage"},"thumbnailUrl":"https:\/\/i0.wp.com\/vincentians.com\/es\/wp-content\/uploads\/sites\/11\/2016\/07\/bio-cm.jpg?fit=1200%2C630","datePublished":"2009-11-18T12:23:19+00:00","dateModified":"2016-07-27T10:15:48+00:00","breadcrumb":{"@id":"http:\/\/vincentians.com\/es\/ramiro-rodriguez\/#breadcrumb"},"inLanguage":"es","potentialAction":[{"@type":"ReadAction","target":["http:\/\/vincentians.com\/es\/ramiro-rodriguez\/"]}]},{"@type":"ImageObject","inLanguage":"es","@id":"http:\/\/vincentians.com\/es\/ramiro-rodriguez\/#primaryimage","url":"https:\/\/i0.wp.com\/vincentians.com\/es\/wp-content\/uploads\/sites\/11\/2016\/07\/bio-cm.jpg?fit=1200%2C630","contentUrl":"https:\/\/i0.wp.com\/vincentians.com\/es\/wp-content\/uploads\/sites\/11\/2016\/07\/bio-cm.jpg?fit=1200%2C630","width":1200,"height":630},{"@type":"BreadcrumbList","@id":"http:\/\/vincentians.com\/es\/ramiro-rodriguez\/#breadcrumb","itemListElement":[{"@type":"ListItem","position":1,"name":"Portada","item":"http:\/\/vincentians.com\/es\/"},{"@type":"ListItem","position":2,"name":"Ramiro Rodr\u00edguez"}]},{"@type":"WebSite","@id":"http:\/\/vincentians.com\/es\/#website","url":"http:\/\/vincentians.com\/es\/","name":"Somos Vicencianos","description":"Know more to serve more","publisher":{"@id":"http:\/\/vincentians.com\/es\/#organization"},"potentialAction":[{"@type":"SearchAction","target":{"@type":"EntryPoint","urlTemplate":"http:\/\/vincentians.com\/es\/?s={search_term_string}"},"query-input":{"@type":"PropertyValueSpecification","valueRequired":true,"valueName":"search_term_string"}}],"inLanguage":"es"},{"@type":"Organization","@id":"http:\/\/vincentians.com\/es\/#organization","name":"The Vincentian Network","url":"http:\/\/vincentians.com\/es\/","logo":{"@type":"ImageObject","inLanguage":"es","@id":"http:\/\/vincentians.com\/es\/#\/schema\/logo\/image\/","url":"https:\/\/i1.wp.com\/vincentians.com\/es\/wp-content\/uploads\/sites\/11\/2016\/06\/Vincentian-Network-logo-big.png?fit=778%2C778","contentUrl":"https:\/\/i1.wp.com\/vincentians.com\/es\/wp-content\/uploads\/sites\/11\/2016\/06\/Vincentian-Network-logo-big.png?fit=778%2C778","width":778,"height":778,"caption":"The Vincentian Network"},"image":{"@id":"http:\/\/vincentians.com\/es\/#\/schema\/logo\/image\/"},"sameAs":["https:\/\/www.facebook.com\/WeAreVincentians\/","https:\/\/x.com\/WeVincentians"]},{"@type":"Person","@id":"http:\/\/vincentians.com\/es\/#\/schema\/person\/7c2670b4445a7ca9d164ea6acdb31859","name":"Mitxel Olabu\u00e9naga","image":{"@type":"ImageObject","inLanguage":"es","@id":"https:\/\/secure.gravatar.com\/avatar\/34137ec2e2b8939cbbed975731e71f3f4f1defc7266ded337a5ce0f925426877?s=96&d=mm&r=g","url":"https:\/\/secure.gravatar.com\/avatar\/34137ec2e2b8939cbbed975731e71f3f4f1defc7266ded337a5ce0f925426877?s=96&d=mm&r=g","contentUrl":"https:\/\/secure.gravatar.com\/avatar\/34137ec2e2b8939cbbed975731e71f3f4f1defc7266ded337a5ce0f925426877?s=96&d=mm&r=g","caption":"Mitxel Olabu\u00e9naga"},"url":"http:\/\/vincentians.com\/es\/author\/mitxel\/"}]}},"jetpack_publicize_connections":[],"jetpack_featured_media_url":"https:\/\/i0.wp.com\/vincentians.com\/es\/wp-content\/uploads\/sites\/11\/2016\/07\/bio-cm.jpg?fit=1200%2C630","jetpack_sharing_enabled":true,"jetpack_shortlink":"https:\/\/wp.me\/p7ETMF-5a","jetpack-related-posts":[{"id":39656,"url":"http:\/\/vincentians.com\/es\/misiones-populares-en-espana-1975-2000-1977\/","url_meta":{"origin":320,"position":0},"title":"Misiones populares en Espa\u00f1a, 1975-2000: 1977","author":"Francisco Javier Fern\u00e1ndez Chento","date":"28\/09\/2014","format":false,"excerpt":"1977 1.- SAN MART\u00cdN DEL TESORILLO (C\u00e1diz) y EL SECADERO (M\u00e1laga): 4-13 febrero. PP. Antonio Fern\u00e1ndez Maside, Miguel P\u00e9rez Flores y Alberto L\u00f3pez S\u00e1nchez. Junto con dos HH. de la C. Amplio estudio de Antonio Fern\u00e1ndez Maside sobre las Misiones Populares Hoy. 2.- MALPARTIDA DE C\u00c1CERES (C\u00e1ceres): 23-30 Febrero. PP.\u2026","rel":"","context":"En \u00abMisiones \u00abAd gentes\u00bb\u00bb","block_context":{"text":"Misiones \u00abAd gentes\u00bb","link":"http:\/\/vincentians.com\/es\/category\/servicios-y-ministerios\/misiones-ad-gentes\/"},"img":{"alt_text":"","src":"","width":0,"height":0},"classes":[]},{"id":116951,"url":"http:\/\/vincentians.com\/es\/hermanos-misioneros-en-la-casa-central\/","url_meta":{"origin":320,"position":1},"title":"Hermanos misioneros en la Casa Central (1967)","author":"Mitxel Olabu\u00e9naga","date":"23\/11\/2018","format":false,"excerpt":"Dec\u00eda San Vicente que los buenos Hermanos son el tesoro de la Compa\u00f1\u00eda. De este tesoro, la Provincia de Madrid siempre ha\u00adb\u00eda sido rica; pero parece que poco a poco vamos gastando \u2014\u00bfmalgastando?\u2014 ese rico tesoro, y sentimos que tiende a ago\u00adtarse. En los a\u00f1os 1964 y 65 no ha\u2026","rel":"","context":"En \u00abHistoria de la Congregaci\u00f3n de la Misi\u00f3n en Espa\u00f1a\u00bb","block_context":{"text":"Historia de la Congregaci\u00f3n de la Misi\u00f3n en Espa\u00f1a","link":"http:\/\/vincentians.com\/es\/category\/historia-de-la-familia-vicenciana\/historia-de-la-congregacion-de-la-mision-en-espana\/"},"img":{"alt_text":"","src":"https:\/\/i0.wp.com\/vincentians.com\/es\/wp-content\/uploads\/sites\/11\/2016\/09\/voluntad-del-padre.jpg?fit=1200%2C630&resize=350%2C200","width":350,"height":200,"srcset":"https:\/\/i0.wp.com\/vincentians.com\/es\/wp-content\/uploads\/sites\/11\/2016\/09\/voluntad-del-padre.jpg?fit=1200%2C630&resize=350%2C200 1x, https:\/\/i0.wp.com\/vincentians.com\/es\/wp-content\/uploads\/sites\/11\/2016\/09\/voluntad-del-padre.jpg?fit=1200%2C630&resize=525%2C300 1.5x, https:\/\/i0.wp.com\/vincentians.com\/es\/wp-content\/uploads\/sites\/11\/2016\/09\/voluntad-del-padre.jpg?fit=1200%2C630&resize=700%2C400 2x, https:\/\/i0.wp.com\/vincentians.com\/es\/wp-content\/uploads\/sites\/11\/2016\/09\/voluntad-del-padre.jpg?fit=1200%2C630&resize=1050%2C600 3x"},"classes":[]},{"id":33644,"url":"http:\/\/vincentians.com\/es\/los-martires-de-la-familia-vicenciana-en-el-siglo-xx-la-guerra-civil-espanola-de-1936-1939-cuarta-parte\/","url_meta":{"origin":320,"position":2},"title":"Los m\u00e1rtires de la Familia Vicenciana en el siglo XX: La guerra civil espa\u00f1ola de 1936-1939 (Cuarta parte)","author":"Francisco Javier Fern\u00e1ndez Chento","date":"03\/06\/2014","format":false,"excerpt":"Sociedad de San Vicente de Pa\u00fal 1. Bienaventurado Ceferino GIM\u00c9NEZ MALLA, SSVP, naci\u00f3 el 1861 en Fraga (Huesca) y muri\u00f3 el 1936.Gitano espa\u00f1ol, que ejerc\u00eda la profesi\u00f3n de mercader de caballos. Despu\u00e9s de una conversi\u00f3n profunda se consagr\u00f3 al servicio de los pobres y al apostolado participando activamente en una\u2026","rel":"","context":"En \u00abHistoria sin categorizar\u00bb","block_context":{"text":"Historia sin categorizar","link":"http:\/\/vincentians.com\/es\/category\/historia-de-la-familia-vicenciana\/historia-sin-categorizar\/"},"img":{"alt_text":"","src":"https:\/\/i0.wp.com\/vicencianos.org\/wp-content\/2011\/04\/sanmiguel2-214x300.jpg?resize=350%2C200","width":350,"height":200},"classes":[]},{"id":60081,"url":"http:\/\/vincentians.com\/es\/martires-de-oviedo-1934\/","url_meta":{"origin":320,"position":3},"title":"M\u00e1rtires de Oviedo (1934)","author":"Mitxel Olabu\u00e9naga","date":"19\/05\/2017","format":false,"excerpt":"Es \"la octubrada\". Tr\u00e1gico ensayo de la gran hecatombe, que empez\u00f3 en julio de 1936 y termin\u00f3 en marzo de 1939. All\u00ed, en la \"Asturias Roja\", naci\u00f3 la consigna \"U. H. P.\". All\u00ed, el apelativo \"rojo\" surgi\u00f3 como denominador com\u00fan de los sin Dios y los sin Patria. All\u00ed comenz\u00f3\u2026","rel":"","context":"En \u00abHistoria de la Congregaci\u00f3n de la Misi\u00f3n\u00bb","block_context":{"text":"Historia de la Congregaci\u00f3n de la Misi\u00f3n","link":"http:\/\/vincentians.com\/es\/category\/historia-de-la-familia-vicenciana\/historia-de-la-congregacion-de-la-mision\/"},"img":{"alt_text":"","src":"https:\/\/i0.wp.com\/vincentians.com\/es\/wp-content\/uploads\/sites\/11\/2016\/08\/superiores-generales.jpg?fit=1200%2C630&resize=350%2C200","width":350,"height":200,"srcset":"https:\/\/i0.wp.com\/vincentians.com\/es\/wp-content\/uploads\/sites\/11\/2016\/08\/superiores-generales.jpg?fit=1200%2C630&resize=350%2C200 1x, https:\/\/i0.wp.com\/vincentians.com\/es\/wp-content\/uploads\/sites\/11\/2016\/08\/superiores-generales.jpg?fit=1200%2C630&resize=525%2C300 1.5x, https:\/\/i0.wp.com\/vincentians.com\/es\/wp-content\/uploads\/sites\/11\/2016\/08\/superiores-generales.jpg?fit=1200%2C630&resize=700%2C400 2x, https:\/\/i0.wp.com\/vincentians.com\/es\/wp-content\/uploads\/sites\/11\/2016\/08\/superiores-generales.jpg?fit=1200%2C630&resize=1050%2C600 3x"},"classes":[]},{"id":124434,"url":"http:\/\/vincentians.com\/es\/historia-de-los-paules-en-cuba-capitulo-xi-b\/","url_meta":{"origin":320,"position":4},"title":"Historia de los Pa\u00fales en Cuba (Cap\u00edtulo XI B)","author":"Mitxel Olabu\u00e9naga","date":"01\/05\/2023","format":false,"excerpt":"Para muchos cat\u00f3licos de filas, las Cartas Pastorales firmadas por los Obispos de Cuba poco despu\u00e9s de comenzar 1959 ten\u00edan un sentido pol\u00edtico contrario a la revoluci\u00f3n. Es necesario aclarar al respecto que, como pastores de la Iglesia, los Obispos no hac\u00edan m\u00e1s que obedecer los dictados de su conciencia\u2026","rel":"","context":"En \u00abHistoria de la Congregaci\u00f3n de la Misi\u00f3n\u00bb","block_context":{"text":"Historia de la Congregaci\u00f3n de la Misi\u00f3n","link":"http:\/\/vincentians.com\/es\/category\/historia-de-la-familia-vicenciana\/historia-de-la-congregacion-de-la-mision\/"},"img":{"alt_text":"","src":"https:\/\/i0.wp.com\/vincentians.com\/es\/wp-content\/uploads\/sites\/11\/2013\/05\/Cuba-Iglesia-de-La-Milagrosa-La-Habana.png?fit=1200%2C919&resize=350%2C200","width":350,"height":200,"srcset":"https:\/\/i0.wp.com\/vincentians.com\/es\/wp-content\/uploads\/sites\/11\/2013\/05\/Cuba-Iglesia-de-La-Milagrosa-La-Habana.png?fit=1200%2C919&resize=350%2C200 1x, https:\/\/i0.wp.com\/vincentians.com\/es\/wp-content\/uploads\/sites\/11\/2013\/05\/Cuba-Iglesia-de-La-Milagrosa-La-Habana.png?fit=1200%2C919&resize=525%2C300 1.5x, https:\/\/i0.wp.com\/vincentians.com\/es\/wp-content\/uploads\/sites\/11\/2013\/05\/Cuba-Iglesia-de-La-Milagrosa-La-Habana.png?fit=1200%2C919&resize=700%2C400 2x, https:\/\/i0.wp.com\/vincentians.com\/es\/wp-content\/uploads\/sites\/11\/2013\/05\/Cuba-Iglesia-de-La-Milagrosa-La-Habana.png?fit=1200%2C919&resize=1050%2C600 3x"},"classes":[]},{"id":115578,"url":"http:\/\/vincentians.com\/es\/centenaria-de-las-hijas-de-maria-en-canarias\/","url_meta":{"origin":320,"position":5},"title":"Centenario de las Hijas de Mar\u00eda en Canarias (1969)","author":"Francisco Javier Fern\u00e1ndez Chento","date":"15\/12\/2012","format":false,"excerpt":"Cien a\u00f1os de historia bien merece un recuerdo y una celebraci\u00f3n. Y esto es lo que han hecho las Hijas de Mar\u00eda en Canarias al encon\u00adtrarse en este a\u00f1o de 1969 con la fecha centenaria de su nacimiento. El acontecimiento se ven\u00eda preparando desde el Cursillo Regional, dado en Canarias\u2026","rel":"","context":"En \u00abAsociaci\u00f3n de la Medalla Milagrosa\u00bb","block_context":{"text":"Asociaci\u00f3n de la Medalla Milagrosa","link":"http:\/\/vincentians.com\/es\/category\/la-familia-vicenciana\/ramas\/asociacion-de-la-medalla-milagrosa\/"},"img":{"alt_text":"","src":"https:\/\/i0.wp.com\/vicencianos.org\/wp-content\/2012\/12\/13153616-300x188.jpg?resize=350%2C200","width":350,"height":200},"classes":[]}],"_links":{"self":[{"href":"http:\/\/vincentians.com\/es\/wp-json\/wp\/v2\/posts\/320","targetHints":{"allow":["GET"]}}],"collection":[{"href":"http:\/\/vincentians.com\/es\/wp-json\/wp\/v2\/posts"}],"about":[{"href":"http:\/\/vincentians.com\/es\/wp-json\/wp\/v2\/types\/post"}],"author":[{"embeddable":true,"href":"http:\/\/vincentians.com\/es\/wp-json\/wp\/v2\/users\/5"}],"replies":[{"embeddable":true,"href":"http:\/\/vincentians.com\/es\/wp-json\/wp\/v2\/comments?post=320"}],"version-history":[{"count":0,"href":"http:\/\/vincentians.com\/es\/wp-json\/wp\/v2\/posts\/320\/revisions"}],"wp:featuredmedia":[{"embeddable":true,"href":"http:\/\/vincentians.com\/es\/wp-json\/wp\/v2\/media\/391249"}],"wp:attachment":[{"href":"http:\/\/vincentians.com\/es\/wp-json\/wp\/v2\/media?parent=320"}],"wp:term":[{"taxonomy":"category","embeddable":true,"href":"http:\/\/vincentians.com\/es\/wp-json\/wp\/v2\/categories?post=320"},{"taxonomy":"post_tag","embeddable":true,"href":"http:\/\/vincentians.com\/es\/wp-json\/wp\/v2\/tags?post=320"}],"curies":[{"name":"wp","href":"https:\/\/api.w.org\/{rel}","templated":true}]}}