{"id":3192,"date":"2013-04-15T01:43:32","date_gmt":"2013-04-14T23:43:32","guid":{"rendered":"http:\/\/somos.vicencianos.org\/comentarios\/2013\/04\/08\/lectio-divina-para-3o-domingo-de-pascua-preparada-por-chuno-chavez-alva-c-m-2\/"},"modified":"2016-07-24T10:27:20","modified_gmt":"2016-07-24T08:27:20","slug":"lectio-divina-para-4o-domingo-de-pascua-preparada-por-chuno-chavez-alva-c-m","status":"publish","type":"post","link":"http:\/\/vincentians.com\/es\/lectio-divina-para-4o-domingo-de-pascua-preparada-por-chuno-chavez-alva-c-m\/","title":{"rendered":"Lectio Divina para 4\u00ba Domingo de Pascua (preparada por Chuno Ch\u00e1vez Alva, C.M.)"},"content":{"rendered":"<p style=\"padding-left: 30px\"><b>LA PALABRA HOY: <\/b>Hechos Ap\u00f3stoles 13,14.43-52; Salmo 99; Apocalipsis 7,9.14-17; Juan 10,27-30<\/p>\n<p style=\"padding-left: 30px\"><b>Ambientaci\u00f3n: <\/b>Un cirio, rodeado de flores, cayado de pastor o imagen de Jes\u00fas, Buen Pastor. Frase: <i>mis ovejas escuchan mi voz.<\/i><\/p>\n<p style=\"padding-left: 30px\"><b>Cantos sugeridos: <\/b>El Se\u00f1or es mi Pastor, nada me falta<\/p>\n<h2>Ambientaci\u00f3n<\/h2>\n<p><i>En esta Pascua que continuamos celebrando, la liturgia nos presenta hoy como centro de nuestra celebraci\u00f3n la figura de Jes\u00fas que habla de s\u00ed mismo como el buen pastor. Es ocasi\u00f3n, pues, de rezar y pedir por nuestros pastores, as\u00ed como por aquellos que se preparan para serlo, y tambi\u00e9n para pedir al due\u00f1o de la mies que llame a muchos para que no falten trabajadores en los campos de la Iglesia. Que su presencia resucitada en medio de nosotros nos aliente a escucharle, a seguirle y a <\/i><i>entregarle nuestra vida entera a su servicio.<\/i><\/p>\n<h2>Oraci\u00f3n inicial<\/h2>\n<p>Jes\u00fas, Buen Pastor, queremos seguir tus pasos.<br \/>\nDanos tu Esp\u00edritu, para aprender a vivir en la misericordia.<br \/>\nAy\u00fadanos a descubrir la gratuidad de tu amor,<br \/>\nentrega generosa, don de vida que se regala.<br \/>\nDanos tu Esp\u00edritu, Jes\u00fas, Buen Pastor,<br \/>\npara perseverar en nuestra b\u00fasqueda,<br \/>\npara seguir en camino,<br \/>\npara animarnos a la esperanza activa<br \/>\nde hacer un Reino de paz<br \/>\ny de bondad para todos.<br \/>\nDanos tu Esp\u00edritu, Jes\u00fas,<br \/>\npara seguirte, para imitar tu entrega,<br \/>\npara hacer el bien en nuestros d\u00edas,<br \/>\nen el camino de cada uno,<br \/>\npara vivir en la bondad,<br \/>\ncaminando hacia el Reino. AMEN.<\/p>\n<h2>I. Lectio: \u00bfQu\u00e9 dice el texto? \u2013 <strong><b>Juan 10, 27-30<br \/>\n<\/b><\/strong><\/h2>\n<p><b><i>Motivaci\u00f3n:<\/i><\/b><i> Con la imagen del Buen Pastor, la Iglesia propone a nuestra reflexi\u00f3n uno de los aspectos centrales de la fe cristiana: Jes\u00fas se ha entregado libremente y por amor, ofreci\u00e9ndonos de este modo una vida que no tendr\u00e1 en la muerte la palabra definitiva. \u00a0Escuchemos.<\/i><\/p>\n<p><b>Forma de leerlo:<\/b><\/p>\n<ol>\n<li>Proclamar el texto en voz alta (todos de pie).<\/li>\n<li>Cada uno puede leer en voz alta el vers\u00edculo que m\u00e1s le llam\u00f3 la atenci\u00f3n (sentados).<\/li>\n<\/ol>\n<p><b>Preguntas para la lectura:<\/b><\/p>\n<ul>\n<li>Aunque el texto no lo diga expresamente, \u00bfcon qui\u00e9n se identifica Jes\u00fas?<\/li>\n<li>\u00bfQu\u00e9 hace Jes\u00fas por sus ovejas para merecer el t\u00edtulo de Buen Pastor?<\/li>\n<li>\u00bfC\u00f3mo reaccionan las ovejas ante el pastor?<\/li>\n<li>\u00bfDe d\u00f3nde le viene a Jes\u00fas ese anhelo por cuidar del reba\u00f1o? \u00bfQui\u00e9n est\u00e1 detr\u00e1s de esta relaci\u00f3n de comuni\u00f3n?<\/li>\n<\/ul>\n<p><strong>Otros textos b\u00edblicos para confrontar: <b><b>Juan 1,18; Mateo 18,12-14; Lucas 15,3-7; Salmo 23(22); Ezequiel 34<\/b>.<\/b><br \/>\n<\/strong><\/p>\n<h2>II. Meditatio: \u00bfQu\u00e9 me dice? \u00bfQu\u00e9 nos dice el Texto?<em><br \/>\n<\/em><\/h2>\n<p><b><i>Motivaci\u00f3n: <\/i><\/b><i>El Evangelio de hoy nos ha permitido escuchar una vez m\u00e1s la voz amorosa del Pastor resucitado. Ahora vamos a descubrir juntos c\u00f3mo resuena en este momento concreto de nuestra vida. As\u00ed podremos acoger la vida que nos ofrece y responder con decisi\u00f3n a su llamada.<\/i><\/p>\n<ul>\n<li><i>\u00bf<\/i>Qu\u00e9 sentimientos y actitudes provoca en ti el saberte conocido y amado por el Se\u00f1or?<\/li>\n<li>\u00bfEn qu\u00e9 medida tu vida es conducida por el Buen Pastor?<\/li>\n<li>\u00bfC\u00f3mo puedes reflejar mejor el rostro de Jes\u00fas, Buen Pastor, en tus relaciones familiares, comunitarias, laborales?<\/li>\n<li>\u00bfQu\u00e9 espero que Jes\u00fas, Buen Pastor, haga por m\u00ed?<\/li>\n<li>\u00bfQu\u00e9 actitudes te gustar\u00eda encontrar en los \u201cpastores\u201d de la Iglesia? \u00bfC\u00f3mo podr\u00edas ayudarles a encarnarlas?<\/li>\n<\/ul>\n<p><i>Luego de un tiempo de meditaci\u00f3n personal, compartimos con sencillez nuestra reflexi\u00f3n, lo que el texto ME dice a mi propia realidad y situaci\u00f3n personal.<\/i><\/p>\n<h2>III. Oratio: \u00bfQu\u00e9 le digo al Se\u00f1or motivado por su Palabra?<strong><br \/>\n<\/strong><\/h2>\n<p><b><i>Motivaci\u00f3n: <\/i><\/b><i>Jes\u00fas es el Buen Pastor y nosotros somos ovejas de su reba\u00f1o. Pero no siempre le escuchamos y seguimos con prontitud, sino que en ocasiones preferimos escuchar otras voces o nos dejamos llevar por lo que todos hacen\u2026 Acudamos a Dios Padre y a Jes\u00fas Pastor expresando en forma de oraci\u00f3n lo que nos ha sugerido la lectura y meditaci\u00f3n de este texto.<\/i><i><\/i><\/p>\n<ul>\n<li>Luego de un tiempo de oraci\u00f3n personal, podemos compartir en voz alta nuestra oraci\u00f3n, siempre dirigi\u00e9ndonos a Dios mediante la alabanza, la acci\u00f3n de gracias o la s\u00faplica confiada.<\/li>\n<li>Se puede, tambi\u00e9n, recitar el salmo responsorial que corresponde a este domingo <i>(<\/i><i>Salmo 99)<\/i><i>.<\/i><\/li>\n<\/ul>\n<h2>IV. Contemplatio: \u00bfQu\u00e9 me lleva a hacer el texto?<\/h2>\n<p><b><i>Motivaci\u00f3n<\/i><\/b><i>:\u00a0La fecundidad de la propuesta vocacional, depende en primer lugar de la acci\u00f3n gratuita de Dios, pero est\u00e1 favorecida tambi\u00e9n por la riqueza del testimonio personal y comunitario de cuantos han respondido ya a la llamada del Se\u00f1or en el ministerio sacerdotal y en la vida consagrada. <\/i><i>San Vicente estaba convencido de la necesidad de buenos pastores para la extensi\u00f3n del Reino:<\/i><\/p>\n<p>De los sacerdotes depende la felicidad del cristianismo, ya que los buenos feligreses, cuando ven a un buen eclesi\u00e1stico, a un pastor caritativo, lo veneran y oyen su voz, procurando imitarle. \u00a1Cu\u00e1nto hemos de procurar hacer que todos sean buenos, ya que es \u00e9sa nuestra misi\u00f3n, y el sacerdocio es una cosa tan elevada!<\/p>\n<p>Pero, \u00a1Salvador m\u00edo!, si un buen sacerdote puede hacer grandes bienes, \u00a1qu\u00e9 da\u00f1o hace un sacerdote malo! \u00a1Y cu\u00e1nto cuesta ponerlo en el buen camino! \u00a1Salvador m\u00edo! \u00a1C\u00f3mo deben entregarse a ti los pobres misioneros para contribuir a la formaci\u00f3n de buenos sacerdotes, ya que es la obra m\u00e1s dif\u00edcil, la m\u00e1s elevada, la m\u00e1s importante para la salvaci\u00f3n de las almas y el progreso del cristianismo! (XI, 702)<\/p>\n<ul>\n<li><b>Compromiso personal y comunitario:<\/b> Comprometernos a orar y promover en nuestras familias, comunidades y grupos,\u00a0 vocaciones a la vida sacerdotal y consagrada.<\/li>\n<\/ul>\n<h2>Oraci\u00f3n final<\/h2>\n<p>Se\u00f1or, te rogamos por nuestros hermanos y hermanas<br \/>\nque han respondido s\u00ed a tu llamada al sacerdocio,<br \/>\na la vida consagrada y a la misi\u00f3n.<br \/>\nHaz que sus existencias se renueven de d\u00eda en d\u00eda,<br \/>\ny se hagan evangelios vivientes.<br \/>\n\u00a1Se\u00f1or misericordioso y santo,<br \/>\nsigue enviando nuevos operarios a la mies de tu Reino!<br \/>\nAyuda a los que has llamado a seguirte en este tiempo nuestro;<br \/>\nhaz que, contemplando tu rostro, respondan con alegr\u00eda<br \/>\na la maravillosa misi\u00f3n que les has confiado<br \/>\npor el bien de tu Pueblo y el de todos los pueblos.<br \/>\nPor Jesucristo, nuestro Se\u00f1or.<\/p>\n","protected":false},"excerpt":{"rendered":"<p>LA PALABRA HOY: Hechos Ap\u00f3stoles 13,14.43-52; Salmo 99; Apocalipsis 7,9.14-17; Juan 10,27-30 Ambientaci\u00f3n: Un cirio, rodeado de flores, cayado de pastor o imagen de Jes\u00fas, Buen Pastor. Frase: mis ovejas escuchan mi voz. Cantos sugeridos: &#8230; <a href=\"http:\/\/vincentians.com\/es\/lectio-divina-para-4o-domingo-de-pascua-preparada-por-chuno-chavez-alva-c-m\/\" class=\"more-link\">Read More<\/a><\/p>\n","protected":false},"author":4,"featured_media":388408,"comment_status":"open","ping_status":"open","sticky":false,"template":"","format":"standard","meta":{"jetpack_post_was_ever_published":false,"_jetpack_newsletter_access":"","_jetpack_dont_email_post_to_subs":false,"_jetpack_newsletter_tier_id":0,"_jetpack_memberships_contains_paywalled_content":false,"_jetpack_memberships_contains_paid_content":false,"footnotes":"","jetpack_publicize_message":"","jetpack_publicize_feature_enabled":true,"jetpack_social_post_already_shared":true,"jetpack_social_options":{"image_generator_settings":{"template":"highway","default_image_id":0,"font":"","enabled":false},"version":2}},"categories":[94],"tags":[],"class_list":["post-3192","post","type-post","status-publish","format-standard","has-post-thumbnail","hentry","category-homilias-y-reflexiones-ano-c"],"yoast_head":"<!-- This site is optimized with the Yoast SEO plugin v26.3 - https:\/\/yoast.com\/wordpress\/plugins\/seo\/ -->\n<title>Lectio Divina para 4\u00ba Domingo de Pascua (preparada por Chuno Ch\u00e1vez Alva, C.M.) - Somos Vicencianos<\/title>\n<meta name=\"robots\" content=\"index, follow, max-snippet:-1, max-image-preview:large, max-video-preview:-1\" \/>\n<link rel=\"canonical\" href=\"http:\/\/vincentians.com\/es\/lectio-divina-para-4o-domingo-de-pascua-preparada-por-chuno-chavez-alva-c-m\/\" \/>\n<meta property=\"og:locale\" content=\"es_ES\" \/>\n<meta property=\"og:type\" content=\"article\" \/>\n<meta property=\"og:title\" content=\"Lectio Divina para 4\u00ba Domingo de Pascua (preparada por Chuno Ch\u00e1vez Alva, C.M.) - Somos Vicencianos\" \/>\n<meta property=\"og:description\" content=\"LA PALABRA HOY: Hechos Ap\u00f3stoles 13,14.43-52; Salmo 99; Apocalipsis 7,9.14-17; Juan 10,27-30 Ambientaci\u00f3n: Un cirio, rodeado de flores, cayado de pastor o imagen de Jes\u00fas, Buen Pastor. Frase: mis ovejas escuchan mi voz. Cantos sugeridos: ... Read More\" \/>\n<meta property=\"og:url\" content=\"http:\/\/vincentians.com\/es\/lectio-divina-para-4o-domingo-de-pascua-preparada-por-chuno-chavez-alva-c-m\/\" \/>\n<meta property=\"og:site_name\" content=\"Somos Vicencianos\" \/>\n<meta property=\"article:publisher\" content=\"https:\/\/www.facebook.com\/WeAreVincentians\/\" \/>\n<meta property=\"article:author\" content=\"https:\/\/www.facebook.com\/JavierChento\" \/>\n<meta property=\"article:published_time\" content=\"2013-04-14T23:43:32+00:00\" \/>\n<meta property=\"article:modified_time\" content=\"2016-07-24T08:27:20+00:00\" \/>\n<meta property=\"og:image\" content=\"https:\/\/i0.wp.com\/vincentians.com\/es\/wp-content\/uploads\/sites\/11\/2016\/07\/reflexiones-palabra-de-dios.jpg?fit=1200%2C630\" \/>\n\t<meta property=\"og:image:width\" content=\"1200\" \/>\n\t<meta property=\"og:image:height\" content=\"630\" \/>\n\t<meta property=\"og:image:type\" content=\"image\/jpeg\" \/>\n<meta name=\"author\" content=\"Francisco Javier Fern\u00e1ndez Chento\" \/>\n<meta name=\"twitter:card\" content=\"summary_large_image\" \/>\n<meta name=\"twitter:creator\" content=\"@https:\/\/twitter.com\/javierchento\" \/>\n<meta name=\"twitter:site\" content=\"@WeVincentians\" \/>\n<meta name=\"twitter:label1\" content=\"Escrito por\" \/>\n\t<meta name=\"twitter:data1\" content=\"Francisco Javier Fern\u00e1ndez Chento\" \/>\n\t<meta name=\"twitter:label2\" content=\"Tiempo de lectura\" \/>\n\t<meta name=\"twitter:data2\" content=\"5 minutos\" \/>\n<script type=\"application\/ld+json\" class=\"yoast-schema-graph\">{\"@context\":\"https:\/\/schema.org\",\"@graph\":[{\"@type\":\"Article\",\"@id\":\"http:\/\/vincentians.com\/es\/lectio-divina-para-4o-domingo-de-pascua-preparada-por-chuno-chavez-alva-c-m\/#article\",\"isPartOf\":{\"@id\":\"http:\/\/vincentians.com\/es\/lectio-divina-para-4o-domingo-de-pascua-preparada-por-chuno-chavez-alva-c-m\/\"},\"author\":{\"name\":\"Francisco Javier Fern\u00e1ndez Chento\",\"@id\":\"http:\/\/vincentians.com\/es\/#\/schema\/person\/9623ef4d9aa3b2dfb8c061f1499288f2\"},\"headline\":\"Lectio Divina para 4\u00ba Domingo de Pascua (preparada por Chuno Ch\u00e1vez Alva, C.M.)\",\"datePublished\":\"2013-04-14T23:43:32+00:00\",\"dateModified\":\"2016-07-24T08:27:20+00:00\",\"mainEntityOfPage\":{\"@id\":\"http:\/\/vincentians.com\/es\/lectio-divina-para-4o-domingo-de-pascua-preparada-por-chuno-chavez-alva-c-m\/\"},\"wordCount\":1079,\"commentCount\":0,\"publisher\":{\"@id\":\"http:\/\/vincentians.com\/es\/#organization\"},\"image\":{\"@id\":\"http:\/\/vincentians.com\/es\/lectio-divina-para-4o-domingo-de-pascua-preparada-por-chuno-chavez-alva-c-m\/#primaryimage\"},\"thumbnailUrl\":\"https:\/\/i0.wp.com\/vincentians.com\/es\/wp-content\/uploads\/sites\/11\/2016\/07\/reflexiones-palabra-de-dios.jpg?fit=1200%2C630\",\"articleSection\":[\"Homil\u00edas y reflexiones, A\u00f1o C\"],\"inLanguage\":\"es\",\"potentialAction\":[{\"@type\":\"CommentAction\",\"name\":\"Comment\",\"target\":[\"http:\/\/vincentians.com\/es\/lectio-divina-para-4o-domingo-de-pascua-preparada-por-chuno-chavez-alva-c-m\/#respond\"]}]},{\"@type\":\"WebPage\",\"@id\":\"http:\/\/vincentians.com\/es\/lectio-divina-para-4o-domingo-de-pascua-preparada-por-chuno-chavez-alva-c-m\/\",\"url\":\"http:\/\/vincentians.com\/es\/lectio-divina-para-4o-domingo-de-pascua-preparada-por-chuno-chavez-alva-c-m\/\",\"name\":\"Lectio Divina para 4\u00ba Domingo de Pascua (preparada por Chuno Ch\u00e1vez Alva, C.M.) - Somos Vicencianos\",\"isPartOf\":{\"@id\":\"http:\/\/vincentians.com\/es\/#website\"},\"primaryImageOfPage\":{\"@id\":\"http:\/\/vincentians.com\/es\/lectio-divina-para-4o-domingo-de-pascua-preparada-por-chuno-chavez-alva-c-m\/#primaryimage\"},\"image\":{\"@id\":\"http:\/\/vincentians.com\/es\/lectio-divina-para-4o-domingo-de-pascua-preparada-por-chuno-chavez-alva-c-m\/#primaryimage\"},\"thumbnailUrl\":\"https:\/\/i0.wp.com\/vincentians.com\/es\/wp-content\/uploads\/sites\/11\/2016\/07\/reflexiones-palabra-de-dios.jpg?fit=1200%2C630\",\"datePublished\":\"2013-04-14T23:43:32+00:00\",\"dateModified\":\"2016-07-24T08:27:20+00:00\",\"breadcrumb\":{\"@id\":\"http:\/\/vincentians.com\/es\/lectio-divina-para-4o-domingo-de-pascua-preparada-por-chuno-chavez-alva-c-m\/#breadcrumb\"},\"inLanguage\":\"es\",\"potentialAction\":[{\"@type\":\"ReadAction\",\"target\":[\"http:\/\/vincentians.com\/es\/lectio-divina-para-4o-domingo-de-pascua-preparada-por-chuno-chavez-alva-c-m\/\"]}]},{\"@type\":\"ImageObject\",\"inLanguage\":\"es\",\"@id\":\"http:\/\/vincentians.com\/es\/lectio-divina-para-4o-domingo-de-pascua-preparada-por-chuno-chavez-alva-c-m\/#primaryimage\",\"url\":\"https:\/\/i0.wp.com\/vincentians.com\/es\/wp-content\/uploads\/sites\/11\/2016\/07\/reflexiones-palabra-de-dios.jpg?fit=1200%2C630\",\"contentUrl\":\"https:\/\/i0.wp.com\/vincentians.com\/es\/wp-content\/uploads\/sites\/11\/2016\/07\/reflexiones-palabra-de-dios.jpg?fit=1200%2C630\",\"width\":1200,\"height\":630},{\"@type\":\"BreadcrumbList\",\"@id\":\"http:\/\/vincentians.com\/es\/lectio-divina-para-4o-domingo-de-pascua-preparada-por-chuno-chavez-alva-c-m\/#breadcrumb\",\"itemListElement\":[{\"@type\":\"ListItem\",\"position\":1,\"name\":\"Portada\",\"item\":\"http:\/\/vincentians.com\/es\/\"},{\"@type\":\"ListItem\",\"position\":2,\"name\":\"Lectio Divina para 4\u00ba Domingo de Pascua (preparada por Chuno Ch\u00e1vez Alva, C.M.)\"}]},{\"@type\":\"WebSite\",\"@id\":\"http:\/\/vincentians.com\/es\/#website\",\"url\":\"http:\/\/vincentians.com\/es\/\",\"name\":\"Somos Vicencianos\",\"description\":\"Know more to serve more\",\"publisher\":{\"@id\":\"http:\/\/vincentians.com\/es\/#organization\"},\"potentialAction\":[{\"@type\":\"SearchAction\",\"target\":{\"@type\":\"EntryPoint\",\"urlTemplate\":\"http:\/\/vincentians.com\/es\/?s={search_term_string}\"},\"query-input\":{\"@type\":\"PropertyValueSpecification\",\"valueRequired\":true,\"valueName\":\"search_term_string\"}}],\"inLanguage\":\"es\"},{\"@type\":\"Organization\",\"@id\":\"http:\/\/vincentians.com\/es\/#organization\",\"name\":\"The Vincentian Network\",\"url\":\"http:\/\/vincentians.com\/es\/\",\"logo\":{\"@type\":\"ImageObject\",\"inLanguage\":\"es\",\"@id\":\"http:\/\/vincentians.com\/es\/#\/schema\/logo\/image\/\",\"url\":\"https:\/\/i1.wp.com\/vincentians.com\/es\/wp-content\/uploads\/sites\/11\/2016\/06\/Vincentian-Network-logo-big.png?fit=778%2C778\",\"contentUrl\":\"https:\/\/i1.wp.com\/vincentians.com\/es\/wp-content\/uploads\/sites\/11\/2016\/06\/Vincentian-Network-logo-big.png?fit=778%2C778\",\"width\":778,\"height\":778,\"caption\":\"The Vincentian Network\"},\"image\":{\"@id\":\"http:\/\/vincentians.com\/es\/#\/schema\/logo\/image\/\"},\"sameAs\":[\"https:\/\/www.facebook.com\/WeAreVincentians\/\",\"https:\/\/x.com\/WeVincentians\"]},{\"@type\":\"Person\",\"@id\":\"http:\/\/vincentians.com\/es\/#\/schema\/person\/9623ef4d9aa3b2dfb8c061f1499288f2\",\"name\":\"Francisco Javier Fern\u00e1ndez Chento\",\"image\":{\"@type\":\"ImageObject\",\"inLanguage\":\"es\",\"@id\":\"http:\/\/vincentians.com\/es\/#\/schema\/person\/image\/\",\"url\":\"https:\/\/secure.gravatar.com\/avatar\/497d5cde87b4c3d097d0315953521681ba2cd523ee66e5077c3711f7021e65de?s=96&d=mm&r=g\",\"contentUrl\":\"https:\/\/secure.gravatar.com\/avatar\/497d5cde87b4c3d097d0315953521681ba2cd523ee66e5077c3711f7021e65de?s=96&d=mm&r=g\",\"caption\":\"Francisco Javier Fern\u00e1ndez Chento\"},\"description\":\"Director General y cofundador de La Red de Formaci\u00f3n Vicenciana. Javier es laico vicenciano, afiliado a la Congregaci\u00f3n de la Misi\u00f3n y miembro del Equipo de Misiones Populares de la provincia can\u00f3nica de Zaragoza (Espa\u00f1a) de la Congregaci\u00f3n de la Misi\u00f3n. Graduado en la Universidad Oberta de Catalunya con cuatro grados (Asistente de direcci\u00f3n, Gesti\u00f3n Administrativa, Recursos Humanos y Contabilidad Avanzada). Bil\u00edng\u00fce Espa\u00f1ol\/Ingl\u00e9s. gestiona y mantiene varias p\u00e1ginas web cristianas y vicencianas, incluida including La Red de Formaci\u00f3n Vicenciana, de la que es cofundador. Actualmente es responsable del \u00e1rea de Espa\u00f1ol de .famvin, la Red de Noticias de la Familia Vicenciana. Tambi\u00e9n es m\u00fasico cat\u00f3lico y ha editado varios discos. Es Director General y cofundador de Trovador, una reconocida compa\u00f1\u00eda discogr\u00e1fica critiana de Espa\u00f1a. Trabaja en las Tecnolog\u00edas de la Informaci\u00f3n, ofreciendo servicios de alojamiento, dise\u00f1o y mantenimiento Web, as\u00ed como asesoramiento, formaci\u00f3n y soluciones inform\u00e1ticas, gesti\u00f3n documental y digitalizaci\u00f3n de textos, edici\u00f3n y maquetaci\u00f3n de libros, revistas, flyers, etc.\",\"sameAs\":[\"http:\/\/chento.org\",\"https:\/\/www.facebook.com\/JavierChento\",\"https:\/\/x.com\/https:\/\/twitter.com\/javierchento\"],\"url\":\"http:\/\/vincentians.com\/es\/author\/chento\/\"}]}<\/script>\n<!-- \/ Yoast SEO plugin. -->","yoast_head_json":{"title":"Lectio Divina para 4\u00ba Domingo de Pascua (preparada por Chuno Ch\u00e1vez Alva, C.M.) - Somos Vicencianos","robots":{"index":"index","follow":"follow","max-snippet":"max-snippet:-1","max-image-preview":"max-image-preview:large","max-video-preview":"max-video-preview:-1"},"canonical":"http:\/\/vincentians.com\/es\/lectio-divina-para-4o-domingo-de-pascua-preparada-por-chuno-chavez-alva-c-m\/","og_locale":"es_ES","og_type":"article","og_title":"Lectio Divina para 4\u00ba Domingo de Pascua (preparada por Chuno Ch\u00e1vez Alva, C.M.) - Somos Vicencianos","og_description":"LA PALABRA HOY: Hechos Ap\u00f3stoles 13,14.43-52; Salmo 99; Apocalipsis 7,9.14-17; Juan 10,27-30 Ambientaci\u00f3n: Un cirio, rodeado de flores, cayado de pastor o imagen de Jes\u00fas, Buen Pastor. Frase: mis ovejas escuchan mi voz. Cantos sugeridos: ... Read More","og_url":"http:\/\/vincentians.com\/es\/lectio-divina-para-4o-domingo-de-pascua-preparada-por-chuno-chavez-alva-c-m\/","og_site_name":"Somos Vicencianos","article_publisher":"https:\/\/www.facebook.com\/WeAreVincentians\/","article_author":"https:\/\/www.facebook.com\/JavierChento","article_published_time":"2013-04-14T23:43:32+00:00","article_modified_time":"2016-07-24T08:27:20+00:00","og_image":[{"width":1200,"height":630,"url":"https:\/\/i0.wp.com\/vincentians.com\/es\/wp-content\/uploads\/sites\/11\/2016\/07\/reflexiones-palabra-de-dios.jpg?fit=1200%2C630","type":"image\/jpeg"}],"author":"Francisco Javier Fern\u00e1ndez Chento","twitter_card":"summary_large_image","twitter_creator":"@https:\/\/twitter.com\/javierchento","twitter_site":"@WeVincentians","twitter_misc":{"Escrito por":"Francisco Javier Fern\u00e1ndez Chento","Tiempo de lectura":"5 minutos"},"schema":{"@context":"https:\/\/schema.org","@graph":[{"@type":"Article","@id":"http:\/\/vincentians.com\/es\/lectio-divina-para-4o-domingo-de-pascua-preparada-por-chuno-chavez-alva-c-m\/#article","isPartOf":{"@id":"http:\/\/vincentians.com\/es\/lectio-divina-para-4o-domingo-de-pascua-preparada-por-chuno-chavez-alva-c-m\/"},"author":{"name":"Francisco Javier Fern\u00e1ndez Chento","@id":"http:\/\/vincentians.com\/es\/#\/schema\/person\/9623ef4d9aa3b2dfb8c061f1499288f2"},"headline":"Lectio Divina para 4\u00ba Domingo de Pascua (preparada por Chuno Ch\u00e1vez Alva, C.M.)","datePublished":"2013-04-14T23:43:32+00:00","dateModified":"2016-07-24T08:27:20+00:00","mainEntityOfPage":{"@id":"http:\/\/vincentians.com\/es\/lectio-divina-para-4o-domingo-de-pascua-preparada-por-chuno-chavez-alva-c-m\/"},"wordCount":1079,"commentCount":0,"publisher":{"@id":"http:\/\/vincentians.com\/es\/#organization"},"image":{"@id":"http:\/\/vincentians.com\/es\/lectio-divina-para-4o-domingo-de-pascua-preparada-por-chuno-chavez-alva-c-m\/#primaryimage"},"thumbnailUrl":"https:\/\/i0.wp.com\/vincentians.com\/es\/wp-content\/uploads\/sites\/11\/2016\/07\/reflexiones-palabra-de-dios.jpg?fit=1200%2C630","articleSection":["Homil\u00edas y reflexiones, A\u00f1o C"],"inLanguage":"es","potentialAction":[{"@type":"CommentAction","name":"Comment","target":["http:\/\/vincentians.com\/es\/lectio-divina-para-4o-domingo-de-pascua-preparada-por-chuno-chavez-alva-c-m\/#respond"]}]},{"@type":"WebPage","@id":"http:\/\/vincentians.com\/es\/lectio-divina-para-4o-domingo-de-pascua-preparada-por-chuno-chavez-alva-c-m\/","url":"http:\/\/vincentians.com\/es\/lectio-divina-para-4o-domingo-de-pascua-preparada-por-chuno-chavez-alva-c-m\/","name":"Lectio Divina para 4\u00ba Domingo de Pascua (preparada por Chuno Ch\u00e1vez Alva, C.M.) - Somos Vicencianos","isPartOf":{"@id":"http:\/\/vincentians.com\/es\/#website"},"primaryImageOfPage":{"@id":"http:\/\/vincentians.com\/es\/lectio-divina-para-4o-domingo-de-pascua-preparada-por-chuno-chavez-alva-c-m\/#primaryimage"},"image":{"@id":"http:\/\/vincentians.com\/es\/lectio-divina-para-4o-domingo-de-pascua-preparada-por-chuno-chavez-alva-c-m\/#primaryimage"},"thumbnailUrl":"https:\/\/i0.wp.com\/vincentians.com\/es\/wp-content\/uploads\/sites\/11\/2016\/07\/reflexiones-palabra-de-dios.jpg?fit=1200%2C630","datePublished":"2013-04-14T23:43:32+00:00","dateModified":"2016-07-24T08:27:20+00:00","breadcrumb":{"@id":"http:\/\/vincentians.com\/es\/lectio-divina-para-4o-domingo-de-pascua-preparada-por-chuno-chavez-alva-c-m\/#breadcrumb"},"inLanguage":"es","potentialAction":[{"@type":"ReadAction","target":["http:\/\/vincentians.com\/es\/lectio-divina-para-4o-domingo-de-pascua-preparada-por-chuno-chavez-alva-c-m\/"]}]},{"@type":"ImageObject","inLanguage":"es","@id":"http:\/\/vincentians.com\/es\/lectio-divina-para-4o-domingo-de-pascua-preparada-por-chuno-chavez-alva-c-m\/#primaryimage","url":"https:\/\/i0.wp.com\/vincentians.com\/es\/wp-content\/uploads\/sites\/11\/2016\/07\/reflexiones-palabra-de-dios.jpg?fit=1200%2C630","contentUrl":"https:\/\/i0.wp.com\/vincentians.com\/es\/wp-content\/uploads\/sites\/11\/2016\/07\/reflexiones-palabra-de-dios.jpg?fit=1200%2C630","width":1200,"height":630},{"@type":"BreadcrumbList","@id":"http:\/\/vincentians.com\/es\/lectio-divina-para-4o-domingo-de-pascua-preparada-por-chuno-chavez-alva-c-m\/#breadcrumb","itemListElement":[{"@type":"ListItem","position":1,"name":"Portada","item":"http:\/\/vincentians.com\/es\/"},{"@type":"ListItem","position":2,"name":"Lectio Divina para 4\u00ba Domingo de Pascua (preparada por Chuno Ch\u00e1vez Alva, C.M.)"}]},{"@type":"WebSite","@id":"http:\/\/vincentians.com\/es\/#website","url":"http:\/\/vincentians.com\/es\/","name":"Somos Vicencianos","description":"Know more to serve more","publisher":{"@id":"http:\/\/vincentians.com\/es\/#organization"},"potentialAction":[{"@type":"SearchAction","target":{"@type":"EntryPoint","urlTemplate":"http:\/\/vincentians.com\/es\/?s={search_term_string}"},"query-input":{"@type":"PropertyValueSpecification","valueRequired":true,"valueName":"search_term_string"}}],"inLanguage":"es"},{"@type":"Organization","@id":"http:\/\/vincentians.com\/es\/#organization","name":"The Vincentian Network","url":"http:\/\/vincentians.com\/es\/","logo":{"@type":"ImageObject","inLanguage":"es","@id":"http:\/\/vincentians.com\/es\/#\/schema\/logo\/image\/","url":"https:\/\/i1.wp.com\/vincentians.com\/es\/wp-content\/uploads\/sites\/11\/2016\/06\/Vincentian-Network-logo-big.png?fit=778%2C778","contentUrl":"https:\/\/i1.wp.com\/vincentians.com\/es\/wp-content\/uploads\/sites\/11\/2016\/06\/Vincentian-Network-logo-big.png?fit=778%2C778","width":778,"height":778,"caption":"The Vincentian Network"},"image":{"@id":"http:\/\/vincentians.com\/es\/#\/schema\/logo\/image\/"},"sameAs":["https:\/\/www.facebook.com\/WeAreVincentians\/","https:\/\/x.com\/WeVincentians"]},{"@type":"Person","@id":"http:\/\/vincentians.com\/es\/#\/schema\/person\/9623ef4d9aa3b2dfb8c061f1499288f2","name":"Francisco Javier Fern\u00e1ndez Chento","image":{"@type":"ImageObject","inLanguage":"es","@id":"http:\/\/vincentians.com\/es\/#\/schema\/person\/image\/","url":"https:\/\/secure.gravatar.com\/avatar\/497d5cde87b4c3d097d0315953521681ba2cd523ee66e5077c3711f7021e65de?s=96&d=mm&r=g","contentUrl":"https:\/\/secure.gravatar.com\/avatar\/497d5cde87b4c3d097d0315953521681ba2cd523ee66e5077c3711f7021e65de?s=96&d=mm&r=g","caption":"Francisco Javier Fern\u00e1ndez Chento"},"description":"Director General y cofundador de La Red de Formaci\u00f3n Vicenciana. Javier es laico vicenciano, afiliado a la Congregaci\u00f3n de la Misi\u00f3n y miembro del Equipo de Misiones Populares de la provincia can\u00f3nica de Zaragoza (Espa\u00f1a) de la Congregaci\u00f3n de la Misi\u00f3n. Graduado en la Universidad Oberta de Catalunya con cuatro grados (Asistente de direcci\u00f3n, Gesti\u00f3n Administrativa, Recursos Humanos y Contabilidad Avanzada). Bil\u00edng\u00fce Espa\u00f1ol\/Ingl\u00e9s. gestiona y mantiene varias p\u00e1ginas web cristianas y vicencianas, incluida including La Red de Formaci\u00f3n Vicenciana, de la que es cofundador. Actualmente es responsable del \u00e1rea de Espa\u00f1ol de .famvin, la Red de Noticias de la Familia Vicenciana. Tambi\u00e9n es m\u00fasico cat\u00f3lico y ha editado varios discos. Es Director General y cofundador de Trovador, una reconocida compa\u00f1\u00eda discogr\u00e1fica critiana de Espa\u00f1a. Trabaja en las Tecnolog\u00edas de la Informaci\u00f3n, ofreciendo servicios de alojamiento, dise\u00f1o y mantenimiento Web, as\u00ed como asesoramiento, formaci\u00f3n y soluciones inform\u00e1ticas, gesti\u00f3n documental y digitalizaci\u00f3n de textos, edici\u00f3n y maquetaci\u00f3n de libros, revistas, flyers, etc.","sameAs":["http:\/\/chento.org","https:\/\/www.facebook.com\/JavierChento","https:\/\/x.com\/https:\/\/twitter.com\/javierchento"],"url":"http:\/\/vincentians.com\/es\/author\/chento\/"}]}},"jetpack_publicize_connections":[],"jetpack_featured_media_url":"https:\/\/i0.wp.com\/vincentians.com\/es\/wp-content\/uploads\/sites\/11\/2016\/07\/reflexiones-palabra-de-dios.jpg?fit=1200%2C630","jetpack_sharing_enabled":true,"jetpack_shortlink":"https:\/\/wp.me\/p7ETMF-Pu","jetpack-related-posts":[{"id":143671,"url":"http:\/\/vincentians.com\/es\/lectio-para-4o-domingo-de-pascua-preparada-por-chuno-chavez-alva-c-m-2\/","url_meta":{"origin":3192,"position":0},"title":"Lectio para 4\u00ba Domingo de Pascua (preparada por Chuno Ch\u00e1vez Alva, C.M.)","author":"Francisco Javier Fern\u00e1ndez Chento","date":"20\/04\/2015","format":false,"excerpt":"Yo soy el buen Pastor LA PALABRA HOY: Hechos Ap\u00f3stoles 4,8-12; Salmo 117; 1 Juan 3,1-2; Juan 10,11-18 Ambientaci\u00f3n: Un cayado de pastor; fotograf\u00edas de personas que han encarnado las actitudes del Buen Pastor. Cantos sugeridos: El Se\u00f1or es mi Pastor, nada me falta Ambientaci\u00f3n En esta Pascua que continuamos\u2026","rel":"","context":"En \u00abHomil\u00edas y reflexiones, A\u00f1o B\u00bb","block_context":{"text":"Homil\u00edas y reflexiones, A\u00f1o B","link":"http:\/\/vincentians.com\/es\/category\/homilias-y-reflexiones-a-la-palabra-de-dios\/homilias-y-reflexiones-ano-b\/"},"img":{"alt_text":"","src":"https:\/\/i0.wp.com\/vincentians.com\/es\/wp-content\/uploads\/sites\/11\/2016\/07\/reflexiones-palabra-de-dios.jpg?fit=1200%2C630&resize=350%2C200","width":350,"height":200,"srcset":"https:\/\/i0.wp.com\/vincentians.com\/es\/wp-content\/uploads\/sites\/11\/2016\/07\/reflexiones-palabra-de-dios.jpg?fit=1200%2C630&resize=350%2C200 1x, https:\/\/i0.wp.com\/vincentians.com\/es\/wp-content\/uploads\/sites\/11\/2016\/07\/reflexiones-palabra-de-dios.jpg?fit=1200%2C630&resize=525%2C300 1.5x, https:\/\/i0.wp.com\/vincentians.com\/es\/wp-content\/uploads\/sites\/11\/2016\/07\/reflexiones-palabra-de-dios.jpg?fit=1200%2C630&resize=700%2C400 2x, https:\/\/i0.wp.com\/vincentians.com\/es\/wp-content\/uploads\/sites\/11\/2016\/07\/reflexiones-palabra-de-dios.jpg?fit=1200%2C630&resize=1050%2C600 3x"},"classes":[]},{"id":5996,"url":"http:\/\/vincentians.com\/es\/lectio-para-4o-domingo-de-pascua-preparada-por-chuno-chavez-alva-c-m\/","url_meta":{"origin":3192,"position":1},"title":"Lectio para 4\u00ba domingo de Pascua (preparada por Chuno Ch\u00e1vez Alva, C.M.)","author":"Francisco Javier Fern\u00e1ndez Chento","date":"07\/05\/2014","format":false,"excerpt":"Vine para que tengan vida y vida en abundancia LA PALABRA HOY: Hechos Ap\u00f3stoles 2,14.36-41; Salmo 22; 1 Pedro 2,20-25; Juan 10,1-10 Ambientaci\u00f3n: Un cayado de pastor; fotograf\u00edas de personas que han encarnado las actitudes del Buen Pastor. Cantos sugeridos: El Se\u00f1or es mi Pastor, nada me falta Ambientaci\u00f3n El\u2026","rel":"","context":"En \u00abHomil\u00edas y reflexiones, A\u00f1o A\u00bb","block_context":{"text":"Homil\u00edas y reflexiones, A\u00f1o A","link":"http:\/\/vincentians.com\/es\/category\/homilias-y-reflexiones-a-la-palabra-de-dios\/homilias-y-reflexiones-ano-a\/"},"img":{"alt_text":"","src":"https:\/\/i0.wp.com\/vincentians.com\/es\/wp-content\/uploads\/sites\/11\/2016\/07\/reflexiones-palabra-de-dios.jpg?fit=1200%2C630&resize=350%2C200","width":350,"height":200,"srcset":"https:\/\/i0.wp.com\/vincentians.com\/es\/wp-content\/uploads\/sites\/11\/2016\/07\/reflexiones-palabra-de-dios.jpg?fit=1200%2C630&resize=350%2C200 1x, https:\/\/i0.wp.com\/vincentians.com\/es\/wp-content\/uploads\/sites\/11\/2016\/07\/reflexiones-palabra-de-dios.jpg?fit=1200%2C630&resize=525%2C300 1.5x, https:\/\/i0.wp.com\/vincentians.com\/es\/wp-content\/uploads\/sites\/11\/2016\/07\/reflexiones-palabra-de-dios.jpg?fit=1200%2C630&resize=700%2C400 2x, https:\/\/i0.wp.com\/vincentians.com\/es\/wp-content\/uploads\/sites\/11\/2016\/07\/reflexiones-palabra-de-dios.jpg?fit=1200%2C630&resize=1050%2C600 3x"},"classes":[]},{"id":1501,"url":"http:\/\/vincentians.com\/es\/4o-domingo-de-pascua-reflexion-de-jose-antonio-pagola-3\/","url_meta":{"origin":3192,"position":2},"title":"4\u00ba Domingo de Pascua (reflexi\u00f3n de Jos\u00e9 Antonio Pagola)","author":"Francisco Javier Fern\u00e1ndez Chento","date":"27\/04\/2012","format":false,"excerpt":"Va con nosotros El s\u00edmbolo de Jes\u00fas como pastor bueno produce hoy en algunos cristianos cierto fastidio. No queremos ser tratados como ovejas de un reba\u00f1o. No necesitamos a nadie que gobierne y controle nuestra vida. Queremos ser respetados. No necesitamos de ning\u00fan pastor. No sent\u00edan as\u00ed los primeros cristianos.\u2026","rel":"","context":"En \u00abHomil\u00edas y reflexiones, A\u00f1o B\u00bb","block_context":{"text":"Homil\u00edas y reflexiones, A\u00f1o B","link":"http:\/\/vincentians.com\/es\/category\/homilias-y-reflexiones-a-la-palabra-de-dios\/homilias-y-reflexiones-ano-b\/"},"img":{"alt_text":"","src":"https:\/\/i0.wp.com\/vincentians.com\/es\/wp-content\/uploads\/sites\/11\/2016\/07\/reflexiones-pagola.jpg?fit=1200%2C630&resize=350%2C200","width":350,"height":200,"srcset":"https:\/\/i0.wp.com\/vincentians.com\/es\/wp-content\/uploads\/sites\/11\/2016\/07\/reflexiones-pagola.jpg?fit=1200%2C630&resize=350%2C200 1x, https:\/\/i0.wp.com\/vincentians.com\/es\/wp-content\/uploads\/sites\/11\/2016\/07\/reflexiones-pagola.jpg?fit=1200%2C630&resize=525%2C300 1.5x, https:\/\/i0.wp.com\/vincentians.com\/es\/wp-content\/uploads\/sites\/11\/2016\/07\/reflexiones-pagola.jpg?fit=1200%2C630&resize=700%2C400 2x, https:\/\/i0.wp.com\/vincentians.com\/es\/wp-content\/uploads\/sites\/11\/2016\/07\/reflexiones-pagola.jpg?fit=1200%2C630&resize=1050%2C600 3x"},"classes":[]},{"id":3224,"url":"http:\/\/vincentians.com\/es\/4o-domingo-de-pascua-reflexion-de-antonio-elduayen-c-m\/","url_meta":{"origin":3192,"position":3},"title":"4\u00ba Domingo de Pascua (reflexi\u00f3n de Antonio Elduayen, C.M.)","author":"Francisco Javier Fern\u00e1ndez Chento","date":"18\/04\/2013","format":false,"excerpt":"Queridos amigos Hay dos par\u00e1bolas que retratan a Jes\u00fas de cuerpo entero: la del Buen Samaritano (Lc 10, 25-37) y la del Buen Pastor (Jn 10, 1-30). La del Buen Pastor, la iglesia la propone siempre en el 4\u00ba domingo de Pascua, celebrando en \u00e9l la Jornada Mundial de Oraci\u00f3n\u2026","rel":"","context":"En \u00abHomil\u00edas y reflexiones, A\u00f1o C\u00bb","block_context":{"text":"Homil\u00edas y reflexiones, A\u00f1o C","link":"http:\/\/vincentians.com\/es\/category\/homilias-y-reflexiones-a-la-palabra-de-dios\/homilias-y-reflexiones-ano-c\/"},"img":{"alt_text":"","src":"https:\/\/i0.wp.com\/vincentians.com\/es\/wp-content\/uploads\/sites\/11\/2016\/07\/reflexiones-palabra-de-dios.jpg?fit=1200%2C630&resize=350%2C200","width":350,"height":200,"srcset":"https:\/\/i0.wp.com\/vincentians.com\/es\/wp-content\/uploads\/sites\/11\/2016\/07\/reflexiones-palabra-de-dios.jpg?fit=1200%2C630&resize=350%2C200 1x, https:\/\/i0.wp.com\/vincentians.com\/es\/wp-content\/uploads\/sites\/11\/2016\/07\/reflexiones-palabra-de-dios.jpg?fit=1200%2C630&resize=525%2C300 1.5x, https:\/\/i0.wp.com\/vincentians.com\/es\/wp-content\/uploads\/sites\/11\/2016\/07\/reflexiones-palabra-de-dios.jpg?fit=1200%2C630&resize=700%2C400 2x, https:\/\/i0.wp.com\/vincentians.com\/es\/wp-content\/uploads\/sites\/11\/2016\/07\/reflexiones-palabra-de-dios.jpg?fit=1200%2C630&resize=1050%2C600 3x"},"classes":[]},{"id":143634,"url":"http:\/\/vincentians.com\/es\/4o-domingo-de-pascua-reflexion-de-jose-antonio-pagola-4\/","url_meta":{"origin":3192,"position":4},"title":"4\u00ba Domingo de Pascua (reflexi\u00f3n de Jos\u00e9 Antonio Pagola)","author":"Francisco Javier Fern\u00e1ndez Chento","date":"20\/04\/2015","format":false,"excerpt":"Acercarnos y conocernos Cuando entre los primeros cristianos comenzaron los conflictos y disensiones entre grupos y l\u00edderes diferentes, alguien sinti\u00f3 la necesidad de recordar que, en la comunidad de Jes\u00fas, solo \u00e9l es el Pastor bueno. No un pastor m\u00e1s, sino el aut\u00e9ntico, el verdadero, el modelo a seguir por\u2026","rel":"","context":"En \u00abHomil\u00edas y reflexiones, A\u00f1o B\u00bb","block_context":{"text":"Homil\u00edas y reflexiones, A\u00f1o B","link":"http:\/\/vincentians.com\/es\/category\/homilias-y-reflexiones-a-la-palabra-de-dios\/homilias-y-reflexiones-ano-b\/"},"img":{"alt_text":"","src":"https:\/\/i0.wp.com\/vincentians.com\/es\/wp-content\/uploads\/sites\/11\/2016\/07\/reflexiones-pagola.jpg?fit=1200%2C630&resize=350%2C200","width":350,"height":200,"srcset":"https:\/\/i0.wp.com\/vincentians.com\/es\/wp-content\/uploads\/sites\/11\/2016\/07\/reflexiones-pagola.jpg?fit=1200%2C630&resize=350%2C200 1x, https:\/\/i0.wp.com\/vincentians.com\/es\/wp-content\/uploads\/sites\/11\/2016\/07\/reflexiones-pagola.jpg?fit=1200%2C630&resize=525%2C300 1.5x, https:\/\/i0.wp.com\/vincentians.com\/es\/wp-content\/uploads\/sites\/11\/2016\/07\/reflexiones-pagola.jpg?fit=1200%2C630&resize=700%2C400 2x, https:\/\/i0.wp.com\/vincentians.com\/es\/wp-content\/uploads\/sites\/11\/2016\/07\/reflexiones-pagola.jpg?fit=1200%2C630&resize=1050%2C600 3x"},"classes":[]},{"id":143751,"url":"http:\/\/vincentians.com\/es\/4o-domingo-de-pascua-reflexion-de-la-s-s-v-p-en-espana-2\/","url_meta":{"origin":3192,"position":5},"title":"4\u00ba Domingo de Pascua (reflexi\u00f3n de la S.S.V.P. en Espa\u00f1a)","author":"Francisco Javier Fern\u00e1ndez Chento","date":"22\/04\/2015","format":false,"excerpt":"\u201cUna buena forma de ejercitarnos en el amor a Cristo, es manteni\u00e9ndolo presente en nuestras mentes siempre que sea posible\u201d. (SvdeP) La palabra que nos convoca a celebrar la Eucarist\u00eda de este domingo, da testimonio de la fuerza trasformadora y liberadora del amor venido del mismo Dios. La fuerza del\u2026","rel":"","context":"En \u00abHomil\u00edas y reflexiones, A\u00f1o B\u00bb","block_context":{"text":"Homil\u00edas y reflexiones, A\u00f1o B","link":"http:\/\/vincentians.com\/es\/category\/homilias-y-reflexiones-a-la-palabra-de-dios\/homilias-y-reflexiones-ano-b\/"},"img":{"alt_text":"","src":"https:\/\/i0.wp.com\/vincentians.com\/es\/wp-content\/uploads\/sites\/11\/2016\/07\/reflexiones-palabra-de-dios.jpg?fit=1200%2C630&resize=350%2C200","width":350,"height":200,"srcset":"https:\/\/i0.wp.com\/vincentians.com\/es\/wp-content\/uploads\/sites\/11\/2016\/07\/reflexiones-palabra-de-dios.jpg?fit=1200%2C630&resize=350%2C200 1x, https:\/\/i0.wp.com\/vincentians.com\/es\/wp-content\/uploads\/sites\/11\/2016\/07\/reflexiones-palabra-de-dios.jpg?fit=1200%2C630&resize=525%2C300 1.5x, https:\/\/i0.wp.com\/vincentians.com\/es\/wp-content\/uploads\/sites\/11\/2016\/07\/reflexiones-palabra-de-dios.jpg?fit=1200%2C630&resize=700%2C400 2x, https:\/\/i0.wp.com\/vincentians.com\/es\/wp-content\/uploads\/sites\/11\/2016\/07\/reflexiones-palabra-de-dios.jpg?fit=1200%2C630&resize=1050%2C600 3x"},"classes":[]}],"_links":{"self":[{"href":"http:\/\/vincentians.com\/es\/wp-json\/wp\/v2\/posts\/3192","targetHints":{"allow":["GET"]}}],"collection":[{"href":"http:\/\/vincentians.com\/es\/wp-json\/wp\/v2\/posts"}],"about":[{"href":"http:\/\/vincentians.com\/es\/wp-json\/wp\/v2\/types\/post"}],"author":[{"embeddable":true,"href":"http:\/\/vincentians.com\/es\/wp-json\/wp\/v2\/users\/4"}],"replies":[{"embeddable":true,"href":"http:\/\/vincentians.com\/es\/wp-json\/wp\/v2\/comments?post=3192"}],"version-history":[{"count":0,"href":"http:\/\/vincentians.com\/es\/wp-json\/wp\/v2\/posts\/3192\/revisions"}],"wp:featuredmedia":[{"embeddable":true,"href":"http:\/\/vincentians.com\/es\/wp-json\/wp\/v2\/media\/388408"}],"wp:attachment":[{"href":"http:\/\/vincentians.com\/es\/wp-json\/wp\/v2\/media?parent=3192"}],"wp:term":[{"taxonomy":"category","embeddable":true,"href":"http:\/\/vincentians.com\/es\/wp-json\/wp\/v2\/categories?post=3192"},{"taxonomy":"post_tag","embeddable":true,"href":"http:\/\/vincentians.com\/es\/wp-json\/wp\/v2\/tags?post=3192"}],"curies":[{"name":"wp","href":"https:\/\/api.w.org\/{rel}","templated":true}]}}