{"id":31866,"date":"2020-12-10T08:37:32","date_gmt":"2020-12-10T07:37:32","guid":{"rendered":"http:\/\/somos.vicencianos.org\/?p=31866"},"modified":"2020-12-06T10:39:18","modified_gmt":"2020-12-06T09:39:18","slug":"iter-cronologico-y-milagro-en-la-causa-de-beatificacion-del-p-durando","status":"publish","type":"post","link":"http:\/\/vincentians.com\/es\/iter-cronologico-y-milagro-en-la-causa-de-beatificacion-del-p-durando\/","title":{"rendered":"\u00ab\u00cdter\u00bb cronol\u00f3gico y milagro en la causa de beatificaci\u00f3n del P. Durando"},"content":{"rendered":"<div class=\"mceTemp\"><\/div>\n<p>Fallecido el Beato Marco Antonio Durando, he aqu\u00ed lo que, textualmente, escrib\u00eda a la Provincia el Visitador de Tur\u00edn, P. Giovanni Torre: <em>Hemos perdido a un Padre, pero alimentamos la confianza de haber ganado un protector en el cielo.<\/em> Y dispon\u00eda al mismo tiempo que se recogiesen<em> lo antes posible, para que no se pierdan, los datos m\u00e1s particulares sobre su vida y los singulares ejemplos de virtud que nos dej\u00f3\u2026 <\/em>En 1888, apenas ocho a\u00f1os despu\u00e9s, aparece la primera biograf\u00eda, escrita por el P. Francesco Martinengo, C.M. Mas s\u00f3lo en 1928 se superan un malentendido sentimiento de humildad comunitaria y una pretendida incapacidad de financiaci\u00f3n, y da comienzo en Tur\u00edn el proceso ordinario. La validez de ambos procesos \u2013 ordinario y apost\u00f3lico \u2013, fue reconocida por decreto de la Sagrada Congregaci\u00f3n de Ritos el 1\u00ba de julio de 1951. En el proceso ordinario se examin\u00f3 a 33 testigos, todos \u00abde visu\u00bb, y a 15 en el proceso apost\u00f3lico, de los cuales 5 lo eran asimismo \u00abde visu\u00bb, y 10 \u00abde auditu a videntibus\u00bb.<\/p>\n<p>Las vicisitudes, variadas y complejas, que involucraron a la persona del Beato \u2013 su amistad con el Rey Carlos Alberto y con Mons. Luigi Fransoni, Arzobispo de Tur\u00edn; el movimiento de la unidad italiana; las posiciones adoptadas por su hermano, general del ej\u00e9rcito piamont\u00e9s, frente por frente del papa P\u00edo IX; la negaci\u00f3n de los sacramentos al conde Santarosa; las relaciones con uno y otro instituto religioso, el de la Madre Verna y el de Sor Clarac \u2013 todo ello \u2013 detuvo el \u00ab\u00edter\u00bb procesal, pues requiri\u00f3 un ahondamiento mayor en las pruebas, seg\u00fan lo exig\u00eda en 1971 el Congreso Particular de Te\u00f3logos, siendo preciso aprestar un \u00absummarium storicum addictionale\u00bb, para que en el segundo Congreso Particular \u2013 21 de septiembre de 1978 \u2013 fuese reconocida la heroicidad de sus virtudes.<\/p>\n<p>Los Padres Cardenales y Obispos examinaron la \u00abpositio\u00bb el 27 de marzo de 1979 y, satisfechos en una sesi\u00f3n ordinaria, el 20 de junio del 2000, los \u00faltimos \u00abahondamientos\u00bb, declararon aquellos que el Siervo de Dios hab\u00eda ejercitado las virtudes en grado heroico. Juicio de los Te\u00f3logos y los Padres que, ese mismo a\u00f1o 2000, el 1\u00ba de julio, el Santo Padre Juan Pablo II ratificaba, con la promulgaci\u00f3n del decreto sobre la heroicidad de las virtudes del P. Durando.<\/p>\n<h3>El milagro<\/h3>\n<p>Siguiendo de inmediato al reconocimiento de la heroicidad de las virtudes, la Postulaci\u00f3n General present\u00f3 a la Congregaci\u00f3n para las Causas de los Santos, una curaci\u00f3n de la que fue objeto la se\u00f1ora Mar\u00eda Stella Vottero Ingianni, nacida en 1903, y fallecida el 10 de septiembre de 2002.<\/p>\n<p>En 1929, esta se\u00f1ora tuvo un primer embarazo que, s\u00f3lo recurriendo al f\u00f3rceps, termin\u00f3 en alumbramiento. A los tres a\u00f1os (1932), el parto, en casa, conclu\u00eda un segundo embarazo. Y todo parec\u00eda normal cuando, entre 3 y 4 horas m\u00e1s tarde, Mar\u00eda Stella sinti\u00f3<em> cefalea y distorsiones de la visi\u00f3n, a lo cual siguieron extensas convulsiones, con trismo y mordeduras en la lengua, dificultad respiratoria y cianosis. Ten\u00eda adem\u00e1s fiebre de 38\u00baC, y alta albuminuria.<\/em> En horas sucesivas se repitieron las convulsiones, con se\u00f1ales claras de insuficiencia card\u00edaca y edema pulmonar, hasta mostrarse la enferma en estado de inconsciencia total, si bien se debat\u00eda con fuerza, sangr\u00e1ndole la boca y gimiendo al respirar. El Prof. Alessandro Vaccari, que la hab\u00eda ayudado a dar a luz, encontr\u00f3 a Mar\u00eda Stella en coma ecl\u00e1mpsico, condici\u00f3n tras \u00e9l confirmada por los Profs. Giuseppe Ingianni \u2013 padre de la parturienta \u2013 y por los m\u00e9dicos Dr. Melanio Laugeri y Prof. Ferdinando Micheli, llamados entrambos a consulta por los familiares. Id\u00e9ntica diagnosis dieron el Prof. Ercole Cova y el Dr. Carlo Fino.<\/p>\n<p>Se aplicaron todas las terapias entonces conocidas: sangr\u00eda, hipoderm\u00f3clisis, inyecciones intravenosas y subcut\u00e1neas de calcio, magnesio, veratr\u00f3n verde, morfina, etc\u2026<\/p>\n<p>Persistiendo la extrema gravedad de la paciente, se intent\u00f3 como \u00abultima ratio\u00bb la punci\u00f3n lumbar, sin efecto ni \u00e9xito. A intervalos m\u00e1s y m\u00e1s frecuentes se reiteraban las convulsiones, no remitiendo el estado de inconsciencia, mientras que las se\u00f1ales de insuficiencia card\u00edaca y edema pulmonar aparec\u00edan con claridad cada vez mayor. Dada esta situaci\u00f3n, s\u00f3lo pod\u00eda emitirse una prognosis fatal a corto plazo, por lo cual se procedi\u00f3 a administrar la unci\u00f3n de enfermos.<\/p>\n<p>Sor Irene Caulo, religiosa profesa de las Hermanas Nazarenas \u2013 instituto fundado por el P. Durando \u2013, era enfermera diplomada, y ten\u00eda por misi\u00f3n la asistencia de los enfermos a domicilio. La tarde del 28 de noviembre de 1932, hacia las 19h, sustitu\u00eda a su compa\u00f1era Sor Ver\u00f3nica Trivari a la cabecera de la se\u00f1ora Mar\u00eda Stella Ingianni-Vottero. Encontr\u00f3 a \u00e9sta en situaci\u00f3n desesperada: los m\u00e9dicos hab\u00edan suspendido todo tratamiento, perdida la esperanza de arrebatarla a la muerte. La enferma sigui\u00f3 en estado grav\u00edsimo toda la noche, temi\u00e9ndose de un momento a otro su deceso.<\/p>\n<p>Al filo de la medianoche, Sor Irene se pone a hacer una novena de nueve horas, para implorar el milagro por intercesi\u00f3n de su venerado Fundador, P. Marco Antonio Durando, al cual comienza a dirigir ruegos; e invita al padre de la enferma, Prof. Dr. Ingianni, a que haga otro tanto. Con las primeras horas de la madrugada, nota alguna se\u00f1al de mejor\u00eda incipiente. A las 7, toma el relevo Sor Ver\u00f3nica. Sor Irene recomienda a \u00e9sta que pida por la curaci\u00f3n de la enferma al P. Durando; va luego a o\u00edr la santa misa, y contin\u00faa la novena.<\/p>\n<p>A las 9, coincidiendo con el fin de la novena de las nueve horas, la paciente despierta de su estado comatoso, abre los ojos, reconoce a su padre, pregunta qu\u00e9 ha pasado; le desaparece la cianosis, y puede deglutir algunas cucharadas de leche. A las 18 estaba plenamente consciente, y al cabo de entre 2 y 3 d\u00edas hab\u00eda recobrado su aspecto normal.<\/p>\n<p>Tomando por base esta curaci\u00f3n se desarroll\u00f3 en Tur\u00edn, del 20 de octubre al 9 de diciembre de 1936, el proceso informativo diocesano. Supuso 19 sesiones, en las que se oy\u00f3 a 12 testigos y a 2 m\u00e9dicos peritos \u00abab inspectione\u00bb. La Congregaci\u00f3n para las Causas de los Santos reconoc\u00eda su validez jur\u00eddica por decreto del 13 de enero de 1995. La consulta a los m\u00e9dicos de dicha Congregaci\u00f3n, con fecha 19 de febrero de 2001, aceptaba la curaci\u00f3n de la se\u00f1ora Mar\u00eda Stella Ingianni como<em> repentina, estable, e inexplicable para la ciencia m\u00e9dica<\/em>. El 12 de octubre del mismo a\u00f1o tuvo lugar el Congreso de los Consultores Te\u00f3logos, y el 20 de noviembre siguiente se reun\u00edan en sesi\u00f3n ordinaria los Padres Cardenales y Obispos. En entrambas reuniones, la de Te\u00f3logos Consultores y la de Cardenales y Obispos, la cuesti\u00f3n de si divinamente se hab\u00eda obtenido un milagro, recib\u00eda respuesta afirmativa. Presentada al Santo Padre Juan Pablo II, por el Cardenal Prefecto de la Sagrada Congregaci\u00f3n para las Causas de los Santos, una relaci\u00f3n exacta de estos hechos, ratific\u00f3 los votos de la Sagrada Congregaci\u00f3n el asentimiento de Su Santidad, quien el 20 de diciembre de 2001 daba instrucciones para que se preparase el decreto sobre el referido milagro.<\/p>\n","protected":false},"excerpt":{"rendered":"<p>Fallecido el Beato Marco Antonio Durando, he aqu\u00ed lo que, textualmente, escrib\u00eda a la Provincia el Visitador de Tur\u00edn, P. Giovanni Torre: Hemos perdido a un Padre, pero alimentamos la confianza de haber ganado un &#8230; <a href=\"http:\/\/vincentians.com\/es\/iter-cronologico-y-milagro-en-la-causa-de-beatificacion-del-p-durando\/\" class=\"more-link\">Read More<\/a><\/p>\n","protected":false},"author":4,"featured_media":399381,"comment_status":"open","ping_status":"open","sticky":false,"template":"","format":"standard","meta":{"jetpack_post_was_ever_published":false,"_jetpack_newsletter_access":"","_jetpack_dont_email_post_to_subs":false,"_jetpack_newsletter_tier_id":0,"_jetpack_memberships_contains_paywalled_content":false,"_jetpack_memberships_contains_paid_content":false,"footnotes":"","jetpack_publicize_message":"","jetpack_publicize_feature_enabled":true,"jetpack_social_post_already_shared":true,"jetpack_social_options":{"image_generator_settings":{"template":"highway","default_image_id":0,"font":"","enabled":false},"version":2}},"categories":[22],"tags":[174],"class_list":["post-31866","post","type-post","status-publish","format-standard","has-post-thumbnail","hentry","category-marco-antonio-durando","tag-durando"],"yoast_head":"<!-- This site is optimized with the Yoast SEO plugin v26.3 - https:\/\/yoast.com\/wordpress\/plugins\/seo\/ -->\n<title>\u00ab\u00cdter\u00bb cronol\u00f3gico y milagro en la causa de beatificaci\u00f3n del P. Durando - Somos Vicencianos<\/title>\n<meta name=\"robots\" content=\"index, follow, max-snippet:-1, max-image-preview:large, max-video-preview:-1\" \/>\n<link rel=\"canonical\" href=\"http:\/\/vincentians.com\/es\/iter-cronologico-y-milagro-en-la-causa-de-beatificacion-del-p-durando\/\" \/>\n<meta property=\"og:locale\" content=\"es_ES\" \/>\n<meta property=\"og:type\" content=\"article\" \/>\n<meta property=\"og:title\" content=\"\u00ab\u00cdter\u00bb cronol\u00f3gico y milagro en la causa de beatificaci\u00f3n del P. Durando - Somos Vicencianos\" \/>\n<meta property=\"og:description\" content=\"Fallecido el Beato Marco Antonio Durando, he aqu\u00ed lo que, textualmente, escrib\u00eda a la Provincia el Visitador de Tur\u00edn, P. Giovanni Torre: Hemos perdido a un Padre, pero alimentamos la confianza de haber ganado un ... Read More\" \/>\n<meta property=\"og:url\" content=\"http:\/\/vincentians.com\/es\/iter-cronologico-y-milagro-en-la-causa-de-beatificacion-del-p-durando\/\" \/>\n<meta property=\"og:site_name\" content=\"Somos Vicencianos\" \/>\n<meta property=\"article:publisher\" content=\"https:\/\/www.facebook.com\/WeAreVincentians\/\" \/>\n<meta property=\"article:author\" content=\"https:\/\/www.facebook.com\/JavierChento\" \/>\n<meta property=\"article:published_time\" content=\"2020-12-10T07:37:32+00:00\" \/>\n<meta property=\"og:image\" content=\"https:\/\/i0.wp.com\/vincentians.com\/es\/wp-content\/uploads\/sites\/11\/2016\/08\/encuentro-con-jesus.jpg?fit=1200%2C630\" \/>\n\t<meta property=\"og:image:width\" content=\"1200\" \/>\n\t<meta property=\"og:image:height\" content=\"630\" \/>\n\t<meta property=\"og:image:type\" content=\"image\/jpeg\" \/>\n<meta name=\"author\" content=\"Francisco Javier Fern\u00e1ndez Chento\" \/>\n<meta name=\"twitter:card\" content=\"summary_large_image\" \/>\n<meta name=\"twitter:creator\" content=\"@https:\/\/twitter.com\/javierchento\" \/>\n<meta name=\"twitter:site\" content=\"@WeVincentians\" \/>\n<meta name=\"twitter:label1\" content=\"Escrito por\" \/>\n\t<meta name=\"twitter:data1\" content=\"Francisco Javier Fern\u00e1ndez Chento\" \/>\n\t<meta name=\"twitter:label2\" content=\"Tiempo de lectura\" \/>\n\t<meta name=\"twitter:data2\" content=\"6 minutos\" \/>\n<script type=\"application\/ld+json\" class=\"yoast-schema-graph\">{\"@context\":\"https:\/\/schema.org\",\"@graph\":[{\"@type\":\"Article\",\"@id\":\"http:\/\/vincentians.com\/es\/iter-cronologico-y-milagro-en-la-causa-de-beatificacion-del-p-durando\/#article\",\"isPartOf\":{\"@id\":\"http:\/\/vincentians.com\/es\/iter-cronologico-y-milagro-en-la-causa-de-beatificacion-del-p-durando\/\"},\"author\":{\"name\":\"Francisco Javier Fern\u00e1ndez Chento\",\"@id\":\"http:\/\/vincentians.com\/es\/#\/schema\/person\/9623ef4d9aa3b2dfb8c061f1499288f2\"},\"headline\":\"\u00ab\u00cdter\u00bb cronol\u00f3gico y milagro en la causa de beatificaci\u00f3n del P. Durando\",\"datePublished\":\"2020-12-10T07:37:32+00:00\",\"mainEntityOfPage\":{\"@id\":\"http:\/\/vincentians.com\/es\/iter-cronologico-y-milagro-en-la-causa-de-beatificacion-del-p-durando\/\"},\"wordCount\":1241,\"commentCount\":0,\"publisher\":{\"@id\":\"http:\/\/vincentians.com\/es\/#organization\"},\"image\":{\"@id\":\"http:\/\/vincentians.com\/es\/iter-cronologico-y-milagro-en-la-causa-de-beatificacion-del-p-durando\/#primaryimage\"},\"thumbnailUrl\":\"https:\/\/i0.wp.com\/vincentians.com\/es\/wp-content\/uploads\/sites\/11\/2016\/08\/encuentro-con-jesus.jpg?fit=1200%2C630\",\"keywords\":[\"Durando\"],\"articleSection\":[\"Marco Antonio Durando\"],\"inLanguage\":\"es\",\"potentialAction\":[{\"@type\":\"CommentAction\",\"name\":\"Comment\",\"target\":[\"http:\/\/vincentians.com\/es\/iter-cronologico-y-milagro-en-la-causa-de-beatificacion-del-p-durando\/#respond\"]}]},{\"@type\":\"WebPage\",\"@id\":\"http:\/\/vincentians.com\/es\/iter-cronologico-y-milagro-en-la-causa-de-beatificacion-del-p-durando\/\",\"url\":\"http:\/\/vincentians.com\/es\/iter-cronologico-y-milagro-en-la-causa-de-beatificacion-del-p-durando\/\",\"name\":\"\u00ab\u00cdter\u00bb cronol\u00f3gico y milagro en la causa de beatificaci\u00f3n del P. Durando - Somos Vicencianos\",\"isPartOf\":{\"@id\":\"http:\/\/vincentians.com\/es\/#website\"},\"primaryImageOfPage\":{\"@id\":\"http:\/\/vincentians.com\/es\/iter-cronologico-y-milagro-en-la-causa-de-beatificacion-del-p-durando\/#primaryimage\"},\"image\":{\"@id\":\"http:\/\/vincentians.com\/es\/iter-cronologico-y-milagro-en-la-causa-de-beatificacion-del-p-durando\/#primaryimage\"},\"thumbnailUrl\":\"https:\/\/i0.wp.com\/vincentians.com\/es\/wp-content\/uploads\/sites\/11\/2016\/08\/encuentro-con-jesus.jpg?fit=1200%2C630\",\"datePublished\":\"2020-12-10T07:37:32+00:00\",\"breadcrumb\":{\"@id\":\"http:\/\/vincentians.com\/es\/iter-cronologico-y-milagro-en-la-causa-de-beatificacion-del-p-durando\/#breadcrumb\"},\"inLanguage\":\"es\",\"potentialAction\":[{\"@type\":\"ReadAction\",\"target\":[\"http:\/\/vincentians.com\/es\/iter-cronologico-y-milagro-en-la-causa-de-beatificacion-del-p-durando\/\"]}]},{\"@type\":\"ImageObject\",\"inLanguage\":\"es\",\"@id\":\"http:\/\/vincentians.com\/es\/iter-cronologico-y-milagro-en-la-causa-de-beatificacion-del-p-durando\/#primaryimage\",\"url\":\"https:\/\/i0.wp.com\/vincentians.com\/es\/wp-content\/uploads\/sites\/11\/2016\/08\/encuentro-con-jesus.jpg?fit=1200%2C630\",\"contentUrl\":\"https:\/\/i0.wp.com\/vincentians.com\/es\/wp-content\/uploads\/sites\/11\/2016\/08\/encuentro-con-jesus.jpg?fit=1200%2C630\",\"width\":1200,\"height\":630},{\"@type\":\"BreadcrumbList\",\"@id\":\"http:\/\/vincentians.com\/es\/iter-cronologico-y-milagro-en-la-causa-de-beatificacion-del-p-durando\/#breadcrumb\",\"itemListElement\":[{\"@type\":\"ListItem\",\"position\":1,\"name\":\"Portada\",\"item\":\"http:\/\/vincentians.com\/es\/\"},{\"@type\":\"ListItem\",\"position\":2,\"name\":\"\u00ab\u00cdter\u00bb cronol\u00f3gico y milagro en la causa de beatificaci\u00f3n del P. Durando\"}]},{\"@type\":\"WebSite\",\"@id\":\"http:\/\/vincentians.com\/es\/#website\",\"url\":\"http:\/\/vincentians.com\/es\/\",\"name\":\"Somos Vicencianos\",\"description\":\"Know more to serve more\",\"publisher\":{\"@id\":\"http:\/\/vincentians.com\/es\/#organization\"},\"potentialAction\":[{\"@type\":\"SearchAction\",\"target\":{\"@type\":\"EntryPoint\",\"urlTemplate\":\"http:\/\/vincentians.com\/es\/?s={search_term_string}\"},\"query-input\":{\"@type\":\"PropertyValueSpecification\",\"valueRequired\":true,\"valueName\":\"search_term_string\"}}],\"inLanguage\":\"es\"},{\"@type\":\"Organization\",\"@id\":\"http:\/\/vincentians.com\/es\/#organization\",\"name\":\"The Vincentian Network\",\"url\":\"http:\/\/vincentians.com\/es\/\",\"logo\":{\"@type\":\"ImageObject\",\"inLanguage\":\"es\",\"@id\":\"http:\/\/vincentians.com\/es\/#\/schema\/logo\/image\/\",\"url\":\"https:\/\/i1.wp.com\/vincentians.com\/es\/wp-content\/uploads\/sites\/11\/2016\/06\/Vincentian-Network-logo-big.png?fit=778%2C778\",\"contentUrl\":\"https:\/\/i1.wp.com\/vincentians.com\/es\/wp-content\/uploads\/sites\/11\/2016\/06\/Vincentian-Network-logo-big.png?fit=778%2C778\",\"width\":778,\"height\":778,\"caption\":\"The Vincentian Network\"},\"image\":{\"@id\":\"http:\/\/vincentians.com\/es\/#\/schema\/logo\/image\/\"},\"sameAs\":[\"https:\/\/www.facebook.com\/WeAreVincentians\/\",\"https:\/\/x.com\/WeVincentians\"]},{\"@type\":\"Person\",\"@id\":\"http:\/\/vincentians.com\/es\/#\/schema\/person\/9623ef4d9aa3b2dfb8c061f1499288f2\",\"name\":\"Francisco Javier Fern\u00e1ndez Chento\",\"image\":{\"@type\":\"ImageObject\",\"inLanguage\":\"es\",\"@id\":\"http:\/\/vincentians.com\/es\/#\/schema\/person\/image\/\",\"url\":\"https:\/\/secure.gravatar.com\/avatar\/497d5cde87b4c3d097d0315953521681ba2cd523ee66e5077c3711f7021e65de?s=96&d=mm&r=g\",\"contentUrl\":\"https:\/\/secure.gravatar.com\/avatar\/497d5cde87b4c3d097d0315953521681ba2cd523ee66e5077c3711f7021e65de?s=96&d=mm&r=g\",\"caption\":\"Francisco Javier Fern\u00e1ndez Chento\"},\"description\":\"Director General y cofundador de La Red de Formaci\u00f3n Vicenciana. Javier es laico vicenciano, afiliado a la Congregaci\u00f3n de la Misi\u00f3n y miembro del Equipo de Misiones Populares de la provincia can\u00f3nica de Zaragoza (Espa\u00f1a) de la Congregaci\u00f3n de la Misi\u00f3n. Graduado en la Universidad Oberta de Catalunya con cuatro grados (Asistente de direcci\u00f3n, Gesti\u00f3n Administrativa, Recursos Humanos y Contabilidad Avanzada). Bil\u00edng\u00fce Espa\u00f1ol\/Ingl\u00e9s. gestiona y mantiene varias p\u00e1ginas web cristianas y vicencianas, incluida including La Red de Formaci\u00f3n Vicenciana, de la que es cofundador. Actualmente es responsable del \u00e1rea de Espa\u00f1ol de .famvin, la Red de Noticias de la Familia Vicenciana. Tambi\u00e9n es m\u00fasico cat\u00f3lico y ha editado varios discos. Es Director General y cofundador de Trovador, una reconocida compa\u00f1\u00eda discogr\u00e1fica critiana de Espa\u00f1a. Trabaja en las Tecnolog\u00edas de la Informaci\u00f3n, ofreciendo servicios de alojamiento, dise\u00f1o y mantenimiento Web, as\u00ed como asesoramiento, formaci\u00f3n y soluciones inform\u00e1ticas, gesti\u00f3n documental y digitalizaci\u00f3n de textos, edici\u00f3n y maquetaci\u00f3n de libros, revistas, flyers, etc.\",\"sameAs\":[\"http:\/\/chento.org\",\"https:\/\/www.facebook.com\/JavierChento\",\"https:\/\/x.com\/https:\/\/twitter.com\/javierchento\"],\"url\":\"http:\/\/vincentians.com\/es\/author\/chento\/\"}]}<\/script>\n<!-- \/ Yoast SEO plugin. -->","yoast_head_json":{"title":"\u00ab\u00cdter\u00bb cronol\u00f3gico y milagro en la causa de beatificaci\u00f3n del P. Durando - Somos Vicencianos","robots":{"index":"index","follow":"follow","max-snippet":"max-snippet:-1","max-image-preview":"max-image-preview:large","max-video-preview":"max-video-preview:-1"},"canonical":"http:\/\/vincentians.com\/es\/iter-cronologico-y-milagro-en-la-causa-de-beatificacion-del-p-durando\/","og_locale":"es_ES","og_type":"article","og_title":"\u00ab\u00cdter\u00bb cronol\u00f3gico y milagro en la causa de beatificaci\u00f3n del P. Durando - Somos Vicencianos","og_description":"Fallecido el Beato Marco Antonio Durando, he aqu\u00ed lo que, textualmente, escrib\u00eda a la Provincia el Visitador de Tur\u00edn, P. Giovanni Torre: Hemos perdido a un Padre, pero alimentamos la confianza de haber ganado un ... Read More","og_url":"http:\/\/vincentians.com\/es\/iter-cronologico-y-milagro-en-la-causa-de-beatificacion-del-p-durando\/","og_site_name":"Somos Vicencianos","article_publisher":"https:\/\/www.facebook.com\/WeAreVincentians\/","article_author":"https:\/\/www.facebook.com\/JavierChento","article_published_time":"2020-12-10T07:37:32+00:00","og_image":[{"width":1200,"height":630,"url":"https:\/\/i0.wp.com\/vincentians.com\/es\/wp-content\/uploads\/sites\/11\/2016\/08\/encuentro-con-jesus.jpg?fit=1200%2C630","type":"image\/jpeg"}],"author":"Francisco Javier Fern\u00e1ndez Chento","twitter_card":"summary_large_image","twitter_creator":"@https:\/\/twitter.com\/javierchento","twitter_site":"@WeVincentians","twitter_misc":{"Escrito por":"Francisco Javier Fern\u00e1ndez Chento","Tiempo de lectura":"6 minutos"},"schema":{"@context":"https:\/\/schema.org","@graph":[{"@type":"Article","@id":"http:\/\/vincentians.com\/es\/iter-cronologico-y-milagro-en-la-causa-de-beatificacion-del-p-durando\/#article","isPartOf":{"@id":"http:\/\/vincentians.com\/es\/iter-cronologico-y-milagro-en-la-causa-de-beatificacion-del-p-durando\/"},"author":{"name":"Francisco Javier Fern\u00e1ndez Chento","@id":"http:\/\/vincentians.com\/es\/#\/schema\/person\/9623ef4d9aa3b2dfb8c061f1499288f2"},"headline":"\u00ab\u00cdter\u00bb cronol\u00f3gico y milagro en la causa de beatificaci\u00f3n del P. Durando","datePublished":"2020-12-10T07:37:32+00:00","mainEntityOfPage":{"@id":"http:\/\/vincentians.com\/es\/iter-cronologico-y-milagro-en-la-causa-de-beatificacion-del-p-durando\/"},"wordCount":1241,"commentCount":0,"publisher":{"@id":"http:\/\/vincentians.com\/es\/#organization"},"image":{"@id":"http:\/\/vincentians.com\/es\/iter-cronologico-y-milagro-en-la-causa-de-beatificacion-del-p-durando\/#primaryimage"},"thumbnailUrl":"https:\/\/i0.wp.com\/vincentians.com\/es\/wp-content\/uploads\/sites\/11\/2016\/08\/encuentro-con-jesus.jpg?fit=1200%2C630","keywords":["Durando"],"articleSection":["Marco Antonio Durando"],"inLanguage":"es","potentialAction":[{"@type":"CommentAction","name":"Comment","target":["http:\/\/vincentians.com\/es\/iter-cronologico-y-milagro-en-la-causa-de-beatificacion-del-p-durando\/#respond"]}]},{"@type":"WebPage","@id":"http:\/\/vincentians.com\/es\/iter-cronologico-y-milagro-en-la-causa-de-beatificacion-del-p-durando\/","url":"http:\/\/vincentians.com\/es\/iter-cronologico-y-milagro-en-la-causa-de-beatificacion-del-p-durando\/","name":"\u00ab\u00cdter\u00bb cronol\u00f3gico y milagro en la causa de beatificaci\u00f3n del P. Durando - Somos Vicencianos","isPartOf":{"@id":"http:\/\/vincentians.com\/es\/#website"},"primaryImageOfPage":{"@id":"http:\/\/vincentians.com\/es\/iter-cronologico-y-milagro-en-la-causa-de-beatificacion-del-p-durando\/#primaryimage"},"image":{"@id":"http:\/\/vincentians.com\/es\/iter-cronologico-y-milagro-en-la-causa-de-beatificacion-del-p-durando\/#primaryimage"},"thumbnailUrl":"https:\/\/i0.wp.com\/vincentians.com\/es\/wp-content\/uploads\/sites\/11\/2016\/08\/encuentro-con-jesus.jpg?fit=1200%2C630","datePublished":"2020-12-10T07:37:32+00:00","breadcrumb":{"@id":"http:\/\/vincentians.com\/es\/iter-cronologico-y-milagro-en-la-causa-de-beatificacion-del-p-durando\/#breadcrumb"},"inLanguage":"es","potentialAction":[{"@type":"ReadAction","target":["http:\/\/vincentians.com\/es\/iter-cronologico-y-milagro-en-la-causa-de-beatificacion-del-p-durando\/"]}]},{"@type":"ImageObject","inLanguage":"es","@id":"http:\/\/vincentians.com\/es\/iter-cronologico-y-milagro-en-la-causa-de-beatificacion-del-p-durando\/#primaryimage","url":"https:\/\/i0.wp.com\/vincentians.com\/es\/wp-content\/uploads\/sites\/11\/2016\/08\/encuentro-con-jesus.jpg?fit=1200%2C630","contentUrl":"https:\/\/i0.wp.com\/vincentians.com\/es\/wp-content\/uploads\/sites\/11\/2016\/08\/encuentro-con-jesus.jpg?fit=1200%2C630","width":1200,"height":630},{"@type":"BreadcrumbList","@id":"http:\/\/vincentians.com\/es\/iter-cronologico-y-milagro-en-la-causa-de-beatificacion-del-p-durando\/#breadcrumb","itemListElement":[{"@type":"ListItem","position":1,"name":"Portada","item":"http:\/\/vincentians.com\/es\/"},{"@type":"ListItem","position":2,"name":"\u00ab\u00cdter\u00bb cronol\u00f3gico y milagro en la causa de beatificaci\u00f3n del P. Durando"}]},{"@type":"WebSite","@id":"http:\/\/vincentians.com\/es\/#website","url":"http:\/\/vincentians.com\/es\/","name":"Somos Vicencianos","description":"Know more to serve more","publisher":{"@id":"http:\/\/vincentians.com\/es\/#organization"},"potentialAction":[{"@type":"SearchAction","target":{"@type":"EntryPoint","urlTemplate":"http:\/\/vincentians.com\/es\/?s={search_term_string}"},"query-input":{"@type":"PropertyValueSpecification","valueRequired":true,"valueName":"search_term_string"}}],"inLanguage":"es"},{"@type":"Organization","@id":"http:\/\/vincentians.com\/es\/#organization","name":"The Vincentian Network","url":"http:\/\/vincentians.com\/es\/","logo":{"@type":"ImageObject","inLanguage":"es","@id":"http:\/\/vincentians.com\/es\/#\/schema\/logo\/image\/","url":"https:\/\/i1.wp.com\/vincentians.com\/es\/wp-content\/uploads\/sites\/11\/2016\/06\/Vincentian-Network-logo-big.png?fit=778%2C778","contentUrl":"https:\/\/i1.wp.com\/vincentians.com\/es\/wp-content\/uploads\/sites\/11\/2016\/06\/Vincentian-Network-logo-big.png?fit=778%2C778","width":778,"height":778,"caption":"The Vincentian Network"},"image":{"@id":"http:\/\/vincentians.com\/es\/#\/schema\/logo\/image\/"},"sameAs":["https:\/\/www.facebook.com\/WeAreVincentians\/","https:\/\/x.com\/WeVincentians"]},{"@type":"Person","@id":"http:\/\/vincentians.com\/es\/#\/schema\/person\/9623ef4d9aa3b2dfb8c061f1499288f2","name":"Francisco Javier Fern\u00e1ndez Chento","image":{"@type":"ImageObject","inLanguage":"es","@id":"http:\/\/vincentians.com\/es\/#\/schema\/person\/image\/","url":"https:\/\/secure.gravatar.com\/avatar\/497d5cde87b4c3d097d0315953521681ba2cd523ee66e5077c3711f7021e65de?s=96&d=mm&r=g","contentUrl":"https:\/\/secure.gravatar.com\/avatar\/497d5cde87b4c3d097d0315953521681ba2cd523ee66e5077c3711f7021e65de?s=96&d=mm&r=g","caption":"Francisco Javier Fern\u00e1ndez Chento"},"description":"Director General y cofundador de La Red de Formaci\u00f3n Vicenciana. Javier es laico vicenciano, afiliado a la Congregaci\u00f3n de la Misi\u00f3n y miembro del Equipo de Misiones Populares de la provincia can\u00f3nica de Zaragoza (Espa\u00f1a) de la Congregaci\u00f3n de la Misi\u00f3n. Graduado en la Universidad Oberta de Catalunya con cuatro grados (Asistente de direcci\u00f3n, Gesti\u00f3n Administrativa, Recursos Humanos y Contabilidad Avanzada). Bil\u00edng\u00fce Espa\u00f1ol\/Ingl\u00e9s. gestiona y mantiene varias p\u00e1ginas web cristianas y vicencianas, incluida including La Red de Formaci\u00f3n Vicenciana, de la que es cofundador. Actualmente es responsable del \u00e1rea de Espa\u00f1ol de .famvin, la Red de Noticias de la Familia Vicenciana. Tambi\u00e9n es m\u00fasico cat\u00f3lico y ha editado varios discos. Es Director General y cofundador de Trovador, una reconocida compa\u00f1\u00eda discogr\u00e1fica critiana de Espa\u00f1a. Trabaja en las Tecnolog\u00edas de la Informaci\u00f3n, ofreciendo servicios de alojamiento, dise\u00f1o y mantenimiento Web, as\u00ed como asesoramiento, formaci\u00f3n y soluciones inform\u00e1ticas, gesti\u00f3n documental y digitalizaci\u00f3n de textos, edici\u00f3n y maquetaci\u00f3n de libros, revistas, flyers, etc.","sameAs":["http:\/\/chento.org","https:\/\/www.facebook.com\/JavierChento","https:\/\/x.com\/https:\/\/twitter.com\/javierchento"],"url":"http:\/\/vincentians.com\/es\/author\/chento\/"}]}},"jetpack_publicize_connections":[],"jetpack_featured_media_url":"https:\/\/i0.wp.com\/vincentians.com\/es\/wp-content\/uploads\/sites\/11\/2016\/08\/encuentro-con-jesus.jpg?fit=1200%2C630","jetpack_sharing_enabled":true,"jetpack_shortlink":"https:\/\/wp.me\/p7ETMF-8hY","jetpack-related-posts":[{"id":49312,"url":"http:\/\/vincentians.com\/es\/triple-invitacion-del-beato-marco-antonio-durando-a-la-provincia-de-turin-y-a-la-familia-vicenciana\/","url_meta":{"origin":31866,"position":0},"title":"Triple invitaci\u00f3n del Beato Marco Antonio Durando a la Provincia de Tur\u00edn y a la Familia Vicenciana","author":"Francisco Javier Fern\u00e1ndez Chento","date":"06\/09\/2011","format":false,"excerpt":"1. A reavivar la espiritualidad de San Vicente de Pa\u00fal Si, gracias a la presencia de los \"Se\u00f1ores de la Misi\u00f3n\" en la peque\u00f1a poblaci\u00f3n de Mondov\u00ec, donde naci\u00f3 el P. Marco Antonio Durando, \u00e9ste decidi\u00f3 entrar en la Congregaci\u00f3n, para realizar su deseo de ir como misionero a China,\u2026","rel":"","context":"En \u00abMarco Antonio Durando\u00bb","block_context":{"text":"Marco Antonio Durando","link":"http:\/\/vincentians.com\/es\/category\/la-familia-vicenciana\/la-familia-vicenciana-en-los-altares\/beatos\/marco-antonio-durando\/"},"img":{"alt_text":"Marco Antonio Durando","src":"https:\/\/i0.wp.com\/vicencianos.org\/wp-content\/2011\/04\/marco_antonio_durando-242x300.jpg?resize=350%2C200","width":350,"height":200},"classes":[]},{"id":53837,"url":"http:\/\/vincentians.com\/es\/decreto-sobre-las-virtudes-de-marco-antonio-durando\/","url_meta":{"origin":31866,"position":1},"title":"Decreto sobre las virtudes de Marco Antonio Durando","author":"Francisco Javier Fern\u00e1ndez Chento","date":"20\/10\/2011","format":false,"excerpt":"Marco Antonio Durando : Decreto sobre las virtudes CONGREGACI\u00d3N PARA LAS CAUSAS DE LOS SANTOS Tur\u00edn Beatificaci\u00f3n y canonizaci\u00f3n del Siervo de Dios MARCO ANTONIO DURANDO Sacerdote de la Congregaci\u00f3n de la Misi\u00f3n de San Vicente de Pa\u00fal, fundador del instituto de Hermanas de Jes\u00fas Nazareno (1801-1880) DECRETO SOBRE LAS\u2026","rel":"","context":"En \u00abMarco Antonio Durando\u00bb","block_context":{"text":"Marco Antonio Durando","link":"http:\/\/vincentians.com\/es\/category\/la-familia-vicenciana\/la-familia-vicenciana-en-los-altares\/beatos\/marco-antonio-durando\/"},"img":{"alt_text":"","src":"https:\/\/i0.wp.com\/vicencianos.org\/wp-content\/2009\/12\/MarcoAntonioDurando.jpg?resize=350%2C200","width":350,"height":200},"classes":[]},{"id":49726,"url":"http:\/\/vincentians.com\/es\/cronica-de-la-beatificacion-de-marco-antonio-durando-1800-1880\/","url_meta":{"origin":31866,"position":2},"title":"Cr\u00f3nica de la beatificaci\u00f3n de Marco Antonio Durando (1800-1880)","author":"Francisco Javier Fern\u00e1ndez Chento","date":"10\/12\/2023","format":false,"excerpt":"I. Las celebraciones en Roma El rito de la beatificaci\u00f3n del Venerable Padre Marco Antonio Durando tuvo lugar en el atrio de la bas\u00edlica de San Pedro el d\u00eda 20 de octubre del a\u00f1o 2002. En aquella misma celebraci\u00f3n fueron beatificados tambi\u00e9n los Siervos de Dios Daudi Okelo y Jildo\u2026","rel":"","context":"En \u00abMarco Antonio Durando\u00bb","block_context":{"text":"Marco Antonio Durando","link":"http:\/\/vincentians.com\/es\/category\/la-familia-vicenciana\/la-familia-vicenciana-en-los-altares\/beatos\/marco-antonio-durando\/"},"img":{"alt_text":"","src":"https:\/\/i0.wp.com\/vincentians.com\/es\/wp-content\/uploads\/sites\/11\/2016\/08\/cofradias-de-caridad.jpg?fit=1200%2C630&resize=350%2C200","width":350,"height":200,"srcset":"https:\/\/i0.wp.com\/vincentians.com\/es\/wp-content\/uploads\/sites\/11\/2016\/08\/cofradias-de-caridad.jpg?fit=1200%2C630&resize=350%2C200 1x, https:\/\/i0.wp.com\/vincentians.com\/es\/wp-content\/uploads\/sites\/11\/2016\/08\/cofradias-de-caridad.jpg?fit=1200%2C630&resize=525%2C300 1.5x, https:\/\/i0.wp.com\/vincentians.com\/es\/wp-content\/uploads\/sites\/11\/2016\/08\/cofradias-de-caridad.jpg?fit=1200%2C630&resize=700%2C400 2x, https:\/\/i0.wp.com\/vincentians.com\/es\/wp-content\/uploads\/sites\/11\/2016\/08\/cofradias-de-caridad.jpg?fit=1200%2C630&resize=1050%2C600 3x"},"classes":[]},{"id":33740,"url":"http:\/\/vincentians.com\/es\/humilde-y-apasionado-testigo-del-evangelio\/","url_meta":{"origin":31866,"position":3},"title":"Humilde y apasionado testigo del Evangelio","author":"Francisco Javier Fern\u00e1ndez Chento","date":"10\/12\/2013","format":false,"excerpt":"Un sacerdote piamont\u00e9s del siglo XIX sol\u00eda decir, - \"En Tur\u00edn hay cuatro santos: Don Bosco, Cottolengo, Don Cafasso, y el Padre Durando\" -. Este \u00faltimo es el menos conocido, y s\u00f3lo ahora ha alcanzado la honra de los altares. El menos conocido, pero que en el Tur\u00edn resurgimentista gozaba\u2026","rel":"","context":"En \u00abMarco Antonio Durando\u00bb","block_context":{"text":"Marco Antonio Durando","link":"http:\/\/vincentians.com\/es\/category\/la-familia-vicenciana\/la-familia-vicenciana-en-los-altares\/beatos\/marco-antonio-durando\/"},"img":{"alt_text":"Marco Antonio Durando","src":"https:\/\/i0.wp.com\/vicencianos.org\/wp-content\/2011\/04\/marco_antonio_durando-242x300.jpg?resize=350%2C200","width":350,"height":200},"classes":[]},{"id":2326,"url":"http:\/\/vincentians.com\/es\/beato-marco-antonio-durando\/","url_meta":{"origin":31866,"position":4},"title":"Beato Marco Antonio Durando","author":"Francisco Javier Fern\u00e1ndez Chento","date":"10\/12\/2024","format":false,"excerpt":"Hoy la Familia Vicenciana y la Iglesia celebra la memoria del Beato Marco Antonio Durando. Que sus virtudes animen a todos los Padres Pa\u00fales (y a todos los misioneros en general) a vivir entusiasmadamente su vocaci\u00f3n. Marco Antonio naci\u00f3 el 22 de mayo de 1801, en Mondov\u00ed, en la ilustre\u2026","rel":"","context":"En \u00abMarco Antonio Durando\u00bb","block_context":{"text":"Marco Antonio Durando","link":"http:\/\/vincentians.com\/es\/category\/la-familia-vicenciana\/la-familia-vicenciana-en-los-altares\/beatos\/marco-antonio-durando\/"},"img":{"alt_text":"","src":"","width":0,"height":0},"classes":[]},{"id":39407,"url":"http:\/\/vincentians.com\/es\/breve-biografia-del-beato-marco-antonio-durando\/","url_meta":{"origin":31866,"position":5},"title":"Breve biograf\u00eda del Beato Marco Antonio Durando","author":"Francisco Javier Fern\u00e1ndez Chento","date":"10\/12\/2024","format":false,"excerpt":"1. La familia: infancia y juventud Los Durando eran una familia honorable y holgada de Mondov\u00ec, en la que, de diez hijos tra\u00eddos al mundo, ocho llegaron a la madurez. Marco Antonio naci\u00f3 el 22 de mayo de 1801. En el ambiente familiar se respiraban los aires de un liberalismo\u2026","rel":"","context":"En \u00abMarco Antonio Durando\u00bb","block_context":{"text":"Marco Antonio Durando","link":"http:\/\/vincentians.com\/es\/category\/la-familia-vicenciana\/la-familia-vicenciana-en-los-altares\/beatos\/marco-antonio-durando\/"},"img":{"alt_text":"","src":"https:\/\/i0.wp.com\/vincentians.com\/es\/wp-content\/uploads\/sites\/11\/2016\/09\/ojos-jesucristo.jpg?fit=1200%2C630&resize=350%2C200","width":350,"height":200,"srcset":"https:\/\/i0.wp.com\/vincentians.com\/es\/wp-content\/uploads\/sites\/11\/2016\/09\/ojos-jesucristo.jpg?fit=1200%2C630&resize=350%2C200 1x, https:\/\/i0.wp.com\/vincentians.com\/es\/wp-content\/uploads\/sites\/11\/2016\/09\/ojos-jesucristo.jpg?fit=1200%2C630&resize=525%2C300 1.5x, https:\/\/i0.wp.com\/vincentians.com\/es\/wp-content\/uploads\/sites\/11\/2016\/09\/ojos-jesucristo.jpg?fit=1200%2C630&resize=700%2C400 2x, https:\/\/i0.wp.com\/vincentians.com\/es\/wp-content\/uploads\/sites\/11\/2016\/09\/ojos-jesucristo.jpg?fit=1200%2C630&resize=1050%2C600 3x"},"classes":[]}],"_links":{"self":[{"href":"http:\/\/vincentians.com\/es\/wp-json\/wp\/v2\/posts\/31866","targetHints":{"allow":["GET"]}}],"collection":[{"href":"http:\/\/vincentians.com\/es\/wp-json\/wp\/v2\/posts"}],"about":[{"href":"http:\/\/vincentians.com\/es\/wp-json\/wp\/v2\/types\/post"}],"author":[{"embeddable":true,"href":"http:\/\/vincentians.com\/es\/wp-json\/wp\/v2\/users\/4"}],"replies":[{"embeddable":true,"href":"http:\/\/vincentians.com\/es\/wp-json\/wp\/v2\/comments?post=31866"}],"version-history":[{"count":3,"href":"http:\/\/vincentians.com\/es\/wp-json\/wp\/v2\/posts\/31866\/revisions"}],"predecessor-version":[{"id":403325,"href":"http:\/\/vincentians.com\/es\/wp-json\/wp\/v2\/posts\/31866\/revisions\/403325"}],"wp:featuredmedia":[{"embeddable":true,"href":"http:\/\/vincentians.com\/es\/wp-json\/wp\/v2\/media\/399381"}],"wp:attachment":[{"href":"http:\/\/vincentians.com\/es\/wp-json\/wp\/v2\/media?parent=31866"}],"wp:term":[{"taxonomy":"category","embeddable":true,"href":"http:\/\/vincentians.com\/es\/wp-json\/wp\/v2\/categories?post=31866"},{"taxonomy":"post_tag","embeddable":true,"href":"http:\/\/vincentians.com\/es\/wp-json\/wp\/v2\/tags?post=31866"}],"curies":[{"name":"wp","href":"https:\/\/api.w.org\/{rel}","templated":true}]}}