{"id":31727,"date":"2015-03-25T02:52:33","date_gmt":"2015-03-25T01:52:33","guid":{"rendered":"http:\/\/somos.vicencianos.org\/?p=31727"},"modified":"2015-03-25T02:52:33","modified_gmt":"2015-03-25T01:52:33","slug":"preguntas-abiertas","status":"publish","type":"post","link":"http:\/\/vincentians.com\/es\/preguntas-abiertas\/","title":{"rendered":"Preguntas abiertas"},"content":{"rendered":"<p><strong><a href=\"https:\/\/i0.wp.com\/vicencianos.org\/wp-content\/2011\/03\/charites.jpg\"><img data-recalc-dims=\"1\" loading=\"lazy\" decoding=\"async\" class=\"alignright size-medium wp-image-31691\" title=\"charites\" src=\"https:\/\/i0.wp.com\/vicencianos.org\/wp-content\/2011\/03\/charites-202x300.jpg?resize=202%2C300\" alt=\"\" width=\"202\" height=\"300\" \/><\/a>1. <\/strong> <strong>\u00bfDe d\u00f3nde surge el nombre de Hijas de la Caridad?<\/strong><\/p>\n<p>Nuestro nombre nos lo puso Dios\u2026Si, aunque te parezca incre\u00edble!! El quer\u00eda que nos llam\u00e1ramos as\u00ed\u2026y nos lo manifest\u00f3 a trav\u00e9s del pueblo\u2026San Vicente se lo explicaba a las hermanas de esta manera: <em>\u00abFue el pueblo que viendo lo que hac\u00edan sus primeras hermanas quien puso tal nombre\u00bb.<\/em><\/p>\n<p><strong>2.<\/strong><strong> \u00bfQu\u00e9 hac\u00edan las primeras hermanas?<\/strong><\/p>\n<p>Nuestras primeras hermanas, iban y ven\u00edan por las calles de Par\u00eds, eran distintas de los otros grupos religiosos de aquel tiempo\u2026Junto a Vicente y Luisa hab\u00edan comprendiendo que Jes\u00fas mismo las esperaba en quienes m\u00e1s las necesitaban: cuidaban a los pobres enfermos en sus casas. Despu\u00e9s, sirvieron en los hospitales, escuelas y casas para ni\u00f1os exp\u00f3sitos. Pronto comenzaron el cuidado de los galeotes, los soldados heridos, los ancianos y los aquejados de alguna enfermedad ps\u00edquica. Deseaban responder a las necesidades de su tiempo, viviendo en medio de aquellos a quienes serv\u00edan. Y a fin de moverse m\u00e1s libremente por las calles y salas de los hospitales deb\u00edan tener:<\/p>\n<ul>\n<li>Por monasterio, las casas de los enfermos<\/li>\n<li>Por celda, un cuarto de alquiler<\/li>\n<li>Por capilla, la parroquia<\/li>\n<li>Por claustro, las calles de la ciudad<\/li>\n<li>Por clausura, la obediencia<\/li>\n<li>Por rejas el temor de Dios<\/li>\n<li>Por velo, la santa modestia.<\/li>\n<\/ul>\n<p>Se un\u00edan a Dios por votos simples, no solemnes. Pronto en nuestra historia, se estableci\u00f3 la pr\u00e1ctica de los votos anuales, no perpetuos.<\/p>\n<p><strong>3. <\/strong> <strong>\u00bfPor qu\u00e9 dudaron los Fundadores en establecer los votos en la Compa\u00f1\u00eda?<\/strong><\/p>\n<p>Tem\u00edan que si las hermanas hac\u00edan los votos las tomasen por religiosas y las impusiesen la clausura, como pasaba en aquel tiempo. De esta manera perder\u00edan la movilidad necesaria para acudir a donde los pobres las necesitasen.<\/p>\n<p><strong>4. \u00bfY que pas\u00f3 despu\u00e9s?<\/strong><\/p>\n<p>Asumimos los votos aunque de una manera espec\u00edfica porque nosotras no somos religiosas somos una Sociedad de Vida Apost\u00f3lica por ello nuestros votos son diferentes a los que hacen en los Institutos de Vida Religiosa.<\/p>\n<p><strong>5. \u00bfHacen votos \u00abno religiosos\u00bb, anuales y siempre renovables?<\/strong><\/p>\n<p>As\u00ed es, renovamos nuestros votos cada a\u00f1o en la solemnidad de la Anunciaci\u00f3n del Se\u00f1or. La renovaci\u00f3n anual es un \u00abSI\u00bb a la vocaci\u00f3n sin discontinuidad, es un signo de dinamismo espiritual y un impulso para una profundizaci\u00f3n progresiva de la vocaci\u00f3n. A trav\u00e9s de ellos confirmamos nuestra entrega total a Dios, y esta es intencionalmente de por vida.<\/p>\n<p><strong>6. Ustedes hacen voto de Castidad, Pobreza y Obediencia \u00bfQu\u00e9 sentido tiene hacer un cuarto voto de servir a los Pobres?<\/strong><\/p>\n<p>Bueno, hacemos cuatro votos pero este no es el cuarto .\u00c9ste es un voto espec\u00edfico de las H.C. Es el rasgo que m\u00e1s profundamente marca la identidad de la Compa\u00f1\u00eda en la Iglesia. El servicio es la expresi\u00f3n de nuestra entrega a Dios en la Compa\u00f1\u00eda. San Vicente dec\u00eda: <em>\u00abHijas m\u00edas el servicio a los Pobres tiene que preferirse siempre a todo lo dem\u00e1s\u00bb y a\u00f1ad\u00eda tambi\u00e9n: \u00abSois pobres Hijas de la Caridad que os hab\u00e9is entregado a Dios para el servicio de los Pobres\u00bb.<\/em><\/p>\n<p><strong>7. <\/strong> <strong>Las Hijas de la Caridad\u2026 \u00bfSiempre viven en comunidad?<\/strong><\/p>\n<p>Si, por que para nosotras la Comunidad es el lugar de nuestro encuentro con Dios. Donde se rehacen las fuerzas para servir a los pobres&#8230;.Esto, te aseguro, es mucho m\u00e1s que vivir juntas.<\/p>\n<p>Es m\u00e1s bien experimentar cada d\u00eda el gran amor de Jes\u00fas que nos ha llamado y reunido, nos une, en una misma vocaci\u00f3n, un mismo esp\u00edritu y un mismo fin.<\/p>\n<p>La comunidad es nuestro primer lugar de pertenencia.<\/p>\n<p><strong>8. Exactamente, \u00bfa qu\u00e9 se dedica una Hija de la Caridad?<\/strong><\/p>\n<p>Las Hijas de la Caridad dedican su vida a la atenci\u00f3n de los m\u00e1s olvidados, a todas las personas con carencias en todo el mundo. Realizan su servicio en un amplio campo de trabajo humanitario y de asistencia social a la vez que trabajan por la justicia, la paz y la solidaridad.<\/p>\n<p>Cuando las sociedades cambian y se desarrollan tambi\u00e9n lo hacen sus poblaciones, por ello el servicio en que las Hijas de la Caridad se comprometen cambia y se adapta constantemente.<\/p>\n","protected":false},"excerpt":{"rendered":"<p>1. \u00bfDe d\u00f3nde surge el nombre de Hijas de la Caridad? Nuestro nombre nos lo puso Dios\u2026Si, aunque te parezca incre\u00edble!! El quer\u00eda que nos llam\u00e1ramos as\u00ed\u2026y nos lo manifest\u00f3 a trav\u00e9s del pueblo\u2026San Vicente &#8230; <a href=\"http:\/\/vincentians.com\/es\/preguntas-abiertas\/\" class=\"more-link\">Read More<\/a><\/p>\n","protected":false},"author":4,"featured_media":142185,"comment_status":"open","ping_status":"open","sticky":false,"template":"","format":"standard","meta":{"jetpack_post_was_ever_published":false,"_jetpack_newsletter_access":"","_jetpack_dont_email_post_to_subs":false,"_jetpack_newsletter_tier_id":0,"_jetpack_memberships_contains_paywalled_content":false,"_jetpack_memberships_contains_paid_content":false,"footnotes":"","jetpack_publicize_message":"","jetpack_publicize_feature_enabled":true,"jetpack_social_post_already_shared":true,"jetpack_social_options":{"image_generator_settings":{"template":"highway","default_image_id":0,"font":"","enabled":false},"version":2}},"categories":[199],"tags":[172],"class_list":["post-31727","post","type-post","status-publish","format-standard","has-post-thumbnail","hentry","category-hijas-de-la-caridad","tag-pobreza"],"yoast_head":"<!-- This site is optimized with the Yoast SEO plugin v26.3 - https:\/\/yoast.com\/wordpress\/plugins\/seo\/ -->\n<title>Preguntas abiertas - Somos Vicencianos<\/title>\n<meta name=\"robots\" content=\"index, follow, max-snippet:-1, max-image-preview:large, max-video-preview:-1\" \/>\n<link rel=\"canonical\" href=\"http:\/\/vincentians.com\/es\/preguntas-abiertas\/\" \/>\n<meta property=\"og:locale\" content=\"es_ES\" \/>\n<meta property=\"og:type\" content=\"article\" \/>\n<meta property=\"og:title\" content=\"Preguntas abiertas - Somos Vicencianos\" \/>\n<meta property=\"og:description\" content=\"1. \u00bfDe d\u00f3nde surge el nombre de Hijas de la Caridad? Nuestro nombre nos lo puso Dios\u2026Si, aunque te parezca incre\u00edble!! El quer\u00eda que nos llam\u00e1ramos as\u00ed\u2026y nos lo manifest\u00f3 a trav\u00e9s del pueblo\u2026San Vicente ... Read More\" \/>\n<meta property=\"og:url\" content=\"http:\/\/vincentians.com\/es\/preguntas-abiertas\/\" \/>\n<meta property=\"og:site_name\" content=\"Somos Vicencianos\" \/>\n<meta property=\"article:publisher\" content=\"https:\/\/www.facebook.com\/WeAreVincentians\/\" \/>\n<meta property=\"article:author\" content=\"https:\/\/www.facebook.com\/JavierChento\" \/>\n<meta property=\"article:published_time\" content=\"2015-03-25T01:52:33+00:00\" \/>\n<meta name=\"author\" content=\"Francisco Javier Fern\u00e1ndez Chento\" \/>\n<meta name=\"twitter:card\" content=\"summary_large_image\" \/>\n<meta name=\"twitter:creator\" content=\"@https:\/\/twitter.com\/javierchento\" \/>\n<meta name=\"twitter:site\" content=\"@WeVincentians\" \/>\n<meta name=\"twitter:label1\" content=\"Escrito por\" \/>\n\t<meta name=\"twitter:data1\" content=\"Francisco Javier Fern\u00e1ndez Chento\" \/>\n\t<meta name=\"twitter:label2\" content=\"Tiempo de lectura\" \/>\n\t<meta name=\"twitter:data2\" content=\"4 minutos\" \/>\n<script type=\"application\/ld+json\" class=\"yoast-schema-graph\">{\"@context\":\"https:\/\/schema.org\",\"@graph\":[{\"@type\":\"Article\",\"@id\":\"http:\/\/vincentians.com\/es\/preguntas-abiertas\/#article\",\"isPartOf\":{\"@id\":\"http:\/\/vincentians.com\/es\/preguntas-abiertas\/\"},\"author\":{\"name\":\"Francisco Javier Fern\u00e1ndez Chento\",\"@id\":\"https:\/\/vincentians.com\/es\/#\/schema\/person\/9623ef4d9aa3b2dfb8c061f1499288f2\"},\"headline\":\"Preguntas abiertas\",\"datePublished\":\"2015-03-25T01:52:33+00:00\",\"mainEntityOfPage\":{\"@id\":\"http:\/\/vincentians.com\/es\/preguntas-abiertas\/\"},\"wordCount\":730,\"commentCount\":0,\"publisher\":{\"@id\":\"https:\/\/vincentians.com\/es\/#organization\"},\"image\":{\"@id\":\"http:\/\/vincentians.com\/es\/preguntas-abiertas\/#primaryimage\"},\"thumbnailUrl\":\"\",\"keywords\":[\"Pobreza\"],\"articleSection\":[\"Hijas de la Caridad\"],\"inLanguage\":\"es\",\"potentialAction\":[{\"@type\":\"CommentAction\",\"name\":\"Comment\",\"target\":[\"http:\/\/vincentians.com\/es\/preguntas-abiertas\/#respond\"]}]},{\"@type\":\"WebPage\",\"@id\":\"http:\/\/vincentians.com\/es\/preguntas-abiertas\/\",\"url\":\"http:\/\/vincentians.com\/es\/preguntas-abiertas\/\",\"name\":\"Preguntas abiertas - Somos Vicencianos\",\"isPartOf\":{\"@id\":\"https:\/\/vincentians.com\/es\/#website\"},\"primaryImageOfPage\":{\"@id\":\"http:\/\/vincentians.com\/es\/preguntas-abiertas\/#primaryimage\"},\"image\":{\"@id\":\"http:\/\/vincentians.com\/es\/preguntas-abiertas\/#primaryimage\"},\"thumbnailUrl\":\"\",\"datePublished\":\"2015-03-25T01:52:33+00:00\",\"breadcrumb\":{\"@id\":\"http:\/\/vincentians.com\/es\/preguntas-abiertas\/#breadcrumb\"},\"inLanguage\":\"es\",\"potentialAction\":[{\"@type\":\"ReadAction\",\"target\":[\"http:\/\/vincentians.com\/es\/preguntas-abiertas\/\"]}]},{\"@type\":\"ImageObject\",\"inLanguage\":\"es\",\"@id\":\"http:\/\/vincentians.com\/es\/preguntas-abiertas\/#primaryimage\",\"url\":\"\",\"contentUrl\":\"\"},{\"@type\":\"BreadcrumbList\",\"@id\":\"http:\/\/vincentians.com\/es\/preguntas-abiertas\/#breadcrumb\",\"itemListElement\":[{\"@type\":\"ListItem\",\"position\":1,\"name\":\"Portada\",\"item\":\"https:\/\/vincentians.com\/es\/\"},{\"@type\":\"ListItem\",\"position\":2,\"name\":\"Preguntas abiertas\"}]},{\"@type\":\"WebSite\",\"@id\":\"https:\/\/vincentians.com\/es\/#website\",\"url\":\"https:\/\/vincentians.com\/es\/\",\"name\":\"Somos Vicencianos\",\"description\":\"Know more to serve more\",\"publisher\":{\"@id\":\"https:\/\/vincentians.com\/es\/#organization\"},\"potentialAction\":[{\"@type\":\"SearchAction\",\"target\":{\"@type\":\"EntryPoint\",\"urlTemplate\":\"https:\/\/vincentians.com\/es\/?s={search_term_string}\"},\"query-input\":{\"@type\":\"PropertyValueSpecification\",\"valueRequired\":true,\"valueName\":\"search_term_string\"}}],\"inLanguage\":\"es\"},{\"@type\":\"Organization\",\"@id\":\"https:\/\/vincentians.com\/es\/#organization\",\"name\":\"The Vincentian Network\",\"url\":\"https:\/\/vincentians.com\/es\/\",\"logo\":{\"@type\":\"ImageObject\",\"inLanguage\":\"es\",\"@id\":\"https:\/\/vincentians.com\/es\/#\/schema\/logo\/image\/\",\"url\":\"https:\/\/i1.wp.com\/vincentians.com\/es\/wp-content\/uploads\/sites\/11\/2016\/06\/Vincentian-Network-logo-big.png?fit=778%2C778\",\"contentUrl\":\"https:\/\/i1.wp.com\/vincentians.com\/es\/wp-content\/uploads\/sites\/11\/2016\/06\/Vincentian-Network-logo-big.png?fit=778%2C778\",\"width\":778,\"height\":778,\"caption\":\"The Vincentian Network\"},\"image\":{\"@id\":\"https:\/\/vincentians.com\/es\/#\/schema\/logo\/image\/\"},\"sameAs\":[\"https:\/\/www.facebook.com\/WeAreVincentians\/\",\"https:\/\/x.com\/WeVincentians\"]},{\"@type\":\"Person\",\"@id\":\"https:\/\/vincentians.com\/es\/#\/schema\/person\/9623ef4d9aa3b2dfb8c061f1499288f2\",\"name\":\"Francisco Javier Fern\u00e1ndez Chento\",\"image\":{\"@type\":\"ImageObject\",\"inLanguage\":\"es\",\"@id\":\"https:\/\/vincentians.com\/es\/#\/schema\/person\/image\/\",\"url\":\"https:\/\/secure.gravatar.com\/avatar\/497d5cde87b4c3d097d0315953521681ba2cd523ee66e5077c3711f7021e65de?s=96&d=mm&r=g\",\"contentUrl\":\"https:\/\/secure.gravatar.com\/avatar\/497d5cde87b4c3d097d0315953521681ba2cd523ee66e5077c3711f7021e65de?s=96&d=mm&r=g\",\"caption\":\"Francisco Javier Fern\u00e1ndez Chento\"},\"description\":\"Director General y cofundador de La Red de Formaci\u00f3n Vicenciana. Javier es laico vicenciano, afiliado a la Congregaci\u00f3n de la Misi\u00f3n y miembro del Equipo de Misiones Populares de la provincia can\u00f3nica de Zaragoza (Espa\u00f1a) de la Congregaci\u00f3n de la Misi\u00f3n. Graduado en la Universidad Oberta de Catalunya con cuatro grados (Asistente de direcci\u00f3n, Gesti\u00f3n Administrativa, Recursos Humanos y Contabilidad Avanzada). Bil\u00edng\u00fce Espa\u00f1ol\/Ingl\u00e9s. gestiona y mantiene varias p\u00e1ginas web cristianas y vicencianas, incluida including La Red de Formaci\u00f3n Vicenciana, de la que es cofundador. Actualmente es responsable del \u00e1rea de Espa\u00f1ol de .famvin, la Red de Noticias de la Familia Vicenciana. Tambi\u00e9n es m\u00fasico cat\u00f3lico y ha editado varios discos. Es Director General y cofundador de Trovador, una reconocida compa\u00f1\u00eda discogr\u00e1fica critiana de Espa\u00f1a. Trabaja en las Tecnolog\u00edas de la Informaci\u00f3n, ofreciendo servicios de alojamiento, dise\u00f1o y mantenimiento Web, as\u00ed como asesoramiento, formaci\u00f3n y soluciones inform\u00e1ticas, gesti\u00f3n documental y digitalizaci\u00f3n de textos, edici\u00f3n y maquetaci\u00f3n de libros, revistas, flyers, etc.\",\"sameAs\":[\"http:\/\/chento.org\",\"https:\/\/www.facebook.com\/JavierChento\",\"https:\/\/x.com\/https:\/\/twitter.com\/javierchento\"],\"url\":\"http:\/\/vincentians.com\/es\/author\/chento\/\"}]}<\/script>\n<!-- \/ Yoast SEO plugin. -->","yoast_head_json":{"title":"Preguntas abiertas - Somos Vicencianos","robots":{"index":"index","follow":"follow","max-snippet":"max-snippet:-1","max-image-preview":"max-image-preview:large","max-video-preview":"max-video-preview:-1"},"canonical":"http:\/\/vincentians.com\/es\/preguntas-abiertas\/","og_locale":"es_ES","og_type":"article","og_title":"Preguntas abiertas - Somos Vicencianos","og_description":"1. \u00bfDe d\u00f3nde surge el nombre de Hijas de la Caridad? Nuestro nombre nos lo puso Dios\u2026Si, aunque te parezca incre\u00edble!! El quer\u00eda que nos llam\u00e1ramos as\u00ed\u2026y nos lo manifest\u00f3 a trav\u00e9s del pueblo\u2026San Vicente ... Read More","og_url":"http:\/\/vincentians.com\/es\/preguntas-abiertas\/","og_site_name":"Somos Vicencianos","article_publisher":"https:\/\/www.facebook.com\/WeAreVincentians\/","article_author":"https:\/\/www.facebook.com\/JavierChento","article_published_time":"2015-03-25T01:52:33+00:00","author":"Francisco Javier Fern\u00e1ndez Chento","twitter_card":"summary_large_image","twitter_creator":"@https:\/\/twitter.com\/javierchento","twitter_site":"@WeVincentians","twitter_misc":{"Escrito por":"Francisco Javier Fern\u00e1ndez Chento","Tiempo de lectura":"4 minutos"},"schema":{"@context":"https:\/\/schema.org","@graph":[{"@type":"Article","@id":"http:\/\/vincentians.com\/es\/preguntas-abiertas\/#article","isPartOf":{"@id":"http:\/\/vincentians.com\/es\/preguntas-abiertas\/"},"author":{"name":"Francisco Javier Fern\u00e1ndez Chento","@id":"https:\/\/vincentians.com\/es\/#\/schema\/person\/9623ef4d9aa3b2dfb8c061f1499288f2"},"headline":"Preguntas abiertas","datePublished":"2015-03-25T01:52:33+00:00","mainEntityOfPage":{"@id":"http:\/\/vincentians.com\/es\/preguntas-abiertas\/"},"wordCount":730,"commentCount":0,"publisher":{"@id":"https:\/\/vincentians.com\/es\/#organization"},"image":{"@id":"http:\/\/vincentians.com\/es\/preguntas-abiertas\/#primaryimage"},"thumbnailUrl":"","keywords":["Pobreza"],"articleSection":["Hijas de la Caridad"],"inLanguage":"es","potentialAction":[{"@type":"CommentAction","name":"Comment","target":["http:\/\/vincentians.com\/es\/preguntas-abiertas\/#respond"]}]},{"@type":"WebPage","@id":"http:\/\/vincentians.com\/es\/preguntas-abiertas\/","url":"http:\/\/vincentians.com\/es\/preguntas-abiertas\/","name":"Preguntas abiertas - Somos Vicencianos","isPartOf":{"@id":"https:\/\/vincentians.com\/es\/#website"},"primaryImageOfPage":{"@id":"http:\/\/vincentians.com\/es\/preguntas-abiertas\/#primaryimage"},"image":{"@id":"http:\/\/vincentians.com\/es\/preguntas-abiertas\/#primaryimage"},"thumbnailUrl":"","datePublished":"2015-03-25T01:52:33+00:00","breadcrumb":{"@id":"http:\/\/vincentians.com\/es\/preguntas-abiertas\/#breadcrumb"},"inLanguage":"es","potentialAction":[{"@type":"ReadAction","target":["http:\/\/vincentians.com\/es\/preguntas-abiertas\/"]}]},{"@type":"ImageObject","inLanguage":"es","@id":"http:\/\/vincentians.com\/es\/preguntas-abiertas\/#primaryimage","url":"","contentUrl":""},{"@type":"BreadcrumbList","@id":"http:\/\/vincentians.com\/es\/preguntas-abiertas\/#breadcrumb","itemListElement":[{"@type":"ListItem","position":1,"name":"Portada","item":"https:\/\/vincentians.com\/es\/"},{"@type":"ListItem","position":2,"name":"Preguntas abiertas"}]},{"@type":"WebSite","@id":"https:\/\/vincentians.com\/es\/#website","url":"https:\/\/vincentians.com\/es\/","name":"Somos Vicencianos","description":"Know more to serve more","publisher":{"@id":"https:\/\/vincentians.com\/es\/#organization"},"potentialAction":[{"@type":"SearchAction","target":{"@type":"EntryPoint","urlTemplate":"https:\/\/vincentians.com\/es\/?s={search_term_string}"},"query-input":{"@type":"PropertyValueSpecification","valueRequired":true,"valueName":"search_term_string"}}],"inLanguage":"es"},{"@type":"Organization","@id":"https:\/\/vincentians.com\/es\/#organization","name":"The Vincentian Network","url":"https:\/\/vincentians.com\/es\/","logo":{"@type":"ImageObject","inLanguage":"es","@id":"https:\/\/vincentians.com\/es\/#\/schema\/logo\/image\/","url":"https:\/\/i1.wp.com\/vincentians.com\/es\/wp-content\/uploads\/sites\/11\/2016\/06\/Vincentian-Network-logo-big.png?fit=778%2C778","contentUrl":"https:\/\/i1.wp.com\/vincentians.com\/es\/wp-content\/uploads\/sites\/11\/2016\/06\/Vincentian-Network-logo-big.png?fit=778%2C778","width":778,"height":778,"caption":"The Vincentian Network"},"image":{"@id":"https:\/\/vincentians.com\/es\/#\/schema\/logo\/image\/"},"sameAs":["https:\/\/www.facebook.com\/WeAreVincentians\/","https:\/\/x.com\/WeVincentians"]},{"@type":"Person","@id":"https:\/\/vincentians.com\/es\/#\/schema\/person\/9623ef4d9aa3b2dfb8c061f1499288f2","name":"Francisco Javier Fern\u00e1ndez Chento","image":{"@type":"ImageObject","inLanguage":"es","@id":"https:\/\/vincentians.com\/es\/#\/schema\/person\/image\/","url":"https:\/\/secure.gravatar.com\/avatar\/497d5cde87b4c3d097d0315953521681ba2cd523ee66e5077c3711f7021e65de?s=96&d=mm&r=g","contentUrl":"https:\/\/secure.gravatar.com\/avatar\/497d5cde87b4c3d097d0315953521681ba2cd523ee66e5077c3711f7021e65de?s=96&d=mm&r=g","caption":"Francisco Javier Fern\u00e1ndez Chento"},"description":"Director General y cofundador de La Red de Formaci\u00f3n Vicenciana. Javier es laico vicenciano, afiliado a la Congregaci\u00f3n de la Misi\u00f3n y miembro del Equipo de Misiones Populares de la provincia can\u00f3nica de Zaragoza (Espa\u00f1a) de la Congregaci\u00f3n de la Misi\u00f3n. Graduado en la Universidad Oberta de Catalunya con cuatro grados (Asistente de direcci\u00f3n, Gesti\u00f3n Administrativa, Recursos Humanos y Contabilidad Avanzada). Bil\u00edng\u00fce Espa\u00f1ol\/Ingl\u00e9s. gestiona y mantiene varias p\u00e1ginas web cristianas y vicencianas, incluida including La Red de Formaci\u00f3n Vicenciana, de la que es cofundador. Actualmente es responsable del \u00e1rea de Espa\u00f1ol de .famvin, la Red de Noticias de la Familia Vicenciana. Tambi\u00e9n es m\u00fasico cat\u00f3lico y ha editado varios discos. Es Director General y cofundador de Trovador, una reconocida compa\u00f1\u00eda discogr\u00e1fica critiana de Espa\u00f1a. Trabaja en las Tecnolog\u00edas de la Informaci\u00f3n, ofreciendo servicios de alojamiento, dise\u00f1o y mantenimiento Web, as\u00ed como asesoramiento, formaci\u00f3n y soluciones inform\u00e1ticas, gesti\u00f3n documental y digitalizaci\u00f3n de textos, edici\u00f3n y maquetaci\u00f3n de libros, revistas, flyers, etc.","sameAs":["http:\/\/chento.org","https:\/\/www.facebook.com\/JavierChento","https:\/\/x.com\/https:\/\/twitter.com\/javierchento"],"url":"http:\/\/vincentians.com\/es\/author\/chento\/"}]}},"jetpack_publicize_connections":[],"jetpack_featured_media_url":"","jetpack_sharing_enabled":true,"jetpack_shortlink":"https:\/\/wp.me\/p7ETMF-8fJ","jetpack-related-posts":[{"id":129805,"url":"http:\/\/vincentians.com\/es\/madurez-de-la-compania\/","url_meta":{"origin":31727,"position":0},"title":"Madurez de la Compa\u00f1\u00eda","author":"Francisco Javier Fern\u00e1ndez Chento","date":"14\/03\/2014","format":false,"excerpt":"Nuevas fundaciones 1654 comienza en la vida de Luisa de Marillac con un grito suave: Necesitamos Her\u00admanas. Se las piden de todas partes y no las tiene. A ra\u00edz de la Fronda, entraban pocas j\u00f3\u00advenes. M\u00e1s triste y doloroso era darse cuenta de que \"despu\u00e9s de haber sido formadas ade\u00adcuadamente\u2026","rel":"","context":"En \u00abFormaci\u00f3n Vicenciana\u00bb","block_context":{"text":"Formaci\u00f3n Vicenciana","link":"http:\/\/vincentians.com\/es\/category\/formacion-vicenciana\/"},"img":{"alt_text":"cartel","src":"https:\/\/i0.wp.com\/vicencianos.org\/wp-content\/2014\/02\/cartel.jpg?resize=350%2C200","width":350,"height":200},"classes":[]},{"id":131581,"url":"http:\/\/vincentians.com\/es\/origen-y-desarrollo-de-la-provincia-de-colonia-de-las-hijas-de-la-caridad\/","url_meta":{"origin":31727,"position":1},"title":"ORIGEN Y DESARROLLO DE LA PROVINCIA DE COLONIA DE LAS HIJAS DE LA CARIDAD","author":"Mitxel Olabu\u00e9naga","date":"16\/10\/2014","format":false,"excerpt":"Casa Central de Nippes (1870).\u2014Por unos instantes tengo e volver al a\u00f1o 1871, en el que interrump\u00ed el relato hist\u00f3rico de la Casa Central de Nippes. En este a\u00f1o, d\u00eda 19 de Diciembre, se tuvo Consejo, presidido por el Sr. Kelz, que, seg\u00fan se ha dicho, sucedi\u00f3 en el mismo\u2026","rel":"","context":"En \u00abHistoria de las Hijas de la Caridad\u00bb","block_context":{"text":"Historia de las Hijas de la Caridad","link":"http:\/\/vincentians.com\/es\/category\/historia-de-la-familia-vicenciana\/historia-de-las-hijas-de-la-caridad\/"},"img":{"alt_text":"Hijas2","src":"https:\/\/i0.wp.com\/vicencianos.org\/wp-content\/2014\/03\/Hijas2.gif?resize=350%2C200","width":350,"height":200},"classes":[]},{"id":128969,"url":"http:\/\/vincentians.com\/es\/momentos-de-descanso-ii\/","url_meta":{"origin":31727,"position":2},"title":"Momentos de descanso (II)","author":"Francisco Javier Fern\u00e1ndez Chento","date":"13\/06\/2025","format":false,"excerpt":"Saint-Denis \u00a0Nantes y los Consejos Luisa pronto se olvid\u00f3 de Le Mans. En mayo de 1646, cuando tem\u00eda su fracaso, los administradores del Gran Hospital de Nantes pidieron Hijas de la Caridad. Hab\u00edan o\u00eddo c\u00f3mo en poco tiempo hab\u00edan reorganizado el Gran Hospital de Angers, hab\u00edan le\u00eddo el re\u00adglamento de\u2026","rel":"","context":"En \u00abFormaci\u00f3n Vicenciana\u00bb","block_context":{"text":"Formaci\u00f3n Vicenciana","link":"http:\/\/vincentians.com\/es\/category\/formacion-vicenciana\/"},"img":{"alt_text":"","src":"https:\/\/i0.wp.com\/vincentians.com\/es\/wp-content\/uploads\/sites\/11\/2023\/08\/aa.jpeg?fit=1152%2C648&resize=350%2C200","width":350,"height":200,"srcset":"https:\/\/i0.wp.com\/vincentians.com\/es\/wp-content\/uploads\/sites\/11\/2023\/08\/aa.jpeg?fit=1152%2C648&resize=350%2C200 1x, https:\/\/i0.wp.com\/vincentians.com\/es\/wp-content\/uploads\/sites\/11\/2023\/08\/aa.jpeg?fit=1152%2C648&resize=525%2C300 1.5x, https:\/\/i0.wp.com\/vincentians.com\/es\/wp-content\/uploads\/sites\/11\/2023\/08\/aa.jpeg?fit=1152%2C648&resize=700%2C400 2x, https:\/\/i0.wp.com\/vincentians.com\/es\/wp-content\/uploads\/sites\/11\/2023\/08\/aa.jpeg?fit=1152%2C648&resize=1050%2C600 3x"},"classes":[]},{"id":129158,"url":"http:\/\/vincentians.com\/es\/entre-dos-revoluciones-1650-1652\/","url_meta":{"origin":31727,"position":3},"title":"Entre dos revoluciones: 1650-1652","author":"Francisco Javier Fern\u00e1ndez Chento","date":"05\/03\/2014","format":false,"excerpt":"El ambiente parisino. \u00a0Los a\u00f1os 1650 y 1651, en cierto modo, fueron tranquilos para la se\u00f1orita Le Gras, pe\u00adro no para la Corte ni los pol\u00edticos. La sociedad viv\u00eda una calma nerviosa y a la expecta\u00adtiva. La Fronda de Par\u00eds se hab\u00eda recogido en s\u00ed misma como lo hace un\u2026","rel":"","context":"En \u00abFormaci\u00f3n Vicenciana\u00bb","block_context":{"text":"Formaci\u00f3n Vicenciana","link":"http:\/\/vincentians.com\/es\/category\/formacion-vicenciana\/"},"img":{"alt_text":"cartel","src":"https:\/\/i0.wp.com\/vicencianos.org\/wp-content\/2014\/01\/cartel.jpg?resize=350%2C200","width":350,"height":200},"classes":[]},{"id":387671,"url":"http:\/\/vincentians.com\/es\/la-direccion-de-la-compania-2\/","url_meta":{"origin":31727,"position":4},"title":"La direcci\u00f3n de la Compa\u00f1\u00eda","author":"Mitxel Olabu\u00e9naga","date":"20\/04\/2016","format":false,"excerpt":"De nuevo, en Par\u00eds El 24 de febrero, Luisa se puso en camino hacia Par\u00eds. Trayecto pesado y largo de va\u00adrios d\u00edas. El se\u00f1or Abad de Vaux le prest\u00f3 su carroza; Luisa estaba d\u00e9bil y quer\u00eda seguir los consejos que le hab\u00eda dado el se\u00f1or Vicente de no volver por\u2026","rel":"","context":"En \u00abHistoria de las Hijas de la Caridad\u00bb","block_context":{"text":"Historia de las Hijas de la Caridad","link":"http:\/\/vincentians.com\/es\/category\/historia-de-la-familia-vicenciana\/historia-de-las-hijas-de-la-caridad\/"},"img":{"alt_text":"Hijas de la Caridad","src":"https:\/\/i0.wp.com\/vicencianos.org\/wp-content\/uploads\/2016\/04\/Hijas-de-la-Caridad-300x225.jpg?resize=350%2C200","width":350,"height":200},"classes":[]},{"id":130534,"url":"http:\/\/vincentians.com\/es\/la-provincia-de-colonia-de-las-hijas-de-la-caridad-ii\/","url_meta":{"origin":31727,"position":5},"title":"La provincia de Colonia de las Hijas de la Caridad (II)","author":"Mitxel Olabu\u00e9naga","date":"17\/05\/2014","format":false,"excerpt":"Algunas fundaciones anteriores al Kulturkampf.\u2014Antes de tratar de los progresos de las obras interrumpidas y trastornadas por la persecuci\u00f3n religiosa conocida con el pomposo \u00e9 hip\u00f3crita nombre de Kulturkampf (lucha por la civilizaci\u00f3n), conviene hacer una relaci\u00f3n sucinta de la historia de algunas fundaciones que hasta entonces se hab\u00edan hecho.\u2026","rel":"","context":"En \u00abHistoria de las Hijas de la Caridad\u00bb","block_context":{"text":"Historia de las Hijas de la Caridad","link":"http:\/\/vincentians.com\/es\/category\/historia-de-la-familia-vicenciana\/historia-de-las-hijas-de-la-caridad\/"},"img":{"alt_text":"Hijas2","src":"https:\/\/i0.wp.com\/vicencianos.org\/wp-content\/2014\/03\/Hijas2.gif?resize=350%2C200","width":350,"height":200},"classes":[]}],"_links":{"self":[{"href":"http:\/\/vincentians.com\/es\/wp-json\/wp\/v2\/posts\/31727","targetHints":{"allow":["GET"]}}],"collection":[{"href":"http:\/\/vincentians.com\/es\/wp-json\/wp\/v2\/posts"}],"about":[{"href":"http:\/\/vincentians.com\/es\/wp-json\/wp\/v2\/types\/post"}],"author":[{"embeddable":true,"href":"http:\/\/vincentians.com\/es\/wp-json\/wp\/v2\/users\/4"}],"replies":[{"embeddable":true,"href":"http:\/\/vincentians.com\/es\/wp-json\/wp\/v2\/comments?post=31727"}],"version-history":[{"count":0,"href":"http:\/\/vincentians.com\/es\/wp-json\/wp\/v2\/posts\/31727\/revisions"}],"wp:featuredmedia":[{"embeddable":true,"href":"http:\/\/vincentians.com\/es\/wp-json\/"}],"wp:attachment":[{"href":"http:\/\/vincentians.com\/es\/wp-json\/wp\/v2\/media?parent=31727"}],"wp:term":[{"taxonomy":"category","embeddable":true,"href":"http:\/\/vincentians.com\/es\/wp-json\/wp\/v2\/categories?post=31727"},{"taxonomy":"post_tag","embeddable":true,"href":"http:\/\/vincentians.com\/es\/wp-json\/wp\/v2\/tags?post=31727"}],"curies":[{"name":"wp","href":"https:\/\/api.w.org\/{rel}","templated":true}]}}