{"id":313,"date":"2009-11-18T14:22:27","date_gmt":"2009-11-18T12:22:27","guid":{"rendered":"http:\/\/somos.vicencianos.org\/blog\/?p=313"},"modified":"2016-07-27T12:15:48","modified_gmt":"2016-07-27T10:15:48","slug":"rafael-hidalgo","status":"publish","type":"post","link":"http:\/\/vincentians.com\/es\/rafael-hidalgo\/","title":{"rendered":"Rafael Hidalgo"},"content":{"rendered":"<table border=\"1\" cellspacing=\"0\" cellpadding=\"0\">\n<tbody>\n<tr>\n<td width=\"36\" valign=\"top\">\n<p align=\"center\"><strong>66<\/strong><\/p>\n<\/td>\n<td width=\"195\" valign=\"top\">\n<p align=\"center\"><strong>P. Rafael Hidalgo<\/strong><\/p>\n<\/td>\n<td width=\"79\" valign=\"top\">\n<p align=\"center\"><strong>03-01-07<\/strong><\/p>\n<\/td>\n<td width=\"113\" valign=\"top\">\n<p align=\"center\"><strong>Cartagena<\/strong><\/p>\n<\/td>\n<td width=\"189\" valign=\"top\">\n<p align=\"center\"><strong>BPZ, Enero, 2007<\/strong><\/p>\n<\/td>\n<\/tr>\n<\/tbody>\n<\/table>\n<p><a href=\"https:\/\/i0.wp.com\/vicencianos.org\/vicencianos\/files\/2009\/11\/mso25F39.jpg\"><img data-recalc-dims=\"1\" loading=\"lazy\" decoding=\"async\" class=\"alignleft size-full wp-image-569\" src=\"https:\/\/i0.wp.com\/vicencianos.org\/vicencianos\/files\/2009\/11\/mso25F39.jpg?resize=287%2C202\" alt=\"mso25F39\" width=\"287\" height=\"202\" \/><\/a>En las primeras horas del d\u00eda 3 de enero de 2007 mor\u00eda en el Hospital de Santa Mar\u00eda del Rosell de Cartagena el Padre Rafael Hidalgo Cruz, C.M. Llevaba unos d\u00edas arrastrando ciertas molestias en el pecho que le imped\u00edan reconciliar el sue\u00f1o y descansar. Fue el domingo, d\u00eda 24, cuando, despu\u00e9s de haber celebrado la Eucarist\u00eda \u2013 la \u00faltima para \u00e9l- en la parro\u00adquia de San Ant\u00f3n, su malestar se agudiz\u00f3, por lo que requiri\u00f3 los servicios de la doctora Elena, amiga de la casa. Tras auscultarle, la doctora nos urgi\u00f3 a llevarle a \u00aburgencias\u00bb, pues observaba en \u00e9l arritmias en el coraz\u00f3n y retenci\u00f3n de l\u00edquidos en el pulm\u00f3n.<\/p>\n<p>Ya en el hospital, y despu\u00e9s de las pruebas a las que fue sometido, qued\u00f3 ingresado en la estaci\u00f3n de observaci\u00f3n para pasar al d\u00eda siguiente a planta: hab\u00eda que hacerle un cateteris\u00admo para estudiar su coraz\u00f3n. El d\u00eda 26 se lo hicieron y el diagn\u00f3stico fue que el P. Rafael sufr\u00eda una cardiopat\u00eda severa: una de las coronarias estaba totalmente ocluida y las dos res\u00adtantes en un 90%. A consecuencia de esta insuficiencia cardiaca sufr\u00eda igualmente una severa insuficiencia renal. Su estado era de \u00abalto riesgo\u00bb y \u00absu vida pend\u00eda de un hilo\u00bb. As\u00ed se lo hizo saber el doctor.<\/p>\n<p>La tarde del d\u00eda 28 intentaron activar su funci\u00f3n renal mediante medicaci\u00f3n ad casum, cosa que fracas\u00f3 y entr\u00f3 en una desaz\u00f3n y malestar grande. Tras un par de horas. Rafael re\u00adcuper\u00f3 la calma. Yo aprovech\u00e9 este momento de sosiego para decirle: \u00abRafa, est\u00e1s muy malico. Vamos a rezar y, si te parece bien, te administro la Unci\u00f3n de los Enfermos\u00bb, a lo que \u00e9l asinti\u00f3. Rafa en este momento entr\u00f3 en serenidad y en un estado de santa concentraci\u00f3n. Si\u00adgui\u00f3 atentamente las oraciones del ritual del Sacramento respondiendo a todo con una gran resoluci\u00f3n. Fueron momentos de gran intensidad: Rafael tomaba la vida en sus manos y \u2013 sereno- la pon\u00eda las manos del Se\u00f1or. Al final le di la Absoluci\u00f3n.<\/p>\n<p>A la 1 de la madrugada del d\u00eda 29 era ingresado en la UCI para ser sometido a di\u00e1lisis. Previamente, la doctora le inform\u00f3 a \u00e9l y a mi mismo de que esta intervenci\u00f3n ten\u00eda un riesgo considerable para \u00e9l dado el deterioro de sus arterias. Al fin, result\u00f3 exitosa. Aquella misma noche yo llam\u00e9 a su hermano Juan, residente en Granada, para que, al ama\u00adnecer, se pusiera en camino, y avisase al resto de sus hermanos.<\/p>\n<p>Ya en la UCI y en r\u00e9gimen de visitas restringidas, Rafael pas\u00f3 por todo: por horas de un precoma que auguraba un final inmediato, seguidas de una recuperaci\u00f3n incre\u00edble de su consciencia, siempre dentro de su fracaso renal, para finalmente entrar en la crisis final que le ocasion\u00f3 la muerte.<\/p>\n<p>Eran las 2 de la madrugada del d\u00eda 3 de Enero cuando Rafael mor\u00eda en el Se\u00f1or. Pocas horas antes hab\u00eda cumplido los 72 a\u00f1os.<\/p>\n<p>El d\u00eda 4 se celebr\u00f3 la misa exequial en la Parroquia San Vicente de Pa\u00fal. Una gozosa y sentida Eucarist\u00eda que presidi\u00f3 el Obispo, Dn. Juan Antonio Reig, acompa\u00f1ado del Visita\u00addor, Padre Corpus, de toda la comunidad, as\u00ed como de un n\u00famero muy considerable de sacerdotes de la Vicar\u00eda (27 en total), de Hijas de la Caridad de todas las comunidades de la Provincia y de un n\u00famero muy generoso de fieles, muchos de ellos miembros de la familia Vicenciana. Fue una Eucarist\u00eda c\u00e1lida y sentida. El Obispo ilumin\u00f3 la vida y la muerte del P. Rafael con la luz gozosa del Misterio Pascual de Jesucristo. Y al final, despu\u00e9s de la Comu\u00adni\u00f3n, el P. Corpus hizo una breve y sentida rese\u00f1a del P. Rafael: Nacido el 1 del 1 de 1935 en Cogollos de Guadix (Granada). El mayor de 4 hermanos, crece en el seno de una familia cristiana que hace posible su vocaci\u00f3n misionera. En 1947 ingresa en And\u00fajar para cursar las Humanidades. En 1952 ingresa en el Seminario Interno. Se incorpora a las CM en 1952 y pronuncia los Votos el 26 del 9 de 1955. Recibe el diaconado en Teruel, donde tambi\u00e9n es ordenado Presb\u00edtero el 21 del 6 de 1964 de manos de Mons. Dr. Le\u00f3n.<\/p>\n<p>Los destinos del P. Rafael han sido Madrid (19564) Valdemoro (1965), Cartagena (1968), Madrid (1975); Boggiero (1976); Albacete (1981- 2004) Cartagena (2004..)<\/p>\n<p>Tal vez, el destino que m\u00e1s huella dej\u00f3 en Rafael fue Albacete. Los muchos a\u00f1os de Ca\u00adpell\u00e1n en el Hospital de la Seguridad social dejaron una impronta muy se\u00f1alada en su esp\u00edritu. All\u00ed encontr\u00f3 la ocasi\u00f3n de desplegar su condici\u00f3n innata para la amistad, para entrar en un tra\u00adto cercano y fraterno con los enfermos y personal sanitario. El P. Rafael all\u00ed se sinti\u00f3 querido.<\/p>\n<p>En su \u00faltimo paso por Cartagena el P. Rafael nos ha dejado una lecci\u00f3n de sencillez, de cercan\u00eda afable, de disponibilidad. Aceptaba con prontitud los trabajos confiados y se pon\u00eda a disposici\u00f3n de todos los compa\u00f1eros que pod\u00edan requerir su servicio como chofer\u2026. Y esto a pesar de sus limitaciones f\u00edsicas.<\/p>\n<p>El d\u00eda 20 de Noviembre fue nombrado colaborador de la Parroquia de San Ant\u00f3n, ser\u00advicio que ha prestado con sencillez, por lo que se ha hecho querer de los parroquianos.<\/p>\n<p>En nombre propio y tambi\u00e9n en nombre de sus hermanos \u2013 Juan, Pepe, Isidoro- termi\u00adno poniendo de manifiesto la solicitud que toda la comunidad de Cartagena ha manifestado en estos momentos dif\u00edciles y agradeciendo las atenciones que le han prestado tantas perso\u00adnas.- especial menci\u00f3n para el personal sanitario del Hospital\u00ad<\/p>\n<p>Descanse en la Paz del Se\u00f1or.<\/p>\n<p>Jes\u00fas Arellano Hern\u00e1ndez<\/p>\n","protected":false},"excerpt":{"rendered":"<p>66 P. Rafael Hidalgo 03-01-07 Cartagena BPZ, Enero, 2007 En las primeras horas del d\u00eda 3 de enero de 2007 mor\u00eda en el Hospital de Santa Mar\u00eda del Rosell de Cartagena el Padre Rafael Hidalgo &#8230; <a href=\"http:\/\/vincentians.com\/es\/rafael-hidalgo\/\" class=\"more-link\">Read More<\/a><\/p>\n","protected":false},"author":5,"featured_media":391249,"comment_status":"open","ping_status":"open","sticky":false,"template":"","format":"standard","meta":{"rs_blank_template":"","rs_page_bg_color":"","slide_template_v7":"","_jetpack_newsletter_access":"","_jetpack_dont_email_post_to_subs":false,"_jetpack_newsletter_tier_id":0,"_jetpack_memberships_contains_paywalled_content":false,"_jetpack_feature_clip_id":0,"_jetpack_memberships_contains_paid_content":false,"footnotes":"","jetpack_publicize_message":"","jetpack_publicize_feature_enabled":true,"jetpack_social_post_already_shared":true,"jetpack_social_options":{"image_generator_settings":{"template":"highway","default_image_id":0,"font":"","enabled":false},"version":2},"jetpack_post_was_ever_published":false},"categories":[19],"tags":[],"class_list":["post-313","post","type-post","status-publish","format-standard","has-post-thumbnail","hentry","category-biografias-de-misioneros-paules"],"yoast_head":"<!-- This site is optimized with the Yoast SEO plugin v27.9 - https:\/\/yoast.com\/product\/yoast-seo-wordpress\/ -->\n<title>Rafael Hidalgo - Somos Vicencianos<\/title>\n<meta name=\"robots\" content=\"index, follow, max-snippet:-1, max-image-preview:large, max-video-preview:-1\" \/>\n<link rel=\"canonical\" href=\"http:\/\/vincentians.com\/es\/rafael-hidalgo\/\" \/>\n<meta property=\"og:locale\" content=\"es_ES\" \/>\n<meta property=\"og:type\" content=\"article\" \/>\n<meta property=\"og:title\" content=\"Rafael Hidalgo - Somos Vicencianos\" \/>\n<meta property=\"og:description\" content=\"66 P. Rafael Hidalgo 03-01-07 Cartagena BPZ, Enero, 2007 En las primeras horas del d\u00eda 3 de enero de 2007 mor\u00eda en el Hospital de Santa Mar\u00eda del Rosell de Cartagena el Padre Rafael Hidalgo ... Read More\" \/>\n<meta property=\"og:url\" content=\"http:\/\/vincentians.com\/es\/rafael-hidalgo\/\" \/>\n<meta property=\"og:site_name\" content=\"Somos Vicencianos\" \/>\n<meta property=\"article:publisher\" content=\"https:\/\/www.facebook.com\/WeAreVincentians\/\" \/>\n<meta property=\"article:published_time\" content=\"2009-11-18T12:22:27+00:00\" \/>\n<meta property=\"article:modified_time\" content=\"2016-07-27T10:15:48+00:00\" \/>\n<meta property=\"og:image\" content=\"https:\/\/i0.wp.com\/vincentians.com\/es\/wp-content\/uploads\/sites\/11\/2016\/07\/bio-cm.jpg?fit=1200%2C630\" \/>\n\t<meta property=\"og:image:width\" content=\"1200\" \/>\n\t<meta property=\"og:image:height\" content=\"630\" \/>\n\t<meta property=\"og:image:type\" content=\"image\/jpeg\" \/>\n<meta name=\"author\" content=\"Mitxel Olabu\u00e9naga\" \/>\n<meta name=\"twitter:card\" content=\"summary_large_image\" \/>\n<meta name=\"twitter:creator\" content=\"@WeVincentians\" \/>\n<meta name=\"twitter:site\" content=\"@WeVincentians\" \/>\n<meta name=\"twitter:label1\" content=\"Escrito por\" \/>\n\t<meta name=\"twitter:data1\" content=\"Mitxel Olabu\u00e9naga\" \/>\n\t<meta name=\"twitter:label2\" content=\"Tiempo de lectura\" \/>\n\t<meta name=\"twitter:data2\" content=\"5 minutos\" \/>\n<script type=\"application\/ld+json\" class=\"yoast-schema-graph\">{\"@context\":\"https:\\\/\\\/schema.org\",\"@graph\":[{\"@type\":\"Article\",\"@id\":\"http:\\\/\\\/vincentians.com\\\/es\\\/rafael-hidalgo\\\/#article\",\"isPartOf\":{\"@id\":\"http:\\\/\\\/vincentians.com\\\/es\\\/rafael-hidalgo\\\/\"},\"author\":{\"name\":\"Mitxel Olabu\u00e9naga\",\"@id\":\"http:\\\/\\\/vincentians.com\\\/es\\\/#\\\/schema\\\/person\\\/7c2670b4445a7ca9d164ea6acdb31859\"},\"headline\":\"Rafael Hidalgo\",\"datePublished\":\"2009-11-18T12:22:27+00:00\",\"dateModified\":\"2016-07-27T10:15:48+00:00\",\"mainEntityOfPage\":{\"@id\":\"http:\\\/\\\/vincentians.com\\\/es\\\/rafael-hidalgo\\\/\"},\"wordCount\":1000,\"commentCount\":0,\"publisher\":{\"@id\":\"http:\\\/\\\/vincentians.com\\\/es\\\/#organization\"},\"image\":{\"@id\":\"http:\\\/\\\/vincentians.com\\\/es\\\/rafael-hidalgo\\\/#primaryimage\"},\"thumbnailUrl\":\"https:\\\/\\\/i0.wp.com\\\/vincentians.com\\\/es\\\/wp-content\\\/uploads\\\/sites\\\/11\\\/2016\\\/07\\\/bio-cm.jpg?fit=1200%2C630\",\"articleSection\":[\"Biograf\u00edas de Misioneros Pa\u00fales\"],\"inLanguage\":\"es\",\"potentialAction\":[{\"@type\":\"CommentAction\",\"name\":\"Comment\",\"target\":[\"http:\\\/\\\/vincentians.com\\\/es\\\/rafael-hidalgo\\\/#respond\"]}]},{\"@type\":\"WebPage\",\"@id\":\"http:\\\/\\\/vincentians.com\\\/es\\\/rafael-hidalgo\\\/\",\"url\":\"http:\\\/\\\/vincentians.com\\\/es\\\/rafael-hidalgo\\\/\",\"name\":\"Rafael Hidalgo - Somos Vicencianos\",\"isPartOf\":{\"@id\":\"http:\\\/\\\/vincentians.com\\\/es\\\/#website\"},\"primaryImageOfPage\":{\"@id\":\"http:\\\/\\\/vincentians.com\\\/es\\\/rafael-hidalgo\\\/#primaryimage\"},\"image\":{\"@id\":\"http:\\\/\\\/vincentians.com\\\/es\\\/rafael-hidalgo\\\/#primaryimage\"},\"thumbnailUrl\":\"https:\\\/\\\/i0.wp.com\\\/vincentians.com\\\/es\\\/wp-content\\\/uploads\\\/sites\\\/11\\\/2016\\\/07\\\/bio-cm.jpg?fit=1200%2C630\",\"datePublished\":\"2009-11-18T12:22:27+00:00\",\"dateModified\":\"2016-07-27T10:15:48+00:00\",\"breadcrumb\":{\"@id\":\"http:\\\/\\\/vincentians.com\\\/es\\\/rafael-hidalgo\\\/#breadcrumb\"},\"inLanguage\":\"es\",\"potentialAction\":[{\"@type\":\"ReadAction\",\"target\":[\"http:\\\/\\\/vincentians.com\\\/es\\\/rafael-hidalgo\\\/\"]}]},{\"@type\":\"ImageObject\",\"inLanguage\":\"es\",\"@id\":\"http:\\\/\\\/vincentians.com\\\/es\\\/rafael-hidalgo\\\/#primaryimage\",\"url\":\"https:\\\/\\\/i0.wp.com\\\/vincentians.com\\\/es\\\/wp-content\\\/uploads\\\/sites\\\/11\\\/2016\\\/07\\\/bio-cm.jpg?fit=1200%2C630\",\"contentUrl\":\"https:\\\/\\\/i0.wp.com\\\/vincentians.com\\\/es\\\/wp-content\\\/uploads\\\/sites\\\/11\\\/2016\\\/07\\\/bio-cm.jpg?fit=1200%2C630\",\"width\":1200,\"height\":630},{\"@type\":\"BreadcrumbList\",\"@id\":\"http:\\\/\\\/vincentians.com\\\/es\\\/rafael-hidalgo\\\/#breadcrumb\",\"itemListElement\":[{\"@type\":\"ListItem\",\"position\":1,\"name\":\"Portada\",\"item\":\"http:\\\/\\\/vincentians.com\\\/es\\\/\"},{\"@type\":\"ListItem\",\"position\":2,\"name\":\"Rafael Hidalgo\"}]},{\"@type\":\"WebSite\",\"@id\":\"http:\\\/\\\/vincentians.com\\\/es\\\/#website\",\"url\":\"http:\\\/\\\/vincentians.com\\\/es\\\/\",\"name\":\"Somos Vicencianos\",\"description\":\"Know more to serve more\",\"publisher\":{\"@id\":\"http:\\\/\\\/vincentians.com\\\/es\\\/#organization\"},\"potentialAction\":[{\"@type\":\"SearchAction\",\"target\":{\"@type\":\"EntryPoint\",\"urlTemplate\":\"http:\\\/\\\/vincentians.com\\\/es\\\/?s={search_term_string}\"},\"query-input\":{\"@type\":\"PropertyValueSpecification\",\"valueRequired\":true,\"valueName\":\"search_term_string\"}}],\"inLanguage\":\"es\"},{\"@type\":\"Organization\",\"@id\":\"http:\\\/\\\/vincentians.com\\\/es\\\/#organization\",\"name\":\"The Vincentian Network\",\"url\":\"http:\\\/\\\/vincentians.com\\\/es\\\/\",\"logo\":{\"@type\":\"ImageObject\",\"inLanguage\":\"es\",\"@id\":\"http:\\\/\\\/vincentians.com\\\/es\\\/#\\\/schema\\\/logo\\\/image\\\/\",\"url\":\"https:\\\/\\\/i1.wp.com\\\/vincentians.com\\\/es\\\/wp-content\\\/uploads\\\/sites\\\/11\\\/2016\\\/06\\\/Vincentian-Network-logo-big.png?fit=778%2C778\",\"contentUrl\":\"https:\\\/\\\/i1.wp.com\\\/vincentians.com\\\/es\\\/wp-content\\\/uploads\\\/sites\\\/11\\\/2016\\\/06\\\/Vincentian-Network-logo-big.png?fit=778%2C778\",\"width\":778,\"height\":778,\"caption\":\"The Vincentian Network\"},\"image\":{\"@id\":\"http:\\\/\\\/vincentians.com\\\/es\\\/#\\\/schema\\\/logo\\\/image\\\/\"},\"sameAs\":[\"https:\\\/\\\/www.facebook.com\\\/WeAreVincentians\\\/\",\"https:\\\/\\\/x.com\\\/WeVincentians\"]},{\"@type\":\"Person\",\"@id\":\"http:\\\/\\\/vincentians.com\\\/es\\\/#\\\/schema\\\/person\\\/7c2670b4445a7ca9d164ea6acdb31859\",\"name\":\"Mitxel Olabu\u00e9naga\",\"image\":{\"@type\":\"ImageObject\",\"inLanguage\":\"es\",\"@id\":\"https:\\\/\\\/secure.gravatar.com\\\/avatar\\\/34137ec2e2b8939cbbed975731e71f3f4f1defc7266ded337a5ce0f925426877?s=96&d=mm&r=g\",\"url\":\"https:\\\/\\\/secure.gravatar.com\\\/avatar\\\/34137ec2e2b8939cbbed975731e71f3f4f1defc7266ded337a5ce0f925426877?s=96&d=mm&r=g\",\"contentUrl\":\"https:\\\/\\\/secure.gravatar.com\\\/avatar\\\/34137ec2e2b8939cbbed975731e71f3f4f1defc7266ded337a5ce0f925426877?s=96&d=mm&r=g\",\"caption\":\"Mitxel Olabu\u00e9naga\"},\"url\":\"http:\\\/\\\/vincentians.com\\\/es\\\/author\\\/mitxel\\\/\"}]}<\/script>\n<!-- \/ Yoast SEO plugin. -->","yoast_head_json":{"title":"Rafael Hidalgo - Somos Vicencianos","robots":{"index":"index","follow":"follow","max-snippet":"max-snippet:-1","max-image-preview":"max-image-preview:large","max-video-preview":"max-video-preview:-1"},"canonical":"http:\/\/vincentians.com\/es\/rafael-hidalgo\/","og_locale":"es_ES","og_type":"article","og_title":"Rafael Hidalgo - Somos Vicencianos","og_description":"66 P. Rafael Hidalgo 03-01-07 Cartagena BPZ, Enero, 2007 En las primeras horas del d\u00eda 3 de enero de 2007 mor\u00eda en el Hospital de Santa Mar\u00eda del Rosell de Cartagena el Padre Rafael Hidalgo ... Read More","og_url":"http:\/\/vincentians.com\/es\/rafael-hidalgo\/","og_site_name":"Somos Vicencianos","article_publisher":"https:\/\/www.facebook.com\/WeAreVincentians\/","article_published_time":"2009-11-18T12:22:27+00:00","article_modified_time":"2016-07-27T10:15:48+00:00","og_image":[{"width":1200,"height":630,"url":"https:\/\/i0.wp.com\/vincentians.com\/es\/wp-content\/uploads\/sites\/11\/2016\/07\/bio-cm.jpg?fit=1200%2C630","type":"image\/jpeg"}],"author":"Mitxel Olabu\u00e9naga","twitter_card":"summary_large_image","twitter_creator":"@WeVincentians","twitter_site":"@WeVincentians","twitter_misc":{"Escrito por":"Mitxel Olabu\u00e9naga","Tiempo de lectura":"5 minutos"},"schema":{"@context":"https:\/\/schema.org","@graph":[{"@type":"Article","@id":"http:\/\/vincentians.com\/es\/rafael-hidalgo\/#article","isPartOf":{"@id":"http:\/\/vincentians.com\/es\/rafael-hidalgo\/"},"author":{"name":"Mitxel Olabu\u00e9naga","@id":"http:\/\/vincentians.com\/es\/#\/schema\/person\/7c2670b4445a7ca9d164ea6acdb31859"},"headline":"Rafael Hidalgo","datePublished":"2009-11-18T12:22:27+00:00","dateModified":"2016-07-27T10:15:48+00:00","mainEntityOfPage":{"@id":"http:\/\/vincentians.com\/es\/rafael-hidalgo\/"},"wordCount":1000,"commentCount":0,"publisher":{"@id":"http:\/\/vincentians.com\/es\/#organization"},"image":{"@id":"http:\/\/vincentians.com\/es\/rafael-hidalgo\/#primaryimage"},"thumbnailUrl":"https:\/\/i0.wp.com\/vincentians.com\/es\/wp-content\/uploads\/sites\/11\/2016\/07\/bio-cm.jpg?fit=1200%2C630","articleSection":["Biograf\u00edas de Misioneros Pa\u00fales"],"inLanguage":"es","potentialAction":[{"@type":"CommentAction","name":"Comment","target":["http:\/\/vincentians.com\/es\/rafael-hidalgo\/#respond"]}]},{"@type":"WebPage","@id":"http:\/\/vincentians.com\/es\/rafael-hidalgo\/","url":"http:\/\/vincentians.com\/es\/rafael-hidalgo\/","name":"Rafael Hidalgo - Somos Vicencianos","isPartOf":{"@id":"http:\/\/vincentians.com\/es\/#website"},"primaryImageOfPage":{"@id":"http:\/\/vincentians.com\/es\/rafael-hidalgo\/#primaryimage"},"image":{"@id":"http:\/\/vincentians.com\/es\/rafael-hidalgo\/#primaryimage"},"thumbnailUrl":"https:\/\/i0.wp.com\/vincentians.com\/es\/wp-content\/uploads\/sites\/11\/2016\/07\/bio-cm.jpg?fit=1200%2C630","datePublished":"2009-11-18T12:22:27+00:00","dateModified":"2016-07-27T10:15:48+00:00","breadcrumb":{"@id":"http:\/\/vincentians.com\/es\/rafael-hidalgo\/#breadcrumb"},"inLanguage":"es","potentialAction":[{"@type":"ReadAction","target":["http:\/\/vincentians.com\/es\/rafael-hidalgo\/"]}]},{"@type":"ImageObject","inLanguage":"es","@id":"http:\/\/vincentians.com\/es\/rafael-hidalgo\/#primaryimage","url":"https:\/\/i0.wp.com\/vincentians.com\/es\/wp-content\/uploads\/sites\/11\/2016\/07\/bio-cm.jpg?fit=1200%2C630","contentUrl":"https:\/\/i0.wp.com\/vincentians.com\/es\/wp-content\/uploads\/sites\/11\/2016\/07\/bio-cm.jpg?fit=1200%2C630","width":1200,"height":630},{"@type":"BreadcrumbList","@id":"http:\/\/vincentians.com\/es\/rafael-hidalgo\/#breadcrumb","itemListElement":[{"@type":"ListItem","position":1,"name":"Portada","item":"http:\/\/vincentians.com\/es\/"},{"@type":"ListItem","position":2,"name":"Rafael Hidalgo"}]},{"@type":"WebSite","@id":"http:\/\/vincentians.com\/es\/#website","url":"http:\/\/vincentians.com\/es\/","name":"Somos Vicencianos","description":"Know more to serve more","publisher":{"@id":"http:\/\/vincentians.com\/es\/#organization"},"potentialAction":[{"@type":"SearchAction","target":{"@type":"EntryPoint","urlTemplate":"http:\/\/vincentians.com\/es\/?s={search_term_string}"},"query-input":{"@type":"PropertyValueSpecification","valueRequired":true,"valueName":"search_term_string"}}],"inLanguage":"es"},{"@type":"Organization","@id":"http:\/\/vincentians.com\/es\/#organization","name":"The Vincentian Network","url":"http:\/\/vincentians.com\/es\/","logo":{"@type":"ImageObject","inLanguage":"es","@id":"http:\/\/vincentians.com\/es\/#\/schema\/logo\/image\/","url":"https:\/\/i1.wp.com\/vincentians.com\/es\/wp-content\/uploads\/sites\/11\/2016\/06\/Vincentian-Network-logo-big.png?fit=778%2C778","contentUrl":"https:\/\/i1.wp.com\/vincentians.com\/es\/wp-content\/uploads\/sites\/11\/2016\/06\/Vincentian-Network-logo-big.png?fit=778%2C778","width":778,"height":778,"caption":"The Vincentian Network"},"image":{"@id":"http:\/\/vincentians.com\/es\/#\/schema\/logo\/image\/"},"sameAs":["https:\/\/www.facebook.com\/WeAreVincentians\/","https:\/\/x.com\/WeVincentians"]},{"@type":"Person","@id":"http:\/\/vincentians.com\/es\/#\/schema\/person\/7c2670b4445a7ca9d164ea6acdb31859","name":"Mitxel Olabu\u00e9naga","image":{"@type":"ImageObject","inLanguage":"es","@id":"https:\/\/secure.gravatar.com\/avatar\/34137ec2e2b8939cbbed975731e71f3f4f1defc7266ded337a5ce0f925426877?s=96&d=mm&r=g","url":"https:\/\/secure.gravatar.com\/avatar\/34137ec2e2b8939cbbed975731e71f3f4f1defc7266ded337a5ce0f925426877?s=96&d=mm&r=g","contentUrl":"https:\/\/secure.gravatar.com\/avatar\/34137ec2e2b8939cbbed975731e71f3f4f1defc7266ded337a5ce0f925426877?s=96&d=mm&r=g","caption":"Mitxel Olabu\u00e9naga"},"url":"http:\/\/vincentians.com\/es\/author\/mitxel\/"}]}},"jetpack_publicize_connections":[],"jetpack_featured_media_url":"https:\/\/i0.wp.com\/vincentians.com\/es\/wp-content\/uploads\/sites\/11\/2016\/07\/bio-cm.jpg?fit=1200%2C630","jetpack_sharing_enabled":true,"jetpack_shortlink":"https:\/\/wp.me\/p7ETMF-53","jetpack-related-posts":[{"id":39664,"url":"http:\/\/vincentians.com\/es\/misiones-populares-en-espana-1975-2000-1984\/","url_meta":{"origin":313,"position":0},"title":"Misiones populares en Espa\u00f1a, 1975-2000: 1984","author":"Francisco Javier Fern\u00e1ndez Chento","date":"17\/10\/2014","format":false,"excerpt":"1984 1.- LA PINILLA y LOS CAMPILLOS (Murcia): 8-22 enero. PP. Luis Mnez. San Juan y \u00c1ngel Aoiz. (An.1984 y BPZ). Utilizamos el temario que hizo el P. Jaime Corera hace unos a\u00f1os. HHCC. Junto a tres HH. de la C. 2.- ZONA DE GRANADA: 22 enero-5 febrero. La R\u00e1bita,\u2026","rel":"","context":"En \u00abMisiones \u00abAd gentes\u00bb\u00bb","block_context":{"text":"Misiones \u00abAd gentes\u00bb","link":"http:\/\/vincentians.com\/es\/category\/servicios-y-ministerios\/misiones-ad-gentes\/"},"img":{"alt_text":"Las Quintanillas","src":"https:\/\/i0.wp.com\/vicencianos.org\/wp-content\/2011\/05\/Quintanillas-300x201.jpg?resize=350%2C200","width":350,"height":200},"classes":[]},{"id":33642,"url":"http:\/\/vincentians.com\/es\/los-martires-de-la-familia-vicenciana-en-el-siglo-xx-la-guerra-civil-espanola-de-1936-1939-tercera-parte\/","url_meta":{"origin":313,"position":1},"title":"Los m\u00e1rtires de la Familia Vicenciana en el siglo XX: La guerra civil espa\u00f1ola de 1936-1939 (Tercera parte)","author":"Francisco Javier Fern\u00e1ndez Chento","date":"25\/01\/2017","format":false,"excerpt":"M\u00e1rtires de la Asociaci\u00f3n de Hijos e Hijas de Mar\u00eda Inmaculada 1. Don Pedro GAMB\u00cdN P\u00c9REZ, sacerdote, capell\u00e1n, naci\u00f3 el 17 de Julio de 1886 en Cartagena (Espa\u00f1a) y muri\u00f3 el 15 de Agosto de 1936 en Murcia. Era Presb\u00edtero. Director de la Asociaci\u00f3n. Es detenido el 20 de Julio\u2026","rel":"","context":"En \u00abHistoria sin categorizar\u00bb","block_context":{"text":"Historia sin categorizar","link":"http:\/\/vincentians.com\/es\/category\/historia-de-la-familia-vicenciana\/historia-sin-categorizar\/"},"img":{"alt_text":"","src":"https:\/\/i0.wp.com\/vincentians.com\/es\/wp-content\/uploads\/sites\/11\/2016\/08\/iglesia-de-los-pobres.jpg?fit=1200%2C630&resize=350%2C200","width":350,"height":200,"srcset":"https:\/\/i0.wp.com\/vincentians.com\/es\/wp-content\/uploads\/sites\/11\/2016\/08\/iglesia-de-los-pobres.jpg?fit=1200%2C630&resize=350%2C200 1x, https:\/\/i0.wp.com\/vincentians.com\/es\/wp-content\/uploads\/sites\/11\/2016\/08\/iglesia-de-los-pobres.jpg?fit=1200%2C630&resize=525%2C300 1.5x, https:\/\/i0.wp.com\/vincentians.com\/es\/wp-content\/uploads\/sites\/11\/2016\/08\/iglesia-de-los-pobres.jpg?fit=1200%2C630&resize=700%2C400 2x, https:\/\/i0.wp.com\/vincentians.com\/es\/wp-content\/uploads\/sites\/11\/2016\/08\/iglesia-de-los-pobres.jpg?fit=1200%2C630&resize=1050%2C600 3x"},"classes":[]},{"id":116936,"url":"http:\/\/vincentians.com\/es\/vicente-de-paul-carta-1045-esteban-blatiron-superior-de-genova-a-san-vicente\/","url_meta":{"origin":313,"position":2},"title":"Vicente de Pa\u00fal, Carta 1045: Esteban Blatiron, Superior De G\u00e9nova, A San Vicente","author":"Francisco Javier Fern\u00e1ndez Chento","date":"05\/01\/2013","format":false,"excerpt":"16 diciembre 1647. La misi\u00f3n de... ha resultado muy bien: se han convertido siete bandidos y un turco al servicio de un hidalgo ha pedido el bautismo, que ha recibido despu\u00e9s de la debida preparaci\u00f3n.","rel":"","context":"En \u00abEscritos de Vicente de Pa\u00fal\u00bb","block_context":{"text":"Escritos de Vicente de Pa\u00fal","link":"http:\/\/vincentians.com\/es\/category\/escritos\/escritos-de-vicente-de-paul\/"},"img":{"alt_text":"","src":"https:\/\/i0.wp.com\/vincentians.com\/es\/wp-content\/uploads\/sites\/11\/2016\/07\/escritos-vicente-de-paul.jpg?fit=1200%2C630&resize=350%2C200","width":350,"height":200,"srcset":"https:\/\/i0.wp.com\/vincentians.com\/es\/wp-content\/uploads\/sites\/11\/2016\/07\/escritos-vicente-de-paul.jpg?fit=1200%2C630&resize=350%2C200 1x, https:\/\/i0.wp.com\/vincentians.com\/es\/wp-content\/uploads\/sites\/11\/2016\/07\/escritos-vicente-de-paul.jpg?fit=1200%2C630&resize=525%2C300 1.5x, https:\/\/i0.wp.com\/vincentians.com\/es\/wp-content\/uploads\/sites\/11\/2016\/07\/escritos-vicente-de-paul.jpg?fit=1200%2C630&resize=700%2C400 2x, https:\/\/i0.wp.com\/vincentians.com\/es\/wp-content\/uploads\/sites\/11\/2016\/07\/escritos-vicente-de-paul.jpg?fit=1200%2C630&resize=1050%2C600 3x"},"classes":[]},{"id":39663,"url":"http:\/\/vincentians.com\/es\/misiones-populares-en-espana-1975-2000-1983\/","url_meta":{"origin":313,"position":3},"title":"Misiones populares en Espa\u00f1a, 1975-2000: 1983","author":"Francisco Javier Fern\u00e1ndez Chento","date":"15\/10\/2014","format":false,"excerpt":"1983 1.- ESGOS (Orense): 26 enero-2 febrero. P. Andr\u00e9s Pato. (PBS). \u00a0 2.- FENAZAR (Murcia): Enero?. PP. \u00c1ngel Aoiz y Eugenio Garc\u00eda Espinosa. (An.1983 y BPZ). 3.- LOS OLMOS y TAZONA (Albacete): Febrero?. PP. Jos\u00e9 Luis Crespo y \u00c1ngel Aoiz. (An.1983 y BPZ). 4.-GANADE (Orense): 20-27 febrero. P. Andr\u00e9s Pato.\u2026","rel":"","context":"En \u00abMisiones \u00abAd gentes\u00bb\u00bb","block_context":{"text":"Misiones \u00abAd gentes\u00bb","link":"http:\/\/vincentians.com\/es\/category\/servicios-y-ministerios\/misiones-ad-gentes\/"},"img":{"alt_text":"","src":"","width":0,"height":0},"classes":[]},{"id":332,"url":"http:\/\/vincentians.com\/es\/tomas-urdangarin\/","url_meta":{"origin":313,"position":4},"title":"Tom\u00e1s Urdangar\u00edn","author":"Mitxel Olabu\u00e9naga","date":"18\/11\/2009","format":false,"excerpt":"18 P. Tom\u00e1s Urdangar\u00edn 24-04-83 Cartagena Anales 83, p\u00e1g. 462 Hab\u00eda nacido y recibido el bautismo, segundo de nueve hermanos, en un caser\u00edo no lejos de Hernani (Guip\u00fazcoa), el 7 de marzo de 1918. Hechos sucesivamente sus estudios en nuestras casas de Murgu\u00eda, Guadalajara, Hortaleza, \u00a0Villafranca del Bierzo, Cuenca y\u2026","rel":"","context":"En \u00abBiograf\u00edas de Misioneros Pa\u00fales\u00bb","block_context":{"text":"Biograf\u00edas de Misioneros Pa\u00fales","link":"http:\/\/vincentians.com\/es\/category\/la-familia-vicenciana\/biografias-vicencianas\/biografias-de-misioneros-paules\/"},"img":{"alt_text":"","src":"https:\/\/i0.wp.com\/vincentians.com\/es\/wp-content\/uploads\/sites\/11\/2016\/07\/bio-cm.jpg?fit=1200%2C630&resize=350%2C200","width":350,"height":200,"srcset":"https:\/\/i0.wp.com\/vincentians.com\/es\/wp-content\/uploads\/sites\/11\/2016\/07\/bio-cm.jpg?fit=1200%2C630&resize=350%2C200 1x, https:\/\/i0.wp.com\/vincentians.com\/es\/wp-content\/uploads\/sites\/11\/2016\/07\/bio-cm.jpg?fit=1200%2C630&resize=525%2C300 1.5x, https:\/\/i0.wp.com\/vincentians.com\/es\/wp-content\/uploads\/sites\/11\/2016\/07\/bio-cm.jpg?fit=1200%2C630&resize=700%2C400 2x, https:\/\/i0.wp.com\/vincentians.com\/es\/wp-content\/uploads\/sites\/11\/2016\/07\/bio-cm.jpg?fit=1200%2C630&resize=1050%2C600 3x"},"classes":[]},{"id":130510,"url":"http:\/\/vincentians.com\/es\/vicente-de-paul-andrade-pau\/","url_meta":{"origin":313,"position":5},"title":"Vicente de Pa\u00fal Andrade Pau","author":"Mitxel Olabu\u00e9naga","date":"31\/05\/2014","format":false,"excerpt":"Nacimiento: 23.2.1844 en la ciudad de M\u00e9xico \/ Fecha de vocaci\u00f3n: 12.11.1863 ibidem \/ Votos perpetuos: 13.11.1865 en la capilla del Hospital de San Juan de Dios ante Boquet \/ Fecha de ordenaci\u00f3n: 19.12.1868 en Par\u00eds. DESTINOS: Jalapa seminario 1870 \/ Zacatecas seminario 1872 \/ Puebla 1876 (el libro de\u2026","rel":"","context":"En \u00abBiograf\u00edas de Misioneros Pa\u00fales\u00bb","block_context":{"text":"Biograf\u00edas de Misioneros Pa\u00fales","link":"http:\/\/vincentians.com\/es\/category\/la-familia-vicenciana\/biografias-vicencianas\/biografias-de-misioneros-paules\/"},"img":{"alt_text":"","src":"https:\/\/i0.wp.com\/vincentians.com\/es\/wp-content\/uploads\/sites\/11\/2016\/07\/bio-cm.jpg?fit=1200%2C630&resize=350%2C200","width":350,"height":200,"srcset":"https:\/\/i0.wp.com\/vincentians.com\/es\/wp-content\/uploads\/sites\/11\/2016\/07\/bio-cm.jpg?fit=1200%2C630&resize=350%2C200 1x, https:\/\/i0.wp.com\/vincentians.com\/es\/wp-content\/uploads\/sites\/11\/2016\/07\/bio-cm.jpg?fit=1200%2C630&resize=525%2C300 1.5x, https:\/\/i0.wp.com\/vincentians.com\/es\/wp-content\/uploads\/sites\/11\/2016\/07\/bio-cm.jpg?fit=1200%2C630&resize=700%2C400 2x, https:\/\/i0.wp.com\/vincentians.com\/es\/wp-content\/uploads\/sites\/11\/2016\/07\/bio-cm.jpg?fit=1200%2C630&resize=1050%2C600 3x"},"classes":[]}],"_links":{"self":[{"href":"http:\/\/vincentians.com\/es\/wp-json\/wp\/v2\/posts\/313","targetHints":{"allow":["GET"]}}],"collection":[{"href":"http:\/\/vincentians.com\/es\/wp-json\/wp\/v2\/posts"}],"about":[{"href":"http:\/\/vincentians.com\/es\/wp-json\/wp\/v2\/types\/post"}],"author":[{"embeddable":true,"href":"http:\/\/vincentians.com\/es\/wp-json\/wp\/v2\/users\/5"}],"replies":[{"embeddable":true,"href":"http:\/\/vincentians.com\/es\/wp-json\/wp\/v2\/comments?post=313"}],"version-history":[{"count":0,"href":"http:\/\/vincentians.com\/es\/wp-json\/wp\/v2\/posts\/313\/revisions"}],"wp:featuredmedia":[{"embeddable":true,"href":"http:\/\/vincentians.com\/es\/wp-json\/wp\/v2\/media\/391249"}],"wp:attachment":[{"href":"http:\/\/vincentians.com\/es\/wp-json\/wp\/v2\/media?parent=313"}],"wp:term":[{"taxonomy":"category","embeddable":true,"href":"http:\/\/vincentians.com\/es\/wp-json\/wp\/v2\/categories?post=313"},{"taxonomy":"post_tag","embeddable":true,"href":"http:\/\/vincentians.com\/es\/wp-json\/wp\/v2\/tags?post=313"}],"curies":[{"name":"wp","href":"https:\/\/api.w.org\/{rel}","templated":true}]}}