{"id":31227,"date":"2014-03-12T08:37:32","date_gmt":"2014-03-12T07:37:32","guid":{"rendered":"http:\/\/somos.vicencianos.org\/?p=31227"},"modified":"2016-07-26T09:44:33","modified_gmt":"2016-07-26T07:44:33","slug":"organismos-de-estudios-y-de-animacion-vicenciana","status":"publish","type":"post","link":"http:\/\/vincentians.com\/es\/organismos-de-estudios-y-de-animacion-vicenciana\/","title":{"rendered":"Organismos de estudios y de animaci\u00f3n vicenciana"},"content":{"rendered":"<p style=\"text-align: justify\"><a href=\"https:\/\/i0.wp.com\/vicencianos.org\/wp-content\/2011\/03\/caridad_mision.jpg\"><img data-recalc-dims=\"1\" loading=\"lazy\" decoding=\"async\" class=\"alignright size-medium wp-image-31231\" title=\"caridad_mision\" alt=\"\" src=\"https:\/\/i0.wp.com\/vicencianos.org\/wp-content\/2011\/03\/caridad_mision-249x300.jpg?resize=249%2C300\" width=\"249\" height=\"300\" \/><\/a>La Asamblea General de 1980 pidi\u00f3 que \u00ab<em>Cada Provincia o grupo de Provincias tenga una organizaci\u00f3n propia para la promoci\u00f3n de estudios fundamentales y su divulgaci\u00f3n (San Vicente, Santa Luisa, historia de la compa\u00f1\u00eda, etc). Una organizaci\u00f3n a nivel internacional tendr\u00e1 por fin coordinar estos esfuerzos y difundir los resultados\u00bb<\/em>.<em> <\/em>Actualmente existe en la Congregaci\u00f3n una gran riqueza en este sentido, pero no es muy conocida y con frecuencia cada organismo trabaja aisladamente sin mantener relaci\u00f3n entre s\u00ed.<\/p>\n<p style=\"text-align: justify\">Para remediarlo, el SIEV (Secretariado Internacional de Estudios Vicencianos) envi\u00f3 una encuesta a los Visitadores de la Congregaci\u00f3n con el fin de preparar un censo y conocer mejor todos los organismos de estudio y de animaci\u00f3n vicenciana existentes en la Congregaci\u00f3n. Dichos organismos han contestado al cuestionario enviado. M\u00e1s adelante ofrecemos una breve presentaci\u00f3n de cada uno de ellos, finalizando con el SIEV, a fin de que todos puedan tener conocimiento de lo que existe y de las posibilidades que se ofrecen en este nivel.<\/p>\n<p style=\"text-align: justify\">Esperamos que estos organismos, conoci\u00e9ndose mejor mutuamente, sabr\u00e1n encontrar en el futuro, m\u00e1s all\u00e1 de las barreras de la lengua y cultura, los medios oportunos para una fecunda colaboraci\u00f3n. Esperamos tambi\u00e9n que este intercambio de informaci\u00f3n sobre los objetivos y las realizaciones de estos grupos estimular\u00e1 la creatividad de todos para un mejor servicio de la Congregaci\u00f3n y de toda la Familia Vicenciana.<\/p>\n<p style=\"text-align: justify\">Dichos organismos son los siguientes :<\/p>\n<ol style=\"text-align: justify\">\n<li>CLAPVI : Conferencia Latinoamericana de Provincias Vicentinas<\/li>\n<li>CEVCO : Comisi\u00f3n de Estudios Vicentinos de Colombia<\/li>\n<li>CAVI : Centro de Animaci\u00f3n Vicentina (Per\u00fa)<\/li>\n<li>CAVIM : Centro de Animaci\u00f3n Vicentina y Misionera (Chile)2<\/li>\n<li>V.S.I. Instituto de Estudios Vicencianos (Estados Unidos)<\/li>\n<li>MEGVIS : Grupo de Europa Central para los Estudios Vicencianos<\/li>\n<li>GRAV : Grupo de Investigaci\u00f3n y de animaci\u00f3n Vicenciana (Francia)<\/li>\n<li>GAV : Grupo de Animaci\u00f3n Vicenciana (Italia)<\/li>\n<li>Semanas de Estudios Vicencianos (Salamanca, Espa\u00f1a)<\/li>\n<li>SIEV : Secretariado Internacional de Estudios Vicencianos<\/li>\n<\/ol>\n<p style=\"text-align: justify\">Se ha de se\u00f1alar que, en esta lista, hemos excluido los Centros o las Sesiones de formaci\u00f3n continua como el \u00abCIF \u00abque realizan un excelente trabajo de formaci\u00f3n pero que no corresponden exactamente a lo que se trata aqu\u00ed. Dichos Centros o Sesiones podr\u00e1n ser objeto de una ulterior encuesta e informaci\u00f3n. Por otra parte, hemos incluido las \u00abSemanas de Estudios Vicencianos de Salamanca\u00bb en raz\u00f3n de la importancia de su producci\u00f3n bibliogr\u00e1fica.<\/p>\n<h2 style=\"text-align: justify\">I. CLAPVI<\/h2>\n<p style=\"text-align: justify\"><strong>1. Direcci\u00f3n. <\/strong> Carrera 30 A, N\u00ba 24-81 &#8211; Barrio Gran Am\u00e9rica &#8211; Santaf\u00e9 de Bogot\u00e1 Colombia.<\/p>\n<p style=\"text-align: justify\"><strong>2. Descripci\u00f3n del organismo<\/strong>. CLAPVI, fundada el 24 de Septiembre de 1971, es una organizaci\u00f3n que ofrece un servicio permanente de orientaci\u00f3n, animaci\u00f3n y coordinaci\u00f3n de las actividades vicencianas. Ofrece a sus afiliados soluciones para problemas comunes, ayuda mutua y fortalecimiento de la unidad y fraternidad interprovinciales. CLAPVI est\u00e1 constituida por las provincias, vice-provincias y \u00abdelegaciones&gt; de provincias que trabajan en Am\u00e9rica Latina.<\/p>\n<p style=\"text-align: justify\"><strong>3. Objetivos.<\/strong> El objetivo general de CLAPVI es actualizar el carisma de San Vicente en todas nuestras actividades dentro del contexto actual de Am\u00e9rica Latina. Se lleva esto a cabo por medio de los siguientes objetivos espec\u00edficos:<\/p>\n<ul style=\"text-align: justify\">\n<li>Renovaci\u00f3n interior y formaci\u00f3n permanente de sus miembros.<\/li>\n<li>Adecuaci\u00f3n de las actividades apost\u00f3licas a los fines de la Congregaci\u00f3n de la Misi\u00f3n, como est\u00e1n definidos en las Constituciones y Estatutos<\/li>\n<li>B\u00fasqueda de l\u00edneas comunes de formaci\u00f3n y acci\u00f3n.<\/li>\n<li>Intercambio de experiencias en los diversos sectores de actividades, pastorales, vocacionales y de formaci\u00f3n vicencianas.<\/li>\n<li>Determinaci\u00f3n de criterios comunes de interpretaci\u00f3n y de aplicaci\u00f3n de las disposiciones de la Iglesia y de la Curia General a la realidad latinoamericana.<\/li>\n<li>Creaci\u00f3n de una conciencia comunitaria latinoamericana.<\/li>\n<li>Desarrollo de la colaboraci\u00f3n interprovincial.<\/li>\n<li>Promoci\u00f3n de encuentros entre las Provincias. Pueden tambi\u00e9n ser invitados miembros de otras comunidades o asociaciones laicas de esp\u00edritu vicenciano.<\/li>\n<\/ul>\n<p style=\"text-align: justify\"><strong>4. Miembros. <\/strong> Son miembros todos los cohermanos incorporados de las Provincias, Viceprovincias y \u00abDelegaciones\u00bb de Provincias, mencionadas anteriormente. Son miembros \u00abrepresentantes\u00bb de CLAPVI los Visitadores, Vice-visitadores latinoamericanos y los miembros de la comunidad que representen a las \u00abDelegaciones\u00bb de Provincias, o sus sustitutos, el Secretario Ejecutivo de la Conferencia y, cuando la Asamblea General de CLAPVI coincide con la de la C.M., los delegados latinoamericanos que participan con derecho de voz y voto.<\/p>\n<p style=\"text-align: justify\">CLAPVI es administrada por dos organismos, por una parte la <em>Asamblea General<\/em> que se re\u00fane ordinariamente cada tres a\u00f1os y extraordinariamente cuando lo exigen razones de importancia, y por otra parte, por el <em>Consejo Ejecutivo<\/em>, que se re\u00fane una vez entre las Asambleas Generales ordinarias.<\/p>\n<p style=\"text-align: justify\"><strong>5. Actividades organizadas. <\/strong> De 1974 a 1979 han tenido lugar seis sesiones interprovinciales de renovaci\u00f3n espiritual con una duraci\u00f3n entre 4 a 6 semanas. Desde 1980 los encuentros interprovinciales, de unos 10 d\u00edas de duraci\u00f3n, y generalmente abiertos a toda la Familia Vicenciana, han sido unos 22 organizados en diversos pa\u00edses de Am\u00e9rica Latina. Se ha buscado siempre la profundizaci\u00f3n doctrinal y la fraternidad. En el encuentro realizado en M\u00e9xico en 1994 se organiz\u00f3 tambi\u00e9n una misi\u00f3n en dos parroquias, con 45 centros, de 10 d\u00edas de duraci\u00f3n, en la que participaron 80 miembros de la Familia Vicentina Latinoamericana.<\/p>\n<p style=\"text-align: justify\">6. <strong>Publicaci\u00f3n. <\/strong> La revista CLAPVI, que comenz\u00f3 en 1973, ha publicado ya 99 n\u00fameros.<\/p>\n<p style=\"text-align: justify\">Su contenido es eclesial, vicentino y latinoamericano, buscando la unidad de la Congregaci\u00f3n desde las Provincias de Am\u00e9rica Latina. El Secretario Ejecutivo de CLAPVI es el responsable de la revista y act\u00faa siempre en colaboraci\u00f3n con el Consejo Ejecutivo, al que representa, y pide siempre su participaci\u00f3n a la Curia General y a las provincias de Am\u00e9rica Latina.<\/p>\n<h2 style=\"text-align: justify\">II. CEVCO. Comisi\u00f3n de Estudios Vicentinos de Colombia<\/h2>\n<p style=\"text-align: justify\">1. <strong>Direcci\u00f3n. <\/strong> Seminario Mayor Villa Pa\u00fal &#8211; Calle 15, N\u00ba 19 A &#8211; 96 Funza (Cundinarmarca) &#8211; Colombia.<\/p>\n<p style=\"text-align: justify\"><strong>2. Descripci\u00f3n del organismo.<\/strong> La CEVCO, que a trav\u00e9s del tiempo ha tenido diversos nombres y siglas, naci\u00f3 en 1977. Est\u00e1 formada por un grupo de misioneros Vicentinos de Colombia que se propone profundizar en el estudio de la persona, los escritos y la espiritualidad de San Vicente y procurar su divulgaci\u00f3n.<\/p>\n<p style=\"text-align: justify\"><strong>3. Objetivos. <\/strong> Los objetivos que se propone la CEVCO son:<\/p>\n<ul style=\"text-align: justify\">\n<li>Estudiar a San Vicente y su influencia hist\u00f3rica a la luz de la realidad actual y del magisterio de la Iglesia, como forma propia de impregnarnos de su esp\u00edritu (Cf. Const. C.M. 50).<\/li>\n<li>Ayudar a la animaci\u00f3n de nuestra misi\u00f3n apost\u00f3lica en la Provincia, de acuerdo con nuestro carisma y con el Visitador Provincial.<\/li>\n<li>Irradiar en la Familia Vicentina y fuera de ella los frutos de sus investigaciones y estudios.<\/li>\n<\/ul>\n<p style=\"text-align: justify\"><strong>4. Miembros. <\/strong> Pertenecen a CEVCO el Visitador, agente principal de la animaci\u00f3n vicentina en la Provincia, y los miembros de la provincia de Colombia que soliciten por escrito formar parte y que son aceptados por la Comisi\u00f3n. Actualmente son 10.<\/p>\n<p style=\"text-align: justify\"><strong>5. Actividades organizadas.<\/strong><\/p>\n<ul style=\"text-align: justify\">\n<li>Elaborar proyectos, a corto y largo plazo, para obtener el logro de los objetivos.<\/li>\n<li>Reunirse por lo menos dos veces al a\u00f1o y presentar los resultados de los trabajos.<\/li>\n<li>Informar sobre los trabajos realizados y responsabilizarse de la edici\u00f3n de \u00abCuadernos Vicentinos&gt; u otras publicaciones.<\/li>\n<li>Promover peri\u00f3dicamente la realizaci\u00f3n de Congresos y Encuentros con miras a la difusi\u00f3n del carisma vicentino. (Un \u00abCongreso&gt; es la reuni\u00f3n de representantes de la Familia Vicentina para buscar en com\u00fan, y a la luz de San Vicente, criterios doctrinales que refuercen el apostolado; para compartir experiencias y estrechar lazos de fraternidad. Un Encuentro es la reuni\u00f3n de Misioneros Vicentinos e Hijas de la Caridad, para el estudio y profundizaci\u00f3n sobre temas espec\u00edficos y de inter\u00e9s com\u00fan). La organizaci\u00f3n de estas reuniones se hace alternando : un a\u00f1o, el estudio en CEVCO; el siguiente el Congreso; y el a\u00f1o despu\u00e9s el Encuentro.<\/li>\n<\/ul>\n<p style=\"text-align: justify\"><strong>6. Publicaci\u00f3n.<\/strong> Con cierta frecuencia se realizan trabajos para su publicaci\u00f3n en \u00abCuadernos Vicentinos&gt; o en la Colecci\u00f3n Cevi.<\/p>\n<h2 style=\"text-align: justify\">III. CAVI. Centro de Animaci\u00f3n Vicentina (Per\u00fa)<\/h2>\n<p style=\"text-align: justify\">1. <strong>Direcci\u00f3n. <\/strong> Jr. M\u00e1rtir Olaya N\u00ba 280 &#8211; Apartado 18-0466 &#8211; Lima 18 &#8211; Per\u00fa<\/p>\n<p style=\"text-align: justify\"><strong>2. Descripci\u00f3n del organismo. <\/strong>CAVI fue creado en 1988 por el Visitador de la Provincia de Per\u00fa y su Consejo para promover la espiritualidad vicentina por medio de un cierto n\u00famero de actividades permanentes y eventuales.<\/p>\n<p style=\"text-align: justify\"><strong>3. Objetivos. <\/strong><\/p>\n<ul style=\"text-align: justify\">\n<li>Promover la formaci\u00f3n permanente vicentina de los miembros de la provincia as\u00ed como de los movimientos y congregaciones vicentinas.<\/li>\n<li>Facilitar a los miembros de los movimientos y congregaciones vicentinas material para su formaci\u00f3n espiritual y misionera.<\/li>\n<li>Compartir criterios sobre espiritualidad vicentina y para la pastoral misionera.<\/li>\n<li>Favorecer la integraci\u00f3n de la Familia Vicentina.<\/li>\n<\/ul>\n<p style=\"text-align: justify\"><strong>4. Miembros.<\/strong> Son todos los que pertenecen a las Congregaciones y Movimientos Vicentinos representados por una Comisi\u00f3n integrada por el P. Visitador, dos miembros del Consejo Provincial, el Director del CAVI y el ex-Director del mismo.<\/p>\n<p style=\"text-align: justify\"><strong>5. Actividades organizadas.<\/strong><\/p>\n<ul style=\"text-align: justify\">\n<li>Jornadas de Espiritualidades Vicentina (mensual)<\/li>\n<li>Semana de Estudios Vicentinos (anual)<\/li>\n<li>Retiro de Laicos Vicentinos (cuatro durante el a\u00f1o)<\/li>\n<li>Encuentro Juvenil Vicentino (anual)<\/li>\n<li>Festival de la Canci\u00f3n Vicentina &#8211; Concurso de murales (anual)<\/li>\n<li>Jornadas y Congreso de Ac\u00f3litos Vicentinos (anual)<\/li>\n<li>La Coordinaci\u00f3n Vicentina del Per\u00fa, integrada por delegados de las Congregaciones Movimientos Vicentinos que trabajan en el pa\u00eds. Preparan todos los a\u00f1os la Fiesta de San Vicente de Pa\u00fal<\/li>\n<\/ul>\n<p style=\"text-align: justify\"><strong>6. Publicaci\u00f3n. <\/strong>Diversas publicaciones ocasionales.<\/p>\n<p style=\"text-align: justify\">Manual Lit\u00fargico (Movimiento de Ac\u00f3litos Vicentinos); AIC Voluntariado Vicentino.; Testigos de Cristo (Fichas de Confirmaci\u00f3n); Testigos de Cristo (Libro del Catequista); Mar\u00eda: camino y oraci\u00f3n; Rosario de la Paz; etc.<\/p>\n<h2 style=\"text-align: justify\">IV. CAVIM. Centro de Animaci\u00f3n Vicentina y Misionera<\/h2>\n<p style=\"text-align: justify\"><strong> 1. Direcci\u00f3n. <\/strong>Casilla 14673 &#8211; Correo 21 &#8211; Alameda Bernardo O\u2019Higgins 1632 &#8211; Santiago &#8211; Chile.<\/p>\n<p style=\"text-align: justify\"><strong>2. Descripci\u00f3n del organismo. <\/strong> CAVIM fue creado por la provincia de Chile el 20 de Enero de 1998. Su fin es animar, coordinar y organizar las actividades de espiritualidad vicentina y misionera en la Provincia que se caracteriza por su trabajo en zonas rurales y marginadas.<\/p>\n<p style=\"text-align: justify\"><strong>3. Objetivos<\/strong><\/p>\n<ul style=\"text-align: justify\">\n<li>Animar la vida y apostolado misionero de los miembros de la provincia de Chile en continuidad con el Proyecto Provincial.<\/li>\n<li>Ayudar en la organizaci\u00f3n de actividades y en la profundizaci\u00f3n de la espiritualidad Vicentina y de las celebraciones de la Familia Vicentina.<\/li>\n<li>Implementar progresivamente la formaci\u00f3n y capacitaci\u00f3n de los misioneros laicos en nuestras obras.<\/li>\n<li>Coordinar y desarrollar las misiones que la Provincia asume como su responsabilidad.<\/li>\n<\/ul>\n<p style=\"text-align: justify\"><strong>4. Miembros.<\/strong> El Centro est\u00e1 dirigido por una comisi\u00f3n de cuatro miembros de la Provincia que se re\u00fanen cada dos meses.<\/p>\n<p style=\"text-align: justify\"><strong>5. Actividades organizadas<\/strong><\/p>\n<ul style=\"text-align: justify\">\n<li>Animaci\u00f3n y motivaci\u00f3n de los miembros de la Provincia de Chile.<\/li>\n<li>Organizaci\u00f3n de las principales fiestas de la Familia Vicenciana.<\/li>\n<li>Apoyo de las obras de la Congregaci\u00f3n de la Misi\u00f3n en la formaci\u00f3n de los misioneros laicos.<\/li>\n<li>En el futuro se ver\u00e1 la coordinaci\u00f3n con los otros miembros de la Familia Vicentina.<\/li>\n<\/ul>\n<p style=\"text-align: justify\"><strong>6. Publicaciones. <\/strong>Por el momento, un simple apartado en el bolet\u00edn provincial.<\/p>\n<h2 style=\"text-align: justify\">V. V.S.I. Instituto de Estudios Vicencianos (Estados Unidos)<\/h2>\n<p style=\"text-align: justify\"><strong>1. Direcci\u00f3n. <\/strong> 2233 N. Kenmore Ave. &#8211; Chicago, IL 60614-3594 &#8211; Estados unidos<\/p>\n<p style=\"text-align: justify\"><strong>2. Descripci\u00f3n del organismo.<\/strong> El Instituto de Estudios Vicencianos de los Estados Unidos fue fundado en 1979. Su misi\u00f3n es \u00abpromover el inter\u00e9s por la \u00abHerencia Vicenciana&gt;. El Instituto est\u00e1 co-patrocinado por las 5 provincias de la Congregaci\u00f3n de la Misi\u00f3n y las 5 de las Hijas de la Caridad en Estados Unidos.<\/p>\n<p style=\"text-align: justify\"><strong>3. Objetivos<\/strong><\/p>\n<ul style=\"text-align: justify\">\n<li>Animar, apoyar y coordinar la investigaci\u00f3n fundamental de la vida, de la espiritualidad y de la historia vicencianas.<\/li>\n<li>Compartir los resultados por medio de la publicaci\u00f3n peri\u00f3dica de la revista \u00abVincentian Heritage&gt;, as\u00ed como por otros tipos de publicaciones y otros medios como seminarios, talleres y semanas de estudios.<\/li>\n<li>Promover en la Familia Vicenciana el inter\u00e9s por la herencia vicenciana de forma que desarrolle y refuerce su integraci\u00f3n en la vida vicenciana de hoy, en su ministerio y en su colaboraci\u00f3n.<\/li>\n<\/ul>\n<p style=\"text-align: justify\"><strong>4. Miembros. <\/strong> El V.S.I. est\u00e1 formado por miembros de la Congregaci\u00f3n de la Misi\u00f3n y las Hijas de la Caridad, as\u00ed como un laico encargado de las publicaciones.<\/p>\n<p style=\"text-align: justify\"><strong>5. Actividades organizadas. <\/strong><\/p>\n<ul style=\"text-align: justify\">\n<li>Publicaci\u00f3n de la revista \u00abVincentian Heritage\u00bb, de monograf\u00edas anuales, as\u00ed como otros libros.<\/li>\n<li>Organizaci\u00f3n de simposios a nivel nacional<\/li>\n<li>El VSI tiene un departamento de herencia vicenciana en colaboraci\u00f3n con la biblioteca de nuestra Universidad DePaul, en Chicago, para procurar libros, cartas, posters y diverso material de car\u00e1cter art\u00edstico.<\/li>\n<\/ul>\n<p style=\"text-align: justify\"><strong>6. Publicaci\u00f3n. <\/strong> La revista bianual \u00abVincentian Heritage\u00bb<\/p>\n<h2 style=\"text-align: justify\">VI. MEGVIS. Grupo de Europa Central para los Estudios Vicencianos<\/h2>\n<p style=\"text-align: justify\">1. <strong>Direcci\u00f3n. <\/strong> Vincenz-von-Paul Gymnasium &#8211; D54591 Pr\u00fcm &#8211; Allemagne<\/p>\n<p style=\"text-align: justify\">2. <strong>Descripci\u00f3n del organismo. <\/strong> El MEGVIS fue creado por las provincias C.M. de los Pa\u00edses Bajos y Alemania para realizar estudios en el campo vicenciano.<\/p>\n<p style=\"text-align: justify\"><strong>3. <\/strong><strong>Objetivos.<\/strong><\/p>\n<ul style=\"text-align: justify\">\n<li>Estudiar las comunidades vicencianos, especialmente en Europa Central.<\/li>\n<li>Estudiar las ideas vicencianas y su aplicaci\u00f3n en el mundo germano.<\/li>\n<li>Estudiar la historia y experiencia de las comunidades vicencianas en los pa\u00edses de la antigua Europa Comunista.<\/li>\n<\/ul>\n<p style=\"text-align: justify\">4. <strong>Miembros. <\/strong> Pertenecen a MEGVIS: Los miembros de las provincias C.M. de los Pa\u00edses Bajos, Alemania, Austria, Hungr\u00eda y Eslovaquia; las Hijas de la Caridad y los Hermanas miembros de la Federaci\u00f3n de Hermanas de la Caridad y los miembros de las Conferencias de San Vicente de Pa\u00fal y la AIC de dichos pa\u00edses.<\/p>\n<p style=\"text-align: justify\"><strong>5. Actividades organizadas. <\/strong>Hay un encuentro anual de dos d\u00edas de duraci\u00f3n en Insbruck, Salsburgo, Augsburgo o Untermachtal en la primera semana despu\u00e9s de Pascua y en el que participan unos 70 miembros de la Familia Vicenciana.<\/p>\n<p style=\"text-align: justify\">6. <strong>Publicaciones. <\/strong> La revista MEGVIS, as\u00ed como diversos libros.<\/p>\n<h2 style=\"text-align: justify\">VII. GRAV. Grupo de Investigaci\u00f3n y de animaci\u00f3n Vicenciana (Francia)<\/h2>\n<p style=\"text-align: justify\">1. <strong>Direcci\u00f3n. <\/strong> 95, rue de S\u00e8vres &#8211; 75006 Par\u00eds &#8211; Francia<\/p>\n<p style=\"text-align: justify\"><strong>2. Descripci\u00f3n del organismo. <\/strong> El GRAV, fundado en 1993, bajo la responsabilidad del Consejo interprovincial de las Provincias C.M. de Par\u00eds y Toulouse. Est\u00e1 compuesto por miembros de la Congregaci\u00f3n de la Misi\u00f3n y de las Hijas de la Caridad y abierto a otros miembros de a Familia Vicenciana. Se re\u00fane dos veces al a\u00f1o.<\/p>\n<p style=\"text-align: justify\"><strong>3. Objetivos. <\/strong>Su fin principal es promover, la experiencia espiritual vicenciana en sus fuentes, sus expresiones literarias y sus realizaciones en lengua francesa. Para ello desarrolla su acci\u00f3n en los dos campos siguientes:<\/p>\n<ul style=\"text-align: justify\">\n<li><em>La investigaci\u00f3n:<\/em> estudiar la obra de San Vicente y sus herederos en la historia, en la doctrina y en la espiritualidad.<\/li>\n<li><em>La animaci\u00f3n <\/em>: suscitar y difundir las publicaciones vicencianas en lengua francesa. Informar sobre lo que existe y lo que se prepara. Para ello utiliza los medios modernos (v\u00eddeo, disquetes, CD ROM, etc.)<\/li>\n<\/ul>\n<p style=\"text-align: justify\"><strong>4. Miembros.<\/strong> Hay 14 \u00abmiembros permanentes&gt;: los Visitadores de las dos provincias de Francia, m\u00e1s nueve cohermanos y tres Hijas de la Caridad. Hay tambi\u00e9n un Consejo compuesto por tres cohermanos y una Hija de la Caridad.<\/p>\n<p style=\"text-align: justify\"><strong>5. Actividades organizadas.<\/strong><\/p>\n<ul style=\"text-align: justify\">\n<li>Informaci\u00f3n mutua sobre los trabajos en curso.<\/li>\n<li>Acogida de propuestas de investigaci\u00f3n, de realizaci\u00f3n (canonizaci\u00f3n de Juan Gabriel Perboyre), carta de Francisco Regis Clet.<\/li>\n<\/ul>\n<h2 style=\"text-align: justify\">VIII. GAV. Grupo de Animaci\u00f3n Vicenciana (Italia)<\/h2>\n<p style=\"text-align: justify\"><strong>1. Direcci\u00f3n. <\/strong>La de su presidente actual, el P. Biaggio Falco, C.M., Via Imbriali 310 &#8211; 70052 Bisceglie (BA) &#8211; Italia.<\/p>\n<p style=\"text-align: justify\"><strong>2. Descripci\u00f3n del organismo. <\/strong> El GAV, fundado en 1974, es el organismo italiano de estudios y animaci\u00f3n vicenciana. Forman parte las tres provincias C.M., las cinco provincias de Hijas de la Caridad, las Hermanas de la Caridad de San Juana Antida Turet, la AIC (GGVV) y la Juventud Mariana del pa\u00eds.<\/p>\n<p style=\"text-align: justify\"><strong>3. <\/strong> <strong>Objetivos.<\/strong> Su objetivo es animar a las comunidades y a las provincias italianas por medio de encuentros, coloquios, \u00abescuela vicenciana\u00bb, estudios, libros, art\u00edculos y n\u00fameros especiales de revistas y por informaciones sobre las iniciativas y publicaciones de car\u00e1cter hist\u00f3rico o espiritual en el campo vicenciano.<\/p>\n<p style=\"text-align: justify\"><strong>4. Miembros. <\/strong> Los representantes de las diferentes entidades mencionadas m\u00e1s arriba.<\/p>\n<p style=\"text-align: justify\"><strong>5. Actividades organizadas.<\/strong><\/p>\n<ul style=\"text-align: justify\">\n<li>Coloquios o jornadas de estudio en el campo de la historia y de la espiritualidad vicencianos abiertos a toda la Familia Vicenciana.<\/li>\n<li>Retiros para la Familia Vicenciana.<\/li>\n<li>\u00abItinerarios Vicencianos\u00bb o encuentros de 4 \u00f3 5 d\u00edas dedicados al estudio, oraci\u00f3n y a la vida fraterna.<\/li>\n<li>La preparaci\u00f3n de material de formaci\u00f3n y de divulgaci\u00f3n (libretos, im\u00e1genes, diapositivas, etc.).<\/li>\n<\/ul>\n<p style=\"text-align: justify\"><strong>6. Publicaci\u00f3n.<\/strong> Se publican n\u00fameros especiales en revistas \u00abAnales de la Misi\u00f3n\u00bb y \u00abMisi\u00f3n Vicenciana\u00bb.<\/p>\n<h2 style=\"text-align: justify\">IX. Semanas de Estudios Vicencianos (Salamanca, Espa\u00f1a)<\/h2>\n<p style=\"text-align: justify\"><strong>1. Direcci\u00f3n. <\/strong> PP Pa\u00fales &#8211; Carretera de Madrid, 14 &#8211; 37900 Santa Marta de Tornes &#8211; Espa\u00f1a.<\/p>\n<p style=\"text-align: justify\"><strong>2. Descripci\u00f3n del organismo. <\/strong> Las Semanas de Estudios Vicencianos de Salamanca, que comenzaron en 1972, no son un \u00aborganismo\u00bb propiamente dicho. Se trata de sesiones anuales de formaci\u00f3n vicenciana durante una semana. Pero, dada la importancia de su contribuci\u00f3n a la reflexi\u00f3n y a la animaci\u00f3n vicenciana y los numerosos libros editados como consecuencia de las mismas, encuentran aqu\u00ed su lugar.<\/p>\n<p style=\"text-align: justify\">Estas \u00abSemanas\u00bb son organizadas por la Provincia C.M. de Salamanca, con la participaci\u00f3n de todas las provincias de la Congregaci\u00f3n de la Misi\u00f3n y de las Hijas de la Caridad de Espa\u00f1a que la apoyan como medio de formaci\u00f3n permanente para sus miembros.<\/p>\n<p style=\"text-align: justify\"><strong>3. Objetivos<\/strong><\/p>\n<ul style=\"text-align: justify\">\n<li>Difusi\u00f3n y profundizaci\u00f3n de los estudios vicencianos.<\/li>\n<li>Formaci\u00f3n permanente de los cohermanos, Hijas de la Caridad y laicado vicenciano.<\/li>\n<\/ul>\n<p style=\"text-align: justify\"><strong>4. Miembros. <\/strong> Un cohermano est\u00e1 encargado de organizar las \u00abSemanas\u00bb con la ayuda de una delegada de cada Provincia de Hijas de la Caridad. Las \u00abSemanas de Estudios Vicencianas\u00bb desde su comienzo han sido organizadas anualmente todos los a\u00f1os, con excepci\u00f3n de dos.<\/p>\n<p style=\"text-align: justify\"><strong>5. Publicaci\u00f3n. <\/strong>Las conferencias e intervenciones de estas \u00abSemanas\u00bb las publica cada a\u00f1o ediciones CEME que pertenece a nuestros cohermanos de Salamanca. Han sido publicados hasta la fecha un total de 23 libros sobre la espiritualidad y el carisma vicenciano.<\/p>\n<h2 style=\"text-align: justify\">X. Secretariado Internacional de Estudios Vicencianos<\/h2>\n<p style=\"text-align: justify\"><strong>1. Direcci\u00f3n. <\/strong> Curia General &#8211; Congregaci\u00f3n de la Misi\u00f3n &#8211; Via dei Capasso, 30 &#8211; 00164 Roma &#8211; Italia.<\/p>\n<p style=\"text-align: justify\"><strong>2. Descripci\u00f3n del organismo. <\/strong> El SIEV es un organismo internacional de estudios y de animaci\u00f3n vicenciana patrocinado por la Curia General. Fue fundado despu\u00e9s de la Asamblea General de 1980 que expres\u00f3 el deseo de la creaci\u00f3n de un organismo internacional para coordinar las esfuerzos de los organismos provinciales o interprovinciales de estudios y de animaci\u00f3n vicencianas y para poner en com\u00fan las investigaciones sobre los estudios vicencianos. El SIEV tiene una reuni\u00f3n anual.<\/p>\n<p style=\"text-align: justify\"><strong>3. Objetivos. <\/strong> Tiene por objetivo animar, informar y promover todo lo referente a los estudios vicencianos. Es enlace entre los organismos provinciales e interprovinciales de la Congregaci\u00f3n y de las Hijas de la Caridad.<\/p>\n<p style=\"text-align: justify\">En los primeros a\u00f1os el SIEV a\u00f1os ten\u00eda como fin, sobre todo, la promoci\u00f3n de los estudios vicencianos en plan te\u00f3rico, mientras que en estos \u00faltimos a\u00f1os se ha a\u00f1adido una dimensi\u00f3n pastoral con vistas a una reflexi\u00f3n sobre la puesta en pr\u00e1ctica del carisma vicenciano, como, por ejemplo, cuando ha organizado el \u00abMes Vicenciano\u00bb sobre las Misiones Populares.<\/p>\n<p style=\"text-align: justify\"><strong>4. Miembros. <\/strong> El SIEV actualmente est\u00e1 compuestos por 6 miembros de la Congregaci\u00f3n, que aseguran la participaci\u00f3n de diversas lenguas. Est\u00e1 animado por un Secretario Ejecutivo. Los miembros son nombrados por el Superior General por 6 a\u00f1os, renovables por 3 m\u00e1s. Uno de ellos es el delegado de la Curia General.<\/p>\n<p style=\"text-align: justify\">En las provincias o grupos de provincias hay tambi\u00e9n \u00abmiembros corresponsales\u00bb que hacen de lazo de uni\u00f3n entre el SIEV y sus provincias e informan sobre todo lo relativo a los estudios vicencianos a nivel local o regional.<\/p>\n<p style=\"text-align: justify\"><strong>5. Actividades organizadas.<\/strong><\/p>\n<ul style=\"text-align: justify\">\n<li>Hace la recopilaci\u00f3n de todos los estudios vicencianos existentes y promueve nuevos.<\/li>\n<li>Proporciona instrumentos de trabajo concretos para la formaci\u00f3n vicenciana, como por ejemplo, una bibliograf\u00eda vicenciana de base en los tres idiomas espa\u00f1ol, franc\u00e9s e ingl\u00e9s, con vistas a nuestros estudiantes.<\/li>\n<li>Organiza coloquios o sesiones de formaci\u00f3n vicenciana a nivel internacional, como los \u00abMeses Vicencianos\u00bb o la pr\u00f3xima \u00absesi\u00f3n sobre el Islam\u00bb.<\/li>\n<li>Patrocina la publicaci\u00f3n de una bibliograf\u00eda vicenciana lo m\u00e1s completa posible, de la que una parte est\u00e1 a punto de ser publicada en un CD ROM y en nuestro sitio Internet.<\/li>\n<li>Patrocina la publicaci\u00f3n en CD ROM de textos vicencianos en todos los idiomas, as\u00ed como en Internet.<\/li>\n<li>Ha creado archivos informatizados de im\u00e1genes vicencianas.<\/li>\n<li>Recopila los documentos de la Santa Sede dirigidos a la Familia Vicenciana desde 1876, fecha de la \u00faltima publicaci\u00f3n, hasta nuestros d\u00edas.<\/li>\n<\/ul>\n<p style=\"text-align: justify\">6. <strong>Publicaci\u00f3n.<\/strong> Publica art\u00edculos o patrocina n\u00fameros especiales en Vincentiana.<\/p>\n","protected":false},"excerpt":{"rendered":"<p>La Asamblea General de 1980 pidi\u00f3 que \u00abCada Provincia o grupo de Provincias tenga una organizaci\u00f3n propia para la promoci\u00f3n de estudios fundamentales y su divulgaci\u00f3n (San Vicente, Santa Luisa, historia de la compa\u00f1\u00eda, etc). &#8230; <a href=\"http:\/\/vincentians.com\/es\/organismos-de-estudios-y-de-animacion-vicenciana\/\" class=\"more-link\">Read More<\/a><\/p>\n","protected":false},"author":4,"featured_media":31231,"comment_status":"open","ping_status":"open","sticky":false,"template":"","format":"standard","meta":{"jetpack_post_was_ever_published":false,"_jetpack_newsletter_access":"","_jetpack_dont_email_post_to_subs":false,"_jetpack_newsletter_tier_id":0,"_jetpack_memberships_contains_paywalled_content":false,"_jetpack_memberships_contains_paid_content":false,"footnotes":"","jetpack_publicize_message":"","jetpack_publicize_feature_enabled":true,"jetpack_social_post_already_shared":true,"jetpack_social_options":{"image_generator_settings":{"template":"highway","default_image_id":0,"font":"","enabled":false},"version":2}},"categories":[16],"tags":[176,196],"class_list":["post-31227","post","type-post","status-publish","format-standard","has-post-thumbnail","hentry","category-congregacion-de-la-mision","tag-misiones-populares","tag-perboyre"],"yoast_head":"<!-- This site is optimized with the Yoast SEO plugin v26.3 - https:\/\/yoast.com\/wordpress\/plugins\/seo\/ -->\n<title>Organismos de estudios y de animaci\u00f3n vicenciana - Somos Vicencianos<\/title>\n<meta name=\"robots\" content=\"index, follow, max-snippet:-1, max-image-preview:large, max-video-preview:-1\" \/>\n<link rel=\"canonical\" href=\"http:\/\/vincentians.com\/es\/organismos-de-estudios-y-de-animacion-vicenciana\/\" \/>\n<meta property=\"og:locale\" content=\"es_ES\" \/>\n<meta property=\"og:type\" content=\"article\" \/>\n<meta property=\"og:title\" content=\"Organismos de estudios y de animaci\u00f3n vicenciana - Somos Vicencianos\" \/>\n<meta property=\"og:description\" content=\"La Asamblea General de 1980 pidi\u00f3 que \u00abCada Provincia o grupo de Provincias tenga una organizaci\u00f3n propia para la promoci\u00f3n de estudios fundamentales y su divulgaci\u00f3n (San Vicente, Santa Luisa, historia de la compa\u00f1\u00eda, etc). ... Read More\" \/>\n<meta property=\"og:url\" content=\"http:\/\/vincentians.com\/es\/organismos-de-estudios-y-de-animacion-vicenciana\/\" \/>\n<meta property=\"og:site_name\" content=\"Somos Vicencianos\" \/>\n<meta property=\"article:publisher\" content=\"https:\/\/www.facebook.com\/WeAreVincentians\/\" \/>\n<meta property=\"article:author\" content=\"https:\/\/www.facebook.com\/JavierChento\" \/>\n<meta property=\"article:published_time\" content=\"2014-03-12T07:37:32+00:00\" \/>\n<meta property=\"article:modified_time\" content=\"2016-07-26T07:44:33+00:00\" \/>\n<meta name=\"author\" content=\"Francisco Javier Fern\u00e1ndez Chento\" \/>\n<meta name=\"twitter:card\" content=\"summary_large_image\" \/>\n<meta name=\"twitter:creator\" content=\"@https:\/\/twitter.com\/javierchento\" \/>\n<meta name=\"twitter:site\" content=\"@WeVincentians\" \/>\n<meta name=\"twitter:label1\" content=\"Escrito por\" \/>\n\t<meta name=\"twitter:data1\" content=\"Francisco Javier Fern\u00e1ndez Chento\" \/>\n\t<meta name=\"twitter:label2\" content=\"Tiempo de lectura\" \/>\n\t<meta name=\"twitter:data2\" content=\"17 minutos\" \/>\n<script type=\"application\/ld+json\" class=\"yoast-schema-graph\">{\"@context\":\"https:\/\/schema.org\",\"@graph\":[{\"@type\":\"Article\",\"@id\":\"http:\/\/vincentians.com\/es\/organismos-de-estudios-y-de-animacion-vicenciana\/#article\",\"isPartOf\":{\"@id\":\"http:\/\/vincentians.com\/es\/organismos-de-estudios-y-de-animacion-vicenciana\/\"},\"author\":{\"name\":\"Francisco Javier Fern\u00e1ndez Chento\",\"@id\":\"http:\/\/vincentians.com\/es\/#\/schema\/person\/9623ef4d9aa3b2dfb8c061f1499288f2\"},\"headline\":\"Organismos de estudios y de animaci\u00f3n vicenciana\",\"datePublished\":\"2014-03-12T07:37:32+00:00\",\"dateModified\":\"2016-07-26T07:44:33+00:00\",\"mainEntityOfPage\":{\"@id\":\"http:\/\/vincentians.com\/es\/organismos-de-estudios-y-de-animacion-vicenciana\/\"},\"wordCount\":3483,\"commentCount\":0,\"publisher\":{\"@id\":\"http:\/\/vincentians.com\/es\/#organization\"},\"image\":{\"@id\":\"http:\/\/vincentians.com\/es\/organismos-de-estudios-y-de-animacion-vicenciana\/#primaryimage\"},\"thumbnailUrl\":\"\",\"keywords\":[\"Misiones Populares\",\"Perboyre\"],\"articleSection\":[\"Congregaci\u00f3n de la Misi\u00f3n\"],\"inLanguage\":\"es\",\"potentialAction\":[{\"@type\":\"CommentAction\",\"name\":\"Comment\",\"target\":[\"http:\/\/vincentians.com\/es\/organismos-de-estudios-y-de-animacion-vicenciana\/#respond\"]}]},{\"@type\":\"WebPage\",\"@id\":\"http:\/\/vincentians.com\/es\/organismos-de-estudios-y-de-animacion-vicenciana\/\",\"url\":\"http:\/\/vincentians.com\/es\/organismos-de-estudios-y-de-animacion-vicenciana\/\",\"name\":\"Organismos de estudios y de animaci\u00f3n vicenciana - Somos Vicencianos\",\"isPartOf\":{\"@id\":\"http:\/\/vincentians.com\/es\/#website\"},\"primaryImageOfPage\":{\"@id\":\"http:\/\/vincentians.com\/es\/organismos-de-estudios-y-de-animacion-vicenciana\/#primaryimage\"},\"image\":{\"@id\":\"http:\/\/vincentians.com\/es\/organismos-de-estudios-y-de-animacion-vicenciana\/#primaryimage\"},\"thumbnailUrl\":\"\",\"datePublished\":\"2014-03-12T07:37:32+00:00\",\"dateModified\":\"2016-07-26T07:44:33+00:00\",\"breadcrumb\":{\"@id\":\"http:\/\/vincentians.com\/es\/organismos-de-estudios-y-de-animacion-vicenciana\/#breadcrumb\"},\"inLanguage\":\"es\",\"potentialAction\":[{\"@type\":\"ReadAction\",\"target\":[\"http:\/\/vincentians.com\/es\/organismos-de-estudios-y-de-animacion-vicenciana\/\"]}]},{\"@type\":\"ImageObject\",\"inLanguage\":\"es\",\"@id\":\"http:\/\/vincentians.com\/es\/organismos-de-estudios-y-de-animacion-vicenciana\/#primaryimage\",\"url\":\"\",\"contentUrl\":\"\"},{\"@type\":\"BreadcrumbList\",\"@id\":\"http:\/\/vincentians.com\/es\/organismos-de-estudios-y-de-animacion-vicenciana\/#breadcrumb\",\"itemListElement\":[{\"@type\":\"ListItem\",\"position\":1,\"name\":\"Portada\",\"item\":\"http:\/\/vincentians.com\/es\/\"},{\"@type\":\"ListItem\",\"position\":2,\"name\":\"Organismos de estudios y de animaci\u00f3n vicenciana\"}]},{\"@type\":\"WebSite\",\"@id\":\"http:\/\/vincentians.com\/es\/#website\",\"url\":\"http:\/\/vincentians.com\/es\/\",\"name\":\"Somos Vicencianos\",\"description\":\"Know more to serve more\",\"publisher\":{\"@id\":\"http:\/\/vincentians.com\/es\/#organization\"},\"potentialAction\":[{\"@type\":\"SearchAction\",\"target\":{\"@type\":\"EntryPoint\",\"urlTemplate\":\"http:\/\/vincentians.com\/es\/?s={search_term_string}\"},\"query-input\":{\"@type\":\"PropertyValueSpecification\",\"valueRequired\":true,\"valueName\":\"search_term_string\"}}],\"inLanguage\":\"es\"},{\"@type\":\"Organization\",\"@id\":\"http:\/\/vincentians.com\/es\/#organization\",\"name\":\"The Vincentian Network\",\"url\":\"http:\/\/vincentians.com\/es\/\",\"logo\":{\"@type\":\"ImageObject\",\"inLanguage\":\"es\",\"@id\":\"http:\/\/vincentians.com\/es\/#\/schema\/logo\/image\/\",\"url\":\"https:\/\/i1.wp.com\/vincentians.com\/es\/wp-content\/uploads\/sites\/11\/2016\/06\/Vincentian-Network-logo-big.png?fit=778%2C778\",\"contentUrl\":\"https:\/\/i1.wp.com\/vincentians.com\/es\/wp-content\/uploads\/sites\/11\/2016\/06\/Vincentian-Network-logo-big.png?fit=778%2C778\",\"width\":778,\"height\":778,\"caption\":\"The Vincentian Network\"},\"image\":{\"@id\":\"http:\/\/vincentians.com\/es\/#\/schema\/logo\/image\/\"},\"sameAs\":[\"https:\/\/www.facebook.com\/WeAreVincentians\/\",\"https:\/\/x.com\/WeVincentians\"]},{\"@type\":\"Person\",\"@id\":\"http:\/\/vincentians.com\/es\/#\/schema\/person\/9623ef4d9aa3b2dfb8c061f1499288f2\",\"name\":\"Francisco Javier Fern\u00e1ndez Chento\",\"image\":{\"@type\":\"ImageObject\",\"inLanguage\":\"es\",\"@id\":\"http:\/\/vincentians.com\/es\/#\/schema\/person\/image\/\",\"url\":\"https:\/\/secure.gravatar.com\/avatar\/497d5cde87b4c3d097d0315953521681ba2cd523ee66e5077c3711f7021e65de?s=96&d=mm&r=g\",\"contentUrl\":\"https:\/\/secure.gravatar.com\/avatar\/497d5cde87b4c3d097d0315953521681ba2cd523ee66e5077c3711f7021e65de?s=96&d=mm&r=g\",\"caption\":\"Francisco Javier Fern\u00e1ndez Chento\"},\"description\":\"Director General y cofundador de La Red de Formaci\u00f3n Vicenciana. Javier es laico vicenciano, afiliado a la Congregaci\u00f3n de la Misi\u00f3n y miembro del Equipo de Misiones Populares de la provincia can\u00f3nica de Zaragoza (Espa\u00f1a) de la Congregaci\u00f3n de la Misi\u00f3n. Graduado en la Universidad Oberta de Catalunya con cuatro grados (Asistente de direcci\u00f3n, Gesti\u00f3n Administrativa, Recursos Humanos y Contabilidad Avanzada). Bil\u00edng\u00fce Espa\u00f1ol\/Ingl\u00e9s. gestiona y mantiene varias p\u00e1ginas web cristianas y vicencianas, incluida including La Red de Formaci\u00f3n Vicenciana, de la que es cofundador. Actualmente es responsable del \u00e1rea de Espa\u00f1ol de .famvin, la Red de Noticias de la Familia Vicenciana. Tambi\u00e9n es m\u00fasico cat\u00f3lico y ha editado varios discos. Es Director General y cofundador de Trovador, una reconocida compa\u00f1\u00eda discogr\u00e1fica critiana de Espa\u00f1a. Trabaja en las Tecnolog\u00edas de la Informaci\u00f3n, ofreciendo servicios de alojamiento, dise\u00f1o y mantenimiento Web, as\u00ed como asesoramiento, formaci\u00f3n y soluciones inform\u00e1ticas, gesti\u00f3n documental y digitalizaci\u00f3n de textos, edici\u00f3n y maquetaci\u00f3n de libros, revistas, flyers, etc.\",\"sameAs\":[\"http:\/\/chento.org\",\"https:\/\/www.facebook.com\/JavierChento\",\"https:\/\/x.com\/https:\/\/twitter.com\/javierchento\"],\"url\":\"http:\/\/vincentians.com\/es\/author\/chento\/\"}]}<\/script>\n<!-- \/ Yoast SEO plugin. -->","yoast_head_json":{"title":"Organismos de estudios y de animaci\u00f3n vicenciana - Somos Vicencianos","robots":{"index":"index","follow":"follow","max-snippet":"max-snippet:-1","max-image-preview":"max-image-preview:large","max-video-preview":"max-video-preview:-1"},"canonical":"http:\/\/vincentians.com\/es\/organismos-de-estudios-y-de-animacion-vicenciana\/","og_locale":"es_ES","og_type":"article","og_title":"Organismos de estudios y de animaci\u00f3n vicenciana - Somos Vicencianos","og_description":"La Asamblea General de 1980 pidi\u00f3 que \u00abCada Provincia o grupo de Provincias tenga una organizaci\u00f3n propia para la promoci\u00f3n de estudios fundamentales y su divulgaci\u00f3n (San Vicente, Santa Luisa, historia de la compa\u00f1\u00eda, etc). ... Read More","og_url":"http:\/\/vincentians.com\/es\/organismos-de-estudios-y-de-animacion-vicenciana\/","og_site_name":"Somos Vicencianos","article_publisher":"https:\/\/www.facebook.com\/WeAreVincentians\/","article_author":"https:\/\/www.facebook.com\/JavierChento","article_published_time":"2014-03-12T07:37:32+00:00","article_modified_time":"2016-07-26T07:44:33+00:00","author":"Francisco Javier Fern\u00e1ndez Chento","twitter_card":"summary_large_image","twitter_creator":"@https:\/\/twitter.com\/javierchento","twitter_site":"@WeVincentians","twitter_misc":{"Escrito por":"Francisco Javier Fern\u00e1ndez Chento","Tiempo de lectura":"17 minutos"},"schema":{"@context":"https:\/\/schema.org","@graph":[{"@type":"Article","@id":"http:\/\/vincentians.com\/es\/organismos-de-estudios-y-de-animacion-vicenciana\/#article","isPartOf":{"@id":"http:\/\/vincentians.com\/es\/organismos-de-estudios-y-de-animacion-vicenciana\/"},"author":{"name":"Francisco Javier Fern\u00e1ndez Chento","@id":"http:\/\/vincentians.com\/es\/#\/schema\/person\/9623ef4d9aa3b2dfb8c061f1499288f2"},"headline":"Organismos de estudios y de animaci\u00f3n vicenciana","datePublished":"2014-03-12T07:37:32+00:00","dateModified":"2016-07-26T07:44:33+00:00","mainEntityOfPage":{"@id":"http:\/\/vincentians.com\/es\/organismos-de-estudios-y-de-animacion-vicenciana\/"},"wordCount":3483,"commentCount":0,"publisher":{"@id":"http:\/\/vincentians.com\/es\/#organization"},"image":{"@id":"http:\/\/vincentians.com\/es\/organismos-de-estudios-y-de-animacion-vicenciana\/#primaryimage"},"thumbnailUrl":"","keywords":["Misiones Populares","Perboyre"],"articleSection":["Congregaci\u00f3n de la Misi\u00f3n"],"inLanguage":"es","potentialAction":[{"@type":"CommentAction","name":"Comment","target":["http:\/\/vincentians.com\/es\/organismos-de-estudios-y-de-animacion-vicenciana\/#respond"]}]},{"@type":"WebPage","@id":"http:\/\/vincentians.com\/es\/organismos-de-estudios-y-de-animacion-vicenciana\/","url":"http:\/\/vincentians.com\/es\/organismos-de-estudios-y-de-animacion-vicenciana\/","name":"Organismos de estudios y de animaci\u00f3n vicenciana - Somos Vicencianos","isPartOf":{"@id":"http:\/\/vincentians.com\/es\/#website"},"primaryImageOfPage":{"@id":"http:\/\/vincentians.com\/es\/organismos-de-estudios-y-de-animacion-vicenciana\/#primaryimage"},"image":{"@id":"http:\/\/vincentians.com\/es\/organismos-de-estudios-y-de-animacion-vicenciana\/#primaryimage"},"thumbnailUrl":"","datePublished":"2014-03-12T07:37:32+00:00","dateModified":"2016-07-26T07:44:33+00:00","breadcrumb":{"@id":"http:\/\/vincentians.com\/es\/organismos-de-estudios-y-de-animacion-vicenciana\/#breadcrumb"},"inLanguage":"es","potentialAction":[{"@type":"ReadAction","target":["http:\/\/vincentians.com\/es\/organismos-de-estudios-y-de-animacion-vicenciana\/"]}]},{"@type":"ImageObject","inLanguage":"es","@id":"http:\/\/vincentians.com\/es\/organismos-de-estudios-y-de-animacion-vicenciana\/#primaryimage","url":"","contentUrl":""},{"@type":"BreadcrumbList","@id":"http:\/\/vincentians.com\/es\/organismos-de-estudios-y-de-animacion-vicenciana\/#breadcrumb","itemListElement":[{"@type":"ListItem","position":1,"name":"Portada","item":"http:\/\/vincentians.com\/es\/"},{"@type":"ListItem","position":2,"name":"Organismos de estudios y de animaci\u00f3n vicenciana"}]},{"@type":"WebSite","@id":"http:\/\/vincentians.com\/es\/#website","url":"http:\/\/vincentians.com\/es\/","name":"Somos Vicencianos","description":"Know more to serve more","publisher":{"@id":"http:\/\/vincentians.com\/es\/#organization"},"potentialAction":[{"@type":"SearchAction","target":{"@type":"EntryPoint","urlTemplate":"http:\/\/vincentians.com\/es\/?s={search_term_string}"},"query-input":{"@type":"PropertyValueSpecification","valueRequired":true,"valueName":"search_term_string"}}],"inLanguage":"es"},{"@type":"Organization","@id":"http:\/\/vincentians.com\/es\/#organization","name":"The Vincentian Network","url":"http:\/\/vincentians.com\/es\/","logo":{"@type":"ImageObject","inLanguage":"es","@id":"http:\/\/vincentians.com\/es\/#\/schema\/logo\/image\/","url":"https:\/\/i1.wp.com\/vincentians.com\/es\/wp-content\/uploads\/sites\/11\/2016\/06\/Vincentian-Network-logo-big.png?fit=778%2C778","contentUrl":"https:\/\/i1.wp.com\/vincentians.com\/es\/wp-content\/uploads\/sites\/11\/2016\/06\/Vincentian-Network-logo-big.png?fit=778%2C778","width":778,"height":778,"caption":"The Vincentian Network"},"image":{"@id":"http:\/\/vincentians.com\/es\/#\/schema\/logo\/image\/"},"sameAs":["https:\/\/www.facebook.com\/WeAreVincentians\/","https:\/\/x.com\/WeVincentians"]},{"@type":"Person","@id":"http:\/\/vincentians.com\/es\/#\/schema\/person\/9623ef4d9aa3b2dfb8c061f1499288f2","name":"Francisco Javier Fern\u00e1ndez Chento","image":{"@type":"ImageObject","inLanguage":"es","@id":"http:\/\/vincentians.com\/es\/#\/schema\/person\/image\/","url":"https:\/\/secure.gravatar.com\/avatar\/497d5cde87b4c3d097d0315953521681ba2cd523ee66e5077c3711f7021e65de?s=96&d=mm&r=g","contentUrl":"https:\/\/secure.gravatar.com\/avatar\/497d5cde87b4c3d097d0315953521681ba2cd523ee66e5077c3711f7021e65de?s=96&d=mm&r=g","caption":"Francisco Javier Fern\u00e1ndez Chento"},"description":"Director General y cofundador de La Red de Formaci\u00f3n Vicenciana. Javier es laico vicenciano, afiliado a la Congregaci\u00f3n de la Misi\u00f3n y miembro del Equipo de Misiones Populares de la provincia can\u00f3nica de Zaragoza (Espa\u00f1a) de la Congregaci\u00f3n de la Misi\u00f3n. Graduado en la Universidad Oberta de Catalunya con cuatro grados (Asistente de direcci\u00f3n, Gesti\u00f3n Administrativa, Recursos Humanos y Contabilidad Avanzada). Bil\u00edng\u00fce Espa\u00f1ol\/Ingl\u00e9s. gestiona y mantiene varias p\u00e1ginas web cristianas y vicencianas, incluida including La Red de Formaci\u00f3n Vicenciana, de la que es cofundador. Actualmente es responsable del \u00e1rea de Espa\u00f1ol de .famvin, la Red de Noticias de la Familia Vicenciana. Tambi\u00e9n es m\u00fasico cat\u00f3lico y ha editado varios discos. Es Director General y cofundador de Trovador, una reconocida compa\u00f1\u00eda discogr\u00e1fica critiana de Espa\u00f1a. Trabaja en las Tecnolog\u00edas de la Informaci\u00f3n, ofreciendo servicios de alojamiento, dise\u00f1o y mantenimiento Web, as\u00ed como asesoramiento, formaci\u00f3n y soluciones inform\u00e1ticas, gesti\u00f3n documental y digitalizaci\u00f3n de textos, edici\u00f3n y maquetaci\u00f3n de libros, revistas, flyers, etc.","sameAs":["http:\/\/chento.org","https:\/\/www.facebook.com\/JavierChento","https:\/\/x.com\/https:\/\/twitter.com\/javierchento"],"url":"http:\/\/vincentians.com\/es\/author\/chento\/"}]}},"jetpack_publicize_connections":[],"jetpack_featured_media_url":"","jetpack_sharing_enabled":true,"jetpack_shortlink":"https:\/\/wp.me\/p7ETMF-87F","jetpack-related-posts":[{"id":114120,"url":"http:\/\/vincentians.com\/es\/estatutos-del-secretariado-internacional-de-estudios-vicencianos-siev\/","url_meta":{"origin":31227,"position":0},"title":"Estatutos del Secretariado Internacional de Estudios Vicencianos (SIEV)","author":"Francisco Javier Fern\u00e1ndez Chento","date":"26\/10\/2012","format":false,"excerpt":"1.1 Como respuesta al postulado aprobado por la Asamblea General de 1980: \"Se propone que cada Provincia o grupo de Provincias tengan una organizaci\u00f3n propia para la promoci\u00f3n de estudios b\u00e1sicas y la divulgaci\u00f3n de los mismos (de San Vicente, Santa Luisa, la historia de las Compa\u00f1\u00edas, etc.). Otra organizaci\u00f3n\u2026","rel":"","context":"En \u00abDocumentos de otras Ramas e Instituciones vicencianas\u00bb","block_context":{"text":"Documentos de otras Ramas e Instituciones vicencianas","link":"http:\/\/vincentians.com\/es\/category\/formacion-vicenciana\/documentos-oficiales-de-la-familia-vicenciana\/documentos-de-otras-ramas-e-instituciones-vicencianas\/"},"img":{"alt_text":"","src":"","width":0,"height":0},"classes":[]},{"id":140030,"url":"http:\/\/vincentians.com\/es\/multiculturalismo-solidaridad-y-colaboracion\/","url_meta":{"origin":31227,"position":1},"title":"Multiculturalismo, Solidaridad, y Colaboraci\u00f3n","author":"Francisco Javier Fern\u00e1ndez Chento","date":"22\/02\/2015","format":false,"excerpt":"I. Introducci\u00f3n \u201cDej\u00e9monos renovar por la vitalidad misionera de nuestra vocaci\u00f3n Vicenciana\u201d (Lema de la AG 2016. Cf Marzo 25, 2014 Carta de la Comisi\u00f3n Preparatoria a los Visitadores) Los temas relevantes de la AG 2016 no son f\u00e1ciles de explorar. Hablan de una cuesti\u00f3n importante para nosotros como Misioneros\u2026","rel":"","context":"En \u00abEspiritualidad vicenciana\u00bb","block_context":{"text":"Espiritualidad vicenciana","link":"http:\/\/vincentians.com\/es\/category\/espiritualidad\/espiritualidad-vicenciana\/"},"img":{"alt_text":"multiculturalismo","src":"https:\/\/i0.wp.com\/vicencianos.org\/wp-content\/2015\/02\/multiculturalismo-300x201.jpg?resize=350%2C200","width":350,"height":200},"classes":[]},{"id":115978,"url":"http:\/\/vincentians.com\/es\/familia-vicenciana-y-medalla-milagrosa\/","url_meta":{"origin":31227,"position":2},"title":"Familia Vicenciana y Medalla Milagrosa","author":"Francisco Javier Fern\u00e1ndez Chento","date":"27\/11\/2022","format":false,"excerpt":"Lo que ha sido este legado desde 1830 El testimonio de la Historia nos dice que, si bien la Virgen se aparece a Santa Catalina Labour\u00e9, \u00e9sta, cumpliendo los deseos manifestados por la Madre de Dios, permanece oculta, desconocida, en el silencio m\u00e1s incomprensible; un silencio que a veces se\u2026","rel":"","context":"En \u00abVirgen Mar\u00eda\u00bb","block_context":{"text":"Virgen Mar\u00eda","link":"http:\/\/vincentians.com\/es\/category\/espiritualidad\/virgen-maria\/"},"img":{"alt_text":"","src":"https:\/\/i0.wp.com\/vincentians.com\/es\/wp-content\/uploads\/sites\/11\/2016\/08\/hijas-caridad.jpg?fit=1200%2C630&resize=350%2C200","width":350,"height":200,"srcset":"https:\/\/i0.wp.com\/vincentians.com\/es\/wp-content\/uploads\/sites\/11\/2016\/08\/hijas-caridad.jpg?fit=1200%2C630&resize=350%2C200 1x, https:\/\/i0.wp.com\/vincentians.com\/es\/wp-content\/uploads\/sites\/11\/2016\/08\/hijas-caridad.jpg?fit=1200%2C630&resize=525%2C300 1.5x, https:\/\/i0.wp.com\/vincentians.com\/es\/wp-content\/uploads\/sites\/11\/2016\/08\/hijas-caridad.jpg?fit=1200%2C630&resize=700%2C400 2x, https:\/\/i0.wp.com\/vincentians.com\/es\/wp-content\/uploads\/sites\/11\/2016\/08\/hijas-caridad.jpg?fit=1200%2C630&resize=1050%2C600 3x"},"classes":[]},{"id":140032,"url":"http:\/\/vincentians.com\/es\/las-asambleas-generales-en-la-congregacion-de-la-mision-historia-y-resultados\/","url_meta":{"origin":31227,"position":3},"title":"Las Asambleas Generales en la Congregaci\u00f3n de la Misi\u00f3n: Historia y Resultados","author":"Mitxel Olabu\u00e9naga","date":"20\/02\/2015","format":false,"excerpt":"Introducci\u00f3n La autoridad suprema en la Congregaci\u00f3n, su asamblea general, ha sido crucial para su desarrollo y direcci\u00f3n. En su casi cuatro siglos de existencia, la Congregaci\u00f3n ha celebrado cuarenta y uno de estos encuentros, el primero fue en 1661. Vicente mismo, sin embargo, celebr\u00f3 asambleas preliminares en 1642 y\u2026","rel":"","context":"En \u00abHistoria de la Congregaci\u00f3n de la Misi\u00f3n\u00bb","block_context":{"text":"Historia de la Congregaci\u00f3n de la Misi\u00f3n","link":"http:\/\/vincentians.com\/es\/category\/historia-de-la-familia-vicenciana\/historia-de-la-congregacion-de-la-mision\/"},"img":{"alt_text":"logocm","src":"https:\/\/i0.wp.com\/vicencianos.org\/wp-content\/2011\/12\/logocm-245x300.png?resize=350%2C200","width":350,"height":200},"classes":[]},{"id":109351,"url":"http:\/\/vincentians.com\/es\/origenes-italianos-de-la-consagracion-de-la-mision-en-espana\/","url_meta":{"origin":31227,"position":4},"title":"Or\u00edgenes italianos de la Congregaci\u00f3n de la Misi\u00f3n en Espa\u00f1a","author":"Mitxel Olabu\u00e9naga","date":"10\/06\/2021","format":false,"excerpt":"En una PRIMERA PARTE del presente estudio es nuestro deber se\u00f1alar con toda claridad las diversas etapas que integran el primer per\u00edodo de la historia vicenciana de Espa\u00f1a, el per\u00edodo de la fundaci\u00f3n y de sus primeros setenta a\u00f1os, en que dependi\u00f3 del tronco vicenciano italiano, del cual proced\u00eda. ETAPA\u2026","rel":"","context":"En \u00abHistoria de la Congregaci\u00f3n de la Misi\u00f3n\u00bb","block_context":{"text":"Historia de la Congregaci\u00f3n de la Misi\u00f3n","link":"http:\/\/vincentians.com\/es\/category\/historia-de-la-familia-vicenciana\/historia-de-la-congregacion-de-la-mision\/"},"img":{"alt_text":"","src":"https:\/\/i0.wp.com\/vincentians.com\/es\/wp-content\/uploads\/sites\/11\/2016\/09\/espiritu-de-jesus.jpg?fit=1200%2C630&resize=350%2C200","width":350,"height":200,"srcset":"https:\/\/i0.wp.com\/vincentians.com\/es\/wp-content\/uploads\/sites\/11\/2016\/09\/espiritu-de-jesus.jpg?fit=1200%2C630&resize=350%2C200 1x, https:\/\/i0.wp.com\/vincentians.com\/es\/wp-content\/uploads\/sites\/11\/2016\/09\/espiritu-de-jesus.jpg?fit=1200%2C630&resize=525%2C300 1.5x, https:\/\/i0.wp.com\/vincentians.com\/es\/wp-content\/uploads\/sites\/11\/2016\/09\/espiritu-de-jesus.jpg?fit=1200%2C630&resize=700%2C400 2x, https:\/\/i0.wp.com\/vincentians.com\/es\/wp-content\/uploads\/sites\/11\/2016\/09\/espiritu-de-jesus.jpg?fit=1200%2C630&resize=1050%2C600 3x"},"classes":[]},{"id":114121,"url":"http:\/\/vincentians.com\/es\/estatutos-del-centro-internacional-de-formacion-san-vicente-de-paul-cif\/","url_meta":{"origin":31227,"position":5},"title":"Estatutos del Centro Internacional de Formaci\u00f3n San Vicente de Pa\u00fal (CIF)","author":"Francisco Javier Fern\u00e1ndez Chento","date":"26\/10\/2012","format":false,"excerpt":"1. Identidad El Centro Internacional de Formaci\u00f3n San Vicente de Pa\u00fal (CIF) es una obra establecida por el Superior General de la Congregaci\u00f3n de la Misi\u00f3n con su consejo para ofrecer programas de formaci\u00f3n vicenciana. Los programas se dirigen en primer lugar a los miembros de la Congregaci\u00f3n de la\u2026","rel":"","context":"En \u00abDocumentos de otras Ramas e Instituciones vicencianas\u00bb","block_context":{"text":"Documentos de otras Ramas e Instituciones vicencianas","link":"http:\/\/vincentians.com\/es\/category\/formacion-vicenciana\/documentos-oficiales-de-la-familia-vicenciana\/documentos-de-otras-ramas-e-instituciones-vicencianas\/"},"img":{"alt_text":"","src":"","width":0,"height":0},"classes":[]}],"_links":{"self":[{"href":"http:\/\/vincentians.com\/es\/wp-json\/wp\/v2\/posts\/31227","targetHints":{"allow":["GET"]}}],"collection":[{"href":"http:\/\/vincentians.com\/es\/wp-json\/wp\/v2\/posts"}],"about":[{"href":"http:\/\/vincentians.com\/es\/wp-json\/wp\/v2\/types\/post"}],"author":[{"embeddable":true,"href":"http:\/\/vincentians.com\/es\/wp-json\/wp\/v2\/users\/4"}],"replies":[{"embeddable":true,"href":"http:\/\/vincentians.com\/es\/wp-json\/wp\/v2\/comments?post=31227"}],"version-history":[{"count":0,"href":"http:\/\/vincentians.com\/es\/wp-json\/wp\/v2\/posts\/31227\/revisions"}],"wp:featuredmedia":[{"embeddable":true,"href":"http:\/\/vincentians.com\/es\/wp-json\/"}],"wp:attachment":[{"href":"http:\/\/vincentians.com\/es\/wp-json\/wp\/v2\/media?parent=31227"}],"wp:term":[{"taxonomy":"category","embeddable":true,"href":"http:\/\/vincentians.com\/es\/wp-json\/wp\/v2\/categories?post=31227"},{"taxonomy":"post_tag","embeddable":true,"href":"http:\/\/vincentians.com\/es\/wp-json\/wp\/v2\/tags?post=31227"}],"curies":[{"name":"wp","href":"https:\/\/api.w.org\/{rel}","templated":true}]}}