{"id":3051,"date":"2013-03-18T16:43:32","date_gmt":"2013-03-18T15:43:32","guid":{"rendered":"http:\/\/somos.vicencianos.org\/comentarios\/2013\/03\/11\/lectio-divina-para-5o-domingo-de-cuaresma-preparada-por-el-p-chuno-c-m-2\/"},"modified":"2016-07-24T10:27:25","modified_gmt":"2016-07-24T08:27:25","slug":"lectio-divina-para-domingo-de-ramos-preparada-por-chuno-chavez-alva-c-m","status":"publish","type":"post","link":"http:\/\/vincentians.com\/es\/lectio-divina-para-domingo-de-ramos-preparada-por-chuno-chavez-alva-c-m\/","title":{"rendered":"Lectio Divina para Domingo de Ramos (preparada por Chuno Ch\u00e1vez Alva, C.M.)"},"content":{"rendered":"<p style=\"padding-left: 30px\"><b>LA PALABRA HOY:<\/b> Lucas 19,28-40; Isa\u00edas 50,4-7; Salmo 21; Filipenses 2,6-11; Lucas 22,14-23,56<\/p>\n<p style=\"padding-left: 30px\"><b>Ambientaci\u00f3n: <\/b>Una cruz desnuda, adornada con palmas o ramos de olivo, y sobre ella un cartel: <i>\u201c\u00a1Hosanna!\u201d<\/i><\/p>\n<p style=\"padding-left: 30px\"><b>Cantos sugeridos: <\/b>Hosanna al rey de los cielos; T\u00fa reinar\u00e1s<b><\/b><\/p>\n<h2>Ambientaci\u00f3n<\/h2>\n<p><i>Este d\u00eda acompa\u00f1amos a Cristo en el camino pascual: gloria y hosanna, s\u00ed, pero al rey que triunfa desde la humildad y el sacrificio total. Poco a poco nos vamos sumergiendo en el silencio contemplativo del acontecimiento de la Cruz, de donde surge verdaderamente el canto pascual de la victoria. Hoy tenemos la oportunidad de abrirle las puertas de nuestro coraz\u00f3n para que entre y reine en \u00e9l.<\/i><\/p>\n<h2>Oraci\u00f3n inicial<\/h2>\n<p>Se\u00f1or Jes\u00fas, T\u00fa que a lo largo de tu vida,<br \/>\nfuiste ocultando tu identidad, queriendo pasar desapercibido,<br \/>\nal llegar tu hora,fuiste al encuentro de tu cruz,<br \/>\ny ah\u00ed te diste a conocer tal cual eras,<br \/>\nte manifestaste como el Mes\u00edas,<br \/>\ncomo el esperado, como el prometido,<br \/>\npero a su vez,<br \/>\nnos ense\u00f1aste tu manera de ser REY<br \/>\ncargando tu cruz,<br \/>\nen el peso de la mentira y del enga\u00f1o,<br \/>\nsiendo el inocente condenado,<br \/>\nsiendo Aquel que dabas la vida<br \/>\npor todos y cada uno de nosotros.<br \/>\nEn estos d\u00edas de Semana Santa,<br \/>\nay\u00fadanos Se\u00f1or a acompa\u00f1arte<br \/>\ny a estar contigo, para aprender de ti y vivir como T\u00fa<br \/>\nsiendo capaces de hacer de nuestra vida<br \/>\nuna ofrenda al Se\u00f1or como fue la tuya<br \/>\nen el silencio de la fidelidad y la entrega. Am\u00e9n<\/p>\n<h2>I. Lectio: \u00bfQu\u00e9 dice el texto? \u2013 <strong><b>Lucas 29, 28-40<br \/>\n<\/b><\/strong><\/h2>\n<p><b><i>Motivaci\u00f3n:<\/i><\/b><i> Jes\u00fas llega a Jerusal\u00e9n. \u00c9l va a manifestar una vez m\u00e1s su personalidad y el origen de su autoridad justamente en la Ciudad Santa. <\/i>\u00a0<i>Es aclamado: la gente lo recibe entusiasmada, y da gracias a Dios por \u00c9l. Con mansedumbre y con humildad se adentra en la semana clave de su vida.\u00a0 \u00c9l siempre ha dicho que no\u00a0 ha venido a dominar, sino a servir. <\/i><i>Escuchemos:<\/i><\/p>\n<p><b>Forma de leerlo:<\/b><\/p>\n<ol>\n<li>Proclamar el texto en voz alta (todos de pie).<\/li>\n<li>Cada uno puede leer en voz alta el vers\u00edculo que m\u00e1s le llam\u00f3 la atenci\u00f3n (sentados).<b><br \/>\n<\/b><\/li>\n<\/ol>\n<p><b>Preguntas para la lectura:<\/b><\/p>\n<ul>\n<li>\u00bfQu\u00e9 orden da Jes\u00fas a sus disc\u00edpulos?<\/li>\n<li>\u00bfQu\u00e9 sentido tiene y qu\u00e9 quiere indicar Jes\u00fas al entrar a Jerusal\u00e9n, montado sobre un burrito?, \u00bfpor qu\u00e9 lo hace?<\/li>\n<li>Seg\u00fan Lucas, \u00bfc\u00f3mo reaccionan los disc\u00edpulos y la gente en este pasaje? \u00bfcu\u00e1les son sus expectativas?<\/li>\n<\/ul>\n<p><strong>Otros textos b\u00edblicos para confrontar: <b>Is 62,11; Zac 9,9; 2 Re 9,13; Sal 118,26; Mt 21,1-11; Mc 11,1-10<\/b><br \/>\n<\/strong><\/p>\n<h2>II. Meditatio: \u00bfQu\u00e9 me dice? \u00bfQu\u00e9 nos dice el Texto?<em><br \/>\n<\/em><\/h2>\n<p><b><i>Motivaci\u00f3n: <\/i><\/b><i>No podemos dejar de sorprendernos ante la manifestaci\u00f3n de Jes\u00fas. \u00c9l viene a ejercer su poder de un modo pac\u00edfico y desde la humildad. \u00c9stas son tambi\u00e9n las actitudes que debemos meditar y hacer vida quienes seguimos sus pasos.<\/i><\/p>\n<ul>\n<li><i>Pusieron sus mantos sobre el borrico e hicieron que Jes\u00fas se montara en \u00e9l. <\/i>\u00bfQu\u00e9 imagen del Mes\u00edas se manifiesta en esta escena?<\/li>\n<li>\u00bfQu\u00e9 actitudes concretas me exigen el seguir a un Mes\u00edas pac\u00edfico y crucificado?<\/li>\n<li><i>Hosanna. <\/i>En tu historia de seguimiento, \u00bfhan abundado los entusiasmos pasajeros, temporales, como los de la muchedumbre que aclama a Jes\u00fas? \u00bfo la fidelidad constante?<\/li>\n<li>Hoy, en este tiempo y en nuestra sociedad, \u00bfde qu\u00e9 manera exteriorizamos nuestra fe en el Se\u00f1or Jes\u00fas?, \u00bfqu\u00e9 hacemos para reconocerle como nuestro Dios y Se\u00f1or?<\/li>\n<li>\u00bfC\u00f3mo voy a acompa\u00f1ar a Jes\u00fas durante las celebraciones de esta Semana Santa?<\/li>\n<\/ul>\n<p><i>Luego de un tiempo de meditaci\u00f3n personal, compartimos con sencillez nuestra reflexi\u00f3n, lo que el texto ME dice a mi propia realidad y situaci\u00f3n personal.<\/i><\/p>\n<h2>III. Oratio: \u00bfQu\u00e9 le digo al Se\u00f1or motivado por su Palabra?<strong><br \/>\n<\/strong><\/h2>\n<p><b><i>Motivaci\u00f3n: <\/i><\/b><i>En medio de una sociedad tan competitiva como la nuestra, que promueve las rivalidades y las luchas, no es f\u00e1cil llevar a la vida las actitudes del Mes\u00edas. Pidamos en nuestra oraci\u00f3n que nos haga instrumentos y mensajeros de paz, desde la humildad.<\/i><i><\/i><\/p>\n<ul>\n<li>Luego de un tiempo de oraci\u00f3n personal, podemos compartir en voz alta nuestra oraci\u00f3n, siempre dirigi\u00e9ndonos a Dios mediante la alabanza, la acci\u00f3n de gracias o la s\u00faplica confiada.<\/li>\n<li>Ser\u00eda muy oportuno recitar o cantar el salmo 21 que corresponde a este domingo.<\/li>\n<\/ul>\n<h2>IV. Contemplatio: \u00bfQu\u00e9 me lleva a hacer el texto?<\/h2>\n<p><b><i>Motivaci\u00f3n: <\/i><\/b><i>San Vicente contempla la humildad de Cristo, ve la humildad del Se\u00f1or como algo que envuelve toda la vida de Jes\u00fas, quien nos dej\u00f3 como \u201cmonumento\u201d el crucifijo: <\/i><\/p>\n<p>\u201cPadres, \u00bfqu\u00e9 otra cosa es su vida (la de Jes\u00fas) sino una serie de ejercicios de humildad? Es una humillaci\u00f3n continua, activa, pasiva; \u00e9l la am\u00f3 tanto que no se apart\u00f3 de ella en la tierra; y no s\u00f3lo la am\u00f3 mientras viv\u00eda, sino incluso despu\u00e9s de su preciosa muerte, ya que nos dej\u00f3 como un monumento inmortal de las humillaciones de su persona divina, un Crucifijo, para que lo record\u00e1ramos como criminal y ajusticiado, y quiso que la Iglesia nos lo presentara ante los ojos en ese estado de ignominia, muerto as\u00ed por nosotros\u2026\u201d (XI, 485)<\/p>\n<ul>\n<li><b>Compromiso personal:<\/b> En la Semana Santa, meditar la Pasi\u00f3n de Jes\u00fas seg\u00fan san Lucas <i>(<\/i><i>Lucas 22,14-23,56)<\/i><i>. <\/i>En el curso de la lectura, no pensemos s\u00f3lo en Jes\u00fas, sino tambi\u00e9n en los millones y millones de seres humanos que hoy est\u00e1n en las c\u00e1rceles, torturados, insultados y asesinados. Asumamos algunas de las actitudes positivas de los personajes de la pasi\u00f3n.<\/li>\n<\/ul>\n<h2>Oraci\u00f3n final<\/h2>\n<p>Bendito el que viene en nombre del Se\u00f1or,<br \/>\nel Emmanuel, el Dios con nosotros\u2026<br \/>\nel Dios hecho carne, que habit\u00f3 entre nosotros\u2026<br \/>\nel que es camino, verdad y vida\u2026<br \/>\nel que es, fue y ser\u00e1, el principio y el fin\u2026<br \/>\nel que siempre est\u00e1 a nuestro lado\u2026<br \/>\nel que dio su vida por nosotros, para darnos vida\u2026<br \/>\nel que vino a darnos vida y vida en abundancia\u2026<br \/>\nel que tiene Palabras de vida eterna\u2026<br \/>\nel que es para nosotros, vida y salvaci\u00f3n\u2026<br \/>\nel que viene a mostrarnos el camino hacia el Padre\u2026<br \/>\nBENDITO el que viene\u2026<br \/>\nel que nos ense\u00f1\u00f3 a amar y servir\u2026<br \/>\nel que vino no para ser servido, sino para servir y darse totalmente\u2026<br \/>\nel que viene a realizar la voluntad del Se\u00f1or\u2026<br \/>\nel que nos alienta con su presencia\u2026<br \/>\nel que es todo para nosotros\u2026<br \/>\nel MES\u00cdAS REDENTOR.<\/p>\n","protected":false},"excerpt":{"rendered":"<p>LA PALABRA HOY: Lucas 19,28-40; Isa\u00edas 50,4-7; Salmo 21; Filipenses 2,6-11; Lucas 22,14-23,56 Ambientaci\u00f3n: Una cruz desnuda, adornada con palmas o ramos de olivo, y sobre ella un cartel: \u201c\u00a1Hosanna!\u201d Cantos sugeridos: Hosanna al rey &#8230; <a href=\"http:\/\/vincentians.com\/es\/lectio-divina-para-domingo-de-ramos-preparada-por-chuno-chavez-alva-c-m\/\" class=\"more-link\">Read More<\/a><\/p>\n","protected":false},"author":4,"featured_media":388408,"comment_status":"open","ping_status":"open","sticky":false,"template":"","format":"standard","meta":{"jetpack_post_was_ever_published":false,"_jetpack_newsletter_access":"","_jetpack_dont_email_post_to_subs":false,"_jetpack_newsletter_tier_id":0,"_jetpack_memberships_contains_paywalled_content":false,"_jetpack_memberships_contains_paid_content":false,"footnotes":"","jetpack_publicize_message":"","jetpack_publicize_feature_enabled":true,"jetpack_social_post_already_shared":true,"jetpack_social_options":{"image_generator_settings":{"template":"highway","default_image_id":0,"font":"","enabled":false},"version":2}},"categories":[94],"tags":[],"class_list":["post-3051","post","type-post","status-publish","format-standard","has-post-thumbnail","hentry","category-homilias-y-reflexiones-ano-c"],"yoast_head":"<!-- This site is optimized with the Yoast SEO plugin v26.3 - https:\/\/yoast.com\/wordpress\/plugins\/seo\/ -->\n<title>Lectio Divina para Domingo de Ramos (preparada por Chuno Ch\u00e1vez Alva, C.M.) - Somos Vicencianos<\/title>\n<meta name=\"robots\" content=\"index, follow, max-snippet:-1, max-image-preview:large, max-video-preview:-1\" \/>\n<link rel=\"canonical\" href=\"http:\/\/vincentians.com\/es\/lectio-divina-para-domingo-de-ramos-preparada-por-chuno-chavez-alva-c-m\/\" \/>\n<meta property=\"og:locale\" content=\"es_ES\" \/>\n<meta property=\"og:type\" content=\"article\" \/>\n<meta property=\"og:title\" content=\"Lectio Divina para Domingo de Ramos (preparada por Chuno Ch\u00e1vez Alva, C.M.) - Somos Vicencianos\" \/>\n<meta property=\"og:description\" content=\"LA PALABRA HOY: Lucas 19,28-40; Isa\u00edas 50,4-7; Salmo 21; Filipenses 2,6-11; Lucas 22,14-23,56 Ambientaci\u00f3n: Una cruz desnuda, adornada con palmas o ramos de olivo, y sobre ella un cartel: \u201c\u00a1Hosanna!\u201d Cantos sugeridos: Hosanna al rey ... Read More\" \/>\n<meta property=\"og:url\" content=\"http:\/\/vincentians.com\/es\/lectio-divina-para-domingo-de-ramos-preparada-por-chuno-chavez-alva-c-m\/\" \/>\n<meta property=\"og:site_name\" content=\"Somos Vicencianos\" \/>\n<meta property=\"article:publisher\" content=\"https:\/\/www.facebook.com\/WeAreVincentians\/\" \/>\n<meta property=\"article:author\" content=\"https:\/\/www.facebook.com\/JavierChento\" \/>\n<meta property=\"article:published_time\" content=\"2013-03-18T15:43:32+00:00\" \/>\n<meta property=\"article:modified_time\" content=\"2016-07-24T08:27:25+00:00\" \/>\n<meta property=\"og:image\" content=\"https:\/\/i0.wp.com\/vincentians.com\/es\/wp-content\/uploads\/sites\/11\/2016\/07\/reflexiones-palabra-de-dios.jpg?fit=1200%2C630\" \/>\n\t<meta property=\"og:image:width\" content=\"1200\" \/>\n\t<meta property=\"og:image:height\" content=\"630\" \/>\n\t<meta property=\"og:image:type\" content=\"image\/jpeg\" \/>\n<meta name=\"author\" content=\"Francisco Javier Fern\u00e1ndez Chento\" \/>\n<meta name=\"twitter:card\" content=\"summary_large_image\" \/>\n<meta name=\"twitter:creator\" content=\"@https:\/\/twitter.com\/javierchento\" \/>\n<meta name=\"twitter:site\" content=\"@WeVincentians\" \/>\n<meta name=\"twitter:label1\" content=\"Escrito por\" \/>\n\t<meta name=\"twitter:data1\" content=\"Francisco Javier Fern\u00e1ndez Chento\" \/>\n\t<meta name=\"twitter:label2\" content=\"Tiempo de lectura\" \/>\n\t<meta name=\"twitter:data2\" content=\"6 minutos\" \/>\n<script type=\"application\/ld+json\" class=\"yoast-schema-graph\">{\"@context\":\"https:\/\/schema.org\",\"@graph\":[{\"@type\":\"Article\",\"@id\":\"http:\/\/vincentians.com\/es\/lectio-divina-para-domingo-de-ramos-preparada-por-chuno-chavez-alva-c-m\/#article\",\"isPartOf\":{\"@id\":\"http:\/\/vincentians.com\/es\/lectio-divina-para-domingo-de-ramos-preparada-por-chuno-chavez-alva-c-m\/\"},\"author\":{\"name\":\"Francisco Javier Fern\u00e1ndez Chento\",\"@id\":\"https:\/\/vincentians.com\/es\/#\/schema\/person\/9623ef4d9aa3b2dfb8c061f1499288f2\"},\"headline\":\"Lectio Divina para Domingo de Ramos (preparada por Chuno Ch\u00e1vez Alva, C.M.)\",\"datePublished\":\"2013-03-18T15:43:32+00:00\",\"dateModified\":\"2016-07-24T08:27:25+00:00\",\"mainEntityOfPage\":{\"@id\":\"http:\/\/vincentians.com\/es\/lectio-divina-para-domingo-de-ramos-preparada-por-chuno-chavez-alva-c-m\/\"},\"wordCount\":1119,\"commentCount\":0,\"publisher\":{\"@id\":\"https:\/\/vincentians.com\/es\/#organization\"},\"image\":{\"@id\":\"http:\/\/vincentians.com\/es\/lectio-divina-para-domingo-de-ramos-preparada-por-chuno-chavez-alva-c-m\/#primaryimage\"},\"thumbnailUrl\":\"https:\/\/i0.wp.com\/vincentians.com\/es\/wp-content\/uploads\/sites\/11\/2016\/07\/reflexiones-palabra-de-dios.jpg?fit=1200%2C630\",\"articleSection\":[\"Homil\u00edas y reflexiones, A\u00f1o C\"],\"inLanguage\":\"es\",\"potentialAction\":[{\"@type\":\"CommentAction\",\"name\":\"Comment\",\"target\":[\"http:\/\/vincentians.com\/es\/lectio-divina-para-domingo-de-ramos-preparada-por-chuno-chavez-alva-c-m\/#respond\"]}]},{\"@type\":\"WebPage\",\"@id\":\"http:\/\/vincentians.com\/es\/lectio-divina-para-domingo-de-ramos-preparada-por-chuno-chavez-alva-c-m\/\",\"url\":\"http:\/\/vincentians.com\/es\/lectio-divina-para-domingo-de-ramos-preparada-por-chuno-chavez-alva-c-m\/\",\"name\":\"Lectio Divina para Domingo de Ramos (preparada por Chuno Ch\u00e1vez Alva, C.M.) - Somos Vicencianos\",\"isPartOf\":{\"@id\":\"https:\/\/vincentians.com\/es\/#website\"},\"primaryImageOfPage\":{\"@id\":\"http:\/\/vincentians.com\/es\/lectio-divina-para-domingo-de-ramos-preparada-por-chuno-chavez-alva-c-m\/#primaryimage\"},\"image\":{\"@id\":\"http:\/\/vincentians.com\/es\/lectio-divina-para-domingo-de-ramos-preparada-por-chuno-chavez-alva-c-m\/#primaryimage\"},\"thumbnailUrl\":\"https:\/\/i0.wp.com\/vincentians.com\/es\/wp-content\/uploads\/sites\/11\/2016\/07\/reflexiones-palabra-de-dios.jpg?fit=1200%2C630\",\"datePublished\":\"2013-03-18T15:43:32+00:00\",\"dateModified\":\"2016-07-24T08:27:25+00:00\",\"breadcrumb\":{\"@id\":\"http:\/\/vincentians.com\/es\/lectio-divina-para-domingo-de-ramos-preparada-por-chuno-chavez-alva-c-m\/#breadcrumb\"},\"inLanguage\":\"es\",\"potentialAction\":[{\"@type\":\"ReadAction\",\"target\":[\"http:\/\/vincentians.com\/es\/lectio-divina-para-domingo-de-ramos-preparada-por-chuno-chavez-alva-c-m\/\"]}]},{\"@type\":\"ImageObject\",\"inLanguage\":\"es\",\"@id\":\"http:\/\/vincentians.com\/es\/lectio-divina-para-domingo-de-ramos-preparada-por-chuno-chavez-alva-c-m\/#primaryimage\",\"url\":\"https:\/\/i0.wp.com\/vincentians.com\/es\/wp-content\/uploads\/sites\/11\/2016\/07\/reflexiones-palabra-de-dios.jpg?fit=1200%2C630\",\"contentUrl\":\"https:\/\/i0.wp.com\/vincentians.com\/es\/wp-content\/uploads\/sites\/11\/2016\/07\/reflexiones-palabra-de-dios.jpg?fit=1200%2C630\",\"width\":1200,\"height\":630},{\"@type\":\"BreadcrumbList\",\"@id\":\"http:\/\/vincentians.com\/es\/lectio-divina-para-domingo-de-ramos-preparada-por-chuno-chavez-alva-c-m\/#breadcrumb\",\"itemListElement\":[{\"@type\":\"ListItem\",\"position\":1,\"name\":\"Portada\",\"item\":\"https:\/\/vincentians.com\/es\/\"},{\"@type\":\"ListItem\",\"position\":2,\"name\":\"Lectio Divina para Domingo de Ramos (preparada por Chuno Ch\u00e1vez Alva, C.M.)\"}]},{\"@type\":\"WebSite\",\"@id\":\"https:\/\/vincentians.com\/es\/#website\",\"url\":\"https:\/\/vincentians.com\/es\/\",\"name\":\"Somos Vicencianos\",\"description\":\"Know more to serve more\",\"publisher\":{\"@id\":\"https:\/\/vincentians.com\/es\/#organization\"},\"potentialAction\":[{\"@type\":\"SearchAction\",\"target\":{\"@type\":\"EntryPoint\",\"urlTemplate\":\"https:\/\/vincentians.com\/es\/?s={search_term_string}\"},\"query-input\":{\"@type\":\"PropertyValueSpecification\",\"valueRequired\":true,\"valueName\":\"search_term_string\"}}],\"inLanguage\":\"es\"},{\"@type\":\"Organization\",\"@id\":\"https:\/\/vincentians.com\/es\/#organization\",\"name\":\"The Vincentian Network\",\"url\":\"https:\/\/vincentians.com\/es\/\",\"logo\":{\"@type\":\"ImageObject\",\"inLanguage\":\"es\",\"@id\":\"https:\/\/vincentians.com\/es\/#\/schema\/logo\/image\/\",\"url\":\"https:\/\/i1.wp.com\/vincentians.com\/es\/wp-content\/uploads\/sites\/11\/2016\/06\/Vincentian-Network-logo-big.png?fit=778%2C778\",\"contentUrl\":\"https:\/\/i1.wp.com\/vincentians.com\/es\/wp-content\/uploads\/sites\/11\/2016\/06\/Vincentian-Network-logo-big.png?fit=778%2C778\",\"width\":778,\"height\":778,\"caption\":\"The Vincentian Network\"},\"image\":{\"@id\":\"https:\/\/vincentians.com\/es\/#\/schema\/logo\/image\/\"},\"sameAs\":[\"https:\/\/www.facebook.com\/WeAreVincentians\/\",\"https:\/\/x.com\/WeVincentians\"]},{\"@type\":\"Person\",\"@id\":\"https:\/\/vincentians.com\/es\/#\/schema\/person\/9623ef4d9aa3b2dfb8c061f1499288f2\",\"name\":\"Francisco Javier Fern\u00e1ndez Chento\",\"image\":{\"@type\":\"ImageObject\",\"inLanguage\":\"es\",\"@id\":\"https:\/\/vincentians.com\/es\/#\/schema\/person\/image\/\",\"url\":\"https:\/\/secure.gravatar.com\/avatar\/497d5cde87b4c3d097d0315953521681ba2cd523ee66e5077c3711f7021e65de?s=96&d=mm&r=g\",\"contentUrl\":\"https:\/\/secure.gravatar.com\/avatar\/497d5cde87b4c3d097d0315953521681ba2cd523ee66e5077c3711f7021e65de?s=96&d=mm&r=g\",\"caption\":\"Francisco Javier Fern\u00e1ndez Chento\"},\"description\":\"Director General y cofundador de La Red de Formaci\u00f3n Vicenciana. Javier es laico vicenciano, afiliado a la Congregaci\u00f3n de la Misi\u00f3n y miembro del Equipo de Misiones Populares de la provincia can\u00f3nica de Zaragoza (Espa\u00f1a) de la Congregaci\u00f3n de la Misi\u00f3n. Graduado en la Universidad Oberta de Catalunya con cuatro grados (Asistente de direcci\u00f3n, Gesti\u00f3n Administrativa, Recursos Humanos y Contabilidad Avanzada). Bil\u00edng\u00fce Espa\u00f1ol\/Ingl\u00e9s. gestiona y mantiene varias p\u00e1ginas web cristianas y vicencianas, incluida including La Red de Formaci\u00f3n Vicenciana, de la que es cofundador. Actualmente es responsable del \u00e1rea de Espa\u00f1ol de .famvin, la Red de Noticias de la Familia Vicenciana. Tambi\u00e9n es m\u00fasico cat\u00f3lico y ha editado varios discos. Es Director General y cofundador de Trovador, una reconocida compa\u00f1\u00eda discogr\u00e1fica critiana de Espa\u00f1a. Trabaja en las Tecnolog\u00edas de la Informaci\u00f3n, ofreciendo servicios de alojamiento, dise\u00f1o y mantenimiento Web, as\u00ed como asesoramiento, formaci\u00f3n y soluciones inform\u00e1ticas, gesti\u00f3n documental y digitalizaci\u00f3n de textos, edici\u00f3n y maquetaci\u00f3n de libros, revistas, flyers, etc.\",\"sameAs\":[\"http:\/\/chento.org\",\"https:\/\/www.facebook.com\/JavierChento\",\"https:\/\/x.com\/https:\/\/twitter.com\/javierchento\"],\"url\":\"http:\/\/vincentians.com\/es\/author\/chento\/\"}]}<\/script>\n<!-- \/ Yoast SEO plugin. -->","yoast_head_json":{"title":"Lectio Divina para Domingo de Ramos (preparada por Chuno Ch\u00e1vez Alva, C.M.) - Somos Vicencianos","robots":{"index":"index","follow":"follow","max-snippet":"max-snippet:-1","max-image-preview":"max-image-preview:large","max-video-preview":"max-video-preview:-1"},"canonical":"http:\/\/vincentians.com\/es\/lectio-divina-para-domingo-de-ramos-preparada-por-chuno-chavez-alva-c-m\/","og_locale":"es_ES","og_type":"article","og_title":"Lectio Divina para Domingo de Ramos (preparada por Chuno Ch\u00e1vez Alva, C.M.) - Somos Vicencianos","og_description":"LA PALABRA HOY: Lucas 19,28-40; Isa\u00edas 50,4-7; Salmo 21; Filipenses 2,6-11; Lucas 22,14-23,56 Ambientaci\u00f3n: Una cruz desnuda, adornada con palmas o ramos de olivo, y sobre ella un cartel: \u201c\u00a1Hosanna!\u201d Cantos sugeridos: Hosanna al rey ... Read More","og_url":"http:\/\/vincentians.com\/es\/lectio-divina-para-domingo-de-ramos-preparada-por-chuno-chavez-alva-c-m\/","og_site_name":"Somos Vicencianos","article_publisher":"https:\/\/www.facebook.com\/WeAreVincentians\/","article_author":"https:\/\/www.facebook.com\/JavierChento","article_published_time":"2013-03-18T15:43:32+00:00","article_modified_time":"2016-07-24T08:27:25+00:00","og_image":[{"width":1200,"height":630,"url":"https:\/\/i0.wp.com\/vincentians.com\/es\/wp-content\/uploads\/sites\/11\/2016\/07\/reflexiones-palabra-de-dios.jpg?fit=1200%2C630","type":"image\/jpeg"}],"author":"Francisco Javier Fern\u00e1ndez Chento","twitter_card":"summary_large_image","twitter_creator":"@https:\/\/twitter.com\/javierchento","twitter_site":"@WeVincentians","twitter_misc":{"Escrito por":"Francisco Javier Fern\u00e1ndez Chento","Tiempo de lectura":"6 minutos"},"schema":{"@context":"https:\/\/schema.org","@graph":[{"@type":"Article","@id":"http:\/\/vincentians.com\/es\/lectio-divina-para-domingo-de-ramos-preparada-por-chuno-chavez-alva-c-m\/#article","isPartOf":{"@id":"http:\/\/vincentians.com\/es\/lectio-divina-para-domingo-de-ramos-preparada-por-chuno-chavez-alva-c-m\/"},"author":{"name":"Francisco Javier Fern\u00e1ndez Chento","@id":"https:\/\/vincentians.com\/es\/#\/schema\/person\/9623ef4d9aa3b2dfb8c061f1499288f2"},"headline":"Lectio Divina para Domingo de Ramos (preparada por Chuno Ch\u00e1vez Alva, C.M.)","datePublished":"2013-03-18T15:43:32+00:00","dateModified":"2016-07-24T08:27:25+00:00","mainEntityOfPage":{"@id":"http:\/\/vincentians.com\/es\/lectio-divina-para-domingo-de-ramos-preparada-por-chuno-chavez-alva-c-m\/"},"wordCount":1119,"commentCount":0,"publisher":{"@id":"https:\/\/vincentians.com\/es\/#organization"},"image":{"@id":"http:\/\/vincentians.com\/es\/lectio-divina-para-domingo-de-ramos-preparada-por-chuno-chavez-alva-c-m\/#primaryimage"},"thumbnailUrl":"https:\/\/i0.wp.com\/vincentians.com\/es\/wp-content\/uploads\/sites\/11\/2016\/07\/reflexiones-palabra-de-dios.jpg?fit=1200%2C630","articleSection":["Homil\u00edas y reflexiones, A\u00f1o C"],"inLanguage":"es","potentialAction":[{"@type":"CommentAction","name":"Comment","target":["http:\/\/vincentians.com\/es\/lectio-divina-para-domingo-de-ramos-preparada-por-chuno-chavez-alva-c-m\/#respond"]}]},{"@type":"WebPage","@id":"http:\/\/vincentians.com\/es\/lectio-divina-para-domingo-de-ramos-preparada-por-chuno-chavez-alva-c-m\/","url":"http:\/\/vincentians.com\/es\/lectio-divina-para-domingo-de-ramos-preparada-por-chuno-chavez-alva-c-m\/","name":"Lectio Divina para Domingo de Ramos (preparada por Chuno Ch\u00e1vez Alva, C.M.) - Somos Vicencianos","isPartOf":{"@id":"https:\/\/vincentians.com\/es\/#website"},"primaryImageOfPage":{"@id":"http:\/\/vincentians.com\/es\/lectio-divina-para-domingo-de-ramos-preparada-por-chuno-chavez-alva-c-m\/#primaryimage"},"image":{"@id":"http:\/\/vincentians.com\/es\/lectio-divina-para-domingo-de-ramos-preparada-por-chuno-chavez-alva-c-m\/#primaryimage"},"thumbnailUrl":"https:\/\/i0.wp.com\/vincentians.com\/es\/wp-content\/uploads\/sites\/11\/2016\/07\/reflexiones-palabra-de-dios.jpg?fit=1200%2C630","datePublished":"2013-03-18T15:43:32+00:00","dateModified":"2016-07-24T08:27:25+00:00","breadcrumb":{"@id":"http:\/\/vincentians.com\/es\/lectio-divina-para-domingo-de-ramos-preparada-por-chuno-chavez-alva-c-m\/#breadcrumb"},"inLanguage":"es","potentialAction":[{"@type":"ReadAction","target":["http:\/\/vincentians.com\/es\/lectio-divina-para-domingo-de-ramos-preparada-por-chuno-chavez-alva-c-m\/"]}]},{"@type":"ImageObject","inLanguage":"es","@id":"http:\/\/vincentians.com\/es\/lectio-divina-para-domingo-de-ramos-preparada-por-chuno-chavez-alva-c-m\/#primaryimage","url":"https:\/\/i0.wp.com\/vincentians.com\/es\/wp-content\/uploads\/sites\/11\/2016\/07\/reflexiones-palabra-de-dios.jpg?fit=1200%2C630","contentUrl":"https:\/\/i0.wp.com\/vincentians.com\/es\/wp-content\/uploads\/sites\/11\/2016\/07\/reflexiones-palabra-de-dios.jpg?fit=1200%2C630","width":1200,"height":630},{"@type":"BreadcrumbList","@id":"http:\/\/vincentians.com\/es\/lectio-divina-para-domingo-de-ramos-preparada-por-chuno-chavez-alva-c-m\/#breadcrumb","itemListElement":[{"@type":"ListItem","position":1,"name":"Portada","item":"https:\/\/vincentians.com\/es\/"},{"@type":"ListItem","position":2,"name":"Lectio Divina para Domingo de Ramos (preparada por Chuno Ch\u00e1vez Alva, C.M.)"}]},{"@type":"WebSite","@id":"https:\/\/vincentians.com\/es\/#website","url":"https:\/\/vincentians.com\/es\/","name":"Somos Vicencianos","description":"Know more to serve more","publisher":{"@id":"https:\/\/vincentians.com\/es\/#organization"},"potentialAction":[{"@type":"SearchAction","target":{"@type":"EntryPoint","urlTemplate":"https:\/\/vincentians.com\/es\/?s={search_term_string}"},"query-input":{"@type":"PropertyValueSpecification","valueRequired":true,"valueName":"search_term_string"}}],"inLanguage":"es"},{"@type":"Organization","@id":"https:\/\/vincentians.com\/es\/#organization","name":"The Vincentian Network","url":"https:\/\/vincentians.com\/es\/","logo":{"@type":"ImageObject","inLanguage":"es","@id":"https:\/\/vincentians.com\/es\/#\/schema\/logo\/image\/","url":"https:\/\/i1.wp.com\/vincentians.com\/es\/wp-content\/uploads\/sites\/11\/2016\/06\/Vincentian-Network-logo-big.png?fit=778%2C778","contentUrl":"https:\/\/i1.wp.com\/vincentians.com\/es\/wp-content\/uploads\/sites\/11\/2016\/06\/Vincentian-Network-logo-big.png?fit=778%2C778","width":778,"height":778,"caption":"The Vincentian Network"},"image":{"@id":"https:\/\/vincentians.com\/es\/#\/schema\/logo\/image\/"},"sameAs":["https:\/\/www.facebook.com\/WeAreVincentians\/","https:\/\/x.com\/WeVincentians"]},{"@type":"Person","@id":"https:\/\/vincentians.com\/es\/#\/schema\/person\/9623ef4d9aa3b2dfb8c061f1499288f2","name":"Francisco Javier Fern\u00e1ndez Chento","image":{"@type":"ImageObject","inLanguage":"es","@id":"https:\/\/vincentians.com\/es\/#\/schema\/person\/image\/","url":"https:\/\/secure.gravatar.com\/avatar\/497d5cde87b4c3d097d0315953521681ba2cd523ee66e5077c3711f7021e65de?s=96&d=mm&r=g","contentUrl":"https:\/\/secure.gravatar.com\/avatar\/497d5cde87b4c3d097d0315953521681ba2cd523ee66e5077c3711f7021e65de?s=96&d=mm&r=g","caption":"Francisco Javier Fern\u00e1ndez Chento"},"description":"Director General y cofundador de La Red de Formaci\u00f3n Vicenciana. Javier es laico vicenciano, afiliado a la Congregaci\u00f3n de la Misi\u00f3n y miembro del Equipo de Misiones Populares de la provincia can\u00f3nica de Zaragoza (Espa\u00f1a) de la Congregaci\u00f3n de la Misi\u00f3n. Graduado en la Universidad Oberta de Catalunya con cuatro grados (Asistente de direcci\u00f3n, Gesti\u00f3n Administrativa, Recursos Humanos y Contabilidad Avanzada). Bil\u00edng\u00fce Espa\u00f1ol\/Ingl\u00e9s. gestiona y mantiene varias p\u00e1ginas web cristianas y vicencianas, incluida including La Red de Formaci\u00f3n Vicenciana, de la que es cofundador. Actualmente es responsable del \u00e1rea de Espa\u00f1ol de .famvin, la Red de Noticias de la Familia Vicenciana. Tambi\u00e9n es m\u00fasico cat\u00f3lico y ha editado varios discos. Es Director General y cofundador de Trovador, una reconocida compa\u00f1\u00eda discogr\u00e1fica critiana de Espa\u00f1a. Trabaja en las Tecnolog\u00edas de la Informaci\u00f3n, ofreciendo servicios de alojamiento, dise\u00f1o y mantenimiento Web, as\u00ed como asesoramiento, formaci\u00f3n y soluciones inform\u00e1ticas, gesti\u00f3n documental y digitalizaci\u00f3n de textos, edici\u00f3n y maquetaci\u00f3n de libros, revistas, flyers, etc.","sameAs":["http:\/\/chento.org","https:\/\/www.facebook.com\/JavierChento","https:\/\/x.com\/https:\/\/twitter.com\/javierchento"],"url":"http:\/\/vincentians.com\/es\/author\/chento\/"}]}},"jetpack_publicize_connections":[],"jetpack_featured_media_url":"https:\/\/i0.wp.com\/vincentians.com\/es\/wp-content\/uploads\/sites\/11\/2016\/07\/reflexiones-palabra-de-dios.jpg?fit=1200%2C630","jetpack_sharing_enabled":true,"jetpack_shortlink":"https:\/\/wp.me\/p7ETMF-Nd","jetpack-related-posts":[{"id":142062,"url":"http:\/\/vincentians.com\/es\/lectio-para-domingo-de-ramos-preparada-por-chuno-chavez-alva-c-m\/","url_meta":{"origin":3051,"position":0},"title":"Lectio para Domingo de Ramos (preparada por Chuno Ch\u00e1vez Alva, C.M.)","author":"Francisco Javier Fern\u00e1ndez Chento","date":"24\/03\/2015","format":false,"excerpt":"Porque se humill\u00f3, Dios lo exalt\u00f3 LA PALABRA HOY: Marcos 11,1-10; Isa\u00edas 50,4-7; Salmo 21; Filipenses 2,6-11; Marcos 14,1-15,47 Ambientaci\u00f3n: Una cruz desnuda, adornada con palmas o ramos de olivo, y sobre ella un cartel: \u201c\u00a1Hosanna!\u201d Cantos sugeridos: Hosanna al rey de los cielos; T\u00fa reinar\u00e1s Ambientaci\u00f3n Este d\u00eda acompa\u00f1amos\u2026","rel":"","context":"En \u00abHomil\u00edas y reflexiones, A\u00f1o B\u00bb","block_context":{"text":"Homil\u00edas y reflexiones, A\u00f1o B","link":"http:\/\/vincentians.com\/es\/category\/homilias-y-reflexiones-a-la-palabra-de-dios\/homilias-y-reflexiones-ano-b\/"},"img":{"alt_text":"","src":"https:\/\/i0.wp.com\/vincentians.com\/es\/wp-content\/uploads\/sites\/11\/2016\/07\/reflexiones-palabra-de-dios.jpg?fit=1200%2C630&resize=350%2C200","width":350,"height":200,"srcset":"https:\/\/i0.wp.com\/vincentians.com\/es\/wp-content\/uploads\/sites\/11\/2016\/07\/reflexiones-palabra-de-dios.jpg?fit=1200%2C630&resize=350%2C200 1x, https:\/\/i0.wp.com\/vincentians.com\/es\/wp-content\/uploads\/sites\/11\/2016\/07\/reflexiones-palabra-de-dios.jpg?fit=1200%2C630&resize=525%2C300 1.5x, https:\/\/i0.wp.com\/vincentians.com\/es\/wp-content\/uploads\/sites\/11\/2016\/07\/reflexiones-palabra-de-dios.jpg?fit=1200%2C630&resize=700%2C400 2x, https:\/\/i0.wp.com\/vincentians.com\/es\/wp-content\/uploads\/sites\/11\/2016\/07\/reflexiones-palabra-de-dios.jpg?fit=1200%2C630&resize=1050%2C600 3x"},"classes":[]},{"id":142617,"url":"http:\/\/vincentians.com\/es\/domingo-de-ramos-reflexion-de-javier-balda-c-m\/","url_meta":{"origin":3051,"position":1},"title":"Domingo de Ramos (reflexi\u00f3n de Javier Balda, C.M.)","author":"Francisco Javier Fern\u00e1ndez Chento","date":"29\/03\/2015","format":false,"excerpt":"Hoy palmas, ma\u00f1ana espinas. Hoy hosannas y v\u00edtores, ma\u00f1ana condenas y gritos de crucifixi\u00f3n. Hoy camino de rosas y alfombras, ma\u00f1ana de piedras y lodo. Hoy camino de vida triunfal, ma\u00f1ana de muerte ignominiosa. Hoy el h\u00e9roe, el Mes\u00edas, el Hijo de David, ma\u00f1ana el villano, el impostor, el blasfemo.\u2026","rel":"","context":"En \u00abHomil\u00edas y reflexiones, A\u00f1o B\u00bb","block_context":{"text":"Homil\u00edas y reflexiones, A\u00f1o B","link":"http:\/\/vincentians.com\/es\/category\/homilias-y-reflexiones-a-la-palabra-de-dios\/homilias-y-reflexiones-ano-b\/"},"img":{"alt_text":"","src":"https:\/\/i0.wp.com\/vincentians.com\/es\/wp-content\/uploads\/sites\/11\/2016\/07\/reflexiones-palabra-de-dios.jpg?fit=1200%2C630&resize=350%2C200","width":350,"height":200,"srcset":"https:\/\/i0.wp.com\/vincentians.com\/es\/wp-content\/uploads\/sites\/11\/2016\/07\/reflexiones-palabra-de-dios.jpg?fit=1200%2C630&resize=350%2C200 1x, https:\/\/i0.wp.com\/vincentians.com\/es\/wp-content\/uploads\/sites\/11\/2016\/07\/reflexiones-palabra-de-dios.jpg?fit=1200%2C630&resize=525%2C300 1.5x, https:\/\/i0.wp.com\/vincentians.com\/es\/wp-content\/uploads\/sites\/11\/2016\/07\/reflexiones-palabra-de-dios.jpg?fit=1200%2C630&resize=700%2C400 2x, https:\/\/i0.wp.com\/vincentians.com\/es\/wp-content\/uploads\/sites\/11\/2016\/07\/reflexiones-palabra-de-dios.jpg?fit=1200%2C630&resize=1050%2C600 3x"},"classes":[]},{"id":1451,"url":"http:\/\/vincentians.com\/es\/domingo-de-ramos-reflexion-de-julio-cesar-villalobos-c-m\/","url_meta":{"origin":3051,"position":2},"title":"Domingo de Ramos (reflexi\u00f3n de Julio C\u00e9sar Villalobos, C.M.)","author":"Francisco Javier Fern\u00e1ndez Chento","date":"31\/03\/2012","format":false,"excerpt":"Jes\u00fas es nuestro Rey \u00bfTe acuerdas Jes\u00fas cuando t\u00fa pasabas por Jerusal\u00e9n?, mucha gente te gritaba: \"Hosanna, bendito el que viene en nombre del Se\u00f1or\". \u00bfY cu\u00e1ntas de estas personas alfombraban las calles de Jerusal\u00e9n con ramos? Qu\u00e9 maravilloso cuadro, Jes\u00fas, qu\u00e9 maravillosa escena. Cuando t\u00fa pasabas, muchos te miraban,\u2026","rel":"","context":"En \u00abHomil\u00edas y reflexiones, A\u00f1o B\u00bb","block_context":{"text":"Homil\u00edas y reflexiones, A\u00f1o B","link":"http:\/\/vincentians.com\/es\/category\/homilias-y-reflexiones-a-la-palabra-de-dios\/homilias-y-reflexiones-ano-b\/"},"img":{"alt_text":"","src":"https:\/\/i0.wp.com\/vincentians.com\/es\/wp-content\/uploads\/sites\/11\/2016\/07\/reflexiones-palabra-de-dios.jpg?fit=1200%2C630&resize=350%2C200","width":350,"height":200,"srcset":"https:\/\/i0.wp.com\/vincentians.com\/es\/wp-content\/uploads\/sites\/11\/2016\/07\/reflexiones-palabra-de-dios.jpg?fit=1200%2C630&resize=350%2C200 1x, https:\/\/i0.wp.com\/vincentians.com\/es\/wp-content\/uploads\/sites\/11\/2016\/07\/reflexiones-palabra-de-dios.jpg?fit=1200%2C630&resize=525%2C300 1.5x, https:\/\/i0.wp.com\/vincentians.com\/es\/wp-content\/uploads\/sites\/11\/2016\/07\/reflexiones-palabra-de-dios.jpg?fit=1200%2C630&resize=700%2C400 2x, https:\/\/i0.wp.com\/vincentians.com\/es\/wp-content\/uploads\/sites\/11\/2016\/07\/reflexiones-palabra-de-dios.jpg?fit=1200%2C630&resize=1050%2C600 3x"},"classes":[]},{"id":132251,"url":"http:\/\/vincentians.com\/es\/origenes-del-apellido-ozanam\/","url_meta":{"origin":3051,"position":3},"title":"Or\u00edgenes del apellido Ozanam","author":"Francisco Javier Fern\u00e1ndez Chento","date":"07\/12\/2014","format":false,"excerpt":"De acuerdo a datos estad\u00edsticos ofrecidos por el INSEE franc\u00e9s, Ozanam es un apellido muy poco habitual: menos de 50 personas nacieron en Francia con dicho apellido durante el siglo XX. \u00bfDe d\u00f3nde proviene? Es una pregunta que varios investigadores se han venido haciendo ya desde mediados del siglo XIX,\u2026","rel":"","context":"En \u00abFederico Ozanam\u00bb","block_context":{"text":"Federico Ozanam","link":"http:\/\/vincentians.com\/es\/category\/la-familia-vicenciana\/fundadores\/federico-ozanam\/"},"img":{"alt_text":"ozanam_moneda","src":"https:\/\/i0.wp.com\/vicencianos.org\/wp-content\/2014\/12\/ozanam_moneda-300x300.jpg?resize=350%2C200","width":350,"height":200},"classes":[]},{"id":400998,"url":"http:\/\/vincentians.com\/es\/14o-domingo-to-rdizonreyes-imagen\/","url_meta":{"origin":3051,"position":4},"title":"14\u00ba Domingo de T.O. (reflexi\u00f3n de Rosalino Dizon Reyes)","author":"Ross Reyes Dizon","date":"04\/07\/2017","format":false,"excerpt":"Imagen del Dios invisible e inaccesible Jes\u00fas es impronta del ser de Dios.\u00a0 De palabra y obra, nos ense\u00f1a lo que significa reflejar fielmente a Dios que nos cre\u00f3 a su imagen. Ning\u00fan hombre ha visto jam\u00e1s a Dios.\u00a0 Tampoco podemos penetrar en la luz donde Dios habita.\u00a0 Pero este\u2026","rel":"","context":"En \u00abHomil\u00edas y reflexiones, A\u00f1o A\u00bb","block_context":{"text":"Homil\u00edas y reflexiones, A\u00f1o A","link":"http:\/\/vincentians.com\/es\/category\/homilias-y-reflexiones-a-la-palabra-de-dios\/homilias-y-reflexiones-ano-a\/"},"img":{"alt_text":"","src":"https:\/\/i0.wp.com\/vincentians.com\/es\/wp-content\/uploads\/sites\/11\/2016\/07\/reflexiones-ross.jpg?fit=1200%2C630&resize=350%2C200","width":350,"height":200,"srcset":"https:\/\/i0.wp.com\/vincentians.com\/es\/wp-content\/uploads\/sites\/11\/2016\/07\/reflexiones-ross.jpg?fit=1200%2C630&resize=350%2C200 1x, https:\/\/i0.wp.com\/vincentians.com\/es\/wp-content\/uploads\/sites\/11\/2016\/07\/reflexiones-ross.jpg?fit=1200%2C630&resize=525%2C300 1.5x, https:\/\/i0.wp.com\/vincentians.com\/es\/wp-content\/uploads\/sites\/11\/2016\/07\/reflexiones-ross.jpg?fit=1200%2C630&resize=700%2C400 2x, https:\/\/i0.wp.com\/vincentians.com\/es\/wp-content\/uploads\/sites\/11\/2016\/07\/reflexiones-ross.jpg?fit=1200%2C630&resize=1050%2C600 3x"},"classes":[]},{"id":142996,"url":"http:\/\/vincentians.com\/es\/lectio-para-3o-domingo-de-pascua-preparada-por-chuno-chavez-alva-c-m-2\/","url_meta":{"origin":3051,"position":5},"title":"Lectio para 3\u00ba Domingo de Pascua (preparada por Chuno Ch\u00e1vez Alva, C.M.)","author":"Francisco Javier Fern\u00e1ndez Chento","date":"13\/04\/2015","format":false,"excerpt":"Ustedes son testigo de estas cosas LA PALABRA HOY: Hechos Ap\u00f3stoles 3,13-15.17-19; Salmo 4; 1 Juan 2,1-5; Lucas 24, 35-38 Ambientaci\u00f3n: Cirio pascual, biblia grande, imagen del resucitado Cantos sugeridos: Cristo es nuestra paz; Te conocimos, Se\u00f1or Ambientaci\u00f3n Los textos de hoy establecen una estrecha relaci\u00f3n entre la experiencia pascual\u2026","rel":"","context":"En \u00abHomil\u00edas y reflexiones, A\u00f1o B\u00bb","block_context":{"text":"Homil\u00edas y reflexiones, A\u00f1o B","link":"http:\/\/vincentians.com\/es\/category\/homilias-y-reflexiones-a-la-palabra-de-dios\/homilias-y-reflexiones-ano-b\/"},"img":{"alt_text":"","src":"https:\/\/i0.wp.com\/vincentians.com\/es\/wp-content\/uploads\/sites\/11\/2016\/07\/reflexiones-palabra-de-dios.jpg?fit=1200%2C630&resize=350%2C200","width":350,"height":200,"srcset":"https:\/\/i0.wp.com\/vincentians.com\/es\/wp-content\/uploads\/sites\/11\/2016\/07\/reflexiones-palabra-de-dios.jpg?fit=1200%2C630&resize=350%2C200 1x, https:\/\/i0.wp.com\/vincentians.com\/es\/wp-content\/uploads\/sites\/11\/2016\/07\/reflexiones-palabra-de-dios.jpg?fit=1200%2C630&resize=525%2C300 1.5x, https:\/\/i0.wp.com\/vincentians.com\/es\/wp-content\/uploads\/sites\/11\/2016\/07\/reflexiones-palabra-de-dios.jpg?fit=1200%2C630&resize=700%2C400 2x, https:\/\/i0.wp.com\/vincentians.com\/es\/wp-content\/uploads\/sites\/11\/2016\/07\/reflexiones-palabra-de-dios.jpg?fit=1200%2C630&resize=1050%2C600 3x"},"classes":[]}],"_links":{"self":[{"href":"http:\/\/vincentians.com\/es\/wp-json\/wp\/v2\/posts\/3051","targetHints":{"allow":["GET"]}}],"collection":[{"href":"http:\/\/vincentians.com\/es\/wp-json\/wp\/v2\/posts"}],"about":[{"href":"http:\/\/vincentians.com\/es\/wp-json\/wp\/v2\/types\/post"}],"author":[{"embeddable":true,"href":"http:\/\/vincentians.com\/es\/wp-json\/wp\/v2\/users\/4"}],"replies":[{"embeddable":true,"href":"http:\/\/vincentians.com\/es\/wp-json\/wp\/v2\/comments?post=3051"}],"version-history":[{"count":0,"href":"http:\/\/vincentians.com\/es\/wp-json\/wp\/v2\/posts\/3051\/revisions"}],"wp:featuredmedia":[{"embeddable":true,"href":"http:\/\/vincentians.com\/es\/wp-json\/wp\/v2\/media\/388408"}],"wp:attachment":[{"href":"http:\/\/vincentians.com\/es\/wp-json\/wp\/v2\/media?parent=3051"}],"wp:term":[{"taxonomy":"category","embeddable":true,"href":"http:\/\/vincentians.com\/es\/wp-json\/wp\/v2\/categories?post=3051"},{"taxonomy":"post_tag","embeddable":true,"href":"http:\/\/vincentians.com\/es\/wp-json\/wp\/v2\/tags?post=3051"}],"curies":[{"name":"wp","href":"https:\/\/api.w.org\/{rel}","templated":true}]}}